{"id":5520,"date":"2025-08-31T16:00:00","date_gmt":"2025-08-31T14:00:00","guid":{"rendered":"https:\/\/unaymilletras.com\/?p=5520"},"modified":"2025-08-29T16:40:05","modified_gmt":"2025-08-29T14:40:05","slug":"rels-b-actuara-en-el-cabaret-festival-2025-de-sevilla","status":"publish","type":"post","link":"https:\/\/unaymilletras.com\/en\/rels-b-actuara-en-el-cabaret-festival-2025-de-sevilla\/","title":{"rendered":"Rels B actuar\u00e1 en el Cabaret Festival 2025 de Sevilla"},"content":{"rendered":"<div data-elementor-type=\"wp-post\" data-elementor-id=\"5520\" class=\"elementor elementor-5520\">\n\t\t\t\t\t\t<section class=\"elementor-section elementor-top-section elementor-element elementor-element-5915c7c elementor-section-boxed elementor-section-height-default elementor-section-height-default\" data-id=\"5915c7c\" data-element_type=\"section\" data-e-type=\"section\">\n\t\t\t\t\t\t<div class=\"elementor-container elementor-column-gap-default\">\n\t\t\t\t\t<div class=\"elementor-column elementor-col-100 elementor-top-column elementor-element elementor-element-10e83ab\" data-id=\"10e83ab\" data-element_type=\"column\" data-e-type=\"column\">\n\t\t\t<div class=\"elementor-widget-wrap elementor-element-populated\">\n\t\t\t\t\t\t<div class=\"elementor-element elementor-element-36d624c elementor-widget elementor-widget-text-editor\" data-id=\"36d624c\" data-element_type=\"widget\" data-e-type=\"widget\" data-widget_type=\"text-editor.default\">\n\t\t\t\t<div class=\"elementor-widget-container\">\n\t\t\t\t\t\t\t\t\t<h2 style=\"text-align: center;\"><span style=\"color: #808080;\"><em>El Cabaret Festival se prepara para recibir al artista mallorqu\u00edn Rels B en su cuarta edici\u00f3n en Mairena del Aljarafe<\/em><\/span><\/h2>\t\t\t\t\t\t\t\t<\/div>\n\t\t\t\t<\/div>\n\t\t\t\t\t<\/div>\n\t\t<\/div>\n\t\t\t\t\t<\/div>\n\t\t<\/section>\n\t\t\t\t<section class=\"elementor-section elementor-top-section elementor-element elementor-element-d0de265 elementor-section-boxed elementor-section-height-default elementor-section-height-default\" data-id=\"d0de265\" data-element_type=\"section\" data-e-type=\"section\">\n\t\t\t\t\t\t<div class=\"elementor-container elementor-column-gap-default\">\n\t\t\t\t\t<div class=\"elementor-column elementor-col-100 elementor-top-column elementor-element elementor-element-55c8664\" data-id=\"55c8664\" data-element_type=\"column\" data-e-type=\"column\">\n\t\t\t<div class=\"elementor-widget-wrap elementor-element-populated\">\n\t\t\t\t\t\t<div class=\"elementor-element elementor-element-44d3e5a elementor-widget elementor-widget-text-editor\" data-id=\"44d3e5a\" data-element_type=\"widget\" data-e-type=\"widget\" data-widget_type=\"text-editor.default\">\n\t\t\t\t<div class=\"elementor-widget-container\">\n\t\t\t\t\t\t\t\t\t<p data-start=\"184\" data-end=\"645\">Rels B ha confirmado su presencia en la cuarta edici\u00f3n del <strong data-start=\"243\" data-end=\"263\">Cabaret Festival<\/strong>, donde ofrecer\u00e1 un \u00fanico concierto en la provincia de Sevilla. La cita ser\u00e1 el <strong data-start=\"343\" data-end=\"371\">viernes 26 de septiembre<\/strong> en el Centro H\u00edpico de <strong data-start=\"395\" data-end=\"419\">Mairena del Aljarafe<\/strong>, dentro de su <em data-start=\"434\" data-end=\"457\">A New Star World Tour<\/em>. El show comenzar\u00e1 a las <strong data-start=\"483\" data-end=\"498\">18:30 horas<\/strong> y contar\u00e1 tambi\u00e9n con la participaci\u00f3n de <strong data-start=\"541\" data-end=\"558\">DJs invitados<\/strong>, en el formato cercano e \u00edntimo que caracteriza a este festival boutique itinerante.<\/p>\t\t\t\t\t\t\t\t<\/div>\n\t\t\t\t<\/div>\n\t\t\t\t\t<\/div>\n\t\t<\/div>\n\t\t\t\t\t<\/div>\n\t\t<\/section>\n\t\t\t\t<section class=\"elementor-section elementor-top-section elementor-element elementor-element-f273cdf elementor-section-boxed elementor-section-height-default elementor-section-height-default\" data-id=\"f273cdf\" data-element_type=\"section\" data-e-type=\"section\">\n\t\t\t\t\t\t<div class=\"elementor-container elementor-column-gap-default\">\n\t\t\t\t\t<div class=\"elementor-column elementor-col-100 elementor-top-column elementor-element elementor-element-99b6172\" data-id=\"99b6172\" data-element_type=\"column\" data-e-type=\"column\">\n\t\t\t<div class=\"elementor-widget-wrap elementor-element-populated\">\n\t\t\t\t\t\t<div class=\"elementor-element elementor-element-aadd520 elementor-widget elementor-widget-image\" data-id=\"aadd520\" data-element_type=\"widget\" data-e-type=\"widget\" data-widget_type=\"image.default\">\n\t\t\t\t<div class=\"elementor-widget-container\">\n\t\t\t\t\t\t\t\t\t\t\t\t\t\t\t<img fetchpriority=\"high\" decoding=\"async\" width=\"640\" height=\"829\" src=\"https:\/\/unaymilletras.com\/wp-content\/uploads\/2025\/08\/CABARET-FESTIVAL-791x1024.jpg\" class=\"attachment-large size-large wp-image-5510\" alt=\"\" srcset=\"https:\/\/unaymilletras.com\/wp-content\/uploads\/2025\/08\/CABARET-FESTIVAL-791x1024.jpg 791w, https:\/\/unaymilletras.com\/wp-content\/uploads\/2025\/08\/CABARET-FESTIVAL-232x300.jpg 232w, https:\/\/unaymilletras.com\/wp-content\/uploads\/2025\/08\/CABARET-FESTIVAL-768x994.jpg 768w, https:\/\/unaymilletras.com\/wp-content\/uploads\/2025\/08\/CABARET-FESTIVAL-1186x1536.jpg 1186w, https:\/\/unaymilletras.com\/wp-content\/uploads\/2025\/08\/CABARET-FESTIVAL-1582x2048.jpg 1582w, https:\/\/unaymilletras.com\/wp-content\/uploads\/2025\/08\/CABARET-FESTIVAL-9x12.jpg 9w, https:\/\/unaymilletras.com\/wp-content\/uploads\/2025\/08\/CABARET-FESTIVAL-1024x1326.jpg 1024w, https:\/\/unaymilletras.com\/wp-content\/uploads\/2025\/08\/CABARET-FESTIVAL-e1756478042931.jpg 600w\" sizes=\"(max-width: 640px) 100vw, 640px\" \/>\t\t\t\t\t\t\t\t\t\t\t\t\t\t\t<\/div>\n\t\t\t\t<\/div>\n\t\t\t\t\t<\/div>\n\t\t<\/div>\n\t\t\t\t\t<\/div>\n\t\t<\/section>\n\t\t\t\t<section class=\"elementor-section elementor-top-section elementor-element elementor-element-6596ec8 elementor-section-boxed elementor-section-height-default elementor-section-height-default\" data-id=\"6596ec8\" data-element_type=\"section\" data-e-type=\"section\">\n\t\t\t\t\t\t<div class=\"elementor-container elementor-column-gap-default\">\n\t\t\t\t\t<div class=\"elementor-column elementor-col-100 elementor-top-column elementor-element elementor-element-a42b5b6\" data-id=\"a42b5b6\" data-element_type=\"column\" data-e-type=\"column\">\n\t\t\t<div class=\"elementor-widget-wrap elementor-element-populated\">\n\t\t\t\t\t\t<div class=\"elementor-element elementor-element-6edfbf4 elementor-widget elementor-widget-text-editor\" data-id=\"6edfbf4\" data-element_type=\"widget\" data-e-type=\"widget\" data-widget_type=\"text-editor.default\">\n\t\t\t\t<div class=\"elementor-widget-container\">\n\t\t\t\t\t\t\t\t\t<p data-start=\"647\" data-end=\"982\">Las entradas ya est\u00e1n disponibles con precios desde <strong data-start=\"699\" data-end=\"714\">49,50 euros<\/strong>, ofreciendo distintas opciones como pista general o grada frontal y lateral. El concierto promete una experiencia directa y \u00fanica para los seguidores del artista mallorqu\u00edn, que se ha consolidado como una de las voces m\u00e1s influyentes de la m\u00fasica urbana en espa\u00f1ol.<\/p>\n<p data-start=\"984\" data-end=\"1582\">Rels B, tambi\u00e9n conocido como Skinny Flakk, ha conseguido en los \u00faltimos a\u00f1os una proyecci\u00f3n internacional que lo ha llevado a llenar recintos en Europa y Am\u00e9rica Latina. Sus canciones acumulan cientos de millones de reproducciones en plataformas digitales y su estilo personal lo ha convertido en uno de los grandes referentes de la m\u00fasica urbana contempor\u00e1nea.&nbsp;<\/p><p data-start=\"984\" data-end=\"1582\">Su <em data-start=\"1350\" data-end=\"1373\">A New Star World Tour<\/em> est\u00e1 recorriendo distintas ciudades del mundo y ahora har\u00e1 una parada especial en Sevilla, reforzando el atractivo del Cabaret Festival como punto de encuentro entre artistas y p\u00fablico en un ambiente \u00fanico.<\/p>\t\t\t\t\t\t\t\t<\/div>\n\t\t\t\t<\/div>\n\t\t\t\t\t<\/div>\n\t\t<\/div>\n\t\t\t\t\t<\/div>\n\t\t<\/section>\n\t\t\t\t<\/div>","protected":false},"excerpt":{"rendered":"<p>El Cabaret Festival se prepara para recibir al artista mallorqu\u00edn Rels B en su cuarta edici\u00f3n en Mairena del Aljarafe Rels B ha confirmado su presencia en la cuarta edici\u00f3n del Cabaret Festival, donde ofrecer\u00e1 un \u00fanico concierto en la provincia de Sevilla. La cita ser\u00e1 el viernes 26 de septiembre en el Centro H\u00edpico [&hellip;]<\/p>\n","protected":false},"author":6,"featured_media":5510,"comment_status":"closed","ping_status":"closed","sticky":false,"template":"","format":"standard","meta":{"footnotes":""},"categories":[4],"tags":[],"class_list":["post-5520","post","type-post","status-publish","format-standard","has-post-thumbnail","hentry","category-musica"],"yoast_head":"<!-- This site is optimized with the Yoast SEO plugin v27.4 - https:\/\/yoast.com\/product\/yoast-seo-wordpress\/ -->\n<title>Rels B actuar\u00e1 en el Cabaret Festival 2025 de Sevilla<\/title>\n<meta name=\"description\" content=\"El Cabaret Festival se prepara para recibir al artista mallorqu\u00edn Rels B en su cuarta edici\u00f3n en Mairena del Aljarafe\" \/>\n<meta name=\"robots\" content=\"index, follow, max-snippet:-1, max-image-preview:large, max-video-preview:-1\" \/>\n<link rel=\"canonical\" href=\"https:\/\/unaymilletras.com\/en\/rels-b-actuara-en-el-cabaret-festival-2025-de-sevilla\/\" \/>\n<meta property=\"og:locale\" content=\"en_GB\" \/>\n<meta property=\"og:type\" content=\"article\" \/>\n<meta property=\"og:title\" content=\"Rels B actuar\u00e1 en el Cabaret Festival 2025 de Sevilla\" \/>\n<meta property=\"og:description\" content=\"El Cabaret Festival se prepara para recibir al artista mallorqu\u00edn Rels B en su cuarta edici\u00f3n en Mairena del Aljarafe\" \/>\n<meta property=\"og:url\" content=\"https:\/\/unaymilletras.com\/en\/rels-b-actuara-en-el-cabaret-festival-2025-de-sevilla\/\" \/>\n<meta property=\"og:site_name\" content=\"Una y Mil Letras\" \/>\n<meta property=\"article:published_time\" content=\"2025-08-31T14:00:00+00:00\" \/>\n<meta property=\"og:image\" content=\"https:\/\/unaymilletras.com\/wp-content\/uploads\/2025\/08\/CABARET-FESTIVAL-e1756478042931.jpg\" \/>\n\t<meta property=\"og:image:width\" content=\"600\" \/>\n\t<meta property=\"og:image:height\" content=\"777\" \/>\n\t<meta property=\"og:image:type\" content=\"image\/jpeg\" \/>\n<meta name=\"author\" content=\"Redacci\u00f3n\" \/>\n<meta name=\"twitter:card\" content=\"summary_large_image\" \/>\n<meta name=\"twitter:creator\" content=\"@UnaYMilLetras\" \/>\n<meta name=\"twitter:site\" content=\"@UnaYMilLetras\" \/>\n<meta name=\"twitter:label1\" content=\"Written by\" \/>\n\t<meta name=\"twitter:data1\" content=\"Redacci\u00f3n\" \/>\n\t<meta name=\"twitter:label2\" content=\"Estimated reading time\" \/>\n\t<meta name=\"twitter:data2\" content=\"2 minutes\" \/>\n<script type=\"application\/ld+json\" class=\"yoast-schema-graph\">{\"@context\":\"https:\\\/\\\/schema.org\",\"@graph\":[{\"@type\":\"Article\",\"@id\":\"https:\\\/\\\/unaymilletras.com\\\/rels-b-actuara-en-el-cabaret-festival-2025-de-sevilla\\\/#article\",\"isPartOf\":{\"@id\":\"https:\\\/\\\/unaymilletras.com\\\/rels-b-actuara-en-el-cabaret-festival-2025-de-sevilla\\\/\"},\"author\":{\"name\":\"Redacci\u00f3n\",\"@id\":\"http:\\\/\\\/unaymilletras.com\\\/#\\\/schema\\\/person\\\/0860dc8a218329991ee2c7591f4f849d\"},\"headline\":\"Rels B actuar\u00e1 en el Cabaret Festival 2025 de Sevilla\",\"datePublished\":\"2025-08-31T14:00:00+00:00\",\"mainEntityOfPage\":{\"@id\":\"https:\\\/\\\/unaymilletras.com\\\/rels-b-actuara-en-el-cabaret-festival-2025-de-sevilla\\\/\"},\"wordCount\":268,\"publisher\":{\"@id\":\"http:\\\/\\\/unaymilletras.com\\\/#organization\"},\"image\":{\"@id\":\"https:\\\/\\\/unaymilletras.com\\\/rels-b-actuara-en-el-cabaret-festival-2025-de-sevilla\\\/#primaryimage\"},\"thumbnailUrl\":\"https:\\\/\\\/unaymilletras.com\\\/wp-content\\\/uploads\\\/2025\\\/08\\\/CABARET-FESTIVAL-e1756478042931.jpg\",\"articleSection\":[\"M\u00fasica\"],\"inLanguage\":\"en-GB\"},{\"@type\":\"WebPage\",\"@id\":\"https:\\\/\\\/unaymilletras.com\\\/rels-b-actuara-en-el-cabaret-festival-2025-de-sevilla\\\/\",\"url\":\"https:\\\/\\\/unaymilletras.com\\\/rels-b-actuara-en-el-cabaret-festival-2025-de-sevilla\\\/\",\"name\":\"Rels B actuar\u00e1 en el Cabaret Festival 2025 de Sevilla\",\"isPartOf\":{\"@id\":\"http:\\\/\\\/unaymilletras.com\\\/#website\"},\"primaryImageOfPage\":{\"@id\":\"https:\\\/\\\/unaymilletras.com\\\/rels-b-actuara-en-el-cabaret-festival-2025-de-sevilla\\\/#primaryimage\"},\"image\":{\"@id\":\"https:\\\/\\\/unaymilletras.com\\\/rels-b-actuara-en-el-cabaret-festival-2025-de-sevilla\\\/#primaryimage\"},\"thumbnailUrl\":\"https:\\\/\\\/unaymilletras.com\\\/wp-content\\\/uploads\\\/2025\\\/08\\\/CABARET-FESTIVAL-e1756478042931.jpg\",\"datePublished\":\"2025-08-31T14:00:00+00:00\",\"description\":\"El Cabaret Festival se prepara para recibir al artista mallorqu\u00edn Rels B en su cuarta edici\u00f3n en Mairena del Aljarafe\",\"breadcrumb\":{\"@id\":\"https:\\\/\\\/unaymilletras.com\\\/rels-b-actuara-en-el-cabaret-festival-2025-de-sevilla\\\/#breadcrumb\"},\"inLanguage\":\"en-GB\",\"potentialAction\":[{\"@type\":\"ReadAction\",\"target\":[\"https:\\\/\\\/unaymilletras.com\\\/rels-b-actuara-en-el-cabaret-festival-2025-de-sevilla\\\/\"]}]},{\"@type\":\"ImageObject\",\"inLanguage\":\"en-GB\",\"@id\":\"https:\\\/\\\/unaymilletras.com\\\/rels-b-actuara-en-el-cabaret-festival-2025-de-sevilla\\\/#primaryimage\",\"url\":\"https:\\\/\\\/unaymilletras.com\\\/wp-content\\\/uploads\\\/2025\\\/08\\\/CABARET-FESTIVAL-e1756478042931.jpg\",\"contentUrl\":\"https:\\\/\\\/unaymilletras.com\\\/wp-content\\\/uploads\\\/2025\\\/08\\\/CABARET-FESTIVAL-e1756478042931.jpg\",\"width\":600,\"height\":777},{\"@type\":\"BreadcrumbList\",\"@id\":\"https:\\\/\\\/unaymilletras.com\\\/rels-b-actuara-en-el-cabaret-festival-2025-de-sevilla\\\/#breadcrumb\",\"itemListElement\":[{\"@type\":\"ListItem\",\"position\":1,\"name\":\"Home\",\"item\":\"http:\\\/\\\/unaymilletras.com\\\/\"},{\"@type\":\"ListItem\",\"position\":2,\"name\":\"Rels B actuar\u00e1 en el Cabaret Festival 2025 de Sevilla\"}]},{\"@type\":\"WebSite\",\"@id\":\"http:\\\/\\\/unaymilletras.com\\\/#website\",\"url\":\"http:\\\/\\\/unaymilletras.com\\\/\",\"name\":\"Una y Mil Letras\",\"description\":\"\",\"publisher\":{\"@id\":\"http:\\\/\\\/unaymilletras.com\\\/#organization\"},\"potentialAction\":[{\"@type\":\"SearchAction\",\"target\":{\"@type\":\"EntryPoint\",\"urlTemplate\":\"http:\\\/\\\/unaymilletras.com\\\/?s={search_term_string}\"},\"query-input\":{\"@type\":\"PropertyValueSpecification\",\"valueRequired\":true,\"valueName\":\"search_term_string\"}}],\"inLanguage\":\"en-GB\"},{\"@type\":\"Organization\",\"@id\":\"http:\\\/\\\/unaymilletras.com\\\/#organization\",\"name\":\"Una y Mil Letras\",\"url\":\"http:\\\/\\\/unaymilletras.com\\\/\",\"logo\":{\"@type\":\"ImageObject\",\"inLanguage\":\"en-GB\",\"@id\":\"http:\\\/\\\/unaymilletras.com\\\/#\\\/schema\\\/logo\\\/image\\\/\",\"url\":\"https:\\\/\\\/unaymilletras.com\\\/wp-content\\\/uploads\\\/2024\\\/06\\\/cropped-Logo-removebg-preview.png\",\"contentUrl\":\"https:\\\/\\\/unaymilletras.com\\\/wp-content\\\/uploads\\\/2024\\\/06\\\/cropped-Logo-removebg-preview.png\",\"width\":512,\"height\":512,\"caption\":\"Una y Mil Letras\"},\"image\":{\"@id\":\"http:\\\/\\\/unaymilletras.com\\\/#\\\/schema\\\/logo\\\/image\\\/\"},\"sameAs\":[\"https:\\\/\\\/x.com\\\/UnaYMilLetras\",\"https:\\\/\\\/instagram.com\\\/UnaYMilLetras\"]},{\"@type\":\"Person\",\"@id\":\"http:\\\/\\\/unaymilletras.com\\\/#\\\/schema\\\/person\\\/0860dc8a218329991ee2c7591f4f849d\",\"name\":\"Redacci\u00f3n\",\"image\":{\"@type\":\"ImageObject\",\"inLanguage\":\"en-GB\",\"@id\":\"https:\\\/\\\/secure.gravatar.com\\\/avatar\\\/d8f55e05a8b6597e45c55a1dcbdbfe44f4a360d88b48e00de5216a79b7732796?s=96&d=mm&r=g\",\"url\":\"https:\\\/\\\/secure.gravatar.com\\\/avatar\\\/d8f55e05a8b6597e45c55a1dcbdbfe44f4a360d88b48e00de5216a79b7732796?s=96&d=mm&r=g\",\"contentUrl\":\"https:\\\/\\\/secure.gravatar.com\\\/avatar\\\/d8f55e05a8b6597e45c55a1dcbdbfe44f4a360d88b48e00de5216a79b7732796?s=96&d=mm&r=g\",\"caption\":\"Redacci\u00f3n\"},\"url\":\"https:\\\/\\\/unaymilletras.com\\\/en\\\/author\\\/redaccion\\\/\"}]}<\/script>\n<!-- \/ Yoast SEO plugin. -->","yoast_head_json":{"title":"Rels B actuar\u00e1 en el Cabaret Festival 2025 de Sevilla","description":"El Cabaret Festival se prepara para recibir al artista mallorqu\u00edn Rels B en su cuarta edici\u00f3n en Mairena del Aljarafe","robots":{"index":"index","follow":"follow","max-snippet":"max-snippet:-1","max-image-preview":"max-image-preview:large","max-video-preview":"max-video-preview:-1"},"canonical":"https:\/\/unaymilletras.com\/en\/rels-b-actuara-en-el-cabaret-festival-2025-de-sevilla\/","og_locale":"en_GB","og_type":"article","og_title":"Rels B actuar\u00e1 en el Cabaret Festival 2025 de Sevilla","og_description":"El Cabaret Festival se prepara para recibir al artista mallorqu\u00edn Rels B en su cuarta edici\u00f3n en Mairena del Aljarafe","og_url":"https:\/\/unaymilletras.com\/en\/rels-b-actuara-en-el-cabaret-festival-2025-de-sevilla\/","og_site_name":"Una y Mil Letras","article_published_time":"2025-08-31T14:00:00+00:00","og_image":[{"width":600,"height":777,"url":"https:\/\/unaymilletras.com\/wp-content\/uploads\/2025\/08\/CABARET-FESTIVAL-e1756478042931.jpg","type":"image\/jpeg"}],"author":"Redacci\u00f3n","twitter_card":"summary_large_image","twitter_creator":"@UnaYMilLetras","twitter_site":"@UnaYMilLetras","twitter_misc":{"Written by":"Redacci\u00f3n","Estimated reading time":"2 minutes"},"schema":{"@context":"https:\/\/schema.org","@graph":[{"@type":"Article","@id":"https:\/\/unaymilletras.com\/rels-b-actuara-en-el-cabaret-festival-2025-de-sevilla\/#article","isPartOf":{"@id":"https:\/\/unaymilletras.com\/rels-b-actuara-en-el-cabaret-festival-2025-de-sevilla\/"},"author":{"name":"Redacci\u00f3n","@id":"http:\/\/unaymilletras.com\/#\/schema\/person\/0860dc8a218329991ee2c7591f4f849d"},"headline":"Rels B actuar\u00e1 en el Cabaret Festival 2025 de Sevilla","datePublished":"2025-08-31T14:00:00+00:00","mainEntityOfPage":{"@id":"https:\/\/unaymilletras.com\/rels-b-actuara-en-el-cabaret-festival-2025-de-sevilla\/"},"wordCount":268,"publisher":{"@id":"http:\/\/unaymilletras.com\/#organization"},"image":{"@id":"https:\/\/unaymilletras.com\/rels-b-actuara-en-el-cabaret-festival-2025-de-sevilla\/#primaryimage"},"thumbnailUrl":"https:\/\/unaymilletras.com\/wp-content\/uploads\/2025\/08\/CABARET-FESTIVAL-e1756478042931.jpg","articleSection":["M\u00fasica"],"inLanguage":"en-GB"},{"@type":"WebPage","@id":"https:\/\/unaymilletras.com\/rels-b-actuara-en-el-cabaret-festival-2025-de-sevilla\/","url":"https:\/\/unaymilletras.com\/rels-b-actuara-en-el-cabaret-festival-2025-de-sevilla\/","name":"Rels B actuar\u00e1 en el Cabaret Festival 2025 de Sevilla","isPartOf":{"@id":"http:\/\/unaymilletras.com\/#website"},"primaryImageOfPage":{"@id":"https:\/\/unaymilletras.com\/rels-b-actuara-en-el-cabaret-festival-2025-de-sevilla\/#primaryimage"},"image":{"@id":"https:\/\/unaymilletras.com\/rels-b-actuara-en-el-cabaret-festival-2025-de-sevilla\/#primaryimage"},"thumbnailUrl":"https:\/\/unaymilletras.com\/wp-content\/uploads\/2025\/08\/CABARET-FESTIVAL-e1756478042931.jpg","datePublished":"2025-08-31T14:00:00+00:00","description":"El Cabaret Festival se prepara para recibir al artista mallorqu\u00edn Rels B en su cuarta edici\u00f3n en Mairena del Aljarafe","breadcrumb":{"@id":"https:\/\/unaymilletras.com\/rels-b-actuara-en-el-cabaret-festival-2025-de-sevilla\/#breadcrumb"},"inLanguage":"en-GB","potentialAction":[{"@type":"ReadAction","target":["https:\/\/unaymilletras.com\/rels-b-actuara-en-el-cabaret-festival-2025-de-sevilla\/"]}]},{"@type":"ImageObject","inLanguage":"en-GB","@id":"https:\/\/unaymilletras.com\/rels-b-actuara-en-el-cabaret-festival-2025-de-sevilla\/#primaryimage","url":"https:\/\/unaymilletras.com\/wp-content\/uploads\/2025\/08\/CABARET-FESTIVAL-e1756478042931.jpg","contentUrl":"https:\/\/unaymilletras.com\/wp-content\/uploads\/2025\/08\/CABARET-FESTIVAL-e1756478042931.jpg","width":600,"height":777},{"@type":"BreadcrumbList","@id":"https:\/\/unaymilletras.com\/rels-b-actuara-en-el-cabaret-festival-2025-de-sevilla\/#breadcrumb","itemListElement":[{"@type":"ListItem","position":1,"name":"Home","item":"http:\/\/unaymilletras.com\/"},{"@type":"ListItem","position":2,"name":"Rels B actuar\u00e1 en el Cabaret Festival 2025 de Sevilla"}]},{"@type":"WebSite","@id":"http:\/\/unaymilletras.com\/#website","url":"http:\/\/unaymilletras.com\/","name":"Una y Mil Letras","description":"","publisher":{"@id":"http:\/\/unaymilletras.com\/#organization"},"potentialAction":[{"@type":"SearchAction","target":{"@type":"EntryPoint","urlTemplate":"http:\/\/unaymilletras.com\/?s={search_term_string}"},"query-input":{"@type":"PropertyValueSpecification","valueRequired":true,"valueName":"search_term_string"}}],"inLanguage":"en-GB"},{"@type":"Organization","@id":"http:\/\/unaymilletras.com\/#organization","name":"Una y Mil Letras","url":"http:\/\/unaymilletras.com\/","logo":{"@type":"ImageObject","inLanguage":"en-GB","@id":"http:\/\/unaymilletras.com\/#\/schema\/logo\/image\/","url":"https:\/\/unaymilletras.com\/wp-content\/uploads\/2024\/06\/cropped-Logo-removebg-preview.png","contentUrl":"https:\/\/unaymilletras.com\/wp-content\/uploads\/2024\/06\/cropped-Logo-removebg-preview.png","width":512,"height":512,"caption":"Una y Mil Letras"},"image":{"@id":"http:\/\/unaymilletras.com\/#\/schema\/logo\/image\/"},"sameAs":["https:\/\/x.com\/UnaYMilLetras","https:\/\/instagram.com\/UnaYMilLetras"]},{"@type":"Person","@id":"http:\/\/unaymilletras.com\/#\/schema\/person\/0860dc8a218329991ee2c7591f4f849d","name":"Redacci\u00f3n","image":{"@type":"ImageObject","inLanguage":"en-GB","@id":"https:\/\/secure.gravatar.com\/avatar\/d8f55e05a8b6597e45c55a1dcbdbfe44f4a360d88b48e00de5216a79b7732796?s=96&d=mm&r=g","url":"https:\/\/secure.gravatar.com\/avatar\/d8f55e05a8b6597e45c55a1dcbdbfe44f4a360d88b48e00de5216a79b7732796?s=96&d=mm&r=g","contentUrl":"https:\/\/secure.gravatar.com\/avatar\/d8f55e05a8b6597e45c55a1dcbdbfe44f4a360d88b48e00de5216a79b7732796?s=96&d=mm&r=g","caption":"Redacci\u00f3n"},"url":"https:\/\/unaymilletras.com\/en\/author\/redaccion\/"}]}},"_links":{"self":[{"href":"https:\/\/unaymilletras.com\/en\/wp-json\/wp\/v2\/posts\/5520","targetHints":{"allow":["GET"]}}],"collection":[{"href":"https:\/\/unaymilletras.com\/en\/wp-json\/wp\/v2\/posts"}],"about":[{"href":"https:\/\/unaymilletras.com\/en\/wp-json\/wp\/v2\/types\/post"}],"author":[{"embeddable":true,"href":"https:\/\/unaymilletras.com\/en\/wp-json\/wp\/v2\/users\/6"}],"replies":[{"embeddable":true,"href":"https:\/\/unaymilletras.com\/en\/wp-json\/wp\/v2\/comments?post=5520"}],"version-history":[{"count":4,"href":"https:\/\/unaymilletras.com\/en\/wp-json\/wp\/v2\/posts\/5520\/revisions"}],"predecessor-version":[{"id":5524,"href":"https:\/\/unaymilletras.com\/en\/wp-json\/wp\/v2\/posts\/5520\/revisions\/5524"}],"wp:featuredmedia":[{"embeddable":true,"href":"https:\/\/unaymilletras.com\/en\/wp-json\/wp\/v2\/media\/5510"}],"wp:attachment":[{"href":"https:\/\/unaymilletras.com\/en\/wp-json\/wp\/v2\/media?parent=5520"}],"wp:term":[{"taxonomy":"category","embeddable":true,"href":"https:\/\/unaymilletras.com\/en\/wp-json\/wp\/v2\/categories?post=5520"},{"taxonomy":"post_tag","embeddable":true,"href":"https:\/\/unaymilletras.com\/en\/wp-json\/wp\/v2\/tags?post=5520"}],"curies":[{"name":"wp","href":"https:\/\/api.w.org\/{rel}","templated":true}]}}