{"id":5525,"date":"2025-07-19T20:00:00","date_gmt":"2025-07-19T18:00:00","guid":{"rendered":"https:\/\/unaymilletras.com\/?p=5525"},"modified":"2025-08-29T20:49:53","modified_gmt":"2025-08-29T18:49:53","slug":"pop-caac-2025-musica-independiente-en-el-emblematico-caac-de-sevilla","status":"publish","type":"post","link":"https:\/\/unaymilletras.com\/en\/pop-caac-2025-musica-independiente-en-el-emblematico-caac-de-sevilla\/","title":{"rendered":"Pop CAAC 2025: m\u00fasica independiente en el emblem\u00e1tico CAAC de Sevilla"},"content":{"rendered":"<div data-elementor-type=\"wp-post\" data-elementor-id=\"5525\" class=\"elementor elementor-5525\">\n\t\t\t\t\t\t<section class=\"elementor-section elementor-top-section elementor-element elementor-element-0b5fb64 elementor-section-boxed elementor-section-height-default elementor-section-height-default\" data-id=\"0b5fb64\" data-element_type=\"section\" data-e-type=\"section\">\n\t\t\t\t\t\t<div class=\"elementor-container elementor-column-gap-default\">\n\t\t\t\t\t<div class=\"elementor-column elementor-col-100 elementor-top-column elementor-element elementor-element-dc3cdb7\" data-id=\"dc3cdb7\" data-element_type=\"column\" data-e-type=\"column\">\n\t\t\t<div class=\"elementor-widget-wrap elementor-element-populated\">\n\t\t\t\t\t\t<div class=\"elementor-element elementor-element-19ff723 elementor-widget elementor-widget-text-editor\" data-id=\"19ff723\" data-element_type=\"widget\" data-e-type=\"widget\" data-widget_type=\"text-editor.default\">\n\t\t\t\t<div class=\"elementor-widget-container\">\n\t\t\t\t\t\t\t\t\t<h2 style=\"text-align: center;\"><span style=\"color: #808080;\"><em>El ciclo Pop CAAC 2025 re\u00fane a artistas como Amaral, Trueno o Judeline en un festival que mezcla patrimonio hist\u00f3rico y m\u00fasica independiente<\/em><\/span><\/h2>\t\t\t\t\t\t\t\t<\/div>\n\t\t\t\t<\/div>\n\t\t\t\t\t<\/div>\n\t\t<\/div>\n\t\t\t\t\t<\/div>\n\t\t<\/section>\n\t\t\t\t<section class=\"elementor-section elementor-top-section elementor-element elementor-element-d40e60b elementor-section-boxed elementor-section-height-default elementor-section-height-default\" data-id=\"d40e60b\" data-element_type=\"section\" data-e-type=\"section\">\n\t\t\t\t\t\t<div class=\"elementor-container elementor-column-gap-default\">\n\t\t\t\t\t<div class=\"elementor-column elementor-col-100 elementor-top-column elementor-element elementor-element-508dba8\" data-id=\"508dba8\" data-element_type=\"column\" data-e-type=\"column\">\n\t\t\t<div class=\"elementor-widget-wrap elementor-element-populated\">\n\t\t\t\t\t\t<div class=\"elementor-element elementor-element-a4a9f7c elementor-widget elementor-widget-text-editor\" data-id=\"a4a9f7c\" data-element_type=\"widget\" data-e-type=\"widget\" data-widget_type=\"text-editor.default\">\n\t\t\t\t<div class=\"elementor-widget-container\">\n\t\t\t\t\t\t\t\t\t<p data-start=\"349\" data-end=\"663\">El <strong data-start=\"352\" data-end=\"369\">Pop CAAC 2025<\/strong> vuelve del <strong data-start=\"381\" data-end=\"406\">4 al 20 de septiembre<\/strong> al <strong data-start=\"410\" data-end=\"457\">Centro Andaluz de Arte Contempor\u00e1neo (CAAC)<\/strong>, ubicado en el hist\u00f3rico Monasterio de la Cartuja en Sevilla. Esta edici\u00f3n convierte la pradera del Monasterio en un escenario al aire libre que fusiona la belleza patrimonial con sonidos contempor\u00e1neos.<\/p><p data-start=\"665\" data-end=\"878\">El festival, consolidado como imprescindible para fans del indie, pop alternativo, rap urbano y rock, presenta una programaci\u00f3n ecl\u00e9ctica en la que participan tanto artistas consagrados como promesas emergentes.<\/p>\t\t\t\t\t\t\t\t<\/div>\n\t\t\t\t<\/div>\n\t\t\t\t\t<\/div>\n\t\t<\/div>\n\t\t\t\t\t<\/div>\n\t\t<\/section>\n\t\t\t\t<section class=\"elementor-section elementor-top-section elementor-element elementor-element-ec12d57 elementor-section-boxed elementor-section-height-default elementor-section-height-default\" data-id=\"ec12d57\" data-element_type=\"section\" data-e-type=\"section\">\n\t\t\t\t\t\t<div class=\"elementor-container elementor-column-gap-default\">\n\t\t\t\t\t<div class=\"elementor-column elementor-col-50 elementor-top-column elementor-element elementor-element-442e93a\" data-id=\"442e93a\" data-element_type=\"column\" data-e-type=\"column\">\n\t\t\t<div class=\"elementor-widget-wrap elementor-element-populated\">\n\t\t\t\t\t\t<div class=\"elementor-element elementor-element-269bdca elementor-widget elementor-widget-text-editor\" data-id=\"269bdca\" data-element_type=\"widget\" data-e-type=\"widget\" data-widget_type=\"text-editor.default\">\n\t\t\t\t<div class=\"elementor-widget-container\">\n\t\t\t\t\t\t\t\t\t<h4 data-start=\"880\" data-end=\"902\"><strong>Cartel destacado<\/strong><\/h4><ul data-start=\"904\" data-end=\"1306\"><li data-start=\"904\" data-end=\"985\"><p data-start=\"906\" data-end=\"985\"><strong data-start=\"906\" data-end=\"932\">Jueves 4 de septiembre<\/strong>, 21:00 h \u2014 Judeline, Ralphie Choo y Julia de Arco.<\/p><\/li><li data-start=\"986\" data-end=\"1040\"><p data-start=\"988\" data-end=\"1040\"><strong data-start=\"988\" data-end=\"1014\">S\u00e1bado 6 de septiembre<\/strong>, 19:30 h \u2014 Arde Bogot\u00e1.<\/p><\/li><li data-start=\"1041\" data-end=\"1122\"><p data-start=\"1043\" data-end=\"1122\"><strong data-start=\"1043\" data-end=\"1070\">Domingo 7 de septiembre<\/strong>, 22:30 h \u2014 Amaral, cerrando su gira <em data-start=\"1107\" data-end=\"1119\">Dolce Vita<\/em>.<\/p><\/li><li data-start=\"1123\" data-end=\"1210\"><p data-start=\"1125\" data-end=\"1210\"><strong data-start=\"1125\" data-end=\"1155\">Mi\u00e9rcoles 10 de septiembre<\/strong>, 21:00 h \u2014 Noche urbana con Trueno, Barry B y YSY A.<\/p><\/li><li data-start=\"1211\" data-end=\"1306\"><p data-start=\"1213\" data-end=\"1306\"><strong data-start=\"1213\" data-end=\"1240\">S\u00e1bado 20 de septiembre<\/strong>, 22:00 h \u2014 Loquillo, dentro de su gira <em data-start=\"1280\" data-end=\"1303\">Corazones Legendarios<\/em>.<\/p><\/li><\/ul><h4 data-start=\"1308\" data-end=\"1331\"><strong>Entradas y acceso<\/strong><\/h4><p data-start=\"1333\" data-end=\"1613\">Los precios parten desde <strong data-start=\"1358\" data-end=\"1366\">32 \u20ac<\/strong>, variando seg\u00fan artista y ubicaci\u00f3n. Por ejemplo, las entradas para Loquillo van de <strong data-start=\"1451\" data-end=\"1466\">40 \u20ac a 50 \u20ac<\/strong>. La <span style=\"color: #808080;\"><a style=\"color: #808080;\" href=\"https:\/\/www.ultimaentrada.com\/comprar-entradas\/concierto\/judeline-ralphie-choo-en-pop-caac\">venta<\/a><\/span> ya est\u00e1 activa en plataformas como Ultimaentrada y Crashmusic. El acceso al recinto se realiza por la <strong data-start=\"1579\" data-end=\"1610\">Avenida Am\u00e9rico Vespucio, 2<\/strong>.<\/p>\t\t\t\t\t\t\t\t<\/div>\n\t\t\t\t<\/div>\n\t\t\t\t\t<\/div>\n\t\t<\/div>\n\t\t\t\t<div class=\"elementor-column elementor-col-50 elementor-top-column elementor-element elementor-element-b1ad844\" data-id=\"b1ad844\" data-element_type=\"column\" data-e-type=\"column\">\n\t\t\t<div class=\"elementor-widget-wrap elementor-element-populated\">\n\t\t\t\t\t\t<div class=\"elementor-element elementor-element-c757881 elementor-widget elementor-widget-image\" data-id=\"c757881\" data-element_type=\"widget\" data-e-type=\"widget\" data-widget_type=\"image.default\">\n\t\t\t\t<div class=\"elementor-widget-container\">\n\t\t\t\t\t\t\t\t\t\t\t\t\t\t\t<img fetchpriority=\"high\" decoding=\"async\" width=\"640\" height=\"906\" src=\"https:\/\/unaymilletras.com\/wp-content\/uploads\/2025\/08\/c_judeline-723x1024.jpg\" class=\"attachment-large size-large wp-image-5527\" alt=\"Pop CAAC 2025\" srcset=\"https:\/\/unaymilletras.com\/wp-content\/uploads\/2025\/08\/c_judeline-723x1024.jpg 723w, https:\/\/unaymilletras.com\/wp-content\/uploads\/2025\/08\/c_judeline-212x300.jpg 212w, https:\/\/unaymilletras.com\/wp-content\/uploads\/2025\/08\/c_judeline-8x12.jpg 8w, https:\/\/unaymilletras.com\/wp-content\/uploads\/2025\/08\/c_judeline.jpg 760w\" sizes=\"(max-width: 640px) 100vw, 640px\" \/>\t\t\t\t\t\t\t\t\t\t\t\t\t\t\t<\/div>\n\t\t\t\t<\/div>\n\t\t\t\t\t<\/div>\n\t\t<\/div>\n\t\t\t\t\t<\/div>\n\t\t<\/section>\n\t\t\t\t<section class=\"elementor-section elementor-top-section elementor-element elementor-element-e7c6764 elementor-section-boxed elementor-section-height-default elementor-section-height-default\" data-id=\"e7c6764\" data-element_type=\"section\" data-e-type=\"section\">\n\t\t\t\t\t\t<div class=\"elementor-container elementor-column-gap-default\">\n\t\t\t\t\t<div class=\"elementor-column elementor-col-100 elementor-top-column elementor-element elementor-element-c7cef36\" data-id=\"c7cef36\" data-element_type=\"column\" data-e-type=\"column\">\n\t\t\t<div class=\"elementor-widget-wrap elementor-element-populated\">\n\t\t\t\t\t\t<div class=\"elementor-element elementor-element-2c276a2 elementor-widget elementor-widget-text-editor\" data-id=\"2c276a2\" data-element_type=\"widget\" data-e-type=\"widget\" data-widget_type=\"text-editor.default\">\n\t\t\t\t<div class=\"elementor-widget-container\">\n\t\t\t\t\t\t\t\t\t<p data-start=\"1661\" data-end=\"1941\">Pop CAAC destaca por reinventarse a\u00f1o tras a\u00f1o, sumando prestigio como uno de los eventos culturales m\u00e1s influyentes del sur de Espa\u00f1a. Su apuesta por combinar escenarios hist\u00f3ricos con m\u00fasica actual crea una experiencia cultural singular, diferente a la de los macrofestivales.<\/p><p data-start=\"1943\" data-end=\"2095\">En 2024, el ciclo cont\u00f3 con figuras como Luz Casal y Los Planetas, y este a\u00f1o vuelve a lucir cartel con nombres que atraviesan generaciones y g\u00e9neros.<\/p>\t\t\t\t\t\t\t\t<\/div>\n\t\t\t\t<\/div>\n\t\t\t\t\t<\/div>\n\t\t<\/div>\n\t\t\t\t\t<\/div>\n\t\t<\/section>\n\t\t\t\t<\/div>","protected":false},"excerpt":{"rendered":"<p>El ciclo Pop CAAC 2025 re\u00fane a artistas como Amaral, Trueno o Judeline en un festival que mezcla patrimonio hist\u00f3rico y m\u00fasica independiente El Pop CAAC 2025 vuelve del 4 al 20 de septiembre al Centro Andaluz de Arte Contempor\u00e1neo (CAAC), ubicado en el hist\u00f3rico Monasterio de la Cartuja en Sevilla. Esta edici\u00f3n convierte la [&hellip;]<\/p>\n","protected":false},"author":6,"featured_media":5527,"comment_status":"closed","ping_status":"closed","sticky":false,"template":"","format":"standard","meta":{"footnotes":""},"categories":[4],"tags":[],"class_list":["post-5525","post","type-post","status-publish","format-standard","has-post-thumbnail","hentry","category-musica"],"yoast_head":"<!-- This site is optimized with the Yoast SEO plugin v27.4 - https:\/\/yoast.com\/product\/yoast-seo-wordpress\/ -->\n<title>Pop CAAC 2025: m\u00fasica independiente en el emblem\u00e1tico CAAC de Sevilla<\/title>\n<meta name=\"description\" content=\"El ciclo Pop CAAC 2025 re\u00fane a artistas como Amaral, Trueno o Judeline en un festival que mezcla patrimonio hist\u00f3rico y m\u00fasica independiente\" \/>\n<meta name=\"robots\" content=\"index, follow, max-snippet:-1, max-image-preview:large, max-video-preview:-1\" \/>\n<link rel=\"canonical\" href=\"https:\/\/unaymilletras.com\/en\/pop-caac-2025-musica-independiente-en-el-emblematico-caac-de-sevilla\/\" \/>\n<meta property=\"og:locale\" content=\"en_GB\" \/>\n<meta property=\"og:type\" content=\"article\" \/>\n<meta property=\"og:title\" content=\"Pop CAAC 2025: m\u00fasica independiente en el emblem\u00e1tico CAAC de Sevilla\" \/>\n<meta property=\"og:description\" content=\"El ciclo Pop CAAC 2025 re\u00fane a artistas como Amaral, Trueno o Judeline en un festival que mezcla patrimonio hist\u00f3rico y m\u00fasica independiente\" \/>\n<meta property=\"og:url\" content=\"https:\/\/unaymilletras.com\/en\/pop-caac-2025-musica-independiente-en-el-emblematico-caac-de-sevilla\/\" \/>\n<meta property=\"og:site_name\" content=\"Una y Mil Letras\" \/>\n<meta property=\"article:published_time\" content=\"2025-07-19T18:00:00+00:00\" \/>\n<meta property=\"article:modified_time\" content=\"2025-08-29T18:49:53+00:00\" \/>\n<meta property=\"og:image\" content=\"http:\/\/unaymilletras.com\/wp-content\/uploads\/2025\/08\/c_judeline.jpg\" \/>\n\t<meta property=\"og:image:width\" content=\"760\" \/>\n\t<meta property=\"og:image:height\" content=\"1077\" \/>\n\t<meta property=\"og:image:type\" content=\"image\/jpeg\" \/>\n<meta name=\"author\" content=\"Redacci\u00f3n\" \/>\n<meta name=\"twitter:card\" content=\"summary_large_image\" \/>\n<meta name=\"twitter:creator\" content=\"@UnaYMilLetras\" \/>\n<meta name=\"twitter:site\" content=\"@UnaYMilLetras\" \/>\n<meta name=\"twitter:label1\" content=\"Written by\" \/>\n\t<meta name=\"twitter:data1\" content=\"Redacci\u00f3n\" \/>\n\t<meta name=\"twitter:label2\" content=\"Estimated reading time\" \/>\n\t<meta name=\"twitter:data2\" content=\"2 minutes\" \/>\n<script type=\"application\/ld+json\" class=\"yoast-schema-graph\">{\"@context\":\"https:\\\/\\\/schema.org\",\"@graph\":[{\"@type\":\"Article\",\"@id\":\"https:\\\/\\\/unaymilletras.com\\\/pop-caac-2025-musica-independiente-en-el-emblematico-caac-de-sevilla\\\/#article\",\"isPartOf\":{\"@id\":\"https:\\\/\\\/unaymilletras.com\\\/pop-caac-2025-musica-independiente-en-el-emblematico-caac-de-sevilla\\\/\"},\"author\":{\"name\":\"Redacci\u00f3n\",\"@id\":\"http:\\\/\\\/unaymilletras.com\\\/#\\\/schema\\\/person\\\/0860dc8a218329991ee2c7591f4f849d\"},\"headline\":\"Pop CAAC 2025: m\u00fasica independiente en el emblem\u00e1tico CAAC de Sevilla\",\"datePublished\":\"2025-07-19T18:00:00+00:00\",\"dateModified\":\"2025-08-29T18:49:53+00:00\",\"mainEntityOfPage\":{\"@id\":\"https:\\\/\\\/unaymilletras.com\\\/pop-caac-2025-musica-independiente-en-el-emblematico-caac-de-sevilla\\\/\"},\"wordCount\":296,\"publisher\":{\"@id\":\"http:\\\/\\\/unaymilletras.com\\\/#organization\"},\"image\":{\"@id\":\"https:\\\/\\\/unaymilletras.com\\\/pop-caac-2025-musica-independiente-en-el-emblematico-caac-de-sevilla\\\/#primaryimage\"},\"thumbnailUrl\":\"https:\\\/\\\/unaymilletras.com\\\/wp-content\\\/uploads\\\/2025\\\/08\\\/c_judeline.jpg\",\"articleSection\":[\"M\u00fasica\"],\"inLanguage\":\"en-GB\"},{\"@type\":\"WebPage\",\"@id\":\"https:\\\/\\\/unaymilletras.com\\\/pop-caac-2025-musica-independiente-en-el-emblematico-caac-de-sevilla\\\/\",\"url\":\"https:\\\/\\\/unaymilletras.com\\\/pop-caac-2025-musica-independiente-en-el-emblematico-caac-de-sevilla\\\/\",\"name\":\"Pop CAAC 2025: m\u00fasica independiente en el emblem\u00e1tico CAAC de Sevilla\",\"isPartOf\":{\"@id\":\"http:\\\/\\\/unaymilletras.com\\\/#website\"},\"primaryImageOfPage\":{\"@id\":\"https:\\\/\\\/unaymilletras.com\\\/pop-caac-2025-musica-independiente-en-el-emblematico-caac-de-sevilla\\\/#primaryimage\"},\"image\":{\"@id\":\"https:\\\/\\\/unaymilletras.com\\\/pop-caac-2025-musica-independiente-en-el-emblematico-caac-de-sevilla\\\/#primaryimage\"},\"thumbnailUrl\":\"https:\\\/\\\/unaymilletras.com\\\/wp-content\\\/uploads\\\/2025\\\/08\\\/c_judeline.jpg\",\"datePublished\":\"2025-07-19T18:00:00+00:00\",\"dateModified\":\"2025-08-29T18:49:53+00:00\",\"description\":\"El ciclo Pop CAAC 2025 re\u00fane a artistas como Amaral, Trueno o Judeline en un festival que mezcla patrimonio hist\u00f3rico y m\u00fasica independiente\",\"breadcrumb\":{\"@id\":\"https:\\\/\\\/unaymilletras.com\\\/pop-caac-2025-musica-independiente-en-el-emblematico-caac-de-sevilla\\\/#breadcrumb\"},\"inLanguage\":\"en-GB\",\"potentialAction\":[{\"@type\":\"ReadAction\",\"target\":[\"https:\\\/\\\/unaymilletras.com\\\/pop-caac-2025-musica-independiente-en-el-emblematico-caac-de-sevilla\\\/\"]}]},{\"@type\":\"ImageObject\",\"inLanguage\":\"en-GB\",\"@id\":\"https:\\\/\\\/unaymilletras.com\\\/pop-caac-2025-musica-independiente-en-el-emblematico-caac-de-sevilla\\\/#primaryimage\",\"url\":\"https:\\\/\\\/unaymilletras.com\\\/wp-content\\\/uploads\\\/2025\\\/08\\\/c_judeline.jpg\",\"contentUrl\":\"https:\\\/\\\/unaymilletras.com\\\/wp-content\\\/uploads\\\/2025\\\/08\\\/c_judeline.jpg\",\"width\":760,\"height\":1077,\"caption\":\"Pop CAAC 2025\"},{\"@type\":\"BreadcrumbList\",\"@id\":\"https:\\\/\\\/unaymilletras.com\\\/pop-caac-2025-musica-independiente-en-el-emblematico-caac-de-sevilla\\\/#breadcrumb\",\"itemListElement\":[{\"@type\":\"ListItem\",\"position\":1,\"name\":\"Home\",\"item\":\"http:\\\/\\\/unaymilletras.com\\\/\"},{\"@type\":\"ListItem\",\"position\":2,\"name\":\"Pop CAAC 2025: m\u00fasica independiente en el emblem\u00e1tico CAAC de Sevilla\"}]},{\"@type\":\"WebSite\",\"@id\":\"http:\\\/\\\/unaymilletras.com\\\/#website\",\"url\":\"http:\\\/\\\/unaymilletras.com\\\/\",\"name\":\"Una y Mil Letras\",\"description\":\"\",\"publisher\":{\"@id\":\"http:\\\/\\\/unaymilletras.com\\\/#organization\"},\"potentialAction\":[{\"@type\":\"SearchAction\",\"target\":{\"@type\":\"EntryPoint\",\"urlTemplate\":\"http:\\\/\\\/unaymilletras.com\\\/?s={search_term_string}\"},\"query-input\":{\"@type\":\"PropertyValueSpecification\",\"valueRequired\":true,\"valueName\":\"search_term_string\"}}],\"inLanguage\":\"en-GB\"},{\"@type\":\"Organization\",\"@id\":\"http:\\\/\\\/unaymilletras.com\\\/#organization\",\"name\":\"Una y Mil Letras\",\"url\":\"http:\\\/\\\/unaymilletras.com\\\/\",\"logo\":{\"@type\":\"ImageObject\",\"inLanguage\":\"en-GB\",\"@id\":\"http:\\\/\\\/unaymilletras.com\\\/#\\\/schema\\\/logo\\\/image\\\/\",\"url\":\"https:\\\/\\\/unaymilletras.com\\\/wp-content\\\/uploads\\\/2024\\\/06\\\/cropped-Logo-removebg-preview.png\",\"contentUrl\":\"https:\\\/\\\/unaymilletras.com\\\/wp-content\\\/uploads\\\/2024\\\/06\\\/cropped-Logo-removebg-preview.png\",\"width\":512,\"height\":512,\"caption\":\"Una y Mil Letras\"},\"image\":{\"@id\":\"http:\\\/\\\/unaymilletras.com\\\/#\\\/schema\\\/logo\\\/image\\\/\"},\"sameAs\":[\"https:\\\/\\\/x.com\\\/UnaYMilLetras\",\"https:\\\/\\\/instagram.com\\\/UnaYMilLetras\"]},{\"@type\":\"Person\",\"@id\":\"http:\\\/\\\/unaymilletras.com\\\/#\\\/schema\\\/person\\\/0860dc8a218329991ee2c7591f4f849d\",\"name\":\"Redacci\u00f3n\",\"image\":{\"@type\":\"ImageObject\",\"inLanguage\":\"en-GB\",\"@id\":\"https:\\\/\\\/secure.gravatar.com\\\/avatar\\\/d8f55e05a8b6597e45c55a1dcbdbfe44f4a360d88b48e00de5216a79b7732796?s=96&d=mm&r=g\",\"url\":\"https:\\\/\\\/secure.gravatar.com\\\/avatar\\\/d8f55e05a8b6597e45c55a1dcbdbfe44f4a360d88b48e00de5216a79b7732796?s=96&d=mm&r=g\",\"contentUrl\":\"https:\\\/\\\/secure.gravatar.com\\\/avatar\\\/d8f55e05a8b6597e45c55a1dcbdbfe44f4a360d88b48e00de5216a79b7732796?s=96&d=mm&r=g\",\"caption\":\"Redacci\u00f3n\"},\"url\":\"https:\\\/\\\/unaymilletras.com\\\/en\\\/author\\\/redaccion\\\/\"}]}<\/script>\n<!-- \/ Yoast SEO plugin. -->","yoast_head_json":{"title":"Pop CAAC 2025: m\u00fasica independiente en el emblem\u00e1tico CAAC de Sevilla","description":"El ciclo Pop CAAC 2025 re\u00fane a artistas como Amaral, Trueno o Judeline en un festival que mezcla patrimonio hist\u00f3rico y m\u00fasica independiente","robots":{"index":"index","follow":"follow","max-snippet":"max-snippet:-1","max-image-preview":"max-image-preview:large","max-video-preview":"max-video-preview:-1"},"canonical":"https:\/\/unaymilletras.com\/en\/pop-caac-2025-musica-independiente-en-el-emblematico-caac-de-sevilla\/","og_locale":"en_GB","og_type":"article","og_title":"Pop CAAC 2025: m\u00fasica independiente en el emblem\u00e1tico CAAC de Sevilla","og_description":"El ciclo Pop CAAC 2025 re\u00fane a artistas como Amaral, Trueno o Judeline en un festival que mezcla patrimonio hist\u00f3rico y m\u00fasica independiente","og_url":"https:\/\/unaymilletras.com\/en\/pop-caac-2025-musica-independiente-en-el-emblematico-caac-de-sevilla\/","og_site_name":"Una y Mil Letras","article_published_time":"2025-07-19T18:00:00+00:00","article_modified_time":"2025-08-29T18:49:53+00:00","og_image":[{"width":760,"height":1077,"url":"http:\/\/unaymilletras.com\/wp-content\/uploads\/2025\/08\/c_judeline.jpg","type":"image\/jpeg"}],"author":"Redacci\u00f3n","twitter_card":"summary_large_image","twitter_creator":"@UnaYMilLetras","twitter_site":"@UnaYMilLetras","twitter_misc":{"Written by":"Redacci\u00f3n","Estimated reading time":"2 minutes"},"schema":{"@context":"https:\/\/schema.org","@graph":[{"@type":"Article","@id":"https:\/\/unaymilletras.com\/pop-caac-2025-musica-independiente-en-el-emblematico-caac-de-sevilla\/#article","isPartOf":{"@id":"https:\/\/unaymilletras.com\/pop-caac-2025-musica-independiente-en-el-emblematico-caac-de-sevilla\/"},"author":{"name":"Redacci\u00f3n","@id":"http:\/\/unaymilletras.com\/#\/schema\/person\/0860dc8a218329991ee2c7591f4f849d"},"headline":"Pop CAAC 2025: m\u00fasica independiente en el emblem\u00e1tico CAAC de Sevilla","datePublished":"2025-07-19T18:00:00+00:00","dateModified":"2025-08-29T18:49:53+00:00","mainEntityOfPage":{"@id":"https:\/\/unaymilletras.com\/pop-caac-2025-musica-independiente-en-el-emblematico-caac-de-sevilla\/"},"wordCount":296,"publisher":{"@id":"http:\/\/unaymilletras.com\/#organization"},"image":{"@id":"https:\/\/unaymilletras.com\/pop-caac-2025-musica-independiente-en-el-emblematico-caac-de-sevilla\/#primaryimage"},"thumbnailUrl":"https:\/\/unaymilletras.com\/wp-content\/uploads\/2025\/08\/c_judeline.jpg","articleSection":["M\u00fasica"],"inLanguage":"en-GB"},{"@type":"WebPage","@id":"https:\/\/unaymilletras.com\/pop-caac-2025-musica-independiente-en-el-emblematico-caac-de-sevilla\/","url":"https:\/\/unaymilletras.com\/pop-caac-2025-musica-independiente-en-el-emblematico-caac-de-sevilla\/","name":"Pop CAAC 2025: m\u00fasica independiente en el emblem\u00e1tico CAAC de Sevilla","isPartOf":{"@id":"http:\/\/unaymilletras.com\/#website"},"primaryImageOfPage":{"@id":"https:\/\/unaymilletras.com\/pop-caac-2025-musica-independiente-en-el-emblematico-caac-de-sevilla\/#primaryimage"},"image":{"@id":"https:\/\/unaymilletras.com\/pop-caac-2025-musica-independiente-en-el-emblematico-caac-de-sevilla\/#primaryimage"},"thumbnailUrl":"https:\/\/unaymilletras.com\/wp-content\/uploads\/2025\/08\/c_judeline.jpg","datePublished":"2025-07-19T18:00:00+00:00","dateModified":"2025-08-29T18:49:53+00:00","description":"El ciclo Pop CAAC 2025 re\u00fane a artistas como Amaral, Trueno o Judeline en un festival que mezcla patrimonio hist\u00f3rico y m\u00fasica independiente","breadcrumb":{"@id":"https:\/\/unaymilletras.com\/pop-caac-2025-musica-independiente-en-el-emblematico-caac-de-sevilla\/#breadcrumb"},"inLanguage":"en-GB","potentialAction":[{"@type":"ReadAction","target":["https:\/\/unaymilletras.com\/pop-caac-2025-musica-independiente-en-el-emblematico-caac-de-sevilla\/"]}]},{"@type":"ImageObject","inLanguage":"en-GB","@id":"https:\/\/unaymilletras.com\/pop-caac-2025-musica-independiente-en-el-emblematico-caac-de-sevilla\/#primaryimage","url":"https:\/\/unaymilletras.com\/wp-content\/uploads\/2025\/08\/c_judeline.jpg","contentUrl":"https:\/\/unaymilletras.com\/wp-content\/uploads\/2025\/08\/c_judeline.jpg","width":760,"height":1077,"caption":"Pop CAAC 2025"},{"@type":"BreadcrumbList","@id":"https:\/\/unaymilletras.com\/pop-caac-2025-musica-independiente-en-el-emblematico-caac-de-sevilla\/#breadcrumb","itemListElement":[{"@type":"ListItem","position":1,"name":"Home","item":"http:\/\/unaymilletras.com\/"},{"@type":"ListItem","position":2,"name":"Pop CAAC 2025: m\u00fasica independiente en el emblem\u00e1tico CAAC de Sevilla"}]},{"@type":"WebSite","@id":"http:\/\/unaymilletras.com\/#website","url":"http:\/\/unaymilletras.com\/","name":"Una y Mil Letras","description":"","publisher":{"@id":"http:\/\/unaymilletras.com\/#organization"},"potentialAction":[{"@type":"SearchAction","target":{"@type":"EntryPoint","urlTemplate":"http:\/\/unaymilletras.com\/?s={search_term_string}"},"query-input":{"@type":"PropertyValueSpecification","valueRequired":true,"valueName":"search_term_string"}}],"inLanguage":"en-GB"},{"@type":"Organization","@id":"http:\/\/unaymilletras.com\/#organization","name":"Una y Mil Letras","url":"http:\/\/unaymilletras.com\/","logo":{"@type":"ImageObject","inLanguage":"en-GB","@id":"http:\/\/unaymilletras.com\/#\/schema\/logo\/image\/","url":"https:\/\/unaymilletras.com\/wp-content\/uploads\/2024\/06\/cropped-Logo-removebg-preview.png","contentUrl":"https:\/\/unaymilletras.com\/wp-content\/uploads\/2024\/06\/cropped-Logo-removebg-preview.png","width":512,"height":512,"caption":"Una y Mil Letras"},"image":{"@id":"http:\/\/unaymilletras.com\/#\/schema\/logo\/image\/"},"sameAs":["https:\/\/x.com\/UnaYMilLetras","https:\/\/instagram.com\/UnaYMilLetras"]},{"@type":"Person","@id":"http:\/\/unaymilletras.com\/#\/schema\/person\/0860dc8a218329991ee2c7591f4f849d","name":"Redacci\u00f3n","image":{"@type":"ImageObject","inLanguage":"en-GB","@id":"https:\/\/secure.gravatar.com\/avatar\/d8f55e05a8b6597e45c55a1dcbdbfe44f4a360d88b48e00de5216a79b7732796?s=96&d=mm&r=g","url":"https:\/\/secure.gravatar.com\/avatar\/d8f55e05a8b6597e45c55a1dcbdbfe44f4a360d88b48e00de5216a79b7732796?s=96&d=mm&r=g","contentUrl":"https:\/\/secure.gravatar.com\/avatar\/d8f55e05a8b6597e45c55a1dcbdbfe44f4a360d88b48e00de5216a79b7732796?s=96&d=mm&r=g","caption":"Redacci\u00f3n"},"url":"https:\/\/unaymilletras.com\/en\/author\/redaccion\/"}]}},"_links":{"self":[{"href":"https:\/\/unaymilletras.com\/en\/wp-json\/wp\/v2\/posts\/5525","targetHints":{"allow":["GET"]}}],"collection":[{"href":"https:\/\/unaymilletras.com\/en\/wp-json\/wp\/v2\/posts"}],"about":[{"href":"https:\/\/unaymilletras.com\/en\/wp-json\/wp\/v2\/types\/post"}],"author":[{"embeddable":true,"href":"https:\/\/unaymilletras.com\/en\/wp-json\/wp\/v2\/users\/6"}],"replies":[{"embeddable":true,"href":"https:\/\/unaymilletras.com\/en\/wp-json\/wp\/v2\/comments?post=5525"}],"version-history":[{"count":4,"href":"https:\/\/unaymilletras.com\/en\/wp-json\/wp\/v2\/posts\/5525\/revisions"}],"predecessor-version":[{"id":5530,"href":"https:\/\/unaymilletras.com\/en\/wp-json\/wp\/v2\/posts\/5525\/revisions\/5530"}],"wp:featuredmedia":[{"embeddable":true,"href":"https:\/\/unaymilletras.com\/en\/wp-json\/wp\/v2\/media\/5527"}],"wp:attachment":[{"href":"https:\/\/unaymilletras.com\/en\/wp-json\/wp\/v2\/media?parent=5525"}],"wp:term":[{"taxonomy":"category","embeddable":true,"href":"https:\/\/unaymilletras.com\/en\/wp-json\/wp\/v2\/categories?post=5525"},{"taxonomy":"post_tag","embeddable":true,"href":"https:\/\/unaymilletras.com\/en\/wp-json\/wp\/v2\/tags?post=5525"}],"curies":[{"name":"wp","href":"https:\/\/api.w.org\/{rel}","templated":true}]}}