{"id":5531,"date":"2025-09-01T12:00:00","date_gmt":"2025-09-01T10:00:00","guid":{"rendered":"https:\/\/unaymilletras.com\/?p=5531"},"modified":"2025-08-30T22:09:47","modified_gmt":"2025-08-30T20:09:47","slug":"gloria-trevi-recibira-el-premio-leyenda-de-la-herencia-hispana-2025","status":"publish","type":"post","link":"https:\/\/unaymilletras.com\/en\/gloria-trevi-recibira-el-premio-leyenda-de-la-herencia-hispana-2025\/","title":{"rendered":"Gloria Trevi recibir\u00e1 el Premio Leyenda de la Herencia Hispana 2025"},"content":{"rendered":"<div data-elementor-type=\"wp-post\" data-elementor-id=\"5531\" class=\"elementor elementor-5531\">\n\t\t\t\t\t\t<section class=\"elementor-section elementor-top-section elementor-element elementor-element-48ba4c1 elementor-section-boxed elementor-section-height-default elementor-section-height-default\" data-id=\"48ba4c1\" data-element_type=\"section\" data-e-type=\"section\">\n\t\t\t\t\t\t<div class=\"elementor-container elementor-column-gap-default\">\n\t\t\t\t\t<div class=\"elementor-column elementor-col-100 elementor-top-column elementor-element elementor-element-2ca3141\" data-id=\"2ca3141\" data-element_type=\"column\" data-e-type=\"column\">\n\t\t\t<div class=\"elementor-widget-wrap elementor-element-populated\">\n\t\t\t\t\t\t<div class=\"elementor-element elementor-element-656ae3e elementor-widget elementor-widget-text-editor\" data-id=\"656ae3e\" data-element_type=\"widget\" data-e-type=\"widget\" data-widget_type=\"text-editor.default\">\n\t\t\t\t<div class=\"elementor-widget-container\">\n\t\t\t\t\t\t\t\t\t<h2 style=\"text-align: center;\"><span style=\"color: #808080;\"><em>Gloria Trevi ser\u00e1 homenajeada en Washington D.C. el pr\u00f3ximo 4 de septiembre en reconocimiento a su trayectoria y legado<\/em><\/span><\/h2>\t\t\t\t\t\t\t\t<\/div>\n\t\t\t\t<\/div>\n\t\t\t\t\t<\/div>\n\t\t<\/div>\n\t\t\t\t\t<\/div>\n\t\t<\/section>\n\t\t\t\t<section class=\"elementor-section elementor-top-section elementor-element elementor-element-279cc4b elementor-section-boxed elementor-section-height-default elementor-section-height-default\" data-id=\"279cc4b\" data-element_type=\"section\" data-e-type=\"section\">\n\t\t\t\t\t\t<div class=\"elementor-container elementor-column-gap-default\">\n\t\t\t\t\t<div class=\"elementor-column elementor-col-100 elementor-top-column elementor-element elementor-element-0d8ceb8\" data-id=\"0d8ceb8\" data-element_type=\"column\" data-e-type=\"column\">\n\t\t\t<div class=\"elementor-widget-wrap elementor-element-populated\">\n\t\t\t\t\t\t<div class=\"elementor-element elementor-element-c75f185 elementor-widget elementor-widget-text-editor\" data-id=\"c75f185\" data-element_type=\"widget\" data-e-type=\"widget\" data-widget_type=\"text-editor.default\">\n\t\t\t\t<div class=\"elementor-widget-container\">\n\t\t\t\t\t\t\t\t\t<p data-start=\"220\" data-end=\"593\">Gloria Trevi, considerada por <em data-start=\"250\" data-end=\"265\">Rolling Stone<\/em> como \u201cLa Reina del Pop Mexicano\u201d, ser\u00e1 distinguida con el <strong data-start=\"324\" data-end=\"370\">Premio Leyenda de la Herencia Hispana 2025<\/strong>. La ceremonia tendr\u00e1 lugar en el <strong data-start=\"404\" data-end=\"441\">Warner Theater de Washington D.C.<\/strong> el pr\u00f3ximo <strong data-start=\"453\" data-end=\"472\">4 de septiembre<\/strong>, donde compartir\u00e1 reconocimiento con otras figuras como Cheech Marin, Felix Contreras, Julissa Prado y Rauw Alejandro.<\/p>\t\t\t\t\t\t\t\t<\/div>\n\t\t\t\t<\/div>\n\t\t\t\t\t<\/div>\n\t\t<\/div>\n\t\t\t\t\t<\/div>\n\t\t<\/section>\n\t\t\t\t<section class=\"elementor-section elementor-top-section elementor-element elementor-element-9042e0b elementor-section-boxed elementor-section-height-default elementor-section-height-default\" data-id=\"9042e0b\" data-element_type=\"section\" data-e-type=\"section\">\n\t\t\t\t\t\t<div class=\"elementor-container elementor-column-gap-default\">\n\t\t\t\t\t<div class=\"elementor-column elementor-col-66 elementor-top-column elementor-element elementor-element-f55d1b9\" data-id=\"f55d1b9\" data-element_type=\"column\" data-e-type=\"column\">\n\t\t\t<div class=\"elementor-widget-wrap elementor-element-populated\">\n\t\t\t\t\t\t<div class=\"elementor-element elementor-element-397740c elementor-widget elementor-widget-text-editor\" data-id=\"397740c\" data-element_type=\"widget\" data-e-type=\"widget\" data-widget_type=\"text-editor.default\">\n\t\t\t\t<div class=\"elementor-widget-container\">\n\t\t\t\t\t\t\t\t\t<p data-start=\"595\" data-end=\"865\">La Fundaci\u00f3n de la Herencia Hispana destac\u00f3 a Trevi como una fuerza cultural cuya voz ha trascendido generaciones y fronteras. \u201cSu arte, giras r\u00e9cord y constante activismo encarnan el esp\u00edritu de este reconocimiento\u201d, expres\u00f3 Antonio Tijerino, presidente y CEO de HHF.<\/p>\n<p data-start=\"867\" data-end=\"1264\">La artista mexicana, que ha vendido m\u00e1s de <strong data-start=\"910\" data-end=\"935\">30 millones de discos<\/strong> y suma m\u00e1s de <strong data-start=\"950\" data-end=\"1011\">7 mil millones de reproducciones en plataformas digitales<\/strong>, agradeci\u00f3 el galard\u00f3n con un mensaje cargado de emoci\u00f3n. \u201cEste reconocimiento honra al p\u00fablico que durante tantos a\u00f1os ha convertido mi m\u00fasica en \u00e9xitos entrelazados con sus historias. A ellos, en una sola voz, les dedico este honor\u201d, declar\u00f3 Trevi.<\/p>\t\t\t\t\t\t\t\t<\/div>\n\t\t\t\t<\/div>\n\t\t\t\t\t<\/div>\n\t\t<\/div>\n\t\t\t\t<div class=\"elementor-column elementor-col-33 elementor-top-column elementor-element elementor-element-7800481\" data-id=\"7800481\" data-element_type=\"column\" data-e-type=\"column\">\n\t\t\t<div class=\"elementor-widget-wrap elementor-element-populated\">\n\t\t\t\t\t\t<div class=\"elementor-element elementor-element-1a041ea elementor-widget elementor-widget-image\" data-id=\"1a041ea\" data-element_type=\"widget\" data-e-type=\"widget\" data-widget_type=\"image.default\">\n\t\t\t\t<div class=\"elementor-widget-container\">\n\t\t\t\t\t\t\t\t\t\t\t\t\t\t\t<img fetchpriority=\"high\" decoding=\"async\" width=\"640\" height=\"960\" src=\"https:\/\/unaymilletras.com\/wp-content\/uploads\/2025\/08\/3D6A4076END--683x1024.jpg\" class=\"attachment-large size-large wp-image-5533\" alt=\"\" srcset=\"https:\/\/unaymilletras.com\/wp-content\/uploads\/2025\/08\/3D6A4076END--683x1024.jpg 683w, https:\/\/unaymilletras.com\/wp-content\/uploads\/2025\/08\/3D6A4076END--200x300.jpg 200w, https:\/\/unaymilletras.com\/wp-content\/uploads\/2025\/08\/3D6A4076END--768x1152.jpg 768w, https:\/\/unaymilletras.com\/wp-content\/uploads\/2025\/08\/3D6A4076END--1024x1536.jpg 1024w, https:\/\/unaymilletras.com\/wp-content\/uploads\/2025\/08\/3D6A4076END--1365x2048.jpg 1365w, https:\/\/unaymilletras.com\/wp-content\/uploads\/2025\/08\/3D6A4076END--8x12.jpg 8w, https:\/\/unaymilletras.com\/wp-content\/uploads\/2025\/08\/3D6A4076END--scaled-e1756584362818.jpg 600w\" sizes=\"(max-width: 640px) 100vw, 640px\" \/>\t\t\t\t\t\t\t\t\t\t\t\t\t\t\t<\/div>\n\t\t\t\t<\/div>\n\t\t\t\t\t<\/div>\n\t\t<\/div>\n\t\t\t\t\t<\/div>\n\t\t<\/section>\n\t\t\t\t<section class=\"elementor-section elementor-top-section elementor-element elementor-element-5ffbabc elementor-section-boxed elementor-section-height-default elementor-section-height-default\" data-id=\"5ffbabc\" data-element_type=\"section\" data-e-type=\"section\">\n\t\t\t\t\t\t<div class=\"elementor-container elementor-column-gap-default\">\n\t\t\t\t\t<div class=\"elementor-column elementor-col-100 elementor-top-column elementor-element elementor-element-1912ef0\" data-id=\"1912ef0\" data-element_type=\"column\" data-e-type=\"column\">\n\t\t\t<div class=\"elementor-widget-wrap elementor-element-populated\">\n\t\t\t\t\t\t<div class=\"elementor-element elementor-element-3f8fe84 elementor-widget elementor-widget-text-editor\" data-id=\"3f8fe84\" data-element_type=\"widget\" data-e-type=\"widget\" data-widget_type=\"text-editor.default\">\n\t\t\t\t<div class=\"elementor-widget-container\">\n\t\t\t\t\t\t\t\t\t<p>Con m\u00e1s de tres d\u00e9cadas de carrera, la int\u00e9rprete de \u00e9xitos como\u00a0<em data-start=\"1331\" data-end=\"1347\">Todos me miran<\/em>\u00a0y\u00a0<em data-start=\"1350\" data-end=\"1373\">Con los ojos cerrados<\/em>\u00a0ha acumulado m\u00faltiples \u00e1lbumes n\u00famero uno y forma parte del\u00a0<strong data-start=\"1434\" data-end=\"1478\">Sal\u00f3n de la Fama de Compositores Latinos<\/strong>. En 2025, Trevi sigue demostrando su vigencia con el lanzamiento de\u00a0<strong data-start=\"1547\" data-end=\"1561\">\u201cEl Vuelo\u201d<\/strong>, su primer \u00e1lbum como artista independiente. El proyecto ha recibido elogios de\u00a0<em data-start=\"1642\" data-end=\"1653\">Billboard<\/em>, que lo calific\u00f3 como una muestra de su capacidad de reinventarse sin perder su esencia pop.<\/p><p data-start=\"1750\" data-end=\"1996\">Adem\u00e1s, la cantante se encuentra en plena gira internacional, con conciertos en Latinoam\u00e9rica y Europa. En Espa\u00f1a, logr\u00f3 un <strong data-start=\"1874\" data-end=\"1917\">sold out en el Movistar Arena de Madrid<\/strong> el pasado mes de julio, confirmando su poder de convocatoria a nivel global.<\/p>\t\t\t\t\t\t\t\t<\/div>\n\t\t\t\t<\/div>\n\t\t\t\t\t<\/div>\n\t\t<\/div>\n\t\t\t\t\t<\/div>\n\t\t<\/section>\n\t\t\t\t<\/div>","protected":false},"excerpt":{"rendered":"<p>Gloria Trevi ser\u00e1 homenajeada en Washington D.C. el pr\u00f3ximo 4 de septiembre en reconocimiento a su trayectoria y legado Gloria Trevi, considerada por Rolling Stone como \u201cLa Reina del Pop Mexicano\u201d, ser\u00e1 distinguida con el Premio Leyenda de la Herencia Hispana 2025. La ceremonia tendr\u00e1 lugar en el Warner Theater de Washington D.C. el pr\u00f3ximo [&hellip;]<\/p>\n","protected":false},"author":6,"featured_media":5533,"comment_status":"closed","ping_status":"closed","sticky":false,"template":"","format":"standard","meta":{"footnotes":""},"categories":[4],"tags":[],"class_list":["post-5531","post","type-post","status-publish","format-standard","has-post-thumbnail","hentry","category-musica"],"yoast_head":"<!-- This site is optimized with the Yoast SEO plugin v27.4 - https:\/\/yoast.com\/product\/yoast-seo-wordpress\/ -->\n<title>Gloria Trevi recibir\u00e1 el Premio Leyenda de la Herencia Hispana 2025<\/title>\n<meta name=\"description\" content=\"Gloria Trevi ser\u00e1 homenajeada en Washington D.C. el pr\u00f3ximo 4 de septiembre en reconocimiento a su trayectoria y legado cultural.\" \/>\n<meta name=\"robots\" content=\"index, follow, max-snippet:-1, max-image-preview:large, max-video-preview:-1\" \/>\n<link rel=\"canonical\" href=\"https:\/\/unaymilletras.com\/en\/gloria-trevi-recibira-el-premio-leyenda-de-la-herencia-hispana-2025\/\" \/>\n<meta property=\"og:locale\" content=\"en_GB\" \/>\n<meta property=\"og:type\" content=\"article\" \/>\n<meta property=\"og:title\" content=\"Gloria Trevi recibir\u00e1 el Premio Leyenda de la Herencia Hispana 2025\" \/>\n<meta property=\"og:description\" content=\"Gloria Trevi ser\u00e1 homenajeada en Washington D.C. el pr\u00f3ximo 4 de septiembre en reconocimiento a su trayectoria y legado cultural.\" \/>\n<meta property=\"og:url\" content=\"https:\/\/unaymilletras.com\/en\/gloria-trevi-recibira-el-premio-leyenda-de-la-herencia-hispana-2025\/\" \/>\n<meta property=\"og:site_name\" content=\"Una y Mil Letras\" \/>\n<meta property=\"article:published_time\" content=\"2025-09-01T10:00:00+00:00\" \/>\n<meta property=\"og:image\" content=\"https:\/\/unaymilletras.com\/wp-content\/uploads\/2025\/08\/3D6A4076END--scaled-e1756584362818.jpg\" \/>\n\t<meta property=\"og:image:width\" content=\"600\" \/>\n\t<meta property=\"og:image:height\" content=\"900\" \/>\n\t<meta property=\"og:image:type\" content=\"image\/jpeg\" \/>\n<meta name=\"author\" content=\"Redacci\u00f3n\" \/>\n<meta name=\"twitter:card\" content=\"summary_large_image\" \/>\n<meta name=\"twitter:creator\" content=\"@UnaYMilLetras\" \/>\n<meta name=\"twitter:site\" content=\"@UnaYMilLetras\" \/>\n<meta name=\"twitter:label1\" content=\"Written by\" \/>\n\t<meta name=\"twitter:data1\" content=\"Redacci\u00f3n\" \/>\n\t<meta name=\"twitter:label2\" content=\"Estimated reading time\" \/>\n\t<meta name=\"twitter:data2\" content=\"2 minutes\" \/>\n<script type=\"application\/ld+json\" class=\"yoast-schema-graph\">{\"@context\":\"https:\\\/\\\/schema.org\",\"@graph\":[{\"@type\":\"Article\",\"@id\":\"https:\\\/\\\/unaymilletras.com\\\/gloria-trevi-recibira-el-premio-leyenda-de-la-herencia-hispana-2025\\\/#article\",\"isPartOf\":{\"@id\":\"https:\\\/\\\/unaymilletras.com\\\/gloria-trevi-recibira-el-premio-leyenda-de-la-herencia-hispana-2025\\\/\"},\"author\":{\"name\":\"Redacci\u00f3n\",\"@id\":\"http:\\\/\\\/unaymilletras.com\\\/#\\\/schema\\\/person\\\/0860dc8a218329991ee2c7591f4f849d\"},\"headline\":\"Gloria Trevi recibir\u00e1 el Premio Leyenda de la Herencia Hispana 2025\",\"datePublished\":\"2025-09-01T10:00:00+00:00\",\"mainEntityOfPage\":{\"@id\":\"https:\\\/\\\/unaymilletras.com\\\/gloria-trevi-recibira-el-premio-leyenda-de-la-herencia-hispana-2025\\\/\"},\"wordCount\":325,\"publisher\":{\"@id\":\"http:\\\/\\\/unaymilletras.com\\\/#organization\"},\"image\":{\"@id\":\"https:\\\/\\\/unaymilletras.com\\\/gloria-trevi-recibira-el-premio-leyenda-de-la-herencia-hispana-2025\\\/#primaryimage\"},\"thumbnailUrl\":\"https:\\\/\\\/unaymilletras.com\\\/wp-content\\\/uploads\\\/2025\\\/08\\\/3D6A4076END--scaled-e1756584362818.jpg\",\"articleSection\":[\"M\u00fasica\"],\"inLanguage\":\"en-GB\"},{\"@type\":\"WebPage\",\"@id\":\"https:\\\/\\\/unaymilletras.com\\\/gloria-trevi-recibira-el-premio-leyenda-de-la-herencia-hispana-2025\\\/\",\"url\":\"https:\\\/\\\/unaymilletras.com\\\/gloria-trevi-recibira-el-premio-leyenda-de-la-herencia-hispana-2025\\\/\",\"name\":\"Gloria Trevi recibir\u00e1 el Premio Leyenda de la Herencia Hispana 2025\",\"isPartOf\":{\"@id\":\"http:\\\/\\\/unaymilletras.com\\\/#website\"},\"primaryImageOfPage\":{\"@id\":\"https:\\\/\\\/unaymilletras.com\\\/gloria-trevi-recibira-el-premio-leyenda-de-la-herencia-hispana-2025\\\/#primaryimage\"},\"image\":{\"@id\":\"https:\\\/\\\/unaymilletras.com\\\/gloria-trevi-recibira-el-premio-leyenda-de-la-herencia-hispana-2025\\\/#primaryimage\"},\"thumbnailUrl\":\"https:\\\/\\\/unaymilletras.com\\\/wp-content\\\/uploads\\\/2025\\\/08\\\/3D6A4076END--scaled-e1756584362818.jpg\",\"datePublished\":\"2025-09-01T10:00:00+00:00\",\"description\":\"Gloria Trevi ser\u00e1 homenajeada en Washington D.C. el pr\u00f3ximo 4 de septiembre en reconocimiento a su trayectoria y legado cultural.\",\"breadcrumb\":{\"@id\":\"https:\\\/\\\/unaymilletras.com\\\/gloria-trevi-recibira-el-premio-leyenda-de-la-herencia-hispana-2025\\\/#breadcrumb\"},\"inLanguage\":\"en-GB\",\"potentialAction\":[{\"@type\":\"ReadAction\",\"target\":[\"https:\\\/\\\/unaymilletras.com\\\/gloria-trevi-recibira-el-premio-leyenda-de-la-herencia-hispana-2025\\\/\"]}]},{\"@type\":\"ImageObject\",\"inLanguage\":\"en-GB\",\"@id\":\"https:\\\/\\\/unaymilletras.com\\\/gloria-trevi-recibira-el-premio-leyenda-de-la-herencia-hispana-2025\\\/#primaryimage\",\"url\":\"https:\\\/\\\/unaymilletras.com\\\/wp-content\\\/uploads\\\/2025\\\/08\\\/3D6A4076END--scaled-e1756584362818.jpg\",\"contentUrl\":\"https:\\\/\\\/unaymilletras.com\\\/wp-content\\\/uploads\\\/2025\\\/08\\\/3D6A4076END--scaled-e1756584362818.jpg\",\"width\":600,\"height\":900},{\"@type\":\"BreadcrumbList\",\"@id\":\"https:\\\/\\\/unaymilletras.com\\\/gloria-trevi-recibira-el-premio-leyenda-de-la-herencia-hispana-2025\\\/#breadcrumb\",\"itemListElement\":[{\"@type\":\"ListItem\",\"position\":1,\"name\":\"Home\",\"item\":\"http:\\\/\\\/unaymilletras.com\\\/\"},{\"@type\":\"ListItem\",\"position\":2,\"name\":\"Gloria Trevi recibir\u00e1 el Premio Leyenda de la Herencia Hispana 2025\"}]},{\"@type\":\"WebSite\",\"@id\":\"http:\\\/\\\/unaymilletras.com\\\/#website\",\"url\":\"http:\\\/\\\/unaymilletras.com\\\/\",\"name\":\"Una y Mil Letras\",\"description\":\"\",\"publisher\":{\"@id\":\"http:\\\/\\\/unaymilletras.com\\\/#organization\"},\"potentialAction\":[{\"@type\":\"SearchAction\",\"target\":{\"@type\":\"EntryPoint\",\"urlTemplate\":\"http:\\\/\\\/unaymilletras.com\\\/?s={search_term_string}\"},\"query-input\":{\"@type\":\"PropertyValueSpecification\",\"valueRequired\":true,\"valueName\":\"search_term_string\"}}],\"inLanguage\":\"en-GB\"},{\"@type\":\"Organization\",\"@id\":\"http:\\\/\\\/unaymilletras.com\\\/#organization\",\"name\":\"Una y Mil Letras\",\"url\":\"http:\\\/\\\/unaymilletras.com\\\/\",\"logo\":{\"@type\":\"ImageObject\",\"inLanguage\":\"en-GB\",\"@id\":\"http:\\\/\\\/unaymilletras.com\\\/#\\\/schema\\\/logo\\\/image\\\/\",\"url\":\"https:\\\/\\\/unaymilletras.com\\\/wp-content\\\/uploads\\\/2024\\\/06\\\/cropped-Logo-removebg-preview.png\",\"contentUrl\":\"https:\\\/\\\/unaymilletras.com\\\/wp-content\\\/uploads\\\/2024\\\/06\\\/cropped-Logo-removebg-preview.png\",\"width\":512,\"height\":512,\"caption\":\"Una y Mil Letras\"},\"image\":{\"@id\":\"http:\\\/\\\/unaymilletras.com\\\/#\\\/schema\\\/logo\\\/image\\\/\"},\"sameAs\":[\"https:\\\/\\\/x.com\\\/UnaYMilLetras\",\"https:\\\/\\\/instagram.com\\\/UnaYMilLetras\"]},{\"@type\":\"Person\",\"@id\":\"http:\\\/\\\/unaymilletras.com\\\/#\\\/schema\\\/person\\\/0860dc8a218329991ee2c7591f4f849d\",\"name\":\"Redacci\u00f3n\",\"image\":{\"@type\":\"ImageObject\",\"inLanguage\":\"en-GB\",\"@id\":\"https:\\\/\\\/secure.gravatar.com\\\/avatar\\\/d8f55e05a8b6597e45c55a1dcbdbfe44f4a360d88b48e00de5216a79b7732796?s=96&d=mm&r=g\",\"url\":\"https:\\\/\\\/secure.gravatar.com\\\/avatar\\\/d8f55e05a8b6597e45c55a1dcbdbfe44f4a360d88b48e00de5216a79b7732796?s=96&d=mm&r=g\",\"contentUrl\":\"https:\\\/\\\/secure.gravatar.com\\\/avatar\\\/d8f55e05a8b6597e45c55a1dcbdbfe44f4a360d88b48e00de5216a79b7732796?s=96&d=mm&r=g\",\"caption\":\"Redacci\u00f3n\"},\"url\":\"https:\\\/\\\/unaymilletras.com\\\/en\\\/author\\\/redaccion\\\/\"}]}<\/script>\n<!-- \/ Yoast SEO plugin. -->","yoast_head_json":{"title":"Gloria Trevi recibir\u00e1 el Premio Leyenda de la Herencia Hispana 2025","description":"Gloria Trevi ser\u00e1 homenajeada en Washington D.C. el pr\u00f3ximo 4 de septiembre en reconocimiento a su trayectoria y legado cultural.","robots":{"index":"index","follow":"follow","max-snippet":"max-snippet:-1","max-image-preview":"max-image-preview:large","max-video-preview":"max-video-preview:-1"},"canonical":"https:\/\/unaymilletras.com\/en\/gloria-trevi-recibira-el-premio-leyenda-de-la-herencia-hispana-2025\/","og_locale":"en_GB","og_type":"article","og_title":"Gloria Trevi recibir\u00e1 el Premio Leyenda de la Herencia Hispana 2025","og_description":"Gloria Trevi ser\u00e1 homenajeada en Washington D.C. el pr\u00f3ximo 4 de septiembre en reconocimiento a su trayectoria y legado cultural.","og_url":"https:\/\/unaymilletras.com\/en\/gloria-trevi-recibira-el-premio-leyenda-de-la-herencia-hispana-2025\/","og_site_name":"Una y Mil Letras","article_published_time":"2025-09-01T10:00:00+00:00","og_image":[{"width":600,"height":900,"url":"https:\/\/unaymilletras.com\/wp-content\/uploads\/2025\/08\/3D6A4076END--scaled-e1756584362818.jpg","type":"image\/jpeg"}],"author":"Redacci\u00f3n","twitter_card":"summary_large_image","twitter_creator":"@UnaYMilLetras","twitter_site":"@UnaYMilLetras","twitter_misc":{"Written by":"Redacci\u00f3n","Estimated reading time":"2 minutes"},"schema":{"@context":"https:\/\/schema.org","@graph":[{"@type":"Article","@id":"https:\/\/unaymilletras.com\/gloria-trevi-recibira-el-premio-leyenda-de-la-herencia-hispana-2025\/#article","isPartOf":{"@id":"https:\/\/unaymilletras.com\/gloria-trevi-recibira-el-premio-leyenda-de-la-herencia-hispana-2025\/"},"author":{"name":"Redacci\u00f3n","@id":"http:\/\/unaymilletras.com\/#\/schema\/person\/0860dc8a218329991ee2c7591f4f849d"},"headline":"Gloria Trevi recibir\u00e1 el Premio Leyenda de la Herencia Hispana 2025","datePublished":"2025-09-01T10:00:00+00:00","mainEntityOfPage":{"@id":"https:\/\/unaymilletras.com\/gloria-trevi-recibira-el-premio-leyenda-de-la-herencia-hispana-2025\/"},"wordCount":325,"publisher":{"@id":"http:\/\/unaymilletras.com\/#organization"},"image":{"@id":"https:\/\/unaymilletras.com\/gloria-trevi-recibira-el-premio-leyenda-de-la-herencia-hispana-2025\/#primaryimage"},"thumbnailUrl":"https:\/\/unaymilletras.com\/wp-content\/uploads\/2025\/08\/3D6A4076END--scaled-e1756584362818.jpg","articleSection":["M\u00fasica"],"inLanguage":"en-GB"},{"@type":"WebPage","@id":"https:\/\/unaymilletras.com\/gloria-trevi-recibira-el-premio-leyenda-de-la-herencia-hispana-2025\/","url":"https:\/\/unaymilletras.com\/gloria-trevi-recibira-el-premio-leyenda-de-la-herencia-hispana-2025\/","name":"Gloria Trevi recibir\u00e1 el Premio Leyenda de la Herencia Hispana 2025","isPartOf":{"@id":"http:\/\/unaymilletras.com\/#website"},"primaryImageOfPage":{"@id":"https:\/\/unaymilletras.com\/gloria-trevi-recibira-el-premio-leyenda-de-la-herencia-hispana-2025\/#primaryimage"},"image":{"@id":"https:\/\/unaymilletras.com\/gloria-trevi-recibira-el-premio-leyenda-de-la-herencia-hispana-2025\/#primaryimage"},"thumbnailUrl":"https:\/\/unaymilletras.com\/wp-content\/uploads\/2025\/08\/3D6A4076END--scaled-e1756584362818.jpg","datePublished":"2025-09-01T10:00:00+00:00","description":"Gloria Trevi ser\u00e1 homenajeada en Washington D.C. el pr\u00f3ximo 4 de septiembre en reconocimiento a su trayectoria y legado cultural.","breadcrumb":{"@id":"https:\/\/unaymilletras.com\/gloria-trevi-recibira-el-premio-leyenda-de-la-herencia-hispana-2025\/#breadcrumb"},"inLanguage":"en-GB","potentialAction":[{"@type":"ReadAction","target":["https:\/\/unaymilletras.com\/gloria-trevi-recibira-el-premio-leyenda-de-la-herencia-hispana-2025\/"]}]},{"@type":"ImageObject","inLanguage":"en-GB","@id":"https:\/\/unaymilletras.com\/gloria-trevi-recibira-el-premio-leyenda-de-la-herencia-hispana-2025\/#primaryimage","url":"https:\/\/unaymilletras.com\/wp-content\/uploads\/2025\/08\/3D6A4076END--scaled-e1756584362818.jpg","contentUrl":"https:\/\/unaymilletras.com\/wp-content\/uploads\/2025\/08\/3D6A4076END--scaled-e1756584362818.jpg","width":600,"height":900},{"@type":"BreadcrumbList","@id":"https:\/\/unaymilletras.com\/gloria-trevi-recibira-el-premio-leyenda-de-la-herencia-hispana-2025\/#breadcrumb","itemListElement":[{"@type":"ListItem","position":1,"name":"Home","item":"http:\/\/unaymilletras.com\/"},{"@type":"ListItem","position":2,"name":"Gloria Trevi recibir\u00e1 el Premio Leyenda de la Herencia Hispana 2025"}]},{"@type":"WebSite","@id":"http:\/\/unaymilletras.com\/#website","url":"http:\/\/unaymilletras.com\/","name":"Una y Mil Letras","description":"","publisher":{"@id":"http:\/\/unaymilletras.com\/#organization"},"potentialAction":[{"@type":"SearchAction","target":{"@type":"EntryPoint","urlTemplate":"http:\/\/unaymilletras.com\/?s={search_term_string}"},"query-input":{"@type":"PropertyValueSpecification","valueRequired":true,"valueName":"search_term_string"}}],"inLanguage":"en-GB"},{"@type":"Organization","@id":"http:\/\/unaymilletras.com\/#organization","name":"Una y Mil Letras","url":"http:\/\/unaymilletras.com\/","logo":{"@type":"ImageObject","inLanguage":"en-GB","@id":"http:\/\/unaymilletras.com\/#\/schema\/logo\/image\/","url":"https:\/\/unaymilletras.com\/wp-content\/uploads\/2024\/06\/cropped-Logo-removebg-preview.png","contentUrl":"https:\/\/unaymilletras.com\/wp-content\/uploads\/2024\/06\/cropped-Logo-removebg-preview.png","width":512,"height":512,"caption":"Una y Mil Letras"},"image":{"@id":"http:\/\/unaymilletras.com\/#\/schema\/logo\/image\/"},"sameAs":["https:\/\/x.com\/UnaYMilLetras","https:\/\/instagram.com\/UnaYMilLetras"]},{"@type":"Person","@id":"http:\/\/unaymilletras.com\/#\/schema\/person\/0860dc8a218329991ee2c7591f4f849d","name":"Redacci\u00f3n","image":{"@type":"ImageObject","inLanguage":"en-GB","@id":"https:\/\/secure.gravatar.com\/avatar\/d8f55e05a8b6597e45c55a1dcbdbfe44f4a360d88b48e00de5216a79b7732796?s=96&d=mm&r=g","url":"https:\/\/secure.gravatar.com\/avatar\/d8f55e05a8b6597e45c55a1dcbdbfe44f4a360d88b48e00de5216a79b7732796?s=96&d=mm&r=g","contentUrl":"https:\/\/secure.gravatar.com\/avatar\/d8f55e05a8b6597e45c55a1dcbdbfe44f4a360d88b48e00de5216a79b7732796?s=96&d=mm&r=g","caption":"Redacci\u00f3n"},"url":"https:\/\/unaymilletras.com\/en\/author\/redaccion\/"}]}},"_links":{"self":[{"href":"https:\/\/unaymilletras.com\/en\/wp-json\/wp\/v2\/posts\/5531","targetHints":{"allow":["GET"]}}],"collection":[{"href":"https:\/\/unaymilletras.com\/en\/wp-json\/wp\/v2\/posts"}],"about":[{"href":"https:\/\/unaymilletras.com\/en\/wp-json\/wp\/v2\/types\/post"}],"author":[{"embeddable":true,"href":"https:\/\/unaymilletras.com\/en\/wp-json\/wp\/v2\/users\/6"}],"replies":[{"embeddable":true,"href":"https:\/\/unaymilletras.com\/en\/wp-json\/wp\/v2\/comments?post=5531"}],"version-history":[{"count":4,"href":"https:\/\/unaymilletras.com\/en\/wp-json\/wp\/v2\/posts\/5531\/revisions"}],"predecessor-version":[{"id":5536,"href":"https:\/\/unaymilletras.com\/en\/wp-json\/wp\/v2\/posts\/5531\/revisions\/5536"}],"wp:featuredmedia":[{"embeddable":true,"href":"https:\/\/unaymilletras.com\/en\/wp-json\/wp\/v2\/media\/5533"}],"wp:attachment":[{"href":"https:\/\/unaymilletras.com\/en\/wp-json\/wp\/v2\/media?parent=5531"}],"wp:term":[{"taxonomy":"category","embeddable":true,"href":"https:\/\/unaymilletras.com\/en\/wp-json\/wp\/v2\/categories?post=5531"},{"taxonomy":"post_tag","embeddable":true,"href":"https:\/\/unaymilletras.com\/en\/wp-json\/wp\/v2\/tags?post=5531"}],"curies":[{"name":"wp","href":"https:\/\/api.w.org\/{rel}","templated":true}]}}