{"id":5540,"date":"2025-09-01T13:45:32","date_gmt":"2025-09-01T11:45:32","guid":{"rendered":"https:\/\/unaymilletras.com\/?p=5540"},"modified":"2025-09-01T13:48:34","modified_gmt":"2025-09-01T11:48:34","slug":"prime-video-revela-ot-2025-los-elegidos-antes-de-la-gala-0","status":"publish","type":"post","link":"https:\/\/unaymilletras.com\/en\/prime-video-revela-ot-2025-los-elegidos-antes-de-la-gala-0\/","title":{"rendered":"Prime Video revela OT 2025: Los elegidos antes de la Gala 0"},"content":{"rendered":"<div data-elementor-type=\"wp-post\" data-elementor-id=\"5540\" class=\"elementor elementor-5540\">\n\t\t\t\t\t\t<section class=\"elementor-section elementor-top-section elementor-element elementor-element-5693ecf elementor-section-boxed elementor-section-height-default elementor-section-height-default\" data-id=\"5693ecf\" data-element_type=\"section\" data-e-type=\"section\">\n\t\t\t\t\t\t<div class=\"elementor-container elementor-column-gap-default\">\n\t\t\t\t\t<div class=\"elementor-column elementor-col-100 elementor-top-column elementor-element elementor-element-2d5dd98\" data-id=\"2d5dd98\" data-element_type=\"column\" data-e-type=\"column\">\n\t\t\t<div class=\"elementor-widget-wrap elementor-element-populated\">\n\t\t\t\t\t\t<div class=\"elementor-element elementor-element-2c3e97c elementor-widget elementor-widget-text-editor\" data-id=\"2c3e97c\" data-element_type=\"widget\" data-e-type=\"widget\" data-widget_type=\"text-editor.default\">\n\t\t\t\t<div class=\"elementor-widget-container\">\n\t\t\t\t\t\t\t\t\t<h2 style=\"text-align: center;\"><span style=\"color: #808080;\"><em>Los 18 aspirantes de OT 2025 se dar\u00e1n a conocer en dos episodios especiales que llegan a Prime Video el 12 de septiembre<\/em><\/span><\/h2>\t\t\t\t\t\t\t\t<\/div>\n\t\t\t\t<\/div>\n\t\t\t\t\t<\/div>\n\t\t<\/div>\n\t\t\t\t\t<\/div>\n\t\t<\/section>\n\t\t\t\t<section class=\"elementor-section elementor-top-section elementor-element elementor-element-d2fba94 elementor-section-boxed elementor-section-height-default elementor-section-height-default\" data-id=\"d2fba94\" data-element_type=\"section\" data-e-type=\"section\">\n\t\t\t\t\t\t<div class=\"elementor-container elementor-column-gap-default\">\n\t\t\t\t\t<div class=\"elementor-column elementor-col-100 elementor-top-column elementor-element elementor-element-35e1476\" data-id=\"35e1476\" data-element_type=\"column\" data-e-type=\"column\">\n\t\t\t<div class=\"elementor-widget-wrap elementor-element-populated\">\n\t\t\t\t\t\t<div class=\"elementor-element elementor-element-b18d49f elementor-widget elementor-widget-text-editor\" data-id=\"b18d49f\" data-element_type=\"widget\" data-e-type=\"widget\" data-widget_type=\"text-editor.default\">\n\t\t\t\t<div class=\"elementor-widget-container\">\n\t\t\t\t\t\t\t\t\t<p data-start=\"213\" data-end=\"545\">Prime Video estrenar\u00e1 el pr\u00f3ximo <strong data-start=\"246\" data-end=\"266\">12 de septiembre<\/strong> <em data-start=\"267\" data-end=\"290\">OT 2025: Los elegidos<\/em>, dos episodios de 45 minutos que mostrar\u00e1n material in\u00e9dito de los castings de Operaci\u00f3n Triunfo. La producci\u00f3n permitir\u00e1 a los fans descubrir a los <strong data-start=\"440\" data-end=\"457\">18 aspirantes<\/strong> que competir\u00e1n en la <strong data-start=\"479\" data-end=\"489\">Gala 0<\/strong>, prevista para el <strong data-start=\"508\" data-end=\"542\">15 de septiembre a las 22:00 h<\/strong>.<\/p><p data-start=\"547\" data-end=\"892\">El primer episodio llevar\u00e1 a los espectadores a las fases iniciales de los castings, que reunieron a m\u00e1s de <strong data-start=\"655\" data-end=\"676\">11.500 aspirantes<\/strong> en <strong data-start=\"680\" data-end=\"708\">nueve ciudades espa\u00f1olas<\/strong>, entre ellas Barcelona, Valencia, Sevilla o Madrid. Desde las largas colas hasta las primeras valoraciones del jurado, se mostrar\u00e1 de cerca c\u00f3mo arranca el camino hacia la Academia.<\/p>\t\t\t\t\t\t\t\t<\/div>\n\t\t\t\t<\/div>\n\t\t\t\t\t<\/div>\n\t\t<\/div>\n\t\t\t\t\t<\/div>\n\t\t<\/section>\n\t\t\t\t<section class=\"elementor-section elementor-top-section elementor-element elementor-element-5737ae3 elementor-section-boxed elementor-section-height-default elementor-section-height-default\" data-id=\"5737ae3\" data-element_type=\"section\" data-e-type=\"section\">\n\t\t\t\t\t\t<div class=\"elementor-container elementor-column-gap-default\">\n\t\t\t\t\t<div class=\"elementor-column elementor-col-100 elementor-top-column elementor-element elementor-element-17eb236\" data-id=\"17eb236\" data-element_type=\"column\" data-e-type=\"column\">\n\t\t\t<div class=\"elementor-widget-wrap elementor-element-populated\">\n\t\t\t\t\t\t<div class=\"elementor-element elementor-element-734a75c elementor-widget elementor-widget-image\" data-id=\"734a75c\" data-element_type=\"widget\" data-e-type=\"widget\" data-widget_type=\"image.default\">\n\t\t\t\t<div class=\"elementor-widget-container\">\n\t\t\t\t\t\t\t\t\t\t\t\t<figure class=\"wp-caption\">\n\t\t\t\t\t\t\t\t\t\t<img fetchpriority=\"high\" decoding=\"async\" width=\"640\" height=\"427\" src=\"https:\/\/unaymilletras.com\/wp-content\/uploads\/2025\/09\/DSC09227-1024x683.jpg\" class=\"attachment-large size-large wp-image-5542\" alt=\"OT 2025\" srcset=\"https:\/\/unaymilletras.com\/wp-content\/uploads\/2025\/09\/DSC09227-1024x683.jpg 1024w, https:\/\/unaymilletras.com\/wp-content\/uploads\/2025\/09\/DSC09227-300x200.jpg 300w, https:\/\/unaymilletras.com\/wp-content\/uploads\/2025\/09\/DSC09227-768x512.jpg 768w, https:\/\/unaymilletras.com\/wp-content\/uploads\/2025\/09\/DSC09227-1536x1024.jpg 1536w, https:\/\/unaymilletras.com\/wp-content\/uploads\/2025\/09\/DSC09227-2048x1366.jpg 2048w, https:\/\/unaymilletras.com\/wp-content\/uploads\/2025\/09\/DSC09227-18x12.jpg 18w, https:\/\/unaymilletras.com\/wp-content\/uploads\/2025\/09\/DSC09227-scaled-e1756727251348.jpg 600w\" sizes=\"(max-width: 640px) 100vw, 640px\" \/>\t\t\t\t\t\t\t\t\t\t\t<figcaption class=\"widget-image-caption wp-caption-text\">Foto: Eva Flores<\/figcaption>\n\t\t\t\t\t\t\t\t\t\t<\/figure>\n\t\t\t\t\t\t\t\t\t<\/div>\n\t\t\t\t<\/div>\n\t\t\t\t\t<\/div>\n\t\t<\/div>\n\t\t\t\t\t<\/div>\n\t\t<\/section>\n\t\t\t\t<section class=\"elementor-section elementor-top-section elementor-element elementor-element-04f34f1 elementor-section-boxed elementor-section-height-default elementor-section-height-default\" data-id=\"04f34f1\" data-element_type=\"section\" data-e-type=\"section\">\n\t\t\t\t\t\t<div class=\"elementor-container elementor-column-gap-default\">\n\t\t\t\t\t<div class=\"elementor-column elementor-col-100 elementor-top-column elementor-element elementor-element-e93c67a\" data-id=\"e93c67a\" data-element_type=\"column\" data-e-type=\"column\">\n\t\t\t<div class=\"elementor-widget-wrap elementor-element-populated\">\n\t\t\t\t\t\t<div class=\"elementor-element elementor-element-2d26874 elementor-widget elementor-widget-text-editor\" data-id=\"2d26874\" data-element_type=\"widget\" data-e-type=\"widget\" data-widget_type=\"text-editor.default\">\n\t\t\t\t<div class=\"elementor-widget-container\">\n\t\t\t\t\t\t\t\t\t<p data-start=\"894\" data-end=\"1214\">El segundo episodio se centrar\u00e1 en el <strong data-start=\"932\" data-end=\"949\">casting final<\/strong>, donde <strong data-start=\"957\" data-end=\"977\">83 seleccionados<\/strong> convivieron durante tres d\u00edas de actuaciones y rondas eliminatorias. All\u00ed, la tensi\u00f3n alcanz\u00f3 su punto \u00e1lgido con el anuncio de los <strong data-start=\"1110\" data-end=\"1139\">18 aspirantes definitivos<\/strong>, que ahora se preparan para luchar por entrar en la Academia en directo.<\/p><p data-start=\"1216\" data-end=\"1577\">La <strong data-start=\"1219\" data-end=\"1255\">Gala 0 de Operaci\u00f3n Triunfo 2025<\/strong> marcar\u00e1 el inicio oficial de esta nueva edici\u00f3n. Los candidatos ofrecer\u00e1n su <strong data-start=\"1333\" data-end=\"1365\">primera actuaci\u00f3n individual<\/strong> en el escenario y se jugar\u00e1n la entrada al concurso. Como en la edici\u00f3n anterior, todas las <strong data-start=\"1458\" data-end=\"1477\">galas semanales<\/strong> se emitir\u00e1n en <strong data-start=\"1493\" data-end=\"1529\">directo cada lunes a las 22:00 h<\/strong> en Prime Video, hasta el <strong data-start=\"1555\" data-end=\"1574\">15 de diciembre<\/strong>.<\/p><p data-start=\"1579\" data-end=\"1922\">Operaci\u00f3n Triunfo, que naci\u00f3 en 2001 y se convirti\u00f3 en un fen\u00f3meno televisivo y musical, mantiene su vigencia m\u00e1s de dos d\u00e9cadas despu\u00e9s. Su edici\u00f3n de 2023 en Prime Video fue un \u00e9xito hist\u00f3rico, logrando el <strong data-start=\"1787\" data-end=\"1817\">estreno nacional m\u00e1s visto<\/strong> en la plataforma y generando m\u00e1s suscripciones nuevas que cualquier otro contenido original en Espa\u00f1a.<\/p>\t\t\t\t\t\t\t\t<\/div>\n\t\t\t\t<\/div>\n\t\t\t\t\t<\/div>\n\t\t<\/div>\n\t\t\t\t\t<\/div>\n\t\t<\/section>\n\t\t\t\t<\/div>","protected":false},"excerpt":{"rendered":"<p>Los 18 aspirantes de OT 2025 se dar\u00e1n a conocer en dos episodios especiales que llegan a Prime Video el 12 de septiembre Prime Video estrenar\u00e1 el pr\u00f3ximo 12 de septiembre OT 2025: Los elegidos, dos episodios de 45 minutos que mostrar\u00e1n material in\u00e9dito de los castings de Operaci\u00f3n Triunfo. La producci\u00f3n permitir\u00e1 a los [&hellip;]<\/p>\n","protected":false},"author":6,"featured_media":5542,"comment_status":"closed","ping_status":"closed","sticky":false,"template":"","format":"standard","meta":{"footnotes":""},"categories":[4,117],"tags":[],"class_list":["post-5540","post","type-post","status-publish","format-standard","has-post-thumbnail","hentry","category-musica","category-peliculas-y-series"],"yoast_head":"<!-- This site is optimized with the Yoast SEO plugin v27.4 - https:\/\/yoast.com\/product\/yoast-seo-wordpress\/ -->\n<title>Prime Video revela OT 2025: Los elegidos antes de la Gala 0<\/title>\n<meta name=\"description\" content=\"Los 18 aspirantes de Operaci\u00f3n Triunfo 2025 se dar\u00e1n a conocer en dos episodios especiales que llegan a Prime Video el 12 de septiembre\" \/>\n<meta name=\"robots\" content=\"index, follow, max-snippet:-1, max-image-preview:large, max-video-preview:-1\" \/>\n<link rel=\"canonical\" href=\"https:\/\/unaymilletras.com\/en\/prime-video-revela-ot-2025-los-elegidos-antes-de-la-gala-0\/\" \/>\n<meta property=\"og:locale\" content=\"en_GB\" \/>\n<meta property=\"og:type\" content=\"article\" \/>\n<meta property=\"og:title\" content=\"Prime Video revela OT 2025: Los elegidos antes de la Gala 0\" \/>\n<meta property=\"og:description\" content=\"Los 18 aspirantes de Operaci\u00f3n Triunfo 2025 se dar\u00e1n a conocer en dos episodios especiales que llegan a Prime Video el 12 de septiembre\" \/>\n<meta property=\"og:url\" content=\"https:\/\/unaymilletras.com\/en\/prime-video-revela-ot-2025-los-elegidos-antes-de-la-gala-0\/\" \/>\n<meta property=\"og:site_name\" content=\"Una y Mil Letras\" \/>\n<meta property=\"article:published_time\" content=\"2025-09-01T11:45:32+00:00\" \/>\n<meta property=\"article:modified_time\" content=\"2025-09-01T11:48:34+00:00\" \/>\n<meta property=\"og:image\" content=\"http:\/\/unaymilletras.com\/wp-content\/uploads\/2025\/09\/DSC09227-scaled-e1756727251348.jpg\" \/>\n\t<meta property=\"og:image:width\" content=\"600\" \/>\n\t<meta property=\"og:image:height\" content=\"400\" \/>\n\t<meta property=\"og:image:type\" content=\"image\/jpeg\" \/>\n<meta name=\"author\" content=\"Redacci\u00f3n\" \/>\n<meta name=\"twitter:card\" content=\"summary_large_image\" \/>\n<meta name=\"twitter:creator\" content=\"@UnaYMilLetras\" \/>\n<meta name=\"twitter:site\" content=\"@UnaYMilLetras\" \/>\n<meta name=\"twitter:label1\" content=\"Written by\" \/>\n\t<meta name=\"twitter:data1\" content=\"Redacci\u00f3n\" \/>\n\t<meta name=\"twitter:label2\" content=\"Estimated reading time\" \/>\n\t<meta name=\"twitter:data2\" content=\"2 minutes\" \/>\n<script type=\"application\/ld+json\" class=\"yoast-schema-graph\">{\"@context\":\"https:\\\/\\\/schema.org\",\"@graph\":[{\"@type\":\"Article\",\"@id\":\"https:\\\/\\\/unaymilletras.com\\\/prime-video-revela-ot-2025-los-elegidos-antes-de-la-gala-0\\\/#article\",\"isPartOf\":{\"@id\":\"https:\\\/\\\/unaymilletras.com\\\/prime-video-revela-ot-2025-los-elegidos-antes-de-la-gala-0\\\/\"},\"author\":{\"name\":\"Redacci\u00f3n\",\"@id\":\"http:\\\/\\\/unaymilletras.com\\\/#\\\/schema\\\/person\\\/0860dc8a218329991ee2c7591f4f849d\"},\"headline\":\"Prime Video revela OT 2025: Los elegidos antes de la Gala 0\",\"datePublished\":\"2025-09-01T11:45:32+00:00\",\"dateModified\":\"2025-09-01T11:48:34+00:00\",\"mainEntityOfPage\":{\"@id\":\"https:\\\/\\\/unaymilletras.com\\\/prime-video-revela-ot-2025-los-elegidos-antes-de-la-gala-0\\\/\"},\"wordCount\":316,\"publisher\":{\"@id\":\"http:\\\/\\\/unaymilletras.com\\\/#organization\"},\"image\":{\"@id\":\"https:\\\/\\\/unaymilletras.com\\\/prime-video-revela-ot-2025-los-elegidos-antes-de-la-gala-0\\\/#primaryimage\"},\"thumbnailUrl\":\"https:\\\/\\\/unaymilletras.com\\\/wp-content\\\/uploads\\\/2025\\\/09\\\/DSC09227-scaled-e1756727251348.jpg\",\"articleSection\":[\"M\u00fasica\",\"Pel\u00edculas y Series\"],\"inLanguage\":\"en-GB\"},{\"@type\":\"WebPage\",\"@id\":\"https:\\\/\\\/unaymilletras.com\\\/prime-video-revela-ot-2025-los-elegidos-antes-de-la-gala-0\\\/\",\"url\":\"https:\\\/\\\/unaymilletras.com\\\/prime-video-revela-ot-2025-los-elegidos-antes-de-la-gala-0\\\/\",\"name\":\"Prime Video revela OT 2025: Los elegidos antes de la Gala 0\",\"isPartOf\":{\"@id\":\"http:\\\/\\\/unaymilletras.com\\\/#website\"},\"primaryImageOfPage\":{\"@id\":\"https:\\\/\\\/unaymilletras.com\\\/prime-video-revela-ot-2025-los-elegidos-antes-de-la-gala-0\\\/#primaryimage\"},\"image\":{\"@id\":\"https:\\\/\\\/unaymilletras.com\\\/prime-video-revela-ot-2025-los-elegidos-antes-de-la-gala-0\\\/#primaryimage\"},\"thumbnailUrl\":\"https:\\\/\\\/unaymilletras.com\\\/wp-content\\\/uploads\\\/2025\\\/09\\\/DSC09227-scaled-e1756727251348.jpg\",\"datePublished\":\"2025-09-01T11:45:32+00:00\",\"dateModified\":\"2025-09-01T11:48:34+00:00\",\"description\":\"Los 18 aspirantes de Operaci\u00f3n Triunfo 2025 se dar\u00e1n a conocer en dos episodios especiales que llegan a Prime Video el 12 de septiembre\",\"breadcrumb\":{\"@id\":\"https:\\\/\\\/unaymilletras.com\\\/prime-video-revela-ot-2025-los-elegidos-antes-de-la-gala-0\\\/#breadcrumb\"},\"inLanguage\":\"en-GB\",\"potentialAction\":[{\"@type\":\"ReadAction\",\"target\":[\"https:\\\/\\\/unaymilletras.com\\\/prime-video-revela-ot-2025-los-elegidos-antes-de-la-gala-0\\\/\"]}]},{\"@type\":\"ImageObject\",\"inLanguage\":\"en-GB\",\"@id\":\"https:\\\/\\\/unaymilletras.com\\\/prime-video-revela-ot-2025-los-elegidos-antes-de-la-gala-0\\\/#primaryimage\",\"url\":\"https:\\\/\\\/unaymilletras.com\\\/wp-content\\\/uploads\\\/2025\\\/09\\\/DSC09227-scaled-e1756727251348.jpg\",\"contentUrl\":\"https:\\\/\\\/unaymilletras.com\\\/wp-content\\\/uploads\\\/2025\\\/09\\\/DSC09227-scaled-e1756727251348.jpg\",\"width\":600,\"height\":400,\"caption\":\"Foto: Eva Flores\"},{\"@type\":\"BreadcrumbList\",\"@id\":\"https:\\\/\\\/unaymilletras.com\\\/prime-video-revela-ot-2025-los-elegidos-antes-de-la-gala-0\\\/#breadcrumb\",\"itemListElement\":[{\"@type\":\"ListItem\",\"position\":1,\"name\":\"Home\",\"item\":\"http:\\\/\\\/unaymilletras.com\\\/\"},{\"@type\":\"ListItem\",\"position\":2,\"name\":\"Prime Video revela OT 2025: Los elegidos antes de la Gala 0\"}]},{\"@type\":\"WebSite\",\"@id\":\"http:\\\/\\\/unaymilletras.com\\\/#website\",\"url\":\"http:\\\/\\\/unaymilletras.com\\\/\",\"name\":\"Una y Mil Letras\",\"description\":\"\",\"publisher\":{\"@id\":\"http:\\\/\\\/unaymilletras.com\\\/#organization\"},\"potentialAction\":[{\"@type\":\"SearchAction\",\"target\":{\"@type\":\"EntryPoint\",\"urlTemplate\":\"http:\\\/\\\/unaymilletras.com\\\/?s={search_term_string}\"},\"query-input\":{\"@type\":\"PropertyValueSpecification\",\"valueRequired\":true,\"valueName\":\"search_term_string\"}}],\"inLanguage\":\"en-GB\"},{\"@type\":\"Organization\",\"@id\":\"http:\\\/\\\/unaymilletras.com\\\/#organization\",\"name\":\"Una y Mil Letras\",\"url\":\"http:\\\/\\\/unaymilletras.com\\\/\",\"logo\":{\"@type\":\"ImageObject\",\"inLanguage\":\"en-GB\",\"@id\":\"http:\\\/\\\/unaymilletras.com\\\/#\\\/schema\\\/logo\\\/image\\\/\",\"url\":\"https:\\\/\\\/unaymilletras.com\\\/wp-content\\\/uploads\\\/2024\\\/06\\\/cropped-Logo-removebg-preview.png\",\"contentUrl\":\"https:\\\/\\\/unaymilletras.com\\\/wp-content\\\/uploads\\\/2024\\\/06\\\/cropped-Logo-removebg-preview.png\",\"width\":512,\"height\":512,\"caption\":\"Una y Mil Letras\"},\"image\":{\"@id\":\"http:\\\/\\\/unaymilletras.com\\\/#\\\/schema\\\/logo\\\/image\\\/\"},\"sameAs\":[\"https:\\\/\\\/x.com\\\/UnaYMilLetras\",\"https:\\\/\\\/instagram.com\\\/UnaYMilLetras\"]},{\"@type\":\"Person\",\"@id\":\"http:\\\/\\\/unaymilletras.com\\\/#\\\/schema\\\/person\\\/0860dc8a218329991ee2c7591f4f849d\",\"name\":\"Redacci\u00f3n\",\"image\":{\"@type\":\"ImageObject\",\"inLanguage\":\"en-GB\",\"@id\":\"https:\\\/\\\/secure.gravatar.com\\\/avatar\\\/d8f55e05a8b6597e45c55a1dcbdbfe44f4a360d88b48e00de5216a79b7732796?s=96&d=mm&r=g\",\"url\":\"https:\\\/\\\/secure.gravatar.com\\\/avatar\\\/d8f55e05a8b6597e45c55a1dcbdbfe44f4a360d88b48e00de5216a79b7732796?s=96&d=mm&r=g\",\"contentUrl\":\"https:\\\/\\\/secure.gravatar.com\\\/avatar\\\/d8f55e05a8b6597e45c55a1dcbdbfe44f4a360d88b48e00de5216a79b7732796?s=96&d=mm&r=g\",\"caption\":\"Redacci\u00f3n\"},\"url\":\"https:\\\/\\\/unaymilletras.com\\\/en\\\/author\\\/redaccion\\\/\"}]}<\/script>\n<!-- \/ Yoast SEO plugin. -->","yoast_head_json":{"title":"Prime Video revela OT 2025: Los elegidos antes de la Gala 0","description":"Los 18 aspirantes de Operaci\u00f3n Triunfo 2025 se dar\u00e1n a conocer en dos episodios especiales que llegan a Prime Video el 12 de septiembre","robots":{"index":"index","follow":"follow","max-snippet":"max-snippet:-1","max-image-preview":"max-image-preview:large","max-video-preview":"max-video-preview:-1"},"canonical":"https:\/\/unaymilletras.com\/en\/prime-video-revela-ot-2025-los-elegidos-antes-de-la-gala-0\/","og_locale":"en_GB","og_type":"article","og_title":"Prime Video revela OT 2025: Los elegidos antes de la Gala 0","og_description":"Los 18 aspirantes de Operaci\u00f3n Triunfo 2025 se dar\u00e1n a conocer en dos episodios especiales que llegan a Prime Video el 12 de septiembre","og_url":"https:\/\/unaymilletras.com\/en\/prime-video-revela-ot-2025-los-elegidos-antes-de-la-gala-0\/","og_site_name":"Una y Mil Letras","article_published_time":"2025-09-01T11:45:32+00:00","article_modified_time":"2025-09-01T11:48:34+00:00","og_image":[{"width":600,"height":400,"url":"http:\/\/unaymilletras.com\/wp-content\/uploads\/2025\/09\/DSC09227-scaled-e1756727251348.jpg","type":"image\/jpeg"}],"author":"Redacci\u00f3n","twitter_card":"summary_large_image","twitter_creator":"@UnaYMilLetras","twitter_site":"@UnaYMilLetras","twitter_misc":{"Written by":"Redacci\u00f3n","Estimated reading time":"2 minutes"},"schema":{"@context":"https:\/\/schema.org","@graph":[{"@type":"Article","@id":"https:\/\/unaymilletras.com\/prime-video-revela-ot-2025-los-elegidos-antes-de-la-gala-0\/#article","isPartOf":{"@id":"https:\/\/unaymilletras.com\/prime-video-revela-ot-2025-los-elegidos-antes-de-la-gala-0\/"},"author":{"name":"Redacci\u00f3n","@id":"http:\/\/unaymilletras.com\/#\/schema\/person\/0860dc8a218329991ee2c7591f4f849d"},"headline":"Prime Video revela OT 2025: Los elegidos antes de la Gala 0","datePublished":"2025-09-01T11:45:32+00:00","dateModified":"2025-09-01T11:48:34+00:00","mainEntityOfPage":{"@id":"https:\/\/unaymilletras.com\/prime-video-revela-ot-2025-los-elegidos-antes-de-la-gala-0\/"},"wordCount":316,"publisher":{"@id":"http:\/\/unaymilletras.com\/#organization"},"image":{"@id":"https:\/\/unaymilletras.com\/prime-video-revela-ot-2025-los-elegidos-antes-de-la-gala-0\/#primaryimage"},"thumbnailUrl":"https:\/\/unaymilletras.com\/wp-content\/uploads\/2025\/09\/DSC09227-scaled-e1756727251348.jpg","articleSection":["M\u00fasica","Pel\u00edculas y Series"],"inLanguage":"en-GB"},{"@type":"WebPage","@id":"https:\/\/unaymilletras.com\/prime-video-revela-ot-2025-los-elegidos-antes-de-la-gala-0\/","url":"https:\/\/unaymilletras.com\/prime-video-revela-ot-2025-los-elegidos-antes-de-la-gala-0\/","name":"Prime Video revela OT 2025: Los elegidos antes de la Gala 0","isPartOf":{"@id":"http:\/\/unaymilletras.com\/#website"},"primaryImageOfPage":{"@id":"https:\/\/unaymilletras.com\/prime-video-revela-ot-2025-los-elegidos-antes-de-la-gala-0\/#primaryimage"},"image":{"@id":"https:\/\/unaymilletras.com\/prime-video-revela-ot-2025-los-elegidos-antes-de-la-gala-0\/#primaryimage"},"thumbnailUrl":"https:\/\/unaymilletras.com\/wp-content\/uploads\/2025\/09\/DSC09227-scaled-e1756727251348.jpg","datePublished":"2025-09-01T11:45:32+00:00","dateModified":"2025-09-01T11:48:34+00:00","description":"Los 18 aspirantes de Operaci\u00f3n Triunfo 2025 se dar\u00e1n a conocer en dos episodios especiales que llegan a Prime Video el 12 de septiembre","breadcrumb":{"@id":"https:\/\/unaymilletras.com\/prime-video-revela-ot-2025-los-elegidos-antes-de-la-gala-0\/#breadcrumb"},"inLanguage":"en-GB","potentialAction":[{"@type":"ReadAction","target":["https:\/\/unaymilletras.com\/prime-video-revela-ot-2025-los-elegidos-antes-de-la-gala-0\/"]}]},{"@type":"ImageObject","inLanguage":"en-GB","@id":"https:\/\/unaymilletras.com\/prime-video-revela-ot-2025-los-elegidos-antes-de-la-gala-0\/#primaryimage","url":"https:\/\/unaymilletras.com\/wp-content\/uploads\/2025\/09\/DSC09227-scaled-e1756727251348.jpg","contentUrl":"https:\/\/unaymilletras.com\/wp-content\/uploads\/2025\/09\/DSC09227-scaled-e1756727251348.jpg","width":600,"height":400,"caption":"Foto: Eva Flores"},{"@type":"BreadcrumbList","@id":"https:\/\/unaymilletras.com\/prime-video-revela-ot-2025-los-elegidos-antes-de-la-gala-0\/#breadcrumb","itemListElement":[{"@type":"ListItem","position":1,"name":"Home","item":"http:\/\/unaymilletras.com\/"},{"@type":"ListItem","position":2,"name":"Prime Video revela OT 2025: Los elegidos antes de la Gala 0"}]},{"@type":"WebSite","@id":"http:\/\/unaymilletras.com\/#website","url":"http:\/\/unaymilletras.com\/","name":"Una y Mil Letras","description":"","publisher":{"@id":"http:\/\/unaymilletras.com\/#organization"},"potentialAction":[{"@type":"SearchAction","target":{"@type":"EntryPoint","urlTemplate":"http:\/\/unaymilletras.com\/?s={search_term_string}"},"query-input":{"@type":"PropertyValueSpecification","valueRequired":true,"valueName":"search_term_string"}}],"inLanguage":"en-GB"},{"@type":"Organization","@id":"http:\/\/unaymilletras.com\/#organization","name":"Una y Mil Letras","url":"http:\/\/unaymilletras.com\/","logo":{"@type":"ImageObject","inLanguage":"en-GB","@id":"http:\/\/unaymilletras.com\/#\/schema\/logo\/image\/","url":"https:\/\/unaymilletras.com\/wp-content\/uploads\/2024\/06\/cropped-Logo-removebg-preview.png","contentUrl":"https:\/\/unaymilletras.com\/wp-content\/uploads\/2024\/06\/cropped-Logo-removebg-preview.png","width":512,"height":512,"caption":"Una y Mil Letras"},"image":{"@id":"http:\/\/unaymilletras.com\/#\/schema\/logo\/image\/"},"sameAs":["https:\/\/x.com\/UnaYMilLetras","https:\/\/instagram.com\/UnaYMilLetras"]},{"@type":"Person","@id":"http:\/\/unaymilletras.com\/#\/schema\/person\/0860dc8a218329991ee2c7591f4f849d","name":"Redacci\u00f3n","image":{"@type":"ImageObject","inLanguage":"en-GB","@id":"https:\/\/secure.gravatar.com\/avatar\/d8f55e05a8b6597e45c55a1dcbdbfe44f4a360d88b48e00de5216a79b7732796?s=96&d=mm&r=g","url":"https:\/\/secure.gravatar.com\/avatar\/d8f55e05a8b6597e45c55a1dcbdbfe44f4a360d88b48e00de5216a79b7732796?s=96&d=mm&r=g","contentUrl":"https:\/\/secure.gravatar.com\/avatar\/d8f55e05a8b6597e45c55a1dcbdbfe44f4a360d88b48e00de5216a79b7732796?s=96&d=mm&r=g","caption":"Redacci\u00f3n"},"url":"https:\/\/unaymilletras.com\/en\/author\/redaccion\/"}]}},"_links":{"self":[{"href":"https:\/\/unaymilletras.com\/en\/wp-json\/wp\/v2\/posts\/5540","targetHints":{"allow":["GET"]}}],"collection":[{"href":"https:\/\/unaymilletras.com\/en\/wp-json\/wp\/v2\/posts"}],"about":[{"href":"https:\/\/unaymilletras.com\/en\/wp-json\/wp\/v2\/types\/post"}],"author":[{"embeddable":true,"href":"https:\/\/unaymilletras.com\/en\/wp-json\/wp\/v2\/users\/6"}],"replies":[{"embeddable":true,"href":"https:\/\/unaymilletras.com\/en\/wp-json\/wp\/v2\/comments?post=5540"}],"version-history":[{"count":7,"href":"https:\/\/unaymilletras.com\/en\/wp-json\/wp\/v2\/posts\/5540\/revisions"}],"predecessor-version":[{"id":5548,"href":"https:\/\/unaymilletras.com\/en\/wp-json\/wp\/v2\/posts\/5540\/revisions\/5548"}],"wp:featuredmedia":[{"embeddable":true,"href":"https:\/\/unaymilletras.com\/en\/wp-json\/wp\/v2\/media\/5542"}],"wp:attachment":[{"href":"https:\/\/unaymilletras.com\/en\/wp-json\/wp\/v2\/media?parent=5540"}],"wp:term":[{"taxonomy":"category","embeddable":true,"href":"https:\/\/unaymilletras.com\/en\/wp-json\/wp\/v2\/categories?post=5540"},{"taxonomy":"post_tag","embeddable":true,"href":"https:\/\/unaymilletras.com\/en\/wp-json\/wp\/v2\/tags?post=5540"}],"curies":[{"name":"wp","href":"https:\/\/api.w.org\/{rel}","templated":true}]}}