{"id":5559,"date":"2025-09-04T12:00:00","date_gmt":"2025-09-04T10:00:00","guid":{"rendered":"https:\/\/unaymilletras.com\/?p=5559"},"modified":"2025-09-03T21:49:36","modified_gmt":"2025-09-03T19:49:36","slug":"inna-visitara-madrid-despues-de-su-exito-en-barcelona","status":"publish","type":"post","link":"https:\/\/unaymilletras.com\/en\/inna-visitara-madrid-despues-de-su-exito-en-barcelona\/","title":{"rendered":"INNA visitar\u00e1 Madrid despu\u00e9s de su \u00e9xito en Barcelona"},"content":{"rendered":"<div data-elementor-type=\"wp-post\" data-elementor-id=\"5559\" class=\"elementor elementor-5559\">\n\t\t\t\t\t\t<section class=\"elementor-section elementor-top-section elementor-element elementor-element-396c742 elementor-section-boxed elementor-section-height-default elementor-section-height-default\" data-id=\"396c742\" data-element_type=\"section\" data-e-type=\"section\">\n\t\t\t\t\t\t<div class=\"elementor-container elementor-column-gap-default\">\n\t\t\t\t\t<div class=\"elementor-column elementor-col-100 elementor-top-column elementor-element elementor-element-a0c9c23\" data-id=\"a0c9c23\" data-element_type=\"column\" data-e-type=\"column\">\n\t\t\t<div class=\"elementor-widget-wrap elementor-element-populated\">\n\t\t\t\t\t\t<div class=\"elementor-element elementor-element-32a3b61 elementor-widget elementor-widget-text-editor\" data-id=\"32a3b61\" data-element_type=\"widget\" data-e-type=\"widget\" data-widget_type=\"text-editor.default\">\n\t\t\t\t<div class=\"elementor-widget-container\">\n\t\t\t\t\t\t\t\t\t<h2 style=\"text-align: center;\"><span style=\"color: #808080;\"><em>La estrella mundial del pop electr\u00f3nico INNA actuar\u00e1 el 9 de noviembre en La Riviera tras agotar entradas en Barcelona<\/em><\/span><\/h2>\t\t\t\t\t\t\t\t<\/div>\n\t\t\t\t<\/div>\n\t\t\t\t\t<\/div>\n\t\t<\/div>\n\t\t\t\t\t<\/div>\n\t\t<\/section>\n\t\t\t\t<section class=\"elementor-section elementor-top-section elementor-element elementor-element-209749e elementor-section-boxed elementor-section-height-default elementor-section-height-default\" data-id=\"209749e\" data-element_type=\"section\" data-e-type=\"section\">\n\t\t\t\t\t\t<div class=\"elementor-container elementor-column-gap-default\">\n\t\t\t\t\t<div class=\"elementor-column elementor-col-100 elementor-top-column elementor-element elementor-element-1153921\" data-id=\"1153921\" data-element_type=\"column\" data-e-type=\"column\">\n\t\t\t<div class=\"elementor-widget-wrap elementor-element-populated\">\n\t\t\t\t\t\t<div class=\"elementor-element elementor-element-a601843 elementor-widget elementor-widget-text-editor\" data-id=\"a601843\" data-element_type=\"widget\" data-e-type=\"widget\" data-widget_type=\"text-editor.default\">\n\t\t\t\t<div class=\"elementor-widget-container\">\n\t\t\t\t\t\t\t\t\t<p data-start=\"186\" data-end=\"566\"><b>NNA<\/b> regresa a Espa\u00f1a con su gira europea <i><b>Echoes Tour<\/b><\/i>&nbsp;y una cita muy especial en Madrid. El pr\u00f3ximo 9 de noviembre, la Sala Riviera se convertir\u00e1 en el epicentro de una gran fiesta que reunir\u00e1 a miles de fans con un repertorio repleto de \u00e9xitos. El anuncio llega despu\u00e9s de arrasar en Barcelona, donde colg\u00f3 el cartel de <em data-start=\"509\" data-end=\"519\">sold out<\/em> en la Sala Razzmatazz con un show memorable.<\/p>\n<p data-start=\"568\" data-end=\"1007\">La artista rumana, considerada una de las figuras m\u00e1s influyentes del pop electr\u00f3nico y el dance en los \u00faltimos quince a\u00f1os, recorrer\u00e1 con este tour m\u00e1s de una docena de ciudades en toda Europa, desde Francia y Alemania hasta Inglaterra, Austria o Pa\u00edses Bajos. \u201cEstoy encantada de presentarle a mis fans europeos el <em data-start=\"885\" data-end=\"906\">Echoes by INNA Tour<\/em>. No puedo aguantarme las ganas de que empiece la fiesta\u201d, confes\u00f3 la cantante al anunciar la gira.<\/p>\t\t\t\t\t\t\t\t<\/div>\n\t\t\t\t<\/div>\n\t\t\t\t\t<\/div>\n\t\t<\/div>\n\t\t\t\t\t<\/div>\n\t\t<\/section>\n\t\t\t\t<section class=\"elementor-section elementor-top-section elementor-element elementor-element-c9ad8a7 elementor-section-boxed elementor-section-height-default elementor-section-height-default\" data-id=\"c9ad8a7\" data-element_type=\"section\" data-e-type=\"section\">\n\t\t\t\t\t\t<div class=\"elementor-container elementor-column-gap-default\">\n\t\t\t\t\t<div class=\"elementor-column elementor-col-50 elementor-top-column elementor-element elementor-element-b4fec59\" data-id=\"b4fec59\" data-element_type=\"column\" data-e-type=\"column\">\n\t\t\t<div class=\"elementor-widget-wrap elementor-element-populated\">\n\t\t\t\t\t\t<div class=\"elementor-element elementor-element-d41d33f elementor-widget elementor-widget-text-editor\" data-id=\"d41d33f\" data-element_type=\"widget\" data-e-type=\"widget\" data-widget_type=\"text-editor.default\">\n\t\t\t\t<div class=\"elementor-widget-container\">\n\t\t\t\t\t\t\t\t\t<p data-start=\"1009\" data-end=\"1318\">El concierto en Madrid promete un viaje por los grandes himnos que han marcado su trayectoria internacional, como <em data-start=\"1123\" data-end=\"1128\">Hot<\/em>, <em data-start=\"1130\" data-end=\"1141\">Sun is Up<\/em>, <em data-start=\"1143\" data-end=\"1152\">D\u00e9j\u00e0 Vu<\/em>, <em data-start=\"1154\" data-end=\"1165\">Cola Song<\/em> o <em data-start=\"1168\" data-end=\"1188\">Queen of My Castle<\/em>. Tambi\u00e9n sonar\u00e1 su disco en espa\u00f1ol <em data-start=\"1225\" data-end=\"1236\">El Pasado<\/em>, editado en 2024, con el que afianz\u00f3 a\u00fan m\u00e1s su v\u00ednculo con el p\u00fablico hispano.<\/p><p data-start=\"1320\" data-end=\"1642\">Adem\u00e1s, no faltar\u00e1 su m\u00e1s reciente colaboraci\u00f3n con Sean Paul, <span style=\"color: #808080;\"><a style=\"color: #808080;\" href=\"https:\/\/www.youtube.com\/watch?v=nkRyAVQdqAA&amp;ab_channel=SeanPaul\"><em data-start=\"1383\" data-end=\"1402\">Let It Talk To Me<\/em><\/a><\/span>, un tema el\u00e9ctrico que reafirma su capacidad para reinventarse y mantenerse en la cima. La qu\u00edmica entre ambos artistas ya qued\u00f3 patente en 2021 con <em data-start=\"1552\" data-end=\"1556\">UP<\/em>, canci\u00f3n que supera los 100 millones de reproducciones en plataformas de streaming.<\/p>\t\t\t\t\t\t\t\t<\/div>\n\t\t\t\t<\/div>\n\t\t\t\t\t<\/div>\n\t\t<\/div>\n\t\t\t\t<div class=\"elementor-column elementor-col-50 elementor-top-column elementor-element elementor-element-e69d377\" data-id=\"e69d377\" data-element_type=\"column\" data-e-type=\"column\">\n\t\t\t<div class=\"elementor-widget-wrap elementor-element-populated\">\n\t\t\t\t\t\t<div class=\"elementor-element elementor-element-755ed35 elementor-widget elementor-widget-image\" data-id=\"755ed35\" data-element_type=\"widget\" data-e-type=\"widget\" data-widget_type=\"image.default\">\n\t\t\t\t<div class=\"elementor-widget-container\">\n\t\t\t\t\t\t\t\t\t\t\t\t\t\t\t<img fetchpriority=\"high\" decoding=\"async\" width=\"640\" height=\"800\" src=\"https:\/\/unaymilletras.com\/wp-content\/uploads\/2025\/09\/POST-819x1024.png\" class=\"attachment-large size-large wp-image-5561\" alt=\"INNA\" srcset=\"https:\/\/unaymilletras.com\/wp-content\/uploads\/2025\/09\/POST-819x1024.png 819w, https:\/\/unaymilletras.com\/wp-content\/uploads\/2025\/09\/POST-240x300.png 240w, https:\/\/unaymilletras.com\/wp-content\/uploads\/2025\/09\/POST-768x960.png 768w, https:\/\/unaymilletras.com\/wp-content\/uploads\/2025\/09\/POST-10x12.png 10w, https:\/\/unaymilletras.com\/wp-content\/uploads\/2025\/09\/POST-1024x1280.png 1024w, https:\/\/unaymilletras.com\/wp-content\/uploads\/2025\/09\/POST-e1756928810889.png 600w\" sizes=\"(max-width: 640px) 100vw, 640px\" \/>\t\t\t\t\t\t\t\t\t\t\t\t\t\t\t<\/div>\n\t\t\t\t<\/div>\n\t\t\t\t\t<\/div>\n\t\t<\/div>\n\t\t\t\t\t<\/div>\n\t\t<\/section>\n\t\t\t\t<section class=\"elementor-section elementor-top-section elementor-element elementor-element-5cbe499 elementor-section-boxed elementor-section-height-default elementor-section-height-default\" data-id=\"5cbe499\" data-element_type=\"section\" data-e-type=\"section\">\n\t\t\t\t\t\t<div class=\"elementor-container elementor-column-gap-default\">\n\t\t\t\t\t<div class=\"elementor-column elementor-col-100 elementor-top-column elementor-element elementor-element-9855287\" data-id=\"9855287\" data-element_type=\"column\" data-e-type=\"column\">\n\t\t\t<div class=\"elementor-widget-wrap elementor-element-populated\">\n\t\t\t\t\t\t<div class=\"elementor-element elementor-element-60f561e elementor-widget elementor-widget-text-editor\" data-id=\"60f561e\" data-element_type=\"widget\" data-e-type=\"widget\" data-widget_type=\"text-editor.default\">\n\t\t\t\t<div class=\"elementor-widget-container\">\n\t\t\t\t\t\t\t\t\t<p data-start=\"1644\" data-end=\"1994\">A lo largo de su carrera, INNA ha trabajado con grandes nombres de la m\u00fasica latina y global como Daddy Yankee, J Balvin, Pitbull, Yandel o Juan Mag\u00e1n. Ahora, con m\u00e1s de una d\u00e9cada y media de \u00e9xitos, encara este nuevo cap\u00edtulo combinando frescura, innovaci\u00f3n y la madurez creativa que la ha convertido en una referente indiscutible del EDM mundial.<\/p>\t\t\t\t\t\t\t\t<\/div>\n\t\t\t\t<\/div>\n\t\t\t\t\t<\/div>\n\t\t<\/div>\n\t\t\t\t\t<\/div>\n\t\t<\/section>\n\t\t\t\t<\/div>","protected":false},"excerpt":{"rendered":"<p>La estrella mundial del pop electr\u00f3nico INNA actuar\u00e1 el 9 de noviembre en La Riviera tras agotar entradas en Barcelona NNA regresa a Espa\u00f1a con su gira europea Echoes Tour&nbsp;y una cita muy especial en Madrid. El pr\u00f3ximo 9 de noviembre, la Sala Riviera se convertir\u00e1 en el epicentro de una gran fiesta que reunir\u00e1 [&hellip;]<\/p>\n","protected":false},"author":6,"featured_media":5561,"comment_status":"closed","ping_status":"closed","sticky":false,"template":"","format":"standard","meta":{"footnotes":""},"categories":[4],"tags":[],"class_list":["post-5559","post","type-post","status-publish","format-standard","has-post-thumbnail","hentry","category-musica"],"yoast_head":"<!-- This site is optimized with the Yoast SEO plugin v27.4 - https:\/\/yoast.com\/product\/yoast-seo-wordpress\/ -->\n<title>INNA visitar\u00e1 Madrid despu\u00e9s de su \u00e9xito en Barcelona<\/title>\n<meta name=\"description\" content=\"La estrella mundial del pop electr\u00f3nico INNA actuar\u00e1 el 9 de noviembre en La Riviera tras agotar entradas en Barcelona\" \/>\n<meta name=\"robots\" content=\"index, follow, max-snippet:-1, max-image-preview:large, max-video-preview:-1\" \/>\n<link rel=\"canonical\" href=\"https:\/\/unaymilletras.com\/en\/inna-visitara-madrid-despues-de-su-exito-en-barcelona\/\" \/>\n<meta property=\"og:locale\" content=\"en_GB\" \/>\n<meta property=\"og:type\" content=\"article\" \/>\n<meta property=\"og:title\" content=\"INNA visitar\u00e1 Madrid despu\u00e9s de su \u00e9xito en Barcelona\" \/>\n<meta property=\"og:description\" content=\"La estrella mundial del pop electr\u00f3nico INNA actuar\u00e1 el 9 de noviembre en La Riviera tras agotar entradas en Barcelona\" \/>\n<meta property=\"og:url\" content=\"https:\/\/unaymilletras.com\/en\/inna-visitara-madrid-despues-de-su-exito-en-barcelona\/\" \/>\n<meta property=\"og:site_name\" content=\"Una y Mil Letras\" \/>\n<meta property=\"article:published_time\" content=\"2025-09-04T10:00:00+00:00\" \/>\n<meta property=\"og:image\" content=\"https:\/\/unaymilletras.com\/wp-content\/uploads\/2025\/09\/POST-e1756928810889.png\" \/>\n\t<meta property=\"og:image:width\" content=\"600\" \/>\n\t<meta property=\"og:image:height\" content=\"750\" \/>\n\t<meta property=\"og:image:type\" content=\"image\/png\" \/>\n<meta name=\"author\" content=\"Redacci\u00f3n\" \/>\n<meta name=\"twitter:card\" content=\"summary_large_image\" \/>\n<meta name=\"twitter:creator\" content=\"@UnaYMilLetras\" \/>\n<meta name=\"twitter:site\" content=\"@UnaYMilLetras\" \/>\n<meta name=\"twitter:label1\" content=\"Written by\" \/>\n\t<meta name=\"twitter:data1\" content=\"Redacci\u00f3n\" \/>\n\t<meta name=\"twitter:label2\" content=\"Estimated reading time\" \/>\n\t<meta name=\"twitter:data2\" content=\"2 minutes\" \/>\n<script type=\"application\/ld+json\" class=\"yoast-schema-graph\">{\"@context\":\"https:\\\/\\\/schema.org\",\"@graph\":[{\"@type\":\"Article\",\"@id\":\"https:\\\/\\\/unaymilletras.com\\\/inna-visitara-madrid-despues-de-su-exito-en-barcelona\\\/#article\",\"isPartOf\":{\"@id\":\"https:\\\/\\\/unaymilletras.com\\\/inna-visitara-madrid-despues-de-su-exito-en-barcelona\\\/\"},\"author\":{\"name\":\"Redacci\u00f3n\",\"@id\":\"http:\\\/\\\/unaymilletras.com\\\/#\\\/schema\\\/person\\\/0860dc8a218329991ee2c7591f4f849d\"},\"headline\":\"INNA visitar\u00e1 Madrid despu\u00e9s de su \u00e9xito en Barcelona\",\"datePublished\":\"2025-09-04T10:00:00+00:00\",\"mainEntityOfPage\":{\"@id\":\"https:\\\/\\\/unaymilletras.com\\\/inna-visitara-madrid-despues-de-su-exito-en-barcelona\\\/\"},\"wordCount\":364,\"publisher\":{\"@id\":\"http:\\\/\\\/unaymilletras.com\\\/#organization\"},\"image\":{\"@id\":\"https:\\\/\\\/unaymilletras.com\\\/inna-visitara-madrid-despues-de-su-exito-en-barcelona\\\/#primaryimage\"},\"thumbnailUrl\":\"https:\\\/\\\/unaymilletras.com\\\/wp-content\\\/uploads\\\/2025\\\/09\\\/POST-e1756928810889.png\",\"articleSection\":[\"M\u00fasica\"],\"inLanguage\":\"en-GB\"},{\"@type\":\"WebPage\",\"@id\":\"https:\\\/\\\/unaymilletras.com\\\/inna-visitara-madrid-despues-de-su-exito-en-barcelona\\\/\",\"url\":\"https:\\\/\\\/unaymilletras.com\\\/inna-visitara-madrid-despues-de-su-exito-en-barcelona\\\/\",\"name\":\"INNA visitar\u00e1 Madrid despu\u00e9s de su \u00e9xito en Barcelona\",\"isPartOf\":{\"@id\":\"http:\\\/\\\/unaymilletras.com\\\/#website\"},\"primaryImageOfPage\":{\"@id\":\"https:\\\/\\\/unaymilletras.com\\\/inna-visitara-madrid-despues-de-su-exito-en-barcelona\\\/#primaryimage\"},\"image\":{\"@id\":\"https:\\\/\\\/unaymilletras.com\\\/inna-visitara-madrid-despues-de-su-exito-en-barcelona\\\/#primaryimage\"},\"thumbnailUrl\":\"https:\\\/\\\/unaymilletras.com\\\/wp-content\\\/uploads\\\/2025\\\/09\\\/POST-e1756928810889.png\",\"datePublished\":\"2025-09-04T10:00:00+00:00\",\"description\":\"La estrella mundial del pop electr\u00f3nico INNA actuar\u00e1 el 9 de noviembre en La Riviera tras agotar entradas en Barcelona\",\"breadcrumb\":{\"@id\":\"https:\\\/\\\/unaymilletras.com\\\/inna-visitara-madrid-despues-de-su-exito-en-barcelona\\\/#breadcrumb\"},\"inLanguage\":\"en-GB\",\"potentialAction\":[{\"@type\":\"ReadAction\",\"target\":[\"https:\\\/\\\/unaymilletras.com\\\/inna-visitara-madrid-despues-de-su-exito-en-barcelona\\\/\"]}]},{\"@type\":\"ImageObject\",\"inLanguage\":\"en-GB\",\"@id\":\"https:\\\/\\\/unaymilletras.com\\\/inna-visitara-madrid-despues-de-su-exito-en-barcelona\\\/#primaryimage\",\"url\":\"https:\\\/\\\/unaymilletras.com\\\/wp-content\\\/uploads\\\/2025\\\/09\\\/POST-e1756928810889.png\",\"contentUrl\":\"https:\\\/\\\/unaymilletras.com\\\/wp-content\\\/uploads\\\/2025\\\/09\\\/POST-e1756928810889.png\",\"width\":600,\"height\":750,\"caption\":\"INNA\"},{\"@type\":\"BreadcrumbList\",\"@id\":\"https:\\\/\\\/unaymilletras.com\\\/inna-visitara-madrid-despues-de-su-exito-en-barcelona\\\/#breadcrumb\",\"itemListElement\":[{\"@type\":\"ListItem\",\"position\":1,\"name\":\"Home\",\"item\":\"http:\\\/\\\/unaymilletras.com\\\/\"},{\"@type\":\"ListItem\",\"position\":2,\"name\":\"INNA visitar\u00e1 Madrid despu\u00e9s de su \u00e9xito en Barcelona\"}]},{\"@type\":\"WebSite\",\"@id\":\"http:\\\/\\\/unaymilletras.com\\\/#website\",\"url\":\"http:\\\/\\\/unaymilletras.com\\\/\",\"name\":\"Una y Mil Letras\",\"description\":\"\",\"publisher\":{\"@id\":\"http:\\\/\\\/unaymilletras.com\\\/#organization\"},\"potentialAction\":[{\"@type\":\"SearchAction\",\"target\":{\"@type\":\"EntryPoint\",\"urlTemplate\":\"http:\\\/\\\/unaymilletras.com\\\/?s={search_term_string}\"},\"query-input\":{\"@type\":\"PropertyValueSpecification\",\"valueRequired\":true,\"valueName\":\"search_term_string\"}}],\"inLanguage\":\"en-GB\"},{\"@type\":\"Organization\",\"@id\":\"http:\\\/\\\/unaymilletras.com\\\/#organization\",\"name\":\"Una y Mil Letras\",\"url\":\"http:\\\/\\\/unaymilletras.com\\\/\",\"logo\":{\"@type\":\"ImageObject\",\"inLanguage\":\"en-GB\",\"@id\":\"http:\\\/\\\/unaymilletras.com\\\/#\\\/schema\\\/logo\\\/image\\\/\",\"url\":\"https:\\\/\\\/unaymilletras.com\\\/wp-content\\\/uploads\\\/2024\\\/06\\\/cropped-Logo-removebg-preview.png\",\"contentUrl\":\"https:\\\/\\\/unaymilletras.com\\\/wp-content\\\/uploads\\\/2024\\\/06\\\/cropped-Logo-removebg-preview.png\",\"width\":512,\"height\":512,\"caption\":\"Una y Mil Letras\"},\"image\":{\"@id\":\"http:\\\/\\\/unaymilletras.com\\\/#\\\/schema\\\/logo\\\/image\\\/\"},\"sameAs\":[\"https:\\\/\\\/x.com\\\/UnaYMilLetras\",\"https:\\\/\\\/instagram.com\\\/UnaYMilLetras\"]},{\"@type\":\"Person\",\"@id\":\"http:\\\/\\\/unaymilletras.com\\\/#\\\/schema\\\/person\\\/0860dc8a218329991ee2c7591f4f849d\",\"name\":\"Redacci\u00f3n\",\"image\":{\"@type\":\"ImageObject\",\"inLanguage\":\"en-GB\",\"@id\":\"https:\\\/\\\/secure.gravatar.com\\\/avatar\\\/d8f55e05a8b6597e45c55a1dcbdbfe44f4a360d88b48e00de5216a79b7732796?s=96&d=mm&r=g\",\"url\":\"https:\\\/\\\/secure.gravatar.com\\\/avatar\\\/d8f55e05a8b6597e45c55a1dcbdbfe44f4a360d88b48e00de5216a79b7732796?s=96&d=mm&r=g\",\"contentUrl\":\"https:\\\/\\\/secure.gravatar.com\\\/avatar\\\/d8f55e05a8b6597e45c55a1dcbdbfe44f4a360d88b48e00de5216a79b7732796?s=96&d=mm&r=g\",\"caption\":\"Redacci\u00f3n\"},\"url\":\"https:\\\/\\\/unaymilletras.com\\\/en\\\/author\\\/redaccion\\\/\"}]}<\/script>\n<!-- \/ Yoast SEO plugin. -->","yoast_head_json":{"title":"INNA visitar\u00e1 Madrid despu\u00e9s de su \u00e9xito en Barcelona","description":"La estrella mundial del pop electr\u00f3nico INNA actuar\u00e1 el 9 de noviembre en La Riviera tras agotar entradas en Barcelona","robots":{"index":"index","follow":"follow","max-snippet":"max-snippet:-1","max-image-preview":"max-image-preview:large","max-video-preview":"max-video-preview:-1"},"canonical":"https:\/\/unaymilletras.com\/en\/inna-visitara-madrid-despues-de-su-exito-en-barcelona\/","og_locale":"en_GB","og_type":"article","og_title":"INNA visitar\u00e1 Madrid despu\u00e9s de su \u00e9xito en Barcelona","og_description":"La estrella mundial del pop electr\u00f3nico INNA actuar\u00e1 el 9 de noviembre en La Riviera tras agotar entradas en Barcelona","og_url":"https:\/\/unaymilletras.com\/en\/inna-visitara-madrid-despues-de-su-exito-en-barcelona\/","og_site_name":"Una y Mil Letras","article_published_time":"2025-09-04T10:00:00+00:00","og_image":[{"width":600,"height":750,"url":"https:\/\/unaymilletras.com\/wp-content\/uploads\/2025\/09\/POST-e1756928810889.png","type":"image\/png"}],"author":"Redacci\u00f3n","twitter_card":"summary_large_image","twitter_creator":"@UnaYMilLetras","twitter_site":"@UnaYMilLetras","twitter_misc":{"Written by":"Redacci\u00f3n","Estimated reading time":"2 minutes"},"schema":{"@context":"https:\/\/schema.org","@graph":[{"@type":"Article","@id":"https:\/\/unaymilletras.com\/inna-visitara-madrid-despues-de-su-exito-en-barcelona\/#article","isPartOf":{"@id":"https:\/\/unaymilletras.com\/inna-visitara-madrid-despues-de-su-exito-en-barcelona\/"},"author":{"name":"Redacci\u00f3n","@id":"http:\/\/unaymilletras.com\/#\/schema\/person\/0860dc8a218329991ee2c7591f4f849d"},"headline":"INNA visitar\u00e1 Madrid despu\u00e9s de su \u00e9xito en Barcelona","datePublished":"2025-09-04T10:00:00+00:00","mainEntityOfPage":{"@id":"https:\/\/unaymilletras.com\/inna-visitara-madrid-despues-de-su-exito-en-barcelona\/"},"wordCount":364,"publisher":{"@id":"http:\/\/unaymilletras.com\/#organization"},"image":{"@id":"https:\/\/unaymilletras.com\/inna-visitara-madrid-despues-de-su-exito-en-barcelona\/#primaryimage"},"thumbnailUrl":"https:\/\/unaymilletras.com\/wp-content\/uploads\/2025\/09\/POST-e1756928810889.png","articleSection":["M\u00fasica"],"inLanguage":"en-GB"},{"@type":"WebPage","@id":"https:\/\/unaymilletras.com\/inna-visitara-madrid-despues-de-su-exito-en-barcelona\/","url":"https:\/\/unaymilletras.com\/inna-visitara-madrid-despues-de-su-exito-en-barcelona\/","name":"INNA visitar\u00e1 Madrid despu\u00e9s de su \u00e9xito en Barcelona","isPartOf":{"@id":"http:\/\/unaymilletras.com\/#website"},"primaryImageOfPage":{"@id":"https:\/\/unaymilletras.com\/inna-visitara-madrid-despues-de-su-exito-en-barcelona\/#primaryimage"},"image":{"@id":"https:\/\/unaymilletras.com\/inna-visitara-madrid-despues-de-su-exito-en-barcelona\/#primaryimage"},"thumbnailUrl":"https:\/\/unaymilletras.com\/wp-content\/uploads\/2025\/09\/POST-e1756928810889.png","datePublished":"2025-09-04T10:00:00+00:00","description":"La estrella mundial del pop electr\u00f3nico INNA actuar\u00e1 el 9 de noviembre en La Riviera tras agotar entradas en Barcelona","breadcrumb":{"@id":"https:\/\/unaymilletras.com\/inna-visitara-madrid-despues-de-su-exito-en-barcelona\/#breadcrumb"},"inLanguage":"en-GB","potentialAction":[{"@type":"ReadAction","target":["https:\/\/unaymilletras.com\/inna-visitara-madrid-despues-de-su-exito-en-barcelona\/"]}]},{"@type":"ImageObject","inLanguage":"en-GB","@id":"https:\/\/unaymilletras.com\/inna-visitara-madrid-despues-de-su-exito-en-barcelona\/#primaryimage","url":"https:\/\/unaymilletras.com\/wp-content\/uploads\/2025\/09\/POST-e1756928810889.png","contentUrl":"https:\/\/unaymilletras.com\/wp-content\/uploads\/2025\/09\/POST-e1756928810889.png","width":600,"height":750,"caption":"INNA"},{"@type":"BreadcrumbList","@id":"https:\/\/unaymilletras.com\/inna-visitara-madrid-despues-de-su-exito-en-barcelona\/#breadcrumb","itemListElement":[{"@type":"ListItem","position":1,"name":"Home","item":"http:\/\/unaymilletras.com\/"},{"@type":"ListItem","position":2,"name":"INNA visitar\u00e1 Madrid despu\u00e9s de su \u00e9xito en Barcelona"}]},{"@type":"WebSite","@id":"http:\/\/unaymilletras.com\/#website","url":"http:\/\/unaymilletras.com\/","name":"Una y Mil Letras","description":"","publisher":{"@id":"http:\/\/unaymilletras.com\/#organization"},"potentialAction":[{"@type":"SearchAction","target":{"@type":"EntryPoint","urlTemplate":"http:\/\/unaymilletras.com\/?s={search_term_string}"},"query-input":{"@type":"PropertyValueSpecification","valueRequired":true,"valueName":"search_term_string"}}],"inLanguage":"en-GB"},{"@type":"Organization","@id":"http:\/\/unaymilletras.com\/#organization","name":"Una y Mil Letras","url":"http:\/\/unaymilletras.com\/","logo":{"@type":"ImageObject","inLanguage":"en-GB","@id":"http:\/\/unaymilletras.com\/#\/schema\/logo\/image\/","url":"https:\/\/unaymilletras.com\/wp-content\/uploads\/2024\/06\/cropped-Logo-removebg-preview.png","contentUrl":"https:\/\/unaymilletras.com\/wp-content\/uploads\/2024\/06\/cropped-Logo-removebg-preview.png","width":512,"height":512,"caption":"Una y Mil Letras"},"image":{"@id":"http:\/\/unaymilletras.com\/#\/schema\/logo\/image\/"},"sameAs":["https:\/\/x.com\/UnaYMilLetras","https:\/\/instagram.com\/UnaYMilLetras"]},{"@type":"Person","@id":"http:\/\/unaymilletras.com\/#\/schema\/person\/0860dc8a218329991ee2c7591f4f849d","name":"Redacci\u00f3n","image":{"@type":"ImageObject","inLanguage":"en-GB","@id":"https:\/\/secure.gravatar.com\/avatar\/d8f55e05a8b6597e45c55a1dcbdbfe44f4a360d88b48e00de5216a79b7732796?s=96&d=mm&r=g","url":"https:\/\/secure.gravatar.com\/avatar\/d8f55e05a8b6597e45c55a1dcbdbfe44f4a360d88b48e00de5216a79b7732796?s=96&d=mm&r=g","contentUrl":"https:\/\/secure.gravatar.com\/avatar\/d8f55e05a8b6597e45c55a1dcbdbfe44f4a360d88b48e00de5216a79b7732796?s=96&d=mm&r=g","caption":"Redacci\u00f3n"},"url":"https:\/\/unaymilletras.com\/en\/author\/redaccion\/"}]}},"_links":{"self":[{"href":"https:\/\/unaymilletras.com\/en\/wp-json\/wp\/v2\/posts\/5559","targetHints":{"allow":["GET"]}}],"collection":[{"href":"https:\/\/unaymilletras.com\/en\/wp-json\/wp\/v2\/posts"}],"about":[{"href":"https:\/\/unaymilletras.com\/en\/wp-json\/wp\/v2\/types\/post"}],"author":[{"embeddable":true,"href":"https:\/\/unaymilletras.com\/en\/wp-json\/wp\/v2\/users\/6"}],"replies":[{"embeddable":true,"href":"https:\/\/unaymilletras.com\/en\/wp-json\/wp\/v2\/comments?post=5559"}],"version-history":[{"count":5,"href":"https:\/\/unaymilletras.com\/en\/wp-json\/wp\/v2\/posts\/5559\/revisions"}],"predecessor-version":[{"id":5565,"href":"https:\/\/unaymilletras.com\/en\/wp-json\/wp\/v2\/posts\/5559\/revisions\/5565"}],"wp:featuredmedia":[{"embeddable":true,"href":"https:\/\/unaymilletras.com\/en\/wp-json\/wp\/v2\/media\/5561"}],"wp:attachment":[{"href":"https:\/\/unaymilletras.com\/en\/wp-json\/wp\/v2\/media?parent=5559"}],"wp:term":[{"taxonomy":"category","embeddable":true,"href":"https:\/\/unaymilletras.com\/en\/wp-json\/wp\/v2\/categories?post=5559"},{"taxonomy":"post_tag","embeddable":true,"href":"https:\/\/unaymilletras.com\/en\/wp-json\/wp\/v2\/tags?post=5559"}],"curies":[{"name":"wp","href":"https:\/\/api.w.org\/{rel}","templated":true}]}}