{"id":5566,"date":"2025-09-07T13:22:32","date_gmt":"2025-09-07T11:22:32","guid":{"rendered":"https:\/\/unaymilletras.com\/?p=5566"},"modified":"2025-09-07T13:25:51","modified_gmt":"2025-09-07T11:25:51","slug":"pole-lanza-el-tercer-adelanto-de-su-proximo-album-eres-un-10","status":"publish","type":"post","link":"https:\/\/unaymilletras.com\/en\/pole-lanza-el-tercer-adelanto-de-su-proximo-album-eres-un-10\/","title":{"rendered":"Pole. lanza el tercer adelanto de su pr\u00f3ximo \u00e1lbum: \u201cEres un 10\u201d"},"content":{"rendered":"<div data-elementor-type=\"wp-post\" data-elementor-id=\"5566\" class=\"elementor elementor-5566\">\n\t\t\t\t\t\t<section class=\"elementor-section elementor-top-section elementor-element elementor-element-88d9a27 elementor-section-boxed elementor-section-height-default elementor-section-height-default\" data-id=\"88d9a27\" data-element_type=\"section\" data-e-type=\"section\">\n\t\t\t\t\t\t<div class=\"elementor-container elementor-column-gap-default\">\n\t\t\t\t\t<div class=\"elementor-column elementor-col-100 elementor-top-column elementor-element elementor-element-1b3e064\" data-id=\"1b3e064\" data-element_type=\"column\" data-e-type=\"column\">\n\t\t\t<div class=\"elementor-widget-wrap elementor-element-populated\">\n\t\t\t\t\t\t<div class=\"elementor-element elementor-element-15425a4 elementor-widget elementor-widget-text-editor\" data-id=\"15425a4\" data-element_type=\"widget\" data-e-type=\"widget\" data-widget_type=\"text-editor.default\">\n\t\t\t\t<div class=\"elementor-widget-container\">\n\t\t\t\t\t\t\t\t\t<h2 style=\"text-align: center;\"><span style=\"color: #808080;\"><em>El artista toledano Pole. presenta el tercer adelanto de su pr\u00f3ximo disco punto cero., antes de arrancar su gira KM.0 en 2026<\/em><\/span><\/h2>\t\t\t\t\t\t\t\t<\/div>\n\t\t\t\t<\/div>\n\t\t\t\t\t<\/div>\n\t\t<\/div>\n\t\t\t\t\t<\/div>\n\t\t<\/section>\n\t\t\t\t<section class=\"elementor-section elementor-top-section elementor-element elementor-element-e5675d7 elementor-section-boxed elementor-section-height-default elementor-section-height-default\" data-id=\"e5675d7\" data-element_type=\"section\" data-e-type=\"section\">\n\t\t\t\t\t\t<div class=\"elementor-container elementor-column-gap-default\">\n\t\t\t\t\t<div class=\"elementor-column elementor-col-100 elementor-top-column elementor-element elementor-element-9482c48\" data-id=\"9482c48\" data-element_type=\"column\" data-e-type=\"column\">\n\t\t\t<div class=\"elementor-widget-wrap elementor-element-populated\">\n\t\t\t\t\t\t<div class=\"elementor-element elementor-element-ec4bf25 elementor-widget elementor-widget-text-editor\" data-id=\"ec4bf25\" data-element_type=\"widget\" data-e-type=\"widget\" data-widget_type=\"text-editor.default\">\n\t\t\t\t<div class=\"elementor-widget-container\">\n\t\t\t\t\t\t\t\t\t<p data-start=\"203\" data-end=\"664\"><b>Pole.<\/b> vuelve a sorprender con el lanzamiento de <em data-start=\"251\" data-end=\"263\"><b>Eres un 10<\/b><\/em>, un tema que combina emoci\u00f3n, optimismo y sinceridad, consolid\u00e1ndose como el tercer anticipo de su esperado \u00e1lbum <em data-start=\"378\" data-end=\"391\">punto cero.<\/em> previsto para este invierno. El cantante ya hab\u00eda mostrado su faceta m\u00e1s \u00edntima en <em data-start=\"475\" data-end=\"485\">Yo Nunca<\/em> y su complicidad junto a Hens en <em data-start=\"519\" data-end=\"551\">Creo que mi perro ve fantasmas<\/em>, y ahora presenta una canci\u00f3n luminosa que celebra la conexi\u00f3n emocional en el inicio de una relaci\u00f3n amorosa.<\/p>\t\t\t\t\t\t\t\t<\/div>\n\t\t\t\t<\/div>\n\t\t\t\t\t<\/div>\n\t\t<\/div>\n\t\t\t\t\t<\/div>\n\t\t<\/section>\n\t\t\t\t<section class=\"elementor-section elementor-top-section elementor-element elementor-element-23d1ed6 elementor-section-boxed elementor-section-height-default elementor-section-height-default\" data-id=\"23d1ed6\" data-element_type=\"section\" data-e-type=\"section\">\n\t\t\t\t\t\t<div class=\"elementor-container elementor-column-gap-default\">\n\t\t\t\t\t<div class=\"elementor-column elementor-col-50 elementor-top-column elementor-element elementor-element-3ea6d9d\" data-id=\"3ea6d9d\" data-element_type=\"column\" data-e-type=\"column\">\n\t\t\t<div class=\"elementor-widget-wrap elementor-element-populated\">\n\t\t\t\t\t\t<div class=\"elementor-element elementor-element-d41129c elementor-widget elementor-widget-text-editor\" data-id=\"d41129c\" data-element_type=\"widget\" data-e-type=\"widget\" data-widget_type=\"text-editor.default\">\n\t\t\t\t<div class=\"elementor-widget-container\">\n\t\t\t\t\t\t\t\t\t<p><em data-start=\"666\" data-end=\"678\">Eres un 10<\/em>\u00a0es una declaraci\u00f3n directa y cargada de afecto. Su sonido, cercano a las baladas pop pero con un aire fresco y vibrante, transmite energ\u00eda y calidez en cada acorde. La letra refuerza pilares habituales en el imaginario del artista \u2014el amor sincero, la amistad, la autoestima y la vulnerabilidad\u2014, componiendo un himno generacional que invita a valorar al otro y a uno mismo sin filtros ni m\u00e1scaras.<\/p>\t\t\t\t\t\t\t\t<\/div>\n\t\t\t\t<\/div>\n\t\t\t\t\t<\/div>\n\t\t<\/div>\n\t\t\t\t<div class=\"elementor-column elementor-col-50 elementor-top-column elementor-element elementor-element-07a218e\" data-id=\"07a218e\" data-element_type=\"column\" data-e-type=\"column\">\n\t\t\t<div class=\"elementor-widget-wrap elementor-element-populated\">\n\t\t\t\t\t\t<div class=\"elementor-element elementor-element-36a598b elementor-widget elementor-widget-image\" data-id=\"36a598b\" data-element_type=\"widget\" data-e-type=\"widget\" data-widget_type=\"image.default\">\n\t\t\t\t<div class=\"elementor-widget-container\">\n\t\t\t\t\t\t\t\t\t\t\t\t\t\t\t<img fetchpriority=\"high\" decoding=\"async\" width=\"440\" height=\"440\" src=\"https:\/\/unaymilletras.com\/wp-content\/uploads\/2025\/09\/artwork-440x440-1.jpg\" class=\"attachment-large size-large wp-image-5568\" alt=\"\" srcset=\"https:\/\/unaymilletras.com\/wp-content\/uploads\/2025\/09\/artwork-440x440-1.jpg 440w, https:\/\/unaymilletras.com\/wp-content\/uploads\/2025\/09\/artwork-440x440-1-300x300.jpg 300w, https:\/\/unaymilletras.com\/wp-content\/uploads\/2025\/09\/artwork-440x440-1-150x150.jpg 150w, https:\/\/unaymilletras.com\/wp-content\/uploads\/2025\/09\/artwork-440x440-1-12x12.jpg 12w\" sizes=\"(max-width: 440px) 100vw, 440px\" \/>\t\t\t\t\t\t\t\t\t\t\t\t\t\t\t<\/div>\n\t\t\t\t<\/div>\n\t\t\t\t\t<\/div>\n\t\t<\/div>\n\t\t\t\t\t<\/div>\n\t\t<\/section>\n\t\t\t\t<section class=\"elementor-section elementor-top-section elementor-element elementor-element-5fd393e elementor-section-boxed elementor-section-height-default elementor-section-height-default\" data-id=\"5fd393e\" data-element_type=\"section\" data-e-type=\"section\">\n\t\t\t\t\t\t<div class=\"elementor-container elementor-column-gap-default\">\n\t\t\t\t\t<div class=\"elementor-column elementor-col-100 elementor-top-column elementor-element elementor-element-000b737\" data-id=\"000b737\" data-element_type=\"column\" data-e-type=\"column\">\n\t\t\t<div class=\"elementor-widget-wrap elementor-element-populated\">\n\t\t\t\t\t\t<div class=\"elementor-element elementor-element-05d55a3 elementor-widget elementor-widget-text-editor\" data-id=\"05d55a3\" data-element_type=\"widget\" data-e-type=\"widget\" data-widget_type=\"text-editor.default\">\n\t\t\t\t<div class=\"elementor-widget-container\">\n\t\t\t\t\t\t\t\t\t<p data-start=\"1081\" data-end=\"1365\">Este lanzamiento llega en un momento clave para Pole., que sigue construyendo el universo sonoro de <em data-start=\"1181\" data-end=\"1194\">punto cero.<\/em>. Con este tercer adelanto, el cantante abre paso a una faceta m\u00e1s positiva y luminosa, en contraste con los anteriores singles que exploraban su lado m\u00e1s introspectivo.<\/p>\n<p data-start=\"1367\" data-end=\"1652\">La nueva etapa de Pole. tambi\u00e9n se trasladar\u00e1 al directo con <em data-start=\"1428\" data-end=\"1434\"><b>KM.0<\/b><\/em>, su pr\u00f3xima gira de presentaci\u00f3n. Entre enero y abril de 2026, recorrer\u00e1 m\u00e1s de una decena de ciudades espa\u00f1olas con un espect\u00e1culo en el que dar\u00e1 vida a su nuevo \u00e1lbum y repasar\u00e1 los grandes momentos de su carrera.<\/p>\n<p data-start=\"1654\" data-end=\"1863\">Con este nuevo single y la gira que se avecina, Pole. reafirma su posici\u00f3n como una de las voces m\u00e1s aut\u00e9nticas de la escena musical actual, capaz de conectar con su p\u00fablico desde la sinceridad y la emoci\u00f3n.<\/p>\t\t\t\t\t\t\t\t<\/div>\n\t\t\t\t<\/div>\n\t\t\t\t\t<\/div>\n\t\t<\/div>\n\t\t\t\t\t<\/div>\n\t\t<\/section>\n\t\t\t\t<\/div>","protected":false},"excerpt":{"rendered":"<p>El artista toledano Pole. presenta el tercer adelanto de su pr\u00f3ximo disco punto cero., antes de arrancar su gira KM.0 en 2026 Pole. vuelve a sorprender con el lanzamiento de Eres un 10, un tema que combina emoci\u00f3n, optimismo y sinceridad, consolid\u00e1ndose como el tercer anticipo de su esperado \u00e1lbum punto cero. previsto para este [&hellip;]<\/p>\n","protected":false},"author":6,"featured_media":5568,"comment_status":"closed","ping_status":"closed","sticky":false,"template":"","format":"standard","meta":{"footnotes":""},"categories":[4],"tags":[],"class_list":["post-5566","post","type-post","status-publish","format-standard","has-post-thumbnail","hentry","category-musica"],"yoast_head":"<!-- This site is optimized with the Yoast SEO plugin v27.4 - https:\/\/yoast.com\/product\/yoast-seo-wordpress\/ -->\n<title>Pole. lanza el tercer adelanto de su pr\u00f3ximo \u00e1lbum: \u201cEres un 10\u201d<\/title>\n<meta name=\"description\" content=\"El artista toledano Pole. presenta el tercer adelanto de su pr\u00f3ximo disco punto cero., antes de arrancar su gira KM.0 en 2026\" \/>\n<meta name=\"robots\" content=\"index, follow, max-snippet:-1, max-image-preview:large, max-video-preview:-1\" \/>\n<link rel=\"canonical\" href=\"https:\/\/unaymilletras.com\/en\/pole-lanza-el-tercer-adelanto-de-su-proximo-album-eres-un-10\/\" \/>\n<meta property=\"og:locale\" content=\"en_GB\" \/>\n<meta property=\"og:type\" content=\"article\" \/>\n<meta property=\"og:title\" content=\"Pole. lanza el tercer adelanto de su pr\u00f3ximo \u00e1lbum: \u201cEres un 10\u201d\" \/>\n<meta property=\"og:description\" content=\"El artista toledano Pole. presenta el tercer adelanto de su pr\u00f3ximo disco punto cero., antes de arrancar su gira KM.0 en 2026\" \/>\n<meta property=\"og:url\" content=\"https:\/\/unaymilletras.com\/en\/pole-lanza-el-tercer-adelanto-de-su-proximo-album-eres-un-10\/\" \/>\n<meta property=\"og:site_name\" content=\"Una y Mil Letras\" \/>\n<meta property=\"article:published_time\" content=\"2025-09-07T11:22:32+00:00\" \/>\n<meta property=\"article:modified_time\" content=\"2025-09-07T11:25:51+00:00\" \/>\n<meta property=\"og:image\" content=\"http:\/\/unaymilletras.com\/wp-content\/uploads\/2025\/09\/artwork-440x440-1.jpg\" \/>\n\t<meta property=\"og:image:width\" content=\"440\" \/>\n\t<meta property=\"og:image:height\" content=\"440\" \/>\n\t<meta property=\"og:image:type\" content=\"image\/jpeg\" \/>\n<meta name=\"author\" content=\"Redacci\u00f3n\" \/>\n<meta name=\"twitter:card\" content=\"summary_large_image\" \/>\n<meta name=\"twitter:creator\" content=\"@UnaYMilLetras\" \/>\n<meta name=\"twitter:site\" content=\"@UnaYMilLetras\" \/>\n<meta name=\"twitter:label1\" content=\"Written by\" \/>\n\t<meta name=\"twitter:data1\" content=\"Redacci\u00f3n\" \/>\n\t<meta name=\"twitter:label2\" content=\"Estimated reading time\" \/>\n\t<meta name=\"twitter:data2\" content=\"2 minutes\" \/>\n<script type=\"application\/ld+json\" class=\"yoast-schema-graph\">{\"@context\":\"https:\\\/\\\/schema.org\",\"@graph\":[{\"@type\":\"Article\",\"@id\":\"https:\\\/\\\/unaymilletras.com\\\/pole-lanza-el-tercer-adelanto-de-su-proximo-album-eres-un-10\\\/#article\",\"isPartOf\":{\"@id\":\"https:\\\/\\\/unaymilletras.com\\\/pole-lanza-el-tercer-adelanto-de-su-proximo-album-eres-un-10\\\/\"},\"author\":{\"name\":\"Redacci\u00f3n\",\"@id\":\"http:\\\/\\\/unaymilletras.com\\\/#\\\/schema\\\/person\\\/0860dc8a218329991ee2c7591f4f849d\"},\"headline\":\"Pole. lanza el tercer adelanto de su pr\u00f3ximo \u00e1lbum: \u201cEres un 10\u201d\",\"datePublished\":\"2025-09-07T11:22:32+00:00\",\"dateModified\":\"2025-09-07T11:25:51+00:00\",\"mainEntityOfPage\":{\"@id\":\"https:\\\/\\\/unaymilletras.com\\\/pole-lanza-el-tercer-adelanto-de-su-proximo-album-eres-un-10\\\/\"},\"wordCount\":335,\"publisher\":{\"@id\":\"http:\\\/\\\/unaymilletras.com\\\/#organization\"},\"image\":{\"@id\":\"https:\\\/\\\/unaymilletras.com\\\/pole-lanza-el-tercer-adelanto-de-su-proximo-album-eres-un-10\\\/#primaryimage\"},\"thumbnailUrl\":\"https:\\\/\\\/unaymilletras.com\\\/wp-content\\\/uploads\\\/2025\\\/09\\\/artwork-440x440-1.jpg\",\"articleSection\":[\"M\u00fasica\"],\"inLanguage\":\"en-GB\"},{\"@type\":\"WebPage\",\"@id\":\"https:\\\/\\\/unaymilletras.com\\\/pole-lanza-el-tercer-adelanto-de-su-proximo-album-eres-un-10\\\/\",\"url\":\"https:\\\/\\\/unaymilletras.com\\\/pole-lanza-el-tercer-adelanto-de-su-proximo-album-eres-un-10\\\/\",\"name\":\"Pole. lanza el tercer adelanto de su pr\u00f3ximo \u00e1lbum: \u201cEres un 10\u201d\",\"isPartOf\":{\"@id\":\"http:\\\/\\\/unaymilletras.com\\\/#website\"},\"primaryImageOfPage\":{\"@id\":\"https:\\\/\\\/unaymilletras.com\\\/pole-lanza-el-tercer-adelanto-de-su-proximo-album-eres-un-10\\\/#primaryimage\"},\"image\":{\"@id\":\"https:\\\/\\\/unaymilletras.com\\\/pole-lanza-el-tercer-adelanto-de-su-proximo-album-eres-un-10\\\/#primaryimage\"},\"thumbnailUrl\":\"https:\\\/\\\/unaymilletras.com\\\/wp-content\\\/uploads\\\/2025\\\/09\\\/artwork-440x440-1.jpg\",\"datePublished\":\"2025-09-07T11:22:32+00:00\",\"dateModified\":\"2025-09-07T11:25:51+00:00\",\"description\":\"El artista toledano Pole. presenta el tercer adelanto de su pr\u00f3ximo disco punto cero., antes de arrancar su gira KM.0 en 2026\",\"breadcrumb\":{\"@id\":\"https:\\\/\\\/unaymilletras.com\\\/pole-lanza-el-tercer-adelanto-de-su-proximo-album-eres-un-10\\\/#breadcrumb\"},\"inLanguage\":\"en-GB\",\"potentialAction\":[{\"@type\":\"ReadAction\",\"target\":[\"https:\\\/\\\/unaymilletras.com\\\/pole-lanza-el-tercer-adelanto-de-su-proximo-album-eres-un-10\\\/\"]}]},{\"@type\":\"ImageObject\",\"inLanguage\":\"en-GB\",\"@id\":\"https:\\\/\\\/unaymilletras.com\\\/pole-lanza-el-tercer-adelanto-de-su-proximo-album-eres-un-10\\\/#primaryimage\",\"url\":\"https:\\\/\\\/unaymilletras.com\\\/wp-content\\\/uploads\\\/2025\\\/09\\\/artwork-440x440-1.jpg\",\"contentUrl\":\"https:\\\/\\\/unaymilletras.com\\\/wp-content\\\/uploads\\\/2025\\\/09\\\/artwork-440x440-1.jpg\",\"width\":440,\"height\":440},{\"@type\":\"BreadcrumbList\",\"@id\":\"https:\\\/\\\/unaymilletras.com\\\/pole-lanza-el-tercer-adelanto-de-su-proximo-album-eres-un-10\\\/#breadcrumb\",\"itemListElement\":[{\"@type\":\"ListItem\",\"position\":1,\"name\":\"Home\",\"item\":\"http:\\\/\\\/unaymilletras.com\\\/\"},{\"@type\":\"ListItem\",\"position\":2,\"name\":\"Pole. lanza el tercer adelanto de su pr\u00f3ximo \u00e1lbum: \u201cEres un 10\u201d\"}]},{\"@type\":\"WebSite\",\"@id\":\"http:\\\/\\\/unaymilletras.com\\\/#website\",\"url\":\"http:\\\/\\\/unaymilletras.com\\\/\",\"name\":\"Una y Mil Letras\",\"description\":\"\",\"publisher\":{\"@id\":\"http:\\\/\\\/unaymilletras.com\\\/#organization\"},\"potentialAction\":[{\"@type\":\"SearchAction\",\"target\":{\"@type\":\"EntryPoint\",\"urlTemplate\":\"http:\\\/\\\/unaymilletras.com\\\/?s={search_term_string}\"},\"query-input\":{\"@type\":\"PropertyValueSpecification\",\"valueRequired\":true,\"valueName\":\"search_term_string\"}}],\"inLanguage\":\"en-GB\"},{\"@type\":\"Organization\",\"@id\":\"http:\\\/\\\/unaymilletras.com\\\/#organization\",\"name\":\"Una y Mil Letras\",\"url\":\"http:\\\/\\\/unaymilletras.com\\\/\",\"logo\":{\"@type\":\"ImageObject\",\"inLanguage\":\"en-GB\",\"@id\":\"http:\\\/\\\/unaymilletras.com\\\/#\\\/schema\\\/logo\\\/image\\\/\",\"url\":\"https:\\\/\\\/unaymilletras.com\\\/wp-content\\\/uploads\\\/2024\\\/06\\\/cropped-Logo-removebg-preview.png\",\"contentUrl\":\"https:\\\/\\\/unaymilletras.com\\\/wp-content\\\/uploads\\\/2024\\\/06\\\/cropped-Logo-removebg-preview.png\",\"width\":512,\"height\":512,\"caption\":\"Una y Mil Letras\"},\"image\":{\"@id\":\"http:\\\/\\\/unaymilletras.com\\\/#\\\/schema\\\/logo\\\/image\\\/\"},\"sameAs\":[\"https:\\\/\\\/x.com\\\/UnaYMilLetras\",\"https:\\\/\\\/instagram.com\\\/UnaYMilLetras\"]},{\"@type\":\"Person\",\"@id\":\"http:\\\/\\\/unaymilletras.com\\\/#\\\/schema\\\/person\\\/0860dc8a218329991ee2c7591f4f849d\",\"name\":\"Redacci\u00f3n\",\"image\":{\"@type\":\"ImageObject\",\"inLanguage\":\"en-GB\",\"@id\":\"https:\\\/\\\/secure.gravatar.com\\\/avatar\\\/d8f55e05a8b6597e45c55a1dcbdbfe44f4a360d88b48e00de5216a79b7732796?s=96&d=mm&r=g\",\"url\":\"https:\\\/\\\/secure.gravatar.com\\\/avatar\\\/d8f55e05a8b6597e45c55a1dcbdbfe44f4a360d88b48e00de5216a79b7732796?s=96&d=mm&r=g\",\"contentUrl\":\"https:\\\/\\\/secure.gravatar.com\\\/avatar\\\/d8f55e05a8b6597e45c55a1dcbdbfe44f4a360d88b48e00de5216a79b7732796?s=96&d=mm&r=g\",\"caption\":\"Redacci\u00f3n\"},\"url\":\"https:\\\/\\\/unaymilletras.com\\\/en\\\/author\\\/redaccion\\\/\"}]}<\/script>\n<!-- \/ Yoast SEO plugin. -->","yoast_head_json":{"title":"Pole. lanza el tercer adelanto de su pr\u00f3ximo \u00e1lbum: \u201cEres un 10\u201d","description":"El artista toledano Pole. presenta el tercer adelanto de su pr\u00f3ximo disco punto cero., antes de arrancar su gira KM.0 en 2026","robots":{"index":"index","follow":"follow","max-snippet":"max-snippet:-1","max-image-preview":"max-image-preview:large","max-video-preview":"max-video-preview:-1"},"canonical":"https:\/\/unaymilletras.com\/en\/pole-lanza-el-tercer-adelanto-de-su-proximo-album-eres-un-10\/","og_locale":"en_GB","og_type":"article","og_title":"Pole. lanza el tercer adelanto de su pr\u00f3ximo \u00e1lbum: \u201cEres un 10\u201d","og_description":"El artista toledano Pole. presenta el tercer adelanto de su pr\u00f3ximo disco punto cero., antes de arrancar su gira KM.0 en 2026","og_url":"https:\/\/unaymilletras.com\/en\/pole-lanza-el-tercer-adelanto-de-su-proximo-album-eres-un-10\/","og_site_name":"Una y Mil Letras","article_published_time":"2025-09-07T11:22:32+00:00","article_modified_time":"2025-09-07T11:25:51+00:00","og_image":[{"width":440,"height":440,"url":"http:\/\/unaymilletras.com\/wp-content\/uploads\/2025\/09\/artwork-440x440-1.jpg","type":"image\/jpeg"}],"author":"Redacci\u00f3n","twitter_card":"summary_large_image","twitter_creator":"@UnaYMilLetras","twitter_site":"@UnaYMilLetras","twitter_misc":{"Written by":"Redacci\u00f3n","Estimated reading time":"2 minutes"},"schema":{"@context":"https:\/\/schema.org","@graph":[{"@type":"Article","@id":"https:\/\/unaymilletras.com\/pole-lanza-el-tercer-adelanto-de-su-proximo-album-eres-un-10\/#article","isPartOf":{"@id":"https:\/\/unaymilletras.com\/pole-lanza-el-tercer-adelanto-de-su-proximo-album-eres-un-10\/"},"author":{"name":"Redacci\u00f3n","@id":"http:\/\/unaymilletras.com\/#\/schema\/person\/0860dc8a218329991ee2c7591f4f849d"},"headline":"Pole. lanza el tercer adelanto de su pr\u00f3ximo \u00e1lbum: \u201cEres un 10\u201d","datePublished":"2025-09-07T11:22:32+00:00","dateModified":"2025-09-07T11:25:51+00:00","mainEntityOfPage":{"@id":"https:\/\/unaymilletras.com\/pole-lanza-el-tercer-adelanto-de-su-proximo-album-eres-un-10\/"},"wordCount":335,"publisher":{"@id":"http:\/\/unaymilletras.com\/#organization"},"image":{"@id":"https:\/\/unaymilletras.com\/pole-lanza-el-tercer-adelanto-de-su-proximo-album-eres-un-10\/#primaryimage"},"thumbnailUrl":"https:\/\/unaymilletras.com\/wp-content\/uploads\/2025\/09\/artwork-440x440-1.jpg","articleSection":["M\u00fasica"],"inLanguage":"en-GB"},{"@type":"WebPage","@id":"https:\/\/unaymilletras.com\/pole-lanza-el-tercer-adelanto-de-su-proximo-album-eres-un-10\/","url":"https:\/\/unaymilletras.com\/pole-lanza-el-tercer-adelanto-de-su-proximo-album-eres-un-10\/","name":"Pole. lanza el tercer adelanto de su pr\u00f3ximo \u00e1lbum: \u201cEres un 10\u201d","isPartOf":{"@id":"http:\/\/unaymilletras.com\/#website"},"primaryImageOfPage":{"@id":"https:\/\/unaymilletras.com\/pole-lanza-el-tercer-adelanto-de-su-proximo-album-eres-un-10\/#primaryimage"},"image":{"@id":"https:\/\/unaymilletras.com\/pole-lanza-el-tercer-adelanto-de-su-proximo-album-eres-un-10\/#primaryimage"},"thumbnailUrl":"https:\/\/unaymilletras.com\/wp-content\/uploads\/2025\/09\/artwork-440x440-1.jpg","datePublished":"2025-09-07T11:22:32+00:00","dateModified":"2025-09-07T11:25:51+00:00","description":"El artista toledano Pole. presenta el tercer adelanto de su pr\u00f3ximo disco punto cero., antes de arrancar su gira KM.0 en 2026","breadcrumb":{"@id":"https:\/\/unaymilletras.com\/pole-lanza-el-tercer-adelanto-de-su-proximo-album-eres-un-10\/#breadcrumb"},"inLanguage":"en-GB","potentialAction":[{"@type":"ReadAction","target":["https:\/\/unaymilletras.com\/pole-lanza-el-tercer-adelanto-de-su-proximo-album-eres-un-10\/"]}]},{"@type":"ImageObject","inLanguage":"en-GB","@id":"https:\/\/unaymilletras.com\/pole-lanza-el-tercer-adelanto-de-su-proximo-album-eres-un-10\/#primaryimage","url":"https:\/\/unaymilletras.com\/wp-content\/uploads\/2025\/09\/artwork-440x440-1.jpg","contentUrl":"https:\/\/unaymilletras.com\/wp-content\/uploads\/2025\/09\/artwork-440x440-1.jpg","width":440,"height":440},{"@type":"BreadcrumbList","@id":"https:\/\/unaymilletras.com\/pole-lanza-el-tercer-adelanto-de-su-proximo-album-eres-un-10\/#breadcrumb","itemListElement":[{"@type":"ListItem","position":1,"name":"Home","item":"http:\/\/unaymilletras.com\/"},{"@type":"ListItem","position":2,"name":"Pole. lanza el tercer adelanto de su pr\u00f3ximo \u00e1lbum: \u201cEres un 10\u201d"}]},{"@type":"WebSite","@id":"http:\/\/unaymilletras.com\/#website","url":"http:\/\/unaymilletras.com\/","name":"Una y Mil Letras","description":"","publisher":{"@id":"http:\/\/unaymilletras.com\/#organization"},"potentialAction":[{"@type":"SearchAction","target":{"@type":"EntryPoint","urlTemplate":"http:\/\/unaymilletras.com\/?s={search_term_string}"},"query-input":{"@type":"PropertyValueSpecification","valueRequired":true,"valueName":"search_term_string"}}],"inLanguage":"en-GB"},{"@type":"Organization","@id":"http:\/\/unaymilletras.com\/#organization","name":"Una y Mil Letras","url":"http:\/\/unaymilletras.com\/","logo":{"@type":"ImageObject","inLanguage":"en-GB","@id":"http:\/\/unaymilletras.com\/#\/schema\/logo\/image\/","url":"https:\/\/unaymilletras.com\/wp-content\/uploads\/2024\/06\/cropped-Logo-removebg-preview.png","contentUrl":"https:\/\/unaymilletras.com\/wp-content\/uploads\/2024\/06\/cropped-Logo-removebg-preview.png","width":512,"height":512,"caption":"Una y Mil Letras"},"image":{"@id":"http:\/\/unaymilletras.com\/#\/schema\/logo\/image\/"},"sameAs":["https:\/\/x.com\/UnaYMilLetras","https:\/\/instagram.com\/UnaYMilLetras"]},{"@type":"Person","@id":"http:\/\/unaymilletras.com\/#\/schema\/person\/0860dc8a218329991ee2c7591f4f849d","name":"Redacci\u00f3n","image":{"@type":"ImageObject","inLanguage":"en-GB","@id":"https:\/\/secure.gravatar.com\/avatar\/d8f55e05a8b6597e45c55a1dcbdbfe44f4a360d88b48e00de5216a79b7732796?s=96&d=mm&r=g","url":"https:\/\/secure.gravatar.com\/avatar\/d8f55e05a8b6597e45c55a1dcbdbfe44f4a360d88b48e00de5216a79b7732796?s=96&d=mm&r=g","contentUrl":"https:\/\/secure.gravatar.com\/avatar\/d8f55e05a8b6597e45c55a1dcbdbfe44f4a360d88b48e00de5216a79b7732796?s=96&d=mm&r=g","caption":"Redacci\u00f3n"},"url":"https:\/\/unaymilletras.com\/en\/author\/redaccion\/"}]}},"_links":{"self":[{"href":"https:\/\/unaymilletras.com\/en\/wp-json\/wp\/v2\/posts\/5566","targetHints":{"allow":["GET"]}}],"collection":[{"href":"https:\/\/unaymilletras.com\/en\/wp-json\/wp\/v2\/posts"}],"about":[{"href":"https:\/\/unaymilletras.com\/en\/wp-json\/wp\/v2\/types\/post"}],"author":[{"embeddable":true,"href":"https:\/\/unaymilletras.com\/en\/wp-json\/wp\/v2\/users\/6"}],"replies":[{"embeddable":true,"href":"https:\/\/unaymilletras.com\/en\/wp-json\/wp\/v2\/comments?post=5566"}],"version-history":[{"count":7,"href":"https:\/\/unaymilletras.com\/en\/wp-json\/wp\/v2\/posts\/5566\/revisions"}],"predecessor-version":[{"id":5575,"href":"https:\/\/unaymilletras.com\/en\/wp-json\/wp\/v2\/posts\/5566\/revisions\/5575"}],"wp:featuredmedia":[{"embeddable":true,"href":"https:\/\/unaymilletras.com\/en\/wp-json\/wp\/v2\/media\/5568"}],"wp:attachment":[{"href":"https:\/\/unaymilletras.com\/en\/wp-json\/wp\/v2\/media?parent=5566"}],"wp:term":[{"taxonomy":"category","embeddable":true,"href":"https:\/\/unaymilletras.com\/en\/wp-json\/wp\/v2\/categories?post=5566"},{"taxonomy":"post_tag","embeddable":true,"href":"https:\/\/unaymilletras.com\/en\/wp-json\/wp\/v2\/tags?post=5566"}],"curies":[{"name":"wp","href":"https:\/\/api.w.org\/{rel}","templated":true}]}}