{"id":5576,"date":"2025-08-10T14:00:00","date_gmt":"2025-08-10T12:00:00","guid":{"rendered":"https:\/\/unaymilletras.com\/?p=5576"},"modified":"2025-09-08T22:42:21","modified_gmt":"2025-09-08T20:42:21","slug":"los-conciertos-de-la-muralla-vuelven-a-alcala-de-henares-con-una-nueva-edicion","status":"publish","type":"post","link":"https:\/\/unaymilletras.com\/en\/los-conciertos-de-la-muralla-vuelven-a-alcala-de-henares-con-una-nueva-edicion\/","title":{"rendered":"Los Conciertos de la Muralla vuelven a Alcal\u00e1 de Henares con una nueva edici\u00f3n"},"content":{"rendered":"<div data-elementor-type=\"wp-post\" data-elementor-id=\"5576\" class=\"elementor elementor-5576\">\n\t\t\t\t\t\t<section class=\"elementor-section elementor-top-section elementor-element elementor-element-4f4127d elementor-section-boxed elementor-section-height-default elementor-section-height-default\" data-id=\"4f4127d\" data-element_type=\"section\" data-e-type=\"section\">\n\t\t\t\t\t\t<div class=\"elementor-container elementor-column-gap-default\">\n\t\t\t\t\t<div class=\"elementor-column elementor-col-100 elementor-top-column elementor-element elementor-element-17ca272\" data-id=\"17ca272\" data-element_type=\"column\" data-e-type=\"column\">\n\t\t\t<div class=\"elementor-widget-wrap elementor-element-populated\">\n\t\t\t\t\t\t<div class=\"elementor-element elementor-element-9964862 elementor-widget elementor-widget-text-editor\" data-id=\"9964862\" data-element_type=\"widget\" data-e-type=\"widget\" data-widget_type=\"text-editor.default\">\n\t\t\t\t<div class=\"elementor-widget-container\">\n\t\t\t\t\t\t\t\t\t<h2 style=\"text-align: center;\"><span style=\"color: #808080;\"><em>Los conciertos de la Muralla ofrecer\u00e1n una experiencia musical en un entorno hist\u00f3rico \u00fanico con artistas de lujo<\/em><\/span><\/h2>\t\t\t\t\t\t\t\t<\/div>\n\t\t\t\t<\/div>\n\t\t\t\t\t<\/div>\n\t\t<\/div>\n\t\t\t\t\t<\/div>\n\t\t<\/section>\n\t\t\t\t<section class=\"elementor-section elementor-top-section elementor-element elementor-element-170b0cd elementor-section-boxed elementor-section-height-default elementor-section-height-default\" data-id=\"170b0cd\" data-element_type=\"section\" data-e-type=\"section\">\n\t\t\t\t\t\t<div class=\"elementor-container elementor-column-gap-default\">\n\t\t\t\t\t<div class=\"elementor-column elementor-col-100 elementor-top-column elementor-element elementor-element-f636dad\" data-id=\"f636dad\" data-element_type=\"column\" data-e-type=\"column\">\n\t\t\t<div class=\"elementor-widget-wrap elementor-element-populated\">\n\t\t\t\t\t\t<div class=\"elementor-element elementor-element-ec36523 elementor-widget elementor-widget-text-editor\" data-id=\"ec36523\" data-element_type=\"widget\" data-e-type=\"widget\" data-widget_type=\"text-editor.default\">\n\t\t\t\t<div class=\"elementor-widget-container\">\n\t\t\t\t\t\t\t\t\t<p>El ciclo <strong data-start=\"432\" data-end=\"469\">Los Conciertos de la Muralla 2025<\/strong> regresa este verano a la <strong data-start=\"495\" data-end=\"516\">Huerta del Obispo<\/strong>, dentro del recinto amurallado del Palacio Arzobispal en <strong data-start=\"574\" data-end=\"595\">Alcal\u00e1 de Henares<\/strong>. Su objetivo es combinar la m\u00fasica en directo con el patrimonio hist\u00f3rico, ofreciendo conciertos inolvidables en uno de los escenarios m\u00e1s singulares de la regi\u00f3n.<\/p>\t\t\t\t\t\t\t\t<\/div>\n\t\t\t\t<\/div>\n\t\t\t\t\t<\/div>\n\t\t<\/div>\n\t\t\t\t\t<\/div>\n\t\t<\/section>\n\t\t\t\t<section class=\"elementor-section elementor-top-section elementor-element elementor-element-584da5f elementor-section-boxed elementor-section-height-default elementor-section-height-default\" data-id=\"584da5f\" data-element_type=\"section\" data-e-type=\"section\">\n\t\t\t\t\t\t<div class=\"elementor-container elementor-column-gap-default\">\n\t\t\t\t\t<div class=\"elementor-column elementor-col-50 elementor-top-column elementor-element elementor-element-88f2572\" data-id=\"88f2572\" data-element_type=\"column\" data-e-type=\"column\">\n\t\t\t<div class=\"elementor-widget-wrap elementor-element-populated\">\n\t\t\t\t\t\t<div class=\"elementor-element elementor-element-0ab04f9 elementor-widget elementor-widget-image\" data-id=\"0ab04f9\" data-element_type=\"widget\" data-e-type=\"widget\" data-widget_type=\"image.default\">\n\t\t\t\t<div class=\"elementor-widget-container\">\n\t\t\t\t\t\t\t\t\t\t\t\t\t\t\t<img fetchpriority=\"high\" decoding=\"async\" width=\"640\" height=\"800\" src=\"https:\/\/unaymilletras.com\/wp-content\/uploads\/2025\/09\/conciertos-de-la-muralla-2025-819x1024.jpg\" class=\"attachment-large size-large wp-image-5578\" alt=\"Conciertos de la Muralla\" srcset=\"https:\/\/unaymilletras.com\/wp-content\/uploads\/2025\/09\/conciertos-de-la-muralla-2025-819x1024.jpg 819w, https:\/\/unaymilletras.com\/wp-content\/uploads\/2025\/09\/conciertos-de-la-muralla-2025-240x300.jpg 240w, https:\/\/unaymilletras.com\/wp-content\/uploads\/2025\/09\/conciertos-de-la-muralla-2025-768x960.jpg 768w, https:\/\/unaymilletras.com\/wp-content\/uploads\/2025\/09\/conciertos-de-la-muralla-2025-10x12.jpg 10w, https:\/\/unaymilletras.com\/wp-content\/uploads\/2025\/09\/conciertos-de-la-muralla-2025-1024x1280.jpg 1024w, https:\/\/unaymilletras.com\/wp-content\/uploads\/2025\/09\/conciertos-de-la-muralla-2025-e1757334766813.jpg 600w\" sizes=\"(max-width: 640px) 100vw, 640px\" \/>\t\t\t\t\t\t\t\t\t\t\t\t\t\t\t<\/div>\n\t\t\t\t<\/div>\n\t\t\t\t\t<\/div>\n\t\t<\/div>\n\t\t\t\t<div class=\"elementor-column elementor-col-50 elementor-top-column elementor-element elementor-element-69f9bbe\" data-id=\"69f9bbe\" data-element_type=\"column\" data-e-type=\"column\">\n\t\t\t<div class=\"elementor-widget-wrap elementor-element-populated\">\n\t\t\t\t\t\t<div class=\"elementor-element elementor-element-360f2a9 elementor-widget elementor-widget-text-editor\" data-id=\"360f2a9\" data-element_type=\"widget\" data-e-type=\"widget\" data-widget_type=\"text-editor.default\">\n\t\t\t\t<div class=\"elementor-widget-container\">\n\t\t\t\t\t\t\t\t\t<p data-start=\"799\" data-end=\"877\">Durante las <strong data-start=\"811\" data-end=\"831\">Ferias y Fiestas<\/strong>, el ciclo tendr\u00e1 un lineup festivo y diverso:<\/p><ul data-start=\"878\" data-end=\"1204\"><li data-start=\"878\" data-end=\"927\"><p data-start=\"880\" data-end=\"927\"><strong data-start=\"880\" data-end=\"896\">23 de agosto<\/strong>: Marta Santos y Antonio Jos\u00e9<\/p><\/li><li data-start=\"928\" data-end=\"977\"><p data-start=\"930\" data-end=\"977\"><strong data-start=\"930\" data-end=\"946\">28 de agosto<\/strong>: Rosario junto a Los Manolos<\/p><\/li><li data-start=\"978\" data-end=\"1074\"><p data-start=\"980\" data-end=\"1074\"><strong data-start=\"980\" data-end=\"996\">29 de agosto<\/strong>: Muralla Camp con Ojete Calor, Ladilla Rusa, OBK, King \u00c1frica y Bingo Party<\/p><\/li><li data-start=\"1075\" data-end=\"1204\"><p data-start=\"1077\" data-end=\"1204\"><strong data-start=\"1077\" data-end=\"1093\">30 de agosto<\/strong>: Concierto de Los Secretos acompa\u00f1ado de una fiesta Remember de los 80\u2019s\u00a0<\/p><\/li><\/ul><p data-start=\"1206\" data-end=\"1273\">La programaci\u00f3n de septiembre incluye grandes propuestas musicales:<\/p><ul data-start=\"1274\" data-end=\"1428\"><li data-start=\"1274\" data-end=\"1334\"><p data-start=\"1276\" data-end=\"1334\"><strong data-start=\"1276\" data-end=\"1295\">5 de septiembre<\/strong>: Concierto del virtuoso Ara Malikian<\/p><\/li><li data-start=\"1335\" data-end=\"1428\"><p data-start=\"1337\" data-end=\"1428\"><strong data-start=\"1337\" data-end=\"1356\">7 de septiembre<\/strong>: Tributo con \u201cGod Save The Queen\u201d<\/p><\/li><\/ul>\t\t\t\t\t\t\t\t<\/div>\n\t\t\t\t<\/div>\n\t\t\t\t\t<\/div>\n\t\t<\/div>\n\t\t\t\t\t<\/div>\n\t\t<\/section>\n\t\t\t\t<section class=\"elementor-section elementor-top-section elementor-element elementor-element-0d13ee0 elementor-section-boxed elementor-section-height-default elementor-section-height-default\" data-id=\"0d13ee0\" data-element_type=\"section\" data-e-type=\"section\">\n\t\t\t\t\t\t<div class=\"elementor-container elementor-column-gap-default\">\n\t\t\t\t\t<div class=\"elementor-column elementor-col-100 elementor-top-column elementor-element elementor-element-ef7a8b7\" data-id=\"ef7a8b7\" data-element_type=\"column\" data-e-type=\"column\">\n\t\t\t<div class=\"elementor-widget-wrap elementor-element-populated\">\n\t\t\t\t\t\t<div class=\"elementor-element elementor-element-63b56e6 elementor-widget elementor-widget-text-editor\" data-id=\"63b56e6\" data-element_type=\"widget\" data-e-type=\"widget\" data-widget_type=\"text-editor.default\">\n\t\t\t\t<div class=\"elementor-widget-container\">\n\t\t\t\t\t\t\t\t\t<p data-start=\"1430\" data-end=\"1752\">El foco del festival se traslada al indie con <strong data-start=\"1476\" data-end=\"1493\">Muralla Indie<\/strong>, los d\u00edas <strong data-start=\"1504\" data-end=\"1529\">12 y 13 de septiembre<\/strong>, con artistas como Silo\u00e9, Sidonie, Iv\u00e1n Ferreiro, Chica Sobresalto, Carlos Sadness, Ni\u00f1a Polaca, Miss Caffe\u00edna, Suu y Veintiuno. Los abonos para uno o los dos d\u00edas ya est\u00e1n a la venta.<\/p><p data-start=\"1754\" data-end=\"2034\">La clausura del ciclo llega el <strong data-start=\"1785\" data-end=\"1805\">20 de septiembre<\/strong>, con una vibrante noche protagonizada por <strong data-start=\"1848\" data-end=\"1874\">Rels B y DJs invitados<\/strong>, y el esperado concierto del artista Camilo el <strong data-start=\"1922\" data-end=\"1942\">19 de septiembre<\/strong>, en una de sus pocas fechas en Madrid esta temporada.<\/p><p data-start=\"2036\" data-end=\"2261\">Adem\u00e1s, se han abierto anticipadamente las ventas, y los vecinos empadronados en Alcal\u00e1 de Henares disfrutaron de un descuento del 20 % en las entradas (excepto VIP) hasta el 20 de junio.<\/p>\t\t\t\t\t\t\t\t<\/div>\n\t\t\t\t<\/div>\n\t\t\t\t\t<\/div>\n\t\t<\/div>\n\t\t\t\t\t<\/div>\n\t\t<\/section>\n\t\t\t\t<\/div>","protected":false},"excerpt":{"rendered":"<p>Los conciertos de la Muralla ofrecer\u00e1n una experiencia musical en un entorno hist\u00f3rico \u00fanico con artistas de lujo El ciclo Los Conciertos de la Muralla 2025 regresa este verano a la Huerta del Obispo, dentro del recinto amurallado del Palacio Arzobispal en Alcal\u00e1 de Henares. Su objetivo es combinar la m\u00fasica en directo con el [&hellip;]<\/p>\n","protected":false},"author":6,"featured_media":5578,"comment_status":"closed","ping_status":"closed","sticky":false,"template":"","format":"standard","meta":{"footnotes":""},"categories":[4],"tags":[],"class_list":["post-5576","post","type-post","status-publish","format-standard","has-post-thumbnail","hentry","category-musica"],"yoast_head":"<!-- This site is optimized with the Yoast SEO plugin v27.4 - https:\/\/yoast.com\/product\/yoast-seo-wordpress\/ -->\n<title>Los Conciertos de la Muralla vuelven a Alcal\u00e1 de Henares con una nueva edici\u00f3n<\/title>\n<meta name=\"description\" content=\"Los conciertos de la Muralla ofrecer\u00e1n una experiencia musical en un entorno hist\u00f3rico \u00fanico con artistas de lujo\" \/>\n<meta name=\"robots\" content=\"index, follow, max-snippet:-1, max-image-preview:large, max-video-preview:-1\" \/>\n<link rel=\"canonical\" href=\"https:\/\/unaymilletras.com\/en\/los-conciertos-de-la-muralla-vuelven-a-alcala-de-henares-con-una-nueva-edicion\/\" \/>\n<meta property=\"og:locale\" content=\"en_GB\" \/>\n<meta property=\"og:type\" content=\"article\" \/>\n<meta property=\"og:title\" content=\"Los Conciertos de la Muralla vuelven a Alcal\u00e1 de Henares con una nueva edici\u00f3n\" \/>\n<meta property=\"og:description\" content=\"Los conciertos de la Muralla ofrecer\u00e1n una experiencia musical en un entorno hist\u00f3rico \u00fanico con artistas de lujo\" \/>\n<meta property=\"og:url\" content=\"https:\/\/unaymilletras.com\/en\/los-conciertos-de-la-muralla-vuelven-a-alcala-de-henares-con-una-nueva-edicion\/\" \/>\n<meta property=\"og:site_name\" content=\"Una y Mil Letras\" \/>\n<meta property=\"article:published_time\" content=\"2025-08-10T12:00:00+00:00\" \/>\n<meta property=\"article:modified_time\" content=\"2025-09-08T20:42:21+00:00\" \/>\n<meta property=\"og:image\" content=\"http:\/\/unaymilletras.com\/wp-content\/uploads\/2025\/09\/conciertos-de-la-muralla-2025-e1757334766813.jpg\" \/>\n\t<meta property=\"og:image:width\" content=\"600\" \/>\n\t<meta property=\"og:image:height\" content=\"750\" \/>\n\t<meta property=\"og:image:type\" content=\"image\/jpeg\" \/>\n<meta name=\"author\" content=\"Redacci\u00f3n\" \/>\n<meta name=\"twitter:card\" content=\"summary_large_image\" \/>\n<meta name=\"twitter:creator\" content=\"@UnaYMilLetras\" \/>\n<meta name=\"twitter:site\" content=\"@UnaYMilLetras\" \/>\n<meta name=\"twitter:label1\" content=\"Written by\" \/>\n\t<meta name=\"twitter:data1\" content=\"Redacci\u00f3n\" \/>\n\t<meta name=\"twitter:label2\" content=\"Estimated reading time\" \/>\n\t<meta name=\"twitter:data2\" content=\"2 minutes\" \/>\n<script type=\"application\/ld+json\" class=\"yoast-schema-graph\">{\"@context\":\"https:\\\/\\\/schema.org\",\"@graph\":[{\"@type\":\"Article\",\"@id\":\"https:\\\/\\\/unaymilletras.com\\\/los-conciertos-de-la-muralla-vuelven-a-alcala-de-henares-con-una-nueva-edicion\\\/#article\",\"isPartOf\":{\"@id\":\"https:\\\/\\\/unaymilletras.com\\\/los-conciertos-de-la-muralla-vuelven-a-alcala-de-henares-con-una-nueva-edicion\\\/\"},\"author\":{\"name\":\"Redacci\u00f3n\",\"@id\":\"http:\\\/\\\/unaymilletras.com\\\/#\\\/schema\\\/person\\\/0860dc8a218329991ee2c7591f4f849d\"},\"headline\":\"Los Conciertos de la Muralla vuelven a Alcal\u00e1 de Henares con una nueva edici\u00f3n\",\"datePublished\":\"2025-08-10T12:00:00+00:00\",\"dateModified\":\"2025-09-08T20:42:21+00:00\",\"mainEntityOfPage\":{\"@id\":\"https:\\\/\\\/unaymilletras.com\\\/los-conciertos-de-la-muralla-vuelven-a-alcala-de-henares-con-una-nueva-edicion\\\/\"},\"wordCount\":293,\"publisher\":{\"@id\":\"http:\\\/\\\/unaymilletras.com\\\/#organization\"},\"image\":{\"@id\":\"https:\\\/\\\/unaymilletras.com\\\/los-conciertos-de-la-muralla-vuelven-a-alcala-de-henares-con-una-nueva-edicion\\\/#primaryimage\"},\"thumbnailUrl\":\"https:\\\/\\\/unaymilletras.com\\\/wp-content\\\/uploads\\\/2025\\\/09\\\/conciertos-de-la-muralla-2025-e1757334766813.jpg\",\"articleSection\":[\"M\u00fasica\"],\"inLanguage\":\"en-GB\"},{\"@type\":\"WebPage\",\"@id\":\"https:\\\/\\\/unaymilletras.com\\\/los-conciertos-de-la-muralla-vuelven-a-alcala-de-henares-con-una-nueva-edicion\\\/\",\"url\":\"https:\\\/\\\/unaymilletras.com\\\/los-conciertos-de-la-muralla-vuelven-a-alcala-de-henares-con-una-nueva-edicion\\\/\",\"name\":\"Los Conciertos de la Muralla vuelven a Alcal\u00e1 de Henares con una nueva edici\u00f3n\",\"isPartOf\":{\"@id\":\"http:\\\/\\\/unaymilletras.com\\\/#website\"},\"primaryImageOfPage\":{\"@id\":\"https:\\\/\\\/unaymilletras.com\\\/los-conciertos-de-la-muralla-vuelven-a-alcala-de-henares-con-una-nueva-edicion\\\/#primaryimage\"},\"image\":{\"@id\":\"https:\\\/\\\/unaymilletras.com\\\/los-conciertos-de-la-muralla-vuelven-a-alcala-de-henares-con-una-nueva-edicion\\\/#primaryimage\"},\"thumbnailUrl\":\"https:\\\/\\\/unaymilletras.com\\\/wp-content\\\/uploads\\\/2025\\\/09\\\/conciertos-de-la-muralla-2025-e1757334766813.jpg\",\"datePublished\":\"2025-08-10T12:00:00+00:00\",\"dateModified\":\"2025-09-08T20:42:21+00:00\",\"description\":\"Los conciertos de la Muralla ofrecer\u00e1n una experiencia musical en un entorno hist\u00f3rico \u00fanico con artistas de lujo\",\"breadcrumb\":{\"@id\":\"https:\\\/\\\/unaymilletras.com\\\/los-conciertos-de-la-muralla-vuelven-a-alcala-de-henares-con-una-nueva-edicion\\\/#breadcrumb\"},\"inLanguage\":\"en-GB\",\"potentialAction\":[{\"@type\":\"ReadAction\",\"target\":[\"https:\\\/\\\/unaymilletras.com\\\/los-conciertos-de-la-muralla-vuelven-a-alcala-de-henares-con-una-nueva-edicion\\\/\"]}]},{\"@type\":\"ImageObject\",\"inLanguage\":\"en-GB\",\"@id\":\"https:\\\/\\\/unaymilletras.com\\\/los-conciertos-de-la-muralla-vuelven-a-alcala-de-henares-con-una-nueva-edicion\\\/#primaryimage\",\"url\":\"https:\\\/\\\/unaymilletras.com\\\/wp-content\\\/uploads\\\/2025\\\/09\\\/conciertos-de-la-muralla-2025-e1757334766813.jpg\",\"contentUrl\":\"https:\\\/\\\/unaymilletras.com\\\/wp-content\\\/uploads\\\/2025\\\/09\\\/conciertos-de-la-muralla-2025-e1757334766813.jpg\",\"width\":600,\"height\":750,\"caption\":\"Conciertos de la Muralla\"},{\"@type\":\"BreadcrumbList\",\"@id\":\"https:\\\/\\\/unaymilletras.com\\\/los-conciertos-de-la-muralla-vuelven-a-alcala-de-henares-con-una-nueva-edicion\\\/#breadcrumb\",\"itemListElement\":[{\"@type\":\"ListItem\",\"position\":1,\"name\":\"Home\",\"item\":\"http:\\\/\\\/unaymilletras.com\\\/\"},{\"@type\":\"ListItem\",\"position\":2,\"name\":\"Los Conciertos de la Muralla vuelven a Alcal\u00e1 de Henares con una nueva edici\u00f3n\"}]},{\"@type\":\"WebSite\",\"@id\":\"http:\\\/\\\/unaymilletras.com\\\/#website\",\"url\":\"http:\\\/\\\/unaymilletras.com\\\/\",\"name\":\"Una y Mil Letras\",\"description\":\"\",\"publisher\":{\"@id\":\"http:\\\/\\\/unaymilletras.com\\\/#organization\"},\"potentialAction\":[{\"@type\":\"SearchAction\",\"target\":{\"@type\":\"EntryPoint\",\"urlTemplate\":\"http:\\\/\\\/unaymilletras.com\\\/?s={search_term_string}\"},\"query-input\":{\"@type\":\"PropertyValueSpecification\",\"valueRequired\":true,\"valueName\":\"search_term_string\"}}],\"inLanguage\":\"en-GB\"},{\"@type\":\"Organization\",\"@id\":\"http:\\\/\\\/unaymilletras.com\\\/#organization\",\"name\":\"Una y Mil Letras\",\"url\":\"http:\\\/\\\/unaymilletras.com\\\/\",\"logo\":{\"@type\":\"ImageObject\",\"inLanguage\":\"en-GB\",\"@id\":\"http:\\\/\\\/unaymilletras.com\\\/#\\\/schema\\\/logo\\\/image\\\/\",\"url\":\"https:\\\/\\\/unaymilletras.com\\\/wp-content\\\/uploads\\\/2024\\\/06\\\/cropped-Logo-removebg-preview.png\",\"contentUrl\":\"https:\\\/\\\/unaymilletras.com\\\/wp-content\\\/uploads\\\/2024\\\/06\\\/cropped-Logo-removebg-preview.png\",\"width\":512,\"height\":512,\"caption\":\"Una y Mil Letras\"},\"image\":{\"@id\":\"http:\\\/\\\/unaymilletras.com\\\/#\\\/schema\\\/logo\\\/image\\\/\"},\"sameAs\":[\"https:\\\/\\\/x.com\\\/UnaYMilLetras\",\"https:\\\/\\\/instagram.com\\\/UnaYMilLetras\"]},{\"@type\":\"Person\",\"@id\":\"http:\\\/\\\/unaymilletras.com\\\/#\\\/schema\\\/person\\\/0860dc8a218329991ee2c7591f4f849d\",\"name\":\"Redacci\u00f3n\",\"image\":{\"@type\":\"ImageObject\",\"inLanguage\":\"en-GB\",\"@id\":\"https:\\\/\\\/secure.gravatar.com\\\/avatar\\\/d8f55e05a8b6597e45c55a1dcbdbfe44f4a360d88b48e00de5216a79b7732796?s=96&d=mm&r=g\",\"url\":\"https:\\\/\\\/secure.gravatar.com\\\/avatar\\\/d8f55e05a8b6597e45c55a1dcbdbfe44f4a360d88b48e00de5216a79b7732796?s=96&d=mm&r=g\",\"contentUrl\":\"https:\\\/\\\/secure.gravatar.com\\\/avatar\\\/d8f55e05a8b6597e45c55a1dcbdbfe44f4a360d88b48e00de5216a79b7732796?s=96&d=mm&r=g\",\"caption\":\"Redacci\u00f3n\"},\"url\":\"https:\\\/\\\/unaymilletras.com\\\/en\\\/author\\\/redaccion\\\/\"}]}<\/script>\n<!-- \/ Yoast SEO plugin. -->","yoast_head_json":{"title":"Los Conciertos de la Muralla vuelven a Alcal\u00e1 de Henares con una nueva edici\u00f3n","description":"Los conciertos de la Muralla ofrecer\u00e1n una experiencia musical en un entorno hist\u00f3rico \u00fanico con artistas de lujo","robots":{"index":"index","follow":"follow","max-snippet":"max-snippet:-1","max-image-preview":"max-image-preview:large","max-video-preview":"max-video-preview:-1"},"canonical":"https:\/\/unaymilletras.com\/en\/los-conciertos-de-la-muralla-vuelven-a-alcala-de-henares-con-una-nueva-edicion\/","og_locale":"en_GB","og_type":"article","og_title":"Los Conciertos de la Muralla vuelven a Alcal\u00e1 de Henares con una nueva edici\u00f3n","og_description":"Los conciertos de la Muralla ofrecer\u00e1n una experiencia musical en un entorno hist\u00f3rico \u00fanico con artistas de lujo","og_url":"https:\/\/unaymilletras.com\/en\/los-conciertos-de-la-muralla-vuelven-a-alcala-de-henares-con-una-nueva-edicion\/","og_site_name":"Una y Mil Letras","article_published_time":"2025-08-10T12:00:00+00:00","article_modified_time":"2025-09-08T20:42:21+00:00","og_image":[{"width":600,"height":750,"url":"http:\/\/unaymilletras.com\/wp-content\/uploads\/2025\/09\/conciertos-de-la-muralla-2025-e1757334766813.jpg","type":"image\/jpeg"}],"author":"Redacci\u00f3n","twitter_card":"summary_large_image","twitter_creator":"@UnaYMilLetras","twitter_site":"@UnaYMilLetras","twitter_misc":{"Written by":"Redacci\u00f3n","Estimated reading time":"2 minutes"},"schema":{"@context":"https:\/\/schema.org","@graph":[{"@type":"Article","@id":"https:\/\/unaymilletras.com\/los-conciertos-de-la-muralla-vuelven-a-alcala-de-henares-con-una-nueva-edicion\/#article","isPartOf":{"@id":"https:\/\/unaymilletras.com\/los-conciertos-de-la-muralla-vuelven-a-alcala-de-henares-con-una-nueva-edicion\/"},"author":{"name":"Redacci\u00f3n","@id":"http:\/\/unaymilletras.com\/#\/schema\/person\/0860dc8a218329991ee2c7591f4f849d"},"headline":"Los Conciertos de la Muralla vuelven a Alcal\u00e1 de Henares con una nueva edici\u00f3n","datePublished":"2025-08-10T12:00:00+00:00","dateModified":"2025-09-08T20:42:21+00:00","mainEntityOfPage":{"@id":"https:\/\/unaymilletras.com\/los-conciertos-de-la-muralla-vuelven-a-alcala-de-henares-con-una-nueva-edicion\/"},"wordCount":293,"publisher":{"@id":"http:\/\/unaymilletras.com\/#organization"},"image":{"@id":"https:\/\/unaymilletras.com\/los-conciertos-de-la-muralla-vuelven-a-alcala-de-henares-con-una-nueva-edicion\/#primaryimage"},"thumbnailUrl":"https:\/\/unaymilletras.com\/wp-content\/uploads\/2025\/09\/conciertos-de-la-muralla-2025-e1757334766813.jpg","articleSection":["M\u00fasica"],"inLanguage":"en-GB"},{"@type":"WebPage","@id":"https:\/\/unaymilletras.com\/los-conciertos-de-la-muralla-vuelven-a-alcala-de-henares-con-una-nueva-edicion\/","url":"https:\/\/unaymilletras.com\/los-conciertos-de-la-muralla-vuelven-a-alcala-de-henares-con-una-nueva-edicion\/","name":"Los Conciertos de la Muralla vuelven a Alcal\u00e1 de Henares con una nueva edici\u00f3n","isPartOf":{"@id":"http:\/\/unaymilletras.com\/#website"},"primaryImageOfPage":{"@id":"https:\/\/unaymilletras.com\/los-conciertos-de-la-muralla-vuelven-a-alcala-de-henares-con-una-nueva-edicion\/#primaryimage"},"image":{"@id":"https:\/\/unaymilletras.com\/los-conciertos-de-la-muralla-vuelven-a-alcala-de-henares-con-una-nueva-edicion\/#primaryimage"},"thumbnailUrl":"https:\/\/unaymilletras.com\/wp-content\/uploads\/2025\/09\/conciertos-de-la-muralla-2025-e1757334766813.jpg","datePublished":"2025-08-10T12:00:00+00:00","dateModified":"2025-09-08T20:42:21+00:00","description":"Los conciertos de la Muralla ofrecer\u00e1n una experiencia musical en un entorno hist\u00f3rico \u00fanico con artistas de lujo","breadcrumb":{"@id":"https:\/\/unaymilletras.com\/los-conciertos-de-la-muralla-vuelven-a-alcala-de-henares-con-una-nueva-edicion\/#breadcrumb"},"inLanguage":"en-GB","potentialAction":[{"@type":"ReadAction","target":["https:\/\/unaymilletras.com\/los-conciertos-de-la-muralla-vuelven-a-alcala-de-henares-con-una-nueva-edicion\/"]}]},{"@type":"ImageObject","inLanguage":"en-GB","@id":"https:\/\/unaymilletras.com\/los-conciertos-de-la-muralla-vuelven-a-alcala-de-henares-con-una-nueva-edicion\/#primaryimage","url":"https:\/\/unaymilletras.com\/wp-content\/uploads\/2025\/09\/conciertos-de-la-muralla-2025-e1757334766813.jpg","contentUrl":"https:\/\/unaymilletras.com\/wp-content\/uploads\/2025\/09\/conciertos-de-la-muralla-2025-e1757334766813.jpg","width":600,"height":750,"caption":"Conciertos de la Muralla"},{"@type":"BreadcrumbList","@id":"https:\/\/unaymilletras.com\/los-conciertos-de-la-muralla-vuelven-a-alcala-de-henares-con-una-nueva-edicion\/#breadcrumb","itemListElement":[{"@type":"ListItem","position":1,"name":"Home","item":"http:\/\/unaymilletras.com\/"},{"@type":"ListItem","position":2,"name":"Los Conciertos de la Muralla vuelven a Alcal\u00e1 de Henares con una nueva edici\u00f3n"}]},{"@type":"WebSite","@id":"http:\/\/unaymilletras.com\/#website","url":"http:\/\/unaymilletras.com\/","name":"Una y Mil Letras","description":"","publisher":{"@id":"http:\/\/unaymilletras.com\/#organization"},"potentialAction":[{"@type":"SearchAction","target":{"@type":"EntryPoint","urlTemplate":"http:\/\/unaymilletras.com\/?s={search_term_string}"},"query-input":{"@type":"PropertyValueSpecification","valueRequired":true,"valueName":"search_term_string"}}],"inLanguage":"en-GB"},{"@type":"Organization","@id":"http:\/\/unaymilletras.com\/#organization","name":"Una y Mil Letras","url":"http:\/\/unaymilletras.com\/","logo":{"@type":"ImageObject","inLanguage":"en-GB","@id":"http:\/\/unaymilletras.com\/#\/schema\/logo\/image\/","url":"https:\/\/unaymilletras.com\/wp-content\/uploads\/2024\/06\/cropped-Logo-removebg-preview.png","contentUrl":"https:\/\/unaymilletras.com\/wp-content\/uploads\/2024\/06\/cropped-Logo-removebg-preview.png","width":512,"height":512,"caption":"Una y Mil Letras"},"image":{"@id":"http:\/\/unaymilletras.com\/#\/schema\/logo\/image\/"},"sameAs":["https:\/\/x.com\/UnaYMilLetras","https:\/\/instagram.com\/UnaYMilLetras"]},{"@type":"Person","@id":"http:\/\/unaymilletras.com\/#\/schema\/person\/0860dc8a218329991ee2c7591f4f849d","name":"Redacci\u00f3n","image":{"@type":"ImageObject","inLanguage":"en-GB","@id":"https:\/\/secure.gravatar.com\/avatar\/d8f55e05a8b6597e45c55a1dcbdbfe44f4a360d88b48e00de5216a79b7732796?s=96&d=mm&r=g","url":"https:\/\/secure.gravatar.com\/avatar\/d8f55e05a8b6597e45c55a1dcbdbfe44f4a360d88b48e00de5216a79b7732796?s=96&d=mm&r=g","contentUrl":"https:\/\/secure.gravatar.com\/avatar\/d8f55e05a8b6597e45c55a1dcbdbfe44f4a360d88b48e00de5216a79b7732796?s=96&d=mm&r=g","caption":"Redacci\u00f3n"},"url":"https:\/\/unaymilletras.com\/en\/author\/redaccion\/"}]}},"_links":{"self":[{"href":"https:\/\/unaymilletras.com\/en\/wp-json\/wp\/v2\/posts\/5576","targetHints":{"allow":["GET"]}}],"collection":[{"href":"https:\/\/unaymilletras.com\/en\/wp-json\/wp\/v2\/posts"}],"about":[{"href":"https:\/\/unaymilletras.com\/en\/wp-json\/wp\/v2\/types\/post"}],"author":[{"embeddable":true,"href":"https:\/\/unaymilletras.com\/en\/wp-json\/wp\/v2\/users\/6"}],"replies":[{"embeddable":true,"href":"https:\/\/unaymilletras.com\/en\/wp-json\/wp\/v2\/comments?post=5576"}],"version-history":[{"count":4,"href":"https:\/\/unaymilletras.com\/en\/wp-json\/wp\/v2\/posts\/5576\/revisions"}],"predecessor-version":[{"id":5581,"href":"https:\/\/unaymilletras.com\/en\/wp-json\/wp\/v2\/posts\/5576\/revisions\/5581"}],"wp:featuredmedia":[{"embeddable":true,"href":"https:\/\/unaymilletras.com\/en\/wp-json\/wp\/v2\/media\/5578"}],"wp:attachment":[{"href":"https:\/\/unaymilletras.com\/en\/wp-json\/wp\/v2\/media?parent=5576"}],"wp:term":[{"taxonomy":"category","embeddable":true,"href":"https:\/\/unaymilletras.com\/en\/wp-json\/wp\/v2\/categories?post=5576"},{"taxonomy":"post_tag","embeddable":true,"href":"https:\/\/unaymilletras.com\/en\/wp-json\/wp\/v2\/tags?post=5576"}],"curies":[{"name":"wp","href":"https:\/\/api.w.org\/{rel}","templated":true}]}}