{"id":5588,"date":"2025-09-11T12:00:00","date_gmt":"2025-09-11T10:00:00","guid":{"rendered":"https:\/\/unaymilletras.com\/?p=5588"},"modified":"2025-09-09T11:12:13","modified_gmt":"2025-09-09T09:12:13","slug":"roa-aterriza-en-espana-con-su-primera-gira","status":"publish","type":"post","link":"https:\/\/unaymilletras.com\/en\/roa-aterriza-en-espana-con-su-primera-gira\/","title":{"rendered":"ROA aterriza en Espa\u00f1a con su primera gira"},"content":{"rendered":"<div data-elementor-type=\"wp-post\" data-elementor-id=\"5588\" class=\"elementor elementor-5588\">\n\t\t\t\t\t\t<section class=\"elementor-section elementor-top-section elementor-element elementor-element-f0a92d7 elementor-section-boxed elementor-section-height-default elementor-section-height-default\" data-id=\"f0a92d7\" data-element_type=\"section\" data-e-type=\"section\">\n\t\t\t\t\t\t<div class=\"elementor-container elementor-column-gap-default\">\n\t\t\t\t\t<div class=\"elementor-column elementor-col-100 elementor-top-column elementor-element elementor-element-9354a14\" data-id=\"9354a14\" data-element_type=\"column\" data-e-type=\"column\">\n\t\t\t<div class=\"elementor-widget-wrap elementor-element-populated\">\n\t\t\t\t\t\t<div class=\"elementor-element elementor-element-5d6beb1 elementor-widget elementor-widget-text-editor\" data-id=\"5d6beb1\" data-element_type=\"widget\" data-e-type=\"widget\" data-widget_type=\"text-editor.default\">\n\t\t\t\t<div class=\"elementor-widget-container\">\n\t\t\t\t\t\t\t\t\t<h2 style=\"text-align: center;\"><span style=\"color: #808080;\"><em>El artista puertorrique\u00f1o de trap urbano ROA debutar\u00e1 de gira por Espa\u00f1a con 15 conciertos en octubre imperdibles<\/em><\/span><\/h2>\t\t\t\t\t\t\t\t<\/div>\n\t\t\t\t<\/div>\n\t\t\t\t\t<\/div>\n\t\t<\/div>\n\t\t\t\t\t<\/div>\n\t\t<\/section>\n\t\t\t\t<section class=\"elementor-section elementor-top-section elementor-element elementor-element-a6e065b elementor-section-boxed elementor-section-height-default elementor-section-height-default\" data-id=\"a6e065b\" data-element_type=\"section\" data-e-type=\"section\">\n\t\t\t\t\t\t<div class=\"elementor-container elementor-column-gap-default\">\n\t\t\t\t\t<div class=\"elementor-column elementor-col-100 elementor-top-column elementor-element elementor-element-00cf438\" data-id=\"00cf438\" data-element_type=\"column\" data-e-type=\"column\">\n\t\t\t<div class=\"elementor-widget-wrap elementor-element-populated\">\n\t\t\t\t\t\t<div class=\"elementor-element elementor-element-e7e883f elementor-widget elementor-widget-text-editor\" data-id=\"e7e883f\" data-element_type=\"widget\" data-e-type=\"widget\" data-widget_type=\"text-editor.default\">\n\t\t\t\t<div class=\"elementor-widget-container\">\n\t\t\t\t\t\t\t\t\t<p data-start=\"385\" data-end=\"673\">ROA, una de las voces emergentes m\u00e1s destacadas del trap urbano latino, anuncia su primera gira por Espa\u00f1a. El artista puertorrique\u00f1o recorrer\u00e1 el pa\u00eds con un ambicioso tour de 30 d\u00edas y 15 fechas confirmadas en ciudades clave como Madrid, Barcelona, Valencia, Sevilla, Bilbao o M\u00e1laga.<\/p><p data-start=\"675\" data-end=\"907\">Este desembarco supone un hito para el g\u00e9nero, ya que ROA se convertir\u00e1 en el primer artista de Puerto Rico en presentarse en el Roig Arena de Valencia, un logro que refuerza el v\u00ednculo entre la escena latina y el p\u00fablico espa\u00f1ol.<\/p>\t\t\t\t\t\t\t\t<\/div>\n\t\t\t\t<\/div>\n\t\t\t\t\t<\/div>\n\t\t<\/div>\n\t\t\t\t\t<\/div>\n\t\t<\/section>\n\t\t\t\t<section class=\"elementor-section elementor-top-section elementor-element elementor-element-f448106 elementor-section-boxed elementor-section-height-default elementor-section-height-default\" data-id=\"f448106\" data-element_type=\"section\" data-e-type=\"section\">\n\t\t\t\t\t\t<div class=\"elementor-container elementor-column-gap-default\">\n\t\t\t\t\t<div class=\"elementor-column elementor-col-100 elementor-top-column elementor-element elementor-element-5af5d69\" data-id=\"5af5d69\" data-element_type=\"column\" data-e-type=\"column\">\n\t\t\t<div class=\"elementor-widget-wrap elementor-element-populated\">\n\t\t\t\t\t\t<div class=\"elementor-element elementor-element-0fd98b2 elementor-widget elementor-widget-image\" data-id=\"0fd98b2\" data-element_type=\"widget\" data-e-type=\"widget\" data-widget_type=\"image.default\">\n\t\t\t\t<div class=\"elementor-widget-container\">\n\t\t\t\t\t\t\t\t\t\t\t\t\t\t\t<img fetchpriority=\"high\" decoding=\"async\" width=\"640\" height=\"640\" src=\"https:\/\/unaymilletras.com\/wp-content\/uploads\/2025\/09\/1383096_feed-cuadrado-1024x1024.jpg\" class=\"attachment-large size-large wp-image-5590\" alt=\"ROA\" srcset=\"https:\/\/unaymilletras.com\/wp-content\/uploads\/2025\/09\/1383096_feed-cuadrado-1024x1024.jpg 1024w, https:\/\/unaymilletras.com\/wp-content\/uploads\/2025\/09\/1383096_feed-cuadrado-300x300.jpg 300w, https:\/\/unaymilletras.com\/wp-content\/uploads\/2025\/09\/1383096_feed-cuadrado-150x150.jpg 150w, https:\/\/unaymilletras.com\/wp-content\/uploads\/2025\/09\/1383096_feed-cuadrado-768x768.jpg 768w, https:\/\/unaymilletras.com\/wp-content\/uploads\/2025\/09\/1383096_feed-cuadrado-12x12.jpg 12w, https:\/\/unaymilletras.com\/wp-content\/uploads\/2025\/09\/1383096_feed-cuadrado-e1757365029348.jpg 600w\" sizes=\"(max-width: 640px) 100vw, 640px\" \/>\t\t\t\t\t\t\t\t\t\t\t\t\t\t\t<\/div>\n\t\t\t\t<\/div>\n\t\t\t\t\t<\/div>\n\t\t<\/div>\n\t\t\t\t\t<\/div>\n\t\t<\/section>\n\t\t\t\t<section class=\"elementor-section elementor-top-section elementor-element elementor-element-5613e18 elementor-section-boxed elementor-section-height-default elementor-section-height-default\" data-id=\"5613e18\" data-element_type=\"section\" data-e-type=\"section\">\n\t\t\t\t\t\t<div class=\"elementor-container elementor-column-gap-default\">\n\t\t\t\t\t<div class=\"elementor-column elementor-col-100 elementor-top-column elementor-element elementor-element-7e4cb62\" data-id=\"7e4cb62\" data-element_type=\"column\" data-e-type=\"column\">\n\t\t\t<div class=\"elementor-widget-wrap elementor-element-populated\">\n\t\t\t\t\t\t<div class=\"elementor-element elementor-element-c1e0cd0 elementor-widget elementor-widget-text-editor\" data-id=\"c1e0cd0\" data-element_type=\"widget\" data-e-type=\"widget\" data-widget_type=\"text-editor.default\">\n\t\t\t\t<div class=\"elementor-widget-container\">\n\t\t\t\t\t\t\t\t\t<p data-start=\"909\" data-end=\"1265\">En los \u00faltimos meses, el cantante ha consolidado su proyecci\u00f3n internacional con un estilo que mezcla trap, reggaeton y R&amp;B, letras directas y puestas en escena cargadas de energ\u00eda. Su impacto en plataformas digitales y redes sociales, donde suma m\u00e1s de 4 millones de seguidores, lo ha posicionado como una de las promesas m\u00e1s firmes del panorama latino.<\/p>\t\t\t\t\t\t\t\t<\/div>\n\t\t\t\t<\/div>\n\t\t\t\t\t<\/div>\n\t\t<\/div>\n\t\t\t\t\t<\/div>\n\t\t<\/section>\n\t\t\t\t<section class=\"elementor-section elementor-top-section elementor-element elementor-element-f230af1 elementor-section-boxed elementor-section-height-default elementor-section-height-default\" data-id=\"f230af1\" data-element_type=\"section\" data-e-type=\"section\">\n\t\t\t\t\t\t<div class=\"elementor-container elementor-column-gap-default\">\n\t\t\t\t\t<div class=\"elementor-column elementor-col-100 elementor-top-column elementor-element elementor-element-b25def9\" data-id=\"b25def9\" data-element_type=\"column\" data-e-type=\"column\">\n\t\t\t<div class=\"elementor-widget-wrap elementor-element-populated\">\n\t\t\t\t\t\t<div class=\"elementor-element elementor-element-7583129 elementor-widget elementor-widget-text-editor\" data-id=\"7583129\" data-element_type=\"widget\" data-e-type=\"widget\" data-widget_type=\"text-editor.default\">\n\t\t\t\t<div class=\"elementor-widget-container\">\n\t\t\t\t\t\t\t\t\t<blockquote><p style=\"text-align: center;\" data-start=\"1267\" data-end=\"1581\">\u201cEspa\u00f1a siempre me ha mostrado cari\u00f1o y ahora quiero devolverlo con un show de verdad. Esta gira es un sue\u00f1o hecho realidad. Ser el primer puertorrique\u00f1o en presentarse en el Roig Arena me llena de orgullo y responsabilidad. Voy a dejar el alma en cada concierto\u201d, asegur\u00f3 el artista sobre este debut en el pa\u00eds.<\/p><\/blockquote>\t\t\t\t\t\t\t\t<\/div>\n\t\t\t\t<\/div>\n\t\t\t\t\t<\/div>\n\t\t<\/div>\n\t\t\t\t\t<\/div>\n\t\t<\/section>\n\t\t\t\t<section class=\"elementor-section elementor-top-section elementor-element elementor-element-bee4e40 elementor-section-boxed elementor-section-height-default elementor-section-height-default\" data-id=\"bee4e40\" data-element_type=\"section\" data-e-type=\"section\">\n\t\t\t\t\t\t<div class=\"elementor-container elementor-column-gap-default\">\n\t\t\t\t\t<div class=\"elementor-column elementor-col-100 elementor-top-column elementor-element elementor-element-11542ee\" data-id=\"11542ee\" data-element_type=\"column\" data-e-type=\"column\">\n\t\t\t<div class=\"elementor-widget-wrap elementor-element-populated\">\n\t\t\t\t\t\t<div class=\"elementor-element elementor-element-4f432b3 elementor-widget elementor-widget-text-editor\" data-id=\"4f432b3\" data-element_type=\"widget\" data-e-type=\"widget\" data-widget_type=\"text-editor.default\">\n\t\t\t\t<div class=\"elementor-widget-container\">\n\t\t\t\t\t\t\t\t\t<p data-start=\"1583\" data-end=\"1923\">El anuncio de su tour llega en un momento clave de su carrera: recientemente fue nominado en los <strong data-start=\"1680\" data-end=\"1705\">Premios Juventud 2025<\/strong> en la categor\u00eda <em data-start=\"1722\" data-end=\"1760\">Nueva Generaci\u00f3n \u2013 Artista Masculino<\/em>. Tambi\u00e9n particip\u00f3 en el programa <strong data-start=\"1795\" data-end=\"1820\">The Travis Mills Show<\/strong> de Apple Music 1 Radio, donde repas\u00f3 su trayectoria, su conexi\u00f3n con los fans y su futuro art\u00edstico.<\/p><p data-start=\"1925\" data-end=\"2145\">Desde su equipo en Espa\u00f1a, JPWFlow, junto a su management internacional GTS, subrayan que el proyecto de ROA crece \u201cporque hay canciones, hay trabajo y hay una conexi\u00f3n real con el p\u00fablico. Espa\u00f1a est\u00e1 lista para ROA\u201d.<\/p><p data-start=\"2147\" data-end=\"2364\">Con un sonido distintivo y una base de fans cada vez m\u00e1s amplia, ROA inicia en octubre su primera gira espa\u00f1ola, consolidando un camino que lo perfila como una de las grandes voces de la nueva m\u00fasica puertorrique\u00f1a.<\/p>\t\t\t\t\t\t\t\t<\/div>\n\t\t\t\t<\/div>\n\t\t\t\t\t<\/div>\n\t\t<\/div>\n\t\t\t\t\t<\/div>\n\t\t<\/section>\n\t\t\t\t<\/div>","protected":false},"excerpt":{"rendered":"<p>El artista puertorrique\u00f1o de trap urbano ROA debutar\u00e1 de gira por Espa\u00f1a con 15 conciertos en octubre imperdibles ROA, una de las voces emergentes m\u00e1s destacadas del trap urbano latino, anuncia su primera gira por Espa\u00f1a. El artista puertorrique\u00f1o recorrer\u00e1 el pa\u00eds con un ambicioso tour de 30 d\u00edas y 15 fechas confirmadas en ciudades [&hellip;]<\/p>\n","protected":false},"author":6,"featured_media":5590,"comment_status":"closed","ping_status":"closed","sticky":false,"template":"","format":"standard","meta":{"footnotes":""},"categories":[4],"tags":[],"class_list":["post-5588","post","type-post","status-publish","format-standard","has-post-thumbnail","hentry","category-musica"],"yoast_head":"<!-- This site is optimized with the Yoast SEO plugin v27.4 - https:\/\/yoast.com\/product\/yoast-seo-wordpress\/ -->\n<title>ROA aterriza en Espa\u00f1a con su primera gira<\/title>\n<meta name=\"description\" content=\"El artista puertorrique\u00f1o de trap urbano ROA debutar\u00e1 de gira por Espa\u00f1a con 15 conciertos en octubre imperdibles\" \/>\n<meta name=\"robots\" content=\"index, follow, max-snippet:-1, max-image-preview:large, max-video-preview:-1\" \/>\n<link rel=\"canonical\" href=\"https:\/\/unaymilletras.com\/en\/roa-aterriza-en-espana-con-su-primera-gira\/\" \/>\n<meta property=\"og:locale\" content=\"en_GB\" \/>\n<meta property=\"og:type\" content=\"article\" \/>\n<meta property=\"og:title\" content=\"ROA aterriza en Espa\u00f1a con su primera gira\" \/>\n<meta property=\"og:description\" content=\"El artista puertorrique\u00f1o de trap urbano ROA debutar\u00e1 de gira por Espa\u00f1a con 15 conciertos en octubre imperdibles\" \/>\n<meta property=\"og:url\" content=\"https:\/\/unaymilletras.com\/en\/roa-aterriza-en-espana-con-su-primera-gira\/\" \/>\n<meta property=\"og:site_name\" content=\"Una y Mil Letras\" \/>\n<meta property=\"article:published_time\" content=\"2025-09-11T10:00:00+00:00\" \/>\n<meta property=\"og:image\" content=\"https:\/\/unaymilletras.com\/wp-content\/uploads\/2025\/09\/1383096_feed-cuadrado-e1757365029348.jpg\" \/>\n\t<meta property=\"og:image:width\" content=\"600\" \/>\n\t<meta property=\"og:image:height\" content=\"600\" \/>\n\t<meta property=\"og:image:type\" content=\"image\/jpeg\" \/>\n<meta name=\"author\" content=\"Redacci\u00f3n\" \/>\n<meta name=\"twitter:card\" content=\"summary_large_image\" \/>\n<meta name=\"twitter:creator\" content=\"@UnaYMilLetras\" \/>\n<meta name=\"twitter:site\" content=\"@UnaYMilLetras\" \/>\n<meta name=\"twitter:label1\" content=\"Written by\" \/>\n\t<meta name=\"twitter:data1\" content=\"Redacci\u00f3n\" \/>\n\t<meta name=\"twitter:label2\" content=\"Estimated reading time\" \/>\n\t<meta name=\"twitter:data2\" content=\"2 minutes\" \/>\n<script type=\"application\/ld+json\" class=\"yoast-schema-graph\">{\"@context\":\"https:\\\/\\\/schema.org\",\"@graph\":[{\"@type\":\"Article\",\"@id\":\"https:\\\/\\\/unaymilletras.com\\\/roa-aterriza-en-espana-con-su-primera-gira\\\/#article\",\"isPartOf\":{\"@id\":\"https:\\\/\\\/unaymilletras.com\\\/roa-aterriza-en-espana-con-su-primera-gira\\\/\"},\"author\":{\"name\":\"Redacci\u00f3n\",\"@id\":\"http:\\\/\\\/unaymilletras.com\\\/#\\\/schema\\\/person\\\/0860dc8a218329991ee2c7591f4f849d\"},\"headline\":\"ROA aterriza en Espa\u00f1a con su primera gira\",\"datePublished\":\"2025-09-11T10:00:00+00:00\",\"mainEntityOfPage\":{\"@id\":\"https:\\\/\\\/unaymilletras.com\\\/roa-aterriza-en-espana-con-su-primera-gira\\\/\"},\"wordCount\":388,\"publisher\":{\"@id\":\"http:\\\/\\\/unaymilletras.com\\\/#organization\"},\"image\":{\"@id\":\"https:\\\/\\\/unaymilletras.com\\\/roa-aterriza-en-espana-con-su-primera-gira\\\/#primaryimage\"},\"thumbnailUrl\":\"https:\\\/\\\/unaymilletras.com\\\/wp-content\\\/uploads\\\/2025\\\/09\\\/1383096_feed-cuadrado-e1757365029348.jpg\",\"articleSection\":[\"M\u00fasica\"],\"inLanguage\":\"en-GB\"},{\"@type\":\"WebPage\",\"@id\":\"https:\\\/\\\/unaymilletras.com\\\/roa-aterriza-en-espana-con-su-primera-gira\\\/\",\"url\":\"https:\\\/\\\/unaymilletras.com\\\/roa-aterriza-en-espana-con-su-primera-gira\\\/\",\"name\":\"ROA aterriza en Espa\u00f1a con su primera gira\",\"isPartOf\":{\"@id\":\"http:\\\/\\\/unaymilletras.com\\\/#website\"},\"primaryImageOfPage\":{\"@id\":\"https:\\\/\\\/unaymilletras.com\\\/roa-aterriza-en-espana-con-su-primera-gira\\\/#primaryimage\"},\"image\":{\"@id\":\"https:\\\/\\\/unaymilletras.com\\\/roa-aterriza-en-espana-con-su-primera-gira\\\/#primaryimage\"},\"thumbnailUrl\":\"https:\\\/\\\/unaymilletras.com\\\/wp-content\\\/uploads\\\/2025\\\/09\\\/1383096_feed-cuadrado-e1757365029348.jpg\",\"datePublished\":\"2025-09-11T10:00:00+00:00\",\"description\":\"El artista puertorrique\u00f1o de trap urbano ROA debutar\u00e1 de gira por Espa\u00f1a con 15 conciertos en octubre imperdibles\",\"breadcrumb\":{\"@id\":\"https:\\\/\\\/unaymilletras.com\\\/roa-aterriza-en-espana-con-su-primera-gira\\\/#breadcrumb\"},\"inLanguage\":\"en-GB\",\"potentialAction\":[{\"@type\":\"ReadAction\",\"target\":[\"https:\\\/\\\/unaymilletras.com\\\/roa-aterriza-en-espana-con-su-primera-gira\\\/\"]}]},{\"@type\":\"ImageObject\",\"inLanguage\":\"en-GB\",\"@id\":\"https:\\\/\\\/unaymilletras.com\\\/roa-aterriza-en-espana-con-su-primera-gira\\\/#primaryimage\",\"url\":\"https:\\\/\\\/unaymilletras.com\\\/wp-content\\\/uploads\\\/2025\\\/09\\\/1383096_feed-cuadrado-e1757365029348.jpg\",\"contentUrl\":\"https:\\\/\\\/unaymilletras.com\\\/wp-content\\\/uploads\\\/2025\\\/09\\\/1383096_feed-cuadrado-e1757365029348.jpg\",\"width\":600,\"height\":600,\"caption\":\"ROA\"},{\"@type\":\"BreadcrumbList\",\"@id\":\"https:\\\/\\\/unaymilletras.com\\\/roa-aterriza-en-espana-con-su-primera-gira\\\/#breadcrumb\",\"itemListElement\":[{\"@type\":\"ListItem\",\"position\":1,\"name\":\"Home\",\"item\":\"http:\\\/\\\/unaymilletras.com\\\/\"},{\"@type\":\"ListItem\",\"position\":2,\"name\":\"ROA aterriza en Espa\u00f1a con su primera gira\"}]},{\"@type\":\"WebSite\",\"@id\":\"http:\\\/\\\/unaymilletras.com\\\/#website\",\"url\":\"http:\\\/\\\/unaymilletras.com\\\/\",\"name\":\"Una y Mil Letras\",\"description\":\"\",\"publisher\":{\"@id\":\"http:\\\/\\\/unaymilletras.com\\\/#organization\"},\"potentialAction\":[{\"@type\":\"SearchAction\",\"target\":{\"@type\":\"EntryPoint\",\"urlTemplate\":\"http:\\\/\\\/unaymilletras.com\\\/?s={search_term_string}\"},\"query-input\":{\"@type\":\"PropertyValueSpecification\",\"valueRequired\":true,\"valueName\":\"search_term_string\"}}],\"inLanguage\":\"en-GB\"},{\"@type\":\"Organization\",\"@id\":\"http:\\\/\\\/unaymilletras.com\\\/#organization\",\"name\":\"Una y Mil Letras\",\"url\":\"http:\\\/\\\/unaymilletras.com\\\/\",\"logo\":{\"@type\":\"ImageObject\",\"inLanguage\":\"en-GB\",\"@id\":\"http:\\\/\\\/unaymilletras.com\\\/#\\\/schema\\\/logo\\\/image\\\/\",\"url\":\"https:\\\/\\\/unaymilletras.com\\\/wp-content\\\/uploads\\\/2024\\\/06\\\/cropped-Logo-removebg-preview.png\",\"contentUrl\":\"https:\\\/\\\/unaymilletras.com\\\/wp-content\\\/uploads\\\/2024\\\/06\\\/cropped-Logo-removebg-preview.png\",\"width\":512,\"height\":512,\"caption\":\"Una y Mil Letras\"},\"image\":{\"@id\":\"http:\\\/\\\/unaymilletras.com\\\/#\\\/schema\\\/logo\\\/image\\\/\"},\"sameAs\":[\"https:\\\/\\\/x.com\\\/UnaYMilLetras\",\"https:\\\/\\\/instagram.com\\\/UnaYMilLetras\"]},{\"@type\":\"Person\",\"@id\":\"http:\\\/\\\/unaymilletras.com\\\/#\\\/schema\\\/person\\\/0860dc8a218329991ee2c7591f4f849d\",\"name\":\"Redacci\u00f3n\",\"image\":{\"@type\":\"ImageObject\",\"inLanguage\":\"en-GB\",\"@id\":\"https:\\\/\\\/secure.gravatar.com\\\/avatar\\\/d8f55e05a8b6597e45c55a1dcbdbfe44f4a360d88b48e00de5216a79b7732796?s=96&d=mm&r=g\",\"url\":\"https:\\\/\\\/secure.gravatar.com\\\/avatar\\\/d8f55e05a8b6597e45c55a1dcbdbfe44f4a360d88b48e00de5216a79b7732796?s=96&d=mm&r=g\",\"contentUrl\":\"https:\\\/\\\/secure.gravatar.com\\\/avatar\\\/d8f55e05a8b6597e45c55a1dcbdbfe44f4a360d88b48e00de5216a79b7732796?s=96&d=mm&r=g\",\"caption\":\"Redacci\u00f3n\"},\"url\":\"https:\\\/\\\/unaymilletras.com\\\/en\\\/author\\\/redaccion\\\/\"}]}<\/script>\n<!-- \/ Yoast SEO plugin. -->","yoast_head_json":{"title":"ROA aterriza en Espa\u00f1a con su primera gira","description":"El artista puertorrique\u00f1o de trap urbano ROA debutar\u00e1 de gira por Espa\u00f1a con 15 conciertos en octubre imperdibles","robots":{"index":"index","follow":"follow","max-snippet":"max-snippet:-1","max-image-preview":"max-image-preview:large","max-video-preview":"max-video-preview:-1"},"canonical":"https:\/\/unaymilletras.com\/en\/roa-aterriza-en-espana-con-su-primera-gira\/","og_locale":"en_GB","og_type":"article","og_title":"ROA aterriza en Espa\u00f1a con su primera gira","og_description":"El artista puertorrique\u00f1o de trap urbano ROA debutar\u00e1 de gira por Espa\u00f1a con 15 conciertos en octubre imperdibles","og_url":"https:\/\/unaymilletras.com\/en\/roa-aterriza-en-espana-con-su-primera-gira\/","og_site_name":"Una y Mil Letras","article_published_time":"2025-09-11T10:00:00+00:00","og_image":[{"width":600,"height":600,"url":"https:\/\/unaymilletras.com\/wp-content\/uploads\/2025\/09\/1383096_feed-cuadrado-e1757365029348.jpg","type":"image\/jpeg"}],"author":"Redacci\u00f3n","twitter_card":"summary_large_image","twitter_creator":"@UnaYMilLetras","twitter_site":"@UnaYMilLetras","twitter_misc":{"Written by":"Redacci\u00f3n","Estimated reading time":"2 minutes"},"schema":{"@context":"https:\/\/schema.org","@graph":[{"@type":"Article","@id":"https:\/\/unaymilletras.com\/roa-aterriza-en-espana-con-su-primera-gira\/#article","isPartOf":{"@id":"https:\/\/unaymilletras.com\/roa-aterriza-en-espana-con-su-primera-gira\/"},"author":{"name":"Redacci\u00f3n","@id":"http:\/\/unaymilletras.com\/#\/schema\/person\/0860dc8a218329991ee2c7591f4f849d"},"headline":"ROA aterriza en Espa\u00f1a con su primera gira","datePublished":"2025-09-11T10:00:00+00:00","mainEntityOfPage":{"@id":"https:\/\/unaymilletras.com\/roa-aterriza-en-espana-con-su-primera-gira\/"},"wordCount":388,"publisher":{"@id":"http:\/\/unaymilletras.com\/#organization"},"image":{"@id":"https:\/\/unaymilletras.com\/roa-aterriza-en-espana-con-su-primera-gira\/#primaryimage"},"thumbnailUrl":"https:\/\/unaymilletras.com\/wp-content\/uploads\/2025\/09\/1383096_feed-cuadrado-e1757365029348.jpg","articleSection":["M\u00fasica"],"inLanguage":"en-GB"},{"@type":"WebPage","@id":"https:\/\/unaymilletras.com\/roa-aterriza-en-espana-con-su-primera-gira\/","url":"https:\/\/unaymilletras.com\/roa-aterriza-en-espana-con-su-primera-gira\/","name":"ROA aterriza en Espa\u00f1a con su primera gira","isPartOf":{"@id":"http:\/\/unaymilletras.com\/#website"},"primaryImageOfPage":{"@id":"https:\/\/unaymilletras.com\/roa-aterriza-en-espana-con-su-primera-gira\/#primaryimage"},"image":{"@id":"https:\/\/unaymilletras.com\/roa-aterriza-en-espana-con-su-primera-gira\/#primaryimage"},"thumbnailUrl":"https:\/\/unaymilletras.com\/wp-content\/uploads\/2025\/09\/1383096_feed-cuadrado-e1757365029348.jpg","datePublished":"2025-09-11T10:00:00+00:00","description":"El artista puertorrique\u00f1o de trap urbano ROA debutar\u00e1 de gira por Espa\u00f1a con 15 conciertos en octubre imperdibles","breadcrumb":{"@id":"https:\/\/unaymilletras.com\/roa-aterriza-en-espana-con-su-primera-gira\/#breadcrumb"},"inLanguage":"en-GB","potentialAction":[{"@type":"ReadAction","target":["https:\/\/unaymilletras.com\/roa-aterriza-en-espana-con-su-primera-gira\/"]}]},{"@type":"ImageObject","inLanguage":"en-GB","@id":"https:\/\/unaymilletras.com\/roa-aterriza-en-espana-con-su-primera-gira\/#primaryimage","url":"https:\/\/unaymilletras.com\/wp-content\/uploads\/2025\/09\/1383096_feed-cuadrado-e1757365029348.jpg","contentUrl":"https:\/\/unaymilletras.com\/wp-content\/uploads\/2025\/09\/1383096_feed-cuadrado-e1757365029348.jpg","width":600,"height":600,"caption":"ROA"},{"@type":"BreadcrumbList","@id":"https:\/\/unaymilletras.com\/roa-aterriza-en-espana-con-su-primera-gira\/#breadcrumb","itemListElement":[{"@type":"ListItem","position":1,"name":"Home","item":"http:\/\/unaymilletras.com\/"},{"@type":"ListItem","position":2,"name":"ROA aterriza en Espa\u00f1a con su primera gira"}]},{"@type":"WebSite","@id":"http:\/\/unaymilletras.com\/#website","url":"http:\/\/unaymilletras.com\/","name":"Una y Mil Letras","description":"","publisher":{"@id":"http:\/\/unaymilletras.com\/#organization"},"potentialAction":[{"@type":"SearchAction","target":{"@type":"EntryPoint","urlTemplate":"http:\/\/unaymilletras.com\/?s={search_term_string}"},"query-input":{"@type":"PropertyValueSpecification","valueRequired":true,"valueName":"search_term_string"}}],"inLanguage":"en-GB"},{"@type":"Organization","@id":"http:\/\/unaymilletras.com\/#organization","name":"Una y Mil Letras","url":"http:\/\/unaymilletras.com\/","logo":{"@type":"ImageObject","inLanguage":"en-GB","@id":"http:\/\/unaymilletras.com\/#\/schema\/logo\/image\/","url":"https:\/\/unaymilletras.com\/wp-content\/uploads\/2024\/06\/cropped-Logo-removebg-preview.png","contentUrl":"https:\/\/unaymilletras.com\/wp-content\/uploads\/2024\/06\/cropped-Logo-removebg-preview.png","width":512,"height":512,"caption":"Una y Mil Letras"},"image":{"@id":"http:\/\/unaymilletras.com\/#\/schema\/logo\/image\/"},"sameAs":["https:\/\/x.com\/UnaYMilLetras","https:\/\/instagram.com\/UnaYMilLetras"]},{"@type":"Person","@id":"http:\/\/unaymilletras.com\/#\/schema\/person\/0860dc8a218329991ee2c7591f4f849d","name":"Redacci\u00f3n","image":{"@type":"ImageObject","inLanguage":"en-GB","@id":"https:\/\/secure.gravatar.com\/avatar\/d8f55e05a8b6597e45c55a1dcbdbfe44f4a360d88b48e00de5216a79b7732796?s=96&d=mm&r=g","url":"https:\/\/secure.gravatar.com\/avatar\/d8f55e05a8b6597e45c55a1dcbdbfe44f4a360d88b48e00de5216a79b7732796?s=96&d=mm&r=g","contentUrl":"https:\/\/secure.gravatar.com\/avatar\/d8f55e05a8b6597e45c55a1dcbdbfe44f4a360d88b48e00de5216a79b7732796?s=96&d=mm&r=g","caption":"Redacci\u00f3n"},"url":"https:\/\/unaymilletras.com\/en\/author\/redaccion\/"}]}},"_links":{"self":[{"href":"https:\/\/unaymilletras.com\/en\/wp-json\/wp\/v2\/posts\/5588","targetHints":{"allow":["GET"]}}],"collection":[{"href":"https:\/\/unaymilletras.com\/en\/wp-json\/wp\/v2\/posts"}],"about":[{"href":"https:\/\/unaymilletras.com\/en\/wp-json\/wp\/v2\/types\/post"}],"author":[{"embeddable":true,"href":"https:\/\/unaymilletras.com\/en\/wp-json\/wp\/v2\/users\/6"}],"replies":[{"embeddable":true,"href":"https:\/\/unaymilletras.com\/en\/wp-json\/wp\/v2\/comments?post=5588"}],"version-history":[{"count":4,"href":"https:\/\/unaymilletras.com\/en\/wp-json\/wp\/v2\/posts\/5588\/revisions"}],"predecessor-version":[{"id":5593,"href":"https:\/\/unaymilletras.com\/en\/wp-json\/wp\/v2\/posts\/5588\/revisions\/5593"}],"wp:featuredmedia":[{"embeddable":true,"href":"https:\/\/unaymilletras.com\/en\/wp-json\/wp\/v2\/media\/5590"}],"wp:attachment":[{"href":"https:\/\/unaymilletras.com\/en\/wp-json\/wp\/v2\/media?parent=5588"}],"wp:term":[{"taxonomy":"category","embeddable":true,"href":"https:\/\/unaymilletras.com\/en\/wp-json\/wp\/v2\/categories?post=5588"},{"taxonomy":"post_tag","embeddable":true,"href":"https:\/\/unaymilletras.com\/en\/wp-json\/wp\/v2\/tags?post=5588"}],"curies":[{"name":"wp","href":"https:\/\/api.w.org\/{rel}","templated":true}]}}