{"id":5594,"date":"2025-09-11T18:00:00","date_gmt":"2025-09-11T16:00:00","guid":{"rendered":"https:\/\/unaymilletras.com\/?p=5594"},"modified":"2025-09-10T14:16:06","modified_gmt":"2025-09-10T12:16:06","slug":"leiva-hasta-que-me-quede-sin-voz-el-documental-que-retrata-su-vida-sin-filtros","status":"publish","type":"post","link":"https:\/\/unaymilletras.com\/en\/leiva-hasta-que-me-quede-sin-voz-el-documental-que-retrata-su-vida-sin-filtros\/","title":{"rendered":"Leiva: \u2018Hasta que me quede sin voz\u2019, el documental que retrata su vida sin filtros"},"content":{"rendered":"<div data-elementor-type=\"wp-post\" data-elementor-id=\"5594\" class=\"elementor elementor-5594\">\n\t\t\t\t\t\t<section class=\"elementor-section elementor-top-section elementor-element elementor-element-b64b073 elementor-section-boxed elementor-section-height-default elementor-section-height-default\" data-id=\"b64b073\" data-element_type=\"section\" data-e-type=\"section\">\n\t\t\t\t\t\t<div class=\"elementor-container elementor-column-gap-default\">\n\t\t\t\t\t<div class=\"elementor-column elementor-col-100 elementor-top-column elementor-element elementor-element-ccb3c41\" data-id=\"ccb3c41\" data-element_type=\"column\" data-e-type=\"column\">\n\t\t\t<div class=\"elementor-widget-wrap elementor-element-populated\">\n\t\t\t\t\t\t<div class=\"elementor-element elementor-element-5e012cc elementor-widget elementor-widget-text-editor\" data-id=\"5e012cc\" data-element_type=\"widget\" data-e-type=\"widget\" data-widget_type=\"text-editor.default\">\n\t\t\t\t<div class=\"elementor-widget-container\">\n\t\t\t\t\t\t\t\t\t<h2 style=\"text-align: center;\"><span style=\"color: #808080;\"><em>El filme original de Movistar Plus+ sobre Leiva se estrenar\u00e1 en el Festival de San Sebasti\u00e1n el 25 de septiembre<\/em><\/span><\/h2>\t\t\t\t\t\t\t\t<\/div>\n\t\t\t\t<\/div>\n\t\t\t\t\t<\/div>\n\t\t<\/div>\n\t\t\t\t\t<\/div>\n\t\t<\/section>\n\t\t\t\t<section class=\"elementor-section elementor-top-section elementor-element elementor-element-60b4f5b elementor-section-boxed elementor-section-height-default elementor-section-height-default\" data-id=\"60b4f5b\" data-element_type=\"section\" data-e-type=\"section\">\n\t\t\t\t\t\t<div class=\"elementor-container elementor-column-gap-default\">\n\t\t\t\t\t<div class=\"elementor-column elementor-col-100 elementor-top-column elementor-element elementor-element-f032e7e\" data-id=\"f032e7e\" data-element_type=\"column\" data-e-type=\"column\">\n\t\t\t<div class=\"elementor-widget-wrap elementor-element-populated\">\n\t\t\t\t\t\t<div class=\"elementor-element elementor-element-0376b4f elementor-widget elementor-widget-text-editor\" data-id=\"0376b4f\" data-element_type=\"widget\" data-e-type=\"widget\" data-widget_type=\"text-editor.default\">\n\t\t\t\t<div class=\"elementor-widget-container\">\n\t\t\t\t\t\t\t\t\t<p data-start=\"349\" data-end=\"652\">Movistar Plus+ ha presentado el tr\u00e1iler oficial de <em data-start=\"400\" data-end=\"428\">Hasta que me quede sin voz<\/em>, la pel\u00edcula documental que muestra el retrato m\u00e1s \u00edntimo de Leiva. En el avance ya puede escucharse un fragmento de la canci\u00f3n original que el propio artista ha compuesto para el proyecto y que se estrenar\u00e1 pr\u00f3ximamente.<\/p>\t\t\t\t\t\t\t\t<\/div>\n\t\t\t\t<\/div>\n\t\t\t\t\t<\/div>\n\t\t<\/div>\n\t\t\t\t\t<\/div>\n\t\t<\/section>\n\t\t\t\t<section class=\"elementor-section elementor-top-section elementor-element elementor-element-89b81de elementor-section-boxed elementor-section-height-default elementor-section-height-default\" data-id=\"89b81de\" data-element_type=\"section\" data-e-type=\"section\">\n\t\t\t\t\t\t<div class=\"elementor-container elementor-column-gap-default\">\n\t\t\t\t\t<div class=\"elementor-column elementor-col-33 elementor-top-column elementor-element elementor-element-6fbc32b\" data-id=\"6fbc32b\" data-element_type=\"column\" data-e-type=\"column\">\n\t\t\t<div class=\"elementor-widget-wrap elementor-element-populated\">\n\t\t\t\t\t\t<div class=\"elementor-element elementor-element-ff51b41 elementor-widget elementor-widget-image\" data-id=\"ff51b41\" data-element_type=\"widget\" data-e-type=\"widget\" data-widget_type=\"image.default\">\n\t\t\t\t<div class=\"elementor-widget-container\">\n\t\t\t\t\t\t\t\t\t\t\t\t\t\t\t<img fetchpriority=\"high\" decoding=\"async\" width=\"640\" height=\"800\" src=\"https:\/\/unaymilletras.com\/wp-content\/uploads\/2025\/09\/AF-CARTEL-VERTICAL-LEIVA-CASTELLANO-Con-fecha_17Oct_45-1-819x1024.jpg\" class=\"attachment-large size-large wp-image-5596\" alt=\"Leiva\" srcset=\"https:\/\/unaymilletras.com\/wp-content\/uploads\/2025\/09\/AF-CARTEL-VERTICAL-LEIVA-CASTELLANO-Con-fecha_17Oct_45-1-819x1024.jpg 819w, https:\/\/unaymilletras.com\/wp-content\/uploads\/2025\/09\/AF-CARTEL-VERTICAL-LEIVA-CASTELLANO-Con-fecha_17Oct_45-1-240x300.jpg 240w, https:\/\/unaymilletras.com\/wp-content\/uploads\/2025\/09\/AF-CARTEL-VERTICAL-LEIVA-CASTELLANO-Con-fecha_17Oct_45-1-768x960.jpg 768w, https:\/\/unaymilletras.com\/wp-content\/uploads\/2025\/09\/AF-CARTEL-VERTICAL-LEIVA-CASTELLANO-Con-fecha_17Oct_45-1-10x12.jpg 10w, https:\/\/unaymilletras.com\/wp-content\/uploads\/2025\/09\/AF-CARTEL-VERTICAL-LEIVA-CASTELLANO-Con-fecha_17Oct_45-1-1024x1280.jpg 1024w, https:\/\/unaymilletras.com\/wp-content\/uploads\/2025\/09\/AF-CARTEL-VERTICAL-LEIVA-CASTELLANO-Con-fecha_17Oct_45-1-e1757365469567.jpg 600w\" sizes=\"(max-width: 640px) 100vw, 640px\" \/>\t\t\t\t\t\t\t\t\t\t\t\t\t\t\t<\/div>\n\t\t\t\t<\/div>\n\t\t\t\t\t<\/div>\n\t\t<\/div>\n\t\t\t\t<div class=\"elementor-column elementor-col-66 elementor-top-column elementor-element elementor-element-ca0cb6e\" data-id=\"ca0cb6e\" data-element_type=\"column\" data-e-type=\"column\">\n\t\t\t<div class=\"elementor-widget-wrap elementor-element-populated\">\n\t\t\t\t\t\t<div class=\"elementor-element elementor-element-8227223 elementor-widget elementor-widget-text-editor\" data-id=\"8227223\" data-element_type=\"widget\" data-e-type=\"widget\" data-widget_type=\"text-editor.default\">\n\t\t\t\t<div class=\"elementor-widget-container\">\n\t\t\t\t\t\t\t\t\t<p data-start=\"654\" data-end=\"979\">El largometraje, producido por Blur y distribuido por Sideral, se estrenar\u00e1 en el Vel\u00f3dromo de Anoeta dentro del Festival de San Sebasti\u00e1n el pr\u00f3ximo 25 de septiembre. Tras su paso por el certamen, llegar\u00e1 en exclusiva a las salas de cine espa\u00f1olas el 17 de octubre, para despu\u00e9s estrenarse en la plataforma Movistar Plus+.<\/p><p data-start=\"981\" data-end=\"1426\">Rodada desde septiembre de 2023 en localizaciones como Nueva York, la pel\u00edcula ofrece un acceso ins\u00f3lito a la vida del m\u00fasico y aborda la batalla emocional que libra para sobrellevar su problema de voz. Narrada en primera persona, Leiva abre las puertas de su intimidad para mostrar su infancia, los inicios en su barrio, su trayectoria con Pereza y el reencuentro con Rub\u00e9n Pozo, as\u00ed como la estrecha relaci\u00f3n que mantiene con Joaqu\u00edn Sabina.<\/p><p data-start=\"1428\" data-end=\"1662\">\u00a0<\/p>\t\t\t\t\t\t\t\t<\/div>\n\t\t\t\t<\/div>\n\t\t\t\t\t<\/div>\n\t\t<\/div>\n\t\t\t\t\t<\/div>\n\t\t<\/section>\n\t\t\t\t<section class=\"elementor-section elementor-top-section elementor-element elementor-element-bfdcbb2 elementor-section-boxed elementor-section-height-default elementor-section-height-default\" data-id=\"bfdcbb2\" data-element_type=\"section\" data-e-type=\"section\">\n\t\t\t\t\t\t<div class=\"elementor-container elementor-column-gap-default\">\n\t\t\t\t\t<div class=\"elementor-column elementor-col-100 elementor-top-column elementor-element elementor-element-9d82005\" data-id=\"9d82005\" data-element_type=\"column\" data-e-type=\"column\">\n\t\t\t<div class=\"elementor-widget-wrap elementor-element-populated\">\n\t\t\t\t\t\t<div class=\"elementor-element elementor-element-5ba173a elementor-widget elementor-widget-text-editor\" data-id=\"5ba173a\" data-element_type=\"widget\" data-e-type=\"widget\" data-widget_type=\"text-editor.default\">\n\t\t\t\t<div class=\"elementor-widget-container\">\n\t\t\t\t\t\t\t\t\t<p data-start=\"1428\" data-end=\"1662\">El documental tambi\u00e9n refleja el pulso creativo del artista durante su gira mundial de 2023, el proceso de grabaci\u00f3n de su pr\u00f3ximo disco <em data-start=\"1565\" data-end=\"1574\">Gigante<\/em> entre 2024 y 2025, y la composici\u00f3n de la canci\u00f3n in\u00e9dita que acompa\u00f1a a la pel\u00edcula.<\/p><p data-start=\"1664\" data-end=\"2077\">\u00a0<\/p>\t\t\t\t\t\t\t\t<\/div>\n\t\t\t\t<\/div>\n\t\t\t\t\t<\/div>\n\t\t<\/div>\n\t\t\t\t\t<\/div>\n\t\t<\/section>\n\t\t\t\t<section class=\"elementor-section elementor-top-section elementor-element elementor-element-2312e42 elementor-section-boxed elementor-section-height-default elementor-section-height-default\" data-id=\"2312e42\" data-element_type=\"section\" data-e-type=\"section\">\n\t\t\t\t\t\t<div class=\"elementor-container elementor-column-gap-default\">\n\t\t\t\t\t<div class=\"elementor-column elementor-col-100 elementor-top-column elementor-element elementor-element-702acad\" data-id=\"702acad\" data-element_type=\"column\" data-e-type=\"column\">\n\t\t\t<div class=\"elementor-widget-wrap elementor-element-populated\">\n\t\t\t\t\t\t<div class=\"elementor-element elementor-element-f271ac9 elementor-widget elementor-widget-video\" data-id=\"f271ac9\" data-element_type=\"widget\" data-e-type=\"widget\" data-settings=\"{&quot;youtube_url&quot;:&quot;https:\\\/\\\/www.youtube.com\\\/watch?v=y2dbwt-SFzQ&amp;ab_channel=SIDERAL&quot;,&quot;video_type&quot;:&quot;youtube&quot;,&quot;controls&quot;:&quot;yes&quot;}\" data-widget_type=\"video.default\">\n\t\t\t\t<div class=\"elementor-widget-container\">\n\t\t\t\t\t\t\t<div class=\"elementor-wrapper elementor-open-inline\">\n\t\t\t<div class=\"elementor-video\"><\/div>\t\t<\/div>\n\t\t\t\t\t\t<\/div>\n\t\t\t\t<\/div>\n\t\t\t\t\t<\/div>\n\t\t<\/div>\n\t\t\t\t\t<\/div>\n\t\t<\/section>\n\t\t\t\t<section class=\"elementor-section elementor-top-section elementor-element elementor-element-38557a8 elementor-section-boxed elementor-section-height-default elementor-section-height-default\" data-id=\"38557a8\" data-element_type=\"section\" data-e-type=\"section\">\n\t\t\t\t\t\t<div class=\"elementor-container elementor-column-gap-default\">\n\t\t\t\t\t<div class=\"elementor-column elementor-col-100 elementor-top-column elementor-element elementor-element-b1e2091\" data-id=\"b1e2091\" data-element_type=\"column\" data-e-type=\"column\">\n\t\t\t<div class=\"elementor-widget-wrap elementor-element-populated\">\n\t\t\t\t\t\t<div class=\"elementor-element elementor-element-1d8ba26 elementor-widget elementor-widget-text-editor\" data-id=\"1d8ba26\" data-element_type=\"widget\" data-e-type=\"widget\" data-widget_type=\"text-editor.default\">\n\t\t\t\t<div class=\"elementor-widget-container\">\n\t\t\t\t\t\t\t\t\t<p data-start=\"1664\" data-end=\"2077\">Con m\u00e1s de 25 a\u00f1os de carrera, Leiva es una de las figuras esenciales de la m\u00fasica espa\u00f1ola. Multiinstrumentista, compositor y productor, ha publicado 12 discos de estudio y firmado m\u00e1s de 250 canciones, entre ellas algunas para cine. Su trayectoria est\u00e1 avalada por 3 Doble Discos de Platino, 6 Discos de Platino, 2 Discos de Oro, adem\u00e1s de 2 Premios Goya a Mejor Canci\u00f3n Original, entre otros reconocimientos.<\/p><p data-start=\"2079\" data-end=\"2262\"><em data-start=\"2079\" data-end=\"2107\">Hasta que me quede sin voz<\/em> se presenta como un retrato vital, crudo y sin artificios de un m\u00fasico que, pese a los desaf\u00edos, no concibe otra opci\u00f3n que seguir sobre los escenarios.<\/p>\t\t\t\t\t\t\t\t<\/div>\n\t\t\t\t<\/div>\n\t\t\t\t\t<\/div>\n\t\t<\/div>\n\t\t\t\t\t<\/div>\n\t\t<\/section>\n\t\t\t\t<\/div>","protected":false},"excerpt":{"rendered":"<p>El filme original de Movistar Plus+ sobre Leiva se estrenar\u00e1 en el Festival de San Sebasti\u00e1n el 25 de septiembre Movistar Plus+ ha presentado el tr\u00e1iler oficial de Hasta que me quede sin voz, la pel\u00edcula documental que muestra el retrato m\u00e1s \u00edntimo de Leiva. En el avance ya puede escucharse un fragmento de la [&hellip;]<\/p>\n","protected":false},"author":6,"featured_media":5596,"comment_status":"closed","ping_status":"closed","sticky":false,"template":"","format":"standard","meta":{"footnotes":""},"categories":[4,117],"tags":[],"class_list":["post-5594","post","type-post","status-publish","format-standard","has-post-thumbnail","hentry","category-musica","category-peliculas-y-series"],"yoast_head":"<!-- This site is optimized with the Yoast SEO plugin v27.4 - https:\/\/yoast.com\/product\/yoast-seo-wordpress\/ -->\n<title>Leiva: \u2018Hasta que me quede sin voz\u2019, el documental que retrata su vida sin filtros<\/title>\n<meta name=\"description\" content=\"El filme original de Movistar Plus+ sobre Leiva se estrenar\u00e1 en el Festival de San Sebasti\u00e1n el 25 de septiembre\" \/>\n<meta name=\"robots\" content=\"index, follow, max-snippet:-1, max-image-preview:large, max-video-preview:-1\" \/>\n<link rel=\"canonical\" href=\"https:\/\/unaymilletras.com\/en\/leiva-hasta-que-me-quede-sin-voz-el-documental-que-retrata-su-vida-sin-filtros\/\" \/>\n<meta property=\"og:locale\" content=\"en_GB\" \/>\n<meta property=\"og:type\" content=\"article\" \/>\n<meta property=\"og:title\" content=\"Leiva: \u2018Hasta que me quede sin voz\u2019, el documental que retrata su vida sin filtros\" \/>\n<meta property=\"og:description\" content=\"El filme original de Movistar Plus+ sobre Leiva se estrenar\u00e1 en el Festival de San Sebasti\u00e1n el 25 de septiembre\" \/>\n<meta property=\"og:url\" content=\"https:\/\/unaymilletras.com\/en\/leiva-hasta-que-me-quede-sin-voz-el-documental-que-retrata-su-vida-sin-filtros\/\" \/>\n<meta property=\"og:site_name\" content=\"Una y Mil Letras\" \/>\n<meta property=\"article:published_time\" content=\"2025-09-11T16:00:00+00:00\" \/>\n<meta property=\"og:image\" content=\"https:\/\/unaymilletras.com\/wp-content\/uploads\/2025\/09\/AF-CARTEL-VERTICAL-LEIVA-CASTELLANO-Con-fecha_17Oct_45-1-e1757365469567.jpg\" \/>\n\t<meta property=\"og:image:width\" content=\"600\" \/>\n\t<meta property=\"og:image:height\" content=\"750\" \/>\n\t<meta property=\"og:image:type\" content=\"image\/jpeg\" \/>\n<meta name=\"author\" content=\"Redacci\u00f3n\" \/>\n<meta name=\"twitter:card\" content=\"summary_large_image\" \/>\n<meta name=\"twitter:creator\" content=\"@UnaYMilLetras\" \/>\n<meta name=\"twitter:site\" content=\"@UnaYMilLetras\" \/>\n<meta name=\"twitter:label1\" content=\"Written by\" \/>\n\t<meta name=\"twitter:data1\" content=\"Redacci\u00f3n\" \/>\n\t<meta name=\"twitter:label2\" content=\"Estimated reading time\" \/>\n\t<meta name=\"twitter:data2\" content=\"2 minutes\" \/>\n<script type=\"application\/ld+json\" class=\"yoast-schema-graph\">{\"@context\":\"https:\\\/\\\/schema.org\",\"@graph\":[{\"@type\":\"Article\",\"@id\":\"https:\\\/\\\/unaymilletras.com\\\/leiva-hasta-que-me-quede-sin-voz-el-documental-que-retrata-su-vida-sin-filtros\\\/#article\",\"isPartOf\":{\"@id\":\"https:\\\/\\\/unaymilletras.com\\\/leiva-hasta-que-me-quede-sin-voz-el-documental-que-retrata-su-vida-sin-filtros\\\/\"},\"author\":{\"name\":\"Redacci\u00f3n\",\"@id\":\"http:\\\/\\\/unaymilletras.com\\\/#\\\/schema\\\/person\\\/0860dc8a218329991ee2c7591f4f849d\"},\"headline\":\"Leiva: \u2018Hasta que me quede sin voz\u2019, el documental que retrata su vida sin filtros\",\"datePublished\":\"2025-09-11T16:00:00+00:00\",\"mainEntityOfPage\":{\"@id\":\"https:\\\/\\\/unaymilletras.com\\\/leiva-hasta-que-me-quede-sin-voz-el-documental-que-retrata-su-vida-sin-filtros\\\/\"},\"wordCount\":387,\"publisher\":{\"@id\":\"http:\\\/\\\/unaymilletras.com\\\/#organization\"},\"image\":{\"@id\":\"https:\\\/\\\/unaymilletras.com\\\/leiva-hasta-que-me-quede-sin-voz-el-documental-que-retrata-su-vida-sin-filtros\\\/#primaryimage\"},\"thumbnailUrl\":\"https:\\\/\\\/unaymilletras.com\\\/wp-content\\\/uploads\\\/2025\\\/09\\\/AF-CARTEL-VERTICAL-LEIVA-CASTELLANO-Con-fecha_17Oct_45-1-e1757365469567.jpg\",\"articleSection\":[\"M\u00fasica\",\"Pel\u00edculas y Series\"],\"inLanguage\":\"en-GB\"},{\"@type\":\"WebPage\",\"@id\":\"https:\\\/\\\/unaymilletras.com\\\/leiva-hasta-que-me-quede-sin-voz-el-documental-que-retrata-su-vida-sin-filtros\\\/\",\"url\":\"https:\\\/\\\/unaymilletras.com\\\/leiva-hasta-que-me-quede-sin-voz-el-documental-que-retrata-su-vida-sin-filtros\\\/\",\"name\":\"Leiva: \u2018Hasta que me quede sin voz\u2019, el documental que retrata su vida sin filtros\",\"isPartOf\":{\"@id\":\"http:\\\/\\\/unaymilletras.com\\\/#website\"},\"primaryImageOfPage\":{\"@id\":\"https:\\\/\\\/unaymilletras.com\\\/leiva-hasta-que-me-quede-sin-voz-el-documental-que-retrata-su-vida-sin-filtros\\\/#primaryimage\"},\"image\":{\"@id\":\"https:\\\/\\\/unaymilletras.com\\\/leiva-hasta-que-me-quede-sin-voz-el-documental-que-retrata-su-vida-sin-filtros\\\/#primaryimage\"},\"thumbnailUrl\":\"https:\\\/\\\/unaymilletras.com\\\/wp-content\\\/uploads\\\/2025\\\/09\\\/AF-CARTEL-VERTICAL-LEIVA-CASTELLANO-Con-fecha_17Oct_45-1-e1757365469567.jpg\",\"datePublished\":\"2025-09-11T16:00:00+00:00\",\"description\":\"El filme original de Movistar Plus+ sobre Leiva se estrenar\u00e1 en el Festival de San Sebasti\u00e1n el 25 de septiembre\",\"breadcrumb\":{\"@id\":\"https:\\\/\\\/unaymilletras.com\\\/leiva-hasta-que-me-quede-sin-voz-el-documental-que-retrata-su-vida-sin-filtros\\\/#breadcrumb\"},\"inLanguage\":\"en-GB\",\"potentialAction\":[{\"@type\":\"ReadAction\",\"target\":[\"https:\\\/\\\/unaymilletras.com\\\/leiva-hasta-que-me-quede-sin-voz-el-documental-que-retrata-su-vida-sin-filtros\\\/\"]}]},{\"@type\":\"ImageObject\",\"inLanguage\":\"en-GB\",\"@id\":\"https:\\\/\\\/unaymilletras.com\\\/leiva-hasta-que-me-quede-sin-voz-el-documental-que-retrata-su-vida-sin-filtros\\\/#primaryimage\",\"url\":\"https:\\\/\\\/unaymilletras.com\\\/wp-content\\\/uploads\\\/2025\\\/09\\\/AF-CARTEL-VERTICAL-LEIVA-CASTELLANO-Con-fecha_17Oct_45-1-e1757365469567.jpg\",\"contentUrl\":\"https:\\\/\\\/unaymilletras.com\\\/wp-content\\\/uploads\\\/2025\\\/09\\\/AF-CARTEL-VERTICAL-LEIVA-CASTELLANO-Con-fecha_17Oct_45-1-e1757365469567.jpg\",\"width\":600,\"height\":750,\"caption\":\"Leiva\"},{\"@type\":\"BreadcrumbList\",\"@id\":\"https:\\\/\\\/unaymilletras.com\\\/leiva-hasta-que-me-quede-sin-voz-el-documental-que-retrata-su-vida-sin-filtros\\\/#breadcrumb\",\"itemListElement\":[{\"@type\":\"ListItem\",\"position\":1,\"name\":\"Home\",\"item\":\"http:\\\/\\\/unaymilletras.com\\\/\"},{\"@type\":\"ListItem\",\"position\":2,\"name\":\"Leiva: \u2018Hasta que me quede sin voz\u2019, el documental que retrata su vida sin filtros\"}]},{\"@type\":\"WebSite\",\"@id\":\"http:\\\/\\\/unaymilletras.com\\\/#website\",\"url\":\"http:\\\/\\\/unaymilletras.com\\\/\",\"name\":\"Una y Mil Letras\",\"description\":\"\",\"publisher\":{\"@id\":\"http:\\\/\\\/unaymilletras.com\\\/#organization\"},\"potentialAction\":[{\"@type\":\"SearchAction\",\"target\":{\"@type\":\"EntryPoint\",\"urlTemplate\":\"http:\\\/\\\/unaymilletras.com\\\/?s={search_term_string}\"},\"query-input\":{\"@type\":\"PropertyValueSpecification\",\"valueRequired\":true,\"valueName\":\"search_term_string\"}}],\"inLanguage\":\"en-GB\"},{\"@type\":\"Organization\",\"@id\":\"http:\\\/\\\/unaymilletras.com\\\/#organization\",\"name\":\"Una y Mil Letras\",\"url\":\"http:\\\/\\\/unaymilletras.com\\\/\",\"logo\":{\"@type\":\"ImageObject\",\"inLanguage\":\"en-GB\",\"@id\":\"http:\\\/\\\/unaymilletras.com\\\/#\\\/schema\\\/logo\\\/image\\\/\",\"url\":\"https:\\\/\\\/unaymilletras.com\\\/wp-content\\\/uploads\\\/2024\\\/06\\\/cropped-Logo-removebg-preview.png\",\"contentUrl\":\"https:\\\/\\\/unaymilletras.com\\\/wp-content\\\/uploads\\\/2024\\\/06\\\/cropped-Logo-removebg-preview.png\",\"width\":512,\"height\":512,\"caption\":\"Una y Mil Letras\"},\"image\":{\"@id\":\"http:\\\/\\\/unaymilletras.com\\\/#\\\/schema\\\/logo\\\/image\\\/\"},\"sameAs\":[\"https:\\\/\\\/x.com\\\/UnaYMilLetras\",\"https:\\\/\\\/instagram.com\\\/UnaYMilLetras\"]},{\"@type\":\"Person\",\"@id\":\"http:\\\/\\\/unaymilletras.com\\\/#\\\/schema\\\/person\\\/0860dc8a218329991ee2c7591f4f849d\",\"name\":\"Redacci\u00f3n\",\"image\":{\"@type\":\"ImageObject\",\"inLanguage\":\"en-GB\",\"@id\":\"https:\\\/\\\/secure.gravatar.com\\\/avatar\\\/d8f55e05a8b6597e45c55a1dcbdbfe44f4a360d88b48e00de5216a79b7732796?s=96&d=mm&r=g\",\"url\":\"https:\\\/\\\/secure.gravatar.com\\\/avatar\\\/d8f55e05a8b6597e45c55a1dcbdbfe44f4a360d88b48e00de5216a79b7732796?s=96&d=mm&r=g\",\"contentUrl\":\"https:\\\/\\\/secure.gravatar.com\\\/avatar\\\/d8f55e05a8b6597e45c55a1dcbdbfe44f4a360d88b48e00de5216a79b7732796?s=96&d=mm&r=g\",\"caption\":\"Redacci\u00f3n\"},\"url\":\"https:\\\/\\\/unaymilletras.com\\\/en\\\/author\\\/redaccion\\\/\"}]}<\/script>\n<!-- \/ Yoast SEO plugin. -->","yoast_head_json":{"title":"Leiva: \u2018Hasta que me quede sin voz\u2019, el documental que retrata su vida sin filtros","description":"El filme original de Movistar Plus+ sobre Leiva se estrenar\u00e1 en el Festival de San Sebasti\u00e1n el 25 de septiembre","robots":{"index":"index","follow":"follow","max-snippet":"max-snippet:-1","max-image-preview":"max-image-preview:large","max-video-preview":"max-video-preview:-1"},"canonical":"https:\/\/unaymilletras.com\/en\/leiva-hasta-que-me-quede-sin-voz-el-documental-que-retrata-su-vida-sin-filtros\/","og_locale":"en_GB","og_type":"article","og_title":"Leiva: \u2018Hasta que me quede sin voz\u2019, el documental que retrata su vida sin filtros","og_description":"El filme original de Movistar Plus+ sobre Leiva se estrenar\u00e1 en el Festival de San Sebasti\u00e1n el 25 de septiembre","og_url":"https:\/\/unaymilletras.com\/en\/leiva-hasta-que-me-quede-sin-voz-el-documental-que-retrata-su-vida-sin-filtros\/","og_site_name":"Una y Mil Letras","article_published_time":"2025-09-11T16:00:00+00:00","og_image":[{"width":600,"height":750,"url":"https:\/\/unaymilletras.com\/wp-content\/uploads\/2025\/09\/AF-CARTEL-VERTICAL-LEIVA-CASTELLANO-Con-fecha_17Oct_45-1-e1757365469567.jpg","type":"image\/jpeg"}],"author":"Redacci\u00f3n","twitter_card":"summary_large_image","twitter_creator":"@UnaYMilLetras","twitter_site":"@UnaYMilLetras","twitter_misc":{"Written by":"Redacci\u00f3n","Estimated reading time":"2 minutes"},"schema":{"@context":"https:\/\/schema.org","@graph":[{"@type":"Article","@id":"https:\/\/unaymilletras.com\/leiva-hasta-que-me-quede-sin-voz-el-documental-que-retrata-su-vida-sin-filtros\/#article","isPartOf":{"@id":"https:\/\/unaymilletras.com\/leiva-hasta-que-me-quede-sin-voz-el-documental-que-retrata-su-vida-sin-filtros\/"},"author":{"name":"Redacci\u00f3n","@id":"http:\/\/unaymilletras.com\/#\/schema\/person\/0860dc8a218329991ee2c7591f4f849d"},"headline":"Leiva: \u2018Hasta que me quede sin voz\u2019, el documental que retrata su vida sin filtros","datePublished":"2025-09-11T16:00:00+00:00","mainEntityOfPage":{"@id":"https:\/\/unaymilletras.com\/leiva-hasta-que-me-quede-sin-voz-el-documental-que-retrata-su-vida-sin-filtros\/"},"wordCount":387,"publisher":{"@id":"http:\/\/unaymilletras.com\/#organization"},"image":{"@id":"https:\/\/unaymilletras.com\/leiva-hasta-que-me-quede-sin-voz-el-documental-que-retrata-su-vida-sin-filtros\/#primaryimage"},"thumbnailUrl":"https:\/\/unaymilletras.com\/wp-content\/uploads\/2025\/09\/AF-CARTEL-VERTICAL-LEIVA-CASTELLANO-Con-fecha_17Oct_45-1-e1757365469567.jpg","articleSection":["M\u00fasica","Pel\u00edculas y Series"],"inLanguage":"en-GB"},{"@type":"WebPage","@id":"https:\/\/unaymilletras.com\/leiva-hasta-que-me-quede-sin-voz-el-documental-que-retrata-su-vida-sin-filtros\/","url":"https:\/\/unaymilletras.com\/leiva-hasta-que-me-quede-sin-voz-el-documental-que-retrata-su-vida-sin-filtros\/","name":"Leiva: \u2018Hasta que me quede sin voz\u2019, el documental que retrata su vida sin filtros","isPartOf":{"@id":"http:\/\/unaymilletras.com\/#website"},"primaryImageOfPage":{"@id":"https:\/\/unaymilletras.com\/leiva-hasta-que-me-quede-sin-voz-el-documental-que-retrata-su-vida-sin-filtros\/#primaryimage"},"image":{"@id":"https:\/\/unaymilletras.com\/leiva-hasta-que-me-quede-sin-voz-el-documental-que-retrata-su-vida-sin-filtros\/#primaryimage"},"thumbnailUrl":"https:\/\/unaymilletras.com\/wp-content\/uploads\/2025\/09\/AF-CARTEL-VERTICAL-LEIVA-CASTELLANO-Con-fecha_17Oct_45-1-e1757365469567.jpg","datePublished":"2025-09-11T16:00:00+00:00","description":"El filme original de Movistar Plus+ sobre Leiva se estrenar\u00e1 en el Festival de San Sebasti\u00e1n el 25 de septiembre","breadcrumb":{"@id":"https:\/\/unaymilletras.com\/leiva-hasta-que-me-quede-sin-voz-el-documental-que-retrata-su-vida-sin-filtros\/#breadcrumb"},"inLanguage":"en-GB","potentialAction":[{"@type":"ReadAction","target":["https:\/\/unaymilletras.com\/leiva-hasta-que-me-quede-sin-voz-el-documental-que-retrata-su-vida-sin-filtros\/"]}]},{"@type":"ImageObject","inLanguage":"en-GB","@id":"https:\/\/unaymilletras.com\/leiva-hasta-que-me-quede-sin-voz-el-documental-que-retrata-su-vida-sin-filtros\/#primaryimage","url":"https:\/\/unaymilletras.com\/wp-content\/uploads\/2025\/09\/AF-CARTEL-VERTICAL-LEIVA-CASTELLANO-Con-fecha_17Oct_45-1-e1757365469567.jpg","contentUrl":"https:\/\/unaymilletras.com\/wp-content\/uploads\/2025\/09\/AF-CARTEL-VERTICAL-LEIVA-CASTELLANO-Con-fecha_17Oct_45-1-e1757365469567.jpg","width":600,"height":750,"caption":"Leiva"},{"@type":"BreadcrumbList","@id":"https:\/\/unaymilletras.com\/leiva-hasta-que-me-quede-sin-voz-el-documental-que-retrata-su-vida-sin-filtros\/#breadcrumb","itemListElement":[{"@type":"ListItem","position":1,"name":"Home","item":"http:\/\/unaymilletras.com\/"},{"@type":"ListItem","position":2,"name":"Leiva: \u2018Hasta que me quede sin voz\u2019, el documental que retrata su vida sin filtros"}]},{"@type":"WebSite","@id":"http:\/\/unaymilletras.com\/#website","url":"http:\/\/unaymilletras.com\/","name":"Una y Mil Letras","description":"","publisher":{"@id":"http:\/\/unaymilletras.com\/#organization"},"potentialAction":[{"@type":"SearchAction","target":{"@type":"EntryPoint","urlTemplate":"http:\/\/unaymilletras.com\/?s={search_term_string}"},"query-input":{"@type":"PropertyValueSpecification","valueRequired":true,"valueName":"search_term_string"}}],"inLanguage":"en-GB"},{"@type":"Organization","@id":"http:\/\/unaymilletras.com\/#organization","name":"Una y Mil Letras","url":"http:\/\/unaymilletras.com\/","logo":{"@type":"ImageObject","inLanguage":"en-GB","@id":"http:\/\/unaymilletras.com\/#\/schema\/logo\/image\/","url":"https:\/\/unaymilletras.com\/wp-content\/uploads\/2024\/06\/cropped-Logo-removebg-preview.png","contentUrl":"https:\/\/unaymilletras.com\/wp-content\/uploads\/2024\/06\/cropped-Logo-removebg-preview.png","width":512,"height":512,"caption":"Una y Mil Letras"},"image":{"@id":"http:\/\/unaymilletras.com\/#\/schema\/logo\/image\/"},"sameAs":["https:\/\/x.com\/UnaYMilLetras","https:\/\/instagram.com\/UnaYMilLetras"]},{"@type":"Person","@id":"http:\/\/unaymilletras.com\/#\/schema\/person\/0860dc8a218329991ee2c7591f4f849d","name":"Redacci\u00f3n","image":{"@type":"ImageObject","inLanguage":"en-GB","@id":"https:\/\/secure.gravatar.com\/avatar\/d8f55e05a8b6597e45c55a1dcbdbfe44f4a360d88b48e00de5216a79b7732796?s=96&d=mm&r=g","url":"https:\/\/secure.gravatar.com\/avatar\/d8f55e05a8b6597e45c55a1dcbdbfe44f4a360d88b48e00de5216a79b7732796?s=96&d=mm&r=g","contentUrl":"https:\/\/secure.gravatar.com\/avatar\/d8f55e05a8b6597e45c55a1dcbdbfe44f4a360d88b48e00de5216a79b7732796?s=96&d=mm&r=g","caption":"Redacci\u00f3n"},"url":"https:\/\/unaymilletras.com\/en\/author\/redaccion\/"}]}},"_links":{"self":[{"href":"https:\/\/unaymilletras.com\/en\/wp-json\/wp\/v2\/posts\/5594","targetHints":{"allow":["GET"]}}],"collection":[{"href":"https:\/\/unaymilletras.com\/en\/wp-json\/wp\/v2\/posts"}],"about":[{"href":"https:\/\/unaymilletras.com\/en\/wp-json\/wp\/v2\/types\/post"}],"author":[{"embeddable":true,"href":"https:\/\/unaymilletras.com\/en\/wp-json\/wp\/v2\/users\/6"}],"replies":[{"embeddable":true,"href":"https:\/\/unaymilletras.com\/en\/wp-json\/wp\/v2\/comments?post=5594"}],"version-history":[{"count":4,"href":"https:\/\/unaymilletras.com\/en\/wp-json\/wp\/v2\/posts\/5594\/revisions"}],"predecessor-version":[{"id":5599,"href":"https:\/\/unaymilletras.com\/en\/wp-json\/wp\/v2\/posts\/5594\/revisions\/5599"}],"wp:featuredmedia":[{"embeddable":true,"href":"https:\/\/unaymilletras.com\/en\/wp-json\/wp\/v2\/media\/5596"}],"wp:attachment":[{"href":"https:\/\/unaymilletras.com\/en\/wp-json\/wp\/v2\/media?parent=5594"}],"wp:term":[{"taxonomy":"category","embeddable":true,"href":"https:\/\/unaymilletras.com\/en\/wp-json\/wp\/v2\/categories?post=5594"},{"taxonomy":"post_tag","embeddable":true,"href":"https:\/\/unaymilletras.com\/en\/wp-json\/wp\/v2\/tags?post=5594"}],"curies":[{"name":"wp","href":"https:\/\/api.w.org\/{rel}","templated":true}]}}