{"id":5600,"date":"2025-09-09T12:00:00","date_gmt":"2025-09-09T10:00:00","guid":{"rendered":"https:\/\/unaymilletras.com\/?p=5600"},"modified":"2025-09-08T23:46:45","modified_gmt":"2025-09-08T21:46:45","slug":"akriila-aterriza-en-espana-con-su-primera-gira-siempre-hay","status":"publish","type":"post","link":"https:\/\/unaymilletras.com\/en\/akriila-aterriza-en-espana-con-su-primera-gira-siempre-hay\/","title":{"rendered":"AKRIILA aterriza en Espa\u00f1a con su primera gira: Siempre hay +"},"content":{"rendered":"<div data-elementor-type=\"wp-post\" data-elementor-id=\"5600\" class=\"elementor elementor-5600\">\n\t\t\t\t\t\t<section class=\"elementor-section elementor-top-section elementor-element elementor-element-a044bbb elementor-section-boxed elementor-section-height-default elementor-section-height-default\" data-id=\"a044bbb\" data-element_type=\"section\" data-e-type=\"section\">\n\t\t\t\t\t\t<div class=\"elementor-container elementor-column-gap-default\">\n\t\t\t\t\t<div class=\"elementor-column elementor-col-100 elementor-top-column elementor-element elementor-element-8314eb6\" data-id=\"8314eb6\" data-element_type=\"column\" data-e-type=\"column\">\n\t\t\t<div class=\"elementor-widget-wrap elementor-element-populated\">\n\t\t\t\t\t\t<div class=\"elementor-element elementor-element-422a3f4 elementor-widget elementor-widget-text-editor\" data-id=\"422a3f4\" data-element_type=\"widget\" data-e-type=\"widget\" data-widget_type=\"text-editor.default\">\n\t\t\t\t<div class=\"elementor-widget-container\">\n\t\t\t\t\t\t\t\t\t<h2 style=\"text-align: center;\"><span style=\"color: #808080;\"><em>La artista chilena Akrilla actuar\u00e1 en Barcelona y Madrid en octubre, con entradas a la venta desde el 10 de septiembre<\/em><\/span><\/h2>\t\t\t\t\t\t\t\t<\/div>\n\t\t\t\t<\/div>\n\t\t\t\t\t<\/div>\n\t\t<\/div>\n\t\t\t\t\t<\/div>\n\t\t<\/section>\n\t\t\t\t<section class=\"elementor-section elementor-top-section elementor-element elementor-element-e1b23d9 elementor-section-boxed elementor-section-height-default elementor-section-height-default\" data-id=\"e1b23d9\" data-element_type=\"section\" data-e-type=\"section\">\n\t\t\t\t\t\t<div class=\"elementor-container elementor-column-gap-default\">\n\t\t\t\t\t<div class=\"elementor-column elementor-col-100 elementor-top-column elementor-element elementor-element-66774d7\" data-id=\"66774d7\" data-element_type=\"column\" data-e-type=\"column\">\n\t\t\t<div class=\"elementor-widget-wrap elementor-element-populated\">\n\t\t\t\t\t\t<div class=\"elementor-element elementor-element-8f832f5 elementor-widget elementor-widget-text-editor\" data-id=\"8f832f5\" data-element_type=\"widget\" data-e-type=\"widget\" data-widget_type=\"text-editor.default\">\n\t\t\t\t<div class=\"elementor-widget-container\">\n\t\t\t\t\t\t\t\t\t<p data-start=\"318\" data-end=\"654\">AKRIILA, una de las voces emergentes m\u00e1s potentes de la m\u00fasica latina, anuncia su primera gira en Espa\u00f1a bajo el t\u00edtulo <em data-start=\"438\" data-end=\"453\">Siempre hay +<\/em>. La artista chilena presentar\u00e1 su explosiva propuesta en dos conciertos muy esperados: el 1 de octubre en la sala Razzmatazz 2 de Barcelona y el 2 de octubre en la Sala del Movistar Arena de Madrid.<\/p><p data-start=\"656\" data-end=\"946\">Con un estilo que fusiona pop, drum &amp; bass y la energ\u00eda del caos urbano, AKRIILA est\u00e1 revolucionando la escena internacional. Su propuesta trasciende la m\u00fasica y se convierte en una experiencia multidisciplinaria en la que est\u00e9tica, fuerza creativa y discurso conviven sobre el escenario.<\/p><p data-start=\"1278\" data-end=\"1370\">Las entradas para los conciertos estar\u00e1n disponibles con el siguiente calendario de venta:<\/p><ul data-start=\"1372\" data-end=\"1613\"><li data-start=\"1372\" data-end=\"1448\"><p data-start=\"1374\" data-end=\"1448\"><strong data-start=\"1374\" data-end=\"1408\">Preventa Live Nation-S.SMusic:<\/strong> martes 9 de septiembre a las 19:00 h.<\/p><\/li><li data-start=\"1449\" data-end=\"1516\"><p data-start=\"1451\" data-end=\"1516\"><strong data-start=\"1451\" data-end=\"1476\">Preventa Live Nation:<\/strong> martes 9 de septiembre a las 19:00 h.<\/p><\/li><li data-start=\"1517\" data-end=\"1613\"><p data-start=\"1519\" data-end=\"1613\"><strong data-start=\"1519\" data-end=\"1537\">Venta general:<\/strong> mi\u00e9rcoles 10 de septiembre a las 19:00 h en Livenation.es y Ticketmaster.<\/p><\/li><\/ul><p data-start=\"1615\" data-end=\"1807\">Los precios parten desde 26 \u20ac m\u00e1s gastos de distribuci\u00f3n. Con esta gira, AKRIILA abre un nuevo cap\u00edtulo en su carrera internacional y promete dos noches inolvidables para el p\u00fablico espa\u00f1ol.<\/p>\t\t\t\t\t\t\t\t<\/div>\n\t\t\t\t<\/div>\n\t\t\t\t\t<\/div>\n\t\t<\/div>\n\t\t\t\t\t<\/div>\n\t\t<\/section>\n\t\t\t\t<section class=\"elementor-section elementor-top-section elementor-element elementor-element-92f67af elementor-section-boxed elementor-section-height-default elementor-section-height-default\" data-id=\"92f67af\" data-element_type=\"section\" data-e-type=\"section\">\n\t\t\t\t\t\t<div class=\"elementor-container elementor-column-gap-default\">\n\t\t\t\t\t<div class=\"elementor-column elementor-col-100 elementor-top-column elementor-element elementor-element-545d1cb\" data-id=\"545d1cb\" data-element_type=\"column\" data-e-type=\"column\">\n\t\t\t<div class=\"elementor-widget-wrap elementor-element-populated\">\n\t\t\t\t\t\t<div class=\"elementor-element elementor-element-39ce551 elementor-widget elementor-widget-image\" data-id=\"39ce551\" data-element_type=\"widget\" data-e-type=\"widget\" data-widget_type=\"image.default\">\n\t\t\t\t<div class=\"elementor-widget-container\">\n\t\t\t\t\t\t\t\t\t\t\t\t\t\t\t<img fetchpriority=\"high\" decoding=\"async\" width=\"640\" height=\"904\" src=\"https:\/\/unaymilletras.com\/wp-content\/uploads\/2025\/09\/3084a732-ab16-1a90-8dfd-98c6439d-725x1024.jpg\" class=\"attachment-large size-large wp-image-5602\" alt=\"Akrilla\" srcset=\"https:\/\/unaymilletras.com\/wp-content\/uploads\/2025\/09\/3084a732-ab16-1a90-8dfd-98c6439d-725x1024.jpg 725w, https:\/\/unaymilletras.com\/wp-content\/uploads\/2025\/09\/3084a732-ab16-1a90-8dfd-98c6439d-212x300.jpg 212w, https:\/\/unaymilletras.com\/wp-content\/uploads\/2025\/09\/3084a732-ab16-1a90-8dfd-98c6439d-768x1085.jpg 768w, https:\/\/unaymilletras.com\/wp-content\/uploads\/2025\/09\/3084a732-ab16-1a90-8dfd-98c6439d-1087x1536.jpg 1087w, https:\/\/unaymilletras.com\/wp-content\/uploads\/2025\/09\/3084a732-ab16-1a90-8dfd-98c6439d-1449x2048.jpg 1449w, https:\/\/unaymilletras.com\/wp-content\/uploads\/2025\/09\/3084a732-ab16-1a90-8dfd-98c6439d-8x12.jpg 8w, https:\/\/unaymilletras.com\/wp-content\/uploads\/2025\/09\/3084a732-ab16-1a90-8dfd-98c6439d-1024x1447.jpg 1024w, https:\/\/unaymilletras.com\/wp-content\/uploads\/2025\/09\/3084a732-ab16-1a90-8dfd-98c6439d-scaled-e1757367943421.jpg 600w\" sizes=\"(max-width: 640px) 100vw, 640px\" \/>\t\t\t\t\t\t\t\t\t\t\t\t\t\t\t<\/div>\n\t\t\t\t<\/div>\n\t\t\t\t\t<\/div>\n\t\t<\/div>\n\t\t\t\t\t<\/div>\n\t\t<\/section>\n\t\t\t\t<section class=\"elementor-section elementor-top-section elementor-element elementor-element-1357792 elementor-section-boxed elementor-section-height-default elementor-section-height-default\" data-id=\"1357792\" data-element_type=\"section\" data-e-type=\"section\">\n\t\t\t\t\t\t<div class=\"elementor-container elementor-column-gap-default\">\n\t\t\t\t\t<div class=\"elementor-column elementor-col-100 elementor-top-column elementor-element elementor-element-09136ab\" data-id=\"09136ab\" data-element_type=\"column\" data-e-type=\"column\">\n\t\t\t<div class=\"elementor-widget-wrap elementor-element-populated\">\n\t\t\t\t\t\t<div class=\"elementor-element elementor-element-c2ec973 elementor-widget elementor-widget-text-editor\" data-id=\"c2ec973\" data-element_type=\"widget\" data-e-type=\"widget\" data-widget_type=\"text-editor.default\">\n\t\t\t\t<div class=\"elementor-widget-container\">\n\t\t\t\t\t\t\t\t\t<p data-start=\"995\" data-end=\"1276\">Nacida en Santiago de Chile, la cantante se ha consolidado como un referente para la comunidad LGBT, gracias a una visi\u00f3n art\u00edstica salvaje y honesta que conecta con audiencias de todo el mundo. Cada show se convierte en una celebraci\u00f3n de identidad, diversidad y poder creativo.<\/p>\t\t\t\t\t\t\t\t<\/div>\n\t\t\t\t<\/div>\n\t\t\t\t\t<\/div>\n\t\t<\/div>\n\t\t\t\t\t<\/div>\n\t\t<\/section>\n\t\t\t\t<\/div>","protected":false},"excerpt":{"rendered":"<p>La artista chilena Akrilla actuar\u00e1 en Barcelona y Madrid en octubre, con entradas a la venta desde el 10 de septiembre AKRIILA, una de las voces emergentes m\u00e1s potentes de la m\u00fasica latina, anuncia su primera gira en Espa\u00f1a bajo el t\u00edtulo Siempre hay +. La artista chilena presentar\u00e1 su explosiva propuesta en dos conciertos [&hellip;]<\/p>\n","protected":false},"author":6,"featured_media":5602,"comment_status":"closed","ping_status":"closed","sticky":false,"template":"","format":"standard","meta":{"footnotes":""},"categories":[4],"tags":[],"class_list":["post-5600","post","type-post","status-publish","format-standard","has-post-thumbnail","hentry","category-musica"],"yoast_head":"<!-- This site is optimized with the Yoast SEO plugin v27.4 - https:\/\/yoast.com\/product\/yoast-seo-wordpress\/ -->\n<title>AKRIILA aterriza en Espa\u00f1a con su primera gira: Siempre hay +<\/title>\n<meta name=\"description\" content=\"La artista chilena Akrilla actuar\u00e1 en Barcelona y Madrid en octubre, con entradas a la venta desde el 10 de septiembre\" \/>\n<meta name=\"robots\" content=\"index, follow, max-snippet:-1, max-image-preview:large, max-video-preview:-1\" \/>\n<link rel=\"canonical\" href=\"https:\/\/unaymilletras.com\/en\/akriila-aterriza-en-espana-con-su-primera-gira-siempre-hay\/\" \/>\n<meta property=\"og:locale\" content=\"en_GB\" \/>\n<meta property=\"og:type\" content=\"article\" \/>\n<meta property=\"og:title\" content=\"AKRIILA aterriza en Espa\u00f1a con su primera gira: Siempre hay +\" \/>\n<meta property=\"og:description\" content=\"La artista chilena Akrilla actuar\u00e1 en Barcelona y Madrid en octubre, con entradas a la venta desde el 10 de septiembre\" \/>\n<meta property=\"og:url\" content=\"https:\/\/unaymilletras.com\/en\/akriila-aterriza-en-espana-con-su-primera-gira-siempre-hay\/\" \/>\n<meta property=\"og:site_name\" content=\"Una y Mil Letras\" \/>\n<meta property=\"article:published_time\" content=\"2025-09-09T10:00:00+00:00\" \/>\n<meta property=\"og:image\" content=\"https:\/\/unaymilletras.com\/wp-content\/uploads\/2025\/09\/3084a732-ab16-1a90-8dfd-98c6439d-scaled-e1757367943421.jpg\" \/>\n\t<meta property=\"og:image:width\" content=\"600\" \/>\n\t<meta property=\"og:image:height\" content=\"848\" \/>\n\t<meta property=\"og:image:type\" content=\"image\/jpeg\" \/>\n<meta name=\"author\" content=\"Redacci\u00f3n\" \/>\n<meta name=\"twitter:card\" content=\"summary_large_image\" \/>\n<meta name=\"twitter:creator\" content=\"@UnaYMilLetras\" \/>\n<meta name=\"twitter:site\" content=\"@UnaYMilLetras\" \/>\n<meta name=\"twitter:label1\" content=\"Written by\" \/>\n\t<meta name=\"twitter:data1\" content=\"Redacci\u00f3n\" \/>\n\t<meta name=\"twitter:label2\" content=\"Estimated reading time\" \/>\n\t<meta name=\"twitter:data2\" content=\"2 minutes\" \/>\n<script type=\"application\/ld+json\" class=\"yoast-schema-graph\">{\"@context\":\"https:\\\/\\\/schema.org\",\"@graph\":[{\"@type\":\"Article\",\"@id\":\"https:\\\/\\\/unaymilletras.com\\\/akriila-aterriza-en-espana-con-su-primera-gira-siempre-hay\\\/#article\",\"isPartOf\":{\"@id\":\"https:\\\/\\\/unaymilletras.com\\\/akriila-aterriza-en-espana-con-su-primera-gira-siempre-hay\\\/\"},\"author\":{\"name\":\"Redacci\u00f3n\",\"@id\":\"http:\\\/\\\/unaymilletras.com\\\/#\\\/schema\\\/person\\\/0860dc8a218329991ee2c7591f4f849d\"},\"headline\":\"AKRIILA aterriza en Espa\u00f1a con su primera gira: Siempre hay +\",\"datePublished\":\"2025-09-09T10:00:00+00:00\",\"mainEntityOfPage\":{\"@id\":\"https:\\\/\\\/unaymilletras.com\\\/akriila-aterriza-en-espana-con-su-primera-gira-siempre-hay\\\/\"},\"wordCount\":269,\"publisher\":{\"@id\":\"http:\\\/\\\/unaymilletras.com\\\/#organization\"},\"image\":{\"@id\":\"https:\\\/\\\/unaymilletras.com\\\/akriila-aterriza-en-espana-con-su-primera-gira-siempre-hay\\\/#primaryimage\"},\"thumbnailUrl\":\"https:\\\/\\\/unaymilletras.com\\\/wp-content\\\/uploads\\\/2025\\\/09\\\/3084a732-ab16-1a90-8dfd-98c6439d-scaled-e1757367943421.jpg\",\"articleSection\":[\"M\u00fasica\"],\"inLanguage\":\"en-GB\"},{\"@type\":\"WebPage\",\"@id\":\"https:\\\/\\\/unaymilletras.com\\\/akriila-aterriza-en-espana-con-su-primera-gira-siempre-hay\\\/\",\"url\":\"https:\\\/\\\/unaymilletras.com\\\/akriila-aterriza-en-espana-con-su-primera-gira-siempre-hay\\\/\",\"name\":\"AKRIILA aterriza en Espa\u00f1a con su primera gira: Siempre hay +\",\"isPartOf\":{\"@id\":\"http:\\\/\\\/unaymilletras.com\\\/#website\"},\"primaryImageOfPage\":{\"@id\":\"https:\\\/\\\/unaymilletras.com\\\/akriila-aterriza-en-espana-con-su-primera-gira-siempre-hay\\\/#primaryimage\"},\"image\":{\"@id\":\"https:\\\/\\\/unaymilletras.com\\\/akriila-aterriza-en-espana-con-su-primera-gira-siempre-hay\\\/#primaryimage\"},\"thumbnailUrl\":\"https:\\\/\\\/unaymilletras.com\\\/wp-content\\\/uploads\\\/2025\\\/09\\\/3084a732-ab16-1a90-8dfd-98c6439d-scaled-e1757367943421.jpg\",\"datePublished\":\"2025-09-09T10:00:00+00:00\",\"description\":\"La artista chilena Akrilla actuar\u00e1 en Barcelona y Madrid en octubre, con entradas a la venta desde el 10 de septiembre\",\"breadcrumb\":{\"@id\":\"https:\\\/\\\/unaymilletras.com\\\/akriila-aterriza-en-espana-con-su-primera-gira-siempre-hay\\\/#breadcrumb\"},\"inLanguage\":\"en-GB\",\"potentialAction\":[{\"@type\":\"ReadAction\",\"target\":[\"https:\\\/\\\/unaymilletras.com\\\/akriila-aterriza-en-espana-con-su-primera-gira-siempre-hay\\\/\"]}]},{\"@type\":\"ImageObject\",\"inLanguage\":\"en-GB\",\"@id\":\"https:\\\/\\\/unaymilletras.com\\\/akriila-aterriza-en-espana-con-su-primera-gira-siempre-hay\\\/#primaryimage\",\"url\":\"https:\\\/\\\/unaymilletras.com\\\/wp-content\\\/uploads\\\/2025\\\/09\\\/3084a732-ab16-1a90-8dfd-98c6439d-scaled-e1757367943421.jpg\",\"contentUrl\":\"https:\\\/\\\/unaymilletras.com\\\/wp-content\\\/uploads\\\/2025\\\/09\\\/3084a732-ab16-1a90-8dfd-98c6439d-scaled-e1757367943421.jpg\",\"width\":600,\"height\":848,\"caption\":\"Akrilla\"},{\"@type\":\"BreadcrumbList\",\"@id\":\"https:\\\/\\\/unaymilletras.com\\\/akriila-aterriza-en-espana-con-su-primera-gira-siempre-hay\\\/#breadcrumb\",\"itemListElement\":[{\"@type\":\"ListItem\",\"position\":1,\"name\":\"Home\",\"item\":\"http:\\\/\\\/unaymilletras.com\\\/\"},{\"@type\":\"ListItem\",\"position\":2,\"name\":\"AKRIILA aterriza en Espa\u00f1a con su primera gira: Siempre hay +\"}]},{\"@type\":\"WebSite\",\"@id\":\"http:\\\/\\\/unaymilletras.com\\\/#website\",\"url\":\"http:\\\/\\\/unaymilletras.com\\\/\",\"name\":\"Una y Mil Letras\",\"description\":\"\",\"publisher\":{\"@id\":\"http:\\\/\\\/unaymilletras.com\\\/#organization\"},\"potentialAction\":[{\"@type\":\"SearchAction\",\"target\":{\"@type\":\"EntryPoint\",\"urlTemplate\":\"http:\\\/\\\/unaymilletras.com\\\/?s={search_term_string}\"},\"query-input\":{\"@type\":\"PropertyValueSpecification\",\"valueRequired\":true,\"valueName\":\"search_term_string\"}}],\"inLanguage\":\"en-GB\"},{\"@type\":\"Organization\",\"@id\":\"http:\\\/\\\/unaymilletras.com\\\/#organization\",\"name\":\"Una y Mil Letras\",\"url\":\"http:\\\/\\\/unaymilletras.com\\\/\",\"logo\":{\"@type\":\"ImageObject\",\"inLanguage\":\"en-GB\",\"@id\":\"http:\\\/\\\/unaymilletras.com\\\/#\\\/schema\\\/logo\\\/image\\\/\",\"url\":\"https:\\\/\\\/unaymilletras.com\\\/wp-content\\\/uploads\\\/2024\\\/06\\\/cropped-Logo-removebg-preview.png\",\"contentUrl\":\"https:\\\/\\\/unaymilletras.com\\\/wp-content\\\/uploads\\\/2024\\\/06\\\/cropped-Logo-removebg-preview.png\",\"width\":512,\"height\":512,\"caption\":\"Una y Mil Letras\"},\"image\":{\"@id\":\"http:\\\/\\\/unaymilletras.com\\\/#\\\/schema\\\/logo\\\/image\\\/\"},\"sameAs\":[\"https:\\\/\\\/x.com\\\/UnaYMilLetras\",\"https:\\\/\\\/instagram.com\\\/UnaYMilLetras\"]},{\"@type\":\"Person\",\"@id\":\"http:\\\/\\\/unaymilletras.com\\\/#\\\/schema\\\/person\\\/0860dc8a218329991ee2c7591f4f849d\",\"name\":\"Redacci\u00f3n\",\"image\":{\"@type\":\"ImageObject\",\"inLanguage\":\"en-GB\",\"@id\":\"https:\\\/\\\/secure.gravatar.com\\\/avatar\\\/d8f55e05a8b6597e45c55a1dcbdbfe44f4a360d88b48e00de5216a79b7732796?s=96&d=mm&r=g\",\"url\":\"https:\\\/\\\/secure.gravatar.com\\\/avatar\\\/d8f55e05a8b6597e45c55a1dcbdbfe44f4a360d88b48e00de5216a79b7732796?s=96&d=mm&r=g\",\"contentUrl\":\"https:\\\/\\\/secure.gravatar.com\\\/avatar\\\/d8f55e05a8b6597e45c55a1dcbdbfe44f4a360d88b48e00de5216a79b7732796?s=96&d=mm&r=g\",\"caption\":\"Redacci\u00f3n\"},\"url\":\"https:\\\/\\\/unaymilletras.com\\\/en\\\/author\\\/redaccion\\\/\"}]}<\/script>\n<!-- \/ Yoast SEO plugin. -->","yoast_head_json":{"title":"AKRIILA aterriza en Espa\u00f1a con su primera gira: Siempre hay +","description":"La artista chilena Akrilla actuar\u00e1 en Barcelona y Madrid en octubre, con entradas a la venta desde el 10 de septiembre","robots":{"index":"index","follow":"follow","max-snippet":"max-snippet:-1","max-image-preview":"max-image-preview:large","max-video-preview":"max-video-preview:-1"},"canonical":"https:\/\/unaymilletras.com\/en\/akriila-aterriza-en-espana-con-su-primera-gira-siempre-hay\/","og_locale":"en_GB","og_type":"article","og_title":"AKRIILA aterriza en Espa\u00f1a con su primera gira: Siempre hay +","og_description":"La artista chilena Akrilla actuar\u00e1 en Barcelona y Madrid en octubre, con entradas a la venta desde el 10 de septiembre","og_url":"https:\/\/unaymilletras.com\/en\/akriila-aterriza-en-espana-con-su-primera-gira-siempre-hay\/","og_site_name":"Una y Mil Letras","article_published_time":"2025-09-09T10:00:00+00:00","og_image":[{"width":600,"height":848,"url":"https:\/\/unaymilletras.com\/wp-content\/uploads\/2025\/09\/3084a732-ab16-1a90-8dfd-98c6439d-scaled-e1757367943421.jpg","type":"image\/jpeg"}],"author":"Redacci\u00f3n","twitter_card":"summary_large_image","twitter_creator":"@UnaYMilLetras","twitter_site":"@UnaYMilLetras","twitter_misc":{"Written by":"Redacci\u00f3n","Estimated reading time":"2 minutes"},"schema":{"@context":"https:\/\/schema.org","@graph":[{"@type":"Article","@id":"https:\/\/unaymilletras.com\/akriila-aterriza-en-espana-con-su-primera-gira-siempre-hay\/#article","isPartOf":{"@id":"https:\/\/unaymilletras.com\/akriila-aterriza-en-espana-con-su-primera-gira-siempre-hay\/"},"author":{"name":"Redacci\u00f3n","@id":"http:\/\/unaymilletras.com\/#\/schema\/person\/0860dc8a218329991ee2c7591f4f849d"},"headline":"AKRIILA aterriza en Espa\u00f1a con su primera gira: Siempre hay +","datePublished":"2025-09-09T10:00:00+00:00","mainEntityOfPage":{"@id":"https:\/\/unaymilletras.com\/akriila-aterriza-en-espana-con-su-primera-gira-siempre-hay\/"},"wordCount":269,"publisher":{"@id":"http:\/\/unaymilletras.com\/#organization"},"image":{"@id":"https:\/\/unaymilletras.com\/akriila-aterriza-en-espana-con-su-primera-gira-siempre-hay\/#primaryimage"},"thumbnailUrl":"https:\/\/unaymilletras.com\/wp-content\/uploads\/2025\/09\/3084a732-ab16-1a90-8dfd-98c6439d-scaled-e1757367943421.jpg","articleSection":["M\u00fasica"],"inLanguage":"en-GB"},{"@type":"WebPage","@id":"https:\/\/unaymilletras.com\/akriila-aterriza-en-espana-con-su-primera-gira-siempre-hay\/","url":"https:\/\/unaymilletras.com\/akriila-aterriza-en-espana-con-su-primera-gira-siempre-hay\/","name":"AKRIILA aterriza en Espa\u00f1a con su primera gira: Siempre hay +","isPartOf":{"@id":"http:\/\/unaymilletras.com\/#website"},"primaryImageOfPage":{"@id":"https:\/\/unaymilletras.com\/akriila-aterriza-en-espana-con-su-primera-gira-siempre-hay\/#primaryimage"},"image":{"@id":"https:\/\/unaymilletras.com\/akriila-aterriza-en-espana-con-su-primera-gira-siempre-hay\/#primaryimage"},"thumbnailUrl":"https:\/\/unaymilletras.com\/wp-content\/uploads\/2025\/09\/3084a732-ab16-1a90-8dfd-98c6439d-scaled-e1757367943421.jpg","datePublished":"2025-09-09T10:00:00+00:00","description":"La artista chilena Akrilla actuar\u00e1 en Barcelona y Madrid en octubre, con entradas a la venta desde el 10 de septiembre","breadcrumb":{"@id":"https:\/\/unaymilletras.com\/akriila-aterriza-en-espana-con-su-primera-gira-siempre-hay\/#breadcrumb"},"inLanguage":"en-GB","potentialAction":[{"@type":"ReadAction","target":["https:\/\/unaymilletras.com\/akriila-aterriza-en-espana-con-su-primera-gira-siempre-hay\/"]}]},{"@type":"ImageObject","inLanguage":"en-GB","@id":"https:\/\/unaymilletras.com\/akriila-aterriza-en-espana-con-su-primera-gira-siempre-hay\/#primaryimage","url":"https:\/\/unaymilletras.com\/wp-content\/uploads\/2025\/09\/3084a732-ab16-1a90-8dfd-98c6439d-scaled-e1757367943421.jpg","contentUrl":"https:\/\/unaymilletras.com\/wp-content\/uploads\/2025\/09\/3084a732-ab16-1a90-8dfd-98c6439d-scaled-e1757367943421.jpg","width":600,"height":848,"caption":"Akrilla"},{"@type":"BreadcrumbList","@id":"https:\/\/unaymilletras.com\/akriila-aterriza-en-espana-con-su-primera-gira-siempre-hay\/#breadcrumb","itemListElement":[{"@type":"ListItem","position":1,"name":"Home","item":"http:\/\/unaymilletras.com\/"},{"@type":"ListItem","position":2,"name":"AKRIILA aterriza en Espa\u00f1a con su primera gira: Siempre hay +"}]},{"@type":"WebSite","@id":"http:\/\/unaymilletras.com\/#website","url":"http:\/\/unaymilletras.com\/","name":"Una y Mil Letras","description":"","publisher":{"@id":"http:\/\/unaymilletras.com\/#organization"},"potentialAction":[{"@type":"SearchAction","target":{"@type":"EntryPoint","urlTemplate":"http:\/\/unaymilletras.com\/?s={search_term_string}"},"query-input":{"@type":"PropertyValueSpecification","valueRequired":true,"valueName":"search_term_string"}}],"inLanguage":"en-GB"},{"@type":"Organization","@id":"http:\/\/unaymilletras.com\/#organization","name":"Una y Mil Letras","url":"http:\/\/unaymilletras.com\/","logo":{"@type":"ImageObject","inLanguage":"en-GB","@id":"http:\/\/unaymilletras.com\/#\/schema\/logo\/image\/","url":"https:\/\/unaymilletras.com\/wp-content\/uploads\/2024\/06\/cropped-Logo-removebg-preview.png","contentUrl":"https:\/\/unaymilletras.com\/wp-content\/uploads\/2024\/06\/cropped-Logo-removebg-preview.png","width":512,"height":512,"caption":"Una y Mil Letras"},"image":{"@id":"http:\/\/unaymilletras.com\/#\/schema\/logo\/image\/"},"sameAs":["https:\/\/x.com\/UnaYMilLetras","https:\/\/instagram.com\/UnaYMilLetras"]},{"@type":"Person","@id":"http:\/\/unaymilletras.com\/#\/schema\/person\/0860dc8a218329991ee2c7591f4f849d","name":"Redacci\u00f3n","image":{"@type":"ImageObject","inLanguage":"en-GB","@id":"https:\/\/secure.gravatar.com\/avatar\/d8f55e05a8b6597e45c55a1dcbdbfe44f4a360d88b48e00de5216a79b7732796?s=96&d=mm&r=g","url":"https:\/\/secure.gravatar.com\/avatar\/d8f55e05a8b6597e45c55a1dcbdbfe44f4a360d88b48e00de5216a79b7732796?s=96&d=mm&r=g","contentUrl":"https:\/\/secure.gravatar.com\/avatar\/d8f55e05a8b6597e45c55a1dcbdbfe44f4a360d88b48e00de5216a79b7732796?s=96&d=mm&r=g","caption":"Redacci\u00f3n"},"url":"https:\/\/unaymilletras.com\/en\/author\/redaccion\/"}]}},"_links":{"self":[{"href":"https:\/\/unaymilletras.com\/en\/wp-json\/wp\/v2\/posts\/5600","targetHints":{"allow":["GET"]}}],"collection":[{"href":"https:\/\/unaymilletras.com\/en\/wp-json\/wp\/v2\/posts"}],"about":[{"href":"https:\/\/unaymilletras.com\/en\/wp-json\/wp\/v2\/types\/post"}],"author":[{"embeddable":true,"href":"https:\/\/unaymilletras.com\/en\/wp-json\/wp\/v2\/users\/6"}],"replies":[{"embeddable":true,"href":"https:\/\/unaymilletras.com\/en\/wp-json\/wp\/v2\/comments?post=5600"}],"version-history":[{"count":4,"href":"https:\/\/unaymilletras.com\/en\/wp-json\/wp\/v2\/posts\/5600\/revisions"}],"predecessor-version":[{"id":5605,"href":"https:\/\/unaymilletras.com\/en\/wp-json\/wp\/v2\/posts\/5600\/revisions\/5605"}],"wp:featuredmedia":[{"embeddable":true,"href":"https:\/\/unaymilletras.com\/en\/wp-json\/wp\/v2\/media\/5602"}],"wp:attachment":[{"href":"https:\/\/unaymilletras.com\/en\/wp-json\/wp\/v2\/media?parent=5600"}],"wp:term":[{"taxonomy":"category","embeddable":true,"href":"https:\/\/unaymilletras.com\/en\/wp-json\/wp\/v2\/categories?post=5600"},{"taxonomy":"post_tag","embeddable":true,"href":"https:\/\/unaymilletras.com\/en\/wp-json\/wp\/v2\/tags?post=5600"}],"curies":[{"name":"wp","href":"https:\/\/api.w.org\/{rel}","templated":true}]}}