{"id":5612,"date":"2025-09-09T11:47:19","date_gmt":"2025-09-09T09:47:19","guid":{"rendered":"https:\/\/unaymilletras.com\/?p=5612"},"modified":"2025-09-09T11:50:18","modified_gmt":"2025-09-09T09:50:18","slug":"netflix-presenta-rockstar-duki-desde-el-fin-del-mundo","status":"publish","type":"post","link":"https:\/\/unaymilletras.com\/en\/netflix-presenta-rockstar-duki-desde-el-fin-del-mundo\/","title":{"rendered":"Netflix presenta Rockstar: DUKI desde el fin del mundo"},"content":{"rendered":"<div data-elementor-type=\"wp-post\" data-elementor-id=\"5612\" class=\"elementor elementor-5612\">\n\t\t\t\t\t\t<section class=\"elementor-section elementor-top-section elementor-element elementor-element-b69ee4d elementor-section-boxed elementor-section-height-default elementor-section-height-default\" data-id=\"b69ee4d\" data-element_type=\"section\" data-e-type=\"section\">\n\t\t\t\t\t\t<div class=\"elementor-container elementor-column-gap-default\">\n\t\t\t\t\t<div class=\"elementor-column elementor-col-100 elementor-top-column elementor-element elementor-element-741a125\" data-id=\"741a125\" data-element_type=\"column\" data-e-type=\"column\">\n\t\t\t<div class=\"elementor-widget-wrap elementor-element-populated\">\n\t\t\t\t\t\t<div class=\"elementor-element elementor-element-1ef20d8 elementor-widget elementor-widget-text-editor\" data-id=\"1ef20d8\" data-element_type=\"widget\" data-e-type=\"widget\" data-widget_type=\"text-editor.default\">\n\t\t\t\t<div class=\"elementor-widget-container\">\n\t\t\t\t\t\t\t\t\t<h2 style=\"text-align: center;\"><em>Duki anuncia que pr\u00f3ximamente se estrenar\u00e1 su documental en Netflix en el que podremos ver un recorrido por toda su carrera<\/em><\/h2>\t\t\t\t\t\t\t\t<\/div>\n\t\t\t\t<\/div>\n\t\t\t\t\t<\/div>\n\t\t<\/div>\n\t\t\t\t\t<\/div>\n\t\t<\/section>\n\t\t\t\t<section class=\"elementor-section elementor-top-section elementor-element elementor-element-25413b1 elementor-section-boxed elementor-section-height-default elementor-section-height-default\" data-id=\"25413b1\" data-element_type=\"section\" data-e-type=\"section\">\n\t\t\t\t\t\t<div class=\"elementor-container elementor-column-gap-default\">\n\t\t\t\t\t<div class=\"elementor-column elementor-col-100 elementor-top-column elementor-element elementor-element-bd56227\" data-id=\"bd56227\" data-element_type=\"column\" data-e-type=\"column\">\n\t\t\t<div class=\"elementor-widget-wrap elementor-element-populated\">\n\t\t\t\t\t\t<div class=\"elementor-element elementor-element-c55211b elementor-widget elementor-widget-text-editor\" data-id=\"c55211b\" data-element_type=\"widget\" data-e-type=\"widget\" data-widget_type=\"text-editor.default\">\n\t\t\t\t<div class=\"elementor-widget-container\">\n\t\t\t\t\t\t\t\t\t<p class=\"p1\">Netflix anunci\u00f3 recientemente el estreno de Rockstar: DUKI desde el fin del mundo, un <b>documental<\/b> que <b>sigue la carrera<\/b> de Mauro Ezequiel Lombardo, m\u00e1s conocido como DUKI, desde sus inicios en las batallas de freestyle hasta convertirse en una de las <b>figuras m\u00e1s <\/b><b>importantes de la m\u00fasica urbana.<\/b><\/p><p class=\"p1\">La producci\u00f3n, realizada en Argentina y dirigida por Alejandro Hartmann (Carmel: <i>\u00bfQui\u00e9n <\/i><i>mat\u00f3 a Mar\u00eda Marta?, El fot\u00f3grafo y el cartero<\/i>), ofrece <b>material in\u00e9dito, archivo persona<\/b>l y <b>testimonios<\/b> de artistas y personas cercanas al m\u00fasico, algunos de ellos: Bizarrap y Nicki Nicole<\/p>\t\t\t\t\t\t\t\t<\/div>\n\t\t\t\t<\/div>\n\t\t\t\t\t<\/div>\n\t\t<\/div>\n\t\t\t\t\t<\/div>\n\t\t<\/section>\n\t\t\t\t<section class=\"elementor-section elementor-top-section elementor-element elementor-element-1c668f5 elementor-section-boxed elementor-section-height-default elementor-section-height-default\" data-id=\"1c668f5\" data-element_type=\"section\" data-e-type=\"section\">\n\t\t\t\t\t\t<div class=\"elementor-container elementor-column-gap-default\">\n\t\t\t\t\t<div class=\"elementor-column elementor-col-100 elementor-top-column elementor-element elementor-element-655fc32\" data-id=\"655fc32\" data-element_type=\"column\" data-e-type=\"column\">\n\t\t\t<div class=\"elementor-widget-wrap elementor-element-populated\">\n\t\t\t\t\t\t<div class=\"elementor-element elementor-element-31564a6 elementor-widget elementor-widget-image\" data-id=\"31564a6\" data-element_type=\"widget\" data-e-type=\"widget\" data-widget_type=\"image.default\">\n\t\t\t\t<div class=\"elementor-widget-container\">\n\t\t\t\t\t\t\t\t\t\t\t\t\t\t\t<img fetchpriority=\"high\" decoding=\"async\" width=\"576\" height=\"1024\" src=\"https:\/\/unaymilletras.com\/wp-content\/uploads\/2025\/09\/Anuncio_Documental_DUKI-576x1024.jpeg\" class=\"attachment-large size-large wp-image-5614\" alt=\"Duki Netflix\" srcset=\"https:\/\/unaymilletras.com\/wp-content\/uploads\/2025\/09\/Anuncio_Documental_DUKI-576x1024.jpeg 576w, https:\/\/unaymilletras.com\/wp-content\/uploads\/2025\/09\/Anuncio_Documental_DUKI-169x300.jpeg 169w, https:\/\/unaymilletras.com\/wp-content\/uploads\/2025\/09\/Anuncio_Documental_DUKI-7x12.jpeg 7w, https:\/\/unaymilletras.com\/wp-content\/uploads\/2025\/09\/Anuncio_Documental_DUKI.jpeg 720w\" sizes=\"(max-width: 576px) 100vw, 576px\" \/>\t\t\t\t\t\t\t\t\t\t\t\t\t\t\t<\/div>\n\t\t\t\t<\/div>\n\t\t\t\t\t<\/div>\n\t\t<\/div>\n\t\t\t\t\t<\/div>\n\t\t<\/section>\n\t\t\t\t<section class=\"elementor-section elementor-top-section elementor-element elementor-element-724e575 elementor-section-boxed elementor-section-height-default elementor-section-height-default\" data-id=\"724e575\" data-element_type=\"section\" data-e-type=\"section\">\n\t\t\t\t\t\t<div class=\"elementor-container elementor-column-gap-default\">\n\t\t\t\t\t<div class=\"elementor-column elementor-col-100 elementor-top-column elementor-element elementor-element-0e21c60\" data-id=\"0e21c60\" data-element_type=\"column\" data-e-type=\"column\">\n\t\t\t<div class=\"elementor-widget-wrap elementor-element-populated\">\n\t\t\t\t\t\t<div class=\"elementor-element elementor-element-97c18b8 elementor-widget elementor-widget-text-editor\" data-id=\"97c18b8\" data-element_type=\"widget\" data-e-type=\"widget\" data-widget_type=\"text-editor.default\">\n\t\t\t\t<div class=\"elementor-widget-container\">\n\t\t\t\t\t\t\t\t\t<p class=\"p1\">En octubre, el rapero <b>volver\u00e1 a Espa\u00f1a para encarar la segunda etapa de su tour.<\/b> Ser\u00e1n siete conciertos que incluyen paradas en Zaragoza, Sevilla, La Coru\u00f1a y Barcelona, adem\u00e1s de<b> tres shows en Madrid<\/b> (con dos funciones <i>sold out<\/i>). Con esta gira, DUKI busca ponerle el broche de oro a un a\u00f1o que lo consolid\u00f3 como referente global de la m\u00fasica urbana, devolviendo el cari\u00f1o que Espa\u00f1a le ha dado.<\/p><p class=\"p1\">El documental hace un recorrido del salto de DUKI desde Buenos Aires al resto del mundo, en un momento clave de su carrera. La c\u00e1mara lo acompa\u00f1a mientras se prepara para dos de sus shows m\u00e1s importantes: <b>River Plate en Argentina<\/b> y el <b>Santiago Bernab\u00e9u en <\/b><b>Espa\u00f1a.<\/b><\/p><p class=\"p1\">Adem\u00e1s de repasar su proceso creativo, el documental muestra la faceta <b>m\u00e1s \u00edntima<\/b> del artista, las cr\u00edticas que enfrent\u00f3 y los desaf\u00edos personales que atraves\u00f3 en el camino. Con <b>un relato que se mueve entre Mauro y DUK<\/b>I, el documental busca responder una pregunta clave: \u00bfd\u00f3nde termina la persona y d\u00f3nde empieza el \u00edcono?<\/p>\t\t\t\t\t\t\t\t<\/div>\n\t\t\t\t<\/div>\n\t\t\t\t\t<\/div>\n\t\t<\/div>\n\t\t\t\t\t<\/div>\n\t\t<\/section>\n\t\t\t\t<\/div>","protected":false},"excerpt":{"rendered":"<p>Duki anuncia que pr\u00f3ximamente se estrenar\u00e1 su documental en Netflix en el que podremos ver un recorrido por toda su carrera Netflix anunci\u00f3 recientemente el estreno de Rockstar: DUKI desde el fin del mundo, un documental que sigue la carrera de Mauro Ezequiel Lombardo, m\u00e1s conocido como DUKI, desde sus inicios en las batallas de [&hellip;]<\/p>\n","protected":false},"author":8,"featured_media":5614,"comment_status":"closed","ping_status":"closed","sticky":false,"template":"","format":"standard","meta":{"footnotes":""},"categories":[4,117],"tags":[],"class_list":["post-5612","post","type-post","status-publish","format-standard","has-post-thumbnail","hentry","category-musica","category-peliculas-y-series"],"yoast_head":"<!-- This site is optimized with the Yoast SEO plugin v27.4 - https:\/\/yoast.com\/product\/yoast-seo-wordpress\/ -->\n<title>Netflix presenta Rockstar: DUKI desde el fin del mundo<\/title>\n<meta name=\"description\" content=\"Duki anuncia que pr\u00f3ximamente se estrenar\u00e1 su documental en Netflix en el que podremos ver un recorrido por toda su carrera\" \/>\n<meta name=\"robots\" content=\"index, follow, max-snippet:-1, max-image-preview:large, max-video-preview:-1\" \/>\n<link rel=\"canonical\" href=\"https:\/\/unaymilletras.com\/en\/netflix-presenta-rockstar-duki-desde-el-fin-del-mundo\/\" \/>\n<meta property=\"og:locale\" content=\"en_GB\" \/>\n<meta property=\"og:type\" content=\"article\" \/>\n<meta property=\"og:title\" content=\"Netflix presenta Rockstar: DUKI desde el fin del mundo\" \/>\n<meta property=\"og:description\" content=\"Duki anuncia que pr\u00f3ximamente se estrenar\u00e1 su documental en Netflix en el que podremos ver un recorrido por toda su carrera\" \/>\n<meta property=\"og:url\" content=\"https:\/\/unaymilletras.com\/en\/netflix-presenta-rockstar-duki-desde-el-fin-del-mundo\/\" \/>\n<meta property=\"og:site_name\" content=\"Una y Mil Letras\" \/>\n<meta property=\"article:published_time\" content=\"2025-09-09T09:47:19+00:00\" \/>\n<meta property=\"article:modified_time\" content=\"2025-09-09T09:50:18+00:00\" \/>\n<meta property=\"og:image\" content=\"http:\/\/unaymilletras.com\/wp-content\/uploads\/2025\/09\/Anuncio_Documental_DUKI.jpeg\" \/>\n\t<meta property=\"og:image:width\" content=\"720\" \/>\n\t<meta property=\"og:image:height\" content=\"1280\" \/>\n\t<meta property=\"og:image:type\" content=\"image\/jpeg\" \/>\n<meta name=\"author\" content=\"Alvany Pereira\" \/>\n<meta name=\"twitter:card\" content=\"summary_large_image\" \/>\n<meta name=\"twitter:creator\" content=\"@UnaYMilLetras\" \/>\n<meta name=\"twitter:site\" content=\"@UnaYMilLetras\" \/>\n<meta name=\"twitter:label1\" content=\"Written by\" \/>\n\t<meta name=\"twitter:data1\" content=\"Alvany Pereira\" \/>\n\t<meta name=\"twitter:label2\" content=\"Estimated reading time\" \/>\n\t<meta name=\"twitter:data2\" content=\"2 minutes\" \/>\n<script type=\"application\/ld+json\" class=\"yoast-schema-graph\">{\"@context\":\"https:\\\/\\\/schema.org\",\"@graph\":[{\"@type\":\"Article\",\"@id\":\"https:\\\/\\\/unaymilletras.com\\\/netflix-presenta-rockstar-duki-desde-el-fin-del-mundo\\\/#article\",\"isPartOf\":{\"@id\":\"https:\\\/\\\/unaymilletras.com\\\/netflix-presenta-rockstar-duki-desde-el-fin-del-mundo\\\/\"},\"author\":{\"name\":\"Alvany Pereira\",\"@id\":\"http:\\\/\\\/unaymilletras.com\\\/#\\\/schema\\\/person\\\/f9792b0b93704f9d3f6cef46c2048d7d\"},\"headline\":\"Netflix presenta Rockstar: DUKI desde el fin del mundo\",\"datePublished\":\"2025-09-09T09:47:19+00:00\",\"dateModified\":\"2025-09-09T09:50:18+00:00\",\"mainEntityOfPage\":{\"@id\":\"https:\\\/\\\/unaymilletras.com\\\/netflix-presenta-rockstar-duki-desde-el-fin-del-mundo\\\/\"},\"wordCount\":320,\"publisher\":{\"@id\":\"http:\\\/\\\/unaymilletras.com\\\/#organization\"},\"image\":{\"@id\":\"https:\\\/\\\/unaymilletras.com\\\/netflix-presenta-rockstar-duki-desde-el-fin-del-mundo\\\/#primaryimage\"},\"thumbnailUrl\":\"https:\\\/\\\/unaymilletras.com\\\/wp-content\\\/uploads\\\/2025\\\/09\\\/Anuncio_Documental_DUKI.jpeg\",\"articleSection\":[\"M\u00fasica\",\"Pel\u00edculas y Series\"],\"inLanguage\":\"en-GB\"},{\"@type\":\"WebPage\",\"@id\":\"https:\\\/\\\/unaymilletras.com\\\/netflix-presenta-rockstar-duki-desde-el-fin-del-mundo\\\/\",\"url\":\"https:\\\/\\\/unaymilletras.com\\\/netflix-presenta-rockstar-duki-desde-el-fin-del-mundo\\\/\",\"name\":\"Netflix presenta Rockstar: DUKI desde el fin del mundo\",\"isPartOf\":{\"@id\":\"http:\\\/\\\/unaymilletras.com\\\/#website\"},\"primaryImageOfPage\":{\"@id\":\"https:\\\/\\\/unaymilletras.com\\\/netflix-presenta-rockstar-duki-desde-el-fin-del-mundo\\\/#primaryimage\"},\"image\":{\"@id\":\"https:\\\/\\\/unaymilletras.com\\\/netflix-presenta-rockstar-duki-desde-el-fin-del-mundo\\\/#primaryimage\"},\"thumbnailUrl\":\"https:\\\/\\\/unaymilletras.com\\\/wp-content\\\/uploads\\\/2025\\\/09\\\/Anuncio_Documental_DUKI.jpeg\",\"datePublished\":\"2025-09-09T09:47:19+00:00\",\"dateModified\":\"2025-09-09T09:50:18+00:00\",\"description\":\"Duki anuncia que pr\u00f3ximamente se estrenar\u00e1 su documental en Netflix en el que podremos ver un recorrido por toda su carrera\",\"breadcrumb\":{\"@id\":\"https:\\\/\\\/unaymilletras.com\\\/netflix-presenta-rockstar-duki-desde-el-fin-del-mundo\\\/#breadcrumb\"},\"inLanguage\":\"en-GB\",\"potentialAction\":[{\"@type\":\"ReadAction\",\"target\":[\"https:\\\/\\\/unaymilletras.com\\\/netflix-presenta-rockstar-duki-desde-el-fin-del-mundo\\\/\"]}]},{\"@type\":\"ImageObject\",\"inLanguage\":\"en-GB\",\"@id\":\"https:\\\/\\\/unaymilletras.com\\\/netflix-presenta-rockstar-duki-desde-el-fin-del-mundo\\\/#primaryimage\",\"url\":\"https:\\\/\\\/unaymilletras.com\\\/wp-content\\\/uploads\\\/2025\\\/09\\\/Anuncio_Documental_DUKI.jpeg\",\"contentUrl\":\"https:\\\/\\\/unaymilletras.com\\\/wp-content\\\/uploads\\\/2025\\\/09\\\/Anuncio_Documental_DUKI.jpeg\",\"width\":720,\"height\":1280,\"caption\":\"Duki Netflix\"},{\"@type\":\"BreadcrumbList\",\"@id\":\"https:\\\/\\\/unaymilletras.com\\\/netflix-presenta-rockstar-duki-desde-el-fin-del-mundo\\\/#breadcrumb\",\"itemListElement\":[{\"@type\":\"ListItem\",\"position\":1,\"name\":\"Home\",\"item\":\"http:\\\/\\\/unaymilletras.com\\\/\"},{\"@type\":\"ListItem\",\"position\":2,\"name\":\"Netflix presenta Rockstar: DUKI desde el fin del mundo\"}]},{\"@type\":\"WebSite\",\"@id\":\"http:\\\/\\\/unaymilletras.com\\\/#website\",\"url\":\"http:\\\/\\\/unaymilletras.com\\\/\",\"name\":\"Una y Mil Letras\",\"description\":\"\",\"publisher\":{\"@id\":\"http:\\\/\\\/unaymilletras.com\\\/#organization\"},\"potentialAction\":[{\"@type\":\"SearchAction\",\"target\":{\"@type\":\"EntryPoint\",\"urlTemplate\":\"http:\\\/\\\/unaymilletras.com\\\/?s={search_term_string}\"},\"query-input\":{\"@type\":\"PropertyValueSpecification\",\"valueRequired\":true,\"valueName\":\"search_term_string\"}}],\"inLanguage\":\"en-GB\"},{\"@type\":\"Organization\",\"@id\":\"http:\\\/\\\/unaymilletras.com\\\/#organization\",\"name\":\"Una y Mil Letras\",\"url\":\"http:\\\/\\\/unaymilletras.com\\\/\",\"logo\":{\"@type\":\"ImageObject\",\"inLanguage\":\"en-GB\",\"@id\":\"http:\\\/\\\/unaymilletras.com\\\/#\\\/schema\\\/logo\\\/image\\\/\",\"url\":\"https:\\\/\\\/unaymilletras.com\\\/wp-content\\\/uploads\\\/2024\\\/06\\\/cropped-Logo-removebg-preview.png\",\"contentUrl\":\"https:\\\/\\\/unaymilletras.com\\\/wp-content\\\/uploads\\\/2024\\\/06\\\/cropped-Logo-removebg-preview.png\",\"width\":512,\"height\":512,\"caption\":\"Una y Mil Letras\"},\"image\":{\"@id\":\"http:\\\/\\\/unaymilletras.com\\\/#\\\/schema\\\/logo\\\/image\\\/\"},\"sameAs\":[\"https:\\\/\\\/x.com\\\/UnaYMilLetras\",\"https:\\\/\\\/instagram.com\\\/UnaYMilLetras\"]},{\"@type\":\"Person\",\"@id\":\"http:\\\/\\\/unaymilletras.com\\\/#\\\/schema\\\/person\\\/f9792b0b93704f9d3f6cef46c2048d7d\",\"name\":\"Alvany Pereira\",\"image\":{\"@type\":\"ImageObject\",\"inLanguage\":\"en-GB\",\"@id\":\"https:\\\/\\\/secure.gravatar.com\\\/avatar\\\/1a5fbcc81714220624d70f391a6187cd1434ccfcb154238afd238d6b8bb7f593?s=96&d=mm&r=g\",\"url\":\"https:\\\/\\\/secure.gravatar.com\\\/avatar\\\/1a5fbcc81714220624d70f391a6187cd1434ccfcb154238afd238d6b8bb7f593?s=96&d=mm&r=g\",\"contentUrl\":\"https:\\\/\\\/secure.gravatar.com\\\/avatar\\\/1a5fbcc81714220624d70f391a6187cd1434ccfcb154238afd238d6b8bb7f593?s=96&d=mm&r=g\",\"caption\":\"Alvany Pereira\"},\"url\":\"https:\\\/\\\/unaymilletras.com\\\/en\\\/author\\\/alvanysophia\\\/\"}]}<\/script>\n<!-- \/ Yoast SEO plugin. -->","yoast_head_json":{"title":"Netflix presenta Rockstar: DUKI desde el fin del mundo","description":"Duki anuncia que pr\u00f3ximamente se estrenar\u00e1 su documental en Netflix en el que podremos ver un recorrido por toda su carrera","robots":{"index":"index","follow":"follow","max-snippet":"max-snippet:-1","max-image-preview":"max-image-preview:large","max-video-preview":"max-video-preview:-1"},"canonical":"https:\/\/unaymilletras.com\/en\/netflix-presenta-rockstar-duki-desde-el-fin-del-mundo\/","og_locale":"en_GB","og_type":"article","og_title":"Netflix presenta Rockstar: DUKI desde el fin del mundo","og_description":"Duki anuncia que pr\u00f3ximamente se estrenar\u00e1 su documental en Netflix en el que podremos ver un recorrido por toda su carrera","og_url":"https:\/\/unaymilletras.com\/en\/netflix-presenta-rockstar-duki-desde-el-fin-del-mundo\/","og_site_name":"Una y Mil Letras","article_published_time":"2025-09-09T09:47:19+00:00","article_modified_time":"2025-09-09T09:50:18+00:00","og_image":[{"width":720,"height":1280,"url":"http:\/\/unaymilletras.com\/wp-content\/uploads\/2025\/09\/Anuncio_Documental_DUKI.jpeg","type":"image\/jpeg"}],"author":"Alvany Pereira","twitter_card":"summary_large_image","twitter_creator":"@UnaYMilLetras","twitter_site":"@UnaYMilLetras","twitter_misc":{"Written by":"Alvany Pereira","Estimated reading time":"2 minutes"},"schema":{"@context":"https:\/\/schema.org","@graph":[{"@type":"Article","@id":"https:\/\/unaymilletras.com\/netflix-presenta-rockstar-duki-desde-el-fin-del-mundo\/#article","isPartOf":{"@id":"https:\/\/unaymilletras.com\/netflix-presenta-rockstar-duki-desde-el-fin-del-mundo\/"},"author":{"name":"Alvany Pereira","@id":"http:\/\/unaymilletras.com\/#\/schema\/person\/f9792b0b93704f9d3f6cef46c2048d7d"},"headline":"Netflix presenta Rockstar: DUKI desde el fin del mundo","datePublished":"2025-09-09T09:47:19+00:00","dateModified":"2025-09-09T09:50:18+00:00","mainEntityOfPage":{"@id":"https:\/\/unaymilletras.com\/netflix-presenta-rockstar-duki-desde-el-fin-del-mundo\/"},"wordCount":320,"publisher":{"@id":"http:\/\/unaymilletras.com\/#organization"},"image":{"@id":"https:\/\/unaymilletras.com\/netflix-presenta-rockstar-duki-desde-el-fin-del-mundo\/#primaryimage"},"thumbnailUrl":"https:\/\/unaymilletras.com\/wp-content\/uploads\/2025\/09\/Anuncio_Documental_DUKI.jpeg","articleSection":["M\u00fasica","Pel\u00edculas y Series"],"inLanguage":"en-GB"},{"@type":"WebPage","@id":"https:\/\/unaymilletras.com\/netflix-presenta-rockstar-duki-desde-el-fin-del-mundo\/","url":"https:\/\/unaymilletras.com\/netflix-presenta-rockstar-duki-desde-el-fin-del-mundo\/","name":"Netflix presenta Rockstar: DUKI desde el fin del mundo","isPartOf":{"@id":"http:\/\/unaymilletras.com\/#website"},"primaryImageOfPage":{"@id":"https:\/\/unaymilletras.com\/netflix-presenta-rockstar-duki-desde-el-fin-del-mundo\/#primaryimage"},"image":{"@id":"https:\/\/unaymilletras.com\/netflix-presenta-rockstar-duki-desde-el-fin-del-mundo\/#primaryimage"},"thumbnailUrl":"https:\/\/unaymilletras.com\/wp-content\/uploads\/2025\/09\/Anuncio_Documental_DUKI.jpeg","datePublished":"2025-09-09T09:47:19+00:00","dateModified":"2025-09-09T09:50:18+00:00","description":"Duki anuncia que pr\u00f3ximamente se estrenar\u00e1 su documental en Netflix en el que podremos ver un recorrido por toda su carrera","breadcrumb":{"@id":"https:\/\/unaymilletras.com\/netflix-presenta-rockstar-duki-desde-el-fin-del-mundo\/#breadcrumb"},"inLanguage":"en-GB","potentialAction":[{"@type":"ReadAction","target":["https:\/\/unaymilletras.com\/netflix-presenta-rockstar-duki-desde-el-fin-del-mundo\/"]}]},{"@type":"ImageObject","inLanguage":"en-GB","@id":"https:\/\/unaymilletras.com\/netflix-presenta-rockstar-duki-desde-el-fin-del-mundo\/#primaryimage","url":"https:\/\/unaymilletras.com\/wp-content\/uploads\/2025\/09\/Anuncio_Documental_DUKI.jpeg","contentUrl":"https:\/\/unaymilletras.com\/wp-content\/uploads\/2025\/09\/Anuncio_Documental_DUKI.jpeg","width":720,"height":1280,"caption":"Duki Netflix"},{"@type":"BreadcrumbList","@id":"https:\/\/unaymilletras.com\/netflix-presenta-rockstar-duki-desde-el-fin-del-mundo\/#breadcrumb","itemListElement":[{"@type":"ListItem","position":1,"name":"Home","item":"http:\/\/unaymilletras.com\/"},{"@type":"ListItem","position":2,"name":"Netflix presenta Rockstar: DUKI desde el fin del mundo"}]},{"@type":"WebSite","@id":"http:\/\/unaymilletras.com\/#website","url":"http:\/\/unaymilletras.com\/","name":"Una y Mil Letras","description":"","publisher":{"@id":"http:\/\/unaymilletras.com\/#organization"},"potentialAction":[{"@type":"SearchAction","target":{"@type":"EntryPoint","urlTemplate":"http:\/\/unaymilletras.com\/?s={search_term_string}"},"query-input":{"@type":"PropertyValueSpecification","valueRequired":true,"valueName":"search_term_string"}}],"inLanguage":"en-GB"},{"@type":"Organization","@id":"http:\/\/unaymilletras.com\/#organization","name":"Una y Mil Letras","url":"http:\/\/unaymilletras.com\/","logo":{"@type":"ImageObject","inLanguage":"en-GB","@id":"http:\/\/unaymilletras.com\/#\/schema\/logo\/image\/","url":"https:\/\/unaymilletras.com\/wp-content\/uploads\/2024\/06\/cropped-Logo-removebg-preview.png","contentUrl":"https:\/\/unaymilletras.com\/wp-content\/uploads\/2024\/06\/cropped-Logo-removebg-preview.png","width":512,"height":512,"caption":"Una y Mil Letras"},"image":{"@id":"http:\/\/unaymilletras.com\/#\/schema\/logo\/image\/"},"sameAs":["https:\/\/x.com\/UnaYMilLetras","https:\/\/instagram.com\/UnaYMilLetras"]},{"@type":"Person","@id":"http:\/\/unaymilletras.com\/#\/schema\/person\/f9792b0b93704f9d3f6cef46c2048d7d","name":"Alvany Pereira","image":{"@type":"ImageObject","inLanguage":"en-GB","@id":"https:\/\/secure.gravatar.com\/avatar\/1a5fbcc81714220624d70f391a6187cd1434ccfcb154238afd238d6b8bb7f593?s=96&d=mm&r=g","url":"https:\/\/secure.gravatar.com\/avatar\/1a5fbcc81714220624d70f391a6187cd1434ccfcb154238afd238d6b8bb7f593?s=96&d=mm&r=g","contentUrl":"https:\/\/secure.gravatar.com\/avatar\/1a5fbcc81714220624d70f391a6187cd1434ccfcb154238afd238d6b8bb7f593?s=96&d=mm&r=g","caption":"Alvany Pereira"},"url":"https:\/\/unaymilletras.com\/en\/author\/alvanysophia\/"}]}},"_links":{"self":[{"href":"https:\/\/unaymilletras.com\/en\/wp-json\/wp\/v2\/posts\/5612","targetHints":{"allow":["GET"]}}],"collection":[{"href":"https:\/\/unaymilletras.com\/en\/wp-json\/wp\/v2\/posts"}],"about":[{"href":"https:\/\/unaymilletras.com\/en\/wp-json\/wp\/v2\/types\/post"}],"author":[{"embeddable":true,"href":"https:\/\/unaymilletras.com\/en\/wp-json\/wp\/v2\/users\/8"}],"replies":[{"embeddable":true,"href":"https:\/\/unaymilletras.com\/en\/wp-json\/wp\/v2\/comments?post=5612"}],"version-history":[{"count":7,"href":"https:\/\/unaymilletras.com\/en\/wp-json\/wp\/v2\/posts\/5612\/revisions"}],"predecessor-version":[{"id":5620,"href":"https:\/\/unaymilletras.com\/en\/wp-json\/wp\/v2\/posts\/5612\/revisions\/5620"}],"wp:featuredmedia":[{"embeddable":true,"href":"https:\/\/unaymilletras.com\/en\/wp-json\/wp\/v2\/media\/5614"}],"wp:attachment":[{"href":"https:\/\/unaymilletras.com\/en\/wp-json\/wp\/v2\/media?parent=5612"}],"wp:term":[{"taxonomy":"category","embeddable":true,"href":"https:\/\/unaymilletras.com\/en\/wp-json\/wp\/v2\/categories?post=5612"},{"taxonomy":"post_tag","embeddable":true,"href":"https:\/\/unaymilletras.com\/en\/wp-json\/wp\/v2\/tags?post=5612"}],"curies":[{"name":"wp","href":"https:\/\/api.w.org\/{rel}","templated":true}]}}