{"id":5622,"date":"2025-09-10T17:15:00","date_gmt":"2025-09-10T15:15:00","guid":{"rendered":"https:\/\/unaymilletras.com\/?p=5622"},"modified":"2025-09-10T14:16:29","modified_gmt":"2025-09-10T12:16:29","slug":"the-weeknd-va-a-por-su-tercera-fecha-en-el-estadio-metrpolitano","status":"publish","type":"post","link":"https:\/\/unaymilletras.com\/en\/the-weeknd-va-a-por-su-tercera-fecha-en-el-estadio-metrpolitano\/","title":{"rendered":"The Weeknd va a por su tercera fecha en el Estadio Metrpolitano"},"content":{"rendered":"<div data-elementor-type=\"wp-post\" data-elementor-id=\"5622\" class=\"elementor elementor-5622\">\n\t\t\t\t\t\t<section class=\"elementor-section elementor-top-section elementor-element elementor-element-b4b581e elementor-section-boxed elementor-section-height-default elementor-section-height-default\" data-id=\"b4b581e\" data-element_type=\"section\" data-e-type=\"section\">\n\t\t\t\t\t\t<div class=\"elementor-container elementor-column-gap-default\">\n\t\t\t\t\t<div class=\"elementor-column elementor-col-100 elementor-top-column elementor-element elementor-element-8149317\" data-id=\"8149317\" data-element_type=\"column\" data-e-type=\"column\">\n\t\t\t<div class=\"elementor-widget-wrap elementor-element-populated\">\n\t\t\t\t\t\t<div class=\"elementor-element elementor-element-7be30b9 elementor-widget elementor-widget-text-editor\" data-id=\"7be30b9\" data-element_type=\"widget\" data-e-type=\"widget\" data-widget_type=\"text-editor.default\">\n\t\t\t\t<div class=\"elementor-widget-container\">\n\t\t\t\t\t\t\t\t\t<h2 style=\"text-align: center;\"><span style=\"color: #808080;\"><em>El canadiense The Weeknd actuar\u00e1 los d\u00edas 28, 29 y 30 de agosto de 2026 en el Riyadh Air Metropolitano de Madrid<\/em><\/span><\/h2>\t\t\t\t\t\t\t\t<\/div>\n\t\t\t\t<\/div>\n\t\t\t\t\t<\/div>\n\t\t<\/div>\n\t\t\t\t\t<\/div>\n\t\t<\/section>\n\t\t\t\t<section class=\"elementor-section elementor-top-section elementor-element elementor-element-d779886 elementor-section-boxed elementor-section-height-default elementor-section-height-default\" data-id=\"d779886\" data-element_type=\"section\" data-e-type=\"section\">\n\t\t\t\t\t\t<div class=\"elementor-container elementor-column-gap-default\">\n\t\t\t\t\t<div class=\"elementor-column elementor-col-100 elementor-top-column elementor-element elementor-element-11d0951\" data-id=\"11d0951\" data-element_type=\"column\" data-e-type=\"column\">\n\t\t\t<div class=\"elementor-widget-wrap elementor-element-populated\">\n\t\t\t\t\t\t<div class=\"elementor-element elementor-element-d6cddc9 elementor-widget elementor-widget-text-editor\" data-id=\"d6cddc9\" data-element_type=\"widget\" data-e-type=\"widget\" data-widget_type=\"text-editor.default\">\n\t\t\t\t<div class=\"elementor-widget-container\">\n\t\t\t\t\t\t\t\t\t<p data-start=\"386\" data-end=\"831\">La fiebre por The Weeknd en Madrid sigue creciendo. Tras arrasar en preventa y agotar la demanda inicial, el artista canadiense ha confirmado una tercera fecha en el <strong data-start=\"552\" data-end=\"580\">Riyadh Air Metropolitano<\/strong> para el <strong data-start=\"589\" data-end=\"613\">30 de agosto de 2026<\/strong>, que se suma a los conciertos ya anunciados los d\u00edas 28 y 29. Con este triplete, Madrid ser\u00e1 el epicentro del cierre de su gira europea, que recorrer\u00e1 escenarios de M\u00e9xico, Brasil, Par\u00eds, \u00c1msterdam, Mil\u00e1n y Londres.<\/p><p data-start=\"833\" data-end=\"1160\">El show repasar\u00e1 la trilog\u00eda formada por <em data-start=\"874\" data-end=\"887\">After Hours<\/em> (2020), <em data-start=\"896\" data-end=\"905\">Dawn FM<\/em> (2022) y <em data-start=\"915\" data-end=\"934\">Hurry Up Tomorrow<\/em> (2025), con un espect\u00e1culo a gran escala producido por Live Nation y patrocinado por Nespresso. En Europa y Reino Unido, el invitado especial ser\u00e1 <strong data-start=\"1082\" data-end=\"1099\">Playboi Carti<\/strong>, mientras que <strong data-start=\"1114\" data-end=\"1124\">Anitta<\/strong> lo acompa\u00f1ar\u00e1 en M\u00e9xico y Brasil.<\/p>\t\t\t\t\t\t\t\t<\/div>\n\t\t\t\t<\/div>\n\t\t\t\t\t<\/div>\n\t\t<\/div>\n\t\t\t\t\t<\/div>\n\t\t<\/section>\n\t\t\t\t<section class=\"elementor-section elementor-top-section elementor-element elementor-element-efc6f11 elementor-section-boxed elementor-section-height-default elementor-section-height-default\" data-id=\"efc6f11\" data-element_type=\"section\" data-e-type=\"section\">\n\t\t\t\t\t\t<div class=\"elementor-container elementor-column-gap-default\">\n\t\t\t\t\t<div class=\"elementor-column elementor-col-100 elementor-top-column elementor-element elementor-element-644b76e\" data-id=\"644b76e\" data-element_type=\"column\" data-e-type=\"column\">\n\t\t\t<div class=\"elementor-widget-wrap elementor-element-populated\">\n\t\t\t\t\t\t<div class=\"elementor-element elementor-element-3aed316 elementor-widget elementor-widget-image\" data-id=\"3aed316\" data-element_type=\"widget\" data-e-type=\"widget\" data-widget_type=\"image.default\">\n\t\t\t\t<div class=\"elementor-widget-container\">\n\t\t\t\t\t\t\t\t\t\t\t\t\t\t\t<img fetchpriority=\"high\" decoding=\"async\" width=\"640\" height=\"800\" src=\"https:\/\/unaymilletras.com\/wp-content\/uploads\/2025\/09\/6124a5ff-7ae3-77cf-76e0-25c0d1d6-819x1024.jpg\" class=\"attachment-large size-large wp-image-5624\" alt=\"The Weeknd\" srcset=\"https:\/\/unaymilletras.com\/wp-content\/uploads\/2025\/09\/6124a5ff-7ae3-77cf-76e0-25c0d1d6-819x1024.jpg 819w, https:\/\/unaymilletras.com\/wp-content\/uploads\/2025\/09\/6124a5ff-7ae3-77cf-76e0-25c0d1d6-240x300.jpg 240w, https:\/\/unaymilletras.com\/wp-content\/uploads\/2025\/09\/6124a5ff-7ae3-77cf-76e0-25c0d1d6-768x960.jpg 768w, https:\/\/unaymilletras.com\/wp-content\/uploads\/2025\/09\/6124a5ff-7ae3-77cf-76e0-25c0d1d6-10x12.jpg 10w, https:\/\/unaymilletras.com\/wp-content\/uploads\/2025\/09\/6124a5ff-7ae3-77cf-76e0-25c0d1d6-1024x1280.jpg 1024w, https:\/\/unaymilletras.com\/wp-content\/uploads\/2025\/09\/6124a5ff-7ae3-77cf-76e0-25c0d1d6-e1757506480665.jpg 600w\" sizes=\"(max-width: 640px) 100vw, 640px\" \/>\t\t\t\t\t\t\t\t\t\t\t\t\t\t\t<\/div>\n\t\t\t\t<\/div>\n\t\t\t\t\t<\/div>\n\t\t<\/div>\n\t\t\t\t\t<\/div>\n\t\t<\/section>\n\t\t\t\t<section class=\"elementor-section elementor-top-section elementor-element elementor-element-e79834b elementor-section-boxed elementor-section-height-default elementor-section-height-default\" data-id=\"e79834b\" data-element_type=\"section\" data-e-type=\"section\">\n\t\t\t\t\t\t<div class=\"elementor-container elementor-column-gap-default\">\n\t\t\t\t\t<div class=\"elementor-column elementor-col-100 elementor-top-column elementor-element elementor-element-86e12e0\" data-id=\"86e12e0\" data-element_type=\"column\" data-e-type=\"column\">\n\t\t\t<div class=\"elementor-widget-wrap elementor-element-populated\">\n\t\t\t\t\t\t<div class=\"elementor-element elementor-element-9bd7d11 elementor-widget elementor-widget-text-editor\" data-id=\"9bd7d11\" data-element_type=\"widget\" data-e-type=\"widget\" data-widget_type=\"text-editor.default\">\n\t\t\t\t<div class=\"elementor-widget-container\">\n\t\t\t\t\t\t\t\t\t<h4 data-start=\"1162\" data-end=\"1197\"><span style=\"color: #4c798c;\"><strong>Preventas y venta de entradas<\/strong><\/span><\/h4><p data-start=\"1198\" data-end=\"1266\">Los fans tienen varias oportunidades para asegurarse sus entradas:<\/p><ul data-start=\"1268\" data-end=\"1591\"><li data-start=\"1268\" data-end=\"1366\"><p data-start=\"1270\" data-end=\"1366\"><strong data-start=\"1270\" data-end=\"1305\">Preventa S.SMUSIC (Live Nation)<\/strong>: ya disponible desde el <strong data-start=\"1330\" data-end=\"1363\">10 de septiembre a las 14:00h<\/strong>.<\/p><\/li><li data-start=\"1367\" data-end=\"1459\"><p data-start=\"1369\" data-end=\"1459\"><strong data-start=\"1369\" data-end=\"1393\">Preventa Live Nation<\/strong>: abierta el <strong data-start=\"1406\" data-end=\"1439\">11 de septiembre a las 12:00h<\/strong> en livenation.es.<\/p><\/li><li data-start=\"1460\" data-end=\"1591\"><p data-start=\"1462\" data-end=\"1591\"><strong data-start=\"1462\" data-end=\"1479\">Venta general<\/strong>: a partir del <strong data-start=\"1494\" data-end=\"1527\">12 de septiembre a las 12:00h<\/strong> en <strong data-start=\"1531\" data-end=\"1548\">livenation.es<\/strong>, <strong data-start=\"1550\" data-end=\"1566\">Ticketmaster<\/strong> y <strong data-start=\"1569\" data-end=\"1588\">El Corte Ingl\u00e9s<\/strong>.<\/p><\/li><\/ul><p data-start=\"1593\" data-end=\"1954\">The Weeknd es uno de los artistas m\u00e1s escuchados del mundo, con m\u00e1s de <strong data-start=\"1664\" data-end=\"1712\">111 millones de oyentes mensuales en Spotify<\/strong> y con el reconocimiento de <strong data-start=\"1740\" data-end=\"1766\">Guinness World Records<\/strong> como <em data-start=\"1772\" data-end=\"1808\">\u201cEl Artista M\u00e1s Popular del Mundo\u201d<\/em> en 2023. Su tema <em data-start=\"1826\" data-end=\"1843\">Blinding Lights<\/em> sigue siendo la canci\u00f3n n\u00famero 1 de todos los tiempos en Billboard Hot 100 y ostenta certificaci\u00f3n Diamante.<\/p><p data-start=\"1956\" data-end=\"2150\">Con su impacto cultural, sus m\u00faltiples premios y un directo de dimensiones hist\u00f3ricas, los tres conciertos en Madrid prometen convertirse en una de las citas musicales m\u00e1s importantes de 202<\/p>\t\t\t\t\t\t\t\t<\/div>\n\t\t\t\t<\/div>\n\t\t\t\t\t<\/div>\n\t\t<\/div>\n\t\t\t\t\t<\/div>\n\t\t<\/section>\n\t\t\t\t<\/div>","protected":false},"excerpt":{"rendered":"<p>El canadiense The Weeknd actuar\u00e1 los d\u00edas 28, 29 y 30 de agosto de 2026 en el Riyadh Air Metropolitano de Madrid La fiebre por The Weeknd en Madrid sigue creciendo. Tras arrasar en preventa y agotar la demanda inicial, el artista canadiense ha confirmado una tercera fecha en el Riyadh Air Metropolitano para el [&hellip;]<\/p>\n","protected":false},"author":6,"featured_media":5624,"comment_status":"closed","ping_status":"closed","sticky":false,"template":"","format":"standard","meta":{"footnotes":""},"categories":[4],"tags":[],"class_list":["post-5622","post","type-post","status-publish","format-standard","has-post-thumbnail","hentry","category-musica"],"yoast_head":"<!-- This site is optimized with the Yoast SEO plugin v27.4 - https:\/\/yoast.com\/product\/yoast-seo-wordpress\/ -->\n<title>The Weeknd va a por su tercera fecha en el Estadio Metrpolitano<\/title>\n<meta name=\"description\" content=\"El canadiense The Weeknd actuar\u00e1 los d\u00edas 28, 29 y 30 de agosto de 2026 en el Riyadh Air Metropolitano de Madrid\" \/>\n<meta name=\"robots\" content=\"index, follow, max-snippet:-1, max-image-preview:large, max-video-preview:-1\" \/>\n<link rel=\"canonical\" href=\"https:\/\/unaymilletras.com\/en\/the-weeknd-va-a-por-su-tercera-fecha-en-el-estadio-metrpolitano\/\" \/>\n<meta property=\"og:locale\" content=\"en_GB\" \/>\n<meta property=\"og:type\" content=\"article\" \/>\n<meta property=\"og:title\" content=\"The Weeknd va a por su tercera fecha en el Estadio Metrpolitano\" \/>\n<meta property=\"og:description\" content=\"El canadiense The Weeknd actuar\u00e1 los d\u00edas 28, 29 y 30 de agosto de 2026 en el Riyadh Air Metropolitano de Madrid\" \/>\n<meta property=\"og:url\" content=\"https:\/\/unaymilletras.com\/en\/the-weeknd-va-a-por-su-tercera-fecha-en-el-estadio-metrpolitano\/\" \/>\n<meta property=\"og:site_name\" content=\"Una y Mil Letras\" \/>\n<meta property=\"article:published_time\" content=\"2025-09-10T15:15:00+00:00\" \/>\n<meta property=\"og:image\" content=\"https:\/\/unaymilletras.com\/wp-content\/uploads\/2025\/09\/6124a5ff-7ae3-77cf-76e0-25c0d1d6-e1757506480665.jpg\" \/>\n\t<meta property=\"og:image:width\" content=\"600\" \/>\n\t<meta property=\"og:image:height\" content=\"750\" \/>\n\t<meta property=\"og:image:type\" content=\"image\/jpeg\" \/>\n<meta name=\"author\" content=\"Redacci\u00f3n\" \/>\n<meta name=\"twitter:card\" content=\"summary_large_image\" \/>\n<meta name=\"twitter:creator\" content=\"@UnaYMilLetras\" \/>\n<meta name=\"twitter:site\" content=\"@UnaYMilLetras\" \/>\n<meta name=\"twitter:label1\" content=\"Written by\" \/>\n\t<meta name=\"twitter:data1\" content=\"Redacci\u00f3n\" \/>\n\t<meta name=\"twitter:label2\" content=\"Estimated reading time\" \/>\n\t<meta name=\"twitter:data2\" content=\"2 minutes\" \/>\n<script type=\"application\/ld+json\" class=\"yoast-schema-graph\">{\"@context\":\"https:\\\/\\\/schema.org\",\"@graph\":[{\"@type\":\"Article\",\"@id\":\"https:\\\/\\\/unaymilletras.com\\\/the-weeknd-va-a-por-su-tercera-fecha-en-el-estadio-metrpolitano\\\/#article\",\"isPartOf\":{\"@id\":\"https:\\\/\\\/unaymilletras.com\\\/the-weeknd-va-a-por-su-tercera-fecha-en-el-estadio-metrpolitano\\\/\"},\"author\":{\"name\":\"Redacci\u00f3n\",\"@id\":\"http:\\\/\\\/unaymilletras.com\\\/#\\\/schema\\\/person\\\/0860dc8a218329991ee2c7591f4f849d\"},\"headline\":\"The Weeknd va a por su tercera fecha en el Estadio Metrpolitano\",\"datePublished\":\"2025-09-10T15:15:00+00:00\",\"mainEntityOfPage\":{\"@id\":\"https:\\\/\\\/unaymilletras.com\\\/the-weeknd-va-a-por-su-tercera-fecha-en-el-estadio-metrpolitano\\\/\"},\"wordCount\":313,\"publisher\":{\"@id\":\"http:\\\/\\\/unaymilletras.com\\\/#organization\"},\"image\":{\"@id\":\"https:\\\/\\\/unaymilletras.com\\\/the-weeknd-va-a-por-su-tercera-fecha-en-el-estadio-metrpolitano\\\/#primaryimage\"},\"thumbnailUrl\":\"https:\\\/\\\/unaymilletras.com\\\/wp-content\\\/uploads\\\/2025\\\/09\\\/6124a5ff-7ae3-77cf-76e0-25c0d1d6-e1757506480665.jpg\",\"articleSection\":[\"M\u00fasica\"],\"inLanguage\":\"en-GB\"},{\"@type\":\"WebPage\",\"@id\":\"https:\\\/\\\/unaymilletras.com\\\/the-weeknd-va-a-por-su-tercera-fecha-en-el-estadio-metrpolitano\\\/\",\"url\":\"https:\\\/\\\/unaymilletras.com\\\/the-weeknd-va-a-por-su-tercera-fecha-en-el-estadio-metrpolitano\\\/\",\"name\":\"The Weeknd va a por su tercera fecha en el Estadio Metrpolitano\",\"isPartOf\":{\"@id\":\"http:\\\/\\\/unaymilletras.com\\\/#website\"},\"primaryImageOfPage\":{\"@id\":\"https:\\\/\\\/unaymilletras.com\\\/the-weeknd-va-a-por-su-tercera-fecha-en-el-estadio-metrpolitano\\\/#primaryimage\"},\"image\":{\"@id\":\"https:\\\/\\\/unaymilletras.com\\\/the-weeknd-va-a-por-su-tercera-fecha-en-el-estadio-metrpolitano\\\/#primaryimage\"},\"thumbnailUrl\":\"https:\\\/\\\/unaymilletras.com\\\/wp-content\\\/uploads\\\/2025\\\/09\\\/6124a5ff-7ae3-77cf-76e0-25c0d1d6-e1757506480665.jpg\",\"datePublished\":\"2025-09-10T15:15:00+00:00\",\"description\":\"El canadiense The Weeknd actuar\u00e1 los d\u00edas 28, 29 y 30 de agosto de 2026 en el Riyadh Air Metropolitano de Madrid\",\"breadcrumb\":{\"@id\":\"https:\\\/\\\/unaymilletras.com\\\/the-weeknd-va-a-por-su-tercera-fecha-en-el-estadio-metrpolitano\\\/#breadcrumb\"},\"inLanguage\":\"en-GB\",\"potentialAction\":[{\"@type\":\"ReadAction\",\"target\":[\"https:\\\/\\\/unaymilletras.com\\\/the-weeknd-va-a-por-su-tercera-fecha-en-el-estadio-metrpolitano\\\/\"]}]},{\"@type\":\"ImageObject\",\"inLanguage\":\"en-GB\",\"@id\":\"https:\\\/\\\/unaymilletras.com\\\/the-weeknd-va-a-por-su-tercera-fecha-en-el-estadio-metrpolitano\\\/#primaryimage\",\"url\":\"https:\\\/\\\/unaymilletras.com\\\/wp-content\\\/uploads\\\/2025\\\/09\\\/6124a5ff-7ae3-77cf-76e0-25c0d1d6-e1757506480665.jpg\",\"contentUrl\":\"https:\\\/\\\/unaymilletras.com\\\/wp-content\\\/uploads\\\/2025\\\/09\\\/6124a5ff-7ae3-77cf-76e0-25c0d1d6-e1757506480665.jpg\",\"width\":600,\"height\":750,\"caption\":\"The Weeknd\"},{\"@type\":\"BreadcrumbList\",\"@id\":\"https:\\\/\\\/unaymilletras.com\\\/the-weeknd-va-a-por-su-tercera-fecha-en-el-estadio-metrpolitano\\\/#breadcrumb\",\"itemListElement\":[{\"@type\":\"ListItem\",\"position\":1,\"name\":\"Home\",\"item\":\"http:\\\/\\\/unaymilletras.com\\\/\"},{\"@type\":\"ListItem\",\"position\":2,\"name\":\"The Weeknd va a por su tercera fecha en el Estadio Metrpolitano\"}]},{\"@type\":\"WebSite\",\"@id\":\"http:\\\/\\\/unaymilletras.com\\\/#website\",\"url\":\"http:\\\/\\\/unaymilletras.com\\\/\",\"name\":\"Una y Mil Letras\",\"description\":\"\",\"publisher\":{\"@id\":\"http:\\\/\\\/unaymilletras.com\\\/#organization\"},\"potentialAction\":[{\"@type\":\"SearchAction\",\"target\":{\"@type\":\"EntryPoint\",\"urlTemplate\":\"http:\\\/\\\/unaymilletras.com\\\/?s={search_term_string}\"},\"query-input\":{\"@type\":\"PropertyValueSpecification\",\"valueRequired\":true,\"valueName\":\"search_term_string\"}}],\"inLanguage\":\"en-GB\"},{\"@type\":\"Organization\",\"@id\":\"http:\\\/\\\/unaymilletras.com\\\/#organization\",\"name\":\"Una y Mil Letras\",\"url\":\"http:\\\/\\\/unaymilletras.com\\\/\",\"logo\":{\"@type\":\"ImageObject\",\"inLanguage\":\"en-GB\",\"@id\":\"http:\\\/\\\/unaymilletras.com\\\/#\\\/schema\\\/logo\\\/image\\\/\",\"url\":\"https:\\\/\\\/unaymilletras.com\\\/wp-content\\\/uploads\\\/2024\\\/06\\\/cropped-Logo-removebg-preview.png\",\"contentUrl\":\"https:\\\/\\\/unaymilletras.com\\\/wp-content\\\/uploads\\\/2024\\\/06\\\/cropped-Logo-removebg-preview.png\",\"width\":512,\"height\":512,\"caption\":\"Una y Mil Letras\"},\"image\":{\"@id\":\"http:\\\/\\\/unaymilletras.com\\\/#\\\/schema\\\/logo\\\/image\\\/\"},\"sameAs\":[\"https:\\\/\\\/x.com\\\/UnaYMilLetras\",\"https:\\\/\\\/instagram.com\\\/UnaYMilLetras\"]},{\"@type\":\"Person\",\"@id\":\"http:\\\/\\\/unaymilletras.com\\\/#\\\/schema\\\/person\\\/0860dc8a218329991ee2c7591f4f849d\",\"name\":\"Redacci\u00f3n\",\"image\":{\"@type\":\"ImageObject\",\"inLanguage\":\"en-GB\",\"@id\":\"https:\\\/\\\/secure.gravatar.com\\\/avatar\\\/d8f55e05a8b6597e45c55a1dcbdbfe44f4a360d88b48e00de5216a79b7732796?s=96&d=mm&r=g\",\"url\":\"https:\\\/\\\/secure.gravatar.com\\\/avatar\\\/d8f55e05a8b6597e45c55a1dcbdbfe44f4a360d88b48e00de5216a79b7732796?s=96&d=mm&r=g\",\"contentUrl\":\"https:\\\/\\\/secure.gravatar.com\\\/avatar\\\/d8f55e05a8b6597e45c55a1dcbdbfe44f4a360d88b48e00de5216a79b7732796?s=96&d=mm&r=g\",\"caption\":\"Redacci\u00f3n\"},\"url\":\"https:\\\/\\\/unaymilletras.com\\\/en\\\/author\\\/redaccion\\\/\"}]}<\/script>\n<!-- \/ Yoast SEO plugin. -->","yoast_head_json":{"title":"The Weeknd va a por su tercera fecha en el Estadio Metrpolitano","description":"El canadiense The Weeknd actuar\u00e1 los d\u00edas 28, 29 y 30 de agosto de 2026 en el Riyadh Air Metropolitano de Madrid","robots":{"index":"index","follow":"follow","max-snippet":"max-snippet:-1","max-image-preview":"max-image-preview:large","max-video-preview":"max-video-preview:-1"},"canonical":"https:\/\/unaymilletras.com\/en\/the-weeknd-va-a-por-su-tercera-fecha-en-el-estadio-metrpolitano\/","og_locale":"en_GB","og_type":"article","og_title":"The Weeknd va a por su tercera fecha en el Estadio Metrpolitano","og_description":"El canadiense The Weeknd actuar\u00e1 los d\u00edas 28, 29 y 30 de agosto de 2026 en el Riyadh Air Metropolitano de Madrid","og_url":"https:\/\/unaymilletras.com\/en\/the-weeknd-va-a-por-su-tercera-fecha-en-el-estadio-metrpolitano\/","og_site_name":"Una y Mil Letras","article_published_time":"2025-09-10T15:15:00+00:00","og_image":[{"width":600,"height":750,"url":"https:\/\/unaymilletras.com\/wp-content\/uploads\/2025\/09\/6124a5ff-7ae3-77cf-76e0-25c0d1d6-e1757506480665.jpg","type":"image\/jpeg"}],"author":"Redacci\u00f3n","twitter_card":"summary_large_image","twitter_creator":"@UnaYMilLetras","twitter_site":"@UnaYMilLetras","twitter_misc":{"Written by":"Redacci\u00f3n","Estimated reading time":"2 minutes"},"schema":{"@context":"https:\/\/schema.org","@graph":[{"@type":"Article","@id":"https:\/\/unaymilletras.com\/the-weeknd-va-a-por-su-tercera-fecha-en-el-estadio-metrpolitano\/#article","isPartOf":{"@id":"https:\/\/unaymilletras.com\/the-weeknd-va-a-por-su-tercera-fecha-en-el-estadio-metrpolitano\/"},"author":{"name":"Redacci\u00f3n","@id":"http:\/\/unaymilletras.com\/#\/schema\/person\/0860dc8a218329991ee2c7591f4f849d"},"headline":"The Weeknd va a por su tercera fecha en el Estadio Metrpolitano","datePublished":"2025-09-10T15:15:00+00:00","mainEntityOfPage":{"@id":"https:\/\/unaymilletras.com\/the-weeknd-va-a-por-su-tercera-fecha-en-el-estadio-metrpolitano\/"},"wordCount":313,"publisher":{"@id":"http:\/\/unaymilletras.com\/#organization"},"image":{"@id":"https:\/\/unaymilletras.com\/the-weeknd-va-a-por-su-tercera-fecha-en-el-estadio-metrpolitano\/#primaryimage"},"thumbnailUrl":"https:\/\/unaymilletras.com\/wp-content\/uploads\/2025\/09\/6124a5ff-7ae3-77cf-76e0-25c0d1d6-e1757506480665.jpg","articleSection":["M\u00fasica"],"inLanguage":"en-GB"},{"@type":"WebPage","@id":"https:\/\/unaymilletras.com\/the-weeknd-va-a-por-su-tercera-fecha-en-el-estadio-metrpolitano\/","url":"https:\/\/unaymilletras.com\/the-weeknd-va-a-por-su-tercera-fecha-en-el-estadio-metrpolitano\/","name":"The Weeknd va a por su tercera fecha en el Estadio Metrpolitano","isPartOf":{"@id":"http:\/\/unaymilletras.com\/#website"},"primaryImageOfPage":{"@id":"https:\/\/unaymilletras.com\/the-weeknd-va-a-por-su-tercera-fecha-en-el-estadio-metrpolitano\/#primaryimage"},"image":{"@id":"https:\/\/unaymilletras.com\/the-weeknd-va-a-por-su-tercera-fecha-en-el-estadio-metrpolitano\/#primaryimage"},"thumbnailUrl":"https:\/\/unaymilletras.com\/wp-content\/uploads\/2025\/09\/6124a5ff-7ae3-77cf-76e0-25c0d1d6-e1757506480665.jpg","datePublished":"2025-09-10T15:15:00+00:00","description":"El canadiense The Weeknd actuar\u00e1 los d\u00edas 28, 29 y 30 de agosto de 2026 en el Riyadh Air Metropolitano de Madrid","breadcrumb":{"@id":"https:\/\/unaymilletras.com\/the-weeknd-va-a-por-su-tercera-fecha-en-el-estadio-metrpolitano\/#breadcrumb"},"inLanguage":"en-GB","potentialAction":[{"@type":"ReadAction","target":["https:\/\/unaymilletras.com\/the-weeknd-va-a-por-su-tercera-fecha-en-el-estadio-metrpolitano\/"]}]},{"@type":"ImageObject","inLanguage":"en-GB","@id":"https:\/\/unaymilletras.com\/the-weeknd-va-a-por-su-tercera-fecha-en-el-estadio-metrpolitano\/#primaryimage","url":"https:\/\/unaymilletras.com\/wp-content\/uploads\/2025\/09\/6124a5ff-7ae3-77cf-76e0-25c0d1d6-e1757506480665.jpg","contentUrl":"https:\/\/unaymilletras.com\/wp-content\/uploads\/2025\/09\/6124a5ff-7ae3-77cf-76e0-25c0d1d6-e1757506480665.jpg","width":600,"height":750,"caption":"The Weeknd"},{"@type":"BreadcrumbList","@id":"https:\/\/unaymilletras.com\/the-weeknd-va-a-por-su-tercera-fecha-en-el-estadio-metrpolitano\/#breadcrumb","itemListElement":[{"@type":"ListItem","position":1,"name":"Home","item":"http:\/\/unaymilletras.com\/"},{"@type":"ListItem","position":2,"name":"The Weeknd va a por su tercera fecha en el Estadio Metrpolitano"}]},{"@type":"WebSite","@id":"http:\/\/unaymilletras.com\/#website","url":"http:\/\/unaymilletras.com\/","name":"Una y Mil Letras","description":"","publisher":{"@id":"http:\/\/unaymilletras.com\/#organization"},"potentialAction":[{"@type":"SearchAction","target":{"@type":"EntryPoint","urlTemplate":"http:\/\/unaymilletras.com\/?s={search_term_string}"},"query-input":{"@type":"PropertyValueSpecification","valueRequired":true,"valueName":"search_term_string"}}],"inLanguage":"en-GB"},{"@type":"Organization","@id":"http:\/\/unaymilletras.com\/#organization","name":"Una y Mil Letras","url":"http:\/\/unaymilletras.com\/","logo":{"@type":"ImageObject","inLanguage":"en-GB","@id":"http:\/\/unaymilletras.com\/#\/schema\/logo\/image\/","url":"https:\/\/unaymilletras.com\/wp-content\/uploads\/2024\/06\/cropped-Logo-removebg-preview.png","contentUrl":"https:\/\/unaymilletras.com\/wp-content\/uploads\/2024\/06\/cropped-Logo-removebg-preview.png","width":512,"height":512,"caption":"Una y Mil Letras"},"image":{"@id":"http:\/\/unaymilletras.com\/#\/schema\/logo\/image\/"},"sameAs":["https:\/\/x.com\/UnaYMilLetras","https:\/\/instagram.com\/UnaYMilLetras"]},{"@type":"Person","@id":"http:\/\/unaymilletras.com\/#\/schema\/person\/0860dc8a218329991ee2c7591f4f849d","name":"Redacci\u00f3n","image":{"@type":"ImageObject","inLanguage":"en-GB","@id":"https:\/\/secure.gravatar.com\/avatar\/d8f55e05a8b6597e45c55a1dcbdbfe44f4a360d88b48e00de5216a79b7732796?s=96&d=mm&r=g","url":"https:\/\/secure.gravatar.com\/avatar\/d8f55e05a8b6597e45c55a1dcbdbfe44f4a360d88b48e00de5216a79b7732796?s=96&d=mm&r=g","contentUrl":"https:\/\/secure.gravatar.com\/avatar\/d8f55e05a8b6597e45c55a1dcbdbfe44f4a360d88b48e00de5216a79b7732796?s=96&d=mm&r=g","caption":"Redacci\u00f3n"},"url":"https:\/\/unaymilletras.com\/en\/author\/redaccion\/"}]}},"_links":{"self":[{"href":"https:\/\/unaymilletras.com\/en\/wp-json\/wp\/v2\/posts\/5622","targetHints":{"allow":["GET"]}}],"collection":[{"href":"https:\/\/unaymilletras.com\/en\/wp-json\/wp\/v2\/posts"}],"about":[{"href":"https:\/\/unaymilletras.com\/en\/wp-json\/wp\/v2\/types\/post"}],"author":[{"embeddable":true,"href":"https:\/\/unaymilletras.com\/en\/wp-json\/wp\/v2\/users\/6"}],"replies":[{"embeddable":true,"href":"https:\/\/unaymilletras.com\/en\/wp-json\/wp\/v2\/comments?post=5622"}],"version-history":[{"count":4,"href":"https:\/\/unaymilletras.com\/en\/wp-json\/wp\/v2\/posts\/5622\/revisions"}],"predecessor-version":[{"id":5627,"href":"https:\/\/unaymilletras.com\/en\/wp-json\/wp\/v2\/posts\/5622\/revisions\/5627"}],"wp:featuredmedia":[{"embeddable":true,"href":"https:\/\/unaymilletras.com\/en\/wp-json\/wp\/v2\/media\/5624"}],"wp:attachment":[{"href":"https:\/\/unaymilletras.com\/en\/wp-json\/wp\/v2\/media?parent=5622"}],"wp:term":[{"taxonomy":"category","embeddable":true,"href":"https:\/\/unaymilletras.com\/en\/wp-json\/wp\/v2\/categories?post=5622"},{"taxonomy":"post_tag","embeddable":true,"href":"https:\/\/unaymilletras.com\/en\/wp-json\/wp\/v2\/tags?post=5622"}],"curies":[{"name":"wp","href":"https:\/\/api.w.org\/{rel}","templated":true}]}}