{"id":5628,"date":"2025-09-11T17:25:15","date_gmt":"2025-09-11T15:25:15","guid":{"rendered":"https:\/\/unaymilletras.com\/?p=5628"},"modified":"2025-09-11T17:25:15","modified_gmt":"2025-09-11T15:25:15","slug":"rauw-alejandro-lanza-guabansexxx-el-ultimo-adelanto-de-cosa-nuestra-capitulo-0","status":"publish","type":"post","link":"https:\/\/unaymilletras.com\/en\/rauw-alejandro-lanza-guabansexxx-el-ultimo-adelanto-de-cosa-nuestra-capitulo-0\/","title":{"rendered":"Rauw Alejandro lanza \u201cGuabanSexxx\u201d, el \u00faltimo adelanto de Cosa Nuestra: Cap\u00edtulo 0"},"content":{"rendered":"<p><strong><em>La superestrella Rauw Alejandro present\u00f3 este martes su nuevo sencillo y video musical \u201cGuabanSexxx\u201d, la \u00faltima muestra previa a su esperado sexto \u00e1lbum<\/em><\/strong><br>El puertorrique\u00f1o Rauw Alejandro lanz\u00f3 este martes su \u00faltimo adelanto del sexto disco de su carrera. La canci\u00f3n llamada \u201cGuabanSexxx\u201d recibe ese nombre por inspiraci\u00f3n de Guabancex, quien es la diosa ta\u00edna de las tormentas y el caos. Este ritmo fusiona house, bomba y plena, con una llamada a la sensualidad y los or\u00edgenes caribe\u00f1os del artista. Este lanzamiento ya se adelant\u00f3 el pasado fin de semana, durante la aparici\u00f3n de Rauw en la residencia de Bad Bunny en Puerto Rico. All\u00ed hicieron homenaje a su tierra y esta canci\u00f3n fue parte de ello.<\/p>\n\n\n\n<p>\u201cGuabanSexxx\u201d marca el cierre de adelantos del \u00e1lbum Cosa Nuestra: Cap\u00edtulo 0, que de momento recoge esta canci\u00f3n junto a \u201cBuenos T\u00e9rminos\u201d y \u201cCarita Linda\u201d. Estas piezas marcan el tono de esta nueva etapa art\u00edstica, en la que el puertorrique\u00f1o profundiza en su herencia cultural mientras mantiene su sello innovador en la m\u00fasica urbana. Adem\u00e1s, Rauw se encuentra en un momento estelar de su carrera, al ser finalista de 14 categor\u00edas de los Premios Billboard de la M\u00fasica Latina 2025. Algunas de esas categor\u00edas son la de Artista del A\u00f1o o Top Latin \u00c1lbum del A\u00f1o, con Cosa Nuestra. El proyecto original coloc\u00f3 15 temas en Spotify en el Top 200 del mundo. Esto es algo in\u00e9dito y ahora aspira a repetir o superarse con su secuela.<\/p>\n\n\n\n<figure class=\"wp-block-image size-full\"><img fetchpriority=\"high\" decoding=\"async\" width=\"1024\" height=\"1024\" src=\"http:\/\/unaymilletras.com\/wp-content\/uploads\/2025\/09\/GuabanSexxx.jpeg\" alt=\"Rauw \" class=\"wp-image-5629\" srcset=\"https:\/\/unaymilletras.com\/wp-content\/uploads\/2025\/09\/GuabanSexxx.jpeg 1024w, https:\/\/unaymilletras.com\/wp-content\/uploads\/2025\/09\/GuabanSexxx-300x300.jpeg 300w, https:\/\/unaymilletras.com\/wp-content\/uploads\/2025\/09\/GuabanSexxx-150x150.jpeg 150w, https:\/\/unaymilletras.com\/wp-content\/uploads\/2025\/09\/GuabanSexxx-768x768.jpeg 768w, https:\/\/unaymilletras.com\/wp-content\/uploads\/2025\/09\/GuabanSexxx-12x12.jpeg 12w\" sizes=\"(max-width: 1024px) 100vw, 1024px\" \/><figcaption class=\"wp-element-caption\">Portada de GuabanSexxx de Rauw<\/figcaption><\/figure>\n\n\n\n<p>Mientras tanto, Rauw sigue generando m\u00e1s expectaci\u00f3n por la gira en la que se encuentra. Sus pr\u00f3ximos destinos son Chile y M\u00e9xico, pa\u00edses en los que tiene muchas fechas y nadie se quiere perder la oportunidad de escuchar a un artista cada d\u00eda m\u00e1s influyente. Proyectos como este \u00faltimo le mantienen en lo alto de la m\u00fasica latina. Rauw combina elementos de su tierra, para seguir acrecentando la cultura boricua.<\/p>","protected":false},"excerpt":{"rendered":"<p>La superestrella Rauw Alejandro present\u00f3 este martes su nuevo sencillo y video musical \u201cGuabanSexxx\u201d, la \u00faltima muestra previa a su esperado sexto \u00e1lbumEl puertorrique\u00f1o Rauw Alejandro lanz\u00f3 este martes su \u00faltimo adelanto del sexto disco de su carrera. La canci\u00f3n llamada \u201cGuabanSexxx\u201d recibe ese nombre por inspiraci\u00f3n de Guabancex, quien es la diosa ta\u00edna de [&hellip;]<\/p>\n","protected":false},"author":10,"featured_media":5630,"comment_status":"closed","ping_status":"closed","sticky":false,"template":"","format":"standard","meta":{"footnotes":""},"categories":[4],"tags":[168,169,215,216,184],"class_list":["post-5628","post","type-post","status-publish","format-standard","has-post-thumbnail","hentry","category-musica","tag-disco","tag-musica","tag-rauw","tag-rauw-alejandro","tag-sencillo"],"yoast_head":"<!-- This site is optimized with the Yoast SEO plugin v27.4 - https:\/\/yoast.com\/product\/yoast-seo-wordpress\/ -->\n<title>Rauw Alejandro lanza \u201cGuabanSexxx\u201d, el \u00faltimo adelanto de Cosa Nuestra: Cap\u00edtulo 0 &#8902; Una y Mil Letras<\/title>\n<meta name=\"description\" content=\"La superestrella Rauw Alejandro present\u00f3 este martes su nuevo sencillo y video musical \u201cGuabanSexxx\u201d, la \u00faltima muestra previa a su esperado sexto \u00e1lbum\" \/>\n<meta name=\"robots\" content=\"index, follow, max-snippet:-1, max-image-preview:large, max-video-preview:-1\" \/>\n<link rel=\"canonical\" href=\"https:\/\/unaymilletras.com\/en\/rauw-alejandro-lanza-guabansexxx-el-ultimo-adelanto-de-cosa-nuestra-capitulo-0\/\" \/>\n<meta property=\"og:locale\" content=\"en_GB\" \/>\n<meta property=\"og:type\" content=\"article\" \/>\n<meta property=\"og:title\" content=\"Rauw Alejandro lanza \u201cGuabanSexxx\u201d, el \u00faltimo adelanto de Cosa Nuestra: Cap\u00edtulo 0 &#8902; Una y Mil Letras\" \/>\n<meta property=\"og:description\" content=\"La superestrella Rauw Alejandro present\u00f3 este martes su nuevo sencillo y video musical \u201cGuabanSexxx\u201d, la \u00faltima muestra previa a su esperado sexto \u00e1lbum\" \/>\n<meta property=\"og:url\" content=\"https:\/\/unaymilletras.com\/en\/rauw-alejandro-lanza-guabansexxx-el-ultimo-adelanto-de-cosa-nuestra-capitulo-0\/\" \/>\n<meta property=\"og:site_name\" content=\"Una y Mil Letras\" \/>\n<meta property=\"article:published_time\" content=\"2025-09-11T15:25:15+00:00\" \/>\n<meta property=\"og:image\" content=\"http:\/\/unaymilletras.com\/wp-content\/uploads\/2025\/09\/rauw.jpeg\" \/>\n\t<meta property=\"og:image:width\" content=\"1600\" \/>\n\t<meta property=\"og:image:height\" content=\"1067\" \/>\n\t<meta property=\"og:image:type\" content=\"image\/jpeg\" \/>\n<meta name=\"author\" content=\"David Hern\u00e1ndez\" \/>\n<meta name=\"twitter:card\" content=\"summary_large_image\" \/>\n<meta name=\"twitter:creator\" content=\"@UnaYMilLetras\" \/>\n<meta name=\"twitter:site\" content=\"@UnaYMilLetras\" \/>\n<meta name=\"twitter:label1\" content=\"Written by\" \/>\n\t<meta name=\"twitter:data1\" content=\"David Hern\u00e1ndez\" \/>\n\t<meta name=\"twitter:label2\" content=\"Estimated reading time\" \/>\n\t<meta name=\"twitter:data2\" content=\"2 minutes\" \/>\n<script type=\"application\/ld+json\" class=\"yoast-schema-graph\">{\"@context\":\"https:\\\/\\\/schema.org\",\"@graph\":[{\"@type\":\"Article\",\"@id\":\"https:\\\/\\\/unaymilletras.com\\\/rauw-alejandro-lanza-guabansexxx-el-ultimo-adelanto-de-cosa-nuestra-capitulo-0\\\/#article\",\"isPartOf\":{\"@id\":\"https:\\\/\\\/unaymilletras.com\\\/rauw-alejandro-lanza-guabansexxx-el-ultimo-adelanto-de-cosa-nuestra-capitulo-0\\\/\"},\"author\":{\"name\":\"David Hern\u00e1ndez\",\"@id\":\"http:\\\/\\\/unaymilletras.com\\\/#\\\/schema\\\/person\\\/0c171c80bc49a58d7a8ed3394548370c\"},\"headline\":\"Rauw Alejandro lanza \u201cGuabanSexxx\u201d, el \u00faltimo adelanto de Cosa Nuestra: Cap\u00edtulo 0\",\"datePublished\":\"2025-09-11T15:25:15+00:00\",\"mainEntityOfPage\":{\"@id\":\"https:\\\/\\\/unaymilletras.com\\\/rauw-alejandro-lanza-guabansexxx-el-ultimo-adelanto-de-cosa-nuestra-capitulo-0\\\/\"},\"wordCount\":355,\"publisher\":{\"@id\":\"http:\\\/\\\/unaymilletras.com\\\/#organization\"},\"image\":{\"@id\":\"https:\\\/\\\/unaymilletras.com\\\/rauw-alejandro-lanza-guabansexxx-el-ultimo-adelanto-de-cosa-nuestra-capitulo-0\\\/#primaryimage\"},\"thumbnailUrl\":\"https:\\\/\\\/unaymilletras.com\\\/wp-content\\\/uploads\\\/2025\\\/09\\\/rauw.jpeg\",\"keywords\":[\"disco\",\"musica\",\"rauw\",\"Rauw Alejandro\",\"Sencillo\"],\"articleSection\":[\"M\u00fasica\"],\"inLanguage\":\"en-GB\"},{\"@type\":\"WebPage\",\"@id\":\"https:\\\/\\\/unaymilletras.com\\\/rauw-alejandro-lanza-guabansexxx-el-ultimo-adelanto-de-cosa-nuestra-capitulo-0\\\/\",\"url\":\"https:\\\/\\\/unaymilletras.com\\\/rauw-alejandro-lanza-guabansexxx-el-ultimo-adelanto-de-cosa-nuestra-capitulo-0\\\/\",\"name\":\"Rauw Alejandro lanza \u201cGuabanSexxx\u201d, el \u00faltimo adelanto de Cosa Nuestra: Cap\u00edtulo 0 &#8902; Una y Mil Letras\",\"isPartOf\":{\"@id\":\"http:\\\/\\\/unaymilletras.com\\\/#website\"},\"primaryImageOfPage\":{\"@id\":\"https:\\\/\\\/unaymilletras.com\\\/rauw-alejandro-lanza-guabansexxx-el-ultimo-adelanto-de-cosa-nuestra-capitulo-0\\\/#primaryimage\"},\"image\":{\"@id\":\"https:\\\/\\\/unaymilletras.com\\\/rauw-alejandro-lanza-guabansexxx-el-ultimo-adelanto-de-cosa-nuestra-capitulo-0\\\/#primaryimage\"},\"thumbnailUrl\":\"https:\\\/\\\/unaymilletras.com\\\/wp-content\\\/uploads\\\/2025\\\/09\\\/rauw.jpeg\",\"datePublished\":\"2025-09-11T15:25:15+00:00\",\"description\":\"La superestrella Rauw Alejandro present\u00f3 este martes su nuevo sencillo y video musical \u201cGuabanSexxx\u201d, la \u00faltima muestra previa a su esperado sexto \u00e1lbum\",\"breadcrumb\":{\"@id\":\"https:\\\/\\\/unaymilletras.com\\\/rauw-alejandro-lanza-guabansexxx-el-ultimo-adelanto-de-cosa-nuestra-capitulo-0\\\/#breadcrumb\"},\"inLanguage\":\"en-GB\",\"potentialAction\":[{\"@type\":\"ReadAction\",\"target\":[\"https:\\\/\\\/unaymilletras.com\\\/rauw-alejandro-lanza-guabansexxx-el-ultimo-adelanto-de-cosa-nuestra-capitulo-0\\\/\"]}]},{\"@type\":\"ImageObject\",\"inLanguage\":\"en-GB\",\"@id\":\"https:\\\/\\\/unaymilletras.com\\\/rauw-alejandro-lanza-guabansexxx-el-ultimo-adelanto-de-cosa-nuestra-capitulo-0\\\/#primaryimage\",\"url\":\"https:\\\/\\\/unaymilletras.com\\\/wp-content\\\/uploads\\\/2025\\\/09\\\/rauw.jpeg\",\"contentUrl\":\"https:\\\/\\\/unaymilletras.com\\\/wp-content\\\/uploads\\\/2025\\\/09\\\/rauw.jpeg\",\"width\":1600,\"height\":1067,\"caption\":\"rauw en la residencia de Bad Bunny\"},{\"@type\":\"BreadcrumbList\",\"@id\":\"https:\\\/\\\/unaymilletras.com\\\/rauw-alejandro-lanza-guabansexxx-el-ultimo-adelanto-de-cosa-nuestra-capitulo-0\\\/#breadcrumb\",\"itemListElement\":[{\"@type\":\"ListItem\",\"position\":1,\"name\":\"Home\",\"item\":\"http:\\\/\\\/unaymilletras.com\\\/\"},{\"@type\":\"ListItem\",\"position\":2,\"name\":\"Rauw Alejandro lanza \u201cGuabanSexxx\u201d, el \u00faltimo adelanto de Cosa Nuestra: Cap\u00edtulo 0\"}]},{\"@type\":\"WebSite\",\"@id\":\"http:\\\/\\\/unaymilletras.com\\\/#website\",\"url\":\"http:\\\/\\\/unaymilletras.com\\\/\",\"name\":\"Una y Mil Letras\",\"description\":\"\",\"publisher\":{\"@id\":\"http:\\\/\\\/unaymilletras.com\\\/#organization\"},\"potentialAction\":[{\"@type\":\"SearchAction\",\"target\":{\"@type\":\"EntryPoint\",\"urlTemplate\":\"http:\\\/\\\/unaymilletras.com\\\/?s={search_term_string}\"},\"query-input\":{\"@type\":\"PropertyValueSpecification\",\"valueRequired\":true,\"valueName\":\"search_term_string\"}}],\"inLanguage\":\"en-GB\"},{\"@type\":\"Organization\",\"@id\":\"http:\\\/\\\/unaymilletras.com\\\/#organization\",\"name\":\"Una y Mil Letras\",\"url\":\"http:\\\/\\\/unaymilletras.com\\\/\",\"logo\":{\"@type\":\"ImageObject\",\"inLanguage\":\"en-GB\",\"@id\":\"http:\\\/\\\/unaymilletras.com\\\/#\\\/schema\\\/logo\\\/image\\\/\",\"url\":\"https:\\\/\\\/unaymilletras.com\\\/wp-content\\\/uploads\\\/2024\\\/06\\\/cropped-Logo-removebg-preview.png\",\"contentUrl\":\"https:\\\/\\\/unaymilletras.com\\\/wp-content\\\/uploads\\\/2024\\\/06\\\/cropped-Logo-removebg-preview.png\",\"width\":512,\"height\":512,\"caption\":\"Una y Mil Letras\"},\"image\":{\"@id\":\"http:\\\/\\\/unaymilletras.com\\\/#\\\/schema\\\/logo\\\/image\\\/\"},\"sameAs\":[\"https:\\\/\\\/x.com\\\/UnaYMilLetras\",\"https:\\\/\\\/instagram.com\\\/UnaYMilLetras\"]},{\"@type\":\"Person\",\"@id\":\"http:\\\/\\\/unaymilletras.com\\\/#\\\/schema\\\/person\\\/0c171c80bc49a58d7a8ed3394548370c\",\"name\":\"David Hern\u00e1ndez\",\"image\":{\"@type\":\"ImageObject\",\"inLanguage\":\"en-GB\",\"@id\":\"https:\\\/\\\/secure.gravatar.com\\\/avatar\\\/86739d73874dcbc11e4278af33fb905704f5c29329727efb3b0e0bc838b0d469?s=96&d=mm&r=g\",\"url\":\"https:\\\/\\\/secure.gravatar.com\\\/avatar\\\/86739d73874dcbc11e4278af33fb905704f5c29329727efb3b0e0bc838b0d469?s=96&d=mm&r=g\",\"contentUrl\":\"https:\\\/\\\/secure.gravatar.com\\\/avatar\\\/86739d73874dcbc11e4278af33fb905704f5c29329727efb3b0e0bc838b0d469?s=96&d=mm&r=g\",\"caption\":\"David Hern\u00e1ndez\"},\"url\":\"https:\\\/\\\/unaymilletras.com\\\/en\\\/author\\\/davidesel\\\/\"}]}<\/script>\n<!-- \/ Yoast SEO plugin. -->","yoast_head_json":{"title":"Rauw Alejandro lanza \u201cGuabanSexxx\u201d, el \u00faltimo adelanto de Cosa Nuestra: Cap\u00edtulo 0 &#8902; Una y Mil Letras","description":"La superestrella Rauw Alejandro present\u00f3 este martes su nuevo sencillo y video musical \u201cGuabanSexxx\u201d, la \u00faltima muestra previa a su esperado sexto \u00e1lbum","robots":{"index":"index","follow":"follow","max-snippet":"max-snippet:-1","max-image-preview":"max-image-preview:large","max-video-preview":"max-video-preview:-1"},"canonical":"https:\/\/unaymilletras.com\/en\/rauw-alejandro-lanza-guabansexxx-el-ultimo-adelanto-de-cosa-nuestra-capitulo-0\/","og_locale":"en_GB","og_type":"article","og_title":"Rauw Alejandro lanza \u201cGuabanSexxx\u201d, el \u00faltimo adelanto de Cosa Nuestra: Cap\u00edtulo 0 &#8902; Una y Mil Letras","og_description":"La superestrella Rauw Alejandro present\u00f3 este martes su nuevo sencillo y video musical \u201cGuabanSexxx\u201d, la \u00faltima muestra previa a su esperado sexto \u00e1lbum","og_url":"https:\/\/unaymilletras.com\/en\/rauw-alejandro-lanza-guabansexxx-el-ultimo-adelanto-de-cosa-nuestra-capitulo-0\/","og_site_name":"Una y Mil Letras","article_published_time":"2025-09-11T15:25:15+00:00","og_image":[{"width":1600,"height":1067,"url":"http:\/\/unaymilletras.com\/wp-content\/uploads\/2025\/09\/rauw.jpeg","type":"image\/jpeg"}],"author":"David Hern\u00e1ndez","twitter_card":"summary_large_image","twitter_creator":"@UnaYMilLetras","twitter_site":"@UnaYMilLetras","twitter_misc":{"Written by":"David Hern\u00e1ndez","Estimated reading time":"2 minutes"},"schema":{"@context":"https:\/\/schema.org","@graph":[{"@type":"Article","@id":"https:\/\/unaymilletras.com\/rauw-alejandro-lanza-guabansexxx-el-ultimo-adelanto-de-cosa-nuestra-capitulo-0\/#article","isPartOf":{"@id":"https:\/\/unaymilletras.com\/rauw-alejandro-lanza-guabansexxx-el-ultimo-adelanto-de-cosa-nuestra-capitulo-0\/"},"author":{"name":"David Hern\u00e1ndez","@id":"http:\/\/unaymilletras.com\/#\/schema\/person\/0c171c80bc49a58d7a8ed3394548370c"},"headline":"Rauw Alejandro lanza \u201cGuabanSexxx\u201d, el \u00faltimo adelanto de Cosa Nuestra: Cap\u00edtulo 0","datePublished":"2025-09-11T15:25:15+00:00","mainEntityOfPage":{"@id":"https:\/\/unaymilletras.com\/rauw-alejandro-lanza-guabansexxx-el-ultimo-adelanto-de-cosa-nuestra-capitulo-0\/"},"wordCount":355,"publisher":{"@id":"http:\/\/unaymilletras.com\/#organization"},"image":{"@id":"https:\/\/unaymilletras.com\/rauw-alejandro-lanza-guabansexxx-el-ultimo-adelanto-de-cosa-nuestra-capitulo-0\/#primaryimage"},"thumbnailUrl":"https:\/\/unaymilletras.com\/wp-content\/uploads\/2025\/09\/rauw.jpeg","keywords":["disco","musica","rauw","Rauw Alejandro","Sencillo"],"articleSection":["M\u00fasica"],"inLanguage":"en-GB"},{"@type":"WebPage","@id":"https:\/\/unaymilletras.com\/rauw-alejandro-lanza-guabansexxx-el-ultimo-adelanto-de-cosa-nuestra-capitulo-0\/","url":"https:\/\/unaymilletras.com\/rauw-alejandro-lanza-guabansexxx-el-ultimo-adelanto-de-cosa-nuestra-capitulo-0\/","name":"Rauw Alejandro lanza \u201cGuabanSexxx\u201d, el \u00faltimo adelanto de Cosa Nuestra: Cap\u00edtulo 0 &#8902; Una y Mil Letras","isPartOf":{"@id":"http:\/\/unaymilletras.com\/#website"},"primaryImageOfPage":{"@id":"https:\/\/unaymilletras.com\/rauw-alejandro-lanza-guabansexxx-el-ultimo-adelanto-de-cosa-nuestra-capitulo-0\/#primaryimage"},"image":{"@id":"https:\/\/unaymilletras.com\/rauw-alejandro-lanza-guabansexxx-el-ultimo-adelanto-de-cosa-nuestra-capitulo-0\/#primaryimage"},"thumbnailUrl":"https:\/\/unaymilletras.com\/wp-content\/uploads\/2025\/09\/rauw.jpeg","datePublished":"2025-09-11T15:25:15+00:00","description":"La superestrella Rauw Alejandro present\u00f3 este martes su nuevo sencillo y video musical \u201cGuabanSexxx\u201d, la \u00faltima muestra previa a su esperado sexto \u00e1lbum","breadcrumb":{"@id":"https:\/\/unaymilletras.com\/rauw-alejandro-lanza-guabansexxx-el-ultimo-adelanto-de-cosa-nuestra-capitulo-0\/#breadcrumb"},"inLanguage":"en-GB","potentialAction":[{"@type":"ReadAction","target":["https:\/\/unaymilletras.com\/rauw-alejandro-lanza-guabansexxx-el-ultimo-adelanto-de-cosa-nuestra-capitulo-0\/"]}]},{"@type":"ImageObject","inLanguage":"en-GB","@id":"https:\/\/unaymilletras.com\/rauw-alejandro-lanza-guabansexxx-el-ultimo-adelanto-de-cosa-nuestra-capitulo-0\/#primaryimage","url":"https:\/\/unaymilletras.com\/wp-content\/uploads\/2025\/09\/rauw.jpeg","contentUrl":"https:\/\/unaymilletras.com\/wp-content\/uploads\/2025\/09\/rauw.jpeg","width":1600,"height":1067,"caption":"rauw en la residencia de Bad Bunny"},{"@type":"BreadcrumbList","@id":"https:\/\/unaymilletras.com\/rauw-alejandro-lanza-guabansexxx-el-ultimo-adelanto-de-cosa-nuestra-capitulo-0\/#breadcrumb","itemListElement":[{"@type":"ListItem","position":1,"name":"Home","item":"http:\/\/unaymilletras.com\/"},{"@type":"ListItem","position":2,"name":"Rauw Alejandro lanza \u201cGuabanSexxx\u201d, el \u00faltimo adelanto de Cosa Nuestra: Cap\u00edtulo 0"}]},{"@type":"WebSite","@id":"http:\/\/unaymilletras.com\/#website","url":"http:\/\/unaymilletras.com\/","name":"Una y Mil Letras","description":"","publisher":{"@id":"http:\/\/unaymilletras.com\/#organization"},"potentialAction":[{"@type":"SearchAction","target":{"@type":"EntryPoint","urlTemplate":"http:\/\/unaymilletras.com\/?s={search_term_string}"},"query-input":{"@type":"PropertyValueSpecification","valueRequired":true,"valueName":"search_term_string"}}],"inLanguage":"en-GB"},{"@type":"Organization","@id":"http:\/\/unaymilletras.com\/#organization","name":"Una y Mil Letras","url":"http:\/\/unaymilletras.com\/","logo":{"@type":"ImageObject","inLanguage":"en-GB","@id":"http:\/\/unaymilletras.com\/#\/schema\/logo\/image\/","url":"https:\/\/unaymilletras.com\/wp-content\/uploads\/2024\/06\/cropped-Logo-removebg-preview.png","contentUrl":"https:\/\/unaymilletras.com\/wp-content\/uploads\/2024\/06\/cropped-Logo-removebg-preview.png","width":512,"height":512,"caption":"Una y Mil Letras"},"image":{"@id":"http:\/\/unaymilletras.com\/#\/schema\/logo\/image\/"},"sameAs":["https:\/\/x.com\/UnaYMilLetras","https:\/\/instagram.com\/UnaYMilLetras"]},{"@type":"Person","@id":"http:\/\/unaymilletras.com\/#\/schema\/person\/0c171c80bc49a58d7a8ed3394548370c","name":"David Hern\u00e1ndez","image":{"@type":"ImageObject","inLanguage":"en-GB","@id":"https:\/\/secure.gravatar.com\/avatar\/86739d73874dcbc11e4278af33fb905704f5c29329727efb3b0e0bc838b0d469?s=96&d=mm&r=g","url":"https:\/\/secure.gravatar.com\/avatar\/86739d73874dcbc11e4278af33fb905704f5c29329727efb3b0e0bc838b0d469?s=96&d=mm&r=g","contentUrl":"https:\/\/secure.gravatar.com\/avatar\/86739d73874dcbc11e4278af33fb905704f5c29329727efb3b0e0bc838b0d469?s=96&d=mm&r=g","caption":"David Hern\u00e1ndez"},"url":"https:\/\/unaymilletras.com\/en\/author\/davidesel\/"}]}},"_links":{"self":[{"href":"https:\/\/unaymilletras.com\/en\/wp-json\/wp\/v2\/posts\/5628","targetHints":{"allow":["GET"]}}],"collection":[{"href":"https:\/\/unaymilletras.com\/en\/wp-json\/wp\/v2\/posts"}],"about":[{"href":"https:\/\/unaymilletras.com\/en\/wp-json\/wp\/v2\/types\/post"}],"author":[{"embeddable":true,"href":"https:\/\/unaymilletras.com\/en\/wp-json\/wp\/v2\/users\/10"}],"replies":[{"embeddable":true,"href":"https:\/\/unaymilletras.com\/en\/wp-json\/wp\/v2\/comments?post=5628"}],"version-history":[{"count":1,"href":"https:\/\/unaymilletras.com\/en\/wp-json\/wp\/v2\/posts\/5628\/revisions"}],"predecessor-version":[{"id":5631,"href":"https:\/\/unaymilletras.com\/en\/wp-json\/wp\/v2\/posts\/5628\/revisions\/5631"}],"wp:featuredmedia":[{"embeddable":true,"href":"https:\/\/unaymilletras.com\/en\/wp-json\/wp\/v2\/media\/5630"}],"wp:attachment":[{"href":"https:\/\/unaymilletras.com\/en\/wp-json\/wp\/v2\/media?parent=5628"}],"wp:term":[{"taxonomy":"category","embeddable":true,"href":"https:\/\/unaymilletras.com\/en\/wp-json\/wp\/v2\/categories?post=5628"},{"taxonomy":"post_tag","embeddable":true,"href":"https:\/\/unaymilletras.com\/en\/wp-json\/wp\/v2\/tags?post=5628"}],"curies":[{"name":"wp","href":"https:\/\/api.w.org\/{rel}","templated":true}]}}