{"id":5633,"date":"2025-09-12T10:00:00","date_gmt":"2025-09-12T08:00:00","guid":{"rendered":"https:\/\/unaymilletras.com\/?p=5633"},"modified":"2025-09-11T17:45:58","modified_gmt":"2025-09-11T15:45:58","slug":"omar-courtz-arrasa-con-la-taquilla-en-su-primera-gira-en-solitario-por-espana","status":"publish","type":"post","link":"https:\/\/unaymilletras.com\/en\/omar-courtz-arrasa-con-la-taquilla-en-su-primera-gira-en-solitario-por-espana\/","title":{"rendered":"Omar Courtz arrasa con la taquilla en su primera gira en solitario por Espa\u00f1a"},"content":{"rendered":"<p><em><strong>Ousi hizo sold out en Madrid y Barcelona y se esperan m\u00e1s fechas para expandir barreras<br><\/strong><\/em><\/p>\n\n\n\n<p>Omar Courtz vendr\u00e1 a Espa\u00f1a el pr\u00f3ximo mes de noviembre, pero ir a verle no es tan sencillo si no eres fan suyo. El puertorrique\u00f1o puso las entradas a la venta el pasado domingo en cinco ciudades: Barcelona, Madrid, Sevilla, Murcia y Tenerife. De estas cinco, ni en la capital ni en la condal quedan ya entradas, mientras que las otras tres est\u00e1n cerca de lo mismo. Ni dos d\u00edas tard\u00f3 Omar en llenar recintos como el Movistar Arena o el Palau en lo que ser\u00e1 su primera gira en solitario por Espa\u00f1a. Este verano estuvo en varios festivales por todo el pa\u00eds y fue de los artistas m\u00e1s aclamados por la gente. Esta raz\u00f3n es la que le ha tra\u00eddo de vuelta finalmente.<\/p>\n\n\n\n<p>Para Barcelona ya se ha anunciado una segunda fecha el 7 de noviembre y se espera que en Madrid se desbloquee dicha posibilidad para los fan\u00e1ticos que se hayan quedado sin entrada. El artista se encuentra actualmente de gira por Sudam\u00e9rica y no tendr\u00e1 casi descanso. Esto hace que desde su \u00e1lbum, Primera Musa, no haya lanzado muchos proyectos por falta de tiempo. Lo m\u00e1s reciente y que ya est\u00e1 en las playlist de muchos es su \u00faltimo lanzamiento \u2018Scat Pack\u2019 en colaboraci\u00f3n con Clarent, el cu\u00e1l alcanza en tres semanas los 8 millones de reproducciones en Spotify. A\u00fan m\u00e1s reciente lanz\u00f3 \u2018Buti Call\u2019 con Kendo Kaponi, con quien ya colabor\u00f3 en la intro de su disco.<\/p>\n\n\n\n<figure class=\"wp-block-image size-full is-resized\"><img fetchpriority=\"high\" decoding=\"async\" width=\"646\" height=\"581\" src=\"http:\/\/unaymilletras.com\/wp-content\/uploads\/2025\/09\/ousi2.jpg\" alt=\"Omar Courtz\" class=\"wp-image-5636\" style=\"width:585px;height:auto\" srcset=\"https:\/\/unaymilletras.com\/wp-content\/uploads\/2025\/09\/ousi2.jpg 646w, https:\/\/unaymilletras.com\/wp-content\/uploads\/2025\/09\/ousi2-300x270.jpg 300w, https:\/\/unaymilletras.com\/wp-content\/uploads\/2025\/09\/ousi2-13x12.jpg 13w\" sizes=\"(max-width: 646px) 100vw, 646px\" \/><figcaption class=\"wp-element-caption\">Instagram: omarcourtz\n<\/figcaption><\/figure>\n\n\n\n<p>Ousi, como es conocido popularmente, sigue con su crecimiento exponencial y cada vez est\u00e1 m\u00e1s cerca de ser el artista m\u00e1s querido de \u201cla nueva\u201d. Dicha camada de artistas tiene el papel\u00f3n de estar al nivel de sus predecesores, quienes fueron historia de la m\u00fasica. Actualmente tiene 22 millones de oyentes mensuales superando a otros cantantes de su generaci\u00f3n como Dei V, De la Rose o Saiko. Aunque sus canciones m\u00e1s sonadas son colaboraciones como \u2018QUEVASHACERHOY?\u2019 o \u2018VelD\u00c1\u2019 destaca tambi\u00e9n en solitario con \u2018Una Noti\u2019 o \u2018Luces de Colores\u2019, como sus composiciones m\u00e1s cantadas por sus fan\u00e1ticos en conciertos y que ahora, de nuevo, en Espa\u00f1a se podr\u00e1 hacer.<br><\/p>","protected":false},"excerpt":{"rendered":"<p>Ousi hizo sold out en Madrid y Barcelona y se esperan m\u00e1s fechas para expandir barreras Omar Courtz vendr\u00e1 a Espa\u00f1a el pr\u00f3ximo mes de noviembre, pero ir a verle no es tan sencillo si no eres fan suyo. El puertorrique\u00f1o puso las entradas a la venta el pasado domingo en cinco ciudades: Barcelona, Madrid, [&hellip;]<\/p>\n","protected":false},"author":10,"featured_media":5635,"comment_status":"closed","ping_status":"closed","sticky":false,"template":"","format":"standard","meta":{"footnotes":""},"categories":[4],"tags":[178,171,170,169,217,215],"class_list":["post-5633","post","type-post","status-publish","format-standard","has-post-thumbnail","hentry","category-musica","tag-espana","tag-gira","tag-movistar-arena","tag-musica","tag-omar-courtz","tag-rauw"],"yoast_head":"<!-- This site is optimized with the Yoast SEO plugin v27.4 - https:\/\/yoast.com\/product\/yoast-seo-wordpress\/ -->\n<title>Omar Courtz arrasa con la taquilla en su primera gira en solitario por Espa\u00f1a &#8902; Una y Mil Letras<\/title>\n<meta name=\"description\" content=\"Omar Courtz hizo sold out en Madrid y Barcelona y se esperan m\u00e1s fechas para expandir barreras y consolidarse como el artista de &quot;La Nueva&quot;\" \/>\n<meta name=\"robots\" content=\"index, follow, max-snippet:-1, max-image-preview:large, max-video-preview:-1\" \/>\n<link rel=\"canonical\" href=\"https:\/\/unaymilletras.com\/en\/omar-courtz-arrasa-con-la-taquilla-en-su-primera-gira-en-solitario-por-espana\/\" \/>\n<meta property=\"og:locale\" content=\"en_GB\" \/>\n<meta property=\"og:type\" content=\"article\" \/>\n<meta property=\"og:title\" content=\"Omar Courtz arrasa con la taquilla en su primera gira en solitario por Espa\u00f1a &#8902; Una y Mil Letras\" \/>\n<meta property=\"og:description\" content=\"Omar Courtz hizo sold out en Madrid y Barcelona y se esperan m\u00e1s fechas para expandir barreras y consolidarse como el artista de &quot;La Nueva&quot;\" \/>\n<meta property=\"og:url\" content=\"https:\/\/unaymilletras.com\/en\/omar-courtz-arrasa-con-la-taquilla-en-su-primera-gira-en-solitario-por-espana\/\" \/>\n<meta property=\"og:site_name\" content=\"Una y Mil Letras\" \/>\n<meta property=\"article:published_time\" content=\"2025-09-12T08:00:00+00:00\" \/>\n<meta property=\"og:image\" content=\"https:\/\/unaymilletras.com\/wp-content\/uploads\/2025\/09\/ousi-edited.jpg\" \/>\n\t<meta property=\"og:image:width\" content=\"597\" \/>\n\t<meta property=\"og:image:height\" content=\"336\" \/>\n\t<meta property=\"og:image:type\" content=\"image\/jpeg\" \/>\n<meta name=\"author\" content=\"David Hern\u00e1ndez\" \/>\n<meta name=\"twitter:card\" content=\"summary_large_image\" \/>\n<meta name=\"twitter:creator\" content=\"@UnaYMilLetras\" \/>\n<meta name=\"twitter:site\" content=\"@UnaYMilLetras\" \/>\n<meta name=\"twitter:label1\" content=\"Written by\" \/>\n\t<meta name=\"twitter:data1\" content=\"David Hern\u00e1ndez\" \/>\n\t<meta name=\"twitter:label2\" content=\"Estimated reading time\" \/>\n\t<meta name=\"twitter:data2\" content=\"3 minutes\" \/>\n<script type=\"application\/ld+json\" class=\"yoast-schema-graph\">{\"@context\":\"https:\\\/\\\/schema.org\",\"@graph\":[{\"@type\":\"Article\",\"@id\":\"https:\\\/\\\/unaymilletras.com\\\/omar-courtz-arrasa-con-la-taquilla-en-su-primera-gira-en-solitario-por-espana\\\/#article\",\"isPartOf\":{\"@id\":\"https:\\\/\\\/unaymilletras.com\\\/omar-courtz-arrasa-con-la-taquilla-en-su-primera-gira-en-solitario-por-espana\\\/\"},\"author\":{\"name\":\"David Hern\u00e1ndez\",\"@id\":\"http:\\\/\\\/unaymilletras.com\\\/#\\\/schema\\\/person\\\/0c171c80bc49a58d7a8ed3394548370c\"},\"headline\":\"Omar Courtz arrasa con la taquilla en su primera gira en solitario por Espa\u00f1a\",\"datePublished\":\"2025-09-12T08:00:00+00:00\",\"mainEntityOfPage\":{\"@id\":\"https:\\\/\\\/unaymilletras.com\\\/omar-courtz-arrasa-con-la-taquilla-en-su-primera-gira-en-solitario-por-espana\\\/\"},\"wordCount\":408,\"publisher\":{\"@id\":\"http:\\\/\\\/unaymilletras.com\\\/#organization\"},\"image\":{\"@id\":\"https:\\\/\\\/unaymilletras.com\\\/omar-courtz-arrasa-con-la-taquilla-en-su-primera-gira-en-solitario-por-espana\\\/#primaryimage\"},\"thumbnailUrl\":\"https:\\\/\\\/unaymilletras.com\\\/wp-content\\\/uploads\\\/2025\\\/09\\\/ousi-edited.jpg\",\"keywords\":[\"Espa\u00f1a\",\"Gira\",\"Movistar Arena\",\"musica\",\"Omar Courtz\",\"rauw\"],\"articleSection\":[\"M\u00fasica\"],\"inLanguage\":\"en-GB\"},{\"@type\":\"WebPage\",\"@id\":\"https:\\\/\\\/unaymilletras.com\\\/omar-courtz-arrasa-con-la-taquilla-en-su-primera-gira-en-solitario-por-espana\\\/\",\"url\":\"https:\\\/\\\/unaymilletras.com\\\/omar-courtz-arrasa-con-la-taquilla-en-su-primera-gira-en-solitario-por-espana\\\/\",\"name\":\"Omar Courtz arrasa con la taquilla en su primera gira en solitario por Espa\u00f1a &#8902; Una y Mil Letras\",\"isPartOf\":{\"@id\":\"http:\\\/\\\/unaymilletras.com\\\/#website\"},\"primaryImageOfPage\":{\"@id\":\"https:\\\/\\\/unaymilletras.com\\\/omar-courtz-arrasa-con-la-taquilla-en-su-primera-gira-en-solitario-por-espana\\\/#primaryimage\"},\"image\":{\"@id\":\"https:\\\/\\\/unaymilletras.com\\\/omar-courtz-arrasa-con-la-taquilla-en-su-primera-gira-en-solitario-por-espana\\\/#primaryimage\"},\"thumbnailUrl\":\"https:\\\/\\\/unaymilletras.com\\\/wp-content\\\/uploads\\\/2025\\\/09\\\/ousi-edited.jpg\",\"datePublished\":\"2025-09-12T08:00:00+00:00\",\"description\":\"Omar Courtz hizo sold out en Madrid y Barcelona y se esperan m\u00e1s fechas para expandir barreras y consolidarse como el artista de \\\"La Nueva\\\"\",\"breadcrumb\":{\"@id\":\"https:\\\/\\\/unaymilletras.com\\\/omar-courtz-arrasa-con-la-taquilla-en-su-primera-gira-en-solitario-por-espana\\\/#breadcrumb\"},\"inLanguage\":\"en-GB\",\"potentialAction\":[{\"@type\":\"ReadAction\",\"target\":[\"https:\\\/\\\/unaymilletras.com\\\/omar-courtz-arrasa-con-la-taquilla-en-su-primera-gira-en-solitario-por-espana\\\/\"]}]},{\"@type\":\"ImageObject\",\"inLanguage\":\"en-GB\",\"@id\":\"https:\\\/\\\/unaymilletras.com\\\/omar-courtz-arrasa-con-la-taquilla-en-su-primera-gira-en-solitario-por-espana\\\/#primaryimage\",\"url\":\"https:\\\/\\\/unaymilletras.com\\\/wp-content\\\/uploads\\\/2025\\\/09\\\/ousi-edited.jpg\",\"contentUrl\":\"https:\\\/\\\/unaymilletras.com\\\/wp-content\\\/uploads\\\/2025\\\/09\\\/ousi-edited.jpg\",\"width\":597,\"height\":336,\"caption\":\"Omar Courtz en un concierto en Espa\u00f1a\"},{\"@type\":\"BreadcrumbList\",\"@id\":\"https:\\\/\\\/unaymilletras.com\\\/omar-courtz-arrasa-con-la-taquilla-en-su-primera-gira-en-solitario-por-espana\\\/#breadcrumb\",\"itemListElement\":[{\"@type\":\"ListItem\",\"position\":1,\"name\":\"Home\",\"item\":\"http:\\\/\\\/unaymilletras.com\\\/\"},{\"@type\":\"ListItem\",\"position\":2,\"name\":\"Omar Courtz arrasa con la taquilla en su primera gira en solitario por Espa\u00f1a\"}]},{\"@type\":\"WebSite\",\"@id\":\"http:\\\/\\\/unaymilletras.com\\\/#website\",\"url\":\"http:\\\/\\\/unaymilletras.com\\\/\",\"name\":\"Una y Mil Letras\",\"description\":\"\",\"publisher\":{\"@id\":\"http:\\\/\\\/unaymilletras.com\\\/#organization\"},\"potentialAction\":[{\"@type\":\"SearchAction\",\"target\":{\"@type\":\"EntryPoint\",\"urlTemplate\":\"http:\\\/\\\/unaymilletras.com\\\/?s={search_term_string}\"},\"query-input\":{\"@type\":\"PropertyValueSpecification\",\"valueRequired\":true,\"valueName\":\"search_term_string\"}}],\"inLanguage\":\"en-GB\"},{\"@type\":\"Organization\",\"@id\":\"http:\\\/\\\/unaymilletras.com\\\/#organization\",\"name\":\"Una y Mil Letras\",\"url\":\"http:\\\/\\\/unaymilletras.com\\\/\",\"logo\":{\"@type\":\"ImageObject\",\"inLanguage\":\"en-GB\",\"@id\":\"http:\\\/\\\/unaymilletras.com\\\/#\\\/schema\\\/logo\\\/image\\\/\",\"url\":\"https:\\\/\\\/unaymilletras.com\\\/wp-content\\\/uploads\\\/2024\\\/06\\\/cropped-Logo-removebg-preview.png\",\"contentUrl\":\"https:\\\/\\\/unaymilletras.com\\\/wp-content\\\/uploads\\\/2024\\\/06\\\/cropped-Logo-removebg-preview.png\",\"width\":512,\"height\":512,\"caption\":\"Una y Mil Letras\"},\"image\":{\"@id\":\"http:\\\/\\\/unaymilletras.com\\\/#\\\/schema\\\/logo\\\/image\\\/\"},\"sameAs\":[\"https:\\\/\\\/x.com\\\/UnaYMilLetras\",\"https:\\\/\\\/instagram.com\\\/UnaYMilLetras\"]},{\"@type\":\"Person\",\"@id\":\"http:\\\/\\\/unaymilletras.com\\\/#\\\/schema\\\/person\\\/0c171c80bc49a58d7a8ed3394548370c\",\"name\":\"David Hern\u00e1ndez\",\"image\":{\"@type\":\"ImageObject\",\"inLanguage\":\"en-GB\",\"@id\":\"https:\\\/\\\/secure.gravatar.com\\\/avatar\\\/86739d73874dcbc11e4278af33fb905704f5c29329727efb3b0e0bc838b0d469?s=96&d=mm&r=g\",\"url\":\"https:\\\/\\\/secure.gravatar.com\\\/avatar\\\/86739d73874dcbc11e4278af33fb905704f5c29329727efb3b0e0bc838b0d469?s=96&d=mm&r=g\",\"contentUrl\":\"https:\\\/\\\/secure.gravatar.com\\\/avatar\\\/86739d73874dcbc11e4278af33fb905704f5c29329727efb3b0e0bc838b0d469?s=96&d=mm&r=g\",\"caption\":\"David Hern\u00e1ndez\"},\"url\":\"https:\\\/\\\/unaymilletras.com\\\/en\\\/author\\\/davidesel\\\/\"}]}<\/script>\n<!-- \/ Yoast SEO plugin. -->","yoast_head_json":{"title":"Omar Courtz arrasa con la taquilla en su primera gira en solitario por Espa\u00f1a &#8902; Una y Mil Letras","description":"Omar Courtz hizo sold out en Madrid y Barcelona y se esperan m\u00e1s fechas para expandir barreras y consolidarse como el artista de \"La Nueva\"","robots":{"index":"index","follow":"follow","max-snippet":"max-snippet:-1","max-image-preview":"max-image-preview:large","max-video-preview":"max-video-preview:-1"},"canonical":"https:\/\/unaymilletras.com\/en\/omar-courtz-arrasa-con-la-taquilla-en-su-primera-gira-en-solitario-por-espana\/","og_locale":"en_GB","og_type":"article","og_title":"Omar Courtz arrasa con la taquilla en su primera gira en solitario por Espa\u00f1a &#8902; Una y Mil Letras","og_description":"Omar Courtz hizo sold out en Madrid y Barcelona y se esperan m\u00e1s fechas para expandir barreras y consolidarse como el artista de \"La Nueva\"","og_url":"https:\/\/unaymilletras.com\/en\/omar-courtz-arrasa-con-la-taquilla-en-su-primera-gira-en-solitario-por-espana\/","og_site_name":"Una y Mil Letras","article_published_time":"2025-09-12T08:00:00+00:00","og_image":[{"width":597,"height":336,"url":"https:\/\/unaymilletras.com\/wp-content\/uploads\/2025\/09\/ousi-edited.jpg","type":"image\/jpeg"}],"author":"David Hern\u00e1ndez","twitter_card":"summary_large_image","twitter_creator":"@UnaYMilLetras","twitter_site":"@UnaYMilLetras","twitter_misc":{"Written by":"David Hern\u00e1ndez","Estimated reading time":"3 minutes"},"schema":{"@context":"https:\/\/schema.org","@graph":[{"@type":"Article","@id":"https:\/\/unaymilletras.com\/omar-courtz-arrasa-con-la-taquilla-en-su-primera-gira-en-solitario-por-espana\/#article","isPartOf":{"@id":"https:\/\/unaymilletras.com\/omar-courtz-arrasa-con-la-taquilla-en-su-primera-gira-en-solitario-por-espana\/"},"author":{"name":"David Hern\u00e1ndez","@id":"http:\/\/unaymilletras.com\/#\/schema\/person\/0c171c80bc49a58d7a8ed3394548370c"},"headline":"Omar Courtz arrasa con la taquilla en su primera gira en solitario por Espa\u00f1a","datePublished":"2025-09-12T08:00:00+00:00","mainEntityOfPage":{"@id":"https:\/\/unaymilletras.com\/omar-courtz-arrasa-con-la-taquilla-en-su-primera-gira-en-solitario-por-espana\/"},"wordCount":408,"publisher":{"@id":"http:\/\/unaymilletras.com\/#organization"},"image":{"@id":"https:\/\/unaymilletras.com\/omar-courtz-arrasa-con-la-taquilla-en-su-primera-gira-en-solitario-por-espana\/#primaryimage"},"thumbnailUrl":"https:\/\/unaymilletras.com\/wp-content\/uploads\/2025\/09\/ousi-edited.jpg","keywords":["Espa\u00f1a","Gira","Movistar Arena","musica","Omar Courtz","rauw"],"articleSection":["M\u00fasica"],"inLanguage":"en-GB"},{"@type":"WebPage","@id":"https:\/\/unaymilletras.com\/omar-courtz-arrasa-con-la-taquilla-en-su-primera-gira-en-solitario-por-espana\/","url":"https:\/\/unaymilletras.com\/omar-courtz-arrasa-con-la-taquilla-en-su-primera-gira-en-solitario-por-espana\/","name":"Omar Courtz arrasa con la taquilla en su primera gira en solitario por Espa\u00f1a &#8902; Una y Mil Letras","isPartOf":{"@id":"http:\/\/unaymilletras.com\/#website"},"primaryImageOfPage":{"@id":"https:\/\/unaymilletras.com\/omar-courtz-arrasa-con-la-taquilla-en-su-primera-gira-en-solitario-por-espana\/#primaryimage"},"image":{"@id":"https:\/\/unaymilletras.com\/omar-courtz-arrasa-con-la-taquilla-en-su-primera-gira-en-solitario-por-espana\/#primaryimage"},"thumbnailUrl":"https:\/\/unaymilletras.com\/wp-content\/uploads\/2025\/09\/ousi-edited.jpg","datePublished":"2025-09-12T08:00:00+00:00","description":"Omar Courtz hizo sold out en Madrid y Barcelona y se esperan m\u00e1s fechas para expandir barreras y consolidarse como el artista de \"La Nueva\"","breadcrumb":{"@id":"https:\/\/unaymilletras.com\/omar-courtz-arrasa-con-la-taquilla-en-su-primera-gira-en-solitario-por-espana\/#breadcrumb"},"inLanguage":"en-GB","potentialAction":[{"@type":"ReadAction","target":["https:\/\/unaymilletras.com\/omar-courtz-arrasa-con-la-taquilla-en-su-primera-gira-en-solitario-por-espana\/"]}]},{"@type":"ImageObject","inLanguage":"en-GB","@id":"https:\/\/unaymilletras.com\/omar-courtz-arrasa-con-la-taquilla-en-su-primera-gira-en-solitario-por-espana\/#primaryimage","url":"https:\/\/unaymilletras.com\/wp-content\/uploads\/2025\/09\/ousi-edited.jpg","contentUrl":"https:\/\/unaymilletras.com\/wp-content\/uploads\/2025\/09\/ousi-edited.jpg","width":597,"height":336,"caption":"Omar Courtz en un concierto en Espa\u00f1a"},{"@type":"BreadcrumbList","@id":"https:\/\/unaymilletras.com\/omar-courtz-arrasa-con-la-taquilla-en-su-primera-gira-en-solitario-por-espana\/#breadcrumb","itemListElement":[{"@type":"ListItem","position":1,"name":"Home","item":"http:\/\/unaymilletras.com\/"},{"@type":"ListItem","position":2,"name":"Omar Courtz arrasa con la taquilla en su primera gira en solitario por Espa\u00f1a"}]},{"@type":"WebSite","@id":"http:\/\/unaymilletras.com\/#website","url":"http:\/\/unaymilletras.com\/","name":"Una y Mil Letras","description":"","publisher":{"@id":"http:\/\/unaymilletras.com\/#organization"},"potentialAction":[{"@type":"SearchAction","target":{"@type":"EntryPoint","urlTemplate":"http:\/\/unaymilletras.com\/?s={search_term_string}"},"query-input":{"@type":"PropertyValueSpecification","valueRequired":true,"valueName":"search_term_string"}}],"inLanguage":"en-GB"},{"@type":"Organization","@id":"http:\/\/unaymilletras.com\/#organization","name":"Una y Mil Letras","url":"http:\/\/unaymilletras.com\/","logo":{"@type":"ImageObject","inLanguage":"en-GB","@id":"http:\/\/unaymilletras.com\/#\/schema\/logo\/image\/","url":"https:\/\/unaymilletras.com\/wp-content\/uploads\/2024\/06\/cropped-Logo-removebg-preview.png","contentUrl":"https:\/\/unaymilletras.com\/wp-content\/uploads\/2024\/06\/cropped-Logo-removebg-preview.png","width":512,"height":512,"caption":"Una y Mil Letras"},"image":{"@id":"http:\/\/unaymilletras.com\/#\/schema\/logo\/image\/"},"sameAs":["https:\/\/x.com\/UnaYMilLetras","https:\/\/instagram.com\/UnaYMilLetras"]},{"@type":"Person","@id":"http:\/\/unaymilletras.com\/#\/schema\/person\/0c171c80bc49a58d7a8ed3394548370c","name":"David Hern\u00e1ndez","image":{"@type":"ImageObject","inLanguage":"en-GB","@id":"https:\/\/secure.gravatar.com\/avatar\/86739d73874dcbc11e4278af33fb905704f5c29329727efb3b0e0bc838b0d469?s=96&d=mm&r=g","url":"https:\/\/secure.gravatar.com\/avatar\/86739d73874dcbc11e4278af33fb905704f5c29329727efb3b0e0bc838b0d469?s=96&d=mm&r=g","contentUrl":"https:\/\/secure.gravatar.com\/avatar\/86739d73874dcbc11e4278af33fb905704f5c29329727efb3b0e0bc838b0d469?s=96&d=mm&r=g","caption":"David Hern\u00e1ndez"},"url":"https:\/\/unaymilletras.com\/en\/author\/davidesel\/"}]}},"_links":{"self":[{"href":"https:\/\/unaymilletras.com\/en\/wp-json\/wp\/v2\/posts\/5633","targetHints":{"allow":["GET"]}}],"collection":[{"href":"https:\/\/unaymilletras.com\/en\/wp-json\/wp\/v2\/posts"}],"about":[{"href":"https:\/\/unaymilletras.com\/en\/wp-json\/wp\/v2\/types\/post"}],"author":[{"embeddable":true,"href":"https:\/\/unaymilletras.com\/en\/wp-json\/wp\/v2\/users\/10"}],"replies":[{"embeddable":true,"href":"https:\/\/unaymilletras.com\/en\/wp-json\/wp\/v2\/comments?post=5633"}],"version-history":[{"count":1,"href":"https:\/\/unaymilletras.com\/en\/wp-json\/wp\/v2\/posts\/5633\/revisions"}],"predecessor-version":[{"id":5637,"href":"https:\/\/unaymilletras.com\/en\/wp-json\/wp\/v2\/posts\/5633\/revisions\/5637"}],"wp:featuredmedia":[{"embeddable":true,"href":"https:\/\/unaymilletras.com\/en\/wp-json\/wp\/v2\/media\/5635"}],"wp:attachment":[{"href":"https:\/\/unaymilletras.com\/en\/wp-json\/wp\/v2\/media?parent=5633"}],"wp:term":[{"taxonomy":"category","embeddable":true,"href":"https:\/\/unaymilletras.com\/en\/wp-json\/wp\/v2\/categories?post=5633"},{"taxonomy":"post_tag","embeddable":true,"href":"https:\/\/unaymilletras.com\/en\/wp-json\/wp\/v2\/tags?post=5633"}],"curies":[{"name":"wp","href":"https:\/\/api.w.org\/{rel}","templated":true}]}}