{"id":5638,"date":"2025-09-12T19:00:00","date_gmt":"2025-09-12T17:00:00","guid":{"rendered":"https:\/\/unaymilletras.com\/?p=5638"},"modified":"2025-09-14T02:18:49","modified_gmt":"2025-09-14T00:18:49","slug":"3am-estrena-fck-dat-con-lola-lolita-y-sofia-surferss-en-el-videoclip-oficial","status":"publish","type":"post","link":"https:\/\/unaymilletras.com\/en\/3am-estrena-fck-dat-con-lola-lolita-y-sofia-surferss-en-el-videoclip-oficial\/","title":{"rendered":"3AM estrena \u201cFCK DAT\u201d con Lola Lolita y Sof\u00eda Surferss en el videoclip oficial"},"content":{"rendered":"<div data-elementor-type=\"wp-post\" data-elementor-id=\"5638\" class=\"elementor elementor-5638\">\n\t\t\t\t\t\t<section class=\"elementor-section elementor-top-section elementor-element elementor-element-dc4f5ef elementor-section-boxed elementor-section-height-default elementor-section-height-default\" data-id=\"dc4f5ef\" data-element_type=\"section\" data-e-type=\"section\">\n\t\t\t\t\t\t<div class=\"elementor-container elementor-column-gap-default\">\n\t\t\t\t\t<div class=\"elementor-column elementor-col-100 elementor-top-column elementor-element elementor-element-394869f\" data-id=\"394869f\" data-element_type=\"column\" data-e-type=\"column\">\n\t\t\t<div class=\"elementor-widget-wrap elementor-element-populated\">\n\t\t\t\t\t\t<div class=\"elementor-element elementor-element-d9b304a elementor-widget elementor-widget-text-editor\" data-id=\"d9b304a\" data-element_type=\"widget\" data-e-type=\"widget\" data-widget_type=\"text-editor.default\">\n\t\t\t\t<div class=\"elementor-widget-container\">\n\t\t\t\t\t\t\t\t\t<h2 style=\"text-align: center;\"><span style=\"color: #808080;\"><em>El d\u00fao venezolano 3AM apuesta por un afro-tropical vibrante en \u201cFCK DAT\u201d, acompa\u00f1ado de un videoclip grabado en Alicante<\/em><\/span><\/h2>\t\t\t\t\t\t\t\t<\/div>\n\t\t\t\t<\/div>\n\t\t\t\t\t<\/div>\n\t\t<\/div>\n\t\t\t\t\t<\/div>\n\t\t<\/section>\n\t\t\t\t<section class=\"elementor-section elementor-top-section elementor-element elementor-element-1b3328a elementor-section-boxed elementor-section-height-default elementor-section-height-default\" data-id=\"1b3328a\" data-element_type=\"section\" data-e-type=\"section\">\n\t\t\t\t\t\t<div class=\"elementor-container elementor-column-gap-default\">\n\t\t\t\t\t<div class=\"elementor-column elementor-col-100 elementor-top-column elementor-element elementor-element-785a1e2\" data-id=\"785a1e2\" data-element_type=\"column\" data-e-type=\"column\">\n\t\t\t<div class=\"elementor-widget-wrap elementor-element-populated\">\n\t\t\t\t\t\t<div class=\"elementor-element elementor-element-7cfdc0e elementor-widget elementor-widget-text-editor\" data-id=\"7cfdc0e\" data-element_type=\"widget\" data-e-type=\"widget\" data-widget_type=\"text-editor.default\">\n\t\t\t\t<div class=\"elementor-widget-container\">\n\t\t\t\t\t\t\t\t\t<p data-start=\"309\" data-end=\"627\">El d\u00fao venezolano 3AM, formado por los hermanos Chriz y Rych, regresa con un nuevo lanzamiento cargado de frescura y romanticismo. Su nuevo sencillo, <strong data-start=\"459\" data-end=\"472\"><i>FCK DAT<\/i><\/strong>, fusiona ritmos afro-tropicales y latin hip hop en una declaraci\u00f3n de amor sin filtros, donde invitan a ser aut\u00e9ntico y a ignorar las cr\u00edticas externas.<\/p>\t\t\t\t\t\t\t\t<\/div>\n\t\t\t\t<\/div>\n\t\t\t\t\t<\/div>\n\t\t<\/div>\n\t\t\t\t\t<\/div>\n\t\t<\/section>\n\t\t\t\t<section class=\"elementor-section elementor-top-section elementor-element elementor-element-b86534e elementor-section-boxed elementor-section-height-default elementor-section-height-default\" data-id=\"b86534e\" data-element_type=\"section\" data-e-type=\"section\">\n\t\t\t\t\t\t<div class=\"elementor-container elementor-column-gap-default\">\n\t\t\t\t\t<div class=\"elementor-column elementor-col-66 elementor-top-column elementor-element elementor-element-a2bc4b5\" data-id=\"a2bc4b5\" data-element_type=\"column\" data-e-type=\"column\">\n\t\t\t<div class=\"elementor-widget-wrap elementor-element-populated\">\n\t\t\t\t\t\t<div class=\"elementor-element elementor-element-924b561 elementor-widget elementor-widget-text-editor\" data-id=\"924b561\" data-element_type=\"widget\" data-e-type=\"widget\" data-widget_type=\"text-editor.default\">\n\t\t\t\t<div class=\"elementor-widget-container\">\n\t\t\t\t\t\t\t\t\t<p data-start=\"629\" data-end=\"972\">El videoclip oficial, rodado en la isla de Tabarca y en Calpe, cuenta con la participaci\u00f3n de <strong data-start=\"723\" data-end=\"738\">Lola Lolita<\/strong>, quien ya hab\u00eda protagonizado otro de sus v\u00eddeos, y esta vez se le suma su hermana menor, <strong data-start=\"829\" data-end=\"847\">Sof\u00eda Surferss<\/strong>. Ambas encarnan la fuerza de un mensaje que desaf\u00eda los comentarios negativos en redes sociales y celebra la autenticidad.<\/p>\n<p data-start=\"974\" data-end=\"1240\">En la letra, los hermanos venezolanos lanzan versos rom\u00e1nticos y directos como <em data-start=\"1053\" data-end=\"1107\">\u201csi espero por ti no perder\u00e9, ma, t\u00fa me tienes loco\u201d<\/em>. Una propuesta que combina intensidad emocional y un ritmo ideal para la pista de baile, confirmando la versatilidad del proyecto.<\/p>\t\t\t\t\t\t\t\t<\/div>\n\t\t\t\t<\/div>\n\t\t\t\t\t<\/div>\n\t\t<\/div>\n\t\t\t\t<div class=\"elementor-column elementor-col-33 elementor-top-column elementor-element elementor-element-2a523e9\" data-id=\"2a523e9\" data-element_type=\"column\" data-e-type=\"column\">\n\t\t\t<div class=\"elementor-widget-wrap elementor-element-populated\">\n\t\t\t\t\t\t<div class=\"elementor-element elementor-element-29e4a5e elementor-widget elementor-widget-image\" data-id=\"29e4a5e\" data-element_type=\"widget\" data-e-type=\"widget\" data-widget_type=\"image.default\">\n\t\t\t\t<div class=\"elementor-widget-container\">\n\t\t\t\t\t\t\t\t\t\t\t\t\t\t\t<img fetchpriority=\"high\" decoding=\"async\" width=\"640\" height=\"960\" src=\"https:\/\/unaymilletras.com\/wp-content\/uploads\/2025\/09\/FCK-DAT-3AM-3-683x1024.jpg\" class=\"attachment-large size-large wp-image-5640\" alt=\"3AM\" srcset=\"https:\/\/unaymilletras.com\/wp-content\/uploads\/2025\/09\/FCK-DAT-3AM-3-683x1024.jpg 683w, https:\/\/unaymilletras.com\/wp-content\/uploads\/2025\/09\/FCK-DAT-3AM-3-200x300.jpg 200w, https:\/\/unaymilletras.com\/wp-content\/uploads\/2025\/09\/FCK-DAT-3AM-3-768x1152.jpg 768w, https:\/\/unaymilletras.com\/wp-content\/uploads\/2025\/09\/FCK-DAT-3AM-3-1024x1536.jpg 1024w, https:\/\/unaymilletras.com\/wp-content\/uploads\/2025\/09\/FCK-DAT-3AM-3-1365x2048.jpg 1365w, https:\/\/unaymilletras.com\/wp-content\/uploads\/2025\/09\/FCK-DAT-3AM-3-8x12.jpg 8w, https:\/\/unaymilletras.com\/wp-content\/uploads\/2025\/09\/FCK-DAT-3AM-3-scaled-e1757615671582.jpg 600w\" sizes=\"(max-width: 640px) 100vw, 640px\" \/>\t\t\t\t\t\t\t\t\t\t\t\t\t\t\t<\/div>\n\t\t\t\t<\/div>\n\t\t\t\t\t<\/div>\n\t\t<\/div>\n\t\t\t\t\t<\/div>\n\t\t<\/section>\n\t\t\t\t<section class=\"elementor-section elementor-top-section elementor-element elementor-element-2877017 elementor-section-boxed elementor-section-height-default elementor-section-height-default\" data-id=\"2877017\" data-element_type=\"section\" data-e-type=\"section\">\n\t\t\t\t\t\t<div class=\"elementor-container elementor-column-gap-default\">\n\t\t\t\t\t<div class=\"elementor-column elementor-col-100 elementor-top-column elementor-element elementor-element-27c9922\" data-id=\"27c9922\" data-element_type=\"column\" data-e-type=\"column\">\n\t\t\t<div class=\"elementor-widget-wrap elementor-element-populated\">\n\t\t\t\t\t\t<div class=\"elementor-element elementor-element-0599385 elementor-widget elementor-widget-text-editor\" data-id=\"0599385\" data-element_type=\"widget\" data-e-type=\"widget\" data-widget_type=\"text-editor.default\">\n\t\t\t\t<div class=\"elementor-widget-container\">\n\t\t\t\t\t\t\t\t\t<p>Con <i>FCK DAT<\/i>, 3AM contin\u00faa expandiendo su propuesta art\u00edstica hacia un p\u00fablico global, mezclando sonidos diversos sin perder su esencia. El lanzamiento llega tras el \u00e9xito de su \u00e1lbum&nbsp;<strong data-start=\"1427\" data-end=\"1442\"><i>Forajidos<\/i><\/strong>&nbsp;y su tema viral&nbsp;<strong data-start=\"1459\" data-end=\"1472\"><i>Diablah<\/i><\/strong>, y antes de sus esperados conciertos en Espa\u00f1a:&nbsp;<strong data-start=\"1521\" data-end=\"1587\">el 18 de noviembre en Madrid y el 20 de noviembre en Barcelona<\/strong>&nbsp;dentro del&nbsp;<strong data-start=\"1599\" data-end=\"1617\">Forajidos Tour<\/strong>.<\/p>\n<p data-start=\"1622\" data-end=\"1992\">El grupo, con m\u00e1s de 2 millones de oyentes mensuales en Spotify, ya acumula millones de reproducciones en canciones como <em data-start=\"1743\" data-end=\"1753\">\u201cPor ti\u201d<\/em>, <em data-start=\"1755\" data-end=\"1767\">\u201cUna rosa\u201d<\/em> o <em data-start=\"1770\" data-end=\"1781\">\u201cSiempre\u201d<\/em>, adem\u00e1s de colaboraciones con artistas como Danny Ocean, Beret, Khea y Yami Safdie. Nominados al Latin Grammy en 2024, se han consolidado como uno de los proyectos m\u00e1s prometedores de la escena urbana latina.<\/p>\t\t\t\t\t\t\t\t<\/div>\n\t\t\t\t<\/div>\n\t\t\t\t\t<\/div>\n\t\t<\/div>\n\t\t\t\t\t<\/div>\n\t\t<\/section>\n\t\t\t\t<\/div>","protected":false},"excerpt":{"rendered":"<p>El d\u00fao venezolano 3AM apuesta por un afro-tropical vibrante en \u201cFCK DAT\u201d, acompa\u00f1ado de un videoclip grabado en Alicante El d\u00fao venezolano 3AM, formado por los hermanos Chriz y Rych, regresa con un nuevo lanzamiento cargado de frescura y romanticismo. Su nuevo sencillo, FCK DAT, fusiona ritmos afro-tropicales y latin hip hop en una declaraci\u00f3n [&hellip;]<\/p>\n","protected":false},"author":1,"featured_media":5640,"comment_status":"closed","ping_status":"closed","sticky":false,"template":"","format":"standard","meta":{"footnotes":""},"categories":[4],"tags":[],"class_list":["post-5638","post","type-post","status-publish","format-standard","has-post-thumbnail","hentry","category-musica"],"yoast_head":"<!-- This site is optimized with the Yoast SEO plugin v27.4 - https:\/\/yoast.com\/product\/yoast-seo-wordpress\/ -->\n<title>3AM estrena \u201cFCK DAT\u201d con Lola Lolita y Sof\u00eda Surferss en el videoclip oficial<\/title>\n<meta name=\"description\" content=\"El d\u00fao venezolano 3AM apuesta por un afro-tropical vibrante en \u201cFCK DAT\u201d, acompa\u00f1ado de un videoclip grabado en Alicante\" \/>\n<meta name=\"robots\" content=\"index, follow, max-snippet:-1, max-image-preview:large, max-video-preview:-1\" \/>\n<link rel=\"canonical\" href=\"https:\/\/unaymilletras.com\/en\/3am-estrena-fck-dat-con-lola-lolita-y-sofia-surferss-en-el-videoclip-oficial\/\" \/>\n<meta property=\"og:locale\" content=\"en_GB\" \/>\n<meta property=\"og:type\" content=\"article\" \/>\n<meta property=\"og:title\" content=\"3AM estrena \u201cFCK DAT\u201d con Lola Lolita y Sof\u00eda Surferss en el videoclip oficial\" \/>\n<meta property=\"og:description\" content=\"El d\u00fao venezolano 3AM apuesta por un afro-tropical vibrante en \u201cFCK DAT\u201d, acompa\u00f1ado de un videoclip grabado en Alicante\" \/>\n<meta property=\"og:url\" content=\"https:\/\/unaymilletras.com\/en\/3am-estrena-fck-dat-con-lola-lolita-y-sofia-surferss-en-el-videoclip-oficial\/\" \/>\n<meta property=\"og:site_name\" content=\"Una y Mil Letras\" \/>\n<meta property=\"article:published_time\" content=\"2025-09-12T17:00:00+00:00\" \/>\n<meta property=\"article:modified_time\" content=\"2025-09-14T00:18:49+00:00\" \/>\n<meta property=\"og:image\" content=\"http:\/\/unaymilletras.com\/wp-content\/uploads\/2025\/09\/FCK-DAT-3AM-3-scaled-e1757615671582.jpg\" \/>\n\t<meta property=\"og:image:width\" content=\"600\" \/>\n\t<meta property=\"og:image:height\" content=\"900\" \/>\n\t<meta property=\"og:image:type\" content=\"image\/jpeg\" \/>\n<meta name=\"author\" content=\"Maria Gil Robledo\" \/>\n<meta name=\"twitter:card\" content=\"summary_large_image\" \/>\n<meta name=\"twitter:creator\" content=\"@UnaYMilLetras\" \/>\n<meta name=\"twitter:site\" content=\"@UnaYMilLetras\" \/>\n<meta name=\"twitter:label1\" content=\"Written by\" \/>\n\t<meta name=\"twitter:data1\" content=\"Maria Gil Robledo\" \/>\n\t<meta name=\"twitter:label2\" content=\"Estimated reading time\" \/>\n\t<meta name=\"twitter:data2\" content=\"2 minutes\" \/>\n<script type=\"application\/ld+json\" class=\"yoast-schema-graph\">{\"@context\":\"https:\\\/\\\/schema.org\",\"@graph\":[{\"@type\":\"Article\",\"@id\":\"https:\\\/\\\/unaymilletras.com\\\/3am-estrena-fck-dat-con-lola-lolita-y-sofia-surferss-en-el-videoclip-oficial\\\/#article\",\"isPartOf\":{\"@id\":\"https:\\\/\\\/unaymilletras.com\\\/3am-estrena-fck-dat-con-lola-lolita-y-sofia-surferss-en-el-videoclip-oficial\\\/\"},\"author\":{\"name\":\"Maria Gil Robledo\",\"@id\":\"http:\\\/\\\/unaymilletras.com\\\/#\\\/schema\\\/person\\\/d55ba681b8a4e463d8982dbe36a5dc94\"},\"headline\":\"3AM estrena \u201cFCK DAT\u201d con Lola Lolita y Sof\u00eda Surferss en el videoclip oficial\",\"datePublished\":\"2025-09-12T17:00:00+00:00\",\"dateModified\":\"2025-09-14T00:18:49+00:00\",\"mainEntityOfPage\":{\"@id\":\"https:\\\/\\\/unaymilletras.com\\\/3am-estrena-fck-dat-con-lola-lolita-y-sofia-surferss-en-el-videoclip-oficial\\\/\"},\"wordCount\":326,\"publisher\":{\"@id\":\"http:\\\/\\\/unaymilletras.com\\\/#organization\"},\"image\":{\"@id\":\"https:\\\/\\\/unaymilletras.com\\\/3am-estrena-fck-dat-con-lola-lolita-y-sofia-surferss-en-el-videoclip-oficial\\\/#primaryimage\"},\"thumbnailUrl\":\"https:\\\/\\\/unaymilletras.com\\\/wp-content\\\/uploads\\\/2025\\\/09\\\/FCK-DAT-3AM-3-scaled-e1757615671582.jpg\",\"articleSection\":[\"M\u00fasica\"],\"inLanguage\":\"en-GB\"},{\"@type\":\"WebPage\",\"@id\":\"https:\\\/\\\/unaymilletras.com\\\/3am-estrena-fck-dat-con-lola-lolita-y-sofia-surferss-en-el-videoclip-oficial\\\/\",\"url\":\"https:\\\/\\\/unaymilletras.com\\\/3am-estrena-fck-dat-con-lola-lolita-y-sofia-surferss-en-el-videoclip-oficial\\\/\",\"name\":\"3AM estrena \u201cFCK DAT\u201d con Lola Lolita y Sof\u00eda Surferss en el videoclip oficial\",\"isPartOf\":{\"@id\":\"http:\\\/\\\/unaymilletras.com\\\/#website\"},\"primaryImageOfPage\":{\"@id\":\"https:\\\/\\\/unaymilletras.com\\\/3am-estrena-fck-dat-con-lola-lolita-y-sofia-surferss-en-el-videoclip-oficial\\\/#primaryimage\"},\"image\":{\"@id\":\"https:\\\/\\\/unaymilletras.com\\\/3am-estrena-fck-dat-con-lola-lolita-y-sofia-surferss-en-el-videoclip-oficial\\\/#primaryimage\"},\"thumbnailUrl\":\"https:\\\/\\\/unaymilletras.com\\\/wp-content\\\/uploads\\\/2025\\\/09\\\/FCK-DAT-3AM-3-scaled-e1757615671582.jpg\",\"datePublished\":\"2025-09-12T17:00:00+00:00\",\"dateModified\":\"2025-09-14T00:18:49+00:00\",\"description\":\"El d\u00fao venezolano 3AM apuesta por un afro-tropical vibrante en \u201cFCK DAT\u201d, acompa\u00f1ado de un videoclip grabado en Alicante\",\"breadcrumb\":{\"@id\":\"https:\\\/\\\/unaymilletras.com\\\/3am-estrena-fck-dat-con-lola-lolita-y-sofia-surferss-en-el-videoclip-oficial\\\/#breadcrumb\"},\"inLanguage\":\"en-GB\",\"potentialAction\":[{\"@type\":\"ReadAction\",\"target\":[\"https:\\\/\\\/unaymilletras.com\\\/3am-estrena-fck-dat-con-lola-lolita-y-sofia-surferss-en-el-videoclip-oficial\\\/\"]}]},{\"@type\":\"ImageObject\",\"inLanguage\":\"en-GB\",\"@id\":\"https:\\\/\\\/unaymilletras.com\\\/3am-estrena-fck-dat-con-lola-lolita-y-sofia-surferss-en-el-videoclip-oficial\\\/#primaryimage\",\"url\":\"https:\\\/\\\/unaymilletras.com\\\/wp-content\\\/uploads\\\/2025\\\/09\\\/FCK-DAT-3AM-3-scaled-e1757615671582.jpg\",\"contentUrl\":\"https:\\\/\\\/unaymilletras.com\\\/wp-content\\\/uploads\\\/2025\\\/09\\\/FCK-DAT-3AM-3-scaled-e1757615671582.jpg\",\"width\":600,\"height\":900,\"caption\":\"3AM\"},{\"@type\":\"BreadcrumbList\",\"@id\":\"https:\\\/\\\/unaymilletras.com\\\/3am-estrena-fck-dat-con-lola-lolita-y-sofia-surferss-en-el-videoclip-oficial\\\/#breadcrumb\",\"itemListElement\":[{\"@type\":\"ListItem\",\"position\":1,\"name\":\"Home\",\"item\":\"http:\\\/\\\/unaymilletras.com\\\/\"},{\"@type\":\"ListItem\",\"position\":2,\"name\":\"3AM estrena \u201cFCK DAT\u201d con Lola Lolita y Sof\u00eda Surferss en el videoclip oficial\"}]},{\"@type\":\"WebSite\",\"@id\":\"http:\\\/\\\/unaymilletras.com\\\/#website\",\"url\":\"http:\\\/\\\/unaymilletras.com\\\/\",\"name\":\"Una y Mil Letras\",\"description\":\"\",\"publisher\":{\"@id\":\"http:\\\/\\\/unaymilletras.com\\\/#organization\"},\"potentialAction\":[{\"@type\":\"SearchAction\",\"target\":{\"@type\":\"EntryPoint\",\"urlTemplate\":\"http:\\\/\\\/unaymilletras.com\\\/?s={search_term_string}\"},\"query-input\":{\"@type\":\"PropertyValueSpecification\",\"valueRequired\":true,\"valueName\":\"search_term_string\"}}],\"inLanguage\":\"en-GB\"},{\"@type\":\"Organization\",\"@id\":\"http:\\\/\\\/unaymilletras.com\\\/#organization\",\"name\":\"Una y Mil Letras\",\"url\":\"http:\\\/\\\/unaymilletras.com\\\/\",\"logo\":{\"@type\":\"ImageObject\",\"inLanguage\":\"en-GB\",\"@id\":\"http:\\\/\\\/unaymilletras.com\\\/#\\\/schema\\\/logo\\\/image\\\/\",\"url\":\"https:\\\/\\\/unaymilletras.com\\\/wp-content\\\/uploads\\\/2024\\\/06\\\/cropped-Logo-removebg-preview.png\",\"contentUrl\":\"https:\\\/\\\/unaymilletras.com\\\/wp-content\\\/uploads\\\/2024\\\/06\\\/cropped-Logo-removebg-preview.png\",\"width\":512,\"height\":512,\"caption\":\"Una y Mil Letras\"},\"image\":{\"@id\":\"http:\\\/\\\/unaymilletras.com\\\/#\\\/schema\\\/logo\\\/image\\\/\"},\"sameAs\":[\"https:\\\/\\\/x.com\\\/UnaYMilLetras\",\"https:\\\/\\\/instagram.com\\\/UnaYMilLetras\"]},{\"@type\":\"Person\",\"@id\":\"http:\\\/\\\/unaymilletras.com\\\/#\\\/schema\\\/person\\\/d55ba681b8a4e463d8982dbe36a5dc94\",\"name\":\"Maria Gil Robledo\",\"image\":{\"@type\":\"ImageObject\",\"inLanguage\":\"en-GB\",\"@id\":\"https:\\\/\\\/secure.gravatar.com\\\/avatar\\\/4b8e5102e0015789407eb4870b12f0f2857952d83ca124058f92b764bd1840c3?s=96&d=mm&r=g\",\"url\":\"https:\\\/\\\/secure.gravatar.com\\\/avatar\\\/4b8e5102e0015789407eb4870b12f0f2857952d83ca124058f92b764bd1840c3?s=96&d=mm&r=g\",\"contentUrl\":\"https:\\\/\\\/secure.gravatar.com\\\/avatar\\\/4b8e5102e0015789407eb4870b12f0f2857952d83ca124058f92b764bd1840c3?s=96&d=mm&r=g\",\"caption\":\"Maria Gil Robledo\"},\"sameAs\":[\"http:\\\/\\\/unaymilletras.com\"],\"url\":\"https:\\\/\\\/unaymilletras.com\\\/en\\\/author\\\/mariiagiil02_\\\/\"}]}<\/script>\n<!-- \/ Yoast SEO plugin. -->","yoast_head_json":{"title":"3AM estrena \u201cFCK DAT\u201d con Lola Lolita y Sof\u00eda Surferss en el videoclip oficial","description":"El d\u00fao venezolano 3AM apuesta por un afro-tropical vibrante en \u201cFCK DAT\u201d, acompa\u00f1ado de un videoclip grabado en Alicante","robots":{"index":"index","follow":"follow","max-snippet":"max-snippet:-1","max-image-preview":"max-image-preview:large","max-video-preview":"max-video-preview:-1"},"canonical":"https:\/\/unaymilletras.com\/en\/3am-estrena-fck-dat-con-lola-lolita-y-sofia-surferss-en-el-videoclip-oficial\/","og_locale":"en_GB","og_type":"article","og_title":"3AM estrena \u201cFCK DAT\u201d con Lola Lolita y Sof\u00eda Surferss en el videoclip oficial","og_description":"El d\u00fao venezolano 3AM apuesta por un afro-tropical vibrante en \u201cFCK DAT\u201d, acompa\u00f1ado de un videoclip grabado en Alicante","og_url":"https:\/\/unaymilletras.com\/en\/3am-estrena-fck-dat-con-lola-lolita-y-sofia-surferss-en-el-videoclip-oficial\/","og_site_name":"Una y Mil Letras","article_published_time":"2025-09-12T17:00:00+00:00","article_modified_time":"2025-09-14T00:18:49+00:00","og_image":[{"width":600,"height":900,"url":"http:\/\/unaymilletras.com\/wp-content\/uploads\/2025\/09\/FCK-DAT-3AM-3-scaled-e1757615671582.jpg","type":"image\/jpeg"}],"author":"Maria Gil Robledo","twitter_card":"summary_large_image","twitter_creator":"@UnaYMilLetras","twitter_site":"@UnaYMilLetras","twitter_misc":{"Written by":"Maria Gil Robledo","Estimated reading time":"2 minutes"},"schema":{"@context":"https:\/\/schema.org","@graph":[{"@type":"Article","@id":"https:\/\/unaymilletras.com\/3am-estrena-fck-dat-con-lola-lolita-y-sofia-surferss-en-el-videoclip-oficial\/#article","isPartOf":{"@id":"https:\/\/unaymilletras.com\/3am-estrena-fck-dat-con-lola-lolita-y-sofia-surferss-en-el-videoclip-oficial\/"},"author":{"name":"Maria Gil Robledo","@id":"http:\/\/unaymilletras.com\/#\/schema\/person\/d55ba681b8a4e463d8982dbe36a5dc94"},"headline":"3AM estrena \u201cFCK DAT\u201d con Lola Lolita y Sof\u00eda Surferss en el videoclip oficial","datePublished":"2025-09-12T17:00:00+00:00","dateModified":"2025-09-14T00:18:49+00:00","mainEntityOfPage":{"@id":"https:\/\/unaymilletras.com\/3am-estrena-fck-dat-con-lola-lolita-y-sofia-surferss-en-el-videoclip-oficial\/"},"wordCount":326,"publisher":{"@id":"http:\/\/unaymilletras.com\/#organization"},"image":{"@id":"https:\/\/unaymilletras.com\/3am-estrena-fck-dat-con-lola-lolita-y-sofia-surferss-en-el-videoclip-oficial\/#primaryimage"},"thumbnailUrl":"https:\/\/unaymilletras.com\/wp-content\/uploads\/2025\/09\/FCK-DAT-3AM-3-scaled-e1757615671582.jpg","articleSection":["M\u00fasica"],"inLanguage":"en-GB"},{"@type":"WebPage","@id":"https:\/\/unaymilletras.com\/3am-estrena-fck-dat-con-lola-lolita-y-sofia-surferss-en-el-videoclip-oficial\/","url":"https:\/\/unaymilletras.com\/3am-estrena-fck-dat-con-lola-lolita-y-sofia-surferss-en-el-videoclip-oficial\/","name":"3AM estrena \u201cFCK DAT\u201d con Lola Lolita y Sof\u00eda Surferss en el videoclip oficial","isPartOf":{"@id":"http:\/\/unaymilletras.com\/#website"},"primaryImageOfPage":{"@id":"https:\/\/unaymilletras.com\/3am-estrena-fck-dat-con-lola-lolita-y-sofia-surferss-en-el-videoclip-oficial\/#primaryimage"},"image":{"@id":"https:\/\/unaymilletras.com\/3am-estrena-fck-dat-con-lola-lolita-y-sofia-surferss-en-el-videoclip-oficial\/#primaryimage"},"thumbnailUrl":"https:\/\/unaymilletras.com\/wp-content\/uploads\/2025\/09\/FCK-DAT-3AM-3-scaled-e1757615671582.jpg","datePublished":"2025-09-12T17:00:00+00:00","dateModified":"2025-09-14T00:18:49+00:00","description":"El d\u00fao venezolano 3AM apuesta por un afro-tropical vibrante en \u201cFCK DAT\u201d, acompa\u00f1ado de un videoclip grabado en Alicante","breadcrumb":{"@id":"https:\/\/unaymilletras.com\/3am-estrena-fck-dat-con-lola-lolita-y-sofia-surferss-en-el-videoclip-oficial\/#breadcrumb"},"inLanguage":"en-GB","potentialAction":[{"@type":"ReadAction","target":["https:\/\/unaymilletras.com\/3am-estrena-fck-dat-con-lola-lolita-y-sofia-surferss-en-el-videoclip-oficial\/"]}]},{"@type":"ImageObject","inLanguage":"en-GB","@id":"https:\/\/unaymilletras.com\/3am-estrena-fck-dat-con-lola-lolita-y-sofia-surferss-en-el-videoclip-oficial\/#primaryimage","url":"https:\/\/unaymilletras.com\/wp-content\/uploads\/2025\/09\/FCK-DAT-3AM-3-scaled-e1757615671582.jpg","contentUrl":"https:\/\/unaymilletras.com\/wp-content\/uploads\/2025\/09\/FCK-DAT-3AM-3-scaled-e1757615671582.jpg","width":600,"height":900,"caption":"3AM"},{"@type":"BreadcrumbList","@id":"https:\/\/unaymilletras.com\/3am-estrena-fck-dat-con-lola-lolita-y-sofia-surferss-en-el-videoclip-oficial\/#breadcrumb","itemListElement":[{"@type":"ListItem","position":1,"name":"Home","item":"http:\/\/unaymilletras.com\/"},{"@type":"ListItem","position":2,"name":"3AM estrena \u201cFCK DAT\u201d con Lola Lolita y Sof\u00eda Surferss en el videoclip oficial"}]},{"@type":"WebSite","@id":"http:\/\/unaymilletras.com\/#website","url":"http:\/\/unaymilletras.com\/","name":"Una y Mil Letras","description":"","publisher":{"@id":"http:\/\/unaymilletras.com\/#organization"},"potentialAction":[{"@type":"SearchAction","target":{"@type":"EntryPoint","urlTemplate":"http:\/\/unaymilletras.com\/?s={search_term_string}"},"query-input":{"@type":"PropertyValueSpecification","valueRequired":true,"valueName":"search_term_string"}}],"inLanguage":"en-GB"},{"@type":"Organization","@id":"http:\/\/unaymilletras.com\/#organization","name":"Una y Mil Letras","url":"http:\/\/unaymilletras.com\/","logo":{"@type":"ImageObject","inLanguage":"en-GB","@id":"http:\/\/unaymilletras.com\/#\/schema\/logo\/image\/","url":"https:\/\/unaymilletras.com\/wp-content\/uploads\/2024\/06\/cropped-Logo-removebg-preview.png","contentUrl":"https:\/\/unaymilletras.com\/wp-content\/uploads\/2024\/06\/cropped-Logo-removebg-preview.png","width":512,"height":512,"caption":"Una y Mil Letras"},"image":{"@id":"http:\/\/unaymilletras.com\/#\/schema\/logo\/image\/"},"sameAs":["https:\/\/x.com\/UnaYMilLetras","https:\/\/instagram.com\/UnaYMilLetras"]},{"@type":"Person","@id":"http:\/\/unaymilletras.com\/#\/schema\/person\/d55ba681b8a4e463d8982dbe36a5dc94","name":"Maria Gil Robledo","image":{"@type":"ImageObject","inLanguage":"en-GB","@id":"https:\/\/secure.gravatar.com\/avatar\/4b8e5102e0015789407eb4870b12f0f2857952d83ca124058f92b764bd1840c3?s=96&d=mm&r=g","url":"https:\/\/secure.gravatar.com\/avatar\/4b8e5102e0015789407eb4870b12f0f2857952d83ca124058f92b764bd1840c3?s=96&d=mm&r=g","contentUrl":"https:\/\/secure.gravatar.com\/avatar\/4b8e5102e0015789407eb4870b12f0f2857952d83ca124058f92b764bd1840c3?s=96&d=mm&r=g","caption":"Maria Gil Robledo"},"sameAs":["http:\/\/unaymilletras.com"],"url":"https:\/\/unaymilletras.com\/en\/author\/mariiagiil02_\/"}]}},"_links":{"self":[{"href":"https:\/\/unaymilletras.com\/en\/wp-json\/wp\/v2\/posts\/5638","targetHints":{"allow":["GET"]}}],"collection":[{"href":"https:\/\/unaymilletras.com\/en\/wp-json\/wp\/v2\/posts"}],"about":[{"href":"https:\/\/unaymilletras.com\/en\/wp-json\/wp\/v2\/types\/post"}],"author":[{"embeddable":true,"href":"https:\/\/unaymilletras.com\/en\/wp-json\/wp\/v2\/users\/1"}],"replies":[{"embeddable":true,"href":"https:\/\/unaymilletras.com\/en\/wp-json\/wp\/v2\/comments?post=5638"}],"version-history":[{"count":4,"href":"https:\/\/unaymilletras.com\/en\/wp-json\/wp\/v2\/posts\/5638\/revisions"}],"predecessor-version":[{"id":5643,"href":"https:\/\/unaymilletras.com\/en\/wp-json\/wp\/v2\/posts\/5638\/revisions\/5643"}],"wp:featuredmedia":[{"embeddable":true,"href":"https:\/\/unaymilletras.com\/en\/wp-json\/wp\/v2\/media\/5640"}],"wp:attachment":[{"href":"https:\/\/unaymilletras.com\/en\/wp-json\/wp\/v2\/media?parent=5638"}],"wp:term":[{"taxonomy":"category","embeddable":true,"href":"https:\/\/unaymilletras.com\/en\/wp-json\/wp\/v2\/categories?post=5638"},{"taxonomy":"post_tag","embeddable":true,"href":"https:\/\/unaymilletras.com\/en\/wp-json\/wp\/v2\/tags?post=5638"}],"curies":[{"name":"wp","href":"https:\/\/api.w.org\/{rel}","templated":true}]}}