{"id":5646,"date":"2025-09-11T23:54:08","date_gmt":"2025-09-11T21:54:08","guid":{"rendered":"https:\/\/unaymilletras.com\/?p=5646"},"modified":"2025-09-11T23:57:47","modified_gmt":"2025-09-11T21:57:47","slug":"fms-espana-arranca-su-8a-temporada-en-a-coruna-con-bnet-como-extra-player","status":"publish","type":"post","link":"https:\/\/unaymilletras.com\/en\/fms-espana-arranca-su-8a-temporada-en-a-coruna-con-bnet-como-extra-player\/","title":{"rendered":"FMS Espa\u00f1a arranca su 8\u00aa temporada en A Coru\u00f1a con BNET como extra player"},"content":{"rendered":"<div data-elementor-type=\"wp-post\" data-elementor-id=\"5646\" class=\"elementor elementor-5646\">\n\t\t\t\t\t\t<section class=\"elementor-section elementor-top-section elementor-element elementor-element-3a9c3a5 elementor-section-boxed elementor-section-height-default elementor-section-height-default\" data-id=\"3a9c3a5\" data-element_type=\"section\" data-e-type=\"section\">\n\t\t\t\t\t\t<div class=\"elementor-container elementor-column-gap-default\">\n\t\t\t\t\t<div class=\"elementor-column elementor-col-100 elementor-top-column elementor-element elementor-element-2119fe2\" data-id=\"2119fe2\" data-element_type=\"column\" data-e-type=\"column\">\n\t\t\t<div class=\"elementor-widget-wrap elementor-element-populated\">\n\t\t\t\t\t\t<div class=\"elementor-element elementor-element-1198a42 elementor-widget elementor-widget-text-editor\" data-id=\"1198a42\" data-element_type=\"widget\" data-e-type=\"widget\" data-widget_type=\"text-editor.default\">\n\t\t\t\t<div class=\"elementor-widget-container\">\n\t\t\t\t\t\t\t\t\t<h2 style=\"text-align: center;\"><span style=\"color: #808080;\"><em>La primera jornada se celebra en el Puerto, con una plantilla renovada y grandes nombres del freestyle<\/em><\/span><\/h2>\t\t\t\t\t\t\t\t<\/div>\n\t\t\t\t<\/div>\n\t\t\t\t\t<\/div>\n\t\t<\/div>\n\t\t\t\t\t<\/div>\n\t\t<\/section>\n\t\t\t\t<section class=\"elementor-section elementor-top-section elementor-element elementor-element-8a6f1fa elementor-section-boxed elementor-section-height-default elementor-section-height-default\" data-id=\"8a6f1fa\" data-element_type=\"section\" data-e-type=\"section\">\n\t\t\t\t\t\t<div class=\"elementor-container elementor-column-gap-default\">\n\t\t\t\t\t<div class=\"elementor-column elementor-col-100 elementor-top-column elementor-element elementor-element-49a88b0\" data-id=\"49a88b0\" data-element_type=\"column\" data-e-type=\"column\">\n\t\t\t<div class=\"elementor-widget-wrap elementor-element-populated\">\n\t\t\t\t\t\t<div class=\"elementor-element elementor-element-04355fd elementor-widget elementor-widget-text-editor\" data-id=\"04355fd\" data-element_type=\"widget\" data-e-type=\"widget\" data-widget_type=\"text-editor.default\">\n\t\t\t\t<div class=\"elementor-widget-container\">\n\t\t\t\t\t\t\t\t\t<p data-start=\"371\" data-end=\"653\"><b>La Freestyle Master Series (FMS) Espa\u00f1a<\/b> regresa ma\u00f1ana, 12 de septiembre, con el inicio de su octava temporada en A Coru\u00f1a. El estreno se celebrar\u00e1 en el Puerto dentro del ciclo musical <b>SON E MAR<\/b>, consolidando a Galicia como epicentro de la cultura urbana en esta fecha hist\u00f3rica.<\/p>\n<p data-start=\"655\" data-end=\"1211\">El inicio de temporada llega con una importante renovaci\u00f3n: el 60% de la plantilla se ha transformado, incorporando nuevas caras que prometen enfrentamientos in\u00e9ditos y llenos de energ\u00eda. Entre los renovados estar\u00e1n Chuty, tetracampe\u00f3n de la competici\u00f3n; Zasko, uno de los grandes veteranos; Sweet Pain, favorito internacional, y Alek, la joven promesa que arras\u00f3 en 2024.&nbsp;<\/p><p data-start=\"655\" data-end=\"1211\">A ellos se suman fichajes como Bar\u00f3n, Dani VK, Fabiuki y Nez, campe\u00f3n de FMS Under, adem\u00e1s de la incorporaci\u00f3n de Arkano, tras su paso por FMS Per\u00fa, y Nitro, bicampe\u00f3n de FMS Chile.<\/p>\t\t\t\t\t\t\t\t<\/div>\n\t\t\t\t<\/div>\n\t\t\t\t\t<\/div>\n\t\t<\/div>\n\t\t\t\t\t<\/div>\n\t\t<\/section>\n\t\t\t\t<section class=\"elementor-section elementor-top-section elementor-element elementor-element-b68eafa elementor-section-boxed elementor-section-height-default elementor-section-height-default\" data-id=\"b68eafa\" data-element_type=\"section\" data-e-type=\"section\">\n\t\t\t\t\t\t<div class=\"elementor-container elementor-column-gap-default\">\n\t\t\t\t\t<div class=\"elementor-column elementor-col-100 elementor-top-column elementor-element elementor-element-6681dfe\" data-id=\"6681dfe\" data-element_type=\"column\" data-e-type=\"column\">\n\t\t\t<div class=\"elementor-widget-wrap elementor-element-populated\">\n\t\t\t\t\t\t<div class=\"elementor-element elementor-element-c7187ac elementor-widget elementor-widget-image\" data-id=\"c7187ac\" data-element_type=\"widget\" data-e-type=\"widget\" data-widget_type=\"image.default\">\n\t\t\t\t<div class=\"elementor-widget-container\">\n\t\t\t\t\t\t\t\t\t\t\t\t\t\t\t<img fetchpriority=\"high\" decoding=\"async\" width=\"600\" height=\"369\" src=\"https:\/\/unaymilletras.com\/wp-content\/uploads\/2025\/09\/839813-e1757627817443.jpg\" class=\"attachment-large size-large wp-image-5648\" alt=\"FMS\" \/>\t\t\t\t\t\t\t\t\t\t\t\t\t\t\t<\/div>\n\t\t\t\t<\/div>\n\t\t\t\t\t<\/div>\n\t\t<\/div>\n\t\t\t\t\t<\/div>\n\t\t<\/section>\n\t\t\t\t<section class=\"elementor-section elementor-top-section elementor-element elementor-element-6a3de25 elementor-section-boxed elementor-section-height-default elementor-section-height-default\" data-id=\"6a3de25\" data-element_type=\"section\" data-e-type=\"section\">\n\t\t\t\t\t\t<div class=\"elementor-container elementor-column-gap-default\">\n\t\t\t\t\t<div class=\"elementor-column elementor-col-100 elementor-top-column elementor-element elementor-element-3172422\" data-id=\"3172422\" data-element_type=\"column\" data-e-type=\"column\">\n\t\t\t<div class=\"elementor-widget-wrap elementor-element-populated\">\n\t\t\t\t\t\t<div class=\"elementor-element elementor-element-15b1a4c elementor-widget elementor-widget-text-editor\" data-id=\"15b1a4c\" data-element_type=\"widget\" data-e-type=\"widget\" data-widget_type=\"text-editor.default\">\n\t\t\t\t<div class=\"elementor-widget-container\">\n\t\t\t\t\t\t\t\t\t<p data-start=\"1213\" data-end=\"1500\">Como gran atractivo, esta primera jornada contar\u00e1 con BNET como <strong data-start=\"1277\" data-end=\"1293\">extra player<\/strong>, un nombre que asegura espect\u00e1culo y emoci\u00f3n para los seguidores. Con este arranque, la liga comienza una temporada de cinco jornadas en diferentes puntos de Espa\u00f1a, en busca de un nuevo campe\u00f3n nacional.<\/p><p data-start=\"1502\" data-end=\"1794\">El regreso de la FMS Espa\u00f1a llega tras una s\u00e9ptima temporada de r\u00e9cord: m\u00e1s de 7,6 millones de visualizaciones en YouTube, un pico de 77.300 espectadores en directo y m\u00e1s de 10.000 asistentes en vivo, consolidando a la liga como una de las competiciones de freestyle m\u00e1s seguidas del mundo.<\/p><p data-start=\"1796\" data-end=\"1881\">Las entradas para la jornada inaugural en A Coru\u00f1a est\u00e1n disponibles en <strong data-start=\"1868\" data-end=\"1878\">fms.tv<\/strong>.<\/p>\t\t\t\t\t\t\t\t<\/div>\n\t\t\t\t<\/div>\n\t\t\t\t\t<\/div>\n\t\t<\/div>\n\t\t\t\t\t<\/div>\n\t\t<\/section>\n\t\t\t\t<\/div>","protected":false},"excerpt":{"rendered":"<p>La primera jornada se celebra en el Puerto, con una plantilla renovada y grandes nombres del freestyle La Freestyle Master Series (FMS) Espa\u00f1a regresa ma\u00f1ana, 12 de septiembre, con el inicio de su octava temporada en A Coru\u00f1a. El estreno se celebrar\u00e1 en el Puerto dentro del ciclo musical SON E MAR, consolidando a Galicia [&hellip;]<\/p>\n","protected":false},"author":6,"featured_media":5648,"comment_status":"closed","ping_status":"closed","sticky":false,"template":"","format":"standard","meta":{"footnotes":""},"categories":[4],"tags":[],"class_list":["post-5646","post","type-post","status-publish","format-standard","has-post-thumbnail","hentry","category-musica"],"yoast_head":"<!-- This site is optimized with the Yoast SEO plugin v27.4 - https:\/\/yoast.com\/product\/yoast-seo-wordpress\/ -->\n<title>FMS Espa\u00f1a arranca su 8\u00aa temporada en A Coru\u00f1a con BNET como extra player<\/title>\n<meta name=\"description\" content=\"La primera jornada se celebra en el Puerto dentro del ciclo SON E MAR, con una plantilla renovada y grandes nombres del freestyle\" \/>\n<meta name=\"robots\" content=\"index, follow, max-snippet:-1, max-image-preview:large, max-video-preview:-1\" \/>\n<link rel=\"canonical\" href=\"https:\/\/unaymilletras.com\/en\/fms-espana-arranca-su-8a-temporada-en-a-coruna-con-bnet-como-extra-player\/\" \/>\n<meta property=\"og:locale\" content=\"en_GB\" \/>\n<meta property=\"og:type\" content=\"article\" \/>\n<meta property=\"og:title\" content=\"FMS Espa\u00f1a arranca su 8\u00aa temporada en A Coru\u00f1a con BNET como extra player\" \/>\n<meta property=\"og:description\" content=\"La primera jornada se celebra en el Puerto dentro del ciclo SON E MAR, con una plantilla renovada y grandes nombres del freestyle\" \/>\n<meta property=\"og:url\" content=\"https:\/\/unaymilletras.com\/en\/fms-espana-arranca-su-8a-temporada-en-a-coruna-con-bnet-como-extra-player\/\" \/>\n<meta property=\"og:site_name\" content=\"Una y Mil Letras\" \/>\n<meta property=\"article:published_time\" content=\"2025-09-11T21:54:08+00:00\" \/>\n<meta property=\"article:modified_time\" content=\"2025-09-11T21:57:47+00:00\" \/>\n<meta property=\"og:image\" content=\"http:\/\/unaymilletras.com\/wp-content\/uploads\/2025\/09\/839813-e1757627817443.jpg\" \/>\n\t<meta property=\"og:image:width\" content=\"600\" \/>\n\t<meta property=\"og:image:height\" content=\"369\" \/>\n\t<meta property=\"og:image:type\" content=\"image\/jpeg\" \/>\n<meta name=\"author\" content=\"Redacci\u00f3n\" \/>\n<meta name=\"twitter:card\" content=\"summary_large_image\" \/>\n<meta name=\"twitter:creator\" content=\"@UnaYMilLetras\" \/>\n<meta name=\"twitter:site\" content=\"@UnaYMilLetras\" \/>\n<meta name=\"twitter:label1\" content=\"Written by\" \/>\n\t<meta name=\"twitter:data1\" content=\"Redacci\u00f3n\" \/>\n\t<meta name=\"twitter:label2\" content=\"Estimated reading time\" \/>\n\t<meta name=\"twitter:data2\" content=\"2 minutes\" \/>\n<script type=\"application\/ld+json\" class=\"yoast-schema-graph\">{\"@context\":\"https:\\\/\\\/schema.org\",\"@graph\":[{\"@type\":\"Article\",\"@id\":\"https:\\\/\\\/unaymilletras.com\\\/fms-espana-arranca-su-8a-temporada-en-a-coruna-con-bnet-como-extra-player\\\/#article\",\"isPartOf\":{\"@id\":\"https:\\\/\\\/unaymilletras.com\\\/fms-espana-arranca-su-8a-temporada-en-a-coruna-con-bnet-como-extra-player\\\/\"},\"author\":{\"name\":\"Redacci\u00f3n\",\"@id\":\"http:\\\/\\\/unaymilletras.com\\\/#\\\/schema\\\/person\\\/0860dc8a218329991ee2c7591f4f849d\"},\"headline\":\"FMS Espa\u00f1a arranca su 8\u00aa temporada en A Coru\u00f1a con BNET como extra player\",\"datePublished\":\"2025-09-11T21:54:08+00:00\",\"dateModified\":\"2025-09-11T21:57:47+00:00\",\"mainEntityOfPage\":{\"@id\":\"https:\\\/\\\/unaymilletras.com\\\/fms-espana-arranca-su-8a-temporada-en-a-coruna-con-bnet-como-extra-player\\\/\"},\"wordCount\":301,\"publisher\":{\"@id\":\"http:\\\/\\\/unaymilletras.com\\\/#organization\"},\"image\":{\"@id\":\"https:\\\/\\\/unaymilletras.com\\\/fms-espana-arranca-su-8a-temporada-en-a-coruna-con-bnet-como-extra-player\\\/#primaryimage\"},\"thumbnailUrl\":\"https:\\\/\\\/unaymilletras.com\\\/wp-content\\\/uploads\\\/2025\\\/09\\\/839813-e1757627817443.jpg\",\"articleSection\":[\"M\u00fasica\"],\"inLanguage\":\"en-GB\"},{\"@type\":\"WebPage\",\"@id\":\"https:\\\/\\\/unaymilletras.com\\\/fms-espana-arranca-su-8a-temporada-en-a-coruna-con-bnet-como-extra-player\\\/\",\"url\":\"https:\\\/\\\/unaymilletras.com\\\/fms-espana-arranca-su-8a-temporada-en-a-coruna-con-bnet-como-extra-player\\\/\",\"name\":\"FMS Espa\u00f1a arranca su 8\u00aa temporada en A Coru\u00f1a con BNET como extra player\",\"isPartOf\":{\"@id\":\"http:\\\/\\\/unaymilletras.com\\\/#website\"},\"primaryImageOfPage\":{\"@id\":\"https:\\\/\\\/unaymilletras.com\\\/fms-espana-arranca-su-8a-temporada-en-a-coruna-con-bnet-como-extra-player\\\/#primaryimage\"},\"image\":{\"@id\":\"https:\\\/\\\/unaymilletras.com\\\/fms-espana-arranca-su-8a-temporada-en-a-coruna-con-bnet-como-extra-player\\\/#primaryimage\"},\"thumbnailUrl\":\"https:\\\/\\\/unaymilletras.com\\\/wp-content\\\/uploads\\\/2025\\\/09\\\/839813-e1757627817443.jpg\",\"datePublished\":\"2025-09-11T21:54:08+00:00\",\"dateModified\":\"2025-09-11T21:57:47+00:00\",\"description\":\"La primera jornada se celebra en el Puerto dentro del ciclo SON E MAR, con una plantilla renovada y grandes nombres del freestyle\",\"breadcrumb\":{\"@id\":\"https:\\\/\\\/unaymilletras.com\\\/fms-espana-arranca-su-8a-temporada-en-a-coruna-con-bnet-como-extra-player\\\/#breadcrumb\"},\"inLanguage\":\"en-GB\",\"potentialAction\":[{\"@type\":\"ReadAction\",\"target\":[\"https:\\\/\\\/unaymilletras.com\\\/fms-espana-arranca-su-8a-temporada-en-a-coruna-con-bnet-como-extra-player\\\/\"]}]},{\"@type\":\"ImageObject\",\"inLanguage\":\"en-GB\",\"@id\":\"https:\\\/\\\/unaymilletras.com\\\/fms-espana-arranca-su-8a-temporada-en-a-coruna-con-bnet-como-extra-player\\\/#primaryimage\",\"url\":\"https:\\\/\\\/unaymilletras.com\\\/wp-content\\\/uploads\\\/2025\\\/09\\\/839813-e1757627817443.jpg\",\"contentUrl\":\"https:\\\/\\\/unaymilletras.com\\\/wp-content\\\/uploads\\\/2025\\\/09\\\/839813-e1757627817443.jpg\",\"width\":600,\"height\":369,\"caption\":\"FMS\"},{\"@type\":\"BreadcrumbList\",\"@id\":\"https:\\\/\\\/unaymilletras.com\\\/fms-espana-arranca-su-8a-temporada-en-a-coruna-con-bnet-como-extra-player\\\/#breadcrumb\",\"itemListElement\":[{\"@type\":\"ListItem\",\"position\":1,\"name\":\"Home\",\"item\":\"http:\\\/\\\/unaymilletras.com\\\/\"},{\"@type\":\"ListItem\",\"position\":2,\"name\":\"FMS Espa\u00f1a arranca su 8\u00aa temporada en A Coru\u00f1a con BNET como extra player\"}]},{\"@type\":\"WebSite\",\"@id\":\"http:\\\/\\\/unaymilletras.com\\\/#website\",\"url\":\"http:\\\/\\\/unaymilletras.com\\\/\",\"name\":\"Una y Mil Letras\",\"description\":\"\",\"publisher\":{\"@id\":\"http:\\\/\\\/unaymilletras.com\\\/#organization\"},\"potentialAction\":[{\"@type\":\"SearchAction\",\"target\":{\"@type\":\"EntryPoint\",\"urlTemplate\":\"http:\\\/\\\/unaymilletras.com\\\/?s={search_term_string}\"},\"query-input\":{\"@type\":\"PropertyValueSpecification\",\"valueRequired\":true,\"valueName\":\"search_term_string\"}}],\"inLanguage\":\"en-GB\"},{\"@type\":\"Organization\",\"@id\":\"http:\\\/\\\/unaymilletras.com\\\/#organization\",\"name\":\"Una y Mil Letras\",\"url\":\"http:\\\/\\\/unaymilletras.com\\\/\",\"logo\":{\"@type\":\"ImageObject\",\"inLanguage\":\"en-GB\",\"@id\":\"http:\\\/\\\/unaymilletras.com\\\/#\\\/schema\\\/logo\\\/image\\\/\",\"url\":\"https:\\\/\\\/unaymilletras.com\\\/wp-content\\\/uploads\\\/2024\\\/06\\\/cropped-Logo-removebg-preview.png\",\"contentUrl\":\"https:\\\/\\\/unaymilletras.com\\\/wp-content\\\/uploads\\\/2024\\\/06\\\/cropped-Logo-removebg-preview.png\",\"width\":512,\"height\":512,\"caption\":\"Una y Mil Letras\"},\"image\":{\"@id\":\"http:\\\/\\\/unaymilletras.com\\\/#\\\/schema\\\/logo\\\/image\\\/\"},\"sameAs\":[\"https:\\\/\\\/x.com\\\/UnaYMilLetras\",\"https:\\\/\\\/instagram.com\\\/UnaYMilLetras\"]},{\"@type\":\"Person\",\"@id\":\"http:\\\/\\\/unaymilletras.com\\\/#\\\/schema\\\/person\\\/0860dc8a218329991ee2c7591f4f849d\",\"name\":\"Redacci\u00f3n\",\"image\":{\"@type\":\"ImageObject\",\"inLanguage\":\"en-GB\",\"@id\":\"https:\\\/\\\/secure.gravatar.com\\\/avatar\\\/d8f55e05a8b6597e45c55a1dcbdbfe44f4a360d88b48e00de5216a79b7732796?s=96&d=mm&r=g\",\"url\":\"https:\\\/\\\/secure.gravatar.com\\\/avatar\\\/d8f55e05a8b6597e45c55a1dcbdbfe44f4a360d88b48e00de5216a79b7732796?s=96&d=mm&r=g\",\"contentUrl\":\"https:\\\/\\\/secure.gravatar.com\\\/avatar\\\/d8f55e05a8b6597e45c55a1dcbdbfe44f4a360d88b48e00de5216a79b7732796?s=96&d=mm&r=g\",\"caption\":\"Redacci\u00f3n\"},\"url\":\"https:\\\/\\\/unaymilletras.com\\\/en\\\/author\\\/redaccion\\\/\"}]}<\/script>\n<!-- \/ Yoast SEO plugin. -->","yoast_head_json":{"title":"FMS Espa\u00f1a arranca su 8\u00aa temporada en A Coru\u00f1a con BNET como extra player","description":"La primera jornada se celebra en el Puerto dentro del ciclo SON E MAR, con una plantilla renovada y grandes nombres del freestyle","robots":{"index":"index","follow":"follow","max-snippet":"max-snippet:-1","max-image-preview":"max-image-preview:large","max-video-preview":"max-video-preview:-1"},"canonical":"https:\/\/unaymilletras.com\/en\/fms-espana-arranca-su-8a-temporada-en-a-coruna-con-bnet-como-extra-player\/","og_locale":"en_GB","og_type":"article","og_title":"FMS Espa\u00f1a arranca su 8\u00aa temporada en A Coru\u00f1a con BNET como extra player","og_description":"La primera jornada se celebra en el Puerto dentro del ciclo SON E MAR, con una plantilla renovada y grandes nombres del freestyle","og_url":"https:\/\/unaymilletras.com\/en\/fms-espana-arranca-su-8a-temporada-en-a-coruna-con-bnet-como-extra-player\/","og_site_name":"Una y Mil Letras","article_published_time":"2025-09-11T21:54:08+00:00","article_modified_time":"2025-09-11T21:57:47+00:00","og_image":[{"width":600,"height":369,"url":"http:\/\/unaymilletras.com\/wp-content\/uploads\/2025\/09\/839813-e1757627817443.jpg","type":"image\/jpeg"}],"author":"Redacci\u00f3n","twitter_card":"summary_large_image","twitter_creator":"@UnaYMilLetras","twitter_site":"@UnaYMilLetras","twitter_misc":{"Written by":"Redacci\u00f3n","Estimated reading time":"2 minutes"},"schema":{"@context":"https:\/\/schema.org","@graph":[{"@type":"Article","@id":"https:\/\/unaymilletras.com\/fms-espana-arranca-su-8a-temporada-en-a-coruna-con-bnet-como-extra-player\/#article","isPartOf":{"@id":"https:\/\/unaymilletras.com\/fms-espana-arranca-su-8a-temporada-en-a-coruna-con-bnet-como-extra-player\/"},"author":{"name":"Redacci\u00f3n","@id":"http:\/\/unaymilletras.com\/#\/schema\/person\/0860dc8a218329991ee2c7591f4f849d"},"headline":"FMS Espa\u00f1a arranca su 8\u00aa temporada en A Coru\u00f1a con BNET como extra player","datePublished":"2025-09-11T21:54:08+00:00","dateModified":"2025-09-11T21:57:47+00:00","mainEntityOfPage":{"@id":"https:\/\/unaymilletras.com\/fms-espana-arranca-su-8a-temporada-en-a-coruna-con-bnet-como-extra-player\/"},"wordCount":301,"publisher":{"@id":"http:\/\/unaymilletras.com\/#organization"},"image":{"@id":"https:\/\/unaymilletras.com\/fms-espana-arranca-su-8a-temporada-en-a-coruna-con-bnet-como-extra-player\/#primaryimage"},"thumbnailUrl":"https:\/\/unaymilletras.com\/wp-content\/uploads\/2025\/09\/839813-e1757627817443.jpg","articleSection":["M\u00fasica"],"inLanguage":"en-GB"},{"@type":"WebPage","@id":"https:\/\/unaymilletras.com\/fms-espana-arranca-su-8a-temporada-en-a-coruna-con-bnet-como-extra-player\/","url":"https:\/\/unaymilletras.com\/fms-espana-arranca-su-8a-temporada-en-a-coruna-con-bnet-como-extra-player\/","name":"FMS Espa\u00f1a arranca su 8\u00aa temporada en A Coru\u00f1a con BNET como extra player","isPartOf":{"@id":"http:\/\/unaymilletras.com\/#website"},"primaryImageOfPage":{"@id":"https:\/\/unaymilletras.com\/fms-espana-arranca-su-8a-temporada-en-a-coruna-con-bnet-como-extra-player\/#primaryimage"},"image":{"@id":"https:\/\/unaymilletras.com\/fms-espana-arranca-su-8a-temporada-en-a-coruna-con-bnet-como-extra-player\/#primaryimage"},"thumbnailUrl":"https:\/\/unaymilletras.com\/wp-content\/uploads\/2025\/09\/839813-e1757627817443.jpg","datePublished":"2025-09-11T21:54:08+00:00","dateModified":"2025-09-11T21:57:47+00:00","description":"La primera jornada se celebra en el Puerto dentro del ciclo SON E MAR, con una plantilla renovada y grandes nombres del freestyle","breadcrumb":{"@id":"https:\/\/unaymilletras.com\/fms-espana-arranca-su-8a-temporada-en-a-coruna-con-bnet-como-extra-player\/#breadcrumb"},"inLanguage":"en-GB","potentialAction":[{"@type":"ReadAction","target":["https:\/\/unaymilletras.com\/fms-espana-arranca-su-8a-temporada-en-a-coruna-con-bnet-como-extra-player\/"]}]},{"@type":"ImageObject","inLanguage":"en-GB","@id":"https:\/\/unaymilletras.com\/fms-espana-arranca-su-8a-temporada-en-a-coruna-con-bnet-como-extra-player\/#primaryimage","url":"https:\/\/unaymilletras.com\/wp-content\/uploads\/2025\/09\/839813-e1757627817443.jpg","contentUrl":"https:\/\/unaymilletras.com\/wp-content\/uploads\/2025\/09\/839813-e1757627817443.jpg","width":600,"height":369,"caption":"FMS"},{"@type":"BreadcrumbList","@id":"https:\/\/unaymilletras.com\/fms-espana-arranca-su-8a-temporada-en-a-coruna-con-bnet-como-extra-player\/#breadcrumb","itemListElement":[{"@type":"ListItem","position":1,"name":"Home","item":"http:\/\/unaymilletras.com\/"},{"@type":"ListItem","position":2,"name":"FMS Espa\u00f1a arranca su 8\u00aa temporada en A Coru\u00f1a con BNET como extra player"}]},{"@type":"WebSite","@id":"http:\/\/unaymilletras.com\/#website","url":"http:\/\/unaymilletras.com\/","name":"Una y Mil Letras","description":"","publisher":{"@id":"http:\/\/unaymilletras.com\/#organization"},"potentialAction":[{"@type":"SearchAction","target":{"@type":"EntryPoint","urlTemplate":"http:\/\/unaymilletras.com\/?s={search_term_string}"},"query-input":{"@type":"PropertyValueSpecification","valueRequired":true,"valueName":"search_term_string"}}],"inLanguage":"en-GB"},{"@type":"Organization","@id":"http:\/\/unaymilletras.com\/#organization","name":"Una y Mil Letras","url":"http:\/\/unaymilletras.com\/","logo":{"@type":"ImageObject","inLanguage":"en-GB","@id":"http:\/\/unaymilletras.com\/#\/schema\/logo\/image\/","url":"https:\/\/unaymilletras.com\/wp-content\/uploads\/2024\/06\/cropped-Logo-removebg-preview.png","contentUrl":"https:\/\/unaymilletras.com\/wp-content\/uploads\/2024\/06\/cropped-Logo-removebg-preview.png","width":512,"height":512,"caption":"Una y Mil Letras"},"image":{"@id":"http:\/\/unaymilletras.com\/#\/schema\/logo\/image\/"},"sameAs":["https:\/\/x.com\/UnaYMilLetras","https:\/\/instagram.com\/UnaYMilLetras"]},{"@type":"Person","@id":"http:\/\/unaymilletras.com\/#\/schema\/person\/0860dc8a218329991ee2c7591f4f849d","name":"Redacci\u00f3n","image":{"@type":"ImageObject","inLanguage":"en-GB","@id":"https:\/\/secure.gravatar.com\/avatar\/d8f55e05a8b6597e45c55a1dcbdbfe44f4a360d88b48e00de5216a79b7732796?s=96&d=mm&r=g","url":"https:\/\/secure.gravatar.com\/avatar\/d8f55e05a8b6597e45c55a1dcbdbfe44f4a360d88b48e00de5216a79b7732796?s=96&d=mm&r=g","contentUrl":"https:\/\/secure.gravatar.com\/avatar\/d8f55e05a8b6597e45c55a1dcbdbfe44f4a360d88b48e00de5216a79b7732796?s=96&d=mm&r=g","caption":"Redacci\u00f3n"},"url":"https:\/\/unaymilletras.com\/en\/author\/redaccion\/"}]}},"_links":{"self":[{"href":"https:\/\/unaymilletras.com\/en\/wp-json\/wp\/v2\/posts\/5646","targetHints":{"allow":["GET"]}}],"collection":[{"href":"https:\/\/unaymilletras.com\/en\/wp-json\/wp\/v2\/posts"}],"about":[{"href":"https:\/\/unaymilletras.com\/en\/wp-json\/wp\/v2\/types\/post"}],"author":[{"embeddable":true,"href":"https:\/\/unaymilletras.com\/en\/wp-json\/wp\/v2\/users\/6"}],"replies":[{"embeddable":true,"href":"https:\/\/unaymilletras.com\/en\/wp-json\/wp\/v2\/comments?post=5646"}],"version-history":[{"count":7,"href":"https:\/\/unaymilletras.com\/en\/wp-json\/wp\/v2\/posts\/5646\/revisions"}],"predecessor-version":[{"id":5654,"href":"https:\/\/unaymilletras.com\/en\/wp-json\/wp\/v2\/posts\/5646\/revisions\/5654"}],"wp:featuredmedia":[{"embeddable":true,"href":"https:\/\/unaymilletras.com\/en\/wp-json\/wp\/v2\/media\/5648"}],"wp:attachment":[{"href":"https:\/\/unaymilletras.com\/en\/wp-json\/wp\/v2\/media?parent=5646"}],"wp:term":[{"taxonomy":"category","embeddable":true,"href":"https:\/\/unaymilletras.com\/en\/wp-json\/wp\/v2\/categories?post=5646"},{"taxonomy":"post_tag","embeddable":true,"href":"https:\/\/unaymilletras.com\/en\/wp-json\/wp\/v2\/tags?post=5646"}],"curies":[{"name":"wp","href":"https:\/\/api.w.org\/{rel}","templated":true}]}}