{"id":5665,"date":"2025-09-18T18:00:00","date_gmt":"2025-09-18T16:00:00","guid":{"rendered":"https:\/\/unaymilletras.com\/?p=5665"},"modified":"2025-09-17T18:17:41","modified_gmt":"2025-09-17T16:17:41","slug":"bresh-regresa-a-fabrik-para-cerrar-el-verano","status":"publish","type":"post","link":"https:\/\/unaymilletras.com\/en\/bresh-regresa-a-fabrik-para-cerrar-el-verano\/","title":{"rendered":"BRESH regresa a Fabrik para cerrar el verano"},"content":{"rendered":"<div data-elementor-type=\"wp-post\" data-elementor-id=\"5665\" class=\"elementor elementor-5665\">\n\t\t\t\t\t\t<section class=\"elementor-section elementor-top-section elementor-element elementor-element-36326f4 elementor-section-boxed elementor-section-height-default elementor-section-height-default\" data-id=\"36326f4\" data-element_type=\"section\" data-e-type=\"section\">\n\t\t\t\t\t\t<div class=\"elementor-container elementor-column-gap-default\">\n\t\t\t\t\t<div class=\"elementor-column elementor-col-100 elementor-top-column elementor-element elementor-element-cb83175\" data-id=\"cb83175\" data-element_type=\"column\" data-e-type=\"column\">\n\t\t\t<div class=\"elementor-widget-wrap elementor-element-populated\">\n\t\t\t\t\t\t<div class=\"elementor-element elementor-element-067afc4 elementor-widget elementor-widget-text-editor\" data-id=\"067afc4\" data-element_type=\"widget\" data-e-type=\"widget\" data-widget_type=\"text-editor.default\">\n\t\t\t\t<div class=\"elementor-widget-container\">\n\t\t\t\t\t\t\t\t\t<h2 style=\"text-align: center;\"><span style=\"color: #808080;\"><em>El fen\u00f3meno global celebrar\u00e1 una MEGA BRESH el 27 de septiembre en Madrid<\/em><\/span><\/h2>\t\t\t\t\t\t\t\t<\/div>\n\t\t\t\t<\/div>\n\t\t\t\t\t<\/div>\n\t\t<\/div>\n\t\t\t\t\t<\/div>\n\t\t<\/section>\n\t\t\t\t<section class=\"elementor-section elementor-top-section elementor-element elementor-element-ee23bf2 elementor-section-boxed elementor-section-height-default elementor-section-height-default\" data-id=\"ee23bf2\" data-element_type=\"section\" data-e-type=\"section\">\n\t\t\t\t\t\t<div class=\"elementor-container elementor-column-gap-default\">\n\t\t\t\t\t<div class=\"elementor-column elementor-col-100 elementor-top-column elementor-element elementor-element-c15dc10\" data-id=\"c15dc10\" data-element_type=\"column\" data-e-type=\"column\">\n\t\t\t<div class=\"elementor-widget-wrap elementor-element-populated\">\n\t\t\t\t\t\t<div class=\"elementor-element elementor-element-2a25f87 elementor-widget elementor-widget-text-editor\" data-id=\"2a25f87\" data-element_type=\"widget\" data-e-type=\"widget\" data-widget_type=\"text-editor.default\">\n\t\t\t\t<div class=\"elementor-widget-container\">\n\t\t\t\t\t\t\t\t\t<p data-start=\"330\" data-end=\"591\">La cuenta atr\u00e1s ya est\u00e1 en marcha. El pr\u00f3ximo <strong data-start=\"405\" data-end=\"425\">27 de septiembre<\/strong>, <strong data-start=\"427\" data-end=\"437\">Fabrik<\/strong> abrir\u00e1 sus puertas para acoger una de las citas m\u00e1s esperadas de la temporada: el regreso de <strong data-start=\"531\" data-end=\"540\">BRESH<\/strong>, la autodenominada \u201cfiesta m\u00e1s linda del mundo\u201d.<\/p><p data-start=\"593\" data-end=\"1007\">El colectivo argentino, que ha transformado su propuesta en un fen\u00f3meno cultural global, vuelve a Madrid tras conquistar escenarios en ciudades como Nueva York, Buenos Aires, Ibiza o Mil\u00e1n. Su sello es inconfundible: una mezcla de <strong data-start=\"824\" data-end=\"944\">m\u00fasica transversal que une generaciones, escenograf\u00edas vibrantes, glitter, flores y un ambiente de libertad creativa<\/strong> que convierte cada edici\u00f3n en un acontecimiento irrepetible.<\/p>\t\t\t\t\t\t\t\t<\/div>\n\t\t\t\t<\/div>\n\t\t\t\t\t<\/div>\n\t\t<\/div>\n\t\t\t\t\t<\/div>\n\t\t<\/section>\n\t\t\t\t<section class=\"elementor-section elementor-top-section elementor-element elementor-element-68d3310 elementor-section-boxed elementor-section-height-default elementor-section-height-default\" data-id=\"68d3310\" data-element_type=\"section\" data-e-type=\"section\">\n\t\t\t\t\t\t<div class=\"elementor-container elementor-column-gap-default\">\n\t\t\t\t\t<div class=\"elementor-column elementor-col-100 elementor-top-column elementor-element elementor-element-6ee08c4\" data-id=\"6ee08c4\" data-element_type=\"column\" data-e-type=\"column\">\n\t\t\t<div class=\"elementor-widget-wrap elementor-element-populated\">\n\t\t\t\t\t\t<div class=\"elementor-element elementor-element-7300068 elementor-widget elementor-widget-image\" data-id=\"7300068\" data-element_type=\"widget\" data-e-type=\"widget\" data-widget_type=\"image.default\">\n\t\t\t\t<div class=\"elementor-widget-container\">\n\t\t\t\t\t\t\t\t\t\t\t\t\t\t\t<img fetchpriority=\"high\" decoding=\"async\" width=\"640\" height=\"427\" src=\"https:\/\/unaymilletras.com\/wp-content\/uploads\/2025\/09\/@eddylife_Bresh-Fabrick-29-09-2024-200-249-2-1024x683.jpg\" class=\"attachment-large size-large wp-image-5667\" alt=\"Bresh\" srcset=\"https:\/\/unaymilletras.com\/wp-content\/uploads\/2025\/09\/@eddylife_Bresh-Fabrick-29-09-2024-200-249-2-1024x683.jpg 1024w, https:\/\/unaymilletras.com\/wp-content\/uploads\/2025\/09\/@eddylife_Bresh-Fabrick-29-09-2024-200-249-2-300x200.jpg 300w, https:\/\/unaymilletras.com\/wp-content\/uploads\/2025\/09\/@eddylife_Bresh-Fabrick-29-09-2024-200-249-2-768x512.jpg 768w, https:\/\/unaymilletras.com\/wp-content\/uploads\/2025\/09\/@eddylife_Bresh-Fabrick-29-09-2024-200-249-2-1536x1024.jpg 1536w, https:\/\/unaymilletras.com\/wp-content\/uploads\/2025\/09\/@eddylife_Bresh-Fabrick-29-09-2024-200-249-2-2048x1365.jpg 2048w, https:\/\/unaymilletras.com\/wp-content\/uploads\/2025\/09\/@eddylife_Bresh-Fabrick-29-09-2024-200-249-2-18x12.jpg 18w, https:\/\/unaymilletras.com\/wp-content\/uploads\/2025\/09\/@eddylife_Bresh-Fabrick-29-09-2024-200-249-2-scaled-e1758125535160.jpg 600w\" sizes=\"(max-width: 640px) 100vw, 640px\" \/>\t\t\t\t\t\t\t\t\t\t\t\t\t\t\t<\/div>\n\t\t\t\t<\/div>\n\t\t\t\t\t<\/div>\n\t\t<\/div>\n\t\t\t\t\t<\/div>\n\t\t<\/section>\n\t\t\t\t<section class=\"elementor-section elementor-top-section elementor-element elementor-element-03c67d6 elementor-section-boxed elementor-section-height-default elementor-section-height-default\" data-id=\"03c67d6\" data-element_type=\"section\" data-e-type=\"section\">\n\t\t\t\t\t\t<div class=\"elementor-container elementor-column-gap-default\">\n\t\t\t\t\t<div class=\"elementor-column elementor-col-100 elementor-top-column elementor-element elementor-element-7d689a5\" data-id=\"7d689a5\" data-element_type=\"column\" data-e-type=\"column\">\n\t\t\t<div class=\"elementor-widget-wrap elementor-element-populated\">\n\t\t\t\t\t\t<div class=\"elementor-element elementor-element-74c43e1 elementor-widget elementor-widget-text-editor\" data-id=\"74c43e1\" data-element_type=\"widget\" data-e-type=\"widget\" data-widget_type=\"text-editor.default\">\n\t\t\t\t<div class=\"elementor-widget-container\">\n\t\t\t\t\t\t\t\t\t<p data-start=\"1009\" data-end=\"1377\">En la capital espa\u00f1ola, BRESH ya cuenta con una legi\u00f3n de fieles. Sus anteriores ediciones reunieron a miles de personas en noches de baile ininterrumpido y una puesta en escena que rompi\u00f3 moldes en el circuito nocturno. La cita en Fabrik apunta a superar cualquier expectativa, consolid\u00e1ndose como <strong data-start=\"1308\" data-end=\"1359\">el evento con mayor aforo de la BRESH en Espa\u00f1a<\/strong> hasta la fecha.<\/p>\n<p data-start=\"1379\" data-end=\"1784\">Este salto de formato llega despu\u00e9s de un verano en el que la fiesta ha mantenido una residencia triunfal en Ibiza, ampliando su alcance en Europa y reafirmando su condici\u00f3n de fen\u00f3meno cultural. En apenas unos a\u00f1os, BRESH ha pasado de ser una propuesta underground en Buenos Aires a convertirse en <strong data-start=\"1678\" data-end=\"1725\">referente global de la cultura pop y urbana<\/strong>, con ediciones que agotan entradas en cuesti\u00f3n de horas.<\/p>\t\t\t\t\t\t\t\t<\/div>\n\t\t\t\t<\/div>\n\t\t\t\t\t<\/div>\n\t\t<\/div>\n\t\t\t\t\t<\/div>\n\t\t<\/section>\n\t\t\t\t<\/div>","protected":false},"excerpt":{"rendered":"<p>El fen\u00f3meno global celebrar\u00e1 una MEGA BRESH el 27 de septiembre en Madrid La cuenta atr\u00e1s ya est\u00e1 en marcha. El pr\u00f3ximo 27 de septiembre, Fabrik abrir\u00e1 sus puertas para acoger una de las citas m\u00e1s esperadas de la temporada: el regreso de BRESH, la autodenominada \u201cfiesta m\u00e1s linda del mundo\u201d. El colectivo argentino, que [&hellip;]<\/p>\n","protected":false},"author":1,"featured_media":5667,"comment_status":"closed","ping_status":"closed","sticky":false,"template":"","format":"standard","meta":{"footnotes":""},"categories":[1],"tags":[],"class_list":["post-5665","post","type-post","status-publish","format-standard","has-post-thumbnail","hentry","category-uncategorized"],"yoast_head":"<!-- This site is optimized with the Yoast SEO plugin v27.4 - https:\/\/yoast.com\/product\/yoast-seo-wordpress\/ -->\n<title>BRESH regresa a Fabrik para cerrar el verano<\/title>\n<meta name=\"description\" content=\"El fen\u00f3meno global celebrar\u00e1 una MEGA BRESH el 27 de septiembre, tras conquistar Ibiza y reunir a m\u00e1s de 5 millones de personas en el mundo\" \/>\n<meta name=\"robots\" content=\"index, follow, max-snippet:-1, max-image-preview:large, max-video-preview:-1\" \/>\n<link rel=\"canonical\" href=\"https:\/\/unaymilletras.com\/en\/bresh-regresa-a-fabrik-para-cerrar-el-verano\/\" \/>\n<meta property=\"og:locale\" content=\"en_GB\" \/>\n<meta property=\"og:type\" content=\"article\" \/>\n<meta property=\"og:title\" content=\"BRESH regresa a Fabrik para cerrar el verano\" \/>\n<meta property=\"og:description\" content=\"El fen\u00f3meno global celebrar\u00e1 una MEGA BRESH el 27 de septiembre, tras conquistar Ibiza y reunir a m\u00e1s de 5 millones de personas en el mundo\" \/>\n<meta property=\"og:url\" content=\"https:\/\/unaymilletras.com\/en\/bresh-regresa-a-fabrik-para-cerrar-el-verano\/\" \/>\n<meta property=\"og:site_name\" content=\"Una y Mil Letras\" \/>\n<meta property=\"article:published_time\" content=\"2025-09-18T16:00:00+00:00\" \/>\n<meta property=\"og:image\" content=\"https:\/\/unaymilletras.com\/wp-content\/uploads\/2025\/09\/@eddylife_Bresh-Fabrick-29-09-2024-200-249-2-scaled-e1758125535160.jpg\" \/>\n\t<meta property=\"og:image:width\" content=\"600\" \/>\n\t<meta property=\"og:image:height\" content=\"400\" \/>\n\t<meta property=\"og:image:type\" content=\"image\/jpeg\" \/>\n<meta name=\"author\" content=\"Maria Gil Robledo\" \/>\n<meta name=\"twitter:card\" content=\"summary_large_image\" \/>\n<meta name=\"twitter:creator\" content=\"@UnaYMilLetras\" \/>\n<meta name=\"twitter:site\" content=\"@UnaYMilLetras\" \/>\n<meta name=\"twitter:label1\" content=\"Written by\" \/>\n\t<meta name=\"twitter:data1\" content=\"Maria Gil Robledo\" \/>\n\t<meta name=\"twitter:label2\" content=\"Estimated reading time\" \/>\n\t<meta name=\"twitter:data2\" content=\"2 minutes\" \/>\n<script type=\"application\/ld+json\" class=\"yoast-schema-graph\">{\"@context\":\"https:\\\/\\\/schema.org\",\"@graph\":[{\"@type\":\"Article\",\"@id\":\"https:\\\/\\\/unaymilletras.com\\\/bresh-regresa-a-fabrik-para-cerrar-el-verano\\\/#article\",\"isPartOf\":{\"@id\":\"https:\\\/\\\/unaymilletras.com\\\/bresh-regresa-a-fabrik-para-cerrar-el-verano\\\/\"},\"author\":{\"name\":\"Maria Gil Robledo\",\"@id\":\"http:\\\/\\\/unaymilletras.com\\\/#\\\/schema\\\/person\\\/d55ba681b8a4e463d8982dbe36a5dc94\"},\"headline\":\"BRESH regresa a Fabrik para cerrar el verano\",\"datePublished\":\"2025-09-18T16:00:00+00:00\",\"mainEntityOfPage\":{\"@id\":\"https:\\\/\\\/unaymilletras.com\\\/bresh-regresa-a-fabrik-para-cerrar-el-verano\\\/\"},\"wordCount\":264,\"publisher\":{\"@id\":\"http:\\\/\\\/unaymilletras.com\\\/#organization\"},\"image\":{\"@id\":\"https:\\\/\\\/unaymilletras.com\\\/bresh-regresa-a-fabrik-para-cerrar-el-verano\\\/#primaryimage\"},\"thumbnailUrl\":\"https:\\\/\\\/unaymilletras.com\\\/wp-content\\\/uploads\\\/2025\\\/09\\\/@eddylife_Bresh-Fabrick-29-09-2024-200-249-2-scaled-e1758125535160.jpg\",\"articleSection\":[\"Uncategorized\"],\"inLanguage\":\"en-GB\"},{\"@type\":\"WebPage\",\"@id\":\"https:\\\/\\\/unaymilletras.com\\\/bresh-regresa-a-fabrik-para-cerrar-el-verano\\\/\",\"url\":\"https:\\\/\\\/unaymilletras.com\\\/bresh-regresa-a-fabrik-para-cerrar-el-verano\\\/\",\"name\":\"BRESH regresa a Fabrik para cerrar el verano\",\"isPartOf\":{\"@id\":\"http:\\\/\\\/unaymilletras.com\\\/#website\"},\"primaryImageOfPage\":{\"@id\":\"https:\\\/\\\/unaymilletras.com\\\/bresh-regresa-a-fabrik-para-cerrar-el-verano\\\/#primaryimage\"},\"image\":{\"@id\":\"https:\\\/\\\/unaymilletras.com\\\/bresh-regresa-a-fabrik-para-cerrar-el-verano\\\/#primaryimage\"},\"thumbnailUrl\":\"https:\\\/\\\/unaymilletras.com\\\/wp-content\\\/uploads\\\/2025\\\/09\\\/@eddylife_Bresh-Fabrick-29-09-2024-200-249-2-scaled-e1758125535160.jpg\",\"datePublished\":\"2025-09-18T16:00:00+00:00\",\"description\":\"El fen\u00f3meno global celebrar\u00e1 una MEGA BRESH el 27 de septiembre, tras conquistar Ibiza y reunir a m\u00e1s de 5 millones de personas en el mundo\",\"breadcrumb\":{\"@id\":\"https:\\\/\\\/unaymilletras.com\\\/bresh-regresa-a-fabrik-para-cerrar-el-verano\\\/#breadcrumb\"},\"inLanguage\":\"en-GB\",\"potentialAction\":[{\"@type\":\"ReadAction\",\"target\":[\"https:\\\/\\\/unaymilletras.com\\\/bresh-regresa-a-fabrik-para-cerrar-el-verano\\\/\"]}]},{\"@type\":\"ImageObject\",\"inLanguage\":\"en-GB\",\"@id\":\"https:\\\/\\\/unaymilletras.com\\\/bresh-regresa-a-fabrik-para-cerrar-el-verano\\\/#primaryimage\",\"url\":\"https:\\\/\\\/unaymilletras.com\\\/wp-content\\\/uploads\\\/2025\\\/09\\\/@eddylife_Bresh-Fabrick-29-09-2024-200-249-2-scaled-e1758125535160.jpg\",\"contentUrl\":\"https:\\\/\\\/unaymilletras.com\\\/wp-content\\\/uploads\\\/2025\\\/09\\\/@eddylife_Bresh-Fabrick-29-09-2024-200-249-2-scaled-e1758125535160.jpg\",\"width\":600,\"height\":400,\"caption\":\"Bresh\"},{\"@type\":\"BreadcrumbList\",\"@id\":\"https:\\\/\\\/unaymilletras.com\\\/bresh-regresa-a-fabrik-para-cerrar-el-verano\\\/#breadcrumb\",\"itemListElement\":[{\"@type\":\"ListItem\",\"position\":1,\"name\":\"Home\",\"item\":\"http:\\\/\\\/unaymilletras.com\\\/\"},{\"@type\":\"ListItem\",\"position\":2,\"name\":\"BRESH regresa a Fabrik para cerrar el verano\"}]},{\"@type\":\"WebSite\",\"@id\":\"http:\\\/\\\/unaymilletras.com\\\/#website\",\"url\":\"http:\\\/\\\/unaymilletras.com\\\/\",\"name\":\"Una y Mil Letras\",\"description\":\"\",\"publisher\":{\"@id\":\"http:\\\/\\\/unaymilletras.com\\\/#organization\"},\"potentialAction\":[{\"@type\":\"SearchAction\",\"target\":{\"@type\":\"EntryPoint\",\"urlTemplate\":\"http:\\\/\\\/unaymilletras.com\\\/?s={search_term_string}\"},\"query-input\":{\"@type\":\"PropertyValueSpecification\",\"valueRequired\":true,\"valueName\":\"search_term_string\"}}],\"inLanguage\":\"en-GB\"},{\"@type\":\"Organization\",\"@id\":\"http:\\\/\\\/unaymilletras.com\\\/#organization\",\"name\":\"Una y Mil Letras\",\"url\":\"http:\\\/\\\/unaymilletras.com\\\/\",\"logo\":{\"@type\":\"ImageObject\",\"inLanguage\":\"en-GB\",\"@id\":\"http:\\\/\\\/unaymilletras.com\\\/#\\\/schema\\\/logo\\\/image\\\/\",\"url\":\"https:\\\/\\\/unaymilletras.com\\\/wp-content\\\/uploads\\\/2024\\\/06\\\/cropped-Logo-removebg-preview.png\",\"contentUrl\":\"https:\\\/\\\/unaymilletras.com\\\/wp-content\\\/uploads\\\/2024\\\/06\\\/cropped-Logo-removebg-preview.png\",\"width\":512,\"height\":512,\"caption\":\"Una y Mil Letras\"},\"image\":{\"@id\":\"http:\\\/\\\/unaymilletras.com\\\/#\\\/schema\\\/logo\\\/image\\\/\"},\"sameAs\":[\"https:\\\/\\\/x.com\\\/UnaYMilLetras\",\"https:\\\/\\\/instagram.com\\\/UnaYMilLetras\"]},{\"@type\":\"Person\",\"@id\":\"http:\\\/\\\/unaymilletras.com\\\/#\\\/schema\\\/person\\\/d55ba681b8a4e463d8982dbe36a5dc94\",\"name\":\"Maria Gil Robledo\",\"image\":{\"@type\":\"ImageObject\",\"inLanguage\":\"en-GB\",\"@id\":\"https:\\\/\\\/secure.gravatar.com\\\/avatar\\\/4b8e5102e0015789407eb4870b12f0f2857952d83ca124058f92b764bd1840c3?s=96&d=mm&r=g\",\"url\":\"https:\\\/\\\/secure.gravatar.com\\\/avatar\\\/4b8e5102e0015789407eb4870b12f0f2857952d83ca124058f92b764bd1840c3?s=96&d=mm&r=g\",\"contentUrl\":\"https:\\\/\\\/secure.gravatar.com\\\/avatar\\\/4b8e5102e0015789407eb4870b12f0f2857952d83ca124058f92b764bd1840c3?s=96&d=mm&r=g\",\"caption\":\"Maria Gil Robledo\"},\"sameAs\":[\"http:\\\/\\\/unaymilletras.com\"],\"url\":\"https:\\\/\\\/unaymilletras.com\\\/en\\\/author\\\/mariiagiil02_\\\/\"}]}<\/script>\n<!-- \/ Yoast SEO plugin. -->","yoast_head_json":{"title":"BRESH regresa a Fabrik para cerrar el verano","description":"El fen\u00f3meno global celebrar\u00e1 una MEGA BRESH el 27 de septiembre, tras conquistar Ibiza y reunir a m\u00e1s de 5 millones de personas en el mundo","robots":{"index":"index","follow":"follow","max-snippet":"max-snippet:-1","max-image-preview":"max-image-preview:large","max-video-preview":"max-video-preview:-1"},"canonical":"https:\/\/unaymilletras.com\/en\/bresh-regresa-a-fabrik-para-cerrar-el-verano\/","og_locale":"en_GB","og_type":"article","og_title":"BRESH regresa a Fabrik para cerrar el verano","og_description":"El fen\u00f3meno global celebrar\u00e1 una MEGA BRESH el 27 de septiembre, tras conquistar Ibiza y reunir a m\u00e1s de 5 millones de personas en el mundo","og_url":"https:\/\/unaymilletras.com\/en\/bresh-regresa-a-fabrik-para-cerrar-el-verano\/","og_site_name":"Una y Mil Letras","article_published_time":"2025-09-18T16:00:00+00:00","og_image":[{"width":600,"height":400,"url":"https:\/\/unaymilletras.com\/wp-content\/uploads\/2025\/09\/@eddylife_Bresh-Fabrick-29-09-2024-200-249-2-scaled-e1758125535160.jpg","type":"image\/jpeg"}],"author":"Maria Gil Robledo","twitter_card":"summary_large_image","twitter_creator":"@UnaYMilLetras","twitter_site":"@UnaYMilLetras","twitter_misc":{"Written by":"Maria Gil Robledo","Estimated reading time":"2 minutes"},"schema":{"@context":"https:\/\/schema.org","@graph":[{"@type":"Article","@id":"https:\/\/unaymilletras.com\/bresh-regresa-a-fabrik-para-cerrar-el-verano\/#article","isPartOf":{"@id":"https:\/\/unaymilletras.com\/bresh-regresa-a-fabrik-para-cerrar-el-verano\/"},"author":{"name":"Maria Gil Robledo","@id":"http:\/\/unaymilletras.com\/#\/schema\/person\/d55ba681b8a4e463d8982dbe36a5dc94"},"headline":"BRESH regresa a Fabrik para cerrar el verano","datePublished":"2025-09-18T16:00:00+00:00","mainEntityOfPage":{"@id":"https:\/\/unaymilletras.com\/bresh-regresa-a-fabrik-para-cerrar-el-verano\/"},"wordCount":264,"publisher":{"@id":"http:\/\/unaymilletras.com\/#organization"},"image":{"@id":"https:\/\/unaymilletras.com\/bresh-regresa-a-fabrik-para-cerrar-el-verano\/#primaryimage"},"thumbnailUrl":"https:\/\/unaymilletras.com\/wp-content\/uploads\/2025\/09\/@eddylife_Bresh-Fabrick-29-09-2024-200-249-2-scaled-e1758125535160.jpg","articleSection":["Uncategorized"],"inLanguage":"en-GB"},{"@type":"WebPage","@id":"https:\/\/unaymilletras.com\/bresh-regresa-a-fabrik-para-cerrar-el-verano\/","url":"https:\/\/unaymilletras.com\/bresh-regresa-a-fabrik-para-cerrar-el-verano\/","name":"BRESH regresa a Fabrik para cerrar el verano","isPartOf":{"@id":"http:\/\/unaymilletras.com\/#website"},"primaryImageOfPage":{"@id":"https:\/\/unaymilletras.com\/bresh-regresa-a-fabrik-para-cerrar-el-verano\/#primaryimage"},"image":{"@id":"https:\/\/unaymilletras.com\/bresh-regresa-a-fabrik-para-cerrar-el-verano\/#primaryimage"},"thumbnailUrl":"https:\/\/unaymilletras.com\/wp-content\/uploads\/2025\/09\/@eddylife_Bresh-Fabrick-29-09-2024-200-249-2-scaled-e1758125535160.jpg","datePublished":"2025-09-18T16:00:00+00:00","description":"El fen\u00f3meno global celebrar\u00e1 una MEGA BRESH el 27 de septiembre, tras conquistar Ibiza y reunir a m\u00e1s de 5 millones de personas en el mundo","breadcrumb":{"@id":"https:\/\/unaymilletras.com\/bresh-regresa-a-fabrik-para-cerrar-el-verano\/#breadcrumb"},"inLanguage":"en-GB","potentialAction":[{"@type":"ReadAction","target":["https:\/\/unaymilletras.com\/bresh-regresa-a-fabrik-para-cerrar-el-verano\/"]}]},{"@type":"ImageObject","inLanguage":"en-GB","@id":"https:\/\/unaymilletras.com\/bresh-regresa-a-fabrik-para-cerrar-el-verano\/#primaryimage","url":"https:\/\/unaymilletras.com\/wp-content\/uploads\/2025\/09\/@eddylife_Bresh-Fabrick-29-09-2024-200-249-2-scaled-e1758125535160.jpg","contentUrl":"https:\/\/unaymilletras.com\/wp-content\/uploads\/2025\/09\/@eddylife_Bresh-Fabrick-29-09-2024-200-249-2-scaled-e1758125535160.jpg","width":600,"height":400,"caption":"Bresh"},{"@type":"BreadcrumbList","@id":"https:\/\/unaymilletras.com\/bresh-regresa-a-fabrik-para-cerrar-el-verano\/#breadcrumb","itemListElement":[{"@type":"ListItem","position":1,"name":"Home","item":"http:\/\/unaymilletras.com\/"},{"@type":"ListItem","position":2,"name":"BRESH regresa a Fabrik para cerrar el verano"}]},{"@type":"WebSite","@id":"http:\/\/unaymilletras.com\/#website","url":"http:\/\/unaymilletras.com\/","name":"Una y Mil Letras","description":"","publisher":{"@id":"http:\/\/unaymilletras.com\/#organization"},"potentialAction":[{"@type":"SearchAction","target":{"@type":"EntryPoint","urlTemplate":"http:\/\/unaymilletras.com\/?s={search_term_string}"},"query-input":{"@type":"PropertyValueSpecification","valueRequired":true,"valueName":"search_term_string"}}],"inLanguage":"en-GB"},{"@type":"Organization","@id":"http:\/\/unaymilletras.com\/#organization","name":"Una y Mil Letras","url":"http:\/\/unaymilletras.com\/","logo":{"@type":"ImageObject","inLanguage":"en-GB","@id":"http:\/\/unaymilletras.com\/#\/schema\/logo\/image\/","url":"https:\/\/unaymilletras.com\/wp-content\/uploads\/2024\/06\/cropped-Logo-removebg-preview.png","contentUrl":"https:\/\/unaymilletras.com\/wp-content\/uploads\/2024\/06\/cropped-Logo-removebg-preview.png","width":512,"height":512,"caption":"Una y Mil Letras"},"image":{"@id":"http:\/\/unaymilletras.com\/#\/schema\/logo\/image\/"},"sameAs":["https:\/\/x.com\/UnaYMilLetras","https:\/\/instagram.com\/UnaYMilLetras"]},{"@type":"Person","@id":"http:\/\/unaymilletras.com\/#\/schema\/person\/d55ba681b8a4e463d8982dbe36a5dc94","name":"Maria Gil Robledo","image":{"@type":"ImageObject","inLanguage":"en-GB","@id":"https:\/\/secure.gravatar.com\/avatar\/4b8e5102e0015789407eb4870b12f0f2857952d83ca124058f92b764bd1840c3?s=96&d=mm&r=g","url":"https:\/\/secure.gravatar.com\/avatar\/4b8e5102e0015789407eb4870b12f0f2857952d83ca124058f92b764bd1840c3?s=96&d=mm&r=g","contentUrl":"https:\/\/secure.gravatar.com\/avatar\/4b8e5102e0015789407eb4870b12f0f2857952d83ca124058f92b764bd1840c3?s=96&d=mm&r=g","caption":"Maria Gil Robledo"},"sameAs":["http:\/\/unaymilletras.com"],"url":"https:\/\/unaymilletras.com\/en\/author\/mariiagiil02_\/"}]}},"_links":{"self":[{"href":"https:\/\/unaymilletras.com\/en\/wp-json\/wp\/v2\/posts\/5665","targetHints":{"allow":["GET"]}}],"collection":[{"href":"https:\/\/unaymilletras.com\/en\/wp-json\/wp\/v2\/posts"}],"about":[{"href":"https:\/\/unaymilletras.com\/en\/wp-json\/wp\/v2\/types\/post"}],"author":[{"embeddable":true,"href":"https:\/\/unaymilletras.com\/en\/wp-json\/wp\/v2\/users\/1"}],"replies":[{"embeddable":true,"href":"https:\/\/unaymilletras.com\/en\/wp-json\/wp\/v2\/comments?post=5665"}],"version-history":[{"count":4,"href":"https:\/\/unaymilletras.com\/en\/wp-json\/wp\/v2\/posts\/5665\/revisions"}],"predecessor-version":[{"id":5670,"href":"https:\/\/unaymilletras.com\/en\/wp-json\/wp\/v2\/posts\/5665\/revisions\/5670"}],"wp:featuredmedia":[{"embeddable":true,"href":"https:\/\/unaymilletras.com\/en\/wp-json\/wp\/v2\/media\/5667"}],"wp:attachment":[{"href":"https:\/\/unaymilletras.com\/en\/wp-json\/wp\/v2\/media?parent=5665"}],"wp:term":[{"taxonomy":"category","embeddable":true,"href":"https:\/\/unaymilletras.com\/en\/wp-json\/wp\/v2\/categories?post=5665"},{"taxonomy":"post_tag","embeddable":true,"href":"https:\/\/unaymilletras.com\/en\/wp-json\/wp\/v2\/tags?post=5665"}],"curies":[{"name":"wp","href":"https:\/\/api.w.org\/{rel}","templated":true}]}}