{"id":5671,"date":"2025-09-17T18:26:58","date_gmt":"2025-09-17T16:26:58","guid":{"rendered":"https:\/\/unaymilletras.com\/?p=5671"},"modified":"2025-09-17T23:14:54","modified_gmt":"2025-09-17T21:14:54","slug":"pablo-alboran-anuncia-las-fechas-de-su-global-tour-km0","status":"publish","type":"post","link":"https:\/\/unaymilletras.com\/en\/pablo-alboran-anuncia-las-fechas-de-su-global-tour-km0\/","title":{"rendered":"Pablo Albor\u00e1n anuncia las fechas de su Global Tour KM0"},"content":{"rendered":"<div data-elementor-type=\"wp-post\" data-elementor-id=\"5671\" class=\"elementor elementor-5671\">\n\t\t\t\t\t\t<section class=\"elementor-section elementor-top-section elementor-element elementor-element-f30c95e elementor-section-boxed elementor-section-height-default elementor-section-height-default\" data-id=\"f30c95e\" data-element_type=\"section\" data-e-type=\"section\">\n\t\t\t\t\t\t<div class=\"elementor-container elementor-column-gap-default\">\n\t\t\t\t\t<div class=\"elementor-column elementor-col-100 elementor-top-column elementor-element elementor-element-bfecbb7\" data-id=\"bfecbb7\" data-element_type=\"column\" data-e-type=\"column\">\n\t\t\t<div class=\"elementor-widget-wrap elementor-element-populated\">\n\t\t\t\t\t\t<div class=\"elementor-element elementor-element-b6ef8ec elementor-widget elementor-widget-text-editor\" data-id=\"b6ef8ec\" data-element_type=\"widget\" data-e-type=\"widget\" data-widget_type=\"text-editor.default\">\n\t\t\t\t<div class=\"elementor-widget-container\">\n\t\t\t\t\t\t\t\t\t<h2 style=\"text-align: center;\"><span style=\"color: #808080;\"><em>El artista malague\u00f1o recorrer\u00e1 Espa\u00f1a, Portugal y Latinoam\u00e9rica en 2026 y dar\u00e1 un showcase gratuito en la Puerta del Sol<\/em><\/span><\/h2>\t\t\t\t\t\t\t\t<\/div>\n\t\t\t\t<\/div>\n\t\t\t\t\t<\/div>\n\t\t<\/div>\n\t\t\t\t\t<\/div>\n\t\t<\/section>\n\t\t\t\t<section class=\"elementor-section elementor-top-section elementor-element elementor-element-e42a87a elementor-section-boxed elementor-section-height-default elementor-section-height-default\" data-id=\"e42a87a\" data-element_type=\"section\" data-e-type=\"section\">\n\t\t\t\t\t\t<div class=\"elementor-container elementor-column-gap-default\">\n\t\t\t\t\t<div class=\"elementor-column elementor-col-100 elementor-top-column elementor-element elementor-element-1d927b1\" data-id=\"1d927b1\" data-element_type=\"column\" data-e-type=\"column\">\n\t\t\t<div class=\"elementor-widget-wrap elementor-element-populated\">\n\t\t\t\t\t\t<div class=\"elementor-element elementor-element-4b0993f elementor-widget elementor-widget-text-editor\" data-id=\"4b0993f\" data-element_type=\"widget\" data-e-type=\"widget\" data-widget_type=\"text-editor.default\">\n\t\t\t\t<div class=\"elementor-widget-container\">\n\t\t\t\t\t\t\t\t\t<p>Pablo Albor\u00e1n ha presentado oficialmente la primera fase de su esperado <strong data-start=\"429\" data-end=\"448\">Global Tour KM0<\/strong>, una gira que llevar\u00e1 su m\u00fasica a Espa\u00f1a, Portugal, Chile, Argentina, Ecuador, Colombia, Per\u00fa y Brasil. El anuncio se realiz\u00f3 esta ma\u00f1ana en una rueda de prensa en el <strong data-start=\"616\" data-end=\"649\">Santander Work Caf\u00e9 de Madrid<\/strong>, donde el artista comparti\u00f3 todos los detalles de las primeras paradas de su tour internacional.<\/p>\t\t\t\t\t\t\t\t<\/div>\n\t\t\t\t<\/div>\n\t\t\t\t\t<\/div>\n\t\t<\/div>\n\t\t\t\t\t<\/div>\n\t\t<\/section>\n\t\t\t\t<section class=\"elementor-section elementor-top-section elementor-element elementor-element-dfd1c20 elementor-section-boxed elementor-section-height-default elementor-section-height-default\" data-id=\"dfd1c20\" data-element_type=\"section\" data-e-type=\"section\">\n\t\t\t\t\t\t<div class=\"elementor-container elementor-column-gap-default\">\n\t\t\t\t\t<div class=\"elementor-column elementor-col-66 elementor-top-column elementor-element elementor-element-a8a99af\" data-id=\"a8a99af\" data-element_type=\"column\" data-e-type=\"column\">\n\t\t\t<div class=\"elementor-widget-wrap elementor-element-populated\">\n\t\t\t\t\t\t<div class=\"elementor-element elementor-element-183a878 elementor-widget elementor-widget-image\" data-id=\"183a878\" data-element_type=\"widget\" data-e-type=\"widget\" data-widget_type=\"image.default\">\n\t\t\t\t<div class=\"elementor-widget-container\">\n\t\t\t\t\t\t\t\t\t\t\t\t\t\t\t<img fetchpriority=\"high\" decoding=\"async\" width=\"640\" height=\"896\" src=\"https:\/\/unaymilletras.com\/wp-content\/uploads\/2025\/09\/w660_1388621_pa-cartel-base-v.jpg\" class=\"attachment-large size-large wp-image-5673\" alt=\"Pablo Albor\u00e1n\" srcset=\"https:\/\/unaymilletras.com\/wp-content\/uploads\/2025\/09\/w660_1388621_pa-cartel-base-v.jpg 660w, https:\/\/unaymilletras.com\/wp-content\/uploads\/2025\/09\/w660_1388621_pa-cartel-base-v-214x300.jpg 214w, https:\/\/unaymilletras.com\/wp-content\/uploads\/2025\/09\/w660_1388621_pa-cartel-base-v-9x12.jpg 9w\" sizes=\"(max-width: 640px) 100vw, 640px\" \/>\t\t\t\t\t\t\t\t\t\t\t\t\t\t\t<\/div>\n\t\t\t\t<\/div>\n\t\t\t\t\t<\/div>\n\t\t<\/div>\n\t\t\t\t<div class=\"elementor-column elementor-col-33 elementor-top-column elementor-element elementor-element-18a63ce\" data-id=\"18a63ce\" data-element_type=\"column\" data-e-type=\"column\">\n\t\t\t<div class=\"elementor-widget-wrap elementor-element-populated\">\n\t\t\t\t\t\t<div class=\"elementor-element elementor-element-2f14de5 elementor-widget elementor-widget-text-editor\" data-id=\"2f14de5\" data-element_type=\"widget\" data-e-type=\"widget\" data-widget_type=\"text-editor.default\">\n\t\t\t\t<div class=\"elementor-widget-container\">\n\t\t\t\t\t\t\t\t\t<p data-start=\"750\" data-end=\"1159\">Los clientes del Banco Santander disfrutar\u00e1n de una <strong data-start=\"802\" data-end=\"834\">preventa exclusiva en Espa\u00f1a<\/strong> desde el lunes 22 de septiembre a las 10:00h hasta el mi\u00e9rcoles 24 de septiembre a las 10:00h a trav\u00e9s de <strong data-start=\"941\" data-end=\"964\">santandersmusic.com<\/strong>. Posteriormente, la <strong data-start=\"985\" data-end=\"1002\">venta general<\/strong> se abrir\u00e1 el mismo 24 de septiembre a las 17:00h en Espa\u00f1a, 16:00h en Portugal, 12:00h en Chile, Argentina y Brasil, y 10:00h en Ecuador, Colombia y Per\u00fa.<\/p>\n<p data-start=\"1161\" data-end=\"1572\">Este regreso a los escenarios coincide con el lanzamiento de su pr\u00f3ximo \u00e1lbum, <strong data-start=\"1240\" data-end=\"1249\">\u2018KM0\u2019<\/strong>, que ver\u00e1 la luz el <strong data-start=\"1270\" data-end=\"1288\">7 de noviembre<\/strong>. Desde el estreno del single <em data-start=\"1318\" data-end=\"1329\">Clickbait<\/em> en marzo, seguido por la balada <em data-start=\"1362\" data-end=\"1367\">KM0<\/em> y el reciente <em data-start=\"1382\" data-end=\"1399\">V\u00e1monos de aqu\u00ed<\/em>, los fans han mantenido la expectaci\u00f3n en lo m\u00e1s alto. \u201cCuando me subo a un escenario, me dejo el alma. Vivo por esto\u201d, declar\u00f3 el propio Albor\u00e1n durante la presentaci\u00f3n.<\/p>\t\t\t\t\t\t\t\t<\/div>\n\t\t\t\t<\/div>\n\t\t\t\t\t<\/div>\n\t\t<\/div>\n\t\t\t\t\t<\/div>\n\t\t<\/section>\n\t\t\t\t<section class=\"elementor-section elementor-top-section elementor-element elementor-element-ecb5484 elementor-section-boxed elementor-section-height-default elementor-section-height-default\" data-id=\"ecb5484\" data-element_type=\"section\" data-e-type=\"section\">\n\t\t\t\t\t\t<div class=\"elementor-container elementor-column-gap-default\">\n\t\t\t\t\t<div class=\"elementor-column elementor-col-100 elementor-top-column elementor-element elementor-element-f6e3ba0\" data-id=\"f6e3ba0\" data-element_type=\"column\" data-e-type=\"column\">\n\t\t\t<div class=\"elementor-widget-wrap elementor-element-populated\">\n\t\t\t\t\t\t<div class=\"elementor-element elementor-element-a5fde5e elementor-widget elementor-widget-text-editor\" data-id=\"a5fde5e\" data-element_type=\"widget\" data-e-type=\"widget\" data-widget_type=\"text-editor.default\">\n\t\t\t\t<div class=\"elementor-widget-container\">\n\t\t\t\t\t\t\t\t\t<p>Como anticipo de lo que est\u00e1 por venir, el malague\u00f1o ofrecer\u00e1 un\u00a0<strong data-start=\"1639\" data-end=\"1691\">showcase gratuito en la Puerta del Sol de Madrid<\/strong>\u00a0el martes 23 de septiembre a las 20:00h. El evento ser\u00e1 retransmitido en directo v\u00eda TikTok y coincidir\u00e1 con la salida de la preventa del nuevo disco.<\/p><p data-start=\"1846\" data-end=\"2160\">Con el <strong data-start=\"1853\" data-end=\"1872\">Global Tour KM0<\/strong>, Pablo Albor\u00e1n promete unir la emoci\u00f3n de sus cl\u00e1sicos con un sonido renovado e innovador, reflejo de la madurez art\u00edstica alcanzada en los \u00faltimos a\u00f1os. Una oportunidad \u00fanica para revivir sus grandes \u00e9xitos y descubrir su nueva etapa musical en uno de los tours m\u00e1s esperados de 2026.<\/p>\t\t\t\t\t\t\t\t<\/div>\n\t\t\t\t<\/div>\n\t\t\t\t\t<\/div>\n\t\t<\/div>\n\t\t\t\t\t<\/div>\n\t\t<\/section>\n\t\t\t\t<\/div>","protected":false},"excerpt":{"rendered":"<p>El artista malague\u00f1o recorrer\u00e1 Espa\u00f1a, Portugal y Latinoam\u00e9rica en 2026 y dar\u00e1 un showcase gratuito en la Puerta del Sol Pablo Albor\u00e1n ha presentado oficialmente la primera fase de su esperado Global Tour KM0, una gira que llevar\u00e1 su m\u00fasica a Espa\u00f1a, Portugal, Chile, Argentina, Ecuador, Colombia, Per\u00fa y Brasil. El anuncio se realiz\u00f3 esta [&hellip;]<\/p>\n","protected":false},"author":6,"featured_media":5673,"comment_status":"closed","ping_status":"closed","sticky":false,"template":"","format":"standard","meta":{"footnotes":""},"categories":[1],"tags":[],"class_list":["post-5671","post","type-post","status-publish","format-standard","has-post-thumbnail","hentry","category-uncategorized"],"yoast_head":"<!-- This site is optimized with the Yoast SEO plugin v27.4 - https:\/\/yoast.com\/product\/yoast-seo-wordpress\/ -->\n<title>Pablo Albor\u00e1n anuncia las fechas de su Global Tour KM0<\/title>\n<meta name=\"description\" content=\"El artista malague\u00f1o recorrer\u00e1 Espa\u00f1a, Portugal y Latinoam\u00e9rica en 2026 y dar\u00e1 un showcase gratuito en la Puerta del Sol\" \/>\n<meta name=\"robots\" content=\"index, follow, max-snippet:-1, max-image-preview:large, max-video-preview:-1\" \/>\n<link rel=\"canonical\" href=\"https:\/\/unaymilletras.com\/en\/pablo-alboran-anuncia-las-fechas-de-su-global-tour-km0\/\" \/>\n<meta property=\"og:locale\" content=\"en_GB\" \/>\n<meta property=\"og:type\" content=\"article\" \/>\n<meta property=\"og:title\" content=\"Pablo Albor\u00e1n anuncia las fechas de su Global Tour KM0\" \/>\n<meta property=\"og:description\" content=\"El artista malague\u00f1o recorrer\u00e1 Espa\u00f1a, Portugal y Latinoam\u00e9rica en 2026 y dar\u00e1 un showcase gratuito en la Puerta del Sol\" \/>\n<meta property=\"og:url\" content=\"https:\/\/unaymilletras.com\/en\/pablo-alboran-anuncia-las-fechas-de-su-global-tour-km0\/\" \/>\n<meta property=\"og:site_name\" content=\"Una y Mil Letras\" \/>\n<meta property=\"article:published_time\" content=\"2025-09-17T16:26:58+00:00\" \/>\n<meta property=\"article:modified_time\" content=\"2025-09-17T21:14:54+00:00\" \/>\n<meta property=\"og:image\" content=\"http:\/\/unaymilletras.com\/wp-content\/uploads\/2025\/09\/w660_1388621_pa-cartel-base-v.jpg\" \/>\n\t<meta property=\"og:image:width\" content=\"660\" \/>\n\t<meta property=\"og:image:height\" content=\"924\" \/>\n\t<meta property=\"og:image:type\" content=\"image\/jpeg\" \/>\n<meta name=\"author\" content=\"Redacci\u00f3n\" \/>\n<meta name=\"twitter:card\" content=\"summary_large_image\" \/>\n<meta name=\"twitter:creator\" content=\"@UnaYMilLetras\" \/>\n<meta name=\"twitter:site\" content=\"@UnaYMilLetras\" \/>\n<meta name=\"twitter:label1\" content=\"Written by\" \/>\n\t<meta name=\"twitter:data1\" content=\"Redacci\u00f3n\" \/>\n\t<meta name=\"twitter:label2\" content=\"Estimated reading time\" \/>\n\t<meta name=\"twitter:data2\" content=\"2 minutes\" \/>\n<script type=\"application\/ld+json\" class=\"yoast-schema-graph\">{\"@context\":\"https:\\\/\\\/schema.org\",\"@graph\":[{\"@type\":\"Article\",\"@id\":\"https:\\\/\\\/unaymilletras.com\\\/pablo-alboran-anuncia-las-fechas-de-su-global-tour-km0\\\/#article\",\"isPartOf\":{\"@id\":\"https:\\\/\\\/unaymilletras.com\\\/pablo-alboran-anuncia-las-fechas-de-su-global-tour-km0\\\/\"},\"author\":{\"name\":\"Redacci\u00f3n\",\"@id\":\"http:\\\/\\\/unaymilletras.com\\\/#\\\/schema\\\/person\\\/0860dc8a218329991ee2c7591f4f849d\"},\"headline\":\"Pablo Albor\u00e1n anuncia las fechas de su Global Tour KM0\",\"datePublished\":\"2025-09-17T16:26:58+00:00\",\"dateModified\":\"2025-09-17T21:14:54+00:00\",\"mainEntityOfPage\":{\"@id\":\"https:\\\/\\\/unaymilletras.com\\\/pablo-alboran-anuncia-las-fechas-de-su-global-tour-km0\\\/\"},\"wordCount\":352,\"publisher\":{\"@id\":\"http:\\\/\\\/unaymilletras.com\\\/#organization\"},\"image\":{\"@id\":\"https:\\\/\\\/unaymilletras.com\\\/pablo-alboran-anuncia-las-fechas-de-su-global-tour-km0\\\/#primaryimage\"},\"thumbnailUrl\":\"https:\\\/\\\/unaymilletras.com\\\/wp-content\\\/uploads\\\/2025\\\/09\\\/w660_1388621_pa-cartel-base-v.jpg\",\"articleSection\":[\"Uncategorized\"],\"inLanguage\":\"en-GB\"},{\"@type\":\"WebPage\",\"@id\":\"https:\\\/\\\/unaymilletras.com\\\/pablo-alboran-anuncia-las-fechas-de-su-global-tour-km0\\\/\",\"url\":\"https:\\\/\\\/unaymilletras.com\\\/pablo-alboran-anuncia-las-fechas-de-su-global-tour-km0\\\/\",\"name\":\"Pablo Albor\u00e1n anuncia las fechas de su Global Tour KM0\",\"isPartOf\":{\"@id\":\"http:\\\/\\\/unaymilletras.com\\\/#website\"},\"primaryImageOfPage\":{\"@id\":\"https:\\\/\\\/unaymilletras.com\\\/pablo-alboran-anuncia-las-fechas-de-su-global-tour-km0\\\/#primaryimage\"},\"image\":{\"@id\":\"https:\\\/\\\/unaymilletras.com\\\/pablo-alboran-anuncia-las-fechas-de-su-global-tour-km0\\\/#primaryimage\"},\"thumbnailUrl\":\"https:\\\/\\\/unaymilletras.com\\\/wp-content\\\/uploads\\\/2025\\\/09\\\/w660_1388621_pa-cartel-base-v.jpg\",\"datePublished\":\"2025-09-17T16:26:58+00:00\",\"dateModified\":\"2025-09-17T21:14:54+00:00\",\"description\":\"El artista malague\u00f1o recorrer\u00e1 Espa\u00f1a, Portugal y Latinoam\u00e9rica en 2026 y dar\u00e1 un showcase gratuito en la Puerta del Sol\",\"breadcrumb\":{\"@id\":\"https:\\\/\\\/unaymilletras.com\\\/pablo-alboran-anuncia-las-fechas-de-su-global-tour-km0\\\/#breadcrumb\"},\"inLanguage\":\"en-GB\",\"potentialAction\":[{\"@type\":\"ReadAction\",\"target\":[\"https:\\\/\\\/unaymilletras.com\\\/pablo-alboran-anuncia-las-fechas-de-su-global-tour-km0\\\/\"]}]},{\"@type\":\"ImageObject\",\"inLanguage\":\"en-GB\",\"@id\":\"https:\\\/\\\/unaymilletras.com\\\/pablo-alboran-anuncia-las-fechas-de-su-global-tour-km0\\\/#primaryimage\",\"url\":\"https:\\\/\\\/unaymilletras.com\\\/wp-content\\\/uploads\\\/2025\\\/09\\\/w660_1388621_pa-cartel-base-v.jpg\",\"contentUrl\":\"https:\\\/\\\/unaymilletras.com\\\/wp-content\\\/uploads\\\/2025\\\/09\\\/w660_1388621_pa-cartel-base-v.jpg\",\"width\":660,\"height\":924,\"caption\":\"Pablo Albor\u00e1n\"},{\"@type\":\"BreadcrumbList\",\"@id\":\"https:\\\/\\\/unaymilletras.com\\\/pablo-alboran-anuncia-las-fechas-de-su-global-tour-km0\\\/#breadcrumb\",\"itemListElement\":[{\"@type\":\"ListItem\",\"position\":1,\"name\":\"Home\",\"item\":\"http:\\\/\\\/unaymilletras.com\\\/\"},{\"@type\":\"ListItem\",\"position\":2,\"name\":\"Pablo Albor\u00e1n anuncia las fechas de su Global Tour KM0\"}]},{\"@type\":\"WebSite\",\"@id\":\"http:\\\/\\\/unaymilletras.com\\\/#website\",\"url\":\"http:\\\/\\\/unaymilletras.com\\\/\",\"name\":\"Una y Mil Letras\",\"description\":\"\",\"publisher\":{\"@id\":\"http:\\\/\\\/unaymilletras.com\\\/#organization\"},\"potentialAction\":[{\"@type\":\"SearchAction\",\"target\":{\"@type\":\"EntryPoint\",\"urlTemplate\":\"http:\\\/\\\/unaymilletras.com\\\/?s={search_term_string}\"},\"query-input\":{\"@type\":\"PropertyValueSpecification\",\"valueRequired\":true,\"valueName\":\"search_term_string\"}}],\"inLanguage\":\"en-GB\"},{\"@type\":\"Organization\",\"@id\":\"http:\\\/\\\/unaymilletras.com\\\/#organization\",\"name\":\"Una y Mil Letras\",\"url\":\"http:\\\/\\\/unaymilletras.com\\\/\",\"logo\":{\"@type\":\"ImageObject\",\"inLanguage\":\"en-GB\",\"@id\":\"http:\\\/\\\/unaymilletras.com\\\/#\\\/schema\\\/logo\\\/image\\\/\",\"url\":\"https:\\\/\\\/unaymilletras.com\\\/wp-content\\\/uploads\\\/2024\\\/06\\\/cropped-Logo-removebg-preview.png\",\"contentUrl\":\"https:\\\/\\\/unaymilletras.com\\\/wp-content\\\/uploads\\\/2024\\\/06\\\/cropped-Logo-removebg-preview.png\",\"width\":512,\"height\":512,\"caption\":\"Una y Mil Letras\"},\"image\":{\"@id\":\"http:\\\/\\\/unaymilletras.com\\\/#\\\/schema\\\/logo\\\/image\\\/\"},\"sameAs\":[\"https:\\\/\\\/x.com\\\/UnaYMilLetras\",\"https:\\\/\\\/instagram.com\\\/UnaYMilLetras\"]},{\"@type\":\"Person\",\"@id\":\"http:\\\/\\\/unaymilletras.com\\\/#\\\/schema\\\/person\\\/0860dc8a218329991ee2c7591f4f849d\",\"name\":\"Redacci\u00f3n\",\"image\":{\"@type\":\"ImageObject\",\"inLanguage\":\"en-GB\",\"@id\":\"https:\\\/\\\/secure.gravatar.com\\\/avatar\\\/d8f55e05a8b6597e45c55a1dcbdbfe44f4a360d88b48e00de5216a79b7732796?s=96&d=mm&r=g\",\"url\":\"https:\\\/\\\/secure.gravatar.com\\\/avatar\\\/d8f55e05a8b6597e45c55a1dcbdbfe44f4a360d88b48e00de5216a79b7732796?s=96&d=mm&r=g\",\"contentUrl\":\"https:\\\/\\\/secure.gravatar.com\\\/avatar\\\/d8f55e05a8b6597e45c55a1dcbdbfe44f4a360d88b48e00de5216a79b7732796?s=96&d=mm&r=g\",\"caption\":\"Redacci\u00f3n\"},\"url\":\"https:\\\/\\\/unaymilletras.com\\\/en\\\/author\\\/redaccion\\\/\"}]}<\/script>\n<!-- \/ Yoast SEO plugin. -->","yoast_head_json":{"title":"Pablo Albor\u00e1n anuncia las fechas de su Global Tour KM0","description":"El artista malague\u00f1o recorrer\u00e1 Espa\u00f1a, Portugal y Latinoam\u00e9rica en 2026 y dar\u00e1 un showcase gratuito en la Puerta del Sol","robots":{"index":"index","follow":"follow","max-snippet":"max-snippet:-1","max-image-preview":"max-image-preview:large","max-video-preview":"max-video-preview:-1"},"canonical":"https:\/\/unaymilletras.com\/en\/pablo-alboran-anuncia-las-fechas-de-su-global-tour-km0\/","og_locale":"en_GB","og_type":"article","og_title":"Pablo Albor\u00e1n anuncia las fechas de su Global Tour KM0","og_description":"El artista malague\u00f1o recorrer\u00e1 Espa\u00f1a, Portugal y Latinoam\u00e9rica en 2026 y dar\u00e1 un showcase gratuito en la Puerta del Sol","og_url":"https:\/\/unaymilletras.com\/en\/pablo-alboran-anuncia-las-fechas-de-su-global-tour-km0\/","og_site_name":"Una y Mil Letras","article_published_time":"2025-09-17T16:26:58+00:00","article_modified_time":"2025-09-17T21:14:54+00:00","og_image":[{"width":660,"height":924,"url":"http:\/\/unaymilletras.com\/wp-content\/uploads\/2025\/09\/w660_1388621_pa-cartel-base-v.jpg","type":"image\/jpeg"}],"author":"Redacci\u00f3n","twitter_card":"summary_large_image","twitter_creator":"@UnaYMilLetras","twitter_site":"@UnaYMilLetras","twitter_misc":{"Written by":"Redacci\u00f3n","Estimated reading time":"2 minutes"},"schema":{"@context":"https:\/\/schema.org","@graph":[{"@type":"Article","@id":"https:\/\/unaymilletras.com\/pablo-alboran-anuncia-las-fechas-de-su-global-tour-km0\/#article","isPartOf":{"@id":"https:\/\/unaymilletras.com\/pablo-alboran-anuncia-las-fechas-de-su-global-tour-km0\/"},"author":{"name":"Redacci\u00f3n","@id":"http:\/\/unaymilletras.com\/#\/schema\/person\/0860dc8a218329991ee2c7591f4f849d"},"headline":"Pablo Albor\u00e1n anuncia las fechas de su Global Tour KM0","datePublished":"2025-09-17T16:26:58+00:00","dateModified":"2025-09-17T21:14:54+00:00","mainEntityOfPage":{"@id":"https:\/\/unaymilletras.com\/pablo-alboran-anuncia-las-fechas-de-su-global-tour-km0\/"},"wordCount":352,"publisher":{"@id":"http:\/\/unaymilletras.com\/#organization"},"image":{"@id":"https:\/\/unaymilletras.com\/pablo-alboran-anuncia-las-fechas-de-su-global-tour-km0\/#primaryimage"},"thumbnailUrl":"https:\/\/unaymilletras.com\/wp-content\/uploads\/2025\/09\/w660_1388621_pa-cartel-base-v.jpg","articleSection":["Uncategorized"],"inLanguage":"en-GB"},{"@type":"WebPage","@id":"https:\/\/unaymilletras.com\/pablo-alboran-anuncia-las-fechas-de-su-global-tour-km0\/","url":"https:\/\/unaymilletras.com\/pablo-alboran-anuncia-las-fechas-de-su-global-tour-km0\/","name":"Pablo Albor\u00e1n anuncia las fechas de su Global Tour KM0","isPartOf":{"@id":"http:\/\/unaymilletras.com\/#website"},"primaryImageOfPage":{"@id":"https:\/\/unaymilletras.com\/pablo-alboran-anuncia-las-fechas-de-su-global-tour-km0\/#primaryimage"},"image":{"@id":"https:\/\/unaymilletras.com\/pablo-alboran-anuncia-las-fechas-de-su-global-tour-km0\/#primaryimage"},"thumbnailUrl":"https:\/\/unaymilletras.com\/wp-content\/uploads\/2025\/09\/w660_1388621_pa-cartel-base-v.jpg","datePublished":"2025-09-17T16:26:58+00:00","dateModified":"2025-09-17T21:14:54+00:00","description":"El artista malague\u00f1o recorrer\u00e1 Espa\u00f1a, Portugal y Latinoam\u00e9rica en 2026 y dar\u00e1 un showcase gratuito en la Puerta del Sol","breadcrumb":{"@id":"https:\/\/unaymilletras.com\/pablo-alboran-anuncia-las-fechas-de-su-global-tour-km0\/#breadcrumb"},"inLanguage":"en-GB","potentialAction":[{"@type":"ReadAction","target":["https:\/\/unaymilletras.com\/pablo-alboran-anuncia-las-fechas-de-su-global-tour-km0\/"]}]},{"@type":"ImageObject","inLanguage":"en-GB","@id":"https:\/\/unaymilletras.com\/pablo-alboran-anuncia-las-fechas-de-su-global-tour-km0\/#primaryimage","url":"https:\/\/unaymilletras.com\/wp-content\/uploads\/2025\/09\/w660_1388621_pa-cartel-base-v.jpg","contentUrl":"https:\/\/unaymilletras.com\/wp-content\/uploads\/2025\/09\/w660_1388621_pa-cartel-base-v.jpg","width":660,"height":924,"caption":"Pablo Albor\u00e1n"},{"@type":"BreadcrumbList","@id":"https:\/\/unaymilletras.com\/pablo-alboran-anuncia-las-fechas-de-su-global-tour-km0\/#breadcrumb","itemListElement":[{"@type":"ListItem","position":1,"name":"Home","item":"http:\/\/unaymilletras.com\/"},{"@type":"ListItem","position":2,"name":"Pablo Albor\u00e1n anuncia las fechas de su Global Tour KM0"}]},{"@type":"WebSite","@id":"http:\/\/unaymilletras.com\/#website","url":"http:\/\/unaymilletras.com\/","name":"Una y Mil Letras","description":"","publisher":{"@id":"http:\/\/unaymilletras.com\/#organization"},"potentialAction":[{"@type":"SearchAction","target":{"@type":"EntryPoint","urlTemplate":"http:\/\/unaymilletras.com\/?s={search_term_string}"},"query-input":{"@type":"PropertyValueSpecification","valueRequired":true,"valueName":"search_term_string"}}],"inLanguage":"en-GB"},{"@type":"Organization","@id":"http:\/\/unaymilletras.com\/#organization","name":"Una y Mil Letras","url":"http:\/\/unaymilletras.com\/","logo":{"@type":"ImageObject","inLanguage":"en-GB","@id":"http:\/\/unaymilletras.com\/#\/schema\/logo\/image\/","url":"https:\/\/unaymilletras.com\/wp-content\/uploads\/2024\/06\/cropped-Logo-removebg-preview.png","contentUrl":"https:\/\/unaymilletras.com\/wp-content\/uploads\/2024\/06\/cropped-Logo-removebg-preview.png","width":512,"height":512,"caption":"Una y Mil Letras"},"image":{"@id":"http:\/\/unaymilletras.com\/#\/schema\/logo\/image\/"},"sameAs":["https:\/\/x.com\/UnaYMilLetras","https:\/\/instagram.com\/UnaYMilLetras"]},{"@type":"Person","@id":"http:\/\/unaymilletras.com\/#\/schema\/person\/0860dc8a218329991ee2c7591f4f849d","name":"Redacci\u00f3n","image":{"@type":"ImageObject","inLanguage":"en-GB","@id":"https:\/\/secure.gravatar.com\/avatar\/d8f55e05a8b6597e45c55a1dcbdbfe44f4a360d88b48e00de5216a79b7732796?s=96&d=mm&r=g","url":"https:\/\/secure.gravatar.com\/avatar\/d8f55e05a8b6597e45c55a1dcbdbfe44f4a360d88b48e00de5216a79b7732796?s=96&d=mm&r=g","contentUrl":"https:\/\/secure.gravatar.com\/avatar\/d8f55e05a8b6597e45c55a1dcbdbfe44f4a360d88b48e00de5216a79b7732796?s=96&d=mm&r=g","caption":"Redacci\u00f3n"},"url":"https:\/\/unaymilletras.com\/en\/author\/redaccion\/"}]}},"_links":{"self":[{"href":"https:\/\/unaymilletras.com\/en\/wp-json\/wp\/v2\/posts\/5671","targetHints":{"allow":["GET"]}}],"collection":[{"href":"https:\/\/unaymilletras.com\/en\/wp-json\/wp\/v2\/posts"}],"about":[{"href":"https:\/\/unaymilletras.com\/en\/wp-json\/wp\/v2\/types\/post"}],"author":[{"embeddable":true,"href":"https:\/\/unaymilletras.com\/en\/wp-json\/wp\/v2\/users\/6"}],"replies":[{"embeddable":true,"href":"https:\/\/unaymilletras.com\/en\/wp-json\/wp\/v2\/comments?post=5671"}],"version-history":[{"count":7,"href":"https:\/\/unaymilletras.com\/en\/wp-json\/wp\/v2\/posts\/5671\/revisions"}],"predecessor-version":[{"id":5680,"href":"https:\/\/unaymilletras.com\/en\/wp-json\/wp\/v2\/posts\/5671\/revisions\/5680"}],"wp:featuredmedia":[{"embeddable":true,"href":"https:\/\/unaymilletras.com\/en\/wp-json\/wp\/v2\/media\/5673"}],"wp:attachment":[{"href":"https:\/\/unaymilletras.com\/en\/wp-json\/wp\/v2\/media?parent=5671"}],"wp:term":[{"taxonomy":"category","embeddable":true,"href":"https:\/\/unaymilletras.com\/en\/wp-json\/wp\/v2\/categories?post=5671"},{"taxonomy":"post_tag","embeddable":true,"href":"https:\/\/unaymilletras.com\/en\/wp-json\/wp\/v2\/tags?post=5671"}],"curies":[{"name":"wp","href":"https:\/\/api.w.org\/{rel}","templated":true}]}}