{"id":5681,"date":"2025-09-17T23:43:21","date_gmt":"2025-09-17T21:43:21","guid":{"rendered":"https:\/\/unaymilletras.com\/?p=5681"},"modified":"2025-09-17T23:48:13","modified_gmt":"2025-09-17T21:48:13","slug":"el-verano-en-que-me-enamore-llega-la-pelicula-final","status":"publish","type":"post","link":"https:\/\/unaymilletras.com\/en\/el-verano-en-que-me-enamore-llega-la-pelicula-final\/","title":{"rendered":"El verano en que me enamor\u00e9: llega la pel\u00edcula final"},"content":{"rendered":"<div data-elementor-type=\"wp-post\" data-elementor-id=\"5681\" class=\"elementor elementor-5681\">\n\t\t\t\t\t\t<section class=\"elementor-section elementor-top-section elementor-element elementor-element-d1625b4 elementor-section-boxed elementor-section-height-default elementor-section-height-default\" data-id=\"d1625b4\" data-element_type=\"section\" data-e-type=\"section\">\n\t\t\t\t\t\t<div class=\"elementor-container elementor-column-gap-default\">\n\t\t\t\t\t<div class=\"elementor-column elementor-col-100 elementor-top-column elementor-element elementor-element-591dafc\" data-id=\"591dafc\" data-element_type=\"column\" data-e-type=\"column\">\n\t\t\t<div class=\"elementor-widget-wrap elementor-element-populated\">\n\t\t\t\t\t\t<div class=\"elementor-element elementor-element-f79d147 elementor-widget elementor-widget-text-editor\" data-id=\"f79d147\" data-element_type=\"widget\" data-e-type=\"widget\" data-widget_type=\"text-editor.default\">\n\t\t\t\t<div class=\"elementor-widget-container\">\n\t\t\t\t\t\t\t\t\t<h2 style=\"text-align: center;\"><span style=\"color: #808080;\"><em>\u00abEl verano en que me enamor\u00e9\u00bb se expandir\u00e1 con una cinta escrita que pondr\u00e1 fin al viaje de Belly en Cousins Beach<\/em><\/span><\/h2>\t\t\t\t\t\t\t\t<\/div>\n\t\t\t\t<\/div>\n\t\t\t\t\t<\/div>\n\t\t<\/div>\n\t\t\t\t\t<\/div>\n\t\t<\/section>\n\t\t\t\t<section class=\"elementor-section elementor-top-section elementor-element elementor-element-a501ed9 elementor-section-boxed elementor-section-height-default elementor-section-height-default\" data-id=\"a501ed9\" data-element_type=\"section\" data-e-type=\"section\">\n\t\t\t\t\t\t<div class=\"elementor-container elementor-column-gap-default\">\n\t\t\t\t\t<div class=\"elementor-column elementor-col-100 elementor-top-column elementor-element elementor-element-5ff00c2\" data-id=\"5ff00c2\" data-element_type=\"column\" data-e-type=\"column\">\n\t\t\t<div class=\"elementor-widget-wrap elementor-element-populated\">\n\t\t\t\t\t\t<div class=\"elementor-element elementor-element-c8f891a elementor-widget elementor-widget-text-editor\" data-id=\"c8f891a\" data-element_type=\"widget\" data-e-type=\"widget\" data-widget_type=\"text-editor.default\">\n\t\t\t\t<div class=\"elementor-widget-container\">\n\t\t\t\t\t\t\t\t\t<p data-start=\"298\" data-end=\"623\">La historia de <em data-start=\"348\" data-end=\"377\">El verano en que me enamor\u00e9<\/em> a\u00fan no ha terminado. Prime Video ha confirmado que la saga creada por Jenny Han culminar\u00e1 con una <strong data-start=\"476\" data-end=\"520\">pel\u00edcula que servir\u00e1 como cap\u00edtulo final<\/strong>. La noticia se dio a conocer en Par\u00eds, durante la alfombra roja del cierre de temporada de la serie.<\/p><p data-start=\"298\" data-end=\"623\">Aunque los detalles de la trama permanecen bajo secreto, Han adelant\u00f3 que esta decisi\u00f3n responde a la magnitud del desenlace.&nbsp;<\/p>\t\t\t\t\t\t\t\t<\/div>\n\t\t\t\t<\/div>\n\t\t\t\t\t<\/div>\n\t\t<\/div>\n\t\t\t\t\t<\/div>\n\t\t<\/section>\n\t\t\t\t<section class=\"elementor-section elementor-top-section elementor-element elementor-element-5b0b4a8 elementor-section-boxed elementor-section-height-default elementor-section-height-default\" data-id=\"5b0b4a8\" data-element_type=\"section\" data-e-type=\"section\">\n\t\t\t\t\t\t<div class=\"elementor-container elementor-column-gap-default\">\n\t\t\t\t\t<div class=\"elementor-column elementor-col-66 elementor-top-column elementor-element elementor-element-049a872\" data-id=\"049a872\" data-element_type=\"column\" data-e-type=\"column\">\n\t\t\t<div class=\"elementor-widget-wrap elementor-element-populated\">\n\t\t\t\t\t\t<div class=\"elementor-element elementor-element-7df15e1 elementor-widget elementor-widget-text-editor\" data-id=\"7df15e1\" data-element_type=\"widget\" data-e-type=\"widget\" data-widget_type=\"text-editor.default\">\n\t\t\t\t<div class=\"elementor-widget-container\">\n\t\t\t\t\t\t\t\t\t<blockquote><p>\u201cA\u00fan queda un gran hito en el viaje de Belly, y pens\u00e9 que solo una pel\u00edcula podr\u00eda darle la relevancia que merece\u201d, se\u00f1al\u00f3 la autora y creadora de la serie, que adem\u00e1s se pondr\u00e1 al frente del guion y la direcci\u00f3n.<\/p><\/blockquote>\t\t\t\t\t\t\t\t<\/div>\n\t\t\t\t<\/div>\n\t\t\t\t\t<\/div>\n\t\t<\/div>\n\t\t\t\t<div class=\"elementor-column elementor-col-33 elementor-top-column elementor-element elementor-element-0930b67\" data-id=\"0930b67\" data-element_type=\"column\" data-e-type=\"column\">\n\t\t\t<div class=\"elementor-widget-wrap elementor-element-populated\">\n\t\t\t\t\t\t<div class=\"elementor-element elementor-element-54a8f28 elementor-widget elementor-widget-image\" data-id=\"54a8f28\" data-element_type=\"widget\" data-e-type=\"widget\" data-widget_type=\"image.default\">\n\t\t\t\t<div class=\"elementor-widget-container\">\n\t\t\t\t\t\t\t\t\t\t\t\t\t\t\t<img fetchpriority=\"high\" decoding=\"async\" width=\"640\" height=\"960\" src=\"https:\/\/unaymilletras.com\/wp-content\/uploads\/2025\/09\/\u00a9AnthonyGhnassia-4-683x1024.jpg\" class=\"attachment-large size-large wp-image-5683\" alt=\"El verano en que me enamor\u00e9\" srcset=\"https:\/\/unaymilletras.com\/wp-content\/uploads\/2025\/09\/\u00a9AnthonyGhnassia-4-683x1024.jpg 683w, https:\/\/unaymilletras.com\/wp-content\/uploads\/2025\/09\/\u00a9AnthonyGhnassia-4-200x300.jpg 200w, https:\/\/unaymilletras.com\/wp-content\/uploads\/2025\/09\/\u00a9AnthonyGhnassia-4-768x1152.jpg 768w, https:\/\/unaymilletras.com\/wp-content\/uploads\/2025\/09\/\u00a9AnthonyGhnassia-4-1024x1536.jpg 1024w, https:\/\/unaymilletras.com\/wp-content\/uploads\/2025\/09\/\u00a9AnthonyGhnassia-4-1365x2048.jpg 1365w, https:\/\/unaymilletras.com\/wp-content\/uploads\/2025\/09\/\u00a9AnthonyGhnassia-4-8x12.jpg 8w, https:\/\/unaymilletras.com\/wp-content\/uploads\/2025\/09\/\u00a9AnthonyGhnassia-4-scaled-e1758145565147.jpg 600w\" sizes=\"(max-width: 640px) 100vw, 640px\" \/>\t\t\t\t\t\t\t\t\t\t\t\t\t\t\t<\/div>\n\t\t\t\t<\/div>\n\t\t\t\t\t<\/div>\n\t\t<\/div>\n\t\t\t\t\t<\/div>\n\t\t<\/section>\n\t\t\t\t<section class=\"elementor-section elementor-top-section elementor-element elementor-element-b1d61ad elementor-section-boxed elementor-section-height-default elementor-section-height-default\" data-id=\"b1d61ad\" data-element_type=\"section\" data-e-type=\"section\">\n\t\t\t\t\t\t<div class=\"elementor-container elementor-column-gap-default\">\n\t\t\t\t\t<div class=\"elementor-column elementor-col-100 elementor-top-column elementor-element elementor-element-6320b81\" data-id=\"6320b81\" data-element_type=\"column\" data-e-type=\"column\">\n\t\t\t<div class=\"elementor-widget-wrap elementor-element-populated\">\n\t\t\t\t\t\t<div class=\"elementor-element elementor-element-1b3a1d8 elementor-widget elementor-widget-text-editor\" data-id=\"1b3a1d8\" data-element_type=\"widget\" data-e-type=\"widget\" data-widget_type=\"text-editor.default\">\n\t\t\t\t<div class=\"elementor-widget-container\">\n\t\t\t\t\t\t\t\t\t<p data-start=\"968\" data-end=\"1405\">El \u00e9xito de <em data-start=\"980\" data-end=\"1009\">El verano en que me enamor\u00e9<\/em> ha sido incontestable desde su estreno en 2022. La primera temporada debut\u00f3 como el t\u00edtulo m\u00e1s visto en Prime Video durante su lanzamiento, mientras que la segunda duplic\u00f3 la audiencia en apenas tres d\u00edas. La tercera entrega, estrenada este a\u00f1o, alcanz\u00f3 <strong data-start=\"1264\" data-end=\"1322\">25 millones de espectadores en sus primeros siete d\u00edas<\/strong>, convirti\u00e9ndose en una de las temporadas de regreso m\u00e1s vistas de la plataforma.<\/p>\t\t\t\t\t\t\t\t<\/div>\n\t\t\t\t<\/div>\n\t\t\t\t\t<\/div>\n\t\t<\/div>\n\t\t\t\t\t<\/div>\n\t\t<\/section>\n\t\t\t\t<section class=\"elementor-section elementor-top-section elementor-element elementor-element-74eac5f elementor-section-boxed elementor-section-height-default elementor-section-height-default\" data-id=\"74eac5f\" data-element_type=\"section\" data-e-type=\"section\">\n\t\t\t\t\t\t<div class=\"elementor-container elementor-column-gap-default\">\n\t\t\t\t\t<div class=\"elementor-column elementor-col-50 elementor-top-column elementor-element elementor-element-8a79e1a\" data-id=\"8a79e1a\" data-element_type=\"column\" data-e-type=\"column\">\n\t\t\t<div class=\"elementor-widget-wrap elementor-element-populated\">\n\t\t\t\t\t\t<div class=\"elementor-element elementor-element-0bb584f elementor-widget elementor-widget-text-editor\" data-id=\"0bb584f\" data-element_type=\"widget\" data-e-type=\"widget\" data-widget_type=\"text-editor.default\">\n\t\t\t\t<div class=\"elementor-widget-container\">\n\t\t\t\t\t\t\t\t\t<p><span style=\"text-align: justify;\">Basada en la trilog\u00eda superventas de Jenny Han, la serie ha conquistado al p\u00fablico con su mezcla de romance adolescente, historias familiares y amistad femenina. A trav\u00e9s del tri\u00e1ngulo amoroso entre Belly y los hermanos Fisher, la trama ha explorado el primer amor, los desenga\u00f1os y la magia de los veranos en Cousins Beach.<\/span><\/p>\t\t\t\t\t\t\t\t<\/div>\n\t\t\t\t<\/div>\n\t\t\t\t\t<\/div>\n\t\t<\/div>\n\t\t\t\t<div class=\"elementor-column elementor-col-50 elementor-top-column elementor-element elementor-element-2d08d0f\" data-id=\"2d08d0f\" data-element_type=\"column\" data-e-type=\"column\">\n\t\t\t<div class=\"elementor-widget-wrap elementor-element-populated\">\n\t\t\t\t\t\t<div class=\"elementor-element elementor-element-041e5cf elementor-widget elementor-widget-text-editor\" data-id=\"041e5cf\" data-element_type=\"widget\" data-e-type=\"widget\" data-widget_type=\"text-editor.default\">\n\t\t\t\t<div class=\"elementor-widget-container\">\n\t\t\t\t\t\t\t\t\t<p data-start=\"1735\" data-end=\"2033\">El proyecto refuerza la alianza entre Jenny Han y Prime Video, tras el \u00e9xito global de la franquicia. Han, que tambi\u00e9n es creadora de&nbsp;<em data-start=\"1869\" data-end=\"1911\">A todos los chicos de los que me enamor\u00e9<\/em>&nbsp;y de la serie&nbsp;<em data-start=\"1926\" data-end=\"1937\">XO, Kitty<\/em>, se ha consolidado como una de las voces m\u00e1s influyentes de la ficci\u00f3n juvenil contempor\u00e1nea.<\/p>\t\t\t\t\t\t\t\t<\/div>\n\t\t\t\t<\/div>\n\t\t\t\t\t<\/div>\n\t\t<\/div>\n\t\t\t\t\t<\/div>\n\t\t<\/section>\n\t\t\t\t<section class=\"elementor-section elementor-top-section elementor-element elementor-element-782b9c0 elementor-section-boxed elementor-section-height-default elementor-section-height-default\" data-id=\"782b9c0\" data-element_type=\"section\" data-e-type=\"section\">\n\t\t\t\t\t\t<div class=\"elementor-container elementor-column-gap-default\">\n\t\t\t\t\t<div class=\"elementor-column elementor-col-100 elementor-top-column elementor-element elementor-element-1d31d34\" data-id=\"1d31d34\" data-element_type=\"column\" data-e-type=\"column\">\n\t\t\t<div class=\"elementor-widget-wrap elementor-element-populated\">\n\t\t\t\t\t\t<div class=\"elementor-element elementor-element-f7c9bf0 elementor-widget elementor-widget-text-editor\" data-id=\"f7c9bf0\" data-element_type=\"widget\" data-e-type=\"widget\" data-widget_type=\"text-editor.default\">\n\t\t\t\t<div class=\"elementor-widget-container\">\n\t\t\t\t\t\t\t\t\t<p>Con esta pel\u00edcula, Prime Video asegura a los millones de fans en todo el mundo un\u00a0<strong data-start=\"2117\" data-end=\"2149\">final a la altura de la saga<\/strong>\u00a0que ha marcado la cultura pop en los \u00faltimos a\u00f1os.<\/p>\t\t\t\t\t\t\t\t<\/div>\n\t\t\t\t<\/div>\n\t\t\t\t\t<\/div>\n\t\t<\/div>\n\t\t\t\t\t<\/div>\n\t\t<\/section>\n\t\t\t\t<\/div>","protected":false},"excerpt":{"rendered":"<p>\u00abEl verano en que me enamor\u00e9\u00bb se expandir\u00e1 con una cinta escrita que pondr\u00e1 fin al viaje de Belly en Cousins Beach La historia de El verano en que me enamor\u00e9 a\u00fan no ha terminado. Prime Video ha confirmado que la saga creada por Jenny Han culminar\u00e1 con una pel\u00edcula que servir\u00e1 como cap\u00edtulo final. [&hellip;]<\/p>\n","protected":false},"author":6,"featured_media":5683,"comment_status":"closed","ping_status":"closed","sticky":false,"template":"","format":"standard","meta":{"footnotes":""},"categories":[117],"tags":[],"class_list":["post-5681","post","type-post","status-publish","format-standard","has-post-thumbnail","hentry","category-peliculas-y-series"],"yoast_head":"<!-- This site is optimized with the Yoast SEO plugin v27.4 - https:\/\/yoast.com\/product\/yoast-seo-wordpress\/ -->\n<title>El verano en que me enamor\u00e9: llega la pel\u00edcula final<\/title>\n<meta name=\"description\" content=\"La exitosa franquicia juvenil se expandir\u00e1 con una cinta escrita y dirigida por Jenny Han, que pondr\u00e1 fin al viaje de Belly en Cousins Beach\" \/>\n<meta name=\"robots\" content=\"index, follow, max-snippet:-1, max-image-preview:large, max-video-preview:-1\" \/>\n<link rel=\"canonical\" href=\"https:\/\/unaymilletras.com\/en\/el-verano-en-que-me-enamore-llega-la-pelicula-final\/\" \/>\n<meta property=\"og:locale\" content=\"en_GB\" \/>\n<meta property=\"og:type\" content=\"article\" \/>\n<meta property=\"og:title\" content=\"El verano en que me enamor\u00e9: llega la pel\u00edcula final\" \/>\n<meta property=\"og:description\" content=\"La exitosa franquicia juvenil se expandir\u00e1 con una cinta escrita y dirigida por Jenny Han, que pondr\u00e1 fin al viaje de Belly en Cousins Beach\" \/>\n<meta property=\"og:url\" content=\"https:\/\/unaymilletras.com\/en\/el-verano-en-que-me-enamore-llega-la-pelicula-final\/\" \/>\n<meta property=\"og:site_name\" content=\"Una y Mil Letras\" \/>\n<meta property=\"article:published_time\" content=\"2025-09-17T21:43:21+00:00\" \/>\n<meta property=\"article:modified_time\" content=\"2025-09-17T21:48:13+00:00\" \/>\n<meta property=\"og:image\" content=\"http:\/\/unaymilletras.com\/wp-content\/uploads\/2025\/09\/\u00a9AnthonyGhnassia-4-scaled-e1758145565147.jpg\" \/>\n\t<meta property=\"og:image:width\" content=\"600\" \/>\n\t<meta property=\"og:image:height\" content=\"900\" \/>\n\t<meta property=\"og:image:type\" content=\"image\/jpeg\" \/>\n<meta name=\"author\" content=\"Redacci\u00f3n\" \/>\n<meta name=\"twitter:card\" content=\"summary_large_image\" \/>\n<meta name=\"twitter:creator\" content=\"@UnaYMilLetras\" \/>\n<meta name=\"twitter:site\" content=\"@UnaYMilLetras\" \/>\n<meta name=\"twitter:label1\" content=\"Written by\" \/>\n\t<meta name=\"twitter:data1\" content=\"Redacci\u00f3n\" \/>\n\t<meta name=\"twitter:label2\" content=\"Estimated reading time\" \/>\n\t<meta name=\"twitter:data2\" content=\"2 minutes\" \/>\n<script type=\"application\/ld+json\" class=\"yoast-schema-graph\">{\"@context\":\"https:\\\/\\\/schema.org\",\"@graph\":[{\"@type\":\"Article\",\"@id\":\"https:\\\/\\\/unaymilletras.com\\\/el-verano-en-que-me-enamore-llega-la-pelicula-final\\\/#article\",\"isPartOf\":{\"@id\":\"https:\\\/\\\/unaymilletras.com\\\/el-verano-en-que-me-enamore-llega-la-pelicula-final\\\/\"},\"author\":{\"name\":\"Redacci\u00f3n\",\"@id\":\"http:\\\/\\\/unaymilletras.com\\\/#\\\/schema\\\/person\\\/0860dc8a218329991ee2c7591f4f849d\"},\"headline\":\"El verano en que me enamor\u00e9: llega la pel\u00edcula final\",\"datePublished\":\"2025-09-17T21:43:21+00:00\",\"dateModified\":\"2025-09-17T21:48:13+00:00\",\"mainEntityOfPage\":{\"@id\":\"https:\\\/\\\/unaymilletras.com\\\/el-verano-en-que-me-enamore-llega-la-pelicula-final\\\/\"},\"wordCount\":390,\"publisher\":{\"@id\":\"http:\\\/\\\/unaymilletras.com\\\/#organization\"},\"image\":{\"@id\":\"https:\\\/\\\/unaymilletras.com\\\/el-verano-en-que-me-enamore-llega-la-pelicula-final\\\/#primaryimage\"},\"thumbnailUrl\":\"https:\\\/\\\/unaymilletras.com\\\/wp-content\\\/uploads\\\/2025\\\/09\\\/\u00a9AnthonyGhnassia-4-scaled-e1758145565147.jpg\",\"articleSection\":[\"Pel\u00edculas y Series\"],\"inLanguage\":\"en-GB\"},{\"@type\":\"WebPage\",\"@id\":\"https:\\\/\\\/unaymilletras.com\\\/el-verano-en-que-me-enamore-llega-la-pelicula-final\\\/\",\"url\":\"https:\\\/\\\/unaymilletras.com\\\/el-verano-en-que-me-enamore-llega-la-pelicula-final\\\/\",\"name\":\"El verano en que me enamor\u00e9: llega la pel\u00edcula final\",\"isPartOf\":{\"@id\":\"http:\\\/\\\/unaymilletras.com\\\/#website\"},\"primaryImageOfPage\":{\"@id\":\"https:\\\/\\\/unaymilletras.com\\\/el-verano-en-que-me-enamore-llega-la-pelicula-final\\\/#primaryimage\"},\"image\":{\"@id\":\"https:\\\/\\\/unaymilletras.com\\\/el-verano-en-que-me-enamore-llega-la-pelicula-final\\\/#primaryimage\"},\"thumbnailUrl\":\"https:\\\/\\\/unaymilletras.com\\\/wp-content\\\/uploads\\\/2025\\\/09\\\/\u00a9AnthonyGhnassia-4-scaled-e1758145565147.jpg\",\"datePublished\":\"2025-09-17T21:43:21+00:00\",\"dateModified\":\"2025-09-17T21:48:13+00:00\",\"description\":\"La exitosa franquicia juvenil se expandir\u00e1 con una cinta escrita y dirigida por Jenny Han, que pondr\u00e1 fin al viaje de Belly en Cousins Beach\",\"breadcrumb\":{\"@id\":\"https:\\\/\\\/unaymilletras.com\\\/el-verano-en-que-me-enamore-llega-la-pelicula-final\\\/#breadcrumb\"},\"inLanguage\":\"en-GB\",\"potentialAction\":[{\"@type\":\"ReadAction\",\"target\":[\"https:\\\/\\\/unaymilletras.com\\\/el-verano-en-que-me-enamore-llega-la-pelicula-final\\\/\"]}]},{\"@type\":\"ImageObject\",\"inLanguage\":\"en-GB\",\"@id\":\"https:\\\/\\\/unaymilletras.com\\\/el-verano-en-que-me-enamore-llega-la-pelicula-final\\\/#primaryimage\",\"url\":\"https:\\\/\\\/unaymilletras.com\\\/wp-content\\\/uploads\\\/2025\\\/09\\\/\u00a9AnthonyGhnassia-4-scaled-e1758145565147.jpg\",\"contentUrl\":\"https:\\\/\\\/unaymilletras.com\\\/wp-content\\\/uploads\\\/2025\\\/09\\\/\u00a9AnthonyGhnassia-4-scaled-e1758145565147.jpg\",\"width\":600,\"height\":900,\"caption\":\"El verano en que me enamor\u00e9\"},{\"@type\":\"BreadcrumbList\",\"@id\":\"https:\\\/\\\/unaymilletras.com\\\/el-verano-en-que-me-enamore-llega-la-pelicula-final\\\/#breadcrumb\",\"itemListElement\":[{\"@type\":\"ListItem\",\"position\":1,\"name\":\"Home\",\"item\":\"http:\\\/\\\/unaymilletras.com\\\/\"},{\"@type\":\"ListItem\",\"position\":2,\"name\":\"El verano en que me enamor\u00e9: llega la pel\u00edcula final\"}]},{\"@type\":\"WebSite\",\"@id\":\"http:\\\/\\\/unaymilletras.com\\\/#website\",\"url\":\"http:\\\/\\\/unaymilletras.com\\\/\",\"name\":\"Una y Mil Letras\",\"description\":\"\",\"publisher\":{\"@id\":\"http:\\\/\\\/unaymilletras.com\\\/#organization\"},\"potentialAction\":[{\"@type\":\"SearchAction\",\"target\":{\"@type\":\"EntryPoint\",\"urlTemplate\":\"http:\\\/\\\/unaymilletras.com\\\/?s={search_term_string}\"},\"query-input\":{\"@type\":\"PropertyValueSpecification\",\"valueRequired\":true,\"valueName\":\"search_term_string\"}}],\"inLanguage\":\"en-GB\"},{\"@type\":\"Organization\",\"@id\":\"http:\\\/\\\/unaymilletras.com\\\/#organization\",\"name\":\"Una y Mil Letras\",\"url\":\"http:\\\/\\\/unaymilletras.com\\\/\",\"logo\":{\"@type\":\"ImageObject\",\"inLanguage\":\"en-GB\",\"@id\":\"http:\\\/\\\/unaymilletras.com\\\/#\\\/schema\\\/logo\\\/image\\\/\",\"url\":\"https:\\\/\\\/unaymilletras.com\\\/wp-content\\\/uploads\\\/2024\\\/06\\\/cropped-Logo-removebg-preview.png\",\"contentUrl\":\"https:\\\/\\\/unaymilletras.com\\\/wp-content\\\/uploads\\\/2024\\\/06\\\/cropped-Logo-removebg-preview.png\",\"width\":512,\"height\":512,\"caption\":\"Una y Mil Letras\"},\"image\":{\"@id\":\"http:\\\/\\\/unaymilletras.com\\\/#\\\/schema\\\/logo\\\/image\\\/\"},\"sameAs\":[\"https:\\\/\\\/x.com\\\/UnaYMilLetras\",\"https:\\\/\\\/instagram.com\\\/UnaYMilLetras\"]},{\"@type\":\"Person\",\"@id\":\"http:\\\/\\\/unaymilletras.com\\\/#\\\/schema\\\/person\\\/0860dc8a218329991ee2c7591f4f849d\",\"name\":\"Redacci\u00f3n\",\"image\":{\"@type\":\"ImageObject\",\"inLanguage\":\"en-GB\",\"@id\":\"https:\\\/\\\/secure.gravatar.com\\\/avatar\\\/d8f55e05a8b6597e45c55a1dcbdbfe44f4a360d88b48e00de5216a79b7732796?s=96&d=mm&r=g\",\"url\":\"https:\\\/\\\/secure.gravatar.com\\\/avatar\\\/d8f55e05a8b6597e45c55a1dcbdbfe44f4a360d88b48e00de5216a79b7732796?s=96&d=mm&r=g\",\"contentUrl\":\"https:\\\/\\\/secure.gravatar.com\\\/avatar\\\/d8f55e05a8b6597e45c55a1dcbdbfe44f4a360d88b48e00de5216a79b7732796?s=96&d=mm&r=g\",\"caption\":\"Redacci\u00f3n\"},\"url\":\"https:\\\/\\\/unaymilletras.com\\\/en\\\/author\\\/redaccion\\\/\"}]}<\/script>\n<!-- \/ Yoast SEO plugin. -->","yoast_head_json":{"title":"El verano en que me enamor\u00e9: llega la pel\u00edcula final","description":"La exitosa franquicia juvenil se expandir\u00e1 con una cinta escrita y dirigida por Jenny Han, que pondr\u00e1 fin al viaje de Belly en Cousins Beach","robots":{"index":"index","follow":"follow","max-snippet":"max-snippet:-1","max-image-preview":"max-image-preview:large","max-video-preview":"max-video-preview:-1"},"canonical":"https:\/\/unaymilletras.com\/en\/el-verano-en-que-me-enamore-llega-la-pelicula-final\/","og_locale":"en_GB","og_type":"article","og_title":"El verano en que me enamor\u00e9: llega la pel\u00edcula final","og_description":"La exitosa franquicia juvenil se expandir\u00e1 con una cinta escrita y dirigida por Jenny Han, que pondr\u00e1 fin al viaje de Belly en Cousins Beach","og_url":"https:\/\/unaymilletras.com\/en\/el-verano-en-que-me-enamore-llega-la-pelicula-final\/","og_site_name":"Una y Mil Letras","article_published_time":"2025-09-17T21:43:21+00:00","article_modified_time":"2025-09-17T21:48:13+00:00","og_image":[{"width":600,"height":900,"url":"http:\/\/unaymilletras.com\/wp-content\/uploads\/2025\/09\/\u00a9AnthonyGhnassia-4-scaled-e1758145565147.jpg","type":"image\/jpeg"}],"author":"Redacci\u00f3n","twitter_card":"summary_large_image","twitter_creator":"@UnaYMilLetras","twitter_site":"@UnaYMilLetras","twitter_misc":{"Written by":"Redacci\u00f3n","Estimated reading time":"2 minutes"},"schema":{"@context":"https:\/\/schema.org","@graph":[{"@type":"Article","@id":"https:\/\/unaymilletras.com\/el-verano-en-que-me-enamore-llega-la-pelicula-final\/#article","isPartOf":{"@id":"https:\/\/unaymilletras.com\/el-verano-en-que-me-enamore-llega-la-pelicula-final\/"},"author":{"name":"Redacci\u00f3n","@id":"http:\/\/unaymilletras.com\/#\/schema\/person\/0860dc8a218329991ee2c7591f4f849d"},"headline":"El verano en que me enamor\u00e9: llega la pel\u00edcula final","datePublished":"2025-09-17T21:43:21+00:00","dateModified":"2025-09-17T21:48:13+00:00","mainEntityOfPage":{"@id":"https:\/\/unaymilletras.com\/el-verano-en-que-me-enamore-llega-la-pelicula-final\/"},"wordCount":390,"publisher":{"@id":"http:\/\/unaymilletras.com\/#organization"},"image":{"@id":"https:\/\/unaymilletras.com\/el-verano-en-que-me-enamore-llega-la-pelicula-final\/#primaryimage"},"thumbnailUrl":"https:\/\/unaymilletras.com\/wp-content\/uploads\/2025\/09\/\u00a9AnthonyGhnassia-4-scaled-e1758145565147.jpg","articleSection":["Pel\u00edculas y Series"],"inLanguage":"en-GB"},{"@type":"WebPage","@id":"https:\/\/unaymilletras.com\/el-verano-en-que-me-enamore-llega-la-pelicula-final\/","url":"https:\/\/unaymilletras.com\/el-verano-en-que-me-enamore-llega-la-pelicula-final\/","name":"El verano en que me enamor\u00e9: llega la pel\u00edcula final","isPartOf":{"@id":"http:\/\/unaymilletras.com\/#website"},"primaryImageOfPage":{"@id":"https:\/\/unaymilletras.com\/el-verano-en-que-me-enamore-llega-la-pelicula-final\/#primaryimage"},"image":{"@id":"https:\/\/unaymilletras.com\/el-verano-en-que-me-enamore-llega-la-pelicula-final\/#primaryimage"},"thumbnailUrl":"https:\/\/unaymilletras.com\/wp-content\/uploads\/2025\/09\/\u00a9AnthonyGhnassia-4-scaled-e1758145565147.jpg","datePublished":"2025-09-17T21:43:21+00:00","dateModified":"2025-09-17T21:48:13+00:00","description":"La exitosa franquicia juvenil se expandir\u00e1 con una cinta escrita y dirigida por Jenny Han, que pondr\u00e1 fin al viaje de Belly en Cousins Beach","breadcrumb":{"@id":"https:\/\/unaymilletras.com\/el-verano-en-que-me-enamore-llega-la-pelicula-final\/#breadcrumb"},"inLanguage":"en-GB","potentialAction":[{"@type":"ReadAction","target":["https:\/\/unaymilletras.com\/el-verano-en-que-me-enamore-llega-la-pelicula-final\/"]}]},{"@type":"ImageObject","inLanguage":"en-GB","@id":"https:\/\/unaymilletras.com\/el-verano-en-que-me-enamore-llega-la-pelicula-final\/#primaryimage","url":"https:\/\/unaymilletras.com\/wp-content\/uploads\/2025\/09\/\u00a9AnthonyGhnassia-4-scaled-e1758145565147.jpg","contentUrl":"https:\/\/unaymilletras.com\/wp-content\/uploads\/2025\/09\/\u00a9AnthonyGhnassia-4-scaled-e1758145565147.jpg","width":600,"height":900,"caption":"El verano en que me enamor\u00e9"},{"@type":"BreadcrumbList","@id":"https:\/\/unaymilletras.com\/el-verano-en-que-me-enamore-llega-la-pelicula-final\/#breadcrumb","itemListElement":[{"@type":"ListItem","position":1,"name":"Home","item":"http:\/\/unaymilletras.com\/"},{"@type":"ListItem","position":2,"name":"El verano en que me enamor\u00e9: llega la pel\u00edcula final"}]},{"@type":"WebSite","@id":"http:\/\/unaymilletras.com\/#website","url":"http:\/\/unaymilletras.com\/","name":"Una y Mil Letras","description":"","publisher":{"@id":"http:\/\/unaymilletras.com\/#organization"},"potentialAction":[{"@type":"SearchAction","target":{"@type":"EntryPoint","urlTemplate":"http:\/\/unaymilletras.com\/?s={search_term_string}"},"query-input":{"@type":"PropertyValueSpecification","valueRequired":true,"valueName":"search_term_string"}}],"inLanguage":"en-GB"},{"@type":"Organization","@id":"http:\/\/unaymilletras.com\/#organization","name":"Una y Mil Letras","url":"http:\/\/unaymilletras.com\/","logo":{"@type":"ImageObject","inLanguage":"en-GB","@id":"http:\/\/unaymilletras.com\/#\/schema\/logo\/image\/","url":"https:\/\/unaymilletras.com\/wp-content\/uploads\/2024\/06\/cropped-Logo-removebg-preview.png","contentUrl":"https:\/\/unaymilletras.com\/wp-content\/uploads\/2024\/06\/cropped-Logo-removebg-preview.png","width":512,"height":512,"caption":"Una y Mil Letras"},"image":{"@id":"http:\/\/unaymilletras.com\/#\/schema\/logo\/image\/"},"sameAs":["https:\/\/x.com\/UnaYMilLetras","https:\/\/instagram.com\/UnaYMilLetras"]},{"@type":"Person","@id":"http:\/\/unaymilletras.com\/#\/schema\/person\/0860dc8a218329991ee2c7591f4f849d","name":"Redacci\u00f3n","image":{"@type":"ImageObject","inLanguage":"en-GB","@id":"https:\/\/secure.gravatar.com\/avatar\/d8f55e05a8b6597e45c55a1dcbdbfe44f4a360d88b48e00de5216a79b7732796?s=96&d=mm&r=g","url":"https:\/\/secure.gravatar.com\/avatar\/d8f55e05a8b6597e45c55a1dcbdbfe44f4a360d88b48e00de5216a79b7732796?s=96&d=mm&r=g","contentUrl":"https:\/\/secure.gravatar.com\/avatar\/d8f55e05a8b6597e45c55a1dcbdbfe44f4a360d88b48e00de5216a79b7732796?s=96&d=mm&r=g","caption":"Redacci\u00f3n"},"url":"https:\/\/unaymilletras.com\/en\/author\/redaccion\/"}]}},"_links":{"self":[{"href":"https:\/\/unaymilletras.com\/en\/wp-json\/wp\/v2\/posts\/5681","targetHints":{"allow":["GET"]}}],"collection":[{"href":"https:\/\/unaymilletras.com\/en\/wp-json\/wp\/v2\/posts"}],"about":[{"href":"https:\/\/unaymilletras.com\/en\/wp-json\/wp\/v2\/types\/post"}],"author":[{"embeddable":true,"href":"https:\/\/unaymilletras.com\/en\/wp-json\/wp\/v2\/users\/6"}],"replies":[{"embeddable":true,"href":"https:\/\/unaymilletras.com\/en\/wp-json\/wp\/v2\/comments?post=5681"}],"version-history":[{"count":7,"href":"https:\/\/unaymilletras.com\/en\/wp-json\/wp\/v2\/posts\/5681\/revisions"}],"predecessor-version":[{"id":5689,"href":"https:\/\/unaymilletras.com\/en\/wp-json\/wp\/v2\/posts\/5681\/revisions\/5689"}],"wp:featuredmedia":[{"embeddable":true,"href":"https:\/\/unaymilletras.com\/en\/wp-json\/wp\/v2\/media\/5683"}],"wp:attachment":[{"href":"https:\/\/unaymilletras.com\/en\/wp-json\/wp\/v2\/media?parent=5681"}],"wp:term":[{"taxonomy":"category","embeddable":true,"href":"https:\/\/unaymilletras.com\/en\/wp-json\/wp\/v2\/categories?post=5681"},{"taxonomy":"post_tag","embeddable":true,"href":"https:\/\/unaymilletras.com\/en\/wp-json\/wp\/v2\/tags?post=5681"}],"curies":[{"name":"wp","href":"https:\/\/api.w.org\/{rel}","templated":true}]}}