{"id":5690,"date":"2025-09-18T19:03:05","date_gmt":"2025-09-18T17:03:05","guid":{"rendered":"https:\/\/unaymilletras.com\/?p=5690"},"modified":"2025-09-18T19:06:47","modified_gmt":"2025-09-18T17:06:47","slug":"el-cartel-de-cadena-100-por-ellas-2025-confirma-los-artistas","status":"publish","type":"post","link":"https:\/\/unaymilletras.com\/en\/el-cartel-de-cadena-100-por-ellas-2025-confirma-los-artistas\/","title":{"rendered":"El cartel de \u201cCADENA 100: Por Ellas\u201d 2025 confirma los artistas"},"content":{"rendered":"<div data-elementor-type=\"wp-post\" data-elementor-id=\"5690\" class=\"elementor elementor-5690\">\n\t\t\t\t\t\t<section class=\"elementor-section elementor-top-section elementor-element elementor-element-6200c5e elementor-section-boxed elementor-section-height-default elementor-section-height-default\" data-id=\"6200c5e\" data-element_type=\"section\" data-e-type=\"section\">\n\t\t\t\t\t\t<div class=\"elementor-container elementor-column-gap-default\">\n\t\t\t\t\t<div class=\"elementor-column elementor-col-100 elementor-top-column elementor-element elementor-element-f701ca8\" data-id=\"f701ca8\" data-element_type=\"column\" data-e-type=\"column\">\n\t\t\t<div class=\"elementor-widget-wrap elementor-element-populated\">\n\t\t\t\t\t\t<div class=\"elementor-element elementor-element-11bad63 elementor-widget elementor-widget-text-editor\" data-id=\"11bad63\" data-element_type=\"widget\" data-e-type=\"widget\" data-widget_type=\"text-editor.default\">\n\t\t\t\t<div class=\"elementor-widget-container\">\n\t\t\t\t\t\t\t\t\t<h2 style=\"text-align: center;\"><span style=\"color: #808080;\"><em>El cartel definitivo de \u201cCADENA 100: Por Ellas\u201d confirma artistas que celebran la m\u00fasica apoyando la causa<\/em><\/span><\/h2>\t\t\t\t\t\t\t\t<\/div>\n\t\t\t\t<\/div>\n\t\t\t\t\t<\/div>\n\t\t<\/div>\n\t\t\t\t\t<\/div>\n\t\t<\/section>\n\t\t\t\t<section class=\"elementor-section elementor-top-section elementor-element elementor-element-e9a231d elementor-section-boxed elementor-section-height-default elementor-section-height-default\" data-id=\"e9a231d\" data-element_type=\"section\" data-e-type=\"section\">\n\t\t\t\t\t\t<div class=\"elementor-container elementor-column-gap-default\">\n\t\t\t\t\t<div class=\"elementor-column elementor-col-100 elementor-top-column elementor-element elementor-element-5b5a59f\" data-id=\"5b5a59f\" data-element_type=\"column\" data-e-type=\"column\">\n\t\t\t<div class=\"elementor-widget-wrap elementor-element-populated\">\n\t\t\t\t\t\t<div class=\"elementor-element elementor-element-70359e6 elementor-widget elementor-widget-text-editor\" data-id=\"70359e6\" data-element_type=\"widget\" data-e-type=\"widget\" data-widget_type=\"text-editor.default\">\n\t\t\t\t<div class=\"elementor-widget-container\">\n\t\t\t\t\t\t\t\t\t<p data-start=\"440\" data-end=\"793\">El concierto solidario <strong data-start=\"476\" data-end=\"503\">\u201cCADENA 100: Por Ellas\u201d<\/strong> regresa el pr\u00f3ximo 18 de octubre a Madrid. El Movistar Arena acoger\u00e1 una de las citas m\u00e1s esperadas del calendario musical espa\u00f1ol. Este evento, cuyos beneficios se destinan a la <strong data-start=\"683\" data-end=\"723\">Asociaci\u00f3n Espa\u00f1ola Contra el C\u00e1ncer<\/strong>, busca combinar m\u00fasica, emociones y solidaridad en una noche \u00fanica.<\/p><p data-start=\"795\" data-end=\"1184\">La organizaci\u00f3n ha confirmado un <strong data-start=\"828\" data-end=\"856\">cartel lleno de variedad<\/strong> que re\u00fane a artistas consolidados y nuevas voces. Estar\u00e1n presentes <strong data-start=\"925\" data-end=\"935\">Amaral<\/strong>, d\u00fao ic\u00f3nico del pop rock espa\u00f1ol, y <strong data-start=\"973\" data-end=\"984\">Rozal\u00e9n<\/strong>, reconocida por sus letras cargadas de sensibilidad social. Tambi\u00e9n subir\u00e1n al escenario <strong data-start=\"1074\" data-end=\"1086\">Conchita<\/strong> y <strong data-start=\"1089\" data-end=\"1105\">Nena Daconte<\/strong>, dos referentes femeninas que representan la fuerza del pop en nuestro pa\u00eds.<\/p>\t\t\t\t\t\t\t\t<\/div>\n\t\t\t\t<\/div>\n\t\t\t\t\t<\/div>\n\t\t<\/div>\n\t\t\t\t\t<\/div>\n\t\t<\/section>\n\t\t\t\t<section class=\"elementor-section elementor-top-section elementor-element elementor-element-edf614f elementor-section-boxed elementor-section-height-default elementor-section-height-default\" data-id=\"edf614f\" data-element_type=\"section\" data-e-type=\"section\">\n\t\t\t\t\t\t<div class=\"elementor-container elementor-column-gap-default\">\n\t\t\t\t\t<div class=\"elementor-column elementor-col-100 elementor-top-column elementor-element elementor-element-ee8d101\" data-id=\"ee8d101\" data-element_type=\"column\" data-e-type=\"column\">\n\t\t\t<div class=\"elementor-widget-wrap elementor-element-populated\">\n\t\t\t\t\t\t<div class=\"elementor-element elementor-element-e6309e3 elementor-widget elementor-widget-image\" data-id=\"e6309e3\" data-element_type=\"widget\" data-e-type=\"widget\" data-widget_type=\"image.default\">\n\t\t\t\t<div class=\"elementor-widget-container\">\n\t\t\t\t\t\t\t\t\t\t\t\t\t\t\t<img fetchpriority=\"high\" decoding=\"async\" width=\"640\" height=\"480\" src=\"https:\/\/unaymilletras.com\/wp-content\/uploads\/2025\/09\/68c7bf3d66ba2.jpg\" class=\"attachment-large size-large wp-image-5692\" alt=\"Cadena 100 por ellas\" srcset=\"https:\/\/unaymilletras.com\/wp-content\/uploads\/2025\/09\/68c7bf3d66ba2.jpg 800w, https:\/\/unaymilletras.com\/wp-content\/uploads\/2025\/09\/68c7bf3d66ba2-300x225.jpg 300w, https:\/\/unaymilletras.com\/wp-content\/uploads\/2025\/09\/68c7bf3d66ba2-768x576.jpg 768w, https:\/\/unaymilletras.com\/wp-content\/uploads\/2025\/09\/68c7bf3d66ba2-16x12.jpg 16w\" sizes=\"(max-width: 640px) 100vw, 640px\" \/>\t\t\t\t\t\t\t\t\t\t\t\t\t\t\t<\/div>\n\t\t\t\t<\/div>\n\t\t\t\t\t<\/div>\n\t\t<\/div>\n\t\t\t\t\t<\/div>\n\t\t<\/section>\n\t\t\t\t<section class=\"elementor-section elementor-top-section elementor-element elementor-element-54ec6c9 elementor-section-boxed elementor-section-height-default elementor-section-height-default\" data-id=\"54ec6c9\" data-element_type=\"section\" data-e-type=\"section\">\n\t\t\t\t\t\t<div class=\"elementor-container elementor-column-gap-default\">\n\t\t\t\t\t<div class=\"elementor-column elementor-col-50 elementor-top-column elementor-element elementor-element-062e7bb\" data-id=\"062e7bb\" data-element_type=\"column\" data-e-type=\"column\">\n\t\t\t<div class=\"elementor-widget-wrap elementor-element-populated\">\n\t\t\t\t\t\t<div class=\"elementor-element elementor-element-ed0eba5 elementor-widget elementor-widget-text-editor\" data-id=\"ed0eba5\" data-element_type=\"widget\" data-e-type=\"widget\" data-widget_type=\"text-editor.default\">\n\t\t\t\t<div class=\"elementor-widget-container\">\n\t\t\t\t\t\t\t\t\t<p data-start=\"1186\" data-end=\"1596\">El p\u00fablico podr\u00e1 disfrutar de la energ\u00eda de <strong data-start=\"1230\" data-end=\"1248\">Dani Fern\u00e1ndez<\/strong>, una de las voces m\u00e1s destacadas de la nueva generaci\u00f3n, junto a propuestas frescas como <strong data-start=\"1338\" data-end=\"1347\">Vicco<\/strong>, <strong data-start=\"1349\" data-end=\"1365\">Lorena G\u00f3mez<\/strong>, <strong data-start=\"1367\" data-end=\"1387\">Miriam Rodr\u00edguez<\/strong>, <strong data-start=\"1389\" data-end=\"1407\">Paula Mattheus<\/strong>, <strong data-start=\"1409\" data-end=\"1425\">Julia Medina<\/strong>, <strong data-start=\"1427\" data-end=\"1438\">Melocos<\/strong>, <strong data-start=\"1440\" data-end=\"1451\">Marlena<\/strong> y <strong data-start=\"1454\" data-end=\"1472\">Marina Carmona<\/strong>. Cada artista aportar\u00e1 su estilo personal, logrando un espect\u00e1culo diverso que busca conectar con distintas generaciones.<\/p><p data-start=\"1598\" data-end=\"1856\">Las <strong data-start=\"1602\" data-end=\"1639\">puertas abrir\u00e1n a las 18:30 horas<\/strong> y el concierto comenzar\u00e1 a las 20:00, con m\u00e1s de dos horas de m\u00fasica en directo. El repertorio incluir\u00e1 tanto \u00e9xitos actuales como cl\u00e1sicos, garantizando momentos de emoci\u00f3n y celebraci\u00f3n para todos los asistentes.<\/p>\t\t\t\t\t\t\t\t<\/div>\n\t\t\t\t<\/div>\n\t\t\t\t\t<\/div>\n\t\t<\/div>\n\t\t\t\t<div class=\"elementor-column elementor-col-50 elementor-top-column elementor-element elementor-element-ca2e918\" data-id=\"ca2e918\" data-element_type=\"column\" data-e-type=\"column\">\n\t\t\t<div class=\"elementor-widget-wrap elementor-element-populated\">\n\t\t\t\t\t\t<div class=\"elementor-element elementor-element-e69d1c7 elementor-widget elementor-widget-text-editor\" data-id=\"e69d1c7\" data-element_type=\"widget\" data-e-type=\"widget\" data-widget_type=\"text-editor.default\">\n\t\t\t\t<div class=\"elementor-widget-container\">\n\t\t\t\t\t\t\t\t\t<p data-start=\"1858\" data-end=\"2111\">Las <strong data-start=\"1862\" data-end=\"1874\">entradas<\/strong> ya est\u00e1n disponibles desde 43 euros, con normativa especial para menores: los menores de 14 a\u00f1os deber\u00e1n acudir acompa\u00f1ados de un adulto. Este detalle refuerza el car\u00e1cter familiar de un evento que cada a\u00f1o llena el recinto madrile\u00f1o.<\/p><p data-start=\"2113\" data-end=\"2427\">M\u00e1s all\u00e1 de la m\u00fasica, la velada tendr\u00e1 un marcado <strong data-start=\"2164\" data-end=\"2186\">car\u00e1cter solidario<\/strong>. \u201cPor Ellas\u201d es un homenaje a todas las mujeres que luchan contra el c\u00e1ncer de mama y un recordatorio de la importancia de la investigaci\u00f3n. La uni\u00f3n entre artistas, p\u00fablico y causa social convertir\u00e1 esta edici\u00f3n en una noche inolvidable.<\/p>\t\t\t\t\t\t\t\t<\/div>\n\t\t\t\t<\/div>\n\t\t\t\t\t<\/div>\n\t\t<\/div>\n\t\t\t\t\t<\/div>\n\t\t<\/section>\n\t\t\t\t<\/div>","protected":false},"excerpt":{"rendered":"<p>El cartel definitivo de \u201cCADENA 100: Por Ellas\u201d confirma artistas que celebran la m\u00fasica apoyando la causa El concierto solidario \u201cCADENA 100: Por Ellas\u201d regresa el pr\u00f3ximo 18 de octubre a Madrid. El Movistar Arena acoger\u00e1 una de las citas m\u00e1s esperadas del calendario musical espa\u00f1ol. Este evento, cuyos beneficios se destinan a la Asociaci\u00f3n [&hellip;]<\/p>\n","protected":false},"author":6,"featured_media":5692,"comment_status":"closed","ping_status":"closed","sticky":false,"template":"","format":"standard","meta":{"footnotes":""},"categories":[4],"tags":[],"class_list":["post-5690","post","type-post","status-publish","format-standard","has-post-thumbnail","hentry","category-musica"],"yoast_head":"<!-- This site is optimized with the Yoast SEO plugin v27.4 - https:\/\/yoast.com\/product\/yoast-seo-wordpress\/ -->\n<title>El cartel de \u201cCADENA 100: Por Ellas\u201d 2025 confirma los artistas<\/title>\n<meta name=\"description\" content=\"El cartel definitivo de \u201cCADENA 100: Por Ellas\u201d confirma artistas que celebran la m\u00fasica apoyando la causa\" \/>\n<meta name=\"robots\" content=\"index, follow, max-snippet:-1, max-image-preview:large, max-video-preview:-1\" \/>\n<link rel=\"canonical\" href=\"https:\/\/unaymilletras.com\/en\/el-cartel-de-cadena-100-por-ellas-2025-confirma-los-artistas\/\" \/>\n<meta property=\"og:locale\" content=\"en_GB\" \/>\n<meta property=\"og:type\" content=\"article\" \/>\n<meta property=\"og:title\" content=\"El cartel de \u201cCADENA 100: Por Ellas\u201d 2025 confirma los artistas\" \/>\n<meta property=\"og:description\" content=\"El cartel definitivo de \u201cCADENA 100: Por Ellas\u201d confirma artistas que celebran la m\u00fasica apoyando la causa\" \/>\n<meta property=\"og:url\" content=\"https:\/\/unaymilletras.com\/en\/el-cartel-de-cadena-100-por-ellas-2025-confirma-los-artistas\/\" \/>\n<meta property=\"og:site_name\" content=\"Una y Mil Letras\" \/>\n<meta property=\"article:published_time\" content=\"2025-09-18T17:03:05+00:00\" \/>\n<meta property=\"article:modified_time\" content=\"2025-09-18T17:06:47+00:00\" \/>\n<meta property=\"og:image\" content=\"http:\/\/unaymilletras.com\/wp-content\/uploads\/2025\/09\/68c7bf3d66ba2.jpg\" \/>\n\t<meta property=\"og:image:width\" content=\"800\" \/>\n\t<meta property=\"og:image:height\" content=\"600\" \/>\n\t<meta property=\"og:image:type\" content=\"image\/jpeg\" \/>\n<meta name=\"author\" content=\"Redacci\u00f3n\" \/>\n<meta name=\"twitter:card\" content=\"summary_large_image\" \/>\n<meta name=\"twitter:creator\" content=\"@UnaYMilLetras\" \/>\n<meta name=\"twitter:site\" content=\"@UnaYMilLetras\" \/>\n<meta name=\"twitter:label1\" content=\"Written by\" \/>\n\t<meta name=\"twitter:data1\" content=\"Redacci\u00f3n\" \/>\n\t<meta name=\"twitter:label2\" content=\"Estimated reading time\" \/>\n\t<meta name=\"twitter:data2\" content=\"2 minutes\" \/>\n<script type=\"application\/ld+json\" class=\"yoast-schema-graph\">{\"@context\":\"https:\\\/\\\/schema.org\",\"@graph\":[{\"@type\":\"Article\",\"@id\":\"https:\\\/\\\/unaymilletras.com\\\/el-cartel-de-cadena-100-por-ellas-2025-confirma-los-artistas\\\/#article\",\"isPartOf\":{\"@id\":\"https:\\\/\\\/unaymilletras.com\\\/el-cartel-de-cadena-100-por-ellas-2025-confirma-los-artistas\\\/\"},\"author\":{\"name\":\"Redacci\u00f3n\",\"@id\":\"http:\\\/\\\/unaymilletras.com\\\/#\\\/schema\\\/person\\\/0860dc8a218329991ee2c7591f4f849d\"},\"headline\":\"El cartel de \u201cCADENA 100: Por Ellas\u201d 2025 confirma los artistas\",\"datePublished\":\"2025-09-18T17:03:05+00:00\",\"dateModified\":\"2025-09-18T17:06:47+00:00\",\"mainEntityOfPage\":{\"@id\":\"https:\\\/\\\/unaymilletras.com\\\/el-cartel-de-cadena-100-por-ellas-2025-confirma-los-artistas\\\/\"},\"wordCount\":362,\"publisher\":{\"@id\":\"http:\\\/\\\/unaymilletras.com\\\/#organization\"},\"image\":{\"@id\":\"https:\\\/\\\/unaymilletras.com\\\/el-cartel-de-cadena-100-por-ellas-2025-confirma-los-artistas\\\/#primaryimage\"},\"thumbnailUrl\":\"https:\\\/\\\/unaymilletras.com\\\/wp-content\\\/uploads\\\/2025\\\/09\\\/68c7bf3d66ba2.jpg\",\"articleSection\":[\"M\u00fasica\"],\"inLanguage\":\"en-GB\"},{\"@type\":\"WebPage\",\"@id\":\"https:\\\/\\\/unaymilletras.com\\\/el-cartel-de-cadena-100-por-ellas-2025-confirma-los-artistas\\\/\",\"url\":\"https:\\\/\\\/unaymilletras.com\\\/el-cartel-de-cadena-100-por-ellas-2025-confirma-los-artistas\\\/\",\"name\":\"El cartel de \u201cCADENA 100: Por Ellas\u201d 2025 confirma los artistas\",\"isPartOf\":{\"@id\":\"http:\\\/\\\/unaymilletras.com\\\/#website\"},\"primaryImageOfPage\":{\"@id\":\"https:\\\/\\\/unaymilletras.com\\\/el-cartel-de-cadena-100-por-ellas-2025-confirma-los-artistas\\\/#primaryimage\"},\"image\":{\"@id\":\"https:\\\/\\\/unaymilletras.com\\\/el-cartel-de-cadena-100-por-ellas-2025-confirma-los-artistas\\\/#primaryimage\"},\"thumbnailUrl\":\"https:\\\/\\\/unaymilletras.com\\\/wp-content\\\/uploads\\\/2025\\\/09\\\/68c7bf3d66ba2.jpg\",\"datePublished\":\"2025-09-18T17:03:05+00:00\",\"dateModified\":\"2025-09-18T17:06:47+00:00\",\"description\":\"El cartel definitivo de \u201cCADENA 100: Por Ellas\u201d confirma artistas que celebran la m\u00fasica apoyando la causa\",\"breadcrumb\":{\"@id\":\"https:\\\/\\\/unaymilletras.com\\\/el-cartel-de-cadena-100-por-ellas-2025-confirma-los-artistas\\\/#breadcrumb\"},\"inLanguage\":\"en-GB\",\"potentialAction\":[{\"@type\":\"ReadAction\",\"target\":[\"https:\\\/\\\/unaymilletras.com\\\/el-cartel-de-cadena-100-por-ellas-2025-confirma-los-artistas\\\/\"]}]},{\"@type\":\"ImageObject\",\"inLanguage\":\"en-GB\",\"@id\":\"https:\\\/\\\/unaymilletras.com\\\/el-cartel-de-cadena-100-por-ellas-2025-confirma-los-artistas\\\/#primaryimage\",\"url\":\"https:\\\/\\\/unaymilletras.com\\\/wp-content\\\/uploads\\\/2025\\\/09\\\/68c7bf3d66ba2.jpg\",\"contentUrl\":\"https:\\\/\\\/unaymilletras.com\\\/wp-content\\\/uploads\\\/2025\\\/09\\\/68c7bf3d66ba2.jpg\",\"width\":800,\"height\":600,\"caption\":\"Cadena 100 por ellas\"},{\"@type\":\"BreadcrumbList\",\"@id\":\"https:\\\/\\\/unaymilletras.com\\\/el-cartel-de-cadena-100-por-ellas-2025-confirma-los-artistas\\\/#breadcrumb\",\"itemListElement\":[{\"@type\":\"ListItem\",\"position\":1,\"name\":\"Home\",\"item\":\"http:\\\/\\\/unaymilletras.com\\\/\"},{\"@type\":\"ListItem\",\"position\":2,\"name\":\"El cartel de \u201cCADENA 100: Por Ellas\u201d 2025 confirma los artistas\"}]},{\"@type\":\"WebSite\",\"@id\":\"http:\\\/\\\/unaymilletras.com\\\/#website\",\"url\":\"http:\\\/\\\/unaymilletras.com\\\/\",\"name\":\"Una y Mil Letras\",\"description\":\"\",\"publisher\":{\"@id\":\"http:\\\/\\\/unaymilletras.com\\\/#organization\"},\"potentialAction\":[{\"@type\":\"SearchAction\",\"target\":{\"@type\":\"EntryPoint\",\"urlTemplate\":\"http:\\\/\\\/unaymilletras.com\\\/?s={search_term_string}\"},\"query-input\":{\"@type\":\"PropertyValueSpecification\",\"valueRequired\":true,\"valueName\":\"search_term_string\"}}],\"inLanguage\":\"en-GB\"},{\"@type\":\"Organization\",\"@id\":\"http:\\\/\\\/unaymilletras.com\\\/#organization\",\"name\":\"Una y Mil Letras\",\"url\":\"http:\\\/\\\/unaymilletras.com\\\/\",\"logo\":{\"@type\":\"ImageObject\",\"inLanguage\":\"en-GB\",\"@id\":\"http:\\\/\\\/unaymilletras.com\\\/#\\\/schema\\\/logo\\\/image\\\/\",\"url\":\"https:\\\/\\\/unaymilletras.com\\\/wp-content\\\/uploads\\\/2024\\\/06\\\/cropped-Logo-removebg-preview.png\",\"contentUrl\":\"https:\\\/\\\/unaymilletras.com\\\/wp-content\\\/uploads\\\/2024\\\/06\\\/cropped-Logo-removebg-preview.png\",\"width\":512,\"height\":512,\"caption\":\"Una y Mil Letras\"},\"image\":{\"@id\":\"http:\\\/\\\/unaymilletras.com\\\/#\\\/schema\\\/logo\\\/image\\\/\"},\"sameAs\":[\"https:\\\/\\\/x.com\\\/UnaYMilLetras\",\"https:\\\/\\\/instagram.com\\\/UnaYMilLetras\"]},{\"@type\":\"Person\",\"@id\":\"http:\\\/\\\/unaymilletras.com\\\/#\\\/schema\\\/person\\\/0860dc8a218329991ee2c7591f4f849d\",\"name\":\"Redacci\u00f3n\",\"image\":{\"@type\":\"ImageObject\",\"inLanguage\":\"en-GB\",\"@id\":\"https:\\\/\\\/secure.gravatar.com\\\/avatar\\\/d8f55e05a8b6597e45c55a1dcbdbfe44f4a360d88b48e00de5216a79b7732796?s=96&d=mm&r=g\",\"url\":\"https:\\\/\\\/secure.gravatar.com\\\/avatar\\\/d8f55e05a8b6597e45c55a1dcbdbfe44f4a360d88b48e00de5216a79b7732796?s=96&d=mm&r=g\",\"contentUrl\":\"https:\\\/\\\/secure.gravatar.com\\\/avatar\\\/d8f55e05a8b6597e45c55a1dcbdbfe44f4a360d88b48e00de5216a79b7732796?s=96&d=mm&r=g\",\"caption\":\"Redacci\u00f3n\"},\"url\":\"https:\\\/\\\/unaymilletras.com\\\/en\\\/author\\\/redaccion\\\/\"}]}<\/script>\n<!-- \/ Yoast SEO plugin. -->","yoast_head_json":{"title":"El cartel de \u201cCADENA 100: Por Ellas\u201d 2025 confirma los artistas","description":"El cartel definitivo de \u201cCADENA 100: Por Ellas\u201d confirma artistas que celebran la m\u00fasica apoyando la causa","robots":{"index":"index","follow":"follow","max-snippet":"max-snippet:-1","max-image-preview":"max-image-preview:large","max-video-preview":"max-video-preview:-1"},"canonical":"https:\/\/unaymilletras.com\/en\/el-cartel-de-cadena-100-por-ellas-2025-confirma-los-artistas\/","og_locale":"en_GB","og_type":"article","og_title":"El cartel de \u201cCADENA 100: Por Ellas\u201d 2025 confirma los artistas","og_description":"El cartel definitivo de \u201cCADENA 100: Por Ellas\u201d confirma artistas que celebran la m\u00fasica apoyando la causa","og_url":"https:\/\/unaymilletras.com\/en\/el-cartel-de-cadena-100-por-ellas-2025-confirma-los-artistas\/","og_site_name":"Una y Mil Letras","article_published_time":"2025-09-18T17:03:05+00:00","article_modified_time":"2025-09-18T17:06:47+00:00","og_image":[{"width":800,"height":600,"url":"http:\/\/unaymilletras.com\/wp-content\/uploads\/2025\/09\/68c7bf3d66ba2.jpg","type":"image\/jpeg"}],"author":"Redacci\u00f3n","twitter_card":"summary_large_image","twitter_creator":"@UnaYMilLetras","twitter_site":"@UnaYMilLetras","twitter_misc":{"Written by":"Redacci\u00f3n","Estimated reading time":"2 minutes"},"schema":{"@context":"https:\/\/schema.org","@graph":[{"@type":"Article","@id":"https:\/\/unaymilletras.com\/el-cartel-de-cadena-100-por-ellas-2025-confirma-los-artistas\/#article","isPartOf":{"@id":"https:\/\/unaymilletras.com\/el-cartel-de-cadena-100-por-ellas-2025-confirma-los-artistas\/"},"author":{"name":"Redacci\u00f3n","@id":"http:\/\/unaymilletras.com\/#\/schema\/person\/0860dc8a218329991ee2c7591f4f849d"},"headline":"El cartel de \u201cCADENA 100: Por Ellas\u201d 2025 confirma los artistas","datePublished":"2025-09-18T17:03:05+00:00","dateModified":"2025-09-18T17:06:47+00:00","mainEntityOfPage":{"@id":"https:\/\/unaymilletras.com\/el-cartel-de-cadena-100-por-ellas-2025-confirma-los-artistas\/"},"wordCount":362,"publisher":{"@id":"http:\/\/unaymilletras.com\/#organization"},"image":{"@id":"https:\/\/unaymilletras.com\/el-cartel-de-cadena-100-por-ellas-2025-confirma-los-artistas\/#primaryimage"},"thumbnailUrl":"https:\/\/unaymilletras.com\/wp-content\/uploads\/2025\/09\/68c7bf3d66ba2.jpg","articleSection":["M\u00fasica"],"inLanguage":"en-GB"},{"@type":"WebPage","@id":"https:\/\/unaymilletras.com\/el-cartel-de-cadena-100-por-ellas-2025-confirma-los-artistas\/","url":"https:\/\/unaymilletras.com\/el-cartel-de-cadena-100-por-ellas-2025-confirma-los-artistas\/","name":"El cartel de \u201cCADENA 100: Por Ellas\u201d 2025 confirma los artistas","isPartOf":{"@id":"http:\/\/unaymilletras.com\/#website"},"primaryImageOfPage":{"@id":"https:\/\/unaymilletras.com\/el-cartel-de-cadena-100-por-ellas-2025-confirma-los-artistas\/#primaryimage"},"image":{"@id":"https:\/\/unaymilletras.com\/el-cartel-de-cadena-100-por-ellas-2025-confirma-los-artistas\/#primaryimage"},"thumbnailUrl":"https:\/\/unaymilletras.com\/wp-content\/uploads\/2025\/09\/68c7bf3d66ba2.jpg","datePublished":"2025-09-18T17:03:05+00:00","dateModified":"2025-09-18T17:06:47+00:00","description":"El cartel definitivo de \u201cCADENA 100: Por Ellas\u201d confirma artistas que celebran la m\u00fasica apoyando la causa","breadcrumb":{"@id":"https:\/\/unaymilletras.com\/el-cartel-de-cadena-100-por-ellas-2025-confirma-los-artistas\/#breadcrumb"},"inLanguage":"en-GB","potentialAction":[{"@type":"ReadAction","target":["https:\/\/unaymilletras.com\/el-cartel-de-cadena-100-por-ellas-2025-confirma-los-artistas\/"]}]},{"@type":"ImageObject","inLanguage":"en-GB","@id":"https:\/\/unaymilletras.com\/el-cartel-de-cadena-100-por-ellas-2025-confirma-los-artistas\/#primaryimage","url":"https:\/\/unaymilletras.com\/wp-content\/uploads\/2025\/09\/68c7bf3d66ba2.jpg","contentUrl":"https:\/\/unaymilletras.com\/wp-content\/uploads\/2025\/09\/68c7bf3d66ba2.jpg","width":800,"height":600,"caption":"Cadena 100 por ellas"},{"@type":"BreadcrumbList","@id":"https:\/\/unaymilletras.com\/el-cartel-de-cadena-100-por-ellas-2025-confirma-los-artistas\/#breadcrumb","itemListElement":[{"@type":"ListItem","position":1,"name":"Home","item":"http:\/\/unaymilletras.com\/"},{"@type":"ListItem","position":2,"name":"El cartel de \u201cCADENA 100: Por Ellas\u201d 2025 confirma los artistas"}]},{"@type":"WebSite","@id":"http:\/\/unaymilletras.com\/#website","url":"http:\/\/unaymilletras.com\/","name":"Una y Mil Letras","description":"","publisher":{"@id":"http:\/\/unaymilletras.com\/#organization"},"potentialAction":[{"@type":"SearchAction","target":{"@type":"EntryPoint","urlTemplate":"http:\/\/unaymilletras.com\/?s={search_term_string}"},"query-input":{"@type":"PropertyValueSpecification","valueRequired":true,"valueName":"search_term_string"}}],"inLanguage":"en-GB"},{"@type":"Organization","@id":"http:\/\/unaymilletras.com\/#organization","name":"Una y Mil Letras","url":"http:\/\/unaymilletras.com\/","logo":{"@type":"ImageObject","inLanguage":"en-GB","@id":"http:\/\/unaymilletras.com\/#\/schema\/logo\/image\/","url":"https:\/\/unaymilletras.com\/wp-content\/uploads\/2024\/06\/cropped-Logo-removebg-preview.png","contentUrl":"https:\/\/unaymilletras.com\/wp-content\/uploads\/2024\/06\/cropped-Logo-removebg-preview.png","width":512,"height":512,"caption":"Una y Mil Letras"},"image":{"@id":"http:\/\/unaymilletras.com\/#\/schema\/logo\/image\/"},"sameAs":["https:\/\/x.com\/UnaYMilLetras","https:\/\/instagram.com\/UnaYMilLetras"]},{"@type":"Person","@id":"http:\/\/unaymilletras.com\/#\/schema\/person\/0860dc8a218329991ee2c7591f4f849d","name":"Redacci\u00f3n","image":{"@type":"ImageObject","inLanguage":"en-GB","@id":"https:\/\/secure.gravatar.com\/avatar\/d8f55e05a8b6597e45c55a1dcbdbfe44f4a360d88b48e00de5216a79b7732796?s=96&d=mm&r=g","url":"https:\/\/secure.gravatar.com\/avatar\/d8f55e05a8b6597e45c55a1dcbdbfe44f4a360d88b48e00de5216a79b7732796?s=96&d=mm&r=g","contentUrl":"https:\/\/secure.gravatar.com\/avatar\/d8f55e05a8b6597e45c55a1dcbdbfe44f4a360d88b48e00de5216a79b7732796?s=96&d=mm&r=g","caption":"Redacci\u00f3n"},"url":"https:\/\/unaymilletras.com\/en\/author\/redaccion\/"}]}},"_links":{"self":[{"href":"https:\/\/unaymilletras.com\/en\/wp-json\/wp\/v2\/posts\/5690","targetHints":{"allow":["GET"]}}],"collection":[{"href":"https:\/\/unaymilletras.com\/en\/wp-json\/wp\/v2\/posts"}],"about":[{"href":"https:\/\/unaymilletras.com\/en\/wp-json\/wp\/v2\/types\/post"}],"author":[{"embeddable":true,"href":"https:\/\/unaymilletras.com\/en\/wp-json\/wp\/v2\/users\/6"}],"replies":[{"embeddable":true,"href":"https:\/\/unaymilletras.com\/en\/wp-json\/wp\/v2\/comments?post=5690"}],"version-history":[{"count":7,"href":"https:\/\/unaymilletras.com\/en\/wp-json\/wp\/v2\/posts\/5690\/revisions"}],"predecessor-version":[{"id":5698,"href":"https:\/\/unaymilletras.com\/en\/wp-json\/wp\/v2\/posts\/5690\/revisions\/5698"}],"wp:featuredmedia":[{"embeddable":true,"href":"https:\/\/unaymilletras.com\/en\/wp-json\/wp\/v2\/media\/5692"}],"wp:attachment":[{"href":"https:\/\/unaymilletras.com\/en\/wp-json\/wp\/v2\/media?parent=5690"}],"wp:term":[{"taxonomy":"category","embeddable":true,"href":"https:\/\/unaymilletras.com\/en\/wp-json\/wp\/v2\/categories?post=5690"},{"taxonomy":"post_tag","embeddable":true,"href":"https:\/\/unaymilletras.com\/en\/wp-json\/wp\/v2\/tags?post=5690"}],"curies":[{"name":"wp","href":"https:\/\/api.w.org\/{rel}","templated":true}]}}