{"id":5699,"date":"2025-09-22T17:03:05","date_gmt":"2025-09-22T15:03:05","guid":{"rendered":"https:\/\/unaymilletras.com\/?p=5699"},"modified":"2025-09-22T17:25:21","modified_gmt":"2025-09-22T15:25:21","slug":"ivan-cornejo-anuncia-su-primera-gira-en-espana","status":"publish","type":"post","link":"https:\/\/unaymilletras.com\/en\/ivan-cornejo-anuncia-su-primera-gira-en-espana\/","title":{"rendered":"Iv\u00e1n Cornejo anuncia su primera gira en Espa\u00f1a"},"content":{"rendered":"<div data-elementor-type=\"wp-post\" data-elementor-id=\"5699\" class=\"elementor elementor-5699\">\n\t\t\t\t\t\t<section class=\"elementor-section elementor-top-section elementor-element elementor-element-09e85ad elementor-section-boxed elementor-section-height-default elementor-section-height-default\" data-id=\"09e85ad\" data-element_type=\"section\" data-e-type=\"section\">\n\t\t\t\t\t\t<div class=\"elementor-container elementor-column-gap-default\">\n\t\t\t\t\t<div class=\"elementor-column elementor-col-100 elementor-top-column elementor-element elementor-element-42f14d3\" data-id=\"42f14d3\" data-element_type=\"column\" data-e-type=\"column\">\n\t\t\t<div class=\"elementor-widget-wrap elementor-element-populated\">\n\t\t\t\t\t\t<div class=\"elementor-element elementor-element-d956160 elementor-widget elementor-widget-text-editor\" data-id=\"d956160\" data-element_type=\"widget\" data-e-type=\"widget\" data-widget_type=\"text-editor.default\">\n\t\t\t\t<div class=\"elementor-widget-container\">\n\t\t\t\t\t\t\t\t\t<h2 style=\"text-align: center;\"><span style=\"color: #808080;\"><em>Iv\u00e1n Cornejo, una de las j\u00f3venes estrellas de la m\u00fasica mexicana, se presentar\u00e1 en Madrid y Barcelona en noviembre<\/em><\/span><\/h2>\t\t\t\t\t\t\t\t<\/div>\n\t\t\t\t<\/div>\n\t\t\t\t\t<\/div>\n\t\t<\/div>\n\t\t\t\t\t<\/div>\n\t\t<\/section>\n\t\t\t\t<section class=\"elementor-section elementor-top-section elementor-element elementor-element-dd8660d elementor-section-boxed elementor-section-height-default elementor-section-height-default\" data-id=\"dd8660d\" data-element_type=\"section\" data-e-type=\"section\">\n\t\t\t\t\t\t<div class=\"elementor-container elementor-column-gap-default\">\n\t\t\t\t\t<div class=\"elementor-column elementor-col-100 elementor-top-column elementor-element elementor-element-0bd8a6c\" data-id=\"0bd8a6c\" data-element_type=\"column\" data-e-type=\"column\">\n\t\t\t<div class=\"elementor-widget-wrap elementor-element-populated\">\n\t\t\t\t\t\t<div class=\"elementor-element elementor-element-9b92c48 elementor-widget elementor-widget-text-editor\" data-id=\"9b92c48\" data-element_type=\"widget\" data-e-type=\"widget\" data-widget_type=\"text-editor.default\">\n\t\t\t\t<div class=\"elementor-widget-container\">\n\t\t\t\t\t\t\t\t\t<p data-start=\"483\" data-end=\"772\">A sus 21 a\u00f1os, Iv\u00e1n Cornejo ha construido una carrera sorprendente. Nacido en 2004, ya acumula m\u00e1s de 2.000 millones de reproducciones en plataformas digitales. Adem\u00e1s, cuenta con tres discos de estudio que han marcado su camino: <em data-start=\"736\" data-end=\"748\">Alma Vac\u00eda<\/em>, <em data-start=\"750\" data-end=\"758\">Da\u00f1ado<\/em> y <em data-start=\"761\" data-end=\"769\">MIRADA<\/em>.<\/p>\t\t\t\t\t\t\t\t<\/div>\n\t\t\t\t<\/div>\n\t\t\t\t\t<\/div>\n\t\t<\/div>\n\t\t\t\t\t<\/div>\n\t\t<\/section>\n\t\t\t\t<section class=\"elementor-section elementor-top-section elementor-element elementor-element-d13f847 elementor-section-boxed elementor-section-height-default elementor-section-height-default\" data-id=\"d13f847\" data-element_type=\"section\" data-e-type=\"section\">\n\t\t\t\t\t\t<div class=\"elementor-container elementor-column-gap-default\">\n\t\t\t\t\t<div class=\"elementor-column elementor-col-50 elementor-top-column elementor-element elementor-element-ac286d4\" data-id=\"ac286d4\" data-element_type=\"column\" data-e-type=\"column\">\n\t\t\t<div class=\"elementor-widget-wrap elementor-element-populated\">\n\t\t\t\t\t\t<div class=\"elementor-element elementor-element-5ddfce5 elementor-widget elementor-widget-text-editor\" data-id=\"5ddfce5\" data-element_type=\"widget\" data-e-type=\"widget\" data-widget_type=\"text-editor.default\">\n\t\t\t\t<div class=\"elementor-widget-container\">\n\t\t\t\t\t\t\t\t\t<p data-start=\"774\" data-end=\"1093\">Cornejo se ha convertido en una referencia gracias a su capacidad para fusionar influencias diversas. Su m\u00fasica combina el regional mexicano con matices de rock alternativo e indie anglosaj\u00f3n. Esta mezcla le ha permitido crear un sonido personal, que conecta con nuevas generaciones y redefine los l\u00edmites del g\u00e9nero.<\/p>\n<p data-start=\"1095\" data-end=\"1391\">Tras conquistar M\u00e9xico y Estados Unidos, donde lleg\u00f3 a reunir a 72.000 personas en el Rodeo de Houston en 2024, ahora busca ampliar su impacto en Europa. Su debut espa\u00f1ol contar\u00e1 con dos fechas: el 28 de noviembre en la sala La Paloma de Barcelona y el 10 de diciembre en la Sala BUT de Madrid.<\/p>\t\t\t\t\t\t\t\t<\/div>\n\t\t\t\t<\/div>\n\t\t\t\t\t<\/div>\n\t\t<\/div>\n\t\t\t\t<div class=\"elementor-column elementor-col-50 elementor-top-column elementor-element elementor-element-88c0998\" data-id=\"88c0998\" data-element_type=\"column\" data-e-type=\"column\">\n\t\t\t<div class=\"elementor-widget-wrap elementor-element-populated\">\n\t\t\t\t\t\t<div class=\"elementor-element elementor-element-03cbc4d elementor-widget elementor-widget-image\" data-id=\"03cbc4d\" data-element_type=\"widget\" data-e-type=\"widget\" data-widget_type=\"image.default\">\n\t\t\t\t<div class=\"elementor-widget-container\">\n\t\t\t\t\t\t\t\t\t\t\t\t\t\t\t<img fetchpriority=\"high\" decoding=\"async\" width=\"640\" height=\"853\" src=\"https:\/\/unaymilletras.com\/wp-content\/uploads\/2025\/09\/Promo-Photo-Sept2025-768x1024.jpg\" class=\"attachment-large size-large wp-image-5701\" alt=\"\" srcset=\"https:\/\/unaymilletras.com\/wp-content\/uploads\/2025\/09\/Promo-Photo-Sept2025-768x1024.jpg 768w, https:\/\/unaymilletras.com\/wp-content\/uploads\/2025\/09\/Promo-Photo-Sept2025-225x300.jpg 225w, https:\/\/unaymilletras.com\/wp-content\/uploads\/2025\/09\/Promo-Photo-Sept2025-1152x1536.jpg 1152w, https:\/\/unaymilletras.com\/wp-content\/uploads\/2025\/09\/Promo-Photo-Sept2025-1536x2048.jpg 1536w, https:\/\/unaymilletras.com\/wp-content\/uploads\/2025\/09\/Promo-Photo-Sept2025-9x12.jpg 9w, https:\/\/unaymilletras.com\/wp-content\/uploads\/2025\/09\/Promo-Photo-Sept2025-1024x1365.jpg 1024w, https:\/\/unaymilletras.com\/wp-content\/uploads\/2025\/09\/Promo-Photo-Sept2025-scaled-e1758554530131.jpg 600w\" sizes=\"(max-width: 640px) 100vw, 640px\" \/>\t\t\t\t\t\t\t\t\t\t\t\t\t\t\t<\/div>\n\t\t\t\t<\/div>\n\t\t\t\t\t<\/div>\n\t\t<\/div>\n\t\t\t\t\t<\/div>\n\t\t<\/section>\n\t\t\t\t<section class=\"elementor-section elementor-top-section elementor-element elementor-element-b9e9a80 elementor-section-boxed elementor-section-height-default elementor-section-height-default\" data-id=\"b9e9a80\" data-element_type=\"section\" data-e-type=\"section\">\n\t\t\t\t\t\t<div class=\"elementor-container elementor-column-gap-default\">\n\t\t\t\t\t<div class=\"elementor-column elementor-col-100 elementor-top-column elementor-element elementor-element-9858022\" data-id=\"9858022\" data-element_type=\"column\" data-e-type=\"column\">\n\t\t\t<div class=\"elementor-widget-wrap elementor-element-populated\">\n\t\t\t\t\t\t<div class=\"elementor-element elementor-element-4c42e0c elementor-widget elementor-widget-text-editor\" data-id=\"4c42e0c\" data-element_type=\"widget\" data-e-type=\"widget\" data-widget_type=\"text-editor.default\">\n\t\t\t\t<div class=\"elementor-widget-container\">\n\t\t\t\t\t\t\t\t\t<p>Las entradas estar\u00e1n disponibles en preventa el 24 de septiembre, mientras que la venta general se abrir\u00e1 el d\u00eda 25 a trav\u00e9s de Ticketmaster. Los promotores esperan una gran acogida, dada la creciente popularidad del artista en Espa\u00f1a y la comunidad latina.<\/p><p data-start=\"1654\" data-end=\"1888\">La gira no se limita a territorio espa\u00f1ol. Iv\u00e1n Cornejo tambi\u00e9n actuar\u00e1 en Z\u00farich, Mil\u00e1n, Berl\u00edn, \u00c1msterdam, Colonia y Londres. Iglesias Entertainment organiza este tour, que marca un paso decisivo en su consolidaci\u00f3n internacional.<\/p><p data-start=\"1890\" data-end=\"2272\">Con su estilo \u00edntimo, melanc\u00f3lico y cargado de honestidad, Cornejo ha sabido emocionar a p\u00fablicos de distintas culturas. Su desembarco en Espa\u00f1a supone un acontecimiento musical que podr\u00eda consolidar al regional mexicano dentro de la escena europea. Los conciertos prometen ser una oportunidad \u00fanica para descubrir en directo a una de las voces m\u00e1s originales del panorama actual.<\/p>\t\t\t\t\t\t\t\t<\/div>\n\t\t\t\t<\/div>\n\t\t\t\t\t<\/div>\n\t\t<\/div>\n\t\t\t\t\t<\/div>\n\t\t<\/section>\n\t\t\t\t<\/div>","protected":false},"excerpt":{"rendered":"<p>Iv\u00e1n Cornejo, una de las j\u00f3venes estrellas de la m\u00fasica mexicana, se presentar\u00e1 en Madrid y Barcelona en noviembre A sus 21 a\u00f1os, Iv\u00e1n Cornejo ha construido una carrera sorprendente. Nacido en 2004, ya acumula m\u00e1s de 2.000 millones de reproducciones en plataformas digitales. Adem\u00e1s, cuenta con tres discos de estudio que han marcado su [&hellip;]<\/p>\n","protected":false},"author":6,"featured_media":5701,"comment_status":"closed","ping_status":"closed","sticky":false,"template":"","format":"standard","meta":{"footnotes":""},"categories":[1],"tags":[],"class_list":["post-5699","post","type-post","status-publish","format-standard","has-post-thumbnail","hentry","category-uncategorized"],"yoast_head":"<!-- This site is optimized with the Yoast SEO plugin v27.4 - https:\/\/yoast.com\/product\/yoast-seo-wordpress\/ -->\n<title>Iv\u00e1n Cornejo anuncia su primera gira en Espa\u00f1a<\/title>\n<meta name=\"description\" content=\"Iv\u00e1n Cornejo, una de las j\u00f3venes estrellas de la m\u00fasica mexicana, se presentar\u00e1 en Madrid y Barcelona en noviembre\" \/>\n<meta name=\"robots\" content=\"index, follow, max-snippet:-1, max-image-preview:large, max-video-preview:-1\" \/>\n<link rel=\"canonical\" href=\"https:\/\/unaymilletras.com\/en\/ivan-cornejo-anuncia-su-primera-gira-en-espana\/\" \/>\n<meta property=\"og:locale\" content=\"en_GB\" \/>\n<meta property=\"og:type\" content=\"article\" \/>\n<meta property=\"og:title\" content=\"Iv\u00e1n Cornejo anuncia su primera gira en Espa\u00f1a\" \/>\n<meta property=\"og:description\" content=\"Iv\u00e1n Cornejo, una de las j\u00f3venes estrellas de la m\u00fasica mexicana, se presentar\u00e1 en Madrid y Barcelona en noviembre\" \/>\n<meta property=\"og:url\" content=\"https:\/\/unaymilletras.com\/en\/ivan-cornejo-anuncia-su-primera-gira-en-espana\/\" \/>\n<meta property=\"og:site_name\" content=\"Una y Mil Letras\" \/>\n<meta property=\"article:published_time\" content=\"2025-09-22T15:03:05+00:00\" \/>\n<meta property=\"article:modified_time\" content=\"2025-09-22T15:25:21+00:00\" \/>\n<meta property=\"og:image\" content=\"http:\/\/unaymilletras.com\/wp-content\/uploads\/2025\/09\/Promo-Photo-Sept2025-scaled-e1758554530131.jpg\" \/>\n\t<meta property=\"og:image:width\" content=\"600\" \/>\n\t<meta property=\"og:image:height\" content=\"800\" \/>\n\t<meta property=\"og:image:type\" content=\"image\/jpeg\" \/>\n<meta name=\"author\" content=\"Redacci\u00f3n\" \/>\n<meta name=\"twitter:card\" content=\"summary_large_image\" \/>\n<meta name=\"twitter:creator\" content=\"@UnaYMilLetras\" \/>\n<meta name=\"twitter:site\" content=\"@UnaYMilLetras\" \/>\n<meta name=\"twitter:label1\" content=\"Written by\" \/>\n\t<meta name=\"twitter:data1\" content=\"Redacci\u00f3n\" \/>\n\t<meta name=\"twitter:label2\" content=\"Estimated reading time\" \/>\n\t<meta name=\"twitter:data2\" content=\"2 minutes\" \/>\n<script type=\"application\/ld+json\" class=\"yoast-schema-graph\">{\"@context\":\"https:\\\/\\\/schema.org\",\"@graph\":[{\"@type\":\"Article\",\"@id\":\"https:\\\/\\\/unaymilletras.com\\\/ivan-cornejo-anuncia-su-primera-gira-en-espana\\\/#article\",\"isPartOf\":{\"@id\":\"https:\\\/\\\/unaymilletras.com\\\/ivan-cornejo-anuncia-su-primera-gira-en-espana\\\/\"},\"author\":{\"name\":\"Redacci\u00f3n\",\"@id\":\"http:\\\/\\\/unaymilletras.com\\\/#\\\/schema\\\/person\\\/0860dc8a218329991ee2c7591f4f849d\"},\"headline\":\"Iv\u00e1n Cornejo anuncia su primera gira en Espa\u00f1a\",\"datePublished\":\"2025-09-22T15:03:05+00:00\",\"dateModified\":\"2025-09-22T15:25:21+00:00\",\"mainEntityOfPage\":{\"@id\":\"https:\\\/\\\/unaymilletras.com\\\/ivan-cornejo-anuncia-su-primera-gira-en-espana\\\/\"},\"wordCount\":332,\"publisher\":{\"@id\":\"http:\\\/\\\/unaymilletras.com\\\/#organization\"},\"image\":{\"@id\":\"https:\\\/\\\/unaymilletras.com\\\/ivan-cornejo-anuncia-su-primera-gira-en-espana\\\/#primaryimage\"},\"thumbnailUrl\":\"https:\\\/\\\/unaymilletras.com\\\/wp-content\\\/uploads\\\/2025\\\/09\\\/Promo-Photo-Sept2025-scaled-e1758554530131.jpg\",\"articleSection\":[\"Uncategorized\"],\"inLanguage\":\"en-GB\"},{\"@type\":\"WebPage\",\"@id\":\"https:\\\/\\\/unaymilletras.com\\\/ivan-cornejo-anuncia-su-primera-gira-en-espana\\\/\",\"url\":\"https:\\\/\\\/unaymilletras.com\\\/ivan-cornejo-anuncia-su-primera-gira-en-espana\\\/\",\"name\":\"Iv\u00e1n Cornejo anuncia su primera gira en Espa\u00f1a\",\"isPartOf\":{\"@id\":\"http:\\\/\\\/unaymilletras.com\\\/#website\"},\"primaryImageOfPage\":{\"@id\":\"https:\\\/\\\/unaymilletras.com\\\/ivan-cornejo-anuncia-su-primera-gira-en-espana\\\/#primaryimage\"},\"image\":{\"@id\":\"https:\\\/\\\/unaymilletras.com\\\/ivan-cornejo-anuncia-su-primera-gira-en-espana\\\/#primaryimage\"},\"thumbnailUrl\":\"https:\\\/\\\/unaymilletras.com\\\/wp-content\\\/uploads\\\/2025\\\/09\\\/Promo-Photo-Sept2025-scaled-e1758554530131.jpg\",\"datePublished\":\"2025-09-22T15:03:05+00:00\",\"dateModified\":\"2025-09-22T15:25:21+00:00\",\"description\":\"Iv\u00e1n Cornejo, una de las j\u00f3venes estrellas de la m\u00fasica mexicana, se presentar\u00e1 en Madrid y Barcelona en noviembre\",\"breadcrumb\":{\"@id\":\"https:\\\/\\\/unaymilletras.com\\\/ivan-cornejo-anuncia-su-primera-gira-en-espana\\\/#breadcrumb\"},\"inLanguage\":\"en-GB\",\"potentialAction\":[{\"@type\":\"ReadAction\",\"target\":[\"https:\\\/\\\/unaymilletras.com\\\/ivan-cornejo-anuncia-su-primera-gira-en-espana\\\/\"]}]},{\"@type\":\"ImageObject\",\"inLanguage\":\"en-GB\",\"@id\":\"https:\\\/\\\/unaymilletras.com\\\/ivan-cornejo-anuncia-su-primera-gira-en-espana\\\/#primaryimage\",\"url\":\"https:\\\/\\\/unaymilletras.com\\\/wp-content\\\/uploads\\\/2025\\\/09\\\/Promo-Photo-Sept2025-scaled-e1758554530131.jpg\",\"contentUrl\":\"https:\\\/\\\/unaymilletras.com\\\/wp-content\\\/uploads\\\/2025\\\/09\\\/Promo-Photo-Sept2025-scaled-e1758554530131.jpg\",\"width\":600,\"height\":800},{\"@type\":\"BreadcrumbList\",\"@id\":\"https:\\\/\\\/unaymilletras.com\\\/ivan-cornejo-anuncia-su-primera-gira-en-espana\\\/#breadcrumb\",\"itemListElement\":[{\"@type\":\"ListItem\",\"position\":1,\"name\":\"Home\",\"item\":\"http:\\\/\\\/unaymilletras.com\\\/\"},{\"@type\":\"ListItem\",\"position\":2,\"name\":\"Iv\u00e1n Cornejo anuncia su primera gira en Espa\u00f1a\"}]},{\"@type\":\"WebSite\",\"@id\":\"http:\\\/\\\/unaymilletras.com\\\/#website\",\"url\":\"http:\\\/\\\/unaymilletras.com\\\/\",\"name\":\"Una y Mil Letras\",\"description\":\"\",\"publisher\":{\"@id\":\"http:\\\/\\\/unaymilletras.com\\\/#organization\"},\"potentialAction\":[{\"@type\":\"SearchAction\",\"target\":{\"@type\":\"EntryPoint\",\"urlTemplate\":\"http:\\\/\\\/unaymilletras.com\\\/?s={search_term_string}\"},\"query-input\":{\"@type\":\"PropertyValueSpecification\",\"valueRequired\":true,\"valueName\":\"search_term_string\"}}],\"inLanguage\":\"en-GB\"},{\"@type\":\"Organization\",\"@id\":\"http:\\\/\\\/unaymilletras.com\\\/#organization\",\"name\":\"Una y Mil Letras\",\"url\":\"http:\\\/\\\/unaymilletras.com\\\/\",\"logo\":{\"@type\":\"ImageObject\",\"inLanguage\":\"en-GB\",\"@id\":\"http:\\\/\\\/unaymilletras.com\\\/#\\\/schema\\\/logo\\\/image\\\/\",\"url\":\"https:\\\/\\\/unaymilletras.com\\\/wp-content\\\/uploads\\\/2024\\\/06\\\/cropped-Logo-removebg-preview.png\",\"contentUrl\":\"https:\\\/\\\/unaymilletras.com\\\/wp-content\\\/uploads\\\/2024\\\/06\\\/cropped-Logo-removebg-preview.png\",\"width\":512,\"height\":512,\"caption\":\"Una y Mil Letras\"},\"image\":{\"@id\":\"http:\\\/\\\/unaymilletras.com\\\/#\\\/schema\\\/logo\\\/image\\\/\"},\"sameAs\":[\"https:\\\/\\\/x.com\\\/UnaYMilLetras\",\"https:\\\/\\\/instagram.com\\\/UnaYMilLetras\"]},{\"@type\":\"Person\",\"@id\":\"http:\\\/\\\/unaymilletras.com\\\/#\\\/schema\\\/person\\\/0860dc8a218329991ee2c7591f4f849d\",\"name\":\"Redacci\u00f3n\",\"image\":{\"@type\":\"ImageObject\",\"inLanguage\":\"en-GB\",\"@id\":\"https:\\\/\\\/secure.gravatar.com\\\/avatar\\\/d8f55e05a8b6597e45c55a1dcbdbfe44f4a360d88b48e00de5216a79b7732796?s=96&d=mm&r=g\",\"url\":\"https:\\\/\\\/secure.gravatar.com\\\/avatar\\\/d8f55e05a8b6597e45c55a1dcbdbfe44f4a360d88b48e00de5216a79b7732796?s=96&d=mm&r=g\",\"contentUrl\":\"https:\\\/\\\/secure.gravatar.com\\\/avatar\\\/d8f55e05a8b6597e45c55a1dcbdbfe44f4a360d88b48e00de5216a79b7732796?s=96&d=mm&r=g\",\"caption\":\"Redacci\u00f3n\"},\"url\":\"https:\\\/\\\/unaymilletras.com\\\/en\\\/author\\\/redaccion\\\/\"}]}<\/script>\n<!-- \/ Yoast SEO plugin. -->","yoast_head_json":{"title":"Iv\u00e1n Cornejo anuncia su primera gira en Espa\u00f1a","description":"Iv\u00e1n Cornejo, una de las j\u00f3venes estrellas de la m\u00fasica mexicana, se presentar\u00e1 en Madrid y Barcelona en noviembre","robots":{"index":"index","follow":"follow","max-snippet":"max-snippet:-1","max-image-preview":"max-image-preview:large","max-video-preview":"max-video-preview:-1"},"canonical":"https:\/\/unaymilletras.com\/en\/ivan-cornejo-anuncia-su-primera-gira-en-espana\/","og_locale":"en_GB","og_type":"article","og_title":"Iv\u00e1n Cornejo anuncia su primera gira en Espa\u00f1a","og_description":"Iv\u00e1n Cornejo, una de las j\u00f3venes estrellas de la m\u00fasica mexicana, se presentar\u00e1 en Madrid y Barcelona en noviembre","og_url":"https:\/\/unaymilletras.com\/en\/ivan-cornejo-anuncia-su-primera-gira-en-espana\/","og_site_name":"Una y Mil Letras","article_published_time":"2025-09-22T15:03:05+00:00","article_modified_time":"2025-09-22T15:25:21+00:00","og_image":[{"width":600,"height":800,"url":"http:\/\/unaymilletras.com\/wp-content\/uploads\/2025\/09\/Promo-Photo-Sept2025-scaled-e1758554530131.jpg","type":"image\/jpeg"}],"author":"Redacci\u00f3n","twitter_card":"summary_large_image","twitter_creator":"@UnaYMilLetras","twitter_site":"@UnaYMilLetras","twitter_misc":{"Written by":"Redacci\u00f3n","Estimated reading time":"2 minutes"},"schema":{"@context":"https:\/\/schema.org","@graph":[{"@type":"Article","@id":"https:\/\/unaymilletras.com\/ivan-cornejo-anuncia-su-primera-gira-en-espana\/#article","isPartOf":{"@id":"https:\/\/unaymilletras.com\/ivan-cornejo-anuncia-su-primera-gira-en-espana\/"},"author":{"name":"Redacci\u00f3n","@id":"http:\/\/unaymilletras.com\/#\/schema\/person\/0860dc8a218329991ee2c7591f4f849d"},"headline":"Iv\u00e1n Cornejo anuncia su primera gira en Espa\u00f1a","datePublished":"2025-09-22T15:03:05+00:00","dateModified":"2025-09-22T15:25:21+00:00","mainEntityOfPage":{"@id":"https:\/\/unaymilletras.com\/ivan-cornejo-anuncia-su-primera-gira-en-espana\/"},"wordCount":332,"publisher":{"@id":"http:\/\/unaymilletras.com\/#organization"},"image":{"@id":"https:\/\/unaymilletras.com\/ivan-cornejo-anuncia-su-primera-gira-en-espana\/#primaryimage"},"thumbnailUrl":"https:\/\/unaymilletras.com\/wp-content\/uploads\/2025\/09\/Promo-Photo-Sept2025-scaled-e1758554530131.jpg","articleSection":["Uncategorized"],"inLanguage":"en-GB"},{"@type":"WebPage","@id":"https:\/\/unaymilletras.com\/ivan-cornejo-anuncia-su-primera-gira-en-espana\/","url":"https:\/\/unaymilletras.com\/ivan-cornejo-anuncia-su-primera-gira-en-espana\/","name":"Iv\u00e1n Cornejo anuncia su primera gira en Espa\u00f1a","isPartOf":{"@id":"http:\/\/unaymilletras.com\/#website"},"primaryImageOfPage":{"@id":"https:\/\/unaymilletras.com\/ivan-cornejo-anuncia-su-primera-gira-en-espana\/#primaryimage"},"image":{"@id":"https:\/\/unaymilletras.com\/ivan-cornejo-anuncia-su-primera-gira-en-espana\/#primaryimage"},"thumbnailUrl":"https:\/\/unaymilletras.com\/wp-content\/uploads\/2025\/09\/Promo-Photo-Sept2025-scaled-e1758554530131.jpg","datePublished":"2025-09-22T15:03:05+00:00","dateModified":"2025-09-22T15:25:21+00:00","description":"Iv\u00e1n Cornejo, una de las j\u00f3venes estrellas de la m\u00fasica mexicana, se presentar\u00e1 en Madrid y Barcelona en noviembre","breadcrumb":{"@id":"https:\/\/unaymilletras.com\/ivan-cornejo-anuncia-su-primera-gira-en-espana\/#breadcrumb"},"inLanguage":"en-GB","potentialAction":[{"@type":"ReadAction","target":["https:\/\/unaymilletras.com\/ivan-cornejo-anuncia-su-primera-gira-en-espana\/"]}]},{"@type":"ImageObject","inLanguage":"en-GB","@id":"https:\/\/unaymilletras.com\/ivan-cornejo-anuncia-su-primera-gira-en-espana\/#primaryimage","url":"https:\/\/unaymilletras.com\/wp-content\/uploads\/2025\/09\/Promo-Photo-Sept2025-scaled-e1758554530131.jpg","contentUrl":"https:\/\/unaymilletras.com\/wp-content\/uploads\/2025\/09\/Promo-Photo-Sept2025-scaled-e1758554530131.jpg","width":600,"height":800},{"@type":"BreadcrumbList","@id":"https:\/\/unaymilletras.com\/ivan-cornejo-anuncia-su-primera-gira-en-espana\/#breadcrumb","itemListElement":[{"@type":"ListItem","position":1,"name":"Home","item":"http:\/\/unaymilletras.com\/"},{"@type":"ListItem","position":2,"name":"Iv\u00e1n Cornejo anuncia su primera gira en Espa\u00f1a"}]},{"@type":"WebSite","@id":"http:\/\/unaymilletras.com\/#website","url":"http:\/\/unaymilletras.com\/","name":"Una y Mil Letras","description":"","publisher":{"@id":"http:\/\/unaymilletras.com\/#organization"},"potentialAction":[{"@type":"SearchAction","target":{"@type":"EntryPoint","urlTemplate":"http:\/\/unaymilletras.com\/?s={search_term_string}"},"query-input":{"@type":"PropertyValueSpecification","valueRequired":true,"valueName":"search_term_string"}}],"inLanguage":"en-GB"},{"@type":"Organization","@id":"http:\/\/unaymilletras.com\/#organization","name":"Una y Mil Letras","url":"http:\/\/unaymilletras.com\/","logo":{"@type":"ImageObject","inLanguage":"en-GB","@id":"http:\/\/unaymilletras.com\/#\/schema\/logo\/image\/","url":"https:\/\/unaymilletras.com\/wp-content\/uploads\/2024\/06\/cropped-Logo-removebg-preview.png","contentUrl":"https:\/\/unaymilletras.com\/wp-content\/uploads\/2024\/06\/cropped-Logo-removebg-preview.png","width":512,"height":512,"caption":"Una y Mil Letras"},"image":{"@id":"http:\/\/unaymilletras.com\/#\/schema\/logo\/image\/"},"sameAs":["https:\/\/x.com\/UnaYMilLetras","https:\/\/instagram.com\/UnaYMilLetras"]},{"@type":"Person","@id":"http:\/\/unaymilletras.com\/#\/schema\/person\/0860dc8a218329991ee2c7591f4f849d","name":"Redacci\u00f3n","image":{"@type":"ImageObject","inLanguage":"en-GB","@id":"https:\/\/secure.gravatar.com\/avatar\/d8f55e05a8b6597e45c55a1dcbdbfe44f4a360d88b48e00de5216a79b7732796?s=96&d=mm&r=g","url":"https:\/\/secure.gravatar.com\/avatar\/d8f55e05a8b6597e45c55a1dcbdbfe44f4a360d88b48e00de5216a79b7732796?s=96&d=mm&r=g","contentUrl":"https:\/\/secure.gravatar.com\/avatar\/d8f55e05a8b6597e45c55a1dcbdbfe44f4a360d88b48e00de5216a79b7732796?s=96&d=mm&r=g","caption":"Redacci\u00f3n"},"url":"https:\/\/unaymilletras.com\/en\/author\/redaccion\/"}]}},"_links":{"self":[{"href":"https:\/\/unaymilletras.com\/en\/wp-json\/wp\/v2\/posts\/5699","targetHints":{"allow":["GET"]}}],"collection":[{"href":"https:\/\/unaymilletras.com\/en\/wp-json\/wp\/v2\/posts"}],"about":[{"href":"https:\/\/unaymilletras.com\/en\/wp-json\/wp\/v2\/types\/post"}],"author":[{"embeddable":true,"href":"https:\/\/unaymilletras.com\/en\/wp-json\/wp\/v2\/users\/6"}],"replies":[{"embeddable":true,"href":"https:\/\/unaymilletras.com\/en\/wp-json\/wp\/v2\/comments?post=5699"}],"version-history":[{"count":7,"href":"https:\/\/unaymilletras.com\/en\/wp-json\/wp\/v2\/posts\/5699\/revisions"}],"predecessor-version":[{"id":5707,"href":"https:\/\/unaymilletras.com\/en\/wp-json\/wp\/v2\/posts\/5699\/revisions\/5707"}],"wp:featuredmedia":[{"embeddable":true,"href":"https:\/\/unaymilletras.com\/en\/wp-json\/wp\/v2\/media\/5701"}],"wp:attachment":[{"href":"https:\/\/unaymilletras.com\/en\/wp-json\/wp\/v2\/media?parent=5699"}],"wp:term":[{"taxonomy":"category","embeddable":true,"href":"https:\/\/unaymilletras.com\/en\/wp-json\/wp\/v2\/categories?post=5699"},{"taxonomy":"post_tag","embeddable":true,"href":"https:\/\/unaymilletras.com\/en\/wp-json\/wp\/v2\/tags?post=5699"}],"curies":[{"name":"wp","href":"https:\/\/api.w.org\/{rel}","templated":true}]}}