{"id":5708,"date":"2025-09-26T17:15:44","date_gmt":"2025-09-26T15:15:44","guid":{"rendered":"https:\/\/unaymilletras.com\/?p=5708"},"modified":"2025-09-26T17:16:46","modified_gmt":"2025-09-26T15:16:46","slug":"corina-smith-regresa-con-menos-triste-mas-mami-un-diario-emocional","status":"publish","type":"post","link":"https:\/\/unaymilletras.com\/en\/corina-smith-regresa-con-menos-triste-mas-mami-un-diario-emocional\/","title":{"rendered":"Corina Smith regresa con menos triste m\u00e1s mami: un diario emocional"},"content":{"rendered":"<div data-elementor-type=\"wp-post\" data-elementor-id=\"5708\" class=\"elementor elementor-5708\">\n\t\t\t\t\t\t<section class=\"elementor-section elementor-top-section elementor-element elementor-element-adf3029 elementor-section-boxed elementor-section-height-default elementor-section-height-default\" data-id=\"adf3029\" data-element_type=\"section\" data-e-type=\"section\">\n\t\t\t\t\t\t<div class=\"elementor-container elementor-column-gap-default\">\n\t\t\t\t\t<div class=\"elementor-column elementor-col-100 elementor-top-column elementor-element elementor-element-1e3d7f6\" data-id=\"1e3d7f6\" data-element_type=\"column\" data-e-type=\"column\">\n\t\t\t<div class=\"elementor-widget-wrap elementor-element-populated\">\n\t\t\t\t\t\t<div class=\"elementor-element elementor-element-51375fe elementor-widget elementor-widget-text-editor\" data-id=\"51375fe\" data-element_type=\"widget\" data-e-type=\"widget\" data-widget_type=\"text-editor.default\">\n\t\t\t\t<div class=\"elementor-widget-container\">\n\t\t\t\t\t\t\t\t\t<h2 style=\"text-align: center;\"><span style=\"color: #808080;\"><em>Corina Smith presenta un disco honesto y vulnerable que retrata la transici\u00f3n entre la ilusi\u00f3n, la confusi\u00f3n y la reflexi\u00f3n tras una ruptura<\/em><\/span><\/h2>\t\t\t\t\t\t\t\t<\/div>\n\t\t\t\t<\/div>\n\t\t\t\t\t<\/div>\n\t\t<\/div>\n\t\t\t\t\t<\/div>\n\t\t<\/section>\n\t\t\t\t<section class=\"elementor-section elementor-top-section elementor-element elementor-element-49521d4 elementor-section-boxed elementor-section-height-default elementor-section-height-default\" data-id=\"49521d4\" data-element_type=\"section\" data-e-type=\"section\">\n\t\t\t\t\t\t<div class=\"elementor-container elementor-column-gap-default\">\n\t\t\t\t\t<div class=\"elementor-column elementor-col-100 elementor-top-column elementor-element elementor-element-2527282\" data-id=\"2527282\" data-element_type=\"column\" data-e-type=\"column\">\n\t\t\t<div class=\"elementor-widget-wrap elementor-element-populated\">\n\t\t\t\t\t\t<div class=\"elementor-element elementor-element-cbdff3e elementor-widget elementor-widget-text-editor\" data-id=\"cbdff3e\" data-element_type=\"widget\" data-e-type=\"widget\" data-widget_type=\"text-editor.default\">\n\t\t\t\t<div class=\"elementor-widget-container\">\n\t\t\t\t\t\t\t\t\t<p data-start=\"365\" data-end=\"777\"><b>Corina Smith<\/b> est\u00e1 de vuelta y lo hace con un disco cargado de honestidad brutal. <em data-start=\"446\" data-end=\"469\">menos triste m\u00e1s mami<\/em> ya est\u00e1 disponible en todas las plataformas digitales y se presenta como el nuevo cap\u00edtulo de una historia personal que comenz\u00f3 con <em data-start=\"602\" data-end=\"628\">triste pero siempre mami<\/em>. No es un cierre, sino una transformaci\u00f3n sincera y vulnerable, donde la venezolana comparte su proceso de reconstrucci\u00f3n tras una etapa dolorosa.<\/p>\n<p data-start=\"779\" data-end=\"1159\">El proyecto incluye 18 canciones que funcionan como un diario \u00edntimo. A lo largo de ellas, Corina habla de ilusi\u00f3n, confusi\u00f3n, errores, culpas y tambi\u00e9n de la necesidad de soltar el pasado. \u201cEste disco naci\u00f3 en un momento donde ya no estaba tan triste, pero tampoco estaba bien\u201d, explic\u00f3 la artista, mostrando la crudeza y honestidad desde la que fueron creadas estas canciones.<\/p>\t\t\t\t\t\t\t\t<\/div>\n\t\t\t\t<\/div>\n\t\t\t\t\t<\/div>\n\t\t<\/div>\n\t\t\t\t\t<\/div>\n\t\t<\/section>\n\t\t\t\t<section class=\"elementor-section elementor-top-section elementor-element elementor-element-da99bb4 elementor-section-boxed elementor-section-height-default elementor-section-height-default\" data-id=\"da99bb4\" data-element_type=\"section\" data-e-type=\"section\">\n\t\t\t\t\t\t<div class=\"elementor-container elementor-column-gap-default\">\n\t\t\t\t\t<div class=\"elementor-column elementor-col-100 elementor-top-column elementor-element elementor-element-d72c1fc\" data-id=\"d72c1fc\" data-element_type=\"column\" data-e-type=\"column\">\n\t\t\t<div class=\"elementor-widget-wrap elementor-element-populated\">\n\t\t\t\t\t\t<div class=\"elementor-element elementor-element-00613bd elementor-widget elementor-widget-image\" data-id=\"00613bd\" data-element_type=\"widget\" data-e-type=\"widget\" data-widget_type=\"image.default\">\n\t\t\t\t<div class=\"elementor-widget-container\">\n\t\t\t\t\t\t\t\t\t\t\t\t<figure class=\"wp-caption\">\n\t\t\t\t\t\t\t\t\t\t<img fetchpriority=\"high\" decoding=\"async\" width=\"640\" height=\"415\" src=\"https:\/\/unaymilletras.com\/wp-content\/uploads\/2025\/09\/LANDSCAPE-PRESS-1024x664.png\" class=\"attachment-large size-large wp-image-5710\" alt=\"Corina Smith\" srcset=\"https:\/\/unaymilletras.com\/wp-content\/uploads\/2025\/09\/LANDSCAPE-PRESS-1024x664.png 1024w, https:\/\/unaymilletras.com\/wp-content\/uploads\/2025\/09\/LANDSCAPE-PRESS-300x195.png 300w, https:\/\/unaymilletras.com\/wp-content\/uploads\/2025\/09\/LANDSCAPE-PRESS-768x498.png 768w, https:\/\/unaymilletras.com\/wp-content\/uploads\/2025\/09\/LANDSCAPE-PRESS-1536x996.png 1536w, https:\/\/unaymilletras.com\/wp-content\/uploads\/2025\/09\/LANDSCAPE-PRESS-2048x1328.png 2048w, https:\/\/unaymilletras.com\/wp-content\/uploads\/2025\/09\/LANDSCAPE-PRESS-18x12.png 18w, https:\/\/unaymilletras.com\/wp-content\/uploads\/2025\/09\/LANDSCAPE-PRESS-e1758899517225.png 600w\" sizes=\"(max-width: 640px) 100vw, 640px\" \/>\t\t\t\t\t\t\t\t\t\t\t<figcaption class=\"widget-image-caption wp-caption-text\">Foto: Rafael Franceschi \/ Rimas Music<\/figcaption>\n\t\t\t\t\t\t\t\t\t\t<\/figure>\n\t\t\t\t\t\t\t\t\t<\/div>\n\t\t\t\t<\/div>\n\t\t\t\t\t<\/div>\n\t\t<\/div>\n\t\t\t\t\t<\/div>\n\t\t<\/section>\n\t\t\t\t<section class=\"elementor-section elementor-top-section elementor-element elementor-element-969bd29 elementor-section-boxed elementor-section-height-default elementor-section-height-default\" data-id=\"969bd29\" data-element_type=\"section\" data-e-type=\"section\">\n\t\t\t\t\t\t<div class=\"elementor-container elementor-column-gap-default\">\n\t\t\t\t\t<div class=\"elementor-column elementor-col-100 elementor-top-column elementor-element elementor-element-ff41b3c\" data-id=\"ff41b3c\" data-element_type=\"column\" data-e-type=\"column\">\n\t\t\t<div class=\"elementor-widget-wrap elementor-element-populated\">\n\t\t\t\t\t\t<div class=\"elementor-element elementor-element-bc40a8d elementor-widget elementor-widget-text-editor\" data-id=\"bc40a8d\" data-element_type=\"widget\" data-e-type=\"widget\" data-widget_type=\"text-editor.default\">\n\t\t\t\t<div class=\"elementor-widget-container\">\n\t\t\t\t\t\t\t\t\t<p data-start=\"1161\" data-end=\"1649\">El \u00e1lbum est\u00e1 dividido en tres actos emocionales. El primero refleja la ilusi\u00f3n de volver a sentir, con canciones como <em data-start=\"1280\" data-end=\"1284\">x6<\/em>, <em data-start=\"1286\" data-end=\"1302\">vuelo a madrid<\/em> o <em data-start=\"1305\" data-end=\"1326\">tu \u00e1ngel, tu diabla<\/em>. Despu\u00e9s llega la etapa de confusi\u00f3n, en la que reaparecen viejas heridas y contradicciones internas en temas como <em data-start=\"1442\" data-end=\"1450\">lowkey<\/em> o <em data-start=\"1453\" data-end=\"1463\">la suite<\/em>. Finalmente, el cierre ofrece una mirada m\u00e1s reflexiva con piezas como <em data-start=\"1535\" data-end=\"1548\">apartamento<\/em> y <em data-start=\"1551\" data-end=\"1573\">en mi vida nunca m\u00e1s<\/em>, donde Corina acepta lo vivido y plantea la necesidad de seguir adelante.<\/p><p data-start=\"1651\" data-end=\"1962\">La narrativa del disco se ampl\u00eda con una serie de videoclips interconectados protagonizados por el actor espa\u00f1ol \u00d3scar Casas, quien aporta una dimensi\u00f3n cinematogr\u00e1fica a las canciones. Su interpretaci\u00f3n en los videos refuerza la historia emocional del \u00e1lbum, a\u00f1adiendo qu\u00edmica y dramatismo al relato musical.<\/p>\t\t\t\t\t\t\t\t<\/div>\n\t\t\t\t<\/div>\n\t\t\t\t\t<\/div>\n\t\t<\/div>\n\t\t\t\t\t<\/div>\n\t\t<\/section>\n\t\t\t\t<section class=\"elementor-section elementor-top-section elementor-element elementor-element-5422733 elementor-section-boxed elementor-section-height-default elementor-section-height-default\" data-id=\"5422733\" data-element_type=\"section\" data-e-type=\"section\">\n\t\t\t\t\t\t<div class=\"elementor-container elementor-column-gap-default\">\n\t\t\t\t\t<div class=\"elementor-column elementor-col-100 elementor-top-column elementor-element elementor-element-c8f957b\" data-id=\"c8f957b\" data-element_type=\"column\" data-e-type=\"column\">\n\t\t\t<div class=\"elementor-widget-wrap elementor-element-populated\">\n\t\t\t\t\t\t<div class=\"elementor-element elementor-element-da16d09 elementor-widget elementor-widget-video\" data-id=\"da16d09\" data-element_type=\"widget\" data-e-type=\"widget\" data-settings=\"{&quot;youtube_url&quot;:&quot;https:\\\/\\\/www.youtube.com\\\/watch?v=A6phHe1uTJ4&amp;list=RDA6phHe1uTJ4&amp;start_radio=1&quot;,&quot;video_type&quot;:&quot;youtube&quot;,&quot;controls&quot;:&quot;yes&quot;}\" data-widget_type=\"video.default\">\n\t\t\t\t<div class=\"elementor-widget-container\">\n\t\t\t\t\t\t\t<div class=\"elementor-wrapper elementor-open-inline\">\n\t\t\t<div class=\"elementor-video\"><\/div>\t\t<\/div>\n\t\t\t\t\t\t<\/div>\n\t\t\t\t<\/div>\n\t\t\t\t\t<\/div>\n\t\t<\/div>\n\t\t\t\t\t<\/div>\n\t\t<\/section>\n\t\t\t\t<section class=\"elementor-section elementor-top-section elementor-element elementor-element-3239517 elementor-section-boxed elementor-section-height-default elementor-section-height-default\" data-id=\"3239517\" data-element_type=\"section\" data-e-type=\"section\">\n\t\t\t\t\t\t<div class=\"elementor-container elementor-column-gap-default\">\n\t\t\t\t\t<div class=\"elementor-column elementor-col-100 elementor-top-column elementor-element elementor-element-fc110fe\" data-id=\"fc110fe\" data-element_type=\"column\" data-e-type=\"column\">\n\t\t\t<div class=\"elementor-widget-wrap elementor-element-populated\">\n\t\t\t\t\t\t<div class=\"elementor-element elementor-element-8964623 elementor-widget elementor-widget-text-editor\" data-id=\"8964623\" data-element_type=\"widget\" data-e-type=\"widget\" data-widget_type=\"text-editor.default\">\n\t\t\t\t<div class=\"elementor-widget-container\">\n\t\t\t\t\t\t\t\t\t<p data-start=\"1964\" data-end=\"2301\">En lo sonoro, <em data-start=\"1978\" data-end=\"2001\">menos triste m\u00e1s mami<\/em> conserva la esencia de Corina: una fusi\u00f3n elegante de pop urbano, R&amp;B y reguet\u00f3n suave, con matices ac\u00fasticos que refuerzan cada emoci\u00f3n. El resultado es un trabajo \u00edntimo, potente y directo, que busca conectar con la audiencia a trav\u00e9s de letras transparentes y melod\u00edas cargadas de sentimientos.<\/p><p data-start=\"2303\" data-end=\"2612\">Con este lanzamiento, Corina Smith reafirma su lugar como una de las voces femeninas m\u00e1s aut\u00e9nticas del pop urbano latino. Su capacidad de convertir experiencias reales en canciones universales la consolida como una artista que no teme mostrar vulnerabilidad y que invita a sus oyentes a sentir sin filtros.<\/p>\t\t\t\t\t\t\t\t<\/div>\n\t\t\t\t<\/div>\n\t\t\t\t\t<\/div>\n\t\t<\/div>\n\t\t\t\t\t<\/div>\n\t\t<\/section>\n\t\t\t\t<\/div>","protected":false},"excerpt":{"rendered":"<p>Corina Smith presenta un disco honesto y vulnerable que retrata la transici\u00f3n entre la ilusi\u00f3n, la confusi\u00f3n y la reflexi\u00f3n tras una ruptura Corina Smith est\u00e1 de vuelta y lo hace con un disco cargado de honestidad brutal. menos triste m\u00e1s mami ya est\u00e1 disponible en todas las plataformas digitales y se presenta como el [&hellip;]<\/p>\n","protected":false},"author":6,"featured_media":5710,"comment_status":"closed","ping_status":"closed","sticky":false,"template":"","format":"standard","meta":{"footnotes":""},"categories":[4],"tags":[],"class_list":["post-5708","post","type-post","status-publish","format-standard","has-post-thumbnail","hentry","category-musica"],"yoast_head":"<!-- This site is optimized with the Yoast SEO plugin v27.4 - https:\/\/yoast.com\/product\/yoast-seo-wordpress\/ -->\n<title>Corina Smith regresa con menos triste m\u00e1s mami: un diario emocional<\/title>\n<meta name=\"description\" content=\"Corina Smith presenta un disco honesto y vulnerable que retrata la transici\u00f3n entre la ilusi\u00f3n, la confusi\u00f3n y la reflexi\u00f3n tras una ruptura\" \/>\n<meta name=\"robots\" content=\"index, follow, max-snippet:-1, max-image-preview:large, max-video-preview:-1\" \/>\n<link rel=\"canonical\" href=\"https:\/\/unaymilletras.com\/en\/corina-smith-regresa-con-menos-triste-mas-mami-un-diario-emocional\/\" \/>\n<meta property=\"og:locale\" content=\"en_GB\" \/>\n<meta property=\"og:type\" content=\"article\" \/>\n<meta property=\"og:title\" content=\"Corina Smith regresa con menos triste m\u00e1s mami: un diario emocional\" \/>\n<meta property=\"og:description\" content=\"Corina Smith presenta un disco honesto y vulnerable que retrata la transici\u00f3n entre la ilusi\u00f3n, la confusi\u00f3n y la reflexi\u00f3n tras una ruptura\" \/>\n<meta property=\"og:url\" content=\"https:\/\/unaymilletras.com\/en\/corina-smith-regresa-con-menos-triste-mas-mami-un-diario-emocional\/\" \/>\n<meta property=\"og:site_name\" content=\"Una y Mil Letras\" \/>\n<meta property=\"article:published_time\" content=\"2025-09-26T15:15:44+00:00\" \/>\n<meta property=\"article:modified_time\" content=\"2025-09-26T15:16:46+00:00\" \/>\n<meta property=\"og:image\" content=\"http:\/\/unaymilletras.com\/wp-content\/uploads\/2025\/09\/LANDSCAPE-PRESS-e1758899517225.png\" \/>\n\t<meta property=\"og:image:width\" content=\"600\" \/>\n\t<meta property=\"og:image:height\" content=\"389\" \/>\n\t<meta property=\"og:image:type\" content=\"image\/png\" \/>\n<meta name=\"author\" content=\"Redacci\u00f3n\" \/>\n<meta name=\"twitter:card\" content=\"summary_large_image\" \/>\n<meta name=\"twitter:creator\" content=\"@UnaYMilLetras\" \/>\n<meta name=\"twitter:site\" content=\"@UnaYMilLetras\" \/>\n<meta name=\"twitter:label1\" content=\"Written by\" \/>\n\t<meta name=\"twitter:data1\" content=\"Redacci\u00f3n\" \/>\n\t<meta name=\"twitter:label2\" content=\"Estimated reading time\" \/>\n\t<meta name=\"twitter:data2\" content=\"2 minutes\" \/>\n<script type=\"application\/ld+json\" class=\"yoast-schema-graph\">{\"@context\":\"https:\\\/\\\/schema.org\",\"@graph\":[{\"@type\":\"Article\",\"@id\":\"https:\\\/\\\/unaymilletras.com\\\/corina-smith-regresa-con-menos-triste-mas-mami-un-diario-emocional\\\/#article\",\"isPartOf\":{\"@id\":\"https:\\\/\\\/unaymilletras.com\\\/corina-smith-regresa-con-menos-triste-mas-mami-un-diario-emocional\\\/\"},\"author\":{\"name\":\"Redacci\u00f3n\",\"@id\":\"http:\\\/\\\/unaymilletras.com\\\/#\\\/schema\\\/person\\\/0860dc8a218329991ee2c7591f4f849d\"},\"headline\":\"Corina Smith regresa con menos triste m\u00e1s mami: un diario emocional\",\"datePublished\":\"2025-09-26T15:15:44+00:00\",\"dateModified\":\"2025-09-26T15:16:46+00:00\",\"mainEntityOfPage\":{\"@id\":\"https:\\\/\\\/unaymilletras.com\\\/corina-smith-regresa-con-menos-triste-mas-mami-un-diario-emocional\\\/\"},\"wordCount\":447,\"publisher\":{\"@id\":\"http:\\\/\\\/unaymilletras.com\\\/#organization\"},\"image\":{\"@id\":\"https:\\\/\\\/unaymilletras.com\\\/corina-smith-regresa-con-menos-triste-mas-mami-un-diario-emocional\\\/#primaryimage\"},\"thumbnailUrl\":\"https:\\\/\\\/unaymilletras.com\\\/wp-content\\\/uploads\\\/2025\\\/09\\\/LANDSCAPE-PRESS-e1758899517225.png\",\"articleSection\":[\"M\u00fasica\"],\"inLanguage\":\"en-GB\"},{\"@type\":\"WebPage\",\"@id\":\"https:\\\/\\\/unaymilletras.com\\\/corina-smith-regresa-con-menos-triste-mas-mami-un-diario-emocional\\\/\",\"url\":\"https:\\\/\\\/unaymilletras.com\\\/corina-smith-regresa-con-menos-triste-mas-mami-un-diario-emocional\\\/\",\"name\":\"Corina Smith regresa con menos triste m\u00e1s mami: un diario emocional\",\"isPartOf\":{\"@id\":\"http:\\\/\\\/unaymilletras.com\\\/#website\"},\"primaryImageOfPage\":{\"@id\":\"https:\\\/\\\/unaymilletras.com\\\/corina-smith-regresa-con-menos-triste-mas-mami-un-diario-emocional\\\/#primaryimage\"},\"image\":{\"@id\":\"https:\\\/\\\/unaymilletras.com\\\/corina-smith-regresa-con-menos-triste-mas-mami-un-diario-emocional\\\/#primaryimage\"},\"thumbnailUrl\":\"https:\\\/\\\/unaymilletras.com\\\/wp-content\\\/uploads\\\/2025\\\/09\\\/LANDSCAPE-PRESS-e1758899517225.png\",\"datePublished\":\"2025-09-26T15:15:44+00:00\",\"dateModified\":\"2025-09-26T15:16:46+00:00\",\"description\":\"Corina Smith presenta un disco honesto y vulnerable que retrata la transici\u00f3n entre la ilusi\u00f3n, la confusi\u00f3n y la reflexi\u00f3n tras una ruptura\",\"breadcrumb\":{\"@id\":\"https:\\\/\\\/unaymilletras.com\\\/corina-smith-regresa-con-menos-triste-mas-mami-un-diario-emocional\\\/#breadcrumb\"},\"inLanguage\":\"en-GB\",\"potentialAction\":[{\"@type\":\"ReadAction\",\"target\":[\"https:\\\/\\\/unaymilletras.com\\\/corina-smith-regresa-con-menos-triste-mas-mami-un-diario-emocional\\\/\"]}]},{\"@type\":\"ImageObject\",\"inLanguage\":\"en-GB\",\"@id\":\"https:\\\/\\\/unaymilletras.com\\\/corina-smith-regresa-con-menos-triste-mas-mami-un-diario-emocional\\\/#primaryimage\",\"url\":\"https:\\\/\\\/unaymilletras.com\\\/wp-content\\\/uploads\\\/2025\\\/09\\\/LANDSCAPE-PRESS-e1758899517225.png\",\"contentUrl\":\"https:\\\/\\\/unaymilletras.com\\\/wp-content\\\/uploads\\\/2025\\\/09\\\/LANDSCAPE-PRESS-e1758899517225.png\",\"width\":600,\"height\":389,\"caption\":\"Foto: Rafael Franceschi \\\/ Rimas Music\"},{\"@type\":\"BreadcrumbList\",\"@id\":\"https:\\\/\\\/unaymilletras.com\\\/corina-smith-regresa-con-menos-triste-mas-mami-un-diario-emocional\\\/#breadcrumb\",\"itemListElement\":[{\"@type\":\"ListItem\",\"position\":1,\"name\":\"Home\",\"item\":\"http:\\\/\\\/unaymilletras.com\\\/\"},{\"@type\":\"ListItem\",\"position\":2,\"name\":\"Corina Smith regresa con menos triste m\u00e1s mami: un diario emocional\"}]},{\"@type\":\"WebSite\",\"@id\":\"http:\\\/\\\/unaymilletras.com\\\/#website\",\"url\":\"http:\\\/\\\/unaymilletras.com\\\/\",\"name\":\"Una y Mil Letras\",\"description\":\"\",\"publisher\":{\"@id\":\"http:\\\/\\\/unaymilletras.com\\\/#organization\"},\"potentialAction\":[{\"@type\":\"SearchAction\",\"target\":{\"@type\":\"EntryPoint\",\"urlTemplate\":\"http:\\\/\\\/unaymilletras.com\\\/?s={search_term_string}\"},\"query-input\":{\"@type\":\"PropertyValueSpecification\",\"valueRequired\":true,\"valueName\":\"search_term_string\"}}],\"inLanguage\":\"en-GB\"},{\"@type\":\"Organization\",\"@id\":\"http:\\\/\\\/unaymilletras.com\\\/#organization\",\"name\":\"Una y Mil Letras\",\"url\":\"http:\\\/\\\/unaymilletras.com\\\/\",\"logo\":{\"@type\":\"ImageObject\",\"inLanguage\":\"en-GB\",\"@id\":\"http:\\\/\\\/unaymilletras.com\\\/#\\\/schema\\\/logo\\\/image\\\/\",\"url\":\"https:\\\/\\\/unaymilletras.com\\\/wp-content\\\/uploads\\\/2024\\\/06\\\/cropped-Logo-removebg-preview.png\",\"contentUrl\":\"https:\\\/\\\/unaymilletras.com\\\/wp-content\\\/uploads\\\/2024\\\/06\\\/cropped-Logo-removebg-preview.png\",\"width\":512,\"height\":512,\"caption\":\"Una y Mil Letras\"},\"image\":{\"@id\":\"http:\\\/\\\/unaymilletras.com\\\/#\\\/schema\\\/logo\\\/image\\\/\"},\"sameAs\":[\"https:\\\/\\\/x.com\\\/UnaYMilLetras\",\"https:\\\/\\\/instagram.com\\\/UnaYMilLetras\"]},{\"@type\":\"Person\",\"@id\":\"http:\\\/\\\/unaymilletras.com\\\/#\\\/schema\\\/person\\\/0860dc8a218329991ee2c7591f4f849d\",\"name\":\"Redacci\u00f3n\",\"image\":{\"@type\":\"ImageObject\",\"inLanguage\":\"en-GB\",\"@id\":\"https:\\\/\\\/secure.gravatar.com\\\/avatar\\\/d8f55e05a8b6597e45c55a1dcbdbfe44f4a360d88b48e00de5216a79b7732796?s=96&d=mm&r=g\",\"url\":\"https:\\\/\\\/secure.gravatar.com\\\/avatar\\\/d8f55e05a8b6597e45c55a1dcbdbfe44f4a360d88b48e00de5216a79b7732796?s=96&d=mm&r=g\",\"contentUrl\":\"https:\\\/\\\/secure.gravatar.com\\\/avatar\\\/d8f55e05a8b6597e45c55a1dcbdbfe44f4a360d88b48e00de5216a79b7732796?s=96&d=mm&r=g\",\"caption\":\"Redacci\u00f3n\"},\"url\":\"https:\\\/\\\/unaymilletras.com\\\/en\\\/author\\\/redaccion\\\/\"}]}<\/script>\n<!-- \/ Yoast SEO plugin. -->","yoast_head_json":{"title":"Corina Smith regresa con menos triste m\u00e1s mami: un diario emocional","description":"Corina Smith presenta un disco honesto y vulnerable que retrata la transici\u00f3n entre la ilusi\u00f3n, la confusi\u00f3n y la reflexi\u00f3n tras una ruptura","robots":{"index":"index","follow":"follow","max-snippet":"max-snippet:-1","max-image-preview":"max-image-preview:large","max-video-preview":"max-video-preview:-1"},"canonical":"https:\/\/unaymilletras.com\/en\/corina-smith-regresa-con-menos-triste-mas-mami-un-diario-emocional\/","og_locale":"en_GB","og_type":"article","og_title":"Corina Smith regresa con menos triste m\u00e1s mami: un diario emocional","og_description":"Corina Smith presenta un disco honesto y vulnerable que retrata la transici\u00f3n entre la ilusi\u00f3n, la confusi\u00f3n y la reflexi\u00f3n tras una ruptura","og_url":"https:\/\/unaymilletras.com\/en\/corina-smith-regresa-con-menos-triste-mas-mami-un-diario-emocional\/","og_site_name":"Una y Mil Letras","article_published_time":"2025-09-26T15:15:44+00:00","article_modified_time":"2025-09-26T15:16:46+00:00","og_image":[{"width":600,"height":389,"url":"http:\/\/unaymilletras.com\/wp-content\/uploads\/2025\/09\/LANDSCAPE-PRESS-e1758899517225.png","type":"image\/png"}],"author":"Redacci\u00f3n","twitter_card":"summary_large_image","twitter_creator":"@UnaYMilLetras","twitter_site":"@UnaYMilLetras","twitter_misc":{"Written by":"Redacci\u00f3n","Estimated reading time":"2 minutes"},"schema":{"@context":"https:\/\/schema.org","@graph":[{"@type":"Article","@id":"https:\/\/unaymilletras.com\/corina-smith-regresa-con-menos-triste-mas-mami-un-diario-emocional\/#article","isPartOf":{"@id":"https:\/\/unaymilletras.com\/corina-smith-regresa-con-menos-triste-mas-mami-un-diario-emocional\/"},"author":{"name":"Redacci\u00f3n","@id":"http:\/\/unaymilletras.com\/#\/schema\/person\/0860dc8a218329991ee2c7591f4f849d"},"headline":"Corina Smith regresa con menos triste m\u00e1s mami: un diario emocional","datePublished":"2025-09-26T15:15:44+00:00","dateModified":"2025-09-26T15:16:46+00:00","mainEntityOfPage":{"@id":"https:\/\/unaymilletras.com\/corina-smith-regresa-con-menos-triste-mas-mami-un-diario-emocional\/"},"wordCount":447,"publisher":{"@id":"http:\/\/unaymilletras.com\/#organization"},"image":{"@id":"https:\/\/unaymilletras.com\/corina-smith-regresa-con-menos-triste-mas-mami-un-diario-emocional\/#primaryimage"},"thumbnailUrl":"https:\/\/unaymilletras.com\/wp-content\/uploads\/2025\/09\/LANDSCAPE-PRESS-e1758899517225.png","articleSection":["M\u00fasica"],"inLanguage":"en-GB"},{"@type":"WebPage","@id":"https:\/\/unaymilletras.com\/corina-smith-regresa-con-menos-triste-mas-mami-un-diario-emocional\/","url":"https:\/\/unaymilletras.com\/corina-smith-regresa-con-menos-triste-mas-mami-un-diario-emocional\/","name":"Corina Smith regresa con menos triste m\u00e1s mami: un diario emocional","isPartOf":{"@id":"http:\/\/unaymilletras.com\/#website"},"primaryImageOfPage":{"@id":"https:\/\/unaymilletras.com\/corina-smith-regresa-con-menos-triste-mas-mami-un-diario-emocional\/#primaryimage"},"image":{"@id":"https:\/\/unaymilletras.com\/corina-smith-regresa-con-menos-triste-mas-mami-un-diario-emocional\/#primaryimage"},"thumbnailUrl":"https:\/\/unaymilletras.com\/wp-content\/uploads\/2025\/09\/LANDSCAPE-PRESS-e1758899517225.png","datePublished":"2025-09-26T15:15:44+00:00","dateModified":"2025-09-26T15:16:46+00:00","description":"Corina Smith presenta un disco honesto y vulnerable que retrata la transici\u00f3n entre la ilusi\u00f3n, la confusi\u00f3n y la reflexi\u00f3n tras una ruptura","breadcrumb":{"@id":"https:\/\/unaymilletras.com\/corina-smith-regresa-con-menos-triste-mas-mami-un-diario-emocional\/#breadcrumb"},"inLanguage":"en-GB","potentialAction":[{"@type":"ReadAction","target":["https:\/\/unaymilletras.com\/corina-smith-regresa-con-menos-triste-mas-mami-un-diario-emocional\/"]}]},{"@type":"ImageObject","inLanguage":"en-GB","@id":"https:\/\/unaymilletras.com\/corina-smith-regresa-con-menos-triste-mas-mami-un-diario-emocional\/#primaryimage","url":"https:\/\/unaymilletras.com\/wp-content\/uploads\/2025\/09\/LANDSCAPE-PRESS-e1758899517225.png","contentUrl":"https:\/\/unaymilletras.com\/wp-content\/uploads\/2025\/09\/LANDSCAPE-PRESS-e1758899517225.png","width":600,"height":389,"caption":"Foto: Rafael Franceschi \/ Rimas Music"},{"@type":"BreadcrumbList","@id":"https:\/\/unaymilletras.com\/corina-smith-regresa-con-menos-triste-mas-mami-un-diario-emocional\/#breadcrumb","itemListElement":[{"@type":"ListItem","position":1,"name":"Home","item":"http:\/\/unaymilletras.com\/"},{"@type":"ListItem","position":2,"name":"Corina Smith regresa con menos triste m\u00e1s mami: un diario emocional"}]},{"@type":"WebSite","@id":"http:\/\/unaymilletras.com\/#website","url":"http:\/\/unaymilletras.com\/","name":"Una y Mil Letras","description":"","publisher":{"@id":"http:\/\/unaymilletras.com\/#organization"},"potentialAction":[{"@type":"SearchAction","target":{"@type":"EntryPoint","urlTemplate":"http:\/\/unaymilletras.com\/?s={search_term_string}"},"query-input":{"@type":"PropertyValueSpecification","valueRequired":true,"valueName":"search_term_string"}}],"inLanguage":"en-GB"},{"@type":"Organization","@id":"http:\/\/unaymilletras.com\/#organization","name":"Una y Mil Letras","url":"http:\/\/unaymilletras.com\/","logo":{"@type":"ImageObject","inLanguage":"en-GB","@id":"http:\/\/unaymilletras.com\/#\/schema\/logo\/image\/","url":"https:\/\/unaymilletras.com\/wp-content\/uploads\/2024\/06\/cropped-Logo-removebg-preview.png","contentUrl":"https:\/\/unaymilletras.com\/wp-content\/uploads\/2024\/06\/cropped-Logo-removebg-preview.png","width":512,"height":512,"caption":"Una y Mil Letras"},"image":{"@id":"http:\/\/unaymilletras.com\/#\/schema\/logo\/image\/"},"sameAs":["https:\/\/x.com\/UnaYMilLetras","https:\/\/instagram.com\/UnaYMilLetras"]},{"@type":"Person","@id":"http:\/\/unaymilletras.com\/#\/schema\/person\/0860dc8a218329991ee2c7591f4f849d","name":"Redacci\u00f3n","image":{"@type":"ImageObject","inLanguage":"en-GB","@id":"https:\/\/secure.gravatar.com\/avatar\/d8f55e05a8b6597e45c55a1dcbdbfe44f4a360d88b48e00de5216a79b7732796?s=96&d=mm&r=g","url":"https:\/\/secure.gravatar.com\/avatar\/d8f55e05a8b6597e45c55a1dcbdbfe44f4a360d88b48e00de5216a79b7732796?s=96&d=mm&r=g","contentUrl":"https:\/\/secure.gravatar.com\/avatar\/d8f55e05a8b6597e45c55a1dcbdbfe44f4a360d88b48e00de5216a79b7732796?s=96&d=mm&r=g","caption":"Redacci\u00f3n"},"url":"https:\/\/unaymilletras.com\/en\/author\/redaccion\/"}]}},"_links":{"self":[{"href":"https:\/\/unaymilletras.com\/en\/wp-json\/wp\/v2\/posts\/5708","targetHints":{"allow":["GET"]}}],"collection":[{"href":"https:\/\/unaymilletras.com\/en\/wp-json\/wp\/v2\/posts"}],"about":[{"href":"https:\/\/unaymilletras.com\/en\/wp-json\/wp\/v2\/types\/post"}],"author":[{"embeddable":true,"href":"https:\/\/unaymilletras.com\/en\/wp-json\/wp\/v2\/users\/6"}],"replies":[{"embeddable":true,"href":"https:\/\/unaymilletras.com\/en\/wp-json\/wp\/v2\/comments?post=5708"}],"version-history":[{"count":7,"href":"https:\/\/unaymilletras.com\/en\/wp-json\/wp\/v2\/posts\/5708\/revisions"}],"predecessor-version":[{"id":5716,"href":"https:\/\/unaymilletras.com\/en\/wp-json\/wp\/v2\/posts\/5708\/revisions\/5716"}],"wp:featuredmedia":[{"embeddable":true,"href":"https:\/\/unaymilletras.com\/en\/wp-json\/wp\/v2\/media\/5710"}],"wp:attachment":[{"href":"https:\/\/unaymilletras.com\/en\/wp-json\/wp\/v2\/media?parent=5708"}],"wp:term":[{"taxonomy":"category","embeddable":true,"href":"https:\/\/unaymilletras.com\/en\/wp-json\/wp\/v2\/categories?post=5708"},{"taxonomy":"post_tag","embeddable":true,"href":"https:\/\/unaymilletras.com\/en\/wp-json\/wp\/v2\/tags?post=5708"}],"curies":[{"name":"wp","href":"https:\/\/api.w.org\/{rel}","templated":true}]}}