{"id":5718,"date":"2025-09-27T13:05:12","date_gmt":"2025-09-27T11:05:12","guid":{"rendered":"https:\/\/unaymilletras.com\/?p=5718"},"modified":"2025-09-27T13:05:13","modified_gmt":"2025-09-27T11:05:13","slug":"rauw-alejandro-lanza-cosa-nuestra-capitulo-0-su-sexto-album","status":"publish","type":"post","link":"https:\/\/unaymilletras.com\/en\/rauw-alejandro-lanza-cosa-nuestra-capitulo-0-su-sexto-album\/","title":{"rendered":"Rauw Alejandro lanza Cosa Nuestra: Cap\u00edtulo 0, su sexto \u00e1lbum"},"content":{"rendered":"<p><em><strong>El puertorrique\u00f1o Rauw Alejandro realiza un homenaje a los ritmos caribe\u00f1os en su \u00faltimo disco y sigue la estela que protagoniz\u00f3 su pr\u00f3logo<\/strong><\/em><\/p>\n\n\n\n<p>Rauw Alejandro lanz\u00f3 este viernes su esperado sexto \u00e1lbum, Cosa Nuestra: Cap\u00edtulo 0, disponible en todas las plataformas bajo el sello de Sony Music Latin. El proyecto cuenta con 14 canciones compuestos de sonidos, principalmente, caribe\u00f1os. Destacan la salsa, la bachata, la bomba y otros sonidos afrocaribe\u00f1os que lo convierten en uno de los artistas m\u00e1s innovadores de su cultura en los \u00faltimos tiempos.<\/p>\n\n\n\n<p>Entre las colaboraciones resaltan las de Wisin, \u00d1engo Flow, De la Rose, Jey One o Rvssian. Tambi\u00e9n llama la atenci\u00f3n la primera incursi\u00f3n de Rauw en la salsa con los temas de \u00abCallej\u00f3n de los Secretos\u00bb junto a Mon Laferte o \u00abMirando al Cielo\u00bb con Nino Segarra y Dimelo Ninow. Otra colaboraci\u00f3n menos sonada surge en la primera bachata de Rauw, \u00abSilencio\u00bb, la cual est\u00e1 escrita y producida por Romeo Santos.<\/p>\n\n\n\n<figure class=\"wp-block-image size-full\"><img fetchpriority=\"high\" decoding=\"async\" width=\"640\" height=\"960\" src=\"http:\/\/unaymilletras.com\/wp-content\/uploads\/2025\/09\/rauw-1.jpeg\" alt=\"Rauw promociona su lanzamiento\" class=\"wp-image-5720\" srcset=\"https:\/\/unaymilletras.com\/wp-content\/uploads\/2025\/09\/rauw-1.jpeg 640w, https:\/\/unaymilletras.com\/wp-content\/uploads\/2025\/09\/rauw-1-200x300.jpeg 200w, https:\/\/unaymilletras.com\/wp-content\/uploads\/2025\/09\/rauw-1-8x12.jpeg 8w\" sizes=\"(max-width: 640px) 100vw, 640px\" \/><\/figure>\n\n\n\n<p>Cap\u00edtulo 0 es el pr\u00f3logo de Cosa Nuestra, que fue su anterior lanzamiento. Dicho proyecto est\u00e1 nominado a \u00c1lbum del a\u00f1o tanto en Grammy como en Billboard. Ahora Rauw espera con este nuevo \u00e1lbum repetir cifras similares, como la de situar 13 canciones en el top 200 mundial de Spotify. Los temas que adelant\u00f3 tuvieron buena acogida como \u00abCarita Linda\u00bb, \u00abGuabanSexxx\u00bb y \u00abBuenos T\u00e9rminos\u00bb. <\/p>\n\n\n\n<p>Rauw ahora est\u00e1 cerrando las fechas de su gira mundial para as\u00ed deleitar a todos los p\u00fablicos de su nuevo lanzamiento. A partir del 13 de octubre comenzar\u00e1 a cantar en pa\u00edses latinoamericanos, empezando en Santiago de Chile. Todav\u00eda se desconoce cuando volver\u00e1 a Europa. Rauw contin\u00faa a sus 32 a\u00f1os haciendo m\u00fasica y se siente motivado para seguir adelante gracias al reclamo de sus oyentes y el reconocimiento anual de los premios m\u00e1s cotizados de la industria. <\/p>\n\n\n\n<p> <\/p>","protected":false},"excerpt":{"rendered":"<p>El puertorrique\u00f1o Rauw Alejandro realiza un homenaje a los ritmos caribe\u00f1os en su \u00faltimo disco y sigue la estela que protagoniz\u00f3 su pr\u00f3logo Rauw Alejandro lanz\u00f3 este viernes su esperado sexto \u00e1lbum, Cosa Nuestra: Cap\u00edtulo 0, disponible en todas las plataformas bajo el sello de Sony Music Latin. El proyecto cuenta con 14 canciones compuestos [&hellip;]<\/p>\n","protected":false},"author":10,"featured_media":5719,"comment_status":"closed","ping_status":"closed","sticky":false,"template":"","format":"standard","meta":{"footnotes":""},"categories":[4],"tags":[219,218,168,169,215,216],"class_list":["post-5718","post","type-post","status-publish","format-standard","has-post-thumbnail","hentry","category-musica","tag-album-3","tag-cosa-nuestra-capitulo-0","tag-disco","tag-musica","tag-rauw","tag-rauw-alejandro"],"yoast_head":"<!-- This site is optimized with the Yoast SEO plugin v27.4 - https:\/\/yoast.com\/product\/yoast-seo-wordpress\/ -->\n<title>Rauw Alejandro lanza Cosa Nuestra: Cap\u00edtulo 0, su sexto \u00e1lbum &#8902; Una y Mil Letras<\/title>\n<meta name=\"description\" content=\"El puertorrique\u00f1o Rauw Alejandro realiza un homenaje a los ritmos caribe\u00f1os en su \u00faltimo disco y sigue la estela que protagoniz\u00f3 su pr\u00f3logo\" \/>\n<meta name=\"robots\" content=\"index, follow, max-snippet:-1, max-image-preview:large, max-video-preview:-1\" \/>\n<link rel=\"canonical\" href=\"https:\/\/unaymilletras.com\/en\/rauw-alejandro-lanza-cosa-nuestra-capitulo-0-su-sexto-album\/\" \/>\n<meta property=\"og:locale\" content=\"en_GB\" \/>\n<meta property=\"og:type\" content=\"article\" \/>\n<meta property=\"og:title\" content=\"Rauw Alejandro lanza Cosa Nuestra: Cap\u00edtulo 0, su sexto \u00e1lbum &#8902; Una y Mil Letras\" \/>\n<meta property=\"og:description\" content=\"El puertorrique\u00f1o Rauw Alejandro realiza un homenaje a los ritmos caribe\u00f1os en su \u00faltimo disco y sigue la estela que protagoniz\u00f3 su pr\u00f3logo\" \/>\n<meta property=\"og:url\" content=\"https:\/\/unaymilletras.com\/en\/rauw-alejandro-lanza-cosa-nuestra-capitulo-0-su-sexto-album\/\" \/>\n<meta property=\"og:site_name\" content=\"Una y Mil Letras\" \/>\n<meta property=\"article:published_time\" content=\"2025-09-27T11:05:12+00:00\" \/>\n<meta property=\"article:modified_time\" content=\"2025-09-27T11:05:13+00:00\" \/>\n<meta property=\"og:image\" content=\"http:\/\/unaymilletras.com\/wp-content\/uploads\/2025\/09\/rauw2.jpeg\" \/>\n\t<meta property=\"og:image:width\" content=\"640\" \/>\n\t<meta property=\"og:image:height\" content=\"640\" \/>\n\t<meta property=\"og:image:type\" content=\"image\/jpeg\" \/>\n<meta name=\"author\" content=\"David Hern\u00e1ndez\" \/>\n<meta name=\"twitter:card\" content=\"summary_large_image\" \/>\n<meta name=\"twitter:creator\" content=\"@UnaYMilLetras\" \/>\n<meta name=\"twitter:site\" content=\"@UnaYMilLetras\" \/>\n<meta name=\"twitter:label1\" content=\"Written by\" \/>\n\t<meta name=\"twitter:data1\" content=\"David Hern\u00e1ndez\" \/>\n\t<meta name=\"twitter:label2\" content=\"Estimated reading time\" \/>\n\t<meta name=\"twitter:data2\" content=\"2 minutes\" \/>\n<script type=\"application\/ld+json\" class=\"yoast-schema-graph\">{\"@context\":\"https:\\\/\\\/schema.org\",\"@graph\":[{\"@type\":\"Article\",\"@id\":\"https:\\\/\\\/unaymilletras.com\\\/rauw-alejandro-lanza-cosa-nuestra-capitulo-0-su-sexto-album\\\/#article\",\"isPartOf\":{\"@id\":\"https:\\\/\\\/unaymilletras.com\\\/rauw-alejandro-lanza-cosa-nuestra-capitulo-0-su-sexto-album\\\/\"},\"author\":{\"name\":\"David Hern\u00e1ndez\",\"@id\":\"http:\\\/\\\/unaymilletras.com\\\/#\\\/schema\\\/person\\\/0c171c80bc49a58d7a8ed3394548370c\"},\"headline\":\"Rauw Alejandro lanza Cosa Nuestra: Cap\u00edtulo 0, su sexto \u00e1lbum\",\"datePublished\":\"2025-09-27T11:05:12+00:00\",\"dateModified\":\"2025-09-27T11:05:13+00:00\",\"mainEntityOfPage\":{\"@id\":\"https:\\\/\\\/unaymilletras.com\\\/rauw-alejandro-lanza-cosa-nuestra-capitulo-0-su-sexto-album\\\/\"},\"wordCount\":326,\"publisher\":{\"@id\":\"http:\\\/\\\/unaymilletras.com\\\/#organization\"},\"image\":{\"@id\":\"https:\\\/\\\/unaymilletras.com\\\/rauw-alejandro-lanza-cosa-nuestra-capitulo-0-su-sexto-album\\\/#primaryimage\"},\"thumbnailUrl\":\"https:\\\/\\\/unaymilletras.com\\\/wp-content\\\/uploads\\\/2025\\\/09\\\/rauw2.jpeg\",\"keywords\":[\"Album\",\"Cosa Nuestra: Cap\u00edtulo 0\",\"disco\",\"musica\",\"rauw\",\"Rauw Alejandro\"],\"articleSection\":[\"M\u00fasica\"],\"inLanguage\":\"en-GB\"},{\"@type\":\"WebPage\",\"@id\":\"https:\\\/\\\/unaymilletras.com\\\/rauw-alejandro-lanza-cosa-nuestra-capitulo-0-su-sexto-album\\\/\",\"url\":\"https:\\\/\\\/unaymilletras.com\\\/rauw-alejandro-lanza-cosa-nuestra-capitulo-0-su-sexto-album\\\/\",\"name\":\"Rauw Alejandro lanza Cosa Nuestra: Cap\u00edtulo 0, su sexto \u00e1lbum &#8902; Una y Mil Letras\",\"isPartOf\":{\"@id\":\"http:\\\/\\\/unaymilletras.com\\\/#website\"},\"primaryImageOfPage\":{\"@id\":\"https:\\\/\\\/unaymilletras.com\\\/rauw-alejandro-lanza-cosa-nuestra-capitulo-0-su-sexto-album\\\/#primaryimage\"},\"image\":{\"@id\":\"https:\\\/\\\/unaymilletras.com\\\/rauw-alejandro-lanza-cosa-nuestra-capitulo-0-su-sexto-album\\\/#primaryimage\"},\"thumbnailUrl\":\"https:\\\/\\\/unaymilletras.com\\\/wp-content\\\/uploads\\\/2025\\\/09\\\/rauw2.jpeg\",\"datePublished\":\"2025-09-27T11:05:12+00:00\",\"dateModified\":\"2025-09-27T11:05:13+00:00\",\"description\":\"El puertorrique\u00f1o Rauw Alejandro realiza un homenaje a los ritmos caribe\u00f1os en su \u00faltimo disco y sigue la estela que protagoniz\u00f3 su pr\u00f3logo\",\"breadcrumb\":{\"@id\":\"https:\\\/\\\/unaymilletras.com\\\/rauw-alejandro-lanza-cosa-nuestra-capitulo-0-su-sexto-album\\\/#breadcrumb\"},\"inLanguage\":\"en-GB\",\"potentialAction\":[{\"@type\":\"ReadAction\",\"target\":[\"https:\\\/\\\/unaymilletras.com\\\/rauw-alejandro-lanza-cosa-nuestra-capitulo-0-su-sexto-album\\\/\"]}]},{\"@type\":\"ImageObject\",\"inLanguage\":\"en-GB\",\"@id\":\"https:\\\/\\\/unaymilletras.com\\\/rauw-alejandro-lanza-cosa-nuestra-capitulo-0-su-sexto-album\\\/#primaryimage\",\"url\":\"https:\\\/\\\/unaymilletras.com\\\/wp-content\\\/uploads\\\/2025\\\/09\\\/rauw2.jpeg\",\"contentUrl\":\"https:\\\/\\\/unaymilletras.com\\\/wp-content\\\/uploads\\\/2025\\\/09\\\/rauw2.jpeg\",\"width\":640,\"height\":640,\"caption\":\"Rauw lanza Cosa Nuestra: Cap\u00edtulo 0\"},{\"@type\":\"BreadcrumbList\",\"@id\":\"https:\\\/\\\/unaymilletras.com\\\/rauw-alejandro-lanza-cosa-nuestra-capitulo-0-su-sexto-album\\\/#breadcrumb\",\"itemListElement\":[{\"@type\":\"ListItem\",\"position\":1,\"name\":\"Home\",\"item\":\"http:\\\/\\\/unaymilletras.com\\\/\"},{\"@type\":\"ListItem\",\"position\":2,\"name\":\"Rauw Alejandro lanza Cosa Nuestra: Cap\u00edtulo 0, su sexto \u00e1lbum\"}]},{\"@type\":\"WebSite\",\"@id\":\"http:\\\/\\\/unaymilletras.com\\\/#website\",\"url\":\"http:\\\/\\\/unaymilletras.com\\\/\",\"name\":\"Una y Mil Letras\",\"description\":\"\",\"publisher\":{\"@id\":\"http:\\\/\\\/unaymilletras.com\\\/#organization\"},\"potentialAction\":[{\"@type\":\"SearchAction\",\"target\":{\"@type\":\"EntryPoint\",\"urlTemplate\":\"http:\\\/\\\/unaymilletras.com\\\/?s={search_term_string}\"},\"query-input\":{\"@type\":\"PropertyValueSpecification\",\"valueRequired\":true,\"valueName\":\"search_term_string\"}}],\"inLanguage\":\"en-GB\"},{\"@type\":\"Organization\",\"@id\":\"http:\\\/\\\/unaymilletras.com\\\/#organization\",\"name\":\"Una y Mil Letras\",\"url\":\"http:\\\/\\\/unaymilletras.com\\\/\",\"logo\":{\"@type\":\"ImageObject\",\"inLanguage\":\"en-GB\",\"@id\":\"http:\\\/\\\/unaymilletras.com\\\/#\\\/schema\\\/logo\\\/image\\\/\",\"url\":\"https:\\\/\\\/unaymilletras.com\\\/wp-content\\\/uploads\\\/2024\\\/06\\\/cropped-Logo-removebg-preview.png\",\"contentUrl\":\"https:\\\/\\\/unaymilletras.com\\\/wp-content\\\/uploads\\\/2024\\\/06\\\/cropped-Logo-removebg-preview.png\",\"width\":512,\"height\":512,\"caption\":\"Una y Mil Letras\"},\"image\":{\"@id\":\"http:\\\/\\\/unaymilletras.com\\\/#\\\/schema\\\/logo\\\/image\\\/\"},\"sameAs\":[\"https:\\\/\\\/x.com\\\/UnaYMilLetras\",\"https:\\\/\\\/instagram.com\\\/UnaYMilLetras\"]},{\"@type\":\"Person\",\"@id\":\"http:\\\/\\\/unaymilletras.com\\\/#\\\/schema\\\/person\\\/0c171c80bc49a58d7a8ed3394548370c\",\"name\":\"David Hern\u00e1ndez\",\"image\":{\"@type\":\"ImageObject\",\"inLanguage\":\"en-GB\",\"@id\":\"https:\\\/\\\/secure.gravatar.com\\\/avatar\\\/86739d73874dcbc11e4278af33fb905704f5c29329727efb3b0e0bc838b0d469?s=96&d=mm&r=g\",\"url\":\"https:\\\/\\\/secure.gravatar.com\\\/avatar\\\/86739d73874dcbc11e4278af33fb905704f5c29329727efb3b0e0bc838b0d469?s=96&d=mm&r=g\",\"contentUrl\":\"https:\\\/\\\/secure.gravatar.com\\\/avatar\\\/86739d73874dcbc11e4278af33fb905704f5c29329727efb3b0e0bc838b0d469?s=96&d=mm&r=g\",\"caption\":\"David Hern\u00e1ndez\"},\"url\":\"https:\\\/\\\/unaymilletras.com\\\/en\\\/author\\\/davidesel\\\/\"}]}<\/script>\n<!-- \/ Yoast SEO plugin. -->","yoast_head_json":{"title":"Rauw Alejandro lanza Cosa Nuestra: Cap\u00edtulo 0, su sexto \u00e1lbum &#8902; Una y Mil Letras","description":"El puertorrique\u00f1o Rauw Alejandro realiza un homenaje a los ritmos caribe\u00f1os en su \u00faltimo disco y sigue la estela que protagoniz\u00f3 su pr\u00f3logo","robots":{"index":"index","follow":"follow","max-snippet":"max-snippet:-1","max-image-preview":"max-image-preview:large","max-video-preview":"max-video-preview:-1"},"canonical":"https:\/\/unaymilletras.com\/en\/rauw-alejandro-lanza-cosa-nuestra-capitulo-0-su-sexto-album\/","og_locale":"en_GB","og_type":"article","og_title":"Rauw Alejandro lanza Cosa Nuestra: Cap\u00edtulo 0, su sexto \u00e1lbum &#8902; Una y Mil Letras","og_description":"El puertorrique\u00f1o Rauw Alejandro realiza un homenaje a los ritmos caribe\u00f1os en su \u00faltimo disco y sigue la estela que protagoniz\u00f3 su pr\u00f3logo","og_url":"https:\/\/unaymilletras.com\/en\/rauw-alejandro-lanza-cosa-nuestra-capitulo-0-su-sexto-album\/","og_site_name":"Una y Mil Letras","article_published_time":"2025-09-27T11:05:12+00:00","article_modified_time":"2025-09-27T11:05:13+00:00","og_image":[{"width":640,"height":640,"url":"http:\/\/unaymilletras.com\/wp-content\/uploads\/2025\/09\/rauw2.jpeg","type":"image\/jpeg"}],"author":"David Hern\u00e1ndez","twitter_card":"summary_large_image","twitter_creator":"@UnaYMilLetras","twitter_site":"@UnaYMilLetras","twitter_misc":{"Written by":"David Hern\u00e1ndez","Estimated reading time":"2 minutes"},"schema":{"@context":"https:\/\/schema.org","@graph":[{"@type":"Article","@id":"https:\/\/unaymilletras.com\/rauw-alejandro-lanza-cosa-nuestra-capitulo-0-su-sexto-album\/#article","isPartOf":{"@id":"https:\/\/unaymilletras.com\/rauw-alejandro-lanza-cosa-nuestra-capitulo-0-su-sexto-album\/"},"author":{"name":"David Hern\u00e1ndez","@id":"http:\/\/unaymilletras.com\/#\/schema\/person\/0c171c80bc49a58d7a8ed3394548370c"},"headline":"Rauw Alejandro lanza Cosa Nuestra: Cap\u00edtulo 0, su sexto \u00e1lbum","datePublished":"2025-09-27T11:05:12+00:00","dateModified":"2025-09-27T11:05:13+00:00","mainEntityOfPage":{"@id":"https:\/\/unaymilletras.com\/rauw-alejandro-lanza-cosa-nuestra-capitulo-0-su-sexto-album\/"},"wordCount":326,"publisher":{"@id":"http:\/\/unaymilletras.com\/#organization"},"image":{"@id":"https:\/\/unaymilletras.com\/rauw-alejandro-lanza-cosa-nuestra-capitulo-0-su-sexto-album\/#primaryimage"},"thumbnailUrl":"https:\/\/unaymilletras.com\/wp-content\/uploads\/2025\/09\/rauw2.jpeg","keywords":["Album","Cosa Nuestra: Cap\u00edtulo 0","disco","musica","rauw","Rauw Alejandro"],"articleSection":["M\u00fasica"],"inLanguage":"en-GB"},{"@type":"WebPage","@id":"https:\/\/unaymilletras.com\/rauw-alejandro-lanza-cosa-nuestra-capitulo-0-su-sexto-album\/","url":"https:\/\/unaymilletras.com\/rauw-alejandro-lanza-cosa-nuestra-capitulo-0-su-sexto-album\/","name":"Rauw Alejandro lanza Cosa Nuestra: Cap\u00edtulo 0, su sexto \u00e1lbum &#8902; Una y Mil Letras","isPartOf":{"@id":"http:\/\/unaymilletras.com\/#website"},"primaryImageOfPage":{"@id":"https:\/\/unaymilletras.com\/rauw-alejandro-lanza-cosa-nuestra-capitulo-0-su-sexto-album\/#primaryimage"},"image":{"@id":"https:\/\/unaymilletras.com\/rauw-alejandro-lanza-cosa-nuestra-capitulo-0-su-sexto-album\/#primaryimage"},"thumbnailUrl":"https:\/\/unaymilletras.com\/wp-content\/uploads\/2025\/09\/rauw2.jpeg","datePublished":"2025-09-27T11:05:12+00:00","dateModified":"2025-09-27T11:05:13+00:00","description":"El puertorrique\u00f1o Rauw Alejandro realiza un homenaje a los ritmos caribe\u00f1os en su \u00faltimo disco y sigue la estela que protagoniz\u00f3 su pr\u00f3logo","breadcrumb":{"@id":"https:\/\/unaymilletras.com\/rauw-alejandro-lanza-cosa-nuestra-capitulo-0-su-sexto-album\/#breadcrumb"},"inLanguage":"en-GB","potentialAction":[{"@type":"ReadAction","target":["https:\/\/unaymilletras.com\/rauw-alejandro-lanza-cosa-nuestra-capitulo-0-su-sexto-album\/"]}]},{"@type":"ImageObject","inLanguage":"en-GB","@id":"https:\/\/unaymilletras.com\/rauw-alejandro-lanza-cosa-nuestra-capitulo-0-su-sexto-album\/#primaryimage","url":"https:\/\/unaymilletras.com\/wp-content\/uploads\/2025\/09\/rauw2.jpeg","contentUrl":"https:\/\/unaymilletras.com\/wp-content\/uploads\/2025\/09\/rauw2.jpeg","width":640,"height":640,"caption":"Rauw lanza Cosa Nuestra: Cap\u00edtulo 0"},{"@type":"BreadcrumbList","@id":"https:\/\/unaymilletras.com\/rauw-alejandro-lanza-cosa-nuestra-capitulo-0-su-sexto-album\/#breadcrumb","itemListElement":[{"@type":"ListItem","position":1,"name":"Home","item":"http:\/\/unaymilletras.com\/"},{"@type":"ListItem","position":2,"name":"Rauw Alejandro lanza Cosa Nuestra: Cap\u00edtulo 0, su sexto \u00e1lbum"}]},{"@type":"WebSite","@id":"http:\/\/unaymilletras.com\/#website","url":"http:\/\/unaymilletras.com\/","name":"Una y Mil Letras","description":"","publisher":{"@id":"http:\/\/unaymilletras.com\/#organization"},"potentialAction":[{"@type":"SearchAction","target":{"@type":"EntryPoint","urlTemplate":"http:\/\/unaymilletras.com\/?s={search_term_string}"},"query-input":{"@type":"PropertyValueSpecification","valueRequired":true,"valueName":"search_term_string"}}],"inLanguage":"en-GB"},{"@type":"Organization","@id":"http:\/\/unaymilletras.com\/#organization","name":"Una y Mil Letras","url":"http:\/\/unaymilletras.com\/","logo":{"@type":"ImageObject","inLanguage":"en-GB","@id":"http:\/\/unaymilletras.com\/#\/schema\/logo\/image\/","url":"https:\/\/unaymilletras.com\/wp-content\/uploads\/2024\/06\/cropped-Logo-removebg-preview.png","contentUrl":"https:\/\/unaymilletras.com\/wp-content\/uploads\/2024\/06\/cropped-Logo-removebg-preview.png","width":512,"height":512,"caption":"Una y Mil Letras"},"image":{"@id":"http:\/\/unaymilletras.com\/#\/schema\/logo\/image\/"},"sameAs":["https:\/\/x.com\/UnaYMilLetras","https:\/\/instagram.com\/UnaYMilLetras"]},{"@type":"Person","@id":"http:\/\/unaymilletras.com\/#\/schema\/person\/0c171c80bc49a58d7a8ed3394548370c","name":"David Hern\u00e1ndez","image":{"@type":"ImageObject","inLanguage":"en-GB","@id":"https:\/\/secure.gravatar.com\/avatar\/86739d73874dcbc11e4278af33fb905704f5c29329727efb3b0e0bc838b0d469?s=96&d=mm&r=g","url":"https:\/\/secure.gravatar.com\/avatar\/86739d73874dcbc11e4278af33fb905704f5c29329727efb3b0e0bc838b0d469?s=96&d=mm&r=g","contentUrl":"https:\/\/secure.gravatar.com\/avatar\/86739d73874dcbc11e4278af33fb905704f5c29329727efb3b0e0bc838b0d469?s=96&d=mm&r=g","caption":"David Hern\u00e1ndez"},"url":"https:\/\/unaymilletras.com\/en\/author\/davidesel\/"}]}},"_links":{"self":[{"href":"https:\/\/unaymilletras.com\/en\/wp-json\/wp\/v2\/posts\/5718","targetHints":{"allow":["GET"]}}],"collection":[{"href":"https:\/\/unaymilletras.com\/en\/wp-json\/wp\/v2\/posts"}],"about":[{"href":"https:\/\/unaymilletras.com\/en\/wp-json\/wp\/v2\/types\/post"}],"author":[{"embeddable":true,"href":"https:\/\/unaymilletras.com\/en\/wp-json\/wp\/v2\/users\/10"}],"replies":[{"embeddable":true,"href":"https:\/\/unaymilletras.com\/en\/wp-json\/wp\/v2\/comments?post=5718"}],"version-history":[{"count":2,"href":"https:\/\/unaymilletras.com\/en\/wp-json\/wp\/v2\/posts\/5718\/revisions"}],"predecessor-version":[{"id":5787,"href":"https:\/\/unaymilletras.com\/en\/wp-json\/wp\/v2\/posts\/5718\/revisions\/5787"}],"wp:featuredmedia":[{"embeddable":true,"href":"https:\/\/unaymilletras.com\/en\/wp-json\/wp\/v2\/media\/5719"}],"wp:attachment":[{"href":"https:\/\/unaymilletras.com\/en\/wp-json\/wp\/v2\/media?parent=5718"}],"wp:term":[{"taxonomy":"category","embeddable":true,"href":"https:\/\/unaymilletras.com\/en\/wp-json\/wp\/v2\/categories?post=5718"},{"taxonomy":"post_tag","embeddable":true,"href":"https:\/\/unaymilletras.com\/en\/wp-json\/wp\/v2\/tags?post=5718"}],"curies":[{"name":"wp","href":"https:\/\/api.w.org\/{rel}","templated":true}]}}