{"id":5722,"date":"2025-09-29T16:52:35","date_gmt":"2025-09-29T14:52:35","guid":{"rendered":"https:\/\/unaymilletras.com\/?p=5722"},"modified":"2025-09-29T20:29:04","modified_gmt":"2025-09-29T18:29:04","slug":"joaquin-sabina-se-despide-de-valencia-con-dos-conciertos-en-el-roig-arena","status":"publish","type":"post","link":"https:\/\/unaymilletras.com\/en\/joaquin-sabina-se-despide-de-valencia-con-dos-conciertos-en-el-roig-arena\/","title":{"rendered":"Joaqu\u00edn Sabina se despide de Val\u00e8ncia con dos conciertos en el Roig Arena"},"content":{"rendered":"<div data-elementor-type=\"wp-post\" data-elementor-id=\"5722\" class=\"elementor elementor-5722\">\n\t\t\t\t\t\t<section class=\"elementor-section elementor-top-section elementor-element elementor-element-49d8e76 elementor-section-boxed elementor-section-height-default elementor-section-height-default\" data-id=\"49d8e76\" data-element_type=\"section\" data-e-type=\"section\">\n\t\t\t\t\t\t<div class=\"elementor-container elementor-column-gap-default\">\n\t\t\t\t\t<div class=\"elementor-column elementor-col-100 elementor-top-column elementor-element elementor-element-26cf710\" data-id=\"26cf710\" data-element_type=\"column\" data-e-type=\"column\">\n\t\t\t<div class=\"elementor-widget-wrap elementor-element-populated\">\n\t\t\t\t\t\t<div class=\"elementor-element elementor-element-e99e976 elementor-widget elementor-widget-text-editor\" data-id=\"e99e976\" data-element_type=\"widget\" data-e-type=\"widget\" data-widget_type=\"text-editor.default\">\n\t\t\t\t<div class=\"elementor-widget-container\">\n\t\t\t\t\t\t\t\t\t<h2 style=\"text-align: center;\"><span style=\"color: #808080;\"><em>El cantautor Joaqu\u00edn Sabina dir\u00e1 adi\u00f3s a la ciudad los d\u00edas 9 y 11 de octubre dentro de su gira final Hola y Adi\u00f3s<\/em><\/span><\/h2>\t\t\t\t\t\t\t\t<\/div>\n\t\t\t\t<\/div>\n\t\t\t\t\t<\/div>\n\t\t<\/div>\n\t\t\t\t\t<\/div>\n\t\t<\/section>\n\t\t\t\t<section class=\"elementor-section elementor-top-section elementor-element elementor-element-676ed8a elementor-section-boxed elementor-section-height-default elementor-section-height-default\" data-id=\"676ed8a\" data-element_type=\"section\" data-e-type=\"section\">\n\t\t\t\t\t\t<div class=\"elementor-container elementor-column-gap-default\">\n\t\t\t\t\t<div class=\"elementor-column elementor-col-100 elementor-top-column elementor-element elementor-element-2814707\" data-id=\"2814707\" data-element_type=\"column\" data-e-type=\"column\">\n\t\t\t<div class=\"elementor-widget-wrap elementor-element-populated\">\n\t\t\t\t\t\t<div class=\"elementor-element elementor-element-d10c145 elementor-widget elementor-widget-text-editor\" data-id=\"d10c145\" data-element_type=\"widget\" data-e-type=\"widget\" data-widget_type=\"text-editor.default\">\n\t\t\t\t<div class=\"elementor-widget-container\">\n\t\t\t\t\t\t\t\t\t<p data-start=\"350\" data-end=\"546\">El legendario Joaqu\u00edn Sabina actuar\u00e1 en Val\u00e8ncia por \u00faltima vez con su gira de despedida <em data-start=\"439\" data-end=\"453\">Hola y Adi\u00f3s<\/em>. El cantautor ofrecer\u00e1 dos conciertos en el Roig Arena los d\u00edas 9 y 11 de octubre de 2025.<\/p>\n<p data-start=\"548\" data-end=\"833\">Sabina, figura imprescindible de la m\u00fasica en espa\u00f1ol desde los a\u00f1os 80, combina en su estilo el rock, la trova y una poes\u00eda urbana inconfundible. Su capacidad para narrar historias cotidianas lo ha convertido en uno de los artistas m\u00e1s influyentes y queridos de varias generaciones.<\/p>\n<p data-start=\"835\" data-end=\"1047\">Sus canciones, cargadas de iron\u00eda, amor y desamor, han acompa\u00f1ado la vida de millones de oyentes. Cl\u00e1sicos como <em data-start=\"947\" data-end=\"969\">19 d\u00edas y 500 noches<\/em>, <em data-start=\"971\" data-end=\"981\">Princesa<\/em> o <em data-start=\"984\" data-end=\"999\">Y sin embargo<\/em> se han convertido en himnos de su repertorio.<\/p>\t\t\t\t\t\t\t\t<\/div>\n\t\t\t\t<\/div>\n\t\t\t\t\t<\/div>\n\t\t<\/div>\n\t\t\t\t\t<\/div>\n\t\t<\/section>\n\t\t\t\t<section class=\"elementor-section elementor-top-section elementor-element elementor-element-5030e79 elementor-section-boxed elementor-section-height-default elementor-section-height-default\" data-id=\"5030e79\" data-element_type=\"section\" data-e-type=\"section\">\n\t\t\t\t\t\t<div class=\"elementor-container elementor-column-gap-default\">\n\t\t\t\t\t<div class=\"elementor-column elementor-col-100 elementor-top-column elementor-element elementor-element-2f6f62a\" data-id=\"2f6f62a\" data-element_type=\"column\" data-e-type=\"column\">\n\t\t\t<div class=\"elementor-widget-wrap elementor-element-populated\">\n\t\t\t\t\t\t<div class=\"elementor-element elementor-element-f1f0092 elementor-widget elementor-widget-image\" data-id=\"f1f0092\" data-element_type=\"widget\" data-e-type=\"widget\" data-widget_type=\"image.default\">\n\t\t\t\t<div class=\"elementor-widget-container\">\n\t\t\t\t\t\t\t\t\t\t\t\t\t\t\t<img fetchpriority=\"high\" decoding=\"async\" width=\"640\" height=\"363\" src=\"https:\/\/unaymilletras.com\/wp-content\/uploads\/2025\/09\/sabina_valencia_2-1024x580.jpg\" class=\"attachment-large size-large wp-image-5727\" alt=\"Joaqu\u00edn Sabina\" srcset=\"https:\/\/unaymilletras.com\/wp-content\/uploads\/2025\/09\/sabina_valencia_2-1024x580.jpg 1024w, https:\/\/unaymilletras.com\/wp-content\/uploads\/2025\/09\/sabina_valencia_2-300x170.jpg 300w, https:\/\/unaymilletras.com\/wp-content\/uploads\/2025\/09\/sabina_valencia_2-768x435.jpg 768w, https:\/\/unaymilletras.com\/wp-content\/uploads\/2025\/09\/sabina_valencia_2-18x10.jpg 18w, https:\/\/unaymilletras.com\/wp-content\/uploads\/2025\/09\/sabina_valencia_2-e1759157584108.jpg 600w\" sizes=\"(max-width: 640px) 100vw, 640px\" \/>\t\t\t\t\t\t\t\t\t\t\t\t\t\t\t<\/div>\n\t\t\t\t<\/div>\n\t\t\t\t\t<\/div>\n\t\t<\/div>\n\t\t\t\t\t<\/div>\n\t\t<\/section>\n\t\t\t\t<section class=\"elementor-section elementor-top-section elementor-element elementor-element-fcf976e elementor-section-boxed elementor-section-height-default elementor-section-height-default\" data-id=\"fcf976e\" data-element_type=\"section\" data-e-type=\"section\">\n\t\t\t\t\t\t<div class=\"elementor-container elementor-column-gap-default\">\n\t\t\t\t\t<div class=\"elementor-column elementor-col-100 elementor-top-column elementor-element elementor-element-f631435\" data-id=\"f631435\" data-element_type=\"column\" data-e-type=\"column\">\n\t\t\t<div class=\"elementor-widget-wrap elementor-element-populated\">\n\t\t\t\t\t\t<div class=\"elementor-element elementor-element-c3f7a72 elementor-widget elementor-widget-text-editor\" data-id=\"c3f7a72\" data-element_type=\"widget\" data-e-type=\"widget\" data-widget_type=\"text-editor.default\">\n\t\t\t\t<div class=\"elementor-widget-container\">\n\t\t\t\t\t\t\t\t\t<p data-start=\"1049\" data-end=\"1268\">La gira <em data-start=\"1057\" data-end=\"1071\">Hola y Adi\u00f3s<\/em> supone el cierre definitivo de una trayectoria marcada por la pasi\u00f3n y la poes\u00eda. En Val\u00e8ncia, el p\u00fablico tendr\u00e1 la oportunidad de despedirse de Sabina en dos noches que prometen ser memorables.<\/p>\n<p data-start=\"1270\" data-end=\"1526\">Los conciertos repasar\u00e1n grandes \u00e9xitos de su carrera, un legado que ha dejado una huella profunda en la m\u00fasica en espa\u00f1ol. Ser\u00e1 la \u00faltima ocasi\u00f3n de vivir en directo la fuerza esc\u00e9nica de un artista que ha sabido emocionar con cada verso y cada melod\u00eda.<\/p>\n<p data-start=\"1528\" data-end=\"1672\">Con estas actuaciones, Joaqu\u00edn Sabina cierra un cap\u00edtulo fundamental de la cultura musical hispana. Su despedida en Val\u00e8ncia ser\u00e1, sin duda, un acontecimiento inolvidable para todos sus seguidores.<\/p>\n<hr data-start=\"1875\" data-end=\"1880\">\n<p data-start=\"1882\" data-end=\"2037\" data-is-last-node=\"\" data-is-only-node=\"\">\n<\/p>\t\t\t\t\t\t\t\t<\/div>\n\t\t\t\t<\/div>\n\t\t\t\t\t<\/div>\n\t\t<\/div>\n\t\t\t\t\t<\/div>\n\t\t<\/section>\n\t\t\t\t<\/div>","protected":false},"excerpt":{"rendered":"<p>El cantautor Joaqu\u00edn Sabina dir\u00e1 adi\u00f3s a la ciudad los d\u00edas 9 y 11 de octubre dentro de su gira final Hola y Adi\u00f3s El legendario Joaqu\u00edn Sabina actuar\u00e1 en Val\u00e8ncia por \u00faltima vez con su gira de despedida Hola y Adi\u00f3s. El cantautor ofrecer\u00e1 dos conciertos en el Roig Arena los d\u00edas 9 y [&hellip;]<\/p>\n","protected":false},"author":6,"featured_media":5727,"comment_status":"closed","ping_status":"closed","sticky":false,"template":"","format":"standard","meta":{"footnotes":""},"categories":[4],"tags":[],"class_list":["post-5722","post","type-post","status-publish","format-standard","has-post-thumbnail","hentry","category-musica"],"yoast_head":"<!-- This site is optimized with the Yoast SEO plugin v27.4 - https:\/\/yoast.com\/product\/yoast-seo-wordpress\/ -->\n<title>Joaqu\u00edn Sabina se despide de Val\u00e8ncia con dos conciertos en el Roig Arena<\/title>\n<meta name=\"description\" content=\"El cantautor Joaqu\u00edn Sabina dir\u00e1 adi\u00f3s a la ciudad los d\u00edas 9 y 11 de octubre dentro de su gira final Hola y Adi\u00f3s\" \/>\n<meta name=\"robots\" content=\"index, follow, max-snippet:-1, max-image-preview:large, max-video-preview:-1\" \/>\n<link rel=\"canonical\" href=\"https:\/\/unaymilletras.com\/en\/joaquin-sabina-se-despide-de-valencia-con-dos-conciertos-en-el-roig-arena\/\" \/>\n<meta property=\"og:locale\" content=\"en_GB\" \/>\n<meta property=\"og:type\" content=\"article\" \/>\n<meta property=\"og:title\" content=\"Joaqu\u00edn Sabina se despide de Val\u00e8ncia con dos conciertos en el Roig Arena\" \/>\n<meta property=\"og:description\" content=\"El cantautor Joaqu\u00edn Sabina dir\u00e1 adi\u00f3s a la ciudad los d\u00edas 9 y 11 de octubre dentro de su gira final Hola y Adi\u00f3s\" \/>\n<meta property=\"og:url\" content=\"https:\/\/unaymilletras.com\/en\/joaquin-sabina-se-despide-de-valencia-con-dos-conciertos-en-el-roig-arena\/\" \/>\n<meta property=\"og:site_name\" content=\"Una y Mil Letras\" \/>\n<meta property=\"article:published_time\" content=\"2025-09-29T14:52:35+00:00\" \/>\n<meta property=\"article:modified_time\" content=\"2025-09-29T18:29:04+00:00\" \/>\n<meta property=\"og:image\" content=\"http:\/\/unaymilletras.com\/wp-content\/uploads\/2025\/09\/sabina_valencia_2-e1759157584108.jpg\" \/>\n\t<meta property=\"og:image:width\" content=\"600\" \/>\n\t<meta property=\"og:image:height\" content=\"340\" \/>\n\t<meta property=\"og:image:type\" content=\"image\/jpeg\" \/>\n<meta name=\"author\" content=\"Redacci\u00f3n\" \/>\n<meta name=\"twitter:card\" content=\"summary_large_image\" \/>\n<meta name=\"twitter:creator\" content=\"@UnaYMilLetras\" \/>\n<meta name=\"twitter:site\" content=\"@UnaYMilLetras\" \/>\n<meta name=\"twitter:label1\" content=\"Written by\" \/>\n\t<meta name=\"twitter:data1\" content=\"Redacci\u00f3n\" \/>\n\t<meta name=\"twitter:label2\" content=\"Estimated reading time\" \/>\n\t<meta name=\"twitter:data2\" content=\"2 minutes\" \/>\n<script type=\"application\/ld+json\" class=\"yoast-schema-graph\">{\"@context\":\"https:\\\/\\\/schema.org\",\"@graph\":[{\"@type\":\"Article\",\"@id\":\"https:\\\/\\\/unaymilletras.com\\\/joaquin-sabina-se-despide-de-valencia-con-dos-conciertos-en-el-roig-arena\\\/#article\",\"isPartOf\":{\"@id\":\"https:\\\/\\\/unaymilletras.com\\\/joaquin-sabina-se-despide-de-valencia-con-dos-conciertos-en-el-roig-arena\\\/\"},\"author\":{\"name\":\"Redacci\u00f3n\",\"@id\":\"http:\\\/\\\/unaymilletras.com\\\/#\\\/schema\\\/person\\\/0860dc8a218329991ee2c7591f4f849d\"},\"headline\":\"Joaqu\u00edn Sabina se despide de Val\u00e8ncia con dos conciertos en el Roig Arena\",\"datePublished\":\"2025-09-29T14:52:35+00:00\",\"dateModified\":\"2025-09-29T18:29:04+00:00\",\"mainEntityOfPage\":{\"@id\":\"https:\\\/\\\/unaymilletras.com\\\/joaquin-sabina-se-despide-de-valencia-con-dos-conciertos-en-el-roig-arena\\\/\"},\"wordCount\":290,\"publisher\":{\"@id\":\"http:\\\/\\\/unaymilletras.com\\\/#organization\"},\"image\":{\"@id\":\"https:\\\/\\\/unaymilletras.com\\\/joaquin-sabina-se-despide-de-valencia-con-dos-conciertos-en-el-roig-arena\\\/#primaryimage\"},\"thumbnailUrl\":\"https:\\\/\\\/unaymilletras.com\\\/wp-content\\\/uploads\\\/2025\\\/09\\\/sabina_valencia_2-e1759157584108.jpg\",\"articleSection\":[\"M\u00fasica\"],\"inLanguage\":\"en-GB\"},{\"@type\":\"WebPage\",\"@id\":\"https:\\\/\\\/unaymilletras.com\\\/joaquin-sabina-se-despide-de-valencia-con-dos-conciertos-en-el-roig-arena\\\/\",\"url\":\"https:\\\/\\\/unaymilletras.com\\\/joaquin-sabina-se-despide-de-valencia-con-dos-conciertos-en-el-roig-arena\\\/\",\"name\":\"Joaqu\u00edn Sabina se despide de Val\u00e8ncia con dos conciertos en el Roig Arena\",\"isPartOf\":{\"@id\":\"http:\\\/\\\/unaymilletras.com\\\/#website\"},\"primaryImageOfPage\":{\"@id\":\"https:\\\/\\\/unaymilletras.com\\\/joaquin-sabina-se-despide-de-valencia-con-dos-conciertos-en-el-roig-arena\\\/#primaryimage\"},\"image\":{\"@id\":\"https:\\\/\\\/unaymilletras.com\\\/joaquin-sabina-se-despide-de-valencia-con-dos-conciertos-en-el-roig-arena\\\/#primaryimage\"},\"thumbnailUrl\":\"https:\\\/\\\/unaymilletras.com\\\/wp-content\\\/uploads\\\/2025\\\/09\\\/sabina_valencia_2-e1759157584108.jpg\",\"datePublished\":\"2025-09-29T14:52:35+00:00\",\"dateModified\":\"2025-09-29T18:29:04+00:00\",\"description\":\"El cantautor Joaqu\u00edn Sabina dir\u00e1 adi\u00f3s a la ciudad los d\u00edas 9 y 11 de octubre dentro de su gira final Hola y Adi\u00f3s\",\"breadcrumb\":{\"@id\":\"https:\\\/\\\/unaymilletras.com\\\/joaquin-sabina-se-despide-de-valencia-con-dos-conciertos-en-el-roig-arena\\\/#breadcrumb\"},\"inLanguage\":\"en-GB\",\"potentialAction\":[{\"@type\":\"ReadAction\",\"target\":[\"https:\\\/\\\/unaymilletras.com\\\/joaquin-sabina-se-despide-de-valencia-con-dos-conciertos-en-el-roig-arena\\\/\"]}]},{\"@type\":\"ImageObject\",\"inLanguage\":\"en-GB\",\"@id\":\"https:\\\/\\\/unaymilletras.com\\\/joaquin-sabina-se-despide-de-valencia-con-dos-conciertos-en-el-roig-arena\\\/#primaryimage\",\"url\":\"https:\\\/\\\/unaymilletras.com\\\/wp-content\\\/uploads\\\/2025\\\/09\\\/sabina_valencia_2-e1759157584108.jpg\",\"contentUrl\":\"https:\\\/\\\/unaymilletras.com\\\/wp-content\\\/uploads\\\/2025\\\/09\\\/sabina_valencia_2-e1759157584108.jpg\",\"width\":600,\"height\":340,\"caption\":\"Joaqu\u00edn Sabina\"},{\"@type\":\"BreadcrumbList\",\"@id\":\"https:\\\/\\\/unaymilletras.com\\\/joaquin-sabina-se-despide-de-valencia-con-dos-conciertos-en-el-roig-arena\\\/#breadcrumb\",\"itemListElement\":[{\"@type\":\"ListItem\",\"position\":1,\"name\":\"Home\",\"item\":\"http:\\\/\\\/unaymilletras.com\\\/\"},{\"@type\":\"ListItem\",\"position\":2,\"name\":\"Joaqu\u00edn Sabina se despide de Val\u00e8ncia con dos conciertos en el Roig Arena\"}]},{\"@type\":\"WebSite\",\"@id\":\"http:\\\/\\\/unaymilletras.com\\\/#website\",\"url\":\"http:\\\/\\\/unaymilletras.com\\\/\",\"name\":\"Una y Mil Letras\",\"description\":\"\",\"publisher\":{\"@id\":\"http:\\\/\\\/unaymilletras.com\\\/#organization\"},\"potentialAction\":[{\"@type\":\"SearchAction\",\"target\":{\"@type\":\"EntryPoint\",\"urlTemplate\":\"http:\\\/\\\/unaymilletras.com\\\/?s={search_term_string}\"},\"query-input\":{\"@type\":\"PropertyValueSpecification\",\"valueRequired\":true,\"valueName\":\"search_term_string\"}}],\"inLanguage\":\"en-GB\"},{\"@type\":\"Organization\",\"@id\":\"http:\\\/\\\/unaymilletras.com\\\/#organization\",\"name\":\"Una y Mil Letras\",\"url\":\"http:\\\/\\\/unaymilletras.com\\\/\",\"logo\":{\"@type\":\"ImageObject\",\"inLanguage\":\"en-GB\",\"@id\":\"http:\\\/\\\/unaymilletras.com\\\/#\\\/schema\\\/logo\\\/image\\\/\",\"url\":\"https:\\\/\\\/unaymilletras.com\\\/wp-content\\\/uploads\\\/2024\\\/06\\\/cropped-Logo-removebg-preview.png\",\"contentUrl\":\"https:\\\/\\\/unaymilletras.com\\\/wp-content\\\/uploads\\\/2024\\\/06\\\/cropped-Logo-removebg-preview.png\",\"width\":512,\"height\":512,\"caption\":\"Una y Mil Letras\"},\"image\":{\"@id\":\"http:\\\/\\\/unaymilletras.com\\\/#\\\/schema\\\/logo\\\/image\\\/\"},\"sameAs\":[\"https:\\\/\\\/x.com\\\/UnaYMilLetras\",\"https:\\\/\\\/instagram.com\\\/UnaYMilLetras\"]},{\"@type\":\"Person\",\"@id\":\"http:\\\/\\\/unaymilletras.com\\\/#\\\/schema\\\/person\\\/0860dc8a218329991ee2c7591f4f849d\",\"name\":\"Redacci\u00f3n\",\"image\":{\"@type\":\"ImageObject\",\"inLanguage\":\"en-GB\",\"@id\":\"https:\\\/\\\/secure.gravatar.com\\\/avatar\\\/d8f55e05a8b6597e45c55a1dcbdbfe44f4a360d88b48e00de5216a79b7732796?s=96&d=mm&r=g\",\"url\":\"https:\\\/\\\/secure.gravatar.com\\\/avatar\\\/d8f55e05a8b6597e45c55a1dcbdbfe44f4a360d88b48e00de5216a79b7732796?s=96&d=mm&r=g\",\"contentUrl\":\"https:\\\/\\\/secure.gravatar.com\\\/avatar\\\/d8f55e05a8b6597e45c55a1dcbdbfe44f4a360d88b48e00de5216a79b7732796?s=96&d=mm&r=g\",\"caption\":\"Redacci\u00f3n\"},\"url\":\"https:\\\/\\\/unaymilletras.com\\\/en\\\/author\\\/redaccion\\\/\"}]}<\/script>\n<!-- \/ Yoast SEO plugin. -->","yoast_head_json":{"title":"Joaqu\u00edn Sabina se despide de Val\u00e8ncia con dos conciertos en el Roig Arena","description":"El cantautor Joaqu\u00edn Sabina dir\u00e1 adi\u00f3s a la ciudad los d\u00edas 9 y 11 de octubre dentro de su gira final Hola y Adi\u00f3s","robots":{"index":"index","follow":"follow","max-snippet":"max-snippet:-1","max-image-preview":"max-image-preview:large","max-video-preview":"max-video-preview:-1"},"canonical":"https:\/\/unaymilletras.com\/en\/joaquin-sabina-se-despide-de-valencia-con-dos-conciertos-en-el-roig-arena\/","og_locale":"en_GB","og_type":"article","og_title":"Joaqu\u00edn Sabina se despide de Val\u00e8ncia con dos conciertos en el Roig Arena","og_description":"El cantautor Joaqu\u00edn Sabina dir\u00e1 adi\u00f3s a la ciudad los d\u00edas 9 y 11 de octubre dentro de su gira final Hola y Adi\u00f3s","og_url":"https:\/\/unaymilletras.com\/en\/joaquin-sabina-se-despide-de-valencia-con-dos-conciertos-en-el-roig-arena\/","og_site_name":"Una y Mil Letras","article_published_time":"2025-09-29T14:52:35+00:00","article_modified_time":"2025-09-29T18:29:04+00:00","og_image":[{"width":600,"height":340,"url":"http:\/\/unaymilletras.com\/wp-content\/uploads\/2025\/09\/sabina_valencia_2-e1759157584108.jpg","type":"image\/jpeg"}],"author":"Redacci\u00f3n","twitter_card":"summary_large_image","twitter_creator":"@UnaYMilLetras","twitter_site":"@UnaYMilLetras","twitter_misc":{"Written by":"Redacci\u00f3n","Estimated reading time":"2 minutes"},"schema":{"@context":"https:\/\/schema.org","@graph":[{"@type":"Article","@id":"https:\/\/unaymilletras.com\/joaquin-sabina-se-despide-de-valencia-con-dos-conciertos-en-el-roig-arena\/#article","isPartOf":{"@id":"https:\/\/unaymilletras.com\/joaquin-sabina-se-despide-de-valencia-con-dos-conciertos-en-el-roig-arena\/"},"author":{"name":"Redacci\u00f3n","@id":"http:\/\/unaymilletras.com\/#\/schema\/person\/0860dc8a218329991ee2c7591f4f849d"},"headline":"Joaqu\u00edn Sabina se despide de Val\u00e8ncia con dos conciertos en el Roig Arena","datePublished":"2025-09-29T14:52:35+00:00","dateModified":"2025-09-29T18:29:04+00:00","mainEntityOfPage":{"@id":"https:\/\/unaymilletras.com\/joaquin-sabina-se-despide-de-valencia-con-dos-conciertos-en-el-roig-arena\/"},"wordCount":290,"publisher":{"@id":"http:\/\/unaymilletras.com\/#organization"},"image":{"@id":"https:\/\/unaymilletras.com\/joaquin-sabina-se-despide-de-valencia-con-dos-conciertos-en-el-roig-arena\/#primaryimage"},"thumbnailUrl":"https:\/\/unaymilletras.com\/wp-content\/uploads\/2025\/09\/sabina_valencia_2-e1759157584108.jpg","articleSection":["M\u00fasica"],"inLanguage":"en-GB"},{"@type":"WebPage","@id":"https:\/\/unaymilletras.com\/joaquin-sabina-se-despide-de-valencia-con-dos-conciertos-en-el-roig-arena\/","url":"https:\/\/unaymilletras.com\/joaquin-sabina-se-despide-de-valencia-con-dos-conciertos-en-el-roig-arena\/","name":"Joaqu\u00edn Sabina se despide de Val\u00e8ncia con dos conciertos en el Roig Arena","isPartOf":{"@id":"http:\/\/unaymilletras.com\/#website"},"primaryImageOfPage":{"@id":"https:\/\/unaymilletras.com\/joaquin-sabina-se-despide-de-valencia-con-dos-conciertos-en-el-roig-arena\/#primaryimage"},"image":{"@id":"https:\/\/unaymilletras.com\/joaquin-sabina-se-despide-de-valencia-con-dos-conciertos-en-el-roig-arena\/#primaryimage"},"thumbnailUrl":"https:\/\/unaymilletras.com\/wp-content\/uploads\/2025\/09\/sabina_valencia_2-e1759157584108.jpg","datePublished":"2025-09-29T14:52:35+00:00","dateModified":"2025-09-29T18:29:04+00:00","description":"El cantautor Joaqu\u00edn Sabina dir\u00e1 adi\u00f3s a la ciudad los d\u00edas 9 y 11 de octubre dentro de su gira final Hola y Adi\u00f3s","breadcrumb":{"@id":"https:\/\/unaymilletras.com\/joaquin-sabina-se-despide-de-valencia-con-dos-conciertos-en-el-roig-arena\/#breadcrumb"},"inLanguage":"en-GB","potentialAction":[{"@type":"ReadAction","target":["https:\/\/unaymilletras.com\/joaquin-sabina-se-despide-de-valencia-con-dos-conciertos-en-el-roig-arena\/"]}]},{"@type":"ImageObject","inLanguage":"en-GB","@id":"https:\/\/unaymilletras.com\/joaquin-sabina-se-despide-de-valencia-con-dos-conciertos-en-el-roig-arena\/#primaryimage","url":"https:\/\/unaymilletras.com\/wp-content\/uploads\/2025\/09\/sabina_valencia_2-e1759157584108.jpg","contentUrl":"https:\/\/unaymilletras.com\/wp-content\/uploads\/2025\/09\/sabina_valencia_2-e1759157584108.jpg","width":600,"height":340,"caption":"Joaqu\u00edn Sabina"},{"@type":"BreadcrumbList","@id":"https:\/\/unaymilletras.com\/joaquin-sabina-se-despide-de-valencia-con-dos-conciertos-en-el-roig-arena\/#breadcrumb","itemListElement":[{"@type":"ListItem","position":1,"name":"Home","item":"http:\/\/unaymilletras.com\/"},{"@type":"ListItem","position":2,"name":"Joaqu\u00edn Sabina se despide de Val\u00e8ncia con dos conciertos en el Roig Arena"}]},{"@type":"WebSite","@id":"http:\/\/unaymilletras.com\/#website","url":"http:\/\/unaymilletras.com\/","name":"Una y Mil Letras","description":"","publisher":{"@id":"http:\/\/unaymilletras.com\/#organization"},"potentialAction":[{"@type":"SearchAction","target":{"@type":"EntryPoint","urlTemplate":"http:\/\/unaymilletras.com\/?s={search_term_string}"},"query-input":{"@type":"PropertyValueSpecification","valueRequired":true,"valueName":"search_term_string"}}],"inLanguage":"en-GB"},{"@type":"Organization","@id":"http:\/\/unaymilletras.com\/#organization","name":"Una y Mil Letras","url":"http:\/\/unaymilletras.com\/","logo":{"@type":"ImageObject","inLanguage":"en-GB","@id":"http:\/\/unaymilletras.com\/#\/schema\/logo\/image\/","url":"https:\/\/unaymilletras.com\/wp-content\/uploads\/2024\/06\/cropped-Logo-removebg-preview.png","contentUrl":"https:\/\/unaymilletras.com\/wp-content\/uploads\/2024\/06\/cropped-Logo-removebg-preview.png","width":512,"height":512,"caption":"Una y Mil Letras"},"image":{"@id":"http:\/\/unaymilletras.com\/#\/schema\/logo\/image\/"},"sameAs":["https:\/\/x.com\/UnaYMilLetras","https:\/\/instagram.com\/UnaYMilLetras"]},{"@type":"Person","@id":"http:\/\/unaymilletras.com\/#\/schema\/person\/0860dc8a218329991ee2c7591f4f849d","name":"Redacci\u00f3n","image":{"@type":"ImageObject","inLanguage":"en-GB","@id":"https:\/\/secure.gravatar.com\/avatar\/d8f55e05a8b6597e45c55a1dcbdbfe44f4a360d88b48e00de5216a79b7732796?s=96&d=mm&r=g","url":"https:\/\/secure.gravatar.com\/avatar\/d8f55e05a8b6597e45c55a1dcbdbfe44f4a360d88b48e00de5216a79b7732796?s=96&d=mm&r=g","contentUrl":"https:\/\/secure.gravatar.com\/avatar\/d8f55e05a8b6597e45c55a1dcbdbfe44f4a360d88b48e00de5216a79b7732796?s=96&d=mm&r=g","caption":"Redacci\u00f3n"},"url":"https:\/\/unaymilletras.com\/en\/author\/redaccion\/"}]}},"_links":{"self":[{"href":"https:\/\/unaymilletras.com\/en\/wp-json\/wp\/v2\/posts\/5722","targetHints":{"allow":["GET"]}}],"collection":[{"href":"https:\/\/unaymilletras.com\/en\/wp-json\/wp\/v2\/posts"}],"about":[{"href":"https:\/\/unaymilletras.com\/en\/wp-json\/wp\/v2\/types\/post"}],"author":[{"embeddable":true,"href":"https:\/\/unaymilletras.com\/en\/wp-json\/wp\/v2\/users\/6"}],"replies":[{"embeddable":true,"href":"https:\/\/unaymilletras.com\/en\/wp-json\/wp\/v2\/comments?post=5722"}],"version-history":[{"count":10,"href":"https:\/\/unaymilletras.com\/en\/wp-json\/wp\/v2\/posts\/5722\/revisions"}],"predecessor-version":[{"id":5733,"href":"https:\/\/unaymilletras.com\/en\/wp-json\/wp\/v2\/posts\/5722\/revisions\/5733"}],"wp:featuredmedia":[{"embeddable":true,"href":"https:\/\/unaymilletras.com\/en\/wp-json\/wp\/v2\/media\/5727"}],"wp:attachment":[{"href":"https:\/\/unaymilletras.com\/en\/wp-json\/wp\/v2\/media?parent=5722"}],"wp:term":[{"taxonomy":"category","embeddable":true,"href":"https:\/\/unaymilletras.com\/en\/wp-json\/wp\/v2\/categories?post=5722"},{"taxonomy":"post_tag","embeddable":true,"href":"https:\/\/unaymilletras.com\/en\/wp-json\/wp\/v2\/tags?post=5722"}],"curies":[{"name":"wp","href":"https:\/\/api.w.org\/{rel}","templated":true}]}}