{"id":5743,"date":"2025-09-30T12:57:00","date_gmt":"2025-09-30T10:57:00","guid":{"rendered":"https:\/\/unaymilletras.com\/?p=5743"},"modified":"2025-10-04T13:29:54","modified_gmt":"2025-10-04T11:29:54","slug":"duki-lanza-la-edicion-en-vinilo-de-ameri-en-espana","status":"publish","type":"post","link":"https:\/\/unaymilletras.com\/en\/duki-lanza-la-edicion-en-vinilo-de-ameri-en-espana\/","title":{"rendered":"Duki lanza la edici\u00f3n en vinilo de AMERI en Espa\u00f1a"},"content":{"rendered":"<div data-elementor-type=\"wp-post\" data-elementor-id=\"5743\" class=\"elementor elementor-5743\">\n\t\t\t\t\t\t<section class=\"elementor-section elementor-top-section elementor-element elementor-element-97cdbca elementor-section-boxed elementor-section-height-default elementor-section-height-default\" data-id=\"97cdbca\" data-element_type=\"section\" data-e-type=\"section\">\n\t\t\t\t\t\t<div class=\"elementor-container elementor-column-gap-default\">\n\t\t\t\t\t<div class=\"elementor-column elementor-col-100 elementor-top-column elementor-element elementor-element-0749ebe\" data-id=\"0749ebe\" data-element_type=\"column\" data-e-type=\"column\">\n\t\t\t<div class=\"elementor-widget-wrap elementor-element-populated\">\n\t\t\t\t\t\t<div class=\"elementor-element elementor-element-abec15e elementor-widget elementor-widget-text-editor\" data-id=\"abec15e\" data-element_type=\"widget\" data-e-type=\"widget\" data-widget_type=\"text-editor.default\">\n\t\t\t\t<div class=\"elementor-widget-container\">\n\t\t\t\t\t\t\t\t\t<h2 style=\"text-align: center;\"><span style=\"color: #808080;\"><em>El \u00e1lbum m\u00e1s importante de la carrera de Duki llega en formato coleccionista con sorteo exclusivo de experiencias con el artista<\/em><\/span><\/h2>\t\t\t\t\t\t\t\t<\/div>\n\t\t\t\t<\/div>\n\t\t\t\t\t<\/div>\n\t\t<\/div>\n\t\t\t\t\t<\/div>\n\t\t<\/section>\n\t\t\t\t<section class=\"elementor-section elementor-top-section elementor-element elementor-element-8b4a0e8 elementor-section-boxed elementor-section-height-default elementor-section-height-default\" data-id=\"8b4a0e8\" data-element_type=\"section\" data-e-type=\"section\">\n\t\t\t\t\t\t<div class=\"elementor-container elementor-column-gap-default\">\n\t\t\t\t\t<div class=\"elementor-column elementor-col-100 elementor-top-column elementor-element elementor-element-a90c336\" data-id=\"a90c336\" data-element_type=\"column\" data-e-type=\"column\">\n\t\t\t<div class=\"elementor-widget-wrap elementor-element-populated\">\n\t\t\t\t\t\t<div class=\"elementor-element elementor-element-7ff5319 elementor-widget elementor-widget-text-editor\" data-id=\"7ff5319\" data-element_type=\"widget\" data-e-type=\"widget\" data-widget_type=\"text-editor.default\">\n\t\t\t\t<div class=\"elementor-widget-container\">\n\t\t\t\t\t\t\t\t\t<p data-start=\"556\" data-end=\"833\">Con este lanzamiento, <b>Duki<\/b> ofrece a sus fan\u00e1ticos la posibilidad de acceder a un sorteo exclusivo al comprar el vinilo. Los premios incluyen un pase meet &amp; greet en el backstage de su show en Madrid, dos entradas de pista A o un pack de merchandising oficial.<\/p>\n<p data-start=\"835\" data-end=\"1053\">El sorteo estar\u00e1 activo hasta el 10 de octubre. Los cinco ganadores descubrir\u00e1n su premio dentro del propio vinilo de <em data-start=\"953\" data-end=\"960\">AMERI<\/em>, a trav\u00e9s de un ticket especial que deber\u00e1n validar siguiendo las instrucciones incluidas.<\/p>\n<p data-start=\"1055\" data-end=\"1348\">Publicado en 2024, <em data-start=\"1074\" data-end=\"1081\">AMERI<\/em> es considerado el \u00e1lbum m\u00e1s importante de la carrera de Duki. Con un sonido renovado y letras introspectivas, el proyecto re\u00fane 15 canciones y colaboraciones de peso internacional como Myke Towers, Arc\u00e1ngel, Eladio Carri\u00f3n, Judeline, Lia Kali, Morad y Wiz Khalifa.<\/p>\t\t\t\t\t\t\t\t<\/div>\n\t\t\t\t<\/div>\n\t\t\t\t\t<\/div>\n\t\t<\/div>\n\t\t\t\t\t<\/div>\n\t\t<\/section>\n\t\t\t\t<section class=\"elementor-section elementor-top-section elementor-element elementor-element-2fc7230 elementor-section-boxed elementor-section-height-default elementor-section-height-default\" data-id=\"2fc7230\" data-element_type=\"section\" data-e-type=\"section\">\n\t\t\t\t\t\t<div class=\"elementor-container elementor-column-gap-default\">\n\t\t\t\t\t<div class=\"elementor-column elementor-col-50 elementor-top-column elementor-element elementor-element-de52d55\" data-id=\"de52d55\" data-element_type=\"column\" data-e-type=\"column\">\n\t\t\t<div class=\"elementor-widget-wrap elementor-element-populated\">\n\t\t\t\t\t\t<div class=\"elementor-element elementor-element-66fb2f9 elementor-widget elementor-widget-image\" data-id=\"66fb2f9\" data-element_type=\"widget\" data-e-type=\"widget\" data-widget_type=\"image.default\">\n\t\t\t\t<div class=\"elementor-widget-container\">\n\t\t\t\t\t\t\t\t\t\t\t\t\t\t\t<img fetchpriority=\"high\" decoding=\"async\" width=\"600\" height=\"600\" src=\"https:\/\/unaymilletras.com\/wp-content\/uploads\/2025\/09\/image-e1759172138696.jpg\" class=\"attachment-large size-large wp-image-5745\" alt=\"Duki\" \/>\t\t\t\t\t\t\t\t\t\t\t\t\t\t\t<\/div>\n\t\t\t\t<\/div>\n\t\t\t\t\t<\/div>\n\t\t<\/div>\n\t\t\t\t<div class=\"elementor-column elementor-col-50 elementor-top-column elementor-element elementor-element-97e23f2\" data-id=\"97e23f2\" data-element_type=\"column\" data-e-type=\"column\">\n\t\t\t<div class=\"elementor-widget-wrap elementor-element-populated\">\n\t\t\t\t\t\t<div class=\"elementor-element elementor-element-81c356c elementor-widget elementor-widget-image\" data-id=\"81c356c\" data-element_type=\"widget\" data-e-type=\"widget\" data-widget_type=\"image.default\">\n\t\t\t\t<div class=\"elementor-widget-container\">\n\t\t\t\t\t\t\t\t\t\t\t\t\t\t\t<img decoding=\"async\" width=\"640\" height=\"640\" src=\"https:\/\/unaymilletras.com\/wp-content\/uploads\/2025\/09\/image-1-1024x1024.jpg\" class=\"attachment-large size-large wp-image-5746\" alt=\"Duki\" srcset=\"https:\/\/unaymilletras.com\/wp-content\/uploads\/2025\/09\/image-1-1024x1024.jpg 1024w, https:\/\/unaymilletras.com\/wp-content\/uploads\/2025\/09\/image-1-300x300.jpg 300w, https:\/\/unaymilletras.com\/wp-content\/uploads\/2025\/09\/image-1-150x150.jpg 150w, https:\/\/unaymilletras.com\/wp-content\/uploads\/2025\/09\/image-1-768x768.jpg 768w, https:\/\/unaymilletras.com\/wp-content\/uploads\/2025\/09\/image-1-1536x1536.jpg 1536w, https:\/\/unaymilletras.com\/wp-content\/uploads\/2025\/09\/image-1-12x12.jpg 12w, https:\/\/unaymilletras.com\/wp-content\/uploads\/2025\/09\/image-1-e1759172152754.jpg 600w\" sizes=\"(max-width: 640px) 100vw, 640px\" \/>\t\t\t\t\t\t\t\t\t\t\t\t\t\t\t<\/div>\n\t\t\t\t<\/div>\n\t\t\t\t\t<\/div>\n\t\t<\/div>\n\t\t\t\t\t<\/div>\n\t\t<\/section>\n\t\t\t\t<section class=\"elementor-section elementor-top-section elementor-element elementor-element-4939cbb elementor-section-boxed elementor-section-height-default elementor-section-height-default\" data-id=\"4939cbb\" data-element_type=\"section\" data-e-type=\"section\">\n\t\t\t\t\t\t<div class=\"elementor-container elementor-column-gap-default\">\n\t\t\t\t\t<div class=\"elementor-column elementor-col-100 elementor-top-column elementor-element elementor-element-6d76d3f\" data-id=\"6d76d3f\" data-element_type=\"column\" data-e-type=\"column\">\n\t\t\t<div class=\"elementor-widget-wrap elementor-element-populated\">\n\t\t\t\t\t\t<div class=\"elementor-element elementor-element-04e033f elementor-widget elementor-widget-text-editor\" data-id=\"04e033f\" data-element_type=\"widget\" data-e-type=\"widget\" data-widget_type=\"text-editor.default\">\n\t\t\t\t<div class=\"elementor-widget-container\">\n\t\t\t\t\t\t\t\t\t<p data-start=\"1350\" data-end=\"1623\">El disco tuvo un impacto inmediato tras su estreno. Se posicion\u00f3 como mejor Debut Global en su primera semana, registrando m\u00e1s de 13 millones de streams. Adem\u00e1s, alcanz\u00f3 el #3 en el Top \u00c1lbums de Spotify y logr\u00f3 colocar todos sus sencillos dentro del Top 50 de Argentina.<\/p>\n<p data-start=\"1625\" data-end=\"1787\">El single <em data-start=\"1635\" data-end=\"1646\">Nueva Era<\/em> se convirti\u00f3 en uno de sus mayores hits, entrando directamente al Top 100 Global de Spotify y liderando las listas de Argentina y Uruguay.<\/p>\n<p data-start=\"1789\" data-end=\"2048\">Como pionero del trap argentino, Duki abri\u00f3 el camino para una generaci\u00f3n de artistas que hoy lidera la escena urbana en espa\u00f1ol. Ahora, con el vinilo de <em data-start=\"1943\" data-end=\"1950\">AMERI<\/em>, el artista da un nuevo paso, llevando su m\u00fasica al formato f\u00edsico m\u00e1s ic\u00f3nico y coleccionable.<\/p>\n<p data-start=\"2050\" data-end=\"2180\">Los fans ya pueden asegurar su copia y participar en esta experiencia \u00fanica que conecta directamente con la esencia del artista.<\/p>\t\t\t\t\t\t\t\t<\/div>\n\t\t\t\t<\/div>\n\t\t\t\t\t<\/div>\n\t\t<\/div>\n\t\t\t\t\t<\/div>\n\t\t<\/section>\n\t\t\t\t<section class=\"elementor-section elementor-top-section elementor-element elementor-element-852116a elementor-section-boxed elementor-section-height-default elementor-section-height-default\" data-id=\"852116a\" data-element_type=\"section\" data-e-type=\"section\">\n\t\t\t\t\t\t<div class=\"elementor-container elementor-column-gap-default\">\n\t\t\t\t\t<div class=\"elementor-column elementor-col-50 elementor-top-column elementor-element elementor-element-82c9a06\" data-id=\"82c9a06\" data-element_type=\"column\" data-e-type=\"column\">\n\t\t\t<div class=\"elementor-widget-wrap elementor-element-populated\">\n\t\t\t\t\t\t<div class=\"elementor-element elementor-element-a3010ab elementor-widget elementor-widget-text-editor\" data-id=\"a3010ab\" data-element_type=\"widget\" data-e-type=\"widget\" data-widget_type=\"text-editor.default\">\n\t\t\t\t<div class=\"elementor-widget-container\">\n\t\t\t\t\t\t\t\t\t<p dir=\"ltr\"><strong>SIDE A<\/strong><\/p>\n<ol>\n<li dir=\"ltr\">\n<p dir=\"ltr\">LEITMOTIVE\u00a0<\/p>\n<\/li>\n<li dir=\"ltr\">\n<p dir=\"ltr\">NUEVA ERA ft Myke Towers<\/p>\n<\/li>\n<li dir=\"ltr\">\n<p dir=\"ltr\">BR\u00cdNDIS ft\u00a0<\/p>\n<\/li>\n<li dir=\"ltr\">\n<p dir=\"ltr\">BUSCARTE LEJOS ft Bizarrap<\/p>\n<\/li>\n<li dir=\"ltr\">\n<p dir=\"ltr\">IMPERIO ft Judeline<\/p>\n<\/li>\n<li dir=\"ltr\">\n<p dir=\"ltr\">HARDWAY ft\u00a0<\/p>\n<\/li>\n<li dir=\"ltr\">\n<p dir=\"ltr\">CINE<\/p>\n<\/li>\n<li dir=\"ltr\">\n<p dir=\"ltr\">VIDA DE ROCK ft MILO J\u00a0<\/p>\n<\/li>\n<\/ol>\t\t\t\t\t\t\t\t<\/div>\n\t\t\t\t<\/div>\n\t\t\t\t\t<\/div>\n\t\t<\/div>\n\t\t\t\t<div class=\"elementor-column elementor-col-50 elementor-top-column elementor-element elementor-element-070d4bf\" data-id=\"070d4bf\" data-element_type=\"column\" data-e-type=\"column\">\n\t\t\t<div class=\"elementor-widget-wrap elementor-element-populated\">\n\t\t\t\t\t\t<div class=\"elementor-element elementor-element-bbe7a26 elementor-widget elementor-widget-text-editor\" data-id=\"bbe7a26\" data-element_type=\"widget\" data-e-type=\"widget\" data-widget_type=\"text-editor.default\">\n\t\t\t\t<div class=\"elementor-widget-container\">\n\t\t\t\t\t\t\t\t\t<p dir=\"ltr\"><strong>SIDE B\u00a0<\/strong><\/p>\n<ol start=\"9\">\n<li dir=\"ltr\">\n<p dir=\"ltr\">\u00a0NO DRAMA ft Ovi, Lucho SSJ<\/p>\n<\/li>\n<li dir=\"ltr\">\n<p dir=\"ltr\">BARRO<\/p>\n<\/li>\n<li dir=\"ltr\">\n<p dir=\"ltr\">UN D\u00cdA M\u00c1S ft YSY A\u00a0<\/p>\n<\/li>\n<li dir=\"ltr\">\n<p dir=\"ltr\">TRATO DE ESTAR BIEN ft Morad<\/p>\n<\/li>\n<li dir=\"ltr\">\n<p dir=\"ltr\">WAKE UP AND BAKE UP ft Wiz Khalifa, Arc\u00e1ngel\u00a0<\/p>\n<\/li>\n<li dir=\"ltr\">\n<p dir=\"ltr\">CONSTELACI\u00d3N ft Lia Kali\u00a0<\/p>\n<\/li>\n<li dir=\"ltr\">\n<p dir=\"ltr\">AMERI\u00a0<\/p>\n<\/li>\n<\/ol>\t\t\t\t\t\t\t\t<\/div>\n\t\t\t\t<\/div>\n\t\t\t\t\t<\/div>\n\t\t<\/div>\n\t\t\t\t\t<\/div>\n\t\t<\/section>\n\t\t\t\t<\/div>","protected":false},"excerpt":{"rendered":"<p>El \u00e1lbum m\u00e1s importante de la carrera de Duki llega en formato coleccionista con sorteo exclusivo de experiencias con el artista Con este lanzamiento, Duki ofrece a sus fan\u00e1ticos la posibilidad de acceder a un sorteo exclusivo al comprar el vinilo. Los premios incluyen un pase meet &amp; greet en el backstage de su show [&hellip;]<\/p>\n","protected":false},"author":6,"featured_media":5746,"comment_status":"closed","ping_status":"closed","sticky":false,"template":"","format":"standard","meta":{"footnotes":""},"categories":[4],"tags":[],"class_list":["post-5743","post","type-post","status-publish","format-standard","has-post-thumbnail","hentry","category-musica"],"yoast_head":"<!-- This site is optimized with the Yoast SEO plugin v27.4 - https:\/\/yoast.com\/product\/yoast-seo-wordpress\/ -->\n<title>Duki lanza la edici\u00f3n en vinilo de AMERI en Espa\u00f1a<\/title>\n<meta name=\"description\" content=\"El \u00e1lbum m\u00e1s importante de la carrera de Duki llega en formato coleccionista con sorteo exclusivo de experiencias con el artista\" \/>\n<meta name=\"robots\" content=\"index, follow, max-snippet:-1, max-image-preview:large, max-video-preview:-1\" \/>\n<link rel=\"canonical\" href=\"https:\/\/unaymilletras.com\/en\/duki-lanza-la-edicion-en-vinilo-de-ameri-en-espana\/\" \/>\n<meta property=\"og:locale\" content=\"en_GB\" \/>\n<meta property=\"og:type\" content=\"article\" \/>\n<meta property=\"og:title\" content=\"Duki lanza la edici\u00f3n en vinilo de AMERI en Espa\u00f1a\" \/>\n<meta property=\"og:description\" content=\"El \u00e1lbum m\u00e1s importante de la carrera de Duki llega en formato coleccionista con sorteo exclusivo de experiencias con el artista\" \/>\n<meta property=\"og:url\" content=\"https:\/\/unaymilletras.com\/en\/duki-lanza-la-edicion-en-vinilo-de-ameri-en-espana\/\" \/>\n<meta property=\"og:site_name\" content=\"Una y Mil Letras\" \/>\n<meta property=\"article:published_time\" content=\"2025-09-30T10:57:00+00:00\" \/>\n<meta property=\"article:modified_time\" content=\"2025-10-04T11:29:54+00:00\" \/>\n<meta property=\"og:image\" content=\"http:\/\/unaymilletras.com\/wp-content\/uploads\/2025\/09\/image-1-e1759172152754.jpg\" \/>\n\t<meta property=\"og:image:width\" content=\"600\" \/>\n\t<meta property=\"og:image:height\" content=\"600\" \/>\n\t<meta property=\"og:image:type\" content=\"image\/jpeg\" \/>\n<meta name=\"author\" content=\"Redacci\u00f3n\" \/>\n<meta name=\"twitter:card\" content=\"summary_large_image\" \/>\n<meta name=\"twitter:creator\" content=\"@UnaYMilLetras\" \/>\n<meta name=\"twitter:site\" content=\"@UnaYMilLetras\" \/>\n<meta name=\"twitter:label1\" content=\"Written by\" \/>\n\t<meta name=\"twitter:data1\" content=\"Redacci\u00f3n\" \/>\n\t<meta name=\"twitter:label2\" content=\"Estimated reading time\" \/>\n\t<meta name=\"twitter:data2\" content=\"3 minutes\" \/>\n<script type=\"application\/ld+json\" class=\"yoast-schema-graph\">{\"@context\":\"https:\\\/\\\/schema.org\",\"@graph\":[{\"@type\":\"Article\",\"@id\":\"https:\\\/\\\/unaymilletras.com\\\/duki-lanza-la-edicion-en-vinilo-de-ameri-en-espana\\\/#article\",\"isPartOf\":{\"@id\":\"https:\\\/\\\/unaymilletras.com\\\/duki-lanza-la-edicion-en-vinilo-de-ameri-en-espana\\\/\"},\"author\":{\"name\":\"Redacci\u00f3n\",\"@id\":\"http:\\\/\\\/unaymilletras.com\\\/#\\\/schema\\\/person\\\/0860dc8a218329991ee2c7591f4f849d\"},\"headline\":\"Duki lanza la edici\u00f3n en vinilo de AMERI en Espa\u00f1a\",\"datePublished\":\"2025-09-30T10:57:00+00:00\",\"dateModified\":\"2025-10-04T11:29:54+00:00\",\"mainEntityOfPage\":{\"@id\":\"https:\\\/\\\/unaymilletras.com\\\/duki-lanza-la-edicion-en-vinilo-de-ameri-en-espana\\\/\"},\"wordCount\":376,\"publisher\":{\"@id\":\"http:\\\/\\\/unaymilletras.com\\\/#organization\"},\"image\":{\"@id\":\"https:\\\/\\\/unaymilletras.com\\\/duki-lanza-la-edicion-en-vinilo-de-ameri-en-espana\\\/#primaryimage\"},\"thumbnailUrl\":\"https:\\\/\\\/unaymilletras.com\\\/wp-content\\\/uploads\\\/2025\\\/09\\\/image-1-e1759172152754.jpg\",\"articleSection\":[\"M\u00fasica\"],\"inLanguage\":\"en-GB\"},{\"@type\":\"WebPage\",\"@id\":\"https:\\\/\\\/unaymilletras.com\\\/duki-lanza-la-edicion-en-vinilo-de-ameri-en-espana\\\/\",\"url\":\"https:\\\/\\\/unaymilletras.com\\\/duki-lanza-la-edicion-en-vinilo-de-ameri-en-espana\\\/\",\"name\":\"Duki lanza la edici\u00f3n en vinilo de AMERI en Espa\u00f1a\",\"isPartOf\":{\"@id\":\"http:\\\/\\\/unaymilletras.com\\\/#website\"},\"primaryImageOfPage\":{\"@id\":\"https:\\\/\\\/unaymilletras.com\\\/duki-lanza-la-edicion-en-vinilo-de-ameri-en-espana\\\/#primaryimage\"},\"image\":{\"@id\":\"https:\\\/\\\/unaymilletras.com\\\/duki-lanza-la-edicion-en-vinilo-de-ameri-en-espana\\\/#primaryimage\"},\"thumbnailUrl\":\"https:\\\/\\\/unaymilletras.com\\\/wp-content\\\/uploads\\\/2025\\\/09\\\/image-1-e1759172152754.jpg\",\"datePublished\":\"2025-09-30T10:57:00+00:00\",\"dateModified\":\"2025-10-04T11:29:54+00:00\",\"description\":\"El \u00e1lbum m\u00e1s importante de la carrera de Duki llega en formato coleccionista con sorteo exclusivo de experiencias con el artista\",\"breadcrumb\":{\"@id\":\"https:\\\/\\\/unaymilletras.com\\\/duki-lanza-la-edicion-en-vinilo-de-ameri-en-espana\\\/#breadcrumb\"},\"inLanguage\":\"en-GB\",\"potentialAction\":[{\"@type\":\"ReadAction\",\"target\":[\"https:\\\/\\\/unaymilletras.com\\\/duki-lanza-la-edicion-en-vinilo-de-ameri-en-espana\\\/\"]}]},{\"@type\":\"ImageObject\",\"inLanguage\":\"en-GB\",\"@id\":\"https:\\\/\\\/unaymilletras.com\\\/duki-lanza-la-edicion-en-vinilo-de-ameri-en-espana\\\/#primaryimage\",\"url\":\"https:\\\/\\\/unaymilletras.com\\\/wp-content\\\/uploads\\\/2025\\\/09\\\/image-1-e1759172152754.jpg\",\"contentUrl\":\"https:\\\/\\\/unaymilletras.com\\\/wp-content\\\/uploads\\\/2025\\\/09\\\/image-1-e1759172152754.jpg\",\"width\":600,\"height\":600,\"caption\":\"Duki\"},{\"@type\":\"BreadcrumbList\",\"@id\":\"https:\\\/\\\/unaymilletras.com\\\/duki-lanza-la-edicion-en-vinilo-de-ameri-en-espana\\\/#breadcrumb\",\"itemListElement\":[{\"@type\":\"ListItem\",\"position\":1,\"name\":\"Home\",\"item\":\"http:\\\/\\\/unaymilletras.com\\\/\"},{\"@type\":\"ListItem\",\"position\":2,\"name\":\"Duki lanza la edici\u00f3n en vinilo de AMERI en Espa\u00f1a\"}]},{\"@type\":\"WebSite\",\"@id\":\"http:\\\/\\\/unaymilletras.com\\\/#website\",\"url\":\"http:\\\/\\\/unaymilletras.com\\\/\",\"name\":\"Una y Mil Letras\",\"description\":\"\",\"publisher\":{\"@id\":\"http:\\\/\\\/unaymilletras.com\\\/#organization\"},\"potentialAction\":[{\"@type\":\"SearchAction\",\"target\":{\"@type\":\"EntryPoint\",\"urlTemplate\":\"http:\\\/\\\/unaymilletras.com\\\/?s={search_term_string}\"},\"query-input\":{\"@type\":\"PropertyValueSpecification\",\"valueRequired\":true,\"valueName\":\"search_term_string\"}}],\"inLanguage\":\"en-GB\"},{\"@type\":\"Organization\",\"@id\":\"http:\\\/\\\/unaymilletras.com\\\/#organization\",\"name\":\"Una y Mil Letras\",\"url\":\"http:\\\/\\\/unaymilletras.com\\\/\",\"logo\":{\"@type\":\"ImageObject\",\"inLanguage\":\"en-GB\",\"@id\":\"http:\\\/\\\/unaymilletras.com\\\/#\\\/schema\\\/logo\\\/image\\\/\",\"url\":\"https:\\\/\\\/unaymilletras.com\\\/wp-content\\\/uploads\\\/2024\\\/06\\\/cropped-Logo-removebg-preview.png\",\"contentUrl\":\"https:\\\/\\\/unaymilletras.com\\\/wp-content\\\/uploads\\\/2024\\\/06\\\/cropped-Logo-removebg-preview.png\",\"width\":512,\"height\":512,\"caption\":\"Una y Mil Letras\"},\"image\":{\"@id\":\"http:\\\/\\\/unaymilletras.com\\\/#\\\/schema\\\/logo\\\/image\\\/\"},\"sameAs\":[\"https:\\\/\\\/x.com\\\/UnaYMilLetras\",\"https:\\\/\\\/instagram.com\\\/UnaYMilLetras\"]},{\"@type\":\"Person\",\"@id\":\"http:\\\/\\\/unaymilletras.com\\\/#\\\/schema\\\/person\\\/0860dc8a218329991ee2c7591f4f849d\",\"name\":\"Redacci\u00f3n\",\"image\":{\"@type\":\"ImageObject\",\"inLanguage\":\"en-GB\",\"@id\":\"https:\\\/\\\/secure.gravatar.com\\\/avatar\\\/d8f55e05a8b6597e45c55a1dcbdbfe44f4a360d88b48e00de5216a79b7732796?s=96&d=mm&r=g\",\"url\":\"https:\\\/\\\/secure.gravatar.com\\\/avatar\\\/d8f55e05a8b6597e45c55a1dcbdbfe44f4a360d88b48e00de5216a79b7732796?s=96&d=mm&r=g\",\"contentUrl\":\"https:\\\/\\\/secure.gravatar.com\\\/avatar\\\/d8f55e05a8b6597e45c55a1dcbdbfe44f4a360d88b48e00de5216a79b7732796?s=96&d=mm&r=g\",\"caption\":\"Redacci\u00f3n\"},\"url\":\"https:\\\/\\\/unaymilletras.com\\\/en\\\/author\\\/redaccion\\\/\"}]}<\/script>\n<!-- \/ Yoast SEO plugin. -->","yoast_head_json":{"title":"Duki lanza la edici\u00f3n en vinilo de AMERI en Espa\u00f1a","description":"El \u00e1lbum m\u00e1s importante de la carrera de Duki llega en formato coleccionista con sorteo exclusivo de experiencias con el artista","robots":{"index":"index","follow":"follow","max-snippet":"max-snippet:-1","max-image-preview":"max-image-preview:large","max-video-preview":"max-video-preview:-1"},"canonical":"https:\/\/unaymilletras.com\/en\/duki-lanza-la-edicion-en-vinilo-de-ameri-en-espana\/","og_locale":"en_GB","og_type":"article","og_title":"Duki lanza la edici\u00f3n en vinilo de AMERI en Espa\u00f1a","og_description":"El \u00e1lbum m\u00e1s importante de la carrera de Duki llega en formato coleccionista con sorteo exclusivo de experiencias con el artista","og_url":"https:\/\/unaymilletras.com\/en\/duki-lanza-la-edicion-en-vinilo-de-ameri-en-espana\/","og_site_name":"Una y Mil Letras","article_published_time":"2025-09-30T10:57:00+00:00","article_modified_time":"2025-10-04T11:29:54+00:00","og_image":[{"width":600,"height":600,"url":"http:\/\/unaymilletras.com\/wp-content\/uploads\/2025\/09\/image-1-e1759172152754.jpg","type":"image\/jpeg"}],"author":"Redacci\u00f3n","twitter_card":"summary_large_image","twitter_creator":"@UnaYMilLetras","twitter_site":"@UnaYMilLetras","twitter_misc":{"Written by":"Redacci\u00f3n","Estimated reading time":"3 minutes"},"schema":{"@context":"https:\/\/schema.org","@graph":[{"@type":"Article","@id":"https:\/\/unaymilletras.com\/duki-lanza-la-edicion-en-vinilo-de-ameri-en-espana\/#article","isPartOf":{"@id":"https:\/\/unaymilletras.com\/duki-lanza-la-edicion-en-vinilo-de-ameri-en-espana\/"},"author":{"name":"Redacci\u00f3n","@id":"http:\/\/unaymilletras.com\/#\/schema\/person\/0860dc8a218329991ee2c7591f4f849d"},"headline":"Duki lanza la edici\u00f3n en vinilo de AMERI en Espa\u00f1a","datePublished":"2025-09-30T10:57:00+00:00","dateModified":"2025-10-04T11:29:54+00:00","mainEntityOfPage":{"@id":"https:\/\/unaymilletras.com\/duki-lanza-la-edicion-en-vinilo-de-ameri-en-espana\/"},"wordCount":376,"publisher":{"@id":"http:\/\/unaymilletras.com\/#organization"},"image":{"@id":"https:\/\/unaymilletras.com\/duki-lanza-la-edicion-en-vinilo-de-ameri-en-espana\/#primaryimage"},"thumbnailUrl":"https:\/\/unaymilletras.com\/wp-content\/uploads\/2025\/09\/image-1-e1759172152754.jpg","articleSection":["M\u00fasica"],"inLanguage":"en-GB"},{"@type":"WebPage","@id":"https:\/\/unaymilletras.com\/duki-lanza-la-edicion-en-vinilo-de-ameri-en-espana\/","url":"https:\/\/unaymilletras.com\/duki-lanza-la-edicion-en-vinilo-de-ameri-en-espana\/","name":"Duki lanza la edici\u00f3n en vinilo de AMERI en Espa\u00f1a","isPartOf":{"@id":"http:\/\/unaymilletras.com\/#website"},"primaryImageOfPage":{"@id":"https:\/\/unaymilletras.com\/duki-lanza-la-edicion-en-vinilo-de-ameri-en-espana\/#primaryimage"},"image":{"@id":"https:\/\/unaymilletras.com\/duki-lanza-la-edicion-en-vinilo-de-ameri-en-espana\/#primaryimage"},"thumbnailUrl":"https:\/\/unaymilletras.com\/wp-content\/uploads\/2025\/09\/image-1-e1759172152754.jpg","datePublished":"2025-09-30T10:57:00+00:00","dateModified":"2025-10-04T11:29:54+00:00","description":"El \u00e1lbum m\u00e1s importante de la carrera de Duki llega en formato coleccionista con sorteo exclusivo de experiencias con el artista","breadcrumb":{"@id":"https:\/\/unaymilletras.com\/duki-lanza-la-edicion-en-vinilo-de-ameri-en-espana\/#breadcrumb"},"inLanguage":"en-GB","potentialAction":[{"@type":"ReadAction","target":["https:\/\/unaymilletras.com\/duki-lanza-la-edicion-en-vinilo-de-ameri-en-espana\/"]}]},{"@type":"ImageObject","inLanguage":"en-GB","@id":"https:\/\/unaymilletras.com\/duki-lanza-la-edicion-en-vinilo-de-ameri-en-espana\/#primaryimage","url":"https:\/\/unaymilletras.com\/wp-content\/uploads\/2025\/09\/image-1-e1759172152754.jpg","contentUrl":"https:\/\/unaymilletras.com\/wp-content\/uploads\/2025\/09\/image-1-e1759172152754.jpg","width":600,"height":600,"caption":"Duki"},{"@type":"BreadcrumbList","@id":"https:\/\/unaymilletras.com\/duki-lanza-la-edicion-en-vinilo-de-ameri-en-espana\/#breadcrumb","itemListElement":[{"@type":"ListItem","position":1,"name":"Home","item":"http:\/\/unaymilletras.com\/"},{"@type":"ListItem","position":2,"name":"Duki lanza la edici\u00f3n en vinilo de AMERI en Espa\u00f1a"}]},{"@type":"WebSite","@id":"http:\/\/unaymilletras.com\/#website","url":"http:\/\/unaymilletras.com\/","name":"Una y Mil Letras","description":"","publisher":{"@id":"http:\/\/unaymilletras.com\/#organization"},"potentialAction":[{"@type":"SearchAction","target":{"@type":"EntryPoint","urlTemplate":"http:\/\/unaymilletras.com\/?s={search_term_string}"},"query-input":{"@type":"PropertyValueSpecification","valueRequired":true,"valueName":"search_term_string"}}],"inLanguage":"en-GB"},{"@type":"Organization","@id":"http:\/\/unaymilletras.com\/#organization","name":"Una y Mil Letras","url":"http:\/\/unaymilletras.com\/","logo":{"@type":"ImageObject","inLanguage":"en-GB","@id":"http:\/\/unaymilletras.com\/#\/schema\/logo\/image\/","url":"https:\/\/unaymilletras.com\/wp-content\/uploads\/2024\/06\/cropped-Logo-removebg-preview.png","contentUrl":"https:\/\/unaymilletras.com\/wp-content\/uploads\/2024\/06\/cropped-Logo-removebg-preview.png","width":512,"height":512,"caption":"Una y Mil Letras"},"image":{"@id":"http:\/\/unaymilletras.com\/#\/schema\/logo\/image\/"},"sameAs":["https:\/\/x.com\/UnaYMilLetras","https:\/\/instagram.com\/UnaYMilLetras"]},{"@type":"Person","@id":"http:\/\/unaymilletras.com\/#\/schema\/person\/0860dc8a218329991ee2c7591f4f849d","name":"Redacci\u00f3n","image":{"@type":"ImageObject","inLanguage":"en-GB","@id":"https:\/\/secure.gravatar.com\/avatar\/d8f55e05a8b6597e45c55a1dcbdbfe44f4a360d88b48e00de5216a79b7732796?s=96&d=mm&r=g","url":"https:\/\/secure.gravatar.com\/avatar\/d8f55e05a8b6597e45c55a1dcbdbfe44f4a360d88b48e00de5216a79b7732796?s=96&d=mm&r=g","contentUrl":"https:\/\/secure.gravatar.com\/avatar\/d8f55e05a8b6597e45c55a1dcbdbfe44f4a360d88b48e00de5216a79b7732796?s=96&d=mm&r=g","caption":"Redacci\u00f3n"},"url":"https:\/\/unaymilletras.com\/en\/author\/redaccion\/"}]}},"_links":{"self":[{"href":"https:\/\/unaymilletras.com\/en\/wp-json\/wp\/v2\/posts\/5743","targetHints":{"allow":["GET"]}}],"collection":[{"href":"https:\/\/unaymilletras.com\/en\/wp-json\/wp\/v2\/posts"}],"about":[{"href":"https:\/\/unaymilletras.com\/en\/wp-json\/wp\/v2\/types\/post"}],"author":[{"embeddable":true,"href":"https:\/\/unaymilletras.com\/en\/wp-json\/wp\/v2\/users\/6"}],"replies":[{"embeddable":true,"href":"https:\/\/unaymilletras.com\/en\/wp-json\/wp\/v2\/comments?post=5743"}],"version-history":[{"count":5,"href":"https:\/\/unaymilletras.com\/en\/wp-json\/wp\/v2\/posts\/5743\/revisions"}],"predecessor-version":[{"id":5750,"href":"https:\/\/unaymilletras.com\/en\/wp-json\/wp\/v2\/posts\/5743\/revisions\/5750"}],"wp:featuredmedia":[{"embeddable":true,"href":"https:\/\/unaymilletras.com\/en\/wp-json\/wp\/v2\/media\/5746"}],"wp:attachment":[{"href":"https:\/\/unaymilletras.com\/en\/wp-json\/wp\/v2\/media?parent=5743"}],"wp:term":[{"taxonomy":"category","embeddable":true,"href":"https:\/\/unaymilletras.com\/en\/wp-json\/wp\/v2\/categories?post=5743"},{"taxonomy":"post_tag","embeddable":true,"href":"https:\/\/unaymilletras.com\/en\/wp-json\/wp\/v2\/tags?post=5743"}],"curies":[{"name":"wp","href":"https:\/\/api.w.org\/{rel}","templated":true}]}}