{"id":5751,"date":"2025-10-02T13:58:38","date_gmt":"2025-10-02T11:58:38","guid":{"rendered":"https:\/\/unaymilletras.com\/?p=5751"},"modified":"2025-10-02T14:00:43","modified_gmt":"2025-10-02T12:00:43","slug":"juanes-regresa-a-espana-con-un-concierto-en-el-movistar-arena","status":"publish","type":"post","link":"https:\/\/unaymilletras.com\/en\/juanes-regresa-a-espana-con-un-concierto-en-el-movistar-arena\/","title":{"rendered":"Juanes regresa a Espa\u00f1a con un concierto en el Movistar Arena"},"content":{"rendered":"<div data-elementor-type=\"wp-post\" data-elementor-id=\"5751\" class=\"elementor elementor-5751\">\n\t\t\t\t\t\t<section class=\"elementor-section elementor-top-section elementor-element elementor-element-eb2eecd elementor-section-boxed elementor-section-height-default elementor-section-height-default\" data-id=\"eb2eecd\" data-element_type=\"section\" data-e-type=\"section\">\n\t\t\t\t\t\t<div class=\"elementor-container elementor-column-gap-default\">\n\t\t\t\t\t<div class=\"elementor-column elementor-col-100 elementor-top-column elementor-element elementor-element-ee75029\" data-id=\"ee75029\" data-element_type=\"column\" data-e-type=\"column\">\n\t\t\t<div class=\"elementor-widget-wrap elementor-element-populated\">\n\t\t\t\t\t\t<div class=\"elementor-element elementor-element-243c922 elementor-widget elementor-widget-text-editor\" data-id=\"243c922\" data-element_type=\"widget\" data-e-type=\"widget\" data-widget_type=\"text-editor.default\">\n\t\t\t\t<div class=\"elementor-widget-container\">\n\t\t\t\t\t\t\t\t\t<h2 style=\"text-align: center;\"><span style=\"color: #808080;\"><em>El colombiano Juanes actuar\u00e1 en Madrid pr\u00f3ximo el 1 de marzo de 2026 trayendo de vuelta a Espa\u00f1a su gira mundial<\/em><\/span><\/h2>\t\t\t\t\t\t\t\t<\/div>\n\t\t\t\t<\/div>\n\t\t\t\t\t<\/div>\n\t\t<\/div>\n\t\t\t\t\t<\/div>\n\t\t<\/section>\n\t\t\t\t<section class=\"elementor-section elementor-top-section elementor-element elementor-element-638bea9 elementor-section-boxed elementor-section-height-default elementor-section-height-default\" data-id=\"638bea9\" data-element_type=\"section\" data-e-type=\"section\">\n\t\t\t\t\t\t<div class=\"elementor-container elementor-column-gap-default\">\n\t\t\t\t\t<div class=\"elementor-column elementor-col-100 elementor-top-column elementor-element elementor-element-5e9fb45\" data-id=\"5e9fb45\" data-element_type=\"column\" data-e-type=\"column\">\n\t\t\t<div class=\"elementor-widget-wrap elementor-element-populated\">\n\t\t\t\t\t\t<div class=\"elementor-element elementor-element-3e601ca elementor-widget elementor-widget-text-editor\" data-id=\"3e601ca\" data-element_type=\"widget\" data-e-type=\"widget\" data-widget_type=\"text-editor.default\">\n\t\t\t\t<div class=\"elementor-widget-container\">\n\t\t\t\t\t\t\t\t\t<p data-start=\"303\" data-end=\"593\">Han pasado casi nueve a\u00f1os desde la \u00faltima vez que <b>Juanes<\/b> se present\u00f3 en Madrid. Aquella noche de 2017, en el entonces WiZink Center, el colombiano comparti\u00f3 escenario con Pablo L\u00f3pez y con una joven Rosal\u00eda, a la que dio una oportunidad antes de que se convirtiera en un fen\u00f3meno global.<\/p>\n<p data-start=\"595\" data-end=\"958\">Desde entonces, su carrera ha continuado creciendo con nuevos proyectos y reconocimientos. En la \u00faltima d\u00e9cada, el artista ha publicado tres \u00e1lbumes aclamados por la cr\u00edtica: <em data-start=\"770\" data-end=\"793\">M\u00e1s Futuro Que Pasado<\/em>, <em data-start=\"795\" data-end=\"803\">Origen<\/em> y <em data-start=\"806\" data-end=\"822\">Vida Cotidiana<\/em>. Adem\u00e1s, ha recibido m\u00faltiples Grammy y Latin Grammy, consolid\u00e1ndose como una de las figuras m\u00e1s importantes de la m\u00fasica en espa\u00f1ol.<\/p>\t\t\t\t\t\t\t\t<\/div>\n\t\t\t\t<\/div>\n\t\t\t\t\t<\/div>\n\t\t<\/div>\n\t\t\t\t\t<\/div>\n\t\t<\/section>\n\t\t\t\t<section class=\"elementor-section elementor-top-section elementor-element elementor-element-10b2f22 elementor-section-boxed elementor-section-height-default elementor-section-height-default\" data-id=\"10b2f22\" data-element_type=\"section\" data-e-type=\"section\">\n\t\t\t\t\t\t<div class=\"elementor-container elementor-column-gap-default\">\n\t\t\t\t\t<div class=\"elementor-column elementor-col-100 elementor-top-column elementor-element elementor-element-f477943\" data-id=\"f477943\" data-element_type=\"column\" data-e-type=\"column\">\n\t\t\t<div class=\"elementor-widget-wrap elementor-element-populated\">\n\t\t\t\t\t\t<div class=\"elementor-element elementor-element-1007fed elementor-widget elementor-widget-image\" data-id=\"1007fed\" data-element_type=\"widget\" data-e-type=\"widget\" data-widget_type=\"image.default\">\n\t\t\t\t<div class=\"elementor-widget-container\">\n\t\t\t\t\t\t\t\t\t\t\t\t\t\t\t<img fetchpriority=\"high\" decoding=\"async\" width=\"640\" height=\"427\" src=\"https:\/\/unaymilletras.com\/wp-content\/uploads\/2025\/10\/Foto-7-04-25-10-14-15-pm-7-1024x683.jpg\" class=\"attachment-large size-large wp-image-5753\" alt=\"Juanes\" srcset=\"https:\/\/unaymilletras.com\/wp-content\/uploads\/2025\/10\/Foto-7-04-25-10-14-15-pm-7-1024x683.jpg 1024w, https:\/\/unaymilletras.com\/wp-content\/uploads\/2025\/10\/Foto-7-04-25-10-14-15-pm-7-300x200.jpg 300w, https:\/\/unaymilletras.com\/wp-content\/uploads\/2025\/10\/Foto-7-04-25-10-14-15-pm-7-768x512.jpg 768w, https:\/\/unaymilletras.com\/wp-content\/uploads\/2025\/10\/Foto-7-04-25-10-14-15-pm-7-1536x1024.jpg 1536w, https:\/\/unaymilletras.com\/wp-content\/uploads\/2025\/10\/Foto-7-04-25-10-14-15-pm-7-2048x1365.jpg 2048w, https:\/\/unaymilletras.com\/wp-content\/uploads\/2025\/10\/Foto-7-04-25-10-14-15-pm-7-18x12.jpg 18w, https:\/\/unaymilletras.com\/wp-content\/uploads\/2025\/10\/Foto-7-04-25-10-14-15-pm-7-scaled-e1759406332376.jpg 600w\" sizes=\"(max-width: 640px) 100vw, 640px\" \/>\t\t\t\t\t\t\t\t\t\t\t\t\t\t\t<\/div>\n\t\t\t\t<\/div>\n\t\t\t\t\t<\/div>\n\t\t<\/div>\n\t\t\t\t\t<\/div>\n\t\t<\/section>\n\t\t\t\t<section class=\"elementor-section elementor-top-section elementor-element elementor-element-db79c4c elementor-section-boxed elementor-section-height-default elementor-section-height-default\" data-id=\"db79c4c\" data-element_type=\"section\" data-e-type=\"section\">\n\t\t\t\t\t\t<div class=\"elementor-container elementor-column-gap-default\">\n\t\t\t\t\t<div class=\"elementor-column elementor-col-100 elementor-top-column elementor-element elementor-element-27c5e10\" data-id=\"27c5e10\" data-element_type=\"column\" data-e-type=\"column\">\n\t\t\t<div class=\"elementor-widget-wrap elementor-element-populated\">\n\t\t\t\t\t\t<div class=\"elementor-element elementor-element-7ab0569 elementor-widget elementor-widget-text-editor\" data-id=\"7ab0569\" data-element_type=\"widget\" data-e-type=\"widget\" data-widget_type=\"text-editor.default\">\n\t\t\t\t<div class=\"elementor-widget-container\">\n\t\t\t\t\t\t\t\t\t<p data-start=\"960\" data-end=\"1185\">El reencuentro con su p\u00fablico espa\u00f1ol llegar\u00e1 el pr\u00f3ximo 1 de marzo de 2026 en el Movistar Arena de Madrid. Ser\u00e1 un concierto muy especial, concebido como un aut\u00e9ntico viaje musical a lo largo de sus 25 a\u00f1os de trayectoria.<\/p>\n<p data-start=\"1187\" data-end=\"1527\">Sobre el escenario resonar\u00e1n himnos que han marcado a varias generaciones, como <em data-start=\"1267\" data-end=\"1283\">Volverte a Ver<\/em>, <em data-start=\"1285\" data-end=\"1302\">La Camisa Negra<\/em>, <em data-start=\"1304\" data-end=\"1320\">A Dios le Pido<\/em>, <em data-start=\"1322\" data-end=\"1346\">Nada Valgo Sin Tu Amor<\/em> o <em data-start=\"1349\" data-end=\"1360\">Es Por Ti<\/em>. Tambi\u00e9n habr\u00e1 espacio para interpretar sus \u00e9xitos m\u00e1s recientes, reflejo de la evoluci\u00f3n art\u00edstica de un m\u00fasico que ha sabido reinventarse sin perder autenticidad.<\/p>\t\t\t\t\t\t\t\t<\/div>\n\t\t\t\t<\/div>\n\t\t\t\t\t<\/div>\n\t\t<\/div>\n\t\t\t\t\t<\/div>\n\t\t<\/section>\n\t\t\t\t<section class=\"elementor-section elementor-top-section elementor-element elementor-element-fb4bb6c elementor-section-boxed elementor-section-height-default elementor-section-height-default\" data-id=\"fb4bb6c\" data-element_type=\"section\" data-e-type=\"section\">\n\t\t\t\t\t\t<div class=\"elementor-container elementor-column-gap-default\">\n\t\t\t\t\t<div class=\"elementor-column elementor-col-50 elementor-top-column elementor-element elementor-element-60537fd\" data-id=\"60537fd\" data-element_type=\"column\" data-e-type=\"column\">\n\t\t\t<div class=\"elementor-widget-wrap elementor-element-populated\">\n\t\t\t\t\t\t<div class=\"elementor-element elementor-element-2469d35 elementor-widget elementor-widget-text-editor\" data-id=\"2469d35\" data-element_type=\"widget\" data-e-type=\"widget\" data-widget_type=\"text-editor.default\">\n\t\t\t\t<div class=\"elementor-widget-container\">\n\t\t\t\t\t\t\t\t\t<blockquote>\n<p style=\"text-align: center;\" data-start=\"1529\" data-end=\"1809\">\u201cEspa\u00f1a siempre ha sido como un segundo hogar para m\u00ed. Desde que llegu\u00e9 por primera vez me recibieron con amor y gratitud. Este concierto es mi manera de devolverles todo ese cari\u00f1o y de celebrar juntos este camino que hemos recorrido durante m\u00e1s de dos d\u00e9cadas\u201d, afirm\u00f3 Juanes.<\/p>\n<\/blockquote>\t\t\t\t\t\t\t\t<\/div>\n\t\t\t\t<\/div>\n\t\t\t\t\t<\/div>\n\t\t<\/div>\n\t\t\t\t<div class=\"elementor-column elementor-col-50 elementor-top-column elementor-element elementor-element-3446344\" data-id=\"3446344\" data-element_type=\"column\" data-e-type=\"column\">\n\t\t\t<div class=\"elementor-widget-wrap elementor-element-populated\">\n\t\t\t\t\t\t<div class=\"elementor-element elementor-element-9730fba elementor-widget elementor-widget-text-editor\" data-id=\"9730fba\" data-element_type=\"widget\" data-e-type=\"widget\" data-widget_type=\"text-editor.default\">\n\t\t\t\t<div class=\"elementor-widget-container\">\n\t\t\t\t\t\t\t\t\t<p data-start=\"1811\" data-end=\"2091\">La cita forma parte de la gira mundial que en 2026 llevar\u00e1 al colombiano desde Colombia hasta Estados Unidos, con paradas en distintos pa\u00edses. En Madrid, el concierto ser\u00e1 producido por Iglesias Entertainment y promete convertirse en una de las noches m\u00e1s emocionantes del tour.<\/p>\n<p data-start=\"2093\" data-end=\"2191\">Las entradas estar\u00e1n disponibles a partir del 2 de octubre a las 12:00 horas en Ticketmaster.es.<\/p>\t\t\t\t\t\t\t\t<\/div>\n\t\t\t\t<\/div>\n\t\t\t\t\t<\/div>\n\t\t<\/div>\n\t\t\t\t\t<\/div>\n\t\t<\/section>\n\t\t\t\t<\/div>","protected":false},"excerpt":{"rendered":"<p>El colombiano Juanes actuar\u00e1 en Madrid pr\u00f3ximo el 1 de marzo de 2026 trayendo de vuelta a Espa\u00f1a su gira mundial Han pasado casi nueve a\u00f1os desde la \u00faltima vez que Juanes se present\u00f3 en Madrid. Aquella noche de 2017, en el entonces WiZink Center, el colombiano comparti\u00f3 escenario con Pablo L\u00f3pez y con una [&hellip;]<\/p>\n","protected":false},"author":6,"featured_media":5753,"comment_status":"closed","ping_status":"closed","sticky":false,"template":"","format":"standard","meta":{"footnotes":""},"categories":[4],"tags":[],"class_list":["post-5751","post","type-post","status-publish","format-standard","has-post-thumbnail","hentry","category-musica"],"yoast_head":"<!-- This site is optimized with the Yoast SEO plugin v27.4 - https:\/\/yoast.com\/product\/yoast-seo-wordpress\/ -->\n<title>Juanes regresa a Espa\u00f1a con un concierto en el Movistar Arena<\/title>\n<meta name=\"description\" content=\"El colombiano Juanes actuar\u00e1 en Madrid pr\u00f3ximo el 1 de marzo de 2026 trayendo de vuelta a Espa\u00f1a su gira mundial\" \/>\n<meta name=\"robots\" content=\"index, follow, max-snippet:-1, max-image-preview:large, max-video-preview:-1\" \/>\n<link rel=\"canonical\" href=\"https:\/\/unaymilletras.com\/en\/juanes-regresa-a-espana-con-un-concierto-en-el-movistar-arena\/\" \/>\n<meta property=\"og:locale\" content=\"en_GB\" \/>\n<meta property=\"og:type\" content=\"article\" \/>\n<meta property=\"og:title\" content=\"Juanes regresa a Espa\u00f1a con un concierto en el Movistar Arena\" \/>\n<meta property=\"og:description\" content=\"El colombiano Juanes actuar\u00e1 en Madrid pr\u00f3ximo el 1 de marzo de 2026 trayendo de vuelta a Espa\u00f1a su gira mundial\" \/>\n<meta property=\"og:url\" content=\"https:\/\/unaymilletras.com\/en\/juanes-regresa-a-espana-con-un-concierto-en-el-movistar-arena\/\" \/>\n<meta property=\"og:site_name\" content=\"Una y Mil Letras\" \/>\n<meta property=\"article:published_time\" content=\"2025-10-02T11:58:38+00:00\" \/>\n<meta property=\"article:modified_time\" content=\"2025-10-02T12:00:43+00:00\" \/>\n<meta property=\"og:image\" content=\"http:\/\/unaymilletras.com\/wp-content\/uploads\/2025\/10\/Foto-7-04-25-10-14-15-pm-7-scaled-e1759406332376.jpg\" \/>\n\t<meta property=\"og:image:width\" content=\"600\" \/>\n\t<meta property=\"og:image:height\" content=\"400\" \/>\n\t<meta property=\"og:image:type\" content=\"image\/jpeg\" \/>\n<meta name=\"author\" content=\"Redacci\u00f3n\" \/>\n<meta name=\"twitter:card\" content=\"summary_large_image\" \/>\n<meta name=\"twitter:creator\" content=\"@UnaYMilLetras\" \/>\n<meta name=\"twitter:site\" content=\"@UnaYMilLetras\" \/>\n<meta name=\"twitter:label1\" content=\"Written by\" \/>\n\t<meta name=\"twitter:data1\" content=\"Redacci\u00f3n\" \/>\n\t<meta name=\"twitter:label2\" content=\"Estimated reading time\" \/>\n\t<meta name=\"twitter:data2\" content=\"2 minutes\" \/>\n<script type=\"application\/ld+json\" class=\"yoast-schema-graph\">{\"@context\":\"https:\\\/\\\/schema.org\",\"@graph\":[{\"@type\":\"Article\",\"@id\":\"https:\\\/\\\/unaymilletras.com\\\/juanes-regresa-a-espana-con-un-concierto-en-el-movistar-arena\\\/#article\",\"isPartOf\":{\"@id\":\"https:\\\/\\\/unaymilletras.com\\\/juanes-regresa-a-espana-con-un-concierto-en-el-movistar-arena\\\/\"},\"author\":{\"name\":\"Redacci\u00f3n\",\"@id\":\"http:\\\/\\\/unaymilletras.com\\\/#\\\/schema\\\/person\\\/0860dc8a218329991ee2c7591f4f849d\"},\"headline\":\"Juanes regresa a Espa\u00f1a con un concierto en el Movistar Arena\",\"datePublished\":\"2025-10-02T11:58:38+00:00\",\"dateModified\":\"2025-10-02T12:00:43+00:00\",\"mainEntityOfPage\":{\"@id\":\"https:\\\/\\\/unaymilletras.com\\\/juanes-regresa-a-espana-con-un-concierto-en-el-movistar-arena\\\/\"},\"wordCount\":368,\"publisher\":{\"@id\":\"http:\\\/\\\/unaymilletras.com\\\/#organization\"},\"image\":{\"@id\":\"https:\\\/\\\/unaymilletras.com\\\/juanes-regresa-a-espana-con-un-concierto-en-el-movistar-arena\\\/#primaryimage\"},\"thumbnailUrl\":\"https:\\\/\\\/unaymilletras.com\\\/wp-content\\\/uploads\\\/2025\\\/10\\\/Foto-7-04-25-10-14-15-pm-7-scaled-e1759406332376.jpg\",\"articleSection\":[\"M\u00fasica\"],\"inLanguage\":\"en-GB\"},{\"@type\":\"WebPage\",\"@id\":\"https:\\\/\\\/unaymilletras.com\\\/juanes-regresa-a-espana-con-un-concierto-en-el-movistar-arena\\\/\",\"url\":\"https:\\\/\\\/unaymilletras.com\\\/juanes-regresa-a-espana-con-un-concierto-en-el-movistar-arena\\\/\",\"name\":\"Juanes regresa a Espa\u00f1a con un concierto en el Movistar Arena\",\"isPartOf\":{\"@id\":\"http:\\\/\\\/unaymilletras.com\\\/#website\"},\"primaryImageOfPage\":{\"@id\":\"https:\\\/\\\/unaymilletras.com\\\/juanes-regresa-a-espana-con-un-concierto-en-el-movistar-arena\\\/#primaryimage\"},\"image\":{\"@id\":\"https:\\\/\\\/unaymilletras.com\\\/juanes-regresa-a-espana-con-un-concierto-en-el-movistar-arena\\\/#primaryimage\"},\"thumbnailUrl\":\"https:\\\/\\\/unaymilletras.com\\\/wp-content\\\/uploads\\\/2025\\\/10\\\/Foto-7-04-25-10-14-15-pm-7-scaled-e1759406332376.jpg\",\"datePublished\":\"2025-10-02T11:58:38+00:00\",\"dateModified\":\"2025-10-02T12:00:43+00:00\",\"description\":\"El colombiano Juanes actuar\u00e1 en Madrid pr\u00f3ximo el 1 de marzo de 2026 trayendo de vuelta a Espa\u00f1a su gira mundial\",\"breadcrumb\":{\"@id\":\"https:\\\/\\\/unaymilletras.com\\\/juanes-regresa-a-espana-con-un-concierto-en-el-movistar-arena\\\/#breadcrumb\"},\"inLanguage\":\"en-GB\",\"potentialAction\":[{\"@type\":\"ReadAction\",\"target\":[\"https:\\\/\\\/unaymilletras.com\\\/juanes-regresa-a-espana-con-un-concierto-en-el-movistar-arena\\\/\"]}]},{\"@type\":\"ImageObject\",\"inLanguage\":\"en-GB\",\"@id\":\"https:\\\/\\\/unaymilletras.com\\\/juanes-regresa-a-espana-con-un-concierto-en-el-movistar-arena\\\/#primaryimage\",\"url\":\"https:\\\/\\\/unaymilletras.com\\\/wp-content\\\/uploads\\\/2025\\\/10\\\/Foto-7-04-25-10-14-15-pm-7-scaled-e1759406332376.jpg\",\"contentUrl\":\"https:\\\/\\\/unaymilletras.com\\\/wp-content\\\/uploads\\\/2025\\\/10\\\/Foto-7-04-25-10-14-15-pm-7-scaled-e1759406332376.jpg\",\"width\":600,\"height\":400,\"caption\":\"Juanes\"},{\"@type\":\"BreadcrumbList\",\"@id\":\"https:\\\/\\\/unaymilletras.com\\\/juanes-regresa-a-espana-con-un-concierto-en-el-movistar-arena\\\/#breadcrumb\",\"itemListElement\":[{\"@type\":\"ListItem\",\"position\":1,\"name\":\"Home\",\"item\":\"http:\\\/\\\/unaymilletras.com\\\/\"},{\"@type\":\"ListItem\",\"position\":2,\"name\":\"Juanes regresa a Espa\u00f1a con un concierto en el Movistar Arena\"}]},{\"@type\":\"WebSite\",\"@id\":\"http:\\\/\\\/unaymilletras.com\\\/#website\",\"url\":\"http:\\\/\\\/unaymilletras.com\\\/\",\"name\":\"Una y Mil Letras\",\"description\":\"\",\"publisher\":{\"@id\":\"http:\\\/\\\/unaymilletras.com\\\/#organization\"},\"potentialAction\":[{\"@type\":\"SearchAction\",\"target\":{\"@type\":\"EntryPoint\",\"urlTemplate\":\"http:\\\/\\\/unaymilletras.com\\\/?s={search_term_string}\"},\"query-input\":{\"@type\":\"PropertyValueSpecification\",\"valueRequired\":true,\"valueName\":\"search_term_string\"}}],\"inLanguage\":\"en-GB\"},{\"@type\":\"Organization\",\"@id\":\"http:\\\/\\\/unaymilletras.com\\\/#organization\",\"name\":\"Una y Mil Letras\",\"url\":\"http:\\\/\\\/unaymilletras.com\\\/\",\"logo\":{\"@type\":\"ImageObject\",\"inLanguage\":\"en-GB\",\"@id\":\"http:\\\/\\\/unaymilletras.com\\\/#\\\/schema\\\/logo\\\/image\\\/\",\"url\":\"https:\\\/\\\/unaymilletras.com\\\/wp-content\\\/uploads\\\/2024\\\/06\\\/cropped-Logo-removebg-preview.png\",\"contentUrl\":\"https:\\\/\\\/unaymilletras.com\\\/wp-content\\\/uploads\\\/2024\\\/06\\\/cropped-Logo-removebg-preview.png\",\"width\":512,\"height\":512,\"caption\":\"Una y Mil Letras\"},\"image\":{\"@id\":\"http:\\\/\\\/unaymilletras.com\\\/#\\\/schema\\\/logo\\\/image\\\/\"},\"sameAs\":[\"https:\\\/\\\/x.com\\\/UnaYMilLetras\",\"https:\\\/\\\/instagram.com\\\/UnaYMilLetras\"]},{\"@type\":\"Person\",\"@id\":\"http:\\\/\\\/unaymilletras.com\\\/#\\\/schema\\\/person\\\/0860dc8a218329991ee2c7591f4f849d\",\"name\":\"Redacci\u00f3n\",\"image\":{\"@type\":\"ImageObject\",\"inLanguage\":\"en-GB\",\"@id\":\"https:\\\/\\\/secure.gravatar.com\\\/avatar\\\/d8f55e05a8b6597e45c55a1dcbdbfe44f4a360d88b48e00de5216a79b7732796?s=96&d=mm&r=g\",\"url\":\"https:\\\/\\\/secure.gravatar.com\\\/avatar\\\/d8f55e05a8b6597e45c55a1dcbdbfe44f4a360d88b48e00de5216a79b7732796?s=96&d=mm&r=g\",\"contentUrl\":\"https:\\\/\\\/secure.gravatar.com\\\/avatar\\\/d8f55e05a8b6597e45c55a1dcbdbfe44f4a360d88b48e00de5216a79b7732796?s=96&d=mm&r=g\",\"caption\":\"Redacci\u00f3n\"},\"url\":\"https:\\\/\\\/unaymilletras.com\\\/en\\\/author\\\/redaccion\\\/\"}]}<\/script>\n<!-- \/ Yoast SEO plugin. -->","yoast_head_json":{"title":"Juanes regresa a Espa\u00f1a con un concierto en el Movistar Arena","description":"El colombiano Juanes actuar\u00e1 en Madrid pr\u00f3ximo el 1 de marzo de 2026 trayendo de vuelta a Espa\u00f1a su gira mundial","robots":{"index":"index","follow":"follow","max-snippet":"max-snippet:-1","max-image-preview":"max-image-preview:large","max-video-preview":"max-video-preview:-1"},"canonical":"https:\/\/unaymilletras.com\/en\/juanes-regresa-a-espana-con-un-concierto-en-el-movistar-arena\/","og_locale":"en_GB","og_type":"article","og_title":"Juanes regresa a Espa\u00f1a con un concierto en el Movistar Arena","og_description":"El colombiano Juanes actuar\u00e1 en Madrid pr\u00f3ximo el 1 de marzo de 2026 trayendo de vuelta a Espa\u00f1a su gira mundial","og_url":"https:\/\/unaymilletras.com\/en\/juanes-regresa-a-espana-con-un-concierto-en-el-movistar-arena\/","og_site_name":"Una y Mil Letras","article_published_time":"2025-10-02T11:58:38+00:00","article_modified_time":"2025-10-02T12:00:43+00:00","og_image":[{"width":600,"height":400,"url":"http:\/\/unaymilletras.com\/wp-content\/uploads\/2025\/10\/Foto-7-04-25-10-14-15-pm-7-scaled-e1759406332376.jpg","type":"image\/jpeg"}],"author":"Redacci\u00f3n","twitter_card":"summary_large_image","twitter_creator":"@UnaYMilLetras","twitter_site":"@UnaYMilLetras","twitter_misc":{"Written by":"Redacci\u00f3n","Estimated reading time":"2 minutes"},"schema":{"@context":"https:\/\/schema.org","@graph":[{"@type":"Article","@id":"https:\/\/unaymilletras.com\/juanes-regresa-a-espana-con-un-concierto-en-el-movistar-arena\/#article","isPartOf":{"@id":"https:\/\/unaymilletras.com\/juanes-regresa-a-espana-con-un-concierto-en-el-movistar-arena\/"},"author":{"name":"Redacci\u00f3n","@id":"http:\/\/unaymilletras.com\/#\/schema\/person\/0860dc8a218329991ee2c7591f4f849d"},"headline":"Juanes regresa a Espa\u00f1a con un concierto en el Movistar Arena","datePublished":"2025-10-02T11:58:38+00:00","dateModified":"2025-10-02T12:00:43+00:00","mainEntityOfPage":{"@id":"https:\/\/unaymilletras.com\/juanes-regresa-a-espana-con-un-concierto-en-el-movistar-arena\/"},"wordCount":368,"publisher":{"@id":"http:\/\/unaymilletras.com\/#organization"},"image":{"@id":"https:\/\/unaymilletras.com\/juanes-regresa-a-espana-con-un-concierto-en-el-movistar-arena\/#primaryimage"},"thumbnailUrl":"https:\/\/unaymilletras.com\/wp-content\/uploads\/2025\/10\/Foto-7-04-25-10-14-15-pm-7-scaled-e1759406332376.jpg","articleSection":["M\u00fasica"],"inLanguage":"en-GB"},{"@type":"WebPage","@id":"https:\/\/unaymilletras.com\/juanes-regresa-a-espana-con-un-concierto-en-el-movistar-arena\/","url":"https:\/\/unaymilletras.com\/juanes-regresa-a-espana-con-un-concierto-en-el-movistar-arena\/","name":"Juanes regresa a Espa\u00f1a con un concierto en el Movistar Arena","isPartOf":{"@id":"http:\/\/unaymilletras.com\/#website"},"primaryImageOfPage":{"@id":"https:\/\/unaymilletras.com\/juanes-regresa-a-espana-con-un-concierto-en-el-movistar-arena\/#primaryimage"},"image":{"@id":"https:\/\/unaymilletras.com\/juanes-regresa-a-espana-con-un-concierto-en-el-movistar-arena\/#primaryimage"},"thumbnailUrl":"https:\/\/unaymilletras.com\/wp-content\/uploads\/2025\/10\/Foto-7-04-25-10-14-15-pm-7-scaled-e1759406332376.jpg","datePublished":"2025-10-02T11:58:38+00:00","dateModified":"2025-10-02T12:00:43+00:00","description":"El colombiano Juanes actuar\u00e1 en Madrid pr\u00f3ximo el 1 de marzo de 2026 trayendo de vuelta a Espa\u00f1a su gira mundial","breadcrumb":{"@id":"https:\/\/unaymilletras.com\/juanes-regresa-a-espana-con-un-concierto-en-el-movistar-arena\/#breadcrumb"},"inLanguage":"en-GB","potentialAction":[{"@type":"ReadAction","target":["https:\/\/unaymilletras.com\/juanes-regresa-a-espana-con-un-concierto-en-el-movistar-arena\/"]}]},{"@type":"ImageObject","inLanguage":"en-GB","@id":"https:\/\/unaymilletras.com\/juanes-regresa-a-espana-con-un-concierto-en-el-movistar-arena\/#primaryimage","url":"https:\/\/unaymilletras.com\/wp-content\/uploads\/2025\/10\/Foto-7-04-25-10-14-15-pm-7-scaled-e1759406332376.jpg","contentUrl":"https:\/\/unaymilletras.com\/wp-content\/uploads\/2025\/10\/Foto-7-04-25-10-14-15-pm-7-scaled-e1759406332376.jpg","width":600,"height":400,"caption":"Juanes"},{"@type":"BreadcrumbList","@id":"https:\/\/unaymilletras.com\/juanes-regresa-a-espana-con-un-concierto-en-el-movistar-arena\/#breadcrumb","itemListElement":[{"@type":"ListItem","position":1,"name":"Home","item":"http:\/\/unaymilletras.com\/"},{"@type":"ListItem","position":2,"name":"Juanes regresa a Espa\u00f1a con un concierto en el Movistar Arena"}]},{"@type":"WebSite","@id":"http:\/\/unaymilletras.com\/#website","url":"http:\/\/unaymilletras.com\/","name":"Una y Mil Letras","description":"","publisher":{"@id":"http:\/\/unaymilletras.com\/#organization"},"potentialAction":[{"@type":"SearchAction","target":{"@type":"EntryPoint","urlTemplate":"http:\/\/unaymilletras.com\/?s={search_term_string}"},"query-input":{"@type":"PropertyValueSpecification","valueRequired":true,"valueName":"search_term_string"}}],"inLanguage":"en-GB"},{"@type":"Organization","@id":"http:\/\/unaymilletras.com\/#organization","name":"Una y Mil Letras","url":"http:\/\/unaymilletras.com\/","logo":{"@type":"ImageObject","inLanguage":"en-GB","@id":"http:\/\/unaymilletras.com\/#\/schema\/logo\/image\/","url":"https:\/\/unaymilletras.com\/wp-content\/uploads\/2024\/06\/cropped-Logo-removebg-preview.png","contentUrl":"https:\/\/unaymilletras.com\/wp-content\/uploads\/2024\/06\/cropped-Logo-removebg-preview.png","width":512,"height":512,"caption":"Una y Mil Letras"},"image":{"@id":"http:\/\/unaymilletras.com\/#\/schema\/logo\/image\/"},"sameAs":["https:\/\/x.com\/UnaYMilLetras","https:\/\/instagram.com\/UnaYMilLetras"]},{"@type":"Person","@id":"http:\/\/unaymilletras.com\/#\/schema\/person\/0860dc8a218329991ee2c7591f4f849d","name":"Redacci\u00f3n","image":{"@type":"ImageObject","inLanguage":"en-GB","@id":"https:\/\/secure.gravatar.com\/avatar\/d8f55e05a8b6597e45c55a1dcbdbfe44f4a360d88b48e00de5216a79b7732796?s=96&d=mm&r=g","url":"https:\/\/secure.gravatar.com\/avatar\/d8f55e05a8b6597e45c55a1dcbdbfe44f4a360d88b48e00de5216a79b7732796?s=96&d=mm&r=g","contentUrl":"https:\/\/secure.gravatar.com\/avatar\/d8f55e05a8b6597e45c55a1dcbdbfe44f4a360d88b48e00de5216a79b7732796?s=96&d=mm&r=g","caption":"Redacci\u00f3n"},"url":"https:\/\/unaymilletras.com\/en\/author\/redaccion\/"}]}},"_links":{"self":[{"href":"https:\/\/unaymilletras.com\/en\/wp-json\/wp\/v2\/posts\/5751","targetHints":{"allow":["GET"]}}],"collection":[{"href":"https:\/\/unaymilletras.com\/en\/wp-json\/wp\/v2\/posts"}],"about":[{"href":"https:\/\/unaymilletras.com\/en\/wp-json\/wp\/v2\/types\/post"}],"author":[{"embeddable":true,"href":"https:\/\/unaymilletras.com\/en\/wp-json\/wp\/v2\/users\/6"}],"replies":[{"embeddable":true,"href":"https:\/\/unaymilletras.com\/en\/wp-json\/wp\/v2\/comments?post=5751"}],"version-history":[{"count":7,"href":"https:\/\/unaymilletras.com\/en\/wp-json\/wp\/v2\/posts\/5751\/revisions"}],"predecessor-version":[{"id":5759,"href":"https:\/\/unaymilletras.com\/en\/wp-json\/wp\/v2\/posts\/5751\/revisions\/5759"}],"wp:featuredmedia":[{"embeddable":true,"href":"https:\/\/unaymilletras.com\/en\/wp-json\/wp\/v2\/media\/5753"}],"wp:attachment":[{"href":"https:\/\/unaymilletras.com\/en\/wp-json\/wp\/v2\/media?parent=5751"}],"wp:term":[{"taxonomy":"category","embeddable":true,"href":"https:\/\/unaymilletras.com\/en\/wp-json\/wp\/v2\/categories?post=5751"},{"taxonomy":"post_tag","embeddable":true,"href":"https:\/\/unaymilletras.com\/en\/wp-json\/wp\/v2\/tags?post=5751"}],"curies":[{"name":"wp","href":"https:\/\/api.w.org\/{rel}","templated":true}]}}