{"id":5768,"date":"2025-09-28T12:00:00","date_gmt":"2025-09-28T10:00:00","guid":{"rendered":"https:\/\/unaymilletras.com\/?p=5768"},"modified":"2025-10-03T12:08:57","modified_gmt":"2025-10-03T10:08:57","slug":"beret-actuara-en-el-muelle-live-en-alicante","status":"publish","type":"post","link":"https:\/\/unaymilletras.com\/en\/beret-actuara-en-el-muelle-live-en-alicante\/","title":{"rendered":"Beret actuar\u00e1 en El Muelle Live en Alicante"},"content":{"rendered":"<div data-elementor-type=\"wp-post\" data-elementor-id=\"5768\" class=\"elementor elementor-5768\">\n\t\t\t\t\t\t<section class=\"elementor-section elementor-top-section elementor-element elementor-element-b454be4 elementor-section-boxed elementor-section-height-default elementor-section-height-default\" data-id=\"b454be4\" data-element_type=\"section\" data-e-type=\"section\">\n\t\t\t\t\t\t<div class=\"elementor-container elementor-column-gap-default\">\n\t\t\t\t\t<div class=\"elementor-column elementor-col-100 elementor-top-column elementor-element elementor-element-55093e1\" data-id=\"55093e1\" data-element_type=\"column\" data-e-type=\"column\">\n\t\t\t<div class=\"elementor-widget-wrap elementor-element-populated\">\n\t\t\t\t\t\t<div class=\"elementor-element elementor-element-19d3a94 elementor-widget elementor-widget-text-editor\" data-id=\"19d3a94\" data-element_type=\"widget\" data-e-type=\"widget\" data-widget_type=\"text-editor.default\">\n\t\t\t\t<div class=\"elementor-widget-container\">\n\t\t\t\t\t\t\t\t\t<h2 style=\"text-align: center;\"><span style=\"color: #808080;\"><em>El sevillano Beret actuar\u00e1 el 4 de octubre en el nuevo recinto frente al mar, en un evento que re\u00fane m\u00fasica, emociones y crecimiento cultural<\/em><\/span><\/h2>\t\t\t\t\t\t\t\t<\/div>\n\t\t\t\t<\/div>\n\t\t\t\t\t<\/div>\n\t\t<\/div>\n\t\t\t\t\t<\/div>\n\t\t<\/section>\n\t\t\t\t<section class=\"elementor-section elementor-top-section elementor-element elementor-element-78edfd0 elementor-section-boxed elementor-section-height-default elementor-section-height-default\" data-id=\"78edfd0\" data-element_type=\"section\" data-e-type=\"section\">\n\t\t\t\t\t\t<div class=\"elementor-container elementor-column-gap-default\">\n\t\t\t\t\t<div class=\"elementor-column elementor-col-100 elementor-top-column elementor-element elementor-element-d528bda\" data-id=\"d528bda\" data-element_type=\"column\" data-e-type=\"column\">\n\t\t\t<div class=\"elementor-widget-wrap elementor-element-populated\">\n\t\t\t\t\t\t<div class=\"elementor-element elementor-element-dc385da elementor-widget elementor-widget-text-editor\" data-id=\"dc385da\" data-element_type=\"widget\" data-e-type=\"widget\" data-widget_type=\"text-editor.default\">\n\t\t\t\t<div class=\"elementor-widget-container\">\n\t\t\t\t\t\t\t\t\t<p>El pr\u00f3ximo s\u00e1bado 4 de octubre, <b>Beret<\/b> llevar\u00e1 su directo a <b>El Muelle Live<\/b>, el flamante espacio cultural y de conciertos inaugurado en el Puerto de Alicante. Situado en el Muelle 12 de Levante, este recinto inaugura su programaci\u00f3n con una apuesta ambiciosa por artistas nacionales, festivales y espect\u00e1culos diversos.<\/p>\n<p>Durante los \u00faltimos a\u00f1os, Beret se ha consolidado como una de las voces m\u00e1s importantes del pop urbano espa\u00f1ol. Con \u00e9xitos como <em data-start=\"877\" data-end=\"888\">Lo siento<\/em>, <em data-start=\"890\" data-end=\"909\">Porfa no te vayas<\/em>, <em data-start=\"911\" data-end=\"928\">Si por m\u00ed fuera<\/em>, <em data-start=\"930\" data-end=\"948\">Te echo de menos<\/em> u <em data-start=\"951\" data-end=\"958\">Ojal\u00e1<\/em>, ha demostrado gran habilidad para combinar letras emocionales con melod\u00edas que tocan a distintas generaciones.<\/p>\t\t\t\t\t\t\t\t<\/div>\n\t\t\t\t<\/div>\n\t\t\t\t\t<\/div>\n\t\t<\/div>\n\t\t\t\t\t<\/div>\n\t\t<\/section>\n\t\t\t\t<section class=\"elementor-section elementor-top-section elementor-element elementor-element-e4584c5 elementor-section-boxed elementor-section-height-default elementor-section-height-default\" data-id=\"e4584c5\" data-element_type=\"section\" data-e-type=\"section\">\n\t\t\t\t\t\t<div class=\"elementor-container elementor-column-gap-default\">\n\t\t\t\t\t<div class=\"elementor-column elementor-col-100 elementor-top-column elementor-element elementor-element-63f521b\" data-id=\"63f521b\" data-element_type=\"column\" data-e-type=\"column\">\n\t\t\t<div class=\"elementor-widget-wrap elementor-element-populated\">\n\t\t\t\t\t\t<div class=\"elementor-element elementor-element-f4bfa6a elementor-widget elementor-widget-image\" data-id=\"f4bfa6a\" data-element_type=\"widget\" data-e-type=\"widget\" data-widget_type=\"image.default\">\n\t\t\t\t<div class=\"elementor-widget-container\">\n\t\t\t\t\t\t\t\t\t\t\t\t\t\t\t<img fetchpriority=\"high\" decoding=\"async\" width=\"555\" height=\"295\" src=\"https:\/\/unaymilletras.com\/wp-content\/uploads\/2025\/10\/a7aa6a84-db29-4a8e-813c-80303172.jpg\" class=\"attachment-large size-large wp-image-5770\" alt=\"Beret\" srcset=\"https:\/\/unaymilletras.com\/wp-content\/uploads\/2025\/10\/a7aa6a84-db29-4a8e-813c-80303172.jpg 555w, https:\/\/unaymilletras.com\/wp-content\/uploads\/2025\/10\/a7aa6a84-db29-4a8e-813c-80303172-300x159.jpg 300w, https:\/\/unaymilletras.com\/wp-content\/uploads\/2025\/10\/a7aa6a84-db29-4a8e-813c-80303172-18x10.jpg 18w\" sizes=\"(max-width: 555px) 100vw, 555px\" \/>\t\t\t\t\t\t\t\t\t\t\t\t\t\t\t<\/div>\n\t\t\t\t<\/div>\n\t\t\t\t\t<\/div>\n\t\t<\/div>\n\t\t\t\t\t<\/div>\n\t\t<\/section>\n\t\t\t\t<section class=\"elementor-section elementor-top-section elementor-element elementor-element-8e273c3 elementor-section-boxed elementor-section-height-default elementor-section-height-default\" data-id=\"8e273c3\" data-element_type=\"section\" data-e-type=\"section\">\n\t\t\t\t\t\t<div class=\"elementor-container elementor-column-gap-default\">\n\t\t\t\t\t<div class=\"elementor-column elementor-col-100 elementor-top-column elementor-element elementor-element-0568d46\" data-id=\"0568d46\" data-element_type=\"column\" data-e-type=\"column\">\n\t\t\t<div class=\"elementor-widget-wrap elementor-element-populated\">\n\t\t\t\t\t\t<div class=\"elementor-element elementor-element-b837e71 elementor-widget elementor-widget-text-editor\" data-id=\"b837e71\" data-element_type=\"widget\" data-e-type=\"widget\" data-widget_type=\"text-editor.default\">\n\t\t\t\t<div class=\"elementor-widget-container\">\n\t\t\t\t\t\t\t\t\t<p>El artista sevillano arrancar\u00e1 el concierto a las 22:00 horas; las puertas se abrir\u00e1n alrededor de las 19:00 h, permitiendo que el p\u00fablico disfrute del entorno \u00fanico que regala el mar Mediterr\u00e1neo antes del show. Las entradas ya est\u00e1n disponibles, con precios desde aproximadamente <strong data-start=\"1430\" data-end=\"1449\">30 \u20ac m\u00e1s gastos<\/strong>.<\/p>\n<p data-start=\"2222\" data-end=\"2566\">Este concierto en El Muelle Live ser\u00e1 una de las primeras grandes citas de este espacio que ya ha acogido espect\u00e1culos, DJ sets, arte y experiencias frente al mar. Ubicado en el puerto, muy cerca del centro urbano, promete convertirse en un nuevo punto de encuentro cultural para Alicante y la provincia.<\/p>\n<p data-start=\"2568\" data-end=\"2882\">Para quienes siguen la trayectoria de Beret, esta presentaci\u00f3n supone una oportunidad de vivir su repertorio m\u00e1s personal y tambi\u00e9n ver c\u00f3mo su m\u00fasica ha ido transform\u00e1ndose con los a\u00f1os. Canciones antiguas y nuevos temas convivir\u00e1n en el setlist, generando un recorrido emocional que muchos esperan con ilusi\u00f3n.<\/p>\t\t\t\t\t\t\t\t<\/div>\n\t\t\t\t<\/div>\n\t\t\t\t\t<\/div>\n\t\t<\/div>\n\t\t\t\t\t<\/div>\n\t\t<\/section>\n\t\t\t\t<\/div>","protected":false},"excerpt":{"rendered":"<p>El sevillano Beret actuar\u00e1 el 4 de octubre en el nuevo recinto frente al mar, en un evento que re\u00fane m\u00fasica, emociones y crecimiento cultural El pr\u00f3ximo s\u00e1bado 4 de octubre, Beret llevar\u00e1 su directo a El Muelle Live, el flamante espacio cultural y de conciertos inaugurado en el Puerto de Alicante. Situado en el [&hellip;]<\/p>\n","protected":false},"author":6,"featured_media":5770,"comment_status":"closed","ping_status":"closed","sticky":false,"template":"","format":"standard","meta":{"footnotes":""},"categories":[4],"tags":[],"class_list":["post-5768","post","type-post","status-publish","format-standard","has-post-thumbnail","hentry","category-musica"],"yoast_head":"<!-- This site is optimized with the Yoast SEO plugin v27.4 - https:\/\/yoast.com\/product\/yoast-seo-wordpress\/ -->\n<title>Beret actuar\u00e1 en El Muelle Live en Alicante<\/title>\n<meta name=\"description\" content=\"El sevillano Beret actuar\u00e1 el 4 de octubre en el nuevo recinto frente al mar, en un evento que re\u00fane m\u00fasica, emociones y crecimiento cultural\" \/>\n<meta name=\"robots\" content=\"index, follow, max-snippet:-1, max-image-preview:large, max-video-preview:-1\" \/>\n<link rel=\"canonical\" href=\"https:\/\/unaymilletras.com\/en\/beret-actuara-en-el-muelle-live-en-alicante\/\" \/>\n<meta property=\"og:locale\" content=\"en_GB\" \/>\n<meta property=\"og:type\" content=\"article\" \/>\n<meta property=\"og:title\" content=\"Beret actuar\u00e1 en El Muelle Live en Alicante\" \/>\n<meta property=\"og:description\" content=\"El sevillano Beret actuar\u00e1 el 4 de octubre en el nuevo recinto frente al mar, en un evento que re\u00fane m\u00fasica, emociones y crecimiento cultural\" \/>\n<meta property=\"og:url\" content=\"https:\/\/unaymilletras.com\/en\/beret-actuara-en-el-muelle-live-en-alicante\/\" \/>\n<meta property=\"og:site_name\" content=\"Una y Mil Letras\" \/>\n<meta property=\"article:published_time\" content=\"2025-09-28T10:00:00+00:00\" \/>\n<meta property=\"article:modified_time\" content=\"2025-10-03T10:08:57+00:00\" \/>\n<meta property=\"og:image\" content=\"http:\/\/unaymilletras.com\/wp-content\/uploads\/2025\/10\/a7aa6a84-db29-4a8e-813c-80303172.jpg\" \/>\n\t<meta property=\"og:image:width\" content=\"555\" \/>\n\t<meta property=\"og:image:height\" content=\"295\" \/>\n\t<meta property=\"og:image:type\" content=\"image\/jpeg\" \/>\n<meta name=\"author\" content=\"Redacci\u00f3n\" \/>\n<meta name=\"twitter:card\" content=\"summary_large_image\" \/>\n<meta name=\"twitter:creator\" content=\"@UnaYMilLetras\" \/>\n<meta name=\"twitter:site\" content=\"@UnaYMilLetras\" \/>\n<meta name=\"twitter:label1\" content=\"Written by\" \/>\n\t<meta name=\"twitter:data1\" content=\"Redacci\u00f3n\" \/>\n\t<meta name=\"twitter:label2\" content=\"Estimated reading time\" \/>\n\t<meta name=\"twitter:data2\" content=\"2 minutes\" \/>\n<script type=\"application\/ld+json\" class=\"yoast-schema-graph\">{\"@context\":\"https:\\\/\\\/schema.org\",\"@graph\":[{\"@type\":\"Article\",\"@id\":\"https:\\\/\\\/unaymilletras.com\\\/beret-actuara-en-el-muelle-live-en-alicante\\\/#article\",\"isPartOf\":{\"@id\":\"https:\\\/\\\/unaymilletras.com\\\/beret-actuara-en-el-muelle-live-en-alicante\\\/\"},\"author\":{\"name\":\"Redacci\u00f3n\",\"@id\":\"http:\\\/\\\/unaymilletras.com\\\/#\\\/schema\\\/person\\\/0860dc8a218329991ee2c7591f4f849d\"},\"headline\":\"Beret actuar\u00e1 en El Muelle Live en Alicante\",\"datePublished\":\"2025-09-28T10:00:00+00:00\",\"dateModified\":\"2025-10-03T10:08:57+00:00\",\"mainEntityOfPage\":{\"@id\":\"https:\\\/\\\/unaymilletras.com\\\/beret-actuara-en-el-muelle-live-en-alicante\\\/\"},\"wordCount\":302,\"publisher\":{\"@id\":\"http:\\\/\\\/unaymilletras.com\\\/#organization\"},\"image\":{\"@id\":\"https:\\\/\\\/unaymilletras.com\\\/beret-actuara-en-el-muelle-live-en-alicante\\\/#primaryimage\"},\"thumbnailUrl\":\"https:\\\/\\\/unaymilletras.com\\\/wp-content\\\/uploads\\\/2025\\\/10\\\/a7aa6a84-db29-4a8e-813c-80303172.jpg\",\"articleSection\":[\"M\u00fasica\"],\"inLanguage\":\"en-GB\"},{\"@type\":\"WebPage\",\"@id\":\"https:\\\/\\\/unaymilletras.com\\\/beret-actuara-en-el-muelle-live-en-alicante\\\/\",\"url\":\"https:\\\/\\\/unaymilletras.com\\\/beret-actuara-en-el-muelle-live-en-alicante\\\/\",\"name\":\"Beret actuar\u00e1 en El Muelle Live en Alicante\",\"isPartOf\":{\"@id\":\"http:\\\/\\\/unaymilletras.com\\\/#website\"},\"primaryImageOfPage\":{\"@id\":\"https:\\\/\\\/unaymilletras.com\\\/beret-actuara-en-el-muelle-live-en-alicante\\\/#primaryimage\"},\"image\":{\"@id\":\"https:\\\/\\\/unaymilletras.com\\\/beret-actuara-en-el-muelle-live-en-alicante\\\/#primaryimage\"},\"thumbnailUrl\":\"https:\\\/\\\/unaymilletras.com\\\/wp-content\\\/uploads\\\/2025\\\/10\\\/a7aa6a84-db29-4a8e-813c-80303172.jpg\",\"datePublished\":\"2025-09-28T10:00:00+00:00\",\"dateModified\":\"2025-10-03T10:08:57+00:00\",\"description\":\"El sevillano Beret actuar\u00e1 el 4 de octubre en el nuevo recinto frente al mar, en un evento que re\u00fane m\u00fasica, emociones y crecimiento cultural\",\"breadcrumb\":{\"@id\":\"https:\\\/\\\/unaymilletras.com\\\/beret-actuara-en-el-muelle-live-en-alicante\\\/#breadcrumb\"},\"inLanguage\":\"en-GB\",\"potentialAction\":[{\"@type\":\"ReadAction\",\"target\":[\"https:\\\/\\\/unaymilletras.com\\\/beret-actuara-en-el-muelle-live-en-alicante\\\/\"]}]},{\"@type\":\"ImageObject\",\"inLanguage\":\"en-GB\",\"@id\":\"https:\\\/\\\/unaymilletras.com\\\/beret-actuara-en-el-muelle-live-en-alicante\\\/#primaryimage\",\"url\":\"https:\\\/\\\/unaymilletras.com\\\/wp-content\\\/uploads\\\/2025\\\/10\\\/a7aa6a84-db29-4a8e-813c-80303172.jpg\",\"contentUrl\":\"https:\\\/\\\/unaymilletras.com\\\/wp-content\\\/uploads\\\/2025\\\/10\\\/a7aa6a84-db29-4a8e-813c-80303172.jpg\",\"width\":555,\"height\":295,\"caption\":\"Beret\"},{\"@type\":\"BreadcrumbList\",\"@id\":\"https:\\\/\\\/unaymilletras.com\\\/beret-actuara-en-el-muelle-live-en-alicante\\\/#breadcrumb\",\"itemListElement\":[{\"@type\":\"ListItem\",\"position\":1,\"name\":\"Home\",\"item\":\"http:\\\/\\\/unaymilletras.com\\\/\"},{\"@type\":\"ListItem\",\"position\":2,\"name\":\"Beret actuar\u00e1 en El Muelle Live en Alicante\"}]},{\"@type\":\"WebSite\",\"@id\":\"http:\\\/\\\/unaymilletras.com\\\/#website\",\"url\":\"http:\\\/\\\/unaymilletras.com\\\/\",\"name\":\"Una y Mil Letras\",\"description\":\"\",\"publisher\":{\"@id\":\"http:\\\/\\\/unaymilletras.com\\\/#organization\"},\"potentialAction\":[{\"@type\":\"SearchAction\",\"target\":{\"@type\":\"EntryPoint\",\"urlTemplate\":\"http:\\\/\\\/unaymilletras.com\\\/?s={search_term_string}\"},\"query-input\":{\"@type\":\"PropertyValueSpecification\",\"valueRequired\":true,\"valueName\":\"search_term_string\"}}],\"inLanguage\":\"en-GB\"},{\"@type\":\"Organization\",\"@id\":\"http:\\\/\\\/unaymilletras.com\\\/#organization\",\"name\":\"Una y Mil Letras\",\"url\":\"http:\\\/\\\/unaymilletras.com\\\/\",\"logo\":{\"@type\":\"ImageObject\",\"inLanguage\":\"en-GB\",\"@id\":\"http:\\\/\\\/unaymilletras.com\\\/#\\\/schema\\\/logo\\\/image\\\/\",\"url\":\"https:\\\/\\\/unaymilletras.com\\\/wp-content\\\/uploads\\\/2024\\\/06\\\/cropped-Logo-removebg-preview.png\",\"contentUrl\":\"https:\\\/\\\/unaymilletras.com\\\/wp-content\\\/uploads\\\/2024\\\/06\\\/cropped-Logo-removebg-preview.png\",\"width\":512,\"height\":512,\"caption\":\"Una y Mil Letras\"},\"image\":{\"@id\":\"http:\\\/\\\/unaymilletras.com\\\/#\\\/schema\\\/logo\\\/image\\\/\"},\"sameAs\":[\"https:\\\/\\\/x.com\\\/UnaYMilLetras\",\"https:\\\/\\\/instagram.com\\\/UnaYMilLetras\"]},{\"@type\":\"Person\",\"@id\":\"http:\\\/\\\/unaymilletras.com\\\/#\\\/schema\\\/person\\\/0860dc8a218329991ee2c7591f4f849d\",\"name\":\"Redacci\u00f3n\",\"image\":{\"@type\":\"ImageObject\",\"inLanguage\":\"en-GB\",\"@id\":\"https:\\\/\\\/secure.gravatar.com\\\/avatar\\\/d8f55e05a8b6597e45c55a1dcbdbfe44f4a360d88b48e00de5216a79b7732796?s=96&d=mm&r=g\",\"url\":\"https:\\\/\\\/secure.gravatar.com\\\/avatar\\\/d8f55e05a8b6597e45c55a1dcbdbfe44f4a360d88b48e00de5216a79b7732796?s=96&d=mm&r=g\",\"contentUrl\":\"https:\\\/\\\/secure.gravatar.com\\\/avatar\\\/d8f55e05a8b6597e45c55a1dcbdbfe44f4a360d88b48e00de5216a79b7732796?s=96&d=mm&r=g\",\"caption\":\"Redacci\u00f3n\"},\"url\":\"https:\\\/\\\/unaymilletras.com\\\/en\\\/author\\\/redaccion\\\/\"}]}<\/script>\n<!-- \/ Yoast SEO plugin. -->","yoast_head_json":{"title":"Beret actuar\u00e1 en El Muelle Live en Alicante","description":"El sevillano Beret actuar\u00e1 el 4 de octubre en el nuevo recinto frente al mar, en un evento que re\u00fane m\u00fasica, emociones y crecimiento cultural","robots":{"index":"index","follow":"follow","max-snippet":"max-snippet:-1","max-image-preview":"max-image-preview:large","max-video-preview":"max-video-preview:-1"},"canonical":"https:\/\/unaymilletras.com\/en\/beret-actuara-en-el-muelle-live-en-alicante\/","og_locale":"en_GB","og_type":"article","og_title":"Beret actuar\u00e1 en El Muelle Live en Alicante","og_description":"El sevillano Beret actuar\u00e1 el 4 de octubre en el nuevo recinto frente al mar, en un evento que re\u00fane m\u00fasica, emociones y crecimiento cultural","og_url":"https:\/\/unaymilletras.com\/en\/beret-actuara-en-el-muelle-live-en-alicante\/","og_site_name":"Una y Mil Letras","article_published_time":"2025-09-28T10:00:00+00:00","article_modified_time":"2025-10-03T10:08:57+00:00","og_image":[{"width":555,"height":295,"url":"http:\/\/unaymilletras.com\/wp-content\/uploads\/2025\/10\/a7aa6a84-db29-4a8e-813c-80303172.jpg","type":"image\/jpeg"}],"author":"Redacci\u00f3n","twitter_card":"summary_large_image","twitter_creator":"@UnaYMilLetras","twitter_site":"@UnaYMilLetras","twitter_misc":{"Written by":"Redacci\u00f3n","Estimated reading time":"2 minutes"},"schema":{"@context":"https:\/\/schema.org","@graph":[{"@type":"Article","@id":"https:\/\/unaymilletras.com\/beret-actuara-en-el-muelle-live-en-alicante\/#article","isPartOf":{"@id":"https:\/\/unaymilletras.com\/beret-actuara-en-el-muelle-live-en-alicante\/"},"author":{"name":"Redacci\u00f3n","@id":"http:\/\/unaymilletras.com\/#\/schema\/person\/0860dc8a218329991ee2c7591f4f849d"},"headline":"Beret actuar\u00e1 en El Muelle Live en Alicante","datePublished":"2025-09-28T10:00:00+00:00","dateModified":"2025-10-03T10:08:57+00:00","mainEntityOfPage":{"@id":"https:\/\/unaymilletras.com\/beret-actuara-en-el-muelle-live-en-alicante\/"},"wordCount":302,"publisher":{"@id":"http:\/\/unaymilletras.com\/#organization"},"image":{"@id":"https:\/\/unaymilletras.com\/beret-actuara-en-el-muelle-live-en-alicante\/#primaryimage"},"thumbnailUrl":"https:\/\/unaymilletras.com\/wp-content\/uploads\/2025\/10\/a7aa6a84-db29-4a8e-813c-80303172.jpg","articleSection":["M\u00fasica"],"inLanguage":"en-GB"},{"@type":"WebPage","@id":"https:\/\/unaymilletras.com\/beret-actuara-en-el-muelle-live-en-alicante\/","url":"https:\/\/unaymilletras.com\/beret-actuara-en-el-muelle-live-en-alicante\/","name":"Beret actuar\u00e1 en El Muelle Live en Alicante","isPartOf":{"@id":"http:\/\/unaymilletras.com\/#website"},"primaryImageOfPage":{"@id":"https:\/\/unaymilletras.com\/beret-actuara-en-el-muelle-live-en-alicante\/#primaryimage"},"image":{"@id":"https:\/\/unaymilletras.com\/beret-actuara-en-el-muelle-live-en-alicante\/#primaryimage"},"thumbnailUrl":"https:\/\/unaymilletras.com\/wp-content\/uploads\/2025\/10\/a7aa6a84-db29-4a8e-813c-80303172.jpg","datePublished":"2025-09-28T10:00:00+00:00","dateModified":"2025-10-03T10:08:57+00:00","description":"El sevillano Beret actuar\u00e1 el 4 de octubre en el nuevo recinto frente al mar, en un evento que re\u00fane m\u00fasica, emociones y crecimiento cultural","breadcrumb":{"@id":"https:\/\/unaymilletras.com\/beret-actuara-en-el-muelle-live-en-alicante\/#breadcrumb"},"inLanguage":"en-GB","potentialAction":[{"@type":"ReadAction","target":["https:\/\/unaymilletras.com\/beret-actuara-en-el-muelle-live-en-alicante\/"]}]},{"@type":"ImageObject","inLanguage":"en-GB","@id":"https:\/\/unaymilletras.com\/beret-actuara-en-el-muelle-live-en-alicante\/#primaryimage","url":"https:\/\/unaymilletras.com\/wp-content\/uploads\/2025\/10\/a7aa6a84-db29-4a8e-813c-80303172.jpg","contentUrl":"https:\/\/unaymilletras.com\/wp-content\/uploads\/2025\/10\/a7aa6a84-db29-4a8e-813c-80303172.jpg","width":555,"height":295,"caption":"Beret"},{"@type":"BreadcrumbList","@id":"https:\/\/unaymilletras.com\/beret-actuara-en-el-muelle-live-en-alicante\/#breadcrumb","itemListElement":[{"@type":"ListItem","position":1,"name":"Home","item":"http:\/\/unaymilletras.com\/"},{"@type":"ListItem","position":2,"name":"Beret actuar\u00e1 en El Muelle Live en Alicante"}]},{"@type":"WebSite","@id":"http:\/\/unaymilletras.com\/#website","url":"http:\/\/unaymilletras.com\/","name":"Una y Mil Letras","description":"","publisher":{"@id":"http:\/\/unaymilletras.com\/#organization"},"potentialAction":[{"@type":"SearchAction","target":{"@type":"EntryPoint","urlTemplate":"http:\/\/unaymilletras.com\/?s={search_term_string}"},"query-input":{"@type":"PropertyValueSpecification","valueRequired":true,"valueName":"search_term_string"}}],"inLanguage":"en-GB"},{"@type":"Organization","@id":"http:\/\/unaymilletras.com\/#organization","name":"Una y Mil Letras","url":"http:\/\/unaymilletras.com\/","logo":{"@type":"ImageObject","inLanguage":"en-GB","@id":"http:\/\/unaymilletras.com\/#\/schema\/logo\/image\/","url":"https:\/\/unaymilletras.com\/wp-content\/uploads\/2024\/06\/cropped-Logo-removebg-preview.png","contentUrl":"https:\/\/unaymilletras.com\/wp-content\/uploads\/2024\/06\/cropped-Logo-removebg-preview.png","width":512,"height":512,"caption":"Una y Mil Letras"},"image":{"@id":"http:\/\/unaymilletras.com\/#\/schema\/logo\/image\/"},"sameAs":["https:\/\/x.com\/UnaYMilLetras","https:\/\/instagram.com\/UnaYMilLetras"]},{"@type":"Person","@id":"http:\/\/unaymilletras.com\/#\/schema\/person\/0860dc8a218329991ee2c7591f4f849d","name":"Redacci\u00f3n","image":{"@type":"ImageObject","inLanguage":"en-GB","@id":"https:\/\/secure.gravatar.com\/avatar\/d8f55e05a8b6597e45c55a1dcbdbfe44f4a360d88b48e00de5216a79b7732796?s=96&d=mm&r=g","url":"https:\/\/secure.gravatar.com\/avatar\/d8f55e05a8b6597e45c55a1dcbdbfe44f4a360d88b48e00de5216a79b7732796?s=96&d=mm&r=g","contentUrl":"https:\/\/secure.gravatar.com\/avatar\/d8f55e05a8b6597e45c55a1dcbdbfe44f4a360d88b48e00de5216a79b7732796?s=96&d=mm&r=g","caption":"Redacci\u00f3n"},"url":"https:\/\/unaymilletras.com\/en\/author\/redaccion\/"}]}},"_links":{"self":[{"href":"https:\/\/unaymilletras.com\/en\/wp-json\/wp\/v2\/posts\/5768","targetHints":{"allow":["GET"]}}],"collection":[{"href":"https:\/\/unaymilletras.com\/en\/wp-json\/wp\/v2\/posts"}],"about":[{"href":"https:\/\/unaymilletras.com\/en\/wp-json\/wp\/v2\/types\/post"}],"author":[{"embeddable":true,"href":"https:\/\/unaymilletras.com\/en\/wp-json\/wp\/v2\/users\/6"}],"replies":[{"embeddable":true,"href":"https:\/\/unaymilletras.com\/en\/wp-json\/wp\/v2\/comments?post=5768"}],"version-history":[{"count":4,"href":"https:\/\/unaymilletras.com\/en\/wp-json\/wp\/v2\/posts\/5768\/revisions"}],"predecessor-version":[{"id":5773,"href":"https:\/\/unaymilletras.com\/en\/wp-json\/wp\/v2\/posts\/5768\/revisions\/5773"}],"wp:featuredmedia":[{"embeddable":true,"href":"https:\/\/unaymilletras.com\/en\/wp-json\/wp\/v2\/media\/5770"}],"wp:attachment":[{"href":"https:\/\/unaymilletras.com\/en\/wp-json\/wp\/v2\/media?parent=5768"}],"wp:term":[{"taxonomy":"category","embeddable":true,"href":"https:\/\/unaymilletras.com\/en\/wp-json\/wp\/v2\/categories?post=5768"},{"taxonomy":"post_tag","embeddable":true,"href":"https:\/\/unaymilletras.com\/en\/wp-json\/wp\/v2\/tags?post=5768"}],"curies":[{"name":"wp","href":"https:\/\/api.w.org\/{rel}","templated":true}]}}