{"id":5774,"date":"2025-10-04T12:26:46","date_gmt":"2025-10-04T10:26:46","guid":{"rendered":"https:\/\/unaymilletras.com\/?p=5774"},"modified":"2025-10-04T12:28:48","modified_gmt":"2025-10-04T10:28:48","slug":"javi-medina-lanza-con-las-cartas-en-la-mesa-su-nueva-balada-flamenca","status":"publish","type":"post","link":"https:\/\/unaymilletras.com\/en\/javi-medina-lanza-con-las-cartas-en-la-mesa-su-nueva-balada-flamenca\/","title":{"rendered":"Javi Medina lanza Con las Cartas en la Mesa, su nueva balada flamenca"},"content":{"rendered":"<div data-elementor-type=\"wp-post\" data-elementor-id=\"5774\" class=\"elementor elementor-5774\">\n\t\t\t\t\t\t<section class=\"elementor-section elementor-top-section elementor-element elementor-element-8967c57 elementor-section-boxed elementor-section-height-default elementor-section-height-default\" data-id=\"8967c57\" data-element_type=\"section\" data-e-type=\"section\">\n\t\t\t\t\t\t<div class=\"elementor-container elementor-column-gap-default\">\n\t\t\t\t\t<div class=\"elementor-column elementor-col-100 elementor-top-column elementor-element elementor-element-5ad0cfd\" data-id=\"5ad0cfd\" data-element_type=\"column\" data-e-type=\"column\">\n\t\t\t<div class=\"elementor-widget-wrap elementor-element-populated\">\n\t\t\t\t\t\t<div class=\"elementor-element elementor-element-535086c elementor-widget elementor-widget-text-editor\" data-id=\"535086c\" data-element_type=\"widget\" data-e-type=\"widget\" data-widget_type=\"text-editor.default\">\n\t\t\t\t<div class=\"elementor-widget-container\">\n\t\t\t\t\t\t\t\t\t<h2 style=\"text-align: center;\"><span style=\"color: #808080;\"><em>El madrile\u00f1o Javi Medina estrena single tras llenar La Riviera y Razzmatazz y anuncia su primera gira latinoamericana<\/em><\/span><\/h2>\t\t\t\t\t\t\t\t<\/div>\n\t\t\t\t<\/div>\n\t\t\t\t\t<\/div>\n\t\t<\/div>\n\t\t\t\t\t<\/div>\n\t\t<\/section>\n\t\t\t\t<section class=\"elementor-section elementor-top-section elementor-element elementor-element-679ef42 elementor-section-boxed elementor-section-height-default elementor-section-height-default\" data-id=\"679ef42\" data-element_type=\"section\" data-e-type=\"section\">\n\t\t\t\t\t\t<div class=\"elementor-container elementor-column-gap-default\">\n\t\t\t\t\t<div class=\"elementor-column elementor-col-100 elementor-top-column elementor-element elementor-element-017fbd9\" data-id=\"017fbd9\" data-element_type=\"column\" data-e-type=\"column\">\n\t\t\t<div class=\"elementor-widget-wrap elementor-element-populated\">\n\t\t\t\t\t\t<div class=\"elementor-element elementor-element-e6a7380 elementor-widget elementor-widget-text-editor\" data-id=\"e6a7380\" data-element_type=\"widget\" data-e-type=\"widget\" data-widget_type=\"text-editor.default\">\n\t\t\t\t<div class=\"elementor-widget-container\">\n\t\t\t\t\t\t\t\t\t<p data-start=\"330\" data-end=\"634\"><b>Javi Medina<\/b> sigue consolidando su lugar como una de las voces m\u00e1s aut\u00e9nticas del pop flamenco contempor\u00e1neo. Tras el \u00e9xito de su \u00e1lbum <em data-start=\"465\" data-end=\"477\">Gato Negro<\/em> y dos sold out hist\u00f3ricos en La Riviera de Madrid y Razzmatazz 1 en Barcelona, el artista madrile\u00f1o presenta <em data-start=\"587\" data-end=\"614\">Con las Cartas en la Mesa<\/em>, su nuevo single.<\/p>\n<p data-start=\"636\" data-end=\"1004\">La canci\u00f3n muestra la faceta m\u00e1s \u00edntima y desnuda del m\u00fasico: un cante que se abre paso con crudeza y honestidad, acompa\u00f1ado por letras que hablan de amor y verdad. Se trata de una continuaci\u00f3n natural de <em data-start=\"841\" data-end=\"853\">Gato Negro<\/em>, trabajo que fue celebrado por su fusi\u00f3n de flamenco y sonidos urbanos, y que incluy\u00f3 \u00e9xitos como <em data-start=\"952\" data-end=\"960\">Gitana<\/em> y <em data-start=\"963\" data-end=\"973\">Pinceles<\/em>, este \u00faltimo junto a Camilo.<\/p>\t\t\t\t\t\t\t\t<\/div>\n\t\t\t\t<\/div>\n\t\t\t\t\t<\/div>\n\t\t<\/div>\n\t\t\t\t\t<\/div>\n\t\t<\/section>\n\t\t\t\t<section class=\"elementor-section elementor-top-section elementor-element elementor-element-77d5da9 elementor-section-boxed elementor-section-height-default elementor-section-height-default\" data-id=\"77d5da9\" data-element_type=\"section\" data-e-type=\"section\">\n\t\t\t\t\t\t<div class=\"elementor-container elementor-column-gap-default\">\n\t\t\t\t\t<div class=\"elementor-column elementor-col-100 elementor-top-column elementor-element elementor-element-78b8e7f\" data-id=\"78b8e7f\" data-element_type=\"column\" data-e-type=\"column\">\n\t\t\t<div class=\"elementor-widget-wrap elementor-element-populated\">\n\t\t\t\t\t\t<div class=\"elementor-element elementor-element-7c1fa26 elementor-widget elementor-widget-image\" data-id=\"7c1fa26\" data-element_type=\"widget\" data-e-type=\"widget\" data-widget_type=\"image.default\">\n\t\t\t\t<div class=\"elementor-widget-container\">\n\t\t\t\t\t\t\t\t\t\t\t\t\t\t\t<img fetchpriority=\"high\" decoding=\"async\" width=\"640\" height=\"264\" src=\"https:\/\/unaymilletras.com\/wp-content\/uploads\/2025\/10\/Captura-de-pantalla-2025-10-04-a-las-12.27.00-1024x423.png\" class=\"attachment-large size-large wp-image-5776\" alt=\"Javi Medina\" srcset=\"https:\/\/unaymilletras.com\/wp-content\/uploads\/2025\/10\/Captura-de-pantalla-2025-10-04-a-las-12.27.00-1024x423.png 1024w, https:\/\/unaymilletras.com\/wp-content\/uploads\/2025\/10\/Captura-de-pantalla-2025-10-04-a-las-12.27.00-300x124.png 300w, https:\/\/unaymilletras.com\/wp-content\/uploads\/2025\/10\/Captura-de-pantalla-2025-10-04-a-las-12.27.00-768x317.png 768w, https:\/\/unaymilletras.com\/wp-content\/uploads\/2025\/10\/Captura-de-pantalla-2025-10-04-a-las-12.27.00-18x7.png 18w, https:\/\/unaymilletras.com\/wp-content\/uploads\/2025\/10\/Captura-de-pantalla-2025-10-04-a-las-12.27.00-e1759573677285.png 600w\" sizes=\"(max-width: 640px) 100vw, 640px\" \/>\t\t\t\t\t\t\t\t\t\t\t\t\t\t\t<\/div>\n\t\t\t\t<\/div>\n\t\t\t\t\t<\/div>\n\t\t<\/div>\n\t\t\t\t\t<\/div>\n\t\t<\/section>\n\t\t\t\t<section class=\"elementor-section elementor-top-section elementor-element elementor-element-3351c7d elementor-section-boxed elementor-section-height-default elementor-section-height-default\" data-id=\"3351c7d\" data-element_type=\"section\" data-e-type=\"section\">\n\t\t\t\t\t\t<div class=\"elementor-container elementor-column-gap-default\">\n\t\t\t\t\t<div class=\"elementor-column elementor-col-100 elementor-top-column elementor-element elementor-element-57b8d1d\" data-id=\"57b8d1d\" data-element_type=\"column\" data-e-type=\"column\">\n\t\t\t<div class=\"elementor-widget-wrap elementor-element-populated\">\n\t\t\t\t\t\t<div class=\"elementor-element elementor-element-bcf9905 elementor-widget elementor-widget-text-editor\" data-id=\"bcf9905\" data-element_type=\"widget\" data-e-type=\"widget\" data-widget_type=\"text-editor.default\">\n\t\t\t\t<div class=\"elementor-widget-container\">\n\t\t\t\t\t\t\t\t\t<p data-start=\"1006\" data-end=\"1442\">El single naci\u00f3 como un fragmento ac\u00fastico compartido en redes sociales durante el verano, y r\u00e1pidamente se convirti\u00f3 en fen\u00f3meno viral. Acumula ya m\u00e1s de 15.000 creaciones de v\u00eddeo realizadas por fans que lo han adoptado como himno propio incluso antes de su lanzamiento oficial. Con este tema, Medina confirma que su historia apenas comienza a escribirse de nuevo, mientras prepara el terreno para su pr\u00f3ximo \u00e1lbum previsto en 2026.<\/p>\n<p data-start=\"1444\" data-end=\"1797\">Nacido en Legan\u00e9s, Javi Medina inici\u00f3 su trayectoria con el grupo Aldeskuido antes de consolidarse como solista, productor y compositor para otros artistas. En la actualidad, suma tres discos en solitario y una lista creciente de canciones que se han convertido en himnos generacionales, llev\u00e1ndolo a ser una referencia dentro del pop flamenco actual.<\/p>\t\t\t\t\t\t\t\t<\/div>\n\t\t\t\t<\/div>\n\t\t\t\t\t<\/div>\n\t\t<\/div>\n\t\t\t\t\t<\/div>\n\t\t<\/section>\n\t\t\t\t<section class=\"elementor-section elementor-top-section elementor-element elementor-element-72b1a0d elementor-section-boxed elementor-section-height-default elementor-section-height-default\" data-id=\"72b1a0d\" data-element_type=\"section\" data-e-type=\"section\">\n\t\t\t\t\t\t<div class=\"elementor-container elementor-column-gap-default\">\n\t\t\t\t\t<div class=\"elementor-column elementor-col-100 elementor-top-column elementor-element elementor-element-b4a12b1\" data-id=\"b4a12b1\" data-element_type=\"column\" data-e-type=\"column\">\n\t\t\t<div class=\"elementor-widget-wrap elementor-element-populated\">\n\t\t\t\t\t\t<div class=\"elementor-element elementor-element-2f002f8 elementor-widget elementor-widget-image\" data-id=\"2f002f8\" data-element_type=\"widget\" data-e-type=\"widget\" data-widget_type=\"image.default\">\n\t\t\t\t<div class=\"elementor-widget-container\">\n\t\t\t\t\t\t\t\t\t\t\t\t\t\t\t<img decoding=\"async\" width=\"640\" height=\"639\" src=\"https:\/\/unaymilletras.com\/wp-content\/uploads\/2025\/10\/Captura-de-pantalla-2025-10-04-a-las-12.27.26-1024x1022.png\" class=\"attachment-large size-large wp-image-5777\" alt=\"Javi Medina\" srcset=\"https:\/\/unaymilletras.com\/wp-content\/uploads\/2025\/10\/Captura-de-pantalla-2025-10-04-a-las-12.27.26-1024x1022.png 1024w, https:\/\/unaymilletras.com\/wp-content\/uploads\/2025\/10\/Captura-de-pantalla-2025-10-04-a-las-12.27.26-300x300.png 300w, https:\/\/unaymilletras.com\/wp-content\/uploads\/2025\/10\/Captura-de-pantalla-2025-10-04-a-las-12.27.26-150x150.png 150w, https:\/\/unaymilletras.com\/wp-content\/uploads\/2025\/10\/Captura-de-pantalla-2025-10-04-a-las-12.27.26-768x767.png 768w, https:\/\/unaymilletras.com\/wp-content\/uploads\/2025\/10\/Captura-de-pantalla-2025-10-04-a-las-12.27.26-12x12.png 12w, https:\/\/unaymilletras.com\/wp-content\/uploads\/2025\/10\/Captura-de-pantalla-2025-10-04-a-las-12.27.26-e1759573705510.png 600w\" sizes=\"(max-width: 640px) 100vw, 640px\" \/>\t\t\t\t\t\t\t\t\t\t\t\t\t\t\t<\/div>\n\t\t\t\t<\/div>\n\t\t\t\t\t<\/div>\n\t\t<\/div>\n\t\t\t\t\t<\/div>\n\t\t<\/section>\n\t\t\t\t<section class=\"elementor-section elementor-top-section elementor-element elementor-element-19b836f elementor-section-boxed elementor-section-height-default elementor-section-height-default\" data-id=\"19b836f\" data-element_type=\"section\" data-e-type=\"section\">\n\t\t\t\t\t\t<div class=\"elementor-container elementor-column-gap-default\">\n\t\t\t\t\t<div class=\"elementor-column elementor-col-100 elementor-top-column elementor-element elementor-element-049c3a1\" data-id=\"049c3a1\" data-element_type=\"column\" data-e-type=\"column\">\n\t\t\t<div class=\"elementor-widget-wrap elementor-element-populated\">\n\t\t\t\t\t\t<div class=\"elementor-element elementor-element-56b162f elementor-widget elementor-widget-text-editor\" data-id=\"56b162f\" data-element_type=\"widget\" data-e-type=\"widget\" data-widget_type=\"text-editor.default\">\n\t\t\t\t<div class=\"elementor-widget-container\">\n\t\t\t\t\t\t\t\t\t<p data-start=\"1799\" data-end=\"2136\">El estreno de <em data-start=\"1813\" data-end=\"1840\">Con las Cartas en la Mesa<\/em> coincide con un momento clave de su carrera. Tras conquistar al p\u00fablico espa\u00f1ol con llenos absolutos en sus \u00faltimas presentaciones, Medina da un salto internacional: su primera gira de salas en Latinoam\u00e9rica lo llevar\u00e1 a Colombia, M\u00e9xico, Argentina y Chile, ampliando as\u00ed su proyecci\u00f3n global.<\/p>\n<p data-start=\"2138\" data-end=\"2352\">Con este nuevo paso, Javi Medina reafirma que su propuesta art\u00edstica est\u00e1 cimentada en la verdad, el talento y la conexi\u00f3n emocional con una comunidad de fans que lo acompa\u00f1a fielmente en cada etapa de su camino.<\/p>\t\t\t\t\t\t\t\t<\/div>\n\t\t\t\t<\/div>\n\t\t\t\t\t<\/div>\n\t\t<\/div>\n\t\t\t\t\t<\/div>\n\t\t<\/section>\n\t\t\t\t<\/div>","protected":false},"excerpt":{"rendered":"<p>El madrile\u00f1o Javi Medina estrena single tras llenar La Riviera y Razzmatazz y anuncia su primera gira latinoamericana Javi Medina sigue consolidando su lugar como una de las voces m\u00e1s aut\u00e9nticas del pop flamenco contempor\u00e1neo. Tras el \u00e9xito de su \u00e1lbum Gato Negro y dos sold out hist\u00f3ricos en La Riviera de Madrid y Razzmatazz [&hellip;]<\/p>\n","protected":false},"author":6,"featured_media":5776,"comment_status":"closed","ping_status":"closed","sticky":false,"template":"","format":"standard","meta":{"footnotes":""},"categories":[4],"tags":[],"class_list":["post-5774","post","type-post","status-publish","format-standard","has-post-thumbnail","hentry","category-musica"],"yoast_head":"<!-- This site is optimized with the Yoast SEO plugin v27.4 - https:\/\/yoast.com\/product\/yoast-seo-wordpress\/ -->\n<title>Javi Medina lanza Con las Cartas en la Mesa, su nueva balada flamenca<\/title>\n<meta name=\"description\" content=\"El madrile\u00f1o Javi Medina estrena single tras llenar La Riviera y Razzmatazz y anuncia su primera gira latinoamericana\" \/>\n<meta name=\"robots\" content=\"index, follow, max-snippet:-1, max-image-preview:large, max-video-preview:-1\" \/>\n<link rel=\"canonical\" href=\"https:\/\/unaymilletras.com\/en\/javi-medina-lanza-con-las-cartas-en-la-mesa-su-nueva-balada-flamenca\/\" \/>\n<meta property=\"og:locale\" content=\"en_GB\" \/>\n<meta property=\"og:type\" content=\"article\" \/>\n<meta property=\"og:title\" content=\"Javi Medina lanza Con las Cartas en la Mesa, su nueva balada flamenca\" \/>\n<meta property=\"og:description\" content=\"El madrile\u00f1o Javi Medina estrena single tras llenar La Riviera y Razzmatazz y anuncia su primera gira latinoamericana\" \/>\n<meta property=\"og:url\" content=\"https:\/\/unaymilletras.com\/en\/javi-medina-lanza-con-las-cartas-en-la-mesa-su-nueva-balada-flamenca\/\" \/>\n<meta property=\"og:site_name\" content=\"Una y Mil Letras\" \/>\n<meta property=\"article:published_time\" content=\"2025-10-04T10:26:46+00:00\" \/>\n<meta property=\"article:modified_time\" content=\"2025-10-04T10:28:48+00:00\" \/>\n<meta property=\"og:image\" content=\"http:\/\/unaymilletras.com\/wp-content\/uploads\/2025\/10\/Captura-de-pantalla-2025-10-04-a-las-12.27.00-e1759573677285.png\" \/>\n\t<meta property=\"og:image:width\" content=\"600\" \/>\n\t<meta property=\"og:image:height\" content=\"248\" \/>\n\t<meta property=\"og:image:type\" content=\"image\/png\" \/>\n<meta name=\"author\" content=\"Redacci\u00f3n\" \/>\n<meta name=\"twitter:card\" content=\"summary_large_image\" \/>\n<meta name=\"twitter:creator\" content=\"@UnaYMilLetras\" \/>\n<meta name=\"twitter:site\" content=\"@UnaYMilLetras\" \/>\n<meta name=\"twitter:label1\" content=\"Written by\" \/>\n\t<meta name=\"twitter:data1\" content=\"Redacci\u00f3n\" \/>\n\t<meta name=\"twitter:label2\" content=\"Estimated reading time\" \/>\n\t<meta name=\"twitter:data2\" content=\"3 minutes\" \/>\n<script type=\"application\/ld+json\" class=\"yoast-schema-graph\">{\"@context\":\"https:\\\/\\\/schema.org\",\"@graph\":[{\"@type\":\"Article\",\"@id\":\"https:\\\/\\\/unaymilletras.com\\\/javi-medina-lanza-con-las-cartas-en-la-mesa-su-nueva-balada-flamenca\\\/#article\",\"isPartOf\":{\"@id\":\"https:\\\/\\\/unaymilletras.com\\\/javi-medina-lanza-con-las-cartas-en-la-mesa-su-nueva-balada-flamenca\\\/\"},\"author\":{\"name\":\"Redacci\u00f3n\",\"@id\":\"http:\\\/\\\/unaymilletras.com\\\/#\\\/schema\\\/person\\\/0860dc8a218329991ee2c7591f4f849d\"},\"headline\":\"Javi Medina lanza Con las Cartas en la Mesa, su nueva balada flamenca\",\"datePublished\":\"2025-10-04T10:26:46+00:00\",\"dateModified\":\"2025-10-04T10:28:48+00:00\",\"mainEntityOfPage\":{\"@id\":\"https:\\\/\\\/unaymilletras.com\\\/javi-medina-lanza-con-las-cartas-en-la-mesa-su-nueva-balada-flamenca\\\/\"},\"wordCount\":388,\"publisher\":{\"@id\":\"http:\\\/\\\/unaymilletras.com\\\/#organization\"},\"image\":{\"@id\":\"https:\\\/\\\/unaymilletras.com\\\/javi-medina-lanza-con-las-cartas-en-la-mesa-su-nueva-balada-flamenca\\\/#primaryimage\"},\"thumbnailUrl\":\"https:\\\/\\\/unaymilletras.com\\\/wp-content\\\/uploads\\\/2025\\\/10\\\/Captura-de-pantalla-2025-10-04-a-las-12.27.00-e1759573677285.png\",\"articleSection\":[\"M\u00fasica\"],\"inLanguage\":\"en-GB\"},{\"@type\":\"WebPage\",\"@id\":\"https:\\\/\\\/unaymilletras.com\\\/javi-medina-lanza-con-las-cartas-en-la-mesa-su-nueva-balada-flamenca\\\/\",\"url\":\"https:\\\/\\\/unaymilletras.com\\\/javi-medina-lanza-con-las-cartas-en-la-mesa-su-nueva-balada-flamenca\\\/\",\"name\":\"Javi Medina lanza Con las Cartas en la Mesa, su nueva balada flamenca\",\"isPartOf\":{\"@id\":\"http:\\\/\\\/unaymilletras.com\\\/#website\"},\"primaryImageOfPage\":{\"@id\":\"https:\\\/\\\/unaymilletras.com\\\/javi-medina-lanza-con-las-cartas-en-la-mesa-su-nueva-balada-flamenca\\\/#primaryimage\"},\"image\":{\"@id\":\"https:\\\/\\\/unaymilletras.com\\\/javi-medina-lanza-con-las-cartas-en-la-mesa-su-nueva-balada-flamenca\\\/#primaryimage\"},\"thumbnailUrl\":\"https:\\\/\\\/unaymilletras.com\\\/wp-content\\\/uploads\\\/2025\\\/10\\\/Captura-de-pantalla-2025-10-04-a-las-12.27.00-e1759573677285.png\",\"datePublished\":\"2025-10-04T10:26:46+00:00\",\"dateModified\":\"2025-10-04T10:28:48+00:00\",\"description\":\"El madrile\u00f1o Javi Medina estrena single tras llenar La Riviera y Razzmatazz y anuncia su primera gira latinoamericana\",\"breadcrumb\":{\"@id\":\"https:\\\/\\\/unaymilletras.com\\\/javi-medina-lanza-con-las-cartas-en-la-mesa-su-nueva-balada-flamenca\\\/#breadcrumb\"},\"inLanguage\":\"en-GB\",\"potentialAction\":[{\"@type\":\"ReadAction\",\"target\":[\"https:\\\/\\\/unaymilletras.com\\\/javi-medina-lanza-con-las-cartas-en-la-mesa-su-nueva-balada-flamenca\\\/\"]}]},{\"@type\":\"ImageObject\",\"inLanguage\":\"en-GB\",\"@id\":\"https:\\\/\\\/unaymilletras.com\\\/javi-medina-lanza-con-las-cartas-en-la-mesa-su-nueva-balada-flamenca\\\/#primaryimage\",\"url\":\"https:\\\/\\\/unaymilletras.com\\\/wp-content\\\/uploads\\\/2025\\\/10\\\/Captura-de-pantalla-2025-10-04-a-las-12.27.00-e1759573677285.png\",\"contentUrl\":\"https:\\\/\\\/unaymilletras.com\\\/wp-content\\\/uploads\\\/2025\\\/10\\\/Captura-de-pantalla-2025-10-04-a-las-12.27.00-e1759573677285.png\",\"width\":600,\"height\":248,\"caption\":\"Javi Medina\"},{\"@type\":\"BreadcrumbList\",\"@id\":\"https:\\\/\\\/unaymilletras.com\\\/javi-medina-lanza-con-las-cartas-en-la-mesa-su-nueva-balada-flamenca\\\/#breadcrumb\",\"itemListElement\":[{\"@type\":\"ListItem\",\"position\":1,\"name\":\"Home\",\"item\":\"http:\\\/\\\/unaymilletras.com\\\/\"},{\"@type\":\"ListItem\",\"position\":2,\"name\":\"Javi Medina lanza Con las Cartas en la Mesa, su nueva balada flamenca\"}]},{\"@type\":\"WebSite\",\"@id\":\"http:\\\/\\\/unaymilletras.com\\\/#website\",\"url\":\"http:\\\/\\\/unaymilletras.com\\\/\",\"name\":\"Una y Mil Letras\",\"description\":\"\",\"publisher\":{\"@id\":\"http:\\\/\\\/unaymilletras.com\\\/#organization\"},\"potentialAction\":[{\"@type\":\"SearchAction\",\"target\":{\"@type\":\"EntryPoint\",\"urlTemplate\":\"http:\\\/\\\/unaymilletras.com\\\/?s={search_term_string}\"},\"query-input\":{\"@type\":\"PropertyValueSpecification\",\"valueRequired\":true,\"valueName\":\"search_term_string\"}}],\"inLanguage\":\"en-GB\"},{\"@type\":\"Organization\",\"@id\":\"http:\\\/\\\/unaymilletras.com\\\/#organization\",\"name\":\"Una y Mil Letras\",\"url\":\"http:\\\/\\\/unaymilletras.com\\\/\",\"logo\":{\"@type\":\"ImageObject\",\"inLanguage\":\"en-GB\",\"@id\":\"http:\\\/\\\/unaymilletras.com\\\/#\\\/schema\\\/logo\\\/image\\\/\",\"url\":\"https:\\\/\\\/unaymilletras.com\\\/wp-content\\\/uploads\\\/2024\\\/06\\\/cropped-Logo-removebg-preview.png\",\"contentUrl\":\"https:\\\/\\\/unaymilletras.com\\\/wp-content\\\/uploads\\\/2024\\\/06\\\/cropped-Logo-removebg-preview.png\",\"width\":512,\"height\":512,\"caption\":\"Una y Mil Letras\"},\"image\":{\"@id\":\"http:\\\/\\\/unaymilletras.com\\\/#\\\/schema\\\/logo\\\/image\\\/\"},\"sameAs\":[\"https:\\\/\\\/x.com\\\/UnaYMilLetras\",\"https:\\\/\\\/instagram.com\\\/UnaYMilLetras\"]},{\"@type\":\"Person\",\"@id\":\"http:\\\/\\\/unaymilletras.com\\\/#\\\/schema\\\/person\\\/0860dc8a218329991ee2c7591f4f849d\",\"name\":\"Redacci\u00f3n\",\"image\":{\"@type\":\"ImageObject\",\"inLanguage\":\"en-GB\",\"@id\":\"https:\\\/\\\/secure.gravatar.com\\\/avatar\\\/d8f55e05a8b6597e45c55a1dcbdbfe44f4a360d88b48e00de5216a79b7732796?s=96&d=mm&r=g\",\"url\":\"https:\\\/\\\/secure.gravatar.com\\\/avatar\\\/d8f55e05a8b6597e45c55a1dcbdbfe44f4a360d88b48e00de5216a79b7732796?s=96&d=mm&r=g\",\"contentUrl\":\"https:\\\/\\\/secure.gravatar.com\\\/avatar\\\/d8f55e05a8b6597e45c55a1dcbdbfe44f4a360d88b48e00de5216a79b7732796?s=96&d=mm&r=g\",\"caption\":\"Redacci\u00f3n\"},\"url\":\"https:\\\/\\\/unaymilletras.com\\\/en\\\/author\\\/redaccion\\\/\"}]}<\/script>\n<!-- \/ Yoast SEO plugin. -->","yoast_head_json":{"title":"Javi Medina lanza Con las Cartas en la Mesa, su nueva balada flamenca","description":"El madrile\u00f1o Javi Medina estrena single tras llenar La Riviera y Razzmatazz y anuncia su primera gira latinoamericana","robots":{"index":"index","follow":"follow","max-snippet":"max-snippet:-1","max-image-preview":"max-image-preview:large","max-video-preview":"max-video-preview:-1"},"canonical":"https:\/\/unaymilletras.com\/en\/javi-medina-lanza-con-las-cartas-en-la-mesa-su-nueva-balada-flamenca\/","og_locale":"en_GB","og_type":"article","og_title":"Javi Medina lanza Con las Cartas en la Mesa, su nueva balada flamenca","og_description":"El madrile\u00f1o Javi Medina estrena single tras llenar La Riviera y Razzmatazz y anuncia su primera gira latinoamericana","og_url":"https:\/\/unaymilletras.com\/en\/javi-medina-lanza-con-las-cartas-en-la-mesa-su-nueva-balada-flamenca\/","og_site_name":"Una y Mil Letras","article_published_time":"2025-10-04T10:26:46+00:00","article_modified_time":"2025-10-04T10:28:48+00:00","og_image":[{"width":600,"height":248,"url":"http:\/\/unaymilletras.com\/wp-content\/uploads\/2025\/10\/Captura-de-pantalla-2025-10-04-a-las-12.27.00-e1759573677285.png","type":"image\/png"}],"author":"Redacci\u00f3n","twitter_card":"summary_large_image","twitter_creator":"@UnaYMilLetras","twitter_site":"@UnaYMilLetras","twitter_misc":{"Written by":"Redacci\u00f3n","Estimated reading time":"3 minutes"},"schema":{"@context":"https:\/\/schema.org","@graph":[{"@type":"Article","@id":"https:\/\/unaymilletras.com\/javi-medina-lanza-con-las-cartas-en-la-mesa-su-nueva-balada-flamenca\/#article","isPartOf":{"@id":"https:\/\/unaymilletras.com\/javi-medina-lanza-con-las-cartas-en-la-mesa-su-nueva-balada-flamenca\/"},"author":{"name":"Redacci\u00f3n","@id":"http:\/\/unaymilletras.com\/#\/schema\/person\/0860dc8a218329991ee2c7591f4f849d"},"headline":"Javi Medina lanza Con las Cartas en la Mesa, su nueva balada flamenca","datePublished":"2025-10-04T10:26:46+00:00","dateModified":"2025-10-04T10:28:48+00:00","mainEntityOfPage":{"@id":"https:\/\/unaymilletras.com\/javi-medina-lanza-con-las-cartas-en-la-mesa-su-nueva-balada-flamenca\/"},"wordCount":388,"publisher":{"@id":"http:\/\/unaymilletras.com\/#organization"},"image":{"@id":"https:\/\/unaymilletras.com\/javi-medina-lanza-con-las-cartas-en-la-mesa-su-nueva-balada-flamenca\/#primaryimage"},"thumbnailUrl":"https:\/\/unaymilletras.com\/wp-content\/uploads\/2025\/10\/Captura-de-pantalla-2025-10-04-a-las-12.27.00-e1759573677285.png","articleSection":["M\u00fasica"],"inLanguage":"en-GB"},{"@type":"WebPage","@id":"https:\/\/unaymilletras.com\/javi-medina-lanza-con-las-cartas-en-la-mesa-su-nueva-balada-flamenca\/","url":"https:\/\/unaymilletras.com\/javi-medina-lanza-con-las-cartas-en-la-mesa-su-nueva-balada-flamenca\/","name":"Javi Medina lanza Con las Cartas en la Mesa, su nueva balada flamenca","isPartOf":{"@id":"http:\/\/unaymilletras.com\/#website"},"primaryImageOfPage":{"@id":"https:\/\/unaymilletras.com\/javi-medina-lanza-con-las-cartas-en-la-mesa-su-nueva-balada-flamenca\/#primaryimage"},"image":{"@id":"https:\/\/unaymilletras.com\/javi-medina-lanza-con-las-cartas-en-la-mesa-su-nueva-balada-flamenca\/#primaryimage"},"thumbnailUrl":"https:\/\/unaymilletras.com\/wp-content\/uploads\/2025\/10\/Captura-de-pantalla-2025-10-04-a-las-12.27.00-e1759573677285.png","datePublished":"2025-10-04T10:26:46+00:00","dateModified":"2025-10-04T10:28:48+00:00","description":"El madrile\u00f1o Javi Medina estrena single tras llenar La Riviera y Razzmatazz y anuncia su primera gira latinoamericana","breadcrumb":{"@id":"https:\/\/unaymilletras.com\/javi-medina-lanza-con-las-cartas-en-la-mesa-su-nueva-balada-flamenca\/#breadcrumb"},"inLanguage":"en-GB","potentialAction":[{"@type":"ReadAction","target":["https:\/\/unaymilletras.com\/javi-medina-lanza-con-las-cartas-en-la-mesa-su-nueva-balada-flamenca\/"]}]},{"@type":"ImageObject","inLanguage":"en-GB","@id":"https:\/\/unaymilletras.com\/javi-medina-lanza-con-las-cartas-en-la-mesa-su-nueva-balada-flamenca\/#primaryimage","url":"https:\/\/unaymilletras.com\/wp-content\/uploads\/2025\/10\/Captura-de-pantalla-2025-10-04-a-las-12.27.00-e1759573677285.png","contentUrl":"https:\/\/unaymilletras.com\/wp-content\/uploads\/2025\/10\/Captura-de-pantalla-2025-10-04-a-las-12.27.00-e1759573677285.png","width":600,"height":248,"caption":"Javi Medina"},{"@type":"BreadcrumbList","@id":"https:\/\/unaymilletras.com\/javi-medina-lanza-con-las-cartas-en-la-mesa-su-nueva-balada-flamenca\/#breadcrumb","itemListElement":[{"@type":"ListItem","position":1,"name":"Home","item":"http:\/\/unaymilletras.com\/"},{"@type":"ListItem","position":2,"name":"Javi Medina lanza Con las Cartas en la Mesa, su nueva balada flamenca"}]},{"@type":"WebSite","@id":"http:\/\/unaymilletras.com\/#website","url":"http:\/\/unaymilletras.com\/","name":"Una y Mil Letras","description":"","publisher":{"@id":"http:\/\/unaymilletras.com\/#organization"},"potentialAction":[{"@type":"SearchAction","target":{"@type":"EntryPoint","urlTemplate":"http:\/\/unaymilletras.com\/?s={search_term_string}"},"query-input":{"@type":"PropertyValueSpecification","valueRequired":true,"valueName":"search_term_string"}}],"inLanguage":"en-GB"},{"@type":"Organization","@id":"http:\/\/unaymilletras.com\/#organization","name":"Una y Mil Letras","url":"http:\/\/unaymilletras.com\/","logo":{"@type":"ImageObject","inLanguage":"en-GB","@id":"http:\/\/unaymilletras.com\/#\/schema\/logo\/image\/","url":"https:\/\/unaymilletras.com\/wp-content\/uploads\/2024\/06\/cropped-Logo-removebg-preview.png","contentUrl":"https:\/\/unaymilletras.com\/wp-content\/uploads\/2024\/06\/cropped-Logo-removebg-preview.png","width":512,"height":512,"caption":"Una y Mil Letras"},"image":{"@id":"http:\/\/unaymilletras.com\/#\/schema\/logo\/image\/"},"sameAs":["https:\/\/x.com\/UnaYMilLetras","https:\/\/instagram.com\/UnaYMilLetras"]},{"@type":"Person","@id":"http:\/\/unaymilletras.com\/#\/schema\/person\/0860dc8a218329991ee2c7591f4f849d","name":"Redacci\u00f3n","image":{"@type":"ImageObject","inLanguage":"en-GB","@id":"https:\/\/secure.gravatar.com\/avatar\/d8f55e05a8b6597e45c55a1dcbdbfe44f4a360d88b48e00de5216a79b7732796?s=96&d=mm&r=g","url":"https:\/\/secure.gravatar.com\/avatar\/d8f55e05a8b6597e45c55a1dcbdbfe44f4a360d88b48e00de5216a79b7732796?s=96&d=mm&r=g","contentUrl":"https:\/\/secure.gravatar.com\/avatar\/d8f55e05a8b6597e45c55a1dcbdbfe44f4a360d88b48e00de5216a79b7732796?s=96&d=mm&r=g","caption":"Redacci\u00f3n"},"url":"https:\/\/unaymilletras.com\/en\/author\/redaccion\/"}]}},"_links":{"self":[{"href":"https:\/\/unaymilletras.com\/en\/wp-json\/wp\/v2\/posts\/5774","targetHints":{"allow":["GET"]}}],"collection":[{"href":"https:\/\/unaymilletras.com\/en\/wp-json\/wp\/v2\/posts"}],"about":[{"href":"https:\/\/unaymilletras.com\/en\/wp-json\/wp\/v2\/types\/post"}],"author":[{"embeddable":true,"href":"https:\/\/unaymilletras.com\/en\/wp-json\/wp\/v2\/users\/6"}],"replies":[{"embeddable":true,"href":"https:\/\/unaymilletras.com\/en\/wp-json\/wp\/v2\/comments?post=5774"}],"version-history":[{"count":8,"href":"https:\/\/unaymilletras.com\/en\/wp-json\/wp\/v2\/posts\/5774\/revisions"}],"predecessor-version":[{"id":5825,"href":"https:\/\/unaymilletras.com\/en\/wp-json\/wp\/v2\/posts\/5774\/revisions\/5825"}],"wp:featuredmedia":[{"embeddable":true,"href":"https:\/\/unaymilletras.com\/en\/wp-json\/wp\/v2\/media\/5776"}],"wp:attachment":[{"href":"https:\/\/unaymilletras.com\/en\/wp-json\/wp\/v2\/media?parent=5774"}],"wp:term":[{"taxonomy":"category","embeddable":true,"href":"https:\/\/unaymilletras.com\/en\/wp-json\/wp\/v2\/categories?post=5774"},{"taxonomy":"post_tag","embeddable":true,"href":"https:\/\/unaymilletras.com\/en\/wp-json\/wp\/v2\/tags?post=5774"}],"curies":[{"name":"wp","href":"https:\/\/api.w.org\/{rel}","templated":true}]}}