{"id":5784,"date":"2025-10-04T17:36:25","date_gmt":"2025-10-04T15:36:25","guid":{"rendered":"https:\/\/unaymilletras.com\/?p=5784"},"modified":"2025-10-04T21:01:00","modified_gmt":"2025-10-04T19:01:00","slug":"sonia-gomez-irrelevante","status":"publish","type":"post","link":"https:\/\/unaymilletras.com\/en\/sonia-gomez-irrelevante\/","title":{"rendered":"Sonia G\u00f3mez lanza Irrelevante, un himno pop para dejar las cosas claras"},"content":{"rendered":"<div data-elementor-type=\"wp-post\" data-elementor-id=\"5784\" class=\"elementor elementor-5784\">\n\t\t\t\t\t\t<section class=\"elementor-section elementor-top-section elementor-element elementor-element-8831ee5 elementor-section-boxed elementor-section-height-default elementor-section-height-default\" data-id=\"8831ee5\" data-element_type=\"section\" data-e-type=\"section\">\n\t\t\t\t\t\t<div class=\"elementor-container elementor-column-gap-default\">\n\t\t\t\t\t<div class=\"elementor-column elementor-col-100 elementor-top-column elementor-element elementor-element-1434487\" data-id=\"1434487\" data-element_type=\"column\" data-e-type=\"column\">\n\t\t\t<div class=\"elementor-widget-wrap elementor-element-populated\">\n\t\t\t\t\t\t<div class=\"elementor-element elementor-element-589fc21 elementor-widget elementor-widget-text-editor\" data-id=\"589fc21\" data-element_type=\"widget\" data-e-type=\"widget\" data-widget_type=\"text-editor.default\">\n\t\t\t\t<div class=\"elementor-widget-container\">\n\t\t\t\t\t\t\t\t\t<h2 class=\"wp-block-heading has-text-align-center\" style=\"color: #212121; text-align: center;\"><span style=\"color: #808080;\"><em>Sonia G\u00f3mez sigue afianz\u00e1ndose como una de las voces emergentes m\u00e1s prometedoras del pop nacional<\/em><\/span><\/h2>\t\t\t\t\t\t\t\t<\/div>\n\t\t\t\t<\/div>\n\t\t\t\t\t<\/div>\n\t\t<\/div>\n\t\t\t\t\t<\/div>\n\t\t<\/section>\n\t\t\t\t<section class=\"elementor-section elementor-top-section elementor-element elementor-element-355c8fc elementor-section-boxed elementor-section-height-default elementor-section-height-default\" data-id=\"355c8fc\" data-element_type=\"section\" data-e-type=\"section\">\n\t\t\t\t\t\t<div class=\"elementor-container elementor-column-gap-default\">\n\t\t\t\t\t<div class=\"elementor-column elementor-col-100 elementor-top-column elementor-element elementor-element-a17c98a\" data-id=\"a17c98a\" data-element_type=\"column\" data-e-type=\"column\">\n\t\t\t<div class=\"elementor-widget-wrap elementor-element-populated\">\n\t\t\t\t\t\t<div class=\"elementor-element elementor-element-0814beb elementor-widget elementor-widget-text-editor\" data-id=\"0814beb\" data-element_type=\"widget\" data-e-type=\"widget\" data-widget_type=\"text-editor.default\">\n\t\t\t\t<div class=\"elementor-widget-container\">\n\t\t\t\t\t\t\t\t\t<p>Sonia G\u00f3mez sigue afianz\u00e1ndose como una de las voces emergentes m\u00e1s prometedoras del pop nacional. Tras el \u00e9xito de <em data-start=\"1718\" data-end=\"1727\">J\u00fapiter<\/em> y un sold out en la Sala Vesta de Madrid, la artista sevillana presenta <strong data-start=\"1800\" data-end=\"1815\">Irrelevante<\/strong>, su nuevo single cargado de energ\u00eda y superaci\u00f3n.<\/p>\t\t\t\t\t\t\t\t<\/div>\n\t\t\t\t<\/div>\n\t\t\t\t\t<\/div>\n\t\t<\/div>\n\t\t\t\t\t<\/div>\n\t\t<\/section>\n\t\t\t\t<section class=\"elementor-section elementor-top-section elementor-element elementor-element-a6b5d5a elementor-section-boxed elementor-section-height-default elementor-section-height-default\" data-id=\"a6b5d5a\" data-element_type=\"section\" data-e-type=\"section\">\n\t\t\t\t\t\t<div class=\"elementor-container elementor-column-gap-default\">\n\t\t\t\t\t<div class=\"elementor-column elementor-col-100 elementor-top-column elementor-element elementor-element-ca19b0a\" data-id=\"ca19b0a\" data-element_type=\"column\" data-e-type=\"column\">\n\t\t\t<div class=\"elementor-widget-wrap elementor-element-populated\">\n\t\t\t\t\t\t<div class=\"elementor-element elementor-element-3fc7bb3 elementor-widget elementor-widget-image\" data-id=\"3fc7bb3\" data-element_type=\"widget\" data-e-type=\"widget\" data-widget_type=\"image.default\">\n\t\t\t\t<div class=\"elementor-widget-container\">\n\t\t\t\t\t\t\t\t\t\t\t\t\t\t\t<img decoding=\"async\" src=\"https:\/\/unaymilletras.com\/wp-content\/uploads\/2025\/10\/unnamed-e1759578284566.jpg\" title=\"Sonia G\u00f3mez\" alt=\"Sonia G\u00f3mez\" loading=\"lazy\" \/>\t\t\t\t\t\t\t\t\t\t\t\t\t\t\t<\/div>\n\t\t\t\t<\/div>\n\t\t\t\t\t<\/div>\n\t\t<\/div>\n\t\t\t\t\t<\/div>\n\t\t<\/section>\n\t\t\t\t<section class=\"elementor-section elementor-top-section elementor-element elementor-element-8e6fb08 elementor-section-boxed elementor-section-height-default elementor-section-height-default\" data-id=\"8e6fb08\" data-element_type=\"section\" data-e-type=\"section\">\n\t\t\t\t\t\t<div class=\"elementor-container elementor-column-gap-default\">\n\t\t\t\t\t<div class=\"elementor-column elementor-col-100 elementor-top-column elementor-element elementor-element-e9bf1c8\" data-id=\"e9bf1c8\" data-element_type=\"column\" data-e-type=\"column\">\n\t\t\t<div class=\"elementor-widget-wrap elementor-element-populated\">\n\t\t\t\t\t\t<div class=\"elementor-element elementor-element-5702911 elementor-widget elementor-widget-text-editor\" data-id=\"5702911\" data-element_type=\"widget\" data-e-type=\"widget\" data-widget_type=\"text-editor.default\">\n\t\t\t\t<div class=\"elementor-widget-container\">\n\t\t\t\t\t\t\t\t\t<p><span style=\"text-align: justify;\">\u201cEn\u00a0<\/span><em style=\"text-align: justify;\">Irrelevante<\/em><span style=\"text-align: justify;\">\u00a0hablamos a esa persona que alguna vez nos hizo sentir inferior\u201d, confiesa la cantante. Escrita con la distancia que da el tiempo, la letra se convierte en un canto de liberaci\u00f3n y superaci\u00f3n: lo que antes dol\u00eda, ahora ya no significa nada y se vuelve, en palabras de Sonia, completamente \u201cIrrelevante\u201d.<\/span><\/p>\t\t\t\t\t\t\t\t<\/div>\n\t\t\t\t<\/div>\n\t\t\t\t\t<\/div>\n\t\t<\/div>\n\t\t\t\t\t<\/div>\n\t\t<\/section>\n\t\t\t\t<section class=\"elementor-section elementor-top-section elementor-element elementor-element-ef06e31 elementor-section-boxed elementor-section-height-default elementor-section-height-default\" data-id=\"ef06e31\" data-element_type=\"section\" data-e-type=\"section\">\n\t\t\t\t\t\t<div class=\"elementor-container elementor-column-gap-default\">\n\t\t\t\t\t<div class=\"elementor-column elementor-col-100 elementor-top-column elementor-element elementor-element-530605d\" data-id=\"530605d\" data-element_type=\"column\" data-e-type=\"column\">\n\t\t\t<div class=\"elementor-widget-wrap elementor-element-populated\">\n\t\t\t\t\t\t<div class=\"elementor-element elementor-element-6edaf0d elementor-widget elementor-widget-text-editor\" data-id=\"6edaf0d\" data-element_type=\"widget\" data-e-type=\"widget\" data-widget_type=\"text-editor.default\">\n\t\t\t\t<div class=\"elementor-widget-container\">\n\t\t\t\t\t\t\t\t\t<p style=\"text-align: justify\"><span style=\"text-align: justify\">Musicalmente, el single combina un ritmo actual y muy pegadizo con la producci\u00f3n de Tato Latorre, que incorpora matices sonoros propios de los a\u00f1os 80 y 90. El resultado muestra un contraste entre lo retro y lo contempor\u00e1neo que refuerza la identidad del tema.<\/span><\/p>\t\t\t\t\t\t\t\t<\/div>\n\t\t\t\t<\/div>\n\t\t\t\t\t<\/div>\n\t\t<\/div>\n\t\t\t\t\t<\/div>\n\t\t<\/section>\n\t\t\t\t<section class=\"elementor-section elementor-top-section elementor-element elementor-element-1ba27d61 elementor-section-boxed elementor-section-height-default elementor-section-height-default\" data-id=\"1ba27d61\" data-element_type=\"section\" data-e-type=\"section\">\n\t\t\t\t\t\t<div class=\"elementor-container elementor-column-gap-default\">\n\t\t\t\t\t<div class=\"elementor-column elementor-col-100 elementor-top-column elementor-element elementor-element-56c8645e\" data-id=\"56c8645e\" data-element_type=\"column\" data-e-type=\"column\">\n\t\t\t<div class=\"elementor-widget-wrap elementor-element-populated\">\n\t\t\t\t\t\t<div class=\"elementor-element elementor-element-4fd4c22 elementor-widget elementor-widget-text-editor\" data-id=\"4fd4c22\" data-element_type=\"widget\" data-e-type=\"widget\" data-widget_type=\"text-editor.default\">\n\t\t\t\t<div class=\"elementor-widget-container\">\n\t\t\t\t\t\t\t\t\t<p class=\"text-align: justify\">El lanzamiento llega acompa\u00f1ado de un videoclip ya disponible en el <a href=\"http:\/\/www.youtube.com\/@SoniaGomezGlez\">canal de YouTube de Sonia G\u00f3mez<\/a>. En \u00e9l se muestra la historia de una joven en un entorno rural que canta con determinaci\u00f3n a esa persona que ya no ocupa espacio en su vida. As\u00ed logra transmitir a la perfecci\u00f3n la esencia de la canci\u00f3n.<\/p>\n<p><!-- \/wp:paragraph --><!-- wp:paragraph --><\/p>\n<p><!-- \/wp:paragraph --><\/p>\t\t\t\t\t\t\t\t<\/div>\n\t\t\t\t<\/div>\n\t\t\t\t\t<\/div>\n\t\t<\/div>\n\t\t\t\t\t<\/div>\n\t\t<\/section>\n\t\t\t\t<section class=\"elementor-section elementor-top-section elementor-element elementor-element-b0e8703 elementor-section-boxed elementor-section-height-default elementor-section-height-default\" data-id=\"b0e8703\" data-element_type=\"section\" data-e-type=\"section\">\n\t\t\t\t\t\t<div class=\"elementor-container elementor-column-gap-default\">\n\t\t\t\t\t<div class=\"elementor-column elementor-col-100 elementor-top-column elementor-element elementor-element-6f010cc\" data-id=\"6f010cc\" data-element_type=\"column\" data-e-type=\"column\">\n\t\t\t<div class=\"elementor-widget-wrap elementor-element-populated\">\n\t\t\t\t\t\t<div class=\"elementor-element elementor-element-fee440a elementor-widget elementor-widget-video\" data-id=\"fee440a\" data-element_type=\"widget\" data-e-type=\"widget\" data-settings=\"{&quot;youtube_url&quot;:&quot;https:\\\/\\\/youtu.be\\\/77vwRANZjpE?si=gaWEoXPIyXeGrEXP&quot;,&quot;video_type&quot;:&quot;youtube&quot;,&quot;controls&quot;:&quot;yes&quot;}\" data-widget_type=\"video.default\">\n\t\t\t\t<div class=\"elementor-widget-container\">\n\t\t\t\t\t\t\t<div class=\"elementor-wrapper elementor-open-inline\">\n\t\t\t<div class=\"elementor-video\"><\/div>\t\t<\/div>\n\t\t\t\t\t\t<\/div>\n\t\t\t\t<\/div>\n\t\t\t\t\t<\/div>\n\t\t<\/div>\n\t\t\t\t\t<\/div>\n\t\t<\/section>\n\t\t\t\t<section class=\"elementor-section elementor-top-section elementor-element elementor-element-10672a4 elementor-section-boxed elementor-section-height-default elementor-section-height-default\" data-id=\"10672a4\" data-element_type=\"section\" data-e-type=\"section\">\n\t\t\t\t\t\t<div class=\"elementor-container elementor-column-gap-default\">\n\t\t\t\t\t<div class=\"elementor-column elementor-col-100 elementor-top-column elementor-element elementor-element-c572d9e\" data-id=\"c572d9e\" data-element_type=\"column\" data-e-type=\"column\">\n\t\t\t<div class=\"elementor-widget-wrap elementor-element-populated\">\n\t\t\t\t\t\t<div class=\"elementor-element elementor-element-1e4d0ae elementor-widget elementor-widget-text-editor\" data-id=\"1e4d0ae\" data-element_type=\"widget\" data-e-type=\"widget\" data-widget_type=\"text-editor.default\">\n\t\t\t\t<div class=\"elementor-widget-container\">\n\t\t\t\t\t\t\t\t\t<p>Nacida en Sevilla, Sonia G\u00f3mez inici\u00f3 su trayectoria musical como integrante del exitoso grupo Sweet California antes de lanzarse en solitario.\u00a0Desde entonces, ha ido construyendo una carrera marcada por la autenticidad y la b\u00fasqueda de un sonido propio. Sus singles destacan por la energ\u00eda, la superaci\u00f3n y un estilo pop cada vez m\u00e1s reconocible.<\/p>\n<p>El estreno de <em data-start=\"183\" data-end=\"196\">Irrelevante<\/em> llega en un momento clave para la artista sevillana. Su pr\u00f3ximo concierto ya est\u00e1 anunciado en la S<b>ala del Movistar Arena, el 28 de mayo de 2026<\/b>. Sonia G\u00f3mez afronta un nuevo reto en su carrera. Se consolida como una de las voces m\u00e1s prometedoras del pop nacional. Su proyecto en solitario llega a escenarios cada vez m\u00e1s grandes y especiales.<\/p>\t\t\t\t\t\t\t\t<\/div>\n\t\t\t\t<\/div>\n\t\t\t\t\t<\/div>\n\t\t<\/div>\n\t\t\t\t\t<\/div>\n\t\t<\/section>\n\t\t\t\t<section class=\"elementor-section elementor-top-section elementor-element elementor-element-d92e851 elementor-section-boxed elementor-section-height-default elementor-section-height-default\" data-id=\"d92e851\" data-element_type=\"section\" data-e-type=\"section\">\n\t\t\t\t\t\t<div class=\"elementor-container elementor-column-gap-default\">\n\t\t\t\t\t<div class=\"elementor-column elementor-col-100 elementor-top-column elementor-element elementor-element-6f4eb6a\" data-id=\"6f4eb6a\" data-element_type=\"column\" data-e-type=\"column\">\n\t\t\t<div class=\"elementor-widget-wrap elementor-element-populated\">\n\t\t\t\t\t\t<div class=\"elementor-element elementor-element-496d225 elementor-widget elementor-widget-text-editor\" data-id=\"496d225\" data-element_type=\"widget\" data-e-type=\"widget\" data-widget_type=\"text-editor.default\">\n\t\t\t\t<div class=\"elementor-widget-container\">\n\t\t\t\t\t\t\t\t\t<p><em data-start=\"125\" data-end=\"267\">Para no perderte ninguna novedad del mundo de la m\u00fasica, descubre nuestras <a class=\"decorated-link cursor-pointer\" rel=\"noopener\" data-start=\"201\" data-end=\"244\">\u00faltimas noticias<\/a> en Una y mil letras<\/em>.<\/p>\t\t\t\t\t\t\t\t<\/div>\n\t\t\t\t<\/div>\n\t\t\t\t\t<\/div>\n\t\t<\/div>\n\t\t\t\t\t<\/div>\n\t\t<\/section>\n\t\t\t\t<\/div>","protected":false},"excerpt":{"rendered":"<p>Sonia G\u00f3mez sigue afianz\u00e1ndose como una de las voces emergentes m\u00e1s prometedoras del pop nacional Sonia G\u00f3mez sigue afianz\u00e1ndose como una de las voces emergentes m\u00e1s prometedoras del pop nacional. Tras el \u00e9xito de J\u00fapiter y un sold out en la Sala Vesta de Madrid, la artista sevillana presenta Irrelevante, su nuevo single cargado de [&hellip;]<\/p>\n","protected":false},"author":13,"featured_media":5785,"comment_status":"closed","ping_status":"closed","sticky":false,"template":"","format":"standard","meta":{"footnotes":""},"categories":[4],"tags":[],"class_list":["post-5784","post","type-post","status-publish","format-standard","has-post-thumbnail","hentry","category-musica"],"yoast_head":"<!-- This site is optimized with the Yoast SEO plugin v27.4 - https:\/\/yoast.com\/product\/yoast-seo-wordpress\/ -->\n<title>Sonia G\u00f3mez lanza Irrelevante, su nuevo single pop<\/title>\n<meta name=\"description\" content=\"Sonia G\u00f3mez lanza Irrelevante, su nuevo single pop con videoclip y concierto en el Movistar Arena. Energ\u00eda y superaci\u00f3n en su m\u00fasica.\" \/>\n<meta name=\"robots\" content=\"index, follow, max-snippet:-1, max-image-preview:large, max-video-preview:-1\" \/>\n<link rel=\"canonical\" href=\"https:\/\/unaymilletras.com\/en\/sonia-gomez-irrelevante\/\" \/>\n<meta property=\"og:locale\" content=\"en_GB\" \/>\n<meta property=\"og:type\" content=\"article\" \/>\n<meta property=\"og:title\" content=\"Sonia G\u00f3mez lanza Irrelevante, su nuevo single pop\" \/>\n<meta property=\"og:description\" content=\"Sonia G\u00f3mez lanza Irrelevante, su nuevo single pop con videoclip y concierto en el Movistar Arena. Energ\u00eda y superaci\u00f3n en su m\u00fasica.\" \/>\n<meta property=\"og:url\" content=\"https:\/\/unaymilletras.com\/en\/sonia-gomez-irrelevante\/\" \/>\n<meta property=\"og:site_name\" content=\"Una y Mil Letras\" \/>\n<meta property=\"article:published_time\" content=\"2025-10-04T15:36:25+00:00\" \/>\n<meta property=\"article:modified_time\" content=\"2025-10-04T19:01:00+00:00\" \/>\n<meta property=\"og:image\" content=\"http:\/\/unaymilletras.com\/wp-content\/uploads\/2025\/10\/unnamed-e1759578284566.jpg\" \/>\n\t<meta property=\"og:image:width\" content=\"600\" \/>\n\t<meta property=\"og:image:height\" content=\"600\" \/>\n\t<meta property=\"og:image:type\" content=\"image\/jpeg\" \/>\n<meta name=\"author\" content=\"Alba Benito\" \/>\n<meta name=\"twitter:card\" content=\"summary_large_image\" \/>\n<meta name=\"twitter:creator\" content=\"@UnaYMilLetras\" \/>\n<meta name=\"twitter:site\" content=\"@UnaYMilLetras\" \/>\n<meta name=\"twitter:label1\" content=\"Written by\" \/>\n\t<meta name=\"twitter:data1\" content=\"Alba Benito\" \/>\n\t<meta name=\"twitter:label2\" content=\"Estimated reading time\" \/>\n\t<meta name=\"twitter:data2\" content=\"2 minutes\" \/>\n<script type=\"application\/ld+json\" class=\"yoast-schema-graph\">{\"@context\":\"https:\\\/\\\/schema.org\",\"@graph\":[{\"@type\":\"Article\",\"@id\":\"https:\\\/\\\/unaymilletras.com\\\/sonia-gomez-irrelevante\\\/#article\",\"isPartOf\":{\"@id\":\"https:\\\/\\\/unaymilletras.com\\\/sonia-gomez-irrelevante\\\/\"},\"author\":{\"name\":\"Alba Benito\",\"@id\":\"http:\\\/\\\/unaymilletras.com\\\/#\\\/schema\\\/person\\\/a10550e4bff9a23f941f52b2cd5d8686\"},\"headline\":\"Sonia G\u00f3mez lanza Irrelevante, un himno pop para dejar las cosas claras\",\"datePublished\":\"2025-10-04T15:36:25+00:00\",\"dateModified\":\"2025-10-04T19:01:00+00:00\",\"mainEntityOfPage\":{\"@id\":\"https:\\\/\\\/unaymilletras.com\\\/sonia-gomez-irrelevante\\\/\"},\"wordCount\":394,\"publisher\":{\"@id\":\"http:\\\/\\\/unaymilletras.com\\\/#organization\"},\"image\":{\"@id\":\"https:\\\/\\\/unaymilletras.com\\\/sonia-gomez-irrelevante\\\/#primaryimage\"},\"thumbnailUrl\":\"https:\\\/\\\/unaymilletras.com\\\/wp-content\\\/uploads\\\/2025\\\/10\\\/unnamed-e1759578284566.jpg\",\"articleSection\":[\"M\u00fasica\"],\"inLanguage\":\"en-GB\"},{\"@type\":\"WebPage\",\"@id\":\"https:\\\/\\\/unaymilletras.com\\\/sonia-gomez-irrelevante\\\/\",\"url\":\"https:\\\/\\\/unaymilletras.com\\\/sonia-gomez-irrelevante\\\/\",\"name\":\"Sonia G\u00f3mez lanza Irrelevante, su nuevo single pop\",\"isPartOf\":{\"@id\":\"http:\\\/\\\/unaymilletras.com\\\/#website\"},\"primaryImageOfPage\":{\"@id\":\"https:\\\/\\\/unaymilletras.com\\\/sonia-gomez-irrelevante\\\/#primaryimage\"},\"image\":{\"@id\":\"https:\\\/\\\/unaymilletras.com\\\/sonia-gomez-irrelevante\\\/#primaryimage\"},\"thumbnailUrl\":\"https:\\\/\\\/unaymilletras.com\\\/wp-content\\\/uploads\\\/2025\\\/10\\\/unnamed-e1759578284566.jpg\",\"datePublished\":\"2025-10-04T15:36:25+00:00\",\"dateModified\":\"2025-10-04T19:01:00+00:00\",\"description\":\"Sonia G\u00f3mez lanza Irrelevante, su nuevo single pop con videoclip y concierto en el Movistar Arena. Energ\u00eda y superaci\u00f3n en su m\u00fasica.\",\"breadcrumb\":{\"@id\":\"https:\\\/\\\/unaymilletras.com\\\/sonia-gomez-irrelevante\\\/#breadcrumb\"},\"inLanguage\":\"en-GB\",\"potentialAction\":[{\"@type\":\"ReadAction\",\"target\":[\"https:\\\/\\\/unaymilletras.com\\\/sonia-gomez-irrelevante\\\/\"]}]},{\"@type\":\"ImageObject\",\"inLanguage\":\"en-GB\",\"@id\":\"https:\\\/\\\/unaymilletras.com\\\/sonia-gomez-irrelevante\\\/#primaryimage\",\"url\":\"https:\\\/\\\/unaymilletras.com\\\/wp-content\\\/uploads\\\/2025\\\/10\\\/unnamed-e1759578284566.jpg\",\"contentUrl\":\"https:\\\/\\\/unaymilletras.com\\\/wp-content\\\/uploads\\\/2025\\\/10\\\/unnamed-e1759578284566.jpg\",\"width\":600,\"height\":600},{\"@type\":\"BreadcrumbList\",\"@id\":\"https:\\\/\\\/unaymilletras.com\\\/sonia-gomez-irrelevante\\\/#breadcrumb\",\"itemListElement\":[{\"@type\":\"ListItem\",\"position\":1,\"name\":\"Home\",\"item\":\"http:\\\/\\\/unaymilletras.com\\\/\"},{\"@type\":\"ListItem\",\"position\":2,\"name\":\"Sonia G\u00f3mez lanza Irrelevante, un himno pop para dejar las cosas claras\"}]},{\"@type\":\"WebSite\",\"@id\":\"http:\\\/\\\/unaymilletras.com\\\/#website\",\"url\":\"http:\\\/\\\/unaymilletras.com\\\/\",\"name\":\"Una y Mil Letras\",\"description\":\"\",\"publisher\":{\"@id\":\"http:\\\/\\\/unaymilletras.com\\\/#organization\"},\"potentialAction\":[{\"@type\":\"SearchAction\",\"target\":{\"@type\":\"EntryPoint\",\"urlTemplate\":\"http:\\\/\\\/unaymilletras.com\\\/?s={search_term_string}\"},\"query-input\":{\"@type\":\"PropertyValueSpecification\",\"valueRequired\":true,\"valueName\":\"search_term_string\"}}],\"inLanguage\":\"en-GB\"},{\"@type\":\"Organization\",\"@id\":\"http:\\\/\\\/unaymilletras.com\\\/#organization\",\"name\":\"Una y Mil Letras\",\"url\":\"http:\\\/\\\/unaymilletras.com\\\/\",\"logo\":{\"@type\":\"ImageObject\",\"inLanguage\":\"en-GB\",\"@id\":\"http:\\\/\\\/unaymilletras.com\\\/#\\\/schema\\\/logo\\\/image\\\/\",\"url\":\"https:\\\/\\\/unaymilletras.com\\\/wp-content\\\/uploads\\\/2024\\\/06\\\/cropped-Logo-removebg-preview.png\",\"contentUrl\":\"https:\\\/\\\/unaymilletras.com\\\/wp-content\\\/uploads\\\/2024\\\/06\\\/cropped-Logo-removebg-preview.png\",\"width\":512,\"height\":512,\"caption\":\"Una y Mil Letras\"},\"image\":{\"@id\":\"http:\\\/\\\/unaymilletras.com\\\/#\\\/schema\\\/logo\\\/image\\\/\"},\"sameAs\":[\"https:\\\/\\\/x.com\\\/UnaYMilLetras\",\"https:\\\/\\\/instagram.com\\\/UnaYMilLetras\"]},{\"@type\":\"Person\",\"@id\":\"http:\\\/\\\/unaymilletras.com\\\/#\\\/schema\\\/person\\\/a10550e4bff9a23f941f52b2cd5d8686\",\"name\":\"Alba Benito\",\"image\":{\"@type\":\"ImageObject\",\"inLanguage\":\"en-GB\",\"@id\":\"https:\\\/\\\/secure.gravatar.com\\\/avatar\\\/f227a2222ee313f4b5dea91891742064ec98aa8f11b91568879eaecf941f84de?s=96&d=mm&r=g\",\"url\":\"https:\\\/\\\/secure.gravatar.com\\\/avatar\\\/f227a2222ee313f4b5dea91891742064ec98aa8f11b91568879eaecf941f84de?s=96&d=mm&r=g\",\"contentUrl\":\"https:\\\/\\\/secure.gravatar.com\\\/avatar\\\/f227a2222ee313f4b5dea91891742064ec98aa8f11b91568879eaecf941f84de?s=96&d=mm&r=g\",\"caption\":\"Alba Benito\"},\"url\":\"https:\\\/\\\/unaymilletras.com\\\/en\\\/author\\\/aalbaas_\\\/\"}]}<\/script>\n<!-- \/ Yoast SEO plugin. -->","yoast_head_json":{"title":"Sonia G\u00f3mez lanza Irrelevante, su nuevo single pop","description":"Sonia G\u00f3mez lanza Irrelevante, su nuevo single pop con videoclip y concierto en el Movistar Arena. Energ\u00eda y superaci\u00f3n en su m\u00fasica.","robots":{"index":"index","follow":"follow","max-snippet":"max-snippet:-1","max-image-preview":"max-image-preview:large","max-video-preview":"max-video-preview:-1"},"canonical":"https:\/\/unaymilletras.com\/en\/sonia-gomez-irrelevante\/","og_locale":"en_GB","og_type":"article","og_title":"Sonia G\u00f3mez lanza Irrelevante, su nuevo single pop","og_description":"Sonia G\u00f3mez lanza Irrelevante, su nuevo single pop con videoclip y concierto en el Movistar Arena. Energ\u00eda y superaci\u00f3n en su m\u00fasica.","og_url":"https:\/\/unaymilletras.com\/en\/sonia-gomez-irrelevante\/","og_site_name":"Una y Mil Letras","article_published_time":"2025-10-04T15:36:25+00:00","article_modified_time":"2025-10-04T19:01:00+00:00","og_image":[{"width":600,"height":600,"url":"http:\/\/unaymilletras.com\/wp-content\/uploads\/2025\/10\/unnamed-e1759578284566.jpg","type":"image\/jpeg"}],"author":"Alba Benito","twitter_card":"summary_large_image","twitter_creator":"@UnaYMilLetras","twitter_site":"@UnaYMilLetras","twitter_misc":{"Written by":"Alba Benito","Estimated reading time":"2 minutes"},"schema":{"@context":"https:\/\/schema.org","@graph":[{"@type":"Article","@id":"https:\/\/unaymilletras.com\/sonia-gomez-irrelevante\/#article","isPartOf":{"@id":"https:\/\/unaymilletras.com\/sonia-gomez-irrelevante\/"},"author":{"name":"Alba Benito","@id":"http:\/\/unaymilletras.com\/#\/schema\/person\/a10550e4bff9a23f941f52b2cd5d8686"},"headline":"Sonia G\u00f3mez lanza Irrelevante, un himno pop para dejar las cosas claras","datePublished":"2025-10-04T15:36:25+00:00","dateModified":"2025-10-04T19:01:00+00:00","mainEntityOfPage":{"@id":"https:\/\/unaymilletras.com\/sonia-gomez-irrelevante\/"},"wordCount":394,"publisher":{"@id":"http:\/\/unaymilletras.com\/#organization"},"image":{"@id":"https:\/\/unaymilletras.com\/sonia-gomez-irrelevante\/#primaryimage"},"thumbnailUrl":"https:\/\/unaymilletras.com\/wp-content\/uploads\/2025\/10\/unnamed-e1759578284566.jpg","articleSection":["M\u00fasica"],"inLanguage":"en-GB"},{"@type":"WebPage","@id":"https:\/\/unaymilletras.com\/sonia-gomez-irrelevante\/","url":"https:\/\/unaymilletras.com\/sonia-gomez-irrelevante\/","name":"Sonia G\u00f3mez lanza Irrelevante, su nuevo single pop","isPartOf":{"@id":"http:\/\/unaymilletras.com\/#website"},"primaryImageOfPage":{"@id":"https:\/\/unaymilletras.com\/sonia-gomez-irrelevante\/#primaryimage"},"image":{"@id":"https:\/\/unaymilletras.com\/sonia-gomez-irrelevante\/#primaryimage"},"thumbnailUrl":"https:\/\/unaymilletras.com\/wp-content\/uploads\/2025\/10\/unnamed-e1759578284566.jpg","datePublished":"2025-10-04T15:36:25+00:00","dateModified":"2025-10-04T19:01:00+00:00","description":"Sonia G\u00f3mez lanza Irrelevante, su nuevo single pop con videoclip y concierto en el Movistar Arena. Energ\u00eda y superaci\u00f3n en su m\u00fasica.","breadcrumb":{"@id":"https:\/\/unaymilletras.com\/sonia-gomez-irrelevante\/#breadcrumb"},"inLanguage":"en-GB","potentialAction":[{"@type":"ReadAction","target":["https:\/\/unaymilletras.com\/sonia-gomez-irrelevante\/"]}]},{"@type":"ImageObject","inLanguage":"en-GB","@id":"https:\/\/unaymilletras.com\/sonia-gomez-irrelevante\/#primaryimage","url":"https:\/\/unaymilletras.com\/wp-content\/uploads\/2025\/10\/unnamed-e1759578284566.jpg","contentUrl":"https:\/\/unaymilletras.com\/wp-content\/uploads\/2025\/10\/unnamed-e1759578284566.jpg","width":600,"height":600},{"@type":"BreadcrumbList","@id":"https:\/\/unaymilletras.com\/sonia-gomez-irrelevante\/#breadcrumb","itemListElement":[{"@type":"ListItem","position":1,"name":"Home","item":"http:\/\/unaymilletras.com\/"},{"@type":"ListItem","position":2,"name":"Sonia G\u00f3mez lanza Irrelevante, un himno pop para dejar las cosas claras"}]},{"@type":"WebSite","@id":"http:\/\/unaymilletras.com\/#website","url":"http:\/\/unaymilletras.com\/","name":"Una y Mil Letras","description":"","publisher":{"@id":"http:\/\/unaymilletras.com\/#organization"},"potentialAction":[{"@type":"SearchAction","target":{"@type":"EntryPoint","urlTemplate":"http:\/\/unaymilletras.com\/?s={search_term_string}"},"query-input":{"@type":"PropertyValueSpecification","valueRequired":true,"valueName":"search_term_string"}}],"inLanguage":"en-GB"},{"@type":"Organization","@id":"http:\/\/unaymilletras.com\/#organization","name":"Una y Mil Letras","url":"http:\/\/unaymilletras.com\/","logo":{"@type":"ImageObject","inLanguage":"en-GB","@id":"http:\/\/unaymilletras.com\/#\/schema\/logo\/image\/","url":"https:\/\/unaymilletras.com\/wp-content\/uploads\/2024\/06\/cropped-Logo-removebg-preview.png","contentUrl":"https:\/\/unaymilletras.com\/wp-content\/uploads\/2024\/06\/cropped-Logo-removebg-preview.png","width":512,"height":512,"caption":"Una y Mil Letras"},"image":{"@id":"http:\/\/unaymilletras.com\/#\/schema\/logo\/image\/"},"sameAs":["https:\/\/x.com\/UnaYMilLetras","https:\/\/instagram.com\/UnaYMilLetras"]},{"@type":"Person","@id":"http:\/\/unaymilletras.com\/#\/schema\/person\/a10550e4bff9a23f941f52b2cd5d8686","name":"Alba Benito","image":{"@type":"ImageObject","inLanguage":"en-GB","@id":"https:\/\/secure.gravatar.com\/avatar\/f227a2222ee313f4b5dea91891742064ec98aa8f11b91568879eaecf941f84de?s=96&d=mm&r=g","url":"https:\/\/secure.gravatar.com\/avatar\/f227a2222ee313f4b5dea91891742064ec98aa8f11b91568879eaecf941f84de?s=96&d=mm&r=g","contentUrl":"https:\/\/secure.gravatar.com\/avatar\/f227a2222ee313f4b5dea91891742064ec98aa8f11b91568879eaecf941f84de?s=96&d=mm&r=g","caption":"Alba Benito"},"url":"https:\/\/unaymilletras.com\/en\/author\/aalbaas_\/"}]}},"_links":{"self":[{"href":"https:\/\/unaymilletras.com\/en\/wp-json\/wp\/v2\/posts\/5784","targetHints":{"allow":["GET"]}}],"collection":[{"href":"https:\/\/unaymilletras.com\/en\/wp-json\/wp\/v2\/posts"}],"about":[{"href":"https:\/\/unaymilletras.com\/en\/wp-json\/wp\/v2\/types\/post"}],"author":[{"embeddable":true,"href":"https:\/\/unaymilletras.com\/en\/wp-json\/wp\/v2\/users\/13"}],"replies":[{"embeddable":true,"href":"https:\/\/unaymilletras.com\/en\/wp-json\/wp\/v2\/comments?post=5784"}],"version-history":[{"count":41,"href":"https:\/\/unaymilletras.com\/en\/wp-json\/wp\/v2\/posts\/5784\/revisions"}],"predecessor-version":[{"id":5868,"href":"https:\/\/unaymilletras.com\/en\/wp-json\/wp\/v2\/posts\/5784\/revisions\/5868"}],"wp:featuredmedia":[{"embeddable":true,"href":"https:\/\/unaymilletras.com\/en\/wp-json\/wp\/v2\/media\/5785"}],"wp:attachment":[{"href":"https:\/\/unaymilletras.com\/en\/wp-json\/wp\/v2\/media?parent=5784"}],"wp:term":[{"taxonomy":"category","embeddable":true,"href":"https:\/\/unaymilletras.com\/en\/wp-json\/wp\/v2\/categories?post=5784"},{"taxonomy":"post_tag","embeddable":true,"href":"https:\/\/unaymilletras.com\/en\/wp-json\/wp\/v2\/tags?post=5784"}],"curies":[{"name":"wp","href":"https:\/\/api.w.org\/{rel}","templated":true}]}}