{"id":5791,"date":"2025-10-05T12:00:00","date_gmt":"2025-10-05T10:00:00","guid":{"rendered":"https:\/\/unaymilletras.com\/?p=5791"},"modified":"2025-10-06T19:06:30","modified_gmt":"2025-10-06T17:06:30","slug":"dani-fernandez-y-yarea-por-ellas-2025","status":"publish","type":"post","link":"https:\/\/unaymilletras.com\/en\/dani-fernandez-y-yarea-por-ellas-2025\/","title":{"rendered":"Dani Fern\u00e1ndez y Yarea presentan \u00abNo dejar\u00e9 de abrazarte\u00bb"},"content":{"rendered":"<div data-elementor-type=\"wp-post\" data-elementor-id=\"5791\" class=\"elementor elementor-5791\">\n\t\t\t\t\t\t<section class=\"elementor-section elementor-top-section elementor-element elementor-element-47efb76 elementor-section-boxed elementor-section-height-default elementor-section-height-default\" data-id=\"47efb76\" data-element_type=\"section\" data-e-type=\"section\">\n\t\t\t\t\t\t<div class=\"elementor-container elementor-column-gap-default\">\n\t\t\t\t\t<div class=\"elementor-column elementor-col-100 elementor-top-column elementor-element elementor-element-8ef6e45\" data-id=\"8ef6e45\" data-element_type=\"column\" data-e-type=\"column\">\n\t\t\t<div class=\"elementor-widget-wrap elementor-element-populated\">\n\t\t\t\t\t\t<div class=\"elementor-element elementor-element-f87b1ba elementor-widget elementor-widget-text-editor\" data-id=\"f87b1ba\" data-element_type=\"widget\" data-e-type=\"widget\" data-widget_type=\"text-editor.default\">\n\t\t\t\t<div class=\"elementor-widget-container\">\n\t\t\t\t\t\t\t\t\t<h2 style=\"text-align: center\">Dani Fern\u00e1ndez y Yarea estrenan <em data-start=\"229\" data-end=\"253\">No dejar\u00e9 de abrazarte<\/em>, el himno solidario de <em data-start=\"277\" data-end=\"293\">Por Ellas 2025<\/em><\/h2>\t\t\t\t\t\t\t\t<\/div>\n\t\t\t\t<\/div>\n\t\t\t\t\t<\/div>\n\t\t<\/div>\n\t\t\t\t\t<\/div>\n\t\t<\/section>\n\t\t\t\t<section class=\"elementor-section elementor-top-section elementor-element elementor-element-790c570 elementor-section-boxed elementor-section-height-default elementor-section-height-default\" data-id=\"790c570\" data-element_type=\"section\" data-e-type=\"section\">\n\t\t\t\t\t\t<div class=\"elementor-container elementor-column-gap-default\">\n\t\t\t\t\t<div class=\"elementor-column elementor-col-100 elementor-top-column elementor-element elementor-element-18e387f\" data-id=\"18e387f\" data-element_type=\"column\" data-e-type=\"column\">\n\t\t\t<div class=\"elementor-widget-wrap elementor-element-populated\">\n\t\t\t\t\t\t<div class=\"elementor-element elementor-element-d3151c2 elementor-widget elementor-widget-text-editor\" data-id=\"d3151c2\" data-element_type=\"widget\" data-e-type=\"widget\" data-widget_type=\"text-editor.default\">\n\t\t\t\t<div class=\"elementor-widget-container\">\n\t\t\t\t\t\t\t\t\t<p>Dani Fern\u00e1ndez y Yarea ponen voz a la <strong data-start=\"419\" data-end=\"453\">banda sonora de Por Ellas 2025<\/strong> con su nuevo tema <em><strong data-start=\"472\" data-end=\"498\">No dejar\u00e9 de abrazarte<\/strong><\/em>. El single, lanzado el 3 de octubre bajo el sello Warner Music Spain, rinde homenaje a las historias de lucha y esperanza ligadas a la lucha contra el c\u00e1ncer de mama.<\/p>\t\t\t\t\t\t\t\t<\/div>\n\t\t\t\t<\/div>\n\t\t\t\t\t<\/div>\n\t\t<\/div>\n\t\t\t\t\t<\/div>\n\t\t<\/section>\n\t\t\t\t<section class=\"elementor-section elementor-top-section elementor-element elementor-element-0a6d5a4 elementor-section-boxed elementor-section-height-default elementor-section-height-default\" data-id=\"0a6d5a4\" data-element_type=\"section\" data-e-type=\"section\">\n\t\t\t\t\t\t<div class=\"elementor-container elementor-column-gap-default\">\n\t\t\t\t\t<div class=\"elementor-column elementor-col-100 elementor-top-column elementor-element elementor-element-362e43d\" data-id=\"362e43d\" data-element_type=\"column\" data-e-type=\"column\">\n\t\t\t<div class=\"elementor-widget-wrap elementor-element-populated\">\n\t\t\t\t\t\t<div class=\"elementor-element elementor-element-5de3a30 elementor-widget elementor-widget-image\" data-id=\"5de3a30\" data-element_type=\"widget\" data-e-type=\"widget\" data-widget_type=\"image.default\">\n\t\t\t\t<div class=\"elementor-widget-container\">\n\t\t\t\t\t\t\t\t\t\t\t\t\t\t\t<img decoding=\"async\" src=\"https:\/\/unaymilletras.com\/wp-content\/uploads\/2025\/10\/unnamed-1-1-e1759770386406.jpg\" title=\"Dani Fernandez y Yarea\" alt=\"Dani Fernandez y Yarea\" loading=\"lazy\" \/>\t\t\t\t\t\t\t\t\t\t\t\t\t\t\t<\/div>\n\t\t\t\t<\/div>\n\t\t\t\t\t<\/div>\n\t\t<\/div>\n\t\t\t\t\t<\/div>\n\t\t<\/section>\n\t\t\t\t<section class=\"elementor-section elementor-top-section elementor-element elementor-element-9b2a128 elementor-section-boxed elementor-section-height-default elementor-section-height-default\" data-id=\"9b2a128\" data-element_type=\"section\" data-e-type=\"section\">\n\t\t\t\t\t\t<div class=\"elementor-container elementor-column-gap-default\">\n\t\t\t\t\t<div class=\"elementor-column elementor-col-100 elementor-top-column elementor-element elementor-element-09cadf4\" data-id=\"09cadf4\" data-element_type=\"column\" data-e-type=\"column\">\n\t\t\t<div class=\"elementor-widget-wrap elementor-element-populated\">\n\t\t\t\t\t\t<div class=\"elementor-element elementor-element-2e9bd4d elementor-widget elementor-widget-text-editor\" data-id=\"2e9bd4d\" data-element_type=\"widget\" data-e-type=\"widget\" data-widget_type=\"text-editor.default\">\n\t\t\t\t<div class=\"elementor-widget-container\">\n\t\t\t\t\t\t\t\t\t<p style=\"text-align: justify\" data-start=\"621\" data-end=\"1120\">Esta colaboraci\u00f3n marca un hito en la carrera de ambos artistas, quienes por primera vez han trabajado juntos en un proyecto musical. A pesar de su relaci\u00f3n personal desde 2018 y su matrimonio en 2022, Dani y Yarea nunca hab\u00edan lanzado una canci\u00f3n conjunta. Como ellos mismos afirman, el proceso creativo fue intenso y emotivo. Dani confiesa\u00bb\u00bb\u00a1Nunca hab\u00edamos discutido tanto!\u00bb Ambos coincidieron en que la canci\u00f3n deb\u00eda transmitir fuerza y esperanza, y que deb\u00eda ser consecuente con la causa que representa.<\/p>\t\t\t\t\t\t\t\t<\/div>\n\t\t\t\t<\/div>\n\t\t\t\t\t<\/div>\n\t\t<\/div>\n\t\t\t\t\t<\/div>\n\t\t<\/section>\n\t\t\t\t<section class=\"elementor-section elementor-top-section elementor-element elementor-element-e28cf55 elementor-section-boxed elementor-section-height-default elementor-section-height-default\" data-id=\"e28cf55\" data-element_type=\"section\" data-e-type=\"section\">\n\t\t\t\t\t\t<div class=\"elementor-container elementor-column-gap-default\">\n\t\t\t\t\t<div class=\"elementor-column elementor-col-100 elementor-top-column elementor-element elementor-element-90d65be\" data-id=\"90d65be\" data-element_type=\"column\" data-e-type=\"column\">\n\t\t\t<div class=\"elementor-widget-wrap elementor-element-populated\">\n\t\t\t\t\t\t<div class=\"elementor-element elementor-element-fd92108 elementor-widget elementor-widget-text-editor\" data-id=\"fd92108\" data-element_type=\"widget\" data-e-type=\"widget\" data-widget_type=\"text-editor.default\">\n\t\t\t\t<div class=\"elementor-widget-container\">\n\t\t\t\t\t\t\t\t\t<p data-start=\"1122\" data-end=\"1632\">El estreno de la canci\u00f3n se produjo en el programa <em data-start=\"1173\" data-end=\"1200\">\u00a1Buenos d\u00edas, Javi y Mar!<\/em> de CADENA 100, y ya est\u00e1 disponible en todas las plataformas digitales.\u00a0<\/p>\t\t\t\t\t\t\t\t<\/div>\n\t\t\t\t<\/div>\n\t\t\t\t\t<\/div>\n\t\t<\/div>\n\t\t\t\t\t<\/div>\n\t\t<\/section>\n\t\t\t\t<section class=\"elementor-section elementor-top-section elementor-element elementor-element-a8ded93 elementor-section-boxed elementor-section-height-default elementor-section-height-default\" data-id=\"a8ded93\" data-element_type=\"section\" data-e-type=\"section\">\n\t\t\t\t\t\t<div class=\"elementor-container elementor-column-gap-default\">\n\t\t\t\t\t<div class=\"elementor-column elementor-col-100 elementor-top-column elementor-element elementor-element-a9844c9\" data-id=\"a9844c9\" data-element_type=\"column\" data-e-type=\"column\">\n\t\t\t<div class=\"elementor-widget-wrap elementor-element-populated\">\n\t\t\t\t\t\t<div class=\"elementor-element elementor-element-f74726c elementor-widget elementor-widget-video\" data-id=\"f74726c\" data-element_type=\"widget\" data-e-type=\"widget\" data-settings=\"{&quot;youtube_url&quot;:&quot;https:\\\/\\\/youtube.com\\\/shorts\\\/ylF1bUnUeqQ?si=CPX5o1oUkP2nC7fL&quot;,&quot;video_type&quot;:&quot;youtube&quot;,&quot;controls&quot;:&quot;yes&quot;}\" data-widget_type=\"video.default\">\n\t\t\t\t<div class=\"elementor-widget-container\">\n\t\t\t\t\t\t\t<div class=\"elementor-wrapper elementor-open-inline\">\n\t\t\t<div class=\"elementor-video\"><\/div>\t\t<\/div>\n\t\t\t\t\t\t<\/div>\n\t\t\t\t<\/div>\n\t\t\t\t\t<\/div>\n\t\t<\/div>\n\t\t\t\t\t<\/div>\n\t\t<\/section>\n\t\t\t\t<section class=\"elementor-section elementor-top-section elementor-element elementor-element-103fc56 elementor-section-boxed elementor-section-height-default elementor-section-height-default\" data-id=\"103fc56\" data-element_type=\"section\" data-e-type=\"section\">\n\t\t\t\t\t\t<div class=\"elementor-container elementor-column-gap-default\">\n\t\t\t\t\t<div class=\"elementor-column elementor-col-100 elementor-top-column elementor-element elementor-element-74df806\" data-id=\"74df806\" data-element_type=\"column\" data-e-type=\"column\">\n\t\t\t<div class=\"elementor-widget-wrap elementor-element-populated\">\n\t\t\t\t\t\t<div class=\"elementor-element elementor-element-04bf90c elementor-widget elementor-widget-text-editor\" data-id=\"04bf90c\" data-element_type=\"widget\" data-e-type=\"widget\" data-widget_type=\"text-editor.default\">\n\t\t\t\t<div class=\"elementor-widget-container\">\n\t\t\t\t\t\t\t\t\t<p>La primera interpretaci\u00f3n en directo del tema ser\u00e1 el pr\u00f3ximo\u00a0<strong>18 de octubre en el Movistar Arena de Madrid<\/strong>, durante la 13\u00aa edici\u00f3n de\u00a0<em data-start=\"1407\" data-end=\"1429\">CADENA 100 Por Ellas<\/em>, un evento ben\u00e9fico a favor de la Asociaci\u00f3n Espa\u00f1ola Contra el C\u00e1ncer (AECC).\u00a0<strong>Las entradas para el concierto ya est\u00e1n agotadas<\/strong>, lo que refleja el compromiso y la solidaridad del p\u00fablico con esta causa.<\/p>\t\t\t\t\t\t\t\t<\/div>\n\t\t\t\t<\/div>\n\t\t\t\t\t<\/div>\n\t\t<\/div>\n\t\t\t\t\t<\/div>\n\t\t<\/section>\n\t\t\t\t<section class=\"elementor-section elementor-top-section elementor-element elementor-element-fe46404 elementor-section-boxed elementor-section-height-default elementor-section-height-default\" data-id=\"fe46404\" data-element_type=\"section\" data-e-type=\"section\">\n\t\t\t\t\t\t<div class=\"elementor-container elementor-column-gap-default\">\n\t\t\t\t\t<div class=\"elementor-column elementor-col-100 elementor-top-column elementor-element elementor-element-4d88104\" data-id=\"4d88104\" data-element_type=\"column\" data-e-type=\"column\">\n\t\t\t<div class=\"elementor-widget-wrap elementor-element-populated\">\n\t\t\t\t\t\t<div class=\"elementor-element elementor-element-a734273 elementor-widget elementor-widget-text-editor\" data-id=\"a734273\" data-element_type=\"widget\" data-e-type=\"widget\" data-widget_type=\"text-editor.default\">\n\t\t\t\t<div class=\"elementor-widget-container\">\n\t\t\t\t\t\t\t\t\t<h4 style=\"text-align: center\"><span style=\"color: #808080\"><em>Con \u00ab<a style=\"color: #808080\" href=\"https:\/\/open.spotify.com\/intl-es\/track\/1oICrICUMPDOMRatYykwOf?si=e9d33ce13ddd4fb8\">No dejar\u00e9 de abrazarte\u00bb<\/a>, <strong data-start=\"860\" data-end=\"942\">Dani Fern\u00e1ndez y Yarea refuerzan su papel en la banda sonora de Por Ellas 2025<\/strong>, demostrando c\u00f3mo la m\u00fasica puede convertirse en motor de apoyo y concienciaci\u00f3n.<\/em><\/span><\/h4>\t\t\t\t\t\t\t\t<\/div>\n\t\t\t\t<\/div>\n\t\t\t\t\t<\/div>\n\t\t<\/div>\n\t\t\t\t\t<\/div>\n\t\t<\/section>\n\t\t\t\t<section class=\"elementor-section elementor-top-section elementor-element elementor-element-b90d940 elementor-section-boxed elementor-section-height-default elementor-section-height-default\" data-id=\"b90d940\" data-element_type=\"section\" data-e-type=\"section\">\n\t\t\t\t\t\t<div class=\"elementor-container elementor-column-gap-default\">\n\t\t\t\t\t<div class=\"elementor-column elementor-col-100 elementor-top-column elementor-element elementor-element-a5108a3\" data-id=\"a5108a3\" data-element_type=\"column\" data-e-type=\"column\">\n\t\t\t<div class=\"elementor-widget-wrap elementor-element-populated\">\n\t\t\t\t\t\t<div class=\"elementor-element elementor-element-780e59d elementor-widget elementor-widget-text-editor\" data-id=\"780e59d\" data-element_type=\"widget\" data-e-type=\"widget\" data-widget_type=\"text-editor.default\">\n\t\t\t\t<div class=\"elementor-widget-container\">\n\t\t\t\t\t\t\t\t\t<p>El evento Por Ellas 2025, organizado por CADENA 100, se ha consolidado como una de las citas solidarias m\u00e1s importantes de la m\u00fasica en Espa\u00f1a, y este a\u00f1o contar\u00e1 con artistas de primer nivel para acompa\u00f1ar a Dani Fern\u00e1ndez y Yarea en un concierto inolvidable.<\/p>\t\t\t\t\t\t\t\t<\/div>\n\t\t\t\t<\/div>\n\t\t\t\t\t<\/div>\n\t\t<\/div>\n\t\t\t\t\t<\/div>\n\t\t<\/section>\n\t\t\t\t<section class=\"elementor-section elementor-top-section elementor-element elementor-element-067e308 elementor-section-boxed elementor-section-height-default elementor-section-height-default\" data-id=\"067e308\" data-element_type=\"section\" data-e-type=\"section\">\n\t\t\t\t\t\t<div class=\"elementor-container elementor-column-gap-default\">\n\t\t\t\t\t<div class=\"elementor-column elementor-col-100 elementor-top-column elementor-element elementor-element-e711b0d\" data-id=\"e711b0d\" data-element_type=\"column\" data-e-type=\"column\">\n\t\t\t<div class=\"elementor-widget-wrap elementor-element-populated\">\n\t\t\t\t\t\t<div class=\"elementor-element elementor-element-ff237a9 elementor-widget elementor-widget-text-editor\" data-id=\"ff237a9\" data-element_type=\"widget\" data-e-type=\"widget\" data-widget_type=\"text-editor.default\">\n\t\t\t\t<div class=\"elementor-widget-container\">\n\t\t\t\t\t\t\t\t\t<p><em data-start=\"125\" data-end=\"267\">Para no perderte ninguna novedad del mundo de la m\u00fasica, descubre nuestras\u00a0<a class=\"decorated-link cursor-pointer\" rel=\"noopener\" data-start=\"201\" data-end=\"244\">\u00faltimas noticias<\/a>\u00a0en Una y mil letras<\/em>.<\/p>\t\t\t\t\t\t\t\t<\/div>\n\t\t\t\t<\/div>\n\t\t\t\t\t<\/div>\n\t\t<\/div>\n\t\t\t\t\t<\/div>\n\t\t<\/section>\n\t\t\t\t<\/div>","protected":false},"excerpt":{"rendered":"<p>Dani Fern\u00e1ndez y Yarea estrenan No dejar\u00e9 de abrazarte, el himno solidario de Por Ellas 2025 Dani Fern\u00e1ndez y Yarea ponen voz a la banda sonora de Por Ellas 2025 con su nuevo tema No dejar\u00e9 de abrazarte. El single, lanzado el 3 de octubre bajo el sello Warner Music Spain, rinde homenaje a las [&hellip;]<\/p>\n","protected":false},"author":13,"featured_media":5821,"comment_status":"closed","ping_status":"closed","sticky":false,"template":"","format":"standard","meta":{"footnotes":""},"categories":[4],"tags":[],"class_list":["post-5791","post","type-post","status-publish","format-standard","has-post-thumbnail","hentry","category-musica"],"yoast_head":"<!-- This site is optimized with the Yoast SEO plugin v27.4 - https:\/\/yoast.com\/product\/yoast-seo-wordpress\/ -->\n<title>Dani Fern\u00e1ndez y Yarea banda sonora de Por Ellas 2025<\/title>\n<meta name=\"description\" content=\"Dani Fern\u00e1ndez y Yarea estrenan &quot;No dejar\u00e9 de abrazarte&quot;, la banda sonora de Por Ellas 2025, una canci\u00f3n de esperanza y compromiso social.\" \/>\n<meta name=\"robots\" content=\"index, follow, max-snippet:-1, max-image-preview:large, max-video-preview:-1\" \/>\n<link rel=\"canonical\" href=\"https:\/\/unaymilletras.com\/en\/dani-fernandez-y-yarea-por-ellas-2025\/\" \/>\n<meta property=\"og:locale\" content=\"en_GB\" \/>\n<meta property=\"og:type\" content=\"article\" \/>\n<meta property=\"og:title\" content=\"Dani Fern\u00e1ndez y Yarea banda sonora de Por Ellas 2025\" \/>\n<meta property=\"og:description\" content=\"Dani Fern\u00e1ndez y Yarea estrenan &quot;No dejar\u00e9 de abrazarte&quot;, la banda sonora de Por Ellas 2025, una canci\u00f3n de esperanza y compromiso social.\" \/>\n<meta property=\"og:url\" content=\"https:\/\/unaymilletras.com\/en\/dani-fernandez-y-yarea-por-ellas-2025\/\" \/>\n<meta property=\"og:site_name\" content=\"Una y Mil Letras\" \/>\n<meta property=\"article:published_time\" content=\"2025-10-05T10:00:00+00:00\" \/>\n<meta property=\"article:modified_time\" content=\"2025-10-06T17:06:30+00:00\" \/>\n<meta property=\"og:image\" content=\"http:\/\/unaymilletras.com\/wp-content\/uploads\/2025\/10\/unnamed-1-1-e1759770386406.jpg\" \/>\n\t<meta property=\"og:image:width\" content=\"600\" \/>\n\t<meta property=\"og:image:height\" content=\"618\" \/>\n\t<meta property=\"og:image:type\" content=\"image\/jpeg\" \/>\n<meta name=\"author\" content=\"Alba Benito\" \/>\n<meta name=\"twitter:card\" content=\"summary_large_image\" \/>\n<meta name=\"twitter:creator\" content=\"@UnaYMilLetras\" \/>\n<meta name=\"twitter:site\" content=\"@UnaYMilLetras\" \/>\n<meta name=\"twitter:label1\" content=\"Written by\" \/>\n\t<meta name=\"twitter:data1\" content=\"Alba Benito\" \/>\n\t<meta name=\"twitter:label2\" content=\"Estimated reading time\" \/>\n\t<meta name=\"twitter:data2\" content=\"2 minutes\" \/>\n<script type=\"application\/ld+json\" class=\"yoast-schema-graph\">{\"@context\":\"https:\\\/\\\/schema.org\",\"@graph\":[{\"@type\":\"Article\",\"@id\":\"https:\\\/\\\/unaymilletras.com\\\/dani-fernandez-y-yarea-por-ellas-2025\\\/#article\",\"isPartOf\":{\"@id\":\"https:\\\/\\\/unaymilletras.com\\\/dani-fernandez-y-yarea-por-ellas-2025\\\/\"},\"author\":{\"name\":\"Alba Benito\",\"@id\":\"http:\\\/\\\/unaymilletras.com\\\/#\\\/schema\\\/person\\\/a10550e4bff9a23f941f52b2cd5d8686\"},\"headline\":\"Dani Fern\u00e1ndez y Yarea presentan \u00abNo dejar\u00e9 de abrazarte\u00bb\",\"datePublished\":\"2025-10-05T10:00:00+00:00\",\"dateModified\":\"2025-10-06T17:06:30+00:00\",\"mainEntityOfPage\":{\"@id\":\"https:\\\/\\\/unaymilletras.com\\\/dani-fernandez-y-yarea-por-ellas-2025\\\/\"},\"wordCount\":378,\"publisher\":{\"@id\":\"http:\\\/\\\/unaymilletras.com\\\/#organization\"},\"image\":{\"@id\":\"https:\\\/\\\/unaymilletras.com\\\/dani-fernandez-y-yarea-por-ellas-2025\\\/#primaryimage\"},\"thumbnailUrl\":\"https:\\\/\\\/unaymilletras.com\\\/wp-content\\\/uploads\\\/2025\\\/10\\\/unnamed-1-1-e1759770386406.jpg\",\"articleSection\":[\"M\u00fasica\"],\"inLanguage\":\"en-GB\"},{\"@type\":\"WebPage\",\"@id\":\"https:\\\/\\\/unaymilletras.com\\\/dani-fernandez-y-yarea-por-ellas-2025\\\/\",\"url\":\"https:\\\/\\\/unaymilletras.com\\\/dani-fernandez-y-yarea-por-ellas-2025\\\/\",\"name\":\"Dani Fern\u00e1ndez y Yarea banda sonora de Por Ellas 2025\",\"isPartOf\":{\"@id\":\"http:\\\/\\\/unaymilletras.com\\\/#website\"},\"primaryImageOfPage\":{\"@id\":\"https:\\\/\\\/unaymilletras.com\\\/dani-fernandez-y-yarea-por-ellas-2025\\\/#primaryimage\"},\"image\":{\"@id\":\"https:\\\/\\\/unaymilletras.com\\\/dani-fernandez-y-yarea-por-ellas-2025\\\/#primaryimage\"},\"thumbnailUrl\":\"https:\\\/\\\/unaymilletras.com\\\/wp-content\\\/uploads\\\/2025\\\/10\\\/unnamed-1-1-e1759770386406.jpg\",\"datePublished\":\"2025-10-05T10:00:00+00:00\",\"dateModified\":\"2025-10-06T17:06:30+00:00\",\"description\":\"Dani Fern\u00e1ndez y Yarea estrenan \\\"No dejar\u00e9 de abrazarte\\\", la banda sonora de Por Ellas 2025, una canci\u00f3n de esperanza y compromiso social.\",\"breadcrumb\":{\"@id\":\"https:\\\/\\\/unaymilletras.com\\\/dani-fernandez-y-yarea-por-ellas-2025\\\/#breadcrumb\"},\"inLanguage\":\"en-GB\",\"potentialAction\":[{\"@type\":\"ReadAction\",\"target\":[\"https:\\\/\\\/unaymilletras.com\\\/dani-fernandez-y-yarea-por-ellas-2025\\\/\"]}]},{\"@type\":\"ImageObject\",\"inLanguage\":\"en-GB\",\"@id\":\"https:\\\/\\\/unaymilletras.com\\\/dani-fernandez-y-yarea-por-ellas-2025\\\/#primaryimage\",\"url\":\"https:\\\/\\\/unaymilletras.com\\\/wp-content\\\/uploads\\\/2025\\\/10\\\/unnamed-1-1-e1759770386406.jpg\",\"contentUrl\":\"https:\\\/\\\/unaymilletras.com\\\/wp-content\\\/uploads\\\/2025\\\/10\\\/unnamed-1-1-e1759770386406.jpg\",\"width\":600,\"height\":618,\"caption\":\"Dani Fernandez y Yarea\"},{\"@type\":\"BreadcrumbList\",\"@id\":\"https:\\\/\\\/unaymilletras.com\\\/dani-fernandez-y-yarea-por-ellas-2025\\\/#breadcrumb\",\"itemListElement\":[{\"@type\":\"ListItem\",\"position\":1,\"name\":\"Home\",\"item\":\"http:\\\/\\\/unaymilletras.com\\\/\"},{\"@type\":\"ListItem\",\"position\":2,\"name\":\"Dani Fern\u00e1ndez y Yarea presentan \u00abNo dejar\u00e9 de abrazarte\u00bb\"}]},{\"@type\":\"WebSite\",\"@id\":\"http:\\\/\\\/unaymilletras.com\\\/#website\",\"url\":\"http:\\\/\\\/unaymilletras.com\\\/\",\"name\":\"Una y Mil Letras\",\"description\":\"\",\"publisher\":{\"@id\":\"http:\\\/\\\/unaymilletras.com\\\/#organization\"},\"potentialAction\":[{\"@type\":\"SearchAction\",\"target\":{\"@type\":\"EntryPoint\",\"urlTemplate\":\"http:\\\/\\\/unaymilletras.com\\\/?s={search_term_string}\"},\"query-input\":{\"@type\":\"PropertyValueSpecification\",\"valueRequired\":true,\"valueName\":\"search_term_string\"}}],\"inLanguage\":\"en-GB\"},{\"@type\":\"Organization\",\"@id\":\"http:\\\/\\\/unaymilletras.com\\\/#organization\",\"name\":\"Una y Mil Letras\",\"url\":\"http:\\\/\\\/unaymilletras.com\\\/\",\"logo\":{\"@type\":\"ImageObject\",\"inLanguage\":\"en-GB\",\"@id\":\"http:\\\/\\\/unaymilletras.com\\\/#\\\/schema\\\/logo\\\/image\\\/\",\"url\":\"https:\\\/\\\/unaymilletras.com\\\/wp-content\\\/uploads\\\/2024\\\/06\\\/cropped-Logo-removebg-preview.png\",\"contentUrl\":\"https:\\\/\\\/unaymilletras.com\\\/wp-content\\\/uploads\\\/2024\\\/06\\\/cropped-Logo-removebg-preview.png\",\"width\":512,\"height\":512,\"caption\":\"Una y Mil Letras\"},\"image\":{\"@id\":\"http:\\\/\\\/unaymilletras.com\\\/#\\\/schema\\\/logo\\\/image\\\/\"},\"sameAs\":[\"https:\\\/\\\/x.com\\\/UnaYMilLetras\",\"https:\\\/\\\/instagram.com\\\/UnaYMilLetras\"]},{\"@type\":\"Person\",\"@id\":\"http:\\\/\\\/unaymilletras.com\\\/#\\\/schema\\\/person\\\/a10550e4bff9a23f941f52b2cd5d8686\",\"name\":\"Alba Benito\",\"image\":{\"@type\":\"ImageObject\",\"inLanguage\":\"en-GB\",\"@id\":\"https:\\\/\\\/secure.gravatar.com\\\/avatar\\\/f227a2222ee313f4b5dea91891742064ec98aa8f11b91568879eaecf941f84de?s=96&d=mm&r=g\",\"url\":\"https:\\\/\\\/secure.gravatar.com\\\/avatar\\\/f227a2222ee313f4b5dea91891742064ec98aa8f11b91568879eaecf941f84de?s=96&d=mm&r=g\",\"contentUrl\":\"https:\\\/\\\/secure.gravatar.com\\\/avatar\\\/f227a2222ee313f4b5dea91891742064ec98aa8f11b91568879eaecf941f84de?s=96&d=mm&r=g\",\"caption\":\"Alba Benito\"},\"url\":\"https:\\\/\\\/unaymilletras.com\\\/en\\\/author\\\/aalbaas_\\\/\"}]}<\/script>\n<!-- \/ Yoast SEO plugin. -->","yoast_head_json":{"title":"Dani Fern\u00e1ndez y Yarea banda sonora de Por Ellas 2025","description":"Dani Fern\u00e1ndez y Yarea estrenan \"No dejar\u00e9 de abrazarte\", la banda sonora de Por Ellas 2025, una canci\u00f3n de esperanza y compromiso social.","robots":{"index":"index","follow":"follow","max-snippet":"max-snippet:-1","max-image-preview":"max-image-preview:large","max-video-preview":"max-video-preview:-1"},"canonical":"https:\/\/unaymilletras.com\/en\/dani-fernandez-y-yarea-por-ellas-2025\/","og_locale":"en_GB","og_type":"article","og_title":"Dani Fern\u00e1ndez y Yarea banda sonora de Por Ellas 2025","og_description":"Dani Fern\u00e1ndez y Yarea estrenan \"No dejar\u00e9 de abrazarte\", la banda sonora de Por Ellas 2025, una canci\u00f3n de esperanza y compromiso social.","og_url":"https:\/\/unaymilletras.com\/en\/dani-fernandez-y-yarea-por-ellas-2025\/","og_site_name":"Una y Mil Letras","article_published_time":"2025-10-05T10:00:00+00:00","article_modified_time":"2025-10-06T17:06:30+00:00","og_image":[{"width":600,"height":618,"url":"http:\/\/unaymilletras.com\/wp-content\/uploads\/2025\/10\/unnamed-1-1-e1759770386406.jpg","type":"image\/jpeg"}],"author":"Alba Benito","twitter_card":"summary_large_image","twitter_creator":"@UnaYMilLetras","twitter_site":"@UnaYMilLetras","twitter_misc":{"Written by":"Alba Benito","Estimated reading time":"2 minutes"},"schema":{"@context":"https:\/\/schema.org","@graph":[{"@type":"Article","@id":"https:\/\/unaymilletras.com\/dani-fernandez-y-yarea-por-ellas-2025\/#article","isPartOf":{"@id":"https:\/\/unaymilletras.com\/dani-fernandez-y-yarea-por-ellas-2025\/"},"author":{"name":"Alba Benito","@id":"http:\/\/unaymilletras.com\/#\/schema\/person\/a10550e4bff9a23f941f52b2cd5d8686"},"headline":"Dani Fern\u00e1ndez y Yarea presentan \u00abNo dejar\u00e9 de abrazarte\u00bb","datePublished":"2025-10-05T10:00:00+00:00","dateModified":"2025-10-06T17:06:30+00:00","mainEntityOfPage":{"@id":"https:\/\/unaymilletras.com\/dani-fernandez-y-yarea-por-ellas-2025\/"},"wordCount":378,"publisher":{"@id":"http:\/\/unaymilletras.com\/#organization"},"image":{"@id":"https:\/\/unaymilletras.com\/dani-fernandez-y-yarea-por-ellas-2025\/#primaryimage"},"thumbnailUrl":"https:\/\/unaymilletras.com\/wp-content\/uploads\/2025\/10\/unnamed-1-1-e1759770386406.jpg","articleSection":["M\u00fasica"],"inLanguage":"en-GB"},{"@type":"WebPage","@id":"https:\/\/unaymilletras.com\/dani-fernandez-y-yarea-por-ellas-2025\/","url":"https:\/\/unaymilletras.com\/dani-fernandez-y-yarea-por-ellas-2025\/","name":"Dani Fern\u00e1ndez y Yarea banda sonora de Por Ellas 2025","isPartOf":{"@id":"http:\/\/unaymilletras.com\/#website"},"primaryImageOfPage":{"@id":"https:\/\/unaymilletras.com\/dani-fernandez-y-yarea-por-ellas-2025\/#primaryimage"},"image":{"@id":"https:\/\/unaymilletras.com\/dani-fernandez-y-yarea-por-ellas-2025\/#primaryimage"},"thumbnailUrl":"https:\/\/unaymilletras.com\/wp-content\/uploads\/2025\/10\/unnamed-1-1-e1759770386406.jpg","datePublished":"2025-10-05T10:00:00+00:00","dateModified":"2025-10-06T17:06:30+00:00","description":"Dani Fern\u00e1ndez y Yarea estrenan \"No dejar\u00e9 de abrazarte\", la banda sonora de Por Ellas 2025, una canci\u00f3n de esperanza y compromiso social.","breadcrumb":{"@id":"https:\/\/unaymilletras.com\/dani-fernandez-y-yarea-por-ellas-2025\/#breadcrumb"},"inLanguage":"en-GB","potentialAction":[{"@type":"ReadAction","target":["https:\/\/unaymilletras.com\/dani-fernandez-y-yarea-por-ellas-2025\/"]}]},{"@type":"ImageObject","inLanguage":"en-GB","@id":"https:\/\/unaymilletras.com\/dani-fernandez-y-yarea-por-ellas-2025\/#primaryimage","url":"https:\/\/unaymilletras.com\/wp-content\/uploads\/2025\/10\/unnamed-1-1-e1759770386406.jpg","contentUrl":"https:\/\/unaymilletras.com\/wp-content\/uploads\/2025\/10\/unnamed-1-1-e1759770386406.jpg","width":600,"height":618,"caption":"Dani Fernandez y Yarea"},{"@type":"BreadcrumbList","@id":"https:\/\/unaymilletras.com\/dani-fernandez-y-yarea-por-ellas-2025\/#breadcrumb","itemListElement":[{"@type":"ListItem","position":1,"name":"Home","item":"http:\/\/unaymilletras.com\/"},{"@type":"ListItem","position":2,"name":"Dani Fern\u00e1ndez y Yarea presentan \u00abNo dejar\u00e9 de abrazarte\u00bb"}]},{"@type":"WebSite","@id":"http:\/\/unaymilletras.com\/#website","url":"http:\/\/unaymilletras.com\/","name":"Una y Mil Letras","description":"","publisher":{"@id":"http:\/\/unaymilletras.com\/#organization"},"potentialAction":[{"@type":"SearchAction","target":{"@type":"EntryPoint","urlTemplate":"http:\/\/unaymilletras.com\/?s={search_term_string}"},"query-input":{"@type":"PropertyValueSpecification","valueRequired":true,"valueName":"search_term_string"}}],"inLanguage":"en-GB"},{"@type":"Organization","@id":"http:\/\/unaymilletras.com\/#organization","name":"Una y Mil Letras","url":"http:\/\/unaymilletras.com\/","logo":{"@type":"ImageObject","inLanguage":"en-GB","@id":"http:\/\/unaymilletras.com\/#\/schema\/logo\/image\/","url":"https:\/\/unaymilletras.com\/wp-content\/uploads\/2024\/06\/cropped-Logo-removebg-preview.png","contentUrl":"https:\/\/unaymilletras.com\/wp-content\/uploads\/2024\/06\/cropped-Logo-removebg-preview.png","width":512,"height":512,"caption":"Una y Mil Letras"},"image":{"@id":"http:\/\/unaymilletras.com\/#\/schema\/logo\/image\/"},"sameAs":["https:\/\/x.com\/UnaYMilLetras","https:\/\/instagram.com\/UnaYMilLetras"]},{"@type":"Person","@id":"http:\/\/unaymilletras.com\/#\/schema\/person\/a10550e4bff9a23f941f52b2cd5d8686","name":"Alba Benito","image":{"@type":"ImageObject","inLanguage":"en-GB","@id":"https:\/\/secure.gravatar.com\/avatar\/f227a2222ee313f4b5dea91891742064ec98aa8f11b91568879eaecf941f84de?s=96&d=mm&r=g","url":"https:\/\/secure.gravatar.com\/avatar\/f227a2222ee313f4b5dea91891742064ec98aa8f11b91568879eaecf941f84de?s=96&d=mm&r=g","contentUrl":"https:\/\/secure.gravatar.com\/avatar\/f227a2222ee313f4b5dea91891742064ec98aa8f11b91568879eaecf941f84de?s=96&d=mm&r=g","caption":"Alba Benito"},"url":"https:\/\/unaymilletras.com\/en\/author\/aalbaas_\/"}]}},"_links":{"self":[{"href":"https:\/\/unaymilletras.com\/en\/wp-json\/wp\/v2\/posts\/5791","targetHints":{"allow":["GET"]}}],"collection":[{"href":"https:\/\/unaymilletras.com\/en\/wp-json\/wp\/v2\/posts"}],"about":[{"href":"https:\/\/unaymilletras.com\/en\/wp-json\/wp\/v2\/types\/post"}],"author":[{"embeddable":true,"href":"https:\/\/unaymilletras.com\/en\/wp-json\/wp\/v2\/users\/13"}],"replies":[{"embeddable":true,"href":"https:\/\/unaymilletras.com\/en\/wp-json\/wp\/v2\/comments?post=5791"}],"version-history":[{"count":37,"href":"https:\/\/unaymilletras.com\/en\/wp-json\/wp\/v2\/posts\/5791\/revisions"}],"predecessor-version":[{"id":5865,"href":"https:\/\/unaymilletras.com\/en\/wp-json\/wp\/v2\/posts\/5791\/revisions\/5865"}],"wp:featuredmedia":[{"embeddable":true,"href":"https:\/\/unaymilletras.com\/en\/wp-json\/wp\/v2\/media\/5821"}],"wp:attachment":[{"href":"https:\/\/unaymilletras.com\/en\/wp-json\/wp\/v2\/media?parent=5791"}],"wp:term":[{"taxonomy":"category","embeddable":true,"href":"https:\/\/unaymilletras.com\/en\/wp-json\/wp\/v2\/categories?post=5791"},{"taxonomy":"post_tag","embeddable":true,"href":"https:\/\/unaymilletras.com\/en\/wp-json\/wp\/v2\/tags?post=5791"}],"curies":[{"name":"wp","href":"https:\/\/api.w.org\/{rel}","templated":true}]}}