{"id":5874,"date":"2025-10-07T12:00:00","date_gmt":"2025-10-07T10:00:00","guid":{"rendered":"https:\/\/unaymilletras.com\/?p=5874"},"modified":"2025-10-06T19:10:56","modified_gmt":"2025-10-06T17:10:56","slug":"airbag-regresa-a-espana-con-su-gira-el-club-de-la-pelea","status":"publish","type":"post","link":"https:\/\/unaymilletras.com\/en\/airbag-regresa-a-espana-con-su-gira-el-club-de-la-pelea\/","title":{"rendered":"Airbag regresa a Espa\u00f1a con su gira El Club de la Pelea"},"content":{"rendered":"<div data-elementor-type=\"wp-post\" data-elementor-id=\"5874\" class=\"elementor elementor-5874\">\n\t\t\t\t\t\t<section class=\"elementor-section elementor-top-section elementor-element elementor-element-16983af elementor-section-boxed elementor-section-height-default elementor-section-height-default\" data-id=\"16983af\" data-element_type=\"section\" data-e-type=\"section\">\n\t\t\t\t\t\t<div class=\"elementor-container elementor-column-gap-default\">\n\t\t\t\t\t<div class=\"elementor-column elementor-col-100 elementor-top-column elementor-element elementor-element-96edbf5\" data-id=\"96edbf5\" data-element_type=\"column\" data-e-type=\"column\">\n\t\t\t<div class=\"elementor-widget-wrap elementor-element-populated\">\n\t\t\t\t\t\t<div class=\"elementor-element elementor-element-eee3176 elementor-widget elementor-widget-text-editor\" data-id=\"eee3176\" data-element_type=\"widget\" data-e-type=\"widget\" data-widget_type=\"text-editor.default\">\n\t\t\t\t<div class=\"elementor-widget-container\">\n\t\t\t\t\t\t\t\t\t<h2 style=\"text-align: center;\"><span style=\"color: #808080;\"><em>Los hermanos Sardelli, m\u00e1s conocidos como Airbag, aterrizan en octubre con dos conciertos en Barcelona y Madrid<\/em><\/span><\/h2>\t\t\t\t\t\t\t\t<\/div>\n\t\t\t\t<\/div>\n\t\t\t\t\t<\/div>\n\t\t<\/div>\n\t\t\t\t\t<\/div>\n\t\t<\/section>\n\t\t\t\t<section class=\"elementor-section elementor-top-section elementor-element elementor-element-9295bc8 elementor-section-boxed elementor-section-height-default elementor-section-height-default\" data-id=\"9295bc8\" data-element_type=\"section\" data-e-type=\"section\">\n\t\t\t\t\t\t<div class=\"elementor-container elementor-column-gap-default\">\n\t\t\t\t\t<div class=\"elementor-column elementor-col-100 elementor-top-column elementor-element elementor-element-1310689\" data-id=\"1310689\" data-element_type=\"column\" data-e-type=\"column\">\n\t\t\t<div class=\"elementor-widget-wrap elementor-element-populated\">\n\t\t\t\t\t\t<div class=\"elementor-element elementor-element-8b2ff1d elementor-widget elementor-widget-text-editor\" data-id=\"8b2ff1d\" data-element_type=\"widget\" data-e-type=\"widget\" data-widget_type=\"text-editor.default\">\n\t\t\t\t<div class=\"elementor-widget-container\">\n\t\t\t\t\t\t\t\t\t<p data-start=\"357\" data-end=\"653\">Despu\u00e9s de conquistar estadios y corazones en Argentina, <strong data-start=\"414\" data-end=\"424\">Airbag<\/strong> prepara su regreso a Espa\u00f1a. La banda de los hermanos Sardelli traer\u00e1 su gira <em data-start=\"503\" data-end=\"524\">El Club de la Pelea<\/em> con dos fechas imperdibles: el <strong data-start=\"556\" data-end=\"599\">19 de octubre en Razzmatazz (Barcelona)<\/strong> y el <strong data-start=\"605\" data-end=\"650\">26 de octubre en Live Las Ventas (Madrid)<\/strong>.<\/p>\n<p data-start=\"655\" data-end=\"1071\">Con m\u00e1s de veinte a\u00f1os de carrera, Airbag se ha consolidado como una de las grandes referencias del rock argentino. Su f\u00f3rmula combina la esencia del rock cl\u00e1sico con la energ\u00eda del punk y el poder del pop, sin perder nunca su esp\u00edritu de banda de hermanos. En su repertorio conviven himnos como <em data-start=\"951\" data-end=\"963\">Cae el sol<\/em>, <em data-start=\"965\" data-end=\"981\">Por mil noches<\/em> o <em data-start=\"984\" data-end=\"1009\">La partida de la gitana<\/em>, canciones que hoy suenan tan frescas como cuando nacieron.<\/p>\t\t\t\t\t\t\t\t<\/div>\n\t\t\t\t<\/div>\n\t\t\t\t\t<\/div>\n\t\t<\/div>\n\t\t\t\t\t<\/div>\n\t\t<\/section>\n\t\t\t\t<section class=\"elementor-section elementor-top-section elementor-element elementor-element-31ad6e8 elementor-section-boxed elementor-section-height-default elementor-section-height-default\" data-id=\"31ad6e8\" data-element_type=\"section\" data-e-type=\"section\">\n\t\t\t\t\t\t<div class=\"elementor-container elementor-column-gap-default\">\n\t\t\t\t\t<div class=\"elementor-column elementor-col-100 elementor-top-column elementor-element elementor-element-ab01e5e\" data-id=\"ab01e5e\" data-element_type=\"column\" data-e-type=\"column\">\n\t\t\t<div class=\"elementor-widget-wrap elementor-element-populated\">\n\t\t\t\t\t\t<div class=\"elementor-element elementor-element-2958a0e elementor-widget elementor-widget-image\" data-id=\"2958a0e\" data-element_type=\"widget\" data-e-type=\"widget\" data-widget_type=\"image.default\">\n\t\t\t\t<div class=\"elementor-widget-container\">\n\t\t\t\t\t\t\t\t\t\t\t\t\t\t\t<img fetchpriority=\"high\" decoding=\"async\" width=\"640\" height=\"360\" src=\"https:\/\/unaymilletras.com\/wp-content\/uploads\/2025\/10\/airbag1920x1080-2ciu-1024x576.jpg\" class=\"attachment-large size-large wp-image-5876\" alt=\"Airbag\" srcset=\"https:\/\/unaymilletras.com\/wp-content\/uploads\/2025\/10\/airbag1920x1080-2ciu-1024x576.jpg 1024w, https:\/\/unaymilletras.com\/wp-content\/uploads\/2025\/10\/airbag1920x1080-2ciu-300x169.jpg 300w, https:\/\/unaymilletras.com\/wp-content\/uploads\/2025\/10\/airbag1920x1080-2ciu-768x432.jpg 768w, https:\/\/unaymilletras.com\/wp-content\/uploads\/2025\/10\/airbag1920x1080-2ciu-18x10.jpg 18w, https:\/\/unaymilletras.com\/wp-content\/uploads\/2025\/10\/airbag1920x1080-2ciu-e1759770557103.jpg 600w\" sizes=\"(max-width: 640px) 100vw, 640px\" \/>\t\t\t\t\t\t\t\t\t\t\t\t\t\t\t<\/div>\n\t\t\t\t<\/div>\n\t\t\t\t\t<\/div>\n\t\t<\/div>\n\t\t\t\t\t<\/div>\n\t\t<\/section>\n\t\t\t\t<section class=\"elementor-section elementor-top-section elementor-element elementor-element-c55aadf elementor-section-boxed elementor-section-height-default elementor-section-height-default\" data-id=\"c55aadf\" data-element_type=\"section\" data-e-type=\"section\">\n\t\t\t\t\t\t<div class=\"elementor-container elementor-column-gap-default\">\n\t\t\t\t\t<div class=\"elementor-column elementor-col-100 elementor-top-column elementor-element elementor-element-60732e7\" data-id=\"60732e7\" data-element_type=\"column\" data-e-type=\"column\">\n\t\t\t<div class=\"elementor-widget-wrap elementor-element-populated\">\n\t\t\t\t\t\t<div class=\"elementor-element elementor-element-737ca29 elementor-widget elementor-widget-text-editor\" data-id=\"737ca29\" data-element_type=\"widget\" data-e-type=\"widget\" data-widget_type=\"text-editor.default\">\n\t\t\t\t<div class=\"elementor-widget-container\">\n\t\t\t\t\t\t\t\t\t<p data-start=\"1073\" data-end=\"1362\">Su regreso a los escenarios espa\u00f1oles llega tras un a\u00f1o hist\u00f3rico. En 2024 agotaron tres V\u00e9lez Sarsfield en Buenos Aires \u2014m\u00e1s de 120.000 personas en total\u2014 y pasaron por festivales como Cosqu\u00edn Rock, donde volvieron a demostrar por qu\u00e9 son una de las bandas m\u00e1s queridas del rock latino.<\/p>\n<p data-start=\"1364\" data-end=\"1708\">Ahora presentan la primera parte de su octavo \u00e1lbum, <em data-start=\"1417\" data-end=\"1440\">El Club de la Pelea I<\/em>, un trabajo que captura la esencia m\u00e1s cruda y emocional del grupo. Entre guitarras potentes y letras con mensaje, canciones como <em data-start=\"1571\" data-end=\"1597\">Anarqu\u00eda en Buenos Aires<\/em> o <em data-start=\"1600\" data-end=\"1618\">Nunca lo olvides<\/em> conectan con una nueva generaci\u00f3n sin renunciar a la nostalgia del rock de los noventa.<\/p>\n<p data-start=\"1710\" data-end=\"2073\">El tour promete una experiencia intensa, con una puesta en escena vibrante y ese carisma que solo los hermanos Sardelli saben llevar al directo. Ser\u00e1 un reencuentro con el p\u00fablico espa\u00f1ol que los ha seguido desde sus inicios y una oportunidad \u00fanica para disfrutar del nuevo cap\u00edtulo de una banda que sigue escribiendo su historia con la misma pasi\u00f3n de siempre.<\/p>\t\t\t\t\t\t\t\t<\/div>\n\t\t\t\t<\/div>\n\t\t\t\t\t<\/div>\n\t\t<\/div>\n\t\t\t\t\t<\/div>\n\t\t<\/section>\n\t\t\t\t<\/div>","protected":false},"excerpt":{"rendered":"<p>Los hermanos Sardelli, m\u00e1s conocidos como Airbag, aterrizan en octubre con dos conciertos en Barcelona y Madrid Despu\u00e9s de conquistar estadios y corazones en Argentina, Airbag prepara su regreso a Espa\u00f1a. La banda de los hermanos Sardelli traer\u00e1 su gira El Club de la Pelea con dos fechas imperdibles: el 19 de octubre en Razzmatazz [&hellip;]<\/p>\n","protected":false},"author":6,"featured_media":5876,"comment_status":"closed","ping_status":"closed","sticky":false,"template":"","format":"standard","meta":{"footnotes":""},"categories":[4],"tags":[],"class_list":["post-5874","post","type-post","status-publish","format-standard","has-post-thumbnail","hentry","category-musica"],"yoast_head":"<!-- This site is optimized with the Yoast SEO plugin v27.4 - https:\/\/yoast.com\/product\/yoast-seo-wordpress\/ -->\n<title>Airbag regresa a Espa\u00f1a con su gira El Club de la Pelea<\/title>\n<meta name=\"description\" content=\"Los hermanos Sardelli, m\u00e1s conocidos como Airbag, aterrizan en octubre con dos conciertos en Barcelona y Madrid\" \/>\n<meta name=\"robots\" content=\"index, follow, max-snippet:-1, max-image-preview:large, max-video-preview:-1\" \/>\n<link rel=\"canonical\" href=\"https:\/\/unaymilletras.com\/en\/airbag-regresa-a-espana-con-su-gira-el-club-de-la-pelea\/\" \/>\n<meta property=\"og:locale\" content=\"en_GB\" \/>\n<meta property=\"og:type\" content=\"article\" \/>\n<meta property=\"og:title\" content=\"Airbag regresa a Espa\u00f1a con su gira El Club de la Pelea\" \/>\n<meta property=\"og:description\" content=\"Los hermanos Sardelli, m\u00e1s conocidos como Airbag, aterrizan en octubre con dos conciertos en Barcelona y Madrid\" \/>\n<meta property=\"og:url\" content=\"https:\/\/unaymilletras.com\/en\/airbag-regresa-a-espana-con-su-gira-el-club-de-la-pelea\/\" \/>\n<meta property=\"og:site_name\" content=\"Una y Mil Letras\" \/>\n<meta property=\"article:published_time\" content=\"2025-10-07T10:00:00+00:00\" \/>\n<meta property=\"og:image\" content=\"https:\/\/unaymilletras.com\/wp-content\/uploads\/2025\/10\/airbag1920x1080-2ciu-e1759770557103.jpg\" \/>\n\t<meta property=\"og:image:width\" content=\"600\" \/>\n\t<meta property=\"og:image:height\" content=\"337\" \/>\n\t<meta property=\"og:image:type\" content=\"image\/jpeg\" \/>\n<meta name=\"author\" content=\"Redacci\u00f3n\" \/>\n<meta name=\"twitter:card\" content=\"summary_large_image\" \/>\n<meta name=\"twitter:creator\" content=\"@UnaYMilLetras\" \/>\n<meta name=\"twitter:site\" content=\"@UnaYMilLetras\" \/>\n<meta name=\"twitter:label1\" content=\"Written by\" \/>\n\t<meta name=\"twitter:data1\" content=\"Redacci\u00f3n\" \/>\n\t<meta name=\"twitter:label2\" content=\"Estimated reading time\" \/>\n\t<meta name=\"twitter:data2\" content=\"2 minutes\" \/>\n<script type=\"application\/ld+json\" class=\"yoast-schema-graph\">{\"@context\":\"https:\\\/\\\/schema.org\",\"@graph\":[{\"@type\":\"Article\",\"@id\":\"https:\\\/\\\/unaymilletras.com\\\/airbag-regresa-a-espana-con-su-gira-el-club-de-la-pelea\\\/#article\",\"isPartOf\":{\"@id\":\"https:\\\/\\\/unaymilletras.com\\\/airbag-regresa-a-espana-con-su-gira-el-club-de-la-pelea\\\/\"},\"author\":{\"name\":\"Redacci\u00f3n\",\"@id\":\"http:\\\/\\\/unaymilletras.com\\\/#\\\/schema\\\/person\\\/0860dc8a218329991ee2c7591f4f849d\"},\"headline\":\"Airbag regresa a Espa\u00f1a con su gira El Club de la Pelea\",\"datePublished\":\"2025-10-07T10:00:00+00:00\",\"mainEntityOfPage\":{\"@id\":\"https:\\\/\\\/unaymilletras.com\\\/airbag-regresa-a-espana-con-su-gira-el-club-de-la-pelea\\\/\"},\"wordCount\":341,\"publisher\":{\"@id\":\"http:\\\/\\\/unaymilletras.com\\\/#organization\"},\"image\":{\"@id\":\"https:\\\/\\\/unaymilletras.com\\\/airbag-regresa-a-espana-con-su-gira-el-club-de-la-pelea\\\/#primaryimage\"},\"thumbnailUrl\":\"https:\\\/\\\/unaymilletras.com\\\/wp-content\\\/uploads\\\/2025\\\/10\\\/airbag1920x1080-2ciu-e1759770557103.jpg\",\"articleSection\":[\"M\u00fasica\"],\"inLanguage\":\"en-GB\"},{\"@type\":\"WebPage\",\"@id\":\"https:\\\/\\\/unaymilletras.com\\\/airbag-regresa-a-espana-con-su-gira-el-club-de-la-pelea\\\/\",\"url\":\"https:\\\/\\\/unaymilletras.com\\\/airbag-regresa-a-espana-con-su-gira-el-club-de-la-pelea\\\/\",\"name\":\"Airbag regresa a Espa\u00f1a con su gira El Club de la Pelea\",\"isPartOf\":{\"@id\":\"http:\\\/\\\/unaymilletras.com\\\/#website\"},\"primaryImageOfPage\":{\"@id\":\"https:\\\/\\\/unaymilletras.com\\\/airbag-regresa-a-espana-con-su-gira-el-club-de-la-pelea\\\/#primaryimage\"},\"image\":{\"@id\":\"https:\\\/\\\/unaymilletras.com\\\/airbag-regresa-a-espana-con-su-gira-el-club-de-la-pelea\\\/#primaryimage\"},\"thumbnailUrl\":\"https:\\\/\\\/unaymilletras.com\\\/wp-content\\\/uploads\\\/2025\\\/10\\\/airbag1920x1080-2ciu-e1759770557103.jpg\",\"datePublished\":\"2025-10-07T10:00:00+00:00\",\"description\":\"Los hermanos Sardelli, m\u00e1s conocidos como Airbag, aterrizan en octubre con dos conciertos en Barcelona y Madrid\",\"breadcrumb\":{\"@id\":\"https:\\\/\\\/unaymilletras.com\\\/airbag-regresa-a-espana-con-su-gira-el-club-de-la-pelea\\\/#breadcrumb\"},\"inLanguage\":\"en-GB\",\"potentialAction\":[{\"@type\":\"ReadAction\",\"target\":[\"https:\\\/\\\/unaymilletras.com\\\/airbag-regresa-a-espana-con-su-gira-el-club-de-la-pelea\\\/\"]}]},{\"@type\":\"ImageObject\",\"inLanguage\":\"en-GB\",\"@id\":\"https:\\\/\\\/unaymilletras.com\\\/airbag-regresa-a-espana-con-su-gira-el-club-de-la-pelea\\\/#primaryimage\",\"url\":\"https:\\\/\\\/unaymilletras.com\\\/wp-content\\\/uploads\\\/2025\\\/10\\\/airbag1920x1080-2ciu-e1759770557103.jpg\",\"contentUrl\":\"https:\\\/\\\/unaymilletras.com\\\/wp-content\\\/uploads\\\/2025\\\/10\\\/airbag1920x1080-2ciu-e1759770557103.jpg\",\"width\":600,\"height\":337,\"caption\":\"Airbag\"},{\"@type\":\"BreadcrumbList\",\"@id\":\"https:\\\/\\\/unaymilletras.com\\\/airbag-regresa-a-espana-con-su-gira-el-club-de-la-pelea\\\/#breadcrumb\",\"itemListElement\":[{\"@type\":\"ListItem\",\"position\":1,\"name\":\"Home\",\"item\":\"http:\\\/\\\/unaymilletras.com\\\/\"},{\"@type\":\"ListItem\",\"position\":2,\"name\":\"Airbag regresa a Espa\u00f1a con su gira El Club de la Pelea\"}]},{\"@type\":\"WebSite\",\"@id\":\"http:\\\/\\\/unaymilletras.com\\\/#website\",\"url\":\"http:\\\/\\\/unaymilletras.com\\\/\",\"name\":\"Una y Mil Letras\",\"description\":\"\",\"publisher\":{\"@id\":\"http:\\\/\\\/unaymilletras.com\\\/#organization\"},\"potentialAction\":[{\"@type\":\"SearchAction\",\"target\":{\"@type\":\"EntryPoint\",\"urlTemplate\":\"http:\\\/\\\/unaymilletras.com\\\/?s={search_term_string}\"},\"query-input\":{\"@type\":\"PropertyValueSpecification\",\"valueRequired\":true,\"valueName\":\"search_term_string\"}}],\"inLanguage\":\"en-GB\"},{\"@type\":\"Organization\",\"@id\":\"http:\\\/\\\/unaymilletras.com\\\/#organization\",\"name\":\"Una y Mil Letras\",\"url\":\"http:\\\/\\\/unaymilletras.com\\\/\",\"logo\":{\"@type\":\"ImageObject\",\"inLanguage\":\"en-GB\",\"@id\":\"http:\\\/\\\/unaymilletras.com\\\/#\\\/schema\\\/logo\\\/image\\\/\",\"url\":\"https:\\\/\\\/unaymilletras.com\\\/wp-content\\\/uploads\\\/2024\\\/06\\\/cropped-Logo-removebg-preview.png\",\"contentUrl\":\"https:\\\/\\\/unaymilletras.com\\\/wp-content\\\/uploads\\\/2024\\\/06\\\/cropped-Logo-removebg-preview.png\",\"width\":512,\"height\":512,\"caption\":\"Una y Mil Letras\"},\"image\":{\"@id\":\"http:\\\/\\\/unaymilletras.com\\\/#\\\/schema\\\/logo\\\/image\\\/\"},\"sameAs\":[\"https:\\\/\\\/x.com\\\/UnaYMilLetras\",\"https:\\\/\\\/instagram.com\\\/UnaYMilLetras\"]},{\"@type\":\"Person\",\"@id\":\"http:\\\/\\\/unaymilletras.com\\\/#\\\/schema\\\/person\\\/0860dc8a218329991ee2c7591f4f849d\",\"name\":\"Redacci\u00f3n\",\"image\":{\"@type\":\"ImageObject\",\"inLanguage\":\"en-GB\",\"@id\":\"https:\\\/\\\/secure.gravatar.com\\\/avatar\\\/d8f55e05a8b6597e45c55a1dcbdbfe44f4a360d88b48e00de5216a79b7732796?s=96&d=mm&r=g\",\"url\":\"https:\\\/\\\/secure.gravatar.com\\\/avatar\\\/d8f55e05a8b6597e45c55a1dcbdbfe44f4a360d88b48e00de5216a79b7732796?s=96&d=mm&r=g\",\"contentUrl\":\"https:\\\/\\\/secure.gravatar.com\\\/avatar\\\/d8f55e05a8b6597e45c55a1dcbdbfe44f4a360d88b48e00de5216a79b7732796?s=96&d=mm&r=g\",\"caption\":\"Redacci\u00f3n\"},\"url\":\"https:\\\/\\\/unaymilletras.com\\\/en\\\/author\\\/redaccion\\\/\"}]}<\/script>\n<!-- \/ Yoast SEO plugin. -->","yoast_head_json":{"title":"Airbag regresa a Espa\u00f1a con su gira El Club de la Pelea","description":"Los hermanos Sardelli, m\u00e1s conocidos como Airbag, aterrizan en octubre con dos conciertos en Barcelona y Madrid","robots":{"index":"index","follow":"follow","max-snippet":"max-snippet:-1","max-image-preview":"max-image-preview:large","max-video-preview":"max-video-preview:-1"},"canonical":"https:\/\/unaymilletras.com\/en\/airbag-regresa-a-espana-con-su-gira-el-club-de-la-pelea\/","og_locale":"en_GB","og_type":"article","og_title":"Airbag regresa a Espa\u00f1a con su gira El Club de la Pelea","og_description":"Los hermanos Sardelli, m\u00e1s conocidos como Airbag, aterrizan en octubre con dos conciertos en Barcelona y Madrid","og_url":"https:\/\/unaymilletras.com\/en\/airbag-regresa-a-espana-con-su-gira-el-club-de-la-pelea\/","og_site_name":"Una y Mil Letras","article_published_time":"2025-10-07T10:00:00+00:00","og_image":[{"width":600,"height":337,"url":"https:\/\/unaymilletras.com\/wp-content\/uploads\/2025\/10\/airbag1920x1080-2ciu-e1759770557103.jpg","type":"image\/jpeg"}],"author":"Redacci\u00f3n","twitter_card":"summary_large_image","twitter_creator":"@UnaYMilLetras","twitter_site":"@UnaYMilLetras","twitter_misc":{"Written by":"Redacci\u00f3n","Estimated reading time":"2 minutes"},"schema":{"@context":"https:\/\/schema.org","@graph":[{"@type":"Article","@id":"https:\/\/unaymilletras.com\/airbag-regresa-a-espana-con-su-gira-el-club-de-la-pelea\/#article","isPartOf":{"@id":"https:\/\/unaymilletras.com\/airbag-regresa-a-espana-con-su-gira-el-club-de-la-pelea\/"},"author":{"name":"Redacci\u00f3n","@id":"http:\/\/unaymilletras.com\/#\/schema\/person\/0860dc8a218329991ee2c7591f4f849d"},"headline":"Airbag regresa a Espa\u00f1a con su gira El Club de la Pelea","datePublished":"2025-10-07T10:00:00+00:00","mainEntityOfPage":{"@id":"https:\/\/unaymilletras.com\/airbag-regresa-a-espana-con-su-gira-el-club-de-la-pelea\/"},"wordCount":341,"publisher":{"@id":"http:\/\/unaymilletras.com\/#organization"},"image":{"@id":"https:\/\/unaymilletras.com\/airbag-regresa-a-espana-con-su-gira-el-club-de-la-pelea\/#primaryimage"},"thumbnailUrl":"https:\/\/unaymilletras.com\/wp-content\/uploads\/2025\/10\/airbag1920x1080-2ciu-e1759770557103.jpg","articleSection":["M\u00fasica"],"inLanguage":"en-GB"},{"@type":"WebPage","@id":"https:\/\/unaymilletras.com\/airbag-regresa-a-espana-con-su-gira-el-club-de-la-pelea\/","url":"https:\/\/unaymilletras.com\/airbag-regresa-a-espana-con-su-gira-el-club-de-la-pelea\/","name":"Airbag regresa a Espa\u00f1a con su gira El Club de la Pelea","isPartOf":{"@id":"http:\/\/unaymilletras.com\/#website"},"primaryImageOfPage":{"@id":"https:\/\/unaymilletras.com\/airbag-regresa-a-espana-con-su-gira-el-club-de-la-pelea\/#primaryimage"},"image":{"@id":"https:\/\/unaymilletras.com\/airbag-regresa-a-espana-con-su-gira-el-club-de-la-pelea\/#primaryimage"},"thumbnailUrl":"https:\/\/unaymilletras.com\/wp-content\/uploads\/2025\/10\/airbag1920x1080-2ciu-e1759770557103.jpg","datePublished":"2025-10-07T10:00:00+00:00","description":"Los hermanos Sardelli, m\u00e1s conocidos como Airbag, aterrizan en octubre con dos conciertos en Barcelona y Madrid","breadcrumb":{"@id":"https:\/\/unaymilletras.com\/airbag-regresa-a-espana-con-su-gira-el-club-de-la-pelea\/#breadcrumb"},"inLanguage":"en-GB","potentialAction":[{"@type":"ReadAction","target":["https:\/\/unaymilletras.com\/airbag-regresa-a-espana-con-su-gira-el-club-de-la-pelea\/"]}]},{"@type":"ImageObject","inLanguage":"en-GB","@id":"https:\/\/unaymilletras.com\/airbag-regresa-a-espana-con-su-gira-el-club-de-la-pelea\/#primaryimage","url":"https:\/\/unaymilletras.com\/wp-content\/uploads\/2025\/10\/airbag1920x1080-2ciu-e1759770557103.jpg","contentUrl":"https:\/\/unaymilletras.com\/wp-content\/uploads\/2025\/10\/airbag1920x1080-2ciu-e1759770557103.jpg","width":600,"height":337,"caption":"Airbag"},{"@type":"BreadcrumbList","@id":"https:\/\/unaymilletras.com\/airbag-regresa-a-espana-con-su-gira-el-club-de-la-pelea\/#breadcrumb","itemListElement":[{"@type":"ListItem","position":1,"name":"Home","item":"http:\/\/unaymilletras.com\/"},{"@type":"ListItem","position":2,"name":"Airbag regresa a Espa\u00f1a con su gira El Club de la Pelea"}]},{"@type":"WebSite","@id":"http:\/\/unaymilletras.com\/#website","url":"http:\/\/unaymilletras.com\/","name":"Una y Mil Letras","description":"","publisher":{"@id":"http:\/\/unaymilletras.com\/#organization"},"potentialAction":[{"@type":"SearchAction","target":{"@type":"EntryPoint","urlTemplate":"http:\/\/unaymilletras.com\/?s={search_term_string}"},"query-input":{"@type":"PropertyValueSpecification","valueRequired":true,"valueName":"search_term_string"}}],"inLanguage":"en-GB"},{"@type":"Organization","@id":"http:\/\/unaymilletras.com\/#organization","name":"Una y Mil Letras","url":"http:\/\/unaymilletras.com\/","logo":{"@type":"ImageObject","inLanguage":"en-GB","@id":"http:\/\/unaymilletras.com\/#\/schema\/logo\/image\/","url":"https:\/\/unaymilletras.com\/wp-content\/uploads\/2024\/06\/cropped-Logo-removebg-preview.png","contentUrl":"https:\/\/unaymilletras.com\/wp-content\/uploads\/2024\/06\/cropped-Logo-removebg-preview.png","width":512,"height":512,"caption":"Una y Mil Letras"},"image":{"@id":"http:\/\/unaymilletras.com\/#\/schema\/logo\/image\/"},"sameAs":["https:\/\/x.com\/UnaYMilLetras","https:\/\/instagram.com\/UnaYMilLetras"]},{"@type":"Person","@id":"http:\/\/unaymilletras.com\/#\/schema\/person\/0860dc8a218329991ee2c7591f4f849d","name":"Redacci\u00f3n","image":{"@type":"ImageObject","inLanguage":"en-GB","@id":"https:\/\/secure.gravatar.com\/avatar\/d8f55e05a8b6597e45c55a1dcbdbfe44f4a360d88b48e00de5216a79b7732796?s=96&d=mm&r=g","url":"https:\/\/secure.gravatar.com\/avatar\/d8f55e05a8b6597e45c55a1dcbdbfe44f4a360d88b48e00de5216a79b7732796?s=96&d=mm&r=g","contentUrl":"https:\/\/secure.gravatar.com\/avatar\/d8f55e05a8b6597e45c55a1dcbdbfe44f4a360d88b48e00de5216a79b7732796?s=96&d=mm&r=g","caption":"Redacci\u00f3n"},"url":"https:\/\/unaymilletras.com\/en\/author\/redaccion\/"}]}},"_links":{"self":[{"href":"https:\/\/unaymilletras.com\/en\/wp-json\/wp\/v2\/posts\/5874","targetHints":{"allow":["GET"]}}],"collection":[{"href":"https:\/\/unaymilletras.com\/en\/wp-json\/wp\/v2\/posts"}],"about":[{"href":"https:\/\/unaymilletras.com\/en\/wp-json\/wp\/v2\/types\/post"}],"author":[{"embeddable":true,"href":"https:\/\/unaymilletras.com\/en\/wp-json\/wp\/v2\/users\/6"}],"replies":[{"embeddable":true,"href":"https:\/\/unaymilletras.com\/en\/wp-json\/wp\/v2\/comments?post=5874"}],"version-history":[{"count":7,"href":"https:\/\/unaymilletras.com\/en\/wp-json\/wp\/v2\/posts\/5874\/revisions"}],"predecessor-version":[{"id":5882,"href":"https:\/\/unaymilletras.com\/en\/wp-json\/wp\/v2\/posts\/5874\/revisions\/5882"}],"wp:featuredmedia":[{"embeddable":true,"href":"https:\/\/unaymilletras.com\/en\/wp-json\/wp\/v2\/media\/5876"}],"wp:attachment":[{"href":"https:\/\/unaymilletras.com\/en\/wp-json\/wp\/v2\/media?parent=5874"}],"wp:term":[{"taxonomy":"category","embeddable":true,"href":"https:\/\/unaymilletras.com\/en\/wp-json\/wp\/v2\/categories?post=5874"},{"taxonomy":"post_tag","embeddable":true,"href":"https:\/\/unaymilletras.com\/en\/wp-json\/wp\/v2\/tags?post=5874"}],"curies":[{"name":"wp","href":"https:\/\/api.w.org\/{rel}","templated":true}]}}