{"id":5883,"date":"2025-08-25T19:23:32","date_gmt":"2025-08-25T17:23:32","guid":{"rendered":"https:\/\/unaymilletras.com\/?p=5883"},"modified":"2025-10-06T19:23:54","modified_gmt":"2025-10-06T17:23:54","slug":"lady-gaga-regresa-a-barcelona-con-the-mayhem-ball-su-nueva-gira-mundial","status":"publish","type":"post","link":"https:\/\/unaymilletras.com\/en\/lady-gaga-regresa-a-barcelona-con-the-mayhem-ball-su-nueva-gira-mundial\/","title":{"rendered":"Lady Gaga regresa a Barcelona con The MAYHEM Ball, su nueva gira mundial"},"content":{"rendered":"<div data-elementor-type=\"wp-post\" data-elementor-id=\"5883\" class=\"elementor elementor-5883\">\n\t\t\t\t\t\t<section class=\"elementor-section elementor-top-section elementor-element elementor-element-1720578 elementor-section-boxed elementor-section-height-default elementor-section-height-default\" data-id=\"1720578\" data-element_type=\"section\" data-e-type=\"section\">\n\t\t\t\t\t\t<div class=\"elementor-container elementor-column-gap-default\">\n\t\t\t\t\t<div class=\"elementor-column elementor-col-100 elementor-top-column elementor-element elementor-element-11bd0b4\" data-id=\"11bd0b4\" data-element_type=\"column\" data-e-type=\"column\">\n\t\t\t<div class=\"elementor-widget-wrap elementor-element-populated\">\n\t\t\t\t\t\t<div class=\"elementor-element elementor-element-ee012c7 elementor-widget elementor-widget-text-editor\" data-id=\"ee012c7\" data-element_type=\"widget\" data-e-type=\"widget\" data-widget_type=\"text-editor.default\">\n\t\t\t\t<div class=\"elementor-widget-container\">\n\t\t\t\t\t\t\t\t\t<h2 style=\"text-align: center;\"><span style=\"color: #808080;\"><em>Despu\u00e9s de siete a\u00f1os, la artista internacional Lady Gaga vuelve al Palau Sant Jordi con dos noches \u00e9picas <\/em><\/span><\/h2>\t\t\t\t\t\t\t\t<\/div>\n\t\t\t\t<\/div>\n\t\t\t\t\t<\/div>\n\t\t<\/div>\n\t\t\t\t\t<\/div>\n\t\t<\/section>\n\t\t\t\t<section class=\"elementor-section elementor-top-section elementor-element elementor-element-b86e75b elementor-section-boxed elementor-section-height-default elementor-section-height-default\" data-id=\"b86e75b\" data-element_type=\"section\" data-e-type=\"section\">\n\t\t\t\t\t\t<div class=\"elementor-container elementor-column-gap-default\">\n\t\t\t\t\t<div class=\"elementor-column elementor-col-100 elementor-top-column elementor-element elementor-element-8b71e2f\" data-id=\"8b71e2f\" data-element_type=\"column\" data-e-type=\"column\">\n\t\t\t<div class=\"elementor-widget-wrap elementor-element-populated\">\n\t\t\t\t\t\t<div class=\"elementor-element elementor-element-fb35b85 elementor-widget elementor-widget-text-editor\" data-id=\"fb35b85\" data-element_type=\"widget\" data-e-type=\"widget\" data-widget_type=\"text-editor.default\">\n\t\t\t\t<div class=\"elementor-widget-container\">\n\t\t\t\t\t\t\t\t\t<p data-start=\"373\" data-end=\"663\">La espera termin\u00f3. Siete a\u00f1os despu\u00e9s de su \u00faltima visita a Espa\u00f1a, <strong data-start=\"441\" data-end=\"454\">Lady Gaga<\/strong> vuelve a Barcelona para presentar <em data-start=\"489\" data-end=\"506\">The MAYHEM Ball<\/em>, su esperada gira mundial. La artista actuar\u00e1 los <strong data-start=\"557\" data-end=\"607\">d\u00edas 28 y 29 de octubre en el Palau Sant Jordi<\/strong>, en lo que ser\u00e1n sus <strong data-start=\"629\" data-end=\"660\">\u00fanicos conciertos en Espa\u00f1a<\/strong>.<\/p>\n<p data-start=\"665\" data-end=\"1004\">El tour llega para celebrar <em data-start=\"693\" data-end=\"701\">MAYHEM<\/em>, su cuarto \u00e1lbum de estudio, un trabajo que ha devuelto a Gaga a lo m\u00e1s alto de las listas internacionales. El disco debut\u00f3 en el n\u00famero uno del <em data-start=\"847\" data-end=\"862\">Billboard 200<\/em> y fue recibido con entusiasmo por cr\u00edtica y p\u00fablico, consolidando su estatus como una de las figuras m\u00e1s influyentes del pop contempor\u00e1neo.<\/p>\t\t\t\t\t\t\t\t<\/div>\n\t\t\t\t<\/div>\n\t\t\t\t\t<\/div>\n\t\t<\/div>\n\t\t\t\t\t<\/div>\n\t\t<\/section>\n\t\t\t\t<section class=\"elementor-section elementor-top-section elementor-element elementor-element-8c1e0b5 elementor-section-boxed elementor-section-height-default elementor-section-height-default\" data-id=\"8c1e0b5\" data-element_type=\"section\" data-e-type=\"section\">\n\t\t\t\t\t\t<div class=\"elementor-container elementor-column-gap-default\">\n\t\t\t\t\t<div class=\"elementor-column elementor-col-100 elementor-top-column elementor-element elementor-element-2b6a733\" data-id=\"2b6a733\" data-element_type=\"column\" data-e-type=\"column\">\n\t\t\t<div class=\"elementor-widget-wrap elementor-element-populated\">\n\t\t\t\t\t\t<div class=\"elementor-element elementor-element-1366318 elementor-widget elementor-widget-image\" data-id=\"1366318\" data-element_type=\"widget\" data-e-type=\"widget\" data-widget_type=\"image.default\">\n\t\t\t\t<div class=\"elementor-widget-container\">\n\t\t\t\t\t\t\t\t\t\t\t\t\t\t\t<img fetchpriority=\"high\" decoding=\"async\" width=\"640\" height=\"360\" src=\"https:\/\/unaymilletras.com\/wp-content\/uploads\/2025\/10\/lg-monitor-1920x1080-1.jpg\" class=\"attachment-large size-large wp-image-5885\" alt=\"Lady Gaga\" srcset=\"https:\/\/unaymilletras.com\/wp-content\/uploads\/2025\/10\/lg-monitor-1920x1080-1.jpg 978w, https:\/\/unaymilletras.com\/wp-content\/uploads\/2025\/10\/lg-monitor-1920x1080-1-300x169.jpg 300w, https:\/\/unaymilletras.com\/wp-content\/uploads\/2025\/10\/lg-monitor-1920x1080-1-768x432.jpg 768w, https:\/\/unaymilletras.com\/wp-content\/uploads\/2025\/10\/lg-monitor-1920x1080-1-18x10.jpg 18w\" sizes=\"(max-width: 640px) 100vw, 640px\" \/>\t\t\t\t\t\t\t\t\t\t\t\t\t\t\t<\/div>\n\t\t\t\t<\/div>\n\t\t\t\t\t<\/div>\n\t\t<\/div>\n\t\t\t\t\t<\/div>\n\t\t<\/section>\n\t\t\t\t<section class=\"elementor-section elementor-top-section elementor-element elementor-element-cf05c35 elementor-section-boxed elementor-section-height-default elementor-section-height-default\" data-id=\"cf05c35\" data-element_type=\"section\" data-e-type=\"section\">\n\t\t\t\t\t\t<div class=\"elementor-container elementor-column-gap-default\">\n\t\t\t\t\t<div class=\"elementor-column elementor-col-100 elementor-top-column elementor-element elementor-element-a1500b4\" data-id=\"a1500b4\" data-element_type=\"column\" data-e-type=\"column\">\n\t\t\t<div class=\"elementor-widget-wrap elementor-element-populated\">\n\t\t\t\t\t\t<div class=\"elementor-element elementor-element-c94bb1e elementor-widget elementor-widget-text-editor\" data-id=\"c94bb1e\" data-element_type=\"widget\" data-e-type=\"widget\" data-widget_type=\"text-editor.default\">\n\t\t\t\t<div class=\"elementor-widget-container\">\n\t\t\t\t\t\t\t\t\t<p data-start=\"1006\" data-end=\"1448\">Despu\u00e9s de encabezar el <em data-start=\"1030\" data-end=\"1046\">Coachella 2025<\/em>, ofrecer residencias en estadios de Ciudad de M\u00e9xico y Singapur, y un hist\u00f3rico concierto gratuito ante m\u00e1s de un mill\u00f3n de personas en la playa de Copacabana, Lady Gaga se embarca en una gira que promete ser una experiencia inmersiva. <em data-start=\"1283\" data-end=\"1300\">The MAYHEM Ball<\/em> comenzar\u00e1 el 16 de julio en Las Vegas y recorrer\u00e1 Am\u00e9rica, Reino Unido y Europa, con paradas en ciudades como Londres, Estocolmo, Mil\u00e1n y Berl\u00edn.<\/p>\n<p data-start=\"1450\" data-end=\"1684\">\u201cEsta es mi primera gira en arenas desde 2018\u201d, explic\u00f3 Gaga. \u201cEn los estadios la energ\u00eda es enorme, pero con <em data-start=\"1560\" data-end=\"1577\">The MAYHEM Ball<\/em> quer\u00eda algo distinto: una experiencia m\u00e1s \u00edntima, m\u00e1s teatral y profundamente conectada con el p\u00fablico.\u201d<\/p>\n<p data-start=\"1686\" data-end=\"2105\"><em data-start=\"1686\" data-end=\"1694\">MAYHEM<\/em> es una oda al caos, la reinvenci\u00f3n y la vulnerabilidad. El \u00e1lbum marca un regreso a las ra\u00edces pop de la artista, explorando nuevas texturas sonoras y una narrativa que abraza lo fragmentado y lo transforma en belleza. Con canciones como <em data-start=\"1933\" data-end=\"1951\">Die With a Smile<\/em> \u2014junto a Bruno Mars\u2014, que lleva trece semanas consecutivas en el #1 del <em data-start=\"2024\" data-end=\"2046\">Billboard Global 200<\/em>, Gaga reafirma su talento para crear himnos universales.<\/p>\t\t\t\t\t\t\t\t<\/div>\n\t\t\t\t<\/div>\n\t\t\t\t\t<\/div>\n\t\t<\/div>\n\t\t\t\t\t<\/div>\n\t\t<\/section>\n\t\t\t\t<section class=\"elementor-section elementor-top-section elementor-element elementor-element-5654329 elementor-section-boxed elementor-section-height-default elementor-section-height-default\" data-id=\"5654329\" data-element_type=\"section\" data-e-type=\"section\">\n\t\t\t\t\t\t<div class=\"elementor-container elementor-column-gap-default\">\n\t\t\t\t\t<div class=\"elementor-column elementor-col-100 elementor-top-column elementor-element elementor-element-def89f5\" data-id=\"def89f5\" data-element_type=\"column\" data-e-type=\"column\">\n\t\t\t<div class=\"elementor-widget-wrap elementor-element-populated\">\n\t\t\t\t\t\t<div class=\"elementor-element elementor-element-eb4ba7b elementor-widget elementor-widget-video\" data-id=\"eb4ba7b\" data-element_type=\"widget\" data-e-type=\"widget\" data-settings=\"{&quot;youtube_url&quot;:&quot;https:\\\/\\\/www.youtube.com\\\/watch?v=kPa7bsKwL-c&quot;,&quot;video_type&quot;:&quot;youtube&quot;,&quot;controls&quot;:&quot;yes&quot;}\" data-widget_type=\"video.default\">\n\t\t\t\t<div class=\"elementor-widget-container\">\n\t\t\t\t\t\t\t<div class=\"elementor-wrapper elementor-open-inline\">\n\t\t\t<div class=\"elementor-video\"><\/div>\t\t<\/div>\n\t\t\t\t\t\t<\/div>\n\t\t\t\t<\/div>\n\t\t\t\t\t<\/div>\n\t\t<\/div>\n\t\t\t\t\t<\/div>\n\t\t<\/section>\n\t\t\t\t<section class=\"elementor-section elementor-top-section elementor-element elementor-element-55364ad elementor-section-boxed elementor-section-height-default elementor-section-height-default\" data-id=\"55364ad\" data-element_type=\"section\" data-e-type=\"section\">\n\t\t\t\t\t\t<div class=\"elementor-container elementor-column-gap-default\">\n\t\t\t\t\t<div class=\"elementor-column elementor-col-100 elementor-top-column elementor-element elementor-element-7021eaf\" data-id=\"7021eaf\" data-element_type=\"column\" data-e-type=\"column\">\n\t\t\t<div class=\"elementor-widget-wrap elementor-element-populated\">\n\t\t\t\t\t\t<div class=\"elementor-element elementor-element-ea466c2 elementor-widget elementor-widget-text-editor\" data-id=\"ea466c2\" data-element_type=\"widget\" data-e-type=\"widget\" data-widget_type=\"text-editor.default\">\n\t\t\t\t<div class=\"elementor-widget-container\">\n\t\t\t\t\t\t\t\t\t<p data-start=\"2107\" data-end=\"2399\">El disco tambi\u00e9n ha batido r\u00e9cords en ventas f\u00edsicas y digitales, con m\u00e1s de 240 millones de streams en su primera semana y 74.000 vinilos vendidos en catorce ediciones coleccionables. <em data-start=\"2292\" data-end=\"2300\">MAYHEM<\/em> debut\u00f3 en el n\u00famero uno en doce pa\u00edses, entre ellos Espa\u00f1a, Reino Unido, Jap\u00f3n y Estados Unidos.<\/p>\n<p data-start=\"2401\" data-end=\"2705\">Con <em data-start=\"2405\" data-end=\"2422\">The MAYHEM Ball<\/em>, Lady Gaga propone una experiencia que va m\u00e1s all\u00e1 del espect\u00e1culo. Es un viaje emocional y visual que celebra la libertad art\u00edstica y el poder de reconstruirse. En sus propias palabras: \u201cAunque no puedas volver a unir las piezas perfectamente, puedes crear algo nuevo y hermoso.\u201d<\/p>\n<p data-start=\"2707\" data-end=\"2876\">Barcelona ser\u00e1 testigo de ese renacimiento. Dos noches para recordar por qu\u00e9 Gaga sigue siendo una de las artistas m\u00e1s visionarias, atrevidas y humanas del pop global.<\/p>\t\t\t\t\t\t\t\t<\/div>\n\t\t\t\t<\/div>\n\t\t\t\t\t<\/div>\n\t\t<\/div>\n\t\t\t\t\t<\/div>\n\t\t<\/section>\n\t\t\t\t<\/div>","protected":false},"excerpt":{"rendered":"<p>Despu\u00e9s de siete a\u00f1os, la artista internacional Lady Gaga vuelve al Palau Sant Jordi con dos noches \u00e9picas La espera termin\u00f3. Siete a\u00f1os despu\u00e9s de su \u00faltima visita a Espa\u00f1a, Lady Gaga vuelve a Barcelona para presentar The MAYHEM Ball, su esperada gira mundial. La artista actuar\u00e1 los d\u00edas 28 y 29 de octubre en [&hellip;]<\/p>\n","protected":false},"author":1,"featured_media":5885,"comment_status":"closed","ping_status":"closed","sticky":false,"template":"","format":"standard","meta":{"footnotes":""},"categories":[1],"tags":[],"class_list":["post-5883","post","type-post","status-publish","format-standard","has-post-thumbnail","hentry","category-uncategorized"],"yoast_head":"<!-- This site is optimized with the Yoast SEO plugin v27.4 - https:\/\/yoast.com\/product\/yoast-seo-wordpress\/ -->\n<title>Lady Gaga regresa a Barcelona con The MAYHEM Ball, su nueva gira mundial<\/title>\n<meta name=\"description\" content=\"Despu\u00e9s de siete a\u00f1os, la artista internacional Lady Gaga, vuelve al Palau Sant Jordi con dos noches \u00e9picas\" \/>\n<meta name=\"robots\" content=\"index, follow, max-snippet:-1, max-image-preview:large, max-video-preview:-1\" \/>\n<link rel=\"canonical\" href=\"https:\/\/unaymilletras.com\/en\/lady-gaga-regresa-a-barcelona-con-the-mayhem-ball-su-nueva-gira-mundial\/\" \/>\n<meta property=\"og:locale\" content=\"en_GB\" \/>\n<meta property=\"og:type\" content=\"article\" \/>\n<meta property=\"og:title\" content=\"Lady Gaga regresa a Barcelona con The MAYHEM Ball, su nueva gira mundial\" \/>\n<meta property=\"og:description\" content=\"Despu\u00e9s de siete a\u00f1os, la artista internacional Lady Gaga, vuelve al Palau Sant Jordi con dos noches \u00e9picas\" \/>\n<meta property=\"og:url\" content=\"https:\/\/unaymilletras.com\/en\/lady-gaga-regresa-a-barcelona-con-the-mayhem-ball-su-nueva-gira-mundial\/\" \/>\n<meta property=\"og:site_name\" content=\"Una y Mil Letras\" \/>\n<meta property=\"article:published_time\" content=\"2025-08-25T17:23:32+00:00\" \/>\n<meta property=\"article:modified_time\" content=\"2025-10-06T17:23:54+00:00\" \/>\n<meta property=\"og:image\" content=\"http:\/\/unaymilletras.com\/wp-content\/uploads\/2025\/10\/lg-monitor-1920x1080-1.jpg\" \/>\n\t<meta property=\"og:image:width\" content=\"978\" \/>\n\t<meta property=\"og:image:height\" content=\"550\" \/>\n\t<meta property=\"og:image:type\" content=\"image\/jpeg\" \/>\n<meta name=\"author\" content=\"Maria Gil Robledo\" \/>\n<meta name=\"twitter:card\" content=\"summary_large_image\" \/>\n<meta name=\"twitter:creator\" content=\"@UnaYMilLetras\" \/>\n<meta name=\"twitter:site\" content=\"@UnaYMilLetras\" \/>\n<meta name=\"twitter:label1\" content=\"Written by\" \/>\n\t<meta name=\"twitter:data1\" content=\"Maria Gil Robledo\" \/>\n\t<meta name=\"twitter:label2\" content=\"Estimated reading time\" \/>\n\t<meta name=\"twitter:data2\" content=\"3 minutes\" \/>\n<script type=\"application\/ld+json\" class=\"yoast-schema-graph\">{\"@context\":\"https:\\\/\\\/schema.org\",\"@graph\":[{\"@type\":\"Article\",\"@id\":\"https:\\\/\\\/unaymilletras.com\\\/lady-gaga-regresa-a-barcelona-con-the-mayhem-ball-su-nueva-gira-mundial\\\/#article\",\"isPartOf\":{\"@id\":\"https:\\\/\\\/unaymilletras.com\\\/lady-gaga-regresa-a-barcelona-con-the-mayhem-ball-su-nueva-gira-mundial\\\/\"},\"author\":{\"name\":\"Maria Gil Robledo\",\"@id\":\"http:\\\/\\\/unaymilletras.com\\\/#\\\/schema\\\/person\\\/d55ba681b8a4e463d8982dbe36a5dc94\"},\"headline\":\"Lady Gaga regresa a Barcelona con The MAYHEM Ball, su nueva gira mundial\",\"datePublished\":\"2025-08-25T17:23:32+00:00\",\"dateModified\":\"2025-10-06T17:23:54+00:00\",\"mainEntityOfPage\":{\"@id\":\"https:\\\/\\\/unaymilletras.com\\\/lady-gaga-regresa-a-barcelona-con-the-mayhem-ball-su-nueva-gira-mundial\\\/\"},\"wordCount\":484,\"publisher\":{\"@id\":\"http:\\\/\\\/unaymilletras.com\\\/#organization\"},\"image\":{\"@id\":\"https:\\\/\\\/unaymilletras.com\\\/lady-gaga-regresa-a-barcelona-con-the-mayhem-ball-su-nueva-gira-mundial\\\/#primaryimage\"},\"thumbnailUrl\":\"https:\\\/\\\/unaymilletras.com\\\/wp-content\\\/uploads\\\/2025\\\/10\\\/lg-monitor-1920x1080-1.jpg\",\"articleSection\":[\"Uncategorized\"],\"inLanguage\":\"en-GB\"},{\"@type\":\"WebPage\",\"@id\":\"https:\\\/\\\/unaymilletras.com\\\/lady-gaga-regresa-a-barcelona-con-the-mayhem-ball-su-nueva-gira-mundial\\\/\",\"url\":\"https:\\\/\\\/unaymilletras.com\\\/lady-gaga-regresa-a-barcelona-con-the-mayhem-ball-su-nueva-gira-mundial\\\/\",\"name\":\"Lady Gaga regresa a Barcelona con The MAYHEM Ball, su nueva gira mundial\",\"isPartOf\":{\"@id\":\"http:\\\/\\\/unaymilletras.com\\\/#website\"},\"primaryImageOfPage\":{\"@id\":\"https:\\\/\\\/unaymilletras.com\\\/lady-gaga-regresa-a-barcelona-con-the-mayhem-ball-su-nueva-gira-mundial\\\/#primaryimage\"},\"image\":{\"@id\":\"https:\\\/\\\/unaymilletras.com\\\/lady-gaga-regresa-a-barcelona-con-the-mayhem-ball-su-nueva-gira-mundial\\\/#primaryimage\"},\"thumbnailUrl\":\"https:\\\/\\\/unaymilletras.com\\\/wp-content\\\/uploads\\\/2025\\\/10\\\/lg-monitor-1920x1080-1.jpg\",\"datePublished\":\"2025-08-25T17:23:32+00:00\",\"dateModified\":\"2025-10-06T17:23:54+00:00\",\"description\":\"Despu\u00e9s de siete a\u00f1os, la artista internacional Lady Gaga, vuelve al Palau Sant Jordi con dos noches \u00e9picas\",\"breadcrumb\":{\"@id\":\"https:\\\/\\\/unaymilletras.com\\\/lady-gaga-regresa-a-barcelona-con-the-mayhem-ball-su-nueva-gira-mundial\\\/#breadcrumb\"},\"inLanguage\":\"en-GB\",\"potentialAction\":[{\"@type\":\"ReadAction\",\"target\":[\"https:\\\/\\\/unaymilletras.com\\\/lady-gaga-regresa-a-barcelona-con-the-mayhem-ball-su-nueva-gira-mundial\\\/\"]}]},{\"@type\":\"ImageObject\",\"inLanguage\":\"en-GB\",\"@id\":\"https:\\\/\\\/unaymilletras.com\\\/lady-gaga-regresa-a-barcelona-con-the-mayhem-ball-su-nueva-gira-mundial\\\/#primaryimage\",\"url\":\"https:\\\/\\\/unaymilletras.com\\\/wp-content\\\/uploads\\\/2025\\\/10\\\/lg-monitor-1920x1080-1.jpg\",\"contentUrl\":\"https:\\\/\\\/unaymilletras.com\\\/wp-content\\\/uploads\\\/2025\\\/10\\\/lg-monitor-1920x1080-1.jpg\",\"width\":978,\"height\":550,\"caption\":\"Lady Gaga\"},{\"@type\":\"BreadcrumbList\",\"@id\":\"https:\\\/\\\/unaymilletras.com\\\/lady-gaga-regresa-a-barcelona-con-the-mayhem-ball-su-nueva-gira-mundial\\\/#breadcrumb\",\"itemListElement\":[{\"@type\":\"ListItem\",\"position\":1,\"name\":\"Home\",\"item\":\"http:\\\/\\\/unaymilletras.com\\\/\"},{\"@type\":\"ListItem\",\"position\":2,\"name\":\"Lady Gaga regresa a Barcelona con The MAYHEM Ball, su nueva gira mundial\"}]},{\"@type\":\"WebSite\",\"@id\":\"http:\\\/\\\/unaymilletras.com\\\/#website\",\"url\":\"http:\\\/\\\/unaymilletras.com\\\/\",\"name\":\"Una y Mil Letras\",\"description\":\"\",\"publisher\":{\"@id\":\"http:\\\/\\\/unaymilletras.com\\\/#organization\"},\"potentialAction\":[{\"@type\":\"SearchAction\",\"target\":{\"@type\":\"EntryPoint\",\"urlTemplate\":\"http:\\\/\\\/unaymilletras.com\\\/?s={search_term_string}\"},\"query-input\":{\"@type\":\"PropertyValueSpecification\",\"valueRequired\":true,\"valueName\":\"search_term_string\"}}],\"inLanguage\":\"en-GB\"},{\"@type\":\"Organization\",\"@id\":\"http:\\\/\\\/unaymilletras.com\\\/#organization\",\"name\":\"Una y Mil Letras\",\"url\":\"http:\\\/\\\/unaymilletras.com\\\/\",\"logo\":{\"@type\":\"ImageObject\",\"inLanguage\":\"en-GB\",\"@id\":\"http:\\\/\\\/unaymilletras.com\\\/#\\\/schema\\\/logo\\\/image\\\/\",\"url\":\"https:\\\/\\\/unaymilletras.com\\\/wp-content\\\/uploads\\\/2024\\\/06\\\/cropped-Logo-removebg-preview.png\",\"contentUrl\":\"https:\\\/\\\/unaymilletras.com\\\/wp-content\\\/uploads\\\/2024\\\/06\\\/cropped-Logo-removebg-preview.png\",\"width\":512,\"height\":512,\"caption\":\"Una y Mil Letras\"},\"image\":{\"@id\":\"http:\\\/\\\/unaymilletras.com\\\/#\\\/schema\\\/logo\\\/image\\\/\"},\"sameAs\":[\"https:\\\/\\\/x.com\\\/UnaYMilLetras\",\"https:\\\/\\\/instagram.com\\\/UnaYMilLetras\"]},{\"@type\":\"Person\",\"@id\":\"http:\\\/\\\/unaymilletras.com\\\/#\\\/schema\\\/person\\\/d55ba681b8a4e463d8982dbe36a5dc94\",\"name\":\"Maria Gil Robledo\",\"image\":{\"@type\":\"ImageObject\",\"inLanguage\":\"en-GB\",\"@id\":\"https:\\\/\\\/secure.gravatar.com\\\/avatar\\\/4b8e5102e0015789407eb4870b12f0f2857952d83ca124058f92b764bd1840c3?s=96&d=mm&r=g\",\"url\":\"https:\\\/\\\/secure.gravatar.com\\\/avatar\\\/4b8e5102e0015789407eb4870b12f0f2857952d83ca124058f92b764bd1840c3?s=96&d=mm&r=g\",\"contentUrl\":\"https:\\\/\\\/secure.gravatar.com\\\/avatar\\\/4b8e5102e0015789407eb4870b12f0f2857952d83ca124058f92b764bd1840c3?s=96&d=mm&r=g\",\"caption\":\"Maria Gil Robledo\"},\"sameAs\":[\"http:\\\/\\\/unaymilletras.com\"],\"url\":\"https:\\\/\\\/unaymilletras.com\\\/en\\\/author\\\/mariiagiil02_\\\/\"}]}<\/script>\n<!-- \/ Yoast SEO plugin. -->","yoast_head_json":{"title":"Lady Gaga regresa a Barcelona con The MAYHEM Ball, su nueva gira mundial","description":"Despu\u00e9s de siete a\u00f1os, la artista internacional Lady Gaga, vuelve al Palau Sant Jordi con dos noches \u00e9picas","robots":{"index":"index","follow":"follow","max-snippet":"max-snippet:-1","max-image-preview":"max-image-preview:large","max-video-preview":"max-video-preview:-1"},"canonical":"https:\/\/unaymilletras.com\/en\/lady-gaga-regresa-a-barcelona-con-the-mayhem-ball-su-nueva-gira-mundial\/","og_locale":"en_GB","og_type":"article","og_title":"Lady Gaga regresa a Barcelona con The MAYHEM Ball, su nueva gira mundial","og_description":"Despu\u00e9s de siete a\u00f1os, la artista internacional Lady Gaga, vuelve al Palau Sant Jordi con dos noches \u00e9picas","og_url":"https:\/\/unaymilletras.com\/en\/lady-gaga-regresa-a-barcelona-con-the-mayhem-ball-su-nueva-gira-mundial\/","og_site_name":"Una y Mil Letras","article_published_time":"2025-08-25T17:23:32+00:00","article_modified_time":"2025-10-06T17:23:54+00:00","og_image":[{"width":978,"height":550,"url":"http:\/\/unaymilletras.com\/wp-content\/uploads\/2025\/10\/lg-monitor-1920x1080-1.jpg","type":"image\/jpeg"}],"author":"Maria Gil Robledo","twitter_card":"summary_large_image","twitter_creator":"@UnaYMilLetras","twitter_site":"@UnaYMilLetras","twitter_misc":{"Written by":"Maria Gil Robledo","Estimated reading time":"3 minutes"},"schema":{"@context":"https:\/\/schema.org","@graph":[{"@type":"Article","@id":"https:\/\/unaymilletras.com\/lady-gaga-regresa-a-barcelona-con-the-mayhem-ball-su-nueva-gira-mundial\/#article","isPartOf":{"@id":"https:\/\/unaymilletras.com\/lady-gaga-regresa-a-barcelona-con-the-mayhem-ball-su-nueva-gira-mundial\/"},"author":{"name":"Maria Gil Robledo","@id":"http:\/\/unaymilletras.com\/#\/schema\/person\/d55ba681b8a4e463d8982dbe36a5dc94"},"headline":"Lady Gaga regresa a Barcelona con The MAYHEM Ball, su nueva gira mundial","datePublished":"2025-08-25T17:23:32+00:00","dateModified":"2025-10-06T17:23:54+00:00","mainEntityOfPage":{"@id":"https:\/\/unaymilletras.com\/lady-gaga-regresa-a-barcelona-con-the-mayhem-ball-su-nueva-gira-mundial\/"},"wordCount":484,"publisher":{"@id":"http:\/\/unaymilletras.com\/#organization"},"image":{"@id":"https:\/\/unaymilletras.com\/lady-gaga-regresa-a-barcelona-con-the-mayhem-ball-su-nueva-gira-mundial\/#primaryimage"},"thumbnailUrl":"https:\/\/unaymilletras.com\/wp-content\/uploads\/2025\/10\/lg-monitor-1920x1080-1.jpg","articleSection":["Uncategorized"],"inLanguage":"en-GB"},{"@type":"WebPage","@id":"https:\/\/unaymilletras.com\/lady-gaga-regresa-a-barcelona-con-the-mayhem-ball-su-nueva-gira-mundial\/","url":"https:\/\/unaymilletras.com\/lady-gaga-regresa-a-barcelona-con-the-mayhem-ball-su-nueva-gira-mundial\/","name":"Lady Gaga regresa a Barcelona con The MAYHEM Ball, su nueva gira mundial","isPartOf":{"@id":"http:\/\/unaymilletras.com\/#website"},"primaryImageOfPage":{"@id":"https:\/\/unaymilletras.com\/lady-gaga-regresa-a-barcelona-con-the-mayhem-ball-su-nueva-gira-mundial\/#primaryimage"},"image":{"@id":"https:\/\/unaymilletras.com\/lady-gaga-regresa-a-barcelona-con-the-mayhem-ball-su-nueva-gira-mundial\/#primaryimage"},"thumbnailUrl":"https:\/\/unaymilletras.com\/wp-content\/uploads\/2025\/10\/lg-monitor-1920x1080-1.jpg","datePublished":"2025-08-25T17:23:32+00:00","dateModified":"2025-10-06T17:23:54+00:00","description":"Despu\u00e9s de siete a\u00f1os, la artista internacional Lady Gaga, vuelve al Palau Sant Jordi con dos noches \u00e9picas","breadcrumb":{"@id":"https:\/\/unaymilletras.com\/lady-gaga-regresa-a-barcelona-con-the-mayhem-ball-su-nueva-gira-mundial\/#breadcrumb"},"inLanguage":"en-GB","potentialAction":[{"@type":"ReadAction","target":["https:\/\/unaymilletras.com\/lady-gaga-regresa-a-barcelona-con-the-mayhem-ball-su-nueva-gira-mundial\/"]}]},{"@type":"ImageObject","inLanguage":"en-GB","@id":"https:\/\/unaymilletras.com\/lady-gaga-regresa-a-barcelona-con-the-mayhem-ball-su-nueva-gira-mundial\/#primaryimage","url":"https:\/\/unaymilletras.com\/wp-content\/uploads\/2025\/10\/lg-monitor-1920x1080-1.jpg","contentUrl":"https:\/\/unaymilletras.com\/wp-content\/uploads\/2025\/10\/lg-monitor-1920x1080-1.jpg","width":978,"height":550,"caption":"Lady Gaga"},{"@type":"BreadcrumbList","@id":"https:\/\/unaymilletras.com\/lady-gaga-regresa-a-barcelona-con-the-mayhem-ball-su-nueva-gira-mundial\/#breadcrumb","itemListElement":[{"@type":"ListItem","position":1,"name":"Home","item":"http:\/\/unaymilletras.com\/"},{"@type":"ListItem","position":2,"name":"Lady Gaga regresa a Barcelona con The MAYHEM Ball, su nueva gira mundial"}]},{"@type":"WebSite","@id":"http:\/\/unaymilletras.com\/#website","url":"http:\/\/unaymilletras.com\/","name":"Una y Mil Letras","description":"","publisher":{"@id":"http:\/\/unaymilletras.com\/#organization"},"potentialAction":[{"@type":"SearchAction","target":{"@type":"EntryPoint","urlTemplate":"http:\/\/unaymilletras.com\/?s={search_term_string}"},"query-input":{"@type":"PropertyValueSpecification","valueRequired":true,"valueName":"search_term_string"}}],"inLanguage":"en-GB"},{"@type":"Organization","@id":"http:\/\/unaymilletras.com\/#organization","name":"Una y Mil Letras","url":"http:\/\/unaymilletras.com\/","logo":{"@type":"ImageObject","inLanguage":"en-GB","@id":"http:\/\/unaymilletras.com\/#\/schema\/logo\/image\/","url":"https:\/\/unaymilletras.com\/wp-content\/uploads\/2024\/06\/cropped-Logo-removebg-preview.png","contentUrl":"https:\/\/unaymilletras.com\/wp-content\/uploads\/2024\/06\/cropped-Logo-removebg-preview.png","width":512,"height":512,"caption":"Una y Mil Letras"},"image":{"@id":"http:\/\/unaymilletras.com\/#\/schema\/logo\/image\/"},"sameAs":["https:\/\/x.com\/UnaYMilLetras","https:\/\/instagram.com\/UnaYMilLetras"]},{"@type":"Person","@id":"http:\/\/unaymilletras.com\/#\/schema\/person\/d55ba681b8a4e463d8982dbe36a5dc94","name":"Maria Gil Robledo","image":{"@type":"ImageObject","inLanguage":"en-GB","@id":"https:\/\/secure.gravatar.com\/avatar\/4b8e5102e0015789407eb4870b12f0f2857952d83ca124058f92b764bd1840c3?s=96&d=mm&r=g","url":"https:\/\/secure.gravatar.com\/avatar\/4b8e5102e0015789407eb4870b12f0f2857952d83ca124058f92b764bd1840c3?s=96&d=mm&r=g","contentUrl":"https:\/\/secure.gravatar.com\/avatar\/4b8e5102e0015789407eb4870b12f0f2857952d83ca124058f92b764bd1840c3?s=96&d=mm&r=g","caption":"Maria Gil Robledo"},"sameAs":["http:\/\/unaymilletras.com"],"url":"https:\/\/unaymilletras.com\/en\/author\/mariiagiil02_\/"}]}},"_links":{"self":[{"href":"https:\/\/unaymilletras.com\/en\/wp-json\/wp\/v2\/posts\/5883","targetHints":{"allow":["GET"]}}],"collection":[{"href":"https:\/\/unaymilletras.com\/en\/wp-json\/wp\/v2\/posts"}],"about":[{"href":"https:\/\/unaymilletras.com\/en\/wp-json\/wp\/v2\/types\/post"}],"author":[{"embeddable":true,"href":"https:\/\/unaymilletras.com\/en\/wp-json\/wp\/v2\/users\/1"}],"replies":[{"embeddable":true,"href":"https:\/\/unaymilletras.com\/en\/wp-json\/wp\/v2\/comments?post=5883"}],"version-history":[{"count":4,"href":"https:\/\/unaymilletras.com\/en\/wp-json\/wp\/v2\/posts\/5883\/revisions"}],"predecessor-version":[{"id":5888,"href":"https:\/\/unaymilletras.com\/en\/wp-json\/wp\/v2\/posts\/5883\/revisions\/5888"}],"wp:featuredmedia":[{"embeddable":true,"href":"https:\/\/unaymilletras.com\/en\/wp-json\/wp\/v2\/media\/5885"}],"wp:attachment":[{"href":"https:\/\/unaymilletras.com\/en\/wp-json\/wp\/v2\/media?parent=5883"}],"wp:term":[{"taxonomy":"category","embeddable":true,"href":"https:\/\/unaymilletras.com\/en\/wp-json\/wp\/v2\/categories?post=5883"},{"taxonomy":"post_tag","embeddable":true,"href":"https:\/\/unaymilletras.com\/en\/wp-json\/wp\/v2\/tags?post=5883"}],"curies":[{"name":"wp","href":"https:\/\/api.w.org\/{rel}","templated":true}]}}