{"id":5890,"date":"2025-10-07T00:29:25","date_gmt":"2025-10-06T22:29:25","guid":{"rendered":"https:\/\/unaymilletras.com\/?p=5890"},"modified":"2025-10-07T00:29:26","modified_gmt":"2025-10-06T22:29:26","slug":"myke-towers-une-fuerzas-con-kris-r-y-aleman-en-k-hubo-ps-mor-un-golpe-de-calle-y-estilo-latino","status":"publish","type":"post","link":"https:\/\/unaymilletras.com\/en\/myke-towers-une-fuerzas-con-kris-r-y-aleman-en-k-hubo-ps-mor-un-golpe-de-calle-y-estilo-latino\/","title":{"rendered":"Myke Towers une fuerzas con Kris R y Alem\u00e1n en \u201cK Hubo Ps mor\u201d, un golpe de calle y estilo latino"},"content":{"rendered":"<p><strong><em>El nuevo lanzamiento de Myke Towers forma una alianza entre Puerto Rico, Colombia y M\u00e9xico que redefine el sonido de la calle<\/em><\/strong><\/p>\n\n\n\n<p>Myke Towers contin\u00faa lanzando m\u00fasica sin cesar y esta vez se trata de una colaboraci\u00f3n llamada <strong>\u201cK Hubo Ps mor\u201d<\/strong>, junto al colombiano <strong>Kris R<\/strong> y el mexicano <strong>Alem\u00e1n<\/strong>. Entre los muchos estilos en los que el &#8216;YoungKingz&#8217; destaca, esta vez opt\u00f3 por uno de sus favoritos y el de sus fan\u00e1ticos, con ese sonido directo para la calle. Los artistas colaboradores encajan con ese estandarte en sus respectivos pa\u00edses. De esta manera, se convierte esta canci\u00f3n en una propuesta contundente donde el orgullo de origen, la calle y el ritmo sirven como hilo conductor. Myke aporta su caracter\u00edstico flow mel\u00f3dico, Kris R entrega un verso cargado de precisi\u00f3n y energ\u00eda, mientras que Alem\u00e1n aporta la crudeza y el peso que lo convirtieron en referente del rap mexicano.<\/p>\n\n\n\n<p>Los propios artistas describieron su creaci\u00f3n como una conversaci\u00f3n sonora entre generaciones y acentos. <strong>\u201cK Hubo Ps mor\u201d<\/strong> refuerza la versatilidad art\u00edstica de Myke Towers, quien viene de consolidar el \u00e9xito de su \u00e1lbum <em>Island Boyz<\/em>. Tambi\u00e9n coloc\u00f3 sencillos como <em>\u201cSoleao\u201d<\/em> y <em>\u201cTengo Celos\u201d<\/em> entre las canciones m\u00e1s escuchadas del momento. En esta ocasi\u00f3n, el artista puertorrique\u00f1o regresa a sus ra\u00edces m\u00e1s puras, con letras afiladas y un beat sin concesiones.<\/p>\n\n\n\n<p>Adem\u00e1s de su nuevo sencillo, Myke sorprendi\u00f3 a sus seguidores con el lanzamiento de <strong>Myke Towers x Baez<\/strong>. Esta es una <strong>colecci\u00f3n c\u00e1psula de gorras dise\u00f1adas junto al mexicano Kiko Baez<\/strong>. La l\u00ednea, compuesta por cuatro modelos inspirados en distintas etapas de su carrera, incluye detalles en cuero, bordados 3D, cristales Swarovski y un chip NFC que conecta directamente con Spotify. Estas se lanzaron el <strong>27 de septiembre<\/strong> y se agotaron en cuesti\u00f3n de horas. Parte de las ganancias ser\u00e1n destinadas a la <strong>Young Kingz Foundation<\/strong>, organizaci\u00f3n que apoya proyectos juveniles en comunidades vulnerables. Con dicha acci\u00f3n, Myke contribuye al impacto social desde la cultura urbana.<\/p>\n\n\n\n<p><\/p>","protected":false},"excerpt":{"rendered":"<p>El nuevo lanzamiento de Myke Towers forma una alianza entre Puerto Rico, Colombia y M\u00e9xico que redefine el sonido de la calle Myke Towers contin\u00faa lanzando m\u00fasica sin cesar y esta vez se trata de una colaboraci\u00f3n llamada \u201cK Hubo Ps mor\u201d, junto al colombiano Kris R y el mexicano Alem\u00e1n. Entre los muchos estilos [&hellip;]<\/p>\n","protected":false},"author":10,"featured_media":5891,"comment_status":"closed","ping_status":"closed","sticky":false,"template":"","format":"standard","meta":{"footnotes":""},"categories":[4],"tags":[221,223,222,220,169,123],"class_list":["post-5890","post","type-post","status-publish","format-standard","has-post-thumbnail","hentry","category-musica","tag-aleman","tag-gorras","tag-k-hubo-ps-mor","tag-kris-r","tag-musica","tag-myke-towers"],"yoast_head":"<!-- This site is optimized with the Yoast SEO plugin v27.4 - https:\/\/yoast.com\/product\/yoast-seo-wordpress\/ -->\n<title>Myke Towers une fuerzas con Kris R y Alem\u00e1n en \u201cK Hubo Ps mor\u201d, un golpe de calle y estilo latino &#8902; Una y Mil Letras<\/title>\n<meta name=\"description\" content=\"El nuevo lanzamiento de Myke Towers forma una alianza entre Puerto Rico, Colombia y M\u00e9xico que redefine el sonido de la calle\" \/>\n<meta name=\"robots\" content=\"index, follow, max-snippet:-1, max-image-preview:large, max-video-preview:-1\" \/>\n<link rel=\"canonical\" href=\"https:\/\/unaymilletras.com\/en\/myke-towers-une-fuerzas-con-kris-r-y-aleman-en-k-hubo-ps-mor-un-golpe-de-calle-y-estilo-latino\/\" \/>\n<meta property=\"og:locale\" content=\"en_GB\" \/>\n<meta property=\"og:type\" content=\"article\" \/>\n<meta property=\"og:title\" content=\"Myke Towers une fuerzas con Kris R y Alem\u00e1n en \u201cK Hubo Ps mor\u201d, un golpe de calle y estilo latino &#8902; Una y Mil Letras\" \/>\n<meta property=\"og:description\" content=\"El nuevo lanzamiento de Myke Towers forma una alianza entre Puerto Rico, Colombia y M\u00e9xico que redefine el sonido de la calle\" \/>\n<meta property=\"og:url\" content=\"https:\/\/unaymilletras.com\/en\/myke-towers-une-fuerzas-con-kris-r-y-aleman-en-k-hubo-ps-mor-un-golpe-de-calle-y-estilo-latino\/\" \/>\n<meta property=\"og:site_name\" content=\"Una y Mil Letras\" \/>\n<meta property=\"article:published_time\" content=\"2025-10-06T22:29:25+00:00\" \/>\n<meta property=\"article:modified_time\" content=\"2025-10-06T22:29:26+00:00\" \/>\n<meta property=\"og:image\" content=\"http:\/\/unaymilletras.com\/wp-content\/uploads\/2025\/10\/MYKE-TOWERS.jpeg\" \/>\n\t<meta property=\"og:image:width\" content=\"524\" \/>\n\t<meta property=\"og:image:height\" content=\"802\" \/>\n\t<meta property=\"og:image:type\" content=\"image\/jpeg\" \/>\n<meta name=\"author\" content=\"David Hern\u00e1ndez\" \/>\n<meta name=\"twitter:card\" content=\"summary_large_image\" \/>\n<meta name=\"twitter:creator\" content=\"@UnaYMilLetras\" \/>\n<meta name=\"twitter:site\" content=\"@UnaYMilLetras\" \/>\n<meta name=\"twitter:label1\" content=\"Written by\" \/>\n\t<meta name=\"twitter:data1\" content=\"David Hern\u00e1ndez\" \/>\n\t<meta name=\"twitter:label2\" content=\"Estimated reading time\" \/>\n\t<meta name=\"twitter:data2\" content=\"2 minutes\" \/>\n<script type=\"application\/ld+json\" class=\"yoast-schema-graph\">{\"@context\":\"https:\\\/\\\/schema.org\",\"@graph\":[{\"@type\":\"Article\",\"@id\":\"https:\\\/\\\/unaymilletras.com\\\/myke-towers-une-fuerzas-con-kris-r-y-aleman-en-k-hubo-ps-mor-un-golpe-de-calle-y-estilo-latino\\\/#article\",\"isPartOf\":{\"@id\":\"https:\\\/\\\/unaymilletras.com\\\/myke-towers-une-fuerzas-con-kris-r-y-aleman-en-k-hubo-ps-mor-un-golpe-de-calle-y-estilo-latino\\\/\"},\"author\":{\"name\":\"David Hern\u00e1ndez\",\"@id\":\"http:\\\/\\\/unaymilletras.com\\\/#\\\/schema\\\/person\\\/0c171c80bc49a58d7a8ed3394548370c\"},\"headline\":\"Myke Towers une fuerzas con Kris R y Alem\u00e1n en \u201cK Hubo Ps mor\u201d, un golpe de calle y estilo latino\",\"datePublished\":\"2025-10-06T22:29:25+00:00\",\"dateModified\":\"2025-10-06T22:29:26+00:00\",\"mainEntityOfPage\":{\"@id\":\"https:\\\/\\\/unaymilletras.com\\\/myke-towers-une-fuerzas-con-kris-r-y-aleman-en-k-hubo-ps-mor-un-golpe-de-calle-y-estilo-latino\\\/\"},\"wordCount\":379,\"publisher\":{\"@id\":\"http:\\\/\\\/unaymilletras.com\\\/#organization\"},\"image\":{\"@id\":\"https:\\\/\\\/unaymilletras.com\\\/myke-towers-une-fuerzas-con-kris-r-y-aleman-en-k-hubo-ps-mor-un-golpe-de-calle-y-estilo-latino\\\/#primaryimage\"},\"thumbnailUrl\":\"https:\\\/\\\/unaymilletras.com\\\/wp-content\\\/uploads\\\/2025\\\/10\\\/MYKE-TOWERS.jpeg\",\"keywords\":[\"Aleman\",\"Gorras\",\"K Hubo Ps mor\",\"Kris R\",\"musica\",\"myke towers\"],\"articleSection\":[\"M\u00fasica\"],\"inLanguage\":\"en-GB\"},{\"@type\":\"WebPage\",\"@id\":\"https:\\\/\\\/unaymilletras.com\\\/myke-towers-une-fuerzas-con-kris-r-y-aleman-en-k-hubo-ps-mor-un-golpe-de-calle-y-estilo-latino\\\/\",\"url\":\"https:\\\/\\\/unaymilletras.com\\\/myke-towers-une-fuerzas-con-kris-r-y-aleman-en-k-hubo-ps-mor-un-golpe-de-calle-y-estilo-latino\\\/\",\"name\":\"Myke Towers une fuerzas con Kris R y Alem\u00e1n en \u201cK Hubo Ps mor\u201d, un golpe de calle y estilo latino &#8902; Una y Mil Letras\",\"isPartOf\":{\"@id\":\"http:\\\/\\\/unaymilletras.com\\\/#website\"},\"primaryImageOfPage\":{\"@id\":\"https:\\\/\\\/unaymilletras.com\\\/myke-towers-une-fuerzas-con-kris-r-y-aleman-en-k-hubo-ps-mor-un-golpe-de-calle-y-estilo-latino\\\/#primaryimage\"},\"image\":{\"@id\":\"https:\\\/\\\/unaymilletras.com\\\/myke-towers-une-fuerzas-con-kris-r-y-aleman-en-k-hubo-ps-mor-un-golpe-de-calle-y-estilo-latino\\\/#primaryimage\"},\"thumbnailUrl\":\"https:\\\/\\\/unaymilletras.com\\\/wp-content\\\/uploads\\\/2025\\\/10\\\/MYKE-TOWERS.jpeg\",\"datePublished\":\"2025-10-06T22:29:25+00:00\",\"dateModified\":\"2025-10-06T22:29:26+00:00\",\"description\":\"El nuevo lanzamiento de Myke Towers forma una alianza entre Puerto Rico, Colombia y M\u00e9xico que redefine el sonido de la calle\",\"breadcrumb\":{\"@id\":\"https:\\\/\\\/unaymilletras.com\\\/myke-towers-une-fuerzas-con-kris-r-y-aleman-en-k-hubo-ps-mor-un-golpe-de-calle-y-estilo-latino\\\/#breadcrumb\"},\"inLanguage\":\"en-GB\",\"potentialAction\":[{\"@type\":\"ReadAction\",\"target\":[\"https:\\\/\\\/unaymilletras.com\\\/myke-towers-une-fuerzas-con-kris-r-y-aleman-en-k-hubo-ps-mor-un-golpe-de-calle-y-estilo-latino\\\/\"]}]},{\"@type\":\"ImageObject\",\"inLanguage\":\"en-GB\",\"@id\":\"https:\\\/\\\/unaymilletras.com\\\/myke-towers-une-fuerzas-con-kris-r-y-aleman-en-k-hubo-ps-mor-un-golpe-de-calle-y-estilo-latino\\\/#primaryimage\",\"url\":\"https:\\\/\\\/unaymilletras.com\\\/wp-content\\\/uploads\\\/2025\\\/10\\\/MYKE-TOWERS.jpeg\",\"contentUrl\":\"https:\\\/\\\/unaymilletras.com\\\/wp-content\\\/uploads\\\/2025\\\/10\\\/MYKE-TOWERS.jpeg\",\"width\":524,\"height\":802,\"caption\":\"Myke Towers presenta su nueva colaboraci\u00f3n\"},{\"@type\":\"BreadcrumbList\",\"@id\":\"https:\\\/\\\/unaymilletras.com\\\/myke-towers-une-fuerzas-con-kris-r-y-aleman-en-k-hubo-ps-mor-un-golpe-de-calle-y-estilo-latino\\\/#breadcrumb\",\"itemListElement\":[{\"@type\":\"ListItem\",\"position\":1,\"name\":\"Home\",\"item\":\"http:\\\/\\\/unaymilletras.com\\\/\"},{\"@type\":\"ListItem\",\"position\":2,\"name\":\"Myke Towers une fuerzas con Kris R y Alem\u00e1n en \u201cK Hubo Ps mor\u201d, un golpe de calle y estilo latino\"}]},{\"@type\":\"WebSite\",\"@id\":\"http:\\\/\\\/unaymilletras.com\\\/#website\",\"url\":\"http:\\\/\\\/unaymilletras.com\\\/\",\"name\":\"Una y Mil Letras\",\"description\":\"\",\"publisher\":{\"@id\":\"http:\\\/\\\/unaymilletras.com\\\/#organization\"},\"potentialAction\":[{\"@type\":\"SearchAction\",\"target\":{\"@type\":\"EntryPoint\",\"urlTemplate\":\"http:\\\/\\\/unaymilletras.com\\\/?s={search_term_string}\"},\"query-input\":{\"@type\":\"PropertyValueSpecification\",\"valueRequired\":true,\"valueName\":\"search_term_string\"}}],\"inLanguage\":\"en-GB\"},{\"@type\":\"Organization\",\"@id\":\"http:\\\/\\\/unaymilletras.com\\\/#organization\",\"name\":\"Una y Mil Letras\",\"url\":\"http:\\\/\\\/unaymilletras.com\\\/\",\"logo\":{\"@type\":\"ImageObject\",\"inLanguage\":\"en-GB\",\"@id\":\"http:\\\/\\\/unaymilletras.com\\\/#\\\/schema\\\/logo\\\/image\\\/\",\"url\":\"https:\\\/\\\/unaymilletras.com\\\/wp-content\\\/uploads\\\/2024\\\/06\\\/cropped-Logo-removebg-preview.png\",\"contentUrl\":\"https:\\\/\\\/unaymilletras.com\\\/wp-content\\\/uploads\\\/2024\\\/06\\\/cropped-Logo-removebg-preview.png\",\"width\":512,\"height\":512,\"caption\":\"Una y Mil Letras\"},\"image\":{\"@id\":\"http:\\\/\\\/unaymilletras.com\\\/#\\\/schema\\\/logo\\\/image\\\/\"},\"sameAs\":[\"https:\\\/\\\/x.com\\\/UnaYMilLetras\",\"https:\\\/\\\/instagram.com\\\/UnaYMilLetras\"]},{\"@type\":\"Person\",\"@id\":\"http:\\\/\\\/unaymilletras.com\\\/#\\\/schema\\\/person\\\/0c171c80bc49a58d7a8ed3394548370c\",\"name\":\"David Hern\u00e1ndez\",\"image\":{\"@type\":\"ImageObject\",\"inLanguage\":\"en-GB\",\"@id\":\"https:\\\/\\\/secure.gravatar.com\\\/avatar\\\/86739d73874dcbc11e4278af33fb905704f5c29329727efb3b0e0bc838b0d469?s=96&d=mm&r=g\",\"url\":\"https:\\\/\\\/secure.gravatar.com\\\/avatar\\\/86739d73874dcbc11e4278af33fb905704f5c29329727efb3b0e0bc838b0d469?s=96&d=mm&r=g\",\"contentUrl\":\"https:\\\/\\\/secure.gravatar.com\\\/avatar\\\/86739d73874dcbc11e4278af33fb905704f5c29329727efb3b0e0bc838b0d469?s=96&d=mm&r=g\",\"caption\":\"David Hern\u00e1ndez\"},\"url\":\"https:\\\/\\\/unaymilletras.com\\\/en\\\/author\\\/davidesel\\\/\"}]}<\/script>\n<!-- \/ Yoast SEO plugin. -->","yoast_head_json":{"title":"Myke Towers une fuerzas con Kris R y Alem\u00e1n en \u201cK Hubo Ps mor\u201d, un golpe de calle y estilo latino &#8902; Una y Mil Letras","description":"El nuevo lanzamiento de Myke Towers forma una alianza entre Puerto Rico, Colombia y M\u00e9xico que redefine el sonido de la calle","robots":{"index":"index","follow":"follow","max-snippet":"max-snippet:-1","max-image-preview":"max-image-preview:large","max-video-preview":"max-video-preview:-1"},"canonical":"https:\/\/unaymilletras.com\/en\/myke-towers-une-fuerzas-con-kris-r-y-aleman-en-k-hubo-ps-mor-un-golpe-de-calle-y-estilo-latino\/","og_locale":"en_GB","og_type":"article","og_title":"Myke Towers une fuerzas con Kris R y Alem\u00e1n en \u201cK Hubo Ps mor\u201d, un golpe de calle y estilo latino &#8902; Una y Mil Letras","og_description":"El nuevo lanzamiento de Myke Towers forma una alianza entre Puerto Rico, Colombia y M\u00e9xico que redefine el sonido de la calle","og_url":"https:\/\/unaymilletras.com\/en\/myke-towers-une-fuerzas-con-kris-r-y-aleman-en-k-hubo-ps-mor-un-golpe-de-calle-y-estilo-latino\/","og_site_name":"Una y Mil Letras","article_published_time":"2025-10-06T22:29:25+00:00","article_modified_time":"2025-10-06T22:29:26+00:00","og_image":[{"width":524,"height":802,"url":"http:\/\/unaymilletras.com\/wp-content\/uploads\/2025\/10\/MYKE-TOWERS.jpeg","type":"image\/jpeg"}],"author":"David Hern\u00e1ndez","twitter_card":"summary_large_image","twitter_creator":"@UnaYMilLetras","twitter_site":"@UnaYMilLetras","twitter_misc":{"Written by":"David Hern\u00e1ndez","Estimated reading time":"2 minutes"},"schema":{"@context":"https:\/\/schema.org","@graph":[{"@type":"Article","@id":"https:\/\/unaymilletras.com\/myke-towers-une-fuerzas-con-kris-r-y-aleman-en-k-hubo-ps-mor-un-golpe-de-calle-y-estilo-latino\/#article","isPartOf":{"@id":"https:\/\/unaymilletras.com\/myke-towers-une-fuerzas-con-kris-r-y-aleman-en-k-hubo-ps-mor-un-golpe-de-calle-y-estilo-latino\/"},"author":{"name":"David Hern\u00e1ndez","@id":"http:\/\/unaymilletras.com\/#\/schema\/person\/0c171c80bc49a58d7a8ed3394548370c"},"headline":"Myke Towers une fuerzas con Kris R y Alem\u00e1n en \u201cK Hubo Ps mor\u201d, un golpe de calle y estilo latino","datePublished":"2025-10-06T22:29:25+00:00","dateModified":"2025-10-06T22:29:26+00:00","mainEntityOfPage":{"@id":"https:\/\/unaymilletras.com\/myke-towers-une-fuerzas-con-kris-r-y-aleman-en-k-hubo-ps-mor-un-golpe-de-calle-y-estilo-latino\/"},"wordCount":379,"publisher":{"@id":"http:\/\/unaymilletras.com\/#organization"},"image":{"@id":"https:\/\/unaymilletras.com\/myke-towers-une-fuerzas-con-kris-r-y-aleman-en-k-hubo-ps-mor-un-golpe-de-calle-y-estilo-latino\/#primaryimage"},"thumbnailUrl":"https:\/\/unaymilletras.com\/wp-content\/uploads\/2025\/10\/MYKE-TOWERS.jpeg","keywords":["Aleman","Gorras","K Hubo Ps mor","Kris R","musica","myke towers"],"articleSection":["M\u00fasica"],"inLanguage":"en-GB"},{"@type":"WebPage","@id":"https:\/\/unaymilletras.com\/myke-towers-une-fuerzas-con-kris-r-y-aleman-en-k-hubo-ps-mor-un-golpe-de-calle-y-estilo-latino\/","url":"https:\/\/unaymilletras.com\/myke-towers-une-fuerzas-con-kris-r-y-aleman-en-k-hubo-ps-mor-un-golpe-de-calle-y-estilo-latino\/","name":"Myke Towers une fuerzas con Kris R y Alem\u00e1n en \u201cK Hubo Ps mor\u201d, un golpe de calle y estilo latino &#8902; Una y Mil Letras","isPartOf":{"@id":"http:\/\/unaymilletras.com\/#website"},"primaryImageOfPage":{"@id":"https:\/\/unaymilletras.com\/myke-towers-une-fuerzas-con-kris-r-y-aleman-en-k-hubo-ps-mor-un-golpe-de-calle-y-estilo-latino\/#primaryimage"},"image":{"@id":"https:\/\/unaymilletras.com\/myke-towers-une-fuerzas-con-kris-r-y-aleman-en-k-hubo-ps-mor-un-golpe-de-calle-y-estilo-latino\/#primaryimage"},"thumbnailUrl":"https:\/\/unaymilletras.com\/wp-content\/uploads\/2025\/10\/MYKE-TOWERS.jpeg","datePublished":"2025-10-06T22:29:25+00:00","dateModified":"2025-10-06T22:29:26+00:00","description":"El nuevo lanzamiento de Myke Towers forma una alianza entre Puerto Rico, Colombia y M\u00e9xico que redefine el sonido de la calle","breadcrumb":{"@id":"https:\/\/unaymilletras.com\/myke-towers-une-fuerzas-con-kris-r-y-aleman-en-k-hubo-ps-mor-un-golpe-de-calle-y-estilo-latino\/#breadcrumb"},"inLanguage":"en-GB","potentialAction":[{"@type":"ReadAction","target":["https:\/\/unaymilletras.com\/myke-towers-une-fuerzas-con-kris-r-y-aleman-en-k-hubo-ps-mor-un-golpe-de-calle-y-estilo-latino\/"]}]},{"@type":"ImageObject","inLanguage":"en-GB","@id":"https:\/\/unaymilletras.com\/myke-towers-une-fuerzas-con-kris-r-y-aleman-en-k-hubo-ps-mor-un-golpe-de-calle-y-estilo-latino\/#primaryimage","url":"https:\/\/unaymilletras.com\/wp-content\/uploads\/2025\/10\/MYKE-TOWERS.jpeg","contentUrl":"https:\/\/unaymilletras.com\/wp-content\/uploads\/2025\/10\/MYKE-TOWERS.jpeg","width":524,"height":802,"caption":"Myke Towers presenta su nueva colaboraci\u00f3n"},{"@type":"BreadcrumbList","@id":"https:\/\/unaymilletras.com\/myke-towers-une-fuerzas-con-kris-r-y-aleman-en-k-hubo-ps-mor-un-golpe-de-calle-y-estilo-latino\/#breadcrumb","itemListElement":[{"@type":"ListItem","position":1,"name":"Home","item":"http:\/\/unaymilletras.com\/"},{"@type":"ListItem","position":2,"name":"Myke Towers une fuerzas con Kris R y Alem\u00e1n en \u201cK Hubo Ps mor\u201d, un golpe de calle y estilo latino"}]},{"@type":"WebSite","@id":"http:\/\/unaymilletras.com\/#website","url":"http:\/\/unaymilletras.com\/","name":"Una y Mil Letras","description":"","publisher":{"@id":"http:\/\/unaymilletras.com\/#organization"},"potentialAction":[{"@type":"SearchAction","target":{"@type":"EntryPoint","urlTemplate":"http:\/\/unaymilletras.com\/?s={search_term_string}"},"query-input":{"@type":"PropertyValueSpecification","valueRequired":true,"valueName":"search_term_string"}}],"inLanguage":"en-GB"},{"@type":"Organization","@id":"http:\/\/unaymilletras.com\/#organization","name":"Una y Mil Letras","url":"http:\/\/unaymilletras.com\/","logo":{"@type":"ImageObject","inLanguage":"en-GB","@id":"http:\/\/unaymilletras.com\/#\/schema\/logo\/image\/","url":"https:\/\/unaymilletras.com\/wp-content\/uploads\/2024\/06\/cropped-Logo-removebg-preview.png","contentUrl":"https:\/\/unaymilletras.com\/wp-content\/uploads\/2024\/06\/cropped-Logo-removebg-preview.png","width":512,"height":512,"caption":"Una y Mil Letras"},"image":{"@id":"http:\/\/unaymilletras.com\/#\/schema\/logo\/image\/"},"sameAs":["https:\/\/x.com\/UnaYMilLetras","https:\/\/instagram.com\/UnaYMilLetras"]},{"@type":"Person","@id":"http:\/\/unaymilletras.com\/#\/schema\/person\/0c171c80bc49a58d7a8ed3394548370c","name":"David Hern\u00e1ndez","image":{"@type":"ImageObject","inLanguage":"en-GB","@id":"https:\/\/secure.gravatar.com\/avatar\/86739d73874dcbc11e4278af33fb905704f5c29329727efb3b0e0bc838b0d469?s=96&d=mm&r=g","url":"https:\/\/secure.gravatar.com\/avatar\/86739d73874dcbc11e4278af33fb905704f5c29329727efb3b0e0bc838b0d469?s=96&d=mm&r=g","contentUrl":"https:\/\/secure.gravatar.com\/avatar\/86739d73874dcbc11e4278af33fb905704f5c29329727efb3b0e0bc838b0d469?s=96&d=mm&r=g","caption":"David Hern\u00e1ndez"},"url":"https:\/\/unaymilletras.com\/en\/author\/davidesel\/"}]}},"_links":{"self":[{"href":"https:\/\/unaymilletras.com\/en\/wp-json\/wp\/v2\/posts\/5890","targetHints":{"allow":["GET"]}}],"collection":[{"href":"https:\/\/unaymilletras.com\/en\/wp-json\/wp\/v2\/posts"}],"about":[{"href":"https:\/\/unaymilletras.com\/en\/wp-json\/wp\/v2\/types\/post"}],"author":[{"embeddable":true,"href":"https:\/\/unaymilletras.com\/en\/wp-json\/wp\/v2\/users\/10"}],"replies":[{"embeddable":true,"href":"https:\/\/unaymilletras.com\/en\/wp-json\/wp\/v2\/comments?post=5890"}],"version-history":[{"count":1,"href":"https:\/\/unaymilletras.com\/en\/wp-json\/wp\/v2\/posts\/5890\/revisions"}],"predecessor-version":[{"id":5892,"href":"https:\/\/unaymilletras.com\/en\/wp-json\/wp\/v2\/posts\/5890\/revisions\/5892"}],"wp:featuredmedia":[{"embeddable":true,"href":"https:\/\/unaymilletras.com\/en\/wp-json\/wp\/v2\/media\/5891"}],"wp:attachment":[{"href":"https:\/\/unaymilletras.com\/en\/wp-json\/wp\/v2\/media?parent=5890"}],"wp:term":[{"taxonomy":"category","embeddable":true,"href":"https:\/\/unaymilletras.com\/en\/wp-json\/wp\/v2\/categories?post=5890"},{"taxonomy":"post_tag","embeddable":true,"href":"https:\/\/unaymilletras.com\/en\/wp-json\/wp\/v2\/tags?post=5890"}],"curies":[{"name":"wp","href":"https:\/\/api.w.org\/{rel}","templated":true}]}}