{"id":5896,"date":"2025-10-11T12:00:00","date_gmt":"2025-10-11T10:00:00","guid":{"rendered":"https:\/\/unaymilletras.com\/?p=5896"},"modified":"2025-10-10T17:10:02","modified_gmt":"2025-10-10T15:10:02","slug":"los40-music-awards-santander-2025-nominados","status":"publish","type":"post","link":"https:\/\/unaymilletras.com\/en\/los40-music-awards-santander-2025-nominados\/","title":{"rendered":"LOS40 anunciar\u00e1 los nominados de LOS40 Music Awards Santander 2025 en un programa especial"},"content":{"rendered":"<div data-elementor-type=\"wp-post\" data-elementor-id=\"5896\" class=\"elementor elementor-5896\">\n\t\t\t\t\t\t<section class=\"elementor-section elementor-top-section elementor-element elementor-element-b4eea03 elementor-section-boxed elementor-section-height-default elementor-section-height-default\" data-id=\"b4eea03\" data-element_type=\"section\" data-e-type=\"section\">\n\t\t\t\t\t\t<div class=\"elementor-container elementor-column-gap-default\">\n\t\t\t\t\t<div class=\"elementor-column elementor-col-100 elementor-top-column elementor-element elementor-element-2953d29\" data-id=\"2953d29\" data-element_type=\"column\" data-e-type=\"column\">\n\t\t\t<div class=\"elementor-widget-wrap elementor-element-populated\">\n\t\t\t\t\t\t<div class=\"elementor-element elementor-element-b539707 elementor-widget elementor-widget-text-editor\" data-id=\"b539707\" data-element_type=\"widget\" data-e-type=\"widget\" data-widget_type=\"text-editor.default\">\n\t\t\t\t<div class=\"elementor-widget-container\">\n\t\t\t\t\t\t\t\t\t<h2 style=\"text-align: center\">LOS40 anunciar\u00e1 los nominados de LOS40 Music Awards Santander 2025 en un programa especial<\/h2>\t\t\t\t\t\t\t\t<\/div>\n\t\t\t\t<\/div>\n\t\t\t\t\t<\/div>\n\t\t<\/div>\n\t\t\t\t\t<\/div>\n\t\t<\/section>\n\t\t\t\t<section class=\"elementor-section elementor-top-section elementor-element elementor-element-5ee1993 elementor-section-boxed elementor-section-height-default elementor-section-height-default\" data-id=\"5ee1993\" data-element_type=\"section\" data-e-type=\"section\">\n\t\t\t\t\t\t<div class=\"elementor-container elementor-column-gap-default\">\n\t\t\t\t\t<div class=\"elementor-column elementor-col-100 elementor-top-column elementor-element elementor-element-c986c2d\" data-id=\"c986c2d\" data-element_type=\"column\" data-e-type=\"column\">\n\t\t\t<div class=\"elementor-widget-wrap elementor-element-populated\">\n\t\t\t\t\t\t<div class=\"elementor-element elementor-element-6e3ebd1 elementor-widget elementor-widget-text-editor\" data-id=\"6e3ebd1\" data-element_type=\"widget\" data-e-type=\"widget\" data-widget_type=\"text-editor.default\">\n\t\t\t\t<div class=\"elementor-widget-container\">\n\t\t\t\t\t\t\t\t\t<p style=\"text-align: justify\" data-start=\"364\" data-end=\"616\">El pr\u00f3ximo <strong data-start=\"375\" data-end=\"399\">jueves 16 de octubre a las 19:00<\/strong>, LOS40 anunciar\u00e1 qui\u00e9nes son los artistas nominados a los <strong data-start=\"458\" data-end=\"495\">LOS40 Music Awards Santander 2025\u00a0<\/strong>en un programa especial que podr\u00e1 seguirse en directo a trav\u00e9s de la <a href=\"http:\/\/los40.com\">web<\/a>, <a href=\"http:\/\/onelink.to\/los40app\">la aplicaci\u00f3n<\/a> y el <a href=\"http:\/\/www.youtube.com\/@LOS40Spain\">canal de YouTube<\/a> de la emisora.<\/p><p style=\"text-align: justify\" data-start=\"618\" data-end=\"1045\">Los encargados de conducir este momento ser\u00e1n <strong data-start=\"664\" data-end=\"690\">Dani Moreno \u201cEl Gallo\u201d<\/strong>, <strong data-start=\"692\" data-end=\"710\">Cristina Bosc\u00e1<\/strong> y <strong data-start=\"713\" data-end=\"729\">Tony Aguilar<\/strong>, junto a otros locutores de LOS40 como Cris Regatero, Karin Herrero, \u00d3scar Mart\u00ednez, Rams\u00e9s L\u00f3pez o Aitana Jerez. Ellos anunciar\u00e1n a los candidatos que optan a llevarse el preciado trofeo en una edici\u00f3n que cumple <strong data-start=\"944\" data-end=\"955\">20 a\u00f1os<\/strong> y que se consolida como uno de los eventos musicales m\u00e1s importantes del mundo hispano.<\/p>\t\t\t\t\t\t\t\t<\/div>\n\t\t\t\t<\/div>\n\t\t\t\t\t<\/div>\n\t\t<\/div>\n\t\t\t\t\t<\/div>\n\t\t<\/section>\n\t\t\t\t<section class=\"elementor-section elementor-top-section elementor-element elementor-element-3d4011b elementor-section-boxed elementor-section-height-default elementor-section-height-default\" data-id=\"3d4011b\" data-element_type=\"section\" data-e-type=\"section\">\n\t\t\t\t\t\t<div class=\"elementor-container elementor-column-gap-default\">\n\t\t\t\t\t<div class=\"elementor-column elementor-col-100 elementor-top-column elementor-element elementor-element-f02ca75\" data-id=\"f02ca75\" data-element_type=\"column\" data-e-type=\"column\">\n\t\t\t<div class=\"elementor-widget-wrap elementor-element-populated\">\n\t\t\t\t\t\t<div class=\"elementor-element elementor-element-f66e491 elementor-widget elementor-widget-image\" data-id=\"f66e491\" data-element_type=\"widget\" data-e-type=\"widget\" data-widget_type=\"image.default\">\n\t\t\t\t<div class=\"elementor-widget-container\">\n\t\t\t\t\t\t\t\t\t\t\t\t<figure class=\"wp-caption\">\n\t\t\t\t\t\t\t\t\t\t<img fetchpriority=\"high\" decoding=\"async\" width=\"640\" height=\"360\" src=\"https:\/\/unaymilletras.com\/wp-content\/uploads\/2025\/10\/Programa-especial-nominados-LOS40-Music-Awards-Santander-2025-768x432.jpg\" class=\"attachment-medium_large size-medium_large wp-image-5899\" alt=\"LOS40 Music Awards Santander 2025 nominados\" srcset=\"https:\/\/unaymilletras.com\/wp-content\/uploads\/2025\/10\/Programa-especial-nominados-LOS40-Music-Awards-Santander-2025-768x432.jpg 768w, https:\/\/unaymilletras.com\/wp-content\/uploads\/2025\/10\/Programa-especial-nominados-LOS40-Music-Awards-Santander-2025-300x169.jpg 300w, https:\/\/unaymilletras.com\/wp-content\/uploads\/2025\/10\/Programa-especial-nominados-LOS40-Music-Awards-Santander-2025-1024x576.jpg 1024w, https:\/\/unaymilletras.com\/wp-content\/uploads\/2025\/10\/Programa-especial-nominados-LOS40-Music-Awards-Santander-2025-1536x864.jpg 1536w, https:\/\/unaymilletras.com\/wp-content\/uploads\/2025\/10\/Programa-especial-nominados-LOS40-Music-Awards-Santander-2025-18x10.jpg 18w, https:\/\/unaymilletras.com\/wp-content\/uploads\/2025\/10\/Programa-especial-nominados-LOS40-Music-Awards-Santander-2025-1280x720.jpg 1280w, https:\/\/unaymilletras.com\/wp-content\/uploads\/2025\/10\/Programa-especial-nominados-LOS40-Music-Awards-Santander-2025.jpg 1920w\" sizes=\"(max-width: 640px) 100vw, 640px\" \/>\t\t\t\t\t\t\t\t\t\t\t<figcaption class=\"widget-image-caption wp-caption-text\">LOS40 Music Awards Santander 2025 nominados<\/figcaption>\n\t\t\t\t\t\t\t\t\t\t<\/figure>\n\t\t\t\t\t\t\t\t\t<\/div>\n\t\t\t\t<\/div>\n\t\t\t\t\t<\/div>\n\t\t<\/div>\n\t\t\t\t\t<\/div>\n\t\t<\/section>\n\t\t\t\t<section class=\"elementor-section elementor-top-section elementor-element elementor-element-bdf9833 elementor-section-boxed elementor-section-height-default elementor-section-height-default\" data-id=\"bdf9833\" data-element_type=\"section\" data-e-type=\"section\">\n\t\t\t\t\t\t<div class=\"elementor-container elementor-column-gap-default\">\n\t\t\t\t\t<div class=\"elementor-column elementor-col-100 elementor-top-column elementor-element elementor-element-d6cf3d7\" data-id=\"d6cf3d7\" data-element_type=\"column\" data-e-type=\"column\">\n\t\t\t<div class=\"elementor-widget-wrap elementor-element-populated\">\n\t\t\t\t\t\t<div class=\"elementor-element elementor-element-c01d71c elementor-widget elementor-widget-text-editor\" data-id=\"c01d71c\" data-element_type=\"widget\" data-e-type=\"widget\" data-widget_type=\"text-editor.default\">\n\t\t\t\t<div class=\"elementor-widget-container\">\n\t\t\t\t\t\t\t\t\t<h3>Una gala hist\u00f3rica en Valencia<\/h3>\t\t\t\t\t\t\t\t<\/div>\n\t\t\t\t<\/div>\n\t\t\t\t\t<\/div>\n\t\t<\/div>\n\t\t\t\t\t<\/div>\n\t\t<\/section>\n\t\t\t\t<section class=\"elementor-section elementor-top-section elementor-element elementor-element-774a90f elementor-section-boxed elementor-section-height-default elementor-section-height-default\" data-id=\"774a90f\" data-element_type=\"section\" data-e-type=\"section\">\n\t\t\t\t\t\t<div class=\"elementor-container elementor-column-gap-default\">\n\t\t\t\t\t<div class=\"elementor-column elementor-col-100 elementor-top-column elementor-element elementor-element-cc6c473\" data-id=\"cc6c473\" data-element_type=\"column\" data-e-type=\"column\">\n\t\t\t<div class=\"elementor-widget-wrap elementor-element-populated\">\n\t\t\t\t\t\t<div class=\"elementor-element elementor-element-c2c1bce elementor-widget elementor-widget-text-editor\" data-id=\"c2c1bce\" data-element_type=\"widget\" data-e-type=\"widget\" data-widget_type=\"text-editor.default\">\n\t\t\t\t<div class=\"elementor-widget-container\">\n\t\t\t\t\t\t\t\t\t<p style=\"text-align: justify\" data-start=\"1090\" data-end=\"1366\">La entrega de premios tendr\u00e1 lugar el <strong data-start=\"1128\" data-end=\"1175\">7 de noviembre en el Roig Arena de Valencia<\/strong>, ciudad que acoge por primera vez estos galardones. Las entradas se agotaron en tiempo r\u00e9cord: en poco m\u00e1s de una hora desde la salida a la venta ya estaba colgado el cartel de <em data-start=\"1353\" data-end=\"1363\">sold out<\/em>.<\/p><p style=\"text-align: justify\" data-start=\"1368\" data-end=\"1728\">El cartel de actuaciones promete ser uno de los m\u00e1s potentes de la historia del evento. Entre los artistas confirmados est\u00e1n <strong data-start=\"1493\" data-end=\"1507\">Ed Sheeran<\/strong>, <strong data-start=\"1509\" data-end=\"1519\">Aitana<\/strong>, <strong data-start=\"1521\" data-end=\"1536\">Dani Mart\u00edn<\/strong>, <strong data-start=\"1538\" data-end=\"1555\">Pablo Albor\u00e1n<\/strong>, <strong data-start=\"1557\" data-end=\"1575\">Dani Fern\u00e1ndez<\/strong>, <strong data-start=\"1577\" data-end=\"1587\">Rels B<\/strong>, <strong data-start=\"1589\" data-end=\"1604\">Nil Moliner<\/strong>, <strong data-start=\"1606\" data-end=\"1624\">Valeria Castro<\/strong>, adem\u00e1s de incorporaciones internacionales como <strong data-start=\"1673\" data-end=\"1688\">Myles Smith<\/strong> o el d\u00fao latino <strong data-start=\"1705\" data-end=\"1725\">Alleh &amp; Yorghaki<\/strong>.<\/p>\t\t\t\t\t\t\t\t<\/div>\n\t\t\t\t<\/div>\n\t\t\t\t\t<\/div>\n\t\t<\/div>\n\t\t\t\t\t<\/div>\n\t\t<\/section>\n\t\t\t\t<section class=\"elementor-section elementor-top-section elementor-element elementor-element-f405fdb elementor-section-boxed elementor-section-height-default elementor-section-height-default\" data-id=\"f405fdb\" data-element_type=\"section\" data-e-type=\"section\">\n\t\t\t\t\t\t<div class=\"elementor-container elementor-column-gap-default\">\n\t\t\t\t\t<div class=\"elementor-column elementor-col-100 elementor-top-column elementor-element elementor-element-5c5f22c\" data-id=\"5c5f22c\" data-element_type=\"column\" data-e-type=\"column\">\n\t\t\t<div class=\"elementor-widget-wrap elementor-element-populated\">\n\t\t\t\t\t\t<div class=\"elementor-element elementor-element-77ad234 elementor-widget elementor-widget-image\" data-id=\"77ad234\" data-element_type=\"widget\" data-e-type=\"widget\" data-widget_type=\"image.default\">\n\t\t\t\t<div class=\"elementor-widget-container\">\n\t\t\t\t\t\t\t\t\t\t\t\t<figure class=\"wp-caption\">\n\t\t\t\t\t\t\t\t\t\t<img decoding=\"async\" width=\"720\" height=\"380\" src=\"https:\/\/unaymilletras.com\/wp-content\/uploads\/2025\/10\/LOS40-Music-Awards-Santander-720x380.jpg\" class=\"attachment-fameup-medium size-fameup-medium wp-image-5898\" alt=\"LOS40 Music Awards Santander\" \/>\t\t\t\t\t\t\t\t\t\t\t<figcaption class=\"widget-image-caption wp-caption-text\"><\/figcaption>\n\t\t\t\t\t\t\t\t\t\t<\/figure>\n\t\t\t\t\t\t\t\t\t<\/div>\n\t\t\t\t<\/div>\n\t\t\t\t\t<\/div>\n\t\t<\/div>\n\t\t\t\t\t<\/div>\n\t\t<\/section>\n\t\t\t\t<section class=\"elementor-section elementor-top-section elementor-element elementor-element-1dcc7f0 elementor-section-boxed elementor-section-height-default elementor-section-height-default\" data-id=\"1dcc7f0\" data-element_type=\"section\" data-e-type=\"section\">\n\t\t\t\t\t\t<div class=\"elementor-container elementor-column-gap-default\">\n\t\t\t\t\t<div class=\"elementor-column elementor-col-100 elementor-top-column elementor-element elementor-element-b0dc3f6\" data-id=\"b0dc3f6\" data-element_type=\"column\" data-e-type=\"column\">\n\t\t\t<div class=\"elementor-widget-wrap elementor-element-populated\">\n\t\t\t\t\t\t<div class=\"elementor-element elementor-element-c81357c elementor-widget elementor-widget-text-editor\" data-id=\"c81357c\" data-element_type=\"widget\" data-e-type=\"widget\" data-widget_type=\"text-editor.default\">\n\t\t\t\t<div class=\"elementor-widget-container\">\n\t\t\t\t\t\t\t\t\t<p style=\"text-align: justify;\" data-start=\"1761\" data-end=\"2206\">La edici\u00f3n 2025 llega bajo el lema <strong data-start=\"1796\" data-end=\"1827\">\u201cLa m\u00fasica nos hace viajar\u201d<\/strong>, un gui\u00f1o a la capacidad de los artistas de conectar culturas y a la importancia de Valencia como nueva sede. Durante las pr\u00f3ximas semanas, LOS40 ir\u00e1 anunciando nuevas incorporaciones al cartel y desvelando m\u00e1s detalles de una noche que reunir\u00e1 a los nombres m\u00e1s destacados de la m\u00fasica nacional e internacional, adem\u00e1s de rostros de la televisi\u00f3n, la moda y el mundo digital.<\/p><p style=\"text-align: justify;\" data-start=\"2208\" data-end=\"2415\">El <strong data-start=\"2211\" data-end=\"2228\">16 de octubre<\/strong> se sabr\u00e1 qui\u00e9nes son los nominados, pero la fiesta definitiva ser\u00e1 el <strong data-start=\"2299\" data-end=\"2317\">7 de noviembre<\/strong>, cuando la m\u00fasica se convierta en la gran protagonista de una velada que promete ser hist\u00f3rica.<\/p><p data-start=\"2208\" data-end=\"2415\">Sigue descubriendo m\u00e1s sobre la actualidad musical en<span style=\"color: #808080;\"> <em><a style=\"color: #808080;\" href=\"https:\/\/unaymilletras.com\/en\/\">Una y mil letras<\/a>.<\/em><\/span><\/p>\t\t\t\t\t\t\t\t<\/div>\n\t\t\t\t<\/div>\n\t\t\t\t\t<\/div>\n\t\t<\/div>\n\t\t\t\t\t<\/div>\n\t\t<\/section>\n\t\t\t\t<\/div>","protected":false},"excerpt":{"rendered":"<p>LOS40 anunciar\u00e1 los nominados de LOS40 Music Awards Santander 2025 en un programa especial El pr\u00f3ximo jueves 16 de octubre a las 19:00, LOS40 anunciar\u00e1 qui\u00e9nes son los artistas nominados a los LOS40 Music Awards Santander 2025\u00a0en un programa especial que podr\u00e1 seguirse en directo a trav\u00e9s de la web, la aplicaci\u00f3n y el canal [&hellip;]<\/p>\n","protected":false},"author":13,"featured_media":5899,"comment_status":"closed","ping_status":"closed","sticky":false,"template":"","format":"standard","meta":{"footnotes":""},"categories":[4],"tags":[],"class_list":["post-5896","post","type-post","status-publish","format-standard","has-post-thumbnail","hentry","category-musica"],"yoast_head":"<!-- This site is optimized with the Yoast SEO plugin v27.4 - https:\/\/yoast.com\/product\/yoast-seo-wordpress\/ -->\n<title>LOS40 Music Awards Santander 2025: nominados y gala<\/title>\n<meta name=\"description\" content=\"LOS40 Music Awards Santander 2025 cumplen 20 a\u00f1os y aterrizan en Valencia. Consulta nominados, cartel de artistas y fecha de la gala.\" \/>\n<meta name=\"robots\" content=\"index, follow, max-snippet:-1, max-image-preview:large, max-video-preview:-1\" \/>\n<link rel=\"canonical\" href=\"https:\/\/unaymilletras.com\/en\/los40-music-awards-santander-2025-nominados\/\" \/>\n<meta property=\"og:locale\" content=\"en_GB\" \/>\n<meta property=\"og:type\" content=\"article\" \/>\n<meta property=\"og:title\" content=\"LOS40 Music Awards Santander 2025: nominados y gala\" \/>\n<meta property=\"og:description\" content=\"LOS40 Music Awards Santander 2025 cumplen 20 a\u00f1os y aterrizan en Valencia. Consulta nominados, cartel de artistas y fecha de la gala.\" \/>\n<meta property=\"og:url\" content=\"https:\/\/unaymilletras.com\/en\/los40-music-awards-santander-2025-nominados\/\" \/>\n<meta property=\"og:site_name\" content=\"Una y Mil Letras\" \/>\n<meta property=\"article:published_time\" content=\"2025-10-11T10:00:00+00:00\" \/>\n<meta property=\"og:image\" content=\"https:\/\/unaymilletras.com\/wp-content\/uploads\/2025\/10\/Programa-especial-nominados-LOS40-Music-Awards-Santander-2025.jpg\" \/>\n\t<meta property=\"og:image:width\" content=\"1920\" \/>\n\t<meta property=\"og:image:height\" content=\"1080\" \/>\n\t<meta property=\"og:image:type\" content=\"image\/jpeg\" \/>\n<meta name=\"author\" content=\"Alba Benito\" \/>\n<meta name=\"twitter:card\" content=\"summary_large_image\" \/>\n<meta name=\"twitter:creator\" content=\"@UnaYMilLetras\" \/>\n<meta name=\"twitter:site\" content=\"@UnaYMilLetras\" \/>\n<meta name=\"twitter:label1\" content=\"Written by\" \/>\n\t<meta name=\"twitter:data1\" content=\"Alba Benito\" \/>\n\t<meta name=\"twitter:label2\" content=\"Estimated reading time\" \/>\n\t<meta name=\"twitter:data2\" content=\"3 minutes\" \/>\n<script type=\"application\/ld+json\" class=\"yoast-schema-graph\">{\"@context\":\"https:\\\/\\\/schema.org\",\"@graph\":[{\"@type\":\"Article\",\"@id\":\"https:\\\/\\\/unaymilletras.com\\\/los40-music-awards-santander-2025-nominados\\\/#article\",\"isPartOf\":{\"@id\":\"https:\\\/\\\/unaymilletras.com\\\/los40-music-awards-santander-2025-nominados\\\/\"},\"author\":{\"name\":\"Alba Benito\",\"@id\":\"http:\\\/\\\/unaymilletras.com\\\/#\\\/schema\\\/person\\\/a10550e4bff9a23f941f52b2cd5d8686\"},\"headline\":\"LOS40 anunciar\u00e1 los nominados de LOS40 Music Awards Santander 2025 en un programa especial\",\"datePublished\":\"2025-10-11T10:00:00+00:00\",\"mainEntityOfPage\":{\"@id\":\"https:\\\/\\\/unaymilletras.com\\\/los40-music-awards-santander-2025-nominados\\\/\"},\"wordCount\":401,\"publisher\":{\"@id\":\"http:\\\/\\\/unaymilletras.com\\\/#organization\"},\"image\":{\"@id\":\"https:\\\/\\\/unaymilletras.com\\\/los40-music-awards-santander-2025-nominados\\\/#primaryimage\"},\"thumbnailUrl\":\"https:\\\/\\\/unaymilletras.com\\\/wp-content\\\/uploads\\\/2025\\\/10\\\/Programa-especial-nominados-LOS40-Music-Awards-Santander-2025.jpg\",\"articleSection\":[\"M\u00fasica\"],\"inLanguage\":\"en-GB\"},{\"@type\":\"WebPage\",\"@id\":\"https:\\\/\\\/unaymilletras.com\\\/los40-music-awards-santander-2025-nominados\\\/\",\"url\":\"https:\\\/\\\/unaymilletras.com\\\/los40-music-awards-santander-2025-nominados\\\/\",\"name\":\"LOS40 Music Awards Santander 2025: nominados y gala\",\"isPartOf\":{\"@id\":\"http:\\\/\\\/unaymilletras.com\\\/#website\"},\"primaryImageOfPage\":{\"@id\":\"https:\\\/\\\/unaymilletras.com\\\/los40-music-awards-santander-2025-nominados\\\/#primaryimage\"},\"image\":{\"@id\":\"https:\\\/\\\/unaymilletras.com\\\/los40-music-awards-santander-2025-nominados\\\/#primaryimage\"},\"thumbnailUrl\":\"https:\\\/\\\/unaymilletras.com\\\/wp-content\\\/uploads\\\/2025\\\/10\\\/Programa-especial-nominados-LOS40-Music-Awards-Santander-2025.jpg\",\"datePublished\":\"2025-10-11T10:00:00+00:00\",\"description\":\"LOS40 Music Awards Santander 2025 cumplen 20 a\u00f1os y aterrizan en Valencia. Consulta nominados, cartel de artistas y fecha de la gala.\",\"breadcrumb\":{\"@id\":\"https:\\\/\\\/unaymilletras.com\\\/los40-music-awards-santander-2025-nominados\\\/#breadcrumb\"},\"inLanguage\":\"en-GB\",\"potentialAction\":[{\"@type\":\"ReadAction\",\"target\":[\"https:\\\/\\\/unaymilletras.com\\\/los40-music-awards-santander-2025-nominados\\\/\"]}]},{\"@type\":\"ImageObject\",\"inLanguage\":\"en-GB\",\"@id\":\"https:\\\/\\\/unaymilletras.com\\\/los40-music-awards-santander-2025-nominados\\\/#primaryimage\",\"url\":\"https:\\\/\\\/unaymilletras.com\\\/wp-content\\\/uploads\\\/2025\\\/10\\\/Programa-especial-nominados-LOS40-Music-Awards-Santander-2025.jpg\",\"contentUrl\":\"https:\\\/\\\/unaymilletras.com\\\/wp-content\\\/uploads\\\/2025\\\/10\\\/Programa-especial-nominados-LOS40-Music-Awards-Santander-2025.jpg\",\"width\":1920,\"height\":1080,\"caption\":\"LOS40 Music Awards Santander 2025 nominados\"},{\"@type\":\"BreadcrumbList\",\"@id\":\"https:\\\/\\\/unaymilletras.com\\\/los40-music-awards-santander-2025-nominados\\\/#breadcrumb\",\"itemListElement\":[{\"@type\":\"ListItem\",\"position\":1,\"name\":\"Home\",\"item\":\"http:\\\/\\\/unaymilletras.com\\\/\"},{\"@type\":\"ListItem\",\"position\":2,\"name\":\"LOS40 anunciar\u00e1 los nominados de LOS40 Music Awards Santander 2025 en un programa especial\"}]},{\"@type\":\"WebSite\",\"@id\":\"http:\\\/\\\/unaymilletras.com\\\/#website\",\"url\":\"http:\\\/\\\/unaymilletras.com\\\/\",\"name\":\"Una y Mil Letras\",\"description\":\"\",\"publisher\":{\"@id\":\"http:\\\/\\\/unaymilletras.com\\\/#organization\"},\"potentialAction\":[{\"@type\":\"SearchAction\",\"target\":{\"@type\":\"EntryPoint\",\"urlTemplate\":\"http:\\\/\\\/unaymilletras.com\\\/?s={search_term_string}\"},\"query-input\":{\"@type\":\"PropertyValueSpecification\",\"valueRequired\":true,\"valueName\":\"search_term_string\"}}],\"inLanguage\":\"en-GB\"},{\"@type\":\"Organization\",\"@id\":\"http:\\\/\\\/unaymilletras.com\\\/#organization\",\"name\":\"Una y Mil Letras\",\"url\":\"http:\\\/\\\/unaymilletras.com\\\/\",\"logo\":{\"@type\":\"ImageObject\",\"inLanguage\":\"en-GB\",\"@id\":\"http:\\\/\\\/unaymilletras.com\\\/#\\\/schema\\\/logo\\\/image\\\/\",\"url\":\"https:\\\/\\\/unaymilletras.com\\\/wp-content\\\/uploads\\\/2024\\\/06\\\/cropped-Logo-removebg-preview.png\",\"contentUrl\":\"https:\\\/\\\/unaymilletras.com\\\/wp-content\\\/uploads\\\/2024\\\/06\\\/cropped-Logo-removebg-preview.png\",\"width\":512,\"height\":512,\"caption\":\"Una y Mil Letras\"},\"image\":{\"@id\":\"http:\\\/\\\/unaymilletras.com\\\/#\\\/schema\\\/logo\\\/image\\\/\"},\"sameAs\":[\"https:\\\/\\\/x.com\\\/UnaYMilLetras\",\"https:\\\/\\\/instagram.com\\\/UnaYMilLetras\"]},{\"@type\":\"Person\",\"@id\":\"http:\\\/\\\/unaymilletras.com\\\/#\\\/schema\\\/person\\\/a10550e4bff9a23f941f52b2cd5d8686\",\"name\":\"Alba Benito\",\"image\":{\"@type\":\"ImageObject\",\"inLanguage\":\"en-GB\",\"@id\":\"https:\\\/\\\/secure.gravatar.com\\\/avatar\\\/f227a2222ee313f4b5dea91891742064ec98aa8f11b91568879eaecf941f84de?s=96&d=mm&r=g\",\"url\":\"https:\\\/\\\/secure.gravatar.com\\\/avatar\\\/f227a2222ee313f4b5dea91891742064ec98aa8f11b91568879eaecf941f84de?s=96&d=mm&r=g\",\"contentUrl\":\"https:\\\/\\\/secure.gravatar.com\\\/avatar\\\/f227a2222ee313f4b5dea91891742064ec98aa8f11b91568879eaecf941f84de?s=96&d=mm&r=g\",\"caption\":\"Alba Benito\"},\"url\":\"https:\\\/\\\/unaymilletras.com\\\/en\\\/author\\\/aalbaas_\\\/\"}]}<\/script>\n<!-- \/ Yoast SEO plugin. -->","yoast_head_json":{"title":"LOS40 Music Awards Santander 2025: nominados y gala","description":"LOS40 Music Awards Santander 2025 cumplen 20 a\u00f1os y aterrizan en Valencia. Consulta nominados, cartel de artistas y fecha de la gala.","robots":{"index":"index","follow":"follow","max-snippet":"max-snippet:-1","max-image-preview":"max-image-preview:large","max-video-preview":"max-video-preview:-1"},"canonical":"https:\/\/unaymilletras.com\/en\/los40-music-awards-santander-2025-nominados\/","og_locale":"en_GB","og_type":"article","og_title":"LOS40 Music Awards Santander 2025: nominados y gala","og_description":"LOS40 Music Awards Santander 2025 cumplen 20 a\u00f1os y aterrizan en Valencia. Consulta nominados, cartel de artistas y fecha de la gala.","og_url":"https:\/\/unaymilletras.com\/en\/los40-music-awards-santander-2025-nominados\/","og_site_name":"Una y Mil Letras","article_published_time":"2025-10-11T10:00:00+00:00","og_image":[{"width":1920,"height":1080,"url":"https:\/\/unaymilletras.com\/wp-content\/uploads\/2025\/10\/Programa-especial-nominados-LOS40-Music-Awards-Santander-2025.jpg","type":"image\/jpeg"}],"author":"Alba Benito","twitter_card":"summary_large_image","twitter_creator":"@UnaYMilLetras","twitter_site":"@UnaYMilLetras","twitter_misc":{"Written by":"Alba Benito","Estimated reading time":"3 minutes"},"schema":{"@context":"https:\/\/schema.org","@graph":[{"@type":"Article","@id":"https:\/\/unaymilletras.com\/los40-music-awards-santander-2025-nominados\/#article","isPartOf":{"@id":"https:\/\/unaymilletras.com\/los40-music-awards-santander-2025-nominados\/"},"author":{"name":"Alba Benito","@id":"http:\/\/unaymilletras.com\/#\/schema\/person\/a10550e4bff9a23f941f52b2cd5d8686"},"headline":"LOS40 anunciar\u00e1 los nominados de LOS40 Music Awards Santander 2025 en un programa especial","datePublished":"2025-10-11T10:00:00+00:00","mainEntityOfPage":{"@id":"https:\/\/unaymilletras.com\/los40-music-awards-santander-2025-nominados\/"},"wordCount":401,"publisher":{"@id":"http:\/\/unaymilletras.com\/#organization"},"image":{"@id":"https:\/\/unaymilletras.com\/los40-music-awards-santander-2025-nominados\/#primaryimage"},"thumbnailUrl":"https:\/\/unaymilletras.com\/wp-content\/uploads\/2025\/10\/Programa-especial-nominados-LOS40-Music-Awards-Santander-2025.jpg","articleSection":["M\u00fasica"],"inLanguage":"en-GB"},{"@type":"WebPage","@id":"https:\/\/unaymilletras.com\/los40-music-awards-santander-2025-nominados\/","url":"https:\/\/unaymilletras.com\/los40-music-awards-santander-2025-nominados\/","name":"LOS40 Music Awards Santander 2025: nominados y gala","isPartOf":{"@id":"http:\/\/unaymilletras.com\/#website"},"primaryImageOfPage":{"@id":"https:\/\/unaymilletras.com\/los40-music-awards-santander-2025-nominados\/#primaryimage"},"image":{"@id":"https:\/\/unaymilletras.com\/los40-music-awards-santander-2025-nominados\/#primaryimage"},"thumbnailUrl":"https:\/\/unaymilletras.com\/wp-content\/uploads\/2025\/10\/Programa-especial-nominados-LOS40-Music-Awards-Santander-2025.jpg","datePublished":"2025-10-11T10:00:00+00:00","description":"LOS40 Music Awards Santander 2025 cumplen 20 a\u00f1os y aterrizan en Valencia. Consulta nominados, cartel de artistas y fecha de la gala.","breadcrumb":{"@id":"https:\/\/unaymilletras.com\/los40-music-awards-santander-2025-nominados\/#breadcrumb"},"inLanguage":"en-GB","potentialAction":[{"@type":"ReadAction","target":["https:\/\/unaymilletras.com\/los40-music-awards-santander-2025-nominados\/"]}]},{"@type":"ImageObject","inLanguage":"en-GB","@id":"https:\/\/unaymilletras.com\/los40-music-awards-santander-2025-nominados\/#primaryimage","url":"https:\/\/unaymilletras.com\/wp-content\/uploads\/2025\/10\/Programa-especial-nominados-LOS40-Music-Awards-Santander-2025.jpg","contentUrl":"https:\/\/unaymilletras.com\/wp-content\/uploads\/2025\/10\/Programa-especial-nominados-LOS40-Music-Awards-Santander-2025.jpg","width":1920,"height":1080,"caption":"LOS40 Music Awards Santander 2025 nominados"},{"@type":"BreadcrumbList","@id":"https:\/\/unaymilletras.com\/los40-music-awards-santander-2025-nominados\/#breadcrumb","itemListElement":[{"@type":"ListItem","position":1,"name":"Home","item":"http:\/\/unaymilletras.com\/"},{"@type":"ListItem","position":2,"name":"LOS40 anunciar\u00e1 los nominados de LOS40 Music Awards Santander 2025 en un programa especial"}]},{"@type":"WebSite","@id":"http:\/\/unaymilletras.com\/#website","url":"http:\/\/unaymilletras.com\/","name":"Una y Mil Letras","description":"","publisher":{"@id":"http:\/\/unaymilletras.com\/#organization"},"potentialAction":[{"@type":"SearchAction","target":{"@type":"EntryPoint","urlTemplate":"http:\/\/unaymilletras.com\/?s={search_term_string}"},"query-input":{"@type":"PropertyValueSpecification","valueRequired":true,"valueName":"search_term_string"}}],"inLanguage":"en-GB"},{"@type":"Organization","@id":"http:\/\/unaymilletras.com\/#organization","name":"Una y Mil Letras","url":"http:\/\/unaymilletras.com\/","logo":{"@type":"ImageObject","inLanguage":"en-GB","@id":"http:\/\/unaymilletras.com\/#\/schema\/logo\/image\/","url":"https:\/\/unaymilletras.com\/wp-content\/uploads\/2024\/06\/cropped-Logo-removebg-preview.png","contentUrl":"https:\/\/unaymilletras.com\/wp-content\/uploads\/2024\/06\/cropped-Logo-removebg-preview.png","width":512,"height":512,"caption":"Una y Mil Letras"},"image":{"@id":"http:\/\/unaymilletras.com\/#\/schema\/logo\/image\/"},"sameAs":["https:\/\/x.com\/UnaYMilLetras","https:\/\/instagram.com\/UnaYMilLetras"]},{"@type":"Person","@id":"http:\/\/unaymilletras.com\/#\/schema\/person\/a10550e4bff9a23f941f52b2cd5d8686","name":"Alba Benito","image":{"@type":"ImageObject","inLanguage":"en-GB","@id":"https:\/\/secure.gravatar.com\/avatar\/f227a2222ee313f4b5dea91891742064ec98aa8f11b91568879eaecf941f84de?s=96&d=mm&r=g","url":"https:\/\/secure.gravatar.com\/avatar\/f227a2222ee313f4b5dea91891742064ec98aa8f11b91568879eaecf941f84de?s=96&d=mm&r=g","contentUrl":"https:\/\/secure.gravatar.com\/avatar\/f227a2222ee313f4b5dea91891742064ec98aa8f11b91568879eaecf941f84de?s=96&d=mm&r=g","caption":"Alba Benito"},"url":"https:\/\/unaymilletras.com\/en\/author\/aalbaas_\/"}]}},"_links":{"self":[{"href":"https:\/\/unaymilletras.com\/en\/wp-json\/wp\/v2\/posts\/5896","targetHints":{"allow":["GET"]}}],"collection":[{"href":"https:\/\/unaymilletras.com\/en\/wp-json\/wp\/v2\/posts"}],"about":[{"href":"https:\/\/unaymilletras.com\/en\/wp-json\/wp\/v2\/types\/post"}],"author":[{"embeddable":true,"href":"https:\/\/unaymilletras.com\/en\/wp-json\/wp\/v2\/users\/13"}],"replies":[{"embeddable":true,"href":"https:\/\/unaymilletras.com\/en\/wp-json\/wp\/v2\/comments?post=5896"}],"version-history":[{"count":19,"href":"https:\/\/unaymilletras.com\/en\/wp-json\/wp\/v2\/posts\/5896\/revisions"}],"predecessor-version":[{"id":5972,"href":"https:\/\/unaymilletras.com\/en\/wp-json\/wp\/v2\/posts\/5896\/revisions\/5972"}],"wp:featuredmedia":[{"embeddable":true,"href":"https:\/\/unaymilletras.com\/en\/wp-json\/wp\/v2\/media\/5899"}],"wp:attachment":[{"href":"https:\/\/unaymilletras.com\/en\/wp-json\/wp\/v2\/media?parent=5896"}],"wp:term":[{"taxonomy":"category","embeddable":true,"href":"https:\/\/unaymilletras.com\/en\/wp-json\/wp\/v2\/categories?post=5896"},{"taxonomy":"post_tag","embeddable":true,"href":"https:\/\/unaymilletras.com\/en\/wp-json\/wp\/v2\/tags?post=5896"}],"curies":[{"name":"wp","href":"https:\/\/api.w.org\/{rel}","templated":true}]}}