{"id":5915,"date":"2025-10-09T11:24:49","date_gmt":"2025-10-09T09:24:49","guid":{"rendered":"https:\/\/unaymilletras.com\/?p=5915"},"modified":"2025-10-10T10:46:06","modified_gmt":"2025-10-10T08:46:06","slug":"amaia-anuncia-su-esperada-gira-por-arenas-para-2026","status":"publish","type":"post","link":"https:\/\/unaymilletras.com\/en\/amaia-anuncia-su-esperada-gira-por-arenas-para-2026\/","title":{"rendered":"AMAIA ANUNCIA SU ESPERADA GIRA POR ARENAS PARA 2026"},"content":{"rendered":"<p>Tras el \u00e9xito de su \u00faltimo \u00e1lbum \u00abSi abro los ojos no es real\u00bb, Amaia anuncia un tour que pasar\u00e1 por las principales ciudades de todo el pa\u00eds el a\u00f1o que viene.<br><br>Por fin es real: tendremos m\u00e1s Amaia que nunca para 2026. Cerca de cerrar un a\u00f1o con una gira de presentaci\u00f3n para enmarcar, la cantante anuncia la segunda parte de esta misma gira, pero esta vez por todo lo alto. Amaia llevar\u00e1 su show de gran formato a las principales arenas del pa\u00eds, empezando en Pamplona el mismo d\u00eda de su aniversario y acabando en el emblem\u00e1tico Palau Sant Jordi de Barcelona. <\/p>\n\n\n\n<figure class=\"wp-block-gallery has-nested-images columns-default is-cropped wp-block-gallery-1 is-layout-flex wp-block-gallery-is-layout-flex\">\n<figure class=\"wp-block-image size-large\"><img fetchpriority=\"high\" decoding=\"async\" width=\"819\" height=\"1024\" data-id=\"5923\" src=\"https:\/\/unaymilletras.com\/wp-content\/uploads\/2025\/10\/1408187_open_cartel_todas_ciudad-819x1024.jpg\" alt=\"Amaia\" class=\"wp-image-5923\"\/><\/figure>\n<\/figure>\n\n\n\n<p>Seis fechas que se convierten en seis citas imprescindibles de cara al a\u00f1o que viene. La navarra iniciar\u00e1 el tour el 03\/01\/2026 en Pamplona en el Navarra Arena , el 31\/01\/2026 ir\u00e1 a La Coru\u00f1a en Coliseum, el 06\/02\/2026 actuar\u00e1 en Sevilla en el Cartuja Center, para el 03\/05\/2026 estar en Bizkaia Arena \u2013 Bec! en BILBAO. El 31\/05\/2026 en Valencia actuar\u00e1 en el Roig Arena y el 20\/12\/2026 en el Palau Sant Jordi en Barcelona.<br><br>La preventa sera el martes 14 DE OCTUBRE a las 12:00H, y la venta general el mi\u00e9rcoles 15 DE OCTUBRE a las 13:00H<\/p>","protected":false},"excerpt":{"rendered":"<p>Tras el \u00e9xito de su \u00faltimo \u00e1lbum \u00abSi abro los ojos no es real\u00bb, Amaia anuncia un tour que pasar\u00e1 por las principales ciudades de todo el pa\u00eds el a\u00f1o que viene. Por fin es real: tendremos m\u00e1s Amaia que nunca para 2026. Cerca de cerrar un a\u00f1o con una gira de presentaci\u00f3n para enmarcar, [&hellip;]<\/p>\n","protected":false},"author":14,"featured_media":5923,"comment_status":"closed","ping_status":"closed","sticky":false,"template":"","format":"standard","meta":{"footnotes":""},"categories":[1],"tags":[],"class_list":["post-5915","post","type-post","status-publish","format-standard","has-post-thumbnail","hentry","category-uncategorized"],"yoast_head":"<!-- This site is optimized with the Yoast SEO plugin v27.4 - https:\/\/yoast.com\/product\/yoast-seo-wordpress\/ -->\n<title>AMAIA ANUNCIA SU ESPERADA GIRA POR ARENAS PARA 2026<\/title>\n<meta name=\"description\" content=\"Tras el \u00e9xito de su \u00faltimo \u00e1lbum &quot;Si abro los ojos no es real&quot;, Amaia anuncia un tour que pasar\u00e1 por las Espa\u00f1a el a\u00f1o que viene\" \/>\n<meta name=\"robots\" content=\"index, follow, max-snippet:-1, max-image-preview:large, max-video-preview:-1\" \/>\n<link rel=\"canonical\" href=\"https:\/\/unaymilletras.com\/en\/amaia-anuncia-su-esperada-gira-por-arenas-para-2026\/\" \/>\n<meta property=\"og:locale\" content=\"en_GB\" \/>\n<meta property=\"og:type\" content=\"article\" \/>\n<meta property=\"og:title\" content=\"AMAIA ANUNCIA SU ESPERADA GIRA POR ARENAS PARA 2026\" \/>\n<meta property=\"og:description\" content=\"Tras el \u00e9xito de su \u00faltimo \u00e1lbum &quot;Si abro los ojos no es real&quot;, Amaia anuncia un tour que pasar\u00e1 por las Espa\u00f1a el a\u00f1o que viene\" \/>\n<meta property=\"og:url\" content=\"https:\/\/unaymilletras.com\/en\/amaia-anuncia-su-esperada-gira-por-arenas-para-2026\/\" \/>\n<meta property=\"og:site_name\" content=\"Una y Mil Letras\" \/>\n<meta property=\"article:published_time\" content=\"2025-10-09T09:24:49+00:00\" \/>\n<meta property=\"article:modified_time\" content=\"2025-10-10T08:46:06+00:00\" \/>\n<meta property=\"og:image\" content=\"http:\/\/unaymilletras.com\/wp-content\/uploads\/2025\/10\/1408187_open_cartel_todas_ciudad-e1760085715623.jpg\" \/>\n\t<meta property=\"og:image:width\" content=\"600\" \/>\n\t<meta property=\"og:image:height\" content=\"750\" \/>\n\t<meta property=\"og:image:type\" content=\"image\/jpeg\" \/>\n<meta name=\"author\" content=\"Pilar\" \/>\n<meta name=\"twitter:card\" content=\"summary_large_image\" \/>\n<meta name=\"twitter:creator\" content=\"@UnaYMilLetras\" \/>\n<meta name=\"twitter:site\" content=\"@UnaYMilLetras\" \/>\n<meta name=\"twitter:label1\" content=\"Written by\" \/>\n\t<meta name=\"twitter:data1\" content=\"Pilar\" \/>\n\t<meta name=\"twitter:label2\" content=\"Estimated reading time\" \/>\n\t<meta name=\"twitter:data2\" content=\"2 minutes\" \/>\n<script type=\"application\/ld+json\" class=\"yoast-schema-graph\">{\"@context\":\"https:\\\/\\\/schema.org\",\"@graph\":[{\"@type\":\"Article\",\"@id\":\"https:\\\/\\\/unaymilletras.com\\\/amaia-anuncia-su-esperada-gira-por-arenas-para-2026\\\/#article\",\"isPartOf\":{\"@id\":\"https:\\\/\\\/unaymilletras.com\\\/amaia-anuncia-su-esperada-gira-por-arenas-para-2026\\\/\"},\"author\":{\"name\":\"Pilar\",\"@id\":\"http:\\\/\\\/unaymilletras.com\\\/#\\\/schema\\\/person\\\/e7b1ac09f0dc4164648ddf029109cac5\"},\"headline\":\"AMAIA ANUNCIA SU ESPERADA GIRA POR ARENAS PARA 2026\",\"datePublished\":\"2025-10-09T09:24:49+00:00\",\"dateModified\":\"2025-10-10T08:46:06+00:00\",\"mainEntityOfPage\":{\"@id\":\"https:\\\/\\\/unaymilletras.com\\\/amaia-anuncia-su-esperada-gira-por-arenas-para-2026\\\/\"},\"wordCount\":211,\"publisher\":{\"@id\":\"http:\\\/\\\/unaymilletras.com\\\/#organization\"},\"image\":{\"@id\":\"https:\\\/\\\/unaymilletras.com\\\/amaia-anuncia-su-esperada-gira-por-arenas-para-2026\\\/#primaryimage\"},\"thumbnailUrl\":\"https:\\\/\\\/unaymilletras.com\\\/wp-content\\\/uploads\\\/2025\\\/10\\\/1408187_open_cartel_todas_ciudad-e1760085715623.jpg\",\"articleSection\":[\"Uncategorized\"],\"inLanguage\":\"en-GB\"},{\"@type\":\"WebPage\",\"@id\":\"https:\\\/\\\/unaymilletras.com\\\/amaia-anuncia-su-esperada-gira-por-arenas-para-2026\\\/\",\"url\":\"https:\\\/\\\/unaymilletras.com\\\/amaia-anuncia-su-esperada-gira-por-arenas-para-2026\\\/\",\"name\":\"AMAIA ANUNCIA SU ESPERADA GIRA POR ARENAS PARA 2026\",\"isPartOf\":{\"@id\":\"http:\\\/\\\/unaymilletras.com\\\/#website\"},\"primaryImageOfPage\":{\"@id\":\"https:\\\/\\\/unaymilletras.com\\\/amaia-anuncia-su-esperada-gira-por-arenas-para-2026\\\/#primaryimage\"},\"image\":{\"@id\":\"https:\\\/\\\/unaymilletras.com\\\/amaia-anuncia-su-esperada-gira-por-arenas-para-2026\\\/#primaryimage\"},\"thumbnailUrl\":\"https:\\\/\\\/unaymilletras.com\\\/wp-content\\\/uploads\\\/2025\\\/10\\\/1408187_open_cartel_todas_ciudad-e1760085715623.jpg\",\"datePublished\":\"2025-10-09T09:24:49+00:00\",\"dateModified\":\"2025-10-10T08:46:06+00:00\",\"description\":\"Tras el \u00e9xito de su \u00faltimo \u00e1lbum \\\"Si abro los ojos no es real\\\", Amaia anuncia un tour que pasar\u00e1 por las Espa\u00f1a el a\u00f1o que viene\",\"breadcrumb\":{\"@id\":\"https:\\\/\\\/unaymilletras.com\\\/amaia-anuncia-su-esperada-gira-por-arenas-para-2026\\\/#breadcrumb\"},\"inLanguage\":\"en-GB\",\"potentialAction\":[{\"@type\":\"ReadAction\",\"target\":[\"https:\\\/\\\/unaymilletras.com\\\/amaia-anuncia-su-esperada-gira-por-arenas-para-2026\\\/\"]}]},{\"@type\":\"ImageObject\",\"inLanguage\":\"en-GB\",\"@id\":\"https:\\\/\\\/unaymilletras.com\\\/amaia-anuncia-su-esperada-gira-por-arenas-para-2026\\\/#primaryimage\",\"url\":\"https:\\\/\\\/unaymilletras.com\\\/wp-content\\\/uploads\\\/2025\\\/10\\\/1408187_open_cartel_todas_ciudad-e1760085715623.jpg\",\"contentUrl\":\"https:\\\/\\\/unaymilletras.com\\\/wp-content\\\/uploads\\\/2025\\\/10\\\/1408187_open_cartel_todas_ciudad-e1760085715623.jpg\",\"width\":600,\"height\":750,\"caption\":\"Amaia\"},{\"@type\":\"BreadcrumbList\",\"@id\":\"https:\\\/\\\/unaymilletras.com\\\/amaia-anuncia-su-esperada-gira-por-arenas-para-2026\\\/#breadcrumb\",\"itemListElement\":[{\"@type\":\"ListItem\",\"position\":1,\"name\":\"Home\",\"item\":\"http:\\\/\\\/unaymilletras.com\\\/\"},{\"@type\":\"ListItem\",\"position\":2,\"name\":\"AMAIA ANUNCIA SU ESPERADA GIRA POR ARENAS PARA 2026\"}]},{\"@type\":\"WebSite\",\"@id\":\"http:\\\/\\\/unaymilletras.com\\\/#website\",\"url\":\"http:\\\/\\\/unaymilletras.com\\\/\",\"name\":\"Una y Mil Letras\",\"description\":\"\",\"publisher\":{\"@id\":\"http:\\\/\\\/unaymilletras.com\\\/#organization\"},\"potentialAction\":[{\"@type\":\"SearchAction\",\"target\":{\"@type\":\"EntryPoint\",\"urlTemplate\":\"http:\\\/\\\/unaymilletras.com\\\/?s={search_term_string}\"},\"query-input\":{\"@type\":\"PropertyValueSpecification\",\"valueRequired\":true,\"valueName\":\"search_term_string\"}}],\"inLanguage\":\"en-GB\"},{\"@type\":\"Organization\",\"@id\":\"http:\\\/\\\/unaymilletras.com\\\/#organization\",\"name\":\"Una y Mil Letras\",\"url\":\"http:\\\/\\\/unaymilletras.com\\\/\",\"logo\":{\"@type\":\"ImageObject\",\"inLanguage\":\"en-GB\",\"@id\":\"http:\\\/\\\/unaymilletras.com\\\/#\\\/schema\\\/logo\\\/image\\\/\",\"url\":\"https:\\\/\\\/unaymilletras.com\\\/wp-content\\\/uploads\\\/2024\\\/06\\\/cropped-Logo-removebg-preview.png\",\"contentUrl\":\"https:\\\/\\\/unaymilletras.com\\\/wp-content\\\/uploads\\\/2024\\\/06\\\/cropped-Logo-removebg-preview.png\",\"width\":512,\"height\":512,\"caption\":\"Una y Mil Letras\"},\"image\":{\"@id\":\"http:\\\/\\\/unaymilletras.com\\\/#\\\/schema\\\/logo\\\/image\\\/\"},\"sameAs\":[\"https:\\\/\\\/x.com\\\/UnaYMilLetras\",\"https:\\\/\\\/instagram.com\\\/UnaYMilLetras\"]},{\"@type\":\"Person\",\"@id\":\"http:\\\/\\\/unaymilletras.com\\\/#\\\/schema\\\/person\\\/e7b1ac09f0dc4164648ddf029109cac5\",\"name\":\"Pilar\",\"image\":{\"@type\":\"ImageObject\",\"inLanguage\":\"en-GB\",\"@id\":\"https:\\\/\\\/secure.gravatar.com\\\/avatar\\\/3af856679f2093ff1bee070c9d88d223b98389a789ca51178c660fe3945d4c01?s=96&d=mm&r=g\",\"url\":\"https:\\\/\\\/secure.gravatar.com\\\/avatar\\\/3af856679f2093ff1bee070c9d88d223b98389a789ca51178c660fe3945d4c01?s=96&d=mm&r=g\",\"contentUrl\":\"https:\\\/\\\/secure.gravatar.com\\\/avatar\\\/3af856679f2093ff1bee070c9d88d223b98389a789ca51178c660fe3945d4c01?s=96&d=mm&r=g\",\"caption\":\"Pilar\"},\"url\":\"https:\\\/\\\/unaymilletras.com\\\/en\\\/author\\\/pilardezgz\\\/\"}]}<\/script>\n<!-- \/ Yoast SEO plugin. -->","yoast_head_json":{"title":"AMAIA ANUNCIA SU ESPERADA GIRA POR ARENAS PARA 2026","description":"Tras el \u00e9xito de su \u00faltimo \u00e1lbum \"Si abro los ojos no es real\", Amaia anuncia un tour que pasar\u00e1 por las Espa\u00f1a el a\u00f1o que viene","robots":{"index":"index","follow":"follow","max-snippet":"max-snippet:-1","max-image-preview":"max-image-preview:large","max-video-preview":"max-video-preview:-1"},"canonical":"https:\/\/unaymilletras.com\/en\/amaia-anuncia-su-esperada-gira-por-arenas-para-2026\/","og_locale":"en_GB","og_type":"article","og_title":"AMAIA ANUNCIA SU ESPERADA GIRA POR ARENAS PARA 2026","og_description":"Tras el \u00e9xito de su \u00faltimo \u00e1lbum \"Si abro los ojos no es real\", Amaia anuncia un tour que pasar\u00e1 por las Espa\u00f1a el a\u00f1o que viene","og_url":"https:\/\/unaymilletras.com\/en\/amaia-anuncia-su-esperada-gira-por-arenas-para-2026\/","og_site_name":"Una y Mil Letras","article_published_time":"2025-10-09T09:24:49+00:00","article_modified_time":"2025-10-10T08:46:06+00:00","og_image":[{"width":600,"height":750,"url":"http:\/\/unaymilletras.com\/wp-content\/uploads\/2025\/10\/1408187_open_cartel_todas_ciudad-e1760085715623.jpg","type":"image\/jpeg"}],"author":"Pilar","twitter_card":"summary_large_image","twitter_creator":"@UnaYMilLetras","twitter_site":"@UnaYMilLetras","twitter_misc":{"Written by":"Pilar","Estimated reading time":"2 minutes"},"schema":{"@context":"https:\/\/schema.org","@graph":[{"@type":"Article","@id":"https:\/\/unaymilletras.com\/amaia-anuncia-su-esperada-gira-por-arenas-para-2026\/#article","isPartOf":{"@id":"https:\/\/unaymilletras.com\/amaia-anuncia-su-esperada-gira-por-arenas-para-2026\/"},"author":{"name":"Pilar","@id":"http:\/\/unaymilletras.com\/#\/schema\/person\/e7b1ac09f0dc4164648ddf029109cac5"},"headline":"AMAIA ANUNCIA SU ESPERADA GIRA POR ARENAS PARA 2026","datePublished":"2025-10-09T09:24:49+00:00","dateModified":"2025-10-10T08:46:06+00:00","mainEntityOfPage":{"@id":"https:\/\/unaymilletras.com\/amaia-anuncia-su-esperada-gira-por-arenas-para-2026\/"},"wordCount":211,"publisher":{"@id":"http:\/\/unaymilletras.com\/#organization"},"image":{"@id":"https:\/\/unaymilletras.com\/amaia-anuncia-su-esperada-gira-por-arenas-para-2026\/#primaryimage"},"thumbnailUrl":"https:\/\/unaymilletras.com\/wp-content\/uploads\/2025\/10\/1408187_open_cartel_todas_ciudad-e1760085715623.jpg","articleSection":["Uncategorized"],"inLanguage":"en-GB"},{"@type":"WebPage","@id":"https:\/\/unaymilletras.com\/amaia-anuncia-su-esperada-gira-por-arenas-para-2026\/","url":"https:\/\/unaymilletras.com\/amaia-anuncia-su-esperada-gira-por-arenas-para-2026\/","name":"AMAIA ANUNCIA SU ESPERADA GIRA POR ARENAS PARA 2026","isPartOf":{"@id":"http:\/\/unaymilletras.com\/#website"},"primaryImageOfPage":{"@id":"https:\/\/unaymilletras.com\/amaia-anuncia-su-esperada-gira-por-arenas-para-2026\/#primaryimage"},"image":{"@id":"https:\/\/unaymilletras.com\/amaia-anuncia-su-esperada-gira-por-arenas-para-2026\/#primaryimage"},"thumbnailUrl":"https:\/\/unaymilletras.com\/wp-content\/uploads\/2025\/10\/1408187_open_cartel_todas_ciudad-e1760085715623.jpg","datePublished":"2025-10-09T09:24:49+00:00","dateModified":"2025-10-10T08:46:06+00:00","description":"Tras el \u00e9xito de su \u00faltimo \u00e1lbum \"Si abro los ojos no es real\", Amaia anuncia un tour que pasar\u00e1 por las Espa\u00f1a el a\u00f1o que viene","breadcrumb":{"@id":"https:\/\/unaymilletras.com\/amaia-anuncia-su-esperada-gira-por-arenas-para-2026\/#breadcrumb"},"inLanguage":"en-GB","potentialAction":[{"@type":"ReadAction","target":["https:\/\/unaymilletras.com\/amaia-anuncia-su-esperada-gira-por-arenas-para-2026\/"]}]},{"@type":"ImageObject","inLanguage":"en-GB","@id":"https:\/\/unaymilletras.com\/amaia-anuncia-su-esperada-gira-por-arenas-para-2026\/#primaryimage","url":"https:\/\/unaymilletras.com\/wp-content\/uploads\/2025\/10\/1408187_open_cartel_todas_ciudad-e1760085715623.jpg","contentUrl":"https:\/\/unaymilletras.com\/wp-content\/uploads\/2025\/10\/1408187_open_cartel_todas_ciudad-e1760085715623.jpg","width":600,"height":750,"caption":"Amaia"},{"@type":"BreadcrumbList","@id":"https:\/\/unaymilletras.com\/amaia-anuncia-su-esperada-gira-por-arenas-para-2026\/#breadcrumb","itemListElement":[{"@type":"ListItem","position":1,"name":"Home","item":"http:\/\/unaymilletras.com\/"},{"@type":"ListItem","position":2,"name":"AMAIA ANUNCIA SU ESPERADA GIRA POR ARENAS PARA 2026"}]},{"@type":"WebSite","@id":"http:\/\/unaymilletras.com\/#website","url":"http:\/\/unaymilletras.com\/","name":"Una y Mil Letras","description":"","publisher":{"@id":"http:\/\/unaymilletras.com\/#organization"},"potentialAction":[{"@type":"SearchAction","target":{"@type":"EntryPoint","urlTemplate":"http:\/\/unaymilletras.com\/?s={search_term_string}"},"query-input":{"@type":"PropertyValueSpecification","valueRequired":true,"valueName":"search_term_string"}}],"inLanguage":"en-GB"},{"@type":"Organization","@id":"http:\/\/unaymilletras.com\/#organization","name":"Una y Mil Letras","url":"http:\/\/unaymilletras.com\/","logo":{"@type":"ImageObject","inLanguage":"en-GB","@id":"http:\/\/unaymilletras.com\/#\/schema\/logo\/image\/","url":"https:\/\/unaymilletras.com\/wp-content\/uploads\/2024\/06\/cropped-Logo-removebg-preview.png","contentUrl":"https:\/\/unaymilletras.com\/wp-content\/uploads\/2024\/06\/cropped-Logo-removebg-preview.png","width":512,"height":512,"caption":"Una y Mil Letras"},"image":{"@id":"http:\/\/unaymilletras.com\/#\/schema\/logo\/image\/"},"sameAs":["https:\/\/x.com\/UnaYMilLetras","https:\/\/instagram.com\/UnaYMilLetras"]},{"@type":"Person","@id":"http:\/\/unaymilletras.com\/#\/schema\/person\/e7b1ac09f0dc4164648ddf029109cac5","name":"Pilar","image":{"@type":"ImageObject","inLanguage":"en-GB","@id":"https:\/\/secure.gravatar.com\/avatar\/3af856679f2093ff1bee070c9d88d223b98389a789ca51178c660fe3945d4c01?s=96&d=mm&r=g","url":"https:\/\/secure.gravatar.com\/avatar\/3af856679f2093ff1bee070c9d88d223b98389a789ca51178c660fe3945d4c01?s=96&d=mm&r=g","contentUrl":"https:\/\/secure.gravatar.com\/avatar\/3af856679f2093ff1bee070c9d88d223b98389a789ca51178c660fe3945d4c01?s=96&d=mm&r=g","caption":"Pilar"},"url":"https:\/\/unaymilletras.com\/en\/author\/pilardezgz\/"}]}},"_links":{"self":[{"href":"https:\/\/unaymilletras.com\/en\/wp-json\/wp\/v2\/posts\/5915","targetHints":{"allow":["GET"]}}],"collection":[{"href":"https:\/\/unaymilletras.com\/en\/wp-json\/wp\/v2\/posts"}],"about":[{"href":"https:\/\/unaymilletras.com\/en\/wp-json\/wp\/v2\/types\/post"}],"author":[{"embeddable":true,"href":"https:\/\/unaymilletras.com\/en\/wp-json\/wp\/v2\/users\/14"}],"replies":[{"embeddable":true,"href":"https:\/\/unaymilletras.com\/en\/wp-json\/wp\/v2\/comments?post=5915"}],"version-history":[{"count":2,"href":"https:\/\/unaymilletras.com\/en\/wp-json\/wp\/v2\/posts\/5915\/revisions"}],"predecessor-version":[{"id":5925,"href":"https:\/\/unaymilletras.com\/en\/wp-json\/wp\/v2\/posts\/5915\/revisions\/5925"}],"wp:featuredmedia":[{"embeddable":true,"href":"https:\/\/unaymilletras.com\/en\/wp-json\/wp\/v2\/media\/5923"}],"wp:attachment":[{"href":"https:\/\/unaymilletras.com\/en\/wp-json\/wp\/v2\/media?parent=5915"}],"wp:term":[{"taxonomy":"category","embeddable":true,"href":"https:\/\/unaymilletras.com\/en\/wp-json\/wp\/v2\/categories?post=5915"},{"taxonomy":"post_tag","embeddable":true,"href":"https:\/\/unaymilletras.com\/en\/wp-json\/wp\/v2\/tags?post=5915"}],"curies":[{"name":"wp","href":"https:\/\/api.w.org\/{rel}","templated":true}]}}