{"id":5920,"date":"2025-10-09T23:17:28","date_gmt":"2025-10-09T21:17:28","guid":{"rendered":"https:\/\/unaymilletras.com\/?p=5920"},"modified":"2025-10-09T23:17:29","modified_gmt":"2025-10-09T21:17:29","slug":"roa-artista-revelacion-de-puerto-rico-arranca-con-cuatro-sold-out-su-gira-por-espana","status":"publish","type":"post","link":"https:\/\/unaymilletras.com\/en\/roa-artista-revelacion-de-puerto-rico-arranca-con-cuatro-sold-out-su-gira-por-espana\/","title":{"rendered":"ROA, artista revelaci\u00f3n de Puerto Rico, arranca con cuatro sold out su gira por Espa\u00f1a"},"content":{"rendered":"<p><strong><em>Lleida, Sevilla, C\u00e1diz y Shoko Madrid fueron testigos de los primeros conciertos de ROA en un tour que tiene todas las entradas vendidas<\/em><\/strong><\/p>\n\n\n\n<p>El artista puertorrique\u00f1o, ROA, inici\u00f3 el pasado viernes 3 de octubre el &#8216;Spain Tour 2025&#8217; en la sala Biloba de Lleida. La noche siguiente hizo doblete al actuar en dos shows diferentes en Sevilla y C\u00e1diz de forma consecutiva. La joya de la corona fue un concierto en Madrid,,el pasado domingo en la sala Shoko, un lugar por el que han pasado muchos de los artistas m\u00e1s ic\u00f3nicos de Puerto Rico, cuando todav\u00eda estaban a punto de dar el salto definitivo. ROA cumpli\u00f3 las expectativas y dej\u00f3\u00a0su huella en un escenario que impulsa carreras.<\/p>\n\n\n\n<p>A pesar de no ser el m\u00e1s reconocido de la nueva camada de artistas que est\u00e1n adue\u00f1\u00e1ndose del g\u00e9nero urbano poco a poco, ROA ha vendido todas las entradas de las 15 fechas que dar\u00e1 en su paso por Espa\u00f1a. Todav\u00eda falta por confirmar el lugar que pondr\u00e1 fin a la gira el pr\u00f3ximo 31 de octubre. El artista aprovecha entre semana a descansar ya que todas sus actuaciones se concentran en los fines de semana del mes.<\/p>\n\n\n\n<p>Este tiempo puede emplearlo en cerrar alguna colaboraci\u00f3n o lanzar m\u00e1s m\u00fasica. Desde el 30 de julio no hace ning\u00fan lanzamiento, aunque su participaci\u00f3n a finales de agosto en Yogurcito Remix monopoliza su perfil de Spotify. ROA supera ya los 11 millones de oyentes mensuales y su nombre empieza a estar grabado en la retina de muchos. En sus conciertos destaca esta canci\u00f3n, pero las m\u00e1s gritadas por los fan\u00e1ticos son \u00abFantas\u00eda\u00bb, \u00abJet Ski Remix\u00bb, \u00abMe Gustas CC\u00bb, aunque la favorita del p\u00fablico sigue siendo \u00abETA Remix\u00bb<\/p>\n\n\n\n<p>ROA contin\u00faa en crecimiento\u00a0como artista mientras rompe barreras geogr\u00e1ficas y conquista al p\u00fablico europeo. Este mes se llev\u00f3 en los &#8216;Premios Juventud&#8217;, celebrados en Panam\u00e1, el galard\u00f3n a mejor artista masculino de la nueva generaci\u00f3n. Es el segundo que ROA gana este a\u00f1o, despu\u00e9s de a inicios del mismo lograrlo en los &#8216;Premios Tu M\u00fasica Urbano 2025&#8217;. Sus cuatro millones de seguidores en todas las plataformas respaldan una de las carreras emergentes del momento.<br><\/p>\n\n\n\n<p><br><br><br><\/p>","protected":false},"excerpt":{"rendered":"<p>Lleida, Sevilla, C\u00e1diz y Shoko Madrid fueron testigos de los primeros conciertos de ROA en un tour que tiene todas las entradas vendidas El artista puertorrique\u00f1o, ROA, inici\u00f3 el pasado viernes 3 de octubre el &#8216;Spain Tour 2025&#8217; en la sala Biloba de Lleida. La noche siguiente hizo doblete al actuar en dos shows diferentes [&hellip;]<\/p>\n","protected":false},"author":10,"featured_media":5921,"comment_status":"closed","ping_status":"closed","sticky":false,"template":"","format":"standard","meta":{"footnotes":""},"categories":[4],"tags":[178,171,169,224,184,203,172],"class_list":["post-5920","post","type-post","status-publish","format-standard","has-post-thumbnail","hentry","category-musica","tag-espana","tag-gira","tag-musica","tag-roa","tag-sencillo","tag-single","tag-tour"],"yoast_head":"<!-- This site is optimized with the Yoast SEO plugin v27.4 - https:\/\/yoast.com\/product\/yoast-seo-wordpress\/ -->\n<title>ROA, artista revelaci\u00f3n de Puerto Rico, arranca con cuatro sold out su gira por Espa\u00f1a &#8902; Una y Mil Letras<\/title>\n<meta name=\"description\" content=\"Lleida, Sevilla, C\u00e1diz y Shoko Madrid fueron testigos de los primeros conciertos de ROA en un tour que tiene todas las entradas vendidas\" \/>\n<meta name=\"robots\" content=\"index, follow, max-snippet:-1, max-image-preview:large, max-video-preview:-1\" \/>\n<link rel=\"canonical\" href=\"https:\/\/unaymilletras.com\/en\/roa-artista-revelacion-de-puerto-rico-arranca-con-cuatro-sold-out-su-gira-por-espana\/\" \/>\n<meta property=\"og:locale\" content=\"en_GB\" \/>\n<meta property=\"og:type\" content=\"article\" \/>\n<meta property=\"og:title\" content=\"ROA, artista revelaci\u00f3n de Puerto Rico, arranca con cuatro sold out su gira por Espa\u00f1a &#8902; Una y Mil Letras\" \/>\n<meta property=\"og:description\" content=\"Lleida, Sevilla, C\u00e1diz y Shoko Madrid fueron testigos de los primeros conciertos de ROA en un tour que tiene todas las entradas vendidas\" \/>\n<meta property=\"og:url\" content=\"https:\/\/unaymilletras.com\/en\/roa-artista-revelacion-de-puerto-rico-arranca-con-cuatro-sold-out-su-gira-por-espana\/\" \/>\n<meta property=\"og:site_name\" content=\"Una y Mil Letras\" \/>\n<meta property=\"article:published_time\" content=\"2025-10-09T21:17:28+00:00\" \/>\n<meta property=\"article:modified_time\" content=\"2025-10-09T21:17:29+00:00\" \/>\n<meta property=\"og:image\" content=\"http:\/\/unaymilletras.com\/wp-content\/uploads\/2025\/10\/unnamed-2.jpg\" \/>\n\t<meta property=\"og:image:width\" content=\"660\" \/>\n\t<meta property=\"og:image:height\" content=\"880\" \/>\n\t<meta property=\"og:image:type\" content=\"image\/jpeg\" \/>\n<meta name=\"author\" content=\"David Hern\u00e1ndez\" \/>\n<meta name=\"twitter:card\" content=\"summary_large_image\" \/>\n<meta name=\"twitter:creator\" content=\"@UnaYMilLetras\" \/>\n<meta name=\"twitter:site\" content=\"@UnaYMilLetras\" \/>\n<meta name=\"twitter:label1\" content=\"Written by\" \/>\n\t<meta name=\"twitter:data1\" content=\"David Hern\u00e1ndez\" \/>\n\t<meta name=\"twitter:label2\" content=\"Estimated reading time\" \/>\n\t<meta name=\"twitter:data2\" content=\"2 minutes\" \/>\n<script type=\"application\/ld+json\" class=\"yoast-schema-graph\">{\"@context\":\"https:\\\/\\\/schema.org\",\"@graph\":[{\"@type\":\"Article\",\"@id\":\"https:\\\/\\\/unaymilletras.com\\\/roa-artista-revelacion-de-puerto-rico-arranca-con-cuatro-sold-out-su-gira-por-espana\\\/#article\",\"isPartOf\":{\"@id\":\"https:\\\/\\\/unaymilletras.com\\\/roa-artista-revelacion-de-puerto-rico-arranca-con-cuatro-sold-out-su-gira-por-espana\\\/\"},\"author\":{\"name\":\"David Hern\u00e1ndez\",\"@id\":\"http:\\\/\\\/unaymilletras.com\\\/#\\\/schema\\\/person\\\/0c171c80bc49a58d7a8ed3394548370c\"},\"headline\":\"ROA, artista revelaci\u00f3n de Puerto Rico, arranca con cuatro sold out su gira por Espa\u00f1a\",\"datePublished\":\"2025-10-09T21:17:28+00:00\",\"dateModified\":\"2025-10-09T21:17:29+00:00\",\"mainEntityOfPage\":{\"@id\":\"https:\\\/\\\/unaymilletras.com\\\/roa-artista-revelacion-de-puerto-rico-arranca-con-cuatro-sold-out-su-gira-por-espana\\\/\"},\"wordCount\":400,\"publisher\":{\"@id\":\"http:\\\/\\\/unaymilletras.com\\\/#organization\"},\"image\":{\"@id\":\"https:\\\/\\\/unaymilletras.com\\\/roa-artista-revelacion-de-puerto-rico-arranca-con-cuatro-sold-out-su-gira-por-espana\\\/#primaryimage\"},\"thumbnailUrl\":\"https:\\\/\\\/unaymilletras.com\\\/wp-content\\\/uploads\\\/2025\\\/10\\\/unnamed-2.jpg\",\"keywords\":[\"Espa\u00f1a\",\"Gira\",\"musica\",\"ROA\",\"Sencillo\",\"Single\",\"Tour\"],\"articleSection\":[\"M\u00fasica\"],\"inLanguage\":\"en-GB\"},{\"@type\":\"WebPage\",\"@id\":\"https:\\\/\\\/unaymilletras.com\\\/roa-artista-revelacion-de-puerto-rico-arranca-con-cuatro-sold-out-su-gira-por-espana\\\/\",\"url\":\"https:\\\/\\\/unaymilletras.com\\\/roa-artista-revelacion-de-puerto-rico-arranca-con-cuatro-sold-out-su-gira-por-espana\\\/\",\"name\":\"ROA, artista revelaci\u00f3n de Puerto Rico, arranca con cuatro sold out su gira por Espa\u00f1a &#8902; Una y Mil Letras\",\"isPartOf\":{\"@id\":\"http:\\\/\\\/unaymilletras.com\\\/#website\"},\"primaryImageOfPage\":{\"@id\":\"https:\\\/\\\/unaymilletras.com\\\/roa-artista-revelacion-de-puerto-rico-arranca-con-cuatro-sold-out-su-gira-por-espana\\\/#primaryimage\"},\"image\":{\"@id\":\"https:\\\/\\\/unaymilletras.com\\\/roa-artista-revelacion-de-puerto-rico-arranca-con-cuatro-sold-out-su-gira-por-espana\\\/#primaryimage\"},\"thumbnailUrl\":\"https:\\\/\\\/unaymilletras.com\\\/wp-content\\\/uploads\\\/2025\\\/10\\\/unnamed-2.jpg\",\"datePublished\":\"2025-10-09T21:17:28+00:00\",\"dateModified\":\"2025-10-09T21:17:29+00:00\",\"description\":\"Lleida, Sevilla, C\u00e1diz y Shoko Madrid fueron testigos de los primeros conciertos de ROA en un tour que tiene todas las entradas vendidas\",\"breadcrumb\":{\"@id\":\"https:\\\/\\\/unaymilletras.com\\\/roa-artista-revelacion-de-puerto-rico-arranca-con-cuatro-sold-out-su-gira-por-espana\\\/#breadcrumb\"},\"inLanguage\":\"en-GB\",\"potentialAction\":[{\"@type\":\"ReadAction\",\"target\":[\"https:\\\/\\\/unaymilletras.com\\\/roa-artista-revelacion-de-puerto-rico-arranca-con-cuatro-sold-out-su-gira-por-espana\\\/\"]}]},{\"@type\":\"ImageObject\",\"inLanguage\":\"en-GB\",\"@id\":\"https:\\\/\\\/unaymilletras.com\\\/roa-artista-revelacion-de-puerto-rico-arranca-con-cuatro-sold-out-su-gira-por-espana\\\/#primaryimage\",\"url\":\"https:\\\/\\\/unaymilletras.com\\\/wp-content\\\/uploads\\\/2025\\\/10\\\/unnamed-2.jpg\",\"contentUrl\":\"https:\\\/\\\/unaymilletras.com\\\/wp-content\\\/uploads\\\/2025\\\/10\\\/unnamed-2.jpg\",\"width\":660,\"height\":880,\"caption\":\"ROA\"},{\"@type\":\"BreadcrumbList\",\"@id\":\"https:\\\/\\\/unaymilletras.com\\\/roa-artista-revelacion-de-puerto-rico-arranca-con-cuatro-sold-out-su-gira-por-espana\\\/#breadcrumb\",\"itemListElement\":[{\"@type\":\"ListItem\",\"position\":1,\"name\":\"Home\",\"item\":\"http:\\\/\\\/unaymilletras.com\\\/\"},{\"@type\":\"ListItem\",\"position\":2,\"name\":\"ROA, artista revelaci\u00f3n de Puerto Rico, arranca con cuatro sold out su gira por Espa\u00f1a\"}]},{\"@type\":\"WebSite\",\"@id\":\"http:\\\/\\\/unaymilletras.com\\\/#website\",\"url\":\"http:\\\/\\\/unaymilletras.com\\\/\",\"name\":\"Una y Mil Letras\",\"description\":\"\",\"publisher\":{\"@id\":\"http:\\\/\\\/unaymilletras.com\\\/#organization\"},\"potentialAction\":[{\"@type\":\"SearchAction\",\"target\":{\"@type\":\"EntryPoint\",\"urlTemplate\":\"http:\\\/\\\/unaymilletras.com\\\/?s={search_term_string}\"},\"query-input\":{\"@type\":\"PropertyValueSpecification\",\"valueRequired\":true,\"valueName\":\"search_term_string\"}}],\"inLanguage\":\"en-GB\"},{\"@type\":\"Organization\",\"@id\":\"http:\\\/\\\/unaymilletras.com\\\/#organization\",\"name\":\"Una y Mil Letras\",\"url\":\"http:\\\/\\\/unaymilletras.com\\\/\",\"logo\":{\"@type\":\"ImageObject\",\"inLanguage\":\"en-GB\",\"@id\":\"http:\\\/\\\/unaymilletras.com\\\/#\\\/schema\\\/logo\\\/image\\\/\",\"url\":\"https:\\\/\\\/unaymilletras.com\\\/wp-content\\\/uploads\\\/2024\\\/06\\\/cropped-Logo-removebg-preview.png\",\"contentUrl\":\"https:\\\/\\\/unaymilletras.com\\\/wp-content\\\/uploads\\\/2024\\\/06\\\/cropped-Logo-removebg-preview.png\",\"width\":512,\"height\":512,\"caption\":\"Una y Mil Letras\"},\"image\":{\"@id\":\"http:\\\/\\\/unaymilletras.com\\\/#\\\/schema\\\/logo\\\/image\\\/\"},\"sameAs\":[\"https:\\\/\\\/x.com\\\/UnaYMilLetras\",\"https:\\\/\\\/instagram.com\\\/UnaYMilLetras\"]},{\"@type\":\"Person\",\"@id\":\"http:\\\/\\\/unaymilletras.com\\\/#\\\/schema\\\/person\\\/0c171c80bc49a58d7a8ed3394548370c\",\"name\":\"David Hern\u00e1ndez\",\"image\":{\"@type\":\"ImageObject\",\"inLanguage\":\"en-GB\",\"@id\":\"https:\\\/\\\/secure.gravatar.com\\\/avatar\\\/86739d73874dcbc11e4278af33fb905704f5c29329727efb3b0e0bc838b0d469?s=96&d=mm&r=g\",\"url\":\"https:\\\/\\\/secure.gravatar.com\\\/avatar\\\/86739d73874dcbc11e4278af33fb905704f5c29329727efb3b0e0bc838b0d469?s=96&d=mm&r=g\",\"contentUrl\":\"https:\\\/\\\/secure.gravatar.com\\\/avatar\\\/86739d73874dcbc11e4278af33fb905704f5c29329727efb3b0e0bc838b0d469?s=96&d=mm&r=g\",\"caption\":\"David Hern\u00e1ndez\"},\"url\":\"https:\\\/\\\/unaymilletras.com\\\/en\\\/author\\\/davidesel\\\/\"}]}<\/script>\n<!-- \/ Yoast SEO plugin. -->","yoast_head_json":{"title":"ROA, artista revelaci\u00f3n de Puerto Rico, arranca con cuatro sold out su gira por Espa\u00f1a &#8902; Una y Mil Letras","description":"Lleida, Sevilla, C\u00e1diz y Shoko Madrid fueron testigos de los primeros conciertos de ROA en un tour que tiene todas las entradas vendidas","robots":{"index":"index","follow":"follow","max-snippet":"max-snippet:-1","max-image-preview":"max-image-preview:large","max-video-preview":"max-video-preview:-1"},"canonical":"https:\/\/unaymilletras.com\/en\/roa-artista-revelacion-de-puerto-rico-arranca-con-cuatro-sold-out-su-gira-por-espana\/","og_locale":"en_GB","og_type":"article","og_title":"ROA, artista revelaci\u00f3n de Puerto Rico, arranca con cuatro sold out su gira por Espa\u00f1a &#8902; Una y Mil Letras","og_description":"Lleida, Sevilla, C\u00e1diz y Shoko Madrid fueron testigos de los primeros conciertos de ROA en un tour que tiene todas las entradas vendidas","og_url":"https:\/\/unaymilletras.com\/en\/roa-artista-revelacion-de-puerto-rico-arranca-con-cuatro-sold-out-su-gira-por-espana\/","og_site_name":"Una y Mil Letras","article_published_time":"2025-10-09T21:17:28+00:00","article_modified_time":"2025-10-09T21:17:29+00:00","og_image":[{"width":660,"height":880,"url":"http:\/\/unaymilletras.com\/wp-content\/uploads\/2025\/10\/unnamed-2.jpg","type":"image\/jpeg"}],"author":"David Hern\u00e1ndez","twitter_card":"summary_large_image","twitter_creator":"@UnaYMilLetras","twitter_site":"@UnaYMilLetras","twitter_misc":{"Written by":"David Hern\u00e1ndez","Estimated reading time":"2 minutes"},"schema":{"@context":"https:\/\/schema.org","@graph":[{"@type":"Article","@id":"https:\/\/unaymilletras.com\/roa-artista-revelacion-de-puerto-rico-arranca-con-cuatro-sold-out-su-gira-por-espana\/#article","isPartOf":{"@id":"https:\/\/unaymilletras.com\/roa-artista-revelacion-de-puerto-rico-arranca-con-cuatro-sold-out-su-gira-por-espana\/"},"author":{"name":"David Hern\u00e1ndez","@id":"http:\/\/unaymilletras.com\/#\/schema\/person\/0c171c80bc49a58d7a8ed3394548370c"},"headline":"ROA, artista revelaci\u00f3n de Puerto Rico, arranca con cuatro sold out su gira por Espa\u00f1a","datePublished":"2025-10-09T21:17:28+00:00","dateModified":"2025-10-09T21:17:29+00:00","mainEntityOfPage":{"@id":"https:\/\/unaymilletras.com\/roa-artista-revelacion-de-puerto-rico-arranca-con-cuatro-sold-out-su-gira-por-espana\/"},"wordCount":400,"publisher":{"@id":"http:\/\/unaymilletras.com\/#organization"},"image":{"@id":"https:\/\/unaymilletras.com\/roa-artista-revelacion-de-puerto-rico-arranca-con-cuatro-sold-out-su-gira-por-espana\/#primaryimage"},"thumbnailUrl":"https:\/\/unaymilletras.com\/wp-content\/uploads\/2025\/10\/unnamed-2.jpg","keywords":["Espa\u00f1a","Gira","musica","ROA","Sencillo","Single","Tour"],"articleSection":["M\u00fasica"],"inLanguage":"en-GB"},{"@type":"WebPage","@id":"https:\/\/unaymilletras.com\/roa-artista-revelacion-de-puerto-rico-arranca-con-cuatro-sold-out-su-gira-por-espana\/","url":"https:\/\/unaymilletras.com\/roa-artista-revelacion-de-puerto-rico-arranca-con-cuatro-sold-out-su-gira-por-espana\/","name":"ROA, artista revelaci\u00f3n de Puerto Rico, arranca con cuatro sold out su gira por Espa\u00f1a &#8902; Una y Mil Letras","isPartOf":{"@id":"http:\/\/unaymilletras.com\/#website"},"primaryImageOfPage":{"@id":"https:\/\/unaymilletras.com\/roa-artista-revelacion-de-puerto-rico-arranca-con-cuatro-sold-out-su-gira-por-espana\/#primaryimage"},"image":{"@id":"https:\/\/unaymilletras.com\/roa-artista-revelacion-de-puerto-rico-arranca-con-cuatro-sold-out-su-gira-por-espana\/#primaryimage"},"thumbnailUrl":"https:\/\/unaymilletras.com\/wp-content\/uploads\/2025\/10\/unnamed-2.jpg","datePublished":"2025-10-09T21:17:28+00:00","dateModified":"2025-10-09T21:17:29+00:00","description":"Lleida, Sevilla, C\u00e1diz y Shoko Madrid fueron testigos de los primeros conciertos de ROA en un tour que tiene todas las entradas vendidas","breadcrumb":{"@id":"https:\/\/unaymilletras.com\/roa-artista-revelacion-de-puerto-rico-arranca-con-cuatro-sold-out-su-gira-por-espana\/#breadcrumb"},"inLanguage":"en-GB","potentialAction":[{"@type":"ReadAction","target":["https:\/\/unaymilletras.com\/roa-artista-revelacion-de-puerto-rico-arranca-con-cuatro-sold-out-su-gira-por-espana\/"]}]},{"@type":"ImageObject","inLanguage":"en-GB","@id":"https:\/\/unaymilletras.com\/roa-artista-revelacion-de-puerto-rico-arranca-con-cuatro-sold-out-su-gira-por-espana\/#primaryimage","url":"https:\/\/unaymilletras.com\/wp-content\/uploads\/2025\/10\/unnamed-2.jpg","contentUrl":"https:\/\/unaymilletras.com\/wp-content\/uploads\/2025\/10\/unnamed-2.jpg","width":660,"height":880,"caption":"ROA"},{"@type":"BreadcrumbList","@id":"https:\/\/unaymilletras.com\/roa-artista-revelacion-de-puerto-rico-arranca-con-cuatro-sold-out-su-gira-por-espana\/#breadcrumb","itemListElement":[{"@type":"ListItem","position":1,"name":"Home","item":"http:\/\/unaymilletras.com\/"},{"@type":"ListItem","position":2,"name":"ROA, artista revelaci\u00f3n de Puerto Rico, arranca con cuatro sold out su gira por Espa\u00f1a"}]},{"@type":"WebSite","@id":"http:\/\/unaymilletras.com\/#website","url":"http:\/\/unaymilletras.com\/","name":"Una y Mil Letras","description":"","publisher":{"@id":"http:\/\/unaymilletras.com\/#organization"},"potentialAction":[{"@type":"SearchAction","target":{"@type":"EntryPoint","urlTemplate":"http:\/\/unaymilletras.com\/?s={search_term_string}"},"query-input":{"@type":"PropertyValueSpecification","valueRequired":true,"valueName":"search_term_string"}}],"inLanguage":"en-GB"},{"@type":"Organization","@id":"http:\/\/unaymilletras.com\/#organization","name":"Una y Mil Letras","url":"http:\/\/unaymilletras.com\/","logo":{"@type":"ImageObject","inLanguage":"en-GB","@id":"http:\/\/unaymilletras.com\/#\/schema\/logo\/image\/","url":"https:\/\/unaymilletras.com\/wp-content\/uploads\/2024\/06\/cropped-Logo-removebg-preview.png","contentUrl":"https:\/\/unaymilletras.com\/wp-content\/uploads\/2024\/06\/cropped-Logo-removebg-preview.png","width":512,"height":512,"caption":"Una y Mil Letras"},"image":{"@id":"http:\/\/unaymilletras.com\/#\/schema\/logo\/image\/"},"sameAs":["https:\/\/x.com\/UnaYMilLetras","https:\/\/instagram.com\/UnaYMilLetras"]},{"@type":"Person","@id":"http:\/\/unaymilletras.com\/#\/schema\/person\/0c171c80bc49a58d7a8ed3394548370c","name":"David Hern\u00e1ndez","image":{"@type":"ImageObject","inLanguage":"en-GB","@id":"https:\/\/secure.gravatar.com\/avatar\/86739d73874dcbc11e4278af33fb905704f5c29329727efb3b0e0bc838b0d469?s=96&d=mm&r=g","url":"https:\/\/secure.gravatar.com\/avatar\/86739d73874dcbc11e4278af33fb905704f5c29329727efb3b0e0bc838b0d469?s=96&d=mm&r=g","contentUrl":"https:\/\/secure.gravatar.com\/avatar\/86739d73874dcbc11e4278af33fb905704f5c29329727efb3b0e0bc838b0d469?s=96&d=mm&r=g","caption":"David Hern\u00e1ndez"},"url":"https:\/\/unaymilletras.com\/en\/author\/davidesel\/"}]}},"_links":{"self":[{"href":"https:\/\/unaymilletras.com\/en\/wp-json\/wp\/v2\/posts\/5920","targetHints":{"allow":["GET"]}}],"collection":[{"href":"https:\/\/unaymilletras.com\/en\/wp-json\/wp\/v2\/posts"}],"about":[{"href":"https:\/\/unaymilletras.com\/en\/wp-json\/wp\/v2\/types\/post"}],"author":[{"embeddable":true,"href":"https:\/\/unaymilletras.com\/en\/wp-json\/wp\/v2\/users\/10"}],"replies":[{"embeddable":true,"href":"https:\/\/unaymilletras.com\/en\/wp-json\/wp\/v2\/comments?post=5920"}],"version-history":[{"count":1,"href":"https:\/\/unaymilletras.com\/en\/wp-json\/wp\/v2\/posts\/5920\/revisions"}],"predecessor-version":[{"id":5922,"href":"https:\/\/unaymilletras.com\/en\/wp-json\/wp\/v2\/posts\/5920\/revisions\/5922"}],"wp:featuredmedia":[{"embeddable":true,"href":"https:\/\/unaymilletras.com\/en\/wp-json\/wp\/v2\/media\/5921"}],"wp:attachment":[{"href":"https:\/\/unaymilletras.com\/en\/wp-json\/wp\/v2\/media?parent=5920"}],"wp:term":[{"taxonomy":"category","embeddable":true,"href":"https:\/\/unaymilletras.com\/en\/wp-json\/wp\/v2\/categories?post=5920"},{"taxonomy":"post_tag","embeddable":true,"href":"https:\/\/unaymilletras.com\/en\/wp-json\/wp\/v2\/tags?post=5920"}],"curies":[{"name":"wp","href":"https:\/\/api.w.org\/{rel}","templated":true}]}}