{"id":5927,"date":"2025-10-12T12:00:00","date_gmt":"2025-10-12T10:00:00","guid":{"rendered":"https:\/\/unaymilletras.com\/?p=5927"},"modified":"2025-10-10T17:13:22","modified_gmt":"2025-10-10T15:13:22","slug":"sandra-groove-presenta-tormenta","status":"publish","type":"post","link":"https:\/\/unaymilletras.com\/en\/sandra-groove-presenta-tormenta\/","title":{"rendered":"Sandra Groove presenta \u201cTormenta\u201d"},"content":{"rendered":"<div data-elementor-type=\"wp-post\" data-elementor-id=\"5927\" class=\"elementor elementor-5927\">\n\t\t\t\t\t\t<section class=\"elementor-section elementor-top-section elementor-element elementor-element-9bad59e elementor-section-boxed elementor-section-height-default elementor-section-height-default\" data-id=\"9bad59e\" data-element_type=\"section\" data-e-type=\"section\">\n\t\t\t\t\t\t<div class=\"elementor-container elementor-column-gap-default\">\n\t\t\t\t\t<div class=\"elementor-column elementor-col-100 elementor-top-column elementor-element elementor-element-c19f6ca\" data-id=\"c19f6ca\" data-element_type=\"column\" data-e-type=\"column\">\n\t\t\t<div class=\"elementor-widget-wrap elementor-element-populated\">\n\t\t\t\t\t\t<div class=\"elementor-element elementor-element-7f5915f elementor-widget elementor-widget-text-editor\" data-id=\"7f5915f\" data-element_type=\"widget\" data-e-type=\"widget\" data-widget_type=\"text-editor.default\">\n\t\t\t\t<div class=\"elementor-widget-container\">\n\t\t\t\t\t\t\t\t\t<h2 style=\"text-align: left\"><strong><span style=\"color: #808080\">\u00a0La artista muestra su lado m\u00e1s emocional con un tema que combina pop, rock y electr\u00f3nica<\/span><\/strong><\/h2>\t\t\t\t\t\t\t\t<\/div>\n\t\t\t\t<\/div>\n\t\t\t\t<div class=\"elementor-element elementor-element-9f5c03a elementor-widget elementor-widget-text-editor\" data-id=\"9f5c03a\" data-element_type=\"widget\" data-e-type=\"widget\" data-widget_type=\"text-editor.default\">\n\t\t\t\t<div class=\"elementor-widget-container\">\n\t\t\t\t\t\t\t\t\t<p>La cantante Sandra Groove, conocida por su paso por <strong>La Voz<\/strong>, formando parte del equipo de <strong>Pablo L\u00f3pez<\/strong> y <strong>Operaci\u00f3n Triunfo<\/strong>, estren\u00f3 el pasado 12 de septiembre su nuevo single <em>Tormenta<\/em>. Se trata de una canci\u00f3n que marca una <strong>etapa m\u00e1s personal<\/strong> en su trayectoria. Con un sonido pop que incorpora matices rockeros y electr\u00f3nicos, el tema profundiza en la lucha interna que supone soltar un recuerdo y aceptar la necesidad de que <strong>dejemos marchar lo que nos produce dolor.<\/strong><\/p><p>El tema fue compuesto por Sandra Groove,<strong> Carlota Mad y Andrea Borr\u00e1s<\/strong>, y cuenta con la producci\u00f3n de <strong>Johan Velert<\/strong> (Valantain), con la masterizaci\u00f3n de <strong>Liam Garner,<\/strong> un equipo que refuerza la solidez sonora del proyecto.<\/p><p>Con m\u00e1s de <strong>117.000 seguidores en Instagram<\/strong> y <strong>81.000 en TikTok<\/strong>, Groove se ha ganado un espacio en la escena musical nacional gracias a su autenticidad. Ha compartido escenario con artistas como <strong>Lola \u00cdndigo<\/strong> y <strong>Fran Perea<\/strong>, y ha participado en festivales de relevancia como <strong>Mar de Sons, Big Sound Festival Valencia y Copea Festival Castell\u00f3n.<\/strong><\/p><p><em>Tormenta<\/em> llega acompa\u00f1ada de un <strong>videoclip<\/strong> de gran fuerza visual, en el que la artista muestra una faceta m\u00e1s <strong>introspectiva y emocional.<\/strong> Este lanzamiento tambi\u00e9n anticipa su <strong>pr\u00f3xima gira, Corazones Rotos,<\/strong> que comenzar\u00e1 en noviembre y recorrer\u00e1 varias de las principales ciudades espa\u00f1olas.<\/p><p>Con este nuevo trabajo, Sandra Groove reafirma su compromiso con una <strong>m\u00fasica sincera y cercana; <\/strong>en la que la emoci\u00f3n y la vulnerabilidad se convierten en el centro de su propuesta.\u00a0<\/p>\t\t\t\t\t\t\t\t<\/div>\n\t\t\t\t<\/div>\n\t\t\t\t<div class=\"elementor-element elementor-element-02c806a elementor-widget elementor-widget-video\" data-id=\"02c806a\" data-element_type=\"widget\" data-e-type=\"widget\" data-settings=\"{&quot;youtube_url&quot;:&quot;https:\\\/\\\/youtu.be\\\/tW6-j2nmpAo?feature=shared&quot;,&quot;video_type&quot;:&quot;youtube&quot;,&quot;controls&quot;:&quot;yes&quot;}\" data-widget_type=\"video.default\">\n\t\t\t\t<div class=\"elementor-widget-container\">\n\t\t\t\t\t\t\t<div class=\"elementor-wrapper elementor-open-inline\">\n\t\t\t<div class=\"elementor-video\"><\/div>\t\t<\/div>\n\t\t\t\t\t\t<\/div>\n\t\t\t\t<\/div>\n\t\t\t\t\t<\/div>\n\t\t<\/div>\n\t\t\t\t\t<\/div>\n\t\t<\/section>\n\t\t\t\t<\/div>","protected":false},"excerpt":{"rendered":"<p>\u00a0La artista muestra su lado m\u00e1s emocional con un tema que combina pop, rock y electr\u00f3nica La cantante Sandra Groove, conocida por su paso por La Voz, formando parte del equipo de Pablo L\u00f3pez y Operaci\u00f3n Triunfo, estren\u00f3 el pasado 12 de septiembre su nuevo single Tormenta. Se trata de una canci\u00f3n que marca una [&hellip;]<\/p>\n","protected":false},"author":8,"featured_media":5930,"comment_status":"closed","ping_status":"closed","sticky":false,"template":"","format":"standard","meta":{"footnotes":""},"categories":[4],"tags":[227,169,226,225],"class_list":["post-5927","post","type-post","status-publish","format-standard","has-post-thumbnail","hentry","category-musica","tag-la-voz-espana","tag-musica","tag-operacion-triunfo","tag-sandragroove"],"yoast_head":"<!-- This site is optimized with the Yoast SEO plugin v27.4 - https:\/\/yoast.com\/product\/yoast-seo-wordpress\/ -->\n<title>Sandra Groove presenta \u201cTormenta\u201d<\/title>\n<meta name=\"description\" content=\"La artista estren\u00f3 el pasado 12 de septiembre \u201cTormenta\u201d, una canci\u00f3n que marca una etapa m\u00e1s madura y personal en su trayectoria.\" \/>\n<meta name=\"robots\" content=\"index, follow, max-snippet:-1, max-image-preview:large, max-video-preview:-1\" \/>\n<link rel=\"canonical\" href=\"https:\/\/unaymilletras.com\/en\/sandra-groove-presenta-tormenta\/\" \/>\n<meta property=\"og:locale\" content=\"en_GB\" \/>\n<meta property=\"og:type\" content=\"article\" \/>\n<meta property=\"og:title\" content=\"Sandra Groove presenta \u201cTormenta\u201d\" \/>\n<meta property=\"og:description\" content=\"La artista estren\u00f3 el pasado 12 de septiembre \u201cTormenta\u201d, una canci\u00f3n que marca una etapa m\u00e1s madura y personal en su trayectoria.\" \/>\n<meta property=\"og:url\" content=\"https:\/\/unaymilletras.com\/en\/sandra-groove-presenta-tormenta\/\" \/>\n<meta property=\"og:site_name\" content=\"Una y Mil Letras\" \/>\n<meta property=\"article:published_time\" content=\"2025-10-12T10:00:00+00:00\" \/>\n<meta property=\"og:image\" content=\"https:\/\/unaymilletras.com\/wp-content\/uploads\/2025\/10\/Captura-de-pantalla-2025-10-10-a-las-13.55.01-e1760097332368.png\" \/>\n\t<meta property=\"og:image:width\" content=\"600\" \/>\n\t<meta property=\"og:image:height\" content=\"430\" \/>\n\t<meta property=\"og:image:type\" content=\"image\/png\" \/>\n<meta name=\"author\" content=\"Alvany Pereira\" \/>\n<meta name=\"twitter:card\" content=\"summary_large_image\" \/>\n<meta name=\"twitter:creator\" content=\"@UnaYMilLetras\" \/>\n<meta name=\"twitter:site\" content=\"@UnaYMilLetras\" \/>\n<meta name=\"twitter:label1\" content=\"Written by\" \/>\n\t<meta name=\"twitter:data1\" content=\"Alvany Pereira\" \/>\n\t<meta name=\"twitter:label2\" content=\"Estimated reading time\" \/>\n\t<meta name=\"twitter:data2\" content=\"2 minutes\" \/>\n<script type=\"application\/ld+json\" class=\"yoast-schema-graph\">{\"@context\":\"https:\\\/\\\/schema.org\",\"@graph\":[{\"@type\":\"Article\",\"@id\":\"https:\\\/\\\/unaymilletras.com\\\/sandra-groove-presenta-tormenta\\\/#article\",\"isPartOf\":{\"@id\":\"https:\\\/\\\/unaymilletras.com\\\/sandra-groove-presenta-tormenta\\\/\"},\"author\":{\"name\":\"Alvany Pereira\",\"@id\":\"http:\\\/\\\/unaymilletras.com\\\/#\\\/schema\\\/person\\\/f9792b0b93704f9d3f6cef46c2048d7d\"},\"headline\":\"Sandra Groove presenta \u201cTormenta\u201d\",\"datePublished\":\"2025-10-12T10:00:00+00:00\",\"mainEntityOfPage\":{\"@id\":\"https:\\\/\\\/unaymilletras.com\\\/sandra-groove-presenta-tormenta\\\/\"},\"wordCount\":290,\"publisher\":{\"@id\":\"http:\\\/\\\/unaymilletras.com\\\/#organization\"},\"image\":{\"@id\":\"https:\\\/\\\/unaymilletras.com\\\/sandra-groove-presenta-tormenta\\\/#primaryimage\"},\"thumbnailUrl\":\"https:\\\/\\\/unaymilletras.com\\\/wp-content\\\/uploads\\\/2025\\\/10\\\/Captura-de-pantalla-2025-10-10-a-las-13.55.01-e1760097332368.png\",\"keywords\":[\"la voz espa\u00f1a\",\"musica\",\"operacion triunfo\",\"sandragroove\"],\"articleSection\":[\"M\u00fasica\"],\"inLanguage\":\"en-GB\"},{\"@type\":\"WebPage\",\"@id\":\"https:\\\/\\\/unaymilletras.com\\\/sandra-groove-presenta-tormenta\\\/\",\"url\":\"https:\\\/\\\/unaymilletras.com\\\/sandra-groove-presenta-tormenta\\\/\",\"name\":\"Sandra Groove presenta \u201cTormenta\u201d\",\"isPartOf\":{\"@id\":\"http:\\\/\\\/unaymilletras.com\\\/#website\"},\"primaryImageOfPage\":{\"@id\":\"https:\\\/\\\/unaymilletras.com\\\/sandra-groove-presenta-tormenta\\\/#primaryimage\"},\"image\":{\"@id\":\"https:\\\/\\\/unaymilletras.com\\\/sandra-groove-presenta-tormenta\\\/#primaryimage\"},\"thumbnailUrl\":\"https:\\\/\\\/unaymilletras.com\\\/wp-content\\\/uploads\\\/2025\\\/10\\\/Captura-de-pantalla-2025-10-10-a-las-13.55.01-e1760097332368.png\",\"datePublished\":\"2025-10-12T10:00:00+00:00\",\"description\":\"La artista estren\u00f3 el pasado 12 de septiembre \u201cTormenta\u201d, una canci\u00f3n que marca una etapa m\u00e1s madura y personal en su trayectoria.\",\"breadcrumb\":{\"@id\":\"https:\\\/\\\/unaymilletras.com\\\/sandra-groove-presenta-tormenta\\\/#breadcrumb\"},\"inLanguage\":\"en-GB\",\"potentialAction\":[{\"@type\":\"ReadAction\",\"target\":[\"https:\\\/\\\/unaymilletras.com\\\/sandra-groove-presenta-tormenta\\\/\"]}]},{\"@type\":\"ImageObject\",\"inLanguage\":\"en-GB\",\"@id\":\"https:\\\/\\\/unaymilletras.com\\\/sandra-groove-presenta-tormenta\\\/#primaryimage\",\"url\":\"https:\\\/\\\/unaymilletras.com\\\/wp-content\\\/uploads\\\/2025\\\/10\\\/Captura-de-pantalla-2025-10-10-a-las-13.55.01-e1760097332368.png\",\"contentUrl\":\"https:\\\/\\\/unaymilletras.com\\\/wp-content\\\/uploads\\\/2025\\\/10\\\/Captura-de-pantalla-2025-10-10-a-las-13.55.01-e1760097332368.png\",\"width\":600,\"height\":430,\"caption\":\"Sandra Groove\"},{\"@type\":\"BreadcrumbList\",\"@id\":\"https:\\\/\\\/unaymilletras.com\\\/sandra-groove-presenta-tormenta\\\/#breadcrumb\",\"itemListElement\":[{\"@type\":\"ListItem\",\"position\":1,\"name\":\"Home\",\"item\":\"http:\\\/\\\/unaymilletras.com\\\/\"},{\"@type\":\"ListItem\",\"position\":2,\"name\":\"Sandra Groove presenta \u201cTormenta\u201d\"}]},{\"@type\":\"WebSite\",\"@id\":\"http:\\\/\\\/unaymilletras.com\\\/#website\",\"url\":\"http:\\\/\\\/unaymilletras.com\\\/\",\"name\":\"Una y Mil Letras\",\"description\":\"\",\"publisher\":{\"@id\":\"http:\\\/\\\/unaymilletras.com\\\/#organization\"},\"potentialAction\":[{\"@type\":\"SearchAction\",\"target\":{\"@type\":\"EntryPoint\",\"urlTemplate\":\"http:\\\/\\\/unaymilletras.com\\\/?s={search_term_string}\"},\"query-input\":{\"@type\":\"PropertyValueSpecification\",\"valueRequired\":true,\"valueName\":\"search_term_string\"}}],\"inLanguage\":\"en-GB\"},{\"@type\":\"Organization\",\"@id\":\"http:\\\/\\\/unaymilletras.com\\\/#organization\",\"name\":\"Una y Mil Letras\",\"url\":\"http:\\\/\\\/unaymilletras.com\\\/\",\"logo\":{\"@type\":\"ImageObject\",\"inLanguage\":\"en-GB\",\"@id\":\"http:\\\/\\\/unaymilletras.com\\\/#\\\/schema\\\/logo\\\/image\\\/\",\"url\":\"https:\\\/\\\/unaymilletras.com\\\/wp-content\\\/uploads\\\/2024\\\/06\\\/cropped-Logo-removebg-preview.png\",\"contentUrl\":\"https:\\\/\\\/unaymilletras.com\\\/wp-content\\\/uploads\\\/2024\\\/06\\\/cropped-Logo-removebg-preview.png\",\"width\":512,\"height\":512,\"caption\":\"Una y Mil Letras\"},\"image\":{\"@id\":\"http:\\\/\\\/unaymilletras.com\\\/#\\\/schema\\\/logo\\\/image\\\/\"},\"sameAs\":[\"https:\\\/\\\/x.com\\\/UnaYMilLetras\",\"https:\\\/\\\/instagram.com\\\/UnaYMilLetras\"]},{\"@type\":\"Person\",\"@id\":\"http:\\\/\\\/unaymilletras.com\\\/#\\\/schema\\\/person\\\/f9792b0b93704f9d3f6cef46c2048d7d\",\"name\":\"Alvany Pereira\",\"image\":{\"@type\":\"ImageObject\",\"inLanguage\":\"en-GB\",\"@id\":\"https:\\\/\\\/secure.gravatar.com\\\/avatar\\\/1a5fbcc81714220624d70f391a6187cd1434ccfcb154238afd238d6b8bb7f593?s=96&d=mm&r=g\",\"url\":\"https:\\\/\\\/secure.gravatar.com\\\/avatar\\\/1a5fbcc81714220624d70f391a6187cd1434ccfcb154238afd238d6b8bb7f593?s=96&d=mm&r=g\",\"contentUrl\":\"https:\\\/\\\/secure.gravatar.com\\\/avatar\\\/1a5fbcc81714220624d70f391a6187cd1434ccfcb154238afd238d6b8bb7f593?s=96&d=mm&r=g\",\"caption\":\"Alvany Pereira\"},\"url\":\"https:\\\/\\\/unaymilletras.com\\\/en\\\/author\\\/alvanysophia\\\/\"}]}<\/script>\n<!-- \/ Yoast SEO plugin. -->","yoast_head_json":{"title":"Sandra Groove presenta \u201cTormenta\u201d","description":"La artista estren\u00f3 el pasado 12 de septiembre \u201cTormenta\u201d, una canci\u00f3n que marca una etapa m\u00e1s madura y personal en su trayectoria.","robots":{"index":"index","follow":"follow","max-snippet":"max-snippet:-1","max-image-preview":"max-image-preview:large","max-video-preview":"max-video-preview:-1"},"canonical":"https:\/\/unaymilletras.com\/en\/sandra-groove-presenta-tormenta\/","og_locale":"en_GB","og_type":"article","og_title":"Sandra Groove presenta \u201cTormenta\u201d","og_description":"La artista estren\u00f3 el pasado 12 de septiembre \u201cTormenta\u201d, una canci\u00f3n que marca una etapa m\u00e1s madura y personal en su trayectoria.","og_url":"https:\/\/unaymilletras.com\/en\/sandra-groove-presenta-tormenta\/","og_site_name":"Una y Mil Letras","article_published_time":"2025-10-12T10:00:00+00:00","og_image":[{"width":600,"height":430,"url":"https:\/\/unaymilletras.com\/wp-content\/uploads\/2025\/10\/Captura-de-pantalla-2025-10-10-a-las-13.55.01-e1760097332368.png","type":"image\/png"}],"author":"Alvany Pereira","twitter_card":"summary_large_image","twitter_creator":"@UnaYMilLetras","twitter_site":"@UnaYMilLetras","twitter_misc":{"Written by":"Alvany Pereira","Estimated reading time":"2 minutes"},"schema":{"@context":"https:\/\/schema.org","@graph":[{"@type":"Article","@id":"https:\/\/unaymilletras.com\/sandra-groove-presenta-tormenta\/#article","isPartOf":{"@id":"https:\/\/unaymilletras.com\/sandra-groove-presenta-tormenta\/"},"author":{"name":"Alvany Pereira","@id":"http:\/\/unaymilletras.com\/#\/schema\/person\/f9792b0b93704f9d3f6cef46c2048d7d"},"headline":"Sandra Groove presenta \u201cTormenta\u201d","datePublished":"2025-10-12T10:00:00+00:00","mainEntityOfPage":{"@id":"https:\/\/unaymilletras.com\/sandra-groove-presenta-tormenta\/"},"wordCount":290,"publisher":{"@id":"http:\/\/unaymilletras.com\/#organization"},"image":{"@id":"https:\/\/unaymilletras.com\/sandra-groove-presenta-tormenta\/#primaryimage"},"thumbnailUrl":"https:\/\/unaymilletras.com\/wp-content\/uploads\/2025\/10\/Captura-de-pantalla-2025-10-10-a-las-13.55.01-e1760097332368.png","keywords":["la voz espa\u00f1a","musica","operacion triunfo","sandragroove"],"articleSection":["M\u00fasica"],"inLanguage":"en-GB"},{"@type":"WebPage","@id":"https:\/\/unaymilletras.com\/sandra-groove-presenta-tormenta\/","url":"https:\/\/unaymilletras.com\/sandra-groove-presenta-tormenta\/","name":"Sandra Groove presenta \u201cTormenta\u201d","isPartOf":{"@id":"http:\/\/unaymilletras.com\/#website"},"primaryImageOfPage":{"@id":"https:\/\/unaymilletras.com\/sandra-groove-presenta-tormenta\/#primaryimage"},"image":{"@id":"https:\/\/unaymilletras.com\/sandra-groove-presenta-tormenta\/#primaryimage"},"thumbnailUrl":"https:\/\/unaymilletras.com\/wp-content\/uploads\/2025\/10\/Captura-de-pantalla-2025-10-10-a-las-13.55.01-e1760097332368.png","datePublished":"2025-10-12T10:00:00+00:00","description":"La artista estren\u00f3 el pasado 12 de septiembre \u201cTormenta\u201d, una canci\u00f3n que marca una etapa m\u00e1s madura y personal en su trayectoria.","breadcrumb":{"@id":"https:\/\/unaymilletras.com\/sandra-groove-presenta-tormenta\/#breadcrumb"},"inLanguage":"en-GB","potentialAction":[{"@type":"ReadAction","target":["https:\/\/unaymilletras.com\/sandra-groove-presenta-tormenta\/"]}]},{"@type":"ImageObject","inLanguage":"en-GB","@id":"https:\/\/unaymilletras.com\/sandra-groove-presenta-tormenta\/#primaryimage","url":"https:\/\/unaymilletras.com\/wp-content\/uploads\/2025\/10\/Captura-de-pantalla-2025-10-10-a-las-13.55.01-e1760097332368.png","contentUrl":"https:\/\/unaymilletras.com\/wp-content\/uploads\/2025\/10\/Captura-de-pantalla-2025-10-10-a-las-13.55.01-e1760097332368.png","width":600,"height":430,"caption":"Sandra Groove"},{"@type":"BreadcrumbList","@id":"https:\/\/unaymilletras.com\/sandra-groove-presenta-tormenta\/#breadcrumb","itemListElement":[{"@type":"ListItem","position":1,"name":"Home","item":"http:\/\/unaymilletras.com\/"},{"@type":"ListItem","position":2,"name":"Sandra Groove presenta \u201cTormenta\u201d"}]},{"@type":"WebSite","@id":"http:\/\/unaymilletras.com\/#website","url":"http:\/\/unaymilletras.com\/","name":"Una y Mil Letras","description":"","publisher":{"@id":"http:\/\/unaymilletras.com\/#organization"},"potentialAction":[{"@type":"SearchAction","target":{"@type":"EntryPoint","urlTemplate":"http:\/\/unaymilletras.com\/?s={search_term_string}"},"query-input":{"@type":"PropertyValueSpecification","valueRequired":true,"valueName":"search_term_string"}}],"inLanguage":"en-GB"},{"@type":"Organization","@id":"http:\/\/unaymilletras.com\/#organization","name":"Una y Mil Letras","url":"http:\/\/unaymilletras.com\/","logo":{"@type":"ImageObject","inLanguage":"en-GB","@id":"http:\/\/unaymilletras.com\/#\/schema\/logo\/image\/","url":"https:\/\/unaymilletras.com\/wp-content\/uploads\/2024\/06\/cropped-Logo-removebg-preview.png","contentUrl":"https:\/\/unaymilletras.com\/wp-content\/uploads\/2024\/06\/cropped-Logo-removebg-preview.png","width":512,"height":512,"caption":"Una y Mil Letras"},"image":{"@id":"http:\/\/unaymilletras.com\/#\/schema\/logo\/image\/"},"sameAs":["https:\/\/x.com\/UnaYMilLetras","https:\/\/instagram.com\/UnaYMilLetras"]},{"@type":"Person","@id":"http:\/\/unaymilletras.com\/#\/schema\/person\/f9792b0b93704f9d3f6cef46c2048d7d","name":"Alvany Pereira","image":{"@type":"ImageObject","inLanguage":"en-GB","@id":"https:\/\/secure.gravatar.com\/avatar\/1a5fbcc81714220624d70f391a6187cd1434ccfcb154238afd238d6b8bb7f593?s=96&d=mm&r=g","url":"https:\/\/secure.gravatar.com\/avatar\/1a5fbcc81714220624d70f391a6187cd1434ccfcb154238afd238d6b8bb7f593?s=96&d=mm&r=g","contentUrl":"https:\/\/secure.gravatar.com\/avatar\/1a5fbcc81714220624d70f391a6187cd1434ccfcb154238afd238d6b8bb7f593?s=96&d=mm&r=g","caption":"Alvany Pereira"},"url":"https:\/\/unaymilletras.com\/en\/author\/alvanysophia\/"}]}},"_links":{"self":[{"href":"https:\/\/unaymilletras.com\/en\/wp-json\/wp\/v2\/posts\/5927","targetHints":{"allow":["GET"]}}],"collection":[{"href":"https:\/\/unaymilletras.com\/en\/wp-json\/wp\/v2\/posts"}],"about":[{"href":"https:\/\/unaymilletras.com\/en\/wp-json\/wp\/v2\/types\/post"}],"author":[{"embeddable":true,"href":"https:\/\/unaymilletras.com\/en\/wp-json\/wp\/v2\/users\/8"}],"replies":[{"embeddable":true,"href":"https:\/\/unaymilletras.com\/en\/wp-json\/wp\/v2\/comments?post=5927"}],"version-history":[{"count":14,"href":"https:\/\/unaymilletras.com\/en\/wp-json\/wp\/v2\/posts\/5927\/revisions"}],"predecessor-version":[{"id":5942,"href":"https:\/\/unaymilletras.com\/en\/wp-json\/wp\/v2\/posts\/5927\/revisions\/5942"}],"wp:featuredmedia":[{"embeddable":true,"href":"https:\/\/unaymilletras.com\/en\/wp-json\/wp\/v2\/media\/5930"}],"wp:attachment":[{"href":"https:\/\/unaymilletras.com\/en\/wp-json\/wp\/v2\/media?parent=5927"}],"wp:term":[{"taxonomy":"category","embeddable":true,"href":"https:\/\/unaymilletras.com\/en\/wp-json\/wp\/v2\/categories?post=5927"},{"taxonomy":"post_tag","embeddable":true,"href":"https:\/\/unaymilletras.com\/en\/wp-json\/wp\/v2\/tags?post=5927"}],"curies":[{"name":"wp","href":"https:\/\/api.w.org\/{rel}","templated":true}]}}