{"id":5943,"date":"2025-10-10T14:41:25","date_gmt":"2025-10-10T12:41:25","guid":{"rendered":"https:\/\/unaymilletras.com\/?p=5943"},"modified":"2025-10-10T14:47:42","modified_gmt":"2025-10-10T12:47:42","slug":"dei-v-lanza-underwater-el-album-mas-completo-y-personal-de-su-carrera","status":"publish","type":"post","link":"https:\/\/unaymilletras.com\/en\/dei-v-lanza-underwater-el-album-mas-completo-y-personal-de-su-carrera\/","title":{"rendered":"Dei V lanza Underwater, el \u00e1lbum m\u00e1s completo y personal de su carrera"},"content":{"rendered":"<div data-elementor-type=\"wp-post\" data-elementor-id=\"5943\" class=\"elementor elementor-5943\">\n\t\t\t\t\t\t<section class=\"elementor-section elementor-top-section elementor-element elementor-element-cb3dbc5 elementor-section-boxed elementor-section-height-default elementor-section-height-default\" data-id=\"cb3dbc5\" data-element_type=\"section\" data-e-type=\"section\">\n\t\t\t\t\t\t<div class=\"elementor-container elementor-column-gap-default\">\n\t\t\t\t\t<div class=\"elementor-column elementor-col-100 elementor-top-column elementor-element elementor-element-01ba2f5\" data-id=\"01ba2f5\" data-element_type=\"column\" data-e-type=\"column\">\n\t\t\t<div class=\"elementor-widget-wrap elementor-element-populated\">\n\t\t\t\t\t\t<div class=\"elementor-element elementor-element-44ac125 elementor-widget elementor-widget-text-editor\" data-id=\"44ac125\" data-element_type=\"widget\" data-e-type=\"widget\" data-widget_type=\"text-editor.default\">\n\t\t\t\t<div class=\"elementor-widget-container\">\n\t\t\t\t\t\t\t\t\t<h2 style=\"text-align: center;\"><span style=\"color: #808080;\"><em>El artista Dei V presenta un proyecto que marca su evoluci\u00f3n y llega antes de sus tres conciertos en el Coliseo de Puerto Rico<\/em><\/span><\/h2>\t\t\t\t\t\t\t\t<\/div>\n\t\t\t\t<\/div>\n\t\t\t\t\t<\/div>\n\t\t<\/div>\n\t\t\t\t\t<\/div>\n\t\t<\/section>\n\t\t\t\t<section class=\"elementor-section elementor-top-section elementor-element elementor-element-21adb07 elementor-section-boxed elementor-section-height-default elementor-section-height-default\" data-id=\"21adb07\" data-element_type=\"section\" data-e-type=\"section\">\n\t\t\t\t\t\t<div class=\"elementor-container elementor-column-gap-default\">\n\t\t\t\t\t<div class=\"elementor-column elementor-col-100 elementor-top-column elementor-element elementor-element-473194e\" data-id=\"473194e\" data-element_type=\"column\" data-e-type=\"column\">\n\t\t\t<div class=\"elementor-widget-wrap elementor-element-populated\">\n\t\t\t\t\t\t<div class=\"elementor-element elementor-element-a886a9e elementor-widget elementor-widget-text-editor\" data-id=\"a886a9e\" data-element_type=\"widget\" data-e-type=\"widget\" data-widget_type=\"text-editor.default\">\n\t\t\t\t<div class=\"elementor-widget-container\">\n\t\t\t\t\t\t\t\t\t<p data-start=\"434\" data-end=\"834\">El fen\u00f3meno urbano <strong data-start=\"453\" data-end=\"462\">Dei V<\/strong> da un nuevo paso en su carrera con el lanzamiento de <em data-start=\"516\" data-end=\"528\">Underwater<\/em>, su \u00e1lbum m\u00e1s ambicioso hasta la fecha. El proyecto llega en un momento decisivo para el artista. Justo antes de sus tres funciones completamente vendidas en el Coliseo de Puerto Rico, un logro que consolida su posici\u00f3n como una de las voces j\u00f3venes m\u00e1s relevantes del g\u00e9nero urbano.<\/p>\n<p data-start=\"836\" data-end=\"1330\">El disco se construye sobre un concepto dual que refleja su madurez art\u00edstica. Est\u00e1 dividido en dos atm\u00f3sferas musicales: <strong data-start=\"1007\" data-end=\"1016\">UNDER<\/strong>, una cara m\u00e1s cruda y callejera que mantiene vivas sus ra\u00edces; y <strong data-start=\"1082\" data-end=\"1091\">WATER<\/strong>, un universo mel\u00f3dico y emocional, con ritmos m\u00e1s suaves y rom\u00e1nticos. Esta estructura simboliza el crecimiento personal y profesional de Dei V, mostrando la versatilidad que lo ha llevado a conectar con una nueva generaci\u00f3n de oyentes.<\/p>\t\t\t\t\t\t\t\t<\/div>\n\t\t\t\t<\/div>\n\t\t\t\t\t<\/div>\n\t\t<\/div>\n\t\t\t\t\t<\/div>\n\t\t<\/section>\n\t\t\t\t<section class=\"elementor-section elementor-top-section elementor-element elementor-element-cece998 elementor-section-boxed elementor-section-height-default elementor-section-height-default\" data-id=\"cece998\" data-element_type=\"section\" data-e-type=\"section\">\n\t\t\t\t\t\t<div class=\"elementor-container elementor-column-gap-default\">\n\t\t\t\t\t<div class=\"elementor-column elementor-col-100 elementor-top-column elementor-element elementor-element-924e213\" data-id=\"924e213\" data-element_type=\"column\" data-e-type=\"column\">\n\t\t\t<div class=\"elementor-widget-wrap elementor-element-populated\">\n\t\t\t\t\t\t<div class=\"elementor-element elementor-element-20024f6 elementor-widget elementor-widget-image\" data-id=\"20024f6\" data-element_type=\"widget\" data-e-type=\"widget\" data-widget_type=\"image.default\">\n\t\t\t\t<div class=\"elementor-widget-container\">\n\t\t\t\t\t\t\t\t\t\t\t\t\t\t\t<img fetchpriority=\"high\" decoding=\"async\" width=\"640\" height=\"399\" src=\"https:\/\/unaymilletras.com\/wp-content\/uploads\/2025\/10\/diev-25-@nabscab-DSD_8450-Mejorado-NR-1024x639.jpg\" class=\"attachment-large size-large wp-image-5945\" alt=\"Dei V\" srcset=\"https:\/\/unaymilletras.com\/wp-content\/uploads\/2025\/10\/diev-25-@nabscab-DSD_8450-Mejorado-NR-1024x639.jpg 1024w, https:\/\/unaymilletras.com\/wp-content\/uploads\/2025\/10\/diev-25-@nabscab-DSD_8450-Mejorado-NR-300x187.jpg 300w, https:\/\/unaymilletras.com\/wp-content\/uploads\/2025\/10\/diev-25-@nabscab-DSD_8450-Mejorado-NR-768x479.jpg 768w, https:\/\/unaymilletras.com\/wp-content\/uploads\/2025\/10\/diev-25-@nabscab-DSD_8450-Mejorado-NR-1536x958.jpg 1536w, https:\/\/unaymilletras.com\/wp-content\/uploads\/2025\/10\/diev-25-@nabscab-DSD_8450-Mejorado-NR-2048x1277.jpg 2048w, https:\/\/unaymilletras.com\/wp-content\/uploads\/2025\/10\/diev-25-@nabscab-DSD_8450-Mejorado-NR-18x12.jpg 18w, https:\/\/unaymilletras.com\/wp-content\/uploads\/2025\/10\/diev-25-@nabscab-DSD_8450-Mejorado-NR-scaled-e1760100207526.jpg 600w\" sizes=\"(max-width: 640px) 100vw, 640px\" \/>\t\t\t\t\t\t\t\t\t\t\t\t\t\t\t<\/div>\n\t\t\t\t<\/div>\n\t\t\t\t\t<\/div>\n\t\t<\/div>\n\t\t\t\t\t<\/div>\n\t\t<\/section>\n\t\t\t\t<section class=\"elementor-section elementor-top-section elementor-element elementor-element-49cb581 elementor-section-boxed elementor-section-height-default elementor-section-height-default\" data-id=\"49cb581\" data-element_type=\"section\" data-e-type=\"section\">\n\t\t\t\t\t\t<div class=\"elementor-container elementor-column-gap-default\">\n\t\t\t\t\t<div class=\"elementor-column elementor-col-100 elementor-top-column elementor-element elementor-element-4bcadc5\" data-id=\"4bcadc5\" data-element_type=\"column\" data-e-type=\"column\">\n\t\t\t<div class=\"elementor-widget-wrap elementor-element-populated\">\n\t\t\t\t\t\t<div class=\"elementor-element elementor-element-b5f5278 elementor-widget elementor-widget-text-editor\" data-id=\"b5f5278\" data-element_type=\"widget\" data-e-type=\"widget\" data-widget_type=\"text-editor.default\">\n\t\t\t\t<div class=\"elementor-widget-container\">\n\t\t\t\t\t\t\t\t\t<p data-start=\"1332\" data-end=\"1639\">El \u00e1lbum cuenta con colaboraciones de lujo que refuerzan su peso en la industria y el respeto de sus pares: <strong data-start=\"1749\" data-end=\"1811\">Arc\u00e1ngel, Yandel, \u00d1engo Flow, Luar, Blessed, Fabriell y CG<\/strong>, entre otros. Cada invitado aporta su propia energ\u00eda, fusionando la experiencia de los grandes referentes con la frescura de la nueva ola.<\/p>\t\t\t\t\t\t\t\t<\/div>\n\t\t\t\t<\/div>\n\t\t\t\t\t<\/div>\n\t\t<\/div>\n\t\t\t\t\t<\/div>\n\t\t<\/section>\n\t\t\t\t<section class=\"elementor-section elementor-top-section elementor-element elementor-element-617c4e4 elementor-section-boxed elementor-section-height-default elementor-section-height-default\" data-id=\"617c4e4\" data-element_type=\"section\" data-e-type=\"section\">\n\t\t\t\t\t\t<div class=\"elementor-container elementor-column-gap-default\">\n\t\t\t\t\t<div class=\"elementor-column elementor-col-100 elementor-top-column elementor-element elementor-element-0fb26a3\" data-id=\"0fb26a3\" data-element_type=\"column\" data-e-type=\"column\">\n\t\t\t<div class=\"elementor-widget-wrap elementor-element-populated\">\n\t\t\t\t\t\t<div class=\"elementor-element elementor-element-0a5caba elementor-widget elementor-widget-text-editor\" data-id=\"0a5caba\" data-element_type=\"widget\" data-e-type=\"widget\" data-widget_type=\"text-editor.default\">\n\t\t\t\t<div class=\"elementor-widget-container\">\n\t\t\t\t\t\t\t\t\t<blockquote>\n<p style=\"text-align: center;\" data-start=\"1332\" data-end=\"1639\">\u201cEste disco es mi esencia completa. <em data-start=\"1389\" data-end=\"1401\">Underwater<\/em>\u00a0tiene de todo: lo que me trajo hasta aqu\u00ed y lo que soy hoy. Es el proyecto m\u00e1s completo que he hecho, un proceso creativo genuino, sin forzar nada. Es un espacio para que la gente se lo disfrute y me conozca mejor en esta nueva etapa.\u201d, afirma el artista.<\/p>\n<\/blockquote>\t\t\t\t\t\t\t\t<\/div>\n\t\t\t\t<\/div>\n\t\t\t\t\t<\/div>\n\t\t<\/div>\n\t\t\t\t\t<\/div>\n\t\t<\/section>\n\t\t\t\t<section class=\"elementor-section elementor-top-section elementor-element elementor-element-dc69695 elementor-section-boxed elementor-section-height-default elementor-section-height-default\" data-id=\"dc69695\" data-element_type=\"section\" data-e-type=\"section\">\n\t\t\t\t\t\t<div class=\"elementor-container elementor-column-gap-default\">\n\t\t\t\t\t<div class=\"elementor-column elementor-col-100 elementor-top-column elementor-element elementor-element-3f7d21f\" data-id=\"3f7d21f\" data-element_type=\"column\" data-e-type=\"column\">\n\t\t\t<div class=\"elementor-widget-wrap elementor-element-populated\">\n\t\t\t\t\t\t<div class=\"elementor-element elementor-element-28c37d2 elementor-widget elementor-widget-text-editor\" data-id=\"28c37d2\" data-element_type=\"widget\" data-e-type=\"widget\" data-widget_type=\"text-editor.default\">\n\t\t\t\t<div class=\"elementor-widget-container\">\n\t\t\t\t\t\t\t\t\t<p data-start=\"1954\" data-end=\"2278\">Con m\u00e1s de <strong data-start=\"1965\" data-end=\"2012\">20 millones de oyentes mensuales en Spotify<\/strong>, Dei V llega a este lanzamiento en el mejor momento de su carrera. Tras participar en la hist\u00f3rica residencia de <strong data-start=\"2126\" data-end=\"2139\">Bad Bunny<\/strong> en el Coliseo de Puerto Rico, ahora ser\u00e1 \u00e9l quien tome ese mismo escenario los d\u00edas <strong data-start=\"2224\" data-end=\"2250\">23, 24 y 25 de octubre<\/strong>, con tres shows agotados.<\/p>\n<p data-start=\"2280\" data-end=\"2472\">\u201cEste disco y estos conciertos representan el sue\u00f1o que siempre tuve\u201d, explica. \u201cVenimos con algo diferente, con coraz\u00f3n y con la bendici\u00f3n del p\u00fablico que me ha apoyado desde el principio.\u201d<\/p>\n<p data-start=\"2474\" data-end=\"2678\">Con <em data-start=\"2478\" data-end=\"2490\">Underwater<\/em>, Dei V abre un nuevo cap\u00edtulo que lo muestra m\u00e1s maduro, m\u00e1s conectado con sus ra\u00edces. M\u00e1s decidido que nunca a seguir elevando el sonido del movimiento urbano puertorrique\u00f1o al mundo.<\/p>\t\t\t\t\t\t\t\t<\/div>\n\t\t\t\t<\/div>\n\t\t\t\t\t<\/div>\n\t\t<\/div>\n\t\t\t\t\t<\/div>\n\t\t<\/section>\n\t\t\t\t<\/div>","protected":false},"excerpt":{"rendered":"<p>El artista Dei V presenta un proyecto que marca su evoluci\u00f3n y llega antes de sus tres conciertos en el Coliseo de Puerto Rico El fen\u00f3meno urbano Dei V da un nuevo paso en su carrera con el lanzamiento de Underwater, su \u00e1lbum m\u00e1s ambicioso hasta la fecha. El proyecto llega en un momento decisivo [&hellip;]<\/p>\n","protected":false},"author":6,"featured_media":5945,"comment_status":"closed","ping_status":"closed","sticky":false,"template":"","format":"standard","meta":{"footnotes":""},"categories":[4],"tags":[],"class_list":["post-5943","post","type-post","status-publish","format-standard","has-post-thumbnail","hentry","category-musica"],"yoast_head":"<!-- This site is optimized with the Yoast SEO plugin v27.4 - https:\/\/yoast.com\/product\/yoast-seo-wordpress\/ -->\n<title>Dei V lanza Underwater, el \u00e1lbum m\u00e1s completo y personal de su carrera<\/title>\n<meta name=\"description\" content=\"El artista Dei V presenta un proyecto que marca su evoluci\u00f3n y llega antes de sus tres conciertos \u201csold out\u201d en el Coliseo de Puerto Rico\" \/>\n<meta name=\"robots\" content=\"index, follow, max-snippet:-1, max-image-preview:large, max-video-preview:-1\" \/>\n<link rel=\"canonical\" href=\"https:\/\/unaymilletras.com\/en\/dei-v-lanza-underwater-el-album-mas-completo-y-personal-de-su-carrera\/\" \/>\n<meta property=\"og:locale\" content=\"en_GB\" \/>\n<meta property=\"og:type\" content=\"article\" \/>\n<meta property=\"og:title\" content=\"Dei V lanza Underwater, el \u00e1lbum m\u00e1s completo y personal de su carrera\" \/>\n<meta property=\"og:description\" content=\"El artista Dei V presenta un proyecto que marca su evoluci\u00f3n y llega antes de sus tres conciertos \u201csold out\u201d en el Coliseo de Puerto Rico\" \/>\n<meta property=\"og:url\" content=\"https:\/\/unaymilletras.com\/en\/dei-v-lanza-underwater-el-album-mas-completo-y-personal-de-su-carrera\/\" \/>\n<meta property=\"og:site_name\" content=\"Una y Mil Letras\" \/>\n<meta property=\"article:published_time\" content=\"2025-10-10T12:41:25+00:00\" \/>\n<meta property=\"article:modified_time\" content=\"2025-10-10T12:47:42+00:00\" \/>\n<meta property=\"og:image\" content=\"http:\/\/unaymilletras.com\/wp-content\/uploads\/2025\/10\/diev-25-@nabscab-DSD_8450-Mejorado-NR-scaled-e1760100207526.jpg\" \/>\n\t<meta property=\"og:image:width\" content=\"600\" \/>\n\t<meta property=\"og:image:height\" content=\"374\" \/>\n\t<meta property=\"og:image:type\" content=\"image\/jpeg\" \/>\n<meta name=\"author\" content=\"Redacci\u00f3n\" \/>\n<meta name=\"twitter:card\" content=\"summary_large_image\" \/>\n<meta name=\"twitter:creator\" content=\"@UnaYMilLetras\" \/>\n<meta name=\"twitter:site\" content=\"@UnaYMilLetras\" \/>\n<meta name=\"twitter:label1\" content=\"Written by\" \/>\n\t<meta name=\"twitter:data1\" content=\"Redacci\u00f3n\" \/>\n\t<meta name=\"twitter:label2\" content=\"Estimated reading time\" \/>\n\t<meta name=\"twitter:data2\" content=\"2 minutes\" \/>\n<script type=\"application\/ld+json\" class=\"yoast-schema-graph\">{\"@context\":\"https:\\\/\\\/schema.org\",\"@graph\":[{\"@type\":\"Article\",\"@id\":\"https:\\\/\\\/unaymilletras.com\\\/dei-v-lanza-underwater-el-album-mas-completo-y-personal-de-su-carrera\\\/#article\",\"isPartOf\":{\"@id\":\"https:\\\/\\\/unaymilletras.com\\\/dei-v-lanza-underwater-el-album-mas-completo-y-personal-de-su-carrera\\\/\"},\"author\":{\"name\":\"Redacci\u00f3n\",\"@id\":\"http:\\\/\\\/unaymilletras.com\\\/#\\\/schema\\\/person\\\/0860dc8a218329991ee2c7591f4f849d\"},\"headline\":\"Dei V lanza Underwater, el \u00e1lbum m\u00e1s completo y personal de su carrera\",\"datePublished\":\"2025-10-10T12:41:25+00:00\",\"dateModified\":\"2025-10-10T12:47:42+00:00\",\"mainEntityOfPage\":{\"@id\":\"https:\\\/\\\/unaymilletras.com\\\/dei-v-lanza-underwater-el-album-mas-completo-y-personal-de-su-carrera\\\/\"},\"wordCount\":430,\"publisher\":{\"@id\":\"http:\\\/\\\/unaymilletras.com\\\/#organization\"},\"image\":{\"@id\":\"https:\\\/\\\/unaymilletras.com\\\/dei-v-lanza-underwater-el-album-mas-completo-y-personal-de-su-carrera\\\/#primaryimage\"},\"thumbnailUrl\":\"https:\\\/\\\/unaymilletras.com\\\/wp-content\\\/uploads\\\/2025\\\/10\\\/diev-25-@nabscab-DSD_8450-Mejorado-NR-scaled-e1760100207526.jpg\",\"articleSection\":[\"M\u00fasica\"],\"inLanguage\":\"en-GB\"},{\"@type\":\"WebPage\",\"@id\":\"https:\\\/\\\/unaymilletras.com\\\/dei-v-lanza-underwater-el-album-mas-completo-y-personal-de-su-carrera\\\/\",\"url\":\"https:\\\/\\\/unaymilletras.com\\\/dei-v-lanza-underwater-el-album-mas-completo-y-personal-de-su-carrera\\\/\",\"name\":\"Dei V lanza Underwater, el \u00e1lbum m\u00e1s completo y personal de su carrera\",\"isPartOf\":{\"@id\":\"http:\\\/\\\/unaymilletras.com\\\/#website\"},\"primaryImageOfPage\":{\"@id\":\"https:\\\/\\\/unaymilletras.com\\\/dei-v-lanza-underwater-el-album-mas-completo-y-personal-de-su-carrera\\\/#primaryimage\"},\"image\":{\"@id\":\"https:\\\/\\\/unaymilletras.com\\\/dei-v-lanza-underwater-el-album-mas-completo-y-personal-de-su-carrera\\\/#primaryimage\"},\"thumbnailUrl\":\"https:\\\/\\\/unaymilletras.com\\\/wp-content\\\/uploads\\\/2025\\\/10\\\/diev-25-@nabscab-DSD_8450-Mejorado-NR-scaled-e1760100207526.jpg\",\"datePublished\":\"2025-10-10T12:41:25+00:00\",\"dateModified\":\"2025-10-10T12:47:42+00:00\",\"description\":\"El artista Dei V presenta un proyecto que marca su evoluci\u00f3n y llega antes de sus tres conciertos \u201csold out\u201d en el Coliseo de Puerto Rico\",\"breadcrumb\":{\"@id\":\"https:\\\/\\\/unaymilletras.com\\\/dei-v-lanza-underwater-el-album-mas-completo-y-personal-de-su-carrera\\\/#breadcrumb\"},\"inLanguage\":\"en-GB\",\"potentialAction\":[{\"@type\":\"ReadAction\",\"target\":[\"https:\\\/\\\/unaymilletras.com\\\/dei-v-lanza-underwater-el-album-mas-completo-y-personal-de-su-carrera\\\/\"]}]},{\"@type\":\"ImageObject\",\"inLanguage\":\"en-GB\",\"@id\":\"https:\\\/\\\/unaymilletras.com\\\/dei-v-lanza-underwater-el-album-mas-completo-y-personal-de-su-carrera\\\/#primaryimage\",\"url\":\"https:\\\/\\\/unaymilletras.com\\\/wp-content\\\/uploads\\\/2025\\\/10\\\/diev-25-@nabscab-DSD_8450-Mejorado-NR-scaled-e1760100207526.jpg\",\"contentUrl\":\"https:\\\/\\\/unaymilletras.com\\\/wp-content\\\/uploads\\\/2025\\\/10\\\/diev-25-@nabscab-DSD_8450-Mejorado-NR-scaled-e1760100207526.jpg\",\"width\":600,\"height\":374,\"caption\":\"Foto: @nabscab\"},{\"@type\":\"BreadcrumbList\",\"@id\":\"https:\\\/\\\/unaymilletras.com\\\/dei-v-lanza-underwater-el-album-mas-completo-y-personal-de-su-carrera\\\/#breadcrumb\",\"itemListElement\":[{\"@type\":\"ListItem\",\"position\":1,\"name\":\"Home\",\"item\":\"http:\\\/\\\/unaymilletras.com\\\/\"},{\"@type\":\"ListItem\",\"position\":2,\"name\":\"Dei V lanza Underwater, el \u00e1lbum m\u00e1s completo y personal de su carrera\"}]},{\"@type\":\"WebSite\",\"@id\":\"http:\\\/\\\/unaymilletras.com\\\/#website\",\"url\":\"http:\\\/\\\/unaymilletras.com\\\/\",\"name\":\"Una y Mil Letras\",\"description\":\"\",\"publisher\":{\"@id\":\"http:\\\/\\\/unaymilletras.com\\\/#organization\"},\"potentialAction\":[{\"@type\":\"SearchAction\",\"target\":{\"@type\":\"EntryPoint\",\"urlTemplate\":\"http:\\\/\\\/unaymilletras.com\\\/?s={search_term_string}\"},\"query-input\":{\"@type\":\"PropertyValueSpecification\",\"valueRequired\":true,\"valueName\":\"search_term_string\"}}],\"inLanguage\":\"en-GB\"},{\"@type\":\"Organization\",\"@id\":\"http:\\\/\\\/unaymilletras.com\\\/#organization\",\"name\":\"Una y Mil Letras\",\"url\":\"http:\\\/\\\/unaymilletras.com\\\/\",\"logo\":{\"@type\":\"ImageObject\",\"inLanguage\":\"en-GB\",\"@id\":\"http:\\\/\\\/unaymilletras.com\\\/#\\\/schema\\\/logo\\\/image\\\/\",\"url\":\"https:\\\/\\\/unaymilletras.com\\\/wp-content\\\/uploads\\\/2024\\\/06\\\/cropped-Logo-removebg-preview.png\",\"contentUrl\":\"https:\\\/\\\/unaymilletras.com\\\/wp-content\\\/uploads\\\/2024\\\/06\\\/cropped-Logo-removebg-preview.png\",\"width\":512,\"height\":512,\"caption\":\"Una y Mil Letras\"},\"image\":{\"@id\":\"http:\\\/\\\/unaymilletras.com\\\/#\\\/schema\\\/logo\\\/image\\\/\"},\"sameAs\":[\"https:\\\/\\\/x.com\\\/UnaYMilLetras\",\"https:\\\/\\\/instagram.com\\\/UnaYMilLetras\"]},{\"@type\":\"Person\",\"@id\":\"http:\\\/\\\/unaymilletras.com\\\/#\\\/schema\\\/person\\\/0860dc8a218329991ee2c7591f4f849d\",\"name\":\"Redacci\u00f3n\",\"image\":{\"@type\":\"ImageObject\",\"inLanguage\":\"en-GB\",\"@id\":\"https:\\\/\\\/secure.gravatar.com\\\/avatar\\\/d8f55e05a8b6597e45c55a1dcbdbfe44f4a360d88b48e00de5216a79b7732796?s=96&d=mm&r=g\",\"url\":\"https:\\\/\\\/secure.gravatar.com\\\/avatar\\\/d8f55e05a8b6597e45c55a1dcbdbfe44f4a360d88b48e00de5216a79b7732796?s=96&d=mm&r=g\",\"contentUrl\":\"https:\\\/\\\/secure.gravatar.com\\\/avatar\\\/d8f55e05a8b6597e45c55a1dcbdbfe44f4a360d88b48e00de5216a79b7732796?s=96&d=mm&r=g\",\"caption\":\"Redacci\u00f3n\"},\"url\":\"https:\\\/\\\/unaymilletras.com\\\/en\\\/author\\\/redaccion\\\/\"}]}<\/script>\n<!-- \/ Yoast SEO plugin. -->","yoast_head_json":{"title":"Dei V lanza Underwater, el \u00e1lbum m\u00e1s completo y personal de su carrera","description":"El artista Dei V presenta un proyecto que marca su evoluci\u00f3n y llega antes de sus tres conciertos \u201csold out\u201d en el Coliseo de Puerto Rico","robots":{"index":"index","follow":"follow","max-snippet":"max-snippet:-1","max-image-preview":"max-image-preview:large","max-video-preview":"max-video-preview:-1"},"canonical":"https:\/\/unaymilletras.com\/en\/dei-v-lanza-underwater-el-album-mas-completo-y-personal-de-su-carrera\/","og_locale":"en_GB","og_type":"article","og_title":"Dei V lanza Underwater, el \u00e1lbum m\u00e1s completo y personal de su carrera","og_description":"El artista Dei V presenta un proyecto que marca su evoluci\u00f3n y llega antes de sus tres conciertos \u201csold out\u201d en el Coliseo de Puerto Rico","og_url":"https:\/\/unaymilletras.com\/en\/dei-v-lanza-underwater-el-album-mas-completo-y-personal-de-su-carrera\/","og_site_name":"Una y Mil Letras","article_published_time":"2025-10-10T12:41:25+00:00","article_modified_time":"2025-10-10T12:47:42+00:00","og_image":[{"width":600,"height":374,"url":"http:\/\/unaymilletras.com\/wp-content\/uploads\/2025\/10\/diev-25-@nabscab-DSD_8450-Mejorado-NR-scaled-e1760100207526.jpg","type":"image\/jpeg"}],"author":"Redacci\u00f3n","twitter_card":"summary_large_image","twitter_creator":"@UnaYMilLetras","twitter_site":"@UnaYMilLetras","twitter_misc":{"Written by":"Redacci\u00f3n","Estimated reading time":"2 minutes"},"schema":{"@context":"https:\/\/schema.org","@graph":[{"@type":"Article","@id":"https:\/\/unaymilletras.com\/dei-v-lanza-underwater-el-album-mas-completo-y-personal-de-su-carrera\/#article","isPartOf":{"@id":"https:\/\/unaymilletras.com\/dei-v-lanza-underwater-el-album-mas-completo-y-personal-de-su-carrera\/"},"author":{"name":"Redacci\u00f3n","@id":"http:\/\/unaymilletras.com\/#\/schema\/person\/0860dc8a218329991ee2c7591f4f849d"},"headline":"Dei V lanza Underwater, el \u00e1lbum m\u00e1s completo y personal de su carrera","datePublished":"2025-10-10T12:41:25+00:00","dateModified":"2025-10-10T12:47:42+00:00","mainEntityOfPage":{"@id":"https:\/\/unaymilletras.com\/dei-v-lanza-underwater-el-album-mas-completo-y-personal-de-su-carrera\/"},"wordCount":430,"publisher":{"@id":"http:\/\/unaymilletras.com\/#organization"},"image":{"@id":"https:\/\/unaymilletras.com\/dei-v-lanza-underwater-el-album-mas-completo-y-personal-de-su-carrera\/#primaryimage"},"thumbnailUrl":"https:\/\/unaymilletras.com\/wp-content\/uploads\/2025\/10\/diev-25-@nabscab-DSD_8450-Mejorado-NR-scaled-e1760100207526.jpg","articleSection":["M\u00fasica"],"inLanguage":"en-GB"},{"@type":"WebPage","@id":"https:\/\/unaymilletras.com\/dei-v-lanza-underwater-el-album-mas-completo-y-personal-de-su-carrera\/","url":"https:\/\/unaymilletras.com\/dei-v-lanza-underwater-el-album-mas-completo-y-personal-de-su-carrera\/","name":"Dei V lanza Underwater, el \u00e1lbum m\u00e1s completo y personal de su carrera","isPartOf":{"@id":"http:\/\/unaymilletras.com\/#website"},"primaryImageOfPage":{"@id":"https:\/\/unaymilletras.com\/dei-v-lanza-underwater-el-album-mas-completo-y-personal-de-su-carrera\/#primaryimage"},"image":{"@id":"https:\/\/unaymilletras.com\/dei-v-lanza-underwater-el-album-mas-completo-y-personal-de-su-carrera\/#primaryimage"},"thumbnailUrl":"https:\/\/unaymilletras.com\/wp-content\/uploads\/2025\/10\/diev-25-@nabscab-DSD_8450-Mejorado-NR-scaled-e1760100207526.jpg","datePublished":"2025-10-10T12:41:25+00:00","dateModified":"2025-10-10T12:47:42+00:00","description":"El artista Dei V presenta un proyecto que marca su evoluci\u00f3n y llega antes de sus tres conciertos \u201csold out\u201d en el Coliseo de Puerto Rico","breadcrumb":{"@id":"https:\/\/unaymilletras.com\/dei-v-lanza-underwater-el-album-mas-completo-y-personal-de-su-carrera\/#breadcrumb"},"inLanguage":"en-GB","potentialAction":[{"@type":"ReadAction","target":["https:\/\/unaymilletras.com\/dei-v-lanza-underwater-el-album-mas-completo-y-personal-de-su-carrera\/"]}]},{"@type":"ImageObject","inLanguage":"en-GB","@id":"https:\/\/unaymilletras.com\/dei-v-lanza-underwater-el-album-mas-completo-y-personal-de-su-carrera\/#primaryimage","url":"https:\/\/unaymilletras.com\/wp-content\/uploads\/2025\/10\/diev-25-@nabscab-DSD_8450-Mejorado-NR-scaled-e1760100207526.jpg","contentUrl":"https:\/\/unaymilletras.com\/wp-content\/uploads\/2025\/10\/diev-25-@nabscab-DSD_8450-Mejorado-NR-scaled-e1760100207526.jpg","width":600,"height":374,"caption":"Foto: @nabscab"},{"@type":"BreadcrumbList","@id":"https:\/\/unaymilletras.com\/dei-v-lanza-underwater-el-album-mas-completo-y-personal-de-su-carrera\/#breadcrumb","itemListElement":[{"@type":"ListItem","position":1,"name":"Home","item":"http:\/\/unaymilletras.com\/"},{"@type":"ListItem","position":2,"name":"Dei V lanza Underwater, el \u00e1lbum m\u00e1s completo y personal de su carrera"}]},{"@type":"WebSite","@id":"http:\/\/unaymilletras.com\/#website","url":"http:\/\/unaymilletras.com\/","name":"Una y Mil Letras","description":"","publisher":{"@id":"http:\/\/unaymilletras.com\/#organization"},"potentialAction":[{"@type":"SearchAction","target":{"@type":"EntryPoint","urlTemplate":"http:\/\/unaymilletras.com\/?s={search_term_string}"},"query-input":{"@type":"PropertyValueSpecification","valueRequired":true,"valueName":"search_term_string"}}],"inLanguage":"en-GB"},{"@type":"Organization","@id":"http:\/\/unaymilletras.com\/#organization","name":"Una y Mil Letras","url":"http:\/\/unaymilletras.com\/","logo":{"@type":"ImageObject","inLanguage":"en-GB","@id":"http:\/\/unaymilletras.com\/#\/schema\/logo\/image\/","url":"https:\/\/unaymilletras.com\/wp-content\/uploads\/2024\/06\/cropped-Logo-removebg-preview.png","contentUrl":"https:\/\/unaymilletras.com\/wp-content\/uploads\/2024\/06\/cropped-Logo-removebg-preview.png","width":512,"height":512,"caption":"Una y Mil Letras"},"image":{"@id":"http:\/\/unaymilletras.com\/#\/schema\/logo\/image\/"},"sameAs":["https:\/\/x.com\/UnaYMilLetras","https:\/\/instagram.com\/UnaYMilLetras"]},{"@type":"Person","@id":"http:\/\/unaymilletras.com\/#\/schema\/person\/0860dc8a218329991ee2c7591f4f849d","name":"Redacci\u00f3n","image":{"@type":"ImageObject","inLanguage":"en-GB","@id":"https:\/\/secure.gravatar.com\/avatar\/d8f55e05a8b6597e45c55a1dcbdbfe44f4a360d88b48e00de5216a79b7732796?s=96&d=mm&r=g","url":"https:\/\/secure.gravatar.com\/avatar\/d8f55e05a8b6597e45c55a1dcbdbfe44f4a360d88b48e00de5216a79b7732796?s=96&d=mm&r=g","contentUrl":"https:\/\/secure.gravatar.com\/avatar\/d8f55e05a8b6597e45c55a1dcbdbfe44f4a360d88b48e00de5216a79b7732796?s=96&d=mm&r=g","caption":"Redacci\u00f3n"},"url":"https:\/\/unaymilletras.com\/en\/author\/redaccion\/"}]}},"_links":{"self":[{"href":"https:\/\/unaymilletras.com\/en\/wp-json\/wp\/v2\/posts\/5943","targetHints":{"allow":["GET"]}}],"collection":[{"href":"https:\/\/unaymilletras.com\/en\/wp-json\/wp\/v2\/posts"}],"about":[{"href":"https:\/\/unaymilletras.com\/en\/wp-json\/wp\/v2\/types\/post"}],"author":[{"embeddable":true,"href":"https:\/\/unaymilletras.com\/en\/wp-json\/wp\/v2\/users\/6"}],"replies":[{"embeddable":true,"href":"https:\/\/unaymilletras.com\/en\/wp-json\/wp\/v2\/comments?post=5943"}],"version-history":[{"count":7,"href":"https:\/\/unaymilletras.com\/en\/wp-json\/wp\/v2\/posts\/5943\/revisions"}],"predecessor-version":[{"id":5951,"href":"https:\/\/unaymilletras.com\/en\/wp-json\/wp\/v2\/posts\/5943\/revisions\/5951"}],"wp:featuredmedia":[{"embeddable":true,"href":"https:\/\/unaymilletras.com\/en\/wp-json\/wp\/v2\/media\/5945"}],"wp:attachment":[{"href":"https:\/\/unaymilletras.com\/en\/wp-json\/wp\/v2\/media?parent=5943"}],"wp:term":[{"taxonomy":"category","embeddable":true,"href":"https:\/\/unaymilletras.com\/en\/wp-json\/wp\/v2\/categories?post=5943"},{"taxonomy":"post_tag","embeddable":true,"href":"https:\/\/unaymilletras.com\/en\/wp-json\/wp\/v2\/tags?post=5943"}],"curies":[{"name":"wp","href":"https:\/\/api.w.org\/{rel}","templated":true}]}}