{"id":5953,"date":"2025-10-10T18:30:00","date_gmt":"2025-10-10T16:30:00","guid":{"rendered":"https:\/\/unaymilletras.com\/?p=5953"},"modified":"2025-11-06T18:25:56","modified_gmt":"2025-11-06T17:25:56","slug":"ana-mena-regresa-con-su-nuevo-single-largate-un-clasico-instantaneo","status":"publish","type":"post","link":"https:\/\/unaymilletras.com\/en\/ana-mena-regresa-con-su-nuevo-single-largate-un-clasico-instantaneo\/","title":{"rendered":"Ana Mena regresa con su nuevo single \u201cL\u00e1rgate\u201d, un cl\u00e1sico instant\u00e1neo"},"content":{"rendered":"<div data-elementor-type=\"wp-post\" data-elementor-id=\"5953\" class=\"elementor elementor-5953\">\n\t\t\t\t\t\t<section class=\"elementor-section elementor-top-section elementor-element elementor-element-45783b6 elementor-section-boxed elementor-section-height-default elementor-section-height-default\" data-id=\"45783b6\" data-element_type=\"section\" data-e-type=\"section\">\n\t\t\t\t\t\t<div class=\"elementor-container elementor-column-gap-default\">\n\t\t\t\t\t<div class=\"elementor-column elementor-col-100 elementor-top-column elementor-element elementor-element-68f6ad9\" data-id=\"68f6ad9\" data-element_type=\"column\" data-e-type=\"column\">\n\t\t\t<div class=\"elementor-widget-wrap elementor-element-populated\">\n\t\t\t\t\t\t<div class=\"elementor-element elementor-element-0562b83 elementor-widget elementor-widget-text-editor\" data-id=\"0562b83\" data-element_type=\"widget\" data-e-type=\"widget\" data-widget_type=\"text-editor.default\">\n\t\t\t\t<div class=\"elementor-widget-container\">\n\t\t\t\t\t\t\t\t\t<p style=\"text-align: justify\"><strong>Ana Mena regresa con su nuevo single \u201c<span style=\"color: #808080\"><a style=\"color: #808080\" href=\"https:\/\/open.spotify.com\/intl-es\/track\/6xMEkgHI4X3biKg9fQ45RI?si=a3cb15d431d34157\">L\u00e1rgate<\/a><\/span>\u201d<\/strong>, despu\u00e9s de un a\u00f1o sin publicar m\u00fasica. La canci\u00f3n combina influencias de los a\u00f1os 70 con un sonido pop actual, nost\u00e1lgico y elegante. Al mismo tiempo, refuerza la identidad art\u00edstica que la cantante malague\u00f1a ha consolidado en los \u00faltimos a\u00f1os.<\/p>\t\t\t\t\t\t\t\t<\/div>\n\t\t\t\t<\/div>\n\t\t\t\t\t<\/div>\n\t\t<\/div>\n\t\t\t\t\t<\/div>\n\t\t<\/section>\n\t\t\t\t<section class=\"elementor-section elementor-top-section elementor-element elementor-element-1d2c199 elementor-section-boxed elementor-section-height-default elementor-section-height-default\" data-id=\"1d2c199\" data-element_type=\"section\" data-e-type=\"section\">\n\t\t\t\t\t\t<div class=\"elementor-container elementor-column-gap-default\">\n\t\t\t\t\t<div class=\"elementor-column elementor-col-100 elementor-top-column elementor-element elementor-element-0211a2f\" data-id=\"0211a2f\" data-element_type=\"column\" data-e-type=\"column\">\n\t\t\t<div class=\"elementor-widget-wrap elementor-element-populated\">\n\t\t\t\t\t\t<div class=\"elementor-element elementor-element-c227a81 elementor-widget elementor-widget-image\" data-id=\"c227a81\" data-element_type=\"widget\" data-e-type=\"widget\" data-widget_type=\"image.default\">\n\t\t\t\t<div class=\"elementor-widget-container\">\n\t\t\t\t\t\t\t\t\t\t\t\t\t\t\t<img fetchpriority=\"high\" decoding=\"async\" width=\"720\" height=\"380\" src=\"https:\/\/unaymilletras.com\/wp-content\/uploads\/2025\/10\/unnamed-2-1-720x380.jpg\" class=\"attachment-fameup-medium size-fameup-medium wp-image-5954\" alt=\"\" srcset=\"https:\/\/unaymilletras.com\/wp-content\/uploads\/2025\/10\/unnamed-2-1-720x380.jpg 720w, https:\/\/unaymilletras.com\/wp-content\/uploads\/2025\/10\/unnamed-2-1-18x10.jpg 18w\" sizes=\"(max-width: 720px) 100vw, 720px\" \/>\t\t\t\t\t\t\t\t\t\t\t\t\t\t\t<\/div>\n\t\t\t\t<\/div>\n\t\t\t\t\t<\/div>\n\t\t<\/div>\n\t\t\t\t\t<\/div>\n\t\t<\/section>\n\t\t\t\t<section class=\"elementor-section elementor-top-section elementor-element elementor-element-1d14a0f elementor-section-boxed elementor-section-height-default elementor-section-height-default\" data-id=\"1d14a0f\" data-element_type=\"section\" data-e-type=\"section\">\n\t\t\t\t\t\t<div class=\"elementor-container elementor-column-gap-default\">\n\t\t\t\t\t<div class=\"elementor-column elementor-col-100 elementor-top-column elementor-element elementor-element-537249f\" data-id=\"537249f\" data-element_type=\"column\" data-e-type=\"column\">\n\t\t\t<div class=\"elementor-widget-wrap elementor-element-populated\">\n\t\t\t\t\t\t<div class=\"elementor-element elementor-element-40f7227 elementor-widget elementor-widget-text-editor\" data-id=\"40f7227\" data-element_type=\"widget\" data-e-type=\"widget\" data-widget_type=\"text-editor.default\">\n\t\t\t\t<div class=\"elementor-widget-container\">\n\t\t\t\t\t\t\t\t\t<p style=\"text-align: justify\">Con este lanzamiento, queda claro que <strong data-start=\"635\" data-end=\"685\">Ana Mena regresa con su nuevo single \u201cL\u00e1rgate\u201d<\/strong> para abrir una etapa musical m\u00e1s \u00edntima y emocional. Despu\u00e9s de un 2024 muy especial para la artista en el que en diciembre cerr\u00f3 su <strong>Bellodrama Tour<\/strong> con dos conciertos seguidos en el Movistar Arena de Madrid. Ambas fechas se agotaron, confirmando la gran conexi\u00f3n que mantiene con su p\u00fablico. Poco despu\u00e9s, Ana comenz\u00f3 un proceso de composici\u00f3n intenso. Desde enero ha compartido en redes detalles de esta etapa, mostrando entusiasmo y una implicaci\u00f3n total.<\/p>\n<p><!-- \/wp:paragraph --><!-- wp:paragraph --><\/p>\n<p>La propia cantante reconoce que necesitaba detenerse y volver a conectar con sus emociones. Afirma que este nuevo proyecto es m\u00e1s personal y profundo que los anteriores. Seg\u00fan explica, las letras surgen desde un lugar \u00edntimo y cargado de sentimientos, y aunque el proceso ha sido largo, asegura que est\u00e1 siendo muy emocionante.<\/p>\t\t\t\t\t\t\t\t<\/div>\n\t\t\t\t<\/div>\n\t\t\t\t\t<\/div>\n\t\t<\/div>\n\t\t\t\t\t<\/div>\n\t\t<\/section>\n\t\t\t\t<section class=\"elementor-section elementor-top-section elementor-element elementor-element-0d0bf69 elementor-section-boxed elementor-section-height-default elementor-section-height-default\" data-id=\"0d0bf69\" data-element_type=\"section\" data-e-type=\"section\">\n\t\t\t\t\t\t<div class=\"elementor-container elementor-column-gap-default\">\n\t\t\t\t\t<div class=\"elementor-column elementor-col-100 elementor-top-column elementor-element elementor-element-046a79f\" data-id=\"046a79f\" data-element_type=\"column\" data-e-type=\"column\">\n\t\t\t<div class=\"elementor-widget-wrap elementor-element-populated\">\n\t\t\t\t\t\t<div class=\"elementor-element elementor-element-43b2622 elementor-widget elementor-widget-text-editor\" data-id=\"43b2622\" data-element_type=\"widget\" data-e-type=\"widget\" data-widget_type=\"text-editor.default\">\n\t\t\t\t<div class=\"elementor-widget-container\">\n\t\t\t\t\t\t\t\t\t<h3 style=\"text-align: center\"><em>\u00abNecesitaba parar, volver a reconectar conmigo misma, encontrar nuevas inspiraciones para mi m\u00fasica, crear desde la tranquilidad y volver a enamorarme\u00bb<\/em><\/h3>\t\t\t\t\t\t\t\t<\/div>\n\t\t\t\t<\/div>\n\t\t\t\t\t<\/div>\n\t\t<\/div>\n\t\t\t\t\t<\/div>\n\t\t<\/section>\n\t\t\t\t<section class=\"elementor-section elementor-top-section elementor-element elementor-element-68ee8e07 elementor-section-boxed elementor-section-height-default elementor-section-height-default\" data-id=\"68ee8e07\" data-element_type=\"section\" data-e-type=\"section\">\n\t\t\t\t\t\t<div class=\"elementor-container elementor-column-gap-default\">\n\t\t\t\t\t<div class=\"elementor-column elementor-col-100 elementor-top-column elementor-element elementor-element-2910e990\" data-id=\"2910e990\" data-element_type=\"column\" data-e-type=\"column\">\n\t\t\t<div class=\"elementor-widget-wrap elementor-element-populated\">\n\t\t\t\t\t\t<div class=\"elementor-element elementor-element-3d3b8622 elementor-widget elementor-widget-text-editor\" data-id=\"3d3b8622\" data-element_type=\"widget\" data-e-type=\"widget\" data-widget_type=\"text-editor.default\">\n\t\t\t\t<div class=\"elementor-widget-container\">\n\t\t\t\t\t\t\t\t\t<!-- wp:paragraph \/--><!-- wp:paragraph \/--><!-- wp:paragraph -->\n<p style=\"text-align: justify\">\u201cL\u00e1rgate\u201d se compuso junto a <strong>Andr\u00e9s Torres y Mauricio Rengifo<\/strong>, dos de los productores m\u00e1s destacados del pop latino. La canci\u00f3n mezcla sonidos cl\u00e1sicos que evocan a Jeanette o Camilo Sesto con un aire renovado y actual. La letra, po\u00e9tica y directa, habla de un desamor desde una perspectiva de liberaci\u00f3n y fuerza personal, con im\u00e1genes contundentes y un mensaje claro.<\/p>\n<!-- \/wp:paragraph --><!-- wp:paragraph -->\n<p style=\"text-align: justify\">Durante los \u00faltimos a\u00f1os, Ana Mena ha demostrado ser una de las voces m\u00e1s influyentes del pop en espa\u00f1ol. \u00c9xitos como <em>\u201cLas 12\u201d<\/em>, <em>\u201cMadrid City\u201d<\/em> o <em>\u201cM\u00fasica Ligera\u201d<\/em> acumulan millones de reproducciones y certificaciones en varios pa\u00edses. Adem\u00e1s, ha recibido premios en galas como <strong>Lo Nuestro, MTV EMA\u2019s y Los40 Music Awards<\/strong>, donde ha sido reconocida como Artista del A\u00f1o y Mejor Canci\u00f3n.<\/p>\n<!-- \/wp:paragraph --><!-- wp:paragraph \/-->\t\t\t\t\t\t\t\t<\/div>\n\t\t\t\t<\/div>\n\t\t\t\t\t<\/div>\n\t\t<\/div>\n\t\t\t\t\t<\/div>\n\t\t<\/section>\n\t\t\t\t<section class=\"elementor-section elementor-top-section elementor-element elementor-element-a818dbd elementor-section-boxed elementor-section-height-default elementor-section-height-default\" data-id=\"a818dbd\" data-element_type=\"section\" data-e-type=\"section\">\n\t\t\t\t\t\t<div class=\"elementor-container elementor-column-gap-default\">\n\t\t\t\t\t<div class=\"elementor-column elementor-col-100 elementor-top-column elementor-element elementor-element-edb90f9\" data-id=\"edb90f9\" data-element_type=\"column\" data-e-type=\"column\">\n\t\t\t<div class=\"elementor-widget-wrap elementor-element-populated\">\n\t\t\t\t\t\t<div class=\"elementor-element elementor-element-58edd61 elementor-widget elementor-widget-video\" data-id=\"58edd61\" data-element_type=\"widget\" data-e-type=\"widget\" data-settings=\"{&quot;youtube_url&quot;:&quot;https:\\\/\\\/youtu.be\\\/qMC-IVM-IdA?si=3ZTtFk9qjNmdH3Wp&quot;,&quot;video_type&quot;:&quot;youtube&quot;,&quot;controls&quot;:&quot;yes&quot;}\" data-widget_type=\"video.default\">\n\t\t\t\t<div class=\"elementor-widget-container\">\n\t\t\t\t\t\t\t<div class=\"elementor-wrapper elementor-open-inline\">\n\t\t\t<div class=\"elementor-video\"><\/div>\t\t<\/div>\n\t\t\t\t\t\t<\/div>\n\t\t\t\t<\/div>\n\t\t\t\t\t<\/div>\n\t\t<\/div>\n\t\t\t\t\t<\/div>\n\t\t<\/section>\n\t\t\t\t<section class=\"elementor-section elementor-top-section elementor-element elementor-element-d0d3fb7 elementor-section-boxed elementor-section-height-default elementor-section-height-default\" data-id=\"d0d3fb7\" data-element_type=\"section\" data-e-type=\"section\">\n\t\t\t\t\t\t<div class=\"elementor-container elementor-column-gap-default\">\n\t\t\t\t\t<div class=\"elementor-column elementor-col-100 elementor-top-column elementor-element elementor-element-e6dc17c\" data-id=\"e6dc17c\" data-element_type=\"column\" data-e-type=\"column\">\n\t\t\t<div class=\"elementor-widget-wrap elementor-element-populated\">\n\t\t\t\t\t\t<div class=\"elementor-element elementor-element-0f70c17 elementor-widget elementor-widget-text-editor\" data-id=\"0f70c17\" data-element_type=\"widget\" data-e-type=\"widget\" data-widget_type=\"text-editor.default\">\n\t\t\t\t<div class=\"elementor-widget-container\">\n\t\t\t\t\t\t\t\t\t<p style=\"text-align: justify;\">Con <strong>\u201cL\u00e1rgate\u201d<\/strong>, la malague\u00f1a abre un nuevo cap\u00edtulo en su carrera. Un regreso cargado de emoci\u00f3n que anticipa un proyecto ambicioso, capaz de conectar con distintas generaciones y consolidar a\u00fan m\u00e1s su proyecci\u00f3n internacional.<\/p>\n<p>Sigue descubriendo m\u00e1s sobre la actualidad musical en <a href=\"https:\/\/unaymilletras.com\/en\/\">Una y mil letras<\/a><\/p>\t\t\t\t\t\t\t\t<\/div>\n\t\t\t\t<\/div>\n\t\t\t\t\t<\/div>\n\t\t<\/div>\n\t\t\t\t\t<\/div>\n\t\t<\/section>\n\t\t\t\t<\/div>","protected":false},"excerpt":{"rendered":"<p>Ana Mena regresa con su nuevo single \u201cL\u00e1rgate\u201d, despu\u00e9s de un a\u00f1o sin publicar m\u00fasica. La canci\u00f3n combina influencias de los a\u00f1os 70 con un sonido pop actual, nost\u00e1lgico y elegante. Al mismo tiempo, refuerza la identidad art\u00edstica que la cantante malague\u00f1a ha consolidado en los \u00faltimos a\u00f1os. Con este lanzamiento, queda claro que Ana [&hellip;]<\/p>\n","protected":false},"author":13,"featured_media":5954,"comment_status":"closed","ping_status":"closed","sticky":false,"template":"","format":"standard","meta":{"footnotes":""},"categories":[4],"tags":[],"class_list":["post-5953","post","type-post","status-publish","format-standard","has-post-thumbnail","hentry","category-musica"],"yoast_head":"<!-- This site is optimized with the Yoast SEO plugin v27.4 - https:\/\/yoast.com\/product\/yoast-seo-wordpress\/ -->\n<title>Ana Mena regresa con su nuevo single \u201cL\u00e1rgate\u201d<\/title>\n<meta name=\"description\" content=\"Ana Mena regresa con su nuevo single \u201cL\u00e1rgate\u201d, un tema pop con aires setenteros que marca el inicio de una nueva etapa musical.\" \/>\n<meta name=\"robots\" content=\"index, follow, max-snippet:-1, max-image-preview:large, max-video-preview:-1\" \/>\n<link rel=\"canonical\" href=\"https:\/\/unaymilletras.com\/en\/ana-mena-regresa-con-su-nuevo-single-largate-un-clasico-instantaneo\/\" \/>\n<meta property=\"og:locale\" content=\"en_GB\" \/>\n<meta property=\"og:type\" content=\"article\" \/>\n<meta property=\"og:title\" content=\"Ana Mena regresa con su nuevo single \u201cL\u00e1rgate\u201d\" \/>\n<meta property=\"og:description\" content=\"Ana Mena regresa con su nuevo single \u201cL\u00e1rgate\u201d, un tema pop con aires setenteros que marca el inicio de una nueva etapa musical.\" \/>\n<meta property=\"og:url\" content=\"https:\/\/unaymilletras.com\/en\/ana-mena-regresa-con-su-nuevo-single-largate-un-clasico-instantaneo\/\" \/>\n<meta property=\"og:site_name\" content=\"Una y Mil Letras\" \/>\n<meta property=\"article:published_time\" content=\"2025-10-10T16:30:00+00:00\" \/>\n<meta property=\"article:modified_time\" content=\"2025-11-06T17:25:56+00:00\" \/>\n<meta property=\"og:image\" content=\"http:\/\/unaymilletras.com\/wp-content\/uploads\/2025\/10\/unnamed-2-1.jpg\" \/>\n\t<meta property=\"og:image:width\" content=\"2048\" \/>\n\t<meta property=\"og:image:height\" content=\"1152\" \/>\n\t<meta property=\"og:image:type\" content=\"image\/jpeg\" \/>\n<meta name=\"author\" content=\"Alba Benito\" \/>\n<meta name=\"twitter:card\" content=\"summary_large_image\" \/>\n<meta name=\"twitter:creator\" content=\"@UnaYMilLetras\" \/>\n<meta name=\"twitter:site\" content=\"@UnaYMilLetras\" \/>\n<meta name=\"twitter:label1\" content=\"Written by\" \/>\n\t<meta name=\"twitter:data1\" content=\"Alba Benito\" \/>\n\t<meta name=\"twitter:label2\" content=\"Estimated reading time\" \/>\n\t<meta name=\"twitter:data2\" content=\"3 minutes\" \/>\n<script type=\"application\/ld+json\" class=\"yoast-schema-graph\">{\"@context\":\"https:\\\/\\\/schema.org\",\"@graph\":[{\"@type\":\"Article\",\"@id\":\"https:\\\/\\\/unaymilletras.com\\\/ana-mena-regresa-con-su-nuevo-single-largate-un-clasico-instantaneo\\\/#article\",\"isPartOf\":{\"@id\":\"https:\\\/\\\/unaymilletras.com\\\/ana-mena-regresa-con-su-nuevo-single-largate-un-clasico-instantaneo\\\/\"},\"author\":{\"name\":\"Alba Benito\",\"@id\":\"http:\\\/\\\/unaymilletras.com\\\/#\\\/schema\\\/person\\\/a10550e4bff9a23f941f52b2cd5d8686\"},\"headline\":\"Ana Mena regresa con su nuevo single \u201cL\u00e1rgate\u201d, un cl\u00e1sico instant\u00e1neo\",\"datePublished\":\"2025-10-10T16:30:00+00:00\",\"dateModified\":\"2025-11-06T17:25:56+00:00\",\"mainEntityOfPage\":{\"@id\":\"https:\\\/\\\/unaymilletras.com\\\/ana-mena-regresa-con-su-nuevo-single-largate-un-clasico-instantaneo\\\/\"},\"wordCount\":445,\"publisher\":{\"@id\":\"http:\\\/\\\/unaymilletras.com\\\/#organization\"},\"image\":{\"@id\":\"https:\\\/\\\/unaymilletras.com\\\/ana-mena-regresa-con-su-nuevo-single-largate-un-clasico-instantaneo\\\/#primaryimage\"},\"thumbnailUrl\":\"https:\\\/\\\/unaymilletras.com\\\/wp-content\\\/uploads\\\/2025\\\/10\\\/unnamed-2-1.jpg\",\"articleSection\":[\"M\u00fasica\"],\"inLanguage\":\"en-GB\"},{\"@type\":\"WebPage\",\"@id\":\"https:\\\/\\\/unaymilletras.com\\\/ana-mena-regresa-con-su-nuevo-single-largate-un-clasico-instantaneo\\\/\",\"url\":\"https:\\\/\\\/unaymilletras.com\\\/ana-mena-regresa-con-su-nuevo-single-largate-un-clasico-instantaneo\\\/\",\"name\":\"Ana Mena regresa con su nuevo single \u201cL\u00e1rgate\u201d\",\"isPartOf\":{\"@id\":\"http:\\\/\\\/unaymilletras.com\\\/#website\"},\"primaryImageOfPage\":{\"@id\":\"https:\\\/\\\/unaymilletras.com\\\/ana-mena-regresa-con-su-nuevo-single-largate-un-clasico-instantaneo\\\/#primaryimage\"},\"image\":{\"@id\":\"https:\\\/\\\/unaymilletras.com\\\/ana-mena-regresa-con-su-nuevo-single-largate-un-clasico-instantaneo\\\/#primaryimage\"},\"thumbnailUrl\":\"https:\\\/\\\/unaymilletras.com\\\/wp-content\\\/uploads\\\/2025\\\/10\\\/unnamed-2-1.jpg\",\"datePublished\":\"2025-10-10T16:30:00+00:00\",\"dateModified\":\"2025-11-06T17:25:56+00:00\",\"description\":\"Ana Mena regresa con su nuevo single \u201cL\u00e1rgate\u201d, un tema pop con aires setenteros que marca el inicio de una nueva etapa musical.\",\"breadcrumb\":{\"@id\":\"https:\\\/\\\/unaymilletras.com\\\/ana-mena-regresa-con-su-nuevo-single-largate-un-clasico-instantaneo\\\/#breadcrumb\"},\"inLanguage\":\"en-GB\",\"potentialAction\":[{\"@type\":\"ReadAction\",\"target\":[\"https:\\\/\\\/unaymilletras.com\\\/ana-mena-regresa-con-su-nuevo-single-largate-un-clasico-instantaneo\\\/\"]}]},{\"@type\":\"ImageObject\",\"inLanguage\":\"en-GB\",\"@id\":\"https:\\\/\\\/unaymilletras.com\\\/ana-mena-regresa-con-su-nuevo-single-largate-un-clasico-instantaneo\\\/#primaryimage\",\"url\":\"https:\\\/\\\/unaymilletras.com\\\/wp-content\\\/uploads\\\/2025\\\/10\\\/unnamed-2-1.jpg\",\"contentUrl\":\"https:\\\/\\\/unaymilletras.com\\\/wp-content\\\/uploads\\\/2025\\\/10\\\/unnamed-2-1.jpg\",\"width\":2048,\"height\":1152},{\"@type\":\"BreadcrumbList\",\"@id\":\"https:\\\/\\\/unaymilletras.com\\\/ana-mena-regresa-con-su-nuevo-single-largate-un-clasico-instantaneo\\\/#breadcrumb\",\"itemListElement\":[{\"@type\":\"ListItem\",\"position\":1,\"name\":\"Home\",\"item\":\"http:\\\/\\\/unaymilletras.com\\\/\"},{\"@type\":\"ListItem\",\"position\":2,\"name\":\"Ana Mena regresa con su nuevo single \u201cL\u00e1rgate\u201d, un cl\u00e1sico instant\u00e1neo\"}]},{\"@type\":\"WebSite\",\"@id\":\"http:\\\/\\\/unaymilletras.com\\\/#website\",\"url\":\"http:\\\/\\\/unaymilletras.com\\\/\",\"name\":\"Una y Mil Letras\",\"description\":\"\",\"publisher\":{\"@id\":\"http:\\\/\\\/unaymilletras.com\\\/#organization\"},\"potentialAction\":[{\"@type\":\"SearchAction\",\"target\":{\"@type\":\"EntryPoint\",\"urlTemplate\":\"http:\\\/\\\/unaymilletras.com\\\/?s={search_term_string}\"},\"query-input\":{\"@type\":\"PropertyValueSpecification\",\"valueRequired\":true,\"valueName\":\"search_term_string\"}}],\"inLanguage\":\"en-GB\"},{\"@type\":\"Organization\",\"@id\":\"http:\\\/\\\/unaymilletras.com\\\/#organization\",\"name\":\"Una y Mil Letras\",\"url\":\"http:\\\/\\\/unaymilletras.com\\\/\",\"logo\":{\"@type\":\"ImageObject\",\"inLanguage\":\"en-GB\",\"@id\":\"http:\\\/\\\/unaymilletras.com\\\/#\\\/schema\\\/logo\\\/image\\\/\",\"url\":\"https:\\\/\\\/unaymilletras.com\\\/wp-content\\\/uploads\\\/2024\\\/06\\\/cropped-Logo-removebg-preview.png\",\"contentUrl\":\"https:\\\/\\\/unaymilletras.com\\\/wp-content\\\/uploads\\\/2024\\\/06\\\/cropped-Logo-removebg-preview.png\",\"width\":512,\"height\":512,\"caption\":\"Una y Mil Letras\"},\"image\":{\"@id\":\"http:\\\/\\\/unaymilletras.com\\\/#\\\/schema\\\/logo\\\/image\\\/\"},\"sameAs\":[\"https:\\\/\\\/x.com\\\/UnaYMilLetras\",\"https:\\\/\\\/instagram.com\\\/UnaYMilLetras\"]},{\"@type\":\"Person\",\"@id\":\"http:\\\/\\\/unaymilletras.com\\\/#\\\/schema\\\/person\\\/a10550e4bff9a23f941f52b2cd5d8686\",\"name\":\"Alba Benito\",\"image\":{\"@type\":\"ImageObject\",\"inLanguage\":\"en-GB\",\"@id\":\"https:\\\/\\\/secure.gravatar.com\\\/avatar\\\/f227a2222ee313f4b5dea91891742064ec98aa8f11b91568879eaecf941f84de?s=96&d=mm&r=g\",\"url\":\"https:\\\/\\\/secure.gravatar.com\\\/avatar\\\/f227a2222ee313f4b5dea91891742064ec98aa8f11b91568879eaecf941f84de?s=96&d=mm&r=g\",\"contentUrl\":\"https:\\\/\\\/secure.gravatar.com\\\/avatar\\\/f227a2222ee313f4b5dea91891742064ec98aa8f11b91568879eaecf941f84de?s=96&d=mm&r=g\",\"caption\":\"Alba Benito\"},\"url\":\"https:\\\/\\\/unaymilletras.com\\\/en\\\/author\\\/aalbaas_\\\/\"}]}<\/script>\n<!-- \/ Yoast SEO plugin. -->","yoast_head_json":{"title":"Ana Mena regresa con su nuevo single \u201cL\u00e1rgate\u201d","description":"Ana Mena regresa con su nuevo single \u201cL\u00e1rgate\u201d, un tema pop con aires setenteros que marca el inicio de una nueva etapa musical.","robots":{"index":"index","follow":"follow","max-snippet":"max-snippet:-1","max-image-preview":"max-image-preview:large","max-video-preview":"max-video-preview:-1"},"canonical":"https:\/\/unaymilletras.com\/en\/ana-mena-regresa-con-su-nuevo-single-largate-un-clasico-instantaneo\/","og_locale":"en_GB","og_type":"article","og_title":"Ana Mena regresa con su nuevo single \u201cL\u00e1rgate\u201d","og_description":"Ana Mena regresa con su nuevo single \u201cL\u00e1rgate\u201d, un tema pop con aires setenteros que marca el inicio de una nueva etapa musical.","og_url":"https:\/\/unaymilletras.com\/en\/ana-mena-regresa-con-su-nuevo-single-largate-un-clasico-instantaneo\/","og_site_name":"Una y Mil Letras","article_published_time":"2025-10-10T16:30:00+00:00","article_modified_time":"2025-11-06T17:25:56+00:00","og_image":[{"width":2048,"height":1152,"url":"http:\/\/unaymilletras.com\/wp-content\/uploads\/2025\/10\/unnamed-2-1.jpg","type":"image\/jpeg"}],"author":"Alba Benito","twitter_card":"summary_large_image","twitter_creator":"@UnaYMilLetras","twitter_site":"@UnaYMilLetras","twitter_misc":{"Written by":"Alba Benito","Estimated reading time":"3 minutes"},"schema":{"@context":"https:\/\/schema.org","@graph":[{"@type":"Article","@id":"https:\/\/unaymilletras.com\/ana-mena-regresa-con-su-nuevo-single-largate-un-clasico-instantaneo\/#article","isPartOf":{"@id":"https:\/\/unaymilletras.com\/ana-mena-regresa-con-su-nuevo-single-largate-un-clasico-instantaneo\/"},"author":{"name":"Alba Benito","@id":"http:\/\/unaymilletras.com\/#\/schema\/person\/a10550e4bff9a23f941f52b2cd5d8686"},"headline":"Ana Mena regresa con su nuevo single \u201cL\u00e1rgate\u201d, un cl\u00e1sico instant\u00e1neo","datePublished":"2025-10-10T16:30:00+00:00","dateModified":"2025-11-06T17:25:56+00:00","mainEntityOfPage":{"@id":"https:\/\/unaymilletras.com\/ana-mena-regresa-con-su-nuevo-single-largate-un-clasico-instantaneo\/"},"wordCount":445,"publisher":{"@id":"http:\/\/unaymilletras.com\/#organization"},"image":{"@id":"https:\/\/unaymilletras.com\/ana-mena-regresa-con-su-nuevo-single-largate-un-clasico-instantaneo\/#primaryimage"},"thumbnailUrl":"https:\/\/unaymilletras.com\/wp-content\/uploads\/2025\/10\/unnamed-2-1.jpg","articleSection":["M\u00fasica"],"inLanguage":"en-GB"},{"@type":"WebPage","@id":"https:\/\/unaymilletras.com\/ana-mena-regresa-con-su-nuevo-single-largate-un-clasico-instantaneo\/","url":"https:\/\/unaymilletras.com\/ana-mena-regresa-con-su-nuevo-single-largate-un-clasico-instantaneo\/","name":"Ana Mena regresa con su nuevo single \u201cL\u00e1rgate\u201d","isPartOf":{"@id":"http:\/\/unaymilletras.com\/#website"},"primaryImageOfPage":{"@id":"https:\/\/unaymilletras.com\/ana-mena-regresa-con-su-nuevo-single-largate-un-clasico-instantaneo\/#primaryimage"},"image":{"@id":"https:\/\/unaymilletras.com\/ana-mena-regresa-con-su-nuevo-single-largate-un-clasico-instantaneo\/#primaryimage"},"thumbnailUrl":"https:\/\/unaymilletras.com\/wp-content\/uploads\/2025\/10\/unnamed-2-1.jpg","datePublished":"2025-10-10T16:30:00+00:00","dateModified":"2025-11-06T17:25:56+00:00","description":"Ana Mena regresa con su nuevo single \u201cL\u00e1rgate\u201d, un tema pop con aires setenteros que marca el inicio de una nueva etapa musical.","breadcrumb":{"@id":"https:\/\/unaymilletras.com\/ana-mena-regresa-con-su-nuevo-single-largate-un-clasico-instantaneo\/#breadcrumb"},"inLanguage":"en-GB","potentialAction":[{"@type":"ReadAction","target":["https:\/\/unaymilletras.com\/ana-mena-regresa-con-su-nuevo-single-largate-un-clasico-instantaneo\/"]}]},{"@type":"ImageObject","inLanguage":"en-GB","@id":"https:\/\/unaymilletras.com\/ana-mena-regresa-con-su-nuevo-single-largate-un-clasico-instantaneo\/#primaryimage","url":"https:\/\/unaymilletras.com\/wp-content\/uploads\/2025\/10\/unnamed-2-1.jpg","contentUrl":"https:\/\/unaymilletras.com\/wp-content\/uploads\/2025\/10\/unnamed-2-1.jpg","width":2048,"height":1152},{"@type":"BreadcrumbList","@id":"https:\/\/unaymilletras.com\/ana-mena-regresa-con-su-nuevo-single-largate-un-clasico-instantaneo\/#breadcrumb","itemListElement":[{"@type":"ListItem","position":1,"name":"Home","item":"http:\/\/unaymilletras.com\/"},{"@type":"ListItem","position":2,"name":"Ana Mena regresa con su nuevo single \u201cL\u00e1rgate\u201d, un cl\u00e1sico instant\u00e1neo"}]},{"@type":"WebSite","@id":"http:\/\/unaymilletras.com\/#website","url":"http:\/\/unaymilletras.com\/","name":"Una y Mil Letras","description":"","publisher":{"@id":"http:\/\/unaymilletras.com\/#organization"},"potentialAction":[{"@type":"SearchAction","target":{"@type":"EntryPoint","urlTemplate":"http:\/\/unaymilletras.com\/?s={search_term_string}"},"query-input":{"@type":"PropertyValueSpecification","valueRequired":true,"valueName":"search_term_string"}}],"inLanguage":"en-GB"},{"@type":"Organization","@id":"http:\/\/unaymilletras.com\/#organization","name":"Una y Mil Letras","url":"http:\/\/unaymilletras.com\/","logo":{"@type":"ImageObject","inLanguage":"en-GB","@id":"http:\/\/unaymilletras.com\/#\/schema\/logo\/image\/","url":"https:\/\/unaymilletras.com\/wp-content\/uploads\/2024\/06\/cropped-Logo-removebg-preview.png","contentUrl":"https:\/\/unaymilletras.com\/wp-content\/uploads\/2024\/06\/cropped-Logo-removebg-preview.png","width":512,"height":512,"caption":"Una y Mil Letras"},"image":{"@id":"http:\/\/unaymilletras.com\/#\/schema\/logo\/image\/"},"sameAs":["https:\/\/x.com\/UnaYMilLetras","https:\/\/instagram.com\/UnaYMilLetras"]},{"@type":"Person","@id":"http:\/\/unaymilletras.com\/#\/schema\/person\/a10550e4bff9a23f941f52b2cd5d8686","name":"Alba Benito","image":{"@type":"ImageObject","inLanguage":"en-GB","@id":"https:\/\/secure.gravatar.com\/avatar\/f227a2222ee313f4b5dea91891742064ec98aa8f11b91568879eaecf941f84de?s=96&d=mm&r=g","url":"https:\/\/secure.gravatar.com\/avatar\/f227a2222ee313f4b5dea91891742064ec98aa8f11b91568879eaecf941f84de?s=96&d=mm&r=g","contentUrl":"https:\/\/secure.gravatar.com\/avatar\/f227a2222ee313f4b5dea91891742064ec98aa8f11b91568879eaecf941f84de?s=96&d=mm&r=g","caption":"Alba Benito"},"url":"https:\/\/unaymilletras.com\/en\/author\/aalbaas_\/"}]}},"_links":{"self":[{"href":"https:\/\/unaymilletras.com\/en\/wp-json\/wp\/v2\/posts\/5953","targetHints":{"allow":["GET"]}}],"collection":[{"href":"https:\/\/unaymilletras.com\/en\/wp-json\/wp\/v2\/posts"}],"about":[{"href":"https:\/\/unaymilletras.com\/en\/wp-json\/wp\/v2\/types\/post"}],"author":[{"embeddable":true,"href":"https:\/\/unaymilletras.com\/en\/wp-json\/wp\/v2\/users\/13"}],"replies":[{"embeddable":true,"href":"https:\/\/unaymilletras.com\/en\/wp-json\/wp\/v2\/comments?post=5953"}],"version-history":[{"count":20,"href":"https:\/\/unaymilletras.com\/en\/wp-json\/wp\/v2\/posts\/5953\/revisions"}],"predecessor-version":[{"id":6297,"href":"https:\/\/unaymilletras.com\/en\/wp-json\/wp\/v2\/posts\/5953\/revisions\/6297"}],"wp:featuredmedia":[{"embeddable":true,"href":"https:\/\/unaymilletras.com\/en\/wp-json\/wp\/v2\/media\/5954"}],"wp:attachment":[{"href":"https:\/\/unaymilletras.com\/en\/wp-json\/wp\/v2\/media?parent=5953"}],"wp:term":[{"taxonomy":"category","embeddable":true,"href":"https:\/\/unaymilletras.com\/en\/wp-json\/wp\/v2\/categories?post=5953"},{"taxonomy":"post_tag","embeddable":true,"href":"https:\/\/unaymilletras.com\/en\/wp-json\/wp\/v2\/tags?post=5953"}],"curies":[{"name":"wp","href":"https:\/\/api.w.org\/{rel}","templated":true}]}}