{"id":598,"date":"2023-05-23T11:30:57","date_gmt":"2023-05-23T11:30:57","guid":{"rendered":"http:\/\/unaymilletras.com\/?p=598"},"modified":"2023-05-23T11:37:05","modified_gmt":"2023-05-23T11:37:05","slug":"nil-ojeda-presenta-el-ultimo-en-levantar-las-manos","status":"publish","type":"post","link":"https:\/\/unaymilletras.com\/en\/nil-ojeda-presenta-el-ultimo-en-levantar-las-manos\/","title":{"rendered":"Nil Ojeda presenta: \u00abEl \u00faltimo en levantar las manos\u00bb"},"content":{"rendered":"<div data-elementor-type=\"wp-post\" data-elementor-id=\"598\" class=\"elementor elementor-598\">\n\t\t\t\t\t\t<section class=\"elementor-section elementor-top-section elementor-element elementor-element-731346a elementor-section-boxed elementor-section-height-default elementor-section-height-default\" data-id=\"731346a\" data-element_type=\"section\" data-e-type=\"section\">\n\t\t\t\t\t\t<div class=\"elementor-container elementor-column-gap-default\">\n\t\t\t\t\t<div class=\"elementor-column elementor-col-100 elementor-top-column elementor-element elementor-element-04fbd61\" data-id=\"04fbd61\" data-element_type=\"column\" data-e-type=\"column\">\n\t\t\t<div class=\"elementor-widget-wrap elementor-element-populated\">\n\t\t\t\t\t\t<div class=\"elementor-element elementor-element-5de9226 elementor-widget elementor-widget-text-editor\" data-id=\"5de9226\" data-element_type=\"widget\" data-e-type=\"widget\" data-widget_type=\"text-editor.default\">\n\t\t\t\t<div class=\"elementor-widget-container\">\n\t\t\t\t\t\t\t\t\t<h2><span style=\"color: #808080;\"><em>Seis concursantes en un evento en el que lo \u00fanico que hay que hacer es no levantar las manos de la mesa, un nuevo proyecto de Nil Ojeda<\/em><\/span><\/h2>\t\t\t\t\t\t\t\t<\/div>\n\t\t\t\t<\/div>\n\t\t\t\t\t<\/div>\n\t\t<\/div>\n\t\t\t\t\t<\/div>\n\t\t<\/section>\n\t\t\t\t<section class=\"elementor-section elementor-top-section elementor-element elementor-element-219d718 elementor-section-boxed elementor-section-height-default elementor-section-height-default\" data-id=\"219d718\" data-element_type=\"section\" data-e-type=\"section\">\n\t\t\t\t\t\t<div class=\"elementor-container elementor-column-gap-default\">\n\t\t\t\t\t<div class=\"elementor-column elementor-col-100 elementor-top-column elementor-element elementor-element-5632786\" data-id=\"5632786\" data-element_type=\"column\" data-e-type=\"column\">\n\t\t\t<div class=\"elementor-widget-wrap elementor-element-populated\">\n\t\t\t\t\t\t<div class=\"elementor-element elementor-element-4cabc42 elementor-widget elementor-widget-text-editor\" data-id=\"4cabc42\" data-element_type=\"widget\" data-e-type=\"widget\" data-widget_type=\"text-editor.default\">\n\t\t\t\t<div class=\"elementor-widget-container\">\n\t\t\t\t\t\t\t\t\t<p><em>El \u00faltimo en levantar las manos<\/em> es el primer evento que organiza <b>Nil Ojeda<\/b> este 2023. El concurso, como su nombre indica, consistir\u00e1 en que seis participantes deber\u00e1n tener la mano apoyada y no deber\u00e1n levantarla bajo ning\u00fan concepto, el que lo haga quedar\u00e1 descalificado. Las seis personas se enfrentar\u00e1n a retos que intentar\u00e1n hacerles perder en un directo\u00a0de tiempo ilimitado, es decir, no hay una hora fija de fin. El ganador obtendr\u00e1 10.000\u20ac.<\/p>\t\t\t\t\t\t\t\t<\/div>\n\t\t\t\t<\/div>\n\t\t\t\t\t<\/div>\n\t\t<\/div>\n\t\t\t\t\t<\/div>\n\t\t<\/section>\n\t\t\t\t<section class=\"elementor-section elementor-top-section elementor-element elementor-element-ae4a817 elementor-section-boxed elementor-section-height-default elementor-section-height-default\" data-id=\"ae4a817\" data-element_type=\"section\" data-e-type=\"section\">\n\t\t\t\t\t\t<div class=\"elementor-container elementor-column-gap-default\">\n\t\t\t\t\t<div class=\"elementor-column elementor-col-100 elementor-top-column elementor-element elementor-element-ddda4c9\" data-id=\"ddda4c9\" data-element_type=\"column\" data-e-type=\"column\">\n\t\t\t<div class=\"elementor-widget-wrap elementor-element-populated\">\n\t\t\t\t\t\t<div class=\"elementor-element elementor-element-b62a7a1 elementor-widget elementor-widget-text-editor\" data-id=\"b62a7a1\" data-element_type=\"widget\" data-e-type=\"widget\" data-widget_type=\"text-editor.default\">\n\t\t\t\t<div class=\"elementor-widget-container\">\n\t\t\t\t\t\t\t\t\t<p><img decoding=\"async\" src=\"https:\/\/pbs.twimg.com\/media\/FvDJQIDWYAIqIIA?format=jpg&amp;name=large\" alt=\"Imagen\" \/><\/p>\t\t\t\t\t\t\t\t<\/div>\n\t\t\t\t<\/div>\n\t\t\t\t\t<\/div>\n\t\t<\/div>\n\t\t\t\t\t<\/div>\n\t\t<\/section>\n\t\t\t\t<section class=\"elementor-section elementor-top-section elementor-element elementor-element-af181c5 elementor-section-boxed elementor-section-height-default elementor-section-height-default\" data-id=\"af181c5\" data-element_type=\"section\" data-e-type=\"section\">\n\t\t\t\t\t\t<div class=\"elementor-container elementor-column-gap-default\">\n\t\t\t\t\t<div class=\"elementor-column elementor-col-100 elementor-top-column elementor-element elementor-element-dd22168\" data-id=\"dd22168\" data-element_type=\"column\" data-e-type=\"column\">\n\t\t\t<div class=\"elementor-widget-wrap elementor-element-populated\">\n\t\t\t\t\t\t<div class=\"elementor-element elementor-element-0226434 elementor-widget elementor-widget-text-editor\" data-id=\"0226434\" data-element_type=\"widget\" data-e-type=\"widget\" data-widget_type=\"text-editor.default\">\n\t\t\t\t<div class=\"elementor-widget-container\">\n\t\t\t\t\t\t\t\t\t<p>El&nbsp;<i>streamer<\/i>&nbsp;anunciaba este nuevo evento a trav\u00e9s de&nbsp;<a href=\"http:\/\/twitter.com\/nilojeda\">Twitter<\/a>, donde tambi\u00e9n ha ido confirmando poco a poco a los distintos concursantes. Las seis personas que participan ser\u00e1n cinco famosos y una persona desconocida, escogida entre todos aquellos que compraron el drop 003 de&nbsp;<i>Milfshakes<\/i>.&nbsp;<\/p>\n<p>Asimismo, ha aclarado que se trata de un formato inspirado en los v\u00eddeos de Mr Beast ya que, aunque el <i>youtuber<\/i> no ha hecho ning\u00fan evento as\u00ed, si que es algo parecido a lo que suele hacer. Nil Ojeda ha querido comentarlo para evitar alguna persona que se lo pueda recriminar.&nbsp;<\/p><p>Estos son los participantes:<\/p>\t\t\t\t\t\t\t\t<\/div>\n\t\t\t\t<\/div>\n\t\t\t\t\t<\/div>\n\t\t<\/div>\n\t\t\t\t\t<\/div>\n\t\t<\/section>\n\t\t\t\t<section class=\"elementor-section elementor-top-section elementor-element elementor-element-45f0711 elementor-section-boxed elementor-section-height-default elementor-section-height-default\" data-id=\"45f0711\" data-element_type=\"section\" data-e-type=\"section\">\n\t\t\t\t\t\t<div class=\"elementor-container elementor-column-gap-default\">\n\t\t\t\t\t<div class=\"elementor-column elementor-col-50 elementor-top-column elementor-element elementor-element-22f1e55\" data-id=\"22f1e55\" data-element_type=\"column\" data-e-type=\"column\">\n\t\t\t<div class=\"elementor-widget-wrap elementor-element-populated\">\n\t\t\t\t\t\t<div class=\"elementor-element elementor-element-4d20361 elementor-widget elementor-widget-image\" data-id=\"4d20361\" data-element_type=\"widget\" data-e-type=\"widget\" data-widget_type=\"image.default\">\n\t\t\t\t<div class=\"elementor-widget-container\">\n\t\t\t\t\t\t\t\t\t\t\t\t\t\t\t<img fetchpriority=\"high\" decoding=\"async\" width=\"453\" height=\"680\" src=\"https:\/\/unaymilletras.com\/wp-content\/uploads\/2023\/05\/Viruzz.jpeg\" class=\"attachment-large size-large wp-image-610\" alt=\"Nil Ojeda el \u00faltimo en levantar las manos\" srcset=\"https:\/\/unaymilletras.com\/wp-content\/uploads\/2023\/05\/Viruzz.jpeg 453w, https:\/\/unaymilletras.com\/wp-content\/uploads\/2023\/05\/Viruzz-200x300.jpeg 200w\" sizes=\"(max-width: 453px) 100vw, 453px\" \/>\t\t\t\t\t\t\t\t\t\t\t\t\t\t\t<\/div>\n\t\t\t\t<\/div>\n\t\t\t\t\t<\/div>\n\t\t<\/div>\n\t\t\t\t<div class=\"elementor-column elementor-col-50 elementor-top-column elementor-element elementor-element-10a22c8\" data-id=\"10a22c8\" data-element_type=\"column\" data-e-type=\"column\">\n\t\t\t<div class=\"elementor-widget-wrap elementor-element-populated\">\n\t\t\t\t\t\t<div class=\"elementor-element elementor-element-0444097 elementor-widget elementor-widget-text-editor\" data-id=\"0444097\" data-element_type=\"widget\" data-e-type=\"widget\" data-widget_type=\"text-editor.default\">\n\t\t\t\t<div class=\"elementor-widget-container\">\n\t\t\t\t\t\t\t\t\t<p><b>ByViruzz<br \/><\/b>Ha sido el primer confirmado. El <i>youtuber<\/i> que participar\u00e1 en <a href=\"http:\/\/unaymilletras.com\/en\/la-velada-del-ano-iii-ya-esta-aqui\/\">La Velada del A\u00f1o III<\/a> y que est\u00e1 en boca de todos tras el KO a DK Monkey.\u00a0<\/p><p>Con m\u00e1s de 5 millones y medio de suscriptores en <a href=\"https:\/\/www.youtube.com\/user\/byViruZz\/videos\">YouTube<\/a> crea contenido de entretenimiento, con temas locos, probando cosas o haciendo retos, aunque en los \u00faltimos meses se ha centrado en su preparaci\u00f3n para su pr\u00f3ximo combate en Madrid.\u00a0<\/p>\t\t\t\t\t\t\t\t<\/div>\n\t\t\t\t<\/div>\n\t\t\t\t\t<\/div>\n\t\t<\/div>\n\t\t\t\t\t<\/div>\n\t\t<\/section>\n\t\t\t\t<section class=\"elementor-section elementor-top-section elementor-element elementor-element-625efc2 elementor-section-boxed elementor-section-height-default elementor-section-height-default\" data-id=\"625efc2\" data-element_type=\"section\" data-e-type=\"section\">\n\t\t\t\t\t\t<div class=\"elementor-container elementor-column-gap-default\">\n\t\t\t\t\t<div class=\"elementor-column elementor-col-50 elementor-top-column elementor-element elementor-element-b03bce6\" data-id=\"b03bce6\" data-element_type=\"column\" data-e-type=\"column\">\n\t\t\t<div class=\"elementor-widget-wrap elementor-element-populated\">\n\t\t\t\t\t\t<div class=\"elementor-element elementor-element-152657f elementor-widget elementor-widget-text-editor\" data-id=\"152657f\" data-element_type=\"widget\" data-e-type=\"widget\" data-widget_type=\"text-editor.default\">\n\t\t\t\t<div class=\"elementor-widget-container\">\n\t\t\t\t\t\t\t\t\t<p><strong>Rivers<br \/><\/strong>Una de las tiktokers del momento. Cuenta con m\u00e1s de 6 millones y medio de seguidores en <a href=\"https:\/\/www.tiktok.com\/@_riverss_?lang=es\">TikTok<\/a>. Comenz\u00f3 haciendo v\u00eddeos en clase con los que consigui\u00f3 hacerse viral y ganar miles de seguidores.\u00a0<\/p><p>Ahora, crea contenido de temas muy variados: cuenta experiencias, muestra sus viajes, recomendaciones, bailes&#8230; Adem\u00e1s, recientemente ha participado en otro de los nuevos formatos de Nil Ojeda, <em>Beef Battle<\/em><\/p>\t\t\t\t\t\t\t\t<\/div>\n\t\t\t\t<\/div>\n\t\t\t\t\t<\/div>\n\t\t<\/div>\n\t\t\t\t<div class=\"elementor-column elementor-col-50 elementor-top-column elementor-element elementor-element-1703faa\" data-id=\"1703faa\" data-element_type=\"column\" data-e-type=\"column\">\n\t\t\t<div class=\"elementor-widget-wrap elementor-element-populated\">\n\t\t\t\t\t\t<div class=\"elementor-element elementor-element-ab739aa elementor-widget elementor-widget-image\" data-id=\"ab739aa\" data-element_type=\"widget\" data-e-type=\"widget\" data-widget_type=\"image.default\">\n\t\t\t\t<div class=\"elementor-widget-container\">\n\t\t\t\t\t\t\t\t\t\t\t\t\t\t\t<img decoding=\"async\" width=\"640\" height=\"960\" src=\"https:\/\/unaymilletras.com\/wp-content\/uploads\/2023\/05\/rivers-683x1024.jpeg\" class=\"attachment-large size-large wp-image-611\" alt=\"Nil Ojeda el \u00faltimo en levantar las manos\" srcset=\"https:\/\/unaymilletras.com\/wp-content\/uploads\/2023\/05\/rivers-683x1024.jpeg 683w, https:\/\/unaymilletras.com\/wp-content\/uploads\/2023\/05\/rivers-200x300.jpeg 200w, https:\/\/unaymilletras.com\/wp-content\/uploads\/2023\/05\/rivers-768x1152.jpeg 768w, https:\/\/unaymilletras.com\/wp-content\/uploads\/2023\/05\/rivers.jpeg 896w\" sizes=\"(max-width: 640px) 100vw, 640px\" \/>\t\t\t\t\t\t\t\t\t\t\t\t\t\t\t<\/div>\n\t\t\t\t<\/div>\n\t\t\t\t\t<\/div>\n\t\t<\/div>\n\t\t\t\t\t<\/div>\n\t\t<\/section>\n\t\t\t\t<section class=\"elementor-section elementor-top-section elementor-element elementor-element-d8c9612 elementor-section-boxed elementor-section-height-default elementor-section-height-default\" data-id=\"d8c9612\" data-element_type=\"section\" data-e-type=\"section\">\n\t\t\t\t\t\t<div class=\"elementor-container elementor-column-gap-default\">\n\t\t\t\t\t<div class=\"elementor-column elementor-col-50 elementor-top-column elementor-element elementor-element-e12679e\" data-id=\"e12679e\" data-element_type=\"column\" data-e-type=\"column\">\n\t\t\t<div class=\"elementor-widget-wrap elementor-element-populated\">\n\t\t\t\t\t\t<div class=\"elementor-element elementor-element-2fbd3e8 elementor-widget elementor-widget-image\" data-id=\"2fbd3e8\" data-element_type=\"widget\" data-e-type=\"widget\" data-widget_type=\"image.default\">\n\t\t\t\t<div class=\"elementor-widget-container\">\n\t\t\t\t\t\t\t\t\t\t\t\t\t\t\t<img decoding=\"async\" width=\"640\" height=\"960\" src=\"https:\/\/unaymilletras.com\/wp-content\/uploads\/2023\/05\/spursito-683x1024.jpeg\" class=\"attachment-large size-large wp-image-612\" alt=\"Nil Ojeda el \u00faltimo en levantar las manos\" srcset=\"https:\/\/unaymilletras.com\/wp-content\/uploads\/2023\/05\/spursito-683x1024.jpeg 683w, https:\/\/unaymilletras.com\/wp-content\/uploads\/2023\/05\/spursito-200x300.jpeg 200w, https:\/\/unaymilletras.com\/wp-content\/uploads\/2023\/05\/spursito-768x1152.jpeg 768w, https:\/\/unaymilletras.com\/wp-content\/uploads\/2023\/05\/spursito.jpeg 896w\" sizes=\"(max-width: 640px) 100vw, 640px\" \/>\t\t\t\t\t\t\t\t\t\t\t\t\t\t\t<\/div>\n\t\t\t\t<\/div>\n\t\t\t\t\t<\/div>\n\t\t<\/div>\n\t\t\t\t<div class=\"elementor-column elementor-col-50 elementor-top-column elementor-element elementor-element-bf28ac6\" data-id=\"bf28ac6\" data-element_type=\"column\" data-e-type=\"column\">\n\t\t\t<div class=\"elementor-widget-wrap elementor-element-populated\">\n\t\t\t\t\t\t<div class=\"elementor-element elementor-element-12a1fc6 elementor-widget elementor-widget-text-editor\" data-id=\"12a1fc6\" data-element_type=\"widget\" data-e-type=\"widget\" data-widget_type=\"text-editor.default\">\n\t\t\t\t<div class=\"elementor-widget-container\">\n\t\t\t\t\t\t\t\t\t<p><strong>Spursito<\/strong><\/p>\n<p>Mart\u00ed Mir\u00e1s, m\u00e1s conocido cono Spursito, es uno de los creadores de contenido de f\u00fatbol m\u00e1s importantes. Cre\u00f3 su canal de <a href=\"https:\/\/www.youtube.com\/c\/spursito\">YouTube<\/a> en el a\u00f1o 2015 y ya acumula 1,5 millones de suscriptores en YouTube, mientras que tiene 1,3 millones de seguidores en <a href=\"https:\/\/www.twitch.tv\/spursito\">Twitch<\/a>.<\/p>\n<p>Tambi\u00e9n ha streameado otros juegos como Fortnite o Among Us. Adem\u00e1s, ha participado en numerosos eventos organizados por la comunidad.&nbsp;<\/p>\n<p><\/p>\t\t\t\t\t\t\t\t<\/div>\n\t\t\t\t<\/div>\n\t\t\t\t\t<\/div>\n\t\t<\/div>\n\t\t\t\t\t<\/div>\n\t\t<\/section>\n\t\t\t\t<section class=\"elementor-section elementor-top-section elementor-element elementor-element-25e5cb8 elementor-section-boxed elementor-section-height-default elementor-section-height-default\" data-id=\"25e5cb8\" data-element_type=\"section\" data-e-type=\"section\">\n\t\t\t\t\t\t<div class=\"elementor-container elementor-column-gap-default\">\n\t\t\t\t\t<div class=\"elementor-column elementor-col-50 elementor-top-column elementor-element elementor-element-3675ebc\" data-id=\"3675ebc\" data-element_type=\"column\" data-e-type=\"column\">\n\t\t\t<div class=\"elementor-widget-wrap elementor-element-populated\">\n\t\t\t\t\t\t<div class=\"elementor-element elementor-element-9032656 elementor-widget elementor-widget-text-editor\" data-id=\"9032656\" data-element_type=\"widget\" data-e-type=\"widget\" data-widget_type=\"text-editor.default\">\n\t\t\t\t<div class=\"elementor-widget-container\">\n\t\t\t\t\t\t\t\t\t<p><strong>Lolalolita<br \/><\/strong>La alicantina fue una de las pioneras en <a href=\"http:\/\/www.tiktok.com\/@lolalolita\">TikTok<\/a> y ahora acumula 10 millones y medio de seguidores. Su gran popularidad le ha llevado a grabar con artistas como Shakira, Rosal\u00eda o Manuel Turizo entre otros muchos.<\/p><p>Es una referente para muchas personas y ha sido reconocida con numerosos premios, como el que obtuvo en los Premios \u00cddolo de 2022.\u00a0<\/p><p>Adem\u00e1s, acaba de iniciarse en los directos de <a href=\"https:\/\/www.twitch.tv\/lolalolita\">Twitch<\/a>.<\/p>\t\t\t\t\t\t\t\t<\/div>\n\t\t\t\t<\/div>\n\t\t\t\t\t<\/div>\n\t\t<\/div>\n\t\t\t\t<div class=\"elementor-column elementor-col-50 elementor-top-column elementor-element elementor-element-d3b9a22\" data-id=\"d3b9a22\" data-element_type=\"column\" data-e-type=\"column\">\n\t\t\t<div class=\"elementor-widget-wrap elementor-element-populated\">\n\t\t\t\t\t\t<div class=\"elementor-element elementor-element-f0db7bc elementor-widget elementor-widget-image\" data-id=\"f0db7bc\" data-element_type=\"widget\" data-e-type=\"widget\" data-widget_type=\"image.default\">\n\t\t\t\t<div class=\"elementor-widget-container\">\n\t\t\t\t\t\t\t\t\t\t\t\t\t\t\t<img loading=\"lazy\" decoding=\"async\" width=\"640\" height=\"960\" src=\"https:\/\/unaymilletras.com\/wp-content\/uploads\/2023\/05\/lolalolita-683x1024.jpeg\" class=\"attachment-large size-large wp-image-613\" alt=\"Nil Ojeda el \u00faltimo en levantar las manos\" srcset=\"https:\/\/unaymilletras.com\/wp-content\/uploads\/2023\/05\/lolalolita-683x1024.jpeg 683w, https:\/\/unaymilletras.com\/wp-content\/uploads\/2023\/05\/lolalolita-200x300.jpeg 200w, https:\/\/unaymilletras.com\/wp-content\/uploads\/2023\/05\/lolalolita-768x1152.jpeg 768w, https:\/\/unaymilletras.com\/wp-content\/uploads\/2023\/05\/lolalolita.jpeg 896w\" sizes=\"(max-width: 640px) 100vw, 640px\" \/>\t\t\t\t\t\t\t\t\t\t\t\t\t\t\t<\/div>\n\t\t\t\t<\/div>\n\t\t\t\t\t<\/div>\n\t\t<\/div>\n\t\t\t\t\t<\/div>\n\t\t<\/section>\n\t\t\t\t<section class=\"elementor-section elementor-top-section elementor-element elementor-element-f094387 elementor-section-boxed elementor-section-height-default elementor-section-height-default\" data-id=\"f094387\" data-element_type=\"section\" data-e-type=\"section\">\n\t\t\t\t\t\t<div class=\"elementor-container elementor-column-gap-default\">\n\t\t\t\t\t<div class=\"elementor-column elementor-col-50 elementor-top-column elementor-element elementor-element-4758d64\" data-id=\"4758d64\" data-element_type=\"column\" data-e-type=\"column\">\n\t\t\t<div class=\"elementor-widget-wrap elementor-element-populated\">\n\t\t\t\t\t\t<div class=\"elementor-element elementor-element-62e5cae elementor-widget elementor-widget-image\" data-id=\"62e5cae\" data-element_type=\"widget\" data-e-type=\"widget\" data-widget_type=\"image.default\">\n\t\t\t\t<div class=\"elementor-widget-container\">\n\t\t\t\t\t\t\t\t\t\t\t\t\t\t\t<img loading=\"lazy\" decoding=\"async\" width=\"640\" height=\"960\" src=\"https:\/\/unaymilletras.com\/wp-content\/uploads\/2023\/05\/guanyar-683x1024.jpeg\" class=\"attachment-large size-large wp-image-627\" alt=\"Nil Ojeda\" srcset=\"https:\/\/unaymilletras.com\/wp-content\/uploads\/2023\/05\/guanyar-683x1024.jpeg 683w, https:\/\/unaymilletras.com\/wp-content\/uploads\/2023\/05\/guanyar-200x300.jpeg 200w, https:\/\/unaymilletras.com\/wp-content\/uploads\/2023\/05\/guanyar-768x1152.jpeg 768w, https:\/\/unaymilletras.com\/wp-content\/uploads\/2023\/05\/guanyar.jpeg 896w\" sizes=\"(max-width: 640px) 100vw, 640px\" \/>\t\t\t\t\t\t\t\t\t\t\t\t\t\t\t<\/div>\n\t\t\t\t<\/div>\n\t\t\t\t\t<\/div>\n\t\t<\/div>\n\t\t\t\t<div class=\"elementor-column elementor-col-50 elementor-top-column elementor-element elementor-element-3bd9513\" data-id=\"3bd9513\" data-element_type=\"column\" data-e-type=\"column\">\n\t\t\t<div class=\"elementor-widget-wrap elementor-element-populated\">\n\t\t\t\t\t\t<div class=\"elementor-element elementor-element-006bf2b elementor-widget elementor-widget-text-editor\" data-id=\"006bf2b\" data-element_type=\"widget\" data-e-type=\"widget\" data-widget_type=\"text-editor.default\">\n\t\t\t\t<div class=\"elementor-widget-container\">\n\t\t\t\t\t\t\t\t\t<p><b>Guanyar<\/b><br>El streamer de Team Heretics que cuenta con m\u00e1s de 400.000 seguidores en su canal de <a href=\"https:\/\/www.twitch.tv\/guanyar\">Twitch<\/a>. El joven gallego de 25 a\u00f1os que triunf\u00f3 en Internet durante la pandemia y ahora crea un contenido muy variado.<\/p>\n<p>Caracterizado por su humor picaresco y sus surrealistas clips durante sus streams IRL, ha logrado ganarse el cari\u00f1o de la audiencia acumulando casi 4 millones y medio de likes en <a href=\"https:\/\/www.tiktok.com\/@guanyar\">TikTok<\/a>.<\/p>\n<p><\/p>\t\t\t\t\t\t\t\t<\/div>\n\t\t\t\t<\/div>\n\t\t\t\t\t<\/div>\n\t\t<\/div>\n\t\t\t\t\t<\/div>\n\t\t<\/section>\n\t\t\t\t<section class=\"elementor-section elementor-top-section elementor-element elementor-element-b928750 elementor-section-boxed elementor-section-height-default elementor-section-height-default\" data-id=\"b928750\" data-element_type=\"section\" data-e-type=\"section\">\n\t\t\t\t\t\t<div class=\"elementor-container elementor-column-gap-default\">\n\t\t\t\t\t<div class=\"elementor-column elementor-col-100 elementor-top-column elementor-element elementor-element-b08ace4\" data-id=\"b08ace4\" data-element_type=\"column\" data-e-type=\"column\">\n\t\t\t<div class=\"elementor-widget-wrap elementor-element-populated\">\n\t\t\t\t\t\t<div class=\"elementor-element elementor-element-187332f elementor-widget elementor-widget-text-editor\" data-id=\"187332f\" data-element_type=\"widget\" data-e-type=\"widget\" data-widget_type=\"text-editor.default\">\n\t\t\t\t<div class=\"elementor-widget-container\">\n\t\t\t\t\t\t\t\t\t<p><em>El \u00faltimo en levantar las manos<\/em> se podr\u00e1 ver a trav\u00e9s del canal de Nil Ojeda en <a href=\"http:\/\/twitch.tv\/nilojeda\">Twitch<\/a>. Ser\u00e1 hoy, 23 de mayo a las 20h (hora espa\u00f1ola).\u00a0<\/p><p>Adem\u00e1s, durante el programa presentar\u00e1 el <b>drop 004<\/b> de <i><b><a href=\"https:\/\/milfshakes.es\/\">Milfshakes<\/a><\/b><\/i>, la marca del propio Nil Ojeda. A\u00fan no ha anunciado cu\u00e1l ser\u00e1 el producto, pero s\u00ed ha dicho que tan solo habr\u00e1 10 unidades y ser\u00e1n gratis ya que se sortear\u00e1n durante el directo.\u00a0<\/p>\t\t\t\t\t\t\t\t<\/div>\n\t\t\t\t<\/div>\n\t\t\t\t\t<\/div>\n\t\t<\/div>\n\t\t\t\t\t<\/div>\n\t\t<\/section>\n\t\t\t\t<\/div>","protected":false},"excerpt":{"rendered":"<p>Seis concursantes en un evento en el que lo \u00fanico que hay que hacer es no levantar las manos de la mesa, un nuevo proyecto de Nil Ojeda El \u00faltimo en levantar las manos es el primer evento que organiza Nil Ojeda este 2023. El concurso, como su nombre indica, consistir\u00e1 en que seis participantes [&hellip;]<\/p>\n","protected":false},"author":1,"featured_media":623,"comment_status":"open","ping_status":"open","sticky":false,"template":"","format":"standard","meta":{"footnotes":""},"categories":[2,7],"tags":[],"class_list":["post-598","post","type-post","status-publish","format-standard","has-post-thumbnail","hentry","category-celebrities","category-streamers"],"yoast_head":"<!-- This site is optimized with the Yoast SEO plugin v27.4 - https:\/\/yoast.com\/product\/yoast-seo-wordpress\/ -->\n<title>Nil Ojeda presenta: &quot;El \u00faltimo en levantar las manos&quot; &#8902; Una y Mil Letras<\/title>\n<meta name=\"description\" content=\"Seis concursantes en un evento en el que lo \u00fanico que hay que hacer es no levantar las manos de la mesa, un nuevo proyecto de Nil Ojeda\" \/>\n<meta name=\"robots\" content=\"index, follow, max-snippet:-1, max-image-preview:large, max-video-preview:-1\" \/>\n<link rel=\"canonical\" href=\"https:\/\/unaymilletras.com\/en\/nil-ojeda-presenta-el-ultimo-en-levantar-las-manos\/\" \/>\n<meta property=\"og:locale\" content=\"en_GB\" \/>\n<meta property=\"og:type\" content=\"article\" \/>\n<meta property=\"og:title\" content=\"Nil Ojeda presenta: &quot;El \u00faltimo en levantar las manos&quot; &#8902; Una y Mil Letras\" \/>\n<meta property=\"og:description\" content=\"Seis concursantes en un evento en el que lo \u00fanico que hay que hacer es no levantar las manos de la mesa, un nuevo proyecto de Nil Ojeda\" \/>\n<meta property=\"og:url\" content=\"https:\/\/unaymilletras.com\/en\/nil-ojeda-presenta-el-ultimo-en-levantar-las-manos\/\" \/>\n<meta property=\"og:site_name\" content=\"Una y Mil Letras\" \/>\n<meta property=\"article:published_time\" content=\"2023-05-23T11:30:57+00:00\" \/>\n<meta property=\"article:modified_time\" content=\"2023-05-23T11:37:05+00:00\" \/>\n<meta property=\"og:image\" content=\"https:\/\/unaymilletras.com\/wp-content\/uploads\/2023\/05\/FvDJQIDWYAIqIIA.jpeg\" \/>\n\t<meta property=\"og:image:width\" content=\"896\" \/>\n\t<meta property=\"og:image:height\" content=\"1344\" \/>\n\t<meta property=\"og:image:type\" content=\"image\/jpeg\" \/>\n<meta name=\"author\" content=\"Maria Gil Robledo\" \/>\n<meta name=\"twitter:card\" content=\"summary_large_image\" \/>\n<meta name=\"twitter:creator\" content=\"@UnaYMilLetras\" \/>\n<meta name=\"twitter:site\" content=\"@UnaYMilLetras\" \/>\n<meta name=\"twitter:label1\" content=\"Written by\" \/>\n\t<meta name=\"twitter:data1\" content=\"Maria Gil Robledo\" \/>\n\t<meta name=\"twitter:label2\" content=\"Estimated reading time\" \/>\n\t<meta name=\"twitter:data2\" content=\"5 minutes\" \/>\n<script type=\"application\/ld+json\" class=\"yoast-schema-graph\">{\"@context\":\"https:\\\/\\\/schema.org\",\"@graph\":[{\"@type\":\"Article\",\"@id\":\"https:\\\/\\\/unaymilletras.com\\\/nil-ojeda-presenta-el-ultimo-en-levantar-las-manos\\\/#article\",\"isPartOf\":{\"@id\":\"https:\\\/\\\/unaymilletras.com\\\/nil-ojeda-presenta-el-ultimo-en-levantar-las-manos\\\/\"},\"author\":{\"name\":\"Maria Gil Robledo\",\"@id\":\"http:\\\/\\\/unaymilletras.com\\\/#\\\/schema\\\/person\\\/d55ba681b8a4e463d8982dbe36a5dc94\"},\"headline\":\"Nil Ojeda presenta: \u00abEl \u00faltimo en levantar las manos\u00bb\",\"datePublished\":\"2023-05-23T11:30:57+00:00\",\"dateModified\":\"2023-05-23T11:37:05+00:00\",\"mainEntityOfPage\":{\"@id\":\"https:\\\/\\\/unaymilletras.com\\\/nil-ojeda-presenta-el-ultimo-en-levantar-las-manos\\\/\"},\"wordCount\":648,\"commentCount\":0,\"publisher\":{\"@id\":\"http:\\\/\\\/unaymilletras.com\\\/#organization\"},\"image\":{\"@id\":\"https:\\\/\\\/unaymilletras.com\\\/nil-ojeda-presenta-el-ultimo-en-levantar-las-manos\\\/#primaryimage\"},\"thumbnailUrl\":\"https:\\\/\\\/unaymilletras.com\\\/wp-content\\\/uploads\\\/2023\\\/05\\\/FvDJQIDWYAIqIIA.jpeg\",\"articleSection\":[\"Celebrities\",\"Streamers\"],\"inLanguage\":\"en-GB\",\"potentialAction\":[{\"@type\":\"CommentAction\",\"name\":\"Comment\",\"target\":[\"https:\\\/\\\/unaymilletras.com\\\/nil-ojeda-presenta-el-ultimo-en-levantar-las-manos\\\/#respond\"]}]},{\"@type\":\"WebPage\",\"@id\":\"https:\\\/\\\/unaymilletras.com\\\/nil-ojeda-presenta-el-ultimo-en-levantar-las-manos\\\/\",\"url\":\"https:\\\/\\\/unaymilletras.com\\\/nil-ojeda-presenta-el-ultimo-en-levantar-las-manos\\\/\",\"name\":\"Nil Ojeda presenta: \\\"El \u00faltimo en levantar las manos\\\" &#8902; Una y Mil Letras\",\"isPartOf\":{\"@id\":\"http:\\\/\\\/unaymilletras.com\\\/#website\"},\"primaryImageOfPage\":{\"@id\":\"https:\\\/\\\/unaymilletras.com\\\/nil-ojeda-presenta-el-ultimo-en-levantar-las-manos\\\/#primaryimage\"},\"image\":{\"@id\":\"https:\\\/\\\/unaymilletras.com\\\/nil-ojeda-presenta-el-ultimo-en-levantar-las-manos\\\/#primaryimage\"},\"thumbnailUrl\":\"https:\\\/\\\/unaymilletras.com\\\/wp-content\\\/uploads\\\/2023\\\/05\\\/FvDJQIDWYAIqIIA.jpeg\",\"datePublished\":\"2023-05-23T11:30:57+00:00\",\"dateModified\":\"2023-05-23T11:37:05+00:00\",\"description\":\"Seis concursantes en un evento en el que lo \u00fanico que hay que hacer es no levantar las manos de la mesa, un nuevo proyecto de Nil Ojeda\",\"breadcrumb\":{\"@id\":\"https:\\\/\\\/unaymilletras.com\\\/nil-ojeda-presenta-el-ultimo-en-levantar-las-manos\\\/#breadcrumb\"},\"inLanguage\":\"en-GB\",\"potentialAction\":[{\"@type\":\"ReadAction\",\"target\":[\"https:\\\/\\\/unaymilletras.com\\\/nil-ojeda-presenta-el-ultimo-en-levantar-las-manos\\\/\"]}]},{\"@type\":\"ImageObject\",\"inLanguage\":\"en-GB\",\"@id\":\"https:\\\/\\\/unaymilletras.com\\\/nil-ojeda-presenta-el-ultimo-en-levantar-las-manos\\\/#primaryimage\",\"url\":\"https:\\\/\\\/unaymilletras.com\\\/wp-content\\\/uploads\\\/2023\\\/05\\\/FvDJQIDWYAIqIIA.jpeg\",\"contentUrl\":\"https:\\\/\\\/unaymilletras.com\\\/wp-content\\\/uploads\\\/2023\\\/05\\\/FvDJQIDWYAIqIIA.jpeg\",\"width\":896,\"height\":1344,\"caption\":\"Nil Ojeda el \u00faltimo en levantar las manos\"},{\"@type\":\"BreadcrumbList\",\"@id\":\"https:\\\/\\\/unaymilletras.com\\\/nil-ojeda-presenta-el-ultimo-en-levantar-las-manos\\\/#breadcrumb\",\"itemListElement\":[{\"@type\":\"ListItem\",\"position\":1,\"name\":\"Home\",\"item\":\"http:\\\/\\\/unaymilletras.com\\\/\"},{\"@type\":\"ListItem\",\"position\":2,\"name\":\"Nil Ojeda presenta: \u00abEl \u00faltimo en levantar las manos\u00bb\"}]},{\"@type\":\"WebSite\",\"@id\":\"http:\\\/\\\/unaymilletras.com\\\/#website\",\"url\":\"http:\\\/\\\/unaymilletras.com\\\/\",\"name\":\"Una y Mil Letras\",\"description\":\"\",\"publisher\":{\"@id\":\"http:\\\/\\\/unaymilletras.com\\\/#organization\"},\"potentialAction\":[{\"@type\":\"SearchAction\",\"target\":{\"@type\":\"EntryPoint\",\"urlTemplate\":\"http:\\\/\\\/unaymilletras.com\\\/?s={search_term_string}\"},\"query-input\":{\"@type\":\"PropertyValueSpecification\",\"valueRequired\":true,\"valueName\":\"search_term_string\"}}],\"inLanguage\":\"en-GB\"},{\"@type\":\"Organization\",\"@id\":\"http:\\\/\\\/unaymilletras.com\\\/#organization\",\"name\":\"Una y Mil Letras\",\"url\":\"http:\\\/\\\/unaymilletras.com\\\/\",\"logo\":{\"@type\":\"ImageObject\",\"inLanguage\":\"en-GB\",\"@id\":\"http:\\\/\\\/unaymilletras.com\\\/#\\\/schema\\\/logo\\\/image\\\/\",\"url\":\"https:\\\/\\\/unaymilletras.com\\\/wp-content\\\/uploads\\\/2024\\\/06\\\/cropped-Logo-removebg-preview.png\",\"contentUrl\":\"https:\\\/\\\/unaymilletras.com\\\/wp-content\\\/uploads\\\/2024\\\/06\\\/cropped-Logo-removebg-preview.png\",\"width\":512,\"height\":512,\"caption\":\"Una y Mil Letras\"},\"image\":{\"@id\":\"http:\\\/\\\/unaymilletras.com\\\/#\\\/schema\\\/logo\\\/image\\\/\"},\"sameAs\":[\"https:\\\/\\\/x.com\\\/UnaYMilLetras\",\"https:\\\/\\\/instagram.com\\\/UnaYMilLetras\"]},{\"@type\":\"Person\",\"@id\":\"http:\\\/\\\/unaymilletras.com\\\/#\\\/schema\\\/person\\\/d55ba681b8a4e463d8982dbe36a5dc94\",\"name\":\"Maria Gil Robledo\",\"image\":{\"@type\":\"ImageObject\",\"inLanguage\":\"en-GB\",\"@id\":\"https:\\\/\\\/secure.gravatar.com\\\/avatar\\\/4b8e5102e0015789407eb4870b12f0f2857952d83ca124058f92b764bd1840c3?s=96&d=mm&r=g\",\"url\":\"https:\\\/\\\/secure.gravatar.com\\\/avatar\\\/4b8e5102e0015789407eb4870b12f0f2857952d83ca124058f92b764bd1840c3?s=96&d=mm&r=g\",\"contentUrl\":\"https:\\\/\\\/secure.gravatar.com\\\/avatar\\\/4b8e5102e0015789407eb4870b12f0f2857952d83ca124058f92b764bd1840c3?s=96&d=mm&r=g\",\"caption\":\"Maria Gil Robledo\"},\"sameAs\":[\"http:\\\/\\\/unaymilletras.com\"],\"url\":\"https:\\\/\\\/unaymilletras.com\\\/en\\\/author\\\/mariiagiil02_\\\/\"}]}<\/script>\n<!-- \/ Yoast SEO plugin. -->","yoast_head_json":{"title":"Nil Ojeda presenta: \"El \u00faltimo en levantar las manos\" &#8902; Una y Mil Letras","description":"Seis concursantes en un evento en el que lo \u00fanico que hay que hacer es no levantar las manos de la mesa, un nuevo proyecto de Nil Ojeda","robots":{"index":"index","follow":"follow","max-snippet":"max-snippet:-1","max-image-preview":"max-image-preview:large","max-video-preview":"max-video-preview:-1"},"canonical":"https:\/\/unaymilletras.com\/en\/nil-ojeda-presenta-el-ultimo-en-levantar-las-manos\/","og_locale":"en_GB","og_type":"article","og_title":"Nil Ojeda presenta: \"El \u00faltimo en levantar las manos\" &#8902; Una y Mil Letras","og_description":"Seis concursantes en un evento en el que lo \u00fanico que hay que hacer es no levantar las manos de la mesa, un nuevo proyecto de Nil Ojeda","og_url":"https:\/\/unaymilletras.com\/en\/nil-ojeda-presenta-el-ultimo-en-levantar-las-manos\/","og_site_name":"Una y Mil Letras","article_published_time":"2023-05-23T11:30:57+00:00","article_modified_time":"2023-05-23T11:37:05+00:00","og_image":[{"width":896,"height":1344,"url":"https:\/\/unaymilletras.com\/wp-content\/uploads\/2023\/05\/FvDJQIDWYAIqIIA.jpeg","type":"image\/jpeg"}],"author":"Maria Gil Robledo","twitter_card":"summary_large_image","twitter_creator":"@UnaYMilLetras","twitter_site":"@UnaYMilLetras","twitter_misc":{"Written by":"Maria Gil Robledo","Estimated reading time":"5 minutes"},"schema":{"@context":"https:\/\/schema.org","@graph":[{"@type":"Article","@id":"https:\/\/unaymilletras.com\/nil-ojeda-presenta-el-ultimo-en-levantar-las-manos\/#article","isPartOf":{"@id":"https:\/\/unaymilletras.com\/nil-ojeda-presenta-el-ultimo-en-levantar-las-manos\/"},"author":{"name":"Maria Gil Robledo","@id":"http:\/\/unaymilletras.com\/#\/schema\/person\/d55ba681b8a4e463d8982dbe36a5dc94"},"headline":"Nil Ojeda presenta: \u00abEl \u00faltimo en levantar las manos\u00bb","datePublished":"2023-05-23T11:30:57+00:00","dateModified":"2023-05-23T11:37:05+00:00","mainEntityOfPage":{"@id":"https:\/\/unaymilletras.com\/nil-ojeda-presenta-el-ultimo-en-levantar-las-manos\/"},"wordCount":648,"commentCount":0,"publisher":{"@id":"http:\/\/unaymilletras.com\/#organization"},"image":{"@id":"https:\/\/unaymilletras.com\/nil-ojeda-presenta-el-ultimo-en-levantar-las-manos\/#primaryimage"},"thumbnailUrl":"https:\/\/unaymilletras.com\/wp-content\/uploads\/2023\/05\/FvDJQIDWYAIqIIA.jpeg","articleSection":["Celebrities","Streamers"],"inLanguage":"en-GB","potentialAction":[{"@type":"CommentAction","name":"Comment","target":["https:\/\/unaymilletras.com\/nil-ojeda-presenta-el-ultimo-en-levantar-las-manos\/#respond"]}]},{"@type":"WebPage","@id":"https:\/\/unaymilletras.com\/nil-ojeda-presenta-el-ultimo-en-levantar-las-manos\/","url":"https:\/\/unaymilletras.com\/nil-ojeda-presenta-el-ultimo-en-levantar-las-manos\/","name":"Nil Ojeda presenta: \"El \u00faltimo en levantar las manos\" &#8902; Una y Mil Letras","isPartOf":{"@id":"http:\/\/unaymilletras.com\/#website"},"primaryImageOfPage":{"@id":"https:\/\/unaymilletras.com\/nil-ojeda-presenta-el-ultimo-en-levantar-las-manos\/#primaryimage"},"image":{"@id":"https:\/\/unaymilletras.com\/nil-ojeda-presenta-el-ultimo-en-levantar-las-manos\/#primaryimage"},"thumbnailUrl":"https:\/\/unaymilletras.com\/wp-content\/uploads\/2023\/05\/FvDJQIDWYAIqIIA.jpeg","datePublished":"2023-05-23T11:30:57+00:00","dateModified":"2023-05-23T11:37:05+00:00","description":"Seis concursantes en un evento en el que lo \u00fanico que hay que hacer es no levantar las manos de la mesa, un nuevo proyecto de Nil Ojeda","breadcrumb":{"@id":"https:\/\/unaymilletras.com\/nil-ojeda-presenta-el-ultimo-en-levantar-las-manos\/#breadcrumb"},"inLanguage":"en-GB","potentialAction":[{"@type":"ReadAction","target":["https:\/\/unaymilletras.com\/nil-ojeda-presenta-el-ultimo-en-levantar-las-manos\/"]}]},{"@type":"ImageObject","inLanguage":"en-GB","@id":"https:\/\/unaymilletras.com\/nil-ojeda-presenta-el-ultimo-en-levantar-las-manos\/#primaryimage","url":"https:\/\/unaymilletras.com\/wp-content\/uploads\/2023\/05\/FvDJQIDWYAIqIIA.jpeg","contentUrl":"https:\/\/unaymilletras.com\/wp-content\/uploads\/2023\/05\/FvDJQIDWYAIqIIA.jpeg","width":896,"height":1344,"caption":"Nil Ojeda el \u00faltimo en levantar las manos"},{"@type":"BreadcrumbList","@id":"https:\/\/unaymilletras.com\/nil-ojeda-presenta-el-ultimo-en-levantar-las-manos\/#breadcrumb","itemListElement":[{"@type":"ListItem","position":1,"name":"Home","item":"http:\/\/unaymilletras.com\/"},{"@type":"ListItem","position":2,"name":"Nil Ojeda presenta: \u00abEl \u00faltimo en levantar las manos\u00bb"}]},{"@type":"WebSite","@id":"http:\/\/unaymilletras.com\/#website","url":"http:\/\/unaymilletras.com\/","name":"Una y Mil Letras","description":"","publisher":{"@id":"http:\/\/unaymilletras.com\/#organization"},"potentialAction":[{"@type":"SearchAction","target":{"@type":"EntryPoint","urlTemplate":"http:\/\/unaymilletras.com\/?s={search_term_string}"},"query-input":{"@type":"PropertyValueSpecification","valueRequired":true,"valueName":"search_term_string"}}],"inLanguage":"en-GB"},{"@type":"Organization","@id":"http:\/\/unaymilletras.com\/#organization","name":"Una y Mil Letras","url":"http:\/\/unaymilletras.com\/","logo":{"@type":"ImageObject","inLanguage":"en-GB","@id":"http:\/\/unaymilletras.com\/#\/schema\/logo\/image\/","url":"https:\/\/unaymilletras.com\/wp-content\/uploads\/2024\/06\/cropped-Logo-removebg-preview.png","contentUrl":"https:\/\/unaymilletras.com\/wp-content\/uploads\/2024\/06\/cropped-Logo-removebg-preview.png","width":512,"height":512,"caption":"Una y Mil Letras"},"image":{"@id":"http:\/\/unaymilletras.com\/#\/schema\/logo\/image\/"},"sameAs":["https:\/\/x.com\/UnaYMilLetras","https:\/\/instagram.com\/UnaYMilLetras"]},{"@type":"Person","@id":"http:\/\/unaymilletras.com\/#\/schema\/person\/d55ba681b8a4e463d8982dbe36a5dc94","name":"Maria Gil Robledo","image":{"@type":"ImageObject","inLanguage":"en-GB","@id":"https:\/\/secure.gravatar.com\/avatar\/4b8e5102e0015789407eb4870b12f0f2857952d83ca124058f92b764bd1840c3?s=96&d=mm&r=g","url":"https:\/\/secure.gravatar.com\/avatar\/4b8e5102e0015789407eb4870b12f0f2857952d83ca124058f92b764bd1840c3?s=96&d=mm&r=g","contentUrl":"https:\/\/secure.gravatar.com\/avatar\/4b8e5102e0015789407eb4870b12f0f2857952d83ca124058f92b764bd1840c3?s=96&d=mm&r=g","caption":"Maria Gil Robledo"},"sameAs":["http:\/\/unaymilletras.com"],"url":"https:\/\/unaymilletras.com\/en\/author\/mariiagiil02_\/"}]}},"_links":{"self":[{"href":"https:\/\/unaymilletras.com\/en\/wp-json\/wp\/v2\/posts\/598","targetHints":{"allow":["GET"]}}],"collection":[{"href":"https:\/\/unaymilletras.com\/en\/wp-json\/wp\/v2\/posts"}],"about":[{"href":"https:\/\/unaymilletras.com\/en\/wp-json\/wp\/v2\/types\/post"}],"author":[{"embeddable":true,"href":"https:\/\/unaymilletras.com\/en\/wp-json\/wp\/v2\/users\/1"}],"replies":[{"embeddable":true,"href":"https:\/\/unaymilletras.com\/en\/wp-json\/wp\/v2\/comments?post=598"}],"version-history":[{"count":26,"href":"https:\/\/unaymilletras.com\/en\/wp-json\/wp\/v2\/posts\/598\/revisions"}],"predecessor-version":[{"id":644,"href":"https:\/\/unaymilletras.com\/en\/wp-json\/wp\/v2\/posts\/598\/revisions\/644"}],"wp:featuredmedia":[{"embeddable":true,"href":"https:\/\/unaymilletras.com\/en\/wp-json\/wp\/v2\/media\/623"}],"wp:attachment":[{"href":"https:\/\/unaymilletras.com\/en\/wp-json\/wp\/v2\/media?parent=598"}],"wp:term":[{"taxonomy":"category","embeddable":true,"href":"https:\/\/unaymilletras.com\/en\/wp-json\/wp\/v2\/categories?post=598"},{"taxonomy":"post_tag","embeddable":true,"href":"https:\/\/unaymilletras.com\/en\/wp-json\/wp\/v2\/tags?post=598"}],"curies":[{"name":"wp","href":"https:\/\/api.w.org\/{rel}","templated":true}]}}