{"id":5989,"date":"2025-10-11T18:00:00","date_gmt":"2025-10-11T16:00:00","guid":{"rendered":"https:\/\/unaymilletras.com\/?p=5989"},"modified":"2025-10-11T16:15:18","modified_gmt":"2025-10-11T14:15:18","slug":"pedro-capo-cierra-su-gira-espanola-con-un-sold-out-inolvidable-en-madrid","status":"publish","type":"post","link":"https:\/\/unaymilletras.com\/en\/pedro-capo-cierra-su-gira-espanola-con-un-sold-out-inolvidable-en-madrid\/","title":{"rendered":"Pedro Cap\u00f3 cierra su gira espa\u00f1ola con un sold out inolvidable en Madrid"},"content":{"rendered":"<div data-elementor-type=\"wp-post\" data-elementor-id=\"5989\" class=\"elementor elementor-5989\">\n\t\t\t\t\t\t<section class=\"elementor-section elementor-top-section elementor-element elementor-element-c2ec0a9 elementor-section-boxed elementor-section-height-default elementor-section-height-default\" data-id=\"c2ec0a9\" data-element_type=\"section\" data-e-type=\"section\">\n\t\t\t\t\t\t<div class=\"elementor-container elementor-column-gap-default\">\n\t\t\t\t\t<div class=\"elementor-column elementor-col-100 elementor-top-column elementor-element elementor-element-6b19cca\" data-id=\"6b19cca\" data-element_type=\"column\" data-e-type=\"column\">\n\t\t\t<div class=\"elementor-widget-wrap elementor-element-populated\">\n\t\t\t\t\t\t<div class=\"elementor-element elementor-element-ac03d5a elementor-widget elementor-widget-text-editor\" data-id=\"ac03d5a\" data-element_type=\"widget\" data-e-type=\"widget\" data-widget_type=\"text-editor.default\">\n\t\t\t\t<div class=\"elementor-widget-container\">\n\t\t\t\t\t\t\t\t\t<h2 style=\"text-align: center;\"><span style=\"color: #808080;\"><em>El artista puertorrique\u00f1o Pedro Cap\u00f3 puso fin a su paso por Espa\u00f1a con un concierto para el recuerdo en la Sala But<\/em><\/span><\/h2>\t\t\t\t\t\t\t\t<\/div>\n\t\t\t\t<\/div>\n\t\t\t\t\t<\/div>\n\t\t<\/div>\n\t\t\t\t\t<\/div>\n\t\t<\/section>\n\t\t\t\t<section class=\"elementor-section elementor-top-section elementor-element elementor-element-2f38c53 elementor-section-boxed elementor-section-height-default elementor-section-height-default\" data-id=\"2f38c53\" data-element_type=\"section\" data-e-type=\"section\">\n\t\t\t\t\t\t<div class=\"elementor-container elementor-column-gap-default\">\n\t\t\t\t\t<div class=\"elementor-column elementor-col-100 elementor-top-column elementor-element elementor-element-3f6cd48\" data-id=\"3f6cd48\" data-element_type=\"column\" data-e-type=\"column\">\n\t\t\t<div class=\"elementor-widget-wrap elementor-element-populated\">\n\t\t\t\t\t\t<div class=\"elementor-element elementor-element-6ccb194 elementor-widget elementor-widget-text-editor\" data-id=\"6ccb194\" data-element_type=\"widget\" data-e-type=\"widget\" data-widget_type=\"text-editor.default\">\n\t\t\t\t<div class=\"elementor-widget-container\">\n\t\t\t\t\t\t\t\t\t<p data-start=\"372\" data-end=\"754\">Pedro Cap\u00f3 ha cerrado por todo lo alto su exitosa gira por Espa\u00f1a, con la que ha conquistado al p\u00fablico en cada parada. Valencia, Barcelona, Sevilla, Santa Cruz de Tenerife y Madrid fueron las ciudades elegidas para este recorrido, y en todas ellas el artista colg\u00f3 el cartel de entradas agotadas, demostrando una vez m\u00e1s el cari\u00f1o que el p\u00fablico espa\u00f1ol le tiene desde hace a\u00f1os.<\/p>\n<p data-start=\"756\" data-end=\"1279\">La \u00faltima cita tuvo lugar anoche en la <strong data-start=\"795\" data-end=\"817\">Sala But de Madrid<\/strong>, donde el m\u00fasico puertorrique\u00f1o ofreci\u00f3 un show lleno de energ\u00eda, emoci\u00f3n y complicidad con sus seguidores. A lo largo del concierto, Cap\u00f3 repas\u00f3 algunos de los grandes momentos de su carrera, desde los himnos que lo llevaron al \u00e9xito global \u2014como <em data-start=\"1066\" data-end=\"1073\">Calma<\/em> y <em data-start=\"1076\" data-end=\"1084\">Existo<\/em>\u2014 hasta los temas m\u00e1s recientes de su \u00faltimo \u00e1lbum, <em data-start=\"1136\" data-end=\"1150\">La Carretera<\/em>. Canciones como <em data-start=\"1167\" data-end=\"1175\">Divina<\/em>, <em data-start=\"1177\" data-end=\"1195\">Aprender a Vivir<\/em> o <em data-start=\"1198\" data-end=\"1207\">La Neta<\/em> fueron recibidas con entusiasmo por un p\u00fablico que no dej\u00f3 de cantar.<\/p>\t\t\t\t\t\t\t\t<\/div>\n\t\t\t\t<\/div>\n\t\t\t\t\t<\/div>\n\t\t<\/div>\n\t\t\t\t\t<\/div>\n\t\t<\/section>\n\t\t\t\t<section class=\"elementor-section elementor-top-section elementor-element elementor-element-e194864 elementor-section-boxed elementor-section-height-default elementor-section-height-default\" data-id=\"e194864\" data-element_type=\"section\" data-e-type=\"section\">\n\t\t\t\t\t\t<div class=\"elementor-container elementor-column-gap-default\">\n\t\t\t\t\t<div class=\"elementor-column elementor-col-100 elementor-top-column elementor-element elementor-element-cfddc14\" data-id=\"cfddc14\" data-element_type=\"column\" data-e-type=\"column\">\n\t\t\t<div class=\"elementor-widget-wrap elementor-element-populated\">\n\t\t\t\t\t\t<div class=\"elementor-element elementor-element-caada90 elementor-widget elementor-widget-image\" data-id=\"caada90\" data-element_type=\"widget\" data-e-type=\"widget\" data-widget_type=\"image.default\">\n\t\t\t\t<div class=\"elementor-widget-container\">\n\t\t\t\t\t\t\t\t\t\t\t\t<figure class=\"wp-caption\">\n\t\t\t\t\t\t\t\t\t\t<img fetchpriority=\"high\" decoding=\"async\" width=\"640\" height=\"427\" src=\"https:\/\/unaymilletras.com\/wp-content\/uploads\/2025\/10\/DSC_0206-1024x683.jpg\" class=\"attachment-large size-large wp-image-5991\" alt=\"Pedro Cap\u00f3\" srcset=\"https:\/\/unaymilletras.com\/wp-content\/uploads\/2025\/10\/DSC_0206-1024x683.jpg 1024w, https:\/\/unaymilletras.com\/wp-content\/uploads\/2025\/10\/DSC_0206-300x200.jpg 300w, https:\/\/unaymilletras.com\/wp-content\/uploads\/2025\/10\/DSC_0206-768x512.jpg 768w, https:\/\/unaymilletras.com\/wp-content\/uploads\/2025\/10\/DSC_0206-1536x1024.jpg 1536w, https:\/\/unaymilletras.com\/wp-content\/uploads\/2025\/10\/DSC_0206-2048x1365.jpg 2048w, https:\/\/unaymilletras.com\/wp-content\/uploads\/2025\/10\/DSC_0206-18x12.jpg 18w, https:\/\/unaymilletras.com\/wp-content\/uploads\/2025\/10\/DSC_0206-scaled-e1760192037114.jpg 600w\" sizes=\"(max-width: 640px) 100vw, 640px\" \/>\t\t\t\t\t\t\t\t\t\t\t<figcaption class=\"widget-image-caption wp-caption-text\">Foto: Maria Gil Robledo<\/figcaption>\n\t\t\t\t\t\t\t\t\t\t<\/figure>\n\t\t\t\t\t\t\t\t\t<\/div>\n\t\t\t\t<\/div>\n\t\t\t\t\t<\/div>\n\t\t<\/div>\n\t\t\t\t\t<\/div>\n\t\t<\/section>\n\t\t\t\t<section class=\"elementor-section elementor-top-section elementor-element elementor-element-d04d5fe elementor-section-boxed elementor-section-height-default elementor-section-height-default\" data-id=\"d04d5fe\" data-element_type=\"section\" data-e-type=\"section\">\n\t\t\t\t\t\t<div class=\"elementor-container elementor-column-gap-default\">\n\t\t\t\t\t<div class=\"elementor-column elementor-col-100 elementor-top-column elementor-element elementor-element-881b56a\" data-id=\"881b56a\" data-element_type=\"column\" data-e-type=\"column\">\n\t\t\t<div class=\"elementor-widget-wrap elementor-element-populated\">\n\t\t\t\t\t\t<div class=\"elementor-element elementor-element-46f8da5 elementor-widget elementor-widget-text-editor\" data-id=\"46f8da5\" data-element_type=\"widget\" data-e-type=\"widget\" data-widget_type=\"text-editor.default\">\n\t\t\t\t<div class=\"elementor-widget-container\">\n\t\t\t\t\t\t\t\t\t<p data-start=\"1281\" data-end=\"1641\">Antes de su paso por la capital, Cap\u00f3 tambi\u00e9n fue una de las figuras destacadas del <strong data-start=\"1365\" data-end=\"1398\">Plenilunio de Santa Cruz 2025<\/strong>, evento que reuni\u00f3 a miles de personas en la capital tinerfe\u00f1a. All\u00ed comparti\u00f3 escenario con artistas como Petazeta y Dailos DB, consolidando su conexi\u00f3n con las Islas Canarias y con un p\u00fablico que lo ha acompa\u00f1ado fielmente en cada visita.<\/p>\n<p data-start=\"1643\" data-end=\"1863\">Con su carisma, su cercan\u00eda y su habilidad para convertir cada concierto en una celebraci\u00f3n compartida, Pedro Cap\u00f3 vuelve a demostrar por qu\u00e9 es una de las voces m\u00e1s queridas de la m\u00fasica latina contempor\u00e1nea.<\/p>\t\t\t\t\t\t\t\t<\/div>\n\t\t\t\t<\/div>\n\t\t\t\t\t<\/div>\n\t\t<\/div>\n\t\t\t\t\t<\/div>\n\t\t<\/section>\n\t\t\t\t<\/div>","protected":false},"excerpt":{"rendered":"<p>El artista puertorrique\u00f1o Pedro Cap\u00f3 puso fin a su paso por Espa\u00f1a con un concierto para el recuerdo en la Sala But Pedro Cap\u00f3 ha cerrado por todo lo alto su exitosa gira por Espa\u00f1a, con la que ha conquistado al p\u00fablico en cada parada. Valencia, Barcelona, Sevilla, Santa Cruz de Tenerife y Madrid fueron [&hellip;]<\/p>\n","protected":false},"author":6,"featured_media":5991,"comment_status":"closed","ping_status":"closed","sticky":false,"template":"","format":"standard","meta":{"footnotes":""},"categories":[4],"tags":[],"class_list":["post-5989","post","type-post","status-publish","format-standard","has-post-thumbnail","hentry","category-musica"],"yoast_head":"<!-- This site is optimized with the Yoast SEO plugin v27.4 - https:\/\/yoast.com\/product\/yoast-seo-wordpress\/ -->\n<title>Pedro Cap\u00f3 cierra su gira espa\u00f1ola con doble sold out en Madrid<\/title>\n<meta name=\"description\" content=\"El artista puertorrique\u00f1o Pedro Cap\u00f3 puso fin a su paso por Espa\u00f1a con un concierto para el recuerdo en la Sala But\" \/>\n<meta name=\"robots\" content=\"index, follow, max-snippet:-1, max-image-preview:large, max-video-preview:-1\" \/>\n<link rel=\"canonical\" href=\"https:\/\/unaymilletras.com\/en\/pedro-capo-cierra-su-gira-espanola-con-un-sold-out-inolvidable-en-madrid\/\" \/>\n<meta property=\"og:locale\" content=\"en_GB\" \/>\n<meta property=\"og:type\" content=\"article\" \/>\n<meta property=\"og:title\" content=\"Pedro Cap\u00f3 cierra su gira espa\u00f1ola con doble sold out en Madrid\" \/>\n<meta property=\"og:description\" content=\"El artista puertorrique\u00f1o Pedro Cap\u00f3 puso fin a su paso por Espa\u00f1a con un concierto para el recuerdo en la Sala But\" \/>\n<meta property=\"og:url\" content=\"https:\/\/unaymilletras.com\/en\/pedro-capo-cierra-su-gira-espanola-con-un-sold-out-inolvidable-en-madrid\/\" \/>\n<meta property=\"og:site_name\" content=\"Una y Mil Letras\" \/>\n<meta property=\"article:published_time\" content=\"2025-10-11T16:00:00+00:00\" \/>\n<meta property=\"og:image\" content=\"https:\/\/unaymilletras.com\/wp-content\/uploads\/2025\/10\/DSC_0206-scaled-e1760192037114.jpg\" \/>\n\t<meta property=\"og:image:width\" content=\"600\" \/>\n\t<meta property=\"og:image:height\" content=\"400\" \/>\n\t<meta property=\"og:image:type\" content=\"image\/jpeg\" \/>\n<meta name=\"author\" content=\"Redacci\u00f3n\" \/>\n<meta name=\"twitter:card\" content=\"summary_large_image\" \/>\n<meta name=\"twitter:creator\" content=\"@UnaYMilLetras\" \/>\n<meta name=\"twitter:site\" content=\"@UnaYMilLetras\" \/>\n<meta name=\"twitter:label1\" content=\"Written by\" \/>\n\t<meta name=\"twitter:data1\" content=\"Redacci\u00f3n\" \/>\n\t<meta name=\"twitter:label2\" content=\"Estimated reading time\" \/>\n\t<meta name=\"twitter:data2\" content=\"2 minutes\" \/>\n<script type=\"application\/ld+json\" class=\"yoast-schema-graph\">{\"@context\":\"https:\\\/\\\/schema.org\",\"@graph\":[{\"@type\":\"Article\",\"@id\":\"https:\\\/\\\/unaymilletras.com\\\/pedro-capo-cierra-su-gira-espanola-con-un-sold-out-inolvidable-en-madrid\\\/#article\",\"isPartOf\":{\"@id\":\"https:\\\/\\\/unaymilletras.com\\\/pedro-capo-cierra-su-gira-espanola-con-un-sold-out-inolvidable-en-madrid\\\/\"},\"author\":{\"name\":\"Redacci\u00f3n\",\"@id\":\"http:\\\/\\\/unaymilletras.com\\\/#\\\/schema\\\/person\\\/0860dc8a218329991ee2c7591f4f849d\"},\"headline\":\"Pedro Cap\u00f3 cierra su gira espa\u00f1ola con un sold out inolvidable en Madrid\",\"datePublished\":\"2025-10-11T16:00:00+00:00\",\"mainEntityOfPage\":{\"@id\":\"https:\\\/\\\/unaymilletras.com\\\/pedro-capo-cierra-su-gira-espanola-con-un-sold-out-inolvidable-en-madrid\\\/\"},\"wordCount\":314,\"publisher\":{\"@id\":\"http:\\\/\\\/unaymilletras.com\\\/#organization\"},\"image\":{\"@id\":\"https:\\\/\\\/unaymilletras.com\\\/pedro-capo-cierra-su-gira-espanola-con-un-sold-out-inolvidable-en-madrid\\\/#primaryimage\"},\"thumbnailUrl\":\"https:\\\/\\\/unaymilletras.com\\\/wp-content\\\/uploads\\\/2025\\\/10\\\/DSC_0206-scaled-e1760192037114.jpg\",\"articleSection\":[\"M\u00fasica\"],\"inLanguage\":\"en-GB\"},{\"@type\":\"WebPage\",\"@id\":\"https:\\\/\\\/unaymilletras.com\\\/pedro-capo-cierra-su-gira-espanola-con-un-sold-out-inolvidable-en-madrid\\\/\",\"url\":\"https:\\\/\\\/unaymilletras.com\\\/pedro-capo-cierra-su-gira-espanola-con-un-sold-out-inolvidable-en-madrid\\\/\",\"name\":\"Pedro Cap\u00f3 cierra su gira espa\u00f1ola con doble sold out en Madrid\",\"isPartOf\":{\"@id\":\"http:\\\/\\\/unaymilletras.com\\\/#website\"},\"primaryImageOfPage\":{\"@id\":\"https:\\\/\\\/unaymilletras.com\\\/pedro-capo-cierra-su-gira-espanola-con-un-sold-out-inolvidable-en-madrid\\\/#primaryimage\"},\"image\":{\"@id\":\"https:\\\/\\\/unaymilletras.com\\\/pedro-capo-cierra-su-gira-espanola-con-un-sold-out-inolvidable-en-madrid\\\/#primaryimage\"},\"thumbnailUrl\":\"https:\\\/\\\/unaymilletras.com\\\/wp-content\\\/uploads\\\/2025\\\/10\\\/DSC_0206-scaled-e1760192037114.jpg\",\"datePublished\":\"2025-10-11T16:00:00+00:00\",\"description\":\"El artista puertorrique\u00f1o Pedro Cap\u00f3 puso fin a su paso por Espa\u00f1a con un concierto para el recuerdo en la Sala But\",\"breadcrumb\":{\"@id\":\"https:\\\/\\\/unaymilletras.com\\\/pedro-capo-cierra-su-gira-espanola-con-un-sold-out-inolvidable-en-madrid\\\/#breadcrumb\"},\"inLanguage\":\"en-GB\",\"potentialAction\":[{\"@type\":\"ReadAction\",\"target\":[\"https:\\\/\\\/unaymilletras.com\\\/pedro-capo-cierra-su-gira-espanola-con-un-sold-out-inolvidable-en-madrid\\\/\"]}]},{\"@type\":\"ImageObject\",\"inLanguage\":\"en-GB\",\"@id\":\"https:\\\/\\\/unaymilletras.com\\\/pedro-capo-cierra-su-gira-espanola-con-un-sold-out-inolvidable-en-madrid\\\/#primaryimage\",\"url\":\"https:\\\/\\\/unaymilletras.com\\\/wp-content\\\/uploads\\\/2025\\\/10\\\/DSC_0206-scaled-e1760192037114.jpg\",\"contentUrl\":\"https:\\\/\\\/unaymilletras.com\\\/wp-content\\\/uploads\\\/2025\\\/10\\\/DSC_0206-scaled-e1760192037114.jpg\",\"width\":600,\"height\":400,\"caption\":\"Foto: Maria Gil Robledo\"},{\"@type\":\"BreadcrumbList\",\"@id\":\"https:\\\/\\\/unaymilletras.com\\\/pedro-capo-cierra-su-gira-espanola-con-un-sold-out-inolvidable-en-madrid\\\/#breadcrumb\",\"itemListElement\":[{\"@type\":\"ListItem\",\"position\":1,\"name\":\"Home\",\"item\":\"http:\\\/\\\/unaymilletras.com\\\/\"},{\"@type\":\"ListItem\",\"position\":2,\"name\":\"Pedro Cap\u00f3 cierra su gira espa\u00f1ola con un sold out inolvidable en Madrid\"}]},{\"@type\":\"WebSite\",\"@id\":\"http:\\\/\\\/unaymilletras.com\\\/#website\",\"url\":\"http:\\\/\\\/unaymilletras.com\\\/\",\"name\":\"Una y Mil Letras\",\"description\":\"\",\"publisher\":{\"@id\":\"http:\\\/\\\/unaymilletras.com\\\/#organization\"},\"potentialAction\":[{\"@type\":\"SearchAction\",\"target\":{\"@type\":\"EntryPoint\",\"urlTemplate\":\"http:\\\/\\\/unaymilletras.com\\\/?s={search_term_string}\"},\"query-input\":{\"@type\":\"PropertyValueSpecification\",\"valueRequired\":true,\"valueName\":\"search_term_string\"}}],\"inLanguage\":\"en-GB\"},{\"@type\":\"Organization\",\"@id\":\"http:\\\/\\\/unaymilletras.com\\\/#organization\",\"name\":\"Una y Mil Letras\",\"url\":\"http:\\\/\\\/unaymilletras.com\\\/\",\"logo\":{\"@type\":\"ImageObject\",\"inLanguage\":\"en-GB\",\"@id\":\"http:\\\/\\\/unaymilletras.com\\\/#\\\/schema\\\/logo\\\/image\\\/\",\"url\":\"https:\\\/\\\/unaymilletras.com\\\/wp-content\\\/uploads\\\/2024\\\/06\\\/cropped-Logo-removebg-preview.png\",\"contentUrl\":\"https:\\\/\\\/unaymilletras.com\\\/wp-content\\\/uploads\\\/2024\\\/06\\\/cropped-Logo-removebg-preview.png\",\"width\":512,\"height\":512,\"caption\":\"Una y Mil Letras\"},\"image\":{\"@id\":\"http:\\\/\\\/unaymilletras.com\\\/#\\\/schema\\\/logo\\\/image\\\/\"},\"sameAs\":[\"https:\\\/\\\/x.com\\\/UnaYMilLetras\",\"https:\\\/\\\/instagram.com\\\/UnaYMilLetras\"]},{\"@type\":\"Person\",\"@id\":\"http:\\\/\\\/unaymilletras.com\\\/#\\\/schema\\\/person\\\/0860dc8a218329991ee2c7591f4f849d\",\"name\":\"Redacci\u00f3n\",\"image\":{\"@type\":\"ImageObject\",\"inLanguage\":\"en-GB\",\"@id\":\"https:\\\/\\\/secure.gravatar.com\\\/avatar\\\/d8f55e05a8b6597e45c55a1dcbdbfe44f4a360d88b48e00de5216a79b7732796?s=96&d=mm&r=g\",\"url\":\"https:\\\/\\\/secure.gravatar.com\\\/avatar\\\/d8f55e05a8b6597e45c55a1dcbdbfe44f4a360d88b48e00de5216a79b7732796?s=96&d=mm&r=g\",\"contentUrl\":\"https:\\\/\\\/secure.gravatar.com\\\/avatar\\\/d8f55e05a8b6597e45c55a1dcbdbfe44f4a360d88b48e00de5216a79b7732796?s=96&d=mm&r=g\",\"caption\":\"Redacci\u00f3n\"},\"url\":\"https:\\\/\\\/unaymilletras.com\\\/en\\\/author\\\/redaccion\\\/\"}]}<\/script>\n<!-- \/ Yoast SEO plugin. -->","yoast_head_json":{"title":"Pedro Cap\u00f3 cierra su gira espa\u00f1ola con doble sold out en Madrid","description":"El artista puertorrique\u00f1o Pedro Cap\u00f3 puso fin a su paso por Espa\u00f1a con un concierto para el recuerdo en la Sala But","robots":{"index":"index","follow":"follow","max-snippet":"max-snippet:-1","max-image-preview":"max-image-preview:large","max-video-preview":"max-video-preview:-1"},"canonical":"https:\/\/unaymilletras.com\/en\/pedro-capo-cierra-su-gira-espanola-con-un-sold-out-inolvidable-en-madrid\/","og_locale":"en_GB","og_type":"article","og_title":"Pedro Cap\u00f3 cierra su gira espa\u00f1ola con doble sold out en Madrid","og_description":"El artista puertorrique\u00f1o Pedro Cap\u00f3 puso fin a su paso por Espa\u00f1a con un concierto para el recuerdo en la Sala But","og_url":"https:\/\/unaymilletras.com\/en\/pedro-capo-cierra-su-gira-espanola-con-un-sold-out-inolvidable-en-madrid\/","og_site_name":"Una y Mil Letras","article_published_time":"2025-10-11T16:00:00+00:00","og_image":[{"width":600,"height":400,"url":"https:\/\/unaymilletras.com\/wp-content\/uploads\/2025\/10\/DSC_0206-scaled-e1760192037114.jpg","type":"image\/jpeg"}],"author":"Redacci\u00f3n","twitter_card":"summary_large_image","twitter_creator":"@UnaYMilLetras","twitter_site":"@UnaYMilLetras","twitter_misc":{"Written by":"Redacci\u00f3n","Estimated reading time":"2 minutes"},"schema":{"@context":"https:\/\/schema.org","@graph":[{"@type":"Article","@id":"https:\/\/unaymilletras.com\/pedro-capo-cierra-su-gira-espanola-con-un-sold-out-inolvidable-en-madrid\/#article","isPartOf":{"@id":"https:\/\/unaymilletras.com\/pedro-capo-cierra-su-gira-espanola-con-un-sold-out-inolvidable-en-madrid\/"},"author":{"name":"Redacci\u00f3n","@id":"http:\/\/unaymilletras.com\/#\/schema\/person\/0860dc8a218329991ee2c7591f4f849d"},"headline":"Pedro Cap\u00f3 cierra su gira espa\u00f1ola con un sold out inolvidable en Madrid","datePublished":"2025-10-11T16:00:00+00:00","mainEntityOfPage":{"@id":"https:\/\/unaymilletras.com\/pedro-capo-cierra-su-gira-espanola-con-un-sold-out-inolvidable-en-madrid\/"},"wordCount":314,"publisher":{"@id":"http:\/\/unaymilletras.com\/#organization"},"image":{"@id":"https:\/\/unaymilletras.com\/pedro-capo-cierra-su-gira-espanola-con-un-sold-out-inolvidable-en-madrid\/#primaryimage"},"thumbnailUrl":"https:\/\/unaymilletras.com\/wp-content\/uploads\/2025\/10\/DSC_0206-scaled-e1760192037114.jpg","articleSection":["M\u00fasica"],"inLanguage":"en-GB"},{"@type":"WebPage","@id":"https:\/\/unaymilletras.com\/pedro-capo-cierra-su-gira-espanola-con-un-sold-out-inolvidable-en-madrid\/","url":"https:\/\/unaymilletras.com\/pedro-capo-cierra-su-gira-espanola-con-un-sold-out-inolvidable-en-madrid\/","name":"Pedro Cap\u00f3 cierra su gira espa\u00f1ola con doble sold out en Madrid","isPartOf":{"@id":"http:\/\/unaymilletras.com\/#website"},"primaryImageOfPage":{"@id":"https:\/\/unaymilletras.com\/pedro-capo-cierra-su-gira-espanola-con-un-sold-out-inolvidable-en-madrid\/#primaryimage"},"image":{"@id":"https:\/\/unaymilletras.com\/pedro-capo-cierra-su-gira-espanola-con-un-sold-out-inolvidable-en-madrid\/#primaryimage"},"thumbnailUrl":"https:\/\/unaymilletras.com\/wp-content\/uploads\/2025\/10\/DSC_0206-scaled-e1760192037114.jpg","datePublished":"2025-10-11T16:00:00+00:00","description":"El artista puertorrique\u00f1o Pedro Cap\u00f3 puso fin a su paso por Espa\u00f1a con un concierto para el recuerdo en la Sala But","breadcrumb":{"@id":"https:\/\/unaymilletras.com\/pedro-capo-cierra-su-gira-espanola-con-un-sold-out-inolvidable-en-madrid\/#breadcrumb"},"inLanguage":"en-GB","potentialAction":[{"@type":"ReadAction","target":["https:\/\/unaymilletras.com\/pedro-capo-cierra-su-gira-espanola-con-un-sold-out-inolvidable-en-madrid\/"]}]},{"@type":"ImageObject","inLanguage":"en-GB","@id":"https:\/\/unaymilletras.com\/pedro-capo-cierra-su-gira-espanola-con-un-sold-out-inolvidable-en-madrid\/#primaryimage","url":"https:\/\/unaymilletras.com\/wp-content\/uploads\/2025\/10\/DSC_0206-scaled-e1760192037114.jpg","contentUrl":"https:\/\/unaymilletras.com\/wp-content\/uploads\/2025\/10\/DSC_0206-scaled-e1760192037114.jpg","width":600,"height":400,"caption":"Foto: Maria Gil Robledo"},{"@type":"BreadcrumbList","@id":"https:\/\/unaymilletras.com\/pedro-capo-cierra-su-gira-espanola-con-un-sold-out-inolvidable-en-madrid\/#breadcrumb","itemListElement":[{"@type":"ListItem","position":1,"name":"Home","item":"http:\/\/unaymilletras.com\/"},{"@type":"ListItem","position":2,"name":"Pedro Cap\u00f3 cierra su gira espa\u00f1ola con un sold out inolvidable en Madrid"}]},{"@type":"WebSite","@id":"http:\/\/unaymilletras.com\/#website","url":"http:\/\/unaymilletras.com\/","name":"Una y Mil Letras","description":"","publisher":{"@id":"http:\/\/unaymilletras.com\/#organization"},"potentialAction":[{"@type":"SearchAction","target":{"@type":"EntryPoint","urlTemplate":"http:\/\/unaymilletras.com\/?s={search_term_string}"},"query-input":{"@type":"PropertyValueSpecification","valueRequired":true,"valueName":"search_term_string"}}],"inLanguage":"en-GB"},{"@type":"Organization","@id":"http:\/\/unaymilletras.com\/#organization","name":"Una y Mil Letras","url":"http:\/\/unaymilletras.com\/","logo":{"@type":"ImageObject","inLanguage":"en-GB","@id":"http:\/\/unaymilletras.com\/#\/schema\/logo\/image\/","url":"https:\/\/unaymilletras.com\/wp-content\/uploads\/2024\/06\/cropped-Logo-removebg-preview.png","contentUrl":"https:\/\/unaymilletras.com\/wp-content\/uploads\/2024\/06\/cropped-Logo-removebg-preview.png","width":512,"height":512,"caption":"Una y Mil Letras"},"image":{"@id":"http:\/\/unaymilletras.com\/#\/schema\/logo\/image\/"},"sameAs":["https:\/\/x.com\/UnaYMilLetras","https:\/\/instagram.com\/UnaYMilLetras"]},{"@type":"Person","@id":"http:\/\/unaymilletras.com\/#\/schema\/person\/0860dc8a218329991ee2c7591f4f849d","name":"Redacci\u00f3n","image":{"@type":"ImageObject","inLanguage":"en-GB","@id":"https:\/\/secure.gravatar.com\/avatar\/d8f55e05a8b6597e45c55a1dcbdbfe44f4a360d88b48e00de5216a79b7732796?s=96&d=mm&r=g","url":"https:\/\/secure.gravatar.com\/avatar\/d8f55e05a8b6597e45c55a1dcbdbfe44f4a360d88b48e00de5216a79b7732796?s=96&d=mm&r=g","contentUrl":"https:\/\/secure.gravatar.com\/avatar\/d8f55e05a8b6597e45c55a1dcbdbfe44f4a360d88b48e00de5216a79b7732796?s=96&d=mm&r=g","caption":"Redacci\u00f3n"},"url":"https:\/\/unaymilletras.com\/en\/author\/redaccion\/"}]}},"_links":{"self":[{"href":"https:\/\/unaymilletras.com\/en\/wp-json\/wp\/v2\/posts\/5989","targetHints":{"allow":["GET"]}}],"collection":[{"href":"https:\/\/unaymilletras.com\/en\/wp-json\/wp\/v2\/posts"}],"about":[{"href":"https:\/\/unaymilletras.com\/en\/wp-json\/wp\/v2\/types\/post"}],"author":[{"embeddable":true,"href":"https:\/\/unaymilletras.com\/en\/wp-json\/wp\/v2\/users\/6"}],"replies":[{"embeddable":true,"href":"https:\/\/unaymilletras.com\/en\/wp-json\/wp\/v2\/comments?post=5989"}],"version-history":[{"count":4,"href":"https:\/\/unaymilletras.com\/en\/wp-json\/wp\/v2\/posts\/5989\/revisions"}],"predecessor-version":[{"id":5994,"href":"https:\/\/unaymilletras.com\/en\/wp-json\/wp\/v2\/posts\/5989\/revisions\/5994"}],"wp:featuredmedia":[{"embeddable":true,"href":"https:\/\/unaymilletras.com\/en\/wp-json\/wp\/v2\/media\/5991"}],"wp:attachment":[{"href":"https:\/\/unaymilletras.com\/en\/wp-json\/wp\/v2\/media?parent=5989"}],"wp:term":[{"taxonomy":"category","embeddable":true,"href":"https:\/\/unaymilletras.com\/en\/wp-json\/wp\/v2\/categories?post=5989"},{"taxonomy":"post_tag","embeddable":true,"href":"https:\/\/unaymilletras.com\/en\/wp-json\/wp\/v2\/tags?post=5989"}],"curies":[{"name":"wp","href":"https:\/\/api.w.org\/{rel}","templated":true}]}}