{"id":5995,"date":"2025-10-13T12:00:00","date_gmt":"2025-10-13T10:00:00","guid":{"rendered":"https:\/\/unaymilletras.com\/?p=5995"},"modified":"2025-10-11T16:23:44","modified_gmt":"2025-10-11T14:23:44","slug":"agoney-anuncia-nuevas-fechas-para-2026-con-dicotomia-tour-pt-ii","status":"publish","type":"post","link":"https:\/\/unaymilletras.com\/en\/agoney-anuncia-nuevas-fechas-para-2026-con-dicotomia-tour-pt-ii\/","title":{"rendered":"Agoney anuncia nuevas fechas para 2026 con DICOTOM\u00cdA TOUR Pt. II"},"content":{"rendered":"<div data-elementor-type=\"wp-post\" data-elementor-id=\"5995\" class=\"elementor elementor-5995\">\n\t\t\t\t\t\t<section class=\"elementor-section elementor-top-section elementor-element elementor-element-5411429 elementor-section-boxed elementor-section-height-default elementor-section-height-default\" data-id=\"5411429\" data-element_type=\"section\" data-e-type=\"section\">\n\t\t\t\t\t\t<div class=\"elementor-container elementor-column-gap-default\">\n\t\t\t\t\t<div class=\"elementor-column elementor-col-100 elementor-top-column elementor-element elementor-element-3889510\" data-id=\"3889510\" data-element_type=\"column\" data-e-type=\"column\">\n\t\t\t<div class=\"elementor-widget-wrap elementor-element-populated\">\n\t\t\t\t\t\t<div class=\"elementor-element elementor-element-8d7913c elementor-widget elementor-widget-text-editor\" data-id=\"8d7913c\" data-element_type=\"widget\" data-e-type=\"widget\" data-widget_type=\"text-editor.default\">\n\t\t\t\t<div class=\"elementor-widget-container\">\n\t\t\t\t\t\t\t\t\t<h2 style=\"text-align: center;\"><span style=\"color: #808080;\"><em>El artista canario Agoney regresar\u00e1 a los escenarios con un show renovado y una gira que recorrer\u00e1 Espa\u00f1a a partir de marzo<\/em><\/span><\/h2>\t\t\t\t\t\t\t\t<\/div>\n\t\t\t\t<\/div>\n\t\t\t\t\t<\/div>\n\t\t<\/div>\n\t\t\t\t\t<\/div>\n\t\t<\/section>\n\t\t\t\t<section class=\"elementor-section elementor-top-section elementor-element elementor-element-2fdc1a8 elementor-section-boxed elementor-section-height-default elementor-section-height-default\" data-id=\"2fdc1a8\" data-element_type=\"section\" data-e-type=\"section\">\n\t\t\t\t\t\t<div class=\"elementor-container elementor-column-gap-default\">\n\t\t\t\t\t<div class=\"elementor-column elementor-col-100 elementor-top-column elementor-element elementor-element-19a26dc\" data-id=\"19a26dc\" data-element_type=\"column\" data-e-type=\"column\">\n\t\t\t<div class=\"elementor-widget-wrap elementor-element-populated\">\n\t\t\t\t\t\t<div class=\"elementor-element elementor-element-c7502d9 elementor-widget elementor-widget-text-editor\" data-id=\"c7502d9\" data-element_type=\"widget\" data-e-type=\"widget\" data-widget_type=\"text-editor.default\">\n\t\t\t\t<div class=\"elementor-widget-container\">\n\t\t\t\t\t\t\t\t\t<p data-start=\"423\" data-end=\"678\">Despu\u00e9s de un a\u00f1o intenso y lleno de momentos clave, <strong data-start=\"476\" data-end=\"486\">Agoney<\/strong> anuncia el regreso de su espect\u00e1culo con <em data-start=\"528\" data-end=\"551\">DICOTOM\u00cdA TOUR Pt. II<\/em>, una nueva etapa de conciertos que comenzar\u00e1 en marzo de 2026 y lo llevar\u00e1 por varias de las principales ciudades espa\u00f1olas.<\/p>\t\t\t\t\t\t\t\t<\/div>\n\t\t\t\t<\/div>\n\t\t\t\t\t<\/div>\n\t\t<\/div>\n\t\t\t\t\t<\/div>\n\t\t<\/section>\n\t\t\t\t<section class=\"elementor-section elementor-top-section elementor-element elementor-element-a73a199 elementor-section-boxed elementor-section-height-default elementor-section-height-default\" data-id=\"a73a199\" data-element_type=\"section\" data-e-type=\"section\">\n\t\t\t\t\t\t<div class=\"elementor-container elementor-column-gap-default\">\n\t\t\t\t\t<div class=\"elementor-column elementor-col-50 elementor-top-column elementor-element elementor-element-8fc73d0\" data-id=\"8fc73d0\" data-element_type=\"column\" data-e-type=\"column\">\n\t\t\t<div class=\"elementor-widget-wrap elementor-element-populated\">\n\t\t\t\t\t\t<div class=\"elementor-element elementor-element-85f4b6f elementor-widget elementor-widget-text-editor\" data-id=\"85f4b6f\" data-element_type=\"widget\" data-e-type=\"widget\" data-widget_type=\"text-editor.default\">\n\t\t\t\t<div class=\"elementor-widget-container\">\n\t\t\t\t\t\t\t\t\t<p data-start=\"680\" data-end=\"1121\">El anuncio llega tras un 2025 especialmente significativo para el artista, en el que present\u00f3 su potente directo en escenarios de todo el pa\u00eds y protagoniz\u00f3 un emotivo reencuentro con su p\u00fablico en Latinoam\u00e9rica. Sus conciertos en M\u00e9xico y Argentina agotaron entradas y confirmaron la conexi\u00f3n \u00fanica que mantiene con sus seguidores al otro lado del Atl\u00e1ntico, una relaci\u00f3n que ha sido esencial en la proyecci\u00f3n internacional de su carrera.<\/p>\n<p data-start=\"1123\" data-end=\"1614\">Para esta nueva etapa, Agoney prepara un espect\u00e1culo completamente renovado. <em data-start=\"1200\" data-end=\"1223\">DICOTOM\u00cdA TOUR Pt. II<\/em> mantendr\u00e1 la esencia que define sus directos intensidad, sensualidad y emoci\u00f3n, pero presentar\u00e1 una puesta en escena diferente, con nuevas lecturas de su repertorio, estrenos in\u00e9ditos y un concepto visual m\u00e1s ambicioso. Ser\u00e1, en palabras de su equipo, un paso adelante en su evoluci\u00f3n art\u00edstica, donde el cantante explorar\u00e1 nuevas formas de expresar la dualidad que atraviesa su m\u00fasica.<\/p>\t\t\t\t\t\t\t\t<\/div>\n\t\t\t\t<\/div>\n\t\t\t\t\t<\/div>\n\t\t<\/div>\n\t\t\t\t<div class=\"elementor-column elementor-col-50 elementor-top-column elementor-element elementor-element-5af5f86\" data-id=\"5af5f86\" data-element_type=\"column\" data-e-type=\"column\">\n\t\t\t<div class=\"elementor-widget-wrap elementor-element-populated\">\n\t\t\t\t\t\t<div class=\"elementor-element elementor-element-27ccc4b elementor-widget elementor-widget-image\" data-id=\"27ccc4b\" data-element_type=\"widget\" data-e-type=\"widget\" data-widget_type=\"image.default\">\n\t\t\t\t<div class=\"elementor-widget-container\">\n\t\t\t\t\t\t\t\t\t\t\t\t\t\t\t<img fetchpriority=\"high\" decoding=\"async\" width=\"640\" height=\"853\" src=\"https:\/\/unaymilletras.com\/wp-content\/uploads\/2025\/10\/RRSS_POST-768x1024.jpg\" class=\"attachment-large size-large wp-image-5997\" alt=\"Agoney\" srcset=\"https:\/\/unaymilletras.com\/wp-content\/uploads\/2025\/10\/RRSS_POST-768x1024.jpg 768w, https:\/\/unaymilletras.com\/wp-content\/uploads\/2025\/10\/RRSS_POST-225x300.jpg 225w, https:\/\/unaymilletras.com\/wp-content\/uploads\/2025\/10\/RRSS_POST-9x12.jpg 9w, https:\/\/unaymilletras.com\/wp-content\/uploads\/2025\/10\/RRSS_POST-1024x1365.jpg 1024w, https:\/\/unaymilletras.com\/wp-content\/uploads\/2025\/10\/RRSS_POST-e1760192424613.jpg 600w\" sizes=\"(max-width: 640px) 100vw, 640px\" \/>\t\t\t\t\t\t\t\t\t\t\t\t\t\t\t<\/div>\n\t\t\t\t<\/div>\n\t\t\t\t\t<\/div>\n\t\t<\/div>\n\t\t\t\t\t<\/div>\n\t\t<\/section>\n\t\t\t\t<section class=\"elementor-section elementor-top-section elementor-element elementor-element-73e0cd0 elementor-section-boxed elementor-section-height-default elementor-section-height-default\" data-id=\"73e0cd0\" data-element_type=\"section\" data-e-type=\"section\">\n\t\t\t\t\t\t<div class=\"elementor-container elementor-column-gap-default\">\n\t\t\t\t\t<div class=\"elementor-column elementor-col-100 elementor-top-column elementor-element elementor-element-a416478\" data-id=\"a416478\" data-element_type=\"column\" data-e-type=\"column\">\n\t\t\t<div class=\"elementor-widget-wrap elementor-element-populated\">\n\t\t\t\t\t\t<div class=\"elementor-element elementor-element-22cf89a elementor-widget elementor-widget-text-editor\" data-id=\"22cf89a\" data-element_type=\"widget\" data-e-type=\"widget\" data-widget_type=\"text-editor.default\">\n\t\t\t\t<div class=\"elementor-widget-container\">\n\t\t\t\t\t\t\t\t\t<p data-start=\"1616\" data-end=\"1940\">Las primeras fechas confirmadas incluyen paradas en <strong data-start=\"1668\" data-end=\"1714\">Sevilla (28 de marzo, Malandar Music Club)<\/strong>, <strong data-start=\"1716\" data-end=\"1764\">Bilbao (24 de abril, Sala Santana 21 &#8211; Blue)<\/strong>, <strong data-start=\"1766\" data-end=\"1799\">Murcia (15 de mayo, Sala REM)<\/strong>, <strong data-start=\"1801\" data-end=\"1840\">Barcelona (28 de mayo, Sala Upload)<\/strong> y <strong data-start=\"1843\" data-end=\"1893\">Madrid (13 de junio, La Sala \u2013 Movistar Arena)<\/strong>. Nuevas ciudades se anunciar\u00e1n pr\u00f3ximamente.<\/p>\n<p data-start=\"1942\" data-end=\"2121\">Las entradas ya est\u00e1n disponibles&nbsp;a trav\u00e9s de <strong data-start=\"2052\" data-end=\"2068\"><a class=\"decorated-link\" href=\"http:\/\/www.Baila.FM\" target=\"_new\" rel=\"noopener\" data-start=\"2054\" data-end=\"2066\">www.Baila.FM<\/a><\/strong>, la tiquetera oficial del <em data-start=\"2095\" data-end=\"2118\">DICOTOM\u00cdA TOUR Pt. II<\/em>.<\/p>\n<p data-start=\"2123\" data-end=\"2349\">Con esta nueva gira, Agoney reafirma su madurez art\u00edstica y su capacidad para convertir cada directo en una experiencia sensorial, donde la emoci\u00f3n y la entrega se funden con una propuesta esc\u00e9nica tan cuidada como personal.<\/p>\t\t\t\t\t\t\t\t<\/div>\n\t\t\t\t<\/div>\n\t\t\t\t\t<\/div>\n\t\t<\/div>\n\t\t\t\t\t<\/div>\n\t\t<\/section>\n\t\t\t\t<\/div>","protected":false},"excerpt":{"rendered":"<p>El artista canario Agoney regresar\u00e1 a los escenarios con un show renovado y una gira que recorrer\u00e1 Espa\u00f1a a partir de marzo Despu\u00e9s de un a\u00f1o intenso y lleno de momentos clave, Agoney anuncia el regreso de su espect\u00e1culo con DICOTOM\u00cdA TOUR Pt. II, una nueva etapa de conciertos que comenzar\u00e1 en marzo de 2026 [&hellip;]<\/p>\n","protected":false},"author":6,"featured_media":5997,"comment_status":"closed","ping_status":"closed","sticky":false,"template":"","format":"standard","meta":{"footnotes":""},"categories":[4],"tags":[],"class_list":["post-5995","post","type-post","status-publish","format-standard","has-post-thumbnail","hentry","category-musica"],"yoast_head":"<!-- This site is optimized with the Yoast SEO plugin v27.4 - https:\/\/yoast.com\/product\/yoast-seo-wordpress\/ -->\n<title>Agoney anuncia nuevas fechas para 2026 con DICOTOM\u00cdA TOUR Pt. II<\/title>\n<meta name=\"description\" content=\"El artista canario Agoney regresar\u00e1 a los escenarios con un show renovado y una gira que recorrer\u00e1 Espa\u00f1a a partir de marzo\" \/>\n<meta name=\"robots\" content=\"index, follow, max-snippet:-1, max-image-preview:large, max-video-preview:-1\" \/>\n<link rel=\"canonical\" href=\"https:\/\/unaymilletras.com\/en\/agoney-anuncia-nuevas-fechas-para-2026-con-dicotomia-tour-pt-ii\/\" \/>\n<meta property=\"og:locale\" content=\"en_GB\" \/>\n<meta property=\"og:type\" content=\"article\" \/>\n<meta property=\"og:title\" content=\"Agoney anuncia nuevas fechas para 2026 con DICOTOM\u00cdA TOUR Pt. II\" \/>\n<meta property=\"og:description\" content=\"El artista canario Agoney regresar\u00e1 a los escenarios con un show renovado y una gira que recorrer\u00e1 Espa\u00f1a a partir de marzo\" \/>\n<meta property=\"og:url\" content=\"https:\/\/unaymilletras.com\/en\/agoney-anuncia-nuevas-fechas-para-2026-con-dicotomia-tour-pt-ii\/\" \/>\n<meta property=\"og:site_name\" content=\"Una y Mil Letras\" \/>\n<meta property=\"article:published_time\" content=\"2025-10-13T10:00:00+00:00\" \/>\n<meta property=\"og:image\" content=\"https:\/\/unaymilletras.com\/wp-content\/uploads\/2025\/10\/RRSS_POST-e1760192424613.jpg\" \/>\n\t<meta property=\"og:image:width\" content=\"600\" \/>\n\t<meta property=\"og:image:height\" content=\"800\" \/>\n\t<meta property=\"og:image:type\" content=\"image\/jpeg\" \/>\n<meta name=\"author\" content=\"Redacci\u00f3n\" \/>\n<meta name=\"twitter:card\" content=\"summary_large_image\" \/>\n<meta name=\"twitter:creator\" content=\"@UnaYMilLetras\" \/>\n<meta name=\"twitter:site\" content=\"@UnaYMilLetras\" \/>\n<meta name=\"twitter:label1\" content=\"Written by\" \/>\n\t<meta name=\"twitter:data1\" content=\"Redacci\u00f3n\" \/>\n\t<meta name=\"twitter:label2\" content=\"Estimated reading time\" \/>\n\t<meta name=\"twitter:data2\" content=\"2 minutes\" \/>\n<script type=\"application\/ld+json\" class=\"yoast-schema-graph\">{\"@context\":\"https:\\\/\\\/schema.org\",\"@graph\":[{\"@type\":\"Article\",\"@id\":\"https:\\\/\\\/unaymilletras.com\\\/agoney-anuncia-nuevas-fechas-para-2026-con-dicotomia-tour-pt-ii\\\/#article\",\"isPartOf\":{\"@id\":\"https:\\\/\\\/unaymilletras.com\\\/agoney-anuncia-nuevas-fechas-para-2026-con-dicotomia-tour-pt-ii\\\/\"},\"author\":{\"name\":\"Redacci\u00f3n\",\"@id\":\"http:\\\/\\\/unaymilletras.com\\\/#\\\/schema\\\/person\\\/0860dc8a218329991ee2c7591f4f849d\"},\"headline\":\"Agoney anuncia nuevas fechas para 2026 con DICOTOM\u00cdA TOUR Pt. II\",\"datePublished\":\"2025-10-13T10:00:00+00:00\",\"mainEntityOfPage\":{\"@id\":\"https:\\\/\\\/unaymilletras.com\\\/agoney-anuncia-nuevas-fechas-para-2026-con-dicotomia-tour-pt-ii\\\/\"},\"wordCount\":346,\"publisher\":{\"@id\":\"http:\\\/\\\/unaymilletras.com\\\/#organization\"},\"image\":{\"@id\":\"https:\\\/\\\/unaymilletras.com\\\/agoney-anuncia-nuevas-fechas-para-2026-con-dicotomia-tour-pt-ii\\\/#primaryimage\"},\"thumbnailUrl\":\"https:\\\/\\\/unaymilletras.com\\\/wp-content\\\/uploads\\\/2025\\\/10\\\/RRSS_POST-e1760192424613.jpg\",\"articleSection\":[\"M\u00fasica\"],\"inLanguage\":\"en-GB\"},{\"@type\":\"WebPage\",\"@id\":\"https:\\\/\\\/unaymilletras.com\\\/agoney-anuncia-nuevas-fechas-para-2026-con-dicotomia-tour-pt-ii\\\/\",\"url\":\"https:\\\/\\\/unaymilletras.com\\\/agoney-anuncia-nuevas-fechas-para-2026-con-dicotomia-tour-pt-ii\\\/\",\"name\":\"Agoney anuncia nuevas fechas para 2026 con DICOTOM\u00cdA TOUR Pt. II\",\"isPartOf\":{\"@id\":\"http:\\\/\\\/unaymilletras.com\\\/#website\"},\"primaryImageOfPage\":{\"@id\":\"https:\\\/\\\/unaymilletras.com\\\/agoney-anuncia-nuevas-fechas-para-2026-con-dicotomia-tour-pt-ii\\\/#primaryimage\"},\"image\":{\"@id\":\"https:\\\/\\\/unaymilletras.com\\\/agoney-anuncia-nuevas-fechas-para-2026-con-dicotomia-tour-pt-ii\\\/#primaryimage\"},\"thumbnailUrl\":\"https:\\\/\\\/unaymilletras.com\\\/wp-content\\\/uploads\\\/2025\\\/10\\\/RRSS_POST-e1760192424613.jpg\",\"datePublished\":\"2025-10-13T10:00:00+00:00\",\"description\":\"El artista canario Agoney regresar\u00e1 a los escenarios con un show renovado y una gira que recorrer\u00e1 Espa\u00f1a a partir de marzo\",\"breadcrumb\":{\"@id\":\"https:\\\/\\\/unaymilletras.com\\\/agoney-anuncia-nuevas-fechas-para-2026-con-dicotomia-tour-pt-ii\\\/#breadcrumb\"},\"inLanguage\":\"en-GB\",\"potentialAction\":[{\"@type\":\"ReadAction\",\"target\":[\"https:\\\/\\\/unaymilletras.com\\\/agoney-anuncia-nuevas-fechas-para-2026-con-dicotomia-tour-pt-ii\\\/\"]}]},{\"@type\":\"ImageObject\",\"inLanguage\":\"en-GB\",\"@id\":\"https:\\\/\\\/unaymilletras.com\\\/agoney-anuncia-nuevas-fechas-para-2026-con-dicotomia-tour-pt-ii\\\/#primaryimage\",\"url\":\"https:\\\/\\\/unaymilletras.com\\\/wp-content\\\/uploads\\\/2025\\\/10\\\/RRSS_POST-e1760192424613.jpg\",\"contentUrl\":\"https:\\\/\\\/unaymilletras.com\\\/wp-content\\\/uploads\\\/2025\\\/10\\\/RRSS_POST-e1760192424613.jpg\",\"width\":600,\"height\":800,\"caption\":\"Agoney\"},{\"@type\":\"BreadcrumbList\",\"@id\":\"https:\\\/\\\/unaymilletras.com\\\/agoney-anuncia-nuevas-fechas-para-2026-con-dicotomia-tour-pt-ii\\\/#breadcrumb\",\"itemListElement\":[{\"@type\":\"ListItem\",\"position\":1,\"name\":\"Home\",\"item\":\"http:\\\/\\\/unaymilletras.com\\\/\"},{\"@type\":\"ListItem\",\"position\":2,\"name\":\"Agoney anuncia nuevas fechas para 2026 con DICOTOM\u00cdA TOUR Pt. II\"}]},{\"@type\":\"WebSite\",\"@id\":\"http:\\\/\\\/unaymilletras.com\\\/#website\",\"url\":\"http:\\\/\\\/unaymilletras.com\\\/\",\"name\":\"Una y Mil Letras\",\"description\":\"\",\"publisher\":{\"@id\":\"http:\\\/\\\/unaymilletras.com\\\/#organization\"},\"potentialAction\":[{\"@type\":\"SearchAction\",\"target\":{\"@type\":\"EntryPoint\",\"urlTemplate\":\"http:\\\/\\\/unaymilletras.com\\\/?s={search_term_string}\"},\"query-input\":{\"@type\":\"PropertyValueSpecification\",\"valueRequired\":true,\"valueName\":\"search_term_string\"}}],\"inLanguage\":\"en-GB\"},{\"@type\":\"Organization\",\"@id\":\"http:\\\/\\\/unaymilletras.com\\\/#organization\",\"name\":\"Una y Mil Letras\",\"url\":\"http:\\\/\\\/unaymilletras.com\\\/\",\"logo\":{\"@type\":\"ImageObject\",\"inLanguage\":\"en-GB\",\"@id\":\"http:\\\/\\\/unaymilletras.com\\\/#\\\/schema\\\/logo\\\/image\\\/\",\"url\":\"https:\\\/\\\/unaymilletras.com\\\/wp-content\\\/uploads\\\/2024\\\/06\\\/cropped-Logo-removebg-preview.png\",\"contentUrl\":\"https:\\\/\\\/unaymilletras.com\\\/wp-content\\\/uploads\\\/2024\\\/06\\\/cropped-Logo-removebg-preview.png\",\"width\":512,\"height\":512,\"caption\":\"Una y Mil Letras\"},\"image\":{\"@id\":\"http:\\\/\\\/unaymilletras.com\\\/#\\\/schema\\\/logo\\\/image\\\/\"},\"sameAs\":[\"https:\\\/\\\/x.com\\\/UnaYMilLetras\",\"https:\\\/\\\/instagram.com\\\/UnaYMilLetras\"]},{\"@type\":\"Person\",\"@id\":\"http:\\\/\\\/unaymilletras.com\\\/#\\\/schema\\\/person\\\/0860dc8a218329991ee2c7591f4f849d\",\"name\":\"Redacci\u00f3n\",\"image\":{\"@type\":\"ImageObject\",\"inLanguage\":\"en-GB\",\"@id\":\"https:\\\/\\\/secure.gravatar.com\\\/avatar\\\/d8f55e05a8b6597e45c55a1dcbdbfe44f4a360d88b48e00de5216a79b7732796?s=96&d=mm&r=g\",\"url\":\"https:\\\/\\\/secure.gravatar.com\\\/avatar\\\/d8f55e05a8b6597e45c55a1dcbdbfe44f4a360d88b48e00de5216a79b7732796?s=96&d=mm&r=g\",\"contentUrl\":\"https:\\\/\\\/secure.gravatar.com\\\/avatar\\\/d8f55e05a8b6597e45c55a1dcbdbfe44f4a360d88b48e00de5216a79b7732796?s=96&d=mm&r=g\",\"caption\":\"Redacci\u00f3n\"},\"url\":\"https:\\\/\\\/unaymilletras.com\\\/en\\\/author\\\/redaccion\\\/\"}]}<\/script>\n<!-- \/ Yoast SEO plugin. -->","yoast_head_json":{"title":"Agoney anuncia nuevas fechas para 2026 con DICOTOM\u00cdA TOUR Pt. II","description":"El artista canario Agoney regresar\u00e1 a los escenarios con un show renovado y una gira que recorrer\u00e1 Espa\u00f1a a partir de marzo","robots":{"index":"index","follow":"follow","max-snippet":"max-snippet:-1","max-image-preview":"max-image-preview:large","max-video-preview":"max-video-preview:-1"},"canonical":"https:\/\/unaymilletras.com\/en\/agoney-anuncia-nuevas-fechas-para-2026-con-dicotomia-tour-pt-ii\/","og_locale":"en_GB","og_type":"article","og_title":"Agoney anuncia nuevas fechas para 2026 con DICOTOM\u00cdA TOUR Pt. II","og_description":"El artista canario Agoney regresar\u00e1 a los escenarios con un show renovado y una gira que recorrer\u00e1 Espa\u00f1a a partir de marzo","og_url":"https:\/\/unaymilletras.com\/en\/agoney-anuncia-nuevas-fechas-para-2026-con-dicotomia-tour-pt-ii\/","og_site_name":"Una y Mil Letras","article_published_time":"2025-10-13T10:00:00+00:00","og_image":[{"width":600,"height":800,"url":"https:\/\/unaymilletras.com\/wp-content\/uploads\/2025\/10\/RRSS_POST-e1760192424613.jpg","type":"image\/jpeg"}],"author":"Redacci\u00f3n","twitter_card":"summary_large_image","twitter_creator":"@UnaYMilLetras","twitter_site":"@UnaYMilLetras","twitter_misc":{"Written by":"Redacci\u00f3n","Estimated reading time":"2 minutes"},"schema":{"@context":"https:\/\/schema.org","@graph":[{"@type":"Article","@id":"https:\/\/unaymilletras.com\/agoney-anuncia-nuevas-fechas-para-2026-con-dicotomia-tour-pt-ii\/#article","isPartOf":{"@id":"https:\/\/unaymilletras.com\/agoney-anuncia-nuevas-fechas-para-2026-con-dicotomia-tour-pt-ii\/"},"author":{"name":"Redacci\u00f3n","@id":"http:\/\/unaymilletras.com\/#\/schema\/person\/0860dc8a218329991ee2c7591f4f849d"},"headline":"Agoney anuncia nuevas fechas para 2026 con DICOTOM\u00cdA TOUR Pt. II","datePublished":"2025-10-13T10:00:00+00:00","mainEntityOfPage":{"@id":"https:\/\/unaymilletras.com\/agoney-anuncia-nuevas-fechas-para-2026-con-dicotomia-tour-pt-ii\/"},"wordCount":346,"publisher":{"@id":"http:\/\/unaymilletras.com\/#organization"},"image":{"@id":"https:\/\/unaymilletras.com\/agoney-anuncia-nuevas-fechas-para-2026-con-dicotomia-tour-pt-ii\/#primaryimage"},"thumbnailUrl":"https:\/\/unaymilletras.com\/wp-content\/uploads\/2025\/10\/RRSS_POST-e1760192424613.jpg","articleSection":["M\u00fasica"],"inLanguage":"en-GB"},{"@type":"WebPage","@id":"https:\/\/unaymilletras.com\/agoney-anuncia-nuevas-fechas-para-2026-con-dicotomia-tour-pt-ii\/","url":"https:\/\/unaymilletras.com\/agoney-anuncia-nuevas-fechas-para-2026-con-dicotomia-tour-pt-ii\/","name":"Agoney anuncia nuevas fechas para 2026 con DICOTOM\u00cdA TOUR Pt. II","isPartOf":{"@id":"http:\/\/unaymilletras.com\/#website"},"primaryImageOfPage":{"@id":"https:\/\/unaymilletras.com\/agoney-anuncia-nuevas-fechas-para-2026-con-dicotomia-tour-pt-ii\/#primaryimage"},"image":{"@id":"https:\/\/unaymilletras.com\/agoney-anuncia-nuevas-fechas-para-2026-con-dicotomia-tour-pt-ii\/#primaryimage"},"thumbnailUrl":"https:\/\/unaymilletras.com\/wp-content\/uploads\/2025\/10\/RRSS_POST-e1760192424613.jpg","datePublished":"2025-10-13T10:00:00+00:00","description":"El artista canario Agoney regresar\u00e1 a los escenarios con un show renovado y una gira que recorrer\u00e1 Espa\u00f1a a partir de marzo","breadcrumb":{"@id":"https:\/\/unaymilletras.com\/agoney-anuncia-nuevas-fechas-para-2026-con-dicotomia-tour-pt-ii\/#breadcrumb"},"inLanguage":"en-GB","potentialAction":[{"@type":"ReadAction","target":["https:\/\/unaymilletras.com\/agoney-anuncia-nuevas-fechas-para-2026-con-dicotomia-tour-pt-ii\/"]}]},{"@type":"ImageObject","inLanguage":"en-GB","@id":"https:\/\/unaymilletras.com\/agoney-anuncia-nuevas-fechas-para-2026-con-dicotomia-tour-pt-ii\/#primaryimage","url":"https:\/\/unaymilletras.com\/wp-content\/uploads\/2025\/10\/RRSS_POST-e1760192424613.jpg","contentUrl":"https:\/\/unaymilletras.com\/wp-content\/uploads\/2025\/10\/RRSS_POST-e1760192424613.jpg","width":600,"height":800,"caption":"Agoney"},{"@type":"BreadcrumbList","@id":"https:\/\/unaymilletras.com\/agoney-anuncia-nuevas-fechas-para-2026-con-dicotomia-tour-pt-ii\/#breadcrumb","itemListElement":[{"@type":"ListItem","position":1,"name":"Home","item":"http:\/\/unaymilletras.com\/"},{"@type":"ListItem","position":2,"name":"Agoney anuncia nuevas fechas para 2026 con DICOTOM\u00cdA TOUR Pt. II"}]},{"@type":"WebSite","@id":"http:\/\/unaymilletras.com\/#website","url":"http:\/\/unaymilletras.com\/","name":"Una y Mil Letras","description":"","publisher":{"@id":"http:\/\/unaymilletras.com\/#organization"},"potentialAction":[{"@type":"SearchAction","target":{"@type":"EntryPoint","urlTemplate":"http:\/\/unaymilletras.com\/?s={search_term_string}"},"query-input":{"@type":"PropertyValueSpecification","valueRequired":true,"valueName":"search_term_string"}}],"inLanguage":"en-GB"},{"@type":"Organization","@id":"http:\/\/unaymilletras.com\/#organization","name":"Una y Mil Letras","url":"http:\/\/unaymilletras.com\/","logo":{"@type":"ImageObject","inLanguage":"en-GB","@id":"http:\/\/unaymilletras.com\/#\/schema\/logo\/image\/","url":"https:\/\/unaymilletras.com\/wp-content\/uploads\/2024\/06\/cropped-Logo-removebg-preview.png","contentUrl":"https:\/\/unaymilletras.com\/wp-content\/uploads\/2024\/06\/cropped-Logo-removebg-preview.png","width":512,"height":512,"caption":"Una y Mil Letras"},"image":{"@id":"http:\/\/unaymilletras.com\/#\/schema\/logo\/image\/"},"sameAs":["https:\/\/x.com\/UnaYMilLetras","https:\/\/instagram.com\/UnaYMilLetras"]},{"@type":"Person","@id":"http:\/\/unaymilletras.com\/#\/schema\/person\/0860dc8a218329991ee2c7591f4f849d","name":"Redacci\u00f3n","image":{"@type":"ImageObject","inLanguage":"en-GB","@id":"https:\/\/secure.gravatar.com\/avatar\/d8f55e05a8b6597e45c55a1dcbdbfe44f4a360d88b48e00de5216a79b7732796?s=96&d=mm&r=g","url":"https:\/\/secure.gravatar.com\/avatar\/d8f55e05a8b6597e45c55a1dcbdbfe44f4a360d88b48e00de5216a79b7732796?s=96&d=mm&r=g","contentUrl":"https:\/\/secure.gravatar.com\/avatar\/d8f55e05a8b6597e45c55a1dcbdbfe44f4a360d88b48e00de5216a79b7732796?s=96&d=mm&r=g","caption":"Redacci\u00f3n"},"url":"https:\/\/unaymilletras.com\/en\/author\/redaccion\/"}]}},"_links":{"self":[{"href":"https:\/\/unaymilletras.com\/en\/wp-json\/wp\/v2\/posts\/5995","targetHints":{"allow":["GET"]}}],"collection":[{"href":"https:\/\/unaymilletras.com\/en\/wp-json\/wp\/v2\/posts"}],"about":[{"href":"https:\/\/unaymilletras.com\/en\/wp-json\/wp\/v2\/types\/post"}],"author":[{"embeddable":true,"href":"https:\/\/unaymilletras.com\/en\/wp-json\/wp\/v2\/users\/6"}],"replies":[{"embeddable":true,"href":"https:\/\/unaymilletras.com\/en\/wp-json\/wp\/v2\/comments?post=5995"}],"version-history":[{"count":4,"href":"https:\/\/unaymilletras.com\/en\/wp-json\/wp\/v2\/posts\/5995\/revisions"}],"predecessor-version":[{"id":6000,"href":"https:\/\/unaymilletras.com\/en\/wp-json\/wp\/v2\/posts\/5995\/revisions\/6000"}],"wp:featuredmedia":[{"embeddable":true,"href":"https:\/\/unaymilletras.com\/en\/wp-json\/wp\/v2\/media\/5997"}],"wp:attachment":[{"href":"https:\/\/unaymilletras.com\/en\/wp-json\/wp\/v2\/media?parent=5995"}],"wp:term":[{"taxonomy":"category","embeddable":true,"href":"https:\/\/unaymilletras.com\/en\/wp-json\/wp\/v2\/categories?post=5995"},{"taxonomy":"post_tag","embeddable":true,"href":"https:\/\/unaymilletras.com\/en\/wp-json\/wp\/v2\/tags?post=5995"}],"curies":[{"name":"wp","href":"https:\/\/api.w.org\/{rel}","templated":true}]}}