{"id":6001,"date":"2025-10-14T00:02:26","date_gmt":"2025-10-13T22:02:26","guid":{"rendered":"https:\/\/unaymilletras.com\/?p=6001"},"modified":"2025-10-14T00:05:53","modified_gmt":"2025-10-13T22:05:53","slug":"aitana-anuncia-las-primeras-fechas-de-cuarto-azul-world-tour","status":"publish","type":"post","link":"https:\/\/unaymilletras.com\/en\/aitana-anuncia-las-primeras-fechas-de-cuarto-azul-world-tour\/","title":{"rendered":"Aitana anuncia las primeras fechas de Cuarto Azul World Tour"},"content":{"rendered":"<div data-elementor-type=\"wp-post\" data-elementor-id=\"6001\" class=\"elementor elementor-6001\">\n\t\t\t\t\t\t<section class=\"elementor-section elementor-top-section elementor-element elementor-element-73a8af3 elementor-section-boxed elementor-section-height-default elementor-section-height-default\" data-id=\"73a8af3\" data-element_type=\"section\" data-e-type=\"section\">\n\t\t\t\t\t\t<div class=\"elementor-container elementor-column-gap-default\">\n\t\t\t\t\t<div class=\"elementor-column elementor-col-100 elementor-top-column elementor-element elementor-element-5f47ade\" data-id=\"5f47ade\" data-element_type=\"column\" data-e-type=\"column\">\n\t\t\t<div class=\"elementor-widget-wrap elementor-element-populated\">\n\t\t\t\t\t\t<div class=\"elementor-element elementor-element-1f31ada elementor-widget elementor-widget-text-editor\" data-id=\"1f31ada\" data-element_type=\"widget\" data-e-type=\"widget\" data-widget_type=\"text-editor.default\">\n\t\t\t\t<div class=\"elementor-widget-container\">\n\t\t\t\t\t\t\t\t\t<h2 style=\"text-align: center;\"><span style=\"color: #808080;\"><em>Tras una larga espera, Aitana anuncia algunas fechas con las que recorrer\u00e1 varios pa\u00edses con su Cuarto Azul<\/em><\/span><\/h2>\t\t\t\t\t\t\t\t<\/div>\n\t\t\t\t<\/div>\n\t\t\t\t\t<\/div>\n\t\t<\/div>\n\t\t\t\t\t<\/div>\n\t\t<\/section>\n\t\t\t\t<section class=\"elementor-section elementor-top-section elementor-element elementor-element-99fb12b elementor-section-boxed elementor-section-height-default elementor-section-height-default\" data-id=\"99fb12b\" data-element_type=\"section\" data-e-type=\"section\">\n\t\t\t\t\t\t<div class=\"elementor-container elementor-column-gap-default\">\n\t\t\t\t\t<div class=\"elementor-column elementor-col-100 elementor-top-column elementor-element elementor-element-7818b25\" data-id=\"7818b25\" data-element_type=\"column\" data-e-type=\"column\">\n\t\t\t<div class=\"elementor-widget-wrap elementor-element-populated\">\n\t\t\t\t\t\t<div class=\"elementor-element elementor-element-c03669d elementor-widget elementor-widget-text-editor\" data-id=\"c03669d\" data-element_type=\"widget\" data-e-type=\"widget\" data-widget_type=\"text-editor.default\">\n\t\t\t\t<div class=\"elementor-widget-container\">\n\t\t\t\t\t\t\t\t\t<p data-start=\"414\" data-end=\"757\">Despu\u00e9s de un a\u00f1o hist\u00f3rico marcado por r\u00e9cords, reconocimientos y un v\u00ednculo cada vez m\u00e1s s\u00f3lido con su p\u00fablico, <strong data-start=\"528\" data-end=\"538\">Aitana<\/strong> anuncia las primeras fechas de su esperada gira mundial: <em data-start=\"596\" data-end=\"620\">Cuarto Azul World Tour<\/em>. Con este nuevo proyecto, la artista da el salto definitivo a la conquista global en el que ser\u00e1 su tour m\u00e1s ambicioso hasta la fecha.<\/p>\n<p data-start=\"759\" data-end=\"1245\">El punto de partida ser\u00e1 a comienzos de 2026, con su participaci\u00f3n en dos de los festivales m\u00e1s importantes del continente: <strong data-start=\"883\" data-end=\"909\">Lollapalooza Argentina<\/strong> y <strong data-start=\"912\" data-end=\"939\">Est\u00e9reo Picnic Colombia<\/strong>, donde compartir\u00e1 cartel con nombres como <strong data-start=\"982\" data-end=\"1044\">Sabrina Carpenter, Tyler, The Creator, Chapell Roan, Lorde<\/strong> o <strong data-start=\"1047\" data-end=\"1059\">Skrillex<\/strong>. A partir de ah\u00ed, Aitana recorrer\u00e1 los principales recintos de Espa\u00f1a antes de emprender una extensa gira internacional con fechas confirmadas en Latinoam\u00e9rica, Europa y Norteam\u00e9rica.<\/p>\t\t\t\t\t\t\t\t<\/div>\n\t\t\t\t<\/div>\n\t\t\t\t\t<\/div>\n\t\t<\/div>\n\t\t\t\t\t<\/div>\n\t\t<\/section>\n\t\t\t\t<section class=\"elementor-section elementor-top-section elementor-element elementor-element-c673ad5 elementor-section-boxed elementor-section-height-default elementor-section-height-default\" data-id=\"c673ad5\" data-element_type=\"section\" data-e-type=\"section\">\n\t\t\t\t\t\t<div class=\"elementor-container elementor-column-gap-default\">\n\t\t\t\t\t<div class=\"elementor-column elementor-col-100 elementor-top-column elementor-element elementor-element-b099312\" data-id=\"b099312\" data-element_type=\"column\" data-e-type=\"column\">\n\t\t\t<div class=\"elementor-widget-wrap elementor-element-populated\">\n\t\t\t\t\t\t<div class=\"elementor-element elementor-element-c3c1efb elementor-widget elementor-widget-image\" data-id=\"c3c1efb\" data-element_type=\"widget\" data-e-type=\"widget\" data-widget_type=\"image.default\">\n\t\t\t\t<div class=\"elementor-widget-container\">\n\t\t\t\t\t\t\t\t\t\t\t\t\t\t\t<img fetchpriority=\"high\" decoding=\"async\" width=\"640\" height=\"640\" src=\"https:\/\/unaymilletras.com\/wp-content\/uploads\/2025\/10\/w660_1412034_a-cawt-post-1080x.jpg\" class=\"attachment-large size-large wp-image-6003\" alt=\"Aitana\" srcset=\"https:\/\/unaymilletras.com\/wp-content\/uploads\/2025\/10\/w660_1412034_a-cawt-post-1080x.jpg 660w, https:\/\/unaymilletras.com\/wp-content\/uploads\/2025\/10\/w660_1412034_a-cawt-post-1080x-300x300.jpg 300w, https:\/\/unaymilletras.com\/wp-content\/uploads\/2025\/10\/w660_1412034_a-cawt-post-1080x-150x150.jpg 150w, https:\/\/unaymilletras.com\/wp-content\/uploads\/2025\/10\/w660_1412034_a-cawt-post-1080x-12x12.jpg 12w\" sizes=\"(max-width: 640px) 100vw, 640px\" \/>\t\t\t\t\t\t\t\t\t\t\t\t\t\t\t<\/div>\n\t\t\t\t<\/div>\n\t\t\t\t\t<\/div>\n\t\t<\/div>\n\t\t\t\t\t<\/div>\n\t\t<\/section>\n\t\t\t\t<section class=\"elementor-section elementor-top-section elementor-element elementor-element-905ef5a elementor-section-boxed elementor-section-height-default elementor-section-height-default\" data-id=\"905ef5a\" data-element_type=\"section\" data-e-type=\"section\">\n\t\t\t\t\t\t<div class=\"elementor-container elementor-column-gap-default\">\n\t\t\t\t\t<div class=\"elementor-column elementor-col-100 elementor-top-column elementor-element elementor-element-d1e30ef\" data-id=\"d1e30ef\" data-element_type=\"column\" data-e-type=\"column\">\n\t\t\t<div class=\"elementor-widget-wrap elementor-element-populated\">\n\t\t\t\t\t\t<div class=\"elementor-element elementor-element-fad91d0 elementor-widget elementor-widget-text-editor\" data-id=\"fad91d0\" data-element_type=\"widget\" data-e-type=\"widget\" data-widget_type=\"text-editor.default\">\n\t\t\t\t<div class=\"elementor-widget-container\">\n\t\t\t\t\t\t\t\t\t<p data-start=\"1247\" data-end=\"1704\">La artista presenta este tour como una expansi\u00f3n natural de su universo creativo. Si <em data-start=\"1332\" data-end=\"1345\">Cuarto Azul<\/em> representaba ese espacio \u00edntimo donde encontraba libertad y vulnerabilidad, <em data-start=\"1422\" data-end=\"1446\">Cuarto Azul World Tour<\/em> llevar\u00e1 ese concepto m\u00e1s all\u00e1: una experiencia visual, emocional y sonora que busca conectar con miles de fans en todo el mundo. \u201cEs una nueva era. Un viaje para compartir lo que significa crecer, cambiar y seguir so\u00f1ando\u201d, describe el comunicado oficial.<\/p>\n<p data-start=\"1706\" data-end=\"2071\">El anuncio llega tras un verano inolvidable en el que Aitana reuni\u00f3 a m\u00e1s de <strong data-start=\"1783\" data-end=\"1807\">160.000 espectadores<\/strong> con tres conciertos <em data-start=\"1828\" data-end=\"1838\">sold out<\/em> en el <strong data-start=\"1845\" data-end=\"1891\">Estadi Ol\u00edmpic Llu\u00eds Companys de Barcelona<\/strong> y el <strong data-start=\"1897\" data-end=\"1935\">Riyadh Air Metropolitano de Madrid<\/strong>. Un hito que reafirm\u00f3 su estatus como la artista pop m\u00e1s grande de Espa\u00f1a y una de las voces m\u00e1s potentes del panorama internacional.<\/p><p data-start=\"2073\" data-end=\"2436\"><em data-start=\"2073\" data-end=\"2086\">Cuarto Azul<\/em>, su \u00faltimo \u00e1lbum, debut\u00f3 en el&nbsp;<span data-start=\"2118\" data-end=\"2144\" style=\"font-weight: bolder;\">#1 en ventas en Espa\u00f1a<\/span>&nbsp;y la consolid\u00f3 como una de las figuras m\u00e1s influyentes del pop en espa\u00f1ol. El disco \u2014nominado a dos&nbsp;<span data-start=\"2245\" data-end=\"2267\" style=\"font-weight: bolder;\">Latin GRAMMY\u00ae 2025<\/span>, incluido el de Mejor \u00c1lbum Pop Contempor\u00e1neo\u2014 ha sido celebrado por su madurez art\u00edstica, su honestidad l\u00edrica y su capacidad de conectar con distintas generaciones.<\/p>\t\t\t\t\t\t\t\t<\/div>\n\t\t\t\t<\/div>\n\t\t\t\t\t<\/div>\n\t\t<\/div>\n\t\t\t\t\t<\/div>\n\t\t<\/section>\n\t\t\t\t<section class=\"elementor-section elementor-top-section elementor-element elementor-element-be4671a elementor-section-boxed elementor-section-height-default elementor-section-height-default\" data-id=\"be4671a\" data-element_type=\"section\" data-e-type=\"section\">\n\t\t\t\t\t\t<div class=\"elementor-container elementor-column-gap-default\">\n\t\t\t\t\t<div class=\"elementor-column elementor-col-100 elementor-top-column elementor-element elementor-element-e744ff4\" data-id=\"e744ff4\" data-element_type=\"column\" data-e-type=\"column\">\n\t\t\t<div class=\"elementor-widget-wrap elementor-element-populated\">\n\t\t\t\t\t\t<div class=\"elementor-element elementor-element-7990c13 elementor-widget elementor-widget-video\" data-id=\"7990c13\" data-element_type=\"widget\" data-e-type=\"widget\" data-settings=\"{&quot;youtube_url&quot;:&quot;https:\\\/\\\/www.youtube.com\\\/watch?v=dBHm8wSPuJ0&quot;,&quot;video_type&quot;:&quot;youtube&quot;,&quot;controls&quot;:&quot;yes&quot;}\" data-widget_type=\"video.default\">\n\t\t\t\t<div class=\"elementor-widget-container\">\n\t\t\t\t\t\t\t<div class=\"elementor-wrapper elementor-open-inline\">\n\t\t\t<div class=\"elementor-video\"><\/div>\t\t<\/div>\n\t\t\t\t\t\t<\/div>\n\t\t\t\t<\/div>\n\t\t\t\t\t<\/div>\n\t\t<\/div>\n\t\t\t\t\t<\/div>\n\t\t<\/section>\n\t\t\t\t<section class=\"elementor-section elementor-top-section elementor-element elementor-element-817a7c5 elementor-section-boxed elementor-section-height-default elementor-section-height-default\" data-id=\"817a7c5\" data-element_type=\"section\" data-e-type=\"section\">\n\t\t\t\t\t\t<div class=\"elementor-container elementor-column-gap-default\">\n\t\t\t\t\t<div class=\"elementor-column elementor-col-100 elementor-top-column elementor-element elementor-element-169886c\" data-id=\"169886c\" data-element_type=\"column\" data-e-type=\"column\">\n\t\t\t<div class=\"elementor-widget-wrap elementor-element-populated\">\n\t\t\t\t\t\t<div class=\"elementor-element elementor-element-ce0d87b elementor-widget elementor-widget-text-editor\" data-id=\"ce0d87b\" data-element_type=\"widget\" data-e-type=\"widget\" data-widget_type=\"text-editor.default\">\n\t\t\t\t<div class=\"elementor-widget-container\">\n\t\t\t\t\t\t\t\t\t<p data-start=\"2073\" data-end=\"2436\">Las primeras fechas confirmadas incluyen grandes escenarios en <strong data-start=\"2501\" data-end=\"2511\">Espa\u00f1a<\/strong>, con paradas en <strong data-start=\"2528\" data-end=\"2556\">Roquetas de Mar (9 mayo)<\/strong>, <strong data-start=\"2558\" data-end=\"2578\">Murcia (15 mayo)<\/strong>, <strong data-start=\"2580\" data-end=\"2602\">Valencia (22 mayo)<\/strong>, <strong data-start=\"2604\" data-end=\"2625\">Sevilla (5 junio)<\/strong>, <strong data-start=\"2627\" data-end=\"2650\">Zaragoza (10 julio)<\/strong>, <strong data-start=\"2652\" data-end=\"2680\">Barcelona (4 septiembre)<\/strong> y <strong data-start=\"2683\" data-end=\"2709\">Madrid (11 septiembre)<\/strong>, entre otras. En octubre y noviembre, la gira continuar\u00e1 por <strong data-start=\"2771\" data-end=\"2824\">Argentina, M\u00e9xico y otros pa\u00edses latinoamericanos<\/strong>, antes de extenderse a Europa y Norteam\u00e9rica.<\/p>\n<p data-start=\"2874\" data-end=\"3098\">Las entradas estar\u00e1n disponibles en <strong data-start=\"2910\" data-end=\"2953\">preventa para clientes Santander SMusic<\/strong> a partir del <strong data-start=\"2967\" data-end=\"2984\">20 de octubre<\/strong>, mientras que la <strong data-start=\"3002\" data-end=\"3060\">venta general se abrir\u00e1 el 23 de octubre a las 12:00 h<\/strong> a trav\u00e9s de <strong data-start=\"3073\" data-end=\"3095\"><a class=\"decorated-link\" href=\"http:\/\/www.aitanamusic.es\" target=\"_new\" rel=\"noopener\" data-start=\"3075\" data-end=\"3093\">www.aitanamusic.es<\/a><\/strong>.<\/p>\n<p data-start=\"3100\" data-end=\"3310\">Con <em data-start=\"3104\" data-end=\"3128\">Cuarto Azul World Tour<\/em>, Aitana se prepara para un nuevo salto internacional que la confirma como una artista global, due\u00f1a de un universo propio donde el pop, la emoci\u00f3n y la autenticidad se encuentran.<\/p>\t\t\t\t\t\t\t\t<\/div>\n\t\t\t\t<\/div>\n\t\t\t\t\t<\/div>\n\t\t<\/div>\n\t\t\t\t\t<\/div>\n\t\t<\/section>\n\t\t\t\t<\/div>","protected":false},"excerpt":{"rendered":"<p>Tras una larga espera, Aitana anuncia algunas fechas con las que recorrer\u00e1 varios pa\u00edses con su Cuarto Azul Despu\u00e9s de un a\u00f1o hist\u00f3rico marcado por r\u00e9cords, reconocimientos y un v\u00ednculo cada vez m\u00e1s s\u00f3lido con su p\u00fablico, Aitana anuncia las primeras fechas de su esperada gira mundial: Cuarto Azul World Tour. Con este nuevo proyecto, [&hellip;]<\/p>\n","protected":false},"author":6,"featured_media":6003,"comment_status":"closed","ping_status":"closed","sticky":false,"template":"","format":"standard","meta":{"footnotes":""},"categories":[4],"tags":[],"class_list":["post-6001","post","type-post","status-publish","format-standard","has-post-thumbnail","hentry","category-musica"],"yoast_head":"<!-- This site is optimized with the Yoast SEO plugin v27.4 - https:\/\/yoast.com\/product\/yoast-seo-wordpress\/ -->\n<title>Aitana anuncia las primeras fechas de Cuarto Azul World Tour<\/title>\n<meta name=\"description\" content=\"Tras una larga espera, Aitana anuncia algunas fechas con las que recorrer\u00e1 varios pa\u00edses con su Cuarto Azul\" \/>\n<meta name=\"robots\" content=\"index, follow, max-snippet:-1, max-image-preview:large, max-video-preview:-1\" \/>\n<link rel=\"canonical\" href=\"https:\/\/unaymilletras.com\/en\/aitana-anuncia-las-primeras-fechas-de-cuarto-azul-world-tour\/\" \/>\n<meta property=\"og:locale\" content=\"en_GB\" \/>\n<meta property=\"og:type\" content=\"article\" \/>\n<meta property=\"og:title\" content=\"Aitana anuncia las primeras fechas de Cuarto Azul World Tour\" \/>\n<meta property=\"og:description\" content=\"Tras una larga espera, Aitana anuncia algunas fechas con las que recorrer\u00e1 varios pa\u00edses con su Cuarto Azul\" \/>\n<meta property=\"og:url\" content=\"https:\/\/unaymilletras.com\/en\/aitana-anuncia-las-primeras-fechas-de-cuarto-azul-world-tour\/\" \/>\n<meta property=\"og:site_name\" content=\"Una y Mil Letras\" \/>\n<meta property=\"article:published_time\" content=\"2025-10-13T22:02:26+00:00\" \/>\n<meta property=\"article:modified_time\" content=\"2025-10-13T22:05:53+00:00\" \/>\n<meta property=\"og:image\" content=\"http:\/\/unaymilletras.com\/wp-content\/uploads\/2025\/10\/w660_1412034_a-cawt-post-1080x.jpg\" \/>\n\t<meta property=\"og:image:width\" content=\"660\" \/>\n\t<meta property=\"og:image:height\" content=\"660\" \/>\n\t<meta property=\"og:image:type\" content=\"image\/jpeg\" \/>\n<meta name=\"author\" content=\"Redacci\u00f3n\" \/>\n<meta name=\"twitter:card\" content=\"summary_large_image\" \/>\n<meta name=\"twitter:creator\" content=\"@UnaYMilLetras\" \/>\n<meta name=\"twitter:site\" content=\"@UnaYMilLetras\" \/>\n<meta name=\"twitter:label1\" content=\"Written by\" \/>\n\t<meta name=\"twitter:data1\" content=\"Redacci\u00f3n\" \/>\n\t<meta name=\"twitter:label2\" content=\"Estimated reading time\" \/>\n\t<meta name=\"twitter:data2\" content=\"3 minutes\" \/>\n<script type=\"application\/ld+json\" class=\"yoast-schema-graph\">{\"@context\":\"https:\\\/\\\/schema.org\",\"@graph\":[{\"@type\":\"Article\",\"@id\":\"https:\\\/\\\/unaymilletras.com\\\/aitana-anuncia-las-primeras-fechas-de-cuarto-azul-world-tour\\\/#article\",\"isPartOf\":{\"@id\":\"https:\\\/\\\/unaymilletras.com\\\/aitana-anuncia-las-primeras-fechas-de-cuarto-azul-world-tour\\\/\"},\"author\":{\"name\":\"Redacci\u00f3n\",\"@id\":\"http:\\\/\\\/unaymilletras.com\\\/#\\\/schema\\\/person\\\/0860dc8a218329991ee2c7591f4f849d\"},\"headline\":\"Aitana anuncia las primeras fechas de Cuarto Azul World Tour\",\"datePublished\":\"2025-10-13T22:02:26+00:00\",\"dateModified\":\"2025-10-13T22:05:53+00:00\",\"mainEntityOfPage\":{\"@id\":\"https:\\\/\\\/unaymilletras.com\\\/aitana-anuncia-las-primeras-fechas-de-cuarto-azul-world-tour\\\/\"},\"wordCount\":514,\"publisher\":{\"@id\":\"http:\\\/\\\/unaymilletras.com\\\/#organization\"},\"image\":{\"@id\":\"https:\\\/\\\/unaymilletras.com\\\/aitana-anuncia-las-primeras-fechas-de-cuarto-azul-world-tour\\\/#primaryimage\"},\"thumbnailUrl\":\"https:\\\/\\\/unaymilletras.com\\\/wp-content\\\/uploads\\\/2025\\\/10\\\/w660_1412034_a-cawt-post-1080x.jpg\",\"articleSection\":[\"M\u00fasica\"],\"inLanguage\":\"en-GB\"},{\"@type\":\"WebPage\",\"@id\":\"https:\\\/\\\/unaymilletras.com\\\/aitana-anuncia-las-primeras-fechas-de-cuarto-azul-world-tour\\\/\",\"url\":\"https:\\\/\\\/unaymilletras.com\\\/aitana-anuncia-las-primeras-fechas-de-cuarto-azul-world-tour\\\/\",\"name\":\"Aitana anuncia las primeras fechas de Cuarto Azul World Tour\",\"isPartOf\":{\"@id\":\"http:\\\/\\\/unaymilletras.com\\\/#website\"},\"primaryImageOfPage\":{\"@id\":\"https:\\\/\\\/unaymilletras.com\\\/aitana-anuncia-las-primeras-fechas-de-cuarto-azul-world-tour\\\/#primaryimage\"},\"image\":{\"@id\":\"https:\\\/\\\/unaymilletras.com\\\/aitana-anuncia-las-primeras-fechas-de-cuarto-azul-world-tour\\\/#primaryimage\"},\"thumbnailUrl\":\"https:\\\/\\\/unaymilletras.com\\\/wp-content\\\/uploads\\\/2025\\\/10\\\/w660_1412034_a-cawt-post-1080x.jpg\",\"datePublished\":\"2025-10-13T22:02:26+00:00\",\"dateModified\":\"2025-10-13T22:05:53+00:00\",\"description\":\"Tras una larga espera, Aitana anuncia algunas fechas con las que recorrer\u00e1 varios pa\u00edses con su Cuarto Azul\",\"breadcrumb\":{\"@id\":\"https:\\\/\\\/unaymilletras.com\\\/aitana-anuncia-las-primeras-fechas-de-cuarto-azul-world-tour\\\/#breadcrumb\"},\"inLanguage\":\"en-GB\",\"potentialAction\":[{\"@type\":\"ReadAction\",\"target\":[\"https:\\\/\\\/unaymilletras.com\\\/aitana-anuncia-las-primeras-fechas-de-cuarto-azul-world-tour\\\/\"]}]},{\"@type\":\"ImageObject\",\"inLanguage\":\"en-GB\",\"@id\":\"https:\\\/\\\/unaymilletras.com\\\/aitana-anuncia-las-primeras-fechas-de-cuarto-azul-world-tour\\\/#primaryimage\",\"url\":\"https:\\\/\\\/unaymilletras.com\\\/wp-content\\\/uploads\\\/2025\\\/10\\\/w660_1412034_a-cawt-post-1080x.jpg\",\"contentUrl\":\"https:\\\/\\\/unaymilletras.com\\\/wp-content\\\/uploads\\\/2025\\\/10\\\/w660_1412034_a-cawt-post-1080x.jpg\",\"width\":660,\"height\":660,\"caption\":\"Aitana\"},{\"@type\":\"BreadcrumbList\",\"@id\":\"https:\\\/\\\/unaymilletras.com\\\/aitana-anuncia-las-primeras-fechas-de-cuarto-azul-world-tour\\\/#breadcrumb\",\"itemListElement\":[{\"@type\":\"ListItem\",\"position\":1,\"name\":\"Home\",\"item\":\"http:\\\/\\\/unaymilletras.com\\\/\"},{\"@type\":\"ListItem\",\"position\":2,\"name\":\"Aitana anuncia las primeras fechas de Cuarto Azul World Tour\"}]},{\"@type\":\"WebSite\",\"@id\":\"http:\\\/\\\/unaymilletras.com\\\/#website\",\"url\":\"http:\\\/\\\/unaymilletras.com\\\/\",\"name\":\"Una y Mil Letras\",\"description\":\"\",\"publisher\":{\"@id\":\"http:\\\/\\\/unaymilletras.com\\\/#organization\"},\"potentialAction\":[{\"@type\":\"SearchAction\",\"target\":{\"@type\":\"EntryPoint\",\"urlTemplate\":\"http:\\\/\\\/unaymilletras.com\\\/?s={search_term_string}\"},\"query-input\":{\"@type\":\"PropertyValueSpecification\",\"valueRequired\":true,\"valueName\":\"search_term_string\"}}],\"inLanguage\":\"en-GB\"},{\"@type\":\"Organization\",\"@id\":\"http:\\\/\\\/unaymilletras.com\\\/#organization\",\"name\":\"Una y Mil Letras\",\"url\":\"http:\\\/\\\/unaymilletras.com\\\/\",\"logo\":{\"@type\":\"ImageObject\",\"inLanguage\":\"en-GB\",\"@id\":\"http:\\\/\\\/unaymilletras.com\\\/#\\\/schema\\\/logo\\\/image\\\/\",\"url\":\"https:\\\/\\\/unaymilletras.com\\\/wp-content\\\/uploads\\\/2024\\\/06\\\/cropped-Logo-removebg-preview.png\",\"contentUrl\":\"https:\\\/\\\/unaymilletras.com\\\/wp-content\\\/uploads\\\/2024\\\/06\\\/cropped-Logo-removebg-preview.png\",\"width\":512,\"height\":512,\"caption\":\"Una y Mil Letras\"},\"image\":{\"@id\":\"http:\\\/\\\/unaymilletras.com\\\/#\\\/schema\\\/logo\\\/image\\\/\"},\"sameAs\":[\"https:\\\/\\\/x.com\\\/UnaYMilLetras\",\"https:\\\/\\\/instagram.com\\\/UnaYMilLetras\"]},{\"@type\":\"Person\",\"@id\":\"http:\\\/\\\/unaymilletras.com\\\/#\\\/schema\\\/person\\\/0860dc8a218329991ee2c7591f4f849d\",\"name\":\"Redacci\u00f3n\",\"image\":{\"@type\":\"ImageObject\",\"inLanguage\":\"en-GB\",\"@id\":\"https:\\\/\\\/secure.gravatar.com\\\/avatar\\\/d8f55e05a8b6597e45c55a1dcbdbfe44f4a360d88b48e00de5216a79b7732796?s=96&d=mm&r=g\",\"url\":\"https:\\\/\\\/secure.gravatar.com\\\/avatar\\\/d8f55e05a8b6597e45c55a1dcbdbfe44f4a360d88b48e00de5216a79b7732796?s=96&d=mm&r=g\",\"contentUrl\":\"https:\\\/\\\/secure.gravatar.com\\\/avatar\\\/d8f55e05a8b6597e45c55a1dcbdbfe44f4a360d88b48e00de5216a79b7732796?s=96&d=mm&r=g\",\"caption\":\"Redacci\u00f3n\"},\"url\":\"https:\\\/\\\/unaymilletras.com\\\/en\\\/author\\\/redaccion\\\/\"}]}<\/script>\n<!-- \/ Yoast SEO plugin. -->","yoast_head_json":{"title":"Aitana anuncia las primeras fechas de Cuarto Azul World Tour","description":"Tras una larga espera, Aitana anuncia algunas fechas con las que recorrer\u00e1 varios pa\u00edses con su Cuarto Azul","robots":{"index":"index","follow":"follow","max-snippet":"max-snippet:-1","max-image-preview":"max-image-preview:large","max-video-preview":"max-video-preview:-1"},"canonical":"https:\/\/unaymilletras.com\/en\/aitana-anuncia-las-primeras-fechas-de-cuarto-azul-world-tour\/","og_locale":"en_GB","og_type":"article","og_title":"Aitana anuncia las primeras fechas de Cuarto Azul World Tour","og_description":"Tras una larga espera, Aitana anuncia algunas fechas con las que recorrer\u00e1 varios pa\u00edses con su Cuarto Azul","og_url":"https:\/\/unaymilletras.com\/en\/aitana-anuncia-las-primeras-fechas-de-cuarto-azul-world-tour\/","og_site_name":"Una y Mil Letras","article_published_time":"2025-10-13T22:02:26+00:00","article_modified_time":"2025-10-13T22:05:53+00:00","og_image":[{"width":660,"height":660,"url":"http:\/\/unaymilletras.com\/wp-content\/uploads\/2025\/10\/w660_1412034_a-cawt-post-1080x.jpg","type":"image\/jpeg"}],"author":"Redacci\u00f3n","twitter_card":"summary_large_image","twitter_creator":"@UnaYMilLetras","twitter_site":"@UnaYMilLetras","twitter_misc":{"Written by":"Redacci\u00f3n","Estimated reading time":"3 minutes"},"schema":{"@context":"https:\/\/schema.org","@graph":[{"@type":"Article","@id":"https:\/\/unaymilletras.com\/aitana-anuncia-las-primeras-fechas-de-cuarto-azul-world-tour\/#article","isPartOf":{"@id":"https:\/\/unaymilletras.com\/aitana-anuncia-las-primeras-fechas-de-cuarto-azul-world-tour\/"},"author":{"name":"Redacci\u00f3n","@id":"http:\/\/unaymilletras.com\/#\/schema\/person\/0860dc8a218329991ee2c7591f4f849d"},"headline":"Aitana anuncia las primeras fechas de Cuarto Azul World Tour","datePublished":"2025-10-13T22:02:26+00:00","dateModified":"2025-10-13T22:05:53+00:00","mainEntityOfPage":{"@id":"https:\/\/unaymilletras.com\/aitana-anuncia-las-primeras-fechas-de-cuarto-azul-world-tour\/"},"wordCount":514,"publisher":{"@id":"http:\/\/unaymilletras.com\/#organization"},"image":{"@id":"https:\/\/unaymilletras.com\/aitana-anuncia-las-primeras-fechas-de-cuarto-azul-world-tour\/#primaryimage"},"thumbnailUrl":"https:\/\/unaymilletras.com\/wp-content\/uploads\/2025\/10\/w660_1412034_a-cawt-post-1080x.jpg","articleSection":["M\u00fasica"],"inLanguage":"en-GB"},{"@type":"WebPage","@id":"https:\/\/unaymilletras.com\/aitana-anuncia-las-primeras-fechas-de-cuarto-azul-world-tour\/","url":"https:\/\/unaymilletras.com\/aitana-anuncia-las-primeras-fechas-de-cuarto-azul-world-tour\/","name":"Aitana anuncia las primeras fechas de Cuarto Azul World Tour","isPartOf":{"@id":"http:\/\/unaymilletras.com\/#website"},"primaryImageOfPage":{"@id":"https:\/\/unaymilletras.com\/aitana-anuncia-las-primeras-fechas-de-cuarto-azul-world-tour\/#primaryimage"},"image":{"@id":"https:\/\/unaymilletras.com\/aitana-anuncia-las-primeras-fechas-de-cuarto-azul-world-tour\/#primaryimage"},"thumbnailUrl":"https:\/\/unaymilletras.com\/wp-content\/uploads\/2025\/10\/w660_1412034_a-cawt-post-1080x.jpg","datePublished":"2025-10-13T22:02:26+00:00","dateModified":"2025-10-13T22:05:53+00:00","description":"Tras una larga espera, Aitana anuncia algunas fechas con las que recorrer\u00e1 varios pa\u00edses con su Cuarto Azul","breadcrumb":{"@id":"https:\/\/unaymilletras.com\/aitana-anuncia-las-primeras-fechas-de-cuarto-azul-world-tour\/#breadcrumb"},"inLanguage":"en-GB","potentialAction":[{"@type":"ReadAction","target":["https:\/\/unaymilletras.com\/aitana-anuncia-las-primeras-fechas-de-cuarto-azul-world-tour\/"]}]},{"@type":"ImageObject","inLanguage":"en-GB","@id":"https:\/\/unaymilletras.com\/aitana-anuncia-las-primeras-fechas-de-cuarto-azul-world-tour\/#primaryimage","url":"https:\/\/unaymilletras.com\/wp-content\/uploads\/2025\/10\/w660_1412034_a-cawt-post-1080x.jpg","contentUrl":"https:\/\/unaymilletras.com\/wp-content\/uploads\/2025\/10\/w660_1412034_a-cawt-post-1080x.jpg","width":660,"height":660,"caption":"Aitana"},{"@type":"BreadcrumbList","@id":"https:\/\/unaymilletras.com\/aitana-anuncia-las-primeras-fechas-de-cuarto-azul-world-tour\/#breadcrumb","itemListElement":[{"@type":"ListItem","position":1,"name":"Home","item":"http:\/\/unaymilletras.com\/"},{"@type":"ListItem","position":2,"name":"Aitana anuncia las primeras fechas de Cuarto Azul World Tour"}]},{"@type":"WebSite","@id":"http:\/\/unaymilletras.com\/#website","url":"http:\/\/unaymilletras.com\/","name":"Una y Mil Letras","description":"","publisher":{"@id":"http:\/\/unaymilletras.com\/#organization"},"potentialAction":[{"@type":"SearchAction","target":{"@type":"EntryPoint","urlTemplate":"http:\/\/unaymilletras.com\/?s={search_term_string}"},"query-input":{"@type":"PropertyValueSpecification","valueRequired":true,"valueName":"search_term_string"}}],"inLanguage":"en-GB"},{"@type":"Organization","@id":"http:\/\/unaymilletras.com\/#organization","name":"Una y Mil Letras","url":"http:\/\/unaymilletras.com\/","logo":{"@type":"ImageObject","inLanguage":"en-GB","@id":"http:\/\/unaymilletras.com\/#\/schema\/logo\/image\/","url":"https:\/\/unaymilletras.com\/wp-content\/uploads\/2024\/06\/cropped-Logo-removebg-preview.png","contentUrl":"https:\/\/unaymilletras.com\/wp-content\/uploads\/2024\/06\/cropped-Logo-removebg-preview.png","width":512,"height":512,"caption":"Una y Mil Letras"},"image":{"@id":"http:\/\/unaymilletras.com\/#\/schema\/logo\/image\/"},"sameAs":["https:\/\/x.com\/UnaYMilLetras","https:\/\/instagram.com\/UnaYMilLetras"]},{"@type":"Person","@id":"http:\/\/unaymilletras.com\/#\/schema\/person\/0860dc8a218329991ee2c7591f4f849d","name":"Redacci\u00f3n","image":{"@type":"ImageObject","inLanguage":"en-GB","@id":"https:\/\/secure.gravatar.com\/avatar\/d8f55e05a8b6597e45c55a1dcbdbfe44f4a360d88b48e00de5216a79b7732796?s=96&d=mm&r=g","url":"https:\/\/secure.gravatar.com\/avatar\/d8f55e05a8b6597e45c55a1dcbdbfe44f4a360d88b48e00de5216a79b7732796?s=96&d=mm&r=g","contentUrl":"https:\/\/secure.gravatar.com\/avatar\/d8f55e05a8b6597e45c55a1dcbdbfe44f4a360d88b48e00de5216a79b7732796?s=96&d=mm&r=g","caption":"Redacci\u00f3n"},"url":"https:\/\/unaymilletras.com\/en\/author\/redaccion\/"}]}},"_links":{"self":[{"href":"https:\/\/unaymilletras.com\/en\/wp-json\/wp\/v2\/posts\/6001","targetHints":{"allow":["GET"]}}],"collection":[{"href":"https:\/\/unaymilletras.com\/en\/wp-json\/wp\/v2\/posts"}],"about":[{"href":"https:\/\/unaymilletras.com\/en\/wp-json\/wp\/v2\/types\/post"}],"author":[{"embeddable":true,"href":"https:\/\/unaymilletras.com\/en\/wp-json\/wp\/v2\/users\/6"}],"replies":[{"embeddable":true,"href":"https:\/\/unaymilletras.com\/en\/wp-json\/wp\/v2\/comments?post=6001"}],"version-history":[{"count":7,"href":"https:\/\/unaymilletras.com\/en\/wp-json\/wp\/v2\/posts\/6001\/revisions"}],"predecessor-version":[{"id":6009,"href":"https:\/\/unaymilletras.com\/en\/wp-json\/wp\/v2\/posts\/6001\/revisions\/6009"}],"wp:featuredmedia":[{"embeddable":true,"href":"https:\/\/unaymilletras.com\/en\/wp-json\/wp\/v2\/media\/6003"}],"wp:attachment":[{"href":"https:\/\/unaymilletras.com\/en\/wp-json\/wp\/v2\/media?parent=6001"}],"wp:term":[{"taxonomy":"category","embeddable":true,"href":"https:\/\/unaymilletras.com\/en\/wp-json\/wp\/v2\/categories?post=6001"},{"taxonomy":"post_tag","embeddable":true,"href":"https:\/\/unaymilletras.com\/en\/wp-json\/wp\/v2\/tags?post=6001"}],"curies":[{"name":"wp","href":"https:\/\/api.w.org\/{rel}","templated":true}]}}