{"id":6011,"date":"2025-10-15T10:17:40","date_gmt":"2025-10-15T08:17:40","guid":{"rendered":"https:\/\/unaymilletras.com\/?p=6011"},"modified":"2025-10-15T10:17:41","modified_gmt":"2025-10-15T08:17:41","slug":"abraham-mateo-celebra-20-anos-de-carrera-con-un-concierto-historico-en-el-movistar-arena-de-madrid","status":"publish","type":"post","link":"https:\/\/unaymilletras.com\/en\/abraham-mateo-celebra-20-anos-de-carrera-con-un-concierto-historico-en-el-movistar-arena-de-madrid\/","title":{"rendered":"Abraham Mateo celebra 20 a\u00f1os de carrera con un concierto hist\u00f3rico en el Movistar Arena de Madrid"},"content":{"rendered":"<div data-elementor-type=\"wp-post\" data-elementor-id=\"6011\" class=\"elementor elementor-6011\">\n\t\t\t\t\t\t<section class=\"elementor-section elementor-top-section elementor-element elementor-element-7c80146 elementor-section-boxed elementor-section-height-default elementor-section-height-default\" data-id=\"7c80146\" data-element_type=\"section\" data-e-type=\"section\">\n\t\t\t\t\t\t<div class=\"elementor-container elementor-column-gap-default\">\n\t\t\t\t\t<div class=\"elementor-column elementor-col-100 elementor-top-column elementor-element elementor-element-ef2aa13\" data-id=\"ef2aa13\" data-element_type=\"column\" data-e-type=\"column\">\n\t\t\t<div class=\"elementor-widget-wrap elementor-element-populated\">\n\t\t\t\t\t\t<div class=\"elementor-element elementor-element-d714bd0 elementor-widget elementor-widget-text-editor\" data-id=\"d714bd0\" data-element_type=\"widget\" data-e-type=\"widget\" data-widget_type=\"text-editor.default\">\n\t\t\t\t<div class=\"elementor-widget-container\">\n\t\t\t\t\t\t\t\t\t<h2 style=\"text-align: center\">El \u00edcono del pop espa\u00f1ol vuelve a casa el 11 de enero de 2026 con un show especial dentro del ciclo Inverfest<\/h2>\t\t\t\t\t\t\t\t<\/div>\n\t\t\t\t<\/div>\n\t\t\t\t\t<\/div>\n\t\t<\/div>\n\t\t\t\t\t<\/div>\n\t\t<\/section>\n\t\t\t\t<section class=\"elementor-section elementor-top-section elementor-element elementor-element-0a2d738 elementor-section-boxed elementor-section-height-default elementor-section-height-default\" data-id=\"0a2d738\" data-element_type=\"section\" data-e-type=\"section\">\n\t\t\t\t\t\t<div class=\"elementor-container elementor-column-gap-default\">\n\t\t\t\t\t<div class=\"elementor-column elementor-col-100 elementor-top-column elementor-element elementor-element-e6e7b39\" data-id=\"e6e7b39\" data-element_type=\"column\" data-e-type=\"column\">\n\t\t\t<div class=\"elementor-widget-wrap elementor-element-populated\">\n\t\t\t\t\t\t<div class=\"elementor-element elementor-element-8e89368 elementor-widget elementor-widget-text-editor\" data-id=\"8e89368\" data-element_type=\"widget\" data-e-type=\"widget\" data-widget_type=\"text-editor.default\">\n\t\t\t\t<div class=\"elementor-widget-container\">\n\t\t\t\t\t\t\t\t\t<p style=\"text-align: justify\" data-start=\"549\" data-end=\"855\">Abraham Mateo conmemora sus <strong data-start=\"577\" data-end=\"609\">20 a\u00f1os de carrera art\u00edstica<\/strong> con un concierto muy especial en el <strong data-start=\"646\" data-end=\"674\">Movistar Arena de Madrid<\/strong>. El evento, titulado <em data-start=\"696\" data-end=\"729\">\u201cAbraham Mateo 20 a\u00f1os despu\u00e9s\u201d<\/em>, se celebrar\u00e1 el pr\u00f3ximo <strong data-start=\"755\" data-end=\"778\">11 de enero de 2026<\/strong> como parte de <strong data-start=\"793\" data-end=\"806\">Inverfest<\/strong>, el reconocido festival madrile\u00f1o de invierno.<\/p><p style=\"text-align: justify\" data-start=\"857\" data-end=\"1029\">Este show promete ser un recorrido por toda su trayectoria, desde sus inicios como <strong data-start=\"940\" data-end=\"957\">ni\u00f1o prodigio<\/strong> hasta su consolidaci\u00f3n como <strong data-start=\"986\" data-end=\"1028\">estrella internacional del pop espa\u00f1ol<\/strong>.<\/p>\t\t\t\t\t\t\t\t<\/div>\n\t\t\t\t<\/div>\n\t\t\t\t\t<\/div>\n\t\t<\/div>\n\t\t\t\t\t<\/div>\n\t\t<\/section>\n\t\t\t\t<section class=\"elementor-section elementor-top-section elementor-element elementor-element-6b82f60 elementor-section-boxed elementor-section-height-default elementor-section-height-default\" data-id=\"6b82f60\" data-element_type=\"section\" data-e-type=\"section\">\n\t\t\t\t\t\t<div class=\"elementor-container elementor-column-gap-default\">\n\t\t\t\t\t<div class=\"elementor-column elementor-col-100 elementor-top-column elementor-element elementor-element-2461f3e\" data-id=\"2461f3e\" data-element_type=\"column\" data-e-type=\"column\">\n\t\t\t<div class=\"elementor-widget-wrap elementor-element-populated\">\n\t\t\t\t\t\t<div class=\"elementor-element elementor-element-8b2e87c elementor-widget elementor-widget-image\" data-id=\"8b2e87c\" data-element_type=\"widget\" data-e-type=\"widget\" data-widget_type=\"image.default\">\n\t\t\t\t<div class=\"elementor-widget-container\">\n\t\t\t\t\t\t\t\t\t\t\t\t\t\t\t<img fetchpriority=\"high\" decoding=\"async\" width=\"640\" height=\"640\" src=\"https:\/\/unaymilletras.com\/wp-content\/uploads\/2025\/10\/abraham-mateo-celebra-20-anos-carrera-gran-concierto_104-1024x1024.webp\" class=\"attachment-large size-large wp-image-6013\" alt=\"Abraham Mateo celebra 20 a\u00f1os de carrera con un concierto hist\u00f3rico en el Movistar Arena de Madrid\" srcset=\"https:\/\/unaymilletras.com\/wp-content\/uploads\/2025\/10\/abraham-mateo-celebra-20-anos-carrera-gran-concierto_104-1024x1024.webp 1024w, https:\/\/unaymilletras.com\/wp-content\/uploads\/2025\/10\/abraham-mateo-celebra-20-anos-carrera-gran-concierto_104-300x300.webp 300w, https:\/\/unaymilletras.com\/wp-content\/uploads\/2025\/10\/abraham-mateo-celebra-20-anos-carrera-gran-concierto_104-150x150.webp 150w, https:\/\/unaymilletras.com\/wp-content\/uploads\/2025\/10\/abraham-mateo-celebra-20-anos-carrera-gran-concierto_104-768x768.webp 768w, https:\/\/unaymilletras.com\/wp-content\/uploads\/2025\/10\/abraham-mateo-celebra-20-anos-carrera-gran-concierto_104-12x12.webp 12w, https:\/\/unaymilletras.com\/wp-content\/uploads\/2025\/10\/abraham-mateo-celebra-20-anos-carrera-gran-concierto_104-e1760514706528.webp 600w\" sizes=\"(max-width: 640px) 100vw, 640px\" \/>\t\t\t\t\t\t\t\t\t\t\t\t\t\t\t<\/div>\n\t\t\t\t<\/div>\n\t\t\t\t\t<\/div>\n\t\t<\/div>\n\t\t\t\t\t<\/div>\n\t\t<\/section>\n\t\t\t\t<section class=\"elementor-section elementor-top-section elementor-element elementor-element-4118b0c elementor-section-boxed elementor-section-height-default elementor-section-height-default\" data-id=\"4118b0c\" data-element_type=\"section\" data-e-type=\"section\">\n\t\t\t\t\t\t<div class=\"elementor-container elementor-column-gap-default\">\n\t\t\t\t\t<div class=\"elementor-column elementor-col-100 elementor-top-column elementor-element elementor-element-caaa1f6\" data-id=\"caaa1f6\" data-element_type=\"column\" data-e-type=\"column\">\n\t\t\t<div class=\"elementor-widget-wrap elementor-element-populated\">\n\t\t\t\t\t\t<div class=\"elementor-element elementor-element-b8a2b6a elementor-widget elementor-widget-text-editor\" data-id=\"b8a2b6a\" data-element_type=\"widget\" data-e-type=\"widget\" data-widget_type=\"text-editor.default\">\n\t\t\t\t<div class=\"elementor-widget-container\">\n\t\t\t\t\t\t\t\t\t<p style=\"text-align: justify\" data-start=\"1084\" data-end=\"1375\">Abraham Mateo es uno de los <strong data-start=\"1112\" data-end=\"1162\">artistas m\u00e1s influyentes de la m\u00fasica espa\u00f1ola<\/strong> de las \u00faltimas d\u00e9cadas. Su evoluci\u00f3n ha sido constante: comenz\u00f3 en la televisi\u00f3n con solo siete a\u00f1os, conquist\u00f3 al p\u00fablico adolescente y hoy se mantiene como <strong data-start=\"1321\" data-end=\"1374\">uno de los nombres m\u00e1s importantes del pop urbano<\/strong>.<\/p><p style=\"text-align: justify\" data-start=\"1377\" data-end=\"1613\">El cantante y productor ha trabajado con grandes figuras internacionales como <strong data-start=\"1455\" data-end=\"1514\">Jennifer L\u00f3pez, David Guetta, 50 Cent, Yandel o Farruko<\/strong>, convirti\u00e9ndose en el <strong data-start=\"1537\" data-end=\"1610\">primer artista espa\u00f1ol del g\u00e9nero en colaborar con estrellas globales<\/strong>.<\/p><p style=\"text-align: justify\" data-start=\"1615\" data-end=\"1749\">Adem\u00e1s, ha firmado \u00e9xitos que marcan una \u00e9poca, como <em data-start=\"1668\" data-end=\"1680\">\u201cClava\u00edto\u201d<\/em>, <em data-start=\"1682\" data-end=\"1700\">\u201cQuiero decirte\u201d<\/em> o <span style=\"color: #808080\"><em data-start=\"1703\" data-end=\"1714\">\u201c<a style=\"color: #808080\" href=\"https:\/\/youtu.be\/MzBlHP2e8Ww?si=6IPBlypjzo-82Vg_\">Man\u00edaca<\/a>\u201d<\/em><\/span>, aut\u00e9nticos himnos del pop actual.<\/p>\t\t\t\t\t\t\t\t<\/div>\n\t\t\t\t<\/div>\n\t\t\t\t\t<\/div>\n\t\t<\/div>\n\t\t\t\t\t<\/div>\n\t\t<\/section>\n\t\t\t\t<section class=\"elementor-section elementor-top-section elementor-element elementor-element-fa2c4a1 elementor-section-boxed elementor-section-height-default elementor-section-height-default\" data-id=\"fa2c4a1\" data-element_type=\"section\" data-e-type=\"section\">\n\t\t\t\t\t\t<div class=\"elementor-container elementor-column-gap-default\">\n\t\t\t\t\t<div class=\"elementor-column elementor-col-50 elementor-top-column elementor-element elementor-element-7b6f218\" data-id=\"7b6f218\" data-element_type=\"column\" data-e-type=\"column\">\n\t\t\t<div class=\"elementor-widget-wrap elementor-element-populated\">\n\t\t\t\t\t\t<div class=\"elementor-element elementor-element-13def7d elementor-widget elementor-widget-text-editor\" data-id=\"13def7d\" data-element_type=\"widget\" data-e-type=\"widget\" data-widget_type=\"text-editor.default\">\n\t\t\t\t<div class=\"elementor-widget-container\">\n\t\t\t\t\t\t\t\t\t<p style=\"text-align: justify\" data-start=\"1828\" data-end=\"2043\">M\u00e1s all\u00e1 de su faceta como int\u00e9rprete, <strong data-start=\"1867\" data-end=\"1884\">Abraham Mateo<\/strong> destaca como <strong data-start=\"1898\" data-end=\"1924\">productor y compositor<\/strong>. Su talento y versatilidad le han permitido mantenerse vigente en una industria musical tan exigente como la actual.<\/p><p style=\"text-align: justify\" data-start=\"2045\" data-end=\"2258\">En 2025, el artista forma parte del jurado de la nueva edici\u00f3n de <strong data-start=\"2111\" data-end=\"2132\">Operaci\u00f3n Triunfo<\/strong>, y adem\u00e1s <strong data-start=\"2143\" data-end=\"2187\">actuar\u00e1 en los Premios Billboard Latinos<\/strong> el pr\u00f3ximo <strong data-start=\"2199\" data-end=\"2216\">23 de octubre<\/strong>, reafirmando su proyecci\u00f3n internacional.<\/p>\t\t\t\t\t\t\t\t<\/div>\n\t\t\t\t<\/div>\n\t\t\t\t\t<\/div>\n\t\t<\/div>\n\t\t\t\t<div class=\"elementor-column elementor-col-50 elementor-top-column elementor-element elementor-element-e36e95a\" data-id=\"e36e95a\" data-element_type=\"column\" data-e-type=\"column\">\n\t\t\t<div class=\"elementor-widget-wrap elementor-element-populated\">\n\t\t\t\t\t\t<div class=\"elementor-element elementor-element-fe43f55 elementor-widget elementor-widget-image\" data-id=\"fe43f55\" data-element_type=\"widget\" data-e-type=\"widget\" data-widget_type=\"image.default\">\n\t\t\t\t<div class=\"elementor-widget-container\">\n\t\t\t\t\t\t\t\t\t\t\t\t\t\t\t<img decoding=\"async\" width=\"449\" height=\"315\" src=\"https:\/\/unaymilletras.com\/wp-content\/uploads\/2025\/10\/68c8365b23ef5.jpeg\" class=\"attachment-large size-large wp-image-6017\" alt=\"abraham mateo jurado de OT 2025\" srcset=\"https:\/\/unaymilletras.com\/wp-content\/uploads\/2025\/10\/68c8365b23ef5.jpeg 449w, https:\/\/unaymilletras.com\/wp-content\/uploads\/2025\/10\/68c8365b23ef5-300x210.jpeg 300w, https:\/\/unaymilletras.com\/wp-content\/uploads\/2025\/10\/68c8365b23ef5-18x12.jpeg 18w\" sizes=\"(max-width: 449px) 100vw, 449px\" \/>\t\t\t\t\t\t\t\t\t\t\t\t\t\t\t<\/div>\n\t\t\t\t<\/div>\n\t\t\t\t\t<\/div>\n\t\t<\/div>\n\t\t\t\t\t<\/div>\n\t\t<\/section>\n\t\t\t\t<section class=\"elementor-section elementor-top-section elementor-element elementor-element-88dbe43 elementor-section-boxed elementor-section-height-default elementor-section-height-default\" data-id=\"88dbe43\" data-element_type=\"section\" data-e-type=\"section\">\n\t\t\t\t\t\t<div class=\"elementor-container elementor-column-gap-default\">\n\t\t\t\t\t<div class=\"elementor-column elementor-col-100 elementor-top-column elementor-element elementor-element-2ab0151\" data-id=\"2ab0151\" data-element_type=\"column\" data-e-type=\"column\">\n\t\t\t<div class=\"elementor-widget-wrap elementor-element-populated\">\n\t\t\t\t\t\t<div class=\"elementor-element elementor-element-9adbdb5 elementor-widget elementor-widget-text-editor\" data-id=\"9adbdb5\" data-element_type=\"widget\" data-e-type=\"widget\" data-widget_type=\"text-editor.default\">\n\t\t\t\t<div class=\"elementor-widget-container\">\n\t\t\t\t\t\t\t\t\t<h3 style=\"text-align: center\">El concierto <em data-start=\"2337\" data-end=\"2370\">\u201cAbraham Mateo 20 a\u00f1os despu\u00e9s\u201d<\/em> no ser\u00e1 un show m\u00e1s. Se trata de una <strong data-start=\"2408\" data-end=\"2446\">celebraci\u00f3n de toda una generaci\u00f3n<\/strong> y de la m\u00fasica espa\u00f1ola que ha conquistado el mundo<\/h3>\t\t\t\t\t\t\t\t<\/div>\n\t\t\t\t<\/div>\n\t\t\t\t\t<\/div>\n\t\t<\/div>\n\t\t\t\t\t<\/div>\n\t\t<\/section>\n\t\t\t\t<section class=\"elementor-section elementor-top-section elementor-element elementor-element-cc923d3 elementor-section-boxed elementor-section-height-default elementor-section-height-default\" data-id=\"cc923d3\" data-element_type=\"section\" data-e-type=\"section\">\n\t\t\t\t\t\t<div class=\"elementor-container elementor-column-gap-default\">\n\t\t\t\t\t<div class=\"elementor-column elementor-col-100 elementor-top-column elementor-element elementor-element-83ec742\" data-id=\"83ec742\" data-element_type=\"column\" data-e-type=\"column\">\n\t\t\t<div class=\"elementor-widget-wrap elementor-element-populated\">\n\t\t\t\t\t\t<div class=\"elementor-element elementor-element-cad54ba elementor-widget elementor-widget-text-editor\" data-id=\"cad54ba\" data-element_type=\"widget\" data-e-type=\"widget\" data-widget_type=\"text-editor.default\">\n\t\t\t\t<div class=\"elementor-widget-container\">\n\t\t\t\t\t\t\t\t\t<p style=\"text-align: justify\" data-start=\"2503\" data-end=\"2757\">El <strong data-start=\"2506\" data-end=\"2529\">11 de enero de 2026<\/strong>, el <strong data-start=\"2534\" data-end=\"2562\">Movistar Arena de Madrid<\/strong> se convertir\u00e1 en el escenario donde Abraham Mateo repasar\u00e1 su historia, sus mayores \u00e9xitos y su evoluci\u00f3n art\u00edstica, consolidando su lugar como <strong data-start=\"2707\" data-end=\"2756\">uno de los grandes iconos culturales del pa\u00eds<\/strong>. Las entradas estar\u00e1n<strong data-start=\"2764\" data-end=\"2802\">\u00a0disponibles pr\u00f3ximamente.<\/strong><\/p><p style=\"text-align: justify\" data-start=\"2764\" data-end=\"2887\">No te pierdas este homenaje a una carrera \u00fanica que ha marcado a millones de fans.<\/p><p data-start=\"2764\" data-end=\"2887\">Sigue descubriendo m\u00e1s sobre la actualidad musical en\u00a0<em><a href=\"https:\/\/unaymilletras.com\/en\/\">Una y mil letras<\/a>.<\/em><\/p>\t\t\t\t\t\t\t\t<\/div>\n\t\t\t\t<\/div>\n\t\t\t\t\t<\/div>\n\t\t<\/div>\n\t\t\t\t\t<\/div>\n\t\t<\/section>\n\t\t\t\t<\/div>","protected":false},"excerpt":{"rendered":"<p>El \u00edcono del pop espa\u00f1ol vuelve a casa el 11 de enero de 2026 con un show especial dentro del ciclo Inverfest Abraham Mateo conmemora sus 20 a\u00f1os de carrera art\u00edstica con un concierto muy especial en el Movistar Arena de Madrid. El evento, titulado \u201cAbraham Mateo 20 a\u00f1os despu\u00e9s\u201d, se celebrar\u00e1 el pr\u00f3ximo 11 [&hellip;]<\/p>\n","protected":false},"author":13,"featured_media":6013,"comment_status":"closed","ping_status":"closed","sticky":false,"template":"","format":"standard","meta":{"footnotes":""},"categories":[4],"tags":[228,229,231,230,232],"class_list":["post-6011","post","type-post","status-publish","format-standard","has-post-thumbnail","hentry","category-musica","tag-abraham-mateo","tag-conciertos-2026","tag-conciertos-madrid-2026","tag-inverfest-2026","tag-noticias-musica"],"yoast_head":"<!-- This site is optimized with the Yoast SEO plugin v27.4 - https:\/\/yoast.com\/product\/yoast-seo-wordpress\/ -->\n<title>Abraham Mateo en el Movistar Arena 2026: 20 a\u00f1os de carrera<\/title>\n<meta name=\"description\" content=\"Abraham Mateo celebra 20 a\u00f1os de carrera con un concierto en el Movistar Arena 2026, dentro de Inverfest. Un show \u00fanico del pop espa\u00f1ol.\" \/>\n<meta name=\"robots\" content=\"index, follow, max-snippet:-1, max-image-preview:large, max-video-preview:-1\" \/>\n<link rel=\"canonical\" href=\"https:\/\/unaymilletras.com\/en\/abraham-mateo-celebra-20-anos-de-carrera-con-un-concierto-historico-en-el-movistar-arena-de-madrid\/\" \/>\n<meta property=\"og:locale\" content=\"en_GB\" \/>\n<meta property=\"og:type\" content=\"article\" \/>\n<meta property=\"og:title\" content=\"Abraham Mateo en el Movistar Arena 2026: 20 a\u00f1os de carrera\" \/>\n<meta property=\"og:description\" content=\"Abraham Mateo celebra 20 a\u00f1os de carrera con un concierto en el Movistar Arena 2026, dentro de Inverfest. Un show \u00fanico del pop espa\u00f1ol.\" \/>\n<meta property=\"og:url\" content=\"https:\/\/unaymilletras.com\/en\/abraham-mateo-celebra-20-anos-de-carrera-con-un-concierto-historico-en-el-movistar-arena-de-madrid\/\" \/>\n<meta property=\"og:site_name\" content=\"Una y Mil Letras\" \/>\n<meta property=\"article:published_time\" content=\"2025-10-15T08:17:40+00:00\" \/>\n<meta property=\"article:modified_time\" content=\"2025-10-15T08:17:41+00:00\" \/>\n<meta property=\"og:image\" content=\"http:\/\/unaymilletras.com\/wp-content\/uploads\/2025\/10\/abraham-mateo-celebra-20-anos-carrera-gran-concierto_104-e1760514706528.webp\" \/>\n\t<meta property=\"og:image:width\" content=\"600\" \/>\n\t<meta property=\"og:image:height\" content=\"600\" \/>\n\t<meta property=\"og:image:type\" content=\"image\/webp\" \/>\n<meta name=\"author\" content=\"Alba Benito\" \/>\n<meta name=\"twitter:card\" content=\"summary_large_image\" \/>\n<meta name=\"twitter:creator\" content=\"@UnaYMilLetras\" \/>\n<meta name=\"twitter:site\" content=\"@UnaYMilLetras\" \/>\n<meta name=\"twitter:label1\" content=\"Written by\" \/>\n\t<meta name=\"twitter:data1\" content=\"Alba Benito\" \/>\n\t<meta name=\"twitter:label2\" content=\"Estimated reading time\" \/>\n\t<meta name=\"twitter:data2\" content=\"3 minutes\" \/>\n<script type=\"application\/ld+json\" class=\"yoast-schema-graph\">{\"@context\":\"https:\\\/\\\/schema.org\",\"@graph\":[{\"@type\":\"Article\",\"@id\":\"https:\\\/\\\/unaymilletras.com\\\/abraham-mateo-celebra-20-anos-de-carrera-con-un-concierto-historico-en-el-movistar-arena-de-madrid\\\/#article\",\"isPartOf\":{\"@id\":\"https:\\\/\\\/unaymilletras.com\\\/abraham-mateo-celebra-20-anos-de-carrera-con-un-concierto-historico-en-el-movistar-arena-de-madrid\\\/\"},\"author\":{\"name\":\"Alba Benito\",\"@id\":\"http:\\\/\\\/unaymilletras.com\\\/#\\\/schema\\\/person\\\/a10550e4bff9a23f941f52b2cd5d8686\"},\"headline\":\"Abraham Mateo celebra 20 a\u00f1os de carrera con un concierto hist\u00f3rico en el Movistar Arena de Madrid\",\"datePublished\":\"2025-10-15T08:17:40+00:00\",\"dateModified\":\"2025-10-15T08:17:41+00:00\",\"mainEntityOfPage\":{\"@id\":\"https:\\\/\\\/unaymilletras.com\\\/abraham-mateo-celebra-20-anos-de-carrera-con-un-concierto-historico-en-el-movistar-arena-de-madrid\\\/\"},\"wordCount\":416,\"publisher\":{\"@id\":\"http:\\\/\\\/unaymilletras.com\\\/#organization\"},\"image\":{\"@id\":\"https:\\\/\\\/unaymilletras.com\\\/abraham-mateo-celebra-20-anos-de-carrera-con-un-concierto-historico-en-el-movistar-arena-de-madrid\\\/#primaryimage\"},\"thumbnailUrl\":\"https:\\\/\\\/unaymilletras.com\\\/wp-content\\\/uploads\\\/2025\\\/10\\\/abraham-mateo-celebra-20-anos-carrera-gran-concierto_104-e1760514706528.webp\",\"keywords\":[\"Abraham Mateo\",\"Conciertos 2026\",\"Conciertos Madrid 2026\",\"Inverfest 2026\",\"Noticias m\u00fasica\"],\"articleSection\":[\"M\u00fasica\"],\"inLanguage\":\"en-GB\"},{\"@type\":\"WebPage\",\"@id\":\"https:\\\/\\\/unaymilletras.com\\\/abraham-mateo-celebra-20-anos-de-carrera-con-un-concierto-historico-en-el-movistar-arena-de-madrid\\\/\",\"url\":\"https:\\\/\\\/unaymilletras.com\\\/abraham-mateo-celebra-20-anos-de-carrera-con-un-concierto-historico-en-el-movistar-arena-de-madrid\\\/\",\"name\":\"Abraham Mateo en el Movistar Arena 2026: 20 a\u00f1os de carrera\",\"isPartOf\":{\"@id\":\"http:\\\/\\\/unaymilletras.com\\\/#website\"},\"primaryImageOfPage\":{\"@id\":\"https:\\\/\\\/unaymilletras.com\\\/abraham-mateo-celebra-20-anos-de-carrera-con-un-concierto-historico-en-el-movistar-arena-de-madrid\\\/#primaryimage\"},\"image\":{\"@id\":\"https:\\\/\\\/unaymilletras.com\\\/abraham-mateo-celebra-20-anos-de-carrera-con-un-concierto-historico-en-el-movistar-arena-de-madrid\\\/#primaryimage\"},\"thumbnailUrl\":\"https:\\\/\\\/unaymilletras.com\\\/wp-content\\\/uploads\\\/2025\\\/10\\\/abraham-mateo-celebra-20-anos-carrera-gran-concierto_104-e1760514706528.webp\",\"datePublished\":\"2025-10-15T08:17:40+00:00\",\"dateModified\":\"2025-10-15T08:17:41+00:00\",\"description\":\"Abraham Mateo celebra 20 a\u00f1os de carrera con un concierto en el Movistar Arena 2026, dentro de Inverfest. Un show \u00fanico del pop espa\u00f1ol.\",\"breadcrumb\":{\"@id\":\"https:\\\/\\\/unaymilletras.com\\\/abraham-mateo-celebra-20-anos-de-carrera-con-un-concierto-historico-en-el-movistar-arena-de-madrid\\\/#breadcrumb\"},\"inLanguage\":\"en-GB\",\"potentialAction\":[{\"@type\":\"ReadAction\",\"target\":[\"https:\\\/\\\/unaymilletras.com\\\/abraham-mateo-celebra-20-anos-de-carrera-con-un-concierto-historico-en-el-movistar-arena-de-madrid\\\/\"]}]},{\"@type\":\"ImageObject\",\"inLanguage\":\"en-GB\",\"@id\":\"https:\\\/\\\/unaymilletras.com\\\/abraham-mateo-celebra-20-anos-de-carrera-con-un-concierto-historico-en-el-movistar-arena-de-madrid\\\/#primaryimage\",\"url\":\"https:\\\/\\\/unaymilletras.com\\\/wp-content\\\/uploads\\\/2025\\\/10\\\/abraham-mateo-celebra-20-anos-carrera-gran-concierto_104-e1760514706528.webp\",\"contentUrl\":\"https:\\\/\\\/unaymilletras.com\\\/wp-content\\\/uploads\\\/2025\\\/10\\\/abraham-mateo-celebra-20-anos-carrera-gran-concierto_104-e1760514706528.webp\",\"width\":600,\"height\":600,\"caption\":\"Abraham Mateo celebra 20 a\u00f1os de carrera con un concierto hist\u00f3rico en el Movistar Arena de Madrid\"},{\"@type\":\"BreadcrumbList\",\"@id\":\"https:\\\/\\\/unaymilletras.com\\\/abraham-mateo-celebra-20-anos-de-carrera-con-un-concierto-historico-en-el-movistar-arena-de-madrid\\\/#breadcrumb\",\"itemListElement\":[{\"@type\":\"ListItem\",\"position\":1,\"name\":\"Home\",\"item\":\"http:\\\/\\\/unaymilletras.com\\\/\"},{\"@type\":\"ListItem\",\"position\":2,\"name\":\"Abraham Mateo celebra 20 a\u00f1os de carrera con un concierto hist\u00f3rico en el Movistar Arena de Madrid\"}]},{\"@type\":\"WebSite\",\"@id\":\"http:\\\/\\\/unaymilletras.com\\\/#website\",\"url\":\"http:\\\/\\\/unaymilletras.com\\\/\",\"name\":\"Una y Mil Letras\",\"description\":\"\",\"publisher\":{\"@id\":\"http:\\\/\\\/unaymilletras.com\\\/#organization\"},\"potentialAction\":[{\"@type\":\"SearchAction\",\"target\":{\"@type\":\"EntryPoint\",\"urlTemplate\":\"http:\\\/\\\/unaymilletras.com\\\/?s={search_term_string}\"},\"query-input\":{\"@type\":\"PropertyValueSpecification\",\"valueRequired\":true,\"valueName\":\"search_term_string\"}}],\"inLanguage\":\"en-GB\"},{\"@type\":\"Organization\",\"@id\":\"http:\\\/\\\/unaymilletras.com\\\/#organization\",\"name\":\"Una y Mil Letras\",\"url\":\"http:\\\/\\\/unaymilletras.com\\\/\",\"logo\":{\"@type\":\"ImageObject\",\"inLanguage\":\"en-GB\",\"@id\":\"http:\\\/\\\/unaymilletras.com\\\/#\\\/schema\\\/logo\\\/image\\\/\",\"url\":\"https:\\\/\\\/unaymilletras.com\\\/wp-content\\\/uploads\\\/2024\\\/06\\\/cropped-Logo-removebg-preview.png\",\"contentUrl\":\"https:\\\/\\\/unaymilletras.com\\\/wp-content\\\/uploads\\\/2024\\\/06\\\/cropped-Logo-removebg-preview.png\",\"width\":512,\"height\":512,\"caption\":\"Una y Mil Letras\"},\"image\":{\"@id\":\"http:\\\/\\\/unaymilletras.com\\\/#\\\/schema\\\/logo\\\/image\\\/\"},\"sameAs\":[\"https:\\\/\\\/x.com\\\/UnaYMilLetras\",\"https:\\\/\\\/instagram.com\\\/UnaYMilLetras\"]},{\"@type\":\"Person\",\"@id\":\"http:\\\/\\\/unaymilletras.com\\\/#\\\/schema\\\/person\\\/a10550e4bff9a23f941f52b2cd5d8686\",\"name\":\"Alba Benito\",\"image\":{\"@type\":\"ImageObject\",\"inLanguage\":\"en-GB\",\"@id\":\"https:\\\/\\\/secure.gravatar.com\\\/avatar\\\/f227a2222ee313f4b5dea91891742064ec98aa8f11b91568879eaecf941f84de?s=96&d=mm&r=g\",\"url\":\"https:\\\/\\\/secure.gravatar.com\\\/avatar\\\/f227a2222ee313f4b5dea91891742064ec98aa8f11b91568879eaecf941f84de?s=96&d=mm&r=g\",\"contentUrl\":\"https:\\\/\\\/secure.gravatar.com\\\/avatar\\\/f227a2222ee313f4b5dea91891742064ec98aa8f11b91568879eaecf941f84de?s=96&d=mm&r=g\",\"caption\":\"Alba Benito\"},\"url\":\"https:\\\/\\\/unaymilletras.com\\\/en\\\/author\\\/aalbaas_\\\/\"}]}<\/script>\n<!-- \/ Yoast SEO plugin. -->","yoast_head_json":{"title":"Abraham Mateo en el Movistar Arena 2026: 20 a\u00f1os de carrera","description":"Abraham Mateo celebra 20 a\u00f1os de carrera con un concierto en el Movistar Arena 2026, dentro de Inverfest. Un show \u00fanico del pop espa\u00f1ol.","robots":{"index":"index","follow":"follow","max-snippet":"max-snippet:-1","max-image-preview":"max-image-preview:large","max-video-preview":"max-video-preview:-1"},"canonical":"https:\/\/unaymilletras.com\/en\/abraham-mateo-celebra-20-anos-de-carrera-con-un-concierto-historico-en-el-movistar-arena-de-madrid\/","og_locale":"en_GB","og_type":"article","og_title":"Abraham Mateo en el Movistar Arena 2026: 20 a\u00f1os de carrera","og_description":"Abraham Mateo celebra 20 a\u00f1os de carrera con un concierto en el Movistar Arena 2026, dentro de Inverfest. Un show \u00fanico del pop espa\u00f1ol.","og_url":"https:\/\/unaymilletras.com\/en\/abraham-mateo-celebra-20-anos-de-carrera-con-un-concierto-historico-en-el-movistar-arena-de-madrid\/","og_site_name":"Una y Mil Letras","article_published_time":"2025-10-15T08:17:40+00:00","article_modified_time":"2025-10-15T08:17:41+00:00","og_image":[{"width":600,"height":600,"url":"http:\/\/unaymilletras.com\/wp-content\/uploads\/2025\/10\/abraham-mateo-celebra-20-anos-carrera-gran-concierto_104-e1760514706528.webp","type":"image\/webp"}],"author":"Alba Benito","twitter_card":"summary_large_image","twitter_creator":"@UnaYMilLetras","twitter_site":"@UnaYMilLetras","twitter_misc":{"Written by":"Alba Benito","Estimated reading time":"3 minutes"},"schema":{"@context":"https:\/\/schema.org","@graph":[{"@type":"Article","@id":"https:\/\/unaymilletras.com\/abraham-mateo-celebra-20-anos-de-carrera-con-un-concierto-historico-en-el-movistar-arena-de-madrid\/#article","isPartOf":{"@id":"https:\/\/unaymilletras.com\/abraham-mateo-celebra-20-anos-de-carrera-con-un-concierto-historico-en-el-movistar-arena-de-madrid\/"},"author":{"name":"Alba Benito","@id":"http:\/\/unaymilletras.com\/#\/schema\/person\/a10550e4bff9a23f941f52b2cd5d8686"},"headline":"Abraham Mateo celebra 20 a\u00f1os de carrera con un concierto hist\u00f3rico en el Movistar Arena de Madrid","datePublished":"2025-10-15T08:17:40+00:00","dateModified":"2025-10-15T08:17:41+00:00","mainEntityOfPage":{"@id":"https:\/\/unaymilletras.com\/abraham-mateo-celebra-20-anos-de-carrera-con-un-concierto-historico-en-el-movistar-arena-de-madrid\/"},"wordCount":416,"publisher":{"@id":"http:\/\/unaymilletras.com\/#organization"},"image":{"@id":"https:\/\/unaymilletras.com\/abraham-mateo-celebra-20-anos-de-carrera-con-un-concierto-historico-en-el-movistar-arena-de-madrid\/#primaryimage"},"thumbnailUrl":"https:\/\/unaymilletras.com\/wp-content\/uploads\/2025\/10\/abraham-mateo-celebra-20-anos-carrera-gran-concierto_104-e1760514706528.webp","keywords":["Abraham Mateo","Conciertos 2026","Conciertos Madrid 2026","Inverfest 2026","Noticias m\u00fasica"],"articleSection":["M\u00fasica"],"inLanguage":"en-GB"},{"@type":"WebPage","@id":"https:\/\/unaymilletras.com\/abraham-mateo-celebra-20-anos-de-carrera-con-un-concierto-historico-en-el-movistar-arena-de-madrid\/","url":"https:\/\/unaymilletras.com\/abraham-mateo-celebra-20-anos-de-carrera-con-un-concierto-historico-en-el-movistar-arena-de-madrid\/","name":"Abraham Mateo en el Movistar Arena 2026: 20 a\u00f1os de carrera","isPartOf":{"@id":"http:\/\/unaymilletras.com\/#website"},"primaryImageOfPage":{"@id":"https:\/\/unaymilletras.com\/abraham-mateo-celebra-20-anos-de-carrera-con-un-concierto-historico-en-el-movistar-arena-de-madrid\/#primaryimage"},"image":{"@id":"https:\/\/unaymilletras.com\/abraham-mateo-celebra-20-anos-de-carrera-con-un-concierto-historico-en-el-movistar-arena-de-madrid\/#primaryimage"},"thumbnailUrl":"https:\/\/unaymilletras.com\/wp-content\/uploads\/2025\/10\/abraham-mateo-celebra-20-anos-carrera-gran-concierto_104-e1760514706528.webp","datePublished":"2025-10-15T08:17:40+00:00","dateModified":"2025-10-15T08:17:41+00:00","description":"Abraham Mateo celebra 20 a\u00f1os de carrera con un concierto en el Movistar Arena 2026, dentro de Inverfest. Un show \u00fanico del pop espa\u00f1ol.","breadcrumb":{"@id":"https:\/\/unaymilletras.com\/abraham-mateo-celebra-20-anos-de-carrera-con-un-concierto-historico-en-el-movistar-arena-de-madrid\/#breadcrumb"},"inLanguage":"en-GB","potentialAction":[{"@type":"ReadAction","target":["https:\/\/unaymilletras.com\/abraham-mateo-celebra-20-anos-de-carrera-con-un-concierto-historico-en-el-movistar-arena-de-madrid\/"]}]},{"@type":"ImageObject","inLanguage":"en-GB","@id":"https:\/\/unaymilletras.com\/abraham-mateo-celebra-20-anos-de-carrera-con-un-concierto-historico-en-el-movistar-arena-de-madrid\/#primaryimage","url":"https:\/\/unaymilletras.com\/wp-content\/uploads\/2025\/10\/abraham-mateo-celebra-20-anos-carrera-gran-concierto_104-e1760514706528.webp","contentUrl":"https:\/\/unaymilletras.com\/wp-content\/uploads\/2025\/10\/abraham-mateo-celebra-20-anos-carrera-gran-concierto_104-e1760514706528.webp","width":600,"height":600,"caption":"Abraham Mateo celebra 20 a\u00f1os de carrera con un concierto hist\u00f3rico en el Movistar Arena de Madrid"},{"@type":"BreadcrumbList","@id":"https:\/\/unaymilletras.com\/abraham-mateo-celebra-20-anos-de-carrera-con-un-concierto-historico-en-el-movistar-arena-de-madrid\/#breadcrumb","itemListElement":[{"@type":"ListItem","position":1,"name":"Home","item":"http:\/\/unaymilletras.com\/"},{"@type":"ListItem","position":2,"name":"Abraham Mateo celebra 20 a\u00f1os de carrera con un concierto hist\u00f3rico en el Movistar Arena de Madrid"}]},{"@type":"WebSite","@id":"http:\/\/unaymilletras.com\/#website","url":"http:\/\/unaymilletras.com\/","name":"Una y Mil Letras","description":"","publisher":{"@id":"http:\/\/unaymilletras.com\/#organization"},"potentialAction":[{"@type":"SearchAction","target":{"@type":"EntryPoint","urlTemplate":"http:\/\/unaymilletras.com\/?s={search_term_string}"},"query-input":{"@type":"PropertyValueSpecification","valueRequired":true,"valueName":"search_term_string"}}],"inLanguage":"en-GB"},{"@type":"Organization","@id":"http:\/\/unaymilletras.com\/#organization","name":"Una y Mil Letras","url":"http:\/\/unaymilletras.com\/","logo":{"@type":"ImageObject","inLanguage":"en-GB","@id":"http:\/\/unaymilletras.com\/#\/schema\/logo\/image\/","url":"https:\/\/unaymilletras.com\/wp-content\/uploads\/2024\/06\/cropped-Logo-removebg-preview.png","contentUrl":"https:\/\/unaymilletras.com\/wp-content\/uploads\/2024\/06\/cropped-Logo-removebg-preview.png","width":512,"height":512,"caption":"Una y Mil Letras"},"image":{"@id":"http:\/\/unaymilletras.com\/#\/schema\/logo\/image\/"},"sameAs":["https:\/\/x.com\/UnaYMilLetras","https:\/\/instagram.com\/UnaYMilLetras"]},{"@type":"Person","@id":"http:\/\/unaymilletras.com\/#\/schema\/person\/a10550e4bff9a23f941f52b2cd5d8686","name":"Alba Benito","image":{"@type":"ImageObject","inLanguage":"en-GB","@id":"https:\/\/secure.gravatar.com\/avatar\/f227a2222ee313f4b5dea91891742064ec98aa8f11b91568879eaecf941f84de?s=96&d=mm&r=g","url":"https:\/\/secure.gravatar.com\/avatar\/f227a2222ee313f4b5dea91891742064ec98aa8f11b91568879eaecf941f84de?s=96&d=mm&r=g","contentUrl":"https:\/\/secure.gravatar.com\/avatar\/f227a2222ee313f4b5dea91891742064ec98aa8f11b91568879eaecf941f84de?s=96&d=mm&r=g","caption":"Alba Benito"},"url":"https:\/\/unaymilletras.com\/en\/author\/aalbaas_\/"}]}},"_links":{"self":[{"href":"https:\/\/unaymilletras.com\/en\/wp-json\/wp\/v2\/posts\/6011","targetHints":{"allow":["GET"]}}],"collection":[{"href":"https:\/\/unaymilletras.com\/en\/wp-json\/wp\/v2\/posts"}],"about":[{"href":"https:\/\/unaymilletras.com\/en\/wp-json\/wp\/v2\/types\/post"}],"author":[{"embeddable":true,"href":"https:\/\/unaymilletras.com\/en\/wp-json\/wp\/v2\/users\/13"}],"replies":[{"embeddable":true,"href":"https:\/\/unaymilletras.com\/en\/wp-json\/wp\/v2\/comments?post=6011"}],"version-history":[{"count":16,"href":"https:\/\/unaymilletras.com\/en\/wp-json\/wp\/v2\/posts\/6011\/revisions"}],"predecessor-version":[{"id":6029,"href":"https:\/\/unaymilletras.com\/en\/wp-json\/wp\/v2\/posts\/6011\/revisions\/6029"}],"wp:featuredmedia":[{"embeddable":true,"href":"https:\/\/unaymilletras.com\/en\/wp-json\/wp\/v2\/media\/6013"}],"wp:attachment":[{"href":"https:\/\/unaymilletras.com\/en\/wp-json\/wp\/v2\/media?parent=6011"}],"wp:term":[{"taxonomy":"category","embeddable":true,"href":"https:\/\/unaymilletras.com\/en\/wp-json\/wp\/v2\/categories?post=6011"},{"taxonomy":"post_tag","embeddable":true,"href":"https:\/\/unaymilletras.com\/en\/wp-json\/wp\/v2\/tags?post=6011"}],"curies":[{"name":"wp","href":"https:\/\/api.w.org\/{rel}","templated":true}]}}