{"id":6031,"date":"2025-10-16T12:00:00","date_gmt":"2025-10-16T10:00:00","guid":{"rendered":"https:\/\/unaymilletras.com\/?p=6031"},"modified":"2025-10-15T19:22:40","modified_gmt":"2025-10-15T17:22:40","slug":"taylor-swift-llega-a-disney-con-la-historia-definitiva-de-the-eras-tour","status":"publish","type":"post","link":"https:\/\/unaymilletras.com\/en\/taylor-swift-llega-a-disney-con-la-historia-definitiva-de-the-eras-tour\/","title":{"rendered":"Taylor Swift regresa a Disney+ el 12 de diciembre con dos estrenos exclusivos sobre The Eras Tour"},"content":{"rendered":"<div data-elementor-type=\"wp-post\" data-elementor-id=\"6031\" class=\"elementor elementor-6031\">\n\t\t\t\t\t\t<section class=\"elementor-section elementor-top-section elementor-element elementor-element-1fcdc64 elementor-section-boxed elementor-section-height-default elementor-section-height-default\" data-id=\"1fcdc64\" data-element_type=\"section\" data-e-type=\"section\">\n\t\t\t\t\t\t<div class=\"elementor-container elementor-column-gap-default\">\n\t\t\t\t\t<div class=\"elementor-column elementor-col-100 elementor-top-column elementor-element elementor-element-171d934\" data-id=\"171d934\" data-element_type=\"column\" data-e-type=\"column\">\n\t\t\t<div class=\"elementor-widget-wrap elementor-element-populated\">\n\t\t\t\t\t\t<div class=\"elementor-element elementor-element-fbce272 elementor-widget elementor-widget-heading\" data-id=\"fbce272\" data-element_type=\"widget\" data-e-type=\"widget\" data-widget_type=\"heading.default\">\n\t\t\t\t<div class=\"elementor-widget-container\">\n\t\t\t\t\t<h2 class=\"elementor-heading-title elementor-size-default\">La artista ganadora de 14 premios GRAMMY presentar\u00e1 una serie documental de seis episodios y una versi\u00f3n extendida del concierto final de su gira mundial, que incluir\u00e1 el set de The Tortured Poets Department.<\/h2>\t\t\t\t<\/div>\n\t\t\t\t<\/div>\n\t\t\t\t\t<\/div>\n\t\t<\/div>\n\t\t\t\t\t<\/div>\n\t\t<\/section>\n\t\t\t\t<section class=\"elementor-section elementor-top-section elementor-element elementor-element-bc81552 elementor-section-boxed elementor-section-height-default elementor-section-height-default\" data-id=\"bc81552\" data-element_type=\"section\" data-e-type=\"section\">\n\t\t\t\t\t\t<div class=\"elementor-container elementor-column-gap-default\">\n\t\t\t\t\t<div class=\"elementor-column elementor-col-100 elementor-top-column elementor-element elementor-element-88e7ce3\" data-id=\"88e7ce3\" data-element_type=\"column\" data-e-type=\"column\">\n\t\t\t<div class=\"elementor-widget-wrap elementor-element-populated\">\n\t\t\t\t\t\t<div class=\"elementor-element elementor-element-05750db elementor-widget elementor-widget-image\" data-id=\"05750db\" data-element_type=\"widget\" data-e-type=\"widget\" data-widget_type=\"image.default\">\n\t\t\t\t<div class=\"elementor-widget-container\">\n\t\t\t\t\t\t\t\t\t\t\t\t\t\t\t<img fetchpriority=\"high\" decoding=\"async\" width=\"640\" height=\"800\" src=\"https:\/\/unaymilletras.com\/wp-content\/uploads\/2025\/10\/unnamed-819x1024.png\" class=\"attachment-large size-large wp-image-6032\" alt=\"\" srcset=\"https:\/\/unaymilletras.com\/wp-content\/uploads\/2025\/10\/unnamed-819x1024.png 819w, https:\/\/unaymilletras.com\/wp-content\/uploads\/2025\/10\/unnamed-240x300.png 240w, https:\/\/unaymilletras.com\/wp-content\/uploads\/2025\/10\/unnamed-768x960.png 768w, https:\/\/unaymilletras.com\/wp-content\/uploads\/2025\/10\/unnamed-10x12.png 10w, https:\/\/unaymilletras.com\/wp-content\/uploads\/2025\/10\/unnamed-e1760524121869.png 600w\" sizes=\"(max-width: 640px) 100vw, 640px\" \/>\t\t\t\t\t\t\t\t\t\t\t\t\t\t\t<\/div>\n\t\t\t\t<\/div>\n\t\t\t\t\t<\/div>\n\t\t<\/div>\n\t\t\t\t\t<\/div>\n\t\t<\/section>\n\t\t\t\t<section class=\"elementor-section elementor-top-section elementor-element elementor-element-804b09e elementor-section-boxed elementor-section-height-default elementor-section-height-default\" data-id=\"804b09e\" data-element_type=\"section\" data-e-type=\"section\">\n\t\t\t\t\t\t<div class=\"elementor-container elementor-column-gap-default\">\n\t\t\t\t\t<div class=\"elementor-column elementor-col-100 elementor-top-column elementor-element elementor-element-7b5bb99\" data-id=\"7b5bb99\" data-element_type=\"column\" data-e-type=\"column\">\n\t\t\t<div class=\"elementor-widget-wrap elementor-element-populated\">\n\t\t\t\t\t\t<div class=\"elementor-element elementor-element-c548c02 elementor-widget elementor-widget-text-editor\" data-id=\"c548c02\" data-element_type=\"widget\" data-e-type=\"widget\" data-widget_type=\"text-editor.default\">\n\t\t\t\t<div class=\"elementor-widget-container\">\n\t\t\t\t\t\t\t\t\t<p>Taylor Swift vuelve a Disney+ por partida doble. Tras el \u00e9xito de su reciente \u00e1lbum <em data-start=\"505\" data-end=\"529\">The Life of a Showgirl<\/em> (que ha batido records en Estados Unidos como el m\u00e1s vendido de la historia con m\u00e1s de 4 millones de unidades), la cantante y compositora presentar\u00e1 el pr\u00f3ximo <strong data-start=\"663\" data-end=\"682\">12 de diciembre<\/strong> dos nuevos proyectos centrados en su aclamada gira <em data-start=\"734\" data-end=\"749\">The Eras Tour<\/em>.<\/p><p data-start=\"754\" data-end=\"1277\">El primero de ellos, <strong data-start=\"775\" data-end=\"829\"><em data-start=\"777\" data-end=\"827\">Taylor Swift | The Eras Tour | The End of an Era<\/em><\/strong>, una serie documental de <strong data-start=\"858\" data-end=\"876\">seis episodios<\/strong> que ofrece una mirada \u00edntima a la vida de la artista durante el Eras Tour. La docuserie explorar\u00e1 el desarrollo, impacto y funcionamiento interno de un espect\u00e1culo que reuni\u00f3 a millones de fans alrededor del mundo, con la participaci\u00f3n de artistas invitados a la gira como <strong data-start=\"1209\" data-end=\"1274\">Gracie Abrams, Sabrina Carpenter, Ed Sheeran y Florence Welch<\/strong>.<\/p><p data-start=\"1279\" data-end=\"1520\">Los dos primeros episodios estar\u00e1n disponibles el 12 de diciembre en exclusiva en Disney+, con nuevos cap\u00edtulos cada semana. La serie est\u00e1 dirigida por <strong data-start=\"1431\" data-end=\"1445\">Don Argott<\/strong>, codirigida por <strong data-start=\"1462\" data-end=\"1481\">Sheena M. Joyce<\/strong> y producida por <strong data-start=\"1498\" data-end=\"1517\">Object &amp; Animal<\/strong>.<\/p><p data-start=\"1522\" data-end=\"2043\">Ese mismo d\u00eda se estrenar\u00e1 tambi\u00e9n <strong data-start=\"1557\" data-end=\"1608\"><em data-start=\"1559\" data-end=\"1606\">Taylor Swift | The Eras Tour | The Final Show<\/em><\/strong>, la <strong data-start=\"1613\" data-end=\"1654\">versi\u00f3n extendida del concierto final<\/strong> de la gira, grabado en <strong data-start=\"1678\" data-end=\"1691\">Vancouver<\/strong>. La pel\u00edcula incluir\u00e1 por primera vez el repertorio completo del \u00e1lbum <em data-start=\"1763\" data-end=\"1794\">The Tortured Poets Department<\/em>, incorporado a la gira tras su lanzamiento en abril de 2024. Dirigida por <strong data-start=\"1860\" data-end=\"1875\">Glenn Weiss<\/strong> y producida por <strong data-start=\"1892\" data-end=\"1920\">Taylor Swift Productions<\/strong> en colaboraci\u00f3n con <strong data-start=\"1941\" data-end=\"1969\">Silent House Productions.<\/strong><\/p><p data-start=\"2045\" data-end=\"2218\">Ambos estrenos refuerzan la alianza entre Taylor Swift y Disney+, ofreciendo una mirada sin precedentes a una de las giras m\u00e1s exitosas e influyentes de todos los tiempos.<\/p>\t\t\t\t\t\t\t\t<\/div>\n\t\t\t\t<\/div>\n\t\t\t\t\t<\/div>\n\t\t<\/div>\n\t\t\t\t\t<\/div>\n\t\t<\/section>\n\t\t\t\t<section class=\"elementor-section elementor-top-section elementor-element elementor-element-e6b0265 elementor-section-boxed elementor-section-height-default elementor-section-height-default\" data-id=\"e6b0265\" data-element_type=\"section\" data-e-type=\"section\">\n\t\t\t\t\t\t<div class=\"elementor-container elementor-column-gap-default\">\n\t\t\t\t\t<div class=\"elementor-column elementor-col-100 elementor-top-column elementor-element elementor-element-77906fa\" data-id=\"77906fa\" data-element_type=\"column\" data-e-type=\"column\">\n\t\t\t<div class=\"elementor-widget-wrap elementor-element-populated\">\n\t\t\t\t\t\t<div class=\"elementor-element elementor-element-da6a4c5 elementor-widget elementor-widget-video\" data-id=\"da6a4c5\" data-element_type=\"widget\" data-e-type=\"widget\" data-settings=\"{&quot;youtube_url&quot;:&quot;https:\\\/\\\/youtu.be\\\/IcQ-AqDJ-eA?si=OovnLmtFoImKbFNG&quot;,&quot;video_type&quot;:&quot;youtube&quot;,&quot;controls&quot;:&quot;yes&quot;}\" data-widget_type=\"video.default\">\n\t\t\t\t<div class=\"elementor-widget-container\">\n\t\t\t\t\t\t\t<div class=\"elementor-wrapper elementor-open-inline\">\n\t\t\t<div class=\"elementor-video\"><\/div>\t\t<\/div>\n\t\t\t\t\t\t<\/div>\n\t\t\t\t<\/div>\n\t\t\t\t\t<\/div>\n\t\t<\/div>\n\t\t\t\t\t<\/div>\n\t\t<\/section>\n\t\t\t\t<\/div>","protected":false},"excerpt":{"rendered":"<p>La artista ganadora de 14 premios GRAMMY presentar\u00e1 una serie documental de seis episodios y una versi\u00f3n extendida del concierto final de su gira mundial, que incluir\u00e1 el set de The Tortured Poets Department. Taylor Swift vuelve a Disney+ por partida doble. Tras el \u00e9xito de su reciente \u00e1lbum The Life of a Showgirl (que [&hellip;]<\/p>\n","protected":false},"author":9,"featured_media":6032,"comment_status":"closed","ping_status":"closed","sticky":false,"template":"","format":"standard","meta":{"footnotes":""},"categories":[4,117],"tags":[233],"class_list":["post-6031","post","type-post","status-publish","format-standard","has-post-thumbnail","hentry","category-musica","category-peliculas-y-series","tag-taylor-swift"],"yoast_head":"<!-- This site is optimized with the Yoast SEO plugin v27.4 - https:\/\/yoast.com\/product\/yoast-seo-wordpress\/ -->\n<title>Taylor Swift vuelve a Disney+ con el final del Eras Tour<\/title>\n<meta name=\"description\" content=\"La artista estrenar\u00e1 el 12 de diciembre una serie documental y la pel\u00edcula del concierto final de The Eras Tour.\" \/>\n<meta name=\"robots\" content=\"index, follow, max-snippet:-1, max-image-preview:large, max-video-preview:-1\" \/>\n<link rel=\"canonical\" href=\"https:\/\/unaymilletras.com\/en\/taylor-swift-llega-a-disney-con-la-historia-definitiva-de-the-eras-tour\/\" \/>\n<meta property=\"og:locale\" content=\"en_GB\" \/>\n<meta property=\"og:type\" content=\"article\" \/>\n<meta property=\"og:title\" content=\"Taylor Swift vuelve a Disney+ con el final del Eras Tour\" \/>\n<meta property=\"og:description\" content=\"La artista estrenar\u00e1 el 12 de diciembre una serie documental y la pel\u00edcula del concierto final de The Eras Tour.\" \/>\n<meta property=\"og:url\" content=\"https:\/\/unaymilletras.com\/en\/taylor-swift-llega-a-disney-con-la-historia-definitiva-de-the-eras-tour\/\" \/>\n<meta property=\"og:site_name\" content=\"Una y Mil Letras\" \/>\n<meta property=\"article:published_time\" content=\"2025-10-16T10:00:00+00:00\" \/>\n<meta property=\"og:image\" content=\"https:\/\/unaymilletras.com\/wp-content\/uploads\/2025\/10\/unnamed-e1760524121869.png\" \/>\n\t<meta property=\"og:image:width\" content=\"600\" \/>\n\t<meta property=\"og:image:height\" content=\"750\" \/>\n\t<meta property=\"og:image:type\" content=\"image\/png\" \/>\n<meta name=\"author\" content=\"Victoria Hern\u00e1ndez\" \/>\n<meta name=\"twitter:card\" content=\"summary_large_image\" \/>\n<meta name=\"twitter:creator\" content=\"@UnaYMilLetras\" \/>\n<meta name=\"twitter:site\" content=\"@UnaYMilLetras\" \/>\n<meta name=\"twitter:label1\" content=\"Written by\" \/>\n\t<meta name=\"twitter:data1\" content=\"Victoria Hern\u00e1ndez\" \/>\n\t<meta name=\"twitter:label2\" content=\"Estimated reading time\" \/>\n\t<meta name=\"twitter:data2\" content=\"2 minutes\" \/>\n<script type=\"application\/ld+json\" class=\"yoast-schema-graph\">{\"@context\":\"https:\\\/\\\/schema.org\",\"@graph\":[{\"@type\":\"Article\",\"@id\":\"https:\\\/\\\/unaymilletras.com\\\/taylor-swift-llega-a-disney-con-la-historia-definitiva-de-the-eras-tour\\\/#article\",\"isPartOf\":{\"@id\":\"https:\\\/\\\/unaymilletras.com\\\/taylor-swift-llega-a-disney-con-la-historia-definitiva-de-the-eras-tour\\\/\"},\"author\":{\"name\":\"Victoria Hern\u00e1ndez\",\"@id\":\"http:\\\/\\\/unaymilletras.com\\\/#\\\/schema\\\/person\\\/90f1e88e4c10951a79965c8106280f0a\"},\"headline\":\"Taylor Swift regresa a Disney+ el 12 de diciembre con dos estrenos exclusivos sobre The Eras Tour\",\"datePublished\":\"2025-10-16T10:00:00+00:00\",\"mainEntityOfPage\":{\"@id\":\"https:\\\/\\\/unaymilletras.com\\\/taylor-swift-llega-a-disney-con-la-historia-definitiva-de-the-eras-tour\\\/\"},\"wordCount\":335,\"publisher\":{\"@id\":\"http:\\\/\\\/unaymilletras.com\\\/#organization\"},\"image\":{\"@id\":\"https:\\\/\\\/unaymilletras.com\\\/taylor-swift-llega-a-disney-con-la-historia-definitiva-de-the-eras-tour\\\/#primaryimage\"},\"thumbnailUrl\":\"https:\\\/\\\/unaymilletras.com\\\/wp-content\\\/uploads\\\/2025\\\/10\\\/unnamed-e1760524121869.png\",\"keywords\":[\"Taylor Swift\"],\"articleSection\":[\"M\u00fasica\",\"Pel\u00edculas y Series\"],\"inLanguage\":\"en-GB\"},{\"@type\":\"WebPage\",\"@id\":\"https:\\\/\\\/unaymilletras.com\\\/taylor-swift-llega-a-disney-con-la-historia-definitiva-de-the-eras-tour\\\/\",\"url\":\"https:\\\/\\\/unaymilletras.com\\\/taylor-swift-llega-a-disney-con-la-historia-definitiva-de-the-eras-tour\\\/\",\"name\":\"Taylor Swift vuelve a Disney+ con el final del Eras Tour\",\"isPartOf\":{\"@id\":\"http:\\\/\\\/unaymilletras.com\\\/#website\"},\"primaryImageOfPage\":{\"@id\":\"https:\\\/\\\/unaymilletras.com\\\/taylor-swift-llega-a-disney-con-la-historia-definitiva-de-the-eras-tour\\\/#primaryimage\"},\"image\":{\"@id\":\"https:\\\/\\\/unaymilletras.com\\\/taylor-swift-llega-a-disney-con-la-historia-definitiva-de-the-eras-tour\\\/#primaryimage\"},\"thumbnailUrl\":\"https:\\\/\\\/unaymilletras.com\\\/wp-content\\\/uploads\\\/2025\\\/10\\\/unnamed-e1760524121869.png\",\"datePublished\":\"2025-10-16T10:00:00+00:00\",\"description\":\"La artista estrenar\u00e1 el 12 de diciembre una serie documental y la pel\u00edcula del concierto final de The Eras Tour.\",\"breadcrumb\":{\"@id\":\"https:\\\/\\\/unaymilletras.com\\\/taylor-swift-llega-a-disney-con-la-historia-definitiva-de-the-eras-tour\\\/#breadcrumb\"},\"inLanguage\":\"en-GB\",\"potentialAction\":[{\"@type\":\"ReadAction\",\"target\":[\"https:\\\/\\\/unaymilletras.com\\\/taylor-swift-llega-a-disney-con-la-historia-definitiva-de-the-eras-tour\\\/\"]}]},{\"@type\":\"ImageObject\",\"inLanguage\":\"en-GB\",\"@id\":\"https:\\\/\\\/unaymilletras.com\\\/taylor-swift-llega-a-disney-con-la-historia-definitiva-de-the-eras-tour\\\/#primaryimage\",\"url\":\"https:\\\/\\\/unaymilletras.com\\\/wp-content\\\/uploads\\\/2025\\\/10\\\/unnamed-e1760524121869.png\",\"contentUrl\":\"https:\\\/\\\/unaymilletras.com\\\/wp-content\\\/uploads\\\/2025\\\/10\\\/unnamed-e1760524121869.png\",\"width\":600,\"height\":750},{\"@type\":\"BreadcrumbList\",\"@id\":\"https:\\\/\\\/unaymilletras.com\\\/taylor-swift-llega-a-disney-con-la-historia-definitiva-de-the-eras-tour\\\/#breadcrumb\",\"itemListElement\":[{\"@type\":\"ListItem\",\"position\":1,\"name\":\"Home\",\"item\":\"http:\\\/\\\/unaymilletras.com\\\/\"},{\"@type\":\"ListItem\",\"position\":2,\"name\":\"Taylor Swift regresa a Disney+ el 12 de diciembre con dos estrenos exclusivos sobre The Eras Tour\"}]},{\"@type\":\"WebSite\",\"@id\":\"http:\\\/\\\/unaymilletras.com\\\/#website\",\"url\":\"http:\\\/\\\/unaymilletras.com\\\/\",\"name\":\"Una y Mil Letras\",\"description\":\"\",\"publisher\":{\"@id\":\"http:\\\/\\\/unaymilletras.com\\\/#organization\"},\"potentialAction\":[{\"@type\":\"SearchAction\",\"target\":{\"@type\":\"EntryPoint\",\"urlTemplate\":\"http:\\\/\\\/unaymilletras.com\\\/?s={search_term_string}\"},\"query-input\":{\"@type\":\"PropertyValueSpecification\",\"valueRequired\":true,\"valueName\":\"search_term_string\"}}],\"inLanguage\":\"en-GB\"},{\"@type\":\"Organization\",\"@id\":\"http:\\\/\\\/unaymilletras.com\\\/#organization\",\"name\":\"Una y Mil Letras\",\"url\":\"http:\\\/\\\/unaymilletras.com\\\/\",\"logo\":{\"@type\":\"ImageObject\",\"inLanguage\":\"en-GB\",\"@id\":\"http:\\\/\\\/unaymilletras.com\\\/#\\\/schema\\\/logo\\\/image\\\/\",\"url\":\"https:\\\/\\\/unaymilletras.com\\\/wp-content\\\/uploads\\\/2024\\\/06\\\/cropped-Logo-removebg-preview.png\",\"contentUrl\":\"https:\\\/\\\/unaymilletras.com\\\/wp-content\\\/uploads\\\/2024\\\/06\\\/cropped-Logo-removebg-preview.png\",\"width\":512,\"height\":512,\"caption\":\"Una y Mil Letras\"},\"image\":{\"@id\":\"http:\\\/\\\/unaymilletras.com\\\/#\\\/schema\\\/logo\\\/image\\\/\"},\"sameAs\":[\"https:\\\/\\\/x.com\\\/UnaYMilLetras\",\"https:\\\/\\\/instagram.com\\\/UnaYMilLetras\"]},{\"@type\":\"Person\",\"@id\":\"http:\\\/\\\/unaymilletras.com\\\/#\\\/schema\\\/person\\\/90f1e88e4c10951a79965c8106280f0a\",\"name\":\"Victoria Hern\u00e1ndez\",\"image\":{\"@type\":\"ImageObject\",\"inLanguage\":\"en-GB\",\"@id\":\"https:\\\/\\\/secure.gravatar.com\\\/avatar\\\/4a6a914c964cf29cc45dd00ef5c74e847f221f6a1039c94b8aa244949baeeda4?s=96&d=mm&r=g\",\"url\":\"https:\\\/\\\/secure.gravatar.com\\\/avatar\\\/4a6a914c964cf29cc45dd00ef5c74e847f221f6a1039c94b8aa244949baeeda4?s=96&d=mm&r=g\",\"contentUrl\":\"https:\\\/\\\/secure.gravatar.com\\\/avatar\\\/4a6a914c964cf29cc45dd00ef5c74e847f221f6a1039c94b8aa244949baeeda4?s=96&d=mm&r=g\",\"caption\":\"Victoria Hern\u00e1ndez\"},\"url\":\"https:\\\/\\\/unaymilletras.com\\\/en\\\/author\\\/victoriahernandez\\\/\"}]}<\/script>\n<!-- \/ Yoast SEO plugin. -->","yoast_head_json":{"title":"Taylor Swift vuelve a Disney+ con el final del Eras Tour","description":"La artista estrenar\u00e1 el 12 de diciembre una serie documental y la pel\u00edcula del concierto final de The Eras Tour.","robots":{"index":"index","follow":"follow","max-snippet":"max-snippet:-1","max-image-preview":"max-image-preview:large","max-video-preview":"max-video-preview:-1"},"canonical":"https:\/\/unaymilletras.com\/en\/taylor-swift-llega-a-disney-con-la-historia-definitiva-de-the-eras-tour\/","og_locale":"en_GB","og_type":"article","og_title":"Taylor Swift vuelve a Disney+ con el final del Eras Tour","og_description":"La artista estrenar\u00e1 el 12 de diciembre una serie documental y la pel\u00edcula del concierto final de The Eras Tour.","og_url":"https:\/\/unaymilletras.com\/en\/taylor-swift-llega-a-disney-con-la-historia-definitiva-de-the-eras-tour\/","og_site_name":"Una y Mil Letras","article_published_time":"2025-10-16T10:00:00+00:00","og_image":[{"width":600,"height":750,"url":"https:\/\/unaymilletras.com\/wp-content\/uploads\/2025\/10\/unnamed-e1760524121869.png","type":"image\/png"}],"author":"Victoria Hern\u00e1ndez","twitter_card":"summary_large_image","twitter_creator":"@UnaYMilLetras","twitter_site":"@UnaYMilLetras","twitter_misc":{"Written by":"Victoria Hern\u00e1ndez","Estimated reading time":"2 minutes"},"schema":{"@context":"https:\/\/schema.org","@graph":[{"@type":"Article","@id":"https:\/\/unaymilletras.com\/taylor-swift-llega-a-disney-con-la-historia-definitiva-de-the-eras-tour\/#article","isPartOf":{"@id":"https:\/\/unaymilletras.com\/taylor-swift-llega-a-disney-con-la-historia-definitiva-de-the-eras-tour\/"},"author":{"name":"Victoria Hern\u00e1ndez","@id":"http:\/\/unaymilletras.com\/#\/schema\/person\/90f1e88e4c10951a79965c8106280f0a"},"headline":"Taylor Swift regresa a Disney+ el 12 de diciembre con dos estrenos exclusivos sobre The Eras Tour","datePublished":"2025-10-16T10:00:00+00:00","mainEntityOfPage":{"@id":"https:\/\/unaymilletras.com\/taylor-swift-llega-a-disney-con-la-historia-definitiva-de-the-eras-tour\/"},"wordCount":335,"publisher":{"@id":"http:\/\/unaymilletras.com\/#organization"},"image":{"@id":"https:\/\/unaymilletras.com\/taylor-swift-llega-a-disney-con-la-historia-definitiva-de-the-eras-tour\/#primaryimage"},"thumbnailUrl":"https:\/\/unaymilletras.com\/wp-content\/uploads\/2025\/10\/unnamed-e1760524121869.png","keywords":["Taylor Swift"],"articleSection":["M\u00fasica","Pel\u00edculas y Series"],"inLanguage":"en-GB"},{"@type":"WebPage","@id":"https:\/\/unaymilletras.com\/taylor-swift-llega-a-disney-con-la-historia-definitiva-de-the-eras-tour\/","url":"https:\/\/unaymilletras.com\/taylor-swift-llega-a-disney-con-la-historia-definitiva-de-the-eras-tour\/","name":"Taylor Swift vuelve a Disney+ con el final del Eras Tour","isPartOf":{"@id":"http:\/\/unaymilletras.com\/#website"},"primaryImageOfPage":{"@id":"https:\/\/unaymilletras.com\/taylor-swift-llega-a-disney-con-la-historia-definitiva-de-the-eras-tour\/#primaryimage"},"image":{"@id":"https:\/\/unaymilletras.com\/taylor-swift-llega-a-disney-con-la-historia-definitiva-de-the-eras-tour\/#primaryimage"},"thumbnailUrl":"https:\/\/unaymilletras.com\/wp-content\/uploads\/2025\/10\/unnamed-e1760524121869.png","datePublished":"2025-10-16T10:00:00+00:00","description":"La artista estrenar\u00e1 el 12 de diciembre una serie documental y la pel\u00edcula del concierto final de The Eras Tour.","breadcrumb":{"@id":"https:\/\/unaymilletras.com\/taylor-swift-llega-a-disney-con-la-historia-definitiva-de-the-eras-tour\/#breadcrumb"},"inLanguage":"en-GB","potentialAction":[{"@type":"ReadAction","target":["https:\/\/unaymilletras.com\/taylor-swift-llega-a-disney-con-la-historia-definitiva-de-the-eras-tour\/"]}]},{"@type":"ImageObject","inLanguage":"en-GB","@id":"https:\/\/unaymilletras.com\/taylor-swift-llega-a-disney-con-la-historia-definitiva-de-the-eras-tour\/#primaryimage","url":"https:\/\/unaymilletras.com\/wp-content\/uploads\/2025\/10\/unnamed-e1760524121869.png","contentUrl":"https:\/\/unaymilletras.com\/wp-content\/uploads\/2025\/10\/unnamed-e1760524121869.png","width":600,"height":750},{"@type":"BreadcrumbList","@id":"https:\/\/unaymilletras.com\/taylor-swift-llega-a-disney-con-la-historia-definitiva-de-the-eras-tour\/#breadcrumb","itemListElement":[{"@type":"ListItem","position":1,"name":"Home","item":"http:\/\/unaymilletras.com\/"},{"@type":"ListItem","position":2,"name":"Taylor Swift regresa a Disney+ el 12 de diciembre con dos estrenos exclusivos sobre The Eras Tour"}]},{"@type":"WebSite","@id":"http:\/\/unaymilletras.com\/#website","url":"http:\/\/unaymilletras.com\/","name":"Una y Mil Letras","description":"","publisher":{"@id":"http:\/\/unaymilletras.com\/#organization"},"potentialAction":[{"@type":"SearchAction","target":{"@type":"EntryPoint","urlTemplate":"http:\/\/unaymilletras.com\/?s={search_term_string}"},"query-input":{"@type":"PropertyValueSpecification","valueRequired":true,"valueName":"search_term_string"}}],"inLanguage":"en-GB"},{"@type":"Organization","@id":"http:\/\/unaymilletras.com\/#organization","name":"Una y Mil Letras","url":"http:\/\/unaymilletras.com\/","logo":{"@type":"ImageObject","inLanguage":"en-GB","@id":"http:\/\/unaymilletras.com\/#\/schema\/logo\/image\/","url":"https:\/\/unaymilletras.com\/wp-content\/uploads\/2024\/06\/cropped-Logo-removebg-preview.png","contentUrl":"https:\/\/unaymilletras.com\/wp-content\/uploads\/2024\/06\/cropped-Logo-removebg-preview.png","width":512,"height":512,"caption":"Una y Mil Letras"},"image":{"@id":"http:\/\/unaymilletras.com\/#\/schema\/logo\/image\/"},"sameAs":["https:\/\/x.com\/UnaYMilLetras","https:\/\/instagram.com\/UnaYMilLetras"]},{"@type":"Person","@id":"http:\/\/unaymilletras.com\/#\/schema\/person\/90f1e88e4c10951a79965c8106280f0a","name":"Victoria Hern\u00e1ndez","image":{"@type":"ImageObject","inLanguage":"en-GB","@id":"https:\/\/secure.gravatar.com\/avatar\/4a6a914c964cf29cc45dd00ef5c74e847f221f6a1039c94b8aa244949baeeda4?s=96&d=mm&r=g","url":"https:\/\/secure.gravatar.com\/avatar\/4a6a914c964cf29cc45dd00ef5c74e847f221f6a1039c94b8aa244949baeeda4?s=96&d=mm&r=g","contentUrl":"https:\/\/secure.gravatar.com\/avatar\/4a6a914c964cf29cc45dd00ef5c74e847f221f6a1039c94b8aa244949baeeda4?s=96&d=mm&r=g","caption":"Victoria Hern\u00e1ndez"},"url":"https:\/\/unaymilletras.com\/en\/author\/victoriahernandez\/"}]}},"_links":{"self":[{"href":"https:\/\/unaymilletras.com\/en\/wp-json\/wp\/v2\/posts\/6031","targetHints":{"allow":["GET"]}}],"collection":[{"href":"https:\/\/unaymilletras.com\/en\/wp-json\/wp\/v2\/posts"}],"about":[{"href":"https:\/\/unaymilletras.com\/en\/wp-json\/wp\/v2\/types\/post"}],"author":[{"embeddable":true,"href":"https:\/\/unaymilletras.com\/en\/wp-json\/wp\/v2\/users\/9"}],"replies":[{"embeddable":true,"href":"https:\/\/unaymilletras.com\/en\/wp-json\/wp\/v2\/comments?post=6031"}],"version-history":[{"count":6,"href":"https:\/\/unaymilletras.com\/en\/wp-json\/wp\/v2\/posts\/6031\/revisions"}],"predecessor-version":[{"id":6038,"href":"https:\/\/unaymilletras.com\/en\/wp-json\/wp\/v2\/posts\/6031\/revisions\/6038"}],"wp:featuredmedia":[{"embeddable":true,"href":"https:\/\/unaymilletras.com\/en\/wp-json\/wp\/v2\/media\/6032"}],"wp:attachment":[{"href":"https:\/\/unaymilletras.com\/en\/wp-json\/wp\/v2\/media?parent=6031"}],"wp:term":[{"taxonomy":"category","embeddable":true,"href":"https:\/\/unaymilletras.com\/en\/wp-json\/wp\/v2\/categories?post=6031"},{"taxonomy":"post_tag","embeddable":true,"href":"https:\/\/unaymilletras.com\/en\/wp-json\/wp\/v2\/tags?post=6031"}],"curies":[{"name":"wp","href":"https:\/\/api.w.org\/{rel}","templated":true}]}}