{"id":6039,"date":"2025-10-17T13:58:29","date_gmt":"2025-10-17T11:58:29","guid":{"rendered":"https:\/\/unaymilletras.com\/?p=6039"},"modified":"2025-10-17T22:17:15","modified_gmt":"2025-10-17T20:17:15","slug":"la-m-o-d-a-presenta-san-felices-un-disco-que-celebra-el-tiempo-la-vida-y-la-autenticidad","status":"publish","type":"post","link":"https:\/\/unaymilletras.com\/en\/la-m-o-d-a-presenta-san-felices-un-disco-que-celebra-el-tiempo-la-vida-y-la-autenticidad\/","title":{"rendered":"LA M.O.D.A. presenta San Felices, un disco que celebra el tiempo, la vida y la autenticidad"},"content":{"rendered":"<div data-elementor-type=\"wp-post\" data-elementor-id=\"6039\" class=\"elementor elementor-6039\">\n\t\t\t\t\t\t<section class=\"elementor-section elementor-top-section elementor-element elementor-element-2ced37b elementor-section-boxed elementor-section-height-default elementor-section-height-default\" data-id=\"2ced37b\" data-element_type=\"section\" data-e-type=\"section\">\n\t\t\t\t\t\t<div class=\"elementor-container elementor-column-gap-default\">\n\t\t\t\t\t<div class=\"elementor-column elementor-col-100 elementor-top-column elementor-element elementor-element-6949233\" data-id=\"6949233\" data-element_type=\"column\" data-e-type=\"column\">\n\t\t\t<div class=\"elementor-widget-wrap elementor-element-populated\">\n\t\t\t\t\t\t<div class=\"elementor-element elementor-element-7dc7e1a elementor-widget elementor-widget-text-editor\" data-id=\"7dc7e1a\" data-element_type=\"widget\" data-e-type=\"widget\" data-widget_type=\"text-editor.default\">\n\t\t\t\t<div class=\"elementor-widget-container\">\n\t\t\t\t\t\t\t\t\t<p style=\"text-align: justify\"><strong data-start=\"350\" data-end=\"389\">La Maravillosa Orquesta del Alcohol<\/strong> (LA M.O.D.A.) presenta <b><em data-start=\"415\" data-end=\"428\">San Felices<\/em>, su nuevo \u00e1lbum<\/b>, un trabajo que refleja la esencia m\u00e1s pura y emocional de la banda burgalesa. Inspirado en el hist\u00f3rico barrio del mismo nombre, el disco combina la ternura, la fiesta y la melancol\u00eda.\u00a0<\/p>\t\t\t\t\t\t\t\t<\/div>\n\t\t\t\t<\/div>\n\t\t\t\t\t<\/div>\n\t\t<\/div>\n\t\t\t\t\t<\/div>\n\t\t<\/section>\n\t\t\t\t<section class=\"elementor-section elementor-top-section elementor-element elementor-element-ccadefd elementor-section-boxed elementor-section-height-default elementor-section-height-default\" data-id=\"ccadefd\" data-element_type=\"section\" data-e-type=\"section\">\n\t\t\t\t\t\t<div class=\"elementor-container elementor-column-gap-default\">\n\t\t\t\t\t<div class=\"elementor-column elementor-col-100 elementor-top-column elementor-element elementor-element-334e899\" data-id=\"334e899\" data-element_type=\"column\" data-e-type=\"column\">\n\t\t\t<div class=\"elementor-widget-wrap elementor-element-populated\">\n\t\t\t\t\t\t<div class=\"elementor-element elementor-element-1a7e738 elementor-widget elementor-widget-image\" data-id=\"1a7e738\" data-element_type=\"widget\" data-e-type=\"widget\" data-widget_type=\"image.default\">\n\t\t\t\t<div class=\"elementor-widget-container\">\n\t\t\t\t\t\t\t\t\t\t\t\t\t\t\t<img fetchpriority=\"high\" decoding=\"async\" width=\"640\" height=\"640\" src=\"https:\/\/unaymilletras.com\/wp-content\/uploads\/2025\/10\/unnamed-3.jpg\" class=\"attachment-large size-large wp-image-6042\" alt=\"San Felices\" srcset=\"https:\/\/unaymilletras.com\/wp-content\/uploads\/2025\/10\/unnamed-3.jpg 660w, https:\/\/unaymilletras.com\/wp-content\/uploads\/2025\/10\/unnamed-3-300x300.jpg 300w, https:\/\/unaymilletras.com\/wp-content\/uploads\/2025\/10\/unnamed-3-150x150.jpg 150w, https:\/\/unaymilletras.com\/wp-content\/uploads\/2025\/10\/unnamed-3-12x12.jpg 12w\" sizes=\"(max-width: 640px) 100vw, 640px\" \/>\t\t\t\t\t\t\t\t\t\t\t\t\t\t\t<\/div>\n\t\t\t\t<\/div>\n\t\t\t\t\t<\/div>\n\t\t<\/div>\n\t\t\t\t\t<\/div>\n\t\t<\/section>\n\t\t\t\t<section class=\"elementor-section elementor-top-section elementor-element elementor-element-901b4eb elementor-section-boxed elementor-section-height-default elementor-section-height-default\" data-id=\"901b4eb\" data-element_type=\"section\" data-e-type=\"section\">\n\t\t\t\t\t\t<div class=\"elementor-container elementor-column-gap-default\">\n\t\t\t\t\t<div class=\"elementor-column elementor-col-100 elementor-top-column elementor-element elementor-element-c8dc564\" data-id=\"c8dc564\" data-element_type=\"column\" data-e-type=\"column\">\n\t\t\t<div class=\"elementor-widget-wrap elementor-element-populated\">\n\t\t\t\t\t\t<div class=\"elementor-element elementor-element-9fe1375 elementor-widget elementor-widget-text-editor\" data-id=\"9fe1375\" data-element_type=\"widget\" data-e-type=\"widget\" data-widget_type=\"text-editor.default\">\n\t\t\t\t<div class=\"elementor-widget-container\">\n\t\t\t\t\t\t\t\t\t<p data-start=\"685\" data-end=\"850\">El trabajo, producido por <strong data-start=\"711\" data-end=\"726\">Carlos Raya<\/strong>, arranca con el tema hom\u00f3nimo <em data-start=\"757\" data-end=\"770\">San Felices<\/em>, un canto al paso del tiempo, la amistad y la belleza de las cosas sencillas. En este nuevo disco, la banda juega con su sonido m\u00e1s maduro y libre, mezclando el folk, el rock y la poes\u00eda cotidiana que los caracteriza desde sus inicios.<\/p><p style=\"text-align: justify\" data-start=\"1013\" data-end=\"1199\">Canciones como <em data-start=\"1028\" data-end=\"1045\">Letra Helv\u00e9tica<\/em> o <em data-start=\"1048\" data-end=\"1064\">Alsa pa Madrid<\/em> muestran el car\u00e1cter confesional del grupo, mientras <em data-start=\"1118\" data-end=\"1135\">La vida en rosa<\/em> y <em data-start=\"1138\" data-end=\"1169\">No te necesito para ser feliz<\/em> aportan ternura y cercan\u00eda. Pero uno de los momentos m\u00e1s emocionantes llega con <em data-start=\"1248\" data-end=\"1280\">Subiendo como el Chava Jim\u00e9nez<\/em>, homenaje al m\u00edtico ciclista y colaboraci\u00f3n con <strong data-start=\"1329\" data-end=\"1338\">Leiva<\/strong>, que deja una estrofa cargada de intensidad.<\/p>\t\t\t\t\t\t\t\t<\/div>\n\t\t\t\t<\/div>\n\t\t\t\t\t<\/div>\n\t\t<\/div>\n\t\t\t\t\t<\/div>\n\t\t<\/section>\n\t\t\t\t<section class=\"elementor-section elementor-top-section elementor-element elementor-element-ed48e88 elementor-section-boxed elementor-section-height-default elementor-section-height-default\" data-id=\"ed48e88\" data-element_type=\"section\" data-e-type=\"section\">\n\t\t\t\t\t\t<div class=\"elementor-container elementor-column-gap-default\">\n\t\t\t\t\t<div class=\"elementor-column elementor-col-100 elementor-top-column elementor-element elementor-element-bf820fa\" data-id=\"bf820fa\" data-element_type=\"column\" data-e-type=\"column\">\n\t\t\t<div class=\"elementor-widget-wrap elementor-element-populated\">\n\t\t\t\t\t\t<div class=\"elementor-element elementor-element-acc61df elementor-widget elementor-widget-text-editor\" data-id=\"acc61df\" data-element_type=\"widget\" data-e-type=\"widget\" data-widget_type=\"text-editor.default\">\n\t\t\t\t<div class=\"elementor-widget-container\">\n\t\t\t\t\t\t\t\t\t<h3 style=\"text-align: center\"><span style=\"color: #808080\"><em>\u00abMe dejo la piel, cada curva es una herida, pon el alma en el papel como el p\u00fablico ped\u00eda, ahora las personas son m\u00e1s r\u00e1pidas cada d\u00eda, los da\u00f1os existen y t\u00fa lo sab\u00edas\u00bb<\/em><\/span><\/h3>\t\t\t\t\t\t\t\t<\/div>\n\t\t\t\t<\/div>\n\t\t\t\t\t<\/div>\n\t\t<\/div>\n\t\t\t\t\t<\/div>\n\t\t<\/section>\n\t\t\t\t<section class=\"elementor-section elementor-top-section elementor-element elementor-element-16ef06c elementor-section-boxed elementor-section-height-default elementor-section-height-default\" data-id=\"16ef06c\" data-element_type=\"section\" data-e-type=\"section\">\n\t\t\t\t\t\t<div class=\"elementor-container elementor-column-gap-default\">\n\t\t\t\t\t<div class=\"elementor-column elementor-col-100 elementor-top-column elementor-element elementor-element-085af42\" data-id=\"085af42\" data-element_type=\"column\" data-e-type=\"column\">\n\t\t\t<div class=\"elementor-widget-wrap elementor-element-populated\">\n\t\t\t\t\t\t<div class=\"elementor-element elementor-element-352b4eb elementor-widget elementor-widget-text-editor\" data-id=\"352b4eb\" data-element_type=\"widget\" data-e-type=\"widget\" data-widget_type=\"text-editor.default\">\n\t\t\t\t<div class=\"elementor-widget-container\">\n\t\t\t\t\t\t\t\t\t<p style=\"text-align: justify\">En este nuevo trabajo, los burgaleses demuestran que es posible evolucionar sin perder identidad, moldeando canciones \u201ccomo alfareros de la m\u00fasica\u201d y reafirmando el\u00a0compromiso con sus ra\u00edces. <em>San Felices<\/em> es la confirmaci\u00f3n de la frase que David grit\u00f3 en uno de sus conciertos<\/p>\t\t\t\t\t\t\t\t<\/div>\n\t\t\t\t<\/div>\n\t\t\t\t\t<\/div>\n\t\t<\/div>\n\t\t\t\t\t<\/div>\n\t\t<\/section>\n\t\t\t\t<section class=\"elementor-section elementor-top-section elementor-element elementor-element-e9f43f8 elementor-section-boxed elementor-section-height-default elementor-section-height-default\" data-id=\"e9f43f8\" data-element_type=\"section\" data-e-type=\"section\">\n\t\t\t\t\t\t<div class=\"elementor-container elementor-column-gap-default\">\n\t\t\t\t\t<div class=\"elementor-column elementor-col-100 elementor-top-column elementor-element elementor-element-b3c972d\" data-id=\"b3c972d\" data-element_type=\"column\" data-e-type=\"column\">\n\t\t\t<div class=\"elementor-widget-wrap elementor-element-populated\">\n\t\t\t\t\t\t<div class=\"elementor-element elementor-element-c11da73 elementor-widget elementor-widget-text-editor\" data-id=\"c11da73\" data-element_type=\"widget\" data-e-type=\"widget\" data-widget_type=\"text-editor.default\">\n\t\t\t\t<div class=\"elementor-widget-container\">\n\t\t\t\t\t\t\t\t\t<h2 style=\"text-align: center\"><span style=\"color: #808080\"><em>\u00abSomos la banda m\u00e1s afortunada del mundo\u00bb<\/em><\/span><\/h2>\t\t\t\t\t\t\t\t<\/div>\n\t\t\t\t<\/div>\n\t\t\t\t\t<\/div>\n\t\t<\/div>\n\t\t\t\t\t<\/div>\n\t\t<\/section>\n\t\t\t\t<section class=\"elementor-section elementor-top-section elementor-element elementor-element-48d1949 elementor-section-boxed elementor-section-height-default elementor-section-height-default\" data-id=\"48d1949\" data-element_type=\"section\" data-e-type=\"section\">\n\t\t\t\t\t\t<div class=\"elementor-container elementor-column-gap-default\">\n\t\t\t\t\t<div class=\"elementor-column elementor-col-100 elementor-top-column elementor-element elementor-element-de67ba5\" data-id=\"de67ba5\" data-element_type=\"column\" data-e-type=\"column\">\n\t\t\t<div class=\"elementor-widget-wrap elementor-element-populated\">\n\t\t\t\t\t\t<div class=\"elementor-element elementor-element-40ef4d8 elementor-widget elementor-widget-text-editor\" data-id=\"40ef4d8\" data-element_type=\"widget\" data-e-type=\"widget\" data-widget_type=\"text-editor.default\">\n\t\t\t\t<div class=\"elementor-widget-container\">\n\t\t\t\t\t\t\t\t\t<p>El \u00e1lbum llega acompa\u00f1ado del <strong data-start=\"1804\" data-end=\"1842\">videoclip oficial de \u201cSan Felices\u201d, <\/strong>ya disponible <span style=\"color: #808080\">en<a style=\"color: #808080\" href=\"https:\/\/lamoda.lnk.to\/SanFelicesEM?utm_campaign=821761_LA%20MODA%20-%20SAN%20FELICES_231700_ES&amp;utm_medium=email&amp;utm_source=dotmailer&amp;dm_t=0,0,0,0,0\"> plataformas digitales<\/a>.\u00a0<\/span><\/p>\t\t\t\t\t\t\t\t<\/div>\n\t\t\t\t<\/div>\n\t\t\t\t\t<\/div>\n\t\t<\/div>\n\t\t\t\t\t<\/div>\n\t\t<\/section>\n\t\t\t\t<section class=\"elementor-section elementor-top-section elementor-element elementor-element-0bb95ef elementor-section-boxed elementor-section-height-default elementor-section-height-default\" data-id=\"0bb95ef\" data-element_type=\"section\" data-e-type=\"section\">\n\t\t\t\t\t\t<div class=\"elementor-container elementor-column-gap-default\">\n\t\t\t\t\t<div class=\"elementor-column elementor-col-100 elementor-top-column elementor-element elementor-element-bff4a1e\" data-id=\"bff4a1e\" data-element_type=\"column\" data-e-type=\"column\">\n\t\t\t<div class=\"elementor-widget-wrap elementor-element-populated\">\n\t\t\t\t\t\t<div class=\"elementor-element elementor-element-540fbaf elementor-widget elementor-widget-video\" data-id=\"540fbaf\" data-element_type=\"widget\" data-e-type=\"widget\" data-settings=\"{&quot;youtube_url&quot;:&quot;https:\\\/\\\/youtu.be\\\/PbkjkW5kMCc?si=o4UywDSa0OonQJBX&quot;,&quot;video_type&quot;:&quot;youtube&quot;,&quot;controls&quot;:&quot;yes&quot;}\" data-widget_type=\"video.default\">\n\t\t\t\t<div class=\"elementor-widget-container\">\n\t\t\t\t\t\t\t<div class=\"elementor-wrapper elementor-open-inline\">\n\t\t\t<div class=\"elementor-video\"><\/div>\t\t<\/div>\n\t\t\t\t\t\t<\/div>\n\t\t\t\t<\/div>\n\t\t\t\t\t<\/div>\n\t\t<\/div>\n\t\t\t\t\t<\/div>\n\t\t<\/section>\n\t\t\t\t<section class=\"elementor-section elementor-top-section elementor-element elementor-element-6646a4e elementor-section-boxed elementor-section-height-default elementor-section-height-default\" data-id=\"6646a4e\" data-element_type=\"section\" data-e-type=\"section\">\n\t\t\t\t\t\t<div class=\"elementor-container elementor-column-gap-default\">\n\t\t\t\t\t<div class=\"elementor-column elementor-col-50 elementor-top-column elementor-element elementor-element-d696c0c\" data-id=\"d696c0c\" data-element_type=\"column\" data-e-type=\"column\">\n\t\t\t<div class=\"elementor-widget-wrap elementor-element-populated\">\n\t\t\t\t\t\t<div class=\"elementor-element elementor-element-a1f7dca elementor-widget elementor-widget-text-editor\" data-id=\"a1f7dca\" data-element_type=\"widget\" data-e-type=\"widget\" data-widget_type=\"text-editor.default\">\n\t\t\t\t<div class=\"elementor-widget-container\">\n\t\t\t\t\t\t\t\t\t<p style=\"text-align: justify\">La banda vuelve a los escenarios con una gira que comenz\u00f3 en Burgos el pasado 28 de junio y que recorrer\u00e1 <b>m\u00e1s de 30 ciudades,<\/b> llevando la energ\u00eda y el alma de <em data-start=\"430\" data-end=\"443\">San Felices<\/em> por toda Espa\u00f1a.<\/p><p style=\"text-align: justify\">Muchos de los conciertos ya cuelgan el cartel de <em data-start=\"174\" data-end=\"184\">sold out<\/em>, por lo que si no quieres quedarte sin vivir esta experiencia, \u00a1hazte con tus entradas cuanto antes!<\/p>\t\t\t\t\t\t\t\t<\/div>\n\t\t\t\t<\/div>\n\t\t\t\t<div class=\"elementor-element elementor-element-5149821 elementor-align-justify elementor-widget elementor-widget-button\" data-id=\"5149821\" data-element_type=\"widget\" data-e-type=\"widget\" data-widget_type=\"button.default\">\n\t\t\t\t<div class=\"elementor-widget-container\">\n\t\t\t\t\t\t\t\t\t<div class=\"elementor-button-wrapper\">\n\t\t\t\t\t<a class=\"elementor-button elementor-button-link elementor-size-sm\" href=\"\">\n\t\t\t\t\t\t<span class=\"elementor-button-content-wrapper\">\n\t\t\t\t\t\t\t\t\t<span class=\"elementor-button-text\">COMPRALAS AQU\u00cd<\/span>\n\t\t\t\t\t<\/span>\n\t\t\t\t\t<\/a>\n\t\t\t\t<\/div>\n\t\t\t\t\t\t\t\t<\/div>\n\t\t\t\t<\/div>\n\t\t\t\t\t<\/div>\n\t\t<\/div>\n\t\t\t\t<div class=\"elementor-column elementor-col-50 elementor-top-column elementor-element elementor-element-9b02a74\" data-id=\"9b02a74\" data-element_type=\"column\" data-e-type=\"column\">\n\t\t\t<div class=\"elementor-widget-wrap elementor-element-populated\">\n\t\t\t\t\t\t<div class=\"elementor-element elementor-element-5aa6b63 elementor-widget elementor-widget-image\" data-id=\"5aa6b63\" data-element_type=\"widget\" data-e-type=\"widget\" data-widget_type=\"image.default\">\n\t\t\t\t<div class=\"elementor-widget-container\">\n\t\t\t\t\t\t\t\t\t\t\t\t\t\t\t<img decoding=\"async\" width=\"640\" height=\"800\" src=\"https:\/\/unaymilletras.com\/wp-content\/uploads\/2025\/10\/unnamed-1-2.jpg\" class=\"attachment-large size-large wp-image-6041\" alt=\"\" srcset=\"https:\/\/unaymilletras.com\/wp-content\/uploads\/2025\/10\/unnamed-1-2.jpg 660w, https:\/\/unaymilletras.com\/wp-content\/uploads\/2025\/10\/unnamed-1-2-240x300.jpg 240w, https:\/\/unaymilletras.com\/wp-content\/uploads\/2025\/10\/unnamed-1-2-10x12.jpg 10w\" sizes=\"(max-width: 640px) 100vw, 640px\" \/>\t\t\t\t\t\t\t\t\t\t\t\t\t\t\t<\/div>\n\t\t\t\t<\/div>\n\t\t\t\t\t<\/div>\n\t\t<\/div>\n\t\t\t\t\t<\/div>\n\t\t<\/section>\n\t\t\t\t<section class=\"elementor-section elementor-top-section elementor-element elementor-element-23e8df0 elementor-section-boxed elementor-section-height-default elementor-section-height-default\" data-id=\"23e8df0\" data-element_type=\"section\" data-e-type=\"section\">\n\t\t\t\t\t\t<div class=\"elementor-container elementor-column-gap-default\">\n\t\t\t\t\t<div class=\"elementor-column elementor-col-100 elementor-top-column elementor-element elementor-element-29ae26b\" data-id=\"29ae26b\" data-element_type=\"column\" data-e-type=\"column\">\n\t\t\t<div class=\"elementor-widget-wrap elementor-element-populated\">\n\t\t\t\t\t\t\t<\/div>\n\t\t<\/div>\n\t\t\t\t\t<\/div>\n\t\t<\/section>\n\t\t\t\t<section class=\"elementor-section elementor-top-section elementor-element elementor-element-d8c1aeb elementor-section-boxed elementor-section-height-default elementor-section-height-default\" data-id=\"d8c1aeb\" data-element_type=\"section\" data-e-type=\"section\">\n\t\t\t\t\t\t<div class=\"elementor-container elementor-column-gap-default\">\n\t\t\t\t\t<div class=\"elementor-column elementor-col-100 elementor-top-column elementor-element elementor-element-266e041\" data-id=\"266e041\" data-element_type=\"column\" data-e-type=\"column\">\n\t\t\t<div class=\"elementor-widget-wrap elementor-element-populated\">\n\t\t\t\t\t\t<div class=\"elementor-element elementor-element-c013266 elementor-widget elementor-widget-text-editor\" data-id=\"c013266\" data-element_type=\"widget\" data-e-type=\"widget\" data-widget_type=\"text-editor.default\">\n\t\t\t\t<div class=\"elementor-widget-container\">\n\t\t\t\t\t\t\t\t\t<p style=\"text-align: justify\">Con este regreso, LA M.O.D.A. confirma su condici\u00f3n de banda imprescindible en la escena nacional, capaz de emocionar, hacer bailar y recordar que, como ellos mismos dicen, \u201csomos la banda m\u00e1s afortunada del mundo\u201d.<\/p><p>Sigue descubriendo m\u00e1s sobre la actualidad musical en\u00a0<em><a href=\"https:\/\/unaymilletras.com\/en\/\">Una y mil letras<\/a>.<\/em><\/p>\t\t\t\t\t\t\t\t<\/div>\n\t\t\t\t<\/div>\n\t\t\t\t\t<\/div>\n\t\t<\/div>\n\t\t\t\t\t<\/div>\n\t\t<\/section>\n\t\t\t\t<\/div>","protected":false},"excerpt":{"rendered":"<p>La Maravillosa Orquesta del Alcohol (LA M.O.D.A.) presenta San Felices, su nuevo \u00e1lbum, un trabajo que refleja la esencia m\u00e1s pura y emocional de la banda burgalesa. Inspirado en el hist\u00f3rico barrio del mismo nombre, el disco combina la ternura, la fiesta y la melancol\u00eda.\u00a0 El trabajo, producido por Carlos Raya, arranca con el tema [&hellip;]<\/p>\n","protected":false},"author":13,"featured_media":6042,"comment_status":"closed","ping_status":"closed","sticky":false,"template":"","format":"standard","meta":{"footnotes":""},"categories":[4],"tags":[],"class_list":["post-6039","post","type-post","status-publish","format-standard","has-post-thumbnail","hentry","category-musica"],"yoast_head":"<!-- This site is optimized with the Yoast SEO plugin v27.4 - https:\/\/yoast.com\/product\/yoast-seo-wordpress\/ -->\n<title>LA M.O.D.A. presenta su nuevo disco San Felices<\/title>\n<meta name=\"description\" content=\"LA M.O.D.A. presenta San Felices y vuelve a los escenarios con una gira por m\u00e1s de 30 ciudades, muchas de ellas con entradas agotadas.\" \/>\n<meta name=\"robots\" content=\"index, follow, max-snippet:-1, max-image-preview:large, max-video-preview:-1\" \/>\n<link rel=\"canonical\" href=\"https:\/\/unaymilletras.com\/en\/la-m-o-d-a-presenta-san-felices-un-disco-que-celebra-el-tiempo-la-vida-y-la-autenticidad\/\" \/>\n<meta property=\"og:locale\" content=\"en_GB\" \/>\n<meta property=\"og:type\" content=\"article\" \/>\n<meta property=\"og:title\" content=\"LA M.O.D.A. presenta su nuevo disco San Felices\" \/>\n<meta property=\"og:description\" content=\"LA M.O.D.A. presenta San Felices y vuelve a los escenarios con una gira por m\u00e1s de 30 ciudades, muchas de ellas con entradas agotadas.\" \/>\n<meta property=\"og:url\" content=\"https:\/\/unaymilletras.com\/en\/la-m-o-d-a-presenta-san-felices-un-disco-que-celebra-el-tiempo-la-vida-y-la-autenticidad\/\" \/>\n<meta property=\"og:site_name\" content=\"Una y Mil Letras\" \/>\n<meta property=\"article:published_time\" content=\"2025-10-17T11:58:29+00:00\" \/>\n<meta property=\"article:modified_time\" content=\"2025-10-17T20:17:15+00:00\" \/>\n<meta property=\"og:image\" content=\"http:\/\/unaymilletras.com\/wp-content\/uploads\/2025\/10\/unnamed-3.jpg\" \/>\n\t<meta property=\"og:image:width\" content=\"660\" \/>\n\t<meta property=\"og:image:height\" content=\"660\" \/>\n\t<meta property=\"og:image:type\" content=\"image\/jpeg\" \/>\n<meta name=\"author\" content=\"Alba Benito\" \/>\n<meta name=\"twitter:card\" content=\"summary_large_image\" \/>\n<meta name=\"twitter:creator\" content=\"@UnaYMilLetras\" \/>\n<meta name=\"twitter:site\" content=\"@UnaYMilLetras\" \/>\n<meta name=\"twitter:label1\" content=\"Written by\" \/>\n\t<meta name=\"twitter:data1\" content=\"Alba Benito\" \/>\n\t<meta name=\"twitter:label2\" content=\"Estimated reading time\" \/>\n\t<meta name=\"twitter:data2\" content=\"3 minutes\" \/>\n<script type=\"application\/ld+json\" class=\"yoast-schema-graph\">{\"@context\":\"https:\\\/\\\/schema.org\",\"@graph\":[{\"@type\":\"Article\",\"@id\":\"https:\\\/\\\/unaymilletras.com\\\/la-m-o-d-a-presenta-san-felices-un-disco-que-celebra-el-tiempo-la-vida-y-la-autenticidad\\\/#article\",\"isPartOf\":{\"@id\":\"https:\\\/\\\/unaymilletras.com\\\/la-m-o-d-a-presenta-san-felices-un-disco-que-celebra-el-tiempo-la-vida-y-la-autenticidad\\\/\"},\"author\":{\"name\":\"Alba Benito\",\"@id\":\"http:\\\/\\\/unaymilletras.com\\\/#\\\/schema\\\/person\\\/a10550e4bff9a23f941f52b2cd5d8686\"},\"headline\":\"LA M.O.D.A. presenta San Felices, un disco que celebra el tiempo, la vida y la autenticidad\",\"datePublished\":\"2025-10-17T11:58:29+00:00\",\"dateModified\":\"2025-10-17T20:17:15+00:00\",\"mainEntityOfPage\":{\"@id\":\"https:\\\/\\\/unaymilletras.com\\\/la-m-o-d-a-presenta-san-felices-un-disco-que-celebra-el-tiempo-la-vida-y-la-autenticidad\\\/\"},\"wordCount\":436,\"publisher\":{\"@id\":\"http:\\\/\\\/unaymilletras.com\\\/#organization\"},\"image\":{\"@id\":\"https:\\\/\\\/unaymilletras.com\\\/la-m-o-d-a-presenta-san-felices-un-disco-que-celebra-el-tiempo-la-vida-y-la-autenticidad\\\/#primaryimage\"},\"thumbnailUrl\":\"https:\\\/\\\/unaymilletras.com\\\/wp-content\\\/uploads\\\/2025\\\/10\\\/unnamed-3.jpg\",\"articleSection\":[\"M\u00fasica\"],\"inLanguage\":\"en-GB\"},{\"@type\":\"WebPage\",\"@id\":\"https:\\\/\\\/unaymilletras.com\\\/la-m-o-d-a-presenta-san-felices-un-disco-que-celebra-el-tiempo-la-vida-y-la-autenticidad\\\/\",\"url\":\"https:\\\/\\\/unaymilletras.com\\\/la-m-o-d-a-presenta-san-felices-un-disco-que-celebra-el-tiempo-la-vida-y-la-autenticidad\\\/\",\"name\":\"LA M.O.D.A. presenta su nuevo disco San Felices\",\"isPartOf\":{\"@id\":\"http:\\\/\\\/unaymilletras.com\\\/#website\"},\"primaryImageOfPage\":{\"@id\":\"https:\\\/\\\/unaymilletras.com\\\/la-m-o-d-a-presenta-san-felices-un-disco-que-celebra-el-tiempo-la-vida-y-la-autenticidad\\\/#primaryimage\"},\"image\":{\"@id\":\"https:\\\/\\\/unaymilletras.com\\\/la-m-o-d-a-presenta-san-felices-un-disco-que-celebra-el-tiempo-la-vida-y-la-autenticidad\\\/#primaryimage\"},\"thumbnailUrl\":\"https:\\\/\\\/unaymilletras.com\\\/wp-content\\\/uploads\\\/2025\\\/10\\\/unnamed-3.jpg\",\"datePublished\":\"2025-10-17T11:58:29+00:00\",\"dateModified\":\"2025-10-17T20:17:15+00:00\",\"description\":\"LA M.O.D.A. presenta San Felices y vuelve a los escenarios con una gira por m\u00e1s de 30 ciudades, muchas de ellas con entradas agotadas.\",\"breadcrumb\":{\"@id\":\"https:\\\/\\\/unaymilletras.com\\\/la-m-o-d-a-presenta-san-felices-un-disco-que-celebra-el-tiempo-la-vida-y-la-autenticidad\\\/#breadcrumb\"},\"inLanguage\":\"en-GB\",\"potentialAction\":[{\"@type\":\"ReadAction\",\"target\":[\"https:\\\/\\\/unaymilletras.com\\\/la-m-o-d-a-presenta-san-felices-un-disco-que-celebra-el-tiempo-la-vida-y-la-autenticidad\\\/\"]}]},{\"@type\":\"ImageObject\",\"inLanguage\":\"en-GB\",\"@id\":\"https:\\\/\\\/unaymilletras.com\\\/la-m-o-d-a-presenta-san-felices-un-disco-que-celebra-el-tiempo-la-vida-y-la-autenticidad\\\/#primaryimage\",\"url\":\"https:\\\/\\\/unaymilletras.com\\\/wp-content\\\/uploads\\\/2025\\\/10\\\/unnamed-3.jpg\",\"contentUrl\":\"https:\\\/\\\/unaymilletras.com\\\/wp-content\\\/uploads\\\/2025\\\/10\\\/unnamed-3.jpg\",\"width\":660,\"height\":660,\"caption\":\"San Felices\"},{\"@type\":\"BreadcrumbList\",\"@id\":\"https:\\\/\\\/unaymilletras.com\\\/la-m-o-d-a-presenta-san-felices-un-disco-que-celebra-el-tiempo-la-vida-y-la-autenticidad\\\/#breadcrumb\",\"itemListElement\":[{\"@type\":\"ListItem\",\"position\":1,\"name\":\"Home\",\"item\":\"http:\\\/\\\/unaymilletras.com\\\/\"},{\"@type\":\"ListItem\",\"position\":2,\"name\":\"LA M.O.D.A. presenta San Felices, un disco que celebra el tiempo, la vida y la autenticidad\"}]},{\"@type\":\"WebSite\",\"@id\":\"http:\\\/\\\/unaymilletras.com\\\/#website\",\"url\":\"http:\\\/\\\/unaymilletras.com\\\/\",\"name\":\"Una y Mil Letras\",\"description\":\"\",\"publisher\":{\"@id\":\"http:\\\/\\\/unaymilletras.com\\\/#organization\"},\"potentialAction\":[{\"@type\":\"SearchAction\",\"target\":{\"@type\":\"EntryPoint\",\"urlTemplate\":\"http:\\\/\\\/unaymilletras.com\\\/?s={search_term_string}\"},\"query-input\":{\"@type\":\"PropertyValueSpecification\",\"valueRequired\":true,\"valueName\":\"search_term_string\"}}],\"inLanguage\":\"en-GB\"},{\"@type\":\"Organization\",\"@id\":\"http:\\\/\\\/unaymilletras.com\\\/#organization\",\"name\":\"Una y Mil Letras\",\"url\":\"http:\\\/\\\/unaymilletras.com\\\/\",\"logo\":{\"@type\":\"ImageObject\",\"inLanguage\":\"en-GB\",\"@id\":\"http:\\\/\\\/unaymilletras.com\\\/#\\\/schema\\\/logo\\\/image\\\/\",\"url\":\"https:\\\/\\\/unaymilletras.com\\\/wp-content\\\/uploads\\\/2024\\\/06\\\/cropped-Logo-removebg-preview.png\",\"contentUrl\":\"https:\\\/\\\/unaymilletras.com\\\/wp-content\\\/uploads\\\/2024\\\/06\\\/cropped-Logo-removebg-preview.png\",\"width\":512,\"height\":512,\"caption\":\"Una y Mil Letras\"},\"image\":{\"@id\":\"http:\\\/\\\/unaymilletras.com\\\/#\\\/schema\\\/logo\\\/image\\\/\"},\"sameAs\":[\"https:\\\/\\\/x.com\\\/UnaYMilLetras\",\"https:\\\/\\\/instagram.com\\\/UnaYMilLetras\"]},{\"@type\":\"Person\",\"@id\":\"http:\\\/\\\/unaymilletras.com\\\/#\\\/schema\\\/person\\\/a10550e4bff9a23f941f52b2cd5d8686\",\"name\":\"Alba Benito\",\"image\":{\"@type\":\"ImageObject\",\"inLanguage\":\"en-GB\",\"@id\":\"https:\\\/\\\/secure.gravatar.com\\\/avatar\\\/f227a2222ee313f4b5dea91891742064ec98aa8f11b91568879eaecf941f84de?s=96&d=mm&r=g\",\"url\":\"https:\\\/\\\/secure.gravatar.com\\\/avatar\\\/f227a2222ee313f4b5dea91891742064ec98aa8f11b91568879eaecf941f84de?s=96&d=mm&r=g\",\"contentUrl\":\"https:\\\/\\\/secure.gravatar.com\\\/avatar\\\/f227a2222ee313f4b5dea91891742064ec98aa8f11b91568879eaecf941f84de?s=96&d=mm&r=g\",\"caption\":\"Alba Benito\"},\"url\":\"https:\\\/\\\/unaymilletras.com\\\/en\\\/author\\\/aalbaas_\\\/\"}]}<\/script>\n<!-- \/ Yoast SEO plugin. -->","yoast_head_json":{"title":"LA M.O.D.A. presenta su nuevo disco San Felices","description":"LA M.O.D.A. presenta San Felices y vuelve a los escenarios con una gira por m\u00e1s de 30 ciudades, muchas de ellas con entradas agotadas.","robots":{"index":"index","follow":"follow","max-snippet":"max-snippet:-1","max-image-preview":"max-image-preview:large","max-video-preview":"max-video-preview:-1"},"canonical":"https:\/\/unaymilletras.com\/en\/la-m-o-d-a-presenta-san-felices-un-disco-que-celebra-el-tiempo-la-vida-y-la-autenticidad\/","og_locale":"en_GB","og_type":"article","og_title":"LA M.O.D.A. presenta su nuevo disco San Felices","og_description":"LA M.O.D.A. presenta San Felices y vuelve a los escenarios con una gira por m\u00e1s de 30 ciudades, muchas de ellas con entradas agotadas.","og_url":"https:\/\/unaymilletras.com\/en\/la-m-o-d-a-presenta-san-felices-un-disco-que-celebra-el-tiempo-la-vida-y-la-autenticidad\/","og_site_name":"Una y Mil Letras","article_published_time":"2025-10-17T11:58:29+00:00","article_modified_time":"2025-10-17T20:17:15+00:00","og_image":[{"width":660,"height":660,"url":"http:\/\/unaymilletras.com\/wp-content\/uploads\/2025\/10\/unnamed-3.jpg","type":"image\/jpeg"}],"author":"Alba Benito","twitter_card":"summary_large_image","twitter_creator":"@UnaYMilLetras","twitter_site":"@UnaYMilLetras","twitter_misc":{"Written by":"Alba Benito","Estimated reading time":"3 minutes"},"schema":{"@context":"https:\/\/schema.org","@graph":[{"@type":"Article","@id":"https:\/\/unaymilletras.com\/la-m-o-d-a-presenta-san-felices-un-disco-que-celebra-el-tiempo-la-vida-y-la-autenticidad\/#article","isPartOf":{"@id":"https:\/\/unaymilletras.com\/la-m-o-d-a-presenta-san-felices-un-disco-que-celebra-el-tiempo-la-vida-y-la-autenticidad\/"},"author":{"name":"Alba Benito","@id":"http:\/\/unaymilletras.com\/#\/schema\/person\/a10550e4bff9a23f941f52b2cd5d8686"},"headline":"LA M.O.D.A. presenta San Felices, un disco que celebra el tiempo, la vida y la autenticidad","datePublished":"2025-10-17T11:58:29+00:00","dateModified":"2025-10-17T20:17:15+00:00","mainEntityOfPage":{"@id":"https:\/\/unaymilletras.com\/la-m-o-d-a-presenta-san-felices-un-disco-que-celebra-el-tiempo-la-vida-y-la-autenticidad\/"},"wordCount":436,"publisher":{"@id":"http:\/\/unaymilletras.com\/#organization"},"image":{"@id":"https:\/\/unaymilletras.com\/la-m-o-d-a-presenta-san-felices-un-disco-que-celebra-el-tiempo-la-vida-y-la-autenticidad\/#primaryimage"},"thumbnailUrl":"https:\/\/unaymilletras.com\/wp-content\/uploads\/2025\/10\/unnamed-3.jpg","articleSection":["M\u00fasica"],"inLanguage":"en-GB"},{"@type":"WebPage","@id":"https:\/\/unaymilletras.com\/la-m-o-d-a-presenta-san-felices-un-disco-que-celebra-el-tiempo-la-vida-y-la-autenticidad\/","url":"https:\/\/unaymilletras.com\/la-m-o-d-a-presenta-san-felices-un-disco-que-celebra-el-tiempo-la-vida-y-la-autenticidad\/","name":"LA M.O.D.A. presenta su nuevo disco San Felices","isPartOf":{"@id":"http:\/\/unaymilletras.com\/#website"},"primaryImageOfPage":{"@id":"https:\/\/unaymilletras.com\/la-m-o-d-a-presenta-san-felices-un-disco-que-celebra-el-tiempo-la-vida-y-la-autenticidad\/#primaryimage"},"image":{"@id":"https:\/\/unaymilletras.com\/la-m-o-d-a-presenta-san-felices-un-disco-que-celebra-el-tiempo-la-vida-y-la-autenticidad\/#primaryimage"},"thumbnailUrl":"https:\/\/unaymilletras.com\/wp-content\/uploads\/2025\/10\/unnamed-3.jpg","datePublished":"2025-10-17T11:58:29+00:00","dateModified":"2025-10-17T20:17:15+00:00","description":"LA M.O.D.A. presenta San Felices y vuelve a los escenarios con una gira por m\u00e1s de 30 ciudades, muchas de ellas con entradas agotadas.","breadcrumb":{"@id":"https:\/\/unaymilletras.com\/la-m-o-d-a-presenta-san-felices-un-disco-que-celebra-el-tiempo-la-vida-y-la-autenticidad\/#breadcrumb"},"inLanguage":"en-GB","potentialAction":[{"@type":"ReadAction","target":["https:\/\/unaymilletras.com\/la-m-o-d-a-presenta-san-felices-un-disco-que-celebra-el-tiempo-la-vida-y-la-autenticidad\/"]}]},{"@type":"ImageObject","inLanguage":"en-GB","@id":"https:\/\/unaymilletras.com\/la-m-o-d-a-presenta-san-felices-un-disco-que-celebra-el-tiempo-la-vida-y-la-autenticidad\/#primaryimage","url":"https:\/\/unaymilletras.com\/wp-content\/uploads\/2025\/10\/unnamed-3.jpg","contentUrl":"https:\/\/unaymilletras.com\/wp-content\/uploads\/2025\/10\/unnamed-3.jpg","width":660,"height":660,"caption":"San Felices"},{"@type":"BreadcrumbList","@id":"https:\/\/unaymilletras.com\/la-m-o-d-a-presenta-san-felices-un-disco-que-celebra-el-tiempo-la-vida-y-la-autenticidad\/#breadcrumb","itemListElement":[{"@type":"ListItem","position":1,"name":"Home","item":"http:\/\/unaymilletras.com\/"},{"@type":"ListItem","position":2,"name":"LA M.O.D.A. presenta San Felices, un disco que celebra el tiempo, la vida y la autenticidad"}]},{"@type":"WebSite","@id":"http:\/\/unaymilletras.com\/#website","url":"http:\/\/unaymilletras.com\/","name":"Una y Mil Letras","description":"","publisher":{"@id":"http:\/\/unaymilletras.com\/#organization"},"potentialAction":[{"@type":"SearchAction","target":{"@type":"EntryPoint","urlTemplate":"http:\/\/unaymilletras.com\/?s={search_term_string}"},"query-input":{"@type":"PropertyValueSpecification","valueRequired":true,"valueName":"search_term_string"}}],"inLanguage":"en-GB"},{"@type":"Organization","@id":"http:\/\/unaymilletras.com\/#organization","name":"Una y Mil Letras","url":"http:\/\/unaymilletras.com\/","logo":{"@type":"ImageObject","inLanguage":"en-GB","@id":"http:\/\/unaymilletras.com\/#\/schema\/logo\/image\/","url":"https:\/\/unaymilletras.com\/wp-content\/uploads\/2024\/06\/cropped-Logo-removebg-preview.png","contentUrl":"https:\/\/unaymilletras.com\/wp-content\/uploads\/2024\/06\/cropped-Logo-removebg-preview.png","width":512,"height":512,"caption":"Una y Mil Letras"},"image":{"@id":"http:\/\/unaymilletras.com\/#\/schema\/logo\/image\/"},"sameAs":["https:\/\/x.com\/UnaYMilLetras","https:\/\/instagram.com\/UnaYMilLetras"]},{"@type":"Person","@id":"http:\/\/unaymilletras.com\/#\/schema\/person\/a10550e4bff9a23f941f52b2cd5d8686","name":"Alba Benito","image":{"@type":"ImageObject","inLanguage":"en-GB","@id":"https:\/\/secure.gravatar.com\/avatar\/f227a2222ee313f4b5dea91891742064ec98aa8f11b91568879eaecf941f84de?s=96&d=mm&r=g","url":"https:\/\/secure.gravatar.com\/avatar\/f227a2222ee313f4b5dea91891742064ec98aa8f11b91568879eaecf941f84de?s=96&d=mm&r=g","contentUrl":"https:\/\/secure.gravatar.com\/avatar\/f227a2222ee313f4b5dea91891742064ec98aa8f11b91568879eaecf941f84de?s=96&d=mm&r=g","caption":"Alba Benito"},"url":"https:\/\/unaymilletras.com\/en\/author\/aalbaas_\/"}]}},"_links":{"self":[{"href":"https:\/\/unaymilletras.com\/en\/wp-json\/wp\/v2\/posts\/6039","targetHints":{"allow":["GET"]}}],"collection":[{"href":"https:\/\/unaymilletras.com\/en\/wp-json\/wp\/v2\/posts"}],"about":[{"href":"https:\/\/unaymilletras.com\/en\/wp-json\/wp\/v2\/types\/post"}],"author":[{"embeddable":true,"href":"https:\/\/unaymilletras.com\/en\/wp-json\/wp\/v2\/users\/13"}],"replies":[{"embeddable":true,"href":"https:\/\/unaymilletras.com\/en\/wp-json\/wp\/v2\/comments?post=6039"}],"version-history":[{"count":19,"href":"https:\/\/unaymilletras.com\/en\/wp-json\/wp\/v2\/posts\/6039\/revisions"}],"predecessor-version":[{"id":6061,"href":"https:\/\/unaymilletras.com\/en\/wp-json\/wp\/v2\/posts\/6039\/revisions\/6061"}],"wp:featuredmedia":[{"embeddable":true,"href":"https:\/\/unaymilletras.com\/en\/wp-json\/wp\/v2\/media\/6042"}],"wp:attachment":[{"href":"https:\/\/unaymilletras.com\/en\/wp-json\/wp\/v2\/media?parent=6039"}],"wp:term":[{"taxonomy":"category","embeddable":true,"href":"https:\/\/unaymilletras.com\/en\/wp-json\/wp\/v2\/categories?post=6039"},{"taxonomy":"post_tag","embeddable":true,"href":"https:\/\/unaymilletras.com\/en\/wp-json\/wp\/v2\/tags?post=6039"}],"curies":[{"name":"wp","href":"https:\/\/api.w.org\/{rel}","templated":true}]}}