{"id":6062,"date":"2025-10-19T14:20:54","date_gmt":"2025-10-19T12:20:54","guid":{"rendered":"https:\/\/unaymilletras.com\/?p=6062"},"modified":"2025-10-19T14:22:04","modified_gmt":"2025-10-19T12:22:04","slug":"rawayana-estrena-su-nuevo-single-en-las-gallery-sessions","status":"publish","type":"post","link":"https:\/\/unaymilletras.com\/en\/rawayana-estrena-su-nuevo-single-en-las-gallery-sessions\/","title":{"rendered":"Rawayana estrena su nuevo single en las Gallery Sessions\u00a0"},"content":{"rendered":"<div data-elementor-type=\"wp-post\" data-elementor-id=\"6062\" class=\"elementor elementor-6062\">\n\t\t\t\t\t\t<section class=\"elementor-section elementor-top-section elementor-element elementor-element-72a1707 elementor-section-boxed elementor-section-height-default elementor-section-height-default\" data-id=\"72a1707\" data-element_type=\"section\" data-e-type=\"section\">\n\t\t\t\t\t\t<div class=\"elementor-container elementor-column-gap-default\">\n\t\t\t\t\t<div class=\"elementor-column elementor-col-100 elementor-top-column elementor-element elementor-element-d291a69\" data-id=\"d291a69\" data-element_type=\"column\" data-e-type=\"column\">\n\t\t\t<div class=\"elementor-widget-wrap elementor-element-populated\">\n\t\t\t\t\t\t<div class=\"elementor-element elementor-element-5d07e8b elementor-widget elementor-widget-text-editor\" data-id=\"5d07e8b\" data-element_type=\"widget\" data-e-type=\"widget\" data-widget_type=\"text-editor.default\">\n\t\t\t\t<div class=\"elementor-widget-container\">\n\t\t\t\t\t\t\t\t\t<h2><span style=\"color: #808080;\"><em><strong>La banda venezolana Rawayana lanza su nuevo sencillo y se convierte en la primera agrupaci\u00f3n del pa\u00eds en presentarse en las Gallery Sessions<\/strong><\/em><\/span><\/h2>\t\t\t\t\t\t\t\t<\/div>\n\t\t\t\t<\/div>\n\t\t\t\t<div class=\"elementor-element elementor-element-ae785aa elementor-widget elementor-widget-text-editor\" data-id=\"ae785aa\" data-element_type=\"widget\" data-e-type=\"widget\" data-widget_type=\"text-editor.default\">\n\t\t\t\t<div class=\"elementor-widget-container\">\n\t\t\t\t\t\t\t\t\t<p>Rawayana presenta su nuevo sencillo\u00a0<strong><em>La Noche Que No Hab\u00eda Uber,<\/em><\/strong>\u00a0una canci\u00f3n que marca su estreno en las Gallery Sessions de Barcelona.<\/p><p>El tema, escrito por\u00a0<strong>Beto Montenegro<\/strong>\u00a0junto a\u00a0<strong>Daniel Rond\u00f3n, Andr\u00e9s Story, Alejandro Abeijon, Bebo Dumont,<\/strong>\u00a0<strong>Mazzarri y Casta<\/strong>, fue producido por Fofo Story y los dos \u00faltimos coautores.<\/p><p>La canci\u00f3n narra una<strong>\u00a0historia de pasi\u00f3n y deseo<\/strong>\u00a0ambientada en una noche sin transporte. Adem\u00e1s encontramos una nueva propuesta:\u00a0\u00a0<strong>el \u201cvenet\u00f3n\u201d<\/strong><\/p><p>Se trata de un nuevo estilo que la banda describe como la evoluci\u00f3n tropical del sonido caribe\u00f1o, influenciado por el\u00a0<strong>merengue, la bachata y el reggaet\u00f3n<\/strong>, pero reinterpretado con una est\u00e9tica venezolana contempor\u00e1nea.<\/p>\t\t\t\t\t\t\t\t<\/div>\n\t\t\t\t<\/div>\n\t\t\t\t<div class=\"elementor-element elementor-element-f6adf1b elementor-widget elementor-widget-image\" data-id=\"f6adf1b\" data-element_type=\"widget\" data-e-type=\"widget\" data-widget_type=\"image.default\">\n\t\t\t\t<div class=\"elementor-widget-container\">\n\t\t\t\t\t\t\t\t\t\t\t\t\t\t\t<img fetchpriority=\"high\" decoding=\"async\" width=\"640\" height=\"961\" src=\"https:\/\/unaymilletras.com\/wp-content\/uploads\/2025\/10\/unnamed-9-682x1024.jpg\" class=\"attachment-large size-large wp-image-6064\" alt=\"Rawayana\" srcset=\"https:\/\/unaymilletras.com\/wp-content\/uploads\/2025\/10\/unnamed-9-682x1024.jpg 682w, https:\/\/unaymilletras.com\/wp-content\/uploads\/2025\/10\/unnamed-9-200x300.jpg 200w, https:\/\/unaymilletras.com\/wp-content\/uploads\/2025\/10\/unnamed-9-768x1153.jpg 768w, https:\/\/unaymilletras.com\/wp-content\/uploads\/2025\/10\/unnamed-9-1023x1536.jpg 1023w, https:\/\/unaymilletras.com\/wp-content\/uploads\/2025\/10\/unnamed-9-8x12.jpg 8w, https:\/\/unaymilletras.com\/wp-content\/uploads\/2025\/10\/unnamed-9-1024x1537.jpg 1024w, https:\/\/unaymilletras.com\/wp-content\/uploads\/2025\/10\/unnamed-9-e1760702682487.jpg 600w\" sizes=\"(max-width: 640px) 100vw, 640px\" \/>\t\t\t\t\t\t\t\t\t\t\t\t\t\t\t<\/div>\n\t\t\t\t<\/div>\n\t\t\t\t<div class=\"elementor-element elementor-element-354459c elementor-widget elementor-widget-text-editor\" data-id=\"354459c\" data-element_type=\"widget\" data-e-type=\"widget\" data-widget_type=\"text-editor.default\">\n\t\t\t\t<div class=\"elementor-widget-container\">\n\t\t\t\t\t\t\t\t\t<p>Con esta presentaci\u00f3n, Rawayana se convierte en la <strong>primera banda venezolana en participar en las Gallery Sessions<\/strong>, un espacio que ha recibido a artistas como <strong>Nathy Peluso<\/strong>, con su colaboracion en <em>MALPORTADA<\/em>.<\/p><p>El lanzamiento lleg\u00f3 semanas antes de la 26\u00aa Entrega Anual de los <strong>Latin GRAMMYs,<\/strong> donde la agrupaci\u00f3n <strong>compite en dos categor\u00edas:<\/strong> Mejor Interpretaci\u00f3n de M\u00fasica Electr\u00f3nica Latina por <em>VENEKA<\/em> junto a Akapellah, y Mejor Canci\u00f3n Tropical por <em>VENGA lo que VENGA,<\/em> en colaboraci\u00f3n con Fonseca.<\/p><p>Adem\u00e1s, Rawayana ser\u00e1 el <strong>acto principal del evento Billboard<\/strong> En Vivo el pr\u00f3ximo 22 de octubre en M2 Miami Beach, como parte de la Semana Billboard de la M\u00fasica Latina 2025.<\/p><p>Con este nuevo sencillo y una serie de logros internacionales, <strong>Rawayana<\/strong> se posiciona como una de las bandas destacadas del panorama musical latino actual.<\/p>\t\t\t\t\t\t\t\t<\/div>\n\t\t\t\t<\/div>\n\t\t\t\t<div class=\"elementor-element elementor-element-b8a2f62 elementor-widget elementor-widget-video\" data-id=\"b8a2f62\" data-element_type=\"widget\" data-e-type=\"widget\" data-settings=\"{&quot;youtube_url&quot;:&quot;https:\\\/\\\/youtu.be\\\/WzB22R3__Y8?si=R_Zu1zq8JauugabP&quot;,&quot;video_type&quot;:&quot;youtube&quot;,&quot;controls&quot;:&quot;yes&quot;}\" data-widget_type=\"video.default\">\n\t\t\t\t<div class=\"elementor-widget-container\">\n\t\t\t\t\t\t\t<div class=\"elementor-wrapper elementor-open-inline\">\n\t\t\t<div class=\"elementor-video\"><\/div>\t\t<\/div>\n\t\t\t\t\t\t<\/div>\n\t\t\t\t<\/div>\n\t\t\t\t\t<\/div>\n\t\t<\/div>\n\t\t\t\t\t<\/div>\n\t\t<\/section>\n\t\t\t\t<\/div>","protected":false},"excerpt":{"rendered":"<p>La banda venezolana Rawayana lanza su nuevo sencillo y se convierte en la primera agrupaci\u00f3n del pa\u00eds en presentarse en las Gallery Sessions Rawayana presenta su nuevo sencillo\u00a0La Noche Que No Hab\u00eda Uber,\u00a0una canci\u00f3n que marca su estreno en las Gallery Sessions de Barcelona. El tema, escrito por\u00a0Beto Montenegro\u00a0junto a\u00a0Daniel Rond\u00f3n, Andr\u00e9s Story, Alejandro Abeijon, [&hellip;]<\/p>\n","protected":false},"author":8,"featured_media":6064,"comment_status":"closed","ping_status":"closed","sticky":false,"template":"","format":"standard","meta":{"footnotes":""},"categories":[4],"tags":[235,236,169,234],"class_list":["post-6062","post","type-post","status-publish","format-standard","has-post-thumbnail","hentry","category-musica","tag-gallery-sessions","tag-latin-grammy","tag-musica","tag-rawayana"],"yoast_head":"<!-- This site is optimized with the Yoast SEO plugin v27.4 - https:\/\/yoast.com\/product\/yoast-seo-wordpress\/ -->\n<title>Rawayana estrena su nuevo single en las Gallery Sessions\u00a0 &#8902; Una y Mil Letras<\/title>\n<meta name=\"description\" content=\"La banda venezolana Rawayana lanza su nuevo sencillo y se convierte en la primera agrupaci\u00f3n del pa\u00eds en presentarse en las Gallery Sessions\" \/>\n<meta name=\"robots\" content=\"index, follow, max-snippet:-1, max-image-preview:large, max-video-preview:-1\" \/>\n<link rel=\"canonical\" href=\"https:\/\/unaymilletras.com\/en\/rawayana-estrena-su-nuevo-single-en-las-gallery-sessions\/\" \/>\n<meta property=\"og:locale\" content=\"en_GB\" \/>\n<meta property=\"og:type\" content=\"article\" \/>\n<meta property=\"og:title\" content=\"Rawayana estrena su nuevo single en las Gallery Sessions\u00a0 &#8902; Una y Mil Letras\" \/>\n<meta property=\"og:description\" content=\"La banda venezolana Rawayana lanza su nuevo sencillo y se convierte en la primera agrupaci\u00f3n del pa\u00eds en presentarse en las Gallery Sessions\" \/>\n<meta property=\"og:url\" content=\"https:\/\/unaymilletras.com\/en\/rawayana-estrena-su-nuevo-single-en-las-gallery-sessions\/\" \/>\n<meta property=\"og:site_name\" content=\"Una y Mil Letras\" \/>\n<meta property=\"article:published_time\" content=\"2025-10-19T12:20:54+00:00\" \/>\n<meta property=\"article:modified_time\" content=\"2025-10-19T12:22:04+00:00\" \/>\n<meta property=\"og:image\" content=\"http:\/\/unaymilletras.com\/wp-content\/uploads\/2025\/10\/unnamed-9-e1760702682487.jpg\" \/>\n\t<meta property=\"og:image:width\" content=\"600\" \/>\n\t<meta property=\"og:image:height\" content=\"901\" \/>\n\t<meta property=\"og:image:type\" content=\"image\/jpeg\" \/>\n<meta name=\"author\" content=\"Alvany Pereira\" \/>\n<meta name=\"twitter:card\" content=\"summary_large_image\" \/>\n<meta name=\"twitter:creator\" content=\"@UnaYMilLetras\" \/>\n<meta name=\"twitter:site\" content=\"@UnaYMilLetras\" \/>\n<meta name=\"twitter:label1\" content=\"Written by\" \/>\n\t<meta name=\"twitter:data1\" content=\"Alvany Pereira\" \/>\n\t<meta name=\"twitter:label2\" content=\"Estimated reading time\" \/>\n\t<meta name=\"twitter:data2\" content=\"2 minutes\" \/>\n<script type=\"application\/ld+json\" class=\"yoast-schema-graph\">{\"@context\":\"https:\\\/\\\/schema.org\",\"@graph\":[{\"@type\":\"Article\",\"@id\":\"https:\\\/\\\/unaymilletras.com\\\/rawayana-estrena-su-nuevo-single-en-las-gallery-sessions\\\/#article\",\"isPartOf\":{\"@id\":\"https:\\\/\\\/unaymilletras.com\\\/rawayana-estrena-su-nuevo-single-en-las-gallery-sessions\\\/\"},\"author\":{\"name\":\"Alvany Pereira\",\"@id\":\"http:\\\/\\\/unaymilletras.com\\\/#\\\/schema\\\/person\\\/f9792b0b93704f9d3f6cef46c2048d7d\"},\"headline\":\"Rawayana estrena su nuevo single en las Gallery Sessions\u00a0\",\"datePublished\":\"2025-10-19T12:20:54+00:00\",\"dateModified\":\"2025-10-19T12:22:04+00:00\",\"mainEntityOfPage\":{\"@id\":\"https:\\\/\\\/unaymilletras.com\\\/rawayana-estrena-su-nuevo-single-en-las-gallery-sessions\\\/\"},\"wordCount\":305,\"publisher\":{\"@id\":\"http:\\\/\\\/unaymilletras.com\\\/#organization\"},\"image\":{\"@id\":\"https:\\\/\\\/unaymilletras.com\\\/rawayana-estrena-su-nuevo-single-en-las-gallery-sessions\\\/#primaryimage\"},\"thumbnailUrl\":\"https:\\\/\\\/unaymilletras.com\\\/wp-content\\\/uploads\\\/2025\\\/10\\\/unnamed-9-e1760702682487.jpg\",\"keywords\":[\"Gallery sessions\",\"Latin grammy\",\"musica\",\"Rawayana\"],\"articleSection\":[\"M\u00fasica\"],\"inLanguage\":\"en-GB\"},{\"@type\":\"WebPage\",\"@id\":\"https:\\\/\\\/unaymilletras.com\\\/rawayana-estrena-su-nuevo-single-en-las-gallery-sessions\\\/\",\"url\":\"https:\\\/\\\/unaymilletras.com\\\/rawayana-estrena-su-nuevo-single-en-las-gallery-sessions\\\/\",\"name\":\"Rawayana estrena su nuevo single en las Gallery Sessions\u00a0 &#8902; Una y Mil Letras\",\"isPartOf\":{\"@id\":\"http:\\\/\\\/unaymilletras.com\\\/#website\"},\"primaryImageOfPage\":{\"@id\":\"https:\\\/\\\/unaymilletras.com\\\/rawayana-estrena-su-nuevo-single-en-las-gallery-sessions\\\/#primaryimage\"},\"image\":{\"@id\":\"https:\\\/\\\/unaymilletras.com\\\/rawayana-estrena-su-nuevo-single-en-las-gallery-sessions\\\/#primaryimage\"},\"thumbnailUrl\":\"https:\\\/\\\/unaymilletras.com\\\/wp-content\\\/uploads\\\/2025\\\/10\\\/unnamed-9-e1760702682487.jpg\",\"datePublished\":\"2025-10-19T12:20:54+00:00\",\"dateModified\":\"2025-10-19T12:22:04+00:00\",\"description\":\"La banda venezolana Rawayana lanza su nuevo sencillo y se convierte en la primera agrupaci\u00f3n del pa\u00eds en presentarse en las Gallery Sessions\",\"breadcrumb\":{\"@id\":\"https:\\\/\\\/unaymilletras.com\\\/rawayana-estrena-su-nuevo-single-en-las-gallery-sessions\\\/#breadcrumb\"},\"inLanguage\":\"en-GB\",\"potentialAction\":[{\"@type\":\"ReadAction\",\"target\":[\"https:\\\/\\\/unaymilletras.com\\\/rawayana-estrena-su-nuevo-single-en-las-gallery-sessions\\\/\"]}]},{\"@type\":\"ImageObject\",\"inLanguage\":\"en-GB\",\"@id\":\"https:\\\/\\\/unaymilletras.com\\\/rawayana-estrena-su-nuevo-single-en-las-gallery-sessions\\\/#primaryimage\",\"url\":\"https:\\\/\\\/unaymilletras.com\\\/wp-content\\\/uploads\\\/2025\\\/10\\\/unnamed-9-e1760702682487.jpg\",\"contentUrl\":\"https:\\\/\\\/unaymilletras.com\\\/wp-content\\\/uploads\\\/2025\\\/10\\\/unnamed-9-e1760702682487.jpg\",\"width\":600,\"height\":901,\"caption\":\"Rawayana\"},{\"@type\":\"BreadcrumbList\",\"@id\":\"https:\\\/\\\/unaymilletras.com\\\/rawayana-estrena-su-nuevo-single-en-las-gallery-sessions\\\/#breadcrumb\",\"itemListElement\":[{\"@type\":\"ListItem\",\"position\":1,\"name\":\"Home\",\"item\":\"http:\\\/\\\/unaymilletras.com\\\/\"},{\"@type\":\"ListItem\",\"position\":2,\"name\":\"Rawayana estrena su nuevo single en las Gallery Sessions\u00a0\"}]},{\"@type\":\"WebSite\",\"@id\":\"http:\\\/\\\/unaymilletras.com\\\/#website\",\"url\":\"http:\\\/\\\/unaymilletras.com\\\/\",\"name\":\"Una y Mil Letras\",\"description\":\"\",\"publisher\":{\"@id\":\"http:\\\/\\\/unaymilletras.com\\\/#organization\"},\"potentialAction\":[{\"@type\":\"SearchAction\",\"target\":{\"@type\":\"EntryPoint\",\"urlTemplate\":\"http:\\\/\\\/unaymilletras.com\\\/?s={search_term_string}\"},\"query-input\":{\"@type\":\"PropertyValueSpecification\",\"valueRequired\":true,\"valueName\":\"search_term_string\"}}],\"inLanguage\":\"en-GB\"},{\"@type\":\"Organization\",\"@id\":\"http:\\\/\\\/unaymilletras.com\\\/#organization\",\"name\":\"Una y Mil Letras\",\"url\":\"http:\\\/\\\/unaymilletras.com\\\/\",\"logo\":{\"@type\":\"ImageObject\",\"inLanguage\":\"en-GB\",\"@id\":\"http:\\\/\\\/unaymilletras.com\\\/#\\\/schema\\\/logo\\\/image\\\/\",\"url\":\"https:\\\/\\\/unaymilletras.com\\\/wp-content\\\/uploads\\\/2024\\\/06\\\/cropped-Logo-removebg-preview.png\",\"contentUrl\":\"https:\\\/\\\/unaymilletras.com\\\/wp-content\\\/uploads\\\/2024\\\/06\\\/cropped-Logo-removebg-preview.png\",\"width\":512,\"height\":512,\"caption\":\"Una y Mil Letras\"},\"image\":{\"@id\":\"http:\\\/\\\/unaymilletras.com\\\/#\\\/schema\\\/logo\\\/image\\\/\"},\"sameAs\":[\"https:\\\/\\\/x.com\\\/UnaYMilLetras\",\"https:\\\/\\\/instagram.com\\\/UnaYMilLetras\"]},{\"@type\":\"Person\",\"@id\":\"http:\\\/\\\/unaymilletras.com\\\/#\\\/schema\\\/person\\\/f9792b0b93704f9d3f6cef46c2048d7d\",\"name\":\"Alvany Pereira\",\"image\":{\"@type\":\"ImageObject\",\"inLanguage\":\"en-GB\",\"@id\":\"https:\\\/\\\/secure.gravatar.com\\\/avatar\\\/1a5fbcc81714220624d70f391a6187cd1434ccfcb154238afd238d6b8bb7f593?s=96&d=mm&r=g\",\"url\":\"https:\\\/\\\/secure.gravatar.com\\\/avatar\\\/1a5fbcc81714220624d70f391a6187cd1434ccfcb154238afd238d6b8bb7f593?s=96&d=mm&r=g\",\"contentUrl\":\"https:\\\/\\\/secure.gravatar.com\\\/avatar\\\/1a5fbcc81714220624d70f391a6187cd1434ccfcb154238afd238d6b8bb7f593?s=96&d=mm&r=g\",\"caption\":\"Alvany Pereira\"},\"url\":\"https:\\\/\\\/unaymilletras.com\\\/en\\\/author\\\/alvanysophia\\\/\"}]}<\/script>\n<!-- \/ Yoast SEO plugin. -->","yoast_head_json":{"title":"Rawayana estrena su nuevo single en las Gallery Sessions\u00a0 &#8902; Una y Mil Letras","description":"La banda venezolana Rawayana lanza su nuevo sencillo y se convierte en la primera agrupaci\u00f3n del pa\u00eds en presentarse en las Gallery Sessions","robots":{"index":"index","follow":"follow","max-snippet":"max-snippet:-1","max-image-preview":"max-image-preview:large","max-video-preview":"max-video-preview:-1"},"canonical":"https:\/\/unaymilletras.com\/en\/rawayana-estrena-su-nuevo-single-en-las-gallery-sessions\/","og_locale":"en_GB","og_type":"article","og_title":"Rawayana estrena su nuevo single en las Gallery Sessions\u00a0 &#8902; Una y Mil Letras","og_description":"La banda venezolana Rawayana lanza su nuevo sencillo y se convierte en la primera agrupaci\u00f3n del pa\u00eds en presentarse en las Gallery Sessions","og_url":"https:\/\/unaymilletras.com\/en\/rawayana-estrena-su-nuevo-single-en-las-gallery-sessions\/","og_site_name":"Una y Mil Letras","article_published_time":"2025-10-19T12:20:54+00:00","article_modified_time":"2025-10-19T12:22:04+00:00","og_image":[{"width":600,"height":901,"url":"http:\/\/unaymilletras.com\/wp-content\/uploads\/2025\/10\/unnamed-9-e1760702682487.jpg","type":"image\/jpeg"}],"author":"Alvany Pereira","twitter_card":"summary_large_image","twitter_creator":"@UnaYMilLetras","twitter_site":"@UnaYMilLetras","twitter_misc":{"Written by":"Alvany Pereira","Estimated reading time":"2 minutes"},"schema":{"@context":"https:\/\/schema.org","@graph":[{"@type":"Article","@id":"https:\/\/unaymilletras.com\/rawayana-estrena-su-nuevo-single-en-las-gallery-sessions\/#article","isPartOf":{"@id":"https:\/\/unaymilletras.com\/rawayana-estrena-su-nuevo-single-en-las-gallery-sessions\/"},"author":{"name":"Alvany Pereira","@id":"http:\/\/unaymilletras.com\/#\/schema\/person\/f9792b0b93704f9d3f6cef46c2048d7d"},"headline":"Rawayana estrena su nuevo single en las Gallery Sessions\u00a0","datePublished":"2025-10-19T12:20:54+00:00","dateModified":"2025-10-19T12:22:04+00:00","mainEntityOfPage":{"@id":"https:\/\/unaymilletras.com\/rawayana-estrena-su-nuevo-single-en-las-gallery-sessions\/"},"wordCount":305,"publisher":{"@id":"http:\/\/unaymilletras.com\/#organization"},"image":{"@id":"https:\/\/unaymilletras.com\/rawayana-estrena-su-nuevo-single-en-las-gallery-sessions\/#primaryimage"},"thumbnailUrl":"https:\/\/unaymilletras.com\/wp-content\/uploads\/2025\/10\/unnamed-9-e1760702682487.jpg","keywords":["Gallery sessions","Latin grammy","musica","Rawayana"],"articleSection":["M\u00fasica"],"inLanguage":"en-GB"},{"@type":"WebPage","@id":"https:\/\/unaymilletras.com\/rawayana-estrena-su-nuevo-single-en-las-gallery-sessions\/","url":"https:\/\/unaymilletras.com\/rawayana-estrena-su-nuevo-single-en-las-gallery-sessions\/","name":"Rawayana estrena su nuevo single en las Gallery Sessions\u00a0 &#8902; Una y Mil Letras","isPartOf":{"@id":"http:\/\/unaymilletras.com\/#website"},"primaryImageOfPage":{"@id":"https:\/\/unaymilletras.com\/rawayana-estrena-su-nuevo-single-en-las-gallery-sessions\/#primaryimage"},"image":{"@id":"https:\/\/unaymilletras.com\/rawayana-estrena-su-nuevo-single-en-las-gallery-sessions\/#primaryimage"},"thumbnailUrl":"https:\/\/unaymilletras.com\/wp-content\/uploads\/2025\/10\/unnamed-9-e1760702682487.jpg","datePublished":"2025-10-19T12:20:54+00:00","dateModified":"2025-10-19T12:22:04+00:00","description":"La banda venezolana Rawayana lanza su nuevo sencillo y se convierte en la primera agrupaci\u00f3n del pa\u00eds en presentarse en las Gallery Sessions","breadcrumb":{"@id":"https:\/\/unaymilletras.com\/rawayana-estrena-su-nuevo-single-en-las-gallery-sessions\/#breadcrumb"},"inLanguage":"en-GB","potentialAction":[{"@type":"ReadAction","target":["https:\/\/unaymilletras.com\/rawayana-estrena-su-nuevo-single-en-las-gallery-sessions\/"]}]},{"@type":"ImageObject","inLanguage":"en-GB","@id":"https:\/\/unaymilletras.com\/rawayana-estrena-su-nuevo-single-en-las-gallery-sessions\/#primaryimage","url":"https:\/\/unaymilletras.com\/wp-content\/uploads\/2025\/10\/unnamed-9-e1760702682487.jpg","contentUrl":"https:\/\/unaymilletras.com\/wp-content\/uploads\/2025\/10\/unnamed-9-e1760702682487.jpg","width":600,"height":901,"caption":"Rawayana"},{"@type":"BreadcrumbList","@id":"https:\/\/unaymilletras.com\/rawayana-estrena-su-nuevo-single-en-las-gallery-sessions\/#breadcrumb","itemListElement":[{"@type":"ListItem","position":1,"name":"Home","item":"http:\/\/unaymilletras.com\/"},{"@type":"ListItem","position":2,"name":"Rawayana estrena su nuevo single en las Gallery Sessions\u00a0"}]},{"@type":"WebSite","@id":"http:\/\/unaymilletras.com\/#website","url":"http:\/\/unaymilletras.com\/","name":"Una y Mil Letras","description":"","publisher":{"@id":"http:\/\/unaymilletras.com\/#organization"},"potentialAction":[{"@type":"SearchAction","target":{"@type":"EntryPoint","urlTemplate":"http:\/\/unaymilletras.com\/?s={search_term_string}"},"query-input":{"@type":"PropertyValueSpecification","valueRequired":true,"valueName":"search_term_string"}}],"inLanguage":"en-GB"},{"@type":"Organization","@id":"http:\/\/unaymilletras.com\/#organization","name":"Una y Mil Letras","url":"http:\/\/unaymilletras.com\/","logo":{"@type":"ImageObject","inLanguage":"en-GB","@id":"http:\/\/unaymilletras.com\/#\/schema\/logo\/image\/","url":"https:\/\/unaymilletras.com\/wp-content\/uploads\/2024\/06\/cropped-Logo-removebg-preview.png","contentUrl":"https:\/\/unaymilletras.com\/wp-content\/uploads\/2024\/06\/cropped-Logo-removebg-preview.png","width":512,"height":512,"caption":"Una y Mil Letras"},"image":{"@id":"http:\/\/unaymilletras.com\/#\/schema\/logo\/image\/"},"sameAs":["https:\/\/x.com\/UnaYMilLetras","https:\/\/instagram.com\/UnaYMilLetras"]},{"@type":"Person","@id":"http:\/\/unaymilletras.com\/#\/schema\/person\/f9792b0b93704f9d3f6cef46c2048d7d","name":"Alvany Pereira","image":{"@type":"ImageObject","inLanguage":"en-GB","@id":"https:\/\/secure.gravatar.com\/avatar\/1a5fbcc81714220624d70f391a6187cd1434ccfcb154238afd238d6b8bb7f593?s=96&d=mm&r=g","url":"https:\/\/secure.gravatar.com\/avatar\/1a5fbcc81714220624d70f391a6187cd1434ccfcb154238afd238d6b8bb7f593?s=96&d=mm&r=g","contentUrl":"https:\/\/secure.gravatar.com\/avatar\/1a5fbcc81714220624d70f391a6187cd1434ccfcb154238afd238d6b8bb7f593?s=96&d=mm&r=g","caption":"Alvany Pereira"},"url":"https:\/\/unaymilletras.com\/en\/author\/alvanysophia\/"}]}},"_links":{"self":[{"href":"https:\/\/unaymilletras.com\/en\/wp-json\/wp\/v2\/posts\/6062","targetHints":{"allow":["GET"]}}],"collection":[{"href":"https:\/\/unaymilletras.com\/en\/wp-json\/wp\/v2\/posts"}],"about":[{"href":"https:\/\/unaymilletras.com\/en\/wp-json\/wp\/v2\/types\/post"}],"author":[{"embeddable":true,"href":"https:\/\/unaymilletras.com\/en\/wp-json\/wp\/v2\/users\/8"}],"replies":[{"embeddable":true,"href":"https:\/\/unaymilletras.com\/en\/wp-json\/wp\/v2\/comments?post=6062"}],"version-history":[{"count":22,"href":"https:\/\/unaymilletras.com\/en\/wp-json\/wp\/v2\/posts\/6062\/revisions"}],"predecessor-version":[{"id":6097,"href":"https:\/\/unaymilletras.com\/en\/wp-json\/wp\/v2\/posts\/6062\/revisions\/6097"}],"wp:featuredmedia":[{"embeddable":true,"href":"https:\/\/unaymilletras.com\/en\/wp-json\/wp\/v2\/media\/6064"}],"wp:attachment":[{"href":"https:\/\/unaymilletras.com\/en\/wp-json\/wp\/v2\/media?parent=6062"}],"wp:term":[{"taxonomy":"category","embeddable":true,"href":"https:\/\/unaymilletras.com\/en\/wp-json\/wp\/v2\/categories?post=6062"},{"taxonomy":"post_tag","embeddable":true,"href":"https:\/\/unaymilletras.com\/en\/wp-json\/wp\/v2\/tags?post=6062"}],"curies":[{"name":"wp","href":"https:\/\/api.w.org\/{rel}","templated":true}]}}