{"id":6080,"date":"2025-10-18T12:41:25","date_gmt":"2025-10-18T10:41:25","guid":{"rendered":"https:\/\/unaymilletras.com\/?p=6080"},"modified":"2025-10-18T12:43:26","modified_gmt":"2025-10-18T10:43:26","slug":"bad-gyal-anuncia-segundas-fechas-en-barcelona-y-madrid","status":"publish","type":"post","link":"https:\/\/unaymilletras.com\/en\/bad-gyal-anuncia-segundas-fechas-en-barcelona-y-madrid\/","title":{"rendered":"Bad Gyal anuncia segundas fechas en Barcelona y Madrid"},"content":{"rendered":"<div data-elementor-type=\"wp-post\" data-elementor-id=\"6080\" class=\"elementor elementor-6080\">\n\t\t\t\t\t\t<section class=\"elementor-section elementor-top-section elementor-element elementor-element-8f35c79 elementor-section-boxed elementor-section-height-default elementor-section-height-default\" data-id=\"8f35c79\" data-element_type=\"section\" data-e-type=\"section\">\n\t\t\t\t\t\t<div class=\"elementor-container elementor-column-gap-default\">\n\t\t\t\t\t<div class=\"elementor-column elementor-col-100 elementor-top-column elementor-element elementor-element-1a2310a\" data-id=\"1a2310a\" data-element_type=\"column\" data-e-type=\"column\">\n\t\t\t<div class=\"elementor-widget-wrap elementor-element-populated\">\n\t\t\t\t\t\t<div class=\"elementor-element elementor-element-18f14df elementor-widget elementor-widget-text-editor\" data-id=\"18f14df\" data-element_type=\"widget\" data-e-type=\"widget\" data-widget_type=\"text-editor.default\">\n\t\t\t\t<div class=\"elementor-widget-container\">\n\t\t\t\t\t\t\t\t\t<h2 style=\"text-align: center;\"><span style=\"color: #808080;\"><em>La artista catalana Bad Gyal firma un nuevo r\u00e9cord de ventas y prepara su gira m\u00e1s ambiciosa hasta la fecha<\/em><\/span><\/h2>\t\t\t\t\t\t\t\t<\/div>\n\t\t\t\t<\/div>\n\t\t\t\t\t<\/div>\n\t\t<\/div>\n\t\t\t\t\t<\/div>\n\t\t<\/section>\n\t\t\t\t<section class=\"elementor-section elementor-top-section elementor-element elementor-element-31f657f elementor-section-boxed elementor-section-height-default elementor-section-height-default\" data-id=\"31f657f\" data-element_type=\"section\" data-e-type=\"section\">\n\t\t\t\t\t\t<div class=\"elementor-container elementor-column-gap-default\">\n\t\t\t\t\t<div class=\"elementor-column elementor-col-100 elementor-top-column elementor-element elementor-element-f641644\" data-id=\"f641644\" data-element_type=\"column\" data-e-type=\"column\">\n\t\t\t<div class=\"elementor-widget-wrap elementor-element-populated\">\n\t\t\t\t\t\t<div class=\"elementor-element elementor-element-a34f9f6 elementor-widget elementor-widget-text-editor\" data-id=\"a34f9f6\" data-element_type=\"widget\" data-e-type=\"widget\" data-widget_type=\"text-editor.default\">\n\t\t\t\t<div class=\"elementor-widget-container\">\n\t\t\t\t\t\t\t\t\t<p data-start=\"450\" data-end=\"824\"><strong data-start=\"450\" data-end=\"462\">Bad Gyal<\/strong> lo ha vuelto a hacer. En menos de 24 horas desde el inicio de la preventa, la artista agot\u00f3 las entradas para sus conciertos en <strong data-start=\"591\" data-end=\"604\">Barcelona<\/strong> y <strong data-start=\"607\" data-end=\"617\">Madrid<\/strong>, marcando un nuevo hito en su carrera. Ante la abrumadora demanda, acaba de anunciar <strong data-start=\"703\" data-end=\"722\">segundas fechas<\/strong> en ambas ciudades, reafirmando su posici\u00f3n como uno de los mayores fen\u00f3menos del pop urbano actual.<\/p>\n<p data-start=\"826\" data-end=\"1187\">Durante las primeras 24 horas de preventa, se vendi\u00f3 m\u00e1s del <strong data-start=\"887\" data-end=\"910\">75% de las entradas<\/strong> para todas las paradas del tour, incluyendo <strong data-start=\"955\" data-end=\"984\">Valencia, Bilbao, Sevilla<\/strong> y <strong data-start=\"987\" data-end=\"999\">A Coru\u00f1a<\/strong>. La <strong data-start=\"1004\" data-end=\"1040\">venta general ya est\u00e1 disponible<\/strong> a trav\u00e9s de <a class=\"decorated-link\" href=\"https:\/\/akabadgyal.com\" target=\"_new\" rel=\"noopener\" data-start=\"1053\" data-end=\"1093\">akabadgyal.com<\/a>, y todo apunta a que la gira se convertir\u00e1 en uno de los grandes eventos musicales de 2026.<\/p>\t\t\t\t\t\t\t\t<\/div>\n\t\t\t\t<\/div>\n\t\t\t\t\t<\/div>\n\t\t<\/div>\n\t\t\t\t\t<\/div>\n\t\t<\/section>\n\t\t\t\t<section class=\"elementor-section elementor-top-section elementor-element elementor-element-a794650 elementor-section-boxed elementor-section-height-default elementor-section-height-default\" data-id=\"a794650\" data-element_type=\"section\" data-e-type=\"section\">\n\t\t\t\t\t\t<div class=\"elementor-container elementor-column-gap-default\">\n\t\t\t\t\t<div class=\"elementor-column elementor-col-50 elementor-top-column elementor-element elementor-element-efbba40\" data-id=\"efbba40\" data-element_type=\"column\" data-e-type=\"column\">\n\t\t\t<div class=\"elementor-widget-wrap elementor-element-populated\">\n\t\t\t\t\t\t<div class=\"elementor-element elementor-element-c739c28 elementor-widget elementor-widget-image\" data-id=\"c739c28\" data-element_type=\"widget\" data-e-type=\"widget\" data-widget_type=\"image.default\">\n\t\t\t\t<div class=\"elementor-widget-container\">\n\t\t\t\t\t\t\t\t\t\t\t\t\t\t\t<img fetchpriority=\"high\" decoding=\"async\" width=\"640\" height=\"800\" src=\"https:\/\/unaymilletras.com\/wp-content\/uploads\/2025\/10\/4a6145d8-3ff5-168e-d991-0f56de39-819x1024.jpg\" class=\"attachment-large size-large wp-image-6085\" alt=\"Bad Gyal\" srcset=\"https:\/\/unaymilletras.com\/wp-content\/uploads\/2025\/10\/4a6145d8-3ff5-168e-d991-0f56de39-819x1024.jpg 819w, https:\/\/unaymilletras.com\/wp-content\/uploads\/2025\/10\/4a6145d8-3ff5-168e-d991-0f56de39-240x300.jpg 240w, https:\/\/unaymilletras.com\/wp-content\/uploads\/2025\/10\/4a6145d8-3ff5-168e-d991-0f56de39-768x960.jpg 768w, https:\/\/unaymilletras.com\/wp-content\/uploads\/2025\/10\/4a6145d8-3ff5-168e-d991-0f56de39-10x12.jpg 10w, https:\/\/unaymilletras.com\/wp-content\/uploads\/2025\/10\/4a6145d8-3ff5-168e-d991-0f56de39-e1760784117654.jpg 600w\" sizes=\"(max-width: 640px) 100vw, 640px\" \/>\t\t\t\t\t\t\t\t\t\t\t\t\t\t\t<\/div>\n\t\t\t\t<\/div>\n\t\t\t\t\t<\/div>\n\t\t<\/div>\n\t\t\t\t<div class=\"elementor-column elementor-col-50 elementor-top-column elementor-element elementor-element-d15d8d9\" data-id=\"d15d8d9\" data-element_type=\"column\" data-e-type=\"column\">\n\t\t\t<div class=\"elementor-widget-wrap elementor-element-populated\">\n\t\t\t\t\t\t<div class=\"elementor-element elementor-element-89f1abb elementor-widget elementor-widget-text-editor\" data-id=\"89f1abb\" data-element_type=\"widget\" data-e-type=\"widget\" data-widget_type=\"text-editor.default\">\n\t\t\t\t<div class=\"elementor-widget-container\">\n\t\t\t\t\t\t\t\t\t<p data-start=\"1189\" data-end=\"1663\">El <strong data-start=\"1192\" data-end=\"1205\">Tour 2026<\/strong> de Bad Gyal comenzar\u00e1 en <strong data-start=\"1231\" data-end=\"1248\">marzo de 2026<\/strong> y la llevar\u00e1 por los principales recintos de Espa\u00f1a: el <strong data-start=\"1305\" data-end=\"1325\">Palau Sant Jordi<\/strong> de Barcelona, el <strong data-start=\"1343\" data-end=\"1361\">Movistar Arena<\/strong> de Madrid, el <strong data-start=\"1376\" data-end=\"1390\">Roig Arena<\/strong> de Valencia, el <strong data-start=\"1407\" data-end=\"1438\">Live Sur Stadium La Cartuja<\/strong> de Sevilla, el <strong data-start=\"1454\" data-end=\"1473\">Arena Miribilla<\/strong> de Bilbao y el <strong data-start=\"1489\" data-end=\"1501\">Coliseum<\/strong> de A Coru\u00f1a. En esta gira, la artista presentar\u00e1 su <strong data-start=\"1554\" data-end=\"1569\">nuevo disco<\/strong>, un proyecto que promete consolidar su estatus global y abrir una nueva etapa en su sonido.<\/p><p data-start=\"1665\" data-end=\"2020\">Este anuncio llega en el mejor momento de su carrera. Bad Gyal acaba de recibir <strong data-start=\"1745\" data-end=\"1793\">tres nominaciones a Los 40 Music Awards 2025<\/strong>, en las categor\u00edas de <strong data-start=\"1816\" data-end=\"1840\">Mejor Artista Urbano<\/strong>, <strong data-start=\"1842\" data-end=\"1861\">Mejor Videoclip<\/strong> por <em data-start=\"1866\" data-end=\"1873\">Da Me<\/em> y <strong data-start=\"1876\" data-end=\"1907\">Mejor Canci\u00f3n Urbana Global<\/strong> por <em data-start=\"1912\" data-end=\"1922\">Comernos<\/em>, junto a <strong data-start=\"1932\" data-end=\"1947\">Omar Courtz<\/strong>. Un reconocimiento que celebra su influencia dentro y fuera de Espa\u00f1a.<\/p>\t\t\t\t\t\t\t\t<\/div>\n\t\t\t\t<\/div>\n\t\t\t\t\t<\/div>\n\t\t<\/div>\n\t\t\t\t\t<\/div>\n\t\t<\/section>\n\t\t\t\t<section class=\"elementor-section elementor-top-section elementor-element elementor-element-866b887 elementor-section-boxed elementor-section-height-default elementor-section-height-default\" data-id=\"866b887\" data-element_type=\"section\" data-e-type=\"section\">\n\t\t\t\t\t\t<div class=\"elementor-container elementor-column-gap-default\">\n\t\t\t\t\t<div class=\"elementor-column elementor-col-100 elementor-top-column elementor-element elementor-element-4c815ab\" data-id=\"4c815ab\" data-element_type=\"column\" data-e-type=\"column\">\n\t\t\t<div class=\"elementor-widget-wrap elementor-element-populated\">\n\t\t\t\t\t\t<div class=\"elementor-element elementor-element-95c9fd7 elementor-widget elementor-widget-text-editor\" data-id=\"95c9fd7\" data-element_type=\"widget\" data-e-type=\"widget\" data-widget_type=\"text-editor.default\">\n\t\t\t\t<div class=\"elementor-widget-container\">\n\t\t\t\t\t\t\t\t\t<p>En el \u00faltimo a\u00f1o, Bad Gyal ha encabezado festivales nacionales e internacionales y ha colaborado con artistas de la escena global, reafirmando su papel como una de las voces m\u00e1s innovadoras y poderosas del g\u00e9nero urbano. Su propuesta fusiona sensualidad, empoderamiento y vanguardia sonora, creando un lenguaje propio que trasciende fronteras.<\/p><p data-start=\"2865\" data-end=\"3049\">Con esta nueva gira, Bad Gyal consolida su salto al siguiente nivel: una artista global, con ambici\u00f3n, visi\u00f3n y una legi\u00f3n de fans dispuestos a seguirla all\u00e1 donde el ritmo la lleve.<\/p>\t\t\t\t\t\t\t\t<\/div>\n\t\t\t\t<\/div>\n\t\t\t\t\t<\/div>\n\t\t<\/div>\n\t\t\t\t\t<\/div>\n\t\t<\/section>\n\t\t\t\t<\/div>","protected":false},"excerpt":{"rendered":"<p>La artista catalana Bad Gyal firma un nuevo r\u00e9cord de ventas y prepara su gira m\u00e1s ambiciosa hasta la fecha Bad Gyal lo ha vuelto a hacer. En menos de 24 horas desde el inicio de la preventa, la artista agot\u00f3 las entradas para sus conciertos en Barcelona y Madrid, marcando un nuevo hito en [&hellip;]<\/p>\n","protected":false},"author":6,"featured_media":6085,"comment_status":"closed","ping_status":"closed","sticky":false,"template":"","format":"standard","meta":{"footnotes":""},"categories":[4],"tags":[],"class_list":["post-6080","post","type-post","status-publish","format-standard","has-post-thumbnail","hentry","category-musica"],"yoast_head":"<!-- This site is optimized with the Yoast SEO plugin v27.4 - https:\/\/yoast.com\/product\/yoast-seo-wordpress\/ -->\n<title>Bad Gyal anuncia segundas fechas en Barcelona y Madrid<\/title>\n<meta name=\"description\" content=\"La artista catalana Bad Gyal firma un nuevo r\u00e9cord de ventas y prepara su gira m\u00e1s ambiciosa hasta la fecha\" \/>\n<meta name=\"robots\" content=\"index, follow, max-snippet:-1, max-image-preview:large, max-video-preview:-1\" \/>\n<link rel=\"canonical\" href=\"https:\/\/unaymilletras.com\/en\/bad-gyal-anuncia-segundas-fechas-en-barcelona-y-madrid\/\" \/>\n<meta property=\"og:locale\" content=\"en_GB\" \/>\n<meta property=\"og:type\" content=\"article\" \/>\n<meta property=\"og:title\" content=\"Bad Gyal anuncia segundas fechas en Barcelona y Madrid\" \/>\n<meta property=\"og:description\" content=\"La artista catalana Bad Gyal firma un nuevo r\u00e9cord de ventas y prepara su gira m\u00e1s ambiciosa hasta la fecha\" \/>\n<meta property=\"og:url\" content=\"https:\/\/unaymilletras.com\/en\/bad-gyal-anuncia-segundas-fechas-en-barcelona-y-madrid\/\" \/>\n<meta property=\"og:site_name\" content=\"Una y Mil Letras\" \/>\n<meta property=\"article:published_time\" content=\"2025-10-18T10:41:25+00:00\" \/>\n<meta property=\"article:modified_time\" content=\"2025-10-18T10:43:26+00:00\" \/>\n<meta property=\"og:image\" content=\"http:\/\/unaymilletras.com\/wp-content\/uploads\/2025\/10\/4a6145d8-3ff5-168e-d991-0f56de39-e1760784117654.jpg\" \/>\n\t<meta property=\"og:image:width\" content=\"600\" \/>\n\t<meta property=\"og:image:height\" content=\"750\" \/>\n\t<meta property=\"og:image:type\" content=\"image\/jpeg\" \/>\n<meta name=\"author\" content=\"Redacci\u00f3n\" \/>\n<meta name=\"twitter:card\" content=\"summary_large_image\" \/>\n<meta name=\"twitter:creator\" content=\"@UnaYMilLetras\" \/>\n<meta name=\"twitter:site\" content=\"@UnaYMilLetras\" \/>\n<meta name=\"twitter:label1\" content=\"Written by\" \/>\n\t<meta name=\"twitter:data1\" content=\"Redacci\u00f3n\" \/>\n\t<meta name=\"twitter:label2\" content=\"Estimated reading time\" \/>\n\t<meta name=\"twitter:data2\" content=\"2 minutes\" \/>\n<script type=\"application\/ld+json\" class=\"yoast-schema-graph\">{\"@context\":\"https:\\\/\\\/schema.org\",\"@graph\":[{\"@type\":\"Article\",\"@id\":\"https:\\\/\\\/unaymilletras.com\\\/bad-gyal-anuncia-segundas-fechas-en-barcelona-y-madrid\\\/#article\",\"isPartOf\":{\"@id\":\"https:\\\/\\\/unaymilletras.com\\\/bad-gyal-anuncia-segundas-fechas-en-barcelona-y-madrid\\\/\"},\"author\":{\"name\":\"Redacci\u00f3n\",\"@id\":\"http:\\\/\\\/unaymilletras.com\\\/#\\\/schema\\\/person\\\/0860dc8a218329991ee2c7591f4f849d\"},\"headline\":\"Bad Gyal anuncia segundas fechas en Barcelona y Madrid\",\"datePublished\":\"2025-10-18T10:41:25+00:00\",\"dateModified\":\"2025-10-18T10:43:26+00:00\",\"mainEntityOfPage\":{\"@id\":\"https:\\\/\\\/unaymilletras.com\\\/bad-gyal-anuncia-segundas-fechas-en-barcelona-y-madrid\\\/\"},\"wordCount\":378,\"publisher\":{\"@id\":\"http:\\\/\\\/unaymilletras.com\\\/#organization\"},\"image\":{\"@id\":\"https:\\\/\\\/unaymilletras.com\\\/bad-gyal-anuncia-segundas-fechas-en-barcelona-y-madrid\\\/#primaryimage\"},\"thumbnailUrl\":\"https:\\\/\\\/unaymilletras.com\\\/wp-content\\\/uploads\\\/2025\\\/10\\\/4a6145d8-3ff5-168e-d991-0f56de39-e1760784117654.jpg\",\"articleSection\":[\"M\u00fasica\"],\"inLanguage\":\"en-GB\"},{\"@type\":\"WebPage\",\"@id\":\"https:\\\/\\\/unaymilletras.com\\\/bad-gyal-anuncia-segundas-fechas-en-barcelona-y-madrid\\\/\",\"url\":\"https:\\\/\\\/unaymilletras.com\\\/bad-gyal-anuncia-segundas-fechas-en-barcelona-y-madrid\\\/\",\"name\":\"Bad Gyal anuncia segundas fechas en Barcelona y Madrid\",\"isPartOf\":{\"@id\":\"http:\\\/\\\/unaymilletras.com\\\/#website\"},\"primaryImageOfPage\":{\"@id\":\"https:\\\/\\\/unaymilletras.com\\\/bad-gyal-anuncia-segundas-fechas-en-barcelona-y-madrid\\\/#primaryimage\"},\"image\":{\"@id\":\"https:\\\/\\\/unaymilletras.com\\\/bad-gyal-anuncia-segundas-fechas-en-barcelona-y-madrid\\\/#primaryimage\"},\"thumbnailUrl\":\"https:\\\/\\\/unaymilletras.com\\\/wp-content\\\/uploads\\\/2025\\\/10\\\/4a6145d8-3ff5-168e-d991-0f56de39-e1760784117654.jpg\",\"datePublished\":\"2025-10-18T10:41:25+00:00\",\"dateModified\":\"2025-10-18T10:43:26+00:00\",\"description\":\"La artista catalana Bad Gyal firma un nuevo r\u00e9cord de ventas y prepara su gira m\u00e1s ambiciosa hasta la fecha\",\"breadcrumb\":{\"@id\":\"https:\\\/\\\/unaymilletras.com\\\/bad-gyal-anuncia-segundas-fechas-en-barcelona-y-madrid\\\/#breadcrumb\"},\"inLanguage\":\"en-GB\",\"potentialAction\":[{\"@type\":\"ReadAction\",\"target\":[\"https:\\\/\\\/unaymilletras.com\\\/bad-gyal-anuncia-segundas-fechas-en-barcelona-y-madrid\\\/\"]}]},{\"@type\":\"ImageObject\",\"inLanguage\":\"en-GB\",\"@id\":\"https:\\\/\\\/unaymilletras.com\\\/bad-gyal-anuncia-segundas-fechas-en-barcelona-y-madrid\\\/#primaryimage\",\"url\":\"https:\\\/\\\/unaymilletras.com\\\/wp-content\\\/uploads\\\/2025\\\/10\\\/4a6145d8-3ff5-168e-d991-0f56de39-e1760784117654.jpg\",\"contentUrl\":\"https:\\\/\\\/unaymilletras.com\\\/wp-content\\\/uploads\\\/2025\\\/10\\\/4a6145d8-3ff5-168e-d991-0f56de39-e1760784117654.jpg\",\"width\":600,\"height\":750,\"caption\":\"Bad Gyal\"},{\"@type\":\"BreadcrumbList\",\"@id\":\"https:\\\/\\\/unaymilletras.com\\\/bad-gyal-anuncia-segundas-fechas-en-barcelona-y-madrid\\\/#breadcrumb\",\"itemListElement\":[{\"@type\":\"ListItem\",\"position\":1,\"name\":\"Home\",\"item\":\"http:\\\/\\\/unaymilletras.com\\\/\"},{\"@type\":\"ListItem\",\"position\":2,\"name\":\"Bad Gyal anuncia segundas fechas en Barcelona y Madrid\"}]},{\"@type\":\"WebSite\",\"@id\":\"http:\\\/\\\/unaymilletras.com\\\/#website\",\"url\":\"http:\\\/\\\/unaymilletras.com\\\/\",\"name\":\"Una y Mil Letras\",\"description\":\"\",\"publisher\":{\"@id\":\"http:\\\/\\\/unaymilletras.com\\\/#organization\"},\"potentialAction\":[{\"@type\":\"SearchAction\",\"target\":{\"@type\":\"EntryPoint\",\"urlTemplate\":\"http:\\\/\\\/unaymilletras.com\\\/?s={search_term_string}\"},\"query-input\":{\"@type\":\"PropertyValueSpecification\",\"valueRequired\":true,\"valueName\":\"search_term_string\"}}],\"inLanguage\":\"en-GB\"},{\"@type\":\"Organization\",\"@id\":\"http:\\\/\\\/unaymilletras.com\\\/#organization\",\"name\":\"Una y Mil Letras\",\"url\":\"http:\\\/\\\/unaymilletras.com\\\/\",\"logo\":{\"@type\":\"ImageObject\",\"inLanguage\":\"en-GB\",\"@id\":\"http:\\\/\\\/unaymilletras.com\\\/#\\\/schema\\\/logo\\\/image\\\/\",\"url\":\"https:\\\/\\\/unaymilletras.com\\\/wp-content\\\/uploads\\\/2024\\\/06\\\/cropped-Logo-removebg-preview.png\",\"contentUrl\":\"https:\\\/\\\/unaymilletras.com\\\/wp-content\\\/uploads\\\/2024\\\/06\\\/cropped-Logo-removebg-preview.png\",\"width\":512,\"height\":512,\"caption\":\"Una y Mil Letras\"},\"image\":{\"@id\":\"http:\\\/\\\/unaymilletras.com\\\/#\\\/schema\\\/logo\\\/image\\\/\"},\"sameAs\":[\"https:\\\/\\\/x.com\\\/UnaYMilLetras\",\"https:\\\/\\\/instagram.com\\\/UnaYMilLetras\"]},{\"@type\":\"Person\",\"@id\":\"http:\\\/\\\/unaymilletras.com\\\/#\\\/schema\\\/person\\\/0860dc8a218329991ee2c7591f4f849d\",\"name\":\"Redacci\u00f3n\",\"image\":{\"@type\":\"ImageObject\",\"inLanguage\":\"en-GB\",\"@id\":\"https:\\\/\\\/secure.gravatar.com\\\/avatar\\\/d8f55e05a8b6597e45c55a1dcbdbfe44f4a360d88b48e00de5216a79b7732796?s=96&d=mm&r=g\",\"url\":\"https:\\\/\\\/secure.gravatar.com\\\/avatar\\\/d8f55e05a8b6597e45c55a1dcbdbfe44f4a360d88b48e00de5216a79b7732796?s=96&d=mm&r=g\",\"contentUrl\":\"https:\\\/\\\/secure.gravatar.com\\\/avatar\\\/d8f55e05a8b6597e45c55a1dcbdbfe44f4a360d88b48e00de5216a79b7732796?s=96&d=mm&r=g\",\"caption\":\"Redacci\u00f3n\"},\"url\":\"https:\\\/\\\/unaymilletras.com\\\/en\\\/author\\\/redaccion\\\/\"}]}<\/script>\n<!-- \/ Yoast SEO plugin. -->","yoast_head_json":{"title":"Bad Gyal anuncia segundas fechas en Barcelona y Madrid","description":"La artista catalana Bad Gyal firma un nuevo r\u00e9cord de ventas y prepara su gira m\u00e1s ambiciosa hasta la fecha","robots":{"index":"index","follow":"follow","max-snippet":"max-snippet:-1","max-image-preview":"max-image-preview:large","max-video-preview":"max-video-preview:-1"},"canonical":"https:\/\/unaymilletras.com\/en\/bad-gyal-anuncia-segundas-fechas-en-barcelona-y-madrid\/","og_locale":"en_GB","og_type":"article","og_title":"Bad Gyal anuncia segundas fechas en Barcelona y Madrid","og_description":"La artista catalana Bad Gyal firma un nuevo r\u00e9cord de ventas y prepara su gira m\u00e1s ambiciosa hasta la fecha","og_url":"https:\/\/unaymilletras.com\/en\/bad-gyal-anuncia-segundas-fechas-en-barcelona-y-madrid\/","og_site_name":"Una y Mil Letras","article_published_time":"2025-10-18T10:41:25+00:00","article_modified_time":"2025-10-18T10:43:26+00:00","og_image":[{"width":600,"height":750,"url":"http:\/\/unaymilletras.com\/wp-content\/uploads\/2025\/10\/4a6145d8-3ff5-168e-d991-0f56de39-e1760784117654.jpg","type":"image\/jpeg"}],"author":"Redacci\u00f3n","twitter_card":"summary_large_image","twitter_creator":"@UnaYMilLetras","twitter_site":"@UnaYMilLetras","twitter_misc":{"Written by":"Redacci\u00f3n","Estimated reading time":"2 minutes"},"schema":{"@context":"https:\/\/schema.org","@graph":[{"@type":"Article","@id":"https:\/\/unaymilletras.com\/bad-gyal-anuncia-segundas-fechas-en-barcelona-y-madrid\/#article","isPartOf":{"@id":"https:\/\/unaymilletras.com\/bad-gyal-anuncia-segundas-fechas-en-barcelona-y-madrid\/"},"author":{"name":"Redacci\u00f3n","@id":"http:\/\/unaymilletras.com\/#\/schema\/person\/0860dc8a218329991ee2c7591f4f849d"},"headline":"Bad Gyal anuncia segundas fechas en Barcelona y Madrid","datePublished":"2025-10-18T10:41:25+00:00","dateModified":"2025-10-18T10:43:26+00:00","mainEntityOfPage":{"@id":"https:\/\/unaymilletras.com\/bad-gyal-anuncia-segundas-fechas-en-barcelona-y-madrid\/"},"wordCount":378,"publisher":{"@id":"http:\/\/unaymilletras.com\/#organization"},"image":{"@id":"https:\/\/unaymilletras.com\/bad-gyal-anuncia-segundas-fechas-en-barcelona-y-madrid\/#primaryimage"},"thumbnailUrl":"https:\/\/unaymilletras.com\/wp-content\/uploads\/2025\/10\/4a6145d8-3ff5-168e-d991-0f56de39-e1760784117654.jpg","articleSection":["M\u00fasica"],"inLanguage":"en-GB"},{"@type":"WebPage","@id":"https:\/\/unaymilletras.com\/bad-gyal-anuncia-segundas-fechas-en-barcelona-y-madrid\/","url":"https:\/\/unaymilletras.com\/bad-gyal-anuncia-segundas-fechas-en-barcelona-y-madrid\/","name":"Bad Gyal anuncia segundas fechas en Barcelona y Madrid","isPartOf":{"@id":"http:\/\/unaymilletras.com\/#website"},"primaryImageOfPage":{"@id":"https:\/\/unaymilletras.com\/bad-gyal-anuncia-segundas-fechas-en-barcelona-y-madrid\/#primaryimage"},"image":{"@id":"https:\/\/unaymilletras.com\/bad-gyal-anuncia-segundas-fechas-en-barcelona-y-madrid\/#primaryimage"},"thumbnailUrl":"https:\/\/unaymilletras.com\/wp-content\/uploads\/2025\/10\/4a6145d8-3ff5-168e-d991-0f56de39-e1760784117654.jpg","datePublished":"2025-10-18T10:41:25+00:00","dateModified":"2025-10-18T10:43:26+00:00","description":"La artista catalana Bad Gyal firma un nuevo r\u00e9cord de ventas y prepara su gira m\u00e1s ambiciosa hasta la fecha","breadcrumb":{"@id":"https:\/\/unaymilletras.com\/bad-gyal-anuncia-segundas-fechas-en-barcelona-y-madrid\/#breadcrumb"},"inLanguage":"en-GB","potentialAction":[{"@type":"ReadAction","target":["https:\/\/unaymilletras.com\/bad-gyal-anuncia-segundas-fechas-en-barcelona-y-madrid\/"]}]},{"@type":"ImageObject","inLanguage":"en-GB","@id":"https:\/\/unaymilletras.com\/bad-gyal-anuncia-segundas-fechas-en-barcelona-y-madrid\/#primaryimage","url":"https:\/\/unaymilletras.com\/wp-content\/uploads\/2025\/10\/4a6145d8-3ff5-168e-d991-0f56de39-e1760784117654.jpg","contentUrl":"https:\/\/unaymilletras.com\/wp-content\/uploads\/2025\/10\/4a6145d8-3ff5-168e-d991-0f56de39-e1760784117654.jpg","width":600,"height":750,"caption":"Bad Gyal"},{"@type":"BreadcrumbList","@id":"https:\/\/unaymilletras.com\/bad-gyal-anuncia-segundas-fechas-en-barcelona-y-madrid\/#breadcrumb","itemListElement":[{"@type":"ListItem","position":1,"name":"Home","item":"http:\/\/unaymilletras.com\/"},{"@type":"ListItem","position":2,"name":"Bad Gyal anuncia segundas fechas en Barcelona y Madrid"}]},{"@type":"WebSite","@id":"http:\/\/unaymilletras.com\/#website","url":"http:\/\/unaymilletras.com\/","name":"Una y Mil Letras","description":"","publisher":{"@id":"http:\/\/unaymilletras.com\/#organization"},"potentialAction":[{"@type":"SearchAction","target":{"@type":"EntryPoint","urlTemplate":"http:\/\/unaymilletras.com\/?s={search_term_string}"},"query-input":{"@type":"PropertyValueSpecification","valueRequired":true,"valueName":"search_term_string"}}],"inLanguage":"en-GB"},{"@type":"Organization","@id":"http:\/\/unaymilletras.com\/#organization","name":"Una y Mil Letras","url":"http:\/\/unaymilletras.com\/","logo":{"@type":"ImageObject","inLanguage":"en-GB","@id":"http:\/\/unaymilletras.com\/#\/schema\/logo\/image\/","url":"https:\/\/unaymilletras.com\/wp-content\/uploads\/2024\/06\/cropped-Logo-removebg-preview.png","contentUrl":"https:\/\/unaymilletras.com\/wp-content\/uploads\/2024\/06\/cropped-Logo-removebg-preview.png","width":512,"height":512,"caption":"Una y Mil Letras"},"image":{"@id":"http:\/\/unaymilletras.com\/#\/schema\/logo\/image\/"},"sameAs":["https:\/\/x.com\/UnaYMilLetras","https:\/\/instagram.com\/UnaYMilLetras"]},{"@type":"Person","@id":"http:\/\/unaymilletras.com\/#\/schema\/person\/0860dc8a218329991ee2c7591f4f849d","name":"Redacci\u00f3n","image":{"@type":"ImageObject","inLanguage":"en-GB","@id":"https:\/\/secure.gravatar.com\/avatar\/d8f55e05a8b6597e45c55a1dcbdbfe44f4a360d88b48e00de5216a79b7732796?s=96&d=mm&r=g","url":"https:\/\/secure.gravatar.com\/avatar\/d8f55e05a8b6597e45c55a1dcbdbfe44f4a360d88b48e00de5216a79b7732796?s=96&d=mm&r=g","contentUrl":"https:\/\/secure.gravatar.com\/avatar\/d8f55e05a8b6597e45c55a1dcbdbfe44f4a360d88b48e00de5216a79b7732796?s=96&d=mm&r=g","caption":"Redacci\u00f3n"},"url":"https:\/\/unaymilletras.com\/en\/author\/redaccion\/"}]}},"_links":{"self":[{"href":"https:\/\/unaymilletras.com\/en\/wp-json\/wp\/v2\/posts\/6080","targetHints":{"allow":["GET"]}}],"collection":[{"href":"https:\/\/unaymilletras.com\/en\/wp-json\/wp\/v2\/posts"}],"about":[{"href":"https:\/\/unaymilletras.com\/en\/wp-json\/wp\/v2\/types\/post"}],"author":[{"embeddable":true,"href":"https:\/\/unaymilletras.com\/en\/wp-json\/wp\/v2\/users\/6"}],"replies":[{"embeddable":true,"href":"https:\/\/unaymilletras.com\/en\/wp-json\/wp\/v2\/comments?post=6080"}],"version-history":[{"count":10,"href":"https:\/\/unaymilletras.com\/en\/wp-json\/wp\/v2\/posts\/6080\/revisions"}],"predecessor-version":[{"id":6091,"href":"https:\/\/unaymilletras.com\/en\/wp-json\/wp\/v2\/posts\/6080\/revisions\/6091"}],"wp:featuredmedia":[{"embeddable":true,"href":"https:\/\/unaymilletras.com\/en\/wp-json\/wp\/v2\/media\/6085"}],"wp:attachment":[{"href":"https:\/\/unaymilletras.com\/en\/wp-json\/wp\/v2\/media?parent=6080"}],"wp:term":[{"taxonomy":"category","embeddable":true,"href":"https:\/\/unaymilletras.com\/en\/wp-json\/wp\/v2\/categories?post=6080"},{"taxonomy":"post_tag","embeddable":true,"href":"https:\/\/unaymilletras.com\/en\/wp-json\/wp\/v2\/tags?post=6080"}],"curies":[{"name":"wp","href":"https:\/\/api.w.org\/{rel}","templated":true}]}}