{"id":6098,"date":"2025-10-19T20:21:41","date_gmt":"2025-10-19T18:21:41","guid":{"rendered":"https:\/\/unaymilletras.com\/?p=6098"},"modified":"2025-10-19T20:21:41","modified_gmt":"2025-10-19T18:21:41","slug":"elvis-crespo-sera-homenajeado-con-el-premio-salon-de-la-fama-billboard","status":"publish","type":"post","link":"https:\/\/unaymilletras.com\/en\/elvis-crespo-sera-homenajeado-con-el-premio-salon-de-la-fama-billboard\/","title":{"rendered":"Elvis Crespo ser\u00e1 homenajeado con el Premio Sal\u00f3n de la Fama Billboard"},"content":{"rendered":"<p><strong>El int\u00e9rprete de \u201cSuavemente\u201d, Elvis Crespo, ser\u00e1 reconocido por su impacto cultural y legado musical durante los Premios Billboard de la M\u00fasica Latina 2025<\/strong><\/p>\n\n\n\n<p>El cantante puertorrique\u00f1o Elvis Crespo, considerado una leyenda del merengue, tendr\u00e1 un homenaje con el prestigioso <strong>Premio Billboard Sal\u00f3n de la Fama<\/strong> durante la ceremonia de los <strong>Premios Billboard de la M\u00fasica Latina 2025<\/strong>. Esta gala tendr\u00e1 lugar el pr\u00f3ximo jueves 23 de octubre y podr\u00e1 seguirse en directo por Telemundo para los latinos.<\/p>\n\n\n\n<p>Este reconocimiento impulsado por la prestigiosa marca, trata de homenajear a artistas cuya trayectoria e impacto han trascendido la m\u00fasica para dejar una huella duradera en la cultura popular. Crespo se une a una exclusiva lista de figuras como Marc Anthony, Vicente Fern\u00e1ndez, Roc\u00edo D\u00farcal, Marco Antonio Sol\u00eds y Joan Sebastian. Hasta ahora, los artistas mencionados, son los \u00fanicos que recibieron esta distinci\u00f3n.<\/p>\n\n\n\n<p>Crespo ofrecer\u00e1 una presentaci\u00f3n especial en la que compartir\u00e1 el escenario con el cantante dominicano Ebenezer Guerra, el veterano merenguero To\u00f1o Rosario y la artista urbana La Insuperable, en un n\u00famero musical que promete celebrar la energ\u00eda y la evoluci\u00f3n del merengue.<\/p>\n\n\n\n<p>\u00abRecibir el Premio Billboard Sal\u00f3n de la Fama es uno de los m\u00e1s grandes honores de mi carrera\u201d, expres\u00f3 Crespo en un comunicado. El artista reconocio que el premio no est\u00e1 dirigido solo para \u00e9l, sino para el merengue, Puerto Rico y cada fan que bail\u00f3 su m\u00fasica.<\/p>\n\n\n\n<p>Tres d\u00e9cadas de carrera en las que Elvis Crespo revolucion\u00f3 el g\u00e9nero del merengue con \u00e9xitos como <strong>\u201cSuavemente\u201d<\/strong> y <strong>\u201cTu sonrisa\u201d<\/strong>. Estas canciones dominaron las listas de Billboard en 1998 y llevaron el ritmo caribe\u00f1o a escenarios internacionales. Entre los artistas confirmados para la gala se encuentran Carlos Vives, Emilia, Grupo Frontera, Laura Pausini, Peso Pluma, Ozuna y Wisin. Todo est\u00e1 listo para una noche que pondr\u00e1 en memoria la trayectoria de uno de los artistas m\u00e1s completos de su generaci\u00f3n.<\/p>","protected":false},"excerpt":{"rendered":"<p>El int\u00e9rprete de \u201cSuavemente\u201d, Elvis Crespo, ser\u00e1 reconocido por su impacto cultural y legado musical durante los Premios Billboard de la M\u00fasica Latina 2025 El cantante puertorrique\u00f1o Elvis Crespo, considerado una leyenda del merengue, tendr\u00e1 un homenaje con el prestigioso Premio Billboard Sal\u00f3n de la Fama durante la ceremonia de los Premios Billboard de la [&hellip;]<\/p>\n","protected":false},"author":10,"featured_media":6100,"comment_status":"closed","ping_status":"closed","sticky":false,"template":"","format":"standard","meta":{"footnotes":""},"categories":[4],"tags":[241,171,169,240,238],"class_list":["post-6098","post","type-post","status-publish","format-standard","has-post-thumbnail","hentry","category-musica","tag-billboard","tag-gira","tag-musica","tag-premio","tag-suavemente"],"yoast_head":"<!-- This site is optimized with the Yoast SEO plugin v27.4 - https:\/\/yoast.com\/product\/yoast-seo-wordpress\/ -->\n<title>Elvis Crespo ser\u00e1 homenajeado con el Premio Sal\u00f3n de la Fama Billboard &#8902; Una y Mil Letras<\/title>\n<meta name=\"description\" content=\"Elvis Crespo, ser\u00e1 reconocido por su impacto cultural y legado musical durante los Premios Billboard de la M\u00fasica Latina 2025\" \/>\n<meta name=\"robots\" content=\"index, follow, max-snippet:-1, max-image-preview:large, max-video-preview:-1\" \/>\n<link rel=\"canonical\" href=\"https:\/\/unaymilletras.com\/en\/elvis-crespo-sera-homenajeado-con-el-premio-salon-de-la-fama-billboard\/\" \/>\n<meta property=\"og:locale\" content=\"en_GB\" \/>\n<meta property=\"og:type\" content=\"article\" \/>\n<meta property=\"og:title\" content=\"Elvis Crespo ser\u00e1 homenajeado con el Premio Sal\u00f3n de la Fama Billboard &#8902; Una y Mil Letras\" \/>\n<meta property=\"og:description\" content=\"Elvis Crespo, ser\u00e1 reconocido por su impacto cultural y legado musical durante los Premios Billboard de la M\u00fasica Latina 2025\" \/>\n<meta property=\"og:url\" content=\"https:\/\/unaymilletras.com\/en\/elvis-crespo-sera-homenajeado-con-el-premio-salon-de-la-fama-billboard\/\" \/>\n<meta property=\"og:site_name\" content=\"Una y Mil Letras\" \/>\n<meta property=\"article:published_time\" content=\"2025-10-19T18:21:41+00:00\" \/>\n<meta property=\"og:image\" content=\"http:\/\/unaymilletras.com\/wp-content\/uploads\/2025\/10\/Captura-de-pantalla-2025-10-19-201411.png\" \/>\n\t<meta property=\"og:image:width\" content=\"909\" \/>\n\t<meta property=\"og:image:height\" content=\"598\" \/>\n\t<meta property=\"og:image:type\" content=\"image\/png\" \/>\n<meta name=\"author\" content=\"David Hern\u00e1ndez\" \/>\n<meta name=\"twitter:card\" content=\"summary_large_image\" \/>\n<meta name=\"twitter:creator\" content=\"@UnaYMilLetras\" \/>\n<meta name=\"twitter:site\" content=\"@UnaYMilLetras\" \/>\n<meta name=\"twitter:label1\" content=\"Written by\" \/>\n\t<meta name=\"twitter:data1\" content=\"David Hern\u00e1ndez\" \/>\n\t<meta name=\"twitter:label2\" content=\"Estimated reading time\" \/>\n\t<meta name=\"twitter:data2\" content=\"2 minutes\" \/>\n<script type=\"application\/ld+json\" class=\"yoast-schema-graph\">{\"@context\":\"https:\\\/\\\/schema.org\",\"@graph\":[{\"@type\":\"Article\",\"@id\":\"https:\\\/\\\/unaymilletras.com\\\/elvis-crespo-sera-homenajeado-con-el-premio-salon-de-la-fama-billboard\\\/#article\",\"isPartOf\":{\"@id\":\"https:\\\/\\\/unaymilletras.com\\\/elvis-crespo-sera-homenajeado-con-el-premio-salon-de-la-fama-billboard\\\/\"},\"author\":{\"name\":\"David Hern\u00e1ndez\",\"@id\":\"http:\\\/\\\/unaymilletras.com\\\/#\\\/schema\\\/person\\\/0c171c80bc49a58d7a8ed3394548370c\"},\"headline\":\"Elvis Crespo ser\u00e1 homenajeado con el Premio Sal\u00f3n de la Fama Billboard\",\"datePublished\":\"2025-10-19T18:21:41+00:00\",\"mainEntityOfPage\":{\"@id\":\"https:\\\/\\\/unaymilletras.com\\\/elvis-crespo-sera-homenajeado-con-el-premio-salon-de-la-fama-billboard\\\/\"},\"wordCount\":346,\"publisher\":{\"@id\":\"http:\\\/\\\/unaymilletras.com\\\/#organization\"},\"image\":{\"@id\":\"https:\\\/\\\/unaymilletras.com\\\/elvis-crespo-sera-homenajeado-con-el-premio-salon-de-la-fama-billboard\\\/#primaryimage\"},\"thumbnailUrl\":\"https:\\\/\\\/unaymilletras.com\\\/wp-content\\\/uploads\\\/2025\\\/10\\\/Captura-de-pantalla-2025-10-19-201411.png\",\"keywords\":[\"Billboard\",\"Gira\",\"musica\",\"Premio\",\"Suavemente\"],\"articleSection\":[\"M\u00fasica\"],\"inLanguage\":\"en-GB\"},{\"@type\":\"WebPage\",\"@id\":\"https:\\\/\\\/unaymilletras.com\\\/elvis-crespo-sera-homenajeado-con-el-premio-salon-de-la-fama-billboard\\\/\",\"url\":\"https:\\\/\\\/unaymilletras.com\\\/elvis-crespo-sera-homenajeado-con-el-premio-salon-de-la-fama-billboard\\\/\",\"name\":\"Elvis Crespo ser\u00e1 homenajeado con el Premio Sal\u00f3n de la Fama Billboard &#8902; Una y Mil Letras\",\"isPartOf\":{\"@id\":\"http:\\\/\\\/unaymilletras.com\\\/#website\"},\"primaryImageOfPage\":{\"@id\":\"https:\\\/\\\/unaymilletras.com\\\/elvis-crespo-sera-homenajeado-con-el-premio-salon-de-la-fama-billboard\\\/#primaryimage\"},\"image\":{\"@id\":\"https:\\\/\\\/unaymilletras.com\\\/elvis-crespo-sera-homenajeado-con-el-premio-salon-de-la-fama-billboard\\\/#primaryimage\"},\"thumbnailUrl\":\"https:\\\/\\\/unaymilletras.com\\\/wp-content\\\/uploads\\\/2025\\\/10\\\/Captura-de-pantalla-2025-10-19-201411.png\",\"datePublished\":\"2025-10-19T18:21:41+00:00\",\"description\":\"Elvis Crespo, ser\u00e1 reconocido por su impacto cultural y legado musical durante los Premios Billboard de la M\u00fasica Latina 2025\",\"breadcrumb\":{\"@id\":\"https:\\\/\\\/unaymilletras.com\\\/elvis-crespo-sera-homenajeado-con-el-premio-salon-de-la-fama-billboard\\\/#breadcrumb\"},\"inLanguage\":\"en-GB\",\"potentialAction\":[{\"@type\":\"ReadAction\",\"target\":[\"https:\\\/\\\/unaymilletras.com\\\/elvis-crespo-sera-homenajeado-con-el-premio-salon-de-la-fama-billboard\\\/\"]}]},{\"@type\":\"ImageObject\",\"inLanguage\":\"en-GB\",\"@id\":\"https:\\\/\\\/unaymilletras.com\\\/elvis-crespo-sera-homenajeado-con-el-premio-salon-de-la-fama-billboard\\\/#primaryimage\",\"url\":\"https:\\\/\\\/unaymilletras.com\\\/wp-content\\\/uploads\\\/2025\\\/10\\\/Captura-de-pantalla-2025-10-19-201411.png\",\"contentUrl\":\"https:\\\/\\\/unaymilletras.com\\\/wp-content\\\/uploads\\\/2025\\\/10\\\/Captura-de-pantalla-2025-10-19-201411.png\",\"width\":909,\"height\":598,\"caption\":\"Punter\u00eda Records\"},{\"@type\":\"BreadcrumbList\",\"@id\":\"https:\\\/\\\/unaymilletras.com\\\/elvis-crespo-sera-homenajeado-con-el-premio-salon-de-la-fama-billboard\\\/#breadcrumb\",\"itemListElement\":[{\"@type\":\"ListItem\",\"position\":1,\"name\":\"Home\",\"item\":\"http:\\\/\\\/unaymilletras.com\\\/\"},{\"@type\":\"ListItem\",\"position\":2,\"name\":\"Elvis Crespo ser\u00e1 homenajeado con el Premio Sal\u00f3n de la Fama Billboard\"}]},{\"@type\":\"WebSite\",\"@id\":\"http:\\\/\\\/unaymilletras.com\\\/#website\",\"url\":\"http:\\\/\\\/unaymilletras.com\\\/\",\"name\":\"Una y Mil Letras\",\"description\":\"\",\"publisher\":{\"@id\":\"http:\\\/\\\/unaymilletras.com\\\/#organization\"},\"potentialAction\":[{\"@type\":\"SearchAction\",\"target\":{\"@type\":\"EntryPoint\",\"urlTemplate\":\"http:\\\/\\\/unaymilletras.com\\\/?s={search_term_string}\"},\"query-input\":{\"@type\":\"PropertyValueSpecification\",\"valueRequired\":true,\"valueName\":\"search_term_string\"}}],\"inLanguage\":\"en-GB\"},{\"@type\":\"Organization\",\"@id\":\"http:\\\/\\\/unaymilletras.com\\\/#organization\",\"name\":\"Una y Mil Letras\",\"url\":\"http:\\\/\\\/unaymilletras.com\\\/\",\"logo\":{\"@type\":\"ImageObject\",\"inLanguage\":\"en-GB\",\"@id\":\"http:\\\/\\\/unaymilletras.com\\\/#\\\/schema\\\/logo\\\/image\\\/\",\"url\":\"https:\\\/\\\/unaymilletras.com\\\/wp-content\\\/uploads\\\/2024\\\/06\\\/cropped-Logo-removebg-preview.png\",\"contentUrl\":\"https:\\\/\\\/unaymilletras.com\\\/wp-content\\\/uploads\\\/2024\\\/06\\\/cropped-Logo-removebg-preview.png\",\"width\":512,\"height\":512,\"caption\":\"Una y Mil Letras\"},\"image\":{\"@id\":\"http:\\\/\\\/unaymilletras.com\\\/#\\\/schema\\\/logo\\\/image\\\/\"},\"sameAs\":[\"https:\\\/\\\/x.com\\\/UnaYMilLetras\",\"https:\\\/\\\/instagram.com\\\/UnaYMilLetras\"]},{\"@type\":\"Person\",\"@id\":\"http:\\\/\\\/unaymilletras.com\\\/#\\\/schema\\\/person\\\/0c171c80bc49a58d7a8ed3394548370c\",\"name\":\"David Hern\u00e1ndez\",\"image\":{\"@type\":\"ImageObject\",\"inLanguage\":\"en-GB\",\"@id\":\"https:\\\/\\\/secure.gravatar.com\\\/avatar\\\/86739d73874dcbc11e4278af33fb905704f5c29329727efb3b0e0bc838b0d469?s=96&d=mm&r=g\",\"url\":\"https:\\\/\\\/secure.gravatar.com\\\/avatar\\\/86739d73874dcbc11e4278af33fb905704f5c29329727efb3b0e0bc838b0d469?s=96&d=mm&r=g\",\"contentUrl\":\"https:\\\/\\\/secure.gravatar.com\\\/avatar\\\/86739d73874dcbc11e4278af33fb905704f5c29329727efb3b0e0bc838b0d469?s=96&d=mm&r=g\",\"caption\":\"David Hern\u00e1ndez\"},\"url\":\"https:\\\/\\\/unaymilletras.com\\\/en\\\/author\\\/davidesel\\\/\"}]}<\/script>\n<!-- \/ Yoast SEO plugin. -->","yoast_head_json":{"title":"Elvis Crespo ser\u00e1 homenajeado con el Premio Sal\u00f3n de la Fama Billboard &#8902; Una y Mil Letras","description":"Elvis Crespo, ser\u00e1 reconocido por su impacto cultural y legado musical durante los Premios Billboard de la M\u00fasica Latina 2025","robots":{"index":"index","follow":"follow","max-snippet":"max-snippet:-1","max-image-preview":"max-image-preview:large","max-video-preview":"max-video-preview:-1"},"canonical":"https:\/\/unaymilletras.com\/en\/elvis-crespo-sera-homenajeado-con-el-premio-salon-de-la-fama-billboard\/","og_locale":"en_GB","og_type":"article","og_title":"Elvis Crespo ser\u00e1 homenajeado con el Premio Sal\u00f3n de la Fama Billboard &#8902; Una y Mil Letras","og_description":"Elvis Crespo, ser\u00e1 reconocido por su impacto cultural y legado musical durante los Premios Billboard de la M\u00fasica Latina 2025","og_url":"https:\/\/unaymilletras.com\/en\/elvis-crespo-sera-homenajeado-con-el-premio-salon-de-la-fama-billboard\/","og_site_name":"Una y Mil Letras","article_published_time":"2025-10-19T18:21:41+00:00","og_image":[{"width":909,"height":598,"url":"http:\/\/unaymilletras.com\/wp-content\/uploads\/2025\/10\/Captura-de-pantalla-2025-10-19-201411.png","type":"image\/png"}],"author":"David Hern\u00e1ndez","twitter_card":"summary_large_image","twitter_creator":"@UnaYMilLetras","twitter_site":"@UnaYMilLetras","twitter_misc":{"Written by":"David Hern\u00e1ndez","Estimated reading time":"2 minutes"},"schema":{"@context":"https:\/\/schema.org","@graph":[{"@type":"Article","@id":"https:\/\/unaymilletras.com\/elvis-crespo-sera-homenajeado-con-el-premio-salon-de-la-fama-billboard\/#article","isPartOf":{"@id":"https:\/\/unaymilletras.com\/elvis-crespo-sera-homenajeado-con-el-premio-salon-de-la-fama-billboard\/"},"author":{"name":"David Hern\u00e1ndez","@id":"http:\/\/unaymilletras.com\/#\/schema\/person\/0c171c80bc49a58d7a8ed3394548370c"},"headline":"Elvis Crespo ser\u00e1 homenajeado con el Premio Sal\u00f3n de la Fama Billboard","datePublished":"2025-10-19T18:21:41+00:00","mainEntityOfPage":{"@id":"https:\/\/unaymilletras.com\/elvis-crespo-sera-homenajeado-con-el-premio-salon-de-la-fama-billboard\/"},"wordCount":346,"publisher":{"@id":"http:\/\/unaymilletras.com\/#organization"},"image":{"@id":"https:\/\/unaymilletras.com\/elvis-crespo-sera-homenajeado-con-el-premio-salon-de-la-fama-billboard\/#primaryimage"},"thumbnailUrl":"https:\/\/unaymilletras.com\/wp-content\/uploads\/2025\/10\/Captura-de-pantalla-2025-10-19-201411.png","keywords":["Billboard","Gira","musica","Premio","Suavemente"],"articleSection":["M\u00fasica"],"inLanguage":"en-GB"},{"@type":"WebPage","@id":"https:\/\/unaymilletras.com\/elvis-crespo-sera-homenajeado-con-el-premio-salon-de-la-fama-billboard\/","url":"https:\/\/unaymilletras.com\/elvis-crespo-sera-homenajeado-con-el-premio-salon-de-la-fama-billboard\/","name":"Elvis Crespo ser\u00e1 homenajeado con el Premio Sal\u00f3n de la Fama Billboard &#8902; Una y Mil Letras","isPartOf":{"@id":"http:\/\/unaymilletras.com\/#website"},"primaryImageOfPage":{"@id":"https:\/\/unaymilletras.com\/elvis-crespo-sera-homenajeado-con-el-premio-salon-de-la-fama-billboard\/#primaryimage"},"image":{"@id":"https:\/\/unaymilletras.com\/elvis-crespo-sera-homenajeado-con-el-premio-salon-de-la-fama-billboard\/#primaryimage"},"thumbnailUrl":"https:\/\/unaymilletras.com\/wp-content\/uploads\/2025\/10\/Captura-de-pantalla-2025-10-19-201411.png","datePublished":"2025-10-19T18:21:41+00:00","description":"Elvis Crespo, ser\u00e1 reconocido por su impacto cultural y legado musical durante los Premios Billboard de la M\u00fasica Latina 2025","breadcrumb":{"@id":"https:\/\/unaymilletras.com\/elvis-crespo-sera-homenajeado-con-el-premio-salon-de-la-fama-billboard\/#breadcrumb"},"inLanguage":"en-GB","potentialAction":[{"@type":"ReadAction","target":["https:\/\/unaymilletras.com\/elvis-crespo-sera-homenajeado-con-el-premio-salon-de-la-fama-billboard\/"]}]},{"@type":"ImageObject","inLanguage":"en-GB","@id":"https:\/\/unaymilletras.com\/elvis-crespo-sera-homenajeado-con-el-premio-salon-de-la-fama-billboard\/#primaryimage","url":"https:\/\/unaymilletras.com\/wp-content\/uploads\/2025\/10\/Captura-de-pantalla-2025-10-19-201411.png","contentUrl":"https:\/\/unaymilletras.com\/wp-content\/uploads\/2025\/10\/Captura-de-pantalla-2025-10-19-201411.png","width":909,"height":598,"caption":"Punter\u00eda Records"},{"@type":"BreadcrumbList","@id":"https:\/\/unaymilletras.com\/elvis-crespo-sera-homenajeado-con-el-premio-salon-de-la-fama-billboard\/#breadcrumb","itemListElement":[{"@type":"ListItem","position":1,"name":"Home","item":"http:\/\/unaymilletras.com\/"},{"@type":"ListItem","position":2,"name":"Elvis Crespo ser\u00e1 homenajeado con el Premio Sal\u00f3n de la Fama Billboard"}]},{"@type":"WebSite","@id":"http:\/\/unaymilletras.com\/#website","url":"http:\/\/unaymilletras.com\/","name":"Una y Mil Letras","description":"","publisher":{"@id":"http:\/\/unaymilletras.com\/#organization"},"potentialAction":[{"@type":"SearchAction","target":{"@type":"EntryPoint","urlTemplate":"http:\/\/unaymilletras.com\/?s={search_term_string}"},"query-input":{"@type":"PropertyValueSpecification","valueRequired":true,"valueName":"search_term_string"}}],"inLanguage":"en-GB"},{"@type":"Organization","@id":"http:\/\/unaymilletras.com\/#organization","name":"Una y Mil Letras","url":"http:\/\/unaymilletras.com\/","logo":{"@type":"ImageObject","inLanguage":"en-GB","@id":"http:\/\/unaymilletras.com\/#\/schema\/logo\/image\/","url":"https:\/\/unaymilletras.com\/wp-content\/uploads\/2024\/06\/cropped-Logo-removebg-preview.png","contentUrl":"https:\/\/unaymilletras.com\/wp-content\/uploads\/2024\/06\/cropped-Logo-removebg-preview.png","width":512,"height":512,"caption":"Una y Mil Letras"},"image":{"@id":"http:\/\/unaymilletras.com\/#\/schema\/logo\/image\/"},"sameAs":["https:\/\/x.com\/UnaYMilLetras","https:\/\/instagram.com\/UnaYMilLetras"]},{"@type":"Person","@id":"http:\/\/unaymilletras.com\/#\/schema\/person\/0c171c80bc49a58d7a8ed3394548370c","name":"David Hern\u00e1ndez","image":{"@type":"ImageObject","inLanguage":"en-GB","@id":"https:\/\/secure.gravatar.com\/avatar\/86739d73874dcbc11e4278af33fb905704f5c29329727efb3b0e0bc838b0d469?s=96&d=mm&r=g","url":"https:\/\/secure.gravatar.com\/avatar\/86739d73874dcbc11e4278af33fb905704f5c29329727efb3b0e0bc838b0d469?s=96&d=mm&r=g","contentUrl":"https:\/\/secure.gravatar.com\/avatar\/86739d73874dcbc11e4278af33fb905704f5c29329727efb3b0e0bc838b0d469?s=96&d=mm&r=g","caption":"David Hern\u00e1ndez"},"url":"https:\/\/unaymilletras.com\/en\/author\/davidesel\/"}]}},"_links":{"self":[{"href":"https:\/\/unaymilletras.com\/en\/wp-json\/wp\/v2\/posts\/6098","targetHints":{"allow":["GET"]}}],"collection":[{"href":"https:\/\/unaymilletras.com\/en\/wp-json\/wp\/v2\/posts"}],"about":[{"href":"https:\/\/unaymilletras.com\/en\/wp-json\/wp\/v2\/types\/post"}],"author":[{"embeddable":true,"href":"https:\/\/unaymilletras.com\/en\/wp-json\/wp\/v2\/users\/10"}],"replies":[{"embeddable":true,"href":"https:\/\/unaymilletras.com\/en\/wp-json\/wp\/v2\/comments?post=6098"}],"version-history":[{"count":2,"href":"https:\/\/unaymilletras.com\/en\/wp-json\/wp\/v2\/posts\/6098\/revisions"}],"predecessor-version":[{"id":6101,"href":"https:\/\/unaymilletras.com\/en\/wp-json\/wp\/v2\/posts\/6098\/revisions\/6101"}],"wp:featuredmedia":[{"embeddable":true,"href":"https:\/\/unaymilletras.com\/en\/wp-json\/wp\/v2\/media\/6100"}],"wp:attachment":[{"href":"https:\/\/unaymilletras.com\/en\/wp-json\/wp\/v2\/media?parent=6098"}],"wp:term":[{"taxonomy":"category","embeddable":true,"href":"https:\/\/unaymilletras.com\/en\/wp-json\/wp\/v2\/categories?post=6098"},{"taxonomy":"post_tag","embeddable":true,"href":"https:\/\/unaymilletras.com\/en\/wp-json\/wp\/v2\/tags?post=6098"}],"curies":[{"name":"wp","href":"https:\/\/api.w.org\/{rel}","templated":true}]}}