{"id":6104,"date":"2025-10-24T18:49:05","date_gmt":"2025-10-24T16:49:05","guid":{"rendered":"https:\/\/unaymilletras.com\/?p=6104"},"modified":"2025-10-25T13:19:06","modified_gmt":"2025-10-25T11:19:06","slug":"aitana-arrasa-con-cuarto-azul-world-tour","status":"publish","type":"post","link":"https:\/\/unaymilletras.com\/en\/aitana-arrasa-con-cuarto-azul-world-tour\/","title":{"rendered":"Aitana arrasa con \u201cCuarto Azul World Tour\u201d"},"content":{"rendered":"<div data-elementor-type=\"wp-post\" data-elementor-id=\"6104\" class=\"elementor elementor-6104\">\n\t\t\t\t\t\t<section class=\"elementor-section elementor-top-section elementor-element elementor-element-d62af03 elementor-section-boxed elementor-section-height-default elementor-section-height-default\" data-id=\"d62af03\" data-element_type=\"section\" data-e-type=\"section\">\n\t\t\t\t\t\t<div class=\"elementor-container elementor-column-gap-default\">\n\t\t\t\t\t<div class=\"elementor-column elementor-col-100 elementor-top-column elementor-element elementor-element-f7f96c6\" data-id=\"f7f96c6\" data-element_type=\"column\" data-e-type=\"column\">\n\t\t\t<div class=\"elementor-widget-wrap elementor-element-populated\">\n\t\t\t\t\t\t<div class=\"elementor-element elementor-element-c4ab689 elementor-widget elementor-widget-text-editor\" data-id=\"c4ab689\" data-element_type=\"widget\" data-e-type=\"widget\" data-widget_type=\"text-editor.default\">\n\t\t\t\t<div class=\"elementor-widget-container\">\n\t\t\t\t\t\t\t\t\t<h3 style=\"text-align: center\" data-start=\"310\" data-end=\"455\"><span style=\"color: #808080\"><strong data-start=\"310\" data-end=\"455\">Aitana ampl\u00eda su gira mundial tras agotar todas las entradas de \u00abCuarto Azul World Tour\u00bb en tiempo r\u00e9cord.<\/strong><\/span><\/h3>\t\t\t\t\t\t\t\t<\/div>\n\t\t\t\t<\/div>\n\t\t\t\t\t<\/div>\n\t\t<\/div>\n\t\t\t\t\t<\/div>\n\t\t<\/section>\n\t\t\t\t<section class=\"elementor-section elementor-top-section elementor-element elementor-element-5ad03fb elementor-section-boxed elementor-section-height-default elementor-section-height-default\" data-id=\"5ad03fb\" data-element_type=\"section\" data-e-type=\"section\">\n\t\t\t\t\t\t<div class=\"elementor-container elementor-column-gap-default\">\n\t\t\t\t\t<div class=\"elementor-column elementor-col-100 elementor-top-column elementor-element elementor-element-97870db\" data-id=\"97870db\" data-element_type=\"column\" data-e-type=\"column\">\n\t\t\t<div class=\"elementor-widget-wrap elementor-element-populated\">\n\t\t\t\t\t\t<div class=\"elementor-element elementor-element-4f9f6f1 elementor-widget elementor-widget-text-editor\" data-id=\"4f9f6f1\" data-element_type=\"widget\" data-e-type=\"widget\" data-widget_type=\"text-editor.default\">\n\t\t\t\t<div class=\"elementor-widget-container\">\n\t\t\t\t\t\t\t\t\t<p style=\"text-align: justify\" data-start=\"457\" data-end=\"746\">Aitana contin\u00faa su ascenso imparable hacia la cima del pop internacional. Su pr\u00f3xima gira, <strong data-start=\"548\" data-end=\"578\"><em data-start=\"550\" data-end=\"576\">\u201cCuarto Azul World Tour\u201d<\/em><\/strong>, ha logrado un \u00e9xito sin precedentes: <strong data-start=\"617\" data-end=\"673\">11 conciertos con entradas agotadas en solo 72 horas<\/strong>, consolid\u00e1ndola como uno de los mayores fen\u00f3menos musicales del momento.<\/p><p style=\"text-align: justify\" data-start=\"748\" data-end=\"985\">El entusiasmo del p\u00fablico ha sido tal que <strong data-start=\"790\" data-end=\"868\">todas las fechas de la preventa Santander se agotaron en menos de 48 horas<\/strong>, lo que ha llevado a la artista a anunciar <strong data-start=\"912\" data-end=\"982\">nuevas fechas en algunos de los recintos m\u00e1s emblem\u00e1ticos del pa\u00eds<\/strong>.<\/p>\t\t\t\t\t\t\t\t<\/div>\n\t\t\t\t<\/div>\n\t\t\t\t\t<\/div>\n\t\t<\/div>\n\t\t\t\t\t<\/div>\n\t\t<\/section>\n\t\t\t\t<section class=\"elementor-section elementor-top-section elementor-element elementor-element-8956e9a elementor-section-boxed elementor-section-height-default elementor-section-height-default\" data-id=\"8956e9a\" data-element_type=\"section\" data-e-type=\"section\">\n\t\t\t\t\t\t<div class=\"elementor-container elementor-column-gap-default\">\n\t\t\t\t\t<div class=\"elementor-column elementor-col-100 elementor-top-column elementor-element elementor-element-5cc98ec\" data-id=\"5cc98ec\" data-element_type=\"column\" data-e-type=\"column\">\n\t\t\t<div class=\"elementor-widget-wrap elementor-element-populated\">\n\t\t\t\t\t\t<div class=\"elementor-element elementor-element-7576249 elementor-widget elementor-widget-text-editor\" data-id=\"7576249\" data-element_type=\"widget\" data-e-type=\"widget\" data-widget_type=\"text-editor.default\">\n\t\t\t\t<div class=\"elementor-widget-container\">\n\t\t\t\t\t\t\t\t\t<p data-start=\"987\" data-end=\"1027\">Los nuevos conciertos confirmados son:<\/p><ul data-start=\"1028\" data-end=\"1289\"><li data-start=\"1028\" data-end=\"1069\"><p data-start=\"1030\" data-end=\"1069\"><strong data-start=\"1030\" data-end=\"1044\">21 de mayo<\/strong>, Roig Arena (Valencia)<\/p><\/li><li data-start=\"1070\" data-end=\"1122\"><p data-start=\"1072\" data-end=\"1122\"><strong data-start=\"1072\" data-end=\"1086\">4 de junio<\/strong>, Ic\u00f3nica Santa Luc\u00eda Sevilla Fest<\/p><\/li><li data-start=\"1123\" data-end=\"1180\"><p data-start=\"1125\" data-end=\"1180\"><strong data-start=\"1125\" data-end=\"1148\">7 y 8 de septiembre<\/strong>, Palau Sant Jordi (Barcelona)<\/p><\/li><li data-start=\"1181\" data-end=\"1235\"><p data-start=\"1183\" data-end=\"1235\"><strong data-start=\"1183\" data-end=\"1208\">14 y 15 de septiembre<\/strong>, Movistar Arena (Madrid)<\/p><\/li><li data-start=\"1236\" data-end=\"1289\"><p data-start=\"1238\" data-end=\"1289\"><strong data-start=\"1238\" data-end=\"1258\">19 de septiembre<\/strong>, Bizkaia Arena BEC! (Bilbao)<\/p><\/li><\/ul><p data-start=\"1291\" data-end=\"1455\">Con estas incorporaciones, Aitana ofrecer\u00e1 <strong data-start=\"1334\" data-end=\"1398\">cuatro noches consecutivas tanto en Madrid como en Barcelona<\/strong>, un hito reservado solo a las grandes estrellas del pop.<\/p>\t\t\t\t\t\t\t\t<\/div>\n\t\t\t\t<\/div>\n\t\t\t\t\t<\/div>\n\t\t<\/div>\n\t\t\t\t\t<\/div>\n\t\t<\/section>\n\t\t\t\t<section class=\"elementor-section elementor-top-section elementor-element elementor-element-50085dc elementor-section-boxed elementor-section-height-default elementor-section-height-default\" data-id=\"50085dc\" data-element_type=\"section\" data-e-type=\"section\">\n\t\t\t\t\t\t<div class=\"elementor-container elementor-column-gap-default\">\n\t\t\t\t\t<div class=\"elementor-column elementor-col-100 elementor-top-column elementor-element elementor-element-5095569\" data-id=\"5095569\" data-element_type=\"column\" data-e-type=\"column\">\n\t\t\t<div class=\"elementor-widget-wrap elementor-element-populated\">\n\t\t\t\t\t\t<div class=\"elementor-element elementor-element-6fca88f elementor-widget elementor-widget-image\" data-id=\"6fca88f\" data-element_type=\"widget\" data-e-type=\"widget\" data-widget_type=\"image.default\">\n\t\t\t\t<div class=\"elementor-widget-container\">\n\t\t\t\t\t\t\t\t\t\t\t\t\t\t\t<img fetchpriority=\"high\" decoding=\"async\" width=\"640\" height=\"640\" src=\"https:\/\/unaymilletras.com\/wp-content\/uploads\/2025\/10\/aitana.jpg\" class=\"attachment-large size-large wp-image-6109\" alt=\"fechas gira mundial aitana\" srcset=\"https:\/\/unaymilletras.com\/wp-content\/uploads\/2025\/10\/aitana.jpg 660w, https:\/\/unaymilletras.com\/wp-content\/uploads\/2025\/10\/aitana-300x300.jpg 300w, https:\/\/unaymilletras.com\/wp-content\/uploads\/2025\/10\/aitana-150x150.jpg 150w, https:\/\/unaymilletras.com\/wp-content\/uploads\/2025\/10\/aitana-12x12.jpg 12w\" sizes=\"(max-width: 640px) 100vw, 640px\" \/>\t\t\t\t\t\t\t\t\t\t\t\t\t\t\t<\/div>\n\t\t\t\t<\/div>\n\t\t\t\t\t<\/div>\n\t\t<\/div>\n\t\t\t\t\t<\/div>\n\t\t<\/section>\n\t\t\t\t<section class=\"elementor-section elementor-top-section elementor-element elementor-element-dc1f003 elementor-section-boxed elementor-section-height-default elementor-section-height-default\" data-id=\"dc1f003\" data-element_type=\"section\" data-e-type=\"section\">\n\t\t\t\t\t\t<div class=\"elementor-container elementor-column-gap-default\">\n\t\t\t\t\t<div class=\"elementor-column elementor-col-100 elementor-top-column elementor-element elementor-element-f973041\" data-id=\"f973041\" data-element_type=\"column\" data-e-type=\"column\">\n\t\t\t<div class=\"elementor-widget-wrap elementor-element-populated\">\n\t\t\t\t\t\t<div class=\"elementor-element elementor-element-8a5bee1 elementor-widget elementor-widget-text-editor\" data-id=\"8a5bee1\" data-element_type=\"widget\" data-e-type=\"widget\" data-widget_type=\"text-editor.default\">\n\t\t\t\t<div class=\"elementor-widget-container\">\n\t\t\t\t\t\t\t\t\t<p style=\"text-align: justify\" data-start=\"1507\" data-end=\"1742\">Si su \u00e1lbum <em data-start=\"1519\" data-end=\"1534\">\u201cCuarto Azul\u201d<\/em> era un viaje \u00edntimo a su propio universo creativo, este tour representa su <strong data-start=\"1610\" data-end=\"1629\">expansi\u00f3n total<\/strong>: una experiencia <strong data-start=\"1647\" data-end=\"1677\">visual, emocional y sonora<\/strong> que mostrar\u00e1 a la artista en su versi\u00f3n m\u00e1s completa y global.<\/p><p style=\"text-align: justify\" data-start=\"1744\" data-end=\"1943\">Los conciertos del <strong data-start=\"1763\" data-end=\"1793\"><em data-start=\"1765\" data-end=\"1791\">\u201cCuarto Azul World Tour\u201d<\/em><\/strong> prometen ser algunos de los eventos m\u00e1s esperados de 2026, con una <strong data-start=\"1861\" data-end=\"1895\">puesta en escena de vanguardia<\/strong> que redefine la experiencia del pop en directo.<\/p>\t\t\t\t\t\t\t\t<\/div>\n\t\t\t\t<\/div>\n\t\t\t\t\t<\/div>\n\t\t<\/div>\n\t\t\t\t\t<\/div>\n\t\t<\/section>\n\t\t\t\t<section class=\"elementor-section elementor-top-section elementor-element elementor-element-f5cd46b elementor-section-boxed elementor-section-height-default elementor-section-height-default\" data-id=\"f5cd46b\" data-element_type=\"section\" data-e-type=\"section\">\n\t\t\t\t\t\t<div class=\"elementor-container elementor-column-gap-default\">\n\t\t\t\t\t<div class=\"elementor-column elementor-col-100 elementor-top-column elementor-element elementor-element-eb58d9f\" data-id=\"eb58d9f\" data-element_type=\"column\" data-e-type=\"column\">\n\t\t\t<div class=\"elementor-widget-wrap elementor-element-populated\">\n\t\t\t\t\t\t<div class=\"elementor-element elementor-element-bc3739a elementor-widget elementor-widget-text-editor\" data-id=\"bc3739a\" data-element_type=\"widget\" data-e-type=\"widget\" data-widget_type=\"text-editor.default\">\n\t\t\t\t<div class=\"elementor-widget-container\">\n\t\t\t\t\t\t\t\t\t<h3 style=\"text-align: center\"><span style=\"color: #808080\">Tras un a\u00f1o repleto de reconocimientos, nominaciones y r\u00e9cords, AITANA conquistar\u00e1 los escenarios m\u00e1s importantes del mundo.<\/span><\/h3>\t\t\t\t\t\t\t\t<\/div>\n\t\t\t\t<\/div>\n\t\t\t\t\t<\/div>\n\t\t<\/div>\n\t\t\t\t\t<\/div>\n\t\t<\/section>\n\t\t\t\t<section class=\"elementor-section elementor-top-section elementor-element elementor-element-52e0dcd elementor-section-boxed elementor-section-height-default elementor-section-height-default\" data-id=\"52e0dcd\" data-element_type=\"section\" data-e-type=\"section\">\n\t\t\t\t\t\t<div class=\"elementor-container elementor-column-gap-default\">\n\t\t\t\t\t<div class=\"elementor-column elementor-col-100 elementor-top-column elementor-element elementor-element-46cf7bd\" data-id=\"46cf7bd\" data-element_type=\"column\" data-e-type=\"column\">\n\t\t\t<div class=\"elementor-widget-wrap elementor-element-populated\">\n\t\t\t\t\t\t<div class=\"elementor-element elementor-element-3ff951a elementor-widget elementor-widget-text-editor\" data-id=\"3ff951a\" data-element_type=\"widget\" data-e-type=\"widget\" data-widget_type=\"text-editor.default\">\n\t\t\t\t<div class=\"elementor-widget-container\">\n\t\t\t\t\t\t\t\t\t<p style=\"text-align: justify\" data-start=\"2454\" data-end=\"2794\">Su \u00e9xito tambi\u00e9n se refleja en plataformas digitales con el tema <span style=\"color: #808080\"><strong data-start=\"2519\" data-end=\"2538\">\u201c<a style=\"color: #808080\" href=\"https:\/\/open.spotify.com\/intl-es\/track\/6hpuesKPNa3WhV48O7Fa47?si=199e40c994b74058\">SUPERESTRELLA<\/a>\u201d<\/strong>,<\/span> que ya supera <strong data-start=\"2554\" data-end=\"2600\">21,5 millones de reproducciones en Spotify<\/strong> y contin\u00faa entre los <strong data-start=\"2622\" data-end=\"2662\">100 singles m\u00e1s escuchados en Espa\u00f1a<\/strong>. En TikTok, la canci\u00f3n se ha viralizado de forma org\u00e1nica, convirti\u00e9ndose en un aut\u00e9ntico himno dentro y fuera del universo Aitana.<\/p>\t\t\t\t\t\t\t\t<\/div>\n\t\t\t\t<\/div>\n\t\t\t\t\t<\/div>\n\t\t<\/div>\n\t\t\t\t\t<\/div>\n\t\t<\/section>\n\t\t\t\t<section class=\"elementor-section elementor-top-section elementor-element elementor-element-a78f080 elementor-section-boxed elementor-section-height-default elementor-section-height-default\" data-id=\"a78f080\" data-element_type=\"section\" data-e-type=\"section\">\n\t\t\t\t\t\t<div class=\"elementor-container elementor-column-gap-default\">\n\t\t\t\t\t<div class=\"elementor-column elementor-col-100 elementor-top-column elementor-element elementor-element-e2af7c2\" data-id=\"e2af7c2\" data-element_type=\"column\" data-e-type=\"column\">\n\t\t\t<div class=\"elementor-widget-wrap elementor-element-populated\">\n\t\t\t\t\t\t<div class=\"elementor-element elementor-element-0a970a9 elementor-align-center elementor-widget elementor-widget-button\" data-id=\"0a970a9\" data-element_type=\"widget\" data-e-type=\"widget\" data-widget_type=\"button.default\">\n\t\t\t\t<div class=\"elementor-widget-container\">\n\t\t\t\t\t\t\t\t\t<div class=\"elementor-button-wrapper\">\n\t\t\t\t\t<a class=\"elementor-button elementor-button-link elementor-size-sm\" href=\"https:\/\/open.spotify.com\/intl-es\/track\/6hpuesKPNa3WhV48O7Fa47?si=414e0e48ecd14aa5\">\n\t\t\t\t\t\t<span class=\"elementor-button-content-wrapper\">\n\t\t\t\t\t\t\t\t\t<span class=\"elementor-button-text\">ESCUCHA \"SUPERESTRELLA\" AQU\u00cd<\/span>\n\t\t\t\t\t<\/span>\n\t\t\t\t\t<\/a>\n\t\t\t\t<\/div>\n\t\t\t\t\t\t\t\t<\/div>\n\t\t\t\t<\/div>\n\t\t\t\t\t<\/div>\n\t\t<\/div>\n\t\t\t\t\t<\/div>\n\t\t<\/section>\n\t\t\t\t<section class=\"elementor-section elementor-top-section elementor-element elementor-element-6c5d5d6 elementor-section-boxed elementor-section-height-default elementor-section-height-default\" data-id=\"6c5d5d6\" data-element_type=\"section\" data-e-type=\"section\">\n\t\t\t\t\t\t<div class=\"elementor-container elementor-column-gap-default\">\n\t\t\t\t\t<div class=\"elementor-column elementor-col-100 elementor-top-column elementor-element elementor-element-b9257cd\" data-id=\"b9257cd\" data-element_type=\"column\" data-e-type=\"column\">\n\t\t\t<div class=\"elementor-widget-wrap elementor-element-populated\">\n\t\t\t\t\t\t<div class=\"elementor-element elementor-element-8a79cd2 elementor-widget elementor-widget-text-editor\" data-id=\"8a79cd2\" data-element_type=\"widget\" data-e-type=\"widget\" data-widget_type=\"text-editor.default\">\n\t\t\t\t<div class=\"elementor-widget-container\">\n\t\t\t\t\t\t\t\t\t<p style=\"text-align: justify\">Aitana culmina as\u00ed un a\u00f1o de r\u00e9cords, reafirmando su posici\u00f3n como una de las artistas m\u00e1s influyentes y queridas del panorama musical actual.<\/p><p style=\"text-align: justify\"><span style=\"text-align: start\">\u00a0<\/span><\/p><p style=\"text-align: justify\"><span style=\"text-align: start\">Sigue descubriendo m\u00e1s sobre la actualidad musical en\u00a0<\/span><em style=\"text-align: start\"><a href=\"https:\/\/unaymilletras.com\/en\/\">Una y mil letras<\/a>.<\/em><\/p>\t\t\t\t\t\t\t\t<\/div>\n\t\t\t\t<\/div>\n\t\t\t\t\t<\/div>\n\t\t<\/div>\n\t\t\t\t\t<\/div>\n\t\t<\/section>\n\t\t\t\t<\/div>","protected":false},"excerpt":{"rendered":"<p>Aitana ampl\u00eda su gira mundial tras agotar todas las entradas de \u00abCuarto Azul World Tour\u00bb en tiempo r\u00e9cord. Aitana contin\u00faa su ascenso imparable hacia la cima del pop internacional. Su pr\u00f3xima gira, \u201cCuarto Azul World Tour\u201d, ha logrado un \u00e9xito sin precedentes: 11 conciertos con entradas agotadas en solo 72 horas, consolid\u00e1ndola como uno de [&hellip;]<\/p>\n","protected":false},"author":13,"featured_media":6109,"comment_status":"closed","ping_status":"closed","sticky":false,"template":"","format":"standard","meta":{"footnotes":""},"categories":[4],"tags":[242,171,243,169,172],"class_list":["post-6104","post","type-post","status-publish","format-standard","has-post-thumbnail","hentry","category-musica","tag-aitana","tag-gira","tag-mundial","tag-musica","tag-tour"],"yoast_head":"<!-- This site is optimized with the Yoast SEO plugin v27.4 - https:\/\/yoast.com\/product\/yoast-seo-wordpress\/ -->\n<title>Aitana arrasa con su Cuarto Azul World Tour<\/title>\n<meta name=\"description\" content=\"Aitana triunfa con su Cuarto Azul World Tour: 11 sold outs en 72 horas y nuevas fechas en Espa\u00f1a para su gira m\u00e1s esperada.\" \/>\n<meta name=\"robots\" content=\"index, follow, max-snippet:-1, max-image-preview:large, max-video-preview:-1\" \/>\n<link rel=\"canonical\" href=\"https:\/\/unaymilletras.com\/en\/aitana-arrasa-con-cuarto-azul-world-tour\/\" \/>\n<meta property=\"og:locale\" content=\"en_GB\" \/>\n<meta property=\"og:type\" content=\"article\" \/>\n<meta property=\"og:title\" content=\"Aitana arrasa con su Cuarto Azul World Tour\" \/>\n<meta property=\"og:description\" content=\"Aitana triunfa con su Cuarto Azul World Tour: 11 sold outs en 72 horas y nuevas fechas en Espa\u00f1a para su gira m\u00e1s esperada.\" \/>\n<meta property=\"og:url\" content=\"https:\/\/unaymilletras.com\/en\/aitana-arrasa-con-cuarto-azul-world-tour\/\" \/>\n<meta property=\"og:site_name\" content=\"Una y Mil Letras\" \/>\n<meta property=\"article:published_time\" content=\"2025-10-24T16:49:05+00:00\" \/>\n<meta property=\"article:modified_time\" content=\"2025-10-25T11:19:06+00:00\" \/>\n<meta property=\"og:image\" content=\"http:\/\/unaymilletras.com\/wp-content\/uploads\/2025\/10\/aitana.jpg\" \/>\n\t<meta property=\"og:image:width\" content=\"660\" \/>\n\t<meta property=\"og:image:height\" content=\"660\" \/>\n\t<meta property=\"og:image:type\" content=\"image\/jpeg\" \/>\n<meta name=\"author\" content=\"Alba Benito\" \/>\n<meta name=\"twitter:card\" content=\"summary_large_image\" \/>\n<meta name=\"twitter:creator\" content=\"@UnaYMilLetras\" \/>\n<meta name=\"twitter:site\" content=\"@UnaYMilLetras\" \/>\n<meta name=\"twitter:label1\" content=\"Written by\" \/>\n\t<meta name=\"twitter:data1\" content=\"Alba Benito\" \/>\n\t<meta name=\"twitter:label2\" content=\"Estimated reading time\" \/>\n\t<meta name=\"twitter:data2\" content=\"2 minutes\" \/>\n<script type=\"application\/ld+json\" class=\"yoast-schema-graph\">{\"@context\":\"https:\\\/\\\/schema.org\",\"@graph\":[{\"@type\":\"Article\",\"@id\":\"https:\\\/\\\/unaymilletras.com\\\/aitana-arrasa-con-cuarto-azul-world-tour\\\/#article\",\"isPartOf\":{\"@id\":\"https:\\\/\\\/unaymilletras.com\\\/aitana-arrasa-con-cuarto-azul-world-tour\\\/\"},\"author\":{\"name\":\"Alba Benito\",\"@id\":\"http:\\\/\\\/unaymilletras.com\\\/#\\\/schema\\\/person\\\/a10550e4bff9a23f941f52b2cd5d8686\"},\"headline\":\"Aitana arrasa con \u201cCuarto Azul World Tour\u201d\",\"datePublished\":\"2025-10-24T16:49:05+00:00\",\"dateModified\":\"2025-10-25T11:19:06+00:00\",\"mainEntityOfPage\":{\"@id\":\"https:\\\/\\\/unaymilletras.com\\\/aitana-arrasa-con-cuarto-azul-world-tour\\\/\"},\"wordCount\":373,\"publisher\":{\"@id\":\"http:\\\/\\\/unaymilletras.com\\\/#organization\"},\"image\":{\"@id\":\"https:\\\/\\\/unaymilletras.com\\\/aitana-arrasa-con-cuarto-azul-world-tour\\\/#primaryimage\"},\"thumbnailUrl\":\"https:\\\/\\\/unaymilletras.com\\\/wp-content\\\/uploads\\\/2025\\\/10\\\/aitana.jpg\",\"keywords\":[\"aitana\",\"Gira\",\"mundial\",\"musica\",\"Tour\"],\"articleSection\":[\"M\u00fasica\"],\"inLanguage\":\"en-GB\"},{\"@type\":\"WebPage\",\"@id\":\"https:\\\/\\\/unaymilletras.com\\\/aitana-arrasa-con-cuarto-azul-world-tour\\\/\",\"url\":\"https:\\\/\\\/unaymilletras.com\\\/aitana-arrasa-con-cuarto-azul-world-tour\\\/\",\"name\":\"Aitana arrasa con su Cuarto Azul World Tour\",\"isPartOf\":{\"@id\":\"http:\\\/\\\/unaymilletras.com\\\/#website\"},\"primaryImageOfPage\":{\"@id\":\"https:\\\/\\\/unaymilletras.com\\\/aitana-arrasa-con-cuarto-azul-world-tour\\\/#primaryimage\"},\"image\":{\"@id\":\"https:\\\/\\\/unaymilletras.com\\\/aitana-arrasa-con-cuarto-azul-world-tour\\\/#primaryimage\"},\"thumbnailUrl\":\"https:\\\/\\\/unaymilletras.com\\\/wp-content\\\/uploads\\\/2025\\\/10\\\/aitana.jpg\",\"datePublished\":\"2025-10-24T16:49:05+00:00\",\"dateModified\":\"2025-10-25T11:19:06+00:00\",\"description\":\"Aitana triunfa con su Cuarto Azul World Tour: 11 sold outs en 72 horas y nuevas fechas en Espa\u00f1a para su gira m\u00e1s esperada.\",\"breadcrumb\":{\"@id\":\"https:\\\/\\\/unaymilletras.com\\\/aitana-arrasa-con-cuarto-azul-world-tour\\\/#breadcrumb\"},\"inLanguage\":\"en-GB\",\"potentialAction\":[{\"@type\":\"ReadAction\",\"target\":[\"https:\\\/\\\/unaymilletras.com\\\/aitana-arrasa-con-cuarto-azul-world-tour\\\/\"]}]},{\"@type\":\"ImageObject\",\"inLanguage\":\"en-GB\",\"@id\":\"https:\\\/\\\/unaymilletras.com\\\/aitana-arrasa-con-cuarto-azul-world-tour\\\/#primaryimage\",\"url\":\"https:\\\/\\\/unaymilletras.com\\\/wp-content\\\/uploads\\\/2025\\\/10\\\/aitana.jpg\",\"contentUrl\":\"https:\\\/\\\/unaymilletras.com\\\/wp-content\\\/uploads\\\/2025\\\/10\\\/aitana.jpg\",\"width\":660,\"height\":660,\"caption\":\"fechas gira mundial aitana\"},{\"@type\":\"BreadcrumbList\",\"@id\":\"https:\\\/\\\/unaymilletras.com\\\/aitana-arrasa-con-cuarto-azul-world-tour\\\/#breadcrumb\",\"itemListElement\":[{\"@type\":\"ListItem\",\"position\":1,\"name\":\"Home\",\"item\":\"http:\\\/\\\/unaymilletras.com\\\/\"},{\"@type\":\"ListItem\",\"position\":2,\"name\":\"Aitana arrasa con \u201cCuarto Azul World Tour\u201d\"}]},{\"@type\":\"WebSite\",\"@id\":\"http:\\\/\\\/unaymilletras.com\\\/#website\",\"url\":\"http:\\\/\\\/unaymilletras.com\\\/\",\"name\":\"Una y Mil Letras\",\"description\":\"\",\"publisher\":{\"@id\":\"http:\\\/\\\/unaymilletras.com\\\/#organization\"},\"potentialAction\":[{\"@type\":\"SearchAction\",\"target\":{\"@type\":\"EntryPoint\",\"urlTemplate\":\"http:\\\/\\\/unaymilletras.com\\\/?s={search_term_string}\"},\"query-input\":{\"@type\":\"PropertyValueSpecification\",\"valueRequired\":true,\"valueName\":\"search_term_string\"}}],\"inLanguage\":\"en-GB\"},{\"@type\":\"Organization\",\"@id\":\"http:\\\/\\\/unaymilletras.com\\\/#organization\",\"name\":\"Una y Mil Letras\",\"url\":\"http:\\\/\\\/unaymilletras.com\\\/\",\"logo\":{\"@type\":\"ImageObject\",\"inLanguage\":\"en-GB\",\"@id\":\"http:\\\/\\\/unaymilletras.com\\\/#\\\/schema\\\/logo\\\/image\\\/\",\"url\":\"https:\\\/\\\/unaymilletras.com\\\/wp-content\\\/uploads\\\/2024\\\/06\\\/cropped-Logo-removebg-preview.png\",\"contentUrl\":\"https:\\\/\\\/unaymilletras.com\\\/wp-content\\\/uploads\\\/2024\\\/06\\\/cropped-Logo-removebg-preview.png\",\"width\":512,\"height\":512,\"caption\":\"Una y Mil Letras\"},\"image\":{\"@id\":\"http:\\\/\\\/unaymilletras.com\\\/#\\\/schema\\\/logo\\\/image\\\/\"},\"sameAs\":[\"https:\\\/\\\/x.com\\\/UnaYMilLetras\",\"https:\\\/\\\/instagram.com\\\/UnaYMilLetras\"]},{\"@type\":\"Person\",\"@id\":\"http:\\\/\\\/unaymilletras.com\\\/#\\\/schema\\\/person\\\/a10550e4bff9a23f941f52b2cd5d8686\",\"name\":\"Alba Benito\",\"image\":{\"@type\":\"ImageObject\",\"inLanguage\":\"en-GB\",\"@id\":\"https:\\\/\\\/secure.gravatar.com\\\/avatar\\\/f227a2222ee313f4b5dea91891742064ec98aa8f11b91568879eaecf941f84de?s=96&d=mm&r=g\",\"url\":\"https:\\\/\\\/secure.gravatar.com\\\/avatar\\\/f227a2222ee313f4b5dea91891742064ec98aa8f11b91568879eaecf941f84de?s=96&d=mm&r=g\",\"contentUrl\":\"https:\\\/\\\/secure.gravatar.com\\\/avatar\\\/f227a2222ee313f4b5dea91891742064ec98aa8f11b91568879eaecf941f84de?s=96&d=mm&r=g\",\"caption\":\"Alba Benito\"},\"url\":\"https:\\\/\\\/unaymilletras.com\\\/en\\\/author\\\/aalbaas_\\\/\"}]}<\/script>\n<!-- \/ Yoast SEO plugin. -->","yoast_head_json":{"title":"Aitana arrasa con su Cuarto Azul World Tour","description":"Aitana triunfa con su Cuarto Azul World Tour: 11 sold outs en 72 horas y nuevas fechas en Espa\u00f1a para su gira m\u00e1s esperada.","robots":{"index":"index","follow":"follow","max-snippet":"max-snippet:-1","max-image-preview":"max-image-preview:large","max-video-preview":"max-video-preview:-1"},"canonical":"https:\/\/unaymilletras.com\/en\/aitana-arrasa-con-cuarto-azul-world-tour\/","og_locale":"en_GB","og_type":"article","og_title":"Aitana arrasa con su Cuarto Azul World Tour","og_description":"Aitana triunfa con su Cuarto Azul World Tour: 11 sold outs en 72 horas y nuevas fechas en Espa\u00f1a para su gira m\u00e1s esperada.","og_url":"https:\/\/unaymilletras.com\/en\/aitana-arrasa-con-cuarto-azul-world-tour\/","og_site_name":"Una y Mil Letras","article_published_time":"2025-10-24T16:49:05+00:00","article_modified_time":"2025-10-25T11:19:06+00:00","og_image":[{"width":660,"height":660,"url":"http:\/\/unaymilletras.com\/wp-content\/uploads\/2025\/10\/aitana.jpg","type":"image\/jpeg"}],"author":"Alba Benito","twitter_card":"summary_large_image","twitter_creator":"@UnaYMilLetras","twitter_site":"@UnaYMilLetras","twitter_misc":{"Written by":"Alba Benito","Estimated reading time":"2 minutes"},"schema":{"@context":"https:\/\/schema.org","@graph":[{"@type":"Article","@id":"https:\/\/unaymilletras.com\/aitana-arrasa-con-cuarto-azul-world-tour\/#article","isPartOf":{"@id":"https:\/\/unaymilletras.com\/aitana-arrasa-con-cuarto-azul-world-tour\/"},"author":{"name":"Alba Benito","@id":"http:\/\/unaymilletras.com\/#\/schema\/person\/a10550e4bff9a23f941f52b2cd5d8686"},"headline":"Aitana arrasa con \u201cCuarto Azul World Tour\u201d","datePublished":"2025-10-24T16:49:05+00:00","dateModified":"2025-10-25T11:19:06+00:00","mainEntityOfPage":{"@id":"https:\/\/unaymilletras.com\/aitana-arrasa-con-cuarto-azul-world-tour\/"},"wordCount":373,"publisher":{"@id":"http:\/\/unaymilletras.com\/#organization"},"image":{"@id":"https:\/\/unaymilletras.com\/aitana-arrasa-con-cuarto-azul-world-tour\/#primaryimage"},"thumbnailUrl":"https:\/\/unaymilletras.com\/wp-content\/uploads\/2025\/10\/aitana.jpg","keywords":["aitana","Gira","mundial","musica","Tour"],"articleSection":["M\u00fasica"],"inLanguage":"en-GB"},{"@type":"WebPage","@id":"https:\/\/unaymilletras.com\/aitana-arrasa-con-cuarto-azul-world-tour\/","url":"https:\/\/unaymilletras.com\/aitana-arrasa-con-cuarto-azul-world-tour\/","name":"Aitana arrasa con su Cuarto Azul World Tour","isPartOf":{"@id":"http:\/\/unaymilletras.com\/#website"},"primaryImageOfPage":{"@id":"https:\/\/unaymilletras.com\/aitana-arrasa-con-cuarto-azul-world-tour\/#primaryimage"},"image":{"@id":"https:\/\/unaymilletras.com\/aitana-arrasa-con-cuarto-azul-world-tour\/#primaryimage"},"thumbnailUrl":"https:\/\/unaymilletras.com\/wp-content\/uploads\/2025\/10\/aitana.jpg","datePublished":"2025-10-24T16:49:05+00:00","dateModified":"2025-10-25T11:19:06+00:00","description":"Aitana triunfa con su Cuarto Azul World Tour: 11 sold outs en 72 horas y nuevas fechas en Espa\u00f1a para su gira m\u00e1s esperada.","breadcrumb":{"@id":"https:\/\/unaymilletras.com\/aitana-arrasa-con-cuarto-azul-world-tour\/#breadcrumb"},"inLanguage":"en-GB","potentialAction":[{"@type":"ReadAction","target":["https:\/\/unaymilletras.com\/aitana-arrasa-con-cuarto-azul-world-tour\/"]}]},{"@type":"ImageObject","inLanguage":"en-GB","@id":"https:\/\/unaymilletras.com\/aitana-arrasa-con-cuarto-azul-world-tour\/#primaryimage","url":"https:\/\/unaymilletras.com\/wp-content\/uploads\/2025\/10\/aitana.jpg","contentUrl":"https:\/\/unaymilletras.com\/wp-content\/uploads\/2025\/10\/aitana.jpg","width":660,"height":660,"caption":"fechas gira mundial aitana"},{"@type":"BreadcrumbList","@id":"https:\/\/unaymilletras.com\/aitana-arrasa-con-cuarto-azul-world-tour\/#breadcrumb","itemListElement":[{"@type":"ListItem","position":1,"name":"Home","item":"http:\/\/unaymilletras.com\/"},{"@type":"ListItem","position":2,"name":"Aitana arrasa con \u201cCuarto Azul World Tour\u201d"}]},{"@type":"WebSite","@id":"http:\/\/unaymilletras.com\/#website","url":"http:\/\/unaymilletras.com\/","name":"Una y Mil Letras","description":"","publisher":{"@id":"http:\/\/unaymilletras.com\/#organization"},"potentialAction":[{"@type":"SearchAction","target":{"@type":"EntryPoint","urlTemplate":"http:\/\/unaymilletras.com\/?s={search_term_string}"},"query-input":{"@type":"PropertyValueSpecification","valueRequired":true,"valueName":"search_term_string"}}],"inLanguage":"en-GB"},{"@type":"Organization","@id":"http:\/\/unaymilletras.com\/#organization","name":"Una y Mil Letras","url":"http:\/\/unaymilletras.com\/","logo":{"@type":"ImageObject","inLanguage":"en-GB","@id":"http:\/\/unaymilletras.com\/#\/schema\/logo\/image\/","url":"https:\/\/unaymilletras.com\/wp-content\/uploads\/2024\/06\/cropped-Logo-removebg-preview.png","contentUrl":"https:\/\/unaymilletras.com\/wp-content\/uploads\/2024\/06\/cropped-Logo-removebg-preview.png","width":512,"height":512,"caption":"Una y Mil Letras"},"image":{"@id":"http:\/\/unaymilletras.com\/#\/schema\/logo\/image\/"},"sameAs":["https:\/\/x.com\/UnaYMilLetras","https:\/\/instagram.com\/UnaYMilLetras"]},{"@type":"Person","@id":"http:\/\/unaymilletras.com\/#\/schema\/person\/a10550e4bff9a23f941f52b2cd5d8686","name":"Alba Benito","image":{"@type":"ImageObject","inLanguage":"en-GB","@id":"https:\/\/secure.gravatar.com\/avatar\/f227a2222ee313f4b5dea91891742064ec98aa8f11b91568879eaecf941f84de?s=96&d=mm&r=g","url":"https:\/\/secure.gravatar.com\/avatar\/f227a2222ee313f4b5dea91891742064ec98aa8f11b91568879eaecf941f84de?s=96&d=mm&r=g","contentUrl":"https:\/\/secure.gravatar.com\/avatar\/f227a2222ee313f4b5dea91891742064ec98aa8f11b91568879eaecf941f84de?s=96&d=mm&r=g","caption":"Alba Benito"},"url":"https:\/\/unaymilletras.com\/en\/author\/aalbaas_\/"}]}},"_links":{"self":[{"href":"https:\/\/unaymilletras.com\/en\/wp-json\/wp\/v2\/posts\/6104","targetHints":{"allow":["GET"]}}],"collection":[{"href":"https:\/\/unaymilletras.com\/en\/wp-json\/wp\/v2\/posts"}],"about":[{"href":"https:\/\/unaymilletras.com\/en\/wp-json\/wp\/v2\/types\/post"}],"author":[{"embeddable":true,"href":"https:\/\/unaymilletras.com\/en\/wp-json\/wp\/v2\/users\/13"}],"replies":[{"embeddable":true,"href":"https:\/\/unaymilletras.com\/en\/wp-json\/wp\/v2\/comments?post=6104"}],"version-history":[{"count":10,"href":"https:\/\/unaymilletras.com\/en\/wp-json\/wp\/v2\/posts\/6104\/revisions"}],"predecessor-version":[{"id":6115,"href":"https:\/\/unaymilletras.com\/en\/wp-json\/wp\/v2\/posts\/6104\/revisions\/6115"}],"wp:featuredmedia":[{"embeddable":true,"href":"https:\/\/unaymilletras.com\/en\/wp-json\/wp\/v2\/media\/6109"}],"wp:attachment":[{"href":"https:\/\/unaymilletras.com\/en\/wp-json\/wp\/v2\/media?parent=6104"}],"wp:term":[{"taxonomy":"category","embeddable":true,"href":"https:\/\/unaymilletras.com\/en\/wp-json\/wp\/v2\/categories?post=6104"},{"taxonomy":"post_tag","embeddable":true,"href":"https:\/\/unaymilletras.com\/en\/wp-json\/wp\/v2\/tags?post=6104"}],"curies":[{"name":"wp","href":"https:\/\/api.w.org\/{rel}","templated":true}]}}